{"id":8216,"date":"2020-02-11T14:21:37","date_gmt":"2020-02-11T20:21:37","guid":{"rendered":"https:\/\/about.fb.com\/ltam\/?p=8216"},"modified":"2020-03-11T10:17:43","modified_gmt":"2020-03-11T16:17:43","slug":"nuestro-compromiso-para-mantener-a-las-personas-mas-seguras","status":"publish","type":"post","link":"https:\/\/about.fb.com\/ltam\/news\/2020\/02\/nuestro-compromiso-para-mantener-a-las-personas-mas-seguras\/","title":{"rendered":"Nuestro compromiso para mantener a las personas m\u00e1s seguras"},"content":{"rendered":"<p>Por Antigone Davis, L\u00edder Global de Seguridad<\/p>\n<p><span style=\"font-weight: 400\">Hoy, en el D\u00eda Internacional de la Internet Segura (Safer Internet Day), queremos recordarte algunas de las herramientas y funciones que tenemos para ayudar a mantener protegidas a las personas en nuestra familia de aplicaciones y darles m\u00e1s control sobre su propia experiencia online.<\/span><\/p>\n<p><b>Manteniendo tu cuenta segura\u00a0<\/b><\/p>\n<p><span style=\"font-weight: 400\">Existen algunas opciones que te permiten mantener tus cuentas de <\/span><a href=\"https:\/\/www.facebook.com\/help\/213481848684090\"><span style=\"font-weight: 400\">Facebook <\/span><\/a><span style=\"font-weight: 400\">e Instagram m\u00e1s seguras, como establecer una contrase\u00f1a s\u00f3lida y habilitar la <\/span><a href=\"https:\/\/help.instagram.com\/566810106808145?helpref=faq_content\"><span style=\"font-weight: 400\">autenticaci\u00f3n de dos pasos<\/span><\/a><span style=\"font-weight: 400\">. En caso de escoger esta \u00faltima opci\u00f3n, recomendamos utilizar una <\/span><a href=\"https:\/\/help.instagram.com\/1582474155197965\"><span style=\"font-weight: 400\">app de autenticaci\u00f3n<\/span><\/a><span style=\"font-weight: 400\"> como herramienta principal de seguridad. Tambi\u00e9n puedes usar la <\/span><a href=\"https:\/\/www.facebook.com\/help\/799880743466869\/?ref=sc\"><span style=\"font-weight: 400\">Comprobaci\u00f3n R\u00e1pida de Seguridad<\/span><\/a> <span style=\"font-weight: 400\">de Facebook para revisar las apps y los navegadores en los que has iniciado sesi\u00f3n a trav\u00e9s de Facebook y recibir alertas cuando eso ocurre desde un dispositivo no reconocido.<\/span><\/p>\n<p><span style=\"font-weight: 400\">Y para mantener un nivel m\u00e1s alto de seguridad en Facebook, ahora solicitamos a los administradores de los Grupos y las P\u00e1ginas m\u00e1s populares que est\u00e9n activos, que habiliten la autenticaci\u00f3n de dos pasos para protegerlos contra posibles ataques.\u00a0 Los administradores de las P\u00e1ginas de Facebook nos informaron que no siempre pueden determinar el origen de de ciertos cambios que ocurren en sus P\u00e1ginas, o si fueron realizados por alguno de los administradores restantes o por sus socios comerciales. Esto es particularmente problem\u00e1tico en caso de ataques contra sus cuentas o de la aparici\u00f3n de administradores \u00abfalsos\u00bb. Por ese motivo, a principios de este a\u00f1o lanzamos la pesta\u00f1a <\/span><a href=\"https:\/\/www.facebook.com\/help\/435652350461228\"><span style=\"font-weight: 400\">Historial de administraci\u00f3n de la P\u00e1gina <\/span><\/a><span style=\"font-weight: 400\">que les permite ver todas las acciones tomadas.<\/span><\/p>\n<p><span style=\"font-weight: 400\">Sabemos que el <\/span><i><span style=\"font-weight: 400\">phishing <\/span><\/i><span style=\"font-weight: 400\">es un problema cada vez m\u00e1s frecuente. Y para que las personas puedan identificar m\u00e1s f\u00e1cilmente si un correo electr\u00f3nico es leg\u00edtimo, creamos la opci\u00f3n <\/span><a href=\"https:\/\/help.instagram.com\/760602221058803\"><span style=\"font-weight: 400\">correos electr\u00f3nicos de Instagram<\/span><\/a><span style=\"font-weight: 400\"> en la configuraci\u00f3n, para que las personas puedan ver todos los correos electr\u00f3nicos recientes enviados desde Instagram. Esta funci\u00f3n ayudar\u00e1 a distinguir los correos electr\u00f3nicos leg\u00edtimos enviados desde Instagram de los correos electr\u00f3nicos de <\/span><i><span style=\"font-weight: 400\">phishing <\/span><\/i><span style=\"font-weight: 400\">que pueden parecer provenientes de una cuenta oficial de Instagram. Las personas tambi\u00e9n pueden confirmar si un correo electr\u00f3nico es de Facebook, verificando si lleg\u00f3 desde facebookmail.com o tambi\u00e9n al revisar en la Configuraci\u00f3n de <\/span><a href=\"https:\/\/www.facebook.com\/settings?tab=security%C2%A7ion=recent_emails&amp;view\"><span style=\"font-weight: 400\">Seguridad e inicio de sesi\u00f3n<\/span><\/a><span style=\"font-weight: 400\"> los correos electr\u00f3nicos recientes que hemos enviado. Nunca pediremos tu contrase\u00f1a en un correo electr\u00f3nico o mensaje de Facebook.<\/span><\/p>\n<p><b>Protegiendo a las personas del bullying y el acoso<\/b><\/p>\n<p><span style=\"font-weight: 400\">El <\/span><i><span style=\"font-weight: 400\">bullying <\/span><\/i><span style=\"font-weight: 400\">y el acoso est\u00e1n prohibidos en Facebook e Instagram. Sabemos que no podemos prevenir o detectar todas las situaciones, y es por eso que ofrecemos herramientas para ayudar a las personas a controlar su experiencia en nuestros servicios. Por ejemplo, puedes elegir ignorar todos los mensajes de un acosador o bloquearlos por completo, sin que esa persona reciba una notificaci\u00f3n, y tambi\u00e9n puedes moderar los comentarios en tus publicaciones.<\/span><\/p>\n<p><span style=\"font-weight: 400\">Trabajamos activamente para crear nuevas herramientas con el objetivo detener el acoso de forma preventiva. Por ejemplo, si alguien escribe un comentario o un texto para publicar en Instagram que nuestra Inteligencia Artificial detecta como potencialmente ofensivo, recibir\u00e1 una advertencia indicando que ese texto es similar a un contenido previamente denunciado por <\/span><i><span style=\"font-weight: 400\">bullying<\/span><\/i><span style=\"font-weight: 400\">. Las personas tendr\u00e1n la oportunidad de editar el contenido antes de publicarlo. Descubrimos que este tipo de intervenciones ayudan a las personas a reconsiderar una publicaci\u00f3n potencialmente ofensiva o da\u00f1ina.<\/span><\/p>\n<p><b><img data-recalc-dims=\"1\" loading=\"lazy\" decoding=\"async\" class=\"aligncenter size-large wp-image-8217\" src=\"https:\/\/about.fb.com\/ltam\/wp-content\/uploads\/sites\/8\/2020\/02\/Restrict-Account-IG.png?w=960&#038;resize=960%2C600\" alt=\"\" width=\"960\" height=\"600\" \/><\/b><\/p>\n<p><span style=\"font-weight: 400\">Sabemos que para los j\u00f3venes es dif\u00edcil reportar o bloquear a compa\u00f1eros que los intimidan. Para ayudarlos a lidiar con estos casos, el a\u00f1o pasado creamos una nueva funci\u00f3n en Instagram llamada <\/span><a href=\"https:\/\/instagram-press.com\/blog\/2019\/10\/02\/empowering-our-community-to-stand-up-to-bullying\/\"><span style=\"font-weight: 400\">Restringir<\/span><\/a><span style=\"font-weight: 400\">, que una vez activada, limita la recepci\u00f3n de notificaciones desde la cuenta en cuesti\u00f3n. Los comentarios de una cuenta restringida s\u00f3lo ser\u00e1n visibles para ti y para la persona que los envi\u00f3. Y estos se mover\u00e1n autom\u00e1ticamente a Solicitud de mensaje. La cuenta restringida no podr\u00e1 ver cu\u00e1ndo sucede la lectura de sus mensajes directos o cuando est\u00e1s activo en Instagram.<\/span><\/p>\n<p><span style=\"font-weight: 400\">Si has sufrido <\/span><i><span style=\"font-weight: 400\">bullying<\/span><\/i><span style=\"font-weight: 400\"> online, o le ha pasado a alguien que conoces, visita nuestro <\/span><a href=\"https:\/\/www.facebook.com\/safety\/bullying\"><span style=\"font-weight: 400\">Centro de prevenci\u00f3n del bullying<\/span><\/a><span style=\"font-weight: 400\"> para obtener recursos, herramientas y estrategias \u00fatiles para abordar de manera efectiva el comportamiento de acoso y sus consecuencias.<\/span><\/p>\n<p><b>M\u00e1s control para tus interacciones<\/b><\/p>\n<p><span style=\"font-weight: 400\">Creemos que las personas deben poder controlar con qui\u00e9n interact\u00faan en las plataformas online. El <\/span><a href=\"https:\/\/www.facebook.com\/help\/messenger-app\/2258699540867663\"><span style=\"font-weight: 400\">Centro de Ayuda<\/span><\/a><span style=\"font-weight: 400\"> de Facebook explica c\u00f3mo puedes controlar el acceso a tu bandeja de entrada o a tu carpeta de solicitudes de mensajes en Messenger. Tambi\u00e9n puedes usar herramientas como <\/span><a href=\"https:\/\/www.messenger.com\/privacy\"><span style=\"font-weight: 400\">bloquear y reportar<\/span><\/a><span style=\"font-weight: 400\"> para frenar las interacciones no deseadas o reportar un problema en Messenger.\u00a0 Los padres pueden saber con qui\u00e9n est\u00e1n conectados sus hijos en Messenger Kids y eliminar personas de la lista de contactos de sus hijos en cualquier momento, si as\u00ed lo desean. Hemos actualizado la forma en que los <\/span><a href=\"https:\/\/about.fb.com\/news\/2020\/02\/messenger-kids-controls\/\"><span style=\"font-weight: 400\">ni\u00f1os bloquean los contactos<\/span><\/a><span style=\"font-weight: 400\">. Y en Instagram, hemos lanzado nuevas <\/span><a href=\"https:\/\/instagram-press.com\/blog\/2019\/12\/04\/making-instagram-safer-for-the-youngest-members-of-our-community\/\"><span style=\"font-weight: 400\">medidas<\/span><\/a><span style=\"font-weight: 400\"> para ayudar a controlar qui\u00e9nes pueden enviarte mensajes directos. Esta funcionalidad, te permite elegir que solo aquellas personas a las que sigues puedan enviarte mensajes y agregarte a las conversaciones en grupos.<\/span><span style=\"font-weight: 400\">Para m\u00e1s informaci\u00f3n sobre herramientas de seguridad, visita: <\/span><a href=\"https:\/\/www.facebook.com\/safety\"><span style=\"font-weight: 400\">facebook.com\/safety<\/span><\/a><span style=\"font-weight: 400\">, <\/span><a href=\"https:\/\/wellbeing.instagram.com\/\"><span style=\"font-weight: 400\">wellbeing.instagram.com<\/span><\/a><span style=\"font-weight: 400\"> y <\/span><a href=\"http:\/\/www.messenger.com\/privacy\"><span style=\"font-weight: 400\">messenger.com\/privacy<\/span><\/a><span style=\"font-weight: 400\">.<\/span><\/p>\n","protected":false},"excerpt":{"rendered":"Queremos recordarte algunas de las herramientas y funciones que tenemos para ayudar a mantener protegidas a las personas y darles m\u00e1s control sobre su propia experiencia online.","protected":false},"author":136784655,"featured_media":0,"comment_status":"closed","ping_status":"closed","sticky":false,"template":"","format":"standard","meta":{"_jetpack_memberships_contains_paid_content":false,"footnotes":""},"categories":[243947988],"tags":[243930626],"class_list":["post-8216","post","type-post","status-publish","format-standard","hentry","category-proteccion-y-bienestar","tag-seguridad"],"yoast_head":"<!-- This site is optimized with the Yoast SEO plugin v27.2 - https:\/\/yoast.com\/product\/yoast-seo-wordpress\/ -->\n<title>Nuestro compromiso para mantener a las personas m\u00e1s seguras | Acerca de Meta<\/title>\n<meta name=\"robots\" content=\"index, follow, max-snippet:-1, max-image-preview:large, max-video-preview:-1\" \/>\n<link rel=\"canonical\" href=\"https:\/\/about.fb.com\/ltam\/news\/2020\/02\/nuestro-compromiso-para-mantener-a-las-personas-mas-seguras\/\" \/>\n<meta property=\"og:locale\" content=\"es_ES\" \/>\n<meta property=\"og:type\" content=\"article\" \/>\n<meta property=\"og:title\" content=\"Nuestro compromiso para mantener a las personas m\u00e1s seguras | Acerca de Meta\" \/>\n<meta property=\"og:description\" content=\"Queremos recordarte algunas de las herramientas y funciones que tenemos para ayudar a mantener protegidas a las personas y darles m\u00e1s control sobre su propia experiencia online.\" \/>\n<meta property=\"og:url\" content=\"https:\/\/about.fb.com\/ltam\/news\/2020\/02\/nuestro-compromiso-para-mantener-a-las-personas-mas-seguras\/\" \/>\n<meta property=\"og:site_name\" content=\"Acerca de Meta\" \/>\n<meta property=\"article:published_time\" content=\"2020-02-11T20:21:37+00:00\" \/>\n<meta property=\"article:modified_time\" content=\"2020-03-11T16:17:43+00:00\" \/>\n<meta property=\"og:image\" content=\"https:\/\/about.fb.com\/ltam\/wp-content\/uploads\/sites\/8\/2020\/02\/Restrict-Account-IG.png?w=960\" \/>\n<meta name=\"author\" content=\"stevensondoughty\" \/>\n<meta name=\"twitter:card\" content=\"summary_large_image\" \/>\n<meta name=\"twitter:label1\" content=\"Written by\" \/>\n\t<meta name=\"twitter:data1\" content=\"Meta\" \/>\n\t<meta name=\"twitter:label2\" content=\"Est. reading time\" \/>\n\t<meta name=\"twitter:data2\" content=\"5 minutos\" \/>\n<script type=\"application\/ld+json\" class=\"yoast-schema-graph\">{\"@context\":\"https:\/\/schema.org\",\"@graph\":[{\"@type\":\"Article\",\"@id\":\"https:\/\/about.fb.com\/ltam\/news\/2020\/02\/nuestro-compromiso-para-mantener-a-las-personas-mas-seguras\/#article\",\"isPartOf\":{\"@id\":\"https:\/\/about.fb.com\/ltam\/news\/2020\/02\/nuestro-compromiso-para-mantener-a-las-personas-mas-seguras\/\"},\"author\":\"Facebook company\",\"headline\":\"Nuestro compromiso para mantener a las personas m\u00e1s seguras\",\"datePublished\":\"2020-02-11T20:21:37+00:00\",\"dateModified\":\"2020-03-11T16:17:43+00:00\",\"mainEntityOfPage\":{\"@id\":\"https:\/\/about.fb.com\/ltam\/news\/2020\/02\/nuestro-compromiso-para-mantener-a-las-personas-mas-seguras\/\"},\"wordCount\":938,\"publisher\":{\"@id\":\"https:\/\/about.fb.com\/ltam\/#organization\"},\"image\":{\"@id\":\"https:\/\/about.fb.com\/ltam\/news\/2020\/02\/nuestro-compromiso-para-mantener-a-las-personas-mas-seguras\/#primaryimage\"},\"thumbnailUrl\":\"https:\/\/about.fb.com\/ltam\/wp-content\/uploads\/sites\/8\/2020\/02\/Restrict-Account-IG.png?w=960\",\"keywords\":[\"Seguridad\"],\"articleSection\":[\"Protecci\u00f3n &amp; Bienestar\"],\"inLanguage\":\"es\"},{\"@type\":\"WebPage\",\"@id\":\"https:\/\/about.fb.com\/ltam\/news\/2020\/02\/nuestro-compromiso-para-mantener-a-las-personas-mas-seguras\/\",\"url\":\"https:\/\/about.fb.com\/ltam\/news\/2020\/02\/nuestro-compromiso-para-mantener-a-las-personas-mas-seguras\/\",\"name\":\"Nuestro compromiso para mantener a las personas m\u00e1s seguras | Acerca de Meta\",\"isPartOf\":{\"@id\":\"https:\/\/about.fb.com\/ltam\/#website\"},\"primaryImageOfPage\":{\"@id\":\"https:\/\/about.fb.com\/ltam\/news\/2020\/02\/nuestro-compromiso-para-mantener-a-las-personas-mas-seguras\/#primaryimage\"},\"image\":{\"@id\":\"https:\/\/about.fb.com\/ltam\/news\/2020\/02\/nuestro-compromiso-para-mantener-a-las-personas-mas-seguras\/#primaryimage\"},\"thumbnailUrl\":\"https:\/\/about.fb.com\/ltam\/wp-content\/uploads\/sites\/8\/2020\/02\/Restrict-Account-IG.png?w=960\",\"datePublished\":\"2020-02-11T20:21:37+00:00\",\"dateModified\":\"2020-03-11T16:17:43+00:00\",\"breadcrumb\":{\"@id\":\"https:\/\/about.fb.com\/ltam\/news\/2020\/02\/nuestro-compromiso-para-mantener-a-las-personas-mas-seguras\/#breadcrumb\"},\"inLanguage\":\"es\",\"potentialAction\":[{\"@type\":\"ReadAction\",\"target\":[\"https:\/\/about.fb.com\/ltam\/news\/2020\/02\/nuestro-compromiso-para-mantener-a-las-personas-mas-seguras\/\"]}],\"author\":\"Acerca de Meta\"},{\"@type\":\"ImageObject\",\"inLanguage\":\"es\",\"@id\":\"https:\/\/about.fb.com\/ltam\/news\/2020\/02\/nuestro-compromiso-para-mantener-a-las-personas-mas-seguras\/#primaryimage\",\"url\":\"https:\/\/about.fb.com\/ltam\/wp-content\/uploads\/sites\/8\/2020\/02\/Restrict-Account-IG.png?w=960\",\"contentUrl\":\"https:\/\/about.fb.com\/ltam\/wp-content\/uploads\/sites\/8\/2020\/02\/Restrict-Account-IG.png?w=960\"},{\"@type\":\"BreadcrumbList\",\"@id\":\"https:\/\/about.fb.com\/ltam\/news\/2020\/02\/nuestro-compromiso-para-mantener-a-las-personas-mas-seguras\/#breadcrumb\",\"itemListElement\":[{\"@type\":\"ListItem\",\"position\":1,\"name\":\"Home\",\"item\":\"https:\/\/about.fb.com\/ltam\/\"},{\"@type\":\"ListItem\",\"position\":2,\"name\":\"Nuestro compromiso para mantener a las personas m\u00e1s seguras\"}]},{\"@type\":\"WebSite\",\"@id\":\"https:\/\/about.fb.com\/ltam\/#website\",\"url\":\"https:\/\/about.fb.com\/news\/\",\"name\":\"Acerca de Meta\",\"description\":\"\",\"publisher\":{\"@id\":\"https:\/\/about.fb.com\/ltam\/#organization\"},\"potentialAction\":[{\"@type\":\"SearchAction\",\"target\":{\"@type\":\"EntryPoint\",\"urlTemplate\":\"https:\/\/about.fb.com\/ltam\/?s={search_term_string}\"},\"query-input\":{\"@type\":\"PropertyValueSpecification\",\"valueRequired\":true,\"valueName\":\"search_term_string\"}}],\"inLanguage\":\"es\",\"alternateName\":[\"Meta Newsroom\",\"Meta\"]},{\"@type\":\"Organization\",\"@id\":\"https:\/\/about.fb.com\/ltam\/#organization\",\"name\":\"Meta\",\"url\":\"https:\/\/about.fb.com\/ltam\/\",\"logo\":{\"@type\":\"ImageObject\",\"inLanguage\":\"es\",\"@id\":\"https:\/\/about.fb.com\/ltam\/#\/schema\/logo\/image\/\",\"url\":\"https:\/\/about.fb.com\/ltam\/wp-content\/uploads\/sites\/14\/2021\/10\/meta-social-16x9-1.jpg?fit=8000%2C4500\",\"contentUrl\":\"https:\/\/about.fb.com\/ltam\/wp-content\/uploads\/sites\/14\/2021\/10\/meta-social-16x9-1.jpg?fit=8000%2C4500\",\"width\":8000,\"height\":4500,\"caption\":\"Meta\"},\"image\":{\"@id\":\"https:\/\/about.fb.com\/ltam\/#\/schema\/logo\/image\/\"}}]}<\/script>\n<!-- \/ Yoast SEO plugin. -->","yoast_head_json":{"title":"Nuestro compromiso para mantener a las personas m\u00e1s seguras | Acerca de Meta","robots":{"index":"index","follow":"follow","max-snippet":"max-snippet:-1","max-image-preview":"max-image-preview:large","max-video-preview":"max-video-preview:-1"},"canonical":"https:\/\/about.fb.com\/ltam\/news\/2020\/02\/nuestro-compromiso-para-mantener-a-las-personas-mas-seguras\/","og_locale":"es_ES","og_type":"article","og_title":"Nuestro compromiso para mantener a las personas m\u00e1s seguras | Acerca de Meta","og_description":"Queremos recordarte algunas de las herramientas y funciones que tenemos para ayudar a mantener protegidas a las personas y darles m\u00e1s control sobre su propia experiencia online.","og_url":"https:\/\/about.fb.com\/ltam\/news\/2020\/02\/nuestro-compromiso-para-mantener-a-las-personas-mas-seguras\/","og_site_name":"Acerca de Meta","article_published_time":"2020-02-11T20:21:37+00:00","article_modified_time":"2020-03-11T16:17:43+00:00","og_image":[{"url":"https:\/\/about.fb.com\/ltam\/wp-content\/uploads\/sites\/8\/2020\/02\/Restrict-Account-IG.png?w=960","type":"","width":"","height":""}],"author":"stevensondoughty","twitter_card":"summary_large_image","twitter_misc":{"Written by":"Meta","Est. reading time":"5 minutos"},"schema":{"@context":"https:\/\/schema.org","@graph":[{"@type":"Article","@id":"https:\/\/about.fb.com\/ltam\/news\/2020\/02\/nuestro-compromiso-para-mantener-a-las-personas-mas-seguras\/#article","isPartOf":{"@id":"https:\/\/about.fb.com\/ltam\/news\/2020\/02\/nuestro-compromiso-para-mantener-a-las-personas-mas-seguras\/"},"author":"Facebook company","headline":"Nuestro compromiso para mantener a las personas m\u00e1s seguras","datePublished":"2020-02-11T20:21:37+00:00","dateModified":"2020-03-11T16:17:43+00:00","mainEntityOfPage":{"@id":"https:\/\/about.fb.com\/ltam\/news\/2020\/02\/nuestro-compromiso-para-mantener-a-las-personas-mas-seguras\/"},"wordCount":938,"publisher":{"@id":"https:\/\/about.fb.com\/ltam\/#organization"},"image":{"@id":"https:\/\/about.fb.com\/ltam\/news\/2020\/02\/nuestro-compromiso-para-mantener-a-las-personas-mas-seguras\/#primaryimage"},"thumbnailUrl":"https:\/\/about.fb.com\/ltam\/wp-content\/uploads\/sites\/8\/2020\/02\/Restrict-Account-IG.png?w=960","keywords":["Seguridad"],"articleSection":["Protecci\u00f3n &amp; Bienestar"],"inLanguage":"es"},{"@type":"WebPage","@id":"https:\/\/about.fb.com\/ltam\/news\/2020\/02\/nuestro-compromiso-para-mantener-a-las-personas-mas-seguras\/","url":"https:\/\/about.fb.com\/ltam\/news\/2020\/02\/nuestro-compromiso-para-mantener-a-las-personas-mas-seguras\/","name":"Nuestro compromiso para mantener a las personas m\u00e1s seguras | Acerca de Meta","isPartOf":{"@id":"https:\/\/about.fb.com\/ltam\/#website"},"primaryImageOfPage":{"@id":"https:\/\/about.fb.com\/ltam\/news\/2020\/02\/nuestro-compromiso-para-mantener-a-las-personas-mas-seguras\/#primaryimage"},"image":{"@id":"https:\/\/about.fb.com\/ltam\/news\/2020\/02\/nuestro-compromiso-para-mantener-a-las-personas-mas-seguras\/#primaryimage"},"thumbnailUrl":"https:\/\/about.fb.com\/ltam\/wp-content\/uploads\/sites\/8\/2020\/02\/Restrict-Account-IG.png?w=960","datePublished":"2020-02-11T20:21:37+00:00","dateModified":"2020-03-11T16:17:43+00:00","breadcrumb":{"@id":"https:\/\/about.fb.com\/ltam\/news\/2020\/02\/nuestro-compromiso-para-mantener-a-las-personas-mas-seguras\/#breadcrumb"},"inLanguage":"es","potentialAction":[{"@type":"ReadAction","target":["https:\/\/about.fb.com\/ltam\/news\/2020\/02\/nuestro-compromiso-para-mantener-a-las-personas-mas-seguras\/"]}],"author":"Acerca de Meta"},{"@type":"ImageObject","inLanguage":"es","@id":"https:\/\/about.fb.com\/ltam\/news\/2020\/02\/nuestro-compromiso-para-mantener-a-las-personas-mas-seguras\/#primaryimage","url":"https:\/\/about.fb.com\/ltam\/wp-content\/uploads\/sites\/8\/2020\/02\/Restrict-Account-IG.png?w=960","contentUrl":"https:\/\/about.fb.com\/ltam\/wp-content\/uploads\/sites\/8\/2020\/02\/Restrict-Account-IG.png?w=960"},{"@type":"BreadcrumbList","@id":"https:\/\/about.fb.com\/ltam\/news\/2020\/02\/nuestro-compromiso-para-mantener-a-las-personas-mas-seguras\/#breadcrumb","itemListElement":[{"@type":"ListItem","position":1,"name":"Home","item":"https:\/\/about.fb.com\/ltam\/"},{"@type":"ListItem","position":2,"name":"Nuestro compromiso para mantener a las personas m\u00e1s seguras"}]},{"@type":"WebSite","@id":"https:\/\/about.fb.com\/ltam\/#website","url":"https:\/\/about.fb.com\/news\/","name":"Acerca de Meta","description":"","publisher":{"@id":"https:\/\/about.fb.com\/ltam\/#organization"},"potentialAction":[{"@type":"SearchAction","target":{"@type":"EntryPoint","urlTemplate":"https:\/\/about.fb.com\/ltam\/?s={search_term_string}"},"query-input":{"@type":"PropertyValueSpecification","valueRequired":true,"valueName":"search_term_string"}}],"inLanguage":"es","alternateName":["Meta Newsroom","Meta"]},{"@type":"Organization","@id":"https:\/\/about.fb.com\/ltam\/#organization","name":"Meta","url":"https:\/\/about.fb.com\/ltam\/","logo":{"@type":"ImageObject","inLanguage":"es","@id":"https:\/\/about.fb.com\/ltam\/#\/schema\/logo\/image\/","url":"https:\/\/about.fb.com\/ltam\/wp-content\/uploads\/sites\/14\/2021\/10\/meta-social-16x9-1.jpg?fit=8000%2C4500","contentUrl":"https:\/\/about.fb.com\/ltam\/wp-content\/uploads\/sites\/14\/2021\/10\/meta-social-16x9-1.jpg?fit=8000%2C4500","width":8000,"height":4500,"caption":"Meta"},"image":{"@id":"https:\/\/about.fb.com\/ltam\/#\/schema\/logo\/image\/"}}]}},"jetpack_featured_media_url":"","jetpack-related-posts":[],"jetpack_sharing_enabled":true,"amp_enabled":true,"_links":{"self":[{"href":"https:\/\/about.fb.com\/ltam\/wp-json\/wp\/v2\/posts\/8216","targetHints":{"allow":["GET"]}}],"collection":[{"href":"https:\/\/about.fb.com\/ltam\/wp-json\/wp\/v2\/posts"}],"about":[{"href":"https:\/\/about.fb.com\/ltam\/wp-json\/wp\/v2\/types\/post"}],"author":[{"embeddable":true,"href":"https:\/\/about.fb.com\/ltam\/wp-json\/wp\/v2\/users\/136784655"}],"replies":[{"embeddable":true,"href":"https:\/\/about.fb.com\/ltam\/wp-json\/wp\/v2\/comments?post=8216"}],"version-history":[{"count":2,"href":"https:\/\/about.fb.com\/ltam\/wp-json\/wp\/v2\/posts\/8216\/revisions"}],"predecessor-version":[{"id":21205,"href":"https:\/\/about.fb.com\/ltam\/wp-json\/wp\/v2\/posts\/8216\/revisions\/21205"}],"wp:attachment":[{"href":"https:\/\/about.fb.com\/ltam\/wp-json\/wp\/v2\/media?parent=8216"}],"wp:term":[{"taxonomy":"category","embeddable":true,"href":"https:\/\/about.fb.com\/ltam\/wp-json\/wp\/v2\/categories?post=8216"},{"taxonomy":"post_tag","embeddable":true,"href":"https:\/\/about.fb.com\/ltam\/wp-json\/wp\/v2\/tags?post=8216"}],"curies":[{"name":"wp","href":"https:\/\/api.w.org\/{rel}","templated":true}]}}