{"id":6429,"date":"2018-05-24T12:58:10","date_gmt":"2018-05-24T17:58:10","guid":{"rendered":"http:\/\/ltam.newsroom.fb.com\/news\/2018\/05\/afp-se-une-al-programa-de-verificacion-de-facebook-en-america-latina\/"},"modified":"2018-08-02T10:18:49","modified_gmt":"2018-08-02T15:18:49","slug":"afp-se-une-al-programa-de-verificacion-de-facebook-en-america-latina","status":"publish","type":"post","link":"https:\/\/about.fb.com\/ltam\/news\/2018\/05\/afp-se-une-al-programa-de-verificacion-de-facebook-en-america-latina\/","title":{"rendered":"AFP se une al programa de verificaci\u00f3n de Facebook en Am\u00e9rica Latina"},"content":{"rendered":"<p>Facebook incorporar\u00e1 a la Agencia France-Presse (AFP) a su programa de verificaci\u00f3n de noticias en Brasil, Colombia y M\u00e9xico, como parte de su esfuerzo global por reducir la diseminaci\u00f3n de informaci\u00f3n falsa y apuntalar la calidad de las noticias que las personas encuentran online.<\/p>\n<p>AFP, una de las principales agencias internacionales de noticias, se sumar\u00e1 a la red regional de verificadores que ya trabajan en la plataforma y que est\u00e1n certificados por la organizaci\u00f3n independiente International Fact-Checking Network &#8211; Poynter, como Agencia Lupa y Aos Fatos, en Brasil; Animal Pol\u00edtico, en M\u00e9xico; y Consejo de Redacci\u00f3n y La Silla Vac\u00eda, en Colombia.<\/p>\n<p>AFP comenzar\u00e1 a verificar noticias escritas en Brasil, Colombia y M\u00e9xico en junio. En el futuro, tanto AFP como otras agencias de verificaci\u00f3n podr\u00e1n analizar tambi\u00e9n fotos y videos.<\/p>\n<p>\u00abAFP es una agencia muy respetada a nivel mundial que ya colabora con Facebook en la verificaci\u00f3n de noticias en Francia. Estamos felices de tenerlos en nuestro programa para Am\u00e9rica Latina, ayud\u00e1ndonos a construir una comunidad mejor informada\u00bb, dijo Claudia Gurfinkel, directora de Alianzas Estrat\u00e9gicas con Medios de Facebook para la regi\u00f3n.<\/p>\n<p>\u201cEstamos entusiasmados con este nuevo contrato, que es un reconocimiento a la experiencia y la credibilidad de AFP en la verificaci\u00f3n de informaci\u00f3n. En momentos en que proliferan las noticias falsas y la desinformaci\u00f3n, este proyecto junto con Facebook est\u00e1 alineado con la misi\u00f3n de la agencia y con el trabajo diario de nuestra red de periodistas de ofrecer un servicio de noticias confiable y de alta calidad\u201d, dijo la Directora Global de Noticias de AFP, Mich\u00e8le L\u00e9ridon.<\/p>\n<p>El programa de verificaci\u00f3n de noticias se apoya en la propia comunidad de Facebook, junto con otras herramientas, para detectar las historias que ser\u00e1n examinadas por las agencias de verificaci\u00f3n. Las noticias corroboradas como falsas perder\u00e1n relevancia en el News Feed de Facebook, lo que reducir\u00e1 significativamente su distribuci\u00f3n.<\/p>\n<p>Facebook tampoco permitir\u00e1 a los anunciantes publicar avisos vinculados a esas historias, y los usuarios que las compartan recibir\u00e1n un mensaje que indicar\u00e1 que la veracidad del material fue cuestionada.<\/p>\n<p>El programa de verificaci\u00f3n de datos es una de las herramientas que utiliza Facebook para reducir la difusi\u00f3n de noticias falsas y mejorar la calidad de la informaci\u00f3n que los usuarios ven en la plataforma.<\/p>\n<p>La identificaci\u00f3n y degradaci\u00f3n de esas historias recorta su distribuci\u00f3n org\u00e1nica en torno a un 80%, adem\u00e1s de eliminar los incentivos econ\u00f3micos para la generaci\u00f3n de estos art\u00edculos.<\/p>\n","protected":false},"excerpt":{"rendered":"Facebook incorporar\u00e1 a la Agencia France-Presse (AFP) a su programa de verificaci\u00f3n de noticias en Brasil, Colombia y M\u00e9xico, como parte de su esfuerzo global por reducir la diseminaci\u00f3n de informaci\u00f3n falsa y apuntalar la calidad de las noticias que las personas encuentran online. AFP, una de las principales agencias internacionales de noticias, se sumar\u00e1 a la red regional de verificadores que ya trabajan en la plataforma y que est\u00e1n certificados por la organizaci\u00f3n independiente International Fact-Checking Network &#8211; Poynter, como Agencia Lupa y Aos Fatos, en Brasil; Animal Pol\u00edtico, en M\u00e9xico; y Consejo de Redacci\u00f3n y La Silla Vac\u00eda, en Colombia. AFP comenzar\u00e1 a verificar noticias escritas en Brasil, Colombia y M\u00e9xico en junio. En el futuro, tanto AFP como otras agencias de verificaci\u00f3n podr\u00e1n analizar tambi\u00e9n fotos y videos. \u00abAFP es una agencia muy respetada a nivel mundial que ya colabora con Facebook en la verificaci\u00f3n de noticias en Francia. Estamos felices de tenerlos en nuestro programa para Am\u00e9rica Latina, ayud\u00e1ndonos a construir una comunidad mejor informada\u00bb, dijo Claudia Gurfinkel, directora de Alianzas Estrat\u00e9gicas con Medios de Facebook para la regi\u00f3n. \u201cEstamos entusiasmados con este nuevo contrato, que es un reconocimiento a la experiencia y la credibilidad de AFP en la verificaci\u00f3n de informaci\u00f3n. En momentos en que proliferan las noticias falsas y la desinformaci\u00f3n, este proyecto junto con Facebook est\u00e1 alineado con la misi\u00f3n de la agencia y con el trabajo diario de nuestra red de periodistas de ofrecer un servicio de noticias confiable y de alta calidad\u201d, dijo la Directora Global de Noticias de AFP, Mich\u00e8le L\u00e9ridon. El programa de verificaci\u00f3n de noticias se apoya en la propia comunidad de Facebook, junto con otras herramientas, para detectar las historias que ser\u00e1n examinadas por las agencias de verificaci\u00f3n. Las noticias corroboradas como falsas perder\u00e1n relevancia en el News Feed de Facebook, lo que reducir\u00e1 significativamente su distribuci\u00f3n. Facebook tampoco permitir\u00e1 a los anunciantes publicar avisos vinculados a esas historias, y los usuarios que las compartan recibir\u00e1n un mensaje que indicar\u00e1 que la veracidad del material fue cuestionada. El programa de verificaci\u00f3n de datos es una de las herramientas que utiliza Facebook para reducir la difusi\u00f3n de noticias falsas y mejorar la calidad de la informaci\u00f3n que los usuarios ven en la plataforma. La identificaci\u00f3n y degradaci\u00f3n de esas historias recorta su distribuci\u00f3n org\u00e1nica en torno a un 80%, adem\u00e1s de eliminar los incentivos econ\u00f3micos para la generaci\u00f3n de estos art\u00edculos.","protected":false},"author":95829248,"featured_media":0,"comment_status":"closed","ping_status":"closed","sticky":false,"template":"","format":"standard","meta":{"_jetpack_memberships_contains_paid_content":false,"footnotes":""},"categories":[237720135],"tags":[243947959],"class_list":["post-6429","post","type-post","status-publish","format-standard","hentry","category-noticias-de-productos","tag-verificacion"],"yoast_head":"<!-- This site is optimized with the Yoast SEO plugin v27.2 - https:\/\/yoast.com\/product\/yoast-seo-wordpress\/ -->\n<title>AFP se une al programa de verificaci\u00f3n de Facebook en Am\u00e9rica Latina | Acerca de Meta<\/title>\n<meta name=\"robots\" content=\"index, follow, max-snippet:-1, max-image-preview:large, max-video-preview:-1\" \/>\n<link rel=\"canonical\" href=\"https:\/\/about.fb.com\/ltam\/news\/2018\/05\/afp-se-une-al-programa-de-verificacion-de-facebook-en-america-latina\/\" \/>\n<meta property=\"og:locale\" content=\"es_ES\" \/>\n<meta property=\"og:type\" content=\"article\" \/>\n<meta property=\"og:title\" content=\"AFP se une al programa de verificaci\u00f3n de Facebook en Am\u00e9rica Latina | Acerca de Meta\" \/>\n<meta property=\"og:description\" content=\"Facebook incorporar\u00e1 a la Agencia France-Presse (AFP) a su programa de verificaci\u00f3n de noticias en Brasil, Colombia y M\u00e9xico, como parte de su esfuerzo global por reducir la diseminaci\u00f3n de informaci\u00f3n falsa y apuntalar la calidad de las noticias que las personas encuentran online. AFP, una de las principales agencias internacionales de noticias, se sumar\u00e1 a la red regional de verificadores que ya trabajan en la plataforma y que est\u00e1n certificados por la organizaci\u00f3n independiente International Fact-Checking Network &#8211; Poynter, como Agencia Lupa y Aos Fatos, en Brasil; Animal Pol\u00edtico, en M\u00e9xico; y Consejo de Redacci\u00f3n y La Silla Vac\u00eda, en Colombia. AFP comenzar\u00e1 a verificar noticias escritas en Brasil, Colombia y M\u00e9xico en junio. En el futuro, tanto AFP como otras agencias de verificaci\u00f3n podr\u00e1n analizar tambi\u00e9n fotos y videos. \u00abAFP es una agencia muy respetada a nivel mundial que ya colabora con Facebook en la verificaci\u00f3n de noticias en Francia. Estamos felices de tenerlos en nuestro programa para Am\u00e9rica Latina, ayud\u00e1ndonos a construir una comunidad mejor informada\u00bb, dijo Claudia Gurfinkel, directora de Alianzas Estrat\u00e9gicas con Medios de Facebook para la regi\u00f3n. \u201cEstamos entusiasmados con este nuevo contrato, que es un reconocimiento a la experiencia y la credibilidad de AFP en la verificaci\u00f3n de informaci\u00f3n. En momentos en que proliferan las noticias falsas y la desinformaci\u00f3n, este proyecto junto con Facebook est\u00e1 alineado con la misi\u00f3n de la agencia y con el trabajo diario de nuestra red de periodistas de ofrecer un servicio de noticias confiable y de alta calidad\u201d, dijo la Directora Global de Noticias de AFP, Mich\u00e8le L\u00e9ridon. El programa de verificaci\u00f3n de noticias se apoya en la propia comunidad de Facebook, junto con otras herramientas, para detectar las historias que ser\u00e1n examinadas por las agencias de verificaci\u00f3n. Las noticias corroboradas como falsas perder\u00e1n relevancia en el News Feed de Facebook, lo que reducir\u00e1 significativamente su distribuci\u00f3n. Facebook tampoco permitir\u00e1 a los anunciantes publicar avisos vinculados a esas historias, y los usuarios que las compartan recibir\u00e1n un mensaje que indicar\u00e1 que la veracidad del material fue cuestionada. El programa de verificaci\u00f3n de datos es una de las herramientas que utiliza Facebook para reducir la difusi\u00f3n de noticias falsas y mejorar la calidad de la informaci\u00f3n que los usuarios ven en la plataforma. La identificaci\u00f3n y degradaci\u00f3n de esas historias recorta su distribuci\u00f3n org\u00e1nica en torno a un 80%, adem\u00e1s de eliminar los incentivos econ\u00f3micos para la generaci\u00f3n de estos art\u00edculos.\" \/>\n<meta property=\"og:url\" content=\"https:\/\/about.fb.com\/ltam\/news\/2018\/05\/afp-se-une-al-programa-de-verificacion-de-facebook-en-america-latina\/\" \/>\n<meta property=\"og:site_name\" content=\"Acerca de Meta\" \/>\n<meta property=\"article:published_time\" content=\"2018-05-24T17:58:10+00:00\" \/>\n<meta property=\"article:modified_time\" content=\"2018-08-02T15:18:49+00:00\" \/>\n<meta property=\"og:image\" content=\"https:\/\/about.fb.com\/ltam\/wp-content\/uploads\/sites\/14\/2021\/10\/meta-social-16x9-1.jpg?resize=1024,576\" \/>\n\t<meta property=\"og:image:width\" content=\"1024\" \/>\n\t<meta property=\"og:image:height\" content=\"576\" \/>\n\t<meta property=\"og:image:type\" content=\"image\/jpeg\" \/>\n<meta name=\"author\" content=\"camilagfb\" \/>\n<meta name=\"twitter:card\" content=\"summary_large_image\" \/>\n<meta name=\"twitter:label1\" content=\"Written by\" \/>\n\t<meta name=\"twitter:data1\" content=\"Meta\" \/>\n\t<meta name=\"twitter:label2\" content=\"Est. reading time\" \/>\n\t<meta name=\"twitter:data2\" content=\"2 minutos\" \/>\n<script type=\"application\/ld+json\" class=\"yoast-schema-graph\">{\"@context\":\"https:\/\/schema.org\",\"@graph\":[{\"@type\":\"Article\",\"@id\":\"https:\/\/about.fb.com\/ltam\/news\/2018\/05\/afp-se-une-al-programa-de-verificacion-de-facebook-en-america-latina\/#article\",\"isPartOf\":{\"@id\":\"https:\/\/about.fb.com\/ltam\/news\/2018\/05\/afp-se-une-al-programa-de-verificacion-de-facebook-en-america-latina\/\"},\"author\":\"Facebook company\",\"headline\":\"AFP se une al programa de verificaci\u00f3n de Facebook en Am\u00e9rica Latina\",\"datePublished\":\"2018-05-24T17:58:10+00:00\",\"dateModified\":\"2018-08-02T15:18:49+00:00\",\"mainEntityOfPage\":{\"@id\":\"https:\/\/about.fb.com\/ltam\/news\/2018\/05\/afp-se-une-al-programa-de-verificacion-de-facebook-en-america-latina\/\"},\"wordCount\":458,\"publisher\":{\"@id\":\"https:\/\/about.fb.com\/ltam\/#organization\"},\"keywords\":[\"Verificaci\u00f3n\"],\"articleSection\":[\"Noticias de Productos\"],\"inLanguage\":\"es\"},{\"@type\":\"WebPage\",\"@id\":\"https:\/\/about.fb.com\/ltam\/news\/2018\/05\/afp-se-une-al-programa-de-verificacion-de-facebook-en-america-latina\/\",\"url\":\"https:\/\/about.fb.com\/ltam\/news\/2018\/05\/afp-se-une-al-programa-de-verificacion-de-facebook-en-america-latina\/\",\"name\":\"AFP se une al programa de verificaci\u00f3n de Facebook en Am\u00e9rica Latina | Acerca de Meta\",\"isPartOf\":{\"@id\":\"https:\/\/about.fb.com\/ltam\/#website\"},\"datePublished\":\"2018-05-24T17:58:10+00:00\",\"dateModified\":\"2018-08-02T15:18:49+00:00\",\"breadcrumb\":{\"@id\":\"https:\/\/about.fb.com\/ltam\/news\/2018\/05\/afp-se-une-al-programa-de-verificacion-de-facebook-en-america-latina\/#breadcrumb\"},\"inLanguage\":\"es\",\"potentialAction\":[{\"@type\":\"ReadAction\",\"target\":[\"https:\/\/about.fb.com\/ltam\/news\/2018\/05\/afp-se-une-al-programa-de-verificacion-de-facebook-en-america-latina\/\"]}],\"author\":\"Acerca de Meta\"},{\"@type\":\"BreadcrumbList\",\"@id\":\"https:\/\/about.fb.com\/ltam\/news\/2018\/05\/afp-se-une-al-programa-de-verificacion-de-facebook-en-america-latina\/#breadcrumb\",\"itemListElement\":[{\"@type\":\"ListItem\",\"position\":1,\"name\":\"Home\",\"item\":\"https:\/\/about.fb.com\/ltam\/\"},{\"@type\":\"ListItem\",\"position\":2,\"name\":\"AFP se une al programa de verificaci\u00f3n de Facebook en Am\u00e9rica Latina\"}]},{\"@type\":\"WebSite\",\"@id\":\"https:\/\/about.fb.com\/ltam\/#website\",\"url\":\"https:\/\/about.fb.com\/news\/\",\"name\":\"Acerca de Meta\",\"description\":\"\",\"publisher\":{\"@id\":\"https:\/\/about.fb.com\/ltam\/#organization\"},\"potentialAction\":[{\"@type\":\"SearchAction\",\"target\":{\"@type\":\"EntryPoint\",\"urlTemplate\":\"https:\/\/about.fb.com\/ltam\/?s={search_term_string}\"},\"query-input\":{\"@type\":\"PropertyValueSpecification\",\"valueRequired\":true,\"valueName\":\"search_term_string\"}}],\"inLanguage\":\"es\",\"alternateName\":[\"Meta Newsroom\",\"Meta\"]},{\"@type\":\"Organization\",\"@id\":\"https:\/\/about.fb.com\/ltam\/#organization\",\"name\":\"Meta\",\"url\":\"https:\/\/about.fb.com\/ltam\/\",\"logo\":{\"@type\":\"ImageObject\",\"inLanguage\":\"es\",\"@id\":\"https:\/\/about.fb.com\/ltam\/#\/schema\/logo\/image\/\",\"url\":\"https:\/\/about.fb.com\/ltam\/wp-content\/uploads\/sites\/14\/2021\/10\/meta-social-16x9-1.jpg?fit=8000%2C4500\",\"contentUrl\":\"https:\/\/about.fb.com\/ltam\/wp-content\/uploads\/sites\/14\/2021\/10\/meta-social-16x9-1.jpg?fit=8000%2C4500\",\"width\":8000,\"height\":4500,\"caption\":\"Meta\"},\"image\":{\"@id\":\"https:\/\/about.fb.com\/ltam\/#\/schema\/logo\/image\/\"}}]}<\/script>\n<!-- \/ Yoast SEO plugin. -->","yoast_head_json":{"title":"AFP se une al programa de verificaci\u00f3n de Facebook en Am\u00e9rica Latina | Acerca de Meta","robots":{"index":"index","follow":"follow","max-snippet":"max-snippet:-1","max-image-preview":"max-image-preview:large","max-video-preview":"max-video-preview:-1"},"canonical":"https:\/\/about.fb.com\/ltam\/news\/2018\/05\/afp-se-une-al-programa-de-verificacion-de-facebook-en-america-latina\/","og_locale":"es_ES","og_type":"article","og_title":"AFP se une al programa de verificaci\u00f3n de Facebook en Am\u00e9rica Latina | Acerca de Meta","og_description":"Facebook incorporar\u00e1 a la Agencia France-Presse (AFP) a su programa de verificaci\u00f3n de noticias en Brasil, Colombia y M\u00e9xico, como parte de su esfuerzo global por reducir la diseminaci\u00f3n de informaci\u00f3n falsa y apuntalar la calidad de las noticias que las personas encuentran online. AFP, una de las principales agencias internacionales de noticias, se sumar\u00e1 a la red regional de verificadores que ya trabajan en la plataforma y que est\u00e1n certificados por la organizaci\u00f3n independiente International Fact-Checking Network &#8211; Poynter, como Agencia Lupa y Aos Fatos, en Brasil; Animal Pol\u00edtico, en M\u00e9xico; y Consejo de Redacci\u00f3n y La Silla Vac\u00eda, en Colombia. AFP comenzar\u00e1 a verificar noticias escritas en Brasil, Colombia y M\u00e9xico en junio. En el futuro, tanto AFP como otras agencias de verificaci\u00f3n podr\u00e1n analizar tambi\u00e9n fotos y videos. \u00abAFP es una agencia muy respetada a nivel mundial que ya colabora con Facebook en la verificaci\u00f3n de noticias en Francia. Estamos felices de tenerlos en nuestro programa para Am\u00e9rica Latina, ayud\u00e1ndonos a construir una comunidad mejor informada\u00bb, dijo Claudia Gurfinkel, directora de Alianzas Estrat\u00e9gicas con Medios de Facebook para la regi\u00f3n. \u201cEstamos entusiasmados con este nuevo contrato, que es un reconocimiento a la experiencia y la credibilidad de AFP en la verificaci\u00f3n de informaci\u00f3n. En momentos en que proliferan las noticias falsas y la desinformaci\u00f3n, este proyecto junto con Facebook est\u00e1 alineado con la misi\u00f3n de la agencia y con el trabajo diario de nuestra red de periodistas de ofrecer un servicio de noticias confiable y de alta calidad\u201d, dijo la Directora Global de Noticias de AFP, Mich\u00e8le L\u00e9ridon. El programa de verificaci\u00f3n de noticias se apoya en la propia comunidad de Facebook, junto con otras herramientas, para detectar las historias que ser\u00e1n examinadas por las agencias de verificaci\u00f3n. Las noticias corroboradas como falsas perder\u00e1n relevancia en el News Feed de Facebook, lo que reducir\u00e1 significativamente su distribuci\u00f3n. Facebook tampoco permitir\u00e1 a los anunciantes publicar avisos vinculados a esas historias, y los usuarios que las compartan recibir\u00e1n un mensaje que indicar\u00e1 que la veracidad del material fue cuestionada. El programa de verificaci\u00f3n de datos es una de las herramientas que utiliza Facebook para reducir la difusi\u00f3n de noticias falsas y mejorar la calidad de la informaci\u00f3n que los usuarios ven en la plataforma. La identificaci\u00f3n y degradaci\u00f3n de esas historias recorta su distribuci\u00f3n org\u00e1nica en torno a un 80%, adem\u00e1s de eliminar los incentivos econ\u00f3micos para la generaci\u00f3n de estos art\u00edculos.","og_url":"https:\/\/about.fb.com\/ltam\/news\/2018\/05\/afp-se-une-al-programa-de-verificacion-de-facebook-en-america-latina\/","og_site_name":"Acerca de Meta","article_published_time":"2018-05-24T17:58:10+00:00","article_modified_time":"2018-08-02T15:18:49+00:00","og_image":[{"width":1024,"height":576,"url":"https:\/\/about.fb.com\/ltam\/wp-content\/uploads\/sites\/14\/2021\/10\/meta-social-16x9-1.jpg?resize=1024,576","type":"image\/jpeg"}],"author":"camilagfb","twitter_card":"summary_large_image","twitter_misc":{"Written by":"Meta","Est. reading time":"2 minutos"},"schema":{"@context":"https:\/\/schema.org","@graph":[{"@type":"Article","@id":"https:\/\/about.fb.com\/ltam\/news\/2018\/05\/afp-se-une-al-programa-de-verificacion-de-facebook-en-america-latina\/#article","isPartOf":{"@id":"https:\/\/about.fb.com\/ltam\/news\/2018\/05\/afp-se-une-al-programa-de-verificacion-de-facebook-en-america-latina\/"},"author":"Facebook company","headline":"AFP se une al programa de verificaci\u00f3n de Facebook en Am\u00e9rica Latina","datePublished":"2018-05-24T17:58:10+00:00","dateModified":"2018-08-02T15:18:49+00:00","mainEntityOfPage":{"@id":"https:\/\/about.fb.com\/ltam\/news\/2018\/05\/afp-se-une-al-programa-de-verificacion-de-facebook-en-america-latina\/"},"wordCount":458,"publisher":{"@id":"https:\/\/about.fb.com\/ltam\/#organization"},"keywords":["Verificaci\u00f3n"],"articleSection":["Noticias de Productos"],"inLanguage":"es"},{"@type":"WebPage","@id":"https:\/\/about.fb.com\/ltam\/news\/2018\/05\/afp-se-une-al-programa-de-verificacion-de-facebook-en-america-latina\/","url":"https:\/\/about.fb.com\/ltam\/news\/2018\/05\/afp-se-une-al-programa-de-verificacion-de-facebook-en-america-latina\/","name":"AFP se une al programa de verificaci\u00f3n de Facebook en Am\u00e9rica Latina | Acerca de Meta","isPartOf":{"@id":"https:\/\/about.fb.com\/ltam\/#website"},"datePublished":"2018-05-24T17:58:10+00:00","dateModified":"2018-08-02T15:18:49+00:00","breadcrumb":{"@id":"https:\/\/about.fb.com\/ltam\/news\/2018\/05\/afp-se-une-al-programa-de-verificacion-de-facebook-en-america-latina\/#breadcrumb"},"inLanguage":"es","potentialAction":[{"@type":"ReadAction","target":["https:\/\/about.fb.com\/ltam\/news\/2018\/05\/afp-se-une-al-programa-de-verificacion-de-facebook-en-america-latina\/"]}],"author":"Acerca de Meta"},{"@type":"BreadcrumbList","@id":"https:\/\/about.fb.com\/ltam\/news\/2018\/05\/afp-se-une-al-programa-de-verificacion-de-facebook-en-america-latina\/#breadcrumb","itemListElement":[{"@type":"ListItem","position":1,"name":"Home","item":"https:\/\/about.fb.com\/ltam\/"},{"@type":"ListItem","position":2,"name":"AFP se une al programa de verificaci\u00f3n de Facebook en Am\u00e9rica Latina"}]},{"@type":"WebSite","@id":"https:\/\/about.fb.com\/ltam\/#website","url":"https:\/\/about.fb.com\/news\/","name":"Acerca de Meta","description":"","publisher":{"@id":"https:\/\/about.fb.com\/ltam\/#organization"},"potentialAction":[{"@type":"SearchAction","target":{"@type":"EntryPoint","urlTemplate":"https:\/\/about.fb.com\/ltam\/?s={search_term_string}"},"query-input":{"@type":"PropertyValueSpecification","valueRequired":true,"valueName":"search_term_string"}}],"inLanguage":"es","alternateName":["Meta Newsroom","Meta"]},{"@type":"Organization","@id":"https:\/\/about.fb.com\/ltam\/#organization","name":"Meta","url":"https:\/\/about.fb.com\/ltam\/","logo":{"@type":"ImageObject","inLanguage":"es","@id":"https:\/\/about.fb.com\/ltam\/#\/schema\/logo\/image\/","url":"https:\/\/about.fb.com\/ltam\/wp-content\/uploads\/sites\/14\/2021\/10\/meta-social-16x9-1.jpg?fit=8000%2C4500","contentUrl":"https:\/\/about.fb.com\/ltam\/wp-content\/uploads\/sites\/14\/2021\/10\/meta-social-16x9-1.jpg?fit=8000%2C4500","width":8000,"height":4500,"caption":"Meta"},"image":{"@id":"https:\/\/about.fb.com\/ltam\/#\/schema\/logo\/image\/"}}]}},"jetpack_featured_media_url":"","jetpack-related-posts":[],"jetpack_sharing_enabled":true,"amp_enabled":true,"_links":{"self":[{"href":"https:\/\/about.fb.com\/ltam\/wp-json\/wp\/v2\/posts\/6429","targetHints":{"allow":["GET"]}}],"collection":[{"href":"https:\/\/about.fb.com\/ltam\/wp-json\/wp\/v2\/posts"}],"about":[{"href":"https:\/\/about.fb.com\/ltam\/wp-json\/wp\/v2\/types\/post"}],"author":[{"embeddable":true,"href":"https:\/\/about.fb.com\/ltam\/wp-json\/wp\/v2\/users\/95829248"}],"replies":[{"embeddable":true,"href":"https:\/\/about.fb.com\/ltam\/wp-json\/wp\/v2\/comments?post=6429"}],"version-history":[{"count":1,"href":"https:\/\/about.fb.com\/ltam\/wp-json\/wp\/v2\/posts\/6429\/revisions"}],"predecessor-version":[{"id":6548,"href":"https:\/\/about.fb.com\/ltam\/wp-json\/wp\/v2\/posts\/6429\/revisions\/6548"}],"wp:attachment":[{"href":"https:\/\/about.fb.com\/ltam\/wp-json\/wp\/v2\/media?parent=6429"}],"wp:term":[{"taxonomy":"category","embeddable":true,"href":"https:\/\/about.fb.com\/ltam\/wp-json\/wp\/v2\/categories?post=6429"},{"taxonomy":"post_tag","embeddable":true,"href":"https:\/\/about.fb.com\/ltam\/wp-json\/wp\/v2\/tags?post=6429"}],"curies":[{"name":"wp","href":"https:\/\/api.w.org\/{rel}","templated":true}]}}