{"id":6151,"date":"2017-08-25T18:33:55","date_gmt":"2017-08-25T23:33:55","guid":{"rendered":"http:\/\/ltam.newsroom.fb.com\/?p=6151"},"modified":"2019-11-04T13:18:22","modified_gmt":"2019-11-04T19:18:22","slug":"facebook-anuncia-nuevas-formas-de-disfrutar-recuerdos-con-amigos","status":"publish","type":"post","link":"https:\/\/about.fb.com\/ltam\/news\/2017\/08\/facebook-anuncia-nuevas-formas-de-disfrutar-recuerdos-con-amigos\/","title":{"rendered":"Facebook anuncia nuevas formas de disfrutar recuerdos con amigos"},"content":{"rendered":"<p><i><img data-recalc-dims=\"1\" loading=\"lazy\" decoding=\"async\" class=\"aligncenter size-large wp-image-6152\" src=\"https:\/\/about.fb.com\/ltam\/wp-content\/uploads\/sites\/14\/2017\/08\/banner-1.png?resize=960%2C304\" alt=\"\" width=\"960\" height=\"304\" \/> <\/i><\/p>\n<p><i>Por <a href=\"https:\/\/www.facebook.com\/oren.hod.90\">Oren Hod<\/a>, Gerente de Producto<\/i><\/p>\n<p>La gente viene a Facebook para experimentar, compartir, y conversar sobre los momentos m\u00e1s importantes que suceden en sus vidas, sus comunidades, y alrededor del mundo. Muchos de esos momentos implican volver sobre viejos recuerdos y momentos entre amigos.<\/p>\n<p>Desde que lanzamos Un d\u00eda como hoy hace m\u00e1s de dos a\u00f1os, hemos aprendido que hay muchas clases distintas de recuerdos y momentos que la gente disfruta revisar y celebrar, raz\u00f3n por la cual estamos muy felices de compartir con ustedes que hemos sumado dos nuevas maneras en que la gente podr\u00e1 revivir recuerdos significativos y celebrar momentos especiales en Facebook.<\/p>\n<p><b>Recopilando tus recuerdos<\/b><\/p>\n<p>Lanzamos una nueva experiencia que junta tus recuerdos recientes de una manera encantadora, para que puedas disfrutar y compartirlos. Reuniremos tus recuerdos recientes en una historia a modo de resumen mensual o estacional. Como sucede con Un d\u00eda como hoy, estas historias que recopilan recuerdos aparecer\u00e1n en tu secci\u00f3n de noticias y podr\u00e1s compartirlos.<\/p>\n<p><img data-recalc-dims=\"1\" loading=\"lazy\" decoding=\"async\" class=\"aligncenter size-large wp-image-6155\" src=\"https:\/\/about.fb.com\/ltam\/wp-content\/uploads\/sites\/14\/2017\/08\/recap_seasonal_and_monthly-1.png?resize=960%2C762\" alt=\"\" width=\"960\" height=\"762\" \/><b>Celebra tus amistades<\/b><\/p>\n<p>Estamos lanzando una nueva manera de celebrar las acciones que te conectan con tu comunidad en Facebook. Hay dos clases de momentos en los que podr\u00e1s ver estos mensajes celebratorios: cuando alcanzas una cantidad notable de amigos en Facebook y cuando tus amigos han dado Me gusta a tus publicaciones. Nuestro plan es lanzar m\u00e1s mensajes como este en los pr\u00f3ximos meses. Adem\u00e1s, actualmente solo t\u00fa puedes ver estos mensajes, pero en el futuro cercano podr\u00e1s compartirlos.<\/p>\n<p><img data-recalc-dims=\"1\" loading=\"lazy\" decoding=\"async\" class=\"aligncenter size-large wp-image-6154\" src=\"https:\/\/about.fb.com\/ltam\/wp-content\/uploads\/sites\/14\/2017\/08\/milestone_3phone_static-1.png?resize=960%2C763\" alt=\"\" width=\"960\" height=\"763\" \/><\/p>\n<p><b>Actualizaciones para Un d\u00eda como hoy y las Preferencias de recuerdos<\/b><\/p>\n<p>A lo largo de los \u00faltimos dos a\u00f1os hemos recibido las opiniones de la gente y trabajado para mejorar Un d\u00eda como hoy, por ejemplo, haciendo que sea m\u00e1s f\u00e1cil acceder a los controles y preferencias. Un d\u00eda como hoy es una de las experiencias m\u00e1s populares en Facebook, y estamos entusiasmados con que esta opci\u00f3n est\u00e9 ahora disponible para todos.<\/p>\n<p>Finalmente, sabemos que a veces hay algunos recuerdos que pueden generar sentimientos negativos que prefieres evitar. Hemos trabajado mucho para desarrollar formas de seleccionar fotos que, creemos, ser\u00e1n las m\u00e1s relevantes y agradables para ti.<\/p>\n<p><img data-recalc-dims=\"1\" loading=\"lazy\" decoding=\"async\" class=\"aligncenter size-large wp-image-6153\" src=\"https:\/\/about.fb.com\/ltam\/wp-content\/uploads\/sites\/14\/2017\/08\/otd_3phone_static-1.png?resize=960%2C553\" alt=\"\" width=\"960\" height=\"553\" \/><\/p>\n<p>Sabemos cu\u00e1n importantes son las amistades y los recuerdos, raz\u00f3n por la cual abordamos estas experiencias con cuidado y sensibilidad. Nuestro objetivo es crear un ambiente comprensivo que te permita expresar tus sentimientos y conectarte con las cosas que son importantes para ti y tu comunidad.<\/p>\n<p><b>Descargas<\/b><\/p>\n<div class=\"_h8t\">\n<div class=\"_5wd9 direction_ltr\">\n<div class=\"_5wde _n4o\">\n<div class=\"_5w1r _3_om _5wdf\">\n<div class=\"_4gx_\">\n<ul>\n<li class=\"_d97\"><a href=\"https:\/\/about-fb-preprod.go-vip.net\/wp-content\/uploads\/2017\/08\/recap_animation-mov.zip\"><span class=\"_5yl5\">Animaci\u00f3n Historia con recopilaci\u00f3n de recuerdos<\/span><\/a><\/li>\n<li class=\"_d97\"><a href=\"https:\/\/about-fb-preprod.go-vip.net\/wp-content\/uploads\/2017\/08\/otd_animation-mov.zip\"><span class=\"_5yl5\"> Animaci\u00f3n Un d\u00eda como hoy<\/span><\/a><\/li>\n<\/ul>\n<\/div>\n<\/div>\n<\/div>\n<\/div>\n<\/div>\n","protected":false},"excerpt":{"rendered":"Por Oren Hod, Gerente de Producto La gente viene a Facebook para experimentar, compartir, y conversar sobre los momentos m\u00e1s importantes que suceden en sus vidas, sus comunidades, y alrededor del mundo. Muchos de esos momentos implican volver sobre viejos recuerdos y momentos entre amigos. Desde que lanzamos Un d\u00eda como hoy hace m\u00e1s de dos a\u00f1os, hemos aprendido que hay muchas clases distintas de recuerdos y momentos que la gente disfruta revisar y celebrar, raz\u00f3n por la cual estamos muy felices de compartir con ustedes que hemos sumado dos nuevas maneras en que la gente podr\u00e1 revivir recuerdos significativos y celebrar momentos especiales en Facebook. Recopilando tus recuerdos Lanzamos una nueva experiencia que junta tus recuerdos recientes de una manera encantadora, para que puedas disfrutar y compartirlos. Reuniremos tus recuerdos recientes en una historia a modo de resumen mensual o estacional. Como sucede con Un d\u00eda como hoy, estas historias que recopilan recuerdos aparecer\u00e1n en tu secci\u00f3n de noticias y podr\u00e1s compartirlos. Celebra tus amistades Estamos lanzando una nueva manera de celebrar las acciones que te conectan con tu comunidad en Facebook. Hay dos clases de momentos en los que podr\u00e1s ver estos mensajes celebratorios: cuando alcanzas una cantidad notable de amigos en Facebook y cuando tus amigos han dado Me gusta a tus publicaciones. Nuestro plan es lanzar m\u00e1s mensajes como este en los pr\u00f3ximos meses. Adem\u00e1s, actualmente solo t\u00fa puedes ver estos mensajes, pero en el futuro cercano podr\u00e1s compartirlos. Actualizaciones para Un d\u00eda como hoy y las Preferencias de recuerdos A lo largo de los \u00faltimos dos a\u00f1os hemos recibido las opiniones de la gente y trabajado para mejorar Un d\u00eda como hoy, por ejemplo, haciendo que sea m\u00e1s f\u00e1cil acceder a los controles y preferencias. Un d\u00eda como hoy es una de las experiencias m\u00e1s populares en Facebook, y estamos entusiasmados con que esta opci\u00f3n est\u00e9 ahora disponible para todos. Finalmente, sabemos que a veces hay algunos recuerdos que pueden generar sentimientos negativos que prefieres evitar. Hemos trabajado mucho para desarrollar formas de seleccionar fotos que, creemos, ser\u00e1n las m\u00e1s relevantes y agradables para ti. Sabemos cu\u00e1n importantes son las amistades y los recuerdos, raz\u00f3n por la cual abordamos estas experiencias con cuidado y sensibilidad. Nuestro objetivo es crear un ambiente comprensivo que te permita expresar tus sentimientos y conectarte con las cosas que son importantes para ti y tu comunidad. Descargas Animaci\u00f3n Historia con recopilaci\u00f3n de recuerdos Animaci\u00f3n Un d\u00eda como hoy","protected":false},"author":118973926,"featured_media":0,"comment_status":"closed","ping_status":"closed","sticky":false,"template":"","format":"standard","meta":{"_jetpack_memberships_contains_paid_content":false,"footnotes":""},"categories":[237720135],"tags":[243947934,243947935,243947933],"class_list":["post-6151","post","type-post","status-publish","format-standard","hentry","category-noticias-de-productos","tag-amigos","tag-producto","tag-recuerdos"],"yoast_head":"<!-- This site is optimized with the Yoast SEO plugin v27.2 - https:\/\/yoast.com\/product\/yoast-seo-wordpress\/ -->\n<title>Facebook anuncia nuevas formas de disfrutar recuerdos con amigos | Acerca de Meta<\/title>\n<meta name=\"robots\" content=\"index, follow, max-snippet:-1, max-image-preview:large, max-video-preview:-1\" \/>\n<link rel=\"canonical\" href=\"https:\/\/about.fb.com\/ltam\/news\/2017\/08\/facebook-anuncia-nuevas-formas-de-disfrutar-recuerdos-con-amigos\/\" \/>\n<meta property=\"og:locale\" content=\"es_ES\" \/>\n<meta property=\"og:type\" content=\"article\" \/>\n<meta property=\"og:title\" content=\"Facebook anuncia nuevas formas de disfrutar recuerdos con amigos | Acerca de Meta\" \/>\n<meta property=\"og:description\" content=\"Por Oren Hod, Gerente de Producto La gente viene a Facebook para experimentar, compartir, y conversar sobre los momentos m\u00e1s importantes que suceden en sus vidas, sus comunidades, y alrededor del mundo. Muchos de esos momentos implican volver sobre viejos recuerdos y momentos entre amigos. Desde que lanzamos Un d\u00eda como hoy hace m\u00e1s de dos a\u00f1os, hemos aprendido que hay muchas clases distintas de recuerdos y momentos que la gente disfruta revisar y celebrar, raz\u00f3n por la cual estamos muy felices de compartir con ustedes que hemos sumado dos nuevas maneras en que la gente podr\u00e1 revivir recuerdos significativos y celebrar momentos especiales en Facebook. Recopilando tus recuerdos Lanzamos una nueva experiencia que junta tus recuerdos recientes de una manera encantadora, para que puedas disfrutar y compartirlos. Reuniremos tus recuerdos recientes en una historia a modo de resumen mensual o estacional. Como sucede con Un d\u00eda como hoy, estas historias que recopilan recuerdos aparecer\u00e1n en tu secci\u00f3n de noticias y podr\u00e1s compartirlos. Celebra tus amistades Estamos lanzando una nueva manera de celebrar las acciones que te conectan con tu comunidad en Facebook. Hay dos clases de momentos en los que podr\u00e1s ver estos mensajes celebratorios: cuando alcanzas una cantidad notable de amigos en Facebook y cuando tus amigos han dado Me gusta a tus publicaciones. Nuestro plan es lanzar m\u00e1s mensajes como este en los pr\u00f3ximos meses. Adem\u00e1s, actualmente solo t\u00fa puedes ver estos mensajes, pero en el futuro cercano podr\u00e1s compartirlos. Actualizaciones para Un d\u00eda como hoy y las Preferencias de recuerdos A lo largo de los \u00faltimos dos a\u00f1os hemos recibido las opiniones de la gente y trabajado para mejorar Un d\u00eda como hoy, por ejemplo, haciendo que sea m\u00e1s f\u00e1cil acceder a los controles y preferencias. Un d\u00eda como hoy es una de las experiencias m\u00e1s populares en Facebook, y estamos entusiasmados con que esta opci\u00f3n est\u00e9 ahora disponible para todos. Finalmente, sabemos que a veces hay algunos recuerdos que pueden generar sentimientos negativos que prefieres evitar. Hemos trabajado mucho para desarrollar formas de seleccionar fotos que, creemos, ser\u00e1n las m\u00e1s relevantes y agradables para ti. Sabemos cu\u00e1n importantes son las amistades y los recuerdos, raz\u00f3n por la cual abordamos estas experiencias con cuidado y sensibilidad. Nuestro objetivo es crear un ambiente comprensivo que te permita expresar tus sentimientos y conectarte con las cosas que son importantes para ti y tu comunidad. Descargas Animaci\u00f3n Historia con recopilaci\u00f3n de recuerdos Animaci\u00f3n Un d\u00eda como hoy\" \/>\n<meta property=\"og:url\" content=\"https:\/\/about.fb.com\/ltam\/news\/2017\/08\/facebook-anuncia-nuevas-formas-de-disfrutar-recuerdos-con-amigos\/\" \/>\n<meta property=\"og:site_name\" content=\"Acerca de Meta\" \/>\n<meta property=\"article:published_time\" content=\"2017-08-25T23:33:55+00:00\" \/>\n<meta property=\"article:modified_time\" content=\"2019-11-04T19:18:22+00:00\" \/>\n<meta property=\"og:image\" content=\"https:\/\/about.fb.com\/ltam\/wp-content\/uploads\/sites\/14\/2017\/08\/banner-1.png\" \/>\n<meta name=\"author\" content=\"marilaun\" \/>\n<meta name=\"twitter:card\" content=\"summary_large_image\" \/>\n<meta name=\"twitter:label1\" content=\"Written by\" \/>\n\t<meta name=\"twitter:data1\" content=\"Meta\" \/>\n\t<meta name=\"twitter:label2\" content=\"Est. reading time\" \/>\n\t<meta name=\"twitter:data2\" content=\"2 minutos\" \/>\n<script type=\"application\/ld+json\" class=\"yoast-schema-graph\">{\"@context\":\"https:\/\/schema.org\",\"@graph\":[{\"@type\":\"Article\",\"@id\":\"https:\/\/about.fb.com\/ltam\/news\/2017\/08\/facebook-anuncia-nuevas-formas-de-disfrutar-recuerdos-con-amigos\/#article\",\"isPartOf\":{\"@id\":\"https:\/\/about.fb.com\/ltam\/news\/2017\/08\/facebook-anuncia-nuevas-formas-de-disfrutar-recuerdos-con-amigos\/\"},\"author\":\"Facebook company\",\"headline\":\"Facebook anuncia nuevas formas de disfrutar recuerdos con amigos\",\"datePublished\":\"2017-08-25T23:33:55+00:00\",\"dateModified\":\"2019-11-04T19:18:22+00:00\",\"mainEntityOfPage\":{\"@id\":\"https:\/\/about.fb.com\/ltam\/news\/2017\/08\/facebook-anuncia-nuevas-formas-de-disfrutar-recuerdos-con-amigos\/\"},\"wordCount\":447,\"publisher\":{\"@id\":\"https:\/\/about.fb.com\/ltam\/#organization\"},\"image\":{\"@id\":\"https:\/\/about.fb.com\/ltam\/news\/2017\/08\/facebook-anuncia-nuevas-formas-de-disfrutar-recuerdos-con-amigos\/#primaryimage\"},\"thumbnailUrl\":\"https:\/\/about.fb.com\/ltam\/wp-content\/uploads\/sites\/14\/2017\/08\/banner-1.png\",\"keywords\":[\"Amigos\",\"Producto\",\"Recuerdos\"],\"articleSection\":[\"Noticias de Productos\"],\"inLanguage\":\"es\"},{\"@type\":\"WebPage\",\"@id\":\"https:\/\/about.fb.com\/ltam\/news\/2017\/08\/facebook-anuncia-nuevas-formas-de-disfrutar-recuerdos-con-amigos\/\",\"url\":\"https:\/\/about.fb.com\/ltam\/news\/2017\/08\/facebook-anuncia-nuevas-formas-de-disfrutar-recuerdos-con-amigos\/\",\"name\":\"Facebook anuncia nuevas formas de disfrutar recuerdos con amigos | Acerca de Meta\",\"isPartOf\":{\"@id\":\"https:\/\/about.fb.com\/ltam\/#website\"},\"primaryImageOfPage\":{\"@id\":\"https:\/\/about.fb.com\/ltam\/news\/2017\/08\/facebook-anuncia-nuevas-formas-de-disfrutar-recuerdos-con-amigos\/#primaryimage\"},\"image\":{\"@id\":\"https:\/\/about.fb.com\/ltam\/news\/2017\/08\/facebook-anuncia-nuevas-formas-de-disfrutar-recuerdos-con-amigos\/#primaryimage\"},\"thumbnailUrl\":\"https:\/\/about.fb.com\/ltam\/wp-content\/uploads\/sites\/14\/2017\/08\/banner-1.png\",\"datePublished\":\"2017-08-25T23:33:55+00:00\",\"dateModified\":\"2019-11-04T19:18:22+00:00\",\"breadcrumb\":{\"@id\":\"https:\/\/about.fb.com\/ltam\/news\/2017\/08\/facebook-anuncia-nuevas-formas-de-disfrutar-recuerdos-con-amigos\/#breadcrumb\"},\"inLanguage\":\"es\",\"potentialAction\":[{\"@type\":\"ReadAction\",\"target\":[\"https:\/\/about.fb.com\/ltam\/news\/2017\/08\/facebook-anuncia-nuevas-formas-de-disfrutar-recuerdos-con-amigos\/\"]}],\"author\":\"Acerca de Meta\"},{\"@type\":\"ImageObject\",\"inLanguage\":\"es\",\"@id\":\"https:\/\/about.fb.com\/ltam\/news\/2017\/08\/facebook-anuncia-nuevas-formas-de-disfrutar-recuerdos-con-amigos\/#primaryimage\",\"url\":\"https:\/\/about.fb.com\/ltam\/wp-content\/uploads\/sites\/14\/2017\/08\/banner-1.png?fit=960%2C303\",\"contentUrl\":\"https:\/\/about.fb.com\/ltam\/wp-content\/uploads\/sites\/14\/2017\/08\/banner-1.png?fit=960%2C303\",\"width\":960,\"height\":303},{\"@type\":\"BreadcrumbList\",\"@id\":\"https:\/\/about.fb.com\/ltam\/news\/2017\/08\/facebook-anuncia-nuevas-formas-de-disfrutar-recuerdos-con-amigos\/#breadcrumb\",\"itemListElement\":[{\"@type\":\"ListItem\",\"position\":1,\"name\":\"Home\",\"item\":\"https:\/\/about.fb.com\/ltam\/\"},{\"@type\":\"ListItem\",\"position\":2,\"name\":\"Facebook anuncia nuevas formas de disfrutar recuerdos con amigos\"}]},{\"@type\":\"WebSite\",\"@id\":\"https:\/\/about.fb.com\/ltam\/#website\",\"url\":\"https:\/\/about.fb.com\/news\/\",\"name\":\"Acerca de Meta\",\"description\":\"\",\"publisher\":{\"@id\":\"https:\/\/about.fb.com\/ltam\/#organization\"},\"potentialAction\":[{\"@type\":\"SearchAction\",\"target\":{\"@type\":\"EntryPoint\",\"urlTemplate\":\"https:\/\/about.fb.com\/ltam\/?s={search_term_string}\"},\"query-input\":{\"@type\":\"PropertyValueSpecification\",\"valueRequired\":true,\"valueName\":\"search_term_string\"}}],\"inLanguage\":\"es\",\"alternateName\":[\"Meta Newsroom\",\"Meta\"]},{\"@type\":\"Organization\",\"@id\":\"https:\/\/about.fb.com\/ltam\/#organization\",\"name\":\"Meta\",\"url\":\"https:\/\/about.fb.com\/ltam\/\",\"logo\":{\"@type\":\"ImageObject\",\"inLanguage\":\"es\",\"@id\":\"https:\/\/about.fb.com\/ltam\/#\/schema\/logo\/image\/\",\"url\":\"https:\/\/about.fb.com\/ltam\/wp-content\/uploads\/sites\/14\/2021\/10\/meta-social-16x9-1.jpg?fit=8000%2C4500\",\"contentUrl\":\"https:\/\/about.fb.com\/ltam\/wp-content\/uploads\/sites\/14\/2021\/10\/meta-social-16x9-1.jpg?fit=8000%2C4500\",\"width\":8000,\"height\":4500,\"caption\":\"Meta\"},\"image\":{\"@id\":\"https:\/\/about.fb.com\/ltam\/#\/schema\/logo\/image\/\"}}]}<\/script>\n<!-- \/ Yoast SEO plugin. -->","yoast_head_json":{"title":"Facebook anuncia nuevas formas de disfrutar recuerdos con amigos | Acerca de Meta","robots":{"index":"index","follow":"follow","max-snippet":"max-snippet:-1","max-image-preview":"max-image-preview:large","max-video-preview":"max-video-preview:-1"},"canonical":"https:\/\/about.fb.com\/ltam\/news\/2017\/08\/facebook-anuncia-nuevas-formas-de-disfrutar-recuerdos-con-amigos\/","og_locale":"es_ES","og_type":"article","og_title":"Facebook anuncia nuevas formas de disfrutar recuerdos con amigos | Acerca de Meta","og_description":"Por Oren Hod, Gerente de Producto La gente viene a Facebook para experimentar, compartir, y conversar sobre los momentos m\u00e1s importantes que suceden en sus vidas, sus comunidades, y alrededor del mundo. Muchos de esos momentos implican volver sobre viejos recuerdos y momentos entre amigos. Desde que lanzamos Un d\u00eda como hoy hace m\u00e1s de dos a\u00f1os, hemos aprendido que hay muchas clases distintas de recuerdos y momentos que la gente disfruta revisar y celebrar, raz\u00f3n por la cual estamos muy felices de compartir con ustedes que hemos sumado dos nuevas maneras en que la gente podr\u00e1 revivir recuerdos significativos y celebrar momentos especiales en Facebook. Recopilando tus recuerdos Lanzamos una nueva experiencia que junta tus recuerdos recientes de una manera encantadora, para que puedas disfrutar y compartirlos. Reuniremos tus recuerdos recientes en una historia a modo de resumen mensual o estacional. Como sucede con Un d\u00eda como hoy, estas historias que recopilan recuerdos aparecer\u00e1n en tu secci\u00f3n de noticias y podr\u00e1s compartirlos. Celebra tus amistades Estamos lanzando una nueva manera de celebrar las acciones que te conectan con tu comunidad en Facebook. Hay dos clases de momentos en los que podr\u00e1s ver estos mensajes celebratorios: cuando alcanzas una cantidad notable de amigos en Facebook y cuando tus amigos han dado Me gusta a tus publicaciones. Nuestro plan es lanzar m\u00e1s mensajes como este en los pr\u00f3ximos meses. Adem\u00e1s, actualmente solo t\u00fa puedes ver estos mensajes, pero en el futuro cercano podr\u00e1s compartirlos. Actualizaciones para Un d\u00eda como hoy y las Preferencias de recuerdos A lo largo de los \u00faltimos dos a\u00f1os hemos recibido las opiniones de la gente y trabajado para mejorar Un d\u00eda como hoy, por ejemplo, haciendo que sea m\u00e1s f\u00e1cil acceder a los controles y preferencias. Un d\u00eda como hoy es una de las experiencias m\u00e1s populares en Facebook, y estamos entusiasmados con que esta opci\u00f3n est\u00e9 ahora disponible para todos. Finalmente, sabemos que a veces hay algunos recuerdos que pueden generar sentimientos negativos que prefieres evitar. Hemos trabajado mucho para desarrollar formas de seleccionar fotos que, creemos, ser\u00e1n las m\u00e1s relevantes y agradables para ti. Sabemos cu\u00e1n importantes son las amistades y los recuerdos, raz\u00f3n por la cual abordamos estas experiencias con cuidado y sensibilidad. Nuestro objetivo es crear un ambiente comprensivo que te permita expresar tus sentimientos y conectarte con las cosas que son importantes para ti y tu comunidad. Descargas Animaci\u00f3n Historia con recopilaci\u00f3n de recuerdos Animaci\u00f3n Un d\u00eda como hoy","og_url":"https:\/\/about.fb.com\/ltam\/news\/2017\/08\/facebook-anuncia-nuevas-formas-de-disfrutar-recuerdos-con-amigos\/","og_site_name":"Acerca de Meta","article_published_time":"2017-08-25T23:33:55+00:00","article_modified_time":"2019-11-04T19:18:22+00:00","og_image":[{"url":"https:\/\/about.fb.com\/ltam\/wp-content\/uploads\/sites\/14\/2017\/08\/banner-1.png","type":"","width":"","height":""}],"author":"marilaun","twitter_card":"summary_large_image","twitter_misc":{"Written by":"Meta","Est. reading time":"2 minutos"},"schema":{"@context":"https:\/\/schema.org","@graph":[{"@type":"Article","@id":"https:\/\/about.fb.com\/ltam\/news\/2017\/08\/facebook-anuncia-nuevas-formas-de-disfrutar-recuerdos-con-amigos\/#article","isPartOf":{"@id":"https:\/\/about.fb.com\/ltam\/news\/2017\/08\/facebook-anuncia-nuevas-formas-de-disfrutar-recuerdos-con-amigos\/"},"author":"Facebook company","headline":"Facebook anuncia nuevas formas de disfrutar recuerdos con amigos","datePublished":"2017-08-25T23:33:55+00:00","dateModified":"2019-11-04T19:18:22+00:00","mainEntityOfPage":{"@id":"https:\/\/about.fb.com\/ltam\/news\/2017\/08\/facebook-anuncia-nuevas-formas-de-disfrutar-recuerdos-con-amigos\/"},"wordCount":447,"publisher":{"@id":"https:\/\/about.fb.com\/ltam\/#organization"},"image":{"@id":"https:\/\/about.fb.com\/ltam\/news\/2017\/08\/facebook-anuncia-nuevas-formas-de-disfrutar-recuerdos-con-amigos\/#primaryimage"},"thumbnailUrl":"https:\/\/about.fb.com\/ltam\/wp-content\/uploads\/sites\/14\/2017\/08\/banner-1.png","keywords":["Amigos","Producto","Recuerdos"],"articleSection":["Noticias de Productos"],"inLanguage":"es"},{"@type":"WebPage","@id":"https:\/\/about.fb.com\/ltam\/news\/2017\/08\/facebook-anuncia-nuevas-formas-de-disfrutar-recuerdos-con-amigos\/","url":"https:\/\/about.fb.com\/ltam\/news\/2017\/08\/facebook-anuncia-nuevas-formas-de-disfrutar-recuerdos-con-amigos\/","name":"Facebook anuncia nuevas formas de disfrutar recuerdos con amigos | Acerca de Meta","isPartOf":{"@id":"https:\/\/about.fb.com\/ltam\/#website"},"primaryImageOfPage":{"@id":"https:\/\/about.fb.com\/ltam\/news\/2017\/08\/facebook-anuncia-nuevas-formas-de-disfrutar-recuerdos-con-amigos\/#primaryimage"},"image":{"@id":"https:\/\/about.fb.com\/ltam\/news\/2017\/08\/facebook-anuncia-nuevas-formas-de-disfrutar-recuerdos-con-amigos\/#primaryimage"},"thumbnailUrl":"https:\/\/about.fb.com\/ltam\/wp-content\/uploads\/sites\/14\/2017\/08\/banner-1.png","datePublished":"2017-08-25T23:33:55+00:00","dateModified":"2019-11-04T19:18:22+00:00","breadcrumb":{"@id":"https:\/\/about.fb.com\/ltam\/news\/2017\/08\/facebook-anuncia-nuevas-formas-de-disfrutar-recuerdos-con-amigos\/#breadcrumb"},"inLanguage":"es","potentialAction":[{"@type":"ReadAction","target":["https:\/\/about.fb.com\/ltam\/news\/2017\/08\/facebook-anuncia-nuevas-formas-de-disfrutar-recuerdos-con-amigos\/"]}],"author":"Acerca de Meta"},{"@type":"ImageObject","inLanguage":"es","@id":"https:\/\/about.fb.com\/ltam\/news\/2017\/08\/facebook-anuncia-nuevas-formas-de-disfrutar-recuerdos-con-amigos\/#primaryimage","url":"https:\/\/about.fb.com\/ltam\/wp-content\/uploads\/sites\/14\/2017\/08\/banner-1.png?fit=960%2C303","contentUrl":"https:\/\/about.fb.com\/ltam\/wp-content\/uploads\/sites\/14\/2017\/08\/banner-1.png?fit=960%2C303","width":960,"height":303},{"@type":"BreadcrumbList","@id":"https:\/\/about.fb.com\/ltam\/news\/2017\/08\/facebook-anuncia-nuevas-formas-de-disfrutar-recuerdos-con-amigos\/#breadcrumb","itemListElement":[{"@type":"ListItem","position":1,"name":"Home","item":"https:\/\/about.fb.com\/ltam\/"},{"@type":"ListItem","position":2,"name":"Facebook anuncia nuevas formas de disfrutar recuerdos con amigos"}]},{"@type":"WebSite","@id":"https:\/\/about.fb.com\/ltam\/#website","url":"https:\/\/about.fb.com\/news\/","name":"Acerca de Meta","description":"","publisher":{"@id":"https:\/\/about.fb.com\/ltam\/#organization"},"potentialAction":[{"@type":"SearchAction","target":{"@type":"EntryPoint","urlTemplate":"https:\/\/about.fb.com\/ltam\/?s={search_term_string}"},"query-input":{"@type":"PropertyValueSpecification","valueRequired":true,"valueName":"search_term_string"}}],"inLanguage":"es","alternateName":["Meta Newsroom","Meta"]},{"@type":"Organization","@id":"https:\/\/about.fb.com\/ltam\/#organization","name":"Meta","url":"https:\/\/about.fb.com\/ltam\/","logo":{"@type":"ImageObject","inLanguage":"es","@id":"https:\/\/about.fb.com\/ltam\/#\/schema\/logo\/image\/","url":"https:\/\/about.fb.com\/ltam\/wp-content\/uploads\/sites\/14\/2021\/10\/meta-social-16x9-1.jpg?fit=8000%2C4500","contentUrl":"https:\/\/about.fb.com\/ltam\/wp-content\/uploads\/sites\/14\/2021\/10\/meta-social-16x9-1.jpg?fit=8000%2C4500","width":8000,"height":4500,"caption":"Meta"},"image":{"@id":"https:\/\/about.fb.com\/ltam\/#\/schema\/logo\/image\/"}}]}},"jetpack_featured_media_url":"","jetpack-related-posts":[],"jetpack_sharing_enabled":true,"amp_enabled":true,"_links":{"self":[{"href":"https:\/\/about.fb.com\/ltam\/wp-json\/wp\/v2\/posts\/6151","targetHints":{"allow":["GET"]}}],"collection":[{"href":"https:\/\/about.fb.com\/ltam\/wp-json\/wp\/v2\/posts"}],"about":[{"href":"https:\/\/about.fb.com\/ltam\/wp-json\/wp\/v2\/types\/post"}],"author":[{"embeddable":true,"href":"https:\/\/about.fb.com\/ltam\/wp-json\/wp\/v2\/users\/118973926"}],"replies":[{"embeddable":true,"href":"https:\/\/about.fb.com\/ltam\/wp-json\/wp\/v2\/comments?post=6151"}],"version-history":[{"count":4,"href":"https:\/\/about.fb.com\/ltam\/wp-json\/wp\/v2\/posts\/6151\/revisions"}],"predecessor-version":[{"id":7750,"href":"https:\/\/about.fb.com\/ltam\/wp-json\/wp\/v2\/posts\/6151\/revisions\/7750"}],"wp:attachment":[{"href":"https:\/\/about.fb.com\/ltam\/wp-json\/wp\/v2\/media?parent=6151"}],"wp:term":[{"taxonomy":"category","embeddable":true,"href":"https:\/\/about.fb.com\/ltam\/wp-json\/wp\/v2\/categories?post=6151"},{"taxonomy":"post_tag","embeddable":true,"href":"https:\/\/about.fb.com\/ltam\/wp-json\/wp\/v2\/tags?post=6151"}],"curies":[{"name":"wp","href":"https:\/\/api.w.org\/{rel}","templated":true}]}}