{"id":6146,"date":"2017-08-22T19:44:54","date_gmt":"2017-08-23T00:44:54","guid":{"rendered":"http:\/\/ltam.newsroom.fb.com\/?p=6146"},"modified":"2019-11-04T13:18:28","modified_gmt":"2019-11-04T19:18:28","slug":"facebook-mostrara-logos-de-medios-de-noticias-en-las-secciones-de-trending-y-busqueda","status":"publish","type":"post","link":"https:\/\/about.fb.com\/ltam\/news\/2017\/08\/facebook-mostrara-logos-de-medios-de-noticias-en-las-secciones-de-trending-y-busqueda\/","title":{"rendered":"Facebook mostrar\u00e1 logos de medios de noticias en las secciones de Trending y B\u00fasqueda"},"content":{"rendered":"<p><i>Por Andrew Anker, Gerente de Producto<\/i><\/p>\n<p>Facebook comenzar\u00e1 a mostrar los logotipos de los medios de noticias en los art\u00edculos exhibidos en las secciones de Trending y B\u00fasqueda, parte de nuestros esfuerzos para que las personas identifiquen de forma m\u00e1s clara las fuentes de la informaci\u00f3n distribuida en nuestra plataforma. Los medios podr\u00e1n ahora cargar m\u00faltiples versiones de sus logos a trav\u00e9s de la nueva Biblioteca de Recursos de Marca, para que los logotipos aparezcan junto a su contenido publicado en Facebook. Construimos esto en colaboraci\u00f3n con nuestros aliados como parte del Proyecto de Periodismo de Facebook, y ahora lo estamos extendiendo para todos los medios.<\/p>\n<p>Inicialmente estamos incluyendo los logos exclusivamente para art\u00edculos en las secciones de Trending y B\u00fasqueda, pero el objetivo final es hacerlo extensivo a todos los sitios donde la gente consume noticias en nuestra plataforma.<\/p>\n<p><b>Concientizar a las personas sobre las fuentes del contenido que leen en Facebook<\/b><\/p>\n<p>Cuando las personas ven un enlace a un art\u00edculo, puede resultar dif\u00edcil asociarlo a una fuente en particular. Un estudio reciente del <a href=\"http:\/\/www.journalism.org\/2017\/02\/09\/part-i-an-analysis-of-individuals-online-news-habits-over-the-course-of-one-week\/#fn-60152-2\">Pew Research Center<\/a> se\u00f1ala que apenas un 56% de los encuestados recordaba la fuente de un nuevo enlace visto en redes sociales.<\/p>\n<p>Al sumar el logo del medio junto al link del art\u00edculo, queremos que resulte m\u00e1s simple para el medio difundir su marca en Facebook y a la vez permitir a las personas identificar m\u00e1s f\u00e1cilmente la fuente del contenido que ven en nuestra plataforma y poder decidir lo que leen y comparten.<\/p>\n<p>A partir de ahora, los medios que carguen sus logos a trav\u00e9s de la nueva Biblioteca de Recursos de Marca podr\u00e1n verlos en los siguientes lugares:<\/p>\n<ul>\n<li>Todas las \u00e1reas de Trending en versiones de escritorio y m\u00f3vil. <a href=\"https:\/\/www.facebook.com\/business\/help\/1707621422873454?locale=en_US\"><u>Consulta m\u00e1s detalles sobre d\u00f3nde pueden aparecer los logotipos en Trending<\/u>.<\/a><\/li>\n<\/ul>\n<p><img data-recalc-dims=\"1\" loading=\"lazy\" decoding=\"async\" class=\"aligncenter size-full wp-image-6148\" src=\"https:\/\/about.fb.com\/ltam\/wp-content\/uploads\/sites\/14\/2017\/08\/screen-shot-2017-08-21-at-11-31-25-am-1-1.png?resize=459%2C463\" alt=\"\" width=\"459\" height=\"463\" \/><\/p>\n<ul>\n<li>En los enlaces que aparecen dentro del \u00e1rea de resultados de b\u00fasqueda.<\/li>\n<\/ul>\n<p><img data-recalc-dims=\"1\" loading=\"lazy\" decoding=\"async\" class=\"aligncenter size-full wp-image-6147\" src=\"https:\/\/about.fb.com\/ltam\/wp-content\/uploads\/sites\/14\/2017\/08\/screen-shot-2017-08-16-at-5-45-20-pm-1-1.png?resize=449%2C452\" alt=\"\" width=\"449\" height=\"452\" \/><br \/>\n<b>C\u00f3mo empezar<\/b><\/p>\n<p>Los medios pueden cargar sus logotipos a trav\u00e9s de una nueva Biblioteca de Recursos de Marca, ubicada en Herramientas de Publicaci\u00f3n en su p\u00e1gina.<a href=\"https:\/\/www.facebook.com\/business\/help\/1707621422873454?locale=en_US\"><u> Encuentra una gu\u00eda completa con orientaciones paso a paso sobre c\u00f3mo empezar y los requisitos de logotipo<\/u><\/a><\/p>\n<p><img data-recalc-dims=\"1\" loading=\"lazy\" decoding=\"async\" class=\"aligncenter size-large wp-image-6149\" src=\"https:\/\/about.fb.com\/ltam\/wp-content\/uploads\/sites\/14\/2017\/08\/logooo-1-1.png?resize=960%2C632\" alt=\"\" width=\"960\" height=\"632\" \/><br \/>\nSeguiremos escuchando las opiniones de nuestros aliados y explorando oportunidades adicionales de reforzar la marca de los medios en Facebook. Esperamos seguir colaborando con nuestros aliados para construir una comunidad m\u00e1s informada.<\/p>\n","protected":false},"excerpt":{"rendered":"Por Andrew Anker, Gerente de Producto Facebook comenzar\u00e1 a mostrar los logotipos de los medios de noticias en los art\u00edculos exhibidos en las secciones de Trending y B\u00fasqueda, parte de nuestros esfuerzos para que las personas identifiquen de forma m\u00e1s clara las fuentes de la informaci\u00f3n distribuida en nuestra plataforma. Los medios podr\u00e1n ahora cargar m\u00faltiples versiones de sus logos a trav\u00e9s de la nueva Biblioteca de Recursos de Marca, para que los logotipos aparezcan junto a su contenido publicado en Facebook. Construimos esto en colaboraci\u00f3n con nuestros aliados como parte del Proyecto de Periodismo de Facebook, y ahora lo estamos extendiendo para todos los medios. Inicialmente estamos incluyendo los logos exclusivamente para art\u00edculos en las secciones de Trending y B\u00fasqueda, pero el objetivo final es hacerlo extensivo a todos los sitios donde la gente consume noticias en nuestra plataforma. Concientizar a las personas sobre las fuentes del contenido que leen en Facebook Cuando las personas ven un enlace a un art\u00edculo, puede resultar dif\u00edcil asociarlo a una fuente en particular. Un estudio reciente del Pew Research Center se\u00f1ala que apenas un 56% de los encuestados recordaba la fuente de un nuevo enlace visto en redes sociales. Al sumar el logo del medio junto al link del art\u00edculo, queremos que resulte m\u00e1s simple para el medio difundir su marca en Facebook y a la vez permitir a las personas identificar m\u00e1s f\u00e1cilmente la fuente del contenido que ven en nuestra plataforma y poder decidir lo que leen y comparten. A partir de ahora, los medios que carguen sus logos a trav\u00e9s de la nueva Biblioteca de Recursos de Marca podr\u00e1n verlos en los siguientes lugares: Todas las \u00e1reas de Trending en versiones de escritorio y m\u00f3vil. Consulta m\u00e1s detalles sobre d\u00f3nde pueden aparecer los logotipos en Trending. En los enlaces que aparecen dentro del \u00e1rea de resultados de b\u00fasqueda. C\u00f3mo empezar Los medios pueden cargar sus logotipos a trav\u00e9s de una nueva Biblioteca de Recursos de Marca, ubicada en Herramientas de Publicaci\u00f3n en su p\u00e1gina. Encuentra una gu\u00eda completa con orientaciones paso a paso sobre c\u00f3mo empezar y los requisitos de logotipo Seguiremos escuchando las opiniones de nuestros aliados y explorando oportunidades adicionales de reforzar la marca de los medios en Facebook. Esperamos seguir colaborando con nuestros aliados para construir una comunidad m\u00e1s informada.","protected":false},"author":118973926,"featured_media":0,"comment_status":"closed","ping_status":"closed","sticky":false,"template":"","format":"standard","meta":{"_jetpack_memberships_contains_paid_content":false,"footnotes":""},"categories":[243907042],"tags":[243947856,243947932],"class_list":["post-6146","post","type-post","status-publish","format-standard","hentry","category-facebook-media","tag-noticias","tag-trending-topics"],"yoast_head":"<!-- This site is optimized with the Yoast SEO plugin v27.2 - https:\/\/yoast.com\/product\/yoast-seo-wordpress\/ -->\n<title>Facebook mostrar\u00e1 logos de medios de noticias en las secciones de Trending y B\u00fasqueda | Acerca de Meta<\/title>\n<meta name=\"robots\" content=\"index, follow, max-snippet:-1, max-image-preview:large, max-video-preview:-1\" \/>\n<link rel=\"canonical\" href=\"https:\/\/about.fb.com\/ltam\/news\/2017\/08\/facebook-mostrara-logos-de-medios-de-noticias-en-las-secciones-de-trending-y-busqueda\/\" \/>\n<meta property=\"og:locale\" content=\"es_ES\" \/>\n<meta property=\"og:type\" content=\"article\" \/>\n<meta property=\"og:title\" content=\"Facebook mostrar\u00e1 logos de medios de noticias en las secciones de Trending y B\u00fasqueda | Acerca de Meta\" \/>\n<meta property=\"og:description\" content=\"Por Andrew Anker, Gerente de Producto Facebook comenzar\u00e1 a mostrar los logotipos de los medios de noticias en los art\u00edculos exhibidos en las secciones de Trending y B\u00fasqueda, parte de nuestros esfuerzos para que las personas identifiquen de forma m\u00e1s clara las fuentes de la informaci\u00f3n distribuida en nuestra plataforma. Los medios podr\u00e1n ahora cargar m\u00faltiples versiones de sus logos a trav\u00e9s de la nueva Biblioteca de Recursos de Marca, para que los logotipos aparezcan junto a su contenido publicado en Facebook. Construimos esto en colaboraci\u00f3n con nuestros aliados como parte del Proyecto de Periodismo de Facebook, y ahora lo estamos extendiendo para todos los medios. Inicialmente estamos incluyendo los logos exclusivamente para art\u00edculos en las secciones de Trending y B\u00fasqueda, pero el objetivo final es hacerlo extensivo a todos los sitios donde la gente consume noticias en nuestra plataforma. Concientizar a las personas sobre las fuentes del contenido que leen en Facebook Cuando las personas ven un enlace a un art\u00edculo, puede resultar dif\u00edcil asociarlo a una fuente en particular. Un estudio reciente del Pew Research Center se\u00f1ala que apenas un 56% de los encuestados recordaba la fuente de un nuevo enlace visto en redes sociales. Al sumar el logo del medio junto al link del art\u00edculo, queremos que resulte m\u00e1s simple para el medio difundir su marca en Facebook y a la vez permitir a las personas identificar m\u00e1s f\u00e1cilmente la fuente del contenido que ven en nuestra plataforma y poder decidir lo que leen y comparten. A partir de ahora, los medios que carguen sus logos a trav\u00e9s de la nueva Biblioteca de Recursos de Marca podr\u00e1n verlos en los siguientes lugares: Todas las \u00e1reas de Trending en versiones de escritorio y m\u00f3vil. Consulta m\u00e1s detalles sobre d\u00f3nde pueden aparecer los logotipos en Trending. En los enlaces que aparecen dentro del \u00e1rea de resultados de b\u00fasqueda. C\u00f3mo empezar Los medios pueden cargar sus logotipos a trav\u00e9s de una nueva Biblioteca de Recursos de Marca, ubicada en Herramientas de Publicaci\u00f3n en su p\u00e1gina. Encuentra una gu\u00eda completa con orientaciones paso a paso sobre c\u00f3mo empezar y los requisitos de logotipo Seguiremos escuchando las opiniones de nuestros aliados y explorando oportunidades adicionales de reforzar la marca de los medios en Facebook. Esperamos seguir colaborando con nuestros aliados para construir una comunidad m\u00e1s informada.\" \/>\n<meta property=\"og:url\" content=\"https:\/\/about.fb.com\/ltam\/news\/2017\/08\/facebook-mostrara-logos-de-medios-de-noticias-en-las-secciones-de-trending-y-busqueda\/\" \/>\n<meta property=\"og:site_name\" content=\"Acerca de Meta\" \/>\n<meta property=\"article:published_time\" content=\"2017-08-23T00:44:54+00:00\" \/>\n<meta property=\"article:modified_time\" content=\"2019-11-04T19:18:28+00:00\" \/>\n<meta property=\"og:image\" content=\"https:\/\/about.fb.com\/ltam\/wp-content\/uploads\/sites\/14\/2017\/08\/screen-shot-2017-08-21-at-11-31-25-am-1-1.png\" \/>\n<meta name=\"author\" content=\"marilaun\" \/>\n<meta name=\"twitter:card\" content=\"summary_large_image\" \/>\n<meta name=\"twitter:label1\" content=\"Written by\" \/>\n\t<meta name=\"twitter:data1\" content=\"Meta\" \/>\n\t<meta name=\"twitter:label2\" content=\"Est. reading time\" \/>\n\t<meta name=\"twitter:data2\" content=\"2 minutos\" \/>\n<script type=\"application\/ld+json\" class=\"yoast-schema-graph\">{\"@context\":\"https:\/\/schema.org\",\"@graph\":[{\"@type\":\"Article\",\"@id\":\"https:\/\/about.fb.com\/ltam\/news\/2017\/08\/facebook-mostrara-logos-de-medios-de-noticias-en-las-secciones-de-trending-y-busqueda\/#article\",\"isPartOf\":{\"@id\":\"https:\/\/about.fb.com\/ltam\/news\/2017\/08\/facebook-mostrara-logos-de-medios-de-noticias-en-las-secciones-de-trending-y-busqueda\/\"},\"author\":\"Facebook company\",\"headline\":\"Facebook mostrar\u00e1 logos de medios de noticias en las secciones de Trending y B\u00fasqueda\",\"datePublished\":\"2017-08-23T00:44:54+00:00\",\"dateModified\":\"2019-11-04T19:18:28+00:00\",\"mainEntityOfPage\":{\"@id\":\"https:\/\/about.fb.com\/ltam\/news\/2017\/08\/facebook-mostrara-logos-de-medios-de-noticias-en-las-secciones-de-trending-y-busqueda\/\"},\"wordCount\":428,\"publisher\":{\"@id\":\"https:\/\/about.fb.com\/ltam\/#organization\"},\"image\":{\"@id\":\"https:\/\/about.fb.com\/ltam\/news\/2017\/08\/facebook-mostrara-logos-de-medios-de-noticias-en-las-secciones-de-trending-y-busqueda\/#primaryimage\"},\"thumbnailUrl\":\"https:\/\/about.fb.com\/ltam\/wp-content\/uploads\/sites\/14\/2017\/08\/screen-shot-2017-08-21-at-11-31-25-am-1-1.png\",\"keywords\":[\"Noticias\",\"Trending Topics\"],\"articleSection\":[\"Facebook para Medios\"],\"inLanguage\":\"es\"},{\"@type\":\"WebPage\",\"@id\":\"https:\/\/about.fb.com\/ltam\/news\/2017\/08\/facebook-mostrara-logos-de-medios-de-noticias-en-las-secciones-de-trending-y-busqueda\/\",\"url\":\"https:\/\/about.fb.com\/ltam\/news\/2017\/08\/facebook-mostrara-logos-de-medios-de-noticias-en-las-secciones-de-trending-y-busqueda\/\",\"name\":\"Facebook mostrar\u00e1 logos de medios de noticias en las secciones de Trending y B\u00fasqueda | Acerca de Meta\",\"isPartOf\":{\"@id\":\"https:\/\/about.fb.com\/ltam\/#website\"},\"primaryImageOfPage\":{\"@id\":\"https:\/\/about.fb.com\/ltam\/news\/2017\/08\/facebook-mostrara-logos-de-medios-de-noticias-en-las-secciones-de-trending-y-busqueda\/#primaryimage\"},\"image\":{\"@id\":\"https:\/\/about.fb.com\/ltam\/news\/2017\/08\/facebook-mostrara-logos-de-medios-de-noticias-en-las-secciones-de-trending-y-busqueda\/#primaryimage\"},\"thumbnailUrl\":\"https:\/\/about.fb.com\/ltam\/wp-content\/uploads\/sites\/14\/2017\/08\/screen-shot-2017-08-21-at-11-31-25-am-1-1.png\",\"datePublished\":\"2017-08-23T00:44:54+00:00\",\"dateModified\":\"2019-11-04T19:18:28+00:00\",\"breadcrumb\":{\"@id\":\"https:\/\/about.fb.com\/ltam\/news\/2017\/08\/facebook-mostrara-logos-de-medios-de-noticias-en-las-secciones-de-trending-y-busqueda\/#breadcrumb\"},\"inLanguage\":\"es\",\"potentialAction\":[{\"@type\":\"ReadAction\",\"target\":[\"https:\/\/about.fb.com\/ltam\/news\/2017\/08\/facebook-mostrara-logos-de-medios-de-noticias-en-las-secciones-de-trending-y-busqueda\/\"]}],\"author\":\"Acerca de Meta\"},{\"@type\":\"ImageObject\",\"inLanguage\":\"es\",\"@id\":\"https:\/\/about.fb.com\/ltam\/news\/2017\/08\/facebook-mostrara-logos-de-medios-de-noticias-en-las-secciones-de-trending-y-busqueda\/#primaryimage\",\"url\":\"https:\/\/about.fb.com\/ltam\/wp-content\/uploads\/sites\/14\/2017\/08\/screen-shot-2017-08-21-at-11-31-25-am-1-1.png?fit=459%2C463\",\"contentUrl\":\"https:\/\/about.fb.com\/ltam\/wp-content\/uploads\/sites\/14\/2017\/08\/screen-shot-2017-08-21-at-11-31-25-am-1-1.png?fit=459%2C463\",\"width\":459,\"height\":463},{\"@type\":\"BreadcrumbList\",\"@id\":\"https:\/\/about.fb.com\/ltam\/news\/2017\/08\/facebook-mostrara-logos-de-medios-de-noticias-en-las-secciones-de-trending-y-busqueda\/#breadcrumb\",\"itemListElement\":[{\"@type\":\"ListItem\",\"position\":1,\"name\":\"Home\",\"item\":\"https:\/\/about.fb.com\/ltam\/\"},{\"@type\":\"ListItem\",\"position\":2,\"name\":\"Facebook mostrar\u00e1 logos de medios de noticias en las secciones de Trending y B\u00fasqueda\"}]},{\"@type\":\"WebSite\",\"@id\":\"https:\/\/about.fb.com\/ltam\/#website\",\"url\":\"https:\/\/about.fb.com\/news\/\",\"name\":\"Acerca de Meta\",\"description\":\"\",\"publisher\":{\"@id\":\"https:\/\/about.fb.com\/ltam\/#organization\"},\"potentialAction\":[{\"@type\":\"SearchAction\",\"target\":{\"@type\":\"EntryPoint\",\"urlTemplate\":\"https:\/\/about.fb.com\/ltam\/?s={search_term_string}\"},\"query-input\":{\"@type\":\"PropertyValueSpecification\",\"valueRequired\":true,\"valueName\":\"search_term_string\"}}],\"inLanguage\":\"es\",\"alternateName\":[\"Meta Newsroom\",\"Meta\"]},{\"@type\":\"Organization\",\"@id\":\"https:\/\/about.fb.com\/ltam\/#organization\",\"name\":\"Meta\",\"url\":\"https:\/\/about.fb.com\/ltam\/\",\"logo\":{\"@type\":\"ImageObject\",\"inLanguage\":\"es\",\"@id\":\"https:\/\/about.fb.com\/ltam\/#\/schema\/logo\/image\/\",\"url\":\"https:\/\/about.fb.com\/ltam\/wp-content\/uploads\/sites\/14\/2021\/10\/meta-social-16x9-1.jpg?fit=8000%2C4500\",\"contentUrl\":\"https:\/\/about.fb.com\/ltam\/wp-content\/uploads\/sites\/14\/2021\/10\/meta-social-16x9-1.jpg?fit=8000%2C4500\",\"width\":8000,\"height\":4500,\"caption\":\"Meta\"},\"image\":{\"@id\":\"https:\/\/about.fb.com\/ltam\/#\/schema\/logo\/image\/\"}}]}<\/script>\n<!-- \/ Yoast SEO plugin. -->","yoast_head_json":{"title":"Facebook mostrar\u00e1 logos de medios de noticias en las secciones de Trending y B\u00fasqueda | Acerca de Meta","robots":{"index":"index","follow":"follow","max-snippet":"max-snippet:-1","max-image-preview":"max-image-preview:large","max-video-preview":"max-video-preview:-1"},"canonical":"https:\/\/about.fb.com\/ltam\/news\/2017\/08\/facebook-mostrara-logos-de-medios-de-noticias-en-las-secciones-de-trending-y-busqueda\/","og_locale":"es_ES","og_type":"article","og_title":"Facebook mostrar\u00e1 logos de medios de noticias en las secciones de Trending y B\u00fasqueda | Acerca de Meta","og_description":"Por Andrew Anker, Gerente de Producto Facebook comenzar\u00e1 a mostrar los logotipos de los medios de noticias en los art\u00edculos exhibidos en las secciones de Trending y B\u00fasqueda, parte de nuestros esfuerzos para que las personas identifiquen de forma m\u00e1s clara las fuentes de la informaci\u00f3n distribuida en nuestra plataforma. Los medios podr\u00e1n ahora cargar m\u00faltiples versiones de sus logos a trav\u00e9s de la nueva Biblioteca de Recursos de Marca, para que los logotipos aparezcan junto a su contenido publicado en Facebook. Construimos esto en colaboraci\u00f3n con nuestros aliados como parte del Proyecto de Periodismo de Facebook, y ahora lo estamos extendiendo para todos los medios. Inicialmente estamos incluyendo los logos exclusivamente para art\u00edculos en las secciones de Trending y B\u00fasqueda, pero el objetivo final es hacerlo extensivo a todos los sitios donde la gente consume noticias en nuestra plataforma. Concientizar a las personas sobre las fuentes del contenido que leen en Facebook Cuando las personas ven un enlace a un art\u00edculo, puede resultar dif\u00edcil asociarlo a una fuente en particular. Un estudio reciente del Pew Research Center se\u00f1ala que apenas un 56% de los encuestados recordaba la fuente de un nuevo enlace visto en redes sociales. Al sumar el logo del medio junto al link del art\u00edculo, queremos que resulte m\u00e1s simple para el medio difundir su marca en Facebook y a la vez permitir a las personas identificar m\u00e1s f\u00e1cilmente la fuente del contenido que ven en nuestra plataforma y poder decidir lo que leen y comparten. A partir de ahora, los medios que carguen sus logos a trav\u00e9s de la nueva Biblioteca de Recursos de Marca podr\u00e1n verlos en los siguientes lugares: Todas las \u00e1reas de Trending en versiones de escritorio y m\u00f3vil. Consulta m\u00e1s detalles sobre d\u00f3nde pueden aparecer los logotipos en Trending. En los enlaces que aparecen dentro del \u00e1rea de resultados de b\u00fasqueda. C\u00f3mo empezar Los medios pueden cargar sus logotipos a trav\u00e9s de una nueva Biblioteca de Recursos de Marca, ubicada en Herramientas de Publicaci\u00f3n en su p\u00e1gina. Encuentra una gu\u00eda completa con orientaciones paso a paso sobre c\u00f3mo empezar y los requisitos de logotipo Seguiremos escuchando las opiniones de nuestros aliados y explorando oportunidades adicionales de reforzar la marca de los medios en Facebook. Esperamos seguir colaborando con nuestros aliados para construir una comunidad m\u00e1s informada.","og_url":"https:\/\/about.fb.com\/ltam\/news\/2017\/08\/facebook-mostrara-logos-de-medios-de-noticias-en-las-secciones-de-trending-y-busqueda\/","og_site_name":"Acerca de Meta","article_published_time":"2017-08-23T00:44:54+00:00","article_modified_time":"2019-11-04T19:18:28+00:00","og_image":[{"url":"https:\/\/about.fb.com\/ltam\/wp-content\/uploads\/sites\/14\/2017\/08\/screen-shot-2017-08-21-at-11-31-25-am-1-1.png","type":"","width":"","height":""}],"author":"marilaun","twitter_card":"summary_large_image","twitter_misc":{"Written by":"Meta","Est. reading time":"2 minutos"},"schema":{"@context":"https:\/\/schema.org","@graph":[{"@type":"Article","@id":"https:\/\/about.fb.com\/ltam\/news\/2017\/08\/facebook-mostrara-logos-de-medios-de-noticias-en-las-secciones-de-trending-y-busqueda\/#article","isPartOf":{"@id":"https:\/\/about.fb.com\/ltam\/news\/2017\/08\/facebook-mostrara-logos-de-medios-de-noticias-en-las-secciones-de-trending-y-busqueda\/"},"author":"Facebook company","headline":"Facebook mostrar\u00e1 logos de medios de noticias en las secciones de Trending y B\u00fasqueda","datePublished":"2017-08-23T00:44:54+00:00","dateModified":"2019-11-04T19:18:28+00:00","mainEntityOfPage":{"@id":"https:\/\/about.fb.com\/ltam\/news\/2017\/08\/facebook-mostrara-logos-de-medios-de-noticias-en-las-secciones-de-trending-y-busqueda\/"},"wordCount":428,"publisher":{"@id":"https:\/\/about.fb.com\/ltam\/#organization"},"image":{"@id":"https:\/\/about.fb.com\/ltam\/news\/2017\/08\/facebook-mostrara-logos-de-medios-de-noticias-en-las-secciones-de-trending-y-busqueda\/#primaryimage"},"thumbnailUrl":"https:\/\/about.fb.com\/ltam\/wp-content\/uploads\/sites\/14\/2017\/08\/screen-shot-2017-08-21-at-11-31-25-am-1-1.png","keywords":["Noticias","Trending Topics"],"articleSection":["Facebook para Medios"],"inLanguage":"es"},{"@type":"WebPage","@id":"https:\/\/about.fb.com\/ltam\/news\/2017\/08\/facebook-mostrara-logos-de-medios-de-noticias-en-las-secciones-de-trending-y-busqueda\/","url":"https:\/\/about.fb.com\/ltam\/news\/2017\/08\/facebook-mostrara-logos-de-medios-de-noticias-en-las-secciones-de-trending-y-busqueda\/","name":"Facebook mostrar\u00e1 logos de medios de noticias en las secciones de Trending y B\u00fasqueda | Acerca de Meta","isPartOf":{"@id":"https:\/\/about.fb.com\/ltam\/#website"},"primaryImageOfPage":{"@id":"https:\/\/about.fb.com\/ltam\/news\/2017\/08\/facebook-mostrara-logos-de-medios-de-noticias-en-las-secciones-de-trending-y-busqueda\/#primaryimage"},"image":{"@id":"https:\/\/about.fb.com\/ltam\/news\/2017\/08\/facebook-mostrara-logos-de-medios-de-noticias-en-las-secciones-de-trending-y-busqueda\/#primaryimage"},"thumbnailUrl":"https:\/\/about.fb.com\/ltam\/wp-content\/uploads\/sites\/14\/2017\/08\/screen-shot-2017-08-21-at-11-31-25-am-1-1.png","datePublished":"2017-08-23T00:44:54+00:00","dateModified":"2019-11-04T19:18:28+00:00","breadcrumb":{"@id":"https:\/\/about.fb.com\/ltam\/news\/2017\/08\/facebook-mostrara-logos-de-medios-de-noticias-en-las-secciones-de-trending-y-busqueda\/#breadcrumb"},"inLanguage":"es","potentialAction":[{"@type":"ReadAction","target":["https:\/\/about.fb.com\/ltam\/news\/2017\/08\/facebook-mostrara-logos-de-medios-de-noticias-en-las-secciones-de-trending-y-busqueda\/"]}],"author":"Acerca de Meta"},{"@type":"ImageObject","inLanguage":"es","@id":"https:\/\/about.fb.com\/ltam\/news\/2017\/08\/facebook-mostrara-logos-de-medios-de-noticias-en-las-secciones-de-trending-y-busqueda\/#primaryimage","url":"https:\/\/about.fb.com\/ltam\/wp-content\/uploads\/sites\/14\/2017\/08\/screen-shot-2017-08-21-at-11-31-25-am-1-1.png?fit=459%2C463","contentUrl":"https:\/\/about.fb.com\/ltam\/wp-content\/uploads\/sites\/14\/2017\/08\/screen-shot-2017-08-21-at-11-31-25-am-1-1.png?fit=459%2C463","width":459,"height":463},{"@type":"BreadcrumbList","@id":"https:\/\/about.fb.com\/ltam\/news\/2017\/08\/facebook-mostrara-logos-de-medios-de-noticias-en-las-secciones-de-trending-y-busqueda\/#breadcrumb","itemListElement":[{"@type":"ListItem","position":1,"name":"Home","item":"https:\/\/about.fb.com\/ltam\/"},{"@type":"ListItem","position":2,"name":"Facebook mostrar\u00e1 logos de medios de noticias en las secciones de Trending y B\u00fasqueda"}]},{"@type":"WebSite","@id":"https:\/\/about.fb.com\/ltam\/#website","url":"https:\/\/about.fb.com\/news\/","name":"Acerca de Meta","description":"","publisher":{"@id":"https:\/\/about.fb.com\/ltam\/#organization"},"potentialAction":[{"@type":"SearchAction","target":{"@type":"EntryPoint","urlTemplate":"https:\/\/about.fb.com\/ltam\/?s={search_term_string}"},"query-input":{"@type":"PropertyValueSpecification","valueRequired":true,"valueName":"search_term_string"}}],"inLanguage":"es","alternateName":["Meta Newsroom","Meta"]},{"@type":"Organization","@id":"https:\/\/about.fb.com\/ltam\/#organization","name":"Meta","url":"https:\/\/about.fb.com\/ltam\/","logo":{"@type":"ImageObject","inLanguage":"es","@id":"https:\/\/about.fb.com\/ltam\/#\/schema\/logo\/image\/","url":"https:\/\/about.fb.com\/ltam\/wp-content\/uploads\/sites\/14\/2021\/10\/meta-social-16x9-1.jpg?fit=8000%2C4500","contentUrl":"https:\/\/about.fb.com\/ltam\/wp-content\/uploads\/sites\/14\/2021\/10\/meta-social-16x9-1.jpg?fit=8000%2C4500","width":8000,"height":4500,"caption":"Meta"},"image":{"@id":"https:\/\/about.fb.com\/ltam\/#\/schema\/logo\/image\/"}}]}},"jetpack_featured_media_url":"","jetpack-related-posts":[],"jetpack_sharing_enabled":true,"amp_enabled":true,"_links":{"self":[{"href":"https:\/\/about.fb.com\/ltam\/wp-json\/wp\/v2\/posts\/6146","targetHints":{"allow":["GET"]}}],"collection":[{"href":"https:\/\/about.fb.com\/ltam\/wp-json\/wp\/v2\/posts"}],"about":[{"href":"https:\/\/about.fb.com\/ltam\/wp-json\/wp\/v2\/types\/post"}],"author":[{"embeddable":true,"href":"https:\/\/about.fb.com\/ltam\/wp-json\/wp\/v2\/users\/118973926"}],"replies":[{"embeddable":true,"href":"https:\/\/about.fb.com\/ltam\/wp-json\/wp\/v2\/comments?post=6146"}],"version-history":[{"count":2,"href":"https:\/\/about.fb.com\/ltam\/wp-json\/wp\/v2\/posts\/6146\/revisions"}],"predecessor-version":[{"id":7754,"href":"https:\/\/about.fb.com\/ltam\/wp-json\/wp\/v2\/posts\/6146\/revisions\/7754"}],"wp:attachment":[{"href":"https:\/\/about.fb.com\/ltam\/wp-json\/wp\/v2\/media?parent=6146"}],"wp:term":[{"taxonomy":"category","embeddable":true,"href":"https:\/\/about.fb.com\/ltam\/wp-json\/wp\/v2\/categories?post=6146"},{"taxonomy":"post_tag","embeddable":true,"href":"https:\/\/about.fb.com\/ltam\/wp-json\/wp\/v2\/tags?post=6146"}],"curies":[{"name":"wp","href":"https:\/\/api.w.org\/{rel}","templated":true}]}}