{"id":6060,"date":"2017-06-27T18:02:35","date_gmt":"2017-06-27T23:02:35","guid":{"rendered":"http:\/\/ltam.newsroom.fb.com\/?p=6060"},"modified":"2019-11-04T13:18:50","modified_gmt":"2019-11-04T19:18:50","slug":"ahora-somos-2-000-millones-gracias-por-ser-parte-de-nuestra-comunidad","status":"publish","type":"post","link":"https:\/\/about.fb.com\/ltam\/news\/2017\/06\/ahora-somos-2-000-millones-gracias-por-ser-parte-de-nuestra-comunidad\/","title":{"rendered":"Ahora somos 2.000 millones: gracias por ser parte de nuestra comunidad"},"content":{"rendered":"<p><img data-recalc-dims=\"1\" loading=\"lazy\" decoding=\"async\" class=\"aligncenter size-full wp-image-6061\" src=\"https:\/\/about.fb.com\/ltam\/wp-content\/uploads\/sites\/14\/2017\/06\/hard-capa-1.jpg?resize=960%2C480\" alt=\"\" width=\"960\" height=\"480\" \/><\/p>\n<p><i>Por <a href=\"https:\/\/www.facebook.com\/mnowak\">Mike Nowak<\/a>, Director de Producto e <a href=\"https:\/\/www.facebook.com\/guillermo.spiller.7\">Guillermo Spiller<\/a>, Gerente de Producto<\/i><\/p>\n<p>Como anunciado por Mark Zuckerberg hoy, hemos alcanzado un nuevo hito: 2.000 millones de personas conectadas y construyendo comunidades en Facebook cada mes.<\/p>\n<p>Jam\u00e1s hubi\u00e9ramos podido alcanzar esto sin las miles de personas y de comunidades peque\u00f1as que comparten y realizan contribuciones significativas en nuestra plataforma a diario. Todos los d\u00edas, m\u00e1s de 175 millones de personas dan \u201camor\u201d y, en promedio, m\u00e1s de 800 millones de personas dan un \u201cme gusta\u201d a una publicaci\u00f3n o comentario en Facebook. Todos los meses, m\u00e1s de 1.000 millones de personas usan Grupos.<\/p>\n<p>Para mostrar nuestra gratitud por todas las formas en que las personas se brindan apoyo mutuo, estamos compartiendo una serie de experiencias en Facebook.<\/p>\n<p><b>Celebrando el Bien que hacen las personas<\/b><br \/>\nDespu\u00e9s de que alguien da \u201cme gusta\u201d o \u201cme encanta\u201d a una publicaci\u00f3n de amigos o familia, le desea feliz cumplea\u00f1os a alguien o crea un grupo, ver\u00e1n un mensaje celebratorio en su Secci\u00f3n de Noticias.<\/p>\n<p><img data-recalc-dims=\"1\" loading=\"lazy\" decoding=\"async\" class=\"aligncenter size-full wp-image-6062\" src=\"https:\/\/about.fb.com\/ltam\/wp-content\/uploads\/sites\/14\/2017\/06\/milestones-1-1.png?resize=960%2C631\" alt=\"\" width=\"960\" height=\"631\" \/><\/p>\n<p><b>Lo Bueno se multiplica con un video personalizado<\/b><br \/>\nEstamos lanzando un video personalizado para que las personas celebren su aporte construyendo un mundo m\u00e1s unido. Podr\u00e1s ver tu video en tu Secci\u00f3n de Noticias o visitando: <a href=\"http:\/\/www.facebook.com\/goodaddsup\">www.facebook.com\/goodaddsup<\/a>.<\/p>\n<div class=\"fb-video\" data-allowfullscreen=\"true\" data-href=\"https:\/\/www.facebook.com\/facebook\/videos\/10155968893751729\/\" style=\"background-color: #fff; display: inline-block;\"><\/div>\n<p><b>Compartiendo buenas historias de comunidad<\/b><br \/>\nEn Estados Unidos y en <a href=\"http:\/\/www.facebook.com\/goodaddsup\">www.facebook.com\/goodaddsup<\/a>, tambi\u00e9n estamos compartiendo historias inspiradoras sobre c\u00f3mo las personas usan Facebook para crear comunidades m\u00e1s unidas. Todos los d\u00edas, las personas se conectan las unas con las otras, contribuyen a sus comunidades locales y ayudan a hacer del mundo un lugar mejor.<\/p>\n<div class=\"fb-video\" data-allowfullscreen=\"true\" data-href=\"https:\/\/www.facebook.com\/facebook\/videos\/10155968900471729\/\" style=\"background-color: #fff; display: inline-block;\"><\/div>\n<p>Y nosotros tambi\u00e9n queremos realizar nuestro aporte. Como Mark mencion\u00f3 la semana pasada en la <a href=\"https:\/\/newsroom.fb.com\/news\/2017\/06\/our-first-communities-summit-and-new-tools-for-group-admins\/\">Cumbre de Comunidad de Facebook<\/a>, nuestra misi\u00f3n es unir al mundo. A trav\u00e9s de este objetivo, esperamos concretar nuestras mayores oportunidades y construir el mundo que queremos para las pr\u00f3ximas generaciones.<\/p>\n<p>Alcanzar este hito es solo un peque\u00f1o paso hacia la concreci\u00f3n de nuestro objetivo. Estamos muy emocionados por continuar construyendo productos que permitan a las personas conectarse las unas con las otras, sorteando barreras geogr\u00e1ficas y de lenguaje.<\/p>\n<p>\u00a1Gracias por ser parte de nuestra comunidad global!<\/p>\n","protected":false},"excerpt":{"rendered":"Por Mike Nowak, Director de Producto e Guillermo Spiller, Gerente de Producto Como anunciado por Mark Zuckerberg hoy, hemos alcanzado un nuevo hito: 2.000 millones de personas conectadas y construyendo comunidades en Facebook cada mes. Jam\u00e1s hubi\u00e9ramos podido alcanzar esto sin las miles de personas y de comunidades peque\u00f1as que comparten y realizan contribuciones significativas en nuestra plataforma a diario. Todos los d\u00edas, m\u00e1s de 175 millones de personas dan \u201camor\u201d y, en promedio, m\u00e1s de 800 millones de personas dan un \u201cme gusta\u201d a una publicaci\u00f3n o comentario en Facebook. Todos los meses, m\u00e1s de 1.000 millones de personas usan Grupos. Para mostrar nuestra gratitud por todas las formas en que las personas se brindan apoyo mutuo, estamos compartiendo una serie de experiencias en Facebook. Celebrando el Bien que hacen las personas Despu\u00e9s de que alguien da \u201cme gusta\u201d o \u201cme encanta\u201d a una publicaci\u00f3n de amigos o familia, le desea feliz cumplea\u00f1os a alguien o crea un grupo, ver\u00e1n un mensaje celebratorio en su Secci\u00f3n de Noticias. Lo Bueno se multiplica con un video personalizado Estamos lanzando un video personalizado para que las personas celebren su aporte construyendo un mundo m\u00e1s unido. Podr\u00e1s ver tu video en tu Secci\u00f3n de Noticias o visitando: <a href=\"http:\/\/www.facebook.com\/goodaddsup\" rel=\"nofollow\">http:\/\/www.facebook.com\/goodaddsup<\/a>. Compartiendo buenas historias de comunidad En Estados Unidos y en <a href=\"http:\/\/www.facebook.com\/goodaddsup\" rel=\"nofollow\">http:\/\/www.facebook.com\/goodaddsup<\/a>, tambi\u00e9n estamos compartiendo historias inspiradoras sobre c\u00f3mo las personas usan Facebook para crear comunidades m\u00e1s unidas. Todos los d\u00edas, las personas se conectan las unas con las otras, contribuyen a sus comunidades locales y ayudan a hacer del mundo un lugar mejor. Y nosotros tambi\u00e9n queremos realizar nuestro aporte. Como Mark mencion\u00f3 la semana pasada en la Cumbre de Comunidad de Facebook, nuestra misi\u00f3n es unir al mundo. A trav\u00e9s de este objetivo, esperamos concretar nuestras mayores oportunidades y construir el mundo que queremos para las pr\u00f3ximas generaciones. Alcanzar este hito es solo un peque\u00f1o paso hacia la concreci\u00f3n de nuestro objetivo. Estamos muy emocionados por continuar construyendo productos que permitan a las personas conectarse las unas con las otras, sorteando barreras geogr\u00e1ficas y de lenguaje. \u00a1Gracias por ser parte de nuestra comunidad global!","protected":false},"author":118973926,"featured_media":0,"comment_status":"closed","ping_status":"closed","sticky":false,"template":"","format":"standard","meta":{"_jetpack_memberships_contains_paid_content":false,"footnotes":""},"categories":[54],"tags":[243947939],"class_list":["post-6060","post","type-post","status-publish","format-standard","hentry","category-general","tag-personas"],"yoast_head":"<!-- This site is optimized with the Yoast SEO plugin v27.2 - https:\/\/yoast.com\/product\/yoast-seo-wordpress\/ -->\n<title>Ahora somos 2.000 millones: gracias por ser parte de nuestra comunidad | Acerca de Meta<\/title>\n<meta name=\"robots\" content=\"index, follow, max-snippet:-1, max-image-preview:large, max-video-preview:-1\" \/>\n<link rel=\"canonical\" href=\"https:\/\/about.fb.com\/ltam\/news\/2017\/06\/ahora-somos-2-000-millones-gracias-por-ser-parte-de-nuestra-comunidad\/\" \/>\n<meta property=\"og:locale\" content=\"es_ES\" \/>\n<meta property=\"og:type\" content=\"article\" \/>\n<meta property=\"og:title\" content=\"Ahora somos 2.000 millones: gracias por ser parte de nuestra comunidad | Acerca de Meta\" \/>\n<meta property=\"og:description\" content=\"Por Mike Nowak, Director de Producto e Guillermo Spiller, Gerente de Producto Como anunciado por Mark Zuckerberg hoy, hemos alcanzado un nuevo hito: 2.000 millones de personas conectadas y construyendo comunidades en Facebook cada mes. Jam\u00e1s hubi\u00e9ramos podido alcanzar esto sin las miles de personas y de comunidades peque\u00f1as que comparten y realizan contribuciones significativas en nuestra plataforma a diario. Todos los d\u00edas, m\u00e1s de 175 millones de personas dan \u201camor\u201d y, en promedio, m\u00e1s de 800 millones de personas dan un \u201cme gusta\u201d a una publicaci\u00f3n o comentario en Facebook. Todos los meses, m\u00e1s de 1.000 millones de personas usan Grupos. Para mostrar nuestra gratitud por todas las formas en que las personas se brindan apoyo mutuo, estamos compartiendo una serie de experiencias en Facebook. Celebrando el Bien que hacen las personas Despu\u00e9s de que alguien da \u201cme gusta\u201d o \u201cme encanta\u201d a una publicaci\u00f3n de amigos o familia, le desea feliz cumplea\u00f1os a alguien o crea un grupo, ver\u00e1n un mensaje celebratorio en su Secci\u00f3n de Noticias. Lo Bueno se multiplica con un video personalizado Estamos lanzando un video personalizado para que las personas celebren su aporte construyendo un mundo m\u00e1s unido. Podr\u00e1s ver tu video en tu Secci\u00f3n de Noticias o visitando: www.facebook.com\/goodaddsup. Compartiendo buenas historias de comunidad En Estados Unidos y en www.facebook.com\/goodaddsup, tambi\u00e9n estamos compartiendo historias inspiradoras sobre c\u00f3mo las personas usan Facebook para crear comunidades m\u00e1s unidas. Todos los d\u00edas, las personas se conectan las unas con las otras, contribuyen a sus comunidades locales y ayudan a hacer del mundo un lugar mejor. Y nosotros tambi\u00e9n queremos realizar nuestro aporte. Como Mark mencion\u00f3 la semana pasada en la Cumbre de Comunidad de Facebook, nuestra misi\u00f3n es unir al mundo. A trav\u00e9s de este objetivo, esperamos concretar nuestras mayores oportunidades y construir el mundo que queremos para las pr\u00f3ximas generaciones. Alcanzar este hito es solo un peque\u00f1o paso hacia la concreci\u00f3n de nuestro objetivo. Estamos muy emocionados por continuar construyendo productos que permitan a las personas conectarse las unas con las otras, sorteando barreras geogr\u00e1ficas y de lenguaje. \u00a1Gracias por ser parte de nuestra comunidad global!\" \/>\n<meta property=\"og:url\" content=\"https:\/\/about.fb.com\/ltam\/news\/2017\/06\/ahora-somos-2-000-millones-gracias-por-ser-parte-de-nuestra-comunidad\/\" \/>\n<meta property=\"og:site_name\" content=\"Acerca de Meta\" \/>\n<meta property=\"article:published_time\" content=\"2017-06-27T23:02:35+00:00\" \/>\n<meta property=\"article:modified_time\" content=\"2019-11-04T19:18:50+00:00\" \/>\n<meta property=\"og:image\" content=\"https:\/\/about.fb.com\/ltam\/wp-content\/uploads\/sites\/14\/2017\/06\/hard-capa-1.jpg\" \/>\n<meta name=\"author\" content=\"marilaun\" \/>\n<meta name=\"twitter:card\" content=\"summary_large_image\" \/>\n<meta name=\"twitter:label1\" content=\"Written by\" \/>\n\t<meta name=\"twitter:data1\" content=\"Meta\" \/>\n\t<meta name=\"twitter:label2\" content=\"Est. reading time\" \/>\n\t<meta name=\"twitter:data2\" content=\"2 minutos\" \/>\n<script type=\"application\/ld+json\" class=\"yoast-schema-graph\">{\"@context\":\"https:\/\/schema.org\",\"@graph\":[{\"@type\":\"Article\",\"@id\":\"https:\/\/about.fb.com\/ltam\/news\/2017\/06\/ahora-somos-2-000-millones-gracias-por-ser-parte-de-nuestra-comunidad\/#article\",\"isPartOf\":{\"@id\":\"https:\/\/about.fb.com\/ltam\/news\/2017\/06\/ahora-somos-2-000-millones-gracias-por-ser-parte-de-nuestra-comunidad\/\"},\"author\":\"Facebook company\",\"headline\":\"Ahora somos 2.000 millones: gracias por ser parte de nuestra comunidad\",\"datePublished\":\"2017-06-27T23:02:35+00:00\",\"dateModified\":\"2019-11-04T19:18:50+00:00\",\"mainEntityOfPage\":{\"@id\":\"https:\/\/about.fb.com\/ltam\/news\/2017\/06\/ahora-somos-2-000-millones-gracias-por-ser-parte-de-nuestra-comunidad\/\"},\"wordCount\":406,\"publisher\":{\"@id\":\"https:\/\/about.fb.com\/ltam\/#organization\"},\"image\":{\"@id\":\"https:\/\/about.fb.com\/ltam\/news\/2017\/06\/ahora-somos-2-000-millones-gracias-por-ser-parte-de-nuestra-comunidad\/#primaryimage\"},\"thumbnailUrl\":\"https:\/\/about.fb.com\/ltam\/wp-content\/uploads\/sites\/14\/2017\/06\/hard-capa-1.jpg\",\"keywords\":[\"Personas\"],\"articleSection\":[\"General\"],\"inLanguage\":\"es\"},{\"@type\":\"WebPage\",\"@id\":\"https:\/\/about.fb.com\/ltam\/news\/2017\/06\/ahora-somos-2-000-millones-gracias-por-ser-parte-de-nuestra-comunidad\/\",\"url\":\"https:\/\/about.fb.com\/ltam\/news\/2017\/06\/ahora-somos-2-000-millones-gracias-por-ser-parte-de-nuestra-comunidad\/\",\"name\":\"Ahora somos 2.000 millones: gracias por ser parte de nuestra comunidad | Acerca de Meta\",\"isPartOf\":{\"@id\":\"https:\/\/about.fb.com\/ltam\/#website\"},\"primaryImageOfPage\":{\"@id\":\"https:\/\/about.fb.com\/ltam\/news\/2017\/06\/ahora-somos-2-000-millones-gracias-por-ser-parte-de-nuestra-comunidad\/#primaryimage\"},\"image\":{\"@id\":\"https:\/\/about.fb.com\/ltam\/news\/2017\/06\/ahora-somos-2-000-millones-gracias-por-ser-parte-de-nuestra-comunidad\/#primaryimage\"},\"thumbnailUrl\":\"https:\/\/about.fb.com\/ltam\/wp-content\/uploads\/sites\/14\/2017\/06\/hard-capa-1.jpg\",\"datePublished\":\"2017-06-27T23:02:35+00:00\",\"dateModified\":\"2019-11-04T19:18:50+00:00\",\"breadcrumb\":{\"@id\":\"https:\/\/about.fb.com\/ltam\/news\/2017\/06\/ahora-somos-2-000-millones-gracias-por-ser-parte-de-nuestra-comunidad\/#breadcrumb\"},\"inLanguage\":\"es\",\"potentialAction\":[{\"@type\":\"ReadAction\",\"target\":[\"https:\/\/about.fb.com\/ltam\/news\/2017\/06\/ahora-somos-2-000-millones-gracias-por-ser-parte-de-nuestra-comunidad\/\"]}],\"author\":\"Acerca de Meta\"},{\"@type\":\"ImageObject\",\"inLanguage\":\"es\",\"@id\":\"https:\/\/about.fb.com\/ltam\/news\/2017\/06\/ahora-somos-2-000-millones-gracias-por-ser-parte-de-nuestra-comunidad\/#primaryimage\",\"url\":\"https:\/\/about.fb.com\/ltam\/wp-content\/uploads\/sites\/14\/2017\/06\/hard-capa-1.jpg?fit=960%2C480\",\"contentUrl\":\"https:\/\/about.fb.com\/ltam\/wp-content\/uploads\/sites\/14\/2017\/06\/hard-capa-1.jpg?fit=960%2C480\",\"width\":960,\"height\":480},{\"@type\":\"BreadcrumbList\",\"@id\":\"https:\/\/about.fb.com\/ltam\/news\/2017\/06\/ahora-somos-2-000-millones-gracias-por-ser-parte-de-nuestra-comunidad\/#breadcrumb\",\"itemListElement\":[{\"@type\":\"ListItem\",\"position\":1,\"name\":\"Home\",\"item\":\"https:\/\/about.fb.com\/ltam\/\"},{\"@type\":\"ListItem\",\"position\":2,\"name\":\"Ahora somos 2.000 millones: gracias por ser parte de nuestra comunidad\"}]},{\"@type\":\"WebSite\",\"@id\":\"https:\/\/about.fb.com\/ltam\/#website\",\"url\":\"https:\/\/about.fb.com\/news\/\",\"name\":\"Acerca de Meta\",\"description\":\"\",\"publisher\":{\"@id\":\"https:\/\/about.fb.com\/ltam\/#organization\"},\"potentialAction\":[{\"@type\":\"SearchAction\",\"target\":{\"@type\":\"EntryPoint\",\"urlTemplate\":\"https:\/\/about.fb.com\/ltam\/?s={search_term_string}\"},\"query-input\":{\"@type\":\"PropertyValueSpecification\",\"valueRequired\":true,\"valueName\":\"search_term_string\"}}],\"inLanguage\":\"es\",\"alternateName\":[\"Meta Newsroom\",\"Meta\"]},{\"@type\":\"Organization\",\"@id\":\"https:\/\/about.fb.com\/ltam\/#organization\",\"name\":\"Meta\",\"url\":\"https:\/\/about.fb.com\/ltam\/\",\"logo\":{\"@type\":\"ImageObject\",\"inLanguage\":\"es\",\"@id\":\"https:\/\/about.fb.com\/ltam\/#\/schema\/logo\/image\/\",\"url\":\"https:\/\/about.fb.com\/ltam\/wp-content\/uploads\/sites\/14\/2021\/10\/meta-social-16x9-1.jpg?fit=8000%2C4500\",\"contentUrl\":\"https:\/\/about.fb.com\/ltam\/wp-content\/uploads\/sites\/14\/2021\/10\/meta-social-16x9-1.jpg?fit=8000%2C4500\",\"width\":8000,\"height\":4500,\"caption\":\"Meta\"},\"image\":{\"@id\":\"https:\/\/about.fb.com\/ltam\/#\/schema\/logo\/image\/\"}}]}<\/script>\n<!-- \/ Yoast SEO plugin. -->","yoast_head_json":{"title":"Ahora somos 2.000 millones: gracias por ser parte de nuestra comunidad | Acerca de Meta","robots":{"index":"index","follow":"follow","max-snippet":"max-snippet:-1","max-image-preview":"max-image-preview:large","max-video-preview":"max-video-preview:-1"},"canonical":"https:\/\/about.fb.com\/ltam\/news\/2017\/06\/ahora-somos-2-000-millones-gracias-por-ser-parte-de-nuestra-comunidad\/","og_locale":"es_ES","og_type":"article","og_title":"Ahora somos 2.000 millones: gracias por ser parte de nuestra comunidad | Acerca de Meta","og_description":"Por Mike Nowak, Director de Producto e Guillermo Spiller, Gerente de Producto Como anunciado por Mark Zuckerberg hoy, hemos alcanzado un nuevo hito: 2.000 millones de personas conectadas y construyendo comunidades en Facebook cada mes. Jam\u00e1s hubi\u00e9ramos podido alcanzar esto sin las miles de personas y de comunidades peque\u00f1as que comparten y realizan contribuciones significativas en nuestra plataforma a diario. Todos los d\u00edas, m\u00e1s de 175 millones de personas dan \u201camor\u201d y, en promedio, m\u00e1s de 800 millones de personas dan un \u201cme gusta\u201d a una publicaci\u00f3n o comentario en Facebook. Todos los meses, m\u00e1s de 1.000 millones de personas usan Grupos. Para mostrar nuestra gratitud por todas las formas en que las personas se brindan apoyo mutuo, estamos compartiendo una serie de experiencias en Facebook. Celebrando el Bien que hacen las personas Despu\u00e9s de que alguien da \u201cme gusta\u201d o \u201cme encanta\u201d a una publicaci\u00f3n de amigos o familia, le desea feliz cumplea\u00f1os a alguien o crea un grupo, ver\u00e1n un mensaje celebratorio en su Secci\u00f3n de Noticias. Lo Bueno se multiplica con un video personalizado Estamos lanzando un video personalizado para que las personas celebren su aporte construyendo un mundo m\u00e1s unido. Podr\u00e1s ver tu video en tu Secci\u00f3n de Noticias o visitando: www.facebook.com\/goodaddsup. Compartiendo buenas historias de comunidad En Estados Unidos y en www.facebook.com\/goodaddsup, tambi\u00e9n estamos compartiendo historias inspiradoras sobre c\u00f3mo las personas usan Facebook para crear comunidades m\u00e1s unidas. Todos los d\u00edas, las personas se conectan las unas con las otras, contribuyen a sus comunidades locales y ayudan a hacer del mundo un lugar mejor. Y nosotros tambi\u00e9n queremos realizar nuestro aporte. Como Mark mencion\u00f3 la semana pasada en la Cumbre de Comunidad de Facebook, nuestra misi\u00f3n es unir al mundo. A trav\u00e9s de este objetivo, esperamos concretar nuestras mayores oportunidades y construir el mundo que queremos para las pr\u00f3ximas generaciones. Alcanzar este hito es solo un peque\u00f1o paso hacia la concreci\u00f3n de nuestro objetivo. Estamos muy emocionados por continuar construyendo productos que permitan a las personas conectarse las unas con las otras, sorteando barreras geogr\u00e1ficas y de lenguaje. \u00a1Gracias por ser parte de nuestra comunidad global!","og_url":"https:\/\/about.fb.com\/ltam\/news\/2017\/06\/ahora-somos-2-000-millones-gracias-por-ser-parte-de-nuestra-comunidad\/","og_site_name":"Acerca de Meta","article_published_time":"2017-06-27T23:02:35+00:00","article_modified_time":"2019-11-04T19:18:50+00:00","og_image":[{"url":"https:\/\/about.fb.com\/ltam\/wp-content\/uploads\/sites\/14\/2017\/06\/hard-capa-1.jpg","type":"","width":"","height":""}],"author":"marilaun","twitter_card":"summary_large_image","twitter_misc":{"Written by":"Meta","Est. reading time":"2 minutos"},"schema":{"@context":"https:\/\/schema.org","@graph":[{"@type":"Article","@id":"https:\/\/about.fb.com\/ltam\/news\/2017\/06\/ahora-somos-2-000-millones-gracias-por-ser-parte-de-nuestra-comunidad\/#article","isPartOf":{"@id":"https:\/\/about.fb.com\/ltam\/news\/2017\/06\/ahora-somos-2-000-millones-gracias-por-ser-parte-de-nuestra-comunidad\/"},"author":"Facebook company","headline":"Ahora somos 2.000 millones: gracias por ser parte de nuestra comunidad","datePublished":"2017-06-27T23:02:35+00:00","dateModified":"2019-11-04T19:18:50+00:00","mainEntityOfPage":{"@id":"https:\/\/about.fb.com\/ltam\/news\/2017\/06\/ahora-somos-2-000-millones-gracias-por-ser-parte-de-nuestra-comunidad\/"},"wordCount":406,"publisher":{"@id":"https:\/\/about.fb.com\/ltam\/#organization"},"image":{"@id":"https:\/\/about.fb.com\/ltam\/news\/2017\/06\/ahora-somos-2-000-millones-gracias-por-ser-parte-de-nuestra-comunidad\/#primaryimage"},"thumbnailUrl":"https:\/\/about.fb.com\/ltam\/wp-content\/uploads\/sites\/14\/2017\/06\/hard-capa-1.jpg","keywords":["Personas"],"articleSection":["General"],"inLanguage":"es"},{"@type":"WebPage","@id":"https:\/\/about.fb.com\/ltam\/news\/2017\/06\/ahora-somos-2-000-millones-gracias-por-ser-parte-de-nuestra-comunidad\/","url":"https:\/\/about.fb.com\/ltam\/news\/2017\/06\/ahora-somos-2-000-millones-gracias-por-ser-parte-de-nuestra-comunidad\/","name":"Ahora somos 2.000 millones: gracias por ser parte de nuestra comunidad | Acerca de Meta","isPartOf":{"@id":"https:\/\/about.fb.com\/ltam\/#website"},"primaryImageOfPage":{"@id":"https:\/\/about.fb.com\/ltam\/news\/2017\/06\/ahora-somos-2-000-millones-gracias-por-ser-parte-de-nuestra-comunidad\/#primaryimage"},"image":{"@id":"https:\/\/about.fb.com\/ltam\/news\/2017\/06\/ahora-somos-2-000-millones-gracias-por-ser-parte-de-nuestra-comunidad\/#primaryimage"},"thumbnailUrl":"https:\/\/about.fb.com\/ltam\/wp-content\/uploads\/sites\/14\/2017\/06\/hard-capa-1.jpg","datePublished":"2017-06-27T23:02:35+00:00","dateModified":"2019-11-04T19:18:50+00:00","breadcrumb":{"@id":"https:\/\/about.fb.com\/ltam\/news\/2017\/06\/ahora-somos-2-000-millones-gracias-por-ser-parte-de-nuestra-comunidad\/#breadcrumb"},"inLanguage":"es","potentialAction":[{"@type":"ReadAction","target":["https:\/\/about.fb.com\/ltam\/news\/2017\/06\/ahora-somos-2-000-millones-gracias-por-ser-parte-de-nuestra-comunidad\/"]}],"author":"Acerca de Meta"},{"@type":"ImageObject","inLanguage":"es","@id":"https:\/\/about.fb.com\/ltam\/news\/2017\/06\/ahora-somos-2-000-millones-gracias-por-ser-parte-de-nuestra-comunidad\/#primaryimage","url":"https:\/\/about.fb.com\/ltam\/wp-content\/uploads\/sites\/14\/2017\/06\/hard-capa-1.jpg?fit=960%2C480","contentUrl":"https:\/\/about.fb.com\/ltam\/wp-content\/uploads\/sites\/14\/2017\/06\/hard-capa-1.jpg?fit=960%2C480","width":960,"height":480},{"@type":"BreadcrumbList","@id":"https:\/\/about.fb.com\/ltam\/news\/2017\/06\/ahora-somos-2-000-millones-gracias-por-ser-parte-de-nuestra-comunidad\/#breadcrumb","itemListElement":[{"@type":"ListItem","position":1,"name":"Home","item":"https:\/\/about.fb.com\/ltam\/"},{"@type":"ListItem","position":2,"name":"Ahora somos 2.000 millones: gracias por ser parte de nuestra comunidad"}]},{"@type":"WebSite","@id":"https:\/\/about.fb.com\/ltam\/#website","url":"https:\/\/about.fb.com\/news\/","name":"Acerca de Meta","description":"","publisher":{"@id":"https:\/\/about.fb.com\/ltam\/#organization"},"potentialAction":[{"@type":"SearchAction","target":{"@type":"EntryPoint","urlTemplate":"https:\/\/about.fb.com\/ltam\/?s={search_term_string}"},"query-input":{"@type":"PropertyValueSpecification","valueRequired":true,"valueName":"search_term_string"}}],"inLanguage":"es","alternateName":["Meta Newsroom","Meta"]},{"@type":"Organization","@id":"https:\/\/about.fb.com\/ltam\/#organization","name":"Meta","url":"https:\/\/about.fb.com\/ltam\/","logo":{"@type":"ImageObject","inLanguage":"es","@id":"https:\/\/about.fb.com\/ltam\/#\/schema\/logo\/image\/","url":"https:\/\/about.fb.com\/ltam\/wp-content\/uploads\/sites\/14\/2021\/10\/meta-social-16x9-1.jpg?fit=8000%2C4500","contentUrl":"https:\/\/about.fb.com\/ltam\/wp-content\/uploads\/sites\/14\/2021\/10\/meta-social-16x9-1.jpg?fit=8000%2C4500","width":8000,"height":4500,"caption":"Meta"},"image":{"@id":"https:\/\/about.fb.com\/ltam\/#\/schema\/logo\/image\/"}}]}},"jetpack_featured_media_url":"","jetpack-related-posts":[],"jetpack_sharing_enabled":true,"amp_enabled":true,"_links":{"self":[{"href":"https:\/\/about.fb.com\/ltam\/wp-json\/wp\/v2\/posts\/6060","targetHints":{"allow":["GET"]}}],"collection":[{"href":"https:\/\/about.fb.com\/ltam\/wp-json\/wp\/v2\/posts"}],"about":[{"href":"https:\/\/about.fb.com\/ltam\/wp-json\/wp\/v2\/types\/post"}],"author":[{"embeddable":true,"href":"https:\/\/about.fb.com\/ltam\/wp-json\/wp\/v2\/users\/118973926"}],"replies":[{"embeddable":true,"href":"https:\/\/about.fb.com\/ltam\/wp-json\/wp\/v2\/comments?post=6060"}],"version-history":[{"count":3,"href":"https:\/\/about.fb.com\/ltam\/wp-json\/wp\/v2\/posts\/6060\/revisions"}],"predecessor-version":[{"id":7772,"href":"https:\/\/about.fb.com\/ltam\/wp-json\/wp\/v2\/posts\/6060\/revisions\/7772"}],"wp:attachment":[{"href":"https:\/\/about.fb.com\/ltam\/wp-json\/wp\/v2\/media?parent=6060"}],"wp:term":[{"taxonomy":"category","embeddable":true,"href":"https:\/\/about.fb.com\/ltam\/wp-json\/wp\/v2\/categories?post=6060"},{"taxonomy":"post_tag","embeddable":true,"href":"https:\/\/about.fb.com\/ltam\/wp-json\/wp\/v2\/tags?post=6060"}],"curies":[{"name":"wp","href":"https:\/\/api.w.org\/{rel}","templated":true}]}}