{"id":5810,"date":"2017-02-02T17:14:25","date_gmt":"2017-02-02T17:14:25","guid":{"rendered":"http:\/\/ltam.newsroom.fb.com\/?p=5810"},"modified":"2019-11-04T13:21:13","modified_gmt":"2019-11-04T19:21:13","slug":"dia-del-amigo-encontrando-tiempo-para-conectar-con-los-amigos","status":"publish","type":"post","link":"https:\/\/about.fb.com\/ltam\/news\/2017\/02\/dia-del-amigo-encontrando-tiempo-para-conectar-con-los-amigos\/","title":{"rendered":"D\u00eda del Amigo: Encontrando tiempo para conectar con los amigos"},"content":{"rendered":"<p><img data-recalc-dims=\"1\" loading=\"lazy\" decoding=\"async\" class=\"aligncenter size-large wp-image-5813\" src=\"https:\/\/about.fb.com\/ltam\/wp-content\/uploads\/sites\/14\/2017\/02\/friendsday1-1.jpeg?resize=960%2C782\" alt=\"friendsday1\" width=\"960\" height=\"782\" \/><\/p>\n<p>Por Oren Hod, Gerente de Producto<\/p>\n<p>La amistad hace que nuestro mundo se vuelva cada vez m\u00e1s conectado, permite que ocurran cosas poderosas y transforma la vida de personas y comunidades. Conectarnos es hoy m\u00e1s importante que nunca.<\/p>\n<p>El 4 de febrero Facebook cumple 13 a\u00f1os y lo celebramos como el D\u00eda del Amigo. Para conmemorarlo vamos a compartir historias de conexiones poderosas forjadas en nuestra comunidad, adem\u00e1s de lanzar productos para celebrar la amistad y animar a las personas a tomarse el tiempo de conectar con sus amigos.<\/p>\n<p><b>Tu video del D\u00eda del Amigo <\/b><br \/>\nPara celebrar el D\u00eda del Amigo esta semana podr\u00e1s ver un video personalizado al inicio de tu Secci\u00f3n de Noticias. El video es un compilado de tus amigos de Facebook y de los momentos que han compartido. Las personas podr\u00e1n compartir el video con sus amigos, adem\u00e1s de fotos e historias de amistad con el hashtag #friendsday.<\/p>\n<!-- Embed not found -->\n<p><b>Saluda a tus amigos con nuevos GIFs<\/b><br \/>\nMessenger ofrecer\u00e1 nuevos GIFs sobre la amistad, otra forma de iniciar conversaciones con las personas m\u00e1s relevantes para t\u00ed con motivo del D\u00eda del Amigo.<\/p>\n<p><img data-recalc-dims=\"1\" loading=\"lazy\" decoding=\"async\" class=\"aligncenter size-full wp-image-5817\" src=\"https:\/\/about.fb.com\/ltam\/wp-content\/uploads\/sites\/14\/2017\/02\/friends-day-messenger-screenshot-combined-1.png?resize=960%2C513\" alt=\"friends-day-messenger-screenshot-combined\" width=\"960\" height=\"513\" \/><\/p>\n<p><b>Historias inspiradoras<\/b><br \/>\nMiembros de nuestra comunidad que han conectado con amigos en todo el mundo a trav\u00e9s de Grupos de Facebook nos acompa\u00f1aron esta semana en nuestras oficinas de Menlo Park, California, para compartir sus historias sobre el poder de la amistad y sobre c\u00f3mo la tecnolog\u00eda facilita m\u00e1s que nunca construir comunidades verdaderamente globales.<\/p>\n<!-- Embed not found -->\n<p>This Friends Day, celebrate friendship by taking time to connect with your friends and share these moments using #friendsday.<\/p>\n","protected":false},"excerpt":{"rendered":"Por Oren Hod, Gerente de Producto La amistad hace que nuestro mundo se vuelva cada vez m\u00e1s conectado, permite que ocurran cosas poderosas y transforma la vida de personas y comunidades. Conectarnos es hoy m\u00e1s importante que nunca. El 4 de febrero Facebook cumple 13 a\u00f1os y lo celebramos como el D\u00eda del Amigo. Para conmemorarlo vamos a compartir historias de conexiones poderosas forjadas en nuestra comunidad, adem\u00e1s de lanzar productos para celebrar la amistad y animar a las personas a tomarse el tiempo de conectar con sus amigos. Tu video del D\u00eda del Amigo Para celebrar el D\u00eda del Amigo esta semana podr\u00e1s ver un video personalizado al inicio de tu Secci\u00f3n de Noticias. El video es un compilado de tus amigos de Facebook y de los momentos que han compartido. Las personas podr\u00e1n compartir el video con sus amigos, adem\u00e1s de fotos e historias de amistad con el hashtag #friendsday. Saluda a tus amigos con nuevos GIFs Messenger ofrecer\u00e1 nuevos GIFs sobre la amistad, otra forma de iniciar conversaciones con las personas m\u00e1s relevantes para t\u00ed con motivo del D\u00eda del Amigo. Historias inspiradoras Miembros de nuestra comunidad que han conectado con amigos en todo el mundo a trav\u00e9s de Grupos de Facebook nos acompa\u00f1aron esta semana en nuestras oficinas de Menlo Park, California, para compartir sus historias sobre el poder de la amistad y sobre c\u00f3mo la tecnolog\u00eda facilita m\u00e1s que nunca construir comunidades verdaderamente globales. This Friends Day, celebrate friendship by taking time to connect with your friends and share these moments using #friendsday.","protected":false},"author":82070692,"featured_media":0,"comment_status":"closed","ping_status":"closed","sticky":false,"template":"","format":"standard","meta":{"_jetpack_memberships_contains_paid_content":false,"footnotes":""},"categories":[54],"tags":[243947879],"class_list":["post-5810","post","type-post","status-publish","format-standard","hentry","category-general","tag-dia-del-amigo"],"yoast_head":"<!-- This site is optimized with the Yoast SEO plugin v27.2 - https:\/\/yoast.com\/product\/yoast-seo-wordpress\/ -->\n<title>D\u00eda del Amigo: Encontrando tiempo para conectar con los amigos | Acerca de Meta<\/title>\n<meta name=\"robots\" content=\"index, follow, max-snippet:-1, max-image-preview:large, max-video-preview:-1\" \/>\n<link rel=\"canonical\" href=\"https:\/\/about.fb.com\/ltam\/news\/2017\/02\/dia-del-amigo-encontrando-tiempo-para-conectar-con-los-amigos\/\" \/>\n<meta property=\"og:locale\" content=\"es_ES\" \/>\n<meta property=\"og:type\" content=\"article\" \/>\n<meta property=\"og:title\" content=\"D\u00eda del Amigo: Encontrando tiempo para conectar con los amigos | Acerca de Meta\" \/>\n<meta property=\"og:description\" content=\"Por Oren Hod, Gerente de Producto La amistad hace que nuestro mundo se vuelva cada vez m\u00e1s conectado, permite que ocurran cosas poderosas y transforma la vida de personas y comunidades. Conectarnos es hoy m\u00e1s importante que nunca. El 4 de febrero Facebook cumple 13 a\u00f1os y lo celebramos como el D\u00eda del Amigo. Para conmemorarlo vamos a compartir historias de conexiones poderosas forjadas en nuestra comunidad, adem\u00e1s de lanzar productos para celebrar la amistad y animar a las personas a tomarse el tiempo de conectar con sus amigos. Tu video del D\u00eda del Amigo Para celebrar el D\u00eda del Amigo esta semana podr\u00e1s ver un video personalizado al inicio de tu Secci\u00f3n de Noticias. El video es un compilado de tus amigos de Facebook y de los momentos que han compartido. Las personas podr\u00e1n compartir el video con sus amigos, adem\u00e1s de fotos e historias de amistad con el hashtag #friendsday. Saluda a tus amigos con nuevos GIFs Messenger ofrecer\u00e1 nuevos GIFs sobre la amistad, otra forma de iniciar conversaciones con las personas m\u00e1s relevantes para t\u00ed con motivo del D\u00eda del Amigo. Historias inspiradoras Miembros de nuestra comunidad que han conectado con amigos en todo el mundo a trav\u00e9s de Grupos de Facebook nos acompa\u00f1aron esta semana en nuestras oficinas de Menlo Park, California, para compartir sus historias sobre el poder de la amistad y sobre c\u00f3mo la tecnolog\u00eda facilita m\u00e1s que nunca construir comunidades verdaderamente globales. This Friends Day, celebrate friendship by taking time to connect with your friends and share these moments using #friendsday.\" \/>\n<meta property=\"og:url\" content=\"https:\/\/about.fb.com\/ltam\/news\/2017\/02\/dia-del-amigo-encontrando-tiempo-para-conectar-con-los-amigos\/\" \/>\n<meta property=\"og:site_name\" content=\"Acerca de Meta\" \/>\n<meta property=\"article:published_time\" content=\"2017-02-02T17:14:25+00:00\" \/>\n<meta property=\"article:modified_time\" content=\"2019-11-04T19:21:13+00:00\" \/>\n<meta property=\"og:image\" content=\"https:\/\/about.fb.com\/ltam\/wp-content\/uploads\/sites\/14\/2017\/02\/friendsday1-1.jpeg\" \/>\n<meta name=\"author\" content=\"newsroomlatam\" \/>\n<meta name=\"twitter:card\" content=\"summary_large_image\" \/>\n<meta name=\"twitter:label1\" content=\"Written by\" \/>\n\t<meta name=\"twitter:data1\" content=\"Meta\" \/>\n\t<meta name=\"twitter:label2\" content=\"Est. reading time\" \/>\n\t<meta name=\"twitter:data2\" content=\"2 minutos\" \/>\n<script type=\"application\/ld+json\" class=\"yoast-schema-graph\">{\"@context\":\"https:\/\/schema.org\",\"@graph\":[{\"@type\":\"Article\",\"@id\":\"https:\/\/about.fb.com\/ltam\/news\/2017\/02\/dia-del-amigo-encontrando-tiempo-para-conectar-con-los-amigos\/#article\",\"isPartOf\":{\"@id\":\"https:\/\/about.fb.com\/ltam\/news\/2017\/02\/dia-del-amigo-encontrando-tiempo-para-conectar-con-los-amigos\/\"},\"author\":\"Facebook company\",\"headline\":\"D\u00eda del Amigo: Encontrando tiempo para conectar con los amigos\",\"datePublished\":\"2017-02-02T17:14:25+00:00\",\"dateModified\":\"2019-11-04T19:21:13+00:00\",\"mainEntityOfPage\":{\"@id\":\"https:\/\/about.fb.com\/ltam\/news\/2017\/02\/dia-del-amigo-encontrando-tiempo-para-conectar-con-los-amigos\/\"},\"wordCount\":332,\"publisher\":{\"@id\":\"https:\/\/about.fb.com\/ltam\/#organization\"},\"image\":{\"@id\":\"https:\/\/about.fb.com\/ltam\/news\/2017\/02\/dia-del-amigo-encontrando-tiempo-para-conectar-con-los-amigos\/#primaryimage\"},\"thumbnailUrl\":\"https:\/\/about.fb.com\/ltam\/wp-content\/uploads\/sites\/14\/2017\/02\/friendsday1-1.jpeg\",\"keywords\":[\"Dia del Amigo\"],\"articleSection\":[\"General\"],\"inLanguage\":\"es\"},{\"@type\":\"WebPage\",\"@id\":\"https:\/\/about.fb.com\/ltam\/news\/2017\/02\/dia-del-amigo-encontrando-tiempo-para-conectar-con-los-amigos\/\",\"url\":\"https:\/\/about.fb.com\/ltam\/news\/2017\/02\/dia-del-amigo-encontrando-tiempo-para-conectar-con-los-amigos\/\",\"name\":\"D\u00eda del Amigo: Encontrando tiempo para conectar con los amigos | Acerca de Meta\",\"isPartOf\":{\"@id\":\"https:\/\/about.fb.com\/ltam\/#website\"},\"primaryImageOfPage\":{\"@id\":\"https:\/\/about.fb.com\/ltam\/news\/2017\/02\/dia-del-amigo-encontrando-tiempo-para-conectar-con-los-amigos\/#primaryimage\"},\"image\":{\"@id\":\"https:\/\/about.fb.com\/ltam\/news\/2017\/02\/dia-del-amigo-encontrando-tiempo-para-conectar-con-los-amigos\/#primaryimage\"},\"thumbnailUrl\":\"https:\/\/about.fb.com\/ltam\/wp-content\/uploads\/sites\/14\/2017\/02\/friendsday1-1.jpeg\",\"datePublished\":\"2017-02-02T17:14:25+00:00\",\"dateModified\":\"2019-11-04T19:21:13+00:00\",\"breadcrumb\":{\"@id\":\"https:\/\/about.fb.com\/ltam\/news\/2017\/02\/dia-del-amigo-encontrando-tiempo-para-conectar-con-los-amigos\/#breadcrumb\"},\"inLanguage\":\"es\",\"potentialAction\":[{\"@type\":\"ReadAction\",\"target\":[\"https:\/\/about.fb.com\/ltam\/news\/2017\/02\/dia-del-amigo-encontrando-tiempo-para-conectar-con-los-amigos\/\"]}],\"author\":\"Acerca de Meta\"},{\"@type\":\"ImageObject\",\"inLanguage\":\"es\",\"@id\":\"https:\/\/about.fb.com\/ltam\/news\/2017\/02\/dia-del-amigo-encontrando-tiempo-para-conectar-con-los-amigos\/#primaryimage\",\"url\":\"https:\/\/about.fb.com\/ltam\/wp-content\/uploads\/sites\/14\/2017\/02\/friendsday1-1.jpeg?fit=960%2C782\",\"contentUrl\":\"https:\/\/about.fb.com\/ltam\/wp-content\/uploads\/sites\/14\/2017\/02\/friendsday1-1.jpeg?fit=960%2C782\",\"width\":960,\"height\":782},{\"@type\":\"BreadcrumbList\",\"@id\":\"https:\/\/about.fb.com\/ltam\/news\/2017\/02\/dia-del-amigo-encontrando-tiempo-para-conectar-con-los-amigos\/#breadcrumb\",\"itemListElement\":[{\"@type\":\"ListItem\",\"position\":1,\"name\":\"Home\",\"item\":\"https:\/\/about.fb.com\/ltam\/\"},{\"@type\":\"ListItem\",\"position\":2,\"name\":\"D\u00eda del Amigo: Encontrando tiempo para conectar con los amigos\"}]},{\"@type\":\"WebSite\",\"@id\":\"https:\/\/about.fb.com\/ltam\/#website\",\"url\":\"https:\/\/about.fb.com\/news\/\",\"name\":\"Acerca de Meta\",\"description\":\"\",\"publisher\":{\"@id\":\"https:\/\/about.fb.com\/ltam\/#organization\"},\"potentialAction\":[{\"@type\":\"SearchAction\",\"target\":{\"@type\":\"EntryPoint\",\"urlTemplate\":\"https:\/\/about.fb.com\/ltam\/?s={search_term_string}\"},\"query-input\":{\"@type\":\"PropertyValueSpecification\",\"valueRequired\":true,\"valueName\":\"search_term_string\"}}],\"inLanguage\":\"es\",\"alternateName\":[\"Meta Newsroom\",\"Meta\"]},{\"@type\":\"Organization\",\"@id\":\"https:\/\/about.fb.com\/ltam\/#organization\",\"name\":\"Meta\",\"url\":\"https:\/\/about.fb.com\/ltam\/\",\"logo\":{\"@type\":\"ImageObject\",\"inLanguage\":\"es\",\"@id\":\"https:\/\/about.fb.com\/ltam\/#\/schema\/logo\/image\/\",\"url\":\"https:\/\/about.fb.com\/ltam\/wp-content\/uploads\/sites\/14\/2021\/10\/meta-social-16x9-1.jpg?fit=8000%2C4500\",\"contentUrl\":\"https:\/\/about.fb.com\/ltam\/wp-content\/uploads\/sites\/14\/2021\/10\/meta-social-16x9-1.jpg?fit=8000%2C4500\",\"width\":8000,\"height\":4500,\"caption\":\"Meta\"},\"image\":{\"@id\":\"https:\/\/about.fb.com\/ltam\/#\/schema\/logo\/image\/\"}}]}<\/script>\n<!-- \/ Yoast SEO plugin. -->","yoast_head_json":{"title":"D\u00eda del Amigo: Encontrando tiempo para conectar con los amigos | Acerca de Meta","robots":{"index":"index","follow":"follow","max-snippet":"max-snippet:-1","max-image-preview":"max-image-preview:large","max-video-preview":"max-video-preview:-1"},"canonical":"https:\/\/about.fb.com\/ltam\/news\/2017\/02\/dia-del-amigo-encontrando-tiempo-para-conectar-con-los-amigos\/","og_locale":"es_ES","og_type":"article","og_title":"D\u00eda del Amigo: Encontrando tiempo para conectar con los amigos | Acerca de Meta","og_description":"Por Oren Hod, Gerente de Producto La amistad hace que nuestro mundo se vuelva cada vez m\u00e1s conectado, permite que ocurran cosas poderosas y transforma la vida de personas y comunidades. Conectarnos es hoy m\u00e1s importante que nunca. El 4 de febrero Facebook cumple 13 a\u00f1os y lo celebramos como el D\u00eda del Amigo. Para conmemorarlo vamos a compartir historias de conexiones poderosas forjadas en nuestra comunidad, adem\u00e1s de lanzar productos para celebrar la amistad y animar a las personas a tomarse el tiempo de conectar con sus amigos. Tu video del D\u00eda del Amigo Para celebrar el D\u00eda del Amigo esta semana podr\u00e1s ver un video personalizado al inicio de tu Secci\u00f3n de Noticias. El video es un compilado de tus amigos de Facebook y de los momentos que han compartido. Las personas podr\u00e1n compartir el video con sus amigos, adem\u00e1s de fotos e historias de amistad con el hashtag #friendsday. Saluda a tus amigos con nuevos GIFs Messenger ofrecer\u00e1 nuevos GIFs sobre la amistad, otra forma de iniciar conversaciones con las personas m\u00e1s relevantes para t\u00ed con motivo del D\u00eda del Amigo. Historias inspiradoras Miembros de nuestra comunidad que han conectado con amigos en todo el mundo a trav\u00e9s de Grupos de Facebook nos acompa\u00f1aron esta semana en nuestras oficinas de Menlo Park, California, para compartir sus historias sobre el poder de la amistad y sobre c\u00f3mo la tecnolog\u00eda facilita m\u00e1s que nunca construir comunidades verdaderamente globales. This Friends Day, celebrate friendship by taking time to connect with your friends and share these moments using #friendsday.","og_url":"https:\/\/about.fb.com\/ltam\/news\/2017\/02\/dia-del-amigo-encontrando-tiempo-para-conectar-con-los-amigos\/","og_site_name":"Acerca de Meta","article_published_time":"2017-02-02T17:14:25+00:00","article_modified_time":"2019-11-04T19:21:13+00:00","og_image":[{"url":"https:\/\/about.fb.com\/ltam\/wp-content\/uploads\/sites\/14\/2017\/02\/friendsday1-1.jpeg","type":"","width":"","height":""}],"author":"newsroomlatam","twitter_card":"summary_large_image","twitter_misc":{"Written by":"Meta","Est. reading time":"2 minutos"},"schema":{"@context":"https:\/\/schema.org","@graph":[{"@type":"Article","@id":"https:\/\/about.fb.com\/ltam\/news\/2017\/02\/dia-del-amigo-encontrando-tiempo-para-conectar-con-los-amigos\/#article","isPartOf":{"@id":"https:\/\/about.fb.com\/ltam\/news\/2017\/02\/dia-del-amigo-encontrando-tiempo-para-conectar-con-los-amigos\/"},"author":"Facebook company","headline":"D\u00eda del Amigo: Encontrando tiempo para conectar con los amigos","datePublished":"2017-02-02T17:14:25+00:00","dateModified":"2019-11-04T19:21:13+00:00","mainEntityOfPage":{"@id":"https:\/\/about.fb.com\/ltam\/news\/2017\/02\/dia-del-amigo-encontrando-tiempo-para-conectar-con-los-amigos\/"},"wordCount":332,"publisher":{"@id":"https:\/\/about.fb.com\/ltam\/#organization"},"image":{"@id":"https:\/\/about.fb.com\/ltam\/news\/2017\/02\/dia-del-amigo-encontrando-tiempo-para-conectar-con-los-amigos\/#primaryimage"},"thumbnailUrl":"https:\/\/about.fb.com\/ltam\/wp-content\/uploads\/sites\/14\/2017\/02\/friendsday1-1.jpeg","keywords":["Dia del Amigo"],"articleSection":["General"],"inLanguage":"es"},{"@type":"WebPage","@id":"https:\/\/about.fb.com\/ltam\/news\/2017\/02\/dia-del-amigo-encontrando-tiempo-para-conectar-con-los-amigos\/","url":"https:\/\/about.fb.com\/ltam\/news\/2017\/02\/dia-del-amigo-encontrando-tiempo-para-conectar-con-los-amigos\/","name":"D\u00eda del Amigo: Encontrando tiempo para conectar con los amigos | Acerca de Meta","isPartOf":{"@id":"https:\/\/about.fb.com\/ltam\/#website"},"primaryImageOfPage":{"@id":"https:\/\/about.fb.com\/ltam\/news\/2017\/02\/dia-del-amigo-encontrando-tiempo-para-conectar-con-los-amigos\/#primaryimage"},"image":{"@id":"https:\/\/about.fb.com\/ltam\/news\/2017\/02\/dia-del-amigo-encontrando-tiempo-para-conectar-con-los-amigos\/#primaryimage"},"thumbnailUrl":"https:\/\/about.fb.com\/ltam\/wp-content\/uploads\/sites\/14\/2017\/02\/friendsday1-1.jpeg","datePublished":"2017-02-02T17:14:25+00:00","dateModified":"2019-11-04T19:21:13+00:00","breadcrumb":{"@id":"https:\/\/about.fb.com\/ltam\/news\/2017\/02\/dia-del-amigo-encontrando-tiempo-para-conectar-con-los-amigos\/#breadcrumb"},"inLanguage":"es","potentialAction":[{"@type":"ReadAction","target":["https:\/\/about.fb.com\/ltam\/news\/2017\/02\/dia-del-amigo-encontrando-tiempo-para-conectar-con-los-amigos\/"]}],"author":"Acerca de Meta"},{"@type":"ImageObject","inLanguage":"es","@id":"https:\/\/about.fb.com\/ltam\/news\/2017\/02\/dia-del-amigo-encontrando-tiempo-para-conectar-con-los-amigos\/#primaryimage","url":"https:\/\/about.fb.com\/ltam\/wp-content\/uploads\/sites\/14\/2017\/02\/friendsday1-1.jpeg?fit=960%2C782","contentUrl":"https:\/\/about.fb.com\/ltam\/wp-content\/uploads\/sites\/14\/2017\/02\/friendsday1-1.jpeg?fit=960%2C782","width":960,"height":782},{"@type":"BreadcrumbList","@id":"https:\/\/about.fb.com\/ltam\/news\/2017\/02\/dia-del-amigo-encontrando-tiempo-para-conectar-con-los-amigos\/#breadcrumb","itemListElement":[{"@type":"ListItem","position":1,"name":"Home","item":"https:\/\/about.fb.com\/ltam\/"},{"@type":"ListItem","position":2,"name":"D\u00eda del Amigo: Encontrando tiempo para conectar con los amigos"}]},{"@type":"WebSite","@id":"https:\/\/about.fb.com\/ltam\/#website","url":"https:\/\/about.fb.com\/news\/","name":"Acerca de Meta","description":"","publisher":{"@id":"https:\/\/about.fb.com\/ltam\/#organization"},"potentialAction":[{"@type":"SearchAction","target":{"@type":"EntryPoint","urlTemplate":"https:\/\/about.fb.com\/ltam\/?s={search_term_string}"},"query-input":{"@type":"PropertyValueSpecification","valueRequired":true,"valueName":"search_term_string"}}],"inLanguage":"es","alternateName":["Meta Newsroom","Meta"]},{"@type":"Organization","@id":"https:\/\/about.fb.com\/ltam\/#organization","name":"Meta","url":"https:\/\/about.fb.com\/ltam\/","logo":{"@type":"ImageObject","inLanguage":"es","@id":"https:\/\/about.fb.com\/ltam\/#\/schema\/logo\/image\/","url":"https:\/\/about.fb.com\/ltam\/wp-content\/uploads\/sites\/14\/2021\/10\/meta-social-16x9-1.jpg?fit=8000%2C4500","contentUrl":"https:\/\/about.fb.com\/ltam\/wp-content\/uploads\/sites\/14\/2021\/10\/meta-social-16x9-1.jpg?fit=8000%2C4500","width":8000,"height":4500,"caption":"Meta"},"image":{"@id":"https:\/\/about.fb.com\/ltam\/#\/schema\/logo\/image\/"}}]}},"jetpack_featured_media_url":"","jetpack-related-posts":[],"jetpack_sharing_enabled":true,"amp_enabled":true,"_links":{"self":[{"href":"https:\/\/about.fb.com\/ltam\/wp-json\/wp\/v2\/posts\/5810","targetHints":{"allow":["GET"]}}],"collection":[{"href":"https:\/\/about.fb.com\/ltam\/wp-json\/wp\/v2\/posts"}],"about":[{"href":"https:\/\/about.fb.com\/ltam\/wp-json\/wp\/v2\/types\/post"}],"author":[{"embeddable":true,"href":"https:\/\/about.fb.com\/ltam\/wp-json\/wp\/v2\/users\/82070692"}],"replies":[{"embeddable":true,"href":"https:\/\/about.fb.com\/ltam\/wp-json\/wp\/v2\/comments?post=5810"}],"version-history":[{"count":8,"href":"https:\/\/about.fb.com\/ltam\/wp-json\/wp\/v2\/posts\/5810\/revisions"}],"predecessor-version":[{"id":7868,"href":"https:\/\/about.fb.com\/ltam\/wp-json\/wp\/v2\/posts\/5810\/revisions\/7868"}],"wp:attachment":[{"href":"https:\/\/about.fb.com\/ltam\/wp-json\/wp\/v2\/media?parent=5810"}],"wp:term":[{"taxonomy":"category","embeddable":true,"href":"https:\/\/about.fb.com\/ltam\/wp-json\/wp\/v2\/categories?post=5810"},{"taxonomy":"post_tag","embeddable":true,"href":"https:\/\/about.fb.com\/ltam\/wp-json\/wp\/v2\/tags?post=5810"}],"curies":[{"name":"wp","href":"https:\/\/api.w.org\/{rel}","templated":true}]}}