{"id":5538,"date":"2016-07-07T16:30:34","date_gmt":"2016-07-07T16:30:34","guid":{"rendered":"http:\/\/ltam.newsroom.fb.com\/?p=5538"},"modified":"2019-11-04T13:22:24","modified_gmt":"2019-11-04T19:22:24","slug":"facebook-se-suma-al-sistema-de-alerta-amber-en-mexico","status":"publish","type":"post","link":"https:\/\/about.fb.com\/ltam\/news\/2016\/07\/facebook-se-suma-al-sistema-de-alerta-amber-en-mexico\/","title":{"rendered":"Alertas AMBER ahora disponibles en Facebook en M\u00e9xico"},"content":{"rendered":"<p><img data-recalc-dims=\"1\" loading=\"lazy\" decoding=\"async\" class=\"aligncenter size-full wp-image-5541\" src=\"https:\/\/about.fb.com\/ltam\/wp-content\/uploads\/sites\/14\/2016\/07\/amber-alert-example-1.jpg?resize=720%2C405\" alt=\"AMBER Alert Example\" width=\"720\" height=\"405\" \/><\/p>\n<p>Facebook anunci\u00f3 el jueves una nueva herramienta para la difusi\u00f3n de Alerta AMBER en M\u00e9xico, utilizando su plataforma para ayudar a localizar a menores desaparecidos.<\/p>\n<p>El programa en colaboraci\u00f3n con la Procurador\u00eda General de la Rep\u00fablica utilizar\u00e1 Facebook para alertar a las personas que se encuentren en posici\u00f3n de identificar y ayudar al menor desaparecido. A partir de ahora, cuando la PGR emita un Alerta AMBER la informaci\u00f3n ser\u00e1 compartida con los usuarios de Facebook en la zona donde desapareci\u00f3 o fue visto el menor.<\/p>\n<p>\u201cSabemos que cuando desaparece un ni\u00f1o, lo mejor es difundir la informaci\u00f3n a las personas lo m\u00e1s r\u00e1pido posible. Las Alertas AMBER en Facebook ayudar\u00e1n a reunir a los ni\u00f1os con sus familias, poniendo la informaci\u00f3n correcta, en manos de las personas correctas y en el momento correcto\u201d, dijo Emily Vacher, Directora de Seguridad en Facebook.<\/p>\n<p>Los Alertas AMBER de Facebook fueron lanzados en un evento en el que particip\u00f3 el Subprodurador de Derechos Humanos, Prevenci\u00f3n del Delito y Servicios a la Comunidad y la Coordinadora\u00a0de Estrategia Digital Nacional, Lic. Alejandra Lagunes.<\/p>\n<p>M\u00e9xico es el primer pa\u00eds en Am\u00e9rica Latina en el que se activa la difusi\u00f3n de Alertas AMBER a trav\u00e9s de\u00a0Facebook.<\/p>\n<p><img data-recalc-dims=\"1\" loading=\"lazy\" decoding=\"async\" class=\"aligncenter size-large wp-image-5539\" src=\"https:\/\/about.fb.com\/ltam\/wp-content\/uploads\/sites\/14\/2016\/07\/amber-alert-launch-mx-1.jpeg?resize=960%2C540\" alt=\"AMBER Alert launch MX\" width=\"960\" height=\"540\" \/><\/p>\n","protected":false},"excerpt":{"rendered":"Facebook anunci\u00f3 el jueves una nueva herramienta para la difusi\u00f3n de Alerta AMBER en M\u00e9xico, utilizando su plataforma para ayudar a localizar a menores desaparecidos. El programa en colaboraci\u00f3n con la Procurador\u00eda General de la Rep\u00fablica utilizar\u00e1 Facebook para alertar a las personas que se encuentren en posici\u00f3n de identificar y ayudar al menor desaparecido. A partir de ahora, cuando la PGR emita un Alerta AMBER la informaci\u00f3n ser\u00e1 compartida con los usuarios de Facebook en la zona donde desapareci\u00f3 o fue visto el menor. \u201cSabemos que cuando desaparece un ni\u00f1o, lo mejor es difundir la informaci\u00f3n a las personas lo m\u00e1s r\u00e1pido posible. Las Alertas AMBER en Facebook ayudar\u00e1n a reunir a los ni\u00f1os con sus familias, poniendo la informaci\u00f3n correcta, en manos de las personas correctas y en el momento correcto\u201d, dijo Emily Vacher, Directora de Seguridad en Facebook. Los Alertas AMBER de Facebook fueron lanzados en un evento en el que particip\u00f3 el Subprodurador de Derechos Humanos, Prevenci\u00f3n del Delito y Servicios a la Comunidad y la Coordinadora\u00a0de Estrategia Digital Nacional, Lic. Alejandra Lagunes. M\u00e9xico es el primer pa\u00eds en Am\u00e9rica Latina en el que se activa la difusi\u00f3n de Alertas AMBER a trav\u00e9s de\u00a0Facebook.","protected":false},"author":95829248,"featured_media":0,"comment_status":"closed","ping_status":"closed","sticky":false,"template":"","format":"standard","meta":{"_jetpack_memberships_contains_paid_content":false,"footnotes":""},"categories":[54],"tags":[243947859,243947858,243930626],"class_list":["post-5538","post","type-post","status-publish","format-standard","hentry","category-general","tag-alerta-amber","tag-amber-alert","tag-seguridad"],"yoast_head":"<!-- This site is optimized with the Yoast SEO plugin v27.2 - https:\/\/yoast.com\/product\/yoast-seo-wordpress\/ -->\n<title>Alertas AMBER ahora disponibles en Facebook en M\u00e9xico | Acerca de Meta<\/title>\n<meta name=\"robots\" content=\"index, follow, max-snippet:-1, max-image-preview:large, max-video-preview:-1\" \/>\n<link rel=\"canonical\" href=\"https:\/\/about.fb.com\/ltam\/news\/2016\/07\/facebook-se-suma-al-sistema-de-alerta-amber-en-mexico\/\" \/>\n<meta property=\"og:locale\" content=\"es_ES\" \/>\n<meta property=\"og:type\" content=\"article\" \/>\n<meta property=\"og:title\" content=\"Alertas AMBER ahora disponibles en Facebook en M\u00e9xico | Acerca de Meta\" \/>\n<meta property=\"og:description\" content=\"Facebook anunci\u00f3 el jueves una nueva herramienta para la difusi\u00f3n de Alerta AMBER en M\u00e9xico, utilizando su plataforma para ayudar a localizar a menores desaparecidos. El programa en colaboraci\u00f3n con la Procurador\u00eda General de la Rep\u00fablica utilizar\u00e1 Facebook para alertar a las personas que se encuentren en posici\u00f3n de identificar y ayudar al menor desaparecido. A partir de ahora, cuando la PGR emita un Alerta AMBER la informaci\u00f3n ser\u00e1 compartida con los usuarios de Facebook en la zona donde desapareci\u00f3 o fue visto el menor. \u201cSabemos que cuando desaparece un ni\u00f1o, lo mejor es difundir la informaci\u00f3n a las personas lo m\u00e1s r\u00e1pido posible. Las Alertas AMBER en Facebook ayudar\u00e1n a reunir a los ni\u00f1os con sus familias, poniendo la informaci\u00f3n correcta, en manos de las personas correctas y en el momento correcto\u201d, dijo Emily Vacher, Directora de Seguridad en Facebook. Los Alertas AMBER de Facebook fueron lanzados en un evento en el que particip\u00f3 el Subprodurador de Derechos Humanos, Prevenci\u00f3n del Delito y Servicios a la Comunidad y la Coordinadora\u00a0de Estrategia Digital Nacional, Lic. Alejandra Lagunes. M\u00e9xico es el primer pa\u00eds en Am\u00e9rica Latina en el que se activa la difusi\u00f3n de Alertas AMBER a trav\u00e9s de\u00a0Facebook.\" \/>\n<meta property=\"og:url\" content=\"https:\/\/about.fb.com\/ltam\/news\/2016\/07\/facebook-se-suma-al-sistema-de-alerta-amber-en-mexico\/\" \/>\n<meta property=\"og:site_name\" content=\"Acerca de Meta\" \/>\n<meta property=\"article:published_time\" content=\"2016-07-07T16:30:34+00:00\" \/>\n<meta property=\"article:modified_time\" content=\"2019-11-04T19:22:24+00:00\" \/>\n<meta property=\"og:image\" content=\"https:\/\/about.fb.com\/ltam\/wp-content\/uploads\/sites\/14\/2016\/07\/amber-alert-example-1.jpg\" \/>\n<meta name=\"author\" content=\"camilagfb\" \/>\n<meta name=\"twitter:card\" content=\"summary_large_image\" \/>\n<meta name=\"twitter:label1\" content=\"Written by\" \/>\n\t<meta name=\"twitter:data1\" content=\"Meta\" \/>\n\t<meta name=\"twitter:label2\" content=\"Est. reading time\" \/>\n\t<meta name=\"twitter:data2\" content=\"1 minuto\" \/>\n<script type=\"application\/ld+json\" class=\"yoast-schema-graph\">{\"@context\":\"https:\/\/schema.org\",\"@graph\":[{\"@type\":\"Article\",\"@id\":\"https:\/\/about.fb.com\/ltam\/news\/2016\/07\/facebook-se-suma-al-sistema-de-alerta-amber-en-mexico\/#article\",\"isPartOf\":{\"@id\":\"https:\/\/about.fb.com\/ltam\/news\/2016\/07\/facebook-se-suma-al-sistema-de-alerta-amber-en-mexico\/\"},\"author\":\"Facebook company\",\"headline\":\"Alertas AMBER ahora disponibles en Facebook en M\u00e9xico\",\"datePublished\":\"2016-07-07T16:30:34+00:00\",\"dateModified\":\"2019-11-04T19:22:24+00:00\",\"mainEntityOfPage\":{\"@id\":\"https:\/\/about.fb.com\/ltam\/news\/2016\/07\/facebook-se-suma-al-sistema-de-alerta-amber-en-mexico\/\"},\"wordCount\":229,\"publisher\":{\"@id\":\"https:\/\/about.fb.com\/ltam\/#organization\"},\"image\":{\"@id\":\"https:\/\/about.fb.com\/ltam\/news\/2016\/07\/facebook-se-suma-al-sistema-de-alerta-amber-en-mexico\/#primaryimage\"},\"thumbnailUrl\":\"https:\/\/about.fb.com\/ltam\/wp-content\/uploads\/sites\/14\/2016\/07\/amber-alert-example-1.jpg\",\"keywords\":[\"Alerta AMBER\",\"AMBER Alert\",\"Seguridad\"],\"articleSection\":[\"General\"],\"inLanguage\":\"es\"},{\"@type\":\"WebPage\",\"@id\":\"https:\/\/about.fb.com\/ltam\/news\/2016\/07\/facebook-se-suma-al-sistema-de-alerta-amber-en-mexico\/\",\"url\":\"https:\/\/about.fb.com\/ltam\/news\/2016\/07\/facebook-se-suma-al-sistema-de-alerta-amber-en-mexico\/\",\"name\":\"Alertas AMBER ahora disponibles en Facebook en M\u00e9xico | Acerca de Meta\",\"isPartOf\":{\"@id\":\"https:\/\/about.fb.com\/ltam\/#website\"},\"primaryImageOfPage\":{\"@id\":\"https:\/\/about.fb.com\/ltam\/news\/2016\/07\/facebook-se-suma-al-sistema-de-alerta-amber-en-mexico\/#primaryimage\"},\"image\":{\"@id\":\"https:\/\/about.fb.com\/ltam\/news\/2016\/07\/facebook-se-suma-al-sistema-de-alerta-amber-en-mexico\/#primaryimage\"},\"thumbnailUrl\":\"https:\/\/about.fb.com\/ltam\/wp-content\/uploads\/sites\/14\/2016\/07\/amber-alert-example-1.jpg\",\"datePublished\":\"2016-07-07T16:30:34+00:00\",\"dateModified\":\"2019-11-04T19:22:24+00:00\",\"breadcrumb\":{\"@id\":\"https:\/\/about.fb.com\/ltam\/news\/2016\/07\/facebook-se-suma-al-sistema-de-alerta-amber-en-mexico\/#breadcrumb\"},\"inLanguage\":\"es\",\"potentialAction\":[{\"@type\":\"ReadAction\",\"target\":[\"https:\/\/about.fb.com\/ltam\/news\/2016\/07\/facebook-se-suma-al-sistema-de-alerta-amber-en-mexico\/\"]}],\"author\":\"Acerca de Meta\"},{\"@type\":\"ImageObject\",\"inLanguage\":\"es\",\"@id\":\"https:\/\/about.fb.com\/ltam\/news\/2016\/07\/facebook-se-suma-al-sistema-de-alerta-amber-en-mexico\/#primaryimage\",\"url\":\"https:\/\/about.fb.com\/ltam\/wp-content\/uploads\/sites\/14\/2016\/07\/amber-alert-example-1.jpg?fit=720%2C405\",\"contentUrl\":\"https:\/\/about.fb.com\/ltam\/wp-content\/uploads\/sites\/14\/2016\/07\/amber-alert-example-1.jpg?fit=720%2C405\",\"width\":720,\"height\":405},{\"@type\":\"BreadcrumbList\",\"@id\":\"https:\/\/about.fb.com\/ltam\/news\/2016\/07\/facebook-se-suma-al-sistema-de-alerta-amber-en-mexico\/#breadcrumb\",\"itemListElement\":[{\"@type\":\"ListItem\",\"position\":1,\"name\":\"Home\",\"item\":\"https:\/\/about.fb.com\/ltam\/\"},{\"@type\":\"ListItem\",\"position\":2,\"name\":\"Alertas AMBER ahora disponibles en Facebook en M\u00e9xico\"}]},{\"@type\":\"WebSite\",\"@id\":\"https:\/\/about.fb.com\/ltam\/#website\",\"url\":\"https:\/\/about.fb.com\/news\/\",\"name\":\"Acerca de Meta\",\"description\":\"\",\"publisher\":{\"@id\":\"https:\/\/about.fb.com\/ltam\/#organization\"},\"potentialAction\":[{\"@type\":\"SearchAction\",\"target\":{\"@type\":\"EntryPoint\",\"urlTemplate\":\"https:\/\/about.fb.com\/ltam\/?s={search_term_string}\"},\"query-input\":{\"@type\":\"PropertyValueSpecification\",\"valueRequired\":true,\"valueName\":\"search_term_string\"}}],\"inLanguage\":\"es\",\"alternateName\":[\"Meta Newsroom\",\"Meta\"]},{\"@type\":\"Organization\",\"@id\":\"https:\/\/about.fb.com\/ltam\/#organization\",\"name\":\"Meta\",\"url\":\"https:\/\/about.fb.com\/ltam\/\",\"logo\":{\"@type\":\"ImageObject\",\"inLanguage\":\"es\",\"@id\":\"https:\/\/about.fb.com\/ltam\/#\/schema\/logo\/image\/\",\"url\":\"https:\/\/about.fb.com\/ltam\/wp-content\/uploads\/sites\/14\/2021\/10\/meta-social-16x9-1.jpg?fit=8000%2C4500\",\"contentUrl\":\"https:\/\/about.fb.com\/ltam\/wp-content\/uploads\/sites\/14\/2021\/10\/meta-social-16x9-1.jpg?fit=8000%2C4500\",\"width\":8000,\"height\":4500,\"caption\":\"Meta\"},\"image\":{\"@id\":\"https:\/\/about.fb.com\/ltam\/#\/schema\/logo\/image\/\"}}]}<\/script>\n<!-- \/ Yoast SEO plugin. -->","yoast_head_json":{"title":"Alertas AMBER ahora disponibles en Facebook en M\u00e9xico | Acerca de Meta","robots":{"index":"index","follow":"follow","max-snippet":"max-snippet:-1","max-image-preview":"max-image-preview:large","max-video-preview":"max-video-preview:-1"},"canonical":"https:\/\/about.fb.com\/ltam\/news\/2016\/07\/facebook-se-suma-al-sistema-de-alerta-amber-en-mexico\/","og_locale":"es_ES","og_type":"article","og_title":"Alertas AMBER ahora disponibles en Facebook en M\u00e9xico | Acerca de Meta","og_description":"Facebook anunci\u00f3 el jueves una nueva herramienta para la difusi\u00f3n de Alerta AMBER en M\u00e9xico, utilizando su plataforma para ayudar a localizar a menores desaparecidos. El programa en colaboraci\u00f3n con la Procurador\u00eda General de la Rep\u00fablica utilizar\u00e1 Facebook para alertar a las personas que se encuentren en posici\u00f3n de identificar y ayudar al menor desaparecido. A partir de ahora, cuando la PGR emita un Alerta AMBER la informaci\u00f3n ser\u00e1 compartida con los usuarios de Facebook en la zona donde desapareci\u00f3 o fue visto el menor. \u201cSabemos que cuando desaparece un ni\u00f1o, lo mejor es difundir la informaci\u00f3n a las personas lo m\u00e1s r\u00e1pido posible. Las Alertas AMBER en Facebook ayudar\u00e1n a reunir a los ni\u00f1os con sus familias, poniendo la informaci\u00f3n correcta, en manos de las personas correctas y en el momento correcto\u201d, dijo Emily Vacher, Directora de Seguridad en Facebook. Los Alertas AMBER de Facebook fueron lanzados en un evento en el que particip\u00f3 el Subprodurador de Derechos Humanos, Prevenci\u00f3n del Delito y Servicios a la Comunidad y la Coordinadora\u00a0de Estrategia Digital Nacional, Lic. Alejandra Lagunes. M\u00e9xico es el primer pa\u00eds en Am\u00e9rica Latina en el que se activa la difusi\u00f3n de Alertas AMBER a trav\u00e9s de\u00a0Facebook.","og_url":"https:\/\/about.fb.com\/ltam\/news\/2016\/07\/facebook-se-suma-al-sistema-de-alerta-amber-en-mexico\/","og_site_name":"Acerca de Meta","article_published_time":"2016-07-07T16:30:34+00:00","article_modified_time":"2019-11-04T19:22:24+00:00","og_image":[{"url":"https:\/\/about.fb.com\/ltam\/wp-content\/uploads\/sites\/14\/2016\/07\/amber-alert-example-1.jpg","type":"","width":"","height":""}],"author":"camilagfb","twitter_card":"summary_large_image","twitter_misc":{"Written by":"Meta","Est. reading time":"1 minuto"},"schema":{"@context":"https:\/\/schema.org","@graph":[{"@type":"Article","@id":"https:\/\/about.fb.com\/ltam\/news\/2016\/07\/facebook-se-suma-al-sistema-de-alerta-amber-en-mexico\/#article","isPartOf":{"@id":"https:\/\/about.fb.com\/ltam\/news\/2016\/07\/facebook-se-suma-al-sistema-de-alerta-amber-en-mexico\/"},"author":"Facebook company","headline":"Alertas AMBER ahora disponibles en Facebook en M\u00e9xico","datePublished":"2016-07-07T16:30:34+00:00","dateModified":"2019-11-04T19:22:24+00:00","mainEntityOfPage":{"@id":"https:\/\/about.fb.com\/ltam\/news\/2016\/07\/facebook-se-suma-al-sistema-de-alerta-amber-en-mexico\/"},"wordCount":229,"publisher":{"@id":"https:\/\/about.fb.com\/ltam\/#organization"},"image":{"@id":"https:\/\/about.fb.com\/ltam\/news\/2016\/07\/facebook-se-suma-al-sistema-de-alerta-amber-en-mexico\/#primaryimage"},"thumbnailUrl":"https:\/\/about.fb.com\/ltam\/wp-content\/uploads\/sites\/14\/2016\/07\/amber-alert-example-1.jpg","keywords":["Alerta AMBER","AMBER Alert","Seguridad"],"articleSection":["General"],"inLanguage":"es"},{"@type":"WebPage","@id":"https:\/\/about.fb.com\/ltam\/news\/2016\/07\/facebook-se-suma-al-sistema-de-alerta-amber-en-mexico\/","url":"https:\/\/about.fb.com\/ltam\/news\/2016\/07\/facebook-se-suma-al-sistema-de-alerta-amber-en-mexico\/","name":"Alertas AMBER ahora disponibles en Facebook en M\u00e9xico | Acerca de Meta","isPartOf":{"@id":"https:\/\/about.fb.com\/ltam\/#website"},"primaryImageOfPage":{"@id":"https:\/\/about.fb.com\/ltam\/news\/2016\/07\/facebook-se-suma-al-sistema-de-alerta-amber-en-mexico\/#primaryimage"},"image":{"@id":"https:\/\/about.fb.com\/ltam\/news\/2016\/07\/facebook-se-suma-al-sistema-de-alerta-amber-en-mexico\/#primaryimage"},"thumbnailUrl":"https:\/\/about.fb.com\/ltam\/wp-content\/uploads\/sites\/14\/2016\/07\/amber-alert-example-1.jpg","datePublished":"2016-07-07T16:30:34+00:00","dateModified":"2019-11-04T19:22:24+00:00","breadcrumb":{"@id":"https:\/\/about.fb.com\/ltam\/news\/2016\/07\/facebook-se-suma-al-sistema-de-alerta-amber-en-mexico\/#breadcrumb"},"inLanguage":"es","potentialAction":[{"@type":"ReadAction","target":["https:\/\/about.fb.com\/ltam\/news\/2016\/07\/facebook-se-suma-al-sistema-de-alerta-amber-en-mexico\/"]}],"author":"Acerca de Meta"},{"@type":"ImageObject","inLanguage":"es","@id":"https:\/\/about.fb.com\/ltam\/news\/2016\/07\/facebook-se-suma-al-sistema-de-alerta-amber-en-mexico\/#primaryimage","url":"https:\/\/about.fb.com\/ltam\/wp-content\/uploads\/sites\/14\/2016\/07\/amber-alert-example-1.jpg?fit=720%2C405","contentUrl":"https:\/\/about.fb.com\/ltam\/wp-content\/uploads\/sites\/14\/2016\/07\/amber-alert-example-1.jpg?fit=720%2C405","width":720,"height":405},{"@type":"BreadcrumbList","@id":"https:\/\/about.fb.com\/ltam\/news\/2016\/07\/facebook-se-suma-al-sistema-de-alerta-amber-en-mexico\/#breadcrumb","itemListElement":[{"@type":"ListItem","position":1,"name":"Home","item":"https:\/\/about.fb.com\/ltam\/"},{"@type":"ListItem","position":2,"name":"Alertas AMBER ahora disponibles en Facebook en M\u00e9xico"}]},{"@type":"WebSite","@id":"https:\/\/about.fb.com\/ltam\/#website","url":"https:\/\/about.fb.com\/news\/","name":"Acerca de Meta","description":"","publisher":{"@id":"https:\/\/about.fb.com\/ltam\/#organization"},"potentialAction":[{"@type":"SearchAction","target":{"@type":"EntryPoint","urlTemplate":"https:\/\/about.fb.com\/ltam\/?s={search_term_string}"},"query-input":{"@type":"PropertyValueSpecification","valueRequired":true,"valueName":"search_term_string"}}],"inLanguage":"es","alternateName":["Meta Newsroom","Meta"]},{"@type":"Organization","@id":"https:\/\/about.fb.com\/ltam\/#organization","name":"Meta","url":"https:\/\/about.fb.com\/ltam\/","logo":{"@type":"ImageObject","inLanguage":"es","@id":"https:\/\/about.fb.com\/ltam\/#\/schema\/logo\/image\/","url":"https:\/\/about.fb.com\/ltam\/wp-content\/uploads\/sites\/14\/2021\/10\/meta-social-16x9-1.jpg?fit=8000%2C4500","contentUrl":"https:\/\/about.fb.com\/ltam\/wp-content\/uploads\/sites\/14\/2021\/10\/meta-social-16x9-1.jpg?fit=8000%2C4500","width":8000,"height":4500,"caption":"Meta"},"image":{"@id":"https:\/\/about.fb.com\/ltam\/#\/schema\/logo\/image\/"}}]}},"jetpack_featured_media_url":"","jetpack-related-posts":[],"jetpack_sharing_enabled":true,"amp_enabled":true,"_links":{"self":[{"href":"https:\/\/about.fb.com\/ltam\/wp-json\/wp\/v2\/posts\/5538","targetHints":{"allow":["GET"]}}],"collection":[{"href":"https:\/\/about.fb.com\/ltam\/wp-json\/wp\/v2\/posts"}],"about":[{"href":"https:\/\/about.fb.com\/ltam\/wp-json\/wp\/v2\/types\/post"}],"author":[{"embeddable":true,"href":"https:\/\/about.fb.com\/ltam\/wp-json\/wp\/v2\/users\/95829248"}],"replies":[{"embeddable":true,"href":"https:\/\/about.fb.com\/ltam\/wp-json\/wp\/v2\/comments?post=5538"}],"version-history":[{"count":8,"href":"https:\/\/about.fb.com\/ltam\/wp-json\/wp\/v2\/posts\/5538\/revisions"}],"predecessor-version":[{"id":7916,"href":"https:\/\/about.fb.com\/ltam\/wp-json\/wp\/v2\/posts\/5538\/revisions\/7916"}],"wp:attachment":[{"href":"https:\/\/about.fb.com\/ltam\/wp-json\/wp\/v2\/media?parent=5538"}],"wp:term":[{"taxonomy":"category","embeddable":true,"href":"https:\/\/about.fb.com\/ltam\/wp-json\/wp\/v2\/categories?post=5538"},{"taxonomy":"post_tag","embeddable":true,"href":"https:\/\/about.fb.com\/ltam\/wp-json\/wp\/v2\/tags?post=5538"}],"curies":[{"name":"wp","href":"https:\/\/api.w.org\/{rel}","templated":true}]}}