{"id":5269,"date":"2016-01-19T18:11:44","date_gmt":"2016-01-19T18:11:44","guid":{"rendered":"http:\/\/ltam.newsroom.fb.com\/?p=5269"},"modified":"2016-01-19T18:19:04","modified_gmt":"2016-01-19T18:19:04","slug":"facebook-lanza-centro-para-la-prevencion-del-bullying-en-mexico","status":"publish","type":"post","link":"https:\/\/about.fb.com\/ltam\/news\/2016\/01\/facebook-lanza-centro-para-la-prevencion-del-bullying-en-mexico\/","title":{"rendered":"Facebook lanza Centro para la Prevenci\u00f3n del Bullying en M\u00e9xico"},"content":{"rendered":"<p>Facebook lanz\u00f3 el martes en M\u00e9xico el Centro para la Prevenci\u00f3n del Bullying, una plataforma que ofrece herramientas para ayudar a j\u00f3venes, padres y educadores a evitar y combatir el acoso<\/p>\n<p>Dise\u00f1ado por Facebook con el apoyo del Centro de Inteligencia Emocional de la Universidad de Yale y la experiencia de la Red por los Derechos de la Infancia en M\u00e9xico (REDIM), el <a href=\"http:\/\/www.facebook.com\/seguridad\/acoso\">Centro para la Prevenci\u00f3n del Bullying<\/a> ofrece informaci\u00f3n y recursos para resolver conflictos, as\u00ed como sugerencias sobre c\u00f3mo manejar situaciones de acoso.<\/p>\n<p><b>\u00bfQu\u00e9 incluye el Centro para la Prevenci\u00f3n del Bullying?<\/b><\/p>\n<ul>\n<li>Secci\u00f3n para adolescentes, com\u00fanmente v\u00edctimas o abusadores, con informaci\u00f3n y acciones sugeridas para tomar el control de la situaci\u00f3n y poder resolver el problema.<\/li>\n<li>Secci\u00f3n para padres de familia, con informaci\u00f3n que los ayudar\u00e1 a entender si su hijo es v\u00edctima de acoso o est\u00e1 acosando a otros, y sugerencias sobre c\u00f3mo abordar el problema con ellos.<\/li>\n<li>Secci\u00f3n para educadores, que comunmente detectan situaciones de acoso con sus alumnos, con distintas estrategias para lidiar con ello.<\/li>\n<li>Informaci\u00f3n y datos de contacto de nuestros socios en M\u00e9xico REDIM y UNICEF.<\/li>\n<li>Por \u00faltimo, una lista de todos los recursos y herramientas que ofrece Facebook para reportar contenido, administrar privacidad y tomar otras medidas de seguridad.<\/li>\n<\/ul>\n<p>Confiamos en nuestra comunidad y les recordamos que siempre que vean alg\u00fan tipo de acoso o bullying en la plataforma lo reporten. El Centro para la Prevenci\u00f3n del Bullying ayudar\u00e1 a las personas a informarse acerca de las estrategias para prevenir el acoso, adem\u00e1s de ofrecerles recursos para resolver conflictos.<\/p>\n<p>Para m\u00e1s informaci\u00f3n: <a href=\"http:\/\/www.facebook.com\/seguridad\/acoso\" rel=\"nofollow\">http:\/\/www.facebook.com\/seguridad\/acoso<\/a><\/p>\n<div class=\"fb-video\" data-allowfullscreen=\"true\" data-href=\"https:\/\/www.facebook.com\/fbsafety\/videos\/957361417635030\/?__mref=message_bubble\" style=\"background-color: #fff; display: inline-block;\"><\/div>\n","protected":false},"excerpt":{"rendered":"Facebook lanz\u00f3 el martes en M\u00e9xico el Centro para la Prevenci\u00f3n del Bullying, una plataforma que ofrece herramientas para ayudar a j\u00f3venes, padres y educadores a evitar y combatir el acoso Dise\u00f1ado por Facebook con el apoyo del Centro de Inteligencia Emocional de la Universidad de Yale y la experiencia de la Red por los Derechos de la Infancia en M\u00e9xico (REDIM), el Centro para la Prevenci\u00f3n del Bullying ofrece informaci\u00f3n y recursos para resolver conflictos, as\u00ed como sugerencias sobre c\u00f3mo manejar situaciones de acoso. \u00bfQu\u00e9 incluye el Centro para la Prevenci\u00f3n del Bullying? Secci\u00f3n para adolescentes, com\u00fanmente v\u00edctimas o abusadores, con informaci\u00f3n y acciones sugeridas para tomar el control de la situaci\u00f3n y poder resolver el problema. Secci\u00f3n para padres de familia, con informaci\u00f3n que los ayudar\u00e1 a entender si su hijo es v\u00edctima de acoso o est\u00e1 acosando a otros, y sugerencias sobre c\u00f3mo abordar el problema con ellos. Secci\u00f3n para educadores, que comunmente detectan situaciones de acoso con sus alumnos, con distintas estrategias para lidiar con ello. Informaci\u00f3n y datos de contacto de nuestros socios en M\u00e9xico REDIM y UNICEF. Por \u00faltimo, una lista de todos los recursos y herramientas que ofrece Facebook para reportar contenido, administrar privacidad y tomar otras medidas de seguridad. Confiamos en nuestra comunidad y les recordamos que siempre que vean alg\u00fan tipo de acoso o bullying en la plataforma lo reporten. El Centro para la Prevenci\u00f3n del Bullying ayudar\u00e1 a las personas a informarse acerca de las estrategias para prevenir el acoso, adem\u00e1s de ofrecerles recursos para resolver conflictos. Para m\u00e1s informaci\u00f3n: <a href=\"http:\/\/www.facebook.com\/seguridad\/acoso\" rel=\"nofollow\">http:\/\/www.facebook.com\/seguridad\/acoso<\/a>","protected":false},"author":95829248,"featured_media":5270,"comment_status":"closed","ping_status":"closed","sticky":false,"template":"","format":"standard","meta":{"_jetpack_memberships_contains_paid_content":false,"footnotes":""},"categories":[54,237720135],"tags":[243931576,243930626],"class_list":["post-5269","post","type-post","status-publish","format-standard","has-post-thumbnail","hentry","category-general","category-noticias-de-productos","tag-bullying","tag-seguridad"],"yoast_head":"<!-- This site is optimized with the Yoast SEO plugin v27.2 - https:\/\/yoast.com\/product\/yoast-seo-wordpress\/ -->\n<title>Facebook lanza Centro para la Prevenci\u00f3n del Bullying en M\u00e9xico | Acerca de Meta<\/title>\n<meta name=\"robots\" content=\"index, follow, max-snippet:-1, max-image-preview:large, max-video-preview:-1\" \/>\n<link rel=\"canonical\" href=\"https:\/\/about.fb.com\/ltam\/news\/2016\/01\/facebook-lanza-centro-para-la-prevencion-del-bullying-en-mexico\/\" \/>\n<meta property=\"og:locale\" content=\"es_ES\" \/>\n<meta property=\"og:type\" content=\"article\" \/>\n<meta property=\"og:title\" content=\"Facebook lanza Centro para la Prevenci\u00f3n del Bullying en M\u00e9xico | Acerca de Meta\" \/>\n<meta property=\"og:description\" content=\"Facebook lanz\u00f3 el martes en M\u00e9xico el Centro para la Prevenci\u00f3n del Bullying, una plataforma que ofrece herramientas para ayudar a j\u00f3venes, padres y educadores a evitar y combatir el acoso Dise\u00f1ado por Facebook con el apoyo del Centro de Inteligencia Emocional de la Universidad de Yale y la experiencia de la Red por los Derechos de la Infancia en M\u00e9xico (REDIM), el Centro para la Prevenci\u00f3n del Bullying ofrece informaci\u00f3n y recursos para resolver conflictos, as\u00ed como sugerencias sobre c\u00f3mo manejar situaciones de acoso. \u00bfQu\u00e9 incluye el Centro para la Prevenci\u00f3n del Bullying? Secci\u00f3n para adolescentes, com\u00fanmente v\u00edctimas o abusadores, con informaci\u00f3n y acciones sugeridas para tomar el control de la situaci\u00f3n y poder resolver el problema. Secci\u00f3n para padres de familia, con informaci\u00f3n que los ayudar\u00e1 a entender si su hijo es v\u00edctima de acoso o est\u00e1 acosando a otros, y sugerencias sobre c\u00f3mo abordar el problema con ellos. Secci\u00f3n para educadores, que comunmente detectan situaciones de acoso con sus alumnos, con distintas estrategias para lidiar con ello. Informaci\u00f3n y datos de contacto de nuestros socios en M\u00e9xico REDIM y UNICEF. Por \u00faltimo, una lista de todos los recursos y herramientas que ofrece Facebook para reportar contenido, administrar privacidad y tomar otras medidas de seguridad. Confiamos en nuestra comunidad y les recordamos que siempre que vean alg\u00fan tipo de acoso o bullying en la plataforma lo reporten. El Centro para la Prevenci\u00f3n del Bullying ayudar\u00e1 a las personas a informarse acerca de las estrategias para prevenir el acoso, adem\u00e1s de ofrecerles recursos para resolver conflictos. Para m\u00e1s informaci\u00f3n: http:\/\/www.facebook.com\/seguridad\/acoso\" \/>\n<meta property=\"og:url\" content=\"https:\/\/about.fb.com\/ltam\/news\/2016\/01\/facebook-lanza-centro-para-la-prevencion-del-bullying-en-mexico\/\" \/>\n<meta property=\"og:site_name\" content=\"Acerca de Meta\" \/>\n<meta property=\"article:published_time\" content=\"2016-01-19T18:11:44+00:00\" \/>\n<meta property=\"article:modified_time\" content=\"2016-01-19T18:19:04+00:00\" \/>\n<meta property=\"og:image\" content=\"https:\/\/about.fb.com\/ltam\/wp-content\/uploads\/sites\/14\/2016\/01\/screen-shot-2016-01-19-at-11-29-54-am.png?resize=1024,521\" \/>\n\t<meta property=\"og:image:width\" content=\"1024\" \/>\n\t<meta property=\"og:image:height\" content=\"521\" \/>\n\t<meta property=\"og:image:type\" content=\"image\/png\" \/>\n<meta name=\"author\" content=\"camilagfb\" \/>\n<meta name=\"twitter:card\" content=\"summary_large_image\" \/>\n<meta name=\"twitter:label1\" content=\"Written by\" \/>\n\t<meta name=\"twitter:data1\" content=\"Meta\" \/>\n\t<meta name=\"twitter:label2\" content=\"Est. reading time\" \/>\n\t<meta name=\"twitter:data2\" content=\"2 minutos\" \/>\n<script type=\"application\/ld+json\" class=\"yoast-schema-graph\">{\"@context\":\"https:\/\/schema.org\",\"@graph\":[{\"@type\":\"Article\",\"@id\":\"https:\/\/about.fb.com\/ltam\/news\/2016\/01\/facebook-lanza-centro-para-la-prevencion-del-bullying-en-mexico\/#article\",\"isPartOf\":{\"@id\":\"https:\/\/about.fb.com\/ltam\/news\/2016\/01\/facebook-lanza-centro-para-la-prevencion-del-bullying-en-mexico\/\"},\"author\":\"Facebook company\",\"headline\":\"Facebook lanza Centro para la Prevenci\u00f3n del Bullying en M\u00e9xico\",\"datePublished\":\"2016-01-19T18:11:44+00:00\",\"dateModified\":\"2016-01-19T18:19:04+00:00\",\"mainEntityOfPage\":{\"@id\":\"https:\/\/about.fb.com\/ltam\/news\/2016\/01\/facebook-lanza-centro-para-la-prevencion-del-bullying-en-mexico\/\"},\"wordCount\":314,\"publisher\":{\"@id\":\"https:\/\/about.fb.com\/ltam\/#organization\"},\"image\":{\"@id\":\"https:\/\/about.fb.com\/ltam\/news\/2016\/01\/facebook-lanza-centro-para-la-prevencion-del-bullying-en-mexico\/#primaryimage\"},\"thumbnailUrl\":\"https:\/\/about.fb.com\/ltam\/wp-content\/uploads\/sites\/14\/2016\/01\/screen-shot-2016-01-19-at-11-29-54-am.png?fit=1403%2C714\",\"keywords\":[\"Bullying\",\"Seguridad\"],\"articleSection\":[\"General\",\"Noticias de Productos\"],\"inLanguage\":\"es\"},{\"@type\":\"WebPage\",\"@id\":\"https:\/\/about.fb.com\/ltam\/news\/2016\/01\/facebook-lanza-centro-para-la-prevencion-del-bullying-en-mexico\/\",\"url\":\"https:\/\/about.fb.com\/ltam\/news\/2016\/01\/facebook-lanza-centro-para-la-prevencion-del-bullying-en-mexico\/\",\"name\":\"Facebook lanza Centro para la Prevenci\u00f3n del Bullying en M\u00e9xico | Acerca de Meta\",\"isPartOf\":{\"@id\":\"https:\/\/about.fb.com\/ltam\/#website\"},\"primaryImageOfPage\":{\"@id\":\"https:\/\/about.fb.com\/ltam\/news\/2016\/01\/facebook-lanza-centro-para-la-prevencion-del-bullying-en-mexico\/#primaryimage\"},\"image\":{\"@id\":\"https:\/\/about.fb.com\/ltam\/news\/2016\/01\/facebook-lanza-centro-para-la-prevencion-del-bullying-en-mexico\/#primaryimage\"},\"thumbnailUrl\":\"https:\/\/about.fb.com\/ltam\/wp-content\/uploads\/sites\/14\/2016\/01\/screen-shot-2016-01-19-at-11-29-54-am.png?fit=1403%2C714\",\"datePublished\":\"2016-01-19T18:11:44+00:00\",\"dateModified\":\"2016-01-19T18:19:04+00:00\",\"breadcrumb\":{\"@id\":\"https:\/\/about.fb.com\/ltam\/news\/2016\/01\/facebook-lanza-centro-para-la-prevencion-del-bullying-en-mexico\/#breadcrumb\"},\"inLanguage\":\"es\",\"potentialAction\":[{\"@type\":\"ReadAction\",\"target\":[\"https:\/\/about.fb.com\/ltam\/news\/2016\/01\/facebook-lanza-centro-para-la-prevencion-del-bullying-en-mexico\/\"]}],\"author\":\"Acerca de Meta\"},{\"@type\":\"ImageObject\",\"inLanguage\":\"es\",\"@id\":\"https:\/\/about.fb.com\/ltam\/news\/2016\/01\/facebook-lanza-centro-para-la-prevencion-del-bullying-en-mexico\/#primaryimage\",\"url\":\"https:\/\/about.fb.com\/ltam\/wp-content\/uploads\/sites\/14\/2016\/01\/screen-shot-2016-01-19-at-11-29-54-am.png?fit=1403%2C714\",\"contentUrl\":\"https:\/\/about.fb.com\/ltam\/wp-content\/uploads\/sites\/14\/2016\/01\/screen-shot-2016-01-19-at-11-29-54-am.png?fit=1403%2C714\",\"width\":1403,\"height\":714},{\"@type\":\"BreadcrumbList\",\"@id\":\"https:\/\/about.fb.com\/ltam\/news\/2016\/01\/facebook-lanza-centro-para-la-prevencion-del-bullying-en-mexico\/#breadcrumb\",\"itemListElement\":[{\"@type\":\"ListItem\",\"position\":1,\"name\":\"Home\",\"item\":\"https:\/\/about.fb.com\/ltam\/\"},{\"@type\":\"ListItem\",\"position\":2,\"name\":\"Facebook lanza Centro para la Prevenci\u00f3n del Bullying en M\u00e9xico\"}]},{\"@type\":\"WebSite\",\"@id\":\"https:\/\/about.fb.com\/ltam\/#website\",\"url\":\"https:\/\/about.fb.com\/news\/\",\"name\":\"Acerca de Meta\",\"description\":\"\",\"publisher\":{\"@id\":\"https:\/\/about.fb.com\/ltam\/#organization\"},\"potentialAction\":[{\"@type\":\"SearchAction\",\"target\":{\"@type\":\"EntryPoint\",\"urlTemplate\":\"https:\/\/about.fb.com\/ltam\/?s={search_term_string}\"},\"query-input\":{\"@type\":\"PropertyValueSpecification\",\"valueRequired\":true,\"valueName\":\"search_term_string\"}}],\"inLanguage\":\"es\",\"alternateName\":[\"Meta Newsroom\",\"Meta\"]},{\"@type\":\"Organization\",\"@id\":\"https:\/\/about.fb.com\/ltam\/#organization\",\"name\":\"Meta\",\"url\":\"https:\/\/about.fb.com\/ltam\/\",\"logo\":{\"@type\":\"ImageObject\",\"inLanguage\":\"es\",\"@id\":\"https:\/\/about.fb.com\/ltam\/#\/schema\/logo\/image\/\",\"url\":\"https:\/\/about.fb.com\/ltam\/wp-content\/uploads\/sites\/14\/2021\/10\/meta-social-16x9-1.jpg?fit=8000%2C4500\",\"contentUrl\":\"https:\/\/about.fb.com\/ltam\/wp-content\/uploads\/sites\/14\/2021\/10\/meta-social-16x9-1.jpg?fit=8000%2C4500\",\"width\":8000,\"height\":4500,\"caption\":\"Meta\"},\"image\":{\"@id\":\"https:\/\/about.fb.com\/ltam\/#\/schema\/logo\/image\/\"}}]}<\/script>\n<!-- \/ Yoast SEO plugin. -->","yoast_head_json":{"title":"Facebook lanza Centro para la Prevenci\u00f3n del Bullying en M\u00e9xico | Acerca de Meta","robots":{"index":"index","follow":"follow","max-snippet":"max-snippet:-1","max-image-preview":"max-image-preview:large","max-video-preview":"max-video-preview:-1"},"canonical":"https:\/\/about.fb.com\/ltam\/news\/2016\/01\/facebook-lanza-centro-para-la-prevencion-del-bullying-en-mexico\/","og_locale":"es_ES","og_type":"article","og_title":"Facebook lanza Centro para la Prevenci\u00f3n del Bullying en M\u00e9xico | Acerca de Meta","og_description":"Facebook lanz\u00f3 el martes en M\u00e9xico el Centro para la Prevenci\u00f3n del Bullying, una plataforma que ofrece herramientas para ayudar a j\u00f3venes, padres y educadores a evitar y combatir el acoso Dise\u00f1ado por Facebook con el apoyo del Centro de Inteligencia Emocional de la Universidad de Yale y la experiencia de la Red por los Derechos de la Infancia en M\u00e9xico (REDIM), el Centro para la Prevenci\u00f3n del Bullying ofrece informaci\u00f3n y recursos para resolver conflictos, as\u00ed como sugerencias sobre c\u00f3mo manejar situaciones de acoso. \u00bfQu\u00e9 incluye el Centro para la Prevenci\u00f3n del Bullying? Secci\u00f3n para adolescentes, com\u00fanmente v\u00edctimas o abusadores, con informaci\u00f3n y acciones sugeridas para tomar el control de la situaci\u00f3n y poder resolver el problema. Secci\u00f3n para padres de familia, con informaci\u00f3n que los ayudar\u00e1 a entender si su hijo es v\u00edctima de acoso o est\u00e1 acosando a otros, y sugerencias sobre c\u00f3mo abordar el problema con ellos. Secci\u00f3n para educadores, que comunmente detectan situaciones de acoso con sus alumnos, con distintas estrategias para lidiar con ello. Informaci\u00f3n y datos de contacto de nuestros socios en M\u00e9xico REDIM y UNICEF. Por \u00faltimo, una lista de todos los recursos y herramientas que ofrece Facebook para reportar contenido, administrar privacidad y tomar otras medidas de seguridad. Confiamos en nuestra comunidad y les recordamos que siempre que vean alg\u00fan tipo de acoso o bullying en la plataforma lo reporten. El Centro para la Prevenci\u00f3n del Bullying ayudar\u00e1 a las personas a informarse acerca de las estrategias para prevenir el acoso, adem\u00e1s de ofrecerles recursos para resolver conflictos. Para m\u00e1s informaci\u00f3n: http:\/\/www.facebook.com\/seguridad\/acoso","og_url":"https:\/\/about.fb.com\/ltam\/news\/2016\/01\/facebook-lanza-centro-para-la-prevencion-del-bullying-en-mexico\/","og_site_name":"Acerca de Meta","article_published_time":"2016-01-19T18:11:44+00:00","article_modified_time":"2016-01-19T18:19:04+00:00","og_image":[{"width":1024,"height":521,"url":"https:\/\/about.fb.com\/ltam\/wp-content\/uploads\/sites\/14\/2016\/01\/screen-shot-2016-01-19-at-11-29-54-am.png?resize=1024,521","type":"image\/png"}],"author":"camilagfb","twitter_card":"summary_large_image","twitter_misc":{"Written by":"Meta","Est. reading time":"2 minutos"},"schema":{"@context":"https:\/\/schema.org","@graph":[{"@type":"Article","@id":"https:\/\/about.fb.com\/ltam\/news\/2016\/01\/facebook-lanza-centro-para-la-prevencion-del-bullying-en-mexico\/#article","isPartOf":{"@id":"https:\/\/about.fb.com\/ltam\/news\/2016\/01\/facebook-lanza-centro-para-la-prevencion-del-bullying-en-mexico\/"},"author":"Facebook company","headline":"Facebook lanza Centro para la Prevenci\u00f3n del Bullying en M\u00e9xico","datePublished":"2016-01-19T18:11:44+00:00","dateModified":"2016-01-19T18:19:04+00:00","mainEntityOfPage":{"@id":"https:\/\/about.fb.com\/ltam\/news\/2016\/01\/facebook-lanza-centro-para-la-prevencion-del-bullying-en-mexico\/"},"wordCount":314,"publisher":{"@id":"https:\/\/about.fb.com\/ltam\/#organization"},"image":{"@id":"https:\/\/about.fb.com\/ltam\/news\/2016\/01\/facebook-lanza-centro-para-la-prevencion-del-bullying-en-mexico\/#primaryimage"},"thumbnailUrl":"https:\/\/about.fb.com\/ltam\/wp-content\/uploads\/sites\/14\/2016\/01\/screen-shot-2016-01-19-at-11-29-54-am.png?fit=1403%2C714","keywords":["Bullying","Seguridad"],"articleSection":["General","Noticias de Productos"],"inLanguage":"es"},{"@type":"WebPage","@id":"https:\/\/about.fb.com\/ltam\/news\/2016\/01\/facebook-lanza-centro-para-la-prevencion-del-bullying-en-mexico\/","url":"https:\/\/about.fb.com\/ltam\/news\/2016\/01\/facebook-lanza-centro-para-la-prevencion-del-bullying-en-mexico\/","name":"Facebook lanza Centro para la Prevenci\u00f3n del Bullying en M\u00e9xico | Acerca de Meta","isPartOf":{"@id":"https:\/\/about.fb.com\/ltam\/#website"},"primaryImageOfPage":{"@id":"https:\/\/about.fb.com\/ltam\/news\/2016\/01\/facebook-lanza-centro-para-la-prevencion-del-bullying-en-mexico\/#primaryimage"},"image":{"@id":"https:\/\/about.fb.com\/ltam\/news\/2016\/01\/facebook-lanza-centro-para-la-prevencion-del-bullying-en-mexico\/#primaryimage"},"thumbnailUrl":"https:\/\/about.fb.com\/ltam\/wp-content\/uploads\/sites\/14\/2016\/01\/screen-shot-2016-01-19-at-11-29-54-am.png?fit=1403%2C714","datePublished":"2016-01-19T18:11:44+00:00","dateModified":"2016-01-19T18:19:04+00:00","breadcrumb":{"@id":"https:\/\/about.fb.com\/ltam\/news\/2016\/01\/facebook-lanza-centro-para-la-prevencion-del-bullying-en-mexico\/#breadcrumb"},"inLanguage":"es","potentialAction":[{"@type":"ReadAction","target":["https:\/\/about.fb.com\/ltam\/news\/2016\/01\/facebook-lanza-centro-para-la-prevencion-del-bullying-en-mexico\/"]}],"author":"Acerca de Meta"},{"@type":"ImageObject","inLanguage":"es","@id":"https:\/\/about.fb.com\/ltam\/news\/2016\/01\/facebook-lanza-centro-para-la-prevencion-del-bullying-en-mexico\/#primaryimage","url":"https:\/\/about.fb.com\/ltam\/wp-content\/uploads\/sites\/14\/2016\/01\/screen-shot-2016-01-19-at-11-29-54-am.png?fit=1403%2C714","contentUrl":"https:\/\/about.fb.com\/ltam\/wp-content\/uploads\/sites\/14\/2016\/01\/screen-shot-2016-01-19-at-11-29-54-am.png?fit=1403%2C714","width":1403,"height":714},{"@type":"BreadcrumbList","@id":"https:\/\/about.fb.com\/ltam\/news\/2016\/01\/facebook-lanza-centro-para-la-prevencion-del-bullying-en-mexico\/#breadcrumb","itemListElement":[{"@type":"ListItem","position":1,"name":"Home","item":"https:\/\/about.fb.com\/ltam\/"},{"@type":"ListItem","position":2,"name":"Facebook lanza Centro para la Prevenci\u00f3n del Bullying en M\u00e9xico"}]},{"@type":"WebSite","@id":"https:\/\/about.fb.com\/ltam\/#website","url":"https:\/\/about.fb.com\/news\/","name":"Acerca de Meta","description":"","publisher":{"@id":"https:\/\/about.fb.com\/ltam\/#organization"},"potentialAction":[{"@type":"SearchAction","target":{"@type":"EntryPoint","urlTemplate":"https:\/\/about.fb.com\/ltam\/?s={search_term_string}"},"query-input":{"@type":"PropertyValueSpecification","valueRequired":true,"valueName":"search_term_string"}}],"inLanguage":"es","alternateName":["Meta Newsroom","Meta"]},{"@type":"Organization","@id":"https:\/\/about.fb.com\/ltam\/#organization","name":"Meta","url":"https:\/\/about.fb.com\/ltam\/","logo":{"@type":"ImageObject","inLanguage":"es","@id":"https:\/\/about.fb.com\/ltam\/#\/schema\/logo\/image\/","url":"https:\/\/about.fb.com\/ltam\/wp-content\/uploads\/sites\/14\/2021\/10\/meta-social-16x9-1.jpg?fit=8000%2C4500","contentUrl":"https:\/\/about.fb.com\/ltam\/wp-content\/uploads\/sites\/14\/2021\/10\/meta-social-16x9-1.jpg?fit=8000%2C4500","width":8000,"height":4500,"caption":"Meta"},"image":{"@id":"https:\/\/about.fb.com\/ltam\/#\/schema\/logo\/image\/"}}]}},"jetpack_featured_media_url":"https:\/\/about.fb.com\/ltam\/wp-content\/uploads\/sites\/14\/2016\/01\/screen-shot-2016-01-19-at-11-29-54-am.png?fit=1403%2C714","jetpack-related-posts":[],"jetpack_sharing_enabled":true,"amp_enabled":true,"_links":{"self":[{"href":"https:\/\/about.fb.com\/ltam\/wp-json\/wp\/v2\/posts\/5269","targetHints":{"allow":["GET"]}}],"collection":[{"href":"https:\/\/about.fb.com\/ltam\/wp-json\/wp\/v2\/posts"}],"about":[{"href":"https:\/\/about.fb.com\/ltam\/wp-json\/wp\/v2\/types\/post"}],"author":[{"embeddable":true,"href":"https:\/\/about.fb.com\/ltam\/wp-json\/wp\/v2\/users\/95829248"}],"replies":[{"embeddable":true,"href":"https:\/\/about.fb.com\/ltam\/wp-json\/wp\/v2\/comments?post=5269"}],"version-history":[{"count":2,"href":"https:\/\/about.fb.com\/ltam\/wp-json\/wp\/v2\/posts\/5269\/revisions"}],"predecessor-version":[{"id":5272,"href":"https:\/\/about.fb.com\/ltam\/wp-json\/wp\/v2\/posts\/5269\/revisions\/5272"}],"wp:featuredmedia":[{"embeddable":true,"href":"https:\/\/about.fb.com\/ltam\/wp-json\/wp\/v2\/media\/5270"}],"wp:attachment":[{"href":"https:\/\/about.fb.com\/ltam\/wp-json\/wp\/v2\/media?parent=5269"}],"wp:term":[{"taxonomy":"category","embeddable":true,"href":"https:\/\/about.fb.com\/ltam\/wp-json\/wp\/v2\/categories?post=5269"},{"taxonomy":"post_tag","embeddable":true,"href":"https:\/\/about.fb.com\/ltam\/wp-json\/wp\/v2\/tags?post=5269"}],"curies":[{"name":"wp","href":"https:\/\/api.w.org\/{rel}","templated":true}]}}