{"id":3117,"date":"2014-11-06T05:49:23","date_gmt":"2014-11-06T05:49:23","guid":{"rendered":"http:\/\/ltam.newsroom.fb.com\/?p=3117"},"modified":"2014-12-09T05:56:05","modified_gmt":"2014-12-09T05:56:05","slug":"unidos-por-la-lucha-contra-el-ebola","status":"publish","type":"post","link":"https:\/\/about.fb.com\/ltam\/news\/2014\/11\/unidos-por-la-lucha-contra-el-ebola\/","title":{"rendered":"Unidos por la lucha contra el \u00e9bola"},"content":{"rendered":"<p><a href=\"https:\/\/www.facebook.com\/naomi?fref=ts\"><i>Naomi Gleit<\/i><\/a><i>, vicepresidenta de administraci\u00f3n de productos, y <\/i><a href=\"https:\/\/www.facebook.com\/chrisadaniels?fref=ts\"><i>Chris Daniels<\/i><\/a><i>, vicepresidente de Internet.org<\/i><\/p>\n<p>En momentos de crisis, la gente acude a Facebook para saber qu\u00e9 est\u00e1 pasando, compartir sus experiencias y prestar ayuda.<\/p>\n<p>En los \u00faltimos meses, el \u00e9bola ha afectado directamente a la poblaci\u00f3n de varios pa\u00edses de \u00c1frica Occidental. Seg\u00fan la Organizaci\u00f3n Mundial de la Salud, ha habido m\u00e1s de 13\u00a0000 casos de contagio en todo el mundo.<\/p>\n<p>Hoy presentamos tres iniciativas con las que queremos ayudar a combatir esta enfermedad:<\/p>\n<ul>\n<li><b>Una manera sencilla de hacer donaciones. <\/b>Incluiremos una funci\u00f3n para hacer donaciones a tres organizaciones: la Federaci\u00f3n Internacional de Sociedades de la Cruz Roja y de la Media Luna Roja, International Medical Corps y Save the Children. El objetivo es recaudar fondos y concientizar sobre la importancia de la labor que realizan.<\/li>\n<li><b>Difusi\u00f3n de informaci\u00f3n m\u00e9dica. <\/b>En colaboraci\u00f3n con UNICEF, facilitaremos informaci\u00f3n sobre los s\u00edntomas y el tratamiento del \u00e9bola a personas que se encuentren en determinados lugares.<\/li>\n<li><b>Servicios de emergencia de voz y datos. <\/b>Junto con NetHope, garantizaremos una serie de servicios de comunicaci\u00f3n b\u00e1sicos al personal m\u00e9dico y humanitario de Guinea, Liberia y Sierra Leona.<\/li>\n<\/ul>\n<p><b>Una manera sencilla de hacer donaciones <\/b><br \/>\nLas organizaciones involucradas en la lucha contra el \u00e9bola ya usan Facebook para recaudar fondos.<\/p>\n<p>Queremos que el eco de sus pedidos sea mayor y que les resulte m\u00e1s f\u00e1cil concientizar a la gente y conectarse con ella en todo el mundo. La semana pr\u00f3xima, Facebook incluir\u00e1 un mensaje en la parte superior de la secci\u00f3n de noticias en el que se ofrecer\u00e1 la posibilidad de hacer una donaci\u00f3n a tres organizaciones sin fines de lucro que luchan contra el virus del \u00e9bola en \u00c1frica Occidental: la Cruz Roja, International Medical Corps y Save the Children.<\/p>\n<p>Para ello, usaremos nuestra funci\u00f3n de donaciones, que permite hacer contribuciones directas a estas tres organizaciones y, si la persona lo desea, hacer p\u00fablica en Facebook la cantidad donada.<\/p>\n<p>Todo lo recaudado ir\u00e1 directamente a las organizaciones que luchan contra el \u00e9bola en \u00c1frica. Para obtener m\u00e1s informaci\u00f3n, visita <a href=\"https:\/\/www.facebook.com\/fightebola\">facebook.com\/fightebola<\/a>.<\/p>\n<p><b>Difusi\u00f3n de informaci\u00f3n m\u00e9dica <\/b><br \/>\nPara detener el avance del \u00e9bola, es imprescindible difundir informaci\u00f3n m\u00e9dica precisa.<\/p>\n<p>Estamos colaborando con UNICEF para que la poblaci\u00f3n de las zonas afectadas y las regiones vecinas conozca los s\u00edntomas del \u00e9bola y est\u00e9 informada sobre su tratamiento. UNICEF usar\u00e1 la secci\u00f3n de noticias para difundir mensajes sobre la detecci\u00f3n, la prevenci\u00f3n y el tratamiento del \u00e9bola en el idioma local.<\/p>\n<p><b>Servicios de emergencia de voz y datos <\/b><br \/>\nLa comunicaci\u00f3n y el acceso a la informaci\u00f3n son esenciales para quienes participan en la lucha contra el \u00e9bola en \u00c1frica. Sin embargo, muchas de las zonas afectadas carecen de infraestructuras de telefon\u00eda fija y celular.<\/p>\n<p>En colaboraci\u00f3n con <a href=\"http:\/\/nethope.org\/\">NetHope<\/a>, un consorcio de 41\u00a0ONG destacadas de todo el mundo, donaremos cien terminales de comunicaci\u00f3n por sat\u00e9lite con los que el personal m\u00e9dico y humanitario tendr\u00e1 acceso a servicios de voz y datos en zonas remotas de Guinea, Liberia y Sierra Leona. Los dispositivos usan la tecnolog\u00eda BGAN (red de \u00e1rea global de banda ancha), que facilita servicios de banda ancha y telefon\u00eda celular v\u00eda sat\u00e9lite.<\/p>\n<p>NetHope centrar\u00e1 la implementaci\u00f3n de los terminales en zonas incomunicadas o con infraestructuras muy b\u00e1sicas. El objetivo es facilitar el trabajo del personal m\u00e9dico y humanitario a la hora de localizar a otras personas, hacer un seguimiento de los afectados y movilizar comunidades. Seg\u00fan c\u00e1lculos de las organizaciones que trabajan sobre el terreno, por cada paciente se necesitan otras diez personas dedicadas a prestarle atenci\u00f3n m\u00e9dica, a localizar a otros posibles afectados y a otras tareas que no siempre son posibles sin servicios de telecomunicaciones. Los lugares en los que m\u00e1s urge hacer mejoras son las zonas rurales, en las que la infraestructura es m\u00e1s precaria y hay m\u00e1s casos que atender.<\/p>\n<p>Si no se trata, la epidemia del \u00e9bola podr\u00eda convertirse en una emergencia de salud mundial a largo plazo. Confiamos en que, con la ayuda de nuestros socios, podamos brindar a la gente las herramientas necesarias para combatirla.<\/p>\n","protected":false},"excerpt":{"rendered":"Hoy presentamos tres iniciativas con las que queremos ayudar a combatir esta enfermedad.","protected":false},"author":60068712,"featured_media":3118,"comment_status":"closed","ping_status":"closed","sticky":false,"template":"","format":"standard","meta":{"_jetpack_memberships_contains_paid_content":false,"footnotes":""},"categories":[30660046],"tags":[],"class_list":["post-3117","post","type-post","status-publish","format-standard","has-post-thumbnail","hentry","category-noticias-de-la-empresa"],"yoast_head":"<!-- This site is optimized with the Yoast SEO plugin v27.2 - https:\/\/yoast.com\/product\/yoast-seo-wordpress\/ -->\n<title>Unidos por la lucha contra el \u00e9bola | Acerca de Meta<\/title>\n<meta name=\"robots\" content=\"index, follow, max-snippet:-1, max-image-preview:large, max-video-preview:-1\" \/>\n<link rel=\"canonical\" href=\"https:\/\/about.fb.com\/ltam\/news\/2014\/11\/unidos-por-la-lucha-contra-el-ebola\/\" \/>\n<meta property=\"og:locale\" content=\"es_ES\" \/>\n<meta property=\"og:type\" content=\"article\" \/>\n<meta property=\"og:title\" content=\"Unidos por la lucha contra el \u00e9bola | Acerca de Meta\" \/>\n<meta property=\"og:description\" content=\"Hoy presentamos tres iniciativas con las que queremos ayudar a combatir esta enfermedad.\" \/>\n<meta property=\"og:url\" content=\"https:\/\/about.fb.com\/ltam\/news\/2014\/11\/unidos-por-la-lucha-contra-el-ebola\/\" \/>\n<meta property=\"og:site_name\" content=\"Acerca de Meta\" \/>\n<meta property=\"article:published_time\" content=\"2014-11-06T05:49:23+00:00\" \/>\n<meta property=\"article:modified_time\" content=\"2014-12-09T05:56:05+00:00\" \/>\n<meta property=\"og:image\" content=\"https:\/\/about.fb.com\/ltam\/wp-content\/uploads\/sites\/14\/2014\/12\/handfeatured.jpg?fit=740%2C499\" \/>\n\t<meta property=\"og:image:width\" content=\"740\" \/>\n\t<meta property=\"og:image:height\" content=\"499\" \/>\n\t<meta property=\"og:image:type\" content=\"image\/jpeg\" \/>\n<meta name=\"twitter:card\" content=\"summary_large_image\" \/>\n<meta name=\"twitter:label1\" content=\"Written by\" \/>\n\t<meta name=\"twitter:data1\" content=\"Meta\" \/>\n\t<meta name=\"twitter:label2\" content=\"Est. reading time\" \/>\n\t<meta name=\"twitter:data2\" content=\"4 minutos\" \/>\n<script type=\"application\/ld+json\" class=\"yoast-schema-graph\">{\"@context\":\"https:\/\/schema.org\",\"@graph\":[{\"@type\":\"Article\",\"@id\":\"https:\/\/about.fb.com\/ltam\/news\/2014\/11\/unidos-por-la-lucha-contra-el-ebola\/#article\",\"isPartOf\":{\"@id\":\"https:\/\/about.fb.com\/ltam\/news\/2014\/11\/unidos-por-la-lucha-contra-el-ebola\/\"},\"author\":\"Facebook company\",\"headline\":\"Unidos por la lucha contra el \u00e9bola\",\"datePublished\":\"2014-11-06T05:49:23+00:00\",\"dateModified\":\"2014-12-09T05:56:05+00:00\",\"mainEntityOfPage\":{\"@id\":\"https:\/\/about.fb.com\/ltam\/news\/2014\/11\/unidos-por-la-lucha-contra-el-ebola\/\"},\"wordCount\":737,\"publisher\":{\"@id\":\"https:\/\/about.fb.com\/ltam\/#organization\"},\"image\":{\"@id\":\"https:\/\/about.fb.com\/ltam\/news\/2014\/11\/unidos-por-la-lucha-contra-el-ebola\/#primaryimage\"},\"thumbnailUrl\":\"https:\/\/about.fb.com\/ltam\/wp-content\/uploads\/sites\/14\/2014\/12\/handfeatured.jpg?fit=740%2C499\",\"articleSection\":[\"Noticias de la Empresa\"],\"inLanguage\":\"es\"},{\"@type\":\"WebPage\",\"@id\":\"https:\/\/about.fb.com\/ltam\/news\/2014\/11\/unidos-por-la-lucha-contra-el-ebola\/\",\"url\":\"https:\/\/about.fb.com\/ltam\/news\/2014\/11\/unidos-por-la-lucha-contra-el-ebola\/\",\"name\":\"Unidos por la lucha contra el \u00e9bola | Acerca de Meta\",\"isPartOf\":{\"@id\":\"https:\/\/about.fb.com\/ltam\/#website\"},\"primaryImageOfPage\":{\"@id\":\"https:\/\/about.fb.com\/ltam\/news\/2014\/11\/unidos-por-la-lucha-contra-el-ebola\/#primaryimage\"},\"image\":{\"@id\":\"https:\/\/about.fb.com\/ltam\/news\/2014\/11\/unidos-por-la-lucha-contra-el-ebola\/#primaryimage\"},\"thumbnailUrl\":\"https:\/\/about.fb.com\/ltam\/wp-content\/uploads\/sites\/14\/2014\/12\/handfeatured.jpg?fit=740%2C499\",\"datePublished\":\"2014-11-06T05:49:23+00:00\",\"dateModified\":\"2014-12-09T05:56:05+00:00\",\"breadcrumb\":{\"@id\":\"https:\/\/about.fb.com\/ltam\/news\/2014\/11\/unidos-por-la-lucha-contra-el-ebola\/#breadcrumb\"},\"inLanguage\":\"es\",\"potentialAction\":[{\"@type\":\"ReadAction\",\"target\":[\"https:\/\/about.fb.com\/ltam\/news\/2014\/11\/unidos-por-la-lucha-contra-el-ebola\/\"]}],\"author\":\"Acerca de Meta\"},{\"@type\":\"ImageObject\",\"inLanguage\":\"es\",\"@id\":\"https:\/\/about.fb.com\/ltam\/news\/2014\/11\/unidos-por-la-lucha-contra-el-ebola\/#primaryimage\",\"url\":\"https:\/\/about.fb.com\/ltam\/wp-content\/uploads\/sites\/14\/2014\/12\/handfeatured.jpg?fit=740%2C499\",\"contentUrl\":\"https:\/\/about.fb.com\/ltam\/wp-content\/uploads\/sites\/14\/2014\/12\/handfeatured.jpg?fit=740%2C499\",\"width\":740,\"height\":499},{\"@type\":\"BreadcrumbList\",\"@id\":\"https:\/\/about.fb.com\/ltam\/news\/2014\/11\/unidos-por-la-lucha-contra-el-ebola\/#breadcrumb\",\"itemListElement\":[{\"@type\":\"ListItem\",\"position\":1,\"name\":\"Home\",\"item\":\"https:\/\/about.fb.com\/ltam\/\"},{\"@type\":\"ListItem\",\"position\":2,\"name\":\"Unidos por la lucha contra el \u00e9bola\"}]},{\"@type\":\"WebSite\",\"@id\":\"https:\/\/about.fb.com\/ltam\/#website\",\"url\":\"https:\/\/about.fb.com\/news\/\",\"name\":\"Acerca de Meta\",\"description\":\"\",\"publisher\":{\"@id\":\"https:\/\/about.fb.com\/ltam\/#organization\"},\"potentialAction\":[{\"@type\":\"SearchAction\",\"target\":{\"@type\":\"EntryPoint\",\"urlTemplate\":\"https:\/\/about.fb.com\/ltam\/?s={search_term_string}\"},\"query-input\":{\"@type\":\"PropertyValueSpecification\",\"valueRequired\":true,\"valueName\":\"search_term_string\"}}],\"inLanguage\":\"es\",\"alternateName\":[\"Meta Newsroom\",\"Meta\"]},{\"@type\":\"Organization\",\"@id\":\"https:\/\/about.fb.com\/ltam\/#organization\",\"name\":\"Meta\",\"url\":\"https:\/\/about.fb.com\/ltam\/\",\"logo\":{\"@type\":\"ImageObject\",\"inLanguage\":\"es\",\"@id\":\"https:\/\/about.fb.com\/ltam\/#\/schema\/logo\/image\/\",\"url\":\"https:\/\/about.fb.com\/ltam\/wp-content\/uploads\/sites\/14\/2021\/10\/meta-social-16x9-1.jpg?fit=8000%2C4500\",\"contentUrl\":\"https:\/\/about.fb.com\/ltam\/wp-content\/uploads\/sites\/14\/2021\/10\/meta-social-16x9-1.jpg?fit=8000%2C4500\",\"width\":8000,\"height\":4500,\"caption\":\"Meta\"},\"image\":{\"@id\":\"https:\/\/about.fb.com\/ltam\/#\/schema\/logo\/image\/\"}}]}<\/script>\n<!-- \/ Yoast SEO plugin. -->","yoast_head_json":{"title":"Unidos por la lucha contra el \u00e9bola | Acerca de Meta","robots":{"index":"index","follow":"follow","max-snippet":"max-snippet:-1","max-image-preview":"max-image-preview:large","max-video-preview":"max-video-preview:-1"},"canonical":"https:\/\/about.fb.com\/ltam\/news\/2014\/11\/unidos-por-la-lucha-contra-el-ebola\/","og_locale":"es_ES","og_type":"article","og_title":"Unidos por la lucha contra el \u00e9bola | Acerca de Meta","og_description":"Hoy presentamos tres iniciativas con las que queremos ayudar a combatir esta enfermedad.","og_url":"https:\/\/about.fb.com\/ltam\/news\/2014\/11\/unidos-por-la-lucha-contra-el-ebola\/","og_site_name":"Acerca de Meta","article_published_time":"2014-11-06T05:49:23+00:00","article_modified_time":"2014-12-09T05:56:05+00:00","og_image":[{"url":"https:\/\/about.fb.com\/ltam\/wp-content\/uploads\/sites\/14\/2014\/12\/handfeatured.jpg?fit=740%2C499","width":740,"height":499,"type":"image\/jpeg"}],"twitter_card":"summary_large_image","twitter_misc":{"Written by":"Meta","Est. reading time":"4 minutos"},"schema":{"@context":"https:\/\/schema.org","@graph":[{"@type":"Article","@id":"https:\/\/about.fb.com\/ltam\/news\/2014\/11\/unidos-por-la-lucha-contra-el-ebola\/#article","isPartOf":{"@id":"https:\/\/about.fb.com\/ltam\/news\/2014\/11\/unidos-por-la-lucha-contra-el-ebola\/"},"author":"Facebook company","headline":"Unidos por la lucha contra el \u00e9bola","datePublished":"2014-11-06T05:49:23+00:00","dateModified":"2014-12-09T05:56:05+00:00","mainEntityOfPage":{"@id":"https:\/\/about.fb.com\/ltam\/news\/2014\/11\/unidos-por-la-lucha-contra-el-ebola\/"},"wordCount":737,"publisher":{"@id":"https:\/\/about.fb.com\/ltam\/#organization"},"image":{"@id":"https:\/\/about.fb.com\/ltam\/news\/2014\/11\/unidos-por-la-lucha-contra-el-ebola\/#primaryimage"},"thumbnailUrl":"https:\/\/about.fb.com\/ltam\/wp-content\/uploads\/sites\/14\/2014\/12\/handfeatured.jpg?fit=740%2C499","articleSection":["Noticias de la Empresa"],"inLanguage":"es"},{"@type":"WebPage","@id":"https:\/\/about.fb.com\/ltam\/news\/2014\/11\/unidos-por-la-lucha-contra-el-ebola\/","url":"https:\/\/about.fb.com\/ltam\/news\/2014\/11\/unidos-por-la-lucha-contra-el-ebola\/","name":"Unidos por la lucha contra el \u00e9bola | Acerca de Meta","isPartOf":{"@id":"https:\/\/about.fb.com\/ltam\/#website"},"primaryImageOfPage":{"@id":"https:\/\/about.fb.com\/ltam\/news\/2014\/11\/unidos-por-la-lucha-contra-el-ebola\/#primaryimage"},"image":{"@id":"https:\/\/about.fb.com\/ltam\/news\/2014\/11\/unidos-por-la-lucha-contra-el-ebola\/#primaryimage"},"thumbnailUrl":"https:\/\/about.fb.com\/ltam\/wp-content\/uploads\/sites\/14\/2014\/12\/handfeatured.jpg?fit=740%2C499","datePublished":"2014-11-06T05:49:23+00:00","dateModified":"2014-12-09T05:56:05+00:00","breadcrumb":{"@id":"https:\/\/about.fb.com\/ltam\/news\/2014\/11\/unidos-por-la-lucha-contra-el-ebola\/#breadcrumb"},"inLanguage":"es","potentialAction":[{"@type":"ReadAction","target":["https:\/\/about.fb.com\/ltam\/news\/2014\/11\/unidos-por-la-lucha-contra-el-ebola\/"]}],"author":"Acerca de Meta"},{"@type":"ImageObject","inLanguage":"es","@id":"https:\/\/about.fb.com\/ltam\/news\/2014\/11\/unidos-por-la-lucha-contra-el-ebola\/#primaryimage","url":"https:\/\/about.fb.com\/ltam\/wp-content\/uploads\/sites\/14\/2014\/12\/handfeatured.jpg?fit=740%2C499","contentUrl":"https:\/\/about.fb.com\/ltam\/wp-content\/uploads\/sites\/14\/2014\/12\/handfeatured.jpg?fit=740%2C499","width":740,"height":499},{"@type":"BreadcrumbList","@id":"https:\/\/about.fb.com\/ltam\/news\/2014\/11\/unidos-por-la-lucha-contra-el-ebola\/#breadcrumb","itemListElement":[{"@type":"ListItem","position":1,"name":"Home","item":"https:\/\/about.fb.com\/ltam\/"},{"@type":"ListItem","position":2,"name":"Unidos por la lucha contra el \u00e9bola"}]},{"@type":"WebSite","@id":"https:\/\/about.fb.com\/ltam\/#website","url":"https:\/\/about.fb.com\/news\/","name":"Acerca de Meta","description":"","publisher":{"@id":"https:\/\/about.fb.com\/ltam\/#organization"},"potentialAction":[{"@type":"SearchAction","target":{"@type":"EntryPoint","urlTemplate":"https:\/\/about.fb.com\/ltam\/?s={search_term_string}"},"query-input":{"@type":"PropertyValueSpecification","valueRequired":true,"valueName":"search_term_string"}}],"inLanguage":"es","alternateName":["Meta Newsroom","Meta"]},{"@type":"Organization","@id":"https:\/\/about.fb.com\/ltam\/#organization","name":"Meta","url":"https:\/\/about.fb.com\/ltam\/","logo":{"@type":"ImageObject","inLanguage":"es","@id":"https:\/\/about.fb.com\/ltam\/#\/schema\/logo\/image\/","url":"https:\/\/about.fb.com\/ltam\/wp-content\/uploads\/sites\/14\/2021\/10\/meta-social-16x9-1.jpg?fit=8000%2C4500","contentUrl":"https:\/\/about.fb.com\/ltam\/wp-content\/uploads\/sites\/14\/2021\/10\/meta-social-16x9-1.jpg?fit=8000%2C4500","width":8000,"height":4500,"caption":"Meta"},"image":{"@id":"https:\/\/about.fb.com\/ltam\/#\/schema\/logo\/image\/"}}]}},"jetpack_featured_media_url":"https:\/\/about.fb.com\/ltam\/wp-content\/uploads\/sites\/14\/2014\/12\/handfeatured.jpg?fit=740%2C499","jetpack-related-posts":[],"jetpack_sharing_enabled":true,"amp_enabled":true,"_links":{"self":[{"href":"https:\/\/about.fb.com\/ltam\/wp-json\/wp\/v2\/posts\/3117","targetHints":{"allow":["GET"]}}],"collection":[{"href":"https:\/\/about.fb.com\/ltam\/wp-json\/wp\/v2\/posts"}],"about":[{"href":"https:\/\/about.fb.com\/ltam\/wp-json\/wp\/v2\/types\/post"}],"author":[{"embeddable":true,"href":"https:\/\/about.fb.com\/ltam\/wp-json\/wp\/v2\/users\/60068712"}],"replies":[{"embeddable":true,"href":"https:\/\/about.fb.com\/ltam\/wp-json\/wp\/v2\/comments?post=3117"}],"version-history":[{"count":2,"href":"https:\/\/about.fb.com\/ltam\/wp-json\/wp\/v2\/posts\/3117\/revisions"}],"predecessor-version":[{"id":3122,"href":"https:\/\/about.fb.com\/ltam\/wp-json\/wp\/v2\/posts\/3117\/revisions\/3122"}],"wp:featuredmedia":[{"embeddable":true,"href":"https:\/\/about.fb.com\/ltam\/wp-json\/wp\/v2\/media\/3118"}],"wp:attachment":[{"href":"https:\/\/about.fb.com\/ltam\/wp-json\/wp\/v2\/media?parent=3117"}],"wp:term":[{"taxonomy":"category","embeddable":true,"href":"https:\/\/about.fb.com\/ltam\/wp-json\/wp\/v2\/categories?post=3117"},{"taxonomy":"post_tag","embeddable":true,"href":"https:\/\/about.fb.com\/ltam\/wp-json\/wp\/v2\/tags?post=3117"}],"curies":[{"name":"wp","href":"https:\/\/api.w.org\/{rel}","templated":true}]}}