{"id":26350,"date":"2026-04-24T00:20:01","date_gmt":"2026-04-24T06:20:01","guid":{"rendered":"https:\/\/about.fb.com\/ltam\/?p=26350"},"modified":"2026-04-24T01:03:33","modified_gmt":"2026-04-24T07:03:33","slug":"cuenta-de-meta-la-forma-mas-sencilla-de-acceder-a-tus-apps-y-dispositivos","status":"publish","type":"post","link":"https:\/\/about.fb.com\/ltam\/news\/2026\/04\/cuenta-de-meta-la-forma-mas-sencilla-de-acceder-a-tus-apps-y-dispositivos\/","title":{"rendered":"Cuenta de Meta: una forma m\u00e1s r\u00e1pida y sencilla de acceder a tus apps y dispositivos"},"content":{"rendered":"<p><span style=\"font-weight: 400\">Cada vez m\u00e1s personas usan las tecnolog\u00edas de Meta, y en los \u00faltimos a\u00f1os hemos creado nuevas aplicaciones y dispositivos que se han convertido en parte de c\u00f3mo las personas conectan con otros, desde Threads hasta Meta AI y los lentes con IA. Con tantas formas de crear, aprender y comunicarse, es m\u00e1s importante que nunca contar con un lugar central y pr\u00e1ctico para administrar las experiencias en todas las aplicaciones.\u00a0<\/span><\/p>\n<p><span style=\"font-weight: 400\">Por eso, hoy presentamos <\/span><b>Cuenta<\/b> <b>de Meta<\/b><span style=\"font-weight: 400\">. Basada en el Centro de cuentas, la <\/span><b>Cuenta de Meta <\/b><span style=\"font-weight: 400\">es una forma m\u00e1s r\u00e1pida y sencilla de acceder y administrar tus aplicaciones y dispositivos de Meta, todo desde un solo lugar.\u00a0<\/span><\/p>\n<h3><b>Qu\u00e9 esperar<\/b><\/h3>\n<p><span style=\"font-weight: 400\">El Centro de cuentas se actualizar\u00e1 autom\u00e1ticamente para convertirse en <\/span><b>Cuenta de Meta<\/b><span style=\"font-weight: 400\">. Este lanzamiento se realizar\u00e1 de forma gradual durante el pr\u00f3ximo a\u00f1o. Esto es lo que puedes esperar:<\/span><\/p>\n<ul>\n<li style=\"font-weight: 400\"><b>Tus apps y dispositivos aparecer\u00e1n autom\u00e1ticamente:<\/b><span style=\"font-weight: 400\"> Todas las aplicaciones que forman parte de tu Centro de cuentas estar\u00e1n en tu <\/span><b>Cuenta de Meta<\/b><span style=\"font-weight: 400\">. Recibir\u00e1s una notificaci\u00f3n cuando esto suceda.<\/span><\/li>\n<li style=\"font-weight: 400\"><b>Tu experiencia diaria sigue igual:<\/b><span style=\"font-weight: 400\"> El cambio no modificar\u00e1 la forma en que usas tus apps. Est\u00e1 dise\u00f1ado para facilitar el inicio de sesi\u00f3n y la administraci\u00f3n de tu configuraci\u00f3n.<\/span><\/li>\n<li style=\"font-weight: 400\"><b>Opcional para WhatsApp:<\/b><span style=\"font-weight: 400\"> Si anteriormente agregaste WhatsApp a tu Centro de cuentas, esta configuraci\u00f3n se trasladar\u00e1 a tu <\/span><b>Cuenta de Meta<\/b><span style=\"font-weight: 400\"> y podr\u00e1s eliminarlo en cualquier momento. Si no has agregado WhatsApp a tu Centro de cuentas, permanecer\u00e1 separado de tu <\/span><b>Cuenta de Meta<\/b><span style=\"font-weight: 400\"> y podr\u00e1s administrar tu WhatsApp de manera independiente. Tus mensajes personales y llamadas seguir\u00e1n siendo privados y cifrados de extremo a extremo. M\u00e1s informaci\u00f3n <a href=\"https:\/\/faq.whatsapp.com\/849367647393371\/?cms_platform=web\">aqu\u00ed<\/a>.<\/span><\/li>\n<\/ul>\n<h3><b>Inicio de sesi\u00f3n f\u00e1cil y seguridad reforzada<\/b><\/h3>\n<p><span style=\"font-weight: 400\">Tu <\/span><b>Cuenta de Meta<\/b><span style=\"font-weight: 400\"> facilita el inicio de sesi\u00f3n en las apps y dispositivos que usas para conectarte con las personas y comunidades que te importan.<\/span><\/p>\n<ul>\n<li style=\"font-weight: 400\"><b>Una contrase\u00f1a, cero complicaciones:<\/b><span style=\"font-weight: 400\"> Puedes configurar opcionalmente una \u00fanica contrase\u00f1a para iniciar sesi\u00f3n en tus apps y dispositivos de Meta, de modo que ya no tengas que recordar m\u00faltiples contrase\u00f1as.<\/span><\/li>\n<li style=\"font-weight: 400\"><b>Configuraci\u00f3n sencilla para nuevas apps y dispositivos:<\/b><span style=\"font-weight: 400\"> Cuando descargues una nueva app de Meta o configures un nuevo dispositivo, tu <\/span><b>Cuenta de Meta<\/b><span style=\"font-weight: 400\"> te permitir\u00e1 empezar r\u00e1pidamente, sin necesidad de crear otro inicio de sesi\u00f3n ni un perfil desde cero.<\/span><\/li>\n<\/ul>\n<p><span style=\"font-weight: 400\">Tu <\/span><b>Cuenta de Meta<\/b><span style=\"font-weight: 400\"> tambi\u00e9n incluye protecciones reforzadas dise\u00f1adas para mantener tu informaci\u00f3n segura sin que tengas que hacer ning\u00fan esfuerzo adicional.<\/span><\/p>\n<ul>\n<li style=\"font-weight: 400\"><b>Seguridad mejorada con passkeys:<\/b><span style=\"font-weight: 400\"> Las <a href=\"https:\/\/about.fb.com\/news\/2025\/06\/introducing-passkeys-facebook-easier-sign-in\/\">passkeys<\/a> ofrecen una alternativa m\u00e1s segura a las contrase\u00f1as tradicionales, permiti\u00e9ndote iniciar sesi\u00f3n con tu huella digital, reconocimiento facial o la contrase\u00f1a de dispositivo. Con tu <\/span><b>Cuenta de Meta<\/b><span style=\"font-weight: 400\">, las passkeys ahora funcionar\u00e1n en Instagram, adem\u00e1s de Facebook y Messenger, y pr\u00f3ximamente estar\u00e1n disponibles en m\u00e1s aplicaciones. Las passkeys de WhatsApp se administran de forma independiente dentro de WhatsApp.<\/span><\/li>\n<li style=\"font-weight: 400\"><b>Protecci\u00f3n 24\/7:<\/b><span style=\"font-weight: 400\"> Nuestros sistemas de seguridad de cuentas trabajan las 24 horas del d\u00eda para detectar y detener actividades sospechosas, ayudando a prevenir el acceso no autorizado antes de que pueda causar da\u00f1o.<\/span><\/li>\n<li style=\"font-weight: 400\"><b>Recomendaciones de seguridad personalizadas:<\/b><span style=\"font-weight: 400\"> La revisi\u00f3n de seguridad se simplifica con tu <\/span><b>Cuenta de Meta<\/b><span style=\"font-weight: 400\">, ayud\u00e1ndote a mantenerte al d\u00eda con protecciones como la autenticaci\u00f3n en dos pasos y las alertas de inicio de sesi\u00f3n en todas tus tecnolog\u00edas de Meta.<\/span><\/li>\n<\/ul>\n<p><img data-recalc-dims=\"1\" loading=\"lazy\" decoding=\"async\" class=\"aligncenter size-large wp-image-26354\" src=\"https:\/\/about.fb.com\/ltam\/wp-content\/uploads\/sites\/14\/2026\/04\/image4_759ba7.gif?w=960&#038;resize=960%2C836\" alt=\"\" width=\"960\" height=\"836\" \/><\/p>\n<h3><b>Un lugar central para las configuraciones que te importan<\/b><\/h3>\n<p><span style=\"font-weight: 400\">Tu <\/span><b>Cuenta de Meta <\/b><span style=\"font-weight: 400\">est\u00e1 dise\u00f1ada para facilitar c\u00f3mo administrar las configuraciones que te importan.<\/span><\/p>\n<p><span style=\"font-weight: 400\">Las configuraciones que se aplican a todas las apps y dispositivos Meta se administran en un solo lugar a trav\u00e9s de tu <\/span><b>Cuenta de Meta<\/b><span style=\"font-weight: 400\">, de manera similar a c\u00f3mo funciona hoy el Centro de cuentas. Ahora, m\u00e1s configuraciones pueden administrarse de forma centralizada, incluyendo tu contrase\u00f1a, la autenticaci\u00f3n en dos pasos y la direcci\u00f3n de correo electr\u00f3nico asociada a tus cuentas. Como estas no cambian de una aplicaci\u00f3n a otra, no deber\u00edas tener que actualizarlas por separado.<\/span><\/p>\n<p><span style=\"font-weight: 400\">Las configuraciones espec\u00edficas de cada aplicaci\u00f3n se siguen administrando de forma independiente para que tambi\u00e9n puedas personalizar tus experiencias en cada una. Este tipo de decisiones son personales seg\u00fan c\u00f3mo usas cada aplicaci\u00f3n, por lo que se encuentran justo donde esperar\u00edas: dentro de la propia <\/span><span style=\"font-weight: 400\">app<\/span><span style=\"font-weight: 400\">. Por ejemplo, qui\u00e9n puede ver tus publicaciones de Facebook es una configuraci\u00f3n de Facebook. De igual manera, si alguien puede etiquetarte en una foto en Instagram es una configuraci\u00f3n de Instagram. Estas no cambiar\u00e1n con tu <\/span><b>Cuenta de Meta<\/b><span style=\"font-weight: 400\">. M\u00e1s informaci\u00f3n sobre c\u00f3mo administrar la configuraci\u00f3n de tu <\/span><b>Cuenta de Meta<\/b> <span style=\"font-weight: 400\">aqu\u00ed<\/span><span style=\"font-weight: 400\">.<\/span><\/p>\n<p><img data-recalc-dims=\"1\" loading=\"lazy\" decoding=\"async\" class=\"aligncenter size-large wp-image-26352\" src=\"https:\/\/about.fb.com\/ltam\/wp-content\/uploads\/sites\/14\/2026\/04\/image2.jpg?w=960&#038;resize=960%2C836\" alt=\"\" width=\"960\" height=\"836\" srcset=\"https:\/\/about.fb.com\/ltam\/wp-content\/uploads\/sites\/14\/2026\/04\/image2.jpg?w=1920 1920w, https:\/\/about.fb.com\/ltam\/wp-content\/uploads\/sites\/14\/2026\/04\/image2.jpg?w=459 459w, https:\/\/about.fb.com\/ltam\/wp-content\/uploads\/sites\/14\/2026\/04\/image2.jpg?w=300 300w, https:\/\/about.fb.com\/ltam\/wp-content\/uploads\/sites\/14\/2026\/04\/image2.jpg?w=768 768w, https:\/\/about.fb.com\/ltam\/wp-content\/uploads\/sites\/14\/2026\/04\/image2.jpg?w=1024 1024w, https:\/\/about.fb.com\/ltam\/wp-content\/uploads\/sites\/14\/2026\/04\/image2.jpg?w=1536 1536w, https:\/\/about.fb.com\/ltam\/wp-content\/uploads\/sites\/14\/2026\/04\/image2.jpg?w=1240 1240w, https:\/\/about.fb.com\/ltam\/wp-content\/uploads\/sites\/14\/2026\/04\/image2.jpg?w=689 689w\" sizes=\"auto, (max-width: 960px) 100vw, 960px\" \/><\/p>\n<p><img data-recalc-dims=\"1\" loading=\"lazy\" decoding=\"async\" class=\"aligncenter size-large wp-image-26351\" src=\"https:\/\/about.fb.com\/ltam\/wp-content\/uploads\/sites\/14\/2026\/04\/image1.jpg?w=960&#038;resize=960%2C836\" alt=\"\" width=\"960\" height=\"836\" srcset=\"https:\/\/about.fb.com\/ltam\/wp-content\/uploads\/sites\/14\/2026\/04\/image1.jpg?w=1920 1920w, https:\/\/about.fb.com\/ltam\/wp-content\/uploads\/sites\/14\/2026\/04\/image1.jpg?w=459 459w, https:\/\/about.fb.com\/ltam\/wp-content\/uploads\/sites\/14\/2026\/04\/image1.jpg?w=300 300w, https:\/\/about.fb.com\/ltam\/wp-content\/uploads\/sites\/14\/2026\/04\/image1.jpg?w=768 768w, https:\/\/about.fb.com\/ltam\/wp-content\/uploads\/sites\/14\/2026\/04\/image1.jpg?w=1024 1024w, https:\/\/about.fb.com\/ltam\/wp-content\/uploads\/sites\/14\/2026\/04\/image1.jpg?w=1536 1536w, https:\/\/about.fb.com\/ltam\/wp-content\/uploads\/sites\/14\/2026\/04\/image1.jpg?w=1240 1240w, https:\/\/about.fb.com\/ltam\/wp-content\/uploads\/sites\/14\/2026\/04\/image1.jpg?w=689 689w\" sizes=\"auto, (max-width: 960px) 100vw, 960px\" \/><\/p>\n<p><img data-recalc-dims=\"1\" loading=\"lazy\" decoding=\"async\" class=\"aligncenter size-large wp-image-26353\" src=\"https:\/\/about.fb.com\/ltam\/wp-content\/uploads\/sites\/14\/2026\/04\/image3_fda54a.jpg?w=960&#038;resize=960%2C836\" alt=\"\" width=\"960\" height=\"836\" srcset=\"https:\/\/about.fb.com\/ltam\/wp-content\/uploads\/sites\/14\/2026\/04\/image3_fda54a.jpg?w=1920 1920w, https:\/\/about.fb.com\/ltam\/wp-content\/uploads\/sites\/14\/2026\/04\/image3_fda54a.jpg?w=459 459w, https:\/\/about.fb.com\/ltam\/wp-content\/uploads\/sites\/14\/2026\/04\/image3_fda54a.jpg?w=300 300w, https:\/\/about.fb.com\/ltam\/wp-content\/uploads\/sites\/14\/2026\/04\/image3_fda54a.jpg?w=768 768w, https:\/\/about.fb.com\/ltam\/wp-content\/uploads\/sites\/14\/2026\/04\/image3_fda54a.jpg?w=1024 1024w, https:\/\/about.fb.com\/ltam\/wp-content\/uploads\/sites\/14\/2026\/04\/image3_fda54a.jpg?w=1536 1536w, https:\/\/about.fb.com\/ltam\/wp-content\/uploads\/sites\/14\/2026\/04\/image3_fda54a.jpg?w=1240 1240w, https:\/\/about.fb.com\/ltam\/wp-content\/uploads\/sites\/14\/2026\/04\/image3_fda54a.jpg?w=689 689w\" sizes=\"auto, (max-width: 960px) 100vw, 960px\" \/><\/p>\n<p><span style=\"font-weight: 400\">Para los padres y madres, la <\/span><b>Cuenta de Meta<\/b><span style=\"font-weight: 400\"> facilita la organizaci\u00f3n de las cuentas supervisadas de los adolescentes sin tener que alternar entre ellas. Puedes administrar la configuraci\u00f3n de Instagram, Facebook, Messenger y Meta Horizon de los adolescentes desde un \u00fanico panel simplificado a trav\u00e9s del Centro para familias, ubicado dentro de tu <\/span><b>Cuenta de Meta<\/b><span style=\"font-weight: 400\">. Seguiremos mejorando nuestras herramientas de supervisi\u00f3n para padres y madres.<\/span><\/p>\n<p><span style=\"font-weight: 400\">La <strong>Cuenta de Meta<\/strong> est\u00e1 aqu\u00ed para hacer tu vida digital m\u00e1s sencilla y segura, y esto es solo el comienzo. Agregaremos m\u00e1s funciones con el tiempo. M\u00e1s informaci\u00f3n <a href=\"https:\/\/www.meta.com\/es-la\/account\/?utm_source=newsroom&amp;utm_medium=referral&amp;utm_program=meta-account\">aqu\u00ed<\/a>.<\/span><\/p>\n<h3><b>Tus preguntas sobre Cuenta de Meta, respondidas<\/b><\/h3>\n<p><span style=\"font-weight: 400\">A continuaci\u00f3n, respuestas a algunas de las preguntas m\u00e1s frecuentes sobre <\/span><b>Cuenta de Meta.\u00a0<\/b><\/p>\n<p><b>\u00bfCuenta de Meta cambia algo para m\u00ed?<\/b><\/p>\n<p><span style=\"font-weight: 400\">Tu experiencia diaria con las tecnolog\u00edas de Meta seguir\u00e1 siendo la misma. Una vez que tu Centro de cuentas se actualice a una Cuenta de Meta, tendr\u00e1s una experiencia de inicio de sesi\u00f3n m\u00e1s sencilla para tus apps y dispositivos, funciones de seguridad mejoradas y la posibilidad de gestionar m\u00e1s configuraciones y preferencias en un solo lugar.<\/span><\/p>\n<p><b>\u00bfQu\u00e9 apps y dispositivos est\u00e1n incluidos en Cuenta de Meta?<\/b><\/p>\n<p><span style=\"font-weight: 400\">Cuenta de Meta es compatible con las tecnolog\u00edas de Meta, incluyendo Facebook, Instagram, Messenger, Threads, Meta AI, gafas con IA y los visores Meta Quest. WhatsApp puede agregarse de forma opcional y no estar\u00e1 en tu Cuenta de Meta a menos que lo hayas agregado previamente a tu Centro de cuentas o decidas agregarlo a tu Cuenta de Meta m\u00e1s adelante.<\/span><\/p>\n<p><b>\u00bfTengo que agregar todas mis apps y dispositivos a una sola Cuenta de Meta?<\/b><\/p>\n<p><span style=\"font-weight: 400\">No. Puedes optar por tener diferentes Cuentas de Meta para diferentes apps o dispositivos. Por ejemplo, puedes tener una Cuenta de Meta para tu Facebook y otra Cuenta de Meta para tu perfil de Instagram. Puedes optar por mantener WhatsApp separado de tu Cuenta de Meta y gestionar tu WhatsApp c\u00f3mo lo haces hoy.<\/span><\/p>\n<p><b>\u00bfMi informaci\u00f3n estar\u00e1 segura con una Cuenta de Meta?<\/b><\/p>\n<p><span style=\"font-weight: 400\">Por supuesto. Tu Cuenta de Meta utiliza funciones de seguridad l\u00edderes en la industria, como el inicio de sesi\u00f3n con passkeys, protecciones proactivas y un Chequeo de seguridad personalizado para mantener tu informaci\u00f3n protegida. Tienes control total sobre tu configuraci\u00f3n de privacidad y la seguridad de tu cuenta. M\u00e1s informaci\u00f3n <a href=\"https:\/\/www.meta.com\/es-la\/safety\/topics\/safety-basics\/tools\/security\/\">aqu\u00ed<\/a>.<\/span><\/p>\n<p><b>Ya tengo una Cuenta de Meta para mi Meta Quest y mis lentes con IA. \u00bfEs lo mismo?<\/b><\/p>\n<p><span style=\"font-weight: 400\">S\u00ed, pero tu Cuenta de Meta actualizada se basa en el Centro de cuentas y ahora funciona en m\u00e1s apps y dispositivos, lo que facilita el inicio de sesi\u00f3n, el control centralizado de m\u00e1s configuraciones y la protecci\u00f3n de tu informaci\u00f3n.<\/span><\/p>\n","protected":false},"excerpt":{"rendered":"Presentamos Cuenta de Meta: La forma m\u00e1s sencilla y centralizada de iniciar sesi\u00f3n y administrar tus apps y dispositivos Meta, como Facebook, Instagram y los lentes con IA, todo desde un solo lugar.","protected":false},"author":164097050,"featured_media":26355,"comment_status":"closed","ping_status":"closed","sticky":false,"template":"","format":"standard","meta":{"_jetpack_memberships_contains_paid_content":false,"footnotes":""},"categories":[243948038,243948039,243948040,243948155,243948037,237720135,243948258,243948043],"tags":[],"class_list":["post-26350","post","type-post","status-publish","format-standard","has-post-thumbnail","hentry","category-facebook-app","category-instagram","category-messenger","category-meta-2","category-meta","category-noticias-de-productos","category-threads","category-whatsapp"],"yoast_head":"<!-- This site is optimized with the Yoast SEO plugin v27.2 - https:\/\/yoast.com\/product\/yoast-seo-wordpress\/ -->\n<title>Cuenta de Meta: una forma m\u00e1s r\u00e1pida y sencilla de acceder a tus apps y dispositivos | Acerca de Meta<\/title>\n<meta name=\"robots\" content=\"index, follow, max-snippet:-1, max-image-preview:large, max-video-preview:-1\" \/>\n<link rel=\"canonical\" href=\"https:\/\/about.fb.com\/ltam\/news\/2026\/04\/cuenta-de-meta-la-forma-mas-sencilla-de-acceder-a-tus-apps-y-dispositivos\/\" \/>\n<meta property=\"og:locale\" content=\"es_ES\" \/>\n<meta property=\"og:type\" content=\"article\" \/>\n<meta property=\"og:title\" content=\"Cuenta de Meta: una forma m\u00e1s r\u00e1pida y sencilla de acceder a tus apps y dispositivos | Acerca de Meta\" \/>\n<meta property=\"og:description\" content=\"Presentamos Cuenta de Meta: La forma m\u00e1s sencilla y centralizada de iniciar sesi\u00f3n y administrar tus apps y dispositivos Meta, como Facebook, Instagram y los lentes con IA, todo desde un solo lugar.\" \/>\n<meta property=\"og:url\" content=\"https:\/\/about.fb.com\/ltam\/news\/2026\/04\/cuenta-de-meta-la-forma-mas-sencilla-de-acceder-a-tus-apps-y-dispositivos\/\" \/>\n<meta property=\"og:site_name\" content=\"Acerca de Meta\" \/>\n<meta property=\"article:published_time\" content=\"2026-04-24T06:20:01+00:00\" \/>\n<meta property=\"article:modified_time\" content=\"2026-04-24T07:03:33+00:00\" \/>\n<meta property=\"og:image\" content=\"https:\/\/about.fb.com\/ltam\/wp-content\/uploads\/sites\/14\/2026\/04\/Screenshot-2026-04-23-at-11.13.18-PM.png?w=944\" \/>\n\t<meta property=\"og:image:width\" content=\"944\" \/>\n\t<meta property=\"og:image:height\" content=\"708\" \/>\n\t<meta property=\"og:image:type\" content=\"image\/png\" \/>\n<meta name=\"author\" content=\"milenaherreraCO\" \/>\n<meta name=\"twitter:card\" content=\"summary_large_image\" \/>\n<meta name=\"twitter:label1\" content=\"Written by\" \/>\n\t<meta name=\"twitter:data1\" content=\"Meta\" \/>\n\t<meta name=\"twitter:label2\" content=\"Est. reading time\" \/>\n\t<meta name=\"twitter:data2\" content=\"7 minutos\" \/>\n<script type=\"application\/ld+json\" class=\"yoast-schema-graph\">{\"@context\":\"https:\/\/schema.org\",\"@graph\":[{\"@type\":\"Article\",\"@id\":\"https:\/\/about.fb.com\/ltam\/news\/2026\/04\/cuenta-de-meta-la-forma-mas-sencilla-de-acceder-a-tus-apps-y-dispositivos\/#article\",\"isPartOf\":{\"@id\":\"https:\/\/about.fb.com\/ltam\/news\/2026\/04\/cuenta-de-meta-la-forma-mas-sencilla-de-acceder-a-tus-apps-y-dispositivos\/\"},\"author\":\"Facebook company\",\"headline\":\"Cuenta de Meta: una forma m\u00e1s r\u00e1pida y sencilla de acceder a tus apps y dispositivos\",\"datePublished\":\"2026-04-24T06:20:01+00:00\",\"dateModified\":\"2026-04-24T07:03:33+00:00\",\"mainEntityOfPage\":{\"@id\":\"https:\/\/about.fb.com\/ltam\/news\/2026\/04\/cuenta-de-meta-la-forma-mas-sencilla-de-acceder-a-tus-apps-y-dispositivos\/\"},\"wordCount\":1306,\"publisher\":{\"@id\":\"https:\/\/about.fb.com\/ltam\/#organization\"},\"image\":{\"@id\":\"https:\/\/about.fb.com\/ltam\/news\/2026\/04\/cuenta-de-meta-la-forma-mas-sencilla-de-acceder-a-tus-apps-y-dispositivos\/#primaryimage\"},\"thumbnailUrl\":\"https:\/\/about.fb.com\/ltam\/wp-content\/uploads\/sites\/14\/2026\/04\/Screenshot-2026-04-23-at-11.13.18-PM.png?fit=944%2C708\",\"articleSection\":[\"Facebook\",\"Instagram\",\"Messenger\",\"Meta\",\"Meta\",\"Noticias de Productos\",\"Threads\",\"WhatsApp\"],\"inLanguage\":\"es\"},{\"@type\":\"WebPage\",\"@id\":\"https:\/\/about.fb.com\/ltam\/news\/2026\/04\/cuenta-de-meta-la-forma-mas-sencilla-de-acceder-a-tus-apps-y-dispositivos\/\",\"url\":\"https:\/\/about.fb.com\/ltam\/news\/2026\/04\/cuenta-de-meta-la-forma-mas-sencilla-de-acceder-a-tus-apps-y-dispositivos\/\",\"name\":\"Cuenta de Meta: una forma m\u00e1s r\u00e1pida y sencilla de acceder a tus apps y dispositivos | Acerca de Meta\",\"isPartOf\":{\"@id\":\"https:\/\/about.fb.com\/ltam\/#website\"},\"primaryImageOfPage\":{\"@id\":\"https:\/\/about.fb.com\/ltam\/news\/2026\/04\/cuenta-de-meta-la-forma-mas-sencilla-de-acceder-a-tus-apps-y-dispositivos\/#primaryimage\"},\"image\":{\"@id\":\"https:\/\/about.fb.com\/ltam\/news\/2026\/04\/cuenta-de-meta-la-forma-mas-sencilla-de-acceder-a-tus-apps-y-dispositivos\/#primaryimage\"},\"thumbnailUrl\":\"https:\/\/about.fb.com\/ltam\/wp-content\/uploads\/sites\/14\/2026\/04\/Screenshot-2026-04-23-at-11.13.18-PM.png?fit=944%2C708\",\"datePublished\":\"2026-04-24T06:20:01+00:00\",\"dateModified\":\"2026-04-24T07:03:33+00:00\",\"breadcrumb\":{\"@id\":\"https:\/\/about.fb.com\/ltam\/news\/2026\/04\/cuenta-de-meta-la-forma-mas-sencilla-de-acceder-a-tus-apps-y-dispositivos\/#breadcrumb\"},\"inLanguage\":\"es\",\"potentialAction\":[{\"@type\":\"ReadAction\",\"target\":[\"https:\/\/about.fb.com\/ltam\/news\/2026\/04\/cuenta-de-meta-la-forma-mas-sencilla-de-acceder-a-tus-apps-y-dispositivos\/\"]}],\"author\":\"Acerca de Meta\"},{\"@type\":\"ImageObject\",\"inLanguage\":\"es\",\"@id\":\"https:\/\/about.fb.com\/ltam\/news\/2026\/04\/cuenta-de-meta-la-forma-mas-sencilla-de-acceder-a-tus-apps-y-dispositivos\/#primaryimage\",\"url\":\"https:\/\/about.fb.com\/ltam\/wp-content\/uploads\/sites\/14\/2026\/04\/Screenshot-2026-04-23-at-11.13.18-PM.png?fit=944%2C708\",\"contentUrl\":\"https:\/\/about.fb.com\/ltam\/wp-content\/uploads\/sites\/14\/2026\/04\/Screenshot-2026-04-23-at-11.13.18-PM.png?fit=944%2C708\",\"width\":944,\"height\":708},{\"@type\":\"BreadcrumbList\",\"@id\":\"https:\/\/about.fb.com\/ltam\/news\/2026\/04\/cuenta-de-meta-la-forma-mas-sencilla-de-acceder-a-tus-apps-y-dispositivos\/#breadcrumb\",\"itemListElement\":[{\"@type\":\"ListItem\",\"position\":1,\"name\":\"Home\",\"item\":\"https:\/\/about.fb.com\/ltam\/\"},{\"@type\":\"ListItem\",\"position\":2,\"name\":\"Cuenta de Meta: una forma m\u00e1s r\u00e1pida y sencilla de acceder a tus apps y dispositivos\"}]},{\"@type\":\"WebSite\",\"@id\":\"https:\/\/about.fb.com\/ltam\/#website\",\"url\":\"https:\/\/about.fb.com\/news\/\",\"name\":\"Acerca de Meta\",\"description\":\"\",\"publisher\":{\"@id\":\"https:\/\/about.fb.com\/ltam\/#organization\"},\"potentialAction\":[{\"@type\":\"SearchAction\",\"target\":{\"@type\":\"EntryPoint\",\"urlTemplate\":\"https:\/\/about.fb.com\/ltam\/?s={search_term_string}\"},\"query-input\":{\"@type\":\"PropertyValueSpecification\",\"valueRequired\":true,\"valueName\":\"search_term_string\"}}],\"inLanguage\":\"es\",\"alternateName\":[\"Meta Newsroom\",\"Meta\"]},{\"@type\":\"Organization\",\"@id\":\"https:\/\/about.fb.com\/ltam\/#organization\",\"name\":\"Meta\",\"url\":\"https:\/\/about.fb.com\/ltam\/\",\"logo\":{\"@type\":\"ImageObject\",\"inLanguage\":\"es\",\"@id\":\"https:\/\/about.fb.com\/ltam\/#\/schema\/logo\/image\/\",\"url\":\"https:\/\/about.fb.com\/ltam\/wp-content\/uploads\/sites\/14\/2021\/10\/meta-social-16x9-1.jpg?fit=8000%2C4500\",\"contentUrl\":\"https:\/\/about.fb.com\/ltam\/wp-content\/uploads\/sites\/14\/2021\/10\/meta-social-16x9-1.jpg?fit=8000%2C4500\",\"width\":8000,\"height\":4500,\"caption\":\"Meta\"},\"image\":{\"@id\":\"https:\/\/about.fb.com\/ltam\/#\/schema\/logo\/image\/\"}}]}<\/script>\n<!-- \/ Yoast SEO plugin. -->","yoast_head_json":{"title":"Cuenta de Meta: una forma m\u00e1s r\u00e1pida y sencilla de acceder a tus apps y dispositivos | Acerca de Meta","robots":{"index":"index","follow":"follow","max-snippet":"max-snippet:-1","max-image-preview":"max-image-preview:large","max-video-preview":"max-video-preview:-1"},"canonical":"https:\/\/about.fb.com\/ltam\/news\/2026\/04\/cuenta-de-meta-la-forma-mas-sencilla-de-acceder-a-tus-apps-y-dispositivos\/","og_locale":"es_ES","og_type":"article","og_title":"Cuenta de Meta: una forma m\u00e1s r\u00e1pida y sencilla de acceder a tus apps y dispositivos | Acerca de Meta","og_description":"Presentamos Cuenta de Meta: La forma m\u00e1s sencilla y centralizada de iniciar sesi\u00f3n y administrar tus apps y dispositivos Meta, como Facebook, Instagram y los lentes con IA, todo desde un solo lugar.","og_url":"https:\/\/about.fb.com\/ltam\/news\/2026\/04\/cuenta-de-meta-la-forma-mas-sencilla-de-acceder-a-tus-apps-y-dispositivos\/","og_site_name":"Acerca de Meta","article_published_time":"2026-04-24T06:20:01+00:00","article_modified_time":"2026-04-24T07:03:33+00:00","og_image":[{"url":"https:\/\/about.fb.com\/ltam\/wp-content\/uploads\/sites\/14\/2026\/04\/Screenshot-2026-04-23-at-11.13.18-PM.png?w=944","width":944,"height":708,"type":"image\/png"}],"author":"milenaherreraCO","twitter_card":"summary_large_image","twitter_misc":{"Written by":"Meta","Est. reading time":"7 minutos"},"schema":{"@context":"https:\/\/schema.org","@graph":[{"@type":"Article","@id":"https:\/\/about.fb.com\/ltam\/news\/2026\/04\/cuenta-de-meta-la-forma-mas-sencilla-de-acceder-a-tus-apps-y-dispositivos\/#article","isPartOf":{"@id":"https:\/\/about.fb.com\/ltam\/news\/2026\/04\/cuenta-de-meta-la-forma-mas-sencilla-de-acceder-a-tus-apps-y-dispositivos\/"},"author":"Facebook company","headline":"Cuenta de Meta: una forma m\u00e1s r\u00e1pida y sencilla de acceder a tus apps y dispositivos","datePublished":"2026-04-24T06:20:01+00:00","dateModified":"2026-04-24T07:03:33+00:00","mainEntityOfPage":{"@id":"https:\/\/about.fb.com\/ltam\/news\/2026\/04\/cuenta-de-meta-la-forma-mas-sencilla-de-acceder-a-tus-apps-y-dispositivos\/"},"wordCount":1306,"publisher":{"@id":"https:\/\/about.fb.com\/ltam\/#organization"},"image":{"@id":"https:\/\/about.fb.com\/ltam\/news\/2026\/04\/cuenta-de-meta-la-forma-mas-sencilla-de-acceder-a-tus-apps-y-dispositivos\/#primaryimage"},"thumbnailUrl":"https:\/\/about.fb.com\/ltam\/wp-content\/uploads\/sites\/14\/2026\/04\/Screenshot-2026-04-23-at-11.13.18-PM.png?fit=944%2C708","articleSection":["Facebook","Instagram","Messenger","Meta","Meta","Noticias de Productos","Threads","WhatsApp"],"inLanguage":"es"},{"@type":"WebPage","@id":"https:\/\/about.fb.com\/ltam\/news\/2026\/04\/cuenta-de-meta-la-forma-mas-sencilla-de-acceder-a-tus-apps-y-dispositivos\/","url":"https:\/\/about.fb.com\/ltam\/news\/2026\/04\/cuenta-de-meta-la-forma-mas-sencilla-de-acceder-a-tus-apps-y-dispositivos\/","name":"Cuenta de Meta: una forma m\u00e1s r\u00e1pida y sencilla de acceder a tus apps y dispositivos | Acerca de Meta","isPartOf":{"@id":"https:\/\/about.fb.com\/ltam\/#website"},"primaryImageOfPage":{"@id":"https:\/\/about.fb.com\/ltam\/news\/2026\/04\/cuenta-de-meta-la-forma-mas-sencilla-de-acceder-a-tus-apps-y-dispositivos\/#primaryimage"},"image":{"@id":"https:\/\/about.fb.com\/ltam\/news\/2026\/04\/cuenta-de-meta-la-forma-mas-sencilla-de-acceder-a-tus-apps-y-dispositivos\/#primaryimage"},"thumbnailUrl":"https:\/\/about.fb.com\/ltam\/wp-content\/uploads\/sites\/14\/2026\/04\/Screenshot-2026-04-23-at-11.13.18-PM.png?fit=944%2C708","datePublished":"2026-04-24T06:20:01+00:00","dateModified":"2026-04-24T07:03:33+00:00","breadcrumb":{"@id":"https:\/\/about.fb.com\/ltam\/news\/2026\/04\/cuenta-de-meta-la-forma-mas-sencilla-de-acceder-a-tus-apps-y-dispositivos\/#breadcrumb"},"inLanguage":"es","potentialAction":[{"@type":"ReadAction","target":["https:\/\/about.fb.com\/ltam\/news\/2026\/04\/cuenta-de-meta-la-forma-mas-sencilla-de-acceder-a-tus-apps-y-dispositivos\/"]}],"author":"Acerca de Meta"},{"@type":"ImageObject","inLanguage":"es","@id":"https:\/\/about.fb.com\/ltam\/news\/2026\/04\/cuenta-de-meta-la-forma-mas-sencilla-de-acceder-a-tus-apps-y-dispositivos\/#primaryimage","url":"https:\/\/about.fb.com\/ltam\/wp-content\/uploads\/sites\/14\/2026\/04\/Screenshot-2026-04-23-at-11.13.18-PM.png?fit=944%2C708","contentUrl":"https:\/\/about.fb.com\/ltam\/wp-content\/uploads\/sites\/14\/2026\/04\/Screenshot-2026-04-23-at-11.13.18-PM.png?fit=944%2C708","width":944,"height":708},{"@type":"BreadcrumbList","@id":"https:\/\/about.fb.com\/ltam\/news\/2026\/04\/cuenta-de-meta-la-forma-mas-sencilla-de-acceder-a-tus-apps-y-dispositivos\/#breadcrumb","itemListElement":[{"@type":"ListItem","position":1,"name":"Home","item":"https:\/\/about.fb.com\/ltam\/"},{"@type":"ListItem","position":2,"name":"Cuenta de Meta: una forma m\u00e1s r\u00e1pida y sencilla de acceder a tus apps y dispositivos"}]},{"@type":"WebSite","@id":"https:\/\/about.fb.com\/ltam\/#website","url":"https:\/\/about.fb.com\/news\/","name":"Acerca de Meta","description":"","publisher":{"@id":"https:\/\/about.fb.com\/ltam\/#organization"},"potentialAction":[{"@type":"SearchAction","target":{"@type":"EntryPoint","urlTemplate":"https:\/\/about.fb.com\/ltam\/?s={search_term_string}"},"query-input":{"@type":"PropertyValueSpecification","valueRequired":true,"valueName":"search_term_string"}}],"inLanguage":"es","alternateName":["Meta Newsroom","Meta"]},{"@type":"Organization","@id":"https:\/\/about.fb.com\/ltam\/#organization","name":"Meta","url":"https:\/\/about.fb.com\/ltam\/","logo":{"@type":"ImageObject","inLanguage":"es","@id":"https:\/\/about.fb.com\/ltam\/#\/schema\/logo\/image\/","url":"https:\/\/about.fb.com\/ltam\/wp-content\/uploads\/sites\/14\/2021\/10\/meta-social-16x9-1.jpg?fit=8000%2C4500","contentUrl":"https:\/\/about.fb.com\/ltam\/wp-content\/uploads\/sites\/14\/2021\/10\/meta-social-16x9-1.jpg?fit=8000%2C4500","width":8000,"height":4500,"caption":"Meta"},"image":{"@id":"https:\/\/about.fb.com\/ltam\/#\/schema\/logo\/image\/"}}]}},"jetpack_featured_media_url":"https:\/\/about.fb.com\/ltam\/wp-content\/uploads\/sites\/14\/2026\/04\/Screenshot-2026-04-23-at-11.13.18-PM.png?fit=944%2C708","jetpack-related-posts":[],"jetpack_sharing_enabled":true,"amp_enabled":true,"_links":{"self":[{"href":"https:\/\/about.fb.com\/ltam\/wp-json\/wp\/v2\/posts\/26350","targetHints":{"allow":["GET"]}}],"collection":[{"href":"https:\/\/about.fb.com\/ltam\/wp-json\/wp\/v2\/posts"}],"about":[{"href":"https:\/\/about.fb.com\/ltam\/wp-json\/wp\/v2\/types\/post"}],"author":[{"embeddable":true,"href":"https:\/\/about.fb.com\/ltam\/wp-json\/wp\/v2\/users\/164097050"}],"replies":[{"embeddable":true,"href":"https:\/\/about.fb.com\/ltam\/wp-json\/wp\/v2\/comments?post=26350"}],"version-history":[{"count":6,"href":"https:\/\/about.fb.com\/ltam\/wp-json\/wp\/v2\/posts\/26350\/revisions"}],"predecessor-version":[{"id":26362,"href":"https:\/\/about.fb.com\/ltam\/wp-json\/wp\/v2\/posts\/26350\/revisions\/26362"}],"wp:featuredmedia":[{"embeddable":true,"href":"https:\/\/about.fb.com\/ltam\/wp-json\/wp\/v2\/media\/26355"}],"wp:attachment":[{"href":"https:\/\/about.fb.com\/ltam\/wp-json\/wp\/v2\/media?parent=26350"}],"wp:term":[{"taxonomy":"category","embeddable":true,"href":"https:\/\/about.fb.com\/ltam\/wp-json\/wp\/v2\/categories?post=26350"},{"taxonomy":"post_tag","embeddable":true,"href":"https:\/\/about.fb.com\/ltam\/wp-json\/wp\/v2\/tags?post=26350"}],"curies":[{"name":"wp","href":"https:\/\/api.w.org\/{rel}","templated":true}]}}