{"id":25682,"date":"2025-02-07T08:51:11","date_gmt":"2025-02-07T14:51:11","guid":{"rendered":"https:\/\/about.fb.com\/ltam\/?p=25682"},"modified":"2025-02-07T08:51:11","modified_gmt":"2025-02-07T14:51:11","slug":"utilizando-la-ia-para-decodificar-el-lenguaje-a-partir-del-cerebro-y-avanzar-en-nuestra-comprension-de-la-comunicacion-humana","status":"publish","type":"post","link":"https:\/\/about.fb.com\/ltam\/news\/2025\/02\/utilizando-la-ia-para-decodificar-el-lenguaje-a-partir-del-cerebro-y-avanzar-en-nuestra-comprension-de-la-comunicacion-humana\/","title":{"rendered":"Utilizando la IA para decodificar el lenguaje a partir del cerebro y avanzar en nuestra comprensi\u00f3n de la comunicaci\u00f3n humana."},"content":{"rendered":"<p><span style=\"font-weight: 400\">Durante la \u00faltima d\u00e9cada, el laboratorio de Meta de Investigaci\u00f3n sobre Inteligencia Artificial Fundamental (FAIR) de Par\u00eds ha estado a la vanguardia del avance de la investigaci\u00f3n cient\u00edfica. Hemos liderado avances en <\/span><a href=\"https:\/\/ai.meta.com\/blog\/ai-predicts-effective-drug-combinations-to-fight-complex-diseases-faster\/\" target=\"_blank\" rel=\"noopener\"><span style=\"font-weight: 400\">medicina<\/span><\/a><span style=\"font-weight: 400\">, <\/span><a href=\"https:\/\/ai.meta.com\/blog\/georgia-tech-opendac-carbon-emissions-direct-air-capture\/\" target=\"_blank\" rel=\"noopener\"><span style=\"font-weight: 400\">ciencias del clima<\/span><\/a><span style=\"font-weight: 400\">, y <\/span><a href=\"https:\/\/research.facebook.com\/blog\/2023\/4\/every-tree-counts-large-scale-mapping-of-canopy-height-at-the-resolution-of-individual-trees\/\" target=\"_blank\" rel=\"noopener\"><span style=\"font-weight: 400\">conservaci\u00f3n<\/span><\/a><span style=\"font-weight: 400\">, y hemos mantenido nuestro compromiso de <\/span><a href=\"https:\/\/ai.meta.com\/blog\/fair-10-year-anniversary-open-science-meta\/\" target=\"_blank\" rel=\"noopener\"><span style=\"font-weight: 400\">ciencia abierta y reproducible<\/span><\/a><span style=\"font-weight: 400\">. De cara a la pr\u00f3xima d\u00e9cada, nos centramos en conseguir <\/span><a href=\"https:\/\/ai.meta.com\/blog\/yann-lecun-advances-in-ai-research\/\" target=\"_blank\" rel=\"noopener\"><i><span style=\"font-weight: 400\">machine intelligence<\/span><\/i><span style=\"font-weight: 400\"> avanzado<\/span><\/a><span style=\"font-weight: 400\"> (AMI, por su siglas en ingl\u00e9s) y utilizarlo para impulsar productos e innovaci\u00f3n en beneficio de todos.\u00a0<\/span><\/p>\n<p><span style=\"font-weight: 400\">Hoy, en colaboraci\u00f3n <\/span><a href=\"https:\/\/www.bcbl.eu\/en\" target=\"_blank\" rel=\"noopener\"><span style=\"font-weight: 400\">con el Centro Vasco de Cognici\u00f3n, Cerebro y Lenguaje<\/span><\/a><span style=\"font-weight: 400\">, un destacado centro de investigaci\u00f3n interdisciplinar de San Sebasti\u00e1n (Espa\u00f1a), nos complace compartir dos avances que muestran c\u00f3mo la IA puede ayudar a avanzar en nuestra comprensi\u00f3n de la inteligencia humana, acerc\u00e1ndonos a la AMI. Bas\u00e1ndonos en nuestro trabajo previo para decodificar la percepci\u00f3n de las <\/span><a href=\"https:\/\/ai.meta.com\/blog\/brain-ai-image-decoding-meg-magnetoencephalography\/\" target=\"_blank\" rel=\"noopener\"><span style=\"font-weight: 400\">im\u00e1genes<\/span><\/a><span style=\"font-weight: 400\"> y el <\/span><a href=\"https:\/\/ai.meta.com\/blog\/ai-speech-brain-activity\/\" target=\"_blank\" rel=\"noopener\"><span style=\"font-weight: 400\">discurso<\/span><\/a><span style=\"font-weight: 400\"> de la actividad cerebral, compartimos una investigaci\u00f3n que descifra con \u00e9xito la producci\u00f3n de frases a partir de grabaciones cerebrales no invasivas, descodificando con precisi\u00f3n hasta el 80% de los caracteres y, por tanto, reconstruyendo a menudo frases completas \u00fanicamente a partir de se\u00f1ales cerebrales. En un segundo estudio, explicamos c\u00f3mo la inteligencia artificial puede ayudar a comprender estas se\u00f1ales cerebrales y c\u00f3mo el cerebro transforma los pensamientos en una secuencia de palabras.<\/span><\/p>\n<p><span style=\"font-weight: 400\">El avance de esta importante investigaci\u00f3n no ser\u00eda posible sin la estrecha colaboraci\u00f3n que hemos fomentado en la comunidad neurocient\u00edfica. Hoy, Meta est\u00e1 anunciando una donaci\u00f3n de $2.2 milliones de d\u00f3lares a la <\/span><a href=\"https:\/\/www.fo-rothschild.fr\/\" target=\"_blank\" rel=\"noopener\"><span style=\"font-weight: 400\">Fundaci\u00f3n del Hospital Rothschild<\/span><\/a><span style=\"font-weight: 400\"> en apoyo de este trabajo. Esto contin\u00faa nuestra trayectoria de estrecha colaboraci\u00f3n con algunas de las principales instituciones de investigaci\u00f3n de Europa, incluyendo <\/span><a href=\"https:\/\/joliot.cea.fr\/drf\/joliot\/en\/research\/neurospin\" target=\"_blank\" rel=\"noopener\"><span style=\"font-weight: 400\">NeuroSpin (CEA)<\/span><\/a><span style=\"font-weight: 400\">, <\/span><a href=\"https:\/\/www.inria.fr\/en\" target=\"_blank\" rel=\"noopener\"><span style=\"font-weight: 400\">INRIA<\/span><\/a><span style=\"font-weight: 400\">, y <\/span><a href=\"https:\/\/www.ens.psl.eu\/\" target=\"_blank\" rel=\"noopener\"><span style=\"font-weight: 400\">ENS PSL<\/span><\/a><span style=\"font-weight: 400\">. Estas asociaciones seguir\u00e1n siendo importantes para nosotros mientras trabajamos juntos para explorar c\u00f3mo estos avances pueden marcar la diferencia en el mundo real y, en \u00faltima instancia, mejorar la vida de las personas.<\/span><\/p>\n<h2><span style=\"font-weight: 400\">Utilizando la IA para decodificar el lenguaje a partir de grabaciones cerebrales no invasivas<\/span><\/h2>\n<p><span style=\"font-weight: 400\">Todos los a\u00f1os, <\/span><a href=\"https:\/\/thejns.org\/view\/journals\/j-neurosurg\/130\/4\/article-p1080.xml\" target=\"_blank\" rel=\"noopener\"><span style=\"font-weight: 400\">millones de personas<\/span><\/a><span style=\"font-weight: 400\"> sufren <\/span><a href=\"https:\/\/my.clevelandclinic.org\/health\/symptoms\/17839-brain-lesions\" target=\"_blank\" rel=\"noopener\"><span style=\"font-weight: 400\">lesiones cerebrales<\/span><\/a><span style=\"font-weight: 400\"> que pueden impedirles comunicarse. Los enfoques actuales demuestran que la comunicaci\u00f3n puede restablecerse con una neuropr\u00f3tesis que env\u00eda se\u00f1ales de mando a un descodificador de IA. Sin embargo, las t\u00e9cnicas invasivas de registro cerebral como<\/span> <a href=\"https:\/\/pubmed.ncbi.nlm.nih.gov\/31865060\/\" target=\"_blank\" rel=\"noopener\"><span style=\"font-weight: 400\">electroencefalograf\u00eda estereot\u00e1ctica<\/span><\/a><span style=\"font-weight: 400\"> y <\/span><a href=\"https:\/\/en.wikipedia.org\/wiki\/Electrocorticography\" target=\"_blank\" rel=\"noopener\"><span style=\"font-weight: 400\">electrocorticograf\u00eda<\/span><\/a><span style=\"font-weight: 400\">, requieren intervenciones neuroquir\u00fargicas y son dif\u00edciles de escalar. Hasta ahora, el uso de m\u00e9todos no invasivos se ha visto limitado por la complejidad del ruido de las se\u00f1ales que registran.<\/span><\/p>\n<p><span style=\"font-weight: 400\">Para nuestro primer estudio, utilizamos ambos <\/span><a href=\"https:\/\/en.wikipedia.org\/wiki\/Magnetoencephalography\" target=\"_blank\" rel=\"noopener\"><span style=\"font-weight: 400\">MEG<\/span><\/a><span style=\"font-weight: 400\"> y <\/span><a href=\"https:\/\/en.wikipedia.org\/wiki\/Electroencephalography\" target=\"_blank\" rel=\"noopener\"><span style=\"font-weight: 400\">EEG<\/span><\/a><span style=\"font-weight: 400\">\u2013\u2013dispositivos no invasivos que miden los campos magn\u00e9ticos y el\u00e9ctricos provocados por la actividad neuronal\u2013\u2013para grabar, en <\/span><a href=\"https:\/\/www.bcbl.eu\/en\" target=\"_blank\" rel=\"noopener\"><span style=\"font-weight: 400\">BCBL<\/span><\/a><span style=\"font-weight: 400\">, 35 voluntarios sanos mientras teclean frases. Despu\u00e9s entrenamos un nuevo modelo de IA para reconstruir la frase \u00fanicamente a partir de las se\u00f1ales cerebrales. En frases nuevas, nuestro modelo de IA decodifica hasta el 80% de los caracteres tecleados por los participantes grabados con MEG, al menos dos veces mejor que lo que puede obtenerse con el sistema cl\u00e1sico de EEG.<\/span><\/p>\n<div style=\"width: 960px;\" class=\"wp-video\"><video class=\"wp-video-shortcode\" id=\"video-25682-1\" width=\"960\" height=\"540\" preload=\"metadata\" controls=\"controls\"><source type=\"video\/mp4\" src=\"https:\/\/about.fb.com\/ltam\/wp-content\/uploads\/sites\/14\/2025\/02\/Meta-Brain-AI-Final.mp4?_=1\" \/><a href=\"https:\/\/about.fb.com\/ltam\/wp-content\/uploads\/sites\/14\/2025\/02\/Meta-Brain-AI-Final.mp4\">https:\/\/about.fb.com\/ltam\/wp-content\/uploads\/sites\/14\/2025\/02\/Meta-Brain-AI-Final.mp4<\/a><\/video><\/div>\n<p><span style=\"font-weight: 400\">Esta investigaci\u00f3n podr\u00eda crear una nueva v\u00eda para que las interfaces cerebro-ordenador no invasivas ayuden a restablecer la comunicaci\u00f3n de quienes han perdido la capacidad de hablar, pero a\u00fan quedan varios retos importantes antes de que este enfoque pueda aplicarse en entornos cl\u00ednicos. El primero est\u00e1 relacionado con el rendimiento: la descodificaci\u00f3n sigue siendo imperfecta. El segundo es m\u00e1s pr\u00e1ctico: la MEG requiere que los sujetos est\u00e9n en una sala blindada magn\u00e9ticamente y permanezcan inm\u00f3viles. Por \u00faltimo, aunque esta investigaci\u00f3n se realiz\u00f3 con voluntarios sanos, habr\u00e1 que estudiar en el futuro c\u00f3mo podr\u00eda beneficiar a las personas que sufren lesiones cerebrales.<\/span><\/p>\n<h2><span style=\"font-weight: 400\">Utilizando la IA para entender c\u00f3mo el cerebro forma el lenguaje<\/span><\/h2>\n<p><span style=\"font-weight: 400\">Tambi\u00e9n estamos compartiendo un avance hacia la comprensi\u00f3n de los mecanismos neuronales que coordinan la producci\u00f3n del lenguaje en el cerebro humano. Estudiar el cerebro durante el habla siempre ha sido un gran reto para la neurociencia, en parte por un simple problema t\u00e9cnico: mover la boca y la lengua corrompe gravemente las se\u00f1ales de las neuroim\u00e1genes.<\/span><\/p>\n<p><span style=\"font-weight: 400\">Para explorar c\u00f3mo el cerebro transforma los pensamientos en intrincadas secuencias de acciones motoras, utilizamos IA para ayudar a interpretar las se\u00f1ales MEG mientras los participantes tecleaban frases. Al tomar 1.000 im\u00e1genes instant\u00e1neas del cerebro cada segundo, podemos determinar el momento preciso en que los pensamientos se convierten en palabras, s\u00edlabas e incluso letras individuales. Nuestro estudio demuestra que el cerebro genera una secuencia de representaciones que parten del nivel m\u00e1s abstracto de representaciones -el significado de una frase- y las transforma progresivamente en una multitud de acciones, como el movimiento real de los dedos sobre el teclado.<\/span><\/p>\n<p><span style=\"font-weight: 400\">Y lo que es m\u00e1s importante, el estudio tambi\u00e9n revela <\/span><i><span style=\"font-weight: 400\">c\u00f3mo <\/span><\/i><span style=\"font-weight: 400\">el cerebro representa de forma coherente y simult\u00e1nea palabras y acciones sucesivas. Nuestros resultados demuestran que el cerebro utiliza un \u00abc\u00f3digo neuronal din\u00e1mico\u00bb, un mecanismo neuronal especial que encadena representaciones sucesivas manteniendo cada una de ellas durante largos periodos de tiempo.<\/span><\/p>\n<p><span style=\"font-weight: 400\">Descifrar el c\u00f3digo neuronal del lenguaje sigue siendo uno de los <\/span><a href=\"https:\/\/ai.meta.com\/blog\/studying-the-brain-to-build-ai-that-processes-language-as-people-do\/\" target=\"_blank\" rel=\"noopener\"><span style=\"font-weight: 400\">principales retos de la IA y la neurociencia<\/span><\/a><span style=\"font-weight: 400\">. La capacidad del lenguaje, propia del ser humano, ha dotado a nuestra especie de una habilidad para razonar, aprender y acumular conocimientos como ning\u00fan otro animal del planeta. Comprender su arquitectura neuronal y sus principios computacionales es, por tanto, una v\u00eda importante para desarrollar <\/span><a href=\"https:\/\/ai.meta.com\/blog\/yann-lecun-advances-in-ai-research\/\" target=\"_blank\" rel=\"noopener\"><span style=\"font-weight: 400\">AMI<\/span><\/a><span style=\"font-weight: 400\">.<\/span><\/p>\n<h2><span style=\"font-weight: 400\">Logrando avances en salud con IA de c\u00f3digo abierto<\/span><\/h2>\n<p><span style=\"font-weight: 400\">En Meta, estamos en una posici\u00f3n \u00fanica para ayudar a resolver algunos de los mayores retos del mundo utilizando la IA. Nuestro compromiso con el c\u00f3digo abierto ha permitido a la comunidad de IA basarse en nuestros modelos para lograr sus propios avances. El mes pasado, compartimos c\u00f3mo<\/span> <a href=\"https:\/\/ai.meta.com\/blog\/brightheart-transforms-fetal-heart-screenings-dinov2\/\" target=\"_blank\" rel=\"noopener\"><span style=\"font-weight: 400\">BrightHeart<\/span><\/a><span style=\"font-weight: 400\">, una empresa con sede en Francia, utiliza DINOv2 como parte de su software de IA para ayudar a los m\u00e9dicos a identificar o descartar signos sugestivos de defectos card\u00edacos cong\u00e9nitos en las ecograf\u00edas card\u00edacas fetales. El a\u00f1o pasado, BrightHeart alcanz\u00f3 <\/span><a href=\"https:\/\/www.businesswire.com\/news\/home\/20241115006631\/en\/BrightHeart-Secures-FDA-Clearance-for-First-AI-Software-Revolutionizing-Prenatal-Fetal-Heart-Ultrasound-Evaluations\" target=\"_blank\" rel=\"noopener\"><span style=\"font-weight: 400\">autorizaci\u00f3n FDA 510(k)<\/span><\/a><span style=\"font-weight: 400\"> para su software, que atribuyen en parte a las contribuciones de c\u00f3digo abierto de Meta. Tambi\u00e9n, compartimos c\u00f3mo <\/span><a href=\"https:\/\/ai.meta.com\/blog\/virgo-dino-endoscopy-video\/\" target=\"_blank\" rel=\"noopener\"><span style=\"font-weight: 400\">Virgo<\/span><\/a><span style=\"font-weight: 400\">, una empresa con sede en Estados Unidos, utiliza DINOv2 para analizar v\u00eddeos de endoscopia, logrando un rendimiento puntero en una amplia gama de par\u00e1metros de IA para endoscopia, como la clasificaci\u00f3n de puntos de referencia anat\u00f3micos, la puntuaci\u00f3n de la gravedad de la enfermedad en el caso de la colitis ulcerosa y la segmentaci\u00f3n de p\u00f3lipos.<\/span><\/p>\n<p><span style=\"font-weight: 400\">De cara a los pr\u00f3ximos diez a\u00f1os, es emocionante pensar en c\u00f3mo los avances que hemos compartido hoy podr\u00edan beneficiar al bien com\u00fan. Estamos deseando continuar las importantes conversaciones que mantenemos con la comunidad a medida que avanzamos juntos para afrontar algunos de los mayores retos de la sociedad.<\/span><\/p>\n<p><strong>Paper 1: <a href=\"https:\/\/ai.meta.com\/research\/publications\/brain-to-text-decoding-a-non-invasive-approach-via-typing\/\" target=\"_blank\" rel=\"noopener\">Brain-to-Text Decoding &#8211; a non-invasive approach via typing<\/a><\/strong><\/p>\n<p><strong>Paper 2:<\/strong> <a href=\"https:\/\/ai.meta.com\/research\/publications\/from-thought-to-action-how-a-hierarchy-of-neural-dynamics-supports-language-production\/\" target=\"_blank\" rel=\"noopener\"><strong>From Thought to Action: How a Hierarchy of Neural Dynamics Supports Language Production<\/strong><\/a><\/p>\n<p><strong>\u00a0<\/strong><\/p>\n","protected":false},"excerpt":{"rendered":"Nos complace compartir dos avances que muestran c\u00f3mo la IA puede ayudar a avanzar en nuestra comprensi\u00f3n de la inteligencia humana.","protected":false},"author":155592861,"featured_media":25683,"comment_status":"closed","ping_status":"closed","sticky":false,"template":"","format":"standard","meta":{"_jetpack_memberships_contains_paid_content":false,"footnotes":""},"categories":[243948117],"tags":[],"class_list":["post-25682","post","type-post","status-publish","format-standard","has-post-thumbnail","hentry","category-tecnologia-e-innovacion"],"yoast_head":"<!-- This site is optimized with the Yoast SEO plugin v27.2 - https:\/\/yoast.com\/product\/yoast-seo-wordpress\/ -->\n<title>Utilizando la IA para decodificar el lenguaje a partir del cerebro y avanzar en nuestra comprensi\u00f3n de la comunicaci\u00f3n humana. | Acerca de Meta<\/title>\n<meta name=\"robots\" content=\"index, follow, max-snippet:-1, max-image-preview:large, max-video-preview:-1\" \/>\n<link rel=\"canonical\" href=\"https:\/\/about.fb.com\/ltam\/news\/2025\/02\/utilizando-la-ia-para-decodificar-el-lenguaje-a-partir-del-cerebro-y-avanzar-en-nuestra-comprension-de-la-comunicacion-humana\/\" \/>\n<meta property=\"og:locale\" content=\"es_ES\" \/>\n<meta property=\"og:type\" content=\"article\" \/>\n<meta property=\"og:title\" content=\"Utilizando la IA para decodificar el lenguaje a partir del cerebro y avanzar en nuestra comprensi\u00f3n de la comunicaci\u00f3n humana. | Acerca de Meta\" \/>\n<meta property=\"og:description\" content=\"Nos complace compartir dos avances que muestran c\u00f3mo la IA puede ayudar a avanzar en nuestra comprensi\u00f3n de la inteligencia humana.\" \/>\n<meta property=\"og:url\" content=\"https:\/\/about.fb.com\/ltam\/news\/2025\/02\/utilizando-la-ia-para-decodificar-el-lenguaje-a-partir-del-cerebro-y-avanzar-en-nuestra-comprension-de-la-comunicacion-humana\/\" \/>\n<meta property=\"og:site_name\" content=\"Acerca de Meta\" \/>\n<meta property=\"article:published_time\" content=\"2025-02-07T14:51:11+00:00\" \/>\n<meta property=\"og:image\" content=\"https:\/\/about.fb.com\/ltam\/wp-content\/uploads\/sites\/14\/2025\/02\/Header.png?resize=1024,574\" \/>\n\t<meta property=\"og:image:width\" content=\"1024\" \/>\n\t<meta property=\"og:image:height\" content=\"574\" \/>\n\t<meta property=\"og:image:type\" content=\"image\/png\" \/>\n<meta name=\"author\" content=\"ceciliacartoceti\" \/>\n<meta name=\"twitter:card\" content=\"summary_large_image\" \/>\n<meta name=\"twitter:label1\" content=\"Written by\" \/>\n\t<meta name=\"twitter:data1\" content=\"Meta\" \/>\n\t<meta name=\"twitter:label2\" content=\"Est. reading time\" \/>\n\t<meta name=\"twitter:data2\" content=\"6 minutos\" \/>\n<script type=\"application\/ld+json\" class=\"yoast-schema-graph\">{\"@context\":\"https:\/\/schema.org\",\"@graph\":[{\"@type\":\"Article\",\"@id\":\"https:\/\/about.fb.com\/ltam\/news\/2025\/02\/utilizando-la-ia-para-decodificar-el-lenguaje-a-partir-del-cerebro-y-avanzar-en-nuestra-comprension-de-la-comunicacion-humana\/#article\",\"isPartOf\":{\"@id\":\"https:\/\/about.fb.com\/ltam\/news\/2025\/02\/utilizando-la-ia-para-decodificar-el-lenguaje-a-partir-del-cerebro-y-avanzar-en-nuestra-comprension-de-la-comunicacion-humana\/\"},\"author\":\"Facebook company\",\"headline\":\"Utilizando la IA para decodificar el lenguaje a partir del cerebro y avanzar en nuestra comprensi\u00f3n de la comunicaci\u00f3n humana.\",\"datePublished\":\"2025-02-07T14:51:11+00:00\",\"mainEntityOfPage\":{\"@id\":\"https:\/\/about.fb.com\/ltam\/news\/2025\/02\/utilizando-la-ia-para-decodificar-el-lenguaje-a-partir-del-cerebro-y-avanzar-en-nuestra-comprension-de-la-comunicacion-humana\/\"},\"wordCount\":1277,\"publisher\":{\"@id\":\"https:\/\/about.fb.com\/ltam\/#organization\"},\"image\":{\"@id\":\"https:\/\/about.fb.com\/ltam\/news\/2025\/02\/utilizando-la-ia-para-decodificar-el-lenguaje-a-partir-del-cerebro-y-avanzar-en-nuestra-comprension-de-la-comunicacion-humana\/#primaryimage\"},\"thumbnailUrl\":\"https:\/\/about.fb.com\/ltam\/wp-content\/uploads\/sites\/14\/2025\/02\/Header.png?fit=1738%2C974\",\"articleSection\":[\"Tecnolog\u00eda e Innovaci\u00f3n\"],\"inLanguage\":\"es\"},{\"@type\":\"WebPage\",\"@id\":\"https:\/\/about.fb.com\/ltam\/news\/2025\/02\/utilizando-la-ia-para-decodificar-el-lenguaje-a-partir-del-cerebro-y-avanzar-en-nuestra-comprension-de-la-comunicacion-humana\/\",\"url\":\"https:\/\/about.fb.com\/ltam\/news\/2025\/02\/utilizando-la-ia-para-decodificar-el-lenguaje-a-partir-del-cerebro-y-avanzar-en-nuestra-comprension-de-la-comunicacion-humana\/\",\"name\":\"Utilizando la IA para decodificar el lenguaje a partir del cerebro y avanzar en nuestra comprensi\u00f3n de la comunicaci\u00f3n humana. | Acerca de Meta\",\"isPartOf\":{\"@id\":\"https:\/\/about.fb.com\/ltam\/#website\"},\"primaryImageOfPage\":{\"@id\":\"https:\/\/about.fb.com\/ltam\/news\/2025\/02\/utilizando-la-ia-para-decodificar-el-lenguaje-a-partir-del-cerebro-y-avanzar-en-nuestra-comprension-de-la-comunicacion-humana\/#primaryimage\"},\"image\":{\"@id\":\"https:\/\/about.fb.com\/ltam\/news\/2025\/02\/utilizando-la-ia-para-decodificar-el-lenguaje-a-partir-del-cerebro-y-avanzar-en-nuestra-comprension-de-la-comunicacion-humana\/#primaryimage\"},\"thumbnailUrl\":\"https:\/\/about.fb.com\/ltam\/wp-content\/uploads\/sites\/14\/2025\/02\/Header.png?fit=1738%2C974\",\"datePublished\":\"2025-02-07T14:51:11+00:00\",\"breadcrumb\":{\"@id\":\"https:\/\/about.fb.com\/ltam\/news\/2025\/02\/utilizando-la-ia-para-decodificar-el-lenguaje-a-partir-del-cerebro-y-avanzar-en-nuestra-comprension-de-la-comunicacion-humana\/#breadcrumb\"},\"inLanguage\":\"es\",\"potentialAction\":[{\"@type\":\"ReadAction\",\"target\":[\"https:\/\/about.fb.com\/ltam\/news\/2025\/02\/utilizando-la-ia-para-decodificar-el-lenguaje-a-partir-del-cerebro-y-avanzar-en-nuestra-comprension-de-la-comunicacion-humana\/\"]}],\"author\":\"Acerca de Meta\"},{\"@type\":\"ImageObject\",\"inLanguage\":\"es\",\"@id\":\"https:\/\/about.fb.com\/ltam\/news\/2025\/02\/utilizando-la-ia-para-decodificar-el-lenguaje-a-partir-del-cerebro-y-avanzar-en-nuestra-comprension-de-la-comunicacion-humana\/#primaryimage\",\"url\":\"https:\/\/about.fb.com\/ltam\/wp-content\/uploads\/sites\/14\/2025\/02\/Header.png?fit=1738%2C974\",\"contentUrl\":\"https:\/\/about.fb.com\/ltam\/wp-content\/uploads\/sites\/14\/2025\/02\/Header.png?fit=1738%2C974\",\"width\":1738,\"height\":974},{\"@type\":\"BreadcrumbList\",\"@id\":\"https:\/\/about.fb.com\/ltam\/news\/2025\/02\/utilizando-la-ia-para-decodificar-el-lenguaje-a-partir-del-cerebro-y-avanzar-en-nuestra-comprension-de-la-comunicacion-humana\/#breadcrumb\",\"itemListElement\":[{\"@type\":\"ListItem\",\"position\":1,\"name\":\"Home\",\"item\":\"https:\/\/about.fb.com\/ltam\/\"},{\"@type\":\"ListItem\",\"position\":2,\"name\":\"Utilizando la IA para decodificar el lenguaje a partir del cerebro y avanzar en nuestra comprensi\u00f3n de la comunicaci\u00f3n humana.\"}]},{\"@type\":\"WebSite\",\"@id\":\"https:\/\/about.fb.com\/ltam\/#website\",\"url\":\"https:\/\/about.fb.com\/news\/\",\"name\":\"Acerca de Meta\",\"description\":\"\",\"publisher\":{\"@id\":\"https:\/\/about.fb.com\/ltam\/#organization\"},\"potentialAction\":[{\"@type\":\"SearchAction\",\"target\":{\"@type\":\"EntryPoint\",\"urlTemplate\":\"https:\/\/about.fb.com\/ltam\/?s={search_term_string}\"},\"query-input\":{\"@type\":\"PropertyValueSpecification\",\"valueRequired\":true,\"valueName\":\"search_term_string\"}}],\"inLanguage\":\"es\",\"alternateName\":[\"Meta Newsroom\",\"Meta\"]},{\"@type\":\"Organization\",\"@id\":\"https:\/\/about.fb.com\/ltam\/#organization\",\"name\":\"Meta\",\"url\":\"https:\/\/about.fb.com\/ltam\/\",\"logo\":{\"@type\":\"ImageObject\",\"inLanguage\":\"es\",\"@id\":\"https:\/\/about.fb.com\/ltam\/#\/schema\/logo\/image\/\",\"url\":\"https:\/\/about.fb.com\/ltam\/wp-content\/uploads\/sites\/14\/2021\/10\/meta-social-16x9-1.jpg?fit=8000%2C4500\",\"contentUrl\":\"https:\/\/about.fb.com\/ltam\/wp-content\/uploads\/sites\/14\/2021\/10\/meta-social-16x9-1.jpg?fit=8000%2C4500\",\"width\":8000,\"height\":4500,\"caption\":\"Meta\"},\"image\":{\"@id\":\"https:\/\/about.fb.com\/ltam\/#\/schema\/logo\/image\/\"}}]}<\/script>\n<!-- \/ Yoast SEO plugin. -->","yoast_head_json":{"title":"Utilizando la IA para decodificar el lenguaje a partir del cerebro y avanzar en nuestra comprensi\u00f3n de la comunicaci\u00f3n humana. | Acerca de Meta","robots":{"index":"index","follow":"follow","max-snippet":"max-snippet:-1","max-image-preview":"max-image-preview:large","max-video-preview":"max-video-preview:-1"},"canonical":"https:\/\/about.fb.com\/ltam\/news\/2025\/02\/utilizando-la-ia-para-decodificar-el-lenguaje-a-partir-del-cerebro-y-avanzar-en-nuestra-comprension-de-la-comunicacion-humana\/","og_locale":"es_ES","og_type":"article","og_title":"Utilizando la IA para decodificar el lenguaje a partir del cerebro y avanzar en nuestra comprensi\u00f3n de la comunicaci\u00f3n humana. | Acerca de Meta","og_description":"Nos complace compartir dos avances que muestran c\u00f3mo la IA puede ayudar a avanzar en nuestra comprensi\u00f3n de la inteligencia humana.","og_url":"https:\/\/about.fb.com\/ltam\/news\/2025\/02\/utilizando-la-ia-para-decodificar-el-lenguaje-a-partir-del-cerebro-y-avanzar-en-nuestra-comprension-de-la-comunicacion-humana\/","og_site_name":"Acerca de Meta","article_published_time":"2025-02-07T14:51:11+00:00","og_image":[{"width":1024,"height":574,"url":"https:\/\/about.fb.com\/ltam\/wp-content\/uploads\/sites\/14\/2025\/02\/Header.png?resize=1024,574","type":"image\/png"}],"author":"ceciliacartoceti","twitter_card":"summary_large_image","twitter_misc":{"Written by":"Meta","Est. reading time":"6 minutos"},"schema":{"@context":"https:\/\/schema.org","@graph":[{"@type":"Article","@id":"https:\/\/about.fb.com\/ltam\/news\/2025\/02\/utilizando-la-ia-para-decodificar-el-lenguaje-a-partir-del-cerebro-y-avanzar-en-nuestra-comprension-de-la-comunicacion-humana\/#article","isPartOf":{"@id":"https:\/\/about.fb.com\/ltam\/news\/2025\/02\/utilizando-la-ia-para-decodificar-el-lenguaje-a-partir-del-cerebro-y-avanzar-en-nuestra-comprension-de-la-comunicacion-humana\/"},"author":"Facebook company","headline":"Utilizando la IA para decodificar el lenguaje a partir del cerebro y avanzar en nuestra comprensi\u00f3n de la comunicaci\u00f3n humana.","datePublished":"2025-02-07T14:51:11+00:00","mainEntityOfPage":{"@id":"https:\/\/about.fb.com\/ltam\/news\/2025\/02\/utilizando-la-ia-para-decodificar-el-lenguaje-a-partir-del-cerebro-y-avanzar-en-nuestra-comprension-de-la-comunicacion-humana\/"},"wordCount":1277,"publisher":{"@id":"https:\/\/about.fb.com\/ltam\/#organization"},"image":{"@id":"https:\/\/about.fb.com\/ltam\/news\/2025\/02\/utilizando-la-ia-para-decodificar-el-lenguaje-a-partir-del-cerebro-y-avanzar-en-nuestra-comprension-de-la-comunicacion-humana\/#primaryimage"},"thumbnailUrl":"https:\/\/about.fb.com\/ltam\/wp-content\/uploads\/sites\/14\/2025\/02\/Header.png?fit=1738%2C974","articleSection":["Tecnolog\u00eda e Innovaci\u00f3n"],"inLanguage":"es"},{"@type":"WebPage","@id":"https:\/\/about.fb.com\/ltam\/news\/2025\/02\/utilizando-la-ia-para-decodificar-el-lenguaje-a-partir-del-cerebro-y-avanzar-en-nuestra-comprension-de-la-comunicacion-humana\/","url":"https:\/\/about.fb.com\/ltam\/news\/2025\/02\/utilizando-la-ia-para-decodificar-el-lenguaje-a-partir-del-cerebro-y-avanzar-en-nuestra-comprension-de-la-comunicacion-humana\/","name":"Utilizando la IA para decodificar el lenguaje a partir del cerebro y avanzar en nuestra comprensi\u00f3n de la comunicaci\u00f3n humana. | Acerca de Meta","isPartOf":{"@id":"https:\/\/about.fb.com\/ltam\/#website"},"primaryImageOfPage":{"@id":"https:\/\/about.fb.com\/ltam\/news\/2025\/02\/utilizando-la-ia-para-decodificar-el-lenguaje-a-partir-del-cerebro-y-avanzar-en-nuestra-comprension-de-la-comunicacion-humana\/#primaryimage"},"image":{"@id":"https:\/\/about.fb.com\/ltam\/news\/2025\/02\/utilizando-la-ia-para-decodificar-el-lenguaje-a-partir-del-cerebro-y-avanzar-en-nuestra-comprension-de-la-comunicacion-humana\/#primaryimage"},"thumbnailUrl":"https:\/\/about.fb.com\/ltam\/wp-content\/uploads\/sites\/14\/2025\/02\/Header.png?fit=1738%2C974","datePublished":"2025-02-07T14:51:11+00:00","breadcrumb":{"@id":"https:\/\/about.fb.com\/ltam\/news\/2025\/02\/utilizando-la-ia-para-decodificar-el-lenguaje-a-partir-del-cerebro-y-avanzar-en-nuestra-comprension-de-la-comunicacion-humana\/#breadcrumb"},"inLanguage":"es","potentialAction":[{"@type":"ReadAction","target":["https:\/\/about.fb.com\/ltam\/news\/2025\/02\/utilizando-la-ia-para-decodificar-el-lenguaje-a-partir-del-cerebro-y-avanzar-en-nuestra-comprension-de-la-comunicacion-humana\/"]}],"author":"Acerca de Meta"},{"@type":"ImageObject","inLanguage":"es","@id":"https:\/\/about.fb.com\/ltam\/news\/2025\/02\/utilizando-la-ia-para-decodificar-el-lenguaje-a-partir-del-cerebro-y-avanzar-en-nuestra-comprension-de-la-comunicacion-humana\/#primaryimage","url":"https:\/\/about.fb.com\/ltam\/wp-content\/uploads\/sites\/14\/2025\/02\/Header.png?fit=1738%2C974","contentUrl":"https:\/\/about.fb.com\/ltam\/wp-content\/uploads\/sites\/14\/2025\/02\/Header.png?fit=1738%2C974","width":1738,"height":974},{"@type":"BreadcrumbList","@id":"https:\/\/about.fb.com\/ltam\/news\/2025\/02\/utilizando-la-ia-para-decodificar-el-lenguaje-a-partir-del-cerebro-y-avanzar-en-nuestra-comprension-de-la-comunicacion-humana\/#breadcrumb","itemListElement":[{"@type":"ListItem","position":1,"name":"Home","item":"https:\/\/about.fb.com\/ltam\/"},{"@type":"ListItem","position":2,"name":"Utilizando la IA para decodificar el lenguaje a partir del cerebro y avanzar en nuestra comprensi\u00f3n de la comunicaci\u00f3n humana."}]},{"@type":"WebSite","@id":"https:\/\/about.fb.com\/ltam\/#website","url":"https:\/\/about.fb.com\/news\/","name":"Acerca de Meta","description":"","publisher":{"@id":"https:\/\/about.fb.com\/ltam\/#organization"},"potentialAction":[{"@type":"SearchAction","target":{"@type":"EntryPoint","urlTemplate":"https:\/\/about.fb.com\/ltam\/?s={search_term_string}"},"query-input":{"@type":"PropertyValueSpecification","valueRequired":true,"valueName":"search_term_string"}}],"inLanguage":"es","alternateName":["Meta Newsroom","Meta"]},{"@type":"Organization","@id":"https:\/\/about.fb.com\/ltam\/#organization","name":"Meta","url":"https:\/\/about.fb.com\/ltam\/","logo":{"@type":"ImageObject","inLanguage":"es","@id":"https:\/\/about.fb.com\/ltam\/#\/schema\/logo\/image\/","url":"https:\/\/about.fb.com\/ltam\/wp-content\/uploads\/sites\/14\/2021\/10\/meta-social-16x9-1.jpg?fit=8000%2C4500","contentUrl":"https:\/\/about.fb.com\/ltam\/wp-content\/uploads\/sites\/14\/2021\/10\/meta-social-16x9-1.jpg?fit=8000%2C4500","width":8000,"height":4500,"caption":"Meta"},"image":{"@id":"https:\/\/about.fb.com\/ltam\/#\/schema\/logo\/image\/"}}]}},"jetpack_featured_media_url":"https:\/\/about.fb.com\/ltam\/wp-content\/uploads\/sites\/14\/2025\/02\/Header.png?fit=1738%2C974","jetpack-related-posts":[],"jetpack_sharing_enabled":true,"amp_enabled":true,"_links":{"self":[{"href":"https:\/\/about.fb.com\/ltam\/wp-json\/wp\/v2\/posts\/25682","targetHints":{"allow":["GET"]}}],"collection":[{"href":"https:\/\/about.fb.com\/ltam\/wp-json\/wp\/v2\/posts"}],"about":[{"href":"https:\/\/about.fb.com\/ltam\/wp-json\/wp\/v2\/types\/post"}],"author":[{"embeddable":true,"href":"https:\/\/about.fb.com\/ltam\/wp-json\/wp\/v2\/users\/155592861"}],"replies":[{"embeddable":true,"href":"https:\/\/about.fb.com\/ltam\/wp-json\/wp\/v2\/comments?post=25682"}],"version-history":[{"count":1,"href":"https:\/\/about.fb.com\/ltam\/wp-json\/wp\/v2\/posts\/25682\/revisions"}],"predecessor-version":[{"id":25685,"href":"https:\/\/about.fb.com\/ltam\/wp-json\/wp\/v2\/posts\/25682\/revisions\/25685"}],"wp:featuredmedia":[{"embeddable":true,"href":"https:\/\/about.fb.com\/ltam\/wp-json\/wp\/v2\/media\/25683"}],"wp:attachment":[{"href":"https:\/\/about.fb.com\/ltam\/wp-json\/wp\/v2\/media?parent=25682"}],"wp:term":[{"taxonomy":"category","embeddable":true,"href":"https:\/\/about.fb.com\/ltam\/wp-json\/wp\/v2\/categories?post=25682"},{"taxonomy":"post_tag","embeddable":true,"href":"https:\/\/about.fb.com\/ltam\/wp-json\/wp\/v2\/tags?post=25682"}],"curies":[{"name":"wp","href":"https:\/\/api.w.org\/{rel}","templated":true}]}}