{"id":25384,"date":"2024-08-08T07:24:21","date_gmt":"2024-08-08T13:24:21","guid":{"rendered":"https:\/\/about.fb.com\/ltam\/?p=25384"},"modified":"2024-08-08T11:11:31","modified_gmt":"2024-08-08T17:11:31","slug":"celebrando-a-los-creators-of-tomorrow-2024-de-instagram","status":"publish","type":"post","link":"https:\/\/about.fb.com\/ltam\/news\/2024\/08\/celebrando-a-los-creators-of-tomorrow-2024-de-instagram\/","title":{"rendered":"Celebrando a los Creators of Tomorrow 2024 de Instagram, edici\u00f3n M\u00e9xico"},"content":{"rendered":"<p>En Instagram, creemos que los creadores de contenido merecen ser celebrados y reconocidos. Por ello, en 2022 lanzamos Creators of Tomorrow, un listado anual de creadores de contenido destacados en varios pa\u00edses del mundo. Estos creadores brillan en sus campos y est\u00e1n inspirando un nuevo movimiento de creatividad y comunidad en Instagram.<\/p>\n<p>Hoy presentamos a los <strong>Creators of Tomorrow 2024 de M\u00e9xico.<\/strong> Los creadores fueron seleccionados por aportar alegr\u00eda, ser voces de un movimiento y usar las herramientas de Instagram de forma innovadora. Y lo m\u00e1s importante: elevar el nivel de nuestra plataforma siendo aut\u00e9nticos e inspirando a otros. <strong>An\u00edmate a Crear<\/strong> y \u00fanete a esta vibrante ola.<\/p>\n<p><img data-recalc-dims=\"1\" loading=\"lazy\" decoding=\"async\" class=\"aligncenter wp-image-25385\" src=\"https:\/\/about.fb.com\/ltam\/wp-content\/uploads\/sites\/14\/2024\/08\/Creators-of-Tomorrow_Wordmark_Primary_Gradient.jpg?w=960&#038;resize=586%2C228\" alt=\"\" width=\"586\" height=\"228\" srcset=\"https:\/\/about.fb.com\/ltam\/wp-content\/uploads\/sites\/14\/2024\/08\/Creators-of-Tomorrow_Wordmark_Primary_Gradient.jpg?w=1440 1440w, https:\/\/about.fb.com\/ltam\/wp-content\/uploads\/sites\/14\/2024\/08\/Creators-of-Tomorrow_Wordmark_Primary_Gradient.jpg?w=600 600w, https:\/\/about.fb.com\/ltam\/wp-content\/uploads\/sites\/14\/2024\/08\/Creators-of-Tomorrow_Wordmark_Primary_Gradient.jpg?w=300 300w, https:\/\/about.fb.com\/ltam\/wp-content\/uploads\/sites\/14\/2024\/08\/Creators-of-Tomorrow_Wordmark_Primary_Gradient.jpg?w=768 768w, https:\/\/about.fb.com\/ltam\/wp-content\/uploads\/sites\/14\/2024\/08\/Creators-of-Tomorrow_Wordmark_Primary_Gradient.jpg?w=1024 1024w, https:\/\/about.fb.com\/ltam\/wp-content\/uploads\/sites\/14\/2024\/08\/Creators-of-Tomorrow_Wordmark_Primary_Gradient.jpg?w=800 800w\" sizes=\"auto, (max-width: 586px) 100vw, 586px\" \/><\/p>\n<p><em>En orden alfab\u00e9tico:<\/em><\/p>\n<p><span style=\"font-weight: 400\">Bastian Delf\u00edn<\/span><\/p>\n<p><a href=\"https:\/\/www.instagram.com\/bastiandelfin\/\"><img data-recalc-dims=\"1\" loading=\"lazy\" decoding=\"async\" class=\"aligncenter wp-image-25387\" src=\"https:\/\/about.fb.com\/ltam\/wp-content\/uploads\/sites\/14\/2024\/08\/bastiandelfin.png?w=580&#038;resize=244%2C231\" alt=\"\" width=\"244\" height=\"231\" srcset=\"https:\/\/about.fb.com\/ltam\/wp-content\/uploads\/sites\/14\/2024\/08\/bastiandelfin.png?w=580 580w, https:\/\/about.fb.com\/ltam\/wp-content\/uploads\/sites\/14\/2024\/08\/bastiandelfin.png?w=422 422w, https:\/\/about.fb.com\/ltam\/wp-content\/uploads\/sites\/14\/2024\/08\/bastiandelfin.png?w=300 300w\" sizes=\"auto, (max-width: 244px) 100vw, 244px\" \/><\/a><\/p>\n<p><span style=\"font-weight: 400\">H\u00e9ctor de la Garza<\/span><\/p>\n<p><a href=\"https:\/\/www.instagram.com\/hectordelagarza_\/\"><img data-recalc-dims=\"1\" loading=\"lazy\" decoding=\"async\" class=\"aligncenter wp-image-25389\" src=\"https:\/\/about.fb.com\/ltam\/wp-content\/uploads\/sites\/14\/2024\/08\/hectordelagarza_.png?w=568&#038;resize=230%2C232\" alt=\"\" width=\"230\" height=\"232\" srcset=\"https:\/\/about.fb.com\/ltam\/wp-content\/uploads\/sites\/14\/2024\/08\/hectordelagarza_.png?w=568 568w, https:\/\/about.fb.com\/ltam\/wp-content\/uploads\/sites\/14\/2024\/08\/hectordelagarza_.png?w=397 397w, https:\/\/about.fb.com\/ltam\/wp-content\/uploads\/sites\/14\/2024\/08\/hectordelagarza_.png?w=298 298w\" sizes=\"auto, (max-width: 230px) 100vw, 230px\" \/><\/a><\/p>\n<p><span style=\"font-weight: 400\">Jes\u00fas \u00abArteck\u00bb Garc\u00eda<\/span><\/p>\n<p><a href=\"https:\/\/www.instagram.com\/jesus_arteck\/\"><img data-recalc-dims=\"1\" loading=\"lazy\" decoding=\"async\" class=\"aligncenter wp-image-25390\" src=\"https:\/\/about.fb.com\/ltam\/wp-content\/uploads\/sites\/14\/2024\/08\/jesus_arteck.png?w=610&#038;resize=236%2C238\" alt=\"\" width=\"236\" height=\"238\" srcset=\"https:\/\/about.fb.com\/ltam\/wp-content\/uploads\/sites\/14\/2024\/08\/jesus_arteck.png?w=610 610w, https:\/\/about.fb.com\/ltam\/wp-content\/uploads\/sites\/14\/2024\/08\/jesus_arteck.png?w=396 396w, https:\/\/about.fb.com\/ltam\/wp-content\/uploads\/sites\/14\/2024\/08\/jesus_arteck.png?w=297 297w, https:\/\/about.fb.com\/ltam\/wp-content\/uploads\/sites\/14\/2024\/08\/jesus_arteck.png?w=594 594w\" sizes=\"auto, (max-width: 236px) 100vw, 236px\" \/><\/a><\/p>\n<p><span style=\"font-weight: 400\">Leo Study\u00a0<\/span><\/p>\n<p><a href=\"https:\/\/www.instagram.com\/_leostudy\/\"><img data-recalc-dims=\"1\" loading=\"lazy\" decoding=\"async\" class=\"aligncenter wp-image-25386\" src=\"https:\/\/about.fb.com\/ltam\/wp-content\/uploads\/sites\/14\/2024\/08\/leostudy.png?w=576&#038;resize=227%2C218\" alt=\"\" width=\"227\" height=\"218\" srcset=\"https:\/\/about.fb.com\/ltam\/wp-content\/uploads\/sites\/14\/2024\/08\/leostudy.png?w=576 576w, https:\/\/about.fb.com\/ltam\/wp-content\/uploads\/sites\/14\/2024\/08\/leostudy.png?w=417 417w, https:\/\/about.fb.com\/ltam\/wp-content\/uploads\/sites\/14\/2024\/08\/leostudy.png?w=300 300w\" sizes=\"auto, (max-width: 227px) 100vw, 227px\" \/><\/a><\/p>\n<p><span style=\"font-weight: 400\">Luis M\u00e9ndez\u00a0<\/span><\/p>\n<p><a href=\"https:\/\/www.instagram.com\/luismendez1405\/\"><img data-recalc-dims=\"1\" loading=\"lazy\" decoding=\"async\" class=\"aligncenter wp-image-25391\" src=\"https:\/\/about.fb.com\/ltam\/wp-content\/uploads\/sites\/14\/2024\/08\/luismendez1405.png?w=570&#038;resize=235%2C225\" alt=\"\" width=\"235\" height=\"225\" srcset=\"https:\/\/about.fb.com\/ltam\/wp-content\/uploads\/sites\/14\/2024\/08\/luismendez1405.png?w=570 570w, https:\/\/about.fb.com\/ltam\/wp-content\/uploads\/sites\/14\/2024\/08\/luismendez1405.png?w=418 418w, https:\/\/about.fb.com\/ltam\/wp-content\/uploads\/sites\/14\/2024\/08\/luismendez1405.png?w=300 300w\" sizes=\"auto, (max-width: 235px) 100vw, 235px\" \/><\/a><\/p>\n<p><span style=\"font-weight: 400\">Manu Castillo\u00a0<\/span><\/p>\n<p><a href=\"https:\/\/www.instagram.com\/manustyling\/\"><img data-recalc-dims=\"1\" loading=\"lazy\" decoding=\"async\" class=\"aligncenter wp-image-25392\" src=\"https:\/\/about.fb.com\/ltam\/wp-content\/uploads\/sites\/14\/2024\/08\/manustyling.png?w=568&#038;resize=225%2C229\" alt=\"\" width=\"225\" height=\"229\" srcset=\"https:\/\/about.fb.com\/ltam\/wp-content\/uploads\/sites\/14\/2024\/08\/manustyling.png?w=568 568w, https:\/\/about.fb.com\/ltam\/wp-content\/uploads\/sites\/14\/2024\/08\/manustyling.png?w=393 393w, https:\/\/about.fb.com\/ltam\/wp-content\/uploads\/sites\/14\/2024\/08\/manustyling.png?w=295 295w\" sizes=\"auto, (max-width: 225px) 100vw, 225px\" \/><\/a><\/p>\n<p><span style=\"font-weight: 400\">Mariana Lorenzo<\/span><\/p>\n<p><a href=\"https:\/\/www.instagram.com\/marmarmaremoto\/\"><img data-recalc-dims=\"1\" loading=\"lazy\" decoding=\"async\" class=\"aligncenter wp-image-25393\" src=\"https:\/\/about.fb.com\/ltam\/wp-content\/uploads\/sites\/14\/2024\/08\/marmarmaremoto.png?w=570&#038;resize=240%2C232\" alt=\"\" width=\"240\" height=\"232\" srcset=\"https:\/\/about.fb.com\/ltam\/wp-content\/uploads\/sites\/14\/2024\/08\/marmarmaremoto.png?w=570 570w, https:\/\/about.fb.com\/ltam\/wp-content\/uploads\/sites\/14\/2024\/08\/marmarmaremoto.png?w=413 413w, https:\/\/about.fb.com\/ltam\/wp-content\/uploads\/sites\/14\/2024\/08\/marmarmaremoto.png?w=300 300w\" sizes=\"auto, (max-width: 240px) 100vw, 240px\" \/><\/a><\/p>\n<p><span style=\"font-weight: 400\">Selene Guzm\u00e1n\u00a0<\/span><\/p>\n<p><a href=\"https:\/\/www.instagram.com\/seleneguzmanh\/\"><img data-recalc-dims=\"1\" loading=\"lazy\" decoding=\"async\" class=\"aligncenter wp-image-25394\" src=\"https:\/\/about.fb.com\/ltam\/wp-content\/uploads\/sites\/14\/2024\/08\/seleneguzmanh.png?w=598&#038;resize=236%2C230\" alt=\"\" width=\"236\" height=\"230\" srcset=\"https:\/\/about.fb.com\/ltam\/wp-content\/uploads\/sites\/14\/2024\/08\/seleneguzmanh.png?w=598 598w, https:\/\/about.fb.com\/ltam\/wp-content\/uploads\/sites\/14\/2024\/08\/seleneguzmanh.png?w=411 411w, https:\/\/about.fb.com\/ltam\/wp-content\/uploads\/sites\/14\/2024\/08\/seleneguzmanh.png?w=300 300w\" sizes=\"auto, (max-width: 236px) 100vw, 236px\" \/><\/a><\/p>\n<p><span style=\"font-weight: 400\">Sin6n<\/span><\/p>\n<p><a href=\"https:\/\/www.instagram.com\/sin6n_\/\"><img data-recalc-dims=\"1\" loading=\"lazy\" decoding=\"async\" class=\"aligncenter wp-image-25395\" src=\"https:\/\/about.fb.com\/ltam\/wp-content\/uploads\/sites\/14\/2024\/08\/sin6n_.png?w=576&#038;resize=224%2C215\" alt=\"\" width=\"224\" height=\"215\" srcset=\"https:\/\/about.fb.com\/ltam\/wp-content\/uploads\/sites\/14\/2024\/08\/sin6n_.png?w=576 576w, https:\/\/about.fb.com\/ltam\/wp-content\/uploads\/sites\/14\/2024\/08\/sin6n_.png?w=417 417w, https:\/\/about.fb.com\/ltam\/wp-content\/uploads\/sites\/14\/2024\/08\/sin6n_.png?w=300 300w\" sizes=\"auto, (max-width: 224px) 100vw, 224px\" \/><\/a><\/p>\n<p><span style=\"font-weight: 400\">Estamos orgullosos de celebrar a estos creadores y apoyar su crecimiento \u00a1Esperamos crear espacios que ayuden a estos creadores a compartir sus aprendizajes y \u00e9xitos con otros creadores!<\/span><\/p>\n","protected":false},"excerpt":{"rendered":"Presentamos a los Creators of Tomorrow 2024 de M\u00e9xico. Un listado de creadores que publicamos anualmente en varios pa\u00edses del mundo desde 2022 para destacar a aquellos que est\u00e1n inspirando un nuevo movimiento de creatividad y comunidad en Instagram.\u00a0","protected":false},"author":164097050,"featured_media":25388,"comment_status":"closed","ping_status":"closed","sticky":false,"template":"","format":"standard","meta":{"_jetpack_memberships_contains_paid_content":false,"footnotes":""},"categories":[243948039,30660046],"tags":[],"class_list":["post-25384","post","type-post","status-publish","format-standard","has-post-thumbnail","hentry","category-instagram","category-noticias-de-la-empresa"],"yoast_head":"<!-- This site is optimized with the Yoast SEO plugin v27.2 - https:\/\/yoast.com\/product\/yoast-seo-wordpress\/ -->\n<title>Celebrando a los Creators of Tomorrow 2024 de Instagram, edici\u00f3n M\u00e9xico | Acerca de Meta<\/title>\n<meta name=\"robots\" content=\"index, follow, max-snippet:-1, max-image-preview:large, max-video-preview:-1\" \/>\n<link rel=\"canonical\" href=\"https:\/\/about.fb.com\/ltam\/news\/2024\/08\/celebrando-a-los-creators-of-tomorrow-2024-de-instagram\/\" \/>\n<meta property=\"og:locale\" content=\"es_ES\" \/>\n<meta property=\"og:type\" content=\"article\" \/>\n<meta property=\"og:title\" content=\"Celebrando a los Creators of Tomorrow 2024 de Instagram, edici\u00f3n M\u00e9xico | Acerca de Meta\" \/>\n<meta property=\"og:description\" content=\"Presentamos a los Creators of Tomorrow 2024 de M\u00e9xico. Un listado de creadores que publicamos anualmente en varios pa\u00edses del mundo desde 2022 para destacar a aquellos que est\u00e1n inspirando un nuevo movimiento de creatividad y comunidad en Instagram.\u00a0\" \/>\n<meta property=\"og:url\" content=\"https:\/\/about.fb.com\/ltam\/news\/2024\/08\/celebrando-a-los-creators-of-tomorrow-2024-de-instagram\/\" \/>\n<meta property=\"og:site_name\" content=\"Acerca de Meta\" \/>\n<meta property=\"article:published_time\" content=\"2024-08-08T13:24:21+00:00\" \/>\n<meta property=\"article:modified_time\" content=\"2024-08-08T17:11:31+00:00\" \/>\n<meta property=\"og:image\" content=\"https:\/\/about.fb.com\/ltam\/wp-content\/uploads\/sites\/14\/2024\/08\/Creators-of-Tomorrow-2024.png?resize=1024,554\" \/>\n\t<meta property=\"og:image:width\" content=\"1024\" \/>\n\t<meta property=\"og:image:height\" content=\"554\" \/>\n\t<meta property=\"og:image:type\" content=\"image\/png\" \/>\n<meta name=\"author\" content=\"milenaherreraCO\" \/>\n<meta name=\"twitter:card\" content=\"summary_large_image\" \/>\n<meta name=\"twitter:label1\" content=\"Written by\" \/>\n\t<meta name=\"twitter:data1\" content=\"Meta\" \/>\n\t<meta name=\"twitter:label2\" content=\"Est. reading time\" \/>\n\t<meta name=\"twitter:data2\" content=\"3 minutos\" \/>\n<script type=\"application\/ld+json\" class=\"yoast-schema-graph\">{\"@context\":\"https:\/\/schema.org\",\"@graph\":[{\"@type\":\"Article\",\"@id\":\"https:\/\/about.fb.com\/ltam\/news\/2024\/08\/celebrando-a-los-creators-of-tomorrow-2024-de-instagram\/#article\",\"isPartOf\":{\"@id\":\"https:\/\/about.fb.com\/ltam\/news\/2024\/08\/celebrando-a-los-creators-of-tomorrow-2024-de-instagram\/\"},\"author\":\"Facebook company\",\"headline\":\"Celebrando a los Creators of Tomorrow 2024 de Instagram, edici\u00f3n M\u00e9xico\",\"datePublished\":\"2024-08-08T13:24:21+00:00\",\"dateModified\":\"2024-08-08T17:11:31+00:00\",\"mainEntityOfPage\":{\"@id\":\"https:\/\/about.fb.com\/ltam\/news\/2024\/08\/celebrando-a-los-creators-of-tomorrow-2024-de-instagram\/\"},\"wordCount\":184,\"publisher\":{\"@id\":\"https:\/\/about.fb.com\/ltam\/#organization\"},\"image\":{\"@id\":\"https:\/\/about.fb.com\/ltam\/news\/2024\/08\/celebrando-a-los-creators-of-tomorrow-2024-de-instagram\/#primaryimage\"},\"thumbnailUrl\":\"https:\/\/about.fb.com\/ltam\/wp-content\/uploads\/sites\/14\/2024\/08\/Creators-of-Tomorrow-2024.png?fit=2970%2C1608\",\"articleSection\":[\"Instagram\",\"Noticias de la Empresa\"],\"inLanguage\":\"es\"},{\"@type\":\"WebPage\",\"@id\":\"https:\/\/about.fb.com\/ltam\/news\/2024\/08\/celebrando-a-los-creators-of-tomorrow-2024-de-instagram\/\",\"url\":\"https:\/\/about.fb.com\/ltam\/news\/2024\/08\/celebrando-a-los-creators-of-tomorrow-2024-de-instagram\/\",\"name\":\"Celebrando a los Creators of Tomorrow 2024 de Instagram, edici\u00f3n M\u00e9xico | Acerca de Meta\",\"isPartOf\":{\"@id\":\"https:\/\/about.fb.com\/ltam\/#website\"},\"primaryImageOfPage\":{\"@id\":\"https:\/\/about.fb.com\/ltam\/news\/2024\/08\/celebrando-a-los-creators-of-tomorrow-2024-de-instagram\/#primaryimage\"},\"image\":{\"@id\":\"https:\/\/about.fb.com\/ltam\/news\/2024\/08\/celebrando-a-los-creators-of-tomorrow-2024-de-instagram\/#primaryimage\"},\"thumbnailUrl\":\"https:\/\/about.fb.com\/ltam\/wp-content\/uploads\/sites\/14\/2024\/08\/Creators-of-Tomorrow-2024.png?fit=2970%2C1608\",\"datePublished\":\"2024-08-08T13:24:21+00:00\",\"dateModified\":\"2024-08-08T17:11:31+00:00\",\"breadcrumb\":{\"@id\":\"https:\/\/about.fb.com\/ltam\/news\/2024\/08\/celebrando-a-los-creators-of-tomorrow-2024-de-instagram\/#breadcrumb\"},\"inLanguage\":\"es\",\"potentialAction\":[{\"@type\":\"ReadAction\",\"target\":[\"https:\/\/about.fb.com\/ltam\/news\/2024\/08\/celebrando-a-los-creators-of-tomorrow-2024-de-instagram\/\"]}],\"author\":\"Acerca de Meta\"},{\"@type\":\"ImageObject\",\"inLanguage\":\"es\",\"@id\":\"https:\/\/about.fb.com\/ltam\/news\/2024\/08\/celebrando-a-los-creators-of-tomorrow-2024-de-instagram\/#primaryimage\",\"url\":\"https:\/\/about.fb.com\/ltam\/wp-content\/uploads\/sites\/14\/2024\/08\/Creators-of-Tomorrow-2024.png?fit=2970%2C1608\",\"contentUrl\":\"https:\/\/about.fb.com\/ltam\/wp-content\/uploads\/sites\/14\/2024\/08\/Creators-of-Tomorrow-2024.png?fit=2970%2C1608\",\"width\":2970,\"height\":1608},{\"@type\":\"BreadcrumbList\",\"@id\":\"https:\/\/about.fb.com\/ltam\/news\/2024\/08\/celebrando-a-los-creators-of-tomorrow-2024-de-instagram\/#breadcrumb\",\"itemListElement\":[{\"@type\":\"ListItem\",\"position\":1,\"name\":\"Home\",\"item\":\"https:\/\/about.fb.com\/ltam\/\"},{\"@type\":\"ListItem\",\"position\":2,\"name\":\"Celebrando a los Creators of Tomorrow 2024 de Instagram, edici\u00f3n M\u00e9xico\"}]},{\"@type\":\"WebSite\",\"@id\":\"https:\/\/about.fb.com\/ltam\/#website\",\"url\":\"https:\/\/about.fb.com\/news\/\",\"name\":\"Acerca de Meta\",\"description\":\"\",\"publisher\":{\"@id\":\"https:\/\/about.fb.com\/ltam\/#organization\"},\"potentialAction\":[{\"@type\":\"SearchAction\",\"target\":{\"@type\":\"EntryPoint\",\"urlTemplate\":\"https:\/\/about.fb.com\/ltam\/?s={search_term_string}\"},\"query-input\":{\"@type\":\"PropertyValueSpecification\",\"valueRequired\":true,\"valueName\":\"search_term_string\"}}],\"inLanguage\":\"es\",\"alternateName\":[\"Meta Newsroom\",\"Meta\"]},{\"@type\":\"Organization\",\"@id\":\"https:\/\/about.fb.com\/ltam\/#organization\",\"name\":\"Meta\",\"url\":\"https:\/\/about.fb.com\/ltam\/\",\"logo\":{\"@type\":\"ImageObject\",\"inLanguage\":\"es\",\"@id\":\"https:\/\/about.fb.com\/ltam\/#\/schema\/logo\/image\/\",\"url\":\"https:\/\/about.fb.com\/ltam\/wp-content\/uploads\/sites\/14\/2021\/10\/meta-social-16x9-1.jpg?fit=8000%2C4500\",\"contentUrl\":\"https:\/\/about.fb.com\/ltam\/wp-content\/uploads\/sites\/14\/2021\/10\/meta-social-16x9-1.jpg?fit=8000%2C4500\",\"width\":8000,\"height\":4500,\"caption\":\"Meta\"},\"image\":{\"@id\":\"https:\/\/about.fb.com\/ltam\/#\/schema\/logo\/image\/\"}}]}<\/script>\n<!-- \/ Yoast SEO plugin. -->","yoast_head_json":{"title":"Celebrando a los Creators of Tomorrow 2024 de Instagram, edici\u00f3n M\u00e9xico | Acerca de Meta","robots":{"index":"index","follow":"follow","max-snippet":"max-snippet:-1","max-image-preview":"max-image-preview:large","max-video-preview":"max-video-preview:-1"},"canonical":"https:\/\/about.fb.com\/ltam\/news\/2024\/08\/celebrando-a-los-creators-of-tomorrow-2024-de-instagram\/","og_locale":"es_ES","og_type":"article","og_title":"Celebrando a los Creators of Tomorrow 2024 de Instagram, edici\u00f3n M\u00e9xico | Acerca de Meta","og_description":"Presentamos a los Creators of Tomorrow 2024 de M\u00e9xico. Un listado de creadores que publicamos anualmente en varios pa\u00edses del mundo desde 2022 para destacar a aquellos que est\u00e1n inspirando un nuevo movimiento de creatividad y comunidad en Instagram.\u00a0","og_url":"https:\/\/about.fb.com\/ltam\/news\/2024\/08\/celebrando-a-los-creators-of-tomorrow-2024-de-instagram\/","og_site_name":"Acerca de Meta","article_published_time":"2024-08-08T13:24:21+00:00","article_modified_time":"2024-08-08T17:11:31+00:00","og_image":[{"width":1024,"height":554,"url":"https:\/\/about.fb.com\/ltam\/wp-content\/uploads\/sites\/14\/2024\/08\/Creators-of-Tomorrow-2024.png?resize=1024,554","type":"image\/png"}],"author":"milenaherreraCO","twitter_card":"summary_large_image","twitter_misc":{"Written by":"Meta","Est. reading time":"3 minutos"},"schema":{"@context":"https:\/\/schema.org","@graph":[{"@type":"Article","@id":"https:\/\/about.fb.com\/ltam\/news\/2024\/08\/celebrando-a-los-creators-of-tomorrow-2024-de-instagram\/#article","isPartOf":{"@id":"https:\/\/about.fb.com\/ltam\/news\/2024\/08\/celebrando-a-los-creators-of-tomorrow-2024-de-instagram\/"},"author":"Facebook company","headline":"Celebrando a los Creators of Tomorrow 2024 de Instagram, edici\u00f3n M\u00e9xico","datePublished":"2024-08-08T13:24:21+00:00","dateModified":"2024-08-08T17:11:31+00:00","mainEntityOfPage":{"@id":"https:\/\/about.fb.com\/ltam\/news\/2024\/08\/celebrando-a-los-creators-of-tomorrow-2024-de-instagram\/"},"wordCount":184,"publisher":{"@id":"https:\/\/about.fb.com\/ltam\/#organization"},"image":{"@id":"https:\/\/about.fb.com\/ltam\/news\/2024\/08\/celebrando-a-los-creators-of-tomorrow-2024-de-instagram\/#primaryimage"},"thumbnailUrl":"https:\/\/about.fb.com\/ltam\/wp-content\/uploads\/sites\/14\/2024\/08\/Creators-of-Tomorrow-2024.png?fit=2970%2C1608","articleSection":["Instagram","Noticias de la Empresa"],"inLanguage":"es"},{"@type":"WebPage","@id":"https:\/\/about.fb.com\/ltam\/news\/2024\/08\/celebrando-a-los-creators-of-tomorrow-2024-de-instagram\/","url":"https:\/\/about.fb.com\/ltam\/news\/2024\/08\/celebrando-a-los-creators-of-tomorrow-2024-de-instagram\/","name":"Celebrando a los Creators of Tomorrow 2024 de Instagram, edici\u00f3n M\u00e9xico | Acerca de Meta","isPartOf":{"@id":"https:\/\/about.fb.com\/ltam\/#website"},"primaryImageOfPage":{"@id":"https:\/\/about.fb.com\/ltam\/news\/2024\/08\/celebrando-a-los-creators-of-tomorrow-2024-de-instagram\/#primaryimage"},"image":{"@id":"https:\/\/about.fb.com\/ltam\/news\/2024\/08\/celebrando-a-los-creators-of-tomorrow-2024-de-instagram\/#primaryimage"},"thumbnailUrl":"https:\/\/about.fb.com\/ltam\/wp-content\/uploads\/sites\/14\/2024\/08\/Creators-of-Tomorrow-2024.png?fit=2970%2C1608","datePublished":"2024-08-08T13:24:21+00:00","dateModified":"2024-08-08T17:11:31+00:00","breadcrumb":{"@id":"https:\/\/about.fb.com\/ltam\/news\/2024\/08\/celebrando-a-los-creators-of-tomorrow-2024-de-instagram\/#breadcrumb"},"inLanguage":"es","potentialAction":[{"@type":"ReadAction","target":["https:\/\/about.fb.com\/ltam\/news\/2024\/08\/celebrando-a-los-creators-of-tomorrow-2024-de-instagram\/"]}],"author":"Acerca de Meta"},{"@type":"ImageObject","inLanguage":"es","@id":"https:\/\/about.fb.com\/ltam\/news\/2024\/08\/celebrando-a-los-creators-of-tomorrow-2024-de-instagram\/#primaryimage","url":"https:\/\/about.fb.com\/ltam\/wp-content\/uploads\/sites\/14\/2024\/08\/Creators-of-Tomorrow-2024.png?fit=2970%2C1608","contentUrl":"https:\/\/about.fb.com\/ltam\/wp-content\/uploads\/sites\/14\/2024\/08\/Creators-of-Tomorrow-2024.png?fit=2970%2C1608","width":2970,"height":1608},{"@type":"BreadcrumbList","@id":"https:\/\/about.fb.com\/ltam\/news\/2024\/08\/celebrando-a-los-creators-of-tomorrow-2024-de-instagram\/#breadcrumb","itemListElement":[{"@type":"ListItem","position":1,"name":"Home","item":"https:\/\/about.fb.com\/ltam\/"},{"@type":"ListItem","position":2,"name":"Celebrando a los Creators of Tomorrow 2024 de Instagram, edici\u00f3n M\u00e9xico"}]},{"@type":"WebSite","@id":"https:\/\/about.fb.com\/ltam\/#website","url":"https:\/\/about.fb.com\/news\/","name":"Acerca de Meta","description":"","publisher":{"@id":"https:\/\/about.fb.com\/ltam\/#organization"},"potentialAction":[{"@type":"SearchAction","target":{"@type":"EntryPoint","urlTemplate":"https:\/\/about.fb.com\/ltam\/?s={search_term_string}"},"query-input":{"@type":"PropertyValueSpecification","valueRequired":true,"valueName":"search_term_string"}}],"inLanguage":"es","alternateName":["Meta Newsroom","Meta"]},{"@type":"Organization","@id":"https:\/\/about.fb.com\/ltam\/#organization","name":"Meta","url":"https:\/\/about.fb.com\/ltam\/","logo":{"@type":"ImageObject","inLanguage":"es","@id":"https:\/\/about.fb.com\/ltam\/#\/schema\/logo\/image\/","url":"https:\/\/about.fb.com\/ltam\/wp-content\/uploads\/sites\/14\/2021\/10\/meta-social-16x9-1.jpg?fit=8000%2C4500","contentUrl":"https:\/\/about.fb.com\/ltam\/wp-content\/uploads\/sites\/14\/2021\/10\/meta-social-16x9-1.jpg?fit=8000%2C4500","width":8000,"height":4500,"caption":"Meta"},"image":{"@id":"https:\/\/about.fb.com\/ltam\/#\/schema\/logo\/image\/"}}]}},"jetpack_featured_media_url":"https:\/\/about.fb.com\/ltam\/wp-content\/uploads\/sites\/14\/2024\/08\/Creators-of-Tomorrow-2024.png?fit=2970%2C1608","jetpack-related-posts":[],"jetpack_sharing_enabled":true,"amp_enabled":true,"_links":{"self":[{"href":"https:\/\/about.fb.com\/ltam\/wp-json\/wp\/v2\/posts\/25384","targetHints":{"allow":["GET"]}}],"collection":[{"href":"https:\/\/about.fb.com\/ltam\/wp-json\/wp\/v2\/posts"}],"about":[{"href":"https:\/\/about.fb.com\/ltam\/wp-json\/wp\/v2\/types\/post"}],"author":[{"embeddable":true,"href":"https:\/\/about.fb.com\/ltam\/wp-json\/wp\/v2\/users\/164097050"}],"replies":[{"embeddable":true,"href":"https:\/\/about.fb.com\/ltam\/wp-json\/wp\/v2\/comments?post=25384"}],"version-history":[{"count":13,"href":"https:\/\/about.fb.com\/ltam\/wp-json\/wp\/v2\/posts\/25384\/revisions"}],"predecessor-version":[{"id":25409,"href":"https:\/\/about.fb.com\/ltam\/wp-json\/wp\/v2\/posts\/25384\/revisions\/25409"}],"wp:featuredmedia":[{"embeddable":true,"href":"https:\/\/about.fb.com\/ltam\/wp-json\/wp\/v2\/media\/25388"}],"wp:attachment":[{"href":"https:\/\/about.fb.com\/ltam\/wp-json\/wp\/v2\/media?parent=25384"}],"wp:term":[{"taxonomy":"category","embeddable":true,"href":"https:\/\/about.fb.com\/ltam\/wp-json\/wp\/v2\/categories?post=25384"},{"taxonomy":"post_tag","embeddable":true,"href":"https:\/\/about.fb.com\/ltam\/wp-json\/wp\/v2\/tags?post=25384"}],"curies":[{"name":"wp","href":"https:\/\/api.w.org\/{rel}","templated":true}]}}