{"id":24977,"date":"2023-11-30T14:34:14","date_gmt":"2023-11-30T20:34:14","guid":{"rendered":"https:\/\/about.fb.com\/ltam\/?p=24977"},"modified":"2023-11-30T14:50:07","modified_gmt":"2023-11-30T20:50:07","slug":"una-decada-avanzando-en-la-vanguardia-de-la-ia-a-traves-de-la-investigacion-abierta","status":"publish","type":"post","link":"https:\/\/about.fb.com\/ltam\/news\/2023\/11\/una-decada-avanzando-en-la-vanguardia-de-la-ia-a-traves-de-la-investigacion-abierta\/","title":{"rendered":"Una d\u00e9cada avanzando en la vanguardia de la IA a trav\u00e9s de la investigaci\u00f3n abierta"},"content":{"rendered":"<p><span style=\"font-weight: 400\">S\u00edntesis:\u00a0<\/span><\/p>\n<ul>\n<li style=\"font-weight: 400\"><span style=\"font-weight: 400\">Celebramos los 10 a\u00f1os del equipo de Investigaci\u00f3n Fundamental de IA (FAIR) de Meta.<\/span><\/li>\n<li style=\"font-weight: 400\"><span style=\"font-weight: 400\">Tambi\u00e9n presentamos nuevos modelos y conjuntos de datos de IA, como Ego-Exo4D, Audiobox y Seamless Communication, y sus avances en la combinaci\u00f3n de vistas en primera persona y externas, generaci\u00f3n de audio y traducci\u00f3n de idiomas.<\/span><\/li>\n<\/ul>\n<p><span style=\"font-weight: 400\">Hoy celebramos el d\u00e9cimo aniversario del equipo de Investigaci\u00f3n Fundamental de la IA (FAIR) de Meta. Durante la \u00faltima d\u00e9cada, <\/span><a href=\"https:\/\/ai.meta.com\/blog\/fair-10-year-anniversary-open-science-meta\/\" target=\"_blank\" rel=\"noopener\"><span style=\"font-weight: 400\">FAIR <\/span><\/a><span style=\"font-weight: 400\">ha sido la fuente de muchos avances en IA y un espacio para hacer investigaci\u00f3n de forma abierta y responsable. Estamos comprometidos con la ciencia abierta y con compartir nuestro trabajo, ya sean art\u00edculos, c\u00f3digo, modelos, demos o gu\u00edas de uso responsable.<\/span><\/p>\n<p><span style=\"font-weight: 400\">En los \u00faltimos 10 a\u00f1os hemos logrado grandes avances en la detecci\u00f3n de objetos con <\/span><a href=\"https:\/\/ai.meta.com\/blog\/segment-anything-foundation-model-image-segmentation\/\" target=\"_blank\" rel=\"noopener\"><span style=\"font-weight: 400\">Segment Anything<\/span><\/a><span style=\"font-weight: 400\">, que reconoce objetos en im\u00e1genes. Adem\u00e1s, fuimos de los primeros en introducir t\u00e9cnicas de traducci\u00f3n autom\u00e1tica no supervisada, lo que nos permiti\u00f3 crear un modelo capaz de traducir 100 idiomas sin depender del ingl\u00e9s. Esto dio lugar a nuestra iniciativa<\/span><a href=\"https:\/\/ai.meta.com\/research\/no-language-left-behind\/\" target=\"_blank\" rel=\"noopener\"><span style=\"font-weight: 400\"> No Language Left Behind<\/span><\/a><span style=\"font-weight: 400\">, que recientemente ha ampliado la tecnolog\u00eda de conversi\u00f3n de texto a voz y de voz a texto a m\u00e1s de <\/span><a href=\"https:\/\/about.fb.com\/news\/2023\/05\/ai-massively-multilingual-speech-technology\/\" target=\"_blank\" rel=\"noopener\"><span style=\"font-weight: 400\">1.000 idiomas<\/span><\/a><span style=\"font-weight: 400\">.<\/span><\/p>\n<p><span style=\"font-weight: 400\">A principios de este a\u00f1o lanzamos <\/span><a href=\"https:\/\/ai.meta.com\/blog\/large-language-model-llama-meta-ai\/\" target=\"_blank\" rel=\"noopener\"><span style=\"font-weight: 400\">Llama<\/span><\/a><span style=\"font-weight: 400\">, un amplio modelo de lenguaje abierto y pre-entrenado, seguido de <\/span><a href=\"https:\/\/about.fb.com\/news\/2023\/07\/llama-2\/\" target=\"_blank\" rel=\"noopener\"><span style=\"font-weight: 400\">Llama 2<\/span><\/a><span style=\"font-weight: 400\">, que es gratuito para investigaci\u00f3n y uso comercial. Y en Connect, presentamos<\/span><a href=\"https:\/\/about.fb.com\/news\/2023\/09\/introducing-ai-powered-assistants-characters-and-creative-tools\/\" target=\"_blank\" rel=\"noopener\"><span style=\"font-weight: 400\"> nuevos productos y experiencias de IA<\/span><\/a><span style=\"font-weight: 400\"> que ahora est\u00e1n en manos de millones de personas &#8211; la culminaci\u00f3n de un trabajo de investigaci\u00f3n temprana en el que se basaron los equipos de IA Generativa y de producto de Meta.<\/span><\/p>\n<p><img data-recalc-dims=\"1\" loading=\"lazy\" decoding=\"async\" class=\"aligncenter size-large wp-image-24978\" src=\"https:\/\/about.fb.com\/ltam\/wp-content\/uploads\/sites\/14\/2023\/11\/01_Q1_Q4_Timeline.gif?w=960&#038;resize=960%2C540\" alt=\"\" width=\"960\" height=\"540\" \/><\/p>\n<p>&nbsp;<\/p>\n<p><span style=\"font-weight: 400\">Hoy compartimos nuestros \u00faltimos avances en Ego-Exo4D, Audiobox y Seamless Communication.<\/span><\/p>\n<p><b>Acercando a los modelos de IA visiones Egoc\u00e9ntricas y Exoc\u00e9ntricas<\/b><\/p>\n<p><span style=\"font-weight: 400\">En nuestros esfuerzos por ense\u00f1ar a la IA a percibir el mundo a trav\u00e9s de nuestros ojos, hemos actualizado <\/span><a href=\"https:\/\/ai.meta.com\/blog\/teaching-ai-to-perceive-the-world-through-your-eyes\/\" target=\"_blank\" rel=\"noopener\"><span style=\"font-weight: 400\">Ego-Exo<\/span><\/a><span style=\"font-weight: 400\">. El \u00faltimo <\/span><a href=\"https:\/\/ai.meta.com\/blog\/ego-exo4d-video-learning-perception\/\" target=\"_blank\" rel=\"noopener\"><span style=\"font-weight: 400\">Ego-Exo4D<\/span><\/a><span style=\"font-weight: 400\"> captura simult\u00e1neamente vistas en primera persona (egoc\u00e9ntricas) desde una c\u00e1mara port\u00e1til, as\u00ed como vistas externas (exoc\u00e9ntricas) de c\u00e1maras que rodean a la persona. Juntas, estas perspectivas brindan a los modelos de IA una ventana a lo que la gente ve y escucha, combinada con m\u00e1s contexto sobre el entorno.<\/span><\/p>\n<p><span style=\"font-weight: 400\">En el futuro, estos avances en IA permitir\u00e1n que una persona que use gafas inteligentes adquiera r\u00e1pidamente nuevas habilidades con un entrenador virtual de IA que la guiar\u00e1 a trav\u00e9s de un video instructivo. Por ejemplo, imagina ver a un experto reparar una llanta de bicicleta, hacer malabarismos con una pelota de f\u00fatbol o doblar un cisne de origami, y luego poder relacionar sus pasos con tus propias acciones.<\/span><\/p>\n<p><img data-recalc-dims=\"1\" loading=\"lazy\" decoding=\"async\" class=\"aligncenter size-large wp-image-24979\" src=\"https:\/\/about.fb.com\/ltam\/wp-content\/uploads\/sites\/14\/2023\/11\/02_EgoExo_Bike.gif?w=800&#038;resize=800%2C450\" alt=\"\" width=\"800\" height=\"450\" \/><\/p>\n<p><b>Generando voces y efectos de sonido con Audiobox<\/b><\/p>\n<p><span style=\"font-weight: 400\">A principios de este a\u00f1o, presentamos <\/span><a href=\"https:\/\/about.fb.com\/news\/2023\/06\/introducing-voicebox-ai-for-speech-generation\/\" target=\"_blank\" rel=\"noopener\"><span style=\"font-weight: 400\">Voicebox<\/span><\/a><span style=\"font-weight: 400\">, un modelo de IA generativa que puede ayudar con la edici\u00f3n, el sampleado y el estilo del audio. Ahora <\/span><a href=\"https:\/\/ai.meta.com\/blog\/audiobox-generating-audio-voice-natural-language-prompts\" target=\"_blank\" rel=\"noopener\"><span style=\"font-weight: 400\">Audiobox<\/span><\/a><span style=\"font-weight: 400\">, su sucesor, avanza a\u00fan m\u00e1s en la IA generativa para audio. Con Audiobox, puedes usar indicaciones de voz o descripciones de texto para describir sonidos o tipos de habla que te gustar\u00eda generar. Por ejemplo, podr\u00edas crear una banda sonora con un mensaje como \u00abun r\u00edo corriendo y p\u00e1jaros cantando\u00bb. Incluso puedes generar una voz diciendo: \u00abuna mujer joven habla en un tono alto y a un ritmo r\u00e1pido\u00bb. Audiobox facilita la creaci\u00f3n de audio personalizado para todos sus proyectos.<\/span><\/p>\n<div style=\"width: 960px;\" class=\"wp-video\"><video class=\"wp-video-shortcode\" id=\"video-24977-1\" width=\"960\" height=\"540\" preload=\"metadata\" controls=\"controls\"><source type=\"video\/mp4\" src=\"https:\/\/about.fb.com\/ltam\/wp-content\/uploads\/sites\/14\/2023\/11\/03_Audiobox_Text-to-Audio.mp4?_=1\" \/><a href=\"https:\/\/about.fb.com\/ltam\/wp-content\/uploads\/sites\/14\/2023\/11\/03_Audiobox_Text-to-Audio.mp4\">https:\/\/about.fb.com\/ltam\/wp-content\/uploads\/sites\/14\/2023\/11\/03_Audiobox_Text-to-Audio.mp4<\/a><\/video><\/div>\n<p><b>Desbloqueando la traducci\u00f3n fluida de idiomas<\/b><\/p>\n<p><span style=\"font-weight: 400\">Bas\u00e1ndonos en nuestro trabajo con <\/span><a href=\"https:\/\/about.fb.com\/news\/2023\/08\/seamlessm4t-ai-translation-model\/\" target=\"_blank\" rel=\"noopener\"><span style=\"font-weight: 400\">SeamlessM4T<\/span><\/a><span style=\"font-weight: 400\">, ahora presentamos <\/span><a href=\"https:\/\/about.fb.com\/news\/2023\/08\/seamlessm4t-ai-translation-model\/\" target=\"_blank\" rel=\"noopener\"><span style=\"font-weight: 400\">Seamless Communication<\/span><\/a><span style=\"font-weight: 400\">: un conjunto de modelos de traducci\u00f3n de IA que preservan mejor la expresi\u00f3n en todos los idiomas y traducen mientras la persona sigue hablando para mejorar la velocidad.<\/span><\/p>\n<p><span style=\"font-weight: 400\">Las versiones anteriores de los servicios de traducci\u00f3n de idiomas a menudo tienen dificultades para captar el tono de voz, las pausas y el \u00e9nfasis, y pierden se\u00f1ales importantes que nos ayudan a compartir emociones e intenciones. SeamlessExpressiveon es el primer sistema disponible p\u00fablicamente que desbloquea la comunicaci\u00f3n expresiva entre idiomas. Utiliza un modelo que preserva la emoci\u00f3n y el estilo de quien est\u00e1 hablando, y aborda la velocidad y el ritmo del habla. El modelo actualmente funciona para ingl\u00e9s, espa\u00f1ol, alem\u00e1n, franc\u00e9s, italiano y chino.<\/span><\/p>\n<p><span style=\"font-weight: 400\">SeamlessStreaming permite conversaciones en tiempo real con alguien que habla un idioma diferente. A diferencia de los sistemas convencionales que traducen cuando la persona ha terminado su frase, SeamlessStreaming traduce mientras sigues hablando, lo que permite al interlocutor escuchar la traducci\u00f3n m\u00e1s r\u00e1pido.<\/span><\/p>\n<div style=\"width: 960px;\" class=\"wp-video\"><video class=\"wp-video-shortcode\" id=\"video-24977-2\" width=\"960\" height=\"539\" preload=\"metadata\" controls=\"controls\"><source type=\"video\/mp4\" src=\"https:\/\/about.fb.com\/ltam\/wp-content\/uploads\/sites\/14\/2023\/11\/04_Seamless-Overview.mp4?_=2\" \/><a href=\"https:\/\/about.fb.com\/ltam\/wp-content\/uploads\/sites\/14\/2023\/11\/04_Seamless-Overview.mp4\">https:\/\/about.fb.com\/ltam\/wp-content\/uploads\/sites\/14\/2023\/11\/04_Seamless-Overview.mp4<\/a><\/video><\/div>\n<p><span style=\"font-weight: 400\">Meta est\u00e1 en una posici\u00f3n \u00fanica para resolver los mayores desaf\u00edos de la IA. Nuestras inversiones en software, hardware e infraestructura nos permiten entrelazar lo aprendido de nuestra investigaci\u00f3n en productos que pueden beneficiar a miles de millones de personas.<\/span><\/p>\n<p><span style=\"font-weight: 400\">FAIR es una pieza fundamental para el \u00e9xito de Meta y uno de los \u00fanicos grupos en el mundo con todos los requisitos para ofrecer verdaderos avances: algunas de las mentes m\u00e1s brillantes de la industria, una cultura de apertura y, lo m\u00e1s importante, la libertad de realizar investigaciones exploratorias. Esta libertad nos ha ayudado a mantenernos \u00e1giles y contribuir a construir el futuro de la conexi\u00f3n social.<\/span><\/p>\n<p><b>Investigaci\u00f3n responsable de IA<\/b><\/p>\n<p><span style=\"font-weight: 400\">Valoramos la investigaci\u00f3n responsable de la IA y la apertura porque compartir un trabajo para el escrutinio de pares nos empuja hacia la excelencia y genera confianza en nuestros avances. Tambi\u00e9n nos permite colaborar con la comunidad en general, lo que genera un progreso m\u00e1s r\u00e1pido y un conjunto m\u00e1s diverso de contribuyentes. Obt\u00e9n m\u00e1s informaci\u00f3n sobre c\u00f3mo <\/span><a href=\"https:\/\/about.fb.com\/news\/2023\/08\/seamlessm4t-ai-translation-model\/\" target=\"_blank\" rel=\"noopener\"><span style=\"font-weight: 400\">llevamos a cabo investigaciones de IA de manera responsable<\/span><\/a><span style=\"font-weight: 400\">.<\/span><\/p>\n","protected":false},"excerpt":{"rendered":"Celebramos los 10 a\u00f1os del equipo de Investigaci\u00f3n Fundamental de IA (FAIR) de Meta. Tambi\u00e9n presentamos nuevos modelos y conjuntos de datos de IA, como Ego-Exo4D, Audiobox y Seamless Communication.\r\n","protected":false},"author":155592861,"featured_media":0,"comment_status":"closed","ping_status":"closed","sticky":false,"template":"","format":"standard","meta":{"_jetpack_memberships_contains_paid_content":false,"footnotes":""},"categories":[243947986,243948035],"tags":[],"class_list":["post-24977","post","type-post","status-publish","format-standard","hentry","category-innovacion","category-technologies"],"yoast_head":"<!-- This site is optimized with the Yoast SEO plugin v27.2 - https:\/\/yoast.com\/product\/yoast-seo-wordpress\/ -->\n<title>Una d\u00e9cada avanzando en la vanguardia de la IA a trav\u00e9s de la investigaci\u00f3n abierta | Acerca de Meta<\/title>\n<meta name=\"robots\" content=\"index, follow, max-snippet:-1, max-image-preview:large, max-video-preview:-1\" \/>\n<link rel=\"canonical\" href=\"https:\/\/about.fb.com\/ltam\/news\/2023\/11\/una-decada-avanzando-en-la-vanguardia-de-la-ia-a-traves-de-la-investigacion-abierta\/\" \/>\n<meta property=\"og:locale\" content=\"es_ES\" \/>\n<meta property=\"og:type\" content=\"article\" \/>\n<meta property=\"og:title\" content=\"Una d\u00e9cada avanzando en la vanguardia de la IA a trav\u00e9s de la investigaci\u00f3n abierta | Acerca de Meta\" \/>\n<meta property=\"og:description\" content=\"Celebramos los 10 a\u00f1os del equipo de Investigaci\u00f3n Fundamental de IA (FAIR) de Meta. Tambi\u00e9n presentamos nuevos modelos y conjuntos de datos de IA, como Ego-Exo4D, Audiobox y Seamless Communication.\" \/>\n<meta property=\"og:url\" content=\"https:\/\/about.fb.com\/ltam\/news\/2023\/11\/una-decada-avanzando-en-la-vanguardia-de-la-ia-a-traves-de-la-investigacion-abierta\/\" \/>\n<meta property=\"og:site_name\" content=\"Acerca de Meta\" \/>\n<meta property=\"article:published_time\" content=\"2023-11-30T20:34:14+00:00\" \/>\n<meta property=\"article:modified_time\" content=\"2023-11-30T20:50:07+00:00\" \/>\n<meta property=\"og:image\" content=\"https:\/\/about.fb.com\/ltam\/wp-content\/uploads\/sites\/14\/2023\/11\/01_Q1_Q4_Timeline.gif?w=960\" \/>\n<meta name=\"author\" content=\"ceciliacartoceti\" \/>\n<meta name=\"twitter:card\" content=\"summary_large_image\" \/>\n<meta name=\"twitter:label1\" content=\"Written by\" \/>\n\t<meta name=\"twitter:data1\" content=\"Meta\" \/>\n\t<meta name=\"twitter:label2\" content=\"Est. reading time\" \/>\n\t<meta name=\"twitter:data2\" content=\"5 minutos\" \/>\n<script type=\"application\/ld+json\" class=\"yoast-schema-graph\">{\"@context\":\"https:\/\/schema.org\",\"@graph\":[{\"@type\":\"Article\",\"@id\":\"https:\/\/about.fb.com\/ltam\/news\/2023\/11\/una-decada-avanzando-en-la-vanguardia-de-la-ia-a-traves-de-la-investigacion-abierta\/#article\",\"isPartOf\":{\"@id\":\"https:\/\/about.fb.com\/ltam\/news\/2023\/11\/una-decada-avanzando-en-la-vanguardia-de-la-ia-a-traves-de-la-investigacion-abierta\/\"},\"author\":\"Facebook company\",\"headline\":\"Una d\u00e9cada avanzando en la vanguardia de la IA a trav\u00e9s de la investigaci\u00f3n abierta\",\"datePublished\":\"2023-11-30T20:34:14+00:00\",\"dateModified\":\"2023-11-30T20:50:07+00:00\",\"mainEntityOfPage\":{\"@id\":\"https:\/\/about.fb.com\/ltam\/news\/2023\/11\/una-decada-avanzando-en-la-vanguardia-de-la-ia-a-traves-de-la-investigacion-abierta\/\"},\"wordCount\":1032,\"publisher\":{\"@id\":\"https:\/\/about.fb.com\/ltam\/#organization\"},\"image\":{\"@id\":\"https:\/\/about.fb.com\/ltam\/news\/2023\/11\/una-decada-avanzando-en-la-vanguardia-de-la-ia-a-traves-de-la-investigacion-abierta\/#primaryimage\"},\"thumbnailUrl\":\"https:\/\/about.fb.com\/ltam\/wp-content\/uploads\/sites\/14\/2023\/11\/01_Q1_Q4_Timeline.gif?w=960\",\"articleSection\":[\"Innovaci\u00f3n\",\"Technologies\"],\"inLanguage\":\"es\"},{\"@type\":\"WebPage\",\"@id\":\"https:\/\/about.fb.com\/ltam\/news\/2023\/11\/una-decada-avanzando-en-la-vanguardia-de-la-ia-a-traves-de-la-investigacion-abierta\/\",\"url\":\"https:\/\/about.fb.com\/ltam\/news\/2023\/11\/una-decada-avanzando-en-la-vanguardia-de-la-ia-a-traves-de-la-investigacion-abierta\/\",\"name\":\"Una d\u00e9cada avanzando en la vanguardia de la IA a trav\u00e9s de la investigaci\u00f3n abierta | Acerca de Meta\",\"isPartOf\":{\"@id\":\"https:\/\/about.fb.com\/ltam\/#website\"},\"primaryImageOfPage\":{\"@id\":\"https:\/\/about.fb.com\/ltam\/news\/2023\/11\/una-decada-avanzando-en-la-vanguardia-de-la-ia-a-traves-de-la-investigacion-abierta\/#primaryimage\"},\"image\":{\"@id\":\"https:\/\/about.fb.com\/ltam\/news\/2023\/11\/una-decada-avanzando-en-la-vanguardia-de-la-ia-a-traves-de-la-investigacion-abierta\/#primaryimage\"},\"thumbnailUrl\":\"https:\/\/about.fb.com\/ltam\/wp-content\/uploads\/sites\/14\/2023\/11\/01_Q1_Q4_Timeline.gif?w=960\",\"datePublished\":\"2023-11-30T20:34:14+00:00\",\"dateModified\":\"2023-11-30T20:50:07+00:00\",\"breadcrumb\":{\"@id\":\"https:\/\/about.fb.com\/ltam\/news\/2023\/11\/una-decada-avanzando-en-la-vanguardia-de-la-ia-a-traves-de-la-investigacion-abierta\/#breadcrumb\"},\"inLanguage\":\"es\",\"potentialAction\":[{\"@type\":\"ReadAction\",\"target\":[\"https:\/\/about.fb.com\/ltam\/news\/2023\/11\/una-decada-avanzando-en-la-vanguardia-de-la-ia-a-traves-de-la-investigacion-abierta\/\"]}],\"author\":\"Acerca de Meta\"},{\"@type\":\"ImageObject\",\"inLanguage\":\"es\",\"@id\":\"https:\/\/about.fb.com\/ltam\/news\/2023\/11\/una-decada-avanzando-en-la-vanguardia-de-la-ia-a-traves-de-la-investigacion-abierta\/#primaryimage\",\"url\":\"https:\/\/about.fb.com\/ltam\/wp-content\/uploads\/sites\/14\/2023\/11\/01_Q1_Q4_Timeline.gif?w=960\",\"contentUrl\":\"https:\/\/about.fb.com\/ltam\/wp-content\/uploads\/sites\/14\/2023\/11\/01_Q1_Q4_Timeline.gif?w=960\"},{\"@type\":\"BreadcrumbList\",\"@id\":\"https:\/\/about.fb.com\/ltam\/news\/2023\/11\/una-decada-avanzando-en-la-vanguardia-de-la-ia-a-traves-de-la-investigacion-abierta\/#breadcrumb\",\"itemListElement\":[{\"@type\":\"ListItem\",\"position\":1,\"name\":\"Home\",\"item\":\"https:\/\/about.fb.com\/ltam\/\"},{\"@type\":\"ListItem\",\"position\":2,\"name\":\"Una d\u00e9cada avanzando en la vanguardia de la IA a trav\u00e9s de la investigaci\u00f3n abierta\"}]},{\"@type\":\"WebSite\",\"@id\":\"https:\/\/about.fb.com\/ltam\/#website\",\"url\":\"https:\/\/about.fb.com\/news\/\",\"name\":\"Acerca de Meta\",\"description\":\"\",\"publisher\":{\"@id\":\"https:\/\/about.fb.com\/ltam\/#organization\"},\"potentialAction\":[{\"@type\":\"SearchAction\",\"target\":{\"@type\":\"EntryPoint\",\"urlTemplate\":\"https:\/\/about.fb.com\/ltam\/?s={search_term_string}\"},\"query-input\":{\"@type\":\"PropertyValueSpecification\",\"valueRequired\":true,\"valueName\":\"search_term_string\"}}],\"inLanguage\":\"es\",\"alternateName\":[\"Meta Newsroom\",\"Meta\"]},{\"@type\":\"Organization\",\"@id\":\"https:\/\/about.fb.com\/ltam\/#organization\",\"name\":\"Meta\",\"url\":\"https:\/\/about.fb.com\/ltam\/\",\"logo\":{\"@type\":\"ImageObject\",\"inLanguage\":\"es\",\"@id\":\"https:\/\/about.fb.com\/ltam\/#\/schema\/logo\/image\/\",\"url\":\"https:\/\/about.fb.com\/ltam\/wp-content\/uploads\/sites\/14\/2021\/10\/meta-social-16x9-1.jpg?fit=8000%2C4500\",\"contentUrl\":\"https:\/\/about.fb.com\/ltam\/wp-content\/uploads\/sites\/14\/2021\/10\/meta-social-16x9-1.jpg?fit=8000%2C4500\",\"width\":8000,\"height\":4500,\"caption\":\"Meta\"},\"image\":{\"@id\":\"https:\/\/about.fb.com\/ltam\/#\/schema\/logo\/image\/\"}}]}<\/script>\n<!-- \/ Yoast SEO plugin. -->","yoast_head_json":{"title":"Una d\u00e9cada avanzando en la vanguardia de la IA a trav\u00e9s de la investigaci\u00f3n abierta | Acerca de Meta","robots":{"index":"index","follow":"follow","max-snippet":"max-snippet:-1","max-image-preview":"max-image-preview:large","max-video-preview":"max-video-preview:-1"},"canonical":"https:\/\/about.fb.com\/ltam\/news\/2023\/11\/una-decada-avanzando-en-la-vanguardia-de-la-ia-a-traves-de-la-investigacion-abierta\/","og_locale":"es_ES","og_type":"article","og_title":"Una d\u00e9cada avanzando en la vanguardia de la IA a trav\u00e9s de la investigaci\u00f3n abierta | Acerca de Meta","og_description":"Celebramos los 10 a\u00f1os del equipo de Investigaci\u00f3n Fundamental de IA (FAIR) de Meta. Tambi\u00e9n presentamos nuevos modelos y conjuntos de datos de IA, como Ego-Exo4D, Audiobox y Seamless Communication.","og_url":"https:\/\/about.fb.com\/ltam\/news\/2023\/11\/una-decada-avanzando-en-la-vanguardia-de-la-ia-a-traves-de-la-investigacion-abierta\/","og_site_name":"Acerca de Meta","article_published_time":"2023-11-30T20:34:14+00:00","article_modified_time":"2023-11-30T20:50:07+00:00","og_image":[{"url":"https:\/\/about.fb.com\/ltam\/wp-content\/uploads\/sites\/14\/2023\/11\/01_Q1_Q4_Timeline.gif?w=960","type":"","width":"","height":""}],"author":"ceciliacartoceti","twitter_card":"summary_large_image","twitter_misc":{"Written by":"Meta","Est. reading time":"5 minutos"},"schema":{"@context":"https:\/\/schema.org","@graph":[{"@type":"Article","@id":"https:\/\/about.fb.com\/ltam\/news\/2023\/11\/una-decada-avanzando-en-la-vanguardia-de-la-ia-a-traves-de-la-investigacion-abierta\/#article","isPartOf":{"@id":"https:\/\/about.fb.com\/ltam\/news\/2023\/11\/una-decada-avanzando-en-la-vanguardia-de-la-ia-a-traves-de-la-investigacion-abierta\/"},"author":"Facebook company","headline":"Una d\u00e9cada avanzando en la vanguardia de la IA a trav\u00e9s de la investigaci\u00f3n abierta","datePublished":"2023-11-30T20:34:14+00:00","dateModified":"2023-11-30T20:50:07+00:00","mainEntityOfPage":{"@id":"https:\/\/about.fb.com\/ltam\/news\/2023\/11\/una-decada-avanzando-en-la-vanguardia-de-la-ia-a-traves-de-la-investigacion-abierta\/"},"wordCount":1032,"publisher":{"@id":"https:\/\/about.fb.com\/ltam\/#organization"},"image":{"@id":"https:\/\/about.fb.com\/ltam\/news\/2023\/11\/una-decada-avanzando-en-la-vanguardia-de-la-ia-a-traves-de-la-investigacion-abierta\/#primaryimage"},"thumbnailUrl":"https:\/\/about.fb.com\/ltam\/wp-content\/uploads\/sites\/14\/2023\/11\/01_Q1_Q4_Timeline.gif?w=960","articleSection":["Innovaci\u00f3n","Technologies"],"inLanguage":"es"},{"@type":"WebPage","@id":"https:\/\/about.fb.com\/ltam\/news\/2023\/11\/una-decada-avanzando-en-la-vanguardia-de-la-ia-a-traves-de-la-investigacion-abierta\/","url":"https:\/\/about.fb.com\/ltam\/news\/2023\/11\/una-decada-avanzando-en-la-vanguardia-de-la-ia-a-traves-de-la-investigacion-abierta\/","name":"Una d\u00e9cada avanzando en la vanguardia de la IA a trav\u00e9s de la investigaci\u00f3n abierta | Acerca de Meta","isPartOf":{"@id":"https:\/\/about.fb.com\/ltam\/#website"},"primaryImageOfPage":{"@id":"https:\/\/about.fb.com\/ltam\/news\/2023\/11\/una-decada-avanzando-en-la-vanguardia-de-la-ia-a-traves-de-la-investigacion-abierta\/#primaryimage"},"image":{"@id":"https:\/\/about.fb.com\/ltam\/news\/2023\/11\/una-decada-avanzando-en-la-vanguardia-de-la-ia-a-traves-de-la-investigacion-abierta\/#primaryimage"},"thumbnailUrl":"https:\/\/about.fb.com\/ltam\/wp-content\/uploads\/sites\/14\/2023\/11\/01_Q1_Q4_Timeline.gif?w=960","datePublished":"2023-11-30T20:34:14+00:00","dateModified":"2023-11-30T20:50:07+00:00","breadcrumb":{"@id":"https:\/\/about.fb.com\/ltam\/news\/2023\/11\/una-decada-avanzando-en-la-vanguardia-de-la-ia-a-traves-de-la-investigacion-abierta\/#breadcrumb"},"inLanguage":"es","potentialAction":[{"@type":"ReadAction","target":["https:\/\/about.fb.com\/ltam\/news\/2023\/11\/una-decada-avanzando-en-la-vanguardia-de-la-ia-a-traves-de-la-investigacion-abierta\/"]}],"author":"Acerca de Meta"},{"@type":"ImageObject","inLanguage":"es","@id":"https:\/\/about.fb.com\/ltam\/news\/2023\/11\/una-decada-avanzando-en-la-vanguardia-de-la-ia-a-traves-de-la-investigacion-abierta\/#primaryimage","url":"https:\/\/about.fb.com\/ltam\/wp-content\/uploads\/sites\/14\/2023\/11\/01_Q1_Q4_Timeline.gif?w=960","contentUrl":"https:\/\/about.fb.com\/ltam\/wp-content\/uploads\/sites\/14\/2023\/11\/01_Q1_Q4_Timeline.gif?w=960"},{"@type":"BreadcrumbList","@id":"https:\/\/about.fb.com\/ltam\/news\/2023\/11\/una-decada-avanzando-en-la-vanguardia-de-la-ia-a-traves-de-la-investigacion-abierta\/#breadcrumb","itemListElement":[{"@type":"ListItem","position":1,"name":"Home","item":"https:\/\/about.fb.com\/ltam\/"},{"@type":"ListItem","position":2,"name":"Una d\u00e9cada avanzando en la vanguardia de la IA a trav\u00e9s de la investigaci\u00f3n abierta"}]},{"@type":"WebSite","@id":"https:\/\/about.fb.com\/ltam\/#website","url":"https:\/\/about.fb.com\/news\/","name":"Acerca de Meta","description":"","publisher":{"@id":"https:\/\/about.fb.com\/ltam\/#organization"},"potentialAction":[{"@type":"SearchAction","target":{"@type":"EntryPoint","urlTemplate":"https:\/\/about.fb.com\/ltam\/?s={search_term_string}"},"query-input":{"@type":"PropertyValueSpecification","valueRequired":true,"valueName":"search_term_string"}}],"inLanguage":"es","alternateName":["Meta Newsroom","Meta"]},{"@type":"Organization","@id":"https:\/\/about.fb.com\/ltam\/#organization","name":"Meta","url":"https:\/\/about.fb.com\/ltam\/","logo":{"@type":"ImageObject","inLanguage":"es","@id":"https:\/\/about.fb.com\/ltam\/#\/schema\/logo\/image\/","url":"https:\/\/about.fb.com\/ltam\/wp-content\/uploads\/sites\/14\/2021\/10\/meta-social-16x9-1.jpg?fit=8000%2C4500","contentUrl":"https:\/\/about.fb.com\/ltam\/wp-content\/uploads\/sites\/14\/2021\/10\/meta-social-16x9-1.jpg?fit=8000%2C4500","width":8000,"height":4500,"caption":"Meta"},"image":{"@id":"https:\/\/about.fb.com\/ltam\/#\/schema\/logo\/image\/"}}]}},"jetpack_featured_media_url":"","jetpack-related-posts":[],"jetpack_sharing_enabled":true,"amp_enabled":true,"_links":{"self":[{"href":"https:\/\/about.fb.com\/ltam\/wp-json\/wp\/v2\/posts\/24977","targetHints":{"allow":["GET"]}}],"collection":[{"href":"https:\/\/about.fb.com\/ltam\/wp-json\/wp\/v2\/posts"}],"about":[{"href":"https:\/\/about.fb.com\/ltam\/wp-json\/wp\/v2\/types\/post"}],"author":[{"embeddable":true,"href":"https:\/\/about.fb.com\/ltam\/wp-json\/wp\/v2\/users\/155592861"}],"replies":[{"embeddable":true,"href":"https:\/\/about.fb.com\/ltam\/wp-json\/wp\/v2\/comments?post=24977"}],"version-history":[{"count":1,"href":"https:\/\/about.fb.com\/ltam\/wp-json\/wp\/v2\/posts\/24977\/revisions"}],"predecessor-version":[{"id":24983,"href":"https:\/\/about.fb.com\/ltam\/wp-json\/wp\/v2\/posts\/24977\/revisions\/24983"}],"wp:attachment":[{"href":"https:\/\/about.fb.com\/ltam\/wp-json\/wp\/v2\/media?parent=24977"}],"wp:term":[{"taxonomy":"category","embeddable":true,"href":"https:\/\/about.fb.com\/ltam\/wp-json\/wp\/v2\/categories?post=24977"},{"taxonomy":"post_tag","embeddable":true,"href":"https:\/\/about.fb.com\/ltam\/wp-json\/wp\/v2\/tags?post=24977"}],"curies":[{"name":"wp","href":"https:\/\/api.w.org\/{rel}","templated":true}]}}