{"id":24965,"date":"2023-11-29T12:42:31","date_gmt":"2023-11-29T18:42:31","guid":{"rendered":"https:\/\/about.fb.com\/ltam\/?p=24965"},"modified":"2024-02-01T13:15:49","modified_gmt":"2024-02-01T19:15:49","slug":"celebrando-a-los-creators-of-tomorrow-de-instagram","status":"publish","type":"post","link":"https:\/\/about.fb.com\/ltam\/news\/2023\/11\/celebrando-a-los-creators-of-tomorrow-de-instagram\/","title":{"rendered":"Celebrando a los \u201cCreators of Tomorrow\u201d de Instagram"},"content":{"rendered":"<p><em>Edici\u00f3n Argentina<\/em><\/p>\n<p><span style=\"font-weight: 300\">En Instagram apoyamos a los creadores para que puedan crear, conectar con su audiencia de diversas formas y crecer d\u00eda a d\u00eda. Los creadores merecen ser reconocidos y celebrados por su impacto y aporte cultural que hacen de Instagram la base de la creatividad que es. Por ello, hoy presentamos <\/span><b>Creators of Tomorrow 2023,<\/b><span style=\"font-weight: 300\"> un listado de creadores prometedores que se destacan en sus campos y que son ejemplo de creatividad, construcci\u00f3n de comunidad y promoci\u00f3n de la cultura y la inclusi\u00f3n.<\/span><\/p>\n<p><span style=\"font-weight: 300\">Los creadores fueron seleccionados por aportar alegr\u00eda, ser voces de un movimiento y usar la tecnolog\u00eda de forma innovadora. Y lo m\u00e1s importante &#8211; contribuyen a elevar el contenido en Instagram siendo aut\u00e9nticos e inspirando a otros.\u00a0<\/span><span style=\"font-weight: 300\">A continuaci\u00f3n, el <\/span><b>listado de creadores destacados de Argentina <\/b><span style=\"font-weight: 300\">en las categor\u00edas de 2023.\u00a0<\/span><\/p>\n<p><b>Categor\u00eda \u201cBesties de Instagram\u201d:<\/b><span style=\"font-weight: 300\"> como si fueran nuestros mejores amigos \ud83d\ude0a, estos creadores nos hacen sonre\u00edr a la vez que nos inspiran. Formar parte de su comunidad significa compartir un gran abrazo colectivo \ud83e\udd17 y un entorno digital seguro.<\/span><\/p>\n<ul>\n<li><a href=\"https:\/\/www.instagram.com\/lulignzalez\/\"><span style=\"font-weight: 400\">@lulignzalez<\/span><\/a><\/li>\n<li style=\"font-weight: 400\"><a href=\"https:\/\/www.instagram.com\/ohayolily\/\"><span style=\"font-weight: 400\">@ohayolily<\/span><\/a><\/li>\n<li style=\"font-weight: 400\"><a href=\"https:\/\/www.instagram.com\/aarini_\/\"><span style=\"font-weight: 400\">@aarini_<\/span><\/a><\/li>\n<\/ul>\n<p><b>Categor\u00eda \u201cLa vara est\u00e1 alta\u201d: <\/b><span style=\"font-weight: 300\">estos creadores buscan crecer de diferentes maneras. Nos inspiran \u2728 y demuestran que es posible hacer m\u00e1s de lo que nunca pensamos. Son voces de un movimiento, expertos en su campo o personas \u00abcomunes\u00bb que hacen cosas extraordinarias. Hagan lo que hagan, \u00a1merecen un aplauso! \ud83d\udc4f\ud83c\udffb<\/span><\/p>\n<ul>\n<li><b>\u00a0<\/b><a href=\"https:\/\/www.instagram.com\/lucas.slevin_\/\"><span style=\"font-weight: 400\">@lucas.slevin_<\/span><\/a><\/li>\n<li style=\"font-weight: 400\"><a href=\"https:\/\/www.instagram.com\/solcamilalugo\/\"><span style=\"font-weight: 400\">@solcamilalugo<\/span><\/a><\/li>\n<li style=\"font-weight: 400\"><a href=\"https:\/\/www.instagram.com\/marsinplast\/\"><span style=\"font-weight: 400\">@marsinplast<\/span><\/a><\/li>\n<\/ul>\n<p><b>Categor\u00eda \u201cCreatividad sin filtro\u201d<\/b><span style=\"font-weight: 300\">: los creadores \ud83d\udd25 que llevan Instagram a otro nivel con su creatividad. Bien sea por las transiciones que hacen en Reel o por sus ideas creativas en Stories, siempre te preguntas: <\/span><i><span style=\"font-weight: 300\">\u00bfc\u00f3mo lo hacen? <\/span><\/i><span style=\"font-weight: 300\">\ud83e\uddd0<\/span><i><span style=\"font-weight: 300\"> \u2026 <\/span><\/i><span style=\"font-weight: 300\">porque usan las funciones de Instragram de forma experta para expresarse.\u00a0<\/span><\/p>\n<ul>\n<li style=\"font-weight: 400\"><span style=\"font-weight: 400\">@<\/span><a href=\"https:\/\/www.instagram.com\/julicoriaa\/\"><span style=\"font-weight: 400\">julicoriaa<\/span><\/a><\/li>\n<li style=\"font-weight: 400\"><span style=\"font-weight: 400\">@<\/span><a href=\"https:\/\/www.instagram.com\/lolaa_tomaszeuski\/\"><span style=\"font-weight: 400\">lolaa_tomaszeuski<\/span><\/a><\/li>\n<li style=\"font-weight: 400\"><span style=\"font-weight: 400\">@<\/span><a href=\"https:\/\/www.instagram.com\/nicocbllro\/\"><span style=\"font-weight: 400\">nicocbllro<\/span><\/a><\/li>\n<\/ul>\n<p><b>Categor\u00eda \u201cEn el mapa\u201d<\/b><span style=\"font-weight: 300\">: estos son los creadores de cultura, los que inician tendencias y se establecen con su propio toque \u00fanico \ud83d\ude0e. Son su propia marca y van camino a convertirse en un nombre familiar. Hagan lo que hagan en sus comunidades, pueden contar con ellos para tomar el pulso del momento.<\/span><\/p>\n<ul>\n<li style=\"font-weight: 400\"><span style=\"font-weight: 400\">@<\/span><a href=\"https:\/\/www.instagram.com\/benjacalero01\/\"><span style=\"font-weight: 400\">benjacalero01<\/span><\/a><\/li>\n<li style=\"font-weight: 400\"><span style=\"font-weight: 400\">@<\/span><a href=\"https:\/\/www.instagram.com\/nachano\/\"><span style=\"font-weight: 400\">nachano<\/span><\/a><\/li>\n<li style=\"font-weight: 400\"><span style=\"font-weight: 400\">@<\/span><a href=\"https:\/\/www.instagram.com\/cande.copello\/\"><span style=\"font-weight: 400\">cande.copello<\/span><\/a><\/li>\n<\/ul>\n<p><span style=\"font-weight: 300\">Estamos orgullosos de celebrar a estos creadores y esperamos trabajar con ellos el a\u00f1o que viene para destacar su talento, apoyar su crecimiento y ofrecerles oportunidades \u00fanicas. \u00a1Esperamos crear espacios que ayuden a estos creadores a compartir sus aprendizajes y \u00e9xitos con otros creadores!\u00a0<\/span><\/p>\n<p><span style=\"font-weight: 300\">\u00a0<\/span><\/p>\n","protected":false},"excerpt":{"rendered":"Presentamos Creators of Tomorrow 2023 &#8211; edici\u00f3n Argentina: un listado de creadores prometedores que se destacan en sus campos y que son ejemplo de creatividad, construcci\u00f3n de comunidad y promoci\u00f3n de la cultura y la inclusi\u00f3n.","protected":false},"author":155592861,"featured_media":25082,"comment_status":"closed","ping_status":"closed","sticky":false,"template":"","format":"standard","meta":{"_jetpack_memberships_contains_paid_content":false,"footnotes":""},"categories":[243948128,243948039],"tags":[],"class_list":["post-24965","post","type-post","status-publish","format-standard","has-post-thumbnail","hentry","category-creadores","category-instagram"],"yoast_head":"<!-- This site is optimized with the Yoast SEO plugin v27.2 - https:\/\/yoast.com\/product\/yoast-seo-wordpress\/ -->\n<title>Celebrando a los \u201cCreators of Tomorrow\u201d de Instagram | Acerca de Meta<\/title>\n<meta name=\"robots\" content=\"index, follow, max-snippet:-1, max-image-preview:large, max-video-preview:-1\" \/>\n<link rel=\"canonical\" href=\"https:\/\/about.fb.com\/ltam\/news\/2023\/11\/celebrando-a-los-creators-of-tomorrow-de-instagram\/\" \/>\n<meta property=\"og:locale\" content=\"es_ES\" \/>\n<meta property=\"og:type\" content=\"article\" \/>\n<meta property=\"og:title\" content=\"Celebrando a los \u201cCreators of Tomorrow\u201d de Instagram | Acerca de Meta\" \/>\n<meta property=\"og:description\" content=\"Presentamos Creators of Tomorrow 2023 - edici\u00f3n Argentina: un listado de creadores prometedores que se destacan en sus campos y que son ejemplo de creatividad, construcci\u00f3n de comunidad y promoci\u00f3n de la cultura y la inclusi\u00f3n.\" \/>\n<meta property=\"og:url\" content=\"https:\/\/about.fb.com\/ltam\/news\/2023\/11\/celebrando-a-los-creators-of-tomorrow-de-instagram\/\" \/>\n<meta property=\"og:site_name\" content=\"Acerca de Meta\" \/>\n<meta property=\"article:published_time\" content=\"2023-11-29T18:42:31+00:00\" \/>\n<meta property=\"article:modified_time\" content=\"2024-02-01T19:15:49+00:00\" \/>\n<meta property=\"og:image\" content=\"https:\/\/about.fb.com\/ltam\/wp-content\/uploads\/sites\/14\/2023\/11\/Screenshot-2024-02-01-at-2.14.20\u202fPM.png?resize=1024,570\" \/>\n\t<meta property=\"og:image:width\" content=\"1024\" \/>\n\t<meta property=\"og:image:height\" content=\"570\" \/>\n\t<meta property=\"og:image:type\" content=\"image\/png\" \/>\n<meta name=\"author\" content=\"ceciliacartoceti\" \/>\n<meta name=\"twitter:card\" content=\"summary_large_image\" \/>\n<meta name=\"twitter:label1\" content=\"Written by\" \/>\n\t<meta name=\"twitter:data1\" content=\"Meta\" \/>\n\t<meta name=\"twitter:label2\" content=\"Est. reading time\" \/>\n\t<meta name=\"twitter:data2\" content=\"2 minutos\" \/>\n<script type=\"application\/ld+json\" class=\"yoast-schema-graph\">{\"@context\":\"https:\/\/schema.org\",\"@graph\":[{\"@type\":\"Article\",\"@id\":\"https:\/\/about.fb.com\/ltam\/news\/2023\/11\/celebrando-a-los-creators-of-tomorrow-de-instagram\/#article\",\"isPartOf\":{\"@id\":\"https:\/\/about.fb.com\/ltam\/news\/2023\/11\/celebrando-a-los-creators-of-tomorrow-de-instagram\/\"},\"author\":\"Facebook company\",\"headline\":\"Celebrando a los \u201cCreators of Tomorrow\u201d de Instagram\",\"datePublished\":\"2023-11-29T18:42:31+00:00\",\"dateModified\":\"2024-02-01T19:15:49+00:00\",\"mainEntityOfPage\":{\"@id\":\"https:\/\/about.fb.com\/ltam\/news\/2023\/11\/celebrando-a-los-creators-of-tomorrow-de-instagram\/\"},\"wordCount\":406,\"publisher\":{\"@id\":\"https:\/\/about.fb.com\/ltam\/#organization\"},\"image\":{\"@id\":\"https:\/\/about.fb.com\/ltam\/news\/2023\/11\/celebrando-a-los-creators-of-tomorrow-de-instagram\/#primaryimage\"},\"thumbnailUrl\":\"https:\/\/about.fb.com\/ltam\/wp-content\/uploads\/sites\/14\/2023\/11\/Screenshot-2024-02-01-at-2.14.20\u202fPM.png?fit=2858%2C1592\",\"articleSection\":[\"Creadores\",\"Instagram\"],\"inLanguage\":\"es\"},{\"@type\":\"WebPage\",\"@id\":\"https:\/\/about.fb.com\/ltam\/news\/2023\/11\/celebrando-a-los-creators-of-tomorrow-de-instagram\/\",\"url\":\"https:\/\/about.fb.com\/ltam\/news\/2023\/11\/celebrando-a-los-creators-of-tomorrow-de-instagram\/\",\"name\":\"Celebrando a los \u201cCreators of Tomorrow\u201d de Instagram | Acerca de Meta\",\"isPartOf\":{\"@id\":\"https:\/\/about.fb.com\/ltam\/#website\"},\"primaryImageOfPage\":{\"@id\":\"https:\/\/about.fb.com\/ltam\/news\/2023\/11\/celebrando-a-los-creators-of-tomorrow-de-instagram\/#primaryimage\"},\"image\":{\"@id\":\"https:\/\/about.fb.com\/ltam\/news\/2023\/11\/celebrando-a-los-creators-of-tomorrow-de-instagram\/#primaryimage\"},\"thumbnailUrl\":\"https:\/\/about.fb.com\/ltam\/wp-content\/uploads\/sites\/14\/2023\/11\/Screenshot-2024-02-01-at-2.14.20\u202fPM.png?fit=2858%2C1592\",\"datePublished\":\"2023-11-29T18:42:31+00:00\",\"dateModified\":\"2024-02-01T19:15:49+00:00\",\"breadcrumb\":{\"@id\":\"https:\/\/about.fb.com\/ltam\/news\/2023\/11\/celebrando-a-los-creators-of-tomorrow-de-instagram\/#breadcrumb\"},\"inLanguage\":\"es\",\"potentialAction\":[{\"@type\":\"ReadAction\",\"target\":[\"https:\/\/about.fb.com\/ltam\/news\/2023\/11\/celebrando-a-los-creators-of-tomorrow-de-instagram\/\"]}],\"author\":\"Acerca de Meta\"},{\"@type\":\"ImageObject\",\"inLanguage\":\"es\",\"@id\":\"https:\/\/about.fb.com\/ltam\/news\/2023\/11\/celebrando-a-los-creators-of-tomorrow-de-instagram\/#primaryimage\",\"url\":\"https:\/\/about.fb.com\/ltam\/wp-content\/uploads\/sites\/14\/2023\/11\/Screenshot-2024-02-01-at-2.14.20\u202fPM.png?fit=2858%2C1592\",\"contentUrl\":\"https:\/\/about.fb.com\/ltam\/wp-content\/uploads\/sites\/14\/2023\/11\/Screenshot-2024-02-01-at-2.14.20\u202fPM.png?fit=2858%2C1592\",\"width\":2858,\"height\":1592},{\"@type\":\"BreadcrumbList\",\"@id\":\"https:\/\/about.fb.com\/ltam\/news\/2023\/11\/celebrando-a-los-creators-of-tomorrow-de-instagram\/#breadcrumb\",\"itemListElement\":[{\"@type\":\"ListItem\",\"position\":1,\"name\":\"Home\",\"item\":\"https:\/\/about.fb.com\/ltam\/\"},{\"@type\":\"ListItem\",\"position\":2,\"name\":\"Celebrando a los \u201cCreators of Tomorrow\u201d de Instagram\"}]},{\"@type\":\"WebSite\",\"@id\":\"https:\/\/about.fb.com\/ltam\/#website\",\"url\":\"https:\/\/about.fb.com\/news\/\",\"name\":\"Acerca de Meta\",\"description\":\"\",\"publisher\":{\"@id\":\"https:\/\/about.fb.com\/ltam\/#organization\"},\"potentialAction\":[{\"@type\":\"SearchAction\",\"target\":{\"@type\":\"EntryPoint\",\"urlTemplate\":\"https:\/\/about.fb.com\/ltam\/?s={search_term_string}\"},\"query-input\":{\"@type\":\"PropertyValueSpecification\",\"valueRequired\":true,\"valueName\":\"search_term_string\"}}],\"inLanguage\":\"es\",\"alternateName\":[\"Meta Newsroom\",\"Meta\"]},{\"@type\":\"Organization\",\"@id\":\"https:\/\/about.fb.com\/ltam\/#organization\",\"name\":\"Meta\",\"url\":\"https:\/\/about.fb.com\/ltam\/\",\"logo\":{\"@type\":\"ImageObject\",\"inLanguage\":\"es\",\"@id\":\"https:\/\/about.fb.com\/ltam\/#\/schema\/logo\/image\/\",\"url\":\"https:\/\/about.fb.com\/ltam\/wp-content\/uploads\/sites\/14\/2021\/10\/meta-social-16x9-1.jpg?fit=8000%2C4500\",\"contentUrl\":\"https:\/\/about.fb.com\/ltam\/wp-content\/uploads\/sites\/14\/2021\/10\/meta-social-16x9-1.jpg?fit=8000%2C4500\",\"width\":8000,\"height\":4500,\"caption\":\"Meta\"},\"image\":{\"@id\":\"https:\/\/about.fb.com\/ltam\/#\/schema\/logo\/image\/\"}}]}<\/script>\n<!-- \/ Yoast SEO plugin. -->","yoast_head_json":{"title":"Celebrando a los \u201cCreators of Tomorrow\u201d de Instagram | Acerca de Meta","robots":{"index":"index","follow":"follow","max-snippet":"max-snippet:-1","max-image-preview":"max-image-preview:large","max-video-preview":"max-video-preview:-1"},"canonical":"https:\/\/about.fb.com\/ltam\/news\/2023\/11\/celebrando-a-los-creators-of-tomorrow-de-instagram\/","og_locale":"es_ES","og_type":"article","og_title":"Celebrando a los \u201cCreators of Tomorrow\u201d de Instagram | Acerca de Meta","og_description":"Presentamos Creators of Tomorrow 2023 - edici\u00f3n Argentina: un listado de creadores prometedores que se destacan en sus campos y que son ejemplo de creatividad, construcci\u00f3n de comunidad y promoci\u00f3n de la cultura y la inclusi\u00f3n.","og_url":"https:\/\/about.fb.com\/ltam\/news\/2023\/11\/celebrando-a-los-creators-of-tomorrow-de-instagram\/","og_site_name":"Acerca de Meta","article_published_time":"2023-11-29T18:42:31+00:00","article_modified_time":"2024-02-01T19:15:49+00:00","og_image":[{"width":1024,"height":570,"url":"https:\/\/about.fb.com\/ltam\/wp-content\/uploads\/sites\/14\/2023\/11\/Screenshot-2024-02-01-at-2.14.20\u202fPM.png?resize=1024,570","type":"image\/png"}],"author":"ceciliacartoceti","twitter_card":"summary_large_image","twitter_misc":{"Written by":"Meta","Est. reading time":"2 minutos"},"schema":{"@context":"https:\/\/schema.org","@graph":[{"@type":"Article","@id":"https:\/\/about.fb.com\/ltam\/news\/2023\/11\/celebrando-a-los-creators-of-tomorrow-de-instagram\/#article","isPartOf":{"@id":"https:\/\/about.fb.com\/ltam\/news\/2023\/11\/celebrando-a-los-creators-of-tomorrow-de-instagram\/"},"author":"Facebook company","headline":"Celebrando a los \u201cCreators of Tomorrow\u201d de Instagram","datePublished":"2023-11-29T18:42:31+00:00","dateModified":"2024-02-01T19:15:49+00:00","mainEntityOfPage":{"@id":"https:\/\/about.fb.com\/ltam\/news\/2023\/11\/celebrando-a-los-creators-of-tomorrow-de-instagram\/"},"wordCount":406,"publisher":{"@id":"https:\/\/about.fb.com\/ltam\/#organization"},"image":{"@id":"https:\/\/about.fb.com\/ltam\/news\/2023\/11\/celebrando-a-los-creators-of-tomorrow-de-instagram\/#primaryimage"},"thumbnailUrl":"https:\/\/about.fb.com\/ltam\/wp-content\/uploads\/sites\/14\/2023\/11\/Screenshot-2024-02-01-at-2.14.20\u202fPM.png?fit=2858%2C1592","articleSection":["Creadores","Instagram"],"inLanguage":"es"},{"@type":"WebPage","@id":"https:\/\/about.fb.com\/ltam\/news\/2023\/11\/celebrando-a-los-creators-of-tomorrow-de-instagram\/","url":"https:\/\/about.fb.com\/ltam\/news\/2023\/11\/celebrando-a-los-creators-of-tomorrow-de-instagram\/","name":"Celebrando a los \u201cCreators of Tomorrow\u201d de Instagram | Acerca de Meta","isPartOf":{"@id":"https:\/\/about.fb.com\/ltam\/#website"},"primaryImageOfPage":{"@id":"https:\/\/about.fb.com\/ltam\/news\/2023\/11\/celebrando-a-los-creators-of-tomorrow-de-instagram\/#primaryimage"},"image":{"@id":"https:\/\/about.fb.com\/ltam\/news\/2023\/11\/celebrando-a-los-creators-of-tomorrow-de-instagram\/#primaryimage"},"thumbnailUrl":"https:\/\/about.fb.com\/ltam\/wp-content\/uploads\/sites\/14\/2023\/11\/Screenshot-2024-02-01-at-2.14.20\u202fPM.png?fit=2858%2C1592","datePublished":"2023-11-29T18:42:31+00:00","dateModified":"2024-02-01T19:15:49+00:00","breadcrumb":{"@id":"https:\/\/about.fb.com\/ltam\/news\/2023\/11\/celebrando-a-los-creators-of-tomorrow-de-instagram\/#breadcrumb"},"inLanguage":"es","potentialAction":[{"@type":"ReadAction","target":["https:\/\/about.fb.com\/ltam\/news\/2023\/11\/celebrando-a-los-creators-of-tomorrow-de-instagram\/"]}],"author":"Acerca de Meta"},{"@type":"ImageObject","inLanguage":"es","@id":"https:\/\/about.fb.com\/ltam\/news\/2023\/11\/celebrando-a-los-creators-of-tomorrow-de-instagram\/#primaryimage","url":"https:\/\/about.fb.com\/ltam\/wp-content\/uploads\/sites\/14\/2023\/11\/Screenshot-2024-02-01-at-2.14.20\u202fPM.png?fit=2858%2C1592","contentUrl":"https:\/\/about.fb.com\/ltam\/wp-content\/uploads\/sites\/14\/2023\/11\/Screenshot-2024-02-01-at-2.14.20\u202fPM.png?fit=2858%2C1592","width":2858,"height":1592},{"@type":"BreadcrumbList","@id":"https:\/\/about.fb.com\/ltam\/news\/2023\/11\/celebrando-a-los-creators-of-tomorrow-de-instagram\/#breadcrumb","itemListElement":[{"@type":"ListItem","position":1,"name":"Home","item":"https:\/\/about.fb.com\/ltam\/"},{"@type":"ListItem","position":2,"name":"Celebrando a los \u201cCreators of Tomorrow\u201d de Instagram"}]},{"@type":"WebSite","@id":"https:\/\/about.fb.com\/ltam\/#website","url":"https:\/\/about.fb.com\/news\/","name":"Acerca de Meta","description":"","publisher":{"@id":"https:\/\/about.fb.com\/ltam\/#organization"},"potentialAction":[{"@type":"SearchAction","target":{"@type":"EntryPoint","urlTemplate":"https:\/\/about.fb.com\/ltam\/?s={search_term_string}"},"query-input":{"@type":"PropertyValueSpecification","valueRequired":true,"valueName":"search_term_string"}}],"inLanguage":"es","alternateName":["Meta Newsroom","Meta"]},{"@type":"Organization","@id":"https:\/\/about.fb.com\/ltam\/#organization","name":"Meta","url":"https:\/\/about.fb.com\/ltam\/","logo":{"@type":"ImageObject","inLanguage":"es","@id":"https:\/\/about.fb.com\/ltam\/#\/schema\/logo\/image\/","url":"https:\/\/about.fb.com\/ltam\/wp-content\/uploads\/sites\/14\/2021\/10\/meta-social-16x9-1.jpg?fit=8000%2C4500","contentUrl":"https:\/\/about.fb.com\/ltam\/wp-content\/uploads\/sites\/14\/2021\/10\/meta-social-16x9-1.jpg?fit=8000%2C4500","width":8000,"height":4500,"caption":"Meta"},"image":{"@id":"https:\/\/about.fb.com\/ltam\/#\/schema\/logo\/image\/"}}]}},"jetpack_featured_media_url":"https:\/\/about.fb.com\/ltam\/wp-content\/uploads\/sites\/14\/2023\/11\/Screenshot-2024-02-01-at-2.14.20\u202fPM.png?fit=2858%2C1592","jetpack-related-posts":[],"jetpack_sharing_enabled":true,"amp_enabled":true,"_links":{"self":[{"href":"https:\/\/about.fb.com\/ltam\/wp-json\/wp\/v2\/posts\/24965","targetHints":{"allow":["GET"]}}],"collection":[{"href":"https:\/\/about.fb.com\/ltam\/wp-json\/wp\/v2\/posts"}],"about":[{"href":"https:\/\/about.fb.com\/ltam\/wp-json\/wp\/v2\/types\/post"}],"author":[{"embeddable":true,"href":"https:\/\/about.fb.com\/ltam\/wp-json\/wp\/v2\/users\/155592861"}],"replies":[{"embeddable":true,"href":"https:\/\/about.fb.com\/ltam\/wp-json\/wp\/v2\/comments?post=24965"}],"version-history":[{"count":2,"href":"https:\/\/about.fb.com\/ltam\/wp-json\/wp\/v2\/posts\/24965\/revisions"}],"predecessor-version":[{"id":24968,"href":"https:\/\/about.fb.com\/ltam\/wp-json\/wp\/v2\/posts\/24965\/revisions\/24968"}],"wp:featuredmedia":[{"embeddable":true,"href":"https:\/\/about.fb.com\/ltam\/wp-json\/wp\/v2\/media\/25082"}],"wp:attachment":[{"href":"https:\/\/about.fb.com\/ltam\/wp-json\/wp\/v2\/media?parent=24965"}],"wp:term":[{"taxonomy":"category","embeddable":true,"href":"https:\/\/about.fb.com\/ltam\/wp-json\/wp\/v2\/categories?post=24965"},{"taxonomy":"post_tag","embeddable":true,"href":"https:\/\/about.fb.com\/ltam\/wp-json\/wp\/v2\/tags?post=24965"}],"curies":[{"name":"wp","href":"https:\/\/api.w.org\/{rel}","templated":true}]}}