{"id":24930,"date":"2023-10-30T13:35:32","date_gmt":"2023-10-30T19:35:32","guid":{"rendered":"https:\/\/about.fb.com\/ltam\/?p=24930"},"modified":"2023-10-30T13:36:32","modified_gmt":"2023-10-30T19:36:32","slug":"facebook-e-instagram-ofreceran-suscripciones-sin-anuncios-en-europa","status":"publish","type":"post","link":"https:\/\/about.fb.com\/ltam\/news\/2023\/10\/facebook-e-instagram-ofreceran-suscripciones-sin-anuncios-en-europa\/","title":{"rendered":"Facebook e Instagram ofrecer\u00e1n suscripciones sin anuncios en Europa"},"content":{"rendered":"<p><b>Informaci\u00f3n destacada<\/b><\/p>\n<ul>\n<li style=\"font-weight: 400\"><span style=\"font-weight: 400\">Meta ofrecer\u00e1 a los ciudadanos de la Uni\u00f3n Europea (UE), el Espacio Econ\u00f3mico Europeo (EEE) y Suiza la posibilidad de pagar una suscripci\u00f3n mensual para utilizar Facebook e Instagram sin anuncios. Alternativamente, podr\u00e1n seguir utilizando estos servicios de forma gratuita y ver anuncios relevantes.<\/span><\/li>\n<li style=\"font-weight: 400\"><span style=\"font-weight: 400\">Creemos en un Internet gratuito y financiado por publicidad, y seguiremos ofreciendo a las personas acceso gratuito a nuestros productos y servicios personalizados, independientemente de sus ingresos.<\/span><\/li>\n<li style=\"font-weight: 400\"><span style=\"font-weight: 400\">Tanto si las personas deciden utilizar nuestros productos de forma gratuita con anuncios como si se suscriben para dejar de ver anuncios, nos comprometemos a mantener la informaci\u00f3n de las personas privada y segura, en virtud de nuestras propias pol\u00edticas, as\u00ed como del Reglamento General de Protecci\u00f3n de Datos (GDPR) de la UE.<\/span><\/li>\n<\/ul>\n<p><span style=\"font-weight: 400\">Para cumplir con la evoluci\u00f3n de la normativa europea, estamos presentando una nueva opci\u00f3n de suscripci\u00f3n en la UE, el EEE y Suiza. En noviembre, ofreceremos a las personas que utilicen Facebook o Instagram y residan en estas regiones la opci\u00f3n de seguir utilizando estos servicios personalizados de forma gratuita con anuncios, o suscribirse para dejar de ver anuncios. Mientras las personas est\u00e9n suscritas, su informaci\u00f3n no se utilizar\u00e1 para anuncios.<\/span><\/p>\n<p><span style=\"font-weight: 400\">Las personas en estos pa\u00edses podr\u00e1n suscribirse para utilizar nuestros productos sin anuncios. Dependiendo de d\u00f3nde se efect\u00fae la compra, la suscripci\u00f3n costar\u00e1 9,99 \u20ac\/mes en la web o 12,99 \u20ac\/mes en iOS y Android. Independientemente del lugar de compra, la suscripci\u00f3n se aplicar\u00e1 a todas las cuentas de Facebook e Instagram vinculadas en el Centro de cuentas del usuario. Como ocurre con muchas suscripciones en l\u00ednea, los precios para iOS y Android tienen en cuenta las tarifas que Apple y Google cobran a trav\u00e9s de sus respectivas pol\u00edticas de compra. Hasta el 1 de marzo de 2024, la suscripci\u00f3n inicial cubrir\u00e1 todas las cuentas vinculadas en el Centro de Cuentas de un usuario. Sin embargo, a partir del 1 de marzo de 2024, se aplicar\u00e1 una tarifa adicional de 6 euros al mes en la web y de 8 euros al mes en iOS y Android por cada cuenta adicional que figure en el<\/span><a href=\"https:\/\/www.facebook.com\/help\/943858526073065\"> <span style=\"font-weight: 400\">Centro de cuentas del usuario<\/span><\/a><span style=\"font-weight: 400\">.<\/span><span style=\"font-weight: 400\">\u00a0<\/span><\/p>\n<p><b>\u00bfPor qu\u00e9 lo hacemos?<\/b><\/p>\n<p><span style=\"font-weight: 400\">Creemos en un Internet financiado por publicidad que d\u00e9 a las personas acceso a productos y servicios personalizados independientemente de su situaci\u00f3n econ\u00f3mica. Este modelo tambi\u00e9n permite a las peque\u00f1as empresas llegar a clientes potenciales, hacer crecer su negocio y crear nuevos mercados, impulsando el crecimiento de la econom\u00eda europea. Y, al igual que otras empresas, seguiremos abogando por un Internet respaldado por publicidad, incluso con nuestra nueva oferta de suscripci\u00f3n en la UE, el EEE y Suiza.\u00a0 Pero respetamos el esp\u00edritu y la finalidad de esta normativa europea en evoluci\u00f3n, y nos comprometemos a cumplirla.<\/span><\/p>\n<p><span style=\"font-weight: 400\">En agosto anunciamos nuestra intenci\u00f3n de trasladar a las personas de la UE, el EEE y Suiza a la base jur\u00eddica del GDPR de \u00abConsentimiento\u00bb a efectos del tratamiento de los datos recopilados en nuestras propias plataformas con fines publicitarios. Hicimos ese cambio para abordar una serie de requisitos normativos en evoluci\u00f3n y emergentes en la regi\u00f3n. Esto incluye c\u00f3mo nuestro principal regulador de protecci\u00f3n de datos en la UE, la Comisi\u00f3n de Protecci\u00f3n de Datos de Irlanda, est\u00e1 interpretando el GDPR tras una reciente<\/span><a href=\"https:\/\/eur-lex.europa.eu\/legal-content\/EN\/TXT\/HTML\/?uri=CELEX:62021CJ0252\"> <span style=\"font-weight: 400\">sentencia<\/span><\/a> <span style=\"font-weight: 400\">del Tribunal de Justicia de la Uni\u00f3n Europea (CJEU) y anticipando la entrada en vigor de la Ley de Mercados Digitales (DMA).<\/span><\/p>\n<p><span style=\"font-weight: 400\">La opci\u00f3n de que los usuarios adquieran una suscripci\u00f3n sin anuncios cumple los requisitos de los reguladores europeos, al tiempo que ofrece a los usuarios la posibilidad de elegir y permite a Meta seguir prestando sus servicios a todos los ciudadanos de la UE, el EEE y Suiza. En su sentencia, el CJEU reconoci\u00f3 expresamente que un modelo de suscripci\u00f3n, como el que anunciamos, es una forma v\u00e1lida de consentimiento para un servicio financiado por anuncios.<\/span><\/p>\n<p><span style=\"font-weight: 400\">Si las personas deciden seguir utilizando nuestros productos de forma gratuita, su experiencia seguir\u00e1 siendo la misma, y esa experiencia seguir\u00e1 contando con el apoyo de las herramientas y ajustes que hemos creado para que las personas puedan controlar su experiencia con los anuncios. Entre ellas se incluye<\/span><a href=\"https:\/\/www.facebook.com\/help\/109378269482053\"> <span style=\"font-weight: 400\">Preferencias de anuncios<\/span><\/a><span style=\"font-weight: 400\">, que ofrece una serie de controles que permiten a las personas influir en los anuncios que ven, as\u00ed como en los datos utilizados para informar estos anuncios, incluida la informaci\u00f3n de actividad de los socios publicitarios. Tambi\u00e9n tenemos herramientas en nuestro producto que explican<\/span><a href=\"https:\/\/about.fb.com\/news\/2023\/02\/increasing-our-ads-transparency\/\"> <span style=\"font-weight: 400\">\u00ab\u00bfPor qu\u00e9 veo este anuncio?\u00bb<\/span><\/a><span style=\"font-weight: 400\">, <\/span><span style=\"font-weight: 400\">as\u00ed como la forma en que las personas pueden<\/span><a href=\"https:\/\/m.facebook.com\/help\/794535777607370\/?ref=share\"> <span style=\"font-weight: 400\">gestionar su experiencia con los anuncios<\/span><\/a><span style=\"font-weight: 400\">.<\/span><\/p>\n<p><span style=\"font-weight: 400\">Mientras tanto, los anunciantes podr\u00e1n seguir realizando campa\u00f1as de publicidad personalizada en Europa para llegar a quienes opten por seguir recibiendo un servicio en l\u00ednea gratuito y respaldado por anuncios. En el futuro, seguiremos invirtiendo para crear nuevas herramientas que preserven el valor que tanto las personas como las empresas obtienen de la publicidad personalizada, permitiendo al mismo tiempo a los usuarios controlar su experiencia con los anuncios en nuestras plataformas. La suscripci\u00f3n sin anuncios estar\u00e1 disponible para mayores de 18 a\u00f1os, y seguimos estudiando c\u00f3mo ofrecer a los adolescentes una experiencia publicitaria \u00fatil y responsable en este panorama normativo en constante evoluci\u00f3n.<\/span><\/p>\n<p><i><span style=\"font-weight: 400\">Este nuevo modelo de suscripci\u00f3n se ha tenido en cuenta en nuestros forecasts de negocio y orientaciones anunciados recientemente. Este art\u00edculo contiene afirmaciones de car\u00e1cter prospectivo, incluidas las relativas a las perspectivas de negocio de Meta y a la evoluci\u00f3n del panorama normativo. Estas declaraciones no deben tomarse como predicciones de eventos futuros. Pueden encontrar informaci\u00f3n adicional sobre posibles riesgos e incertidumbres acerca de nuestro negocio y resultados financieros en nuestro Formulario 10-Q m\u00e1s reciente. Meta no asume ninguna obligaci\u00f3n de actualizar estas declaraciones como resultado de nueva informaci\u00f3n o acontecimientos futuros.<\/span><\/i><\/p>\n<p><span style=\"font-weight: 400\">\u00a0<\/span><\/p>\n","protected":false},"excerpt":{"rendered":"Informaci\u00f3n destacada Meta ofrecer\u00e1 a los ciudadanos de la Uni\u00f3n Europea (UE), el Espacio Econ\u00f3mico Europeo (EEE) y Suiza la posibilidad de pagar una suscripci\u00f3n mensual para utilizar Facebook e Instagram sin anuncios. Alternativamente, podr\u00e1n seguir utilizando estos servicios de forma gratuita y ver anuncios relevantes. Creemos en un Internet gratuito y financiado por publicidad, y seguiremos ofreciendo a las personas acceso gratuito a nuestros productos y servicios personalizados, independientemente de sus ingresos. Tanto si las personas deciden utilizar nuestros productos de forma gratuita con anuncios como si se suscriben para dejar de ver anuncios, nos comprometemos a mantener la informaci\u00f3n de las personas privada y segura, en virtud de nuestras propias pol\u00edticas, as\u00ed como del Reglamento General de Protecci\u00f3n de Datos (GDPR) de la UE. Para cumplir con la evoluci\u00f3n de la normativa europea, estamos presentando una nueva opci\u00f3n de suscripci\u00f3n en la UE, el EEE y Suiza. En noviembre, ofreceremos a las personas que utilicen Facebook o Instagram y residan en estas regiones la opci\u00f3n de seguir utilizando estos servicios personalizados de forma gratuita con anuncios, o suscribirse para dejar de ver anuncios. Mientras las personas est\u00e9n suscritas, su informaci\u00f3n no se utilizar\u00e1 para anuncios. Las personas en estos pa\u00edses podr\u00e1n suscribirse para utilizar nuestros productos sin anuncios. Dependiendo de d\u00f3nde se efect\u00fae la compra, la suscripci\u00f3n costar\u00e1 9,99 \u20ac\/mes en la web o 12,99 \u20ac\/mes en iOS y Android. Independientemente del lugar de compra, la suscripci\u00f3n se aplicar\u00e1 a todas las cuentas de Facebook e Instagram vinculadas en el Centro de cuentas del usuario. Como ocurre con muchas suscripciones en l\u00ednea, los precios para iOS y Android tienen en cuenta las tarifas que Apple y Google cobran a trav\u00e9s de sus respectivas pol\u00edticas de compra. Hasta el 1 de marzo de 2024, la suscripci\u00f3n inicial cubrir\u00e1 todas las cuentas vinculadas en el Centro de Cuentas de un usuario. Sin embargo, a partir del 1 de marzo de 2024, se aplicar\u00e1 una tarifa adicional de 6 euros al mes en la web y de 8 euros al mes en iOS y Android por cada cuenta adicional que figure en el Centro de cuentas del usuario.\u00a0 \u00bfPor qu\u00e9 lo hacemos? Creemos en un Internet financiado por publicidad que d\u00e9 a las personas acceso a productos y servicios personalizados independientemente de su situaci\u00f3n econ\u00f3mica. Este modelo tambi\u00e9n permite a las peque\u00f1as empresas llegar a clientes potenciales, hacer crecer su negocio y crear nuevos mercados, impulsando el crecimiento de la econom\u00eda europea. Y, al igual que otras empresas, seguiremos abogando por un Internet respaldado por publicidad, incluso con nuestra nueva oferta de suscripci\u00f3n en la UE, el EEE y Suiza.\u00a0 Pero respetamos el esp\u00edritu y la finalidad de esta normativa europea en evoluci\u00f3n, y nos comprometemos a cumplirla. En agosto anunciamos nuestra intenci\u00f3n de trasladar a las personas de la UE, el EEE y Suiza a la base jur\u00eddica del GDPR de \u00abConsentimiento\u00bb a efectos del tratamiento de los datos recopilados en nuestras propias plataformas con fines publicitarios. Hicimos ese cambio para abordar una serie de requisitos normativos en evoluci\u00f3n y emergentes en la regi\u00f3n. Esto incluye c\u00f3mo nuestro principal regulador de protecci\u00f3n de datos en la UE, la Comisi\u00f3n de Protecci\u00f3n de Datos de Irlanda, est\u00e1 interpretando el GDPR tras una reciente sentencia del Tribunal de Justicia de la Uni\u00f3n Europea (CJEU) y anticipando la entrada en vigor de la Ley de Mercados Digitales (DMA). La opci\u00f3n de que los usuarios adquieran una suscripci\u00f3n sin anuncios cumple los requisitos de los reguladores europeos, al tiempo que ofrece a los usuarios la posibilidad de elegir y permite a Meta seguir prestando sus servicios a todos los ciudadanos de la UE, el EEE y Suiza. En su sentencia, el CJEU reconoci\u00f3 expresamente que un modelo de suscripci\u00f3n, como el que anunciamos, es una forma v\u00e1lida de consentimiento para un servicio financiado por anuncios. Si las personas deciden seguir utilizando nuestros productos de forma gratuita, su experiencia seguir\u00e1 siendo la misma, y esa experiencia seguir\u00e1 contando con el apoyo de las herramientas y ajustes que hemos creado para que las personas puedan controlar su experiencia con los anuncios. Entre ellas se incluye Preferencias de anuncios, que ofrece una serie de controles que permiten a las personas influir en los anuncios que ven, as\u00ed como en los datos utilizados para informar estos anuncios, incluida la informaci\u00f3n de actividad de los socios publicitarios. Tambi\u00e9n tenemos herramientas en nuestro producto que explican \u00ab\u00bfPor qu\u00e9 veo este anuncio?\u00bb, as\u00ed como la forma en que las personas pueden gestionar su experiencia con los anuncios. Mientras tanto, los anunciantes podr\u00e1n seguir realizando campa\u00f1as de publicidad personalizada en Europa para llegar a quienes opten por seguir recibiendo un servicio en l\u00ednea gratuito y respaldado por anuncios. En el futuro, seguiremos invirtiendo para crear nuevas herramientas que preserven el valor que tanto las personas como las empresas obtienen de la publicidad personalizada, permitiendo al mismo tiempo a los usuarios controlar su experiencia con los anuncios en nuestras plataformas. La suscripci\u00f3n sin anuncios estar\u00e1 disponible para mayores de 18 a\u00f1os, y seguimos estudiando c\u00f3mo ofrecer a los adolescentes una experiencia publicitaria \u00fatil y responsable en este panorama normativo en constante evoluci\u00f3n. Este nuevo modelo de suscripci\u00f3n se ha tenido en cuenta en nuestros forecasts de negocio y orientaciones anunciados recientemente. Este art\u00edculo contiene afirmaciones de car\u00e1cter prospectivo, incluidas las relativas a las perspectivas de negocio de Meta y a la evoluci\u00f3n del panorama normativo. Estas declaraciones no deben tomarse como predicciones de eventos futuros. Pueden encontrar informaci\u00f3n adicional sobre posibles riesgos e incertidumbres acerca de nuestro negocio y resultados financieros en nuestro Formulario 10-Q m\u00e1s reciente. Meta no asume ninguna obligaci\u00f3n de actualizar estas declaraciones como resultado de nueva informaci\u00f3n o acontecimientos futuros. \u00a0","protected":false},"author":164097050,"featured_media":24932,"comment_status":"closed","ping_status":"closed","sticky":false,"template":"","format":"standard","meta":{"_jetpack_memberships_contains_paid_content":false,"footnotes":""},"categories":[243948155,237720135,243947992],"tags":[],"class_list":["post-24930","post","type-post","status-publish","format-standard","has-post-thumbnail","hentry","category-meta-2","category-noticias-de-productos","category-politica-publica"],"yoast_head":"<!-- This site is optimized with the Yoast SEO plugin v27.2 - https:\/\/yoast.com\/product\/yoast-seo-wordpress\/ -->\n<title>Facebook e Instagram ofrecer\u00e1n suscripciones sin anuncios en Europa | Acerca de Meta<\/title>\n<meta name=\"robots\" content=\"index, follow, max-snippet:-1, max-image-preview:large, max-video-preview:-1\" \/>\n<link rel=\"canonical\" href=\"https:\/\/about.fb.com\/ltam\/news\/2023\/10\/facebook-e-instagram-ofreceran-suscripciones-sin-anuncios-en-europa\/\" \/>\n<meta property=\"og:locale\" content=\"es_ES\" \/>\n<meta property=\"og:type\" content=\"article\" \/>\n<meta property=\"og:title\" content=\"Facebook e Instagram ofrecer\u00e1n suscripciones sin anuncios en Europa | Acerca de Meta\" \/>\n<meta property=\"og:description\" content=\"Informaci\u00f3n destacada Meta ofrecer\u00e1 a los ciudadanos de la Uni\u00f3n Europea (UE), el Espacio Econ\u00f3mico Europeo (EEE) y Suiza la posibilidad de pagar una suscripci\u00f3n mensual para utilizar Facebook e Instagram sin anuncios. Alternativamente, podr\u00e1n seguir utilizando estos servicios de forma gratuita y ver anuncios relevantes. Creemos en un Internet gratuito y financiado por publicidad, y seguiremos ofreciendo a las personas acceso gratuito a nuestros productos y servicios personalizados, independientemente de sus ingresos. Tanto si las personas deciden utilizar nuestros productos de forma gratuita con anuncios como si se suscriben para dejar de ver anuncios, nos comprometemos a mantener la informaci\u00f3n de las personas privada y segura, en virtud de nuestras propias pol\u00edticas, as\u00ed como del Reglamento General de Protecci\u00f3n de Datos (GDPR) de la UE. Para cumplir con la evoluci\u00f3n de la normativa europea, estamos presentando una nueva opci\u00f3n de suscripci\u00f3n en la UE, el EEE y Suiza. En noviembre, ofreceremos a las personas que utilicen Facebook o Instagram y residan en estas regiones la opci\u00f3n de seguir utilizando estos servicios personalizados de forma gratuita con anuncios, o suscribirse para dejar de ver anuncios. Mientras las personas est\u00e9n suscritas, su informaci\u00f3n no se utilizar\u00e1 para anuncios. Las personas en estos pa\u00edses podr\u00e1n suscribirse para utilizar nuestros productos sin anuncios. Dependiendo de d\u00f3nde se efect\u00fae la compra, la suscripci\u00f3n costar\u00e1 9,99 \u20ac\/mes en la web o 12,99 \u20ac\/mes en iOS y Android. Independientemente del lugar de compra, la suscripci\u00f3n se aplicar\u00e1 a todas las cuentas de Facebook e Instagram vinculadas en el Centro de cuentas del usuario. Como ocurre con muchas suscripciones en l\u00ednea, los precios para iOS y Android tienen en cuenta las tarifas que Apple y Google cobran a trav\u00e9s de sus respectivas pol\u00edticas de compra. Hasta el 1 de marzo de 2024, la suscripci\u00f3n inicial cubrir\u00e1 todas las cuentas vinculadas en el Centro de Cuentas de un usuario. Sin embargo, a partir del 1 de marzo de 2024, se aplicar\u00e1 una tarifa adicional de 6 euros al mes en la web y de 8 euros al mes en iOS y Android por cada cuenta adicional que figure en el Centro de cuentas del usuario.\u00a0 \u00bfPor qu\u00e9 lo hacemos? Creemos en un Internet financiado por publicidad que d\u00e9 a las personas acceso a productos y servicios personalizados independientemente de su situaci\u00f3n econ\u00f3mica. Este modelo tambi\u00e9n permite a las peque\u00f1as empresas llegar a clientes potenciales, hacer crecer su negocio y crear nuevos mercados, impulsando el crecimiento de la econom\u00eda europea. Y, al igual que otras empresas, seguiremos abogando por un Internet respaldado por publicidad, incluso con nuestra nueva oferta de suscripci\u00f3n en la UE, el EEE y Suiza.\u00a0 Pero respetamos el esp\u00edritu y la finalidad de esta normativa europea en evoluci\u00f3n, y nos comprometemos a cumplirla. En agosto anunciamos nuestra intenci\u00f3n de trasladar a las personas de la UE, el EEE y Suiza a la base jur\u00eddica del GDPR de \u00abConsentimiento\u00bb a efectos del tratamiento de los datos recopilados en nuestras propias plataformas con fines publicitarios. Hicimos ese cambio para abordar una serie de requisitos normativos en evoluci\u00f3n y emergentes en la regi\u00f3n. Esto incluye c\u00f3mo nuestro principal regulador de protecci\u00f3n de datos en la UE, la Comisi\u00f3n de Protecci\u00f3n de Datos de Irlanda, est\u00e1 interpretando el GDPR tras una reciente sentencia del Tribunal de Justicia de la Uni\u00f3n Europea (CJEU) y anticipando la entrada en vigor de la Ley de Mercados Digitales (DMA). La opci\u00f3n de que los usuarios adquieran una suscripci\u00f3n sin anuncios cumple los requisitos de los reguladores europeos, al tiempo que ofrece a los usuarios la posibilidad de elegir y permite a Meta seguir prestando sus servicios a todos los ciudadanos de la UE, el EEE y Suiza. En su sentencia, el CJEU reconoci\u00f3 expresamente que un modelo de suscripci\u00f3n, como el que anunciamos, es una forma v\u00e1lida de consentimiento para un servicio financiado por anuncios. Si las personas deciden seguir utilizando nuestros productos de forma gratuita, su experiencia seguir\u00e1 siendo la misma, y esa experiencia seguir\u00e1 contando con el apoyo de las herramientas y ajustes que hemos creado para que las personas puedan controlar su experiencia con los anuncios. Entre ellas se incluye Preferencias de anuncios, que ofrece una serie de controles que permiten a las personas influir en los anuncios que ven, as\u00ed como en los datos utilizados para informar estos anuncios, incluida la informaci\u00f3n de actividad de los socios publicitarios. Tambi\u00e9n tenemos herramientas en nuestro producto que explican \u00ab\u00bfPor qu\u00e9 veo este anuncio?\u00bb, as\u00ed como la forma en que las personas pueden gestionar su experiencia con los anuncios. Mientras tanto, los anunciantes podr\u00e1n seguir realizando campa\u00f1as de publicidad personalizada en Europa para llegar a quienes opten por seguir recibiendo un servicio en l\u00ednea gratuito y respaldado por anuncios. En el futuro, seguiremos invirtiendo para crear nuevas herramientas que preserven el valor que tanto las personas como las empresas obtienen de la publicidad personalizada, permitiendo al mismo tiempo a los usuarios controlar su experiencia con los anuncios en nuestras plataformas. La suscripci\u00f3n sin anuncios estar\u00e1 disponible para mayores de 18 a\u00f1os, y seguimos estudiando c\u00f3mo ofrecer a los adolescentes una experiencia publicitaria \u00fatil y responsable en este panorama normativo en constante evoluci\u00f3n. Este nuevo modelo de suscripci\u00f3n se ha tenido en cuenta en nuestros forecasts de negocio y orientaciones anunciados recientemente. Este art\u00edculo contiene afirmaciones de car\u00e1cter prospectivo, incluidas las relativas a las perspectivas de negocio de Meta y a la evoluci\u00f3n del panorama normativo. Estas declaraciones no deben tomarse como predicciones de eventos futuros. Pueden encontrar informaci\u00f3n adicional sobre posibles riesgos e incertidumbres acerca de nuestro negocio y resultados financieros en nuestro Formulario 10-Q m\u00e1s reciente. Meta no asume ninguna obligaci\u00f3n de actualizar estas declaraciones como resultado de nueva informaci\u00f3n o acontecimientos futuros. \u00a0\" \/>\n<meta property=\"og:url\" content=\"https:\/\/about.fb.com\/ltam\/news\/2023\/10\/facebook-e-instagram-ofreceran-suscripciones-sin-anuncios-en-europa\/\" \/>\n<meta property=\"og:site_name\" content=\"Acerca de Meta\" \/>\n<meta property=\"article:published_time\" content=\"2023-10-30T19:35:32+00:00\" \/>\n<meta property=\"article:modified_time\" content=\"2023-10-30T19:36:32+00:00\" \/>\n<meta property=\"og:image\" content=\"https:\/\/about.fb.com\/ltam\/wp-content\/uploads\/sites\/14\/2023\/10\/123.png?resize=1024,575\" \/>\n\t<meta property=\"og:image:width\" content=\"1024\" \/>\n\t<meta property=\"og:image:height\" content=\"575\" \/>\n\t<meta property=\"og:image:type\" content=\"image\/png\" \/>\n<meta name=\"author\" content=\"milenaherreraCO\" \/>\n<meta name=\"twitter:card\" content=\"summary_large_image\" \/>\n<meta name=\"twitter:label1\" content=\"Written by\" \/>\n\t<meta name=\"twitter:data1\" content=\"Meta\" \/>\n\t<meta name=\"twitter:label2\" content=\"Est. reading time\" \/>\n\t<meta name=\"twitter:data2\" content=\"5 minutos\" \/>\n<script type=\"application\/ld+json\" class=\"yoast-schema-graph\">{\"@context\":\"https:\/\/schema.org\",\"@graph\":[{\"@type\":\"Article\",\"@id\":\"https:\/\/about.fb.com\/ltam\/news\/2023\/10\/facebook-e-instagram-ofreceran-suscripciones-sin-anuncios-en-europa\/#article\",\"isPartOf\":{\"@id\":\"https:\/\/about.fb.com\/ltam\/news\/2023\/10\/facebook-e-instagram-ofreceran-suscripciones-sin-anuncios-en-europa\/\"},\"author\":\"Facebook company\",\"headline\":\"Facebook e Instagram ofrecer\u00e1n suscripciones sin anuncios en Europa\",\"datePublished\":\"2023-10-30T19:35:32+00:00\",\"dateModified\":\"2023-10-30T19:36:32+00:00\",\"mainEntityOfPage\":{\"@id\":\"https:\/\/about.fb.com\/ltam\/news\/2023\/10\/facebook-e-instagram-ofreceran-suscripciones-sin-anuncios-en-europa\/\"},\"wordCount\":1014,\"publisher\":{\"@id\":\"https:\/\/about.fb.com\/ltam\/#organization\"},\"image\":{\"@id\":\"https:\/\/about.fb.com\/ltam\/news\/2023\/10\/facebook-e-instagram-ofreceran-suscripciones-sin-anuncios-en-europa\/#primaryimage\"},\"thumbnailUrl\":\"https:\/\/about.fb.com\/ltam\/wp-content\/uploads\/sites\/14\/2023\/10\/123.png?fit=1226%2C688\",\"articleSection\":[\"Meta\",\"Noticias de Productos\",\"Pol\u00edtica P\u00fablica\"],\"inLanguage\":\"es\"},{\"@type\":\"WebPage\",\"@id\":\"https:\/\/about.fb.com\/ltam\/news\/2023\/10\/facebook-e-instagram-ofreceran-suscripciones-sin-anuncios-en-europa\/\",\"url\":\"https:\/\/about.fb.com\/ltam\/news\/2023\/10\/facebook-e-instagram-ofreceran-suscripciones-sin-anuncios-en-europa\/\",\"name\":\"Facebook e Instagram ofrecer\u00e1n suscripciones sin anuncios en Europa | Acerca de Meta\",\"isPartOf\":{\"@id\":\"https:\/\/about.fb.com\/ltam\/#website\"},\"primaryImageOfPage\":{\"@id\":\"https:\/\/about.fb.com\/ltam\/news\/2023\/10\/facebook-e-instagram-ofreceran-suscripciones-sin-anuncios-en-europa\/#primaryimage\"},\"image\":{\"@id\":\"https:\/\/about.fb.com\/ltam\/news\/2023\/10\/facebook-e-instagram-ofreceran-suscripciones-sin-anuncios-en-europa\/#primaryimage\"},\"thumbnailUrl\":\"https:\/\/about.fb.com\/ltam\/wp-content\/uploads\/sites\/14\/2023\/10\/123.png?fit=1226%2C688\",\"datePublished\":\"2023-10-30T19:35:32+00:00\",\"dateModified\":\"2023-10-30T19:36:32+00:00\",\"breadcrumb\":{\"@id\":\"https:\/\/about.fb.com\/ltam\/news\/2023\/10\/facebook-e-instagram-ofreceran-suscripciones-sin-anuncios-en-europa\/#breadcrumb\"},\"inLanguage\":\"es\",\"potentialAction\":[{\"@type\":\"ReadAction\",\"target\":[\"https:\/\/about.fb.com\/ltam\/news\/2023\/10\/facebook-e-instagram-ofreceran-suscripciones-sin-anuncios-en-europa\/\"]}],\"author\":\"Acerca de Meta\"},{\"@type\":\"ImageObject\",\"inLanguage\":\"es\",\"@id\":\"https:\/\/about.fb.com\/ltam\/news\/2023\/10\/facebook-e-instagram-ofreceran-suscripciones-sin-anuncios-en-europa\/#primaryimage\",\"url\":\"https:\/\/about.fb.com\/ltam\/wp-content\/uploads\/sites\/14\/2023\/10\/123.png?fit=1226%2C688\",\"contentUrl\":\"https:\/\/about.fb.com\/ltam\/wp-content\/uploads\/sites\/14\/2023\/10\/123.png?fit=1226%2C688\",\"width\":1226,\"height\":688},{\"@type\":\"BreadcrumbList\",\"@id\":\"https:\/\/about.fb.com\/ltam\/news\/2023\/10\/facebook-e-instagram-ofreceran-suscripciones-sin-anuncios-en-europa\/#breadcrumb\",\"itemListElement\":[{\"@type\":\"ListItem\",\"position\":1,\"name\":\"Home\",\"item\":\"https:\/\/about.fb.com\/ltam\/\"},{\"@type\":\"ListItem\",\"position\":2,\"name\":\"Facebook e Instagram ofrecer\u00e1n suscripciones sin anuncios en Europa\"}]},{\"@type\":\"WebSite\",\"@id\":\"https:\/\/about.fb.com\/ltam\/#website\",\"url\":\"https:\/\/about.fb.com\/news\/\",\"name\":\"Acerca de Meta\",\"description\":\"\",\"publisher\":{\"@id\":\"https:\/\/about.fb.com\/ltam\/#organization\"},\"potentialAction\":[{\"@type\":\"SearchAction\",\"target\":{\"@type\":\"EntryPoint\",\"urlTemplate\":\"https:\/\/about.fb.com\/ltam\/?s={search_term_string}\"},\"query-input\":{\"@type\":\"PropertyValueSpecification\",\"valueRequired\":true,\"valueName\":\"search_term_string\"}}],\"inLanguage\":\"es\",\"alternateName\":[\"Meta Newsroom\",\"Meta\"]},{\"@type\":\"Organization\",\"@id\":\"https:\/\/about.fb.com\/ltam\/#organization\",\"name\":\"Meta\",\"url\":\"https:\/\/about.fb.com\/ltam\/\",\"logo\":{\"@type\":\"ImageObject\",\"inLanguage\":\"es\",\"@id\":\"https:\/\/about.fb.com\/ltam\/#\/schema\/logo\/image\/\",\"url\":\"https:\/\/about.fb.com\/ltam\/wp-content\/uploads\/sites\/14\/2021\/10\/meta-social-16x9-1.jpg?fit=8000%2C4500\",\"contentUrl\":\"https:\/\/about.fb.com\/ltam\/wp-content\/uploads\/sites\/14\/2021\/10\/meta-social-16x9-1.jpg?fit=8000%2C4500\",\"width\":8000,\"height\":4500,\"caption\":\"Meta\"},\"image\":{\"@id\":\"https:\/\/about.fb.com\/ltam\/#\/schema\/logo\/image\/\"}}]}<\/script>\n<!-- \/ Yoast SEO plugin. -->","yoast_head_json":{"title":"Facebook e Instagram ofrecer\u00e1n suscripciones sin anuncios en Europa | Acerca de Meta","robots":{"index":"index","follow":"follow","max-snippet":"max-snippet:-1","max-image-preview":"max-image-preview:large","max-video-preview":"max-video-preview:-1"},"canonical":"https:\/\/about.fb.com\/ltam\/news\/2023\/10\/facebook-e-instagram-ofreceran-suscripciones-sin-anuncios-en-europa\/","og_locale":"es_ES","og_type":"article","og_title":"Facebook e Instagram ofrecer\u00e1n suscripciones sin anuncios en Europa | Acerca de Meta","og_description":"Informaci\u00f3n destacada Meta ofrecer\u00e1 a los ciudadanos de la Uni\u00f3n Europea (UE), el Espacio Econ\u00f3mico Europeo (EEE) y Suiza la posibilidad de pagar una suscripci\u00f3n mensual para utilizar Facebook e Instagram sin anuncios. Alternativamente, podr\u00e1n seguir utilizando estos servicios de forma gratuita y ver anuncios relevantes. Creemos en un Internet gratuito y financiado por publicidad, y seguiremos ofreciendo a las personas acceso gratuito a nuestros productos y servicios personalizados, independientemente de sus ingresos. Tanto si las personas deciden utilizar nuestros productos de forma gratuita con anuncios como si se suscriben para dejar de ver anuncios, nos comprometemos a mantener la informaci\u00f3n de las personas privada y segura, en virtud de nuestras propias pol\u00edticas, as\u00ed como del Reglamento General de Protecci\u00f3n de Datos (GDPR) de la UE. Para cumplir con la evoluci\u00f3n de la normativa europea, estamos presentando una nueva opci\u00f3n de suscripci\u00f3n en la UE, el EEE y Suiza. En noviembre, ofreceremos a las personas que utilicen Facebook o Instagram y residan en estas regiones la opci\u00f3n de seguir utilizando estos servicios personalizados de forma gratuita con anuncios, o suscribirse para dejar de ver anuncios. Mientras las personas est\u00e9n suscritas, su informaci\u00f3n no se utilizar\u00e1 para anuncios. Las personas en estos pa\u00edses podr\u00e1n suscribirse para utilizar nuestros productos sin anuncios. Dependiendo de d\u00f3nde se efect\u00fae la compra, la suscripci\u00f3n costar\u00e1 9,99 \u20ac\/mes en la web o 12,99 \u20ac\/mes en iOS y Android. Independientemente del lugar de compra, la suscripci\u00f3n se aplicar\u00e1 a todas las cuentas de Facebook e Instagram vinculadas en el Centro de cuentas del usuario. Como ocurre con muchas suscripciones en l\u00ednea, los precios para iOS y Android tienen en cuenta las tarifas que Apple y Google cobran a trav\u00e9s de sus respectivas pol\u00edticas de compra. Hasta el 1 de marzo de 2024, la suscripci\u00f3n inicial cubrir\u00e1 todas las cuentas vinculadas en el Centro de Cuentas de un usuario. Sin embargo, a partir del 1 de marzo de 2024, se aplicar\u00e1 una tarifa adicional de 6 euros al mes en la web y de 8 euros al mes en iOS y Android por cada cuenta adicional que figure en el Centro de cuentas del usuario.\u00a0 \u00bfPor qu\u00e9 lo hacemos? Creemos en un Internet financiado por publicidad que d\u00e9 a las personas acceso a productos y servicios personalizados independientemente de su situaci\u00f3n econ\u00f3mica. Este modelo tambi\u00e9n permite a las peque\u00f1as empresas llegar a clientes potenciales, hacer crecer su negocio y crear nuevos mercados, impulsando el crecimiento de la econom\u00eda europea. Y, al igual que otras empresas, seguiremos abogando por un Internet respaldado por publicidad, incluso con nuestra nueva oferta de suscripci\u00f3n en la UE, el EEE y Suiza.\u00a0 Pero respetamos el esp\u00edritu y la finalidad de esta normativa europea en evoluci\u00f3n, y nos comprometemos a cumplirla. En agosto anunciamos nuestra intenci\u00f3n de trasladar a las personas de la UE, el EEE y Suiza a la base jur\u00eddica del GDPR de \u00abConsentimiento\u00bb a efectos del tratamiento de los datos recopilados en nuestras propias plataformas con fines publicitarios. Hicimos ese cambio para abordar una serie de requisitos normativos en evoluci\u00f3n y emergentes en la regi\u00f3n. Esto incluye c\u00f3mo nuestro principal regulador de protecci\u00f3n de datos en la UE, la Comisi\u00f3n de Protecci\u00f3n de Datos de Irlanda, est\u00e1 interpretando el GDPR tras una reciente sentencia del Tribunal de Justicia de la Uni\u00f3n Europea (CJEU) y anticipando la entrada en vigor de la Ley de Mercados Digitales (DMA). La opci\u00f3n de que los usuarios adquieran una suscripci\u00f3n sin anuncios cumple los requisitos de los reguladores europeos, al tiempo que ofrece a los usuarios la posibilidad de elegir y permite a Meta seguir prestando sus servicios a todos los ciudadanos de la UE, el EEE y Suiza. En su sentencia, el CJEU reconoci\u00f3 expresamente que un modelo de suscripci\u00f3n, como el que anunciamos, es una forma v\u00e1lida de consentimiento para un servicio financiado por anuncios. Si las personas deciden seguir utilizando nuestros productos de forma gratuita, su experiencia seguir\u00e1 siendo la misma, y esa experiencia seguir\u00e1 contando con el apoyo de las herramientas y ajustes que hemos creado para que las personas puedan controlar su experiencia con los anuncios. Entre ellas se incluye Preferencias de anuncios, que ofrece una serie de controles que permiten a las personas influir en los anuncios que ven, as\u00ed como en los datos utilizados para informar estos anuncios, incluida la informaci\u00f3n de actividad de los socios publicitarios. Tambi\u00e9n tenemos herramientas en nuestro producto que explican \u00ab\u00bfPor qu\u00e9 veo este anuncio?\u00bb, as\u00ed como la forma en que las personas pueden gestionar su experiencia con los anuncios. Mientras tanto, los anunciantes podr\u00e1n seguir realizando campa\u00f1as de publicidad personalizada en Europa para llegar a quienes opten por seguir recibiendo un servicio en l\u00ednea gratuito y respaldado por anuncios. En el futuro, seguiremos invirtiendo para crear nuevas herramientas que preserven el valor que tanto las personas como las empresas obtienen de la publicidad personalizada, permitiendo al mismo tiempo a los usuarios controlar su experiencia con los anuncios en nuestras plataformas. La suscripci\u00f3n sin anuncios estar\u00e1 disponible para mayores de 18 a\u00f1os, y seguimos estudiando c\u00f3mo ofrecer a los adolescentes una experiencia publicitaria \u00fatil y responsable en este panorama normativo en constante evoluci\u00f3n. Este nuevo modelo de suscripci\u00f3n se ha tenido en cuenta en nuestros forecasts de negocio y orientaciones anunciados recientemente. Este art\u00edculo contiene afirmaciones de car\u00e1cter prospectivo, incluidas las relativas a las perspectivas de negocio de Meta y a la evoluci\u00f3n del panorama normativo. Estas declaraciones no deben tomarse como predicciones de eventos futuros. Pueden encontrar informaci\u00f3n adicional sobre posibles riesgos e incertidumbres acerca de nuestro negocio y resultados financieros en nuestro Formulario 10-Q m\u00e1s reciente. Meta no asume ninguna obligaci\u00f3n de actualizar estas declaraciones como resultado de nueva informaci\u00f3n o acontecimientos futuros. \u00a0","og_url":"https:\/\/about.fb.com\/ltam\/news\/2023\/10\/facebook-e-instagram-ofreceran-suscripciones-sin-anuncios-en-europa\/","og_site_name":"Acerca de Meta","article_published_time":"2023-10-30T19:35:32+00:00","article_modified_time":"2023-10-30T19:36:32+00:00","og_image":[{"width":1024,"height":575,"url":"https:\/\/about.fb.com\/ltam\/wp-content\/uploads\/sites\/14\/2023\/10\/123.png?resize=1024,575","type":"image\/png"}],"author":"milenaherreraCO","twitter_card":"summary_large_image","twitter_misc":{"Written by":"Meta","Est. reading time":"5 minutos"},"schema":{"@context":"https:\/\/schema.org","@graph":[{"@type":"Article","@id":"https:\/\/about.fb.com\/ltam\/news\/2023\/10\/facebook-e-instagram-ofreceran-suscripciones-sin-anuncios-en-europa\/#article","isPartOf":{"@id":"https:\/\/about.fb.com\/ltam\/news\/2023\/10\/facebook-e-instagram-ofreceran-suscripciones-sin-anuncios-en-europa\/"},"author":"Facebook company","headline":"Facebook e Instagram ofrecer\u00e1n suscripciones sin anuncios en Europa","datePublished":"2023-10-30T19:35:32+00:00","dateModified":"2023-10-30T19:36:32+00:00","mainEntityOfPage":{"@id":"https:\/\/about.fb.com\/ltam\/news\/2023\/10\/facebook-e-instagram-ofreceran-suscripciones-sin-anuncios-en-europa\/"},"wordCount":1014,"publisher":{"@id":"https:\/\/about.fb.com\/ltam\/#organization"},"image":{"@id":"https:\/\/about.fb.com\/ltam\/news\/2023\/10\/facebook-e-instagram-ofreceran-suscripciones-sin-anuncios-en-europa\/#primaryimage"},"thumbnailUrl":"https:\/\/about.fb.com\/ltam\/wp-content\/uploads\/sites\/14\/2023\/10\/123.png?fit=1226%2C688","articleSection":["Meta","Noticias de Productos","Pol\u00edtica P\u00fablica"],"inLanguage":"es"},{"@type":"WebPage","@id":"https:\/\/about.fb.com\/ltam\/news\/2023\/10\/facebook-e-instagram-ofreceran-suscripciones-sin-anuncios-en-europa\/","url":"https:\/\/about.fb.com\/ltam\/news\/2023\/10\/facebook-e-instagram-ofreceran-suscripciones-sin-anuncios-en-europa\/","name":"Facebook e Instagram ofrecer\u00e1n suscripciones sin anuncios en Europa | Acerca de Meta","isPartOf":{"@id":"https:\/\/about.fb.com\/ltam\/#website"},"primaryImageOfPage":{"@id":"https:\/\/about.fb.com\/ltam\/news\/2023\/10\/facebook-e-instagram-ofreceran-suscripciones-sin-anuncios-en-europa\/#primaryimage"},"image":{"@id":"https:\/\/about.fb.com\/ltam\/news\/2023\/10\/facebook-e-instagram-ofreceran-suscripciones-sin-anuncios-en-europa\/#primaryimage"},"thumbnailUrl":"https:\/\/about.fb.com\/ltam\/wp-content\/uploads\/sites\/14\/2023\/10\/123.png?fit=1226%2C688","datePublished":"2023-10-30T19:35:32+00:00","dateModified":"2023-10-30T19:36:32+00:00","breadcrumb":{"@id":"https:\/\/about.fb.com\/ltam\/news\/2023\/10\/facebook-e-instagram-ofreceran-suscripciones-sin-anuncios-en-europa\/#breadcrumb"},"inLanguage":"es","potentialAction":[{"@type":"ReadAction","target":["https:\/\/about.fb.com\/ltam\/news\/2023\/10\/facebook-e-instagram-ofreceran-suscripciones-sin-anuncios-en-europa\/"]}],"author":"Acerca de Meta"},{"@type":"ImageObject","inLanguage":"es","@id":"https:\/\/about.fb.com\/ltam\/news\/2023\/10\/facebook-e-instagram-ofreceran-suscripciones-sin-anuncios-en-europa\/#primaryimage","url":"https:\/\/about.fb.com\/ltam\/wp-content\/uploads\/sites\/14\/2023\/10\/123.png?fit=1226%2C688","contentUrl":"https:\/\/about.fb.com\/ltam\/wp-content\/uploads\/sites\/14\/2023\/10\/123.png?fit=1226%2C688","width":1226,"height":688},{"@type":"BreadcrumbList","@id":"https:\/\/about.fb.com\/ltam\/news\/2023\/10\/facebook-e-instagram-ofreceran-suscripciones-sin-anuncios-en-europa\/#breadcrumb","itemListElement":[{"@type":"ListItem","position":1,"name":"Home","item":"https:\/\/about.fb.com\/ltam\/"},{"@type":"ListItem","position":2,"name":"Facebook e Instagram ofrecer\u00e1n suscripciones sin anuncios en Europa"}]},{"@type":"WebSite","@id":"https:\/\/about.fb.com\/ltam\/#website","url":"https:\/\/about.fb.com\/news\/","name":"Acerca de Meta","description":"","publisher":{"@id":"https:\/\/about.fb.com\/ltam\/#organization"},"potentialAction":[{"@type":"SearchAction","target":{"@type":"EntryPoint","urlTemplate":"https:\/\/about.fb.com\/ltam\/?s={search_term_string}"},"query-input":{"@type":"PropertyValueSpecification","valueRequired":true,"valueName":"search_term_string"}}],"inLanguage":"es","alternateName":["Meta Newsroom","Meta"]},{"@type":"Organization","@id":"https:\/\/about.fb.com\/ltam\/#organization","name":"Meta","url":"https:\/\/about.fb.com\/ltam\/","logo":{"@type":"ImageObject","inLanguage":"es","@id":"https:\/\/about.fb.com\/ltam\/#\/schema\/logo\/image\/","url":"https:\/\/about.fb.com\/ltam\/wp-content\/uploads\/sites\/14\/2021\/10\/meta-social-16x9-1.jpg?fit=8000%2C4500","contentUrl":"https:\/\/about.fb.com\/ltam\/wp-content\/uploads\/sites\/14\/2021\/10\/meta-social-16x9-1.jpg?fit=8000%2C4500","width":8000,"height":4500,"caption":"Meta"},"image":{"@id":"https:\/\/about.fb.com\/ltam\/#\/schema\/logo\/image\/"}}]}},"jetpack_featured_media_url":"https:\/\/about.fb.com\/ltam\/wp-content\/uploads\/sites\/14\/2023\/10\/123.png?fit=1226%2C688","jetpack-related-posts":[],"jetpack_sharing_enabled":true,"amp_enabled":true,"_links":{"self":[{"href":"https:\/\/about.fb.com\/ltam\/wp-json\/wp\/v2\/posts\/24930","targetHints":{"allow":["GET"]}}],"collection":[{"href":"https:\/\/about.fb.com\/ltam\/wp-json\/wp\/v2\/posts"}],"about":[{"href":"https:\/\/about.fb.com\/ltam\/wp-json\/wp\/v2\/types\/post"}],"author":[{"embeddable":true,"href":"https:\/\/about.fb.com\/ltam\/wp-json\/wp\/v2\/users\/164097050"}],"replies":[{"embeddable":true,"href":"https:\/\/about.fb.com\/ltam\/wp-json\/wp\/v2\/comments?post=24930"}],"version-history":[{"count":1,"href":"https:\/\/about.fb.com\/ltam\/wp-json\/wp\/v2\/posts\/24930\/revisions"}],"predecessor-version":[{"id":24931,"href":"https:\/\/about.fb.com\/ltam\/wp-json\/wp\/v2\/posts\/24930\/revisions\/24931"}],"wp:featuredmedia":[{"embeddable":true,"href":"https:\/\/about.fb.com\/ltam\/wp-json\/wp\/v2\/media\/24932"}],"wp:attachment":[{"href":"https:\/\/about.fb.com\/ltam\/wp-json\/wp\/v2\/media?parent=24930"}],"wp:term":[{"taxonomy":"category","embeddable":true,"href":"https:\/\/about.fb.com\/ltam\/wp-json\/wp\/v2\/categories?post=24930"},{"taxonomy":"post_tag","embeddable":true,"href":"https:\/\/about.fb.com\/ltam\/wp-json\/wp\/v2\/tags?post=24930"}],"curies":[{"name":"wp","href":"https:\/\/api.w.org\/{rel}","templated":true}]}}