{"id":24914,"date":"2023-10-13T11:50:15","date_gmt":"2023-10-13T17:50:15","guid":{"rendered":"https:\/\/about.fb.com\/ltam\/?p=24914"},"modified":"2023-10-18T16:00:32","modified_gmt":"2023-10-18T22:00:32","slug":"esfuerzos-continuos-de-meta-en-relacion-con-la-guerra-entre-israel-y-hamas","status":"publish","type":"post","link":"https:\/\/about.fb.com\/ltam\/news\/2023\/10\/esfuerzos-continuos-de-meta-en-relacion-con-la-guerra-entre-israel-y-hamas\/","title":{"rendered":"Esfuerzos continuos de Meta en relaci\u00f3n con la guerra entre Israel y Ham\u00e1s"},"content":{"rendered":"<p><span style=\"font-weight: 400\">Traducciones en <\/span><a href=\"https:\/\/about.fb.com\/news\/2023\/10\/metas-efforts-regarding-israel-hamas-war\/#hebrew-translation\"><span style=\"font-weight: 400\">hebreo<\/span><\/a><span style=\"font-weight: 400\"> y <\/span><a href=\"https:\/\/about.fb.com\/news\/2023\/10\/metas-efforts-regarding-israel-hamas-war\/#arabic-translation\"><span style=\"font-weight: 400\">\u00e1rabe<\/span><\/a><\/p>\n<p><strong><i>Actualizado el 18 de octubre de 2023:<\/i><\/strong><\/p>\n<p><span style=\"font-weight: 400\">Tras el ataque terrorista de Ham\u00e1s contra Israel la semana pasada y la respuesta israel\u00ed en Gaza, nuestros equipos desplegaron una serie de medidas para hacer frente al aumento de contenidos nocivos y potencialmente da\u00f1inos difundidos en nuestras plataformas. Nuestras pol\u00edticas est\u00e1n dise\u00f1adas para mantener a las personas seguras en nuestras aplicaciones y, al mismo tiempo, darles voz a todos. Aplicamos estas pol\u00edticas por igual en todo el mundo y no es cierta la sugerencia de que estamos suprimiendo deliberadamente la libertad de expresi\u00f3n. Sin embargo, en nuestras plataformas no se permiten contenidos que glorifiquen a Ham\u00e1s, designada por Meta como <\/span><a href=\"https:\/\/transparency.fb.com\/en-gb\/policies\/community-standards\/dangerous-individuals-organizations\/\"><span style=\"font-weight: 400\">Organizaci\u00f3n Peligrosa<\/span><\/a><span style=\"font-weight: 400\">, ni contenidos violentos o gr\u00e1ficos. Podemos cometer errores y por eso ofrecemos un proceso de apelaci\u00f3n para que las personas puedan decirnos si creen que hemos tomado una decisi\u00f3n equivocada, y poder revisar el caso.\u00a0<\/span><\/p>\n<p><span style=\"font-weight: 400\">Algunas actualizaciones y medidas adicionales que estamos tomando a medida que se desarrolla esta situaci\u00f3n:\u00a0<\/span><\/p>\n<p><strong>Arreglar <i>bugs<\/i><\/strong><span style=\"font-weight: 400\"><strong>:<\/strong> La semana pasada identificamos y solucionamos algunos <\/span><i><span style=\"font-weight: 400\">bugs<\/span><\/i><span style=\"font-weight: 400\">.\u00a0<\/span><\/p>\n<ul>\n<li style=\"font-weight: 400\"><span style=\"font-weight: 400\">Uno de ellos afectaba a todas las Historias que volv\u00edan a compartir Reels y publicaciones en Instagram, lo que significaba que no se mostraban correctamente en las Historias de la gente, reduciendo significativamente el alcance. Este error afect\u00f3 a cuentas de todo el mundo, no solo a personas que intentaban publicar sobre lo que est\u00e1 ocurriendo en Israel y Gaza, y no ten\u00eda nada que ver con la tem\u00e1tica del contenido. Solucionamos este <\/span><i><span style=\"font-weight: 400\">bug <\/span><\/i><span style=\"font-weight: 400\">lo m\u00e1s pronto posible.\u00a0<\/span><\/li>\n<li style=\"font-weight: 400\"><span style=\"font-weight: 400\">Otro <\/span><i><span style=\"font-weight: 400\">bug<\/span><\/i><span style=\"font-weight: 400\"> impidi\u00f3 a las personas hacer transmisiones en vivo en Facebook durante un breve periodo de tiempo. Tambi\u00e9n se trataba de un problema global que se solucion\u00f3 en pocas horas. Entendemos que la gente conf\u00eda en estas herramientas y sentimos el impacto de estos problemas.\u00a0<\/span><\/li>\n<\/ul>\n<p><strong>Configuraci\u00f3n de comentarios y perfiles:\u00a0<\/strong><\/p>\n<ul>\n<li style=\"font-weight: 400\"><span style=\"font-weight: 400\">Como medida temporal para proteger a las personas de la regi\u00f3n de comentarios potencialmente no deseados, hemos:\u00a0<\/span>\n<ul>\n<li style=\"font-weight: 400\"><span style=\"font-weight: 400\">Cambiado la configuraci\u00f3n predeterminada para personas de la regi\u00f3n sobre qui\u00e9n puede comentar en las publicaciones p\u00fablicas de Facebook reci\u00e9n creadas, a Solo amigos y\/o seguidores establecidos. Los usuarios de todo el mundo pueden optar por utilizar esta configuraci\u00f3n y activarla o desactivarla en cualquier momento, y estamos notificando a las personas de la regi\u00f3n con instrucciones espec\u00edficas sobre c\u00f3mo cambiar esta configuraci\u00f3n.\u00a0<\/span><\/li>\n<li style=\"font-weight: 400\"><span style=\"font-weight: 400\">Hemos facilitado a los usuarios la eliminaci\u00f3n masiva de comentarios en sus publicaciones.\u00a0<\/span><\/li>\n<li style=\"font-weight: 400\"><span style=\"font-weight: 400\">Se ha desactivado la funci\u00f3n que normalmente muestra el primer comentario o los dos primeros debajo de las publicaciones.\u00a0<\/span><\/li>\n<\/ul>\n<\/li>\n<li style=\"font-weight: 400\"><span style=\"font-weight: 400\">Recientemente hemos desplegado en la regi\u00f3n la <\/span><a href=\"https:\/\/www.facebook.com\/help\/196419427651178\"><span style=\"font-weight: 400\">herramienta<\/span><\/a><span style=\"font-weight: 400\"> Restringir tu perfil, que permite a los usuarios restringir su perfil de Facebook en un solo paso. Cuando el perfil de una persona est\u00e1 restringido, las personas que no son sus amigos no pueden descargar, ampliar o compartir su foto de perfil, ni pueden ver publicaciones u otras fotos en el perfil de una persona, independientemente de cu\u00e1ndo las haya publicado.\u00a0<\/span><\/li>\n<\/ul>\n<p><strong>Recaudaci\u00f3n de fondos en Facebook e Instagram:\u00a0<\/strong><\/p>\n<p><span style=\"font-weight: 400\">Desde el 7 de octubre, la gente ha recaudado m\u00e1s de 11.5 millones de d\u00f3lares para organizaciones sin fines de lucro en Facebook e Instagram para ayudar con los esfuerzos de asistencia en Israel y Palestina. Esto incluye m\u00e1s de 340,000 donaciones a 262 organizaciones de beneficencia que ofrecen ayuda en caso de cat\u00e1strofes, servicios de ambulancia y sangre, atenci\u00f3n m\u00e9dica y mucho m\u00e1s.<\/span><\/p>\n<hr \/>\n<p><strong><i>Originalmente publicado el 13 de octubre de 2023:<\/i><\/strong><\/p>\n<p><span style=\"font-weight: 400\">Como muchos, estamos conmocionados y horrorizados por los brutales atentados terroristas de Ham\u00e1s, y nuestros pensamientos est\u00e1n con los civiles que est\u00e1n sufriendo en Israel y Gaza conforme contin\u00faa la violencia.<\/span><\/p>\n<p><span style=\"font-weight: 400\">Desde los atentados terroristas de Ham\u00e1s contra Israel el s\u00e1bado y la respuesta de Israel en Gaza, especialistas de toda nuestra empresa han estado trabajando sin descanso para monitorear nuestras plataformas, protegiendo al mismo tiempo la capacidad de los usuarios para utilizar nuestras aplicaciones y tener acceso a informaci\u00f3n sobre los importantes acontecimientos que se est\u00e1n produciendo. Estas son algunas de las medidas concretas que hemos tomado:<\/span><\/p>\n<h3><span style=\"font-weight: 400\">Acciones contra el contenido infractor<\/span><\/h3>\n<ul>\n<li style=\"font-weight: 400\"><span style=\"font-weight: 400\">R\u00e1pidamente establecimos un centro de operaciones especiales con expertos, entre ellos hablantes fluidos de hebreo y \u00e1rabe, para seguir de cerca y responder en tiempo real a esta situaci\u00f3n que evoluciona velozmente. Esto nos permite ser m\u00e1s eficientes al eliminar los contenidos que infringen nuestras Normas Comunitarias o Gu\u00edas de la Comunidad, y sirve como otra l\u00ednea de defensa contra la desinformaci\u00f3n.<\/span><\/li>\n<li style=\"font-weight: 400\"><span style=\"font-weight: 400\">Seguimos aplicando nuestras pol\u00edticas sobre <\/span><a href=\"https:\/\/transparency.fb.com\/en-gb\/policies\/community-standards\/dangerous-individuals-organizations\/\"><span style=\"font-weight: 400\">Personas y organizaciones peligrosas<\/span><\/a><span style=\"font-weight: 400\">, <\/span><a href=\"https:\/\/transparency.fb.com\/en-gb\/policies\/community-standards\/violent-graphic-content\/\"><span style=\"font-weight: 400\">Contenido violento y gr\u00e1fico<\/span><\/a><span style=\"font-weight: 400\">, <\/span><a href=\"https:\/\/www.facebook.com\/communitystandards\/hate_speech\"><span style=\"font-weight: 400\">Lenguaje que incita al odio,<\/span><\/a> <a href=\"https:\/\/www.facebook.com\/communitystandards\/credible_violence\"><span style=\"font-weight: 400\">Violencia e Incitaci\u00f3n<\/span><\/a><span style=\"font-weight: 400\">, <\/span><a href=\"https:\/\/transparency.fb.com\/policies\/community-standards\/bullying-harassment\/\"><span style=\"font-weight: 400\">Bullying y Acoso<\/span><\/a><span style=\"font-weight: 400\">, y <\/span><a href=\"https:\/\/www.facebook.com\/communitystandards\/coordinating_harm_publicizing_crime\"><span style=\"font-weight: 400\">Organizaci\u00f3n de actos da\u00f1inos<\/span><\/a><span style=\"font-weight: 400\">.<\/span>\n<ul>\n<li style=\"font-weight: 400\"><span style=\"font-weight: 400\">En los tres d\u00edas posteriores al 7 de octubre, eliminamos o marcamos como perturbadores m\u00e1s de 795,000 piezas de contenido por infringir estas pol\u00edticas en hebreo y \u00e1rabe.<\/span><\/li>\n<li style=\"font-weight: 400\"><span style=\"font-weight: 400\">En comparaci\u00f3n con los dos meses anteriores, en los tres d\u00edas posteriores al 7 de octubre hemos eliminado siete veces m\u00e1s contenidos al d\u00eda por infringir nuestra pol\u00edtica de Organizaci\u00f3n de individuos Peligrosos, tan solo en hebreo y \u00e1rabe.<\/span><\/li>\n<\/ul>\n<\/li>\n<li style=\"font-weight: 400\"><span style=\"font-weight: 400\">Ham\u00e1s est\u00e1 designada por el gobierno estadounidense como Organizaci\u00f3n Terrorista Extranjera y Terrorista Global Especialmente Designada. Tambi\u00e9n, est\u00e1 incluida en la<\/span><a href=\"https:\/\/transparency.fb.com\/en-gb\/policies\/community-standards\/dangerous-individuals-organizations\/\"><span style=\"font-weight: 400\"> pol\u00edtica de Personas y Organizaciones Peligrosas<\/span><\/a><span style=\"font-weight: 400\"> de Meta. Esto significa que Ham\u00e1s est\u00e1 prohibida en nuestras plataformas, y eliminamos los elogios y el apoyo sustantivo a ellos cuando tenemos conocimiento de ello, sin dejar de permitir el discurso social y pol\u00edtico, como la informaci\u00f3n period\u00edstica, las cuestiones relacionadas con los derechos humanos, o la discusi\u00f3n acad\u00e9mica, neutral y condenatoria.<\/span><\/li>\n<li style=\"font-weight: 400\"><span style=\"font-weight: 400\">Queremos reiterar que nuestras pol\u00edticas est\u00e1n dise\u00f1adas para dar voz a todo el mundo y mantener la seguridad en nuestras aplicaciones. Aplicamos estas pol\u00edticas independientemente de qui\u00e9n las publique o de sus creencias personales, y nunca es nuestra intenci\u00f3n suprimir una comunidad o un punto de vista concretos. Dado el aumento en el volumen de contenidos que nos denuncian, sabemos que contenidos que no infringen nuestras pol\u00edticas pueden ser eliminados por error. Para mitigar esta situaci\u00f3n, en el caso de algunas infracciones estamos eliminando temporalmente contenido sin que se produzcan<\/span><a href=\"https:\/\/transparency.fb.com\/en-gb\/enforcement\/taking-action\/counting-strikes\/\"> <span style=\"font-weight: 400\">faltas<\/span><\/a><span style=\"font-weight: 400\">, lo que significa que esta eliminaci\u00f3n de contenidos no provocar\u00e1 la inhabilitaci\u00f3n de cuentas. Tambi\u00e9n, seguimos ofreciendo a los usuarios herramientas para<\/span><a href=\"https:\/\/www.facebook.com\/help\/2090856331203011?helpref=faq_content\"> <span style=\"font-weight: 400\">apelar<\/span><\/a><span style=\"font-weight: 400\"> nuestras decisiones si creen que hemos cometido un error.<\/span><\/li>\n<li style=\"font-weight: 400\"><span style=\"font-weight: 400\">Nuestros equipos est\u00e1n supervisando la situaci\u00f3n y, en algunos casos, est\u00e1n incluyendo temporalmente medidas limitadas, proporcionadas y sujetas a plazos para hacer frente a riesgos emergentes espec\u00edficos:<\/span>\n<ul>\n<li style=\"font-weight: 400\"><span style=\"font-weight: 400\"><strong>Medidas m\u00e1s contundentes para evitar recomendar contenidos potencialmente infractores:<\/strong> Ya utilizamos tecnolog\u00eda para <\/span><a href=\"https:\/\/about.fb.com\/news\/2020\/08\/recommendation-guidelines\/\"><span style=\"font-weight: 400\">evitar recomendar<\/span><\/a><span style=\"font-weight: 400\"> contenidos potencialmente infractores en Facebook, Instagram y Threads. Estamos trabajando para reducir a\u00fan m\u00e1s la posibilidad de que esto ocurra mediante la reducci\u00f3n del umbral en el que nuestra tecnolog\u00eda toma medidas para evitar recomendar este tipo de contenido. Tambi\u00e9n, estamos tomando medidas para reducir la visibilidad de los comentarios potencialmente ofensivos en las publicaciones en Facebook.<\/span><\/li>\n<li style=\"font-weight: 400\"><span style=\"font-weight: 400\"><strong>Violencia e incitaci\u00f3n:<\/strong> Con el fin de dar prioridad a la seguridad de los israel\u00edes secuestrados por Ham\u00e1s, estamos ampliando temporalmente nuestra pol\u00edtica de Violencia e Incitaci\u00f3n y eliminando contenidos que identifiquen claramente a los rehenes cuando tengamos conocimiento de ellos, incluso si se hace para condenar o generar conciencia sobre su situaci\u00f3n. Estamos permitiendo contenidos con im\u00e1genes borrosas de las v\u00edctimas, pero, en l\u00ednea con las normas establecidas por la Convenci\u00f3n de Ginebra, daremos prioridad a la seguridad y privacidad de las v\u00edctimas de secuestro si no estamos seguros o no podemos hacer una evaluaci\u00f3n clara.<\/span><\/li>\n<li style=\"font-weight: 400\"><span style=\"font-weight: 400\"><strong>Bloqueo de hashtags:<\/strong> De acuerdo con <\/span><a href=\"https:\/\/help.instagram.com\/485240378261318\"><span style=\"font-weight: 400\">nuestras normas<\/span><\/a><span style=\"font-weight: 400\">, hemos restringido una serie de hashtags en Instagram despu\u00e9s de que nuestro equipo evaluar\u00e1 que el contenido asociado a esos hashtags infring\u00eda sistem\u00e1ticamente nuestras Normas Comunitarias. Esto significa que los hashtags no se pueden buscar, pero el contenido en s\u00ed no se eliminar\u00e1 a menos que infrinja nuestras pol\u00edticas.<\/span><\/li>\n<li style=\"font-weight: 400\"><span style=\"font-weight: 400\"><strong>Facebook e Instagram Live:<\/strong> Reconocemos que la inmediatez de Live trae desaf\u00edos \u00fanicos por lo que tenemos <\/span><a href=\"https:\/\/about.fb.com\/news\/2019\/05\/protecting-live-from-abuse\/\"><span style=\"font-weight: 400\">restricciones en el uso<\/span><\/a><span style=\"font-weight: 400\"> de Live para las personas que han violado previamente ciertas pol\u00edticas. Estamos dando prioridad a los reportajes en directo relacionados con esta crisis, m\u00e1s all\u00e1 de nuestra actual priorizaci\u00f3n de los v\u00eddeos en directo. Tambi\u00e9n, somos conscientes de las amenazas de Ham\u00e1s de difundir im\u00e1genes de los rehenes y nos tomamos estas amenazas muy en serio. Nuestros equipos est\u00e1n vigilando de cerca este asunto y eliminar\u00e1n r\u00e1pidamente cualquier contenido de este tipo (y las cuentas que est\u00e9n detr\u00e1s), almacenando el contenido en nuestros sistemas para evitar que se vuelvan a compartir copias.<\/span><\/li>\n<\/ul>\n<\/li>\n<li style=\"font-weight: 400\"><span style=\"font-weight: 400\">Estamos recibiendo informaci\u00f3n de los socios locales sobre los riesgos emergentes y actuando con rapidez para abordarlos. Reconocemos que el contexto local y los conocimientos ling\u00fc\u00edsticos espec\u00edficos son esenciales para este trabajo, por lo que seguiremos en estrecha comunicaci\u00f3n con expertos, instituciones asociadas y organizaciones no gubernamentales.<\/span><\/li>\n<\/ul>\n<h3><span style=\"font-weight: 400\">Seguridad y protecci\u00f3n<\/span><\/h3>\n<ul>\n<li style=\"font-weight: 400\"><span style=\"font-weight: 400\"><strong>Comportamiento Inaut\u00e9ntico Coordinado (CIB):<\/strong> Nuestros equipos han detectado y eliminado un grupo de actividades vinculadas a una operaci\u00f3n encubierta de influencia que eliminamos y <\/span><a href=\"https:\/\/about.fb.com\/news\/2021\/12\/metas-adversarial-threat-report\/\"><span style=\"font-weight: 400\">atribuimos<\/span><\/a><span style=\"font-weight: 400\"> a Ham\u00e1s en 2021. Estas cuentas falsas intentaron restablecer su presencia en nuestras plataformas. Seguimos vigilando y tomando medidas contra los comportamientos adversos violentos en la regi\u00f3n.<\/span><\/li>\n<li style=\"font-weight: 400\"><strong>Conmemoraci\u00f3n: <\/strong><a href=\"https:\/\/help.instagram.com\/264154560391256\"><span style=\"font-weight: 400\">Conmemoramos<\/span><\/a><span style=\"font-weight: 400\"> las cuentas cuando recibimos una solicitud de un amigo o familiar de alguien que ha fallecido, para ofrecer un espacio en el que las personas puedan presentar sus respetos, compartir recuerdos y apoyarse mutuamente. Cuando las cuentas se convierten en conmemorativas, nadie (excepto los contactos del legado en Facebook) puede iniciar sesi\u00f3n ni realizar cambios en las publicaciones o la configuraci\u00f3n existentes. Tambi\u00e9n a\u00f1adimos la palabra \u201cRecordando\u201d junto al nombre de las personas y no recomendamos la cuenta a nuevas personas. Nuestras Normas Comunitarias se aplican a las cuentas conmemorativas y eliminamos los comentarios infractores que se dejan en las publicaciones de estas cuentas siempre que tenemos conocimientos de estos.<\/span><\/li>\n<\/ul>\n<h3><span style=\"font-weight: 400\">Reducir la difusi\u00f3n de informaci\u00f3n falsa<\/span><\/h3>\n<ul>\n<li style=\"font-weight: 400\"><span style=\"font-weight: 400\">Trabajamos con terceros en la regi\u00f3n para desmentir afirmaciones falsas. Meta tiene la mayor red de verificaci\u00f3n de datos independiente de cualquier plataforma, con cobertura en \u00e1rabe y hebreo, a trav\u00e9s de AFP, Reuters y Fatabyyano. Cuando califican algo como falso, reducimos la visibilidad de ese contenido en el Feed.<\/span><\/li>\n<li style=\"font-weight: 400\"><span style=\"font-weight: 400\">Sabemos cu\u00e1n importante es la rapidez en momentos como este, por lo que hemos facilitado a los verificadores de datos la b\u00fasqueda y calificaci\u00f3n de contenidos relacionados con la guerra, utilizando la detecci\u00f3n de palabras clave para agrupar el contenido relacionado en un solo lugar.<\/span><\/li>\n<li style=\"font-weight: 400\"><span style=\"font-weight: 400\">Tambi\u00e9n, estamos dando a la gente m\u00e1s informaci\u00f3n para decidir qu\u00e9 leer, en qu\u00e9 confiar y qu\u00e9 compartir, a\u00f1adiendo etiquetas de advertencia en los contenidos calificados de falsos por verificadores de datos externos y aplicando etiquetas a los editores de medios de comunicaci\u00f3n controlados por el Estado.<\/span><\/li>\n<li style=\"font-weight: 400\"><span style=\"font-weight: 400\">Tambi\u00e9n limitamos el reenv\u00edo de mensajes y etiquetamos los mensajes que no proceden del remitente para que la gente sepa que se trata de informaci\u00f3n de terceros.<\/span><\/li>\n<\/ul>\n<h3><span style=\"font-weight: 400\">Controles de usuario<\/span><\/h3>\n<p><span style=\"font-weight: 400\">Seguimos proporcionando <\/span><a href=\"https:\/\/scontent-sea1-1.xx.fbcdn.net\/v\/t39.8562-6\/10000000_744850413510649_8406587274342177791_n.pdf?_nc_cat=108&amp;ccb=1-7&amp;_nc_sid=ae5e01&amp;_nc_ohc=dbnagZ6_ZhMAX9NiRA0&amp;_nc_ht=scontent-sea1-1.xx&amp;oh=00_AfCrh-vdO89fuzpSu3y7ehgIFcedHlvt--JsPKc7uFwGnQ&amp;oe=652CACAF\"><span style=\"font-weight: 400\">herramientas<\/span><\/a><span style=\"font-weight: 400\"> para ayudar a los usuarios a controlar su experiencia en nuestras aplicaciones y protegerse de contenidos que no desean ver. Estas incluyen, pero no se limitan a:<\/span><\/p>\n<ul>\n<li style=\"font-weight: 400\"><span style=\"font-weight: 400\"><strong>Palabras ocultas:<\/strong> Cuando est\u00e1 activada, Palabras ocultas filtra t\u00e9rminos y frases ofensivas de las solicitudes de DM y comentarios, para que la gente nunca tenga que verlos. Los usuarios pueden personalizar esta lista para asegurarse de que se ocultan los t\u00e9rminos que consideran ofensivos.<\/span><\/li>\n<li style=\"font-weight: 400\"><span style=\"font-weight: 400\"><strong>L\u00edmites:<\/strong> Cuando est\u00e1 activada, la opci\u00f3n L\u00edmites oculta autom\u00e1ticamente las solicitudes de DM y los comentarios en Instagram de personas que no te siguen o que te siguen desde hace poco.<\/span><\/li>\n<li style=\"font-weight: 400\"><span style=\"font-weight: 400\"><strong>Control de comentarios:<\/strong> Puedes controlar qui\u00e9n puede comentar tus publicaciones en Facebook e Instagram y elegir desactivar los comentarios por completo en cada publicaci\u00f3n.<\/span><\/li>\n<li style=\"font-weight: 400\"><span style=\"font-weight: 400\"><strong>Mostrar m\u00e1s, mostrar menos:<\/strong> Ofrece a los usuarios un control directo sobre el contenido que ven en su Feed de Facebook. Si seleccionas \u201cMostrar m\u00e1s\u201d, aumentar\u00e1 temporalmente la puntuaci\u00f3n de clasificaci\u00f3n de esa publicaci\u00f3n y de otras similares. Si seleccionas \u201cMostrar menos\u201d, disminuir\u00e1 temporalmente su puntuaci\u00f3n de clasificaci\u00f3n.<\/span><\/li>\n<li style=\"font-weight: 400\"><span style=\"font-weight: 400\"><strong>Reducir en Facebook:<\/strong> A trav\u00e9s de la configuraci\u00f3n de las preferencias del Feed de Facebook, los usuarios pueden aumentar el grado de calificaci\u00f3n de algunos contenidos para que los vean menos en su Feed. O, si lo prefieren, pueden desactivar por completo muchas de estas degradaciones. Tambi\u00e9n, pueden optar por mantener las clasificaciones actuales.<\/span><\/li>\n<li style=\"font-weight: 400\"><span style=\"font-weight: 400\"><strong>Control de contenido sensible:<\/strong> El Control de contenido sensible de Instagram permite a las personas elegir cu\u00e1nto contenido sensible ven en los lugares donde recomendamos contenido, como Explotar, Buscar, Reels y recomendaciones en Feed. Intentamos no recomendar contenido sensible en estos lugares de forma predeterminada, pero las personas tambi\u00e9n pueden elegir ver menos para reducir a\u00fan m\u00e1s la posibilidad de ver este contenido de cuentas que no siguen. <\/span><\/li>\n<\/ul>\n","protected":false},"excerpt":{"rendered":"Traducciones en hebreo y \u00e1rabe Actualizado el 18 de octubre de 2023: Tras el ataque terrorista de Ham\u00e1s contra Israel la semana pasada y la respuesta israel\u00ed en Gaza, nuestros equipos desplegaron una serie de medidas para hacer frente al aumento de contenidos nocivos y potencialmente da\u00f1inos difundidos en nuestras plataformas. Nuestras pol\u00edticas est\u00e1n dise\u00f1adas para mantener a las personas seguras en nuestras aplicaciones y, al mismo tiempo, darles voz a todos. Aplicamos estas pol\u00edticas por igual en todo el mundo y no es cierta la sugerencia de que estamos suprimiendo deliberadamente la libertad de expresi\u00f3n. Sin embargo, en nuestras plataformas no se permiten contenidos que glorifiquen a Ham\u00e1s, designada por Meta como Organizaci\u00f3n Peligrosa, ni contenidos violentos o gr\u00e1ficos. Podemos cometer errores y por eso ofrecemos un proceso de apelaci\u00f3n para que las personas puedan decirnos si creen que hemos tomado una decisi\u00f3n equivocada, y poder revisar el caso.\u00a0 Algunas actualizaciones y medidas adicionales que estamos tomando a medida que se desarrolla esta situaci\u00f3n:\u00a0 Arreglar bugs: La semana pasada identificamos y solucionamos algunos bugs.\u00a0 Uno de ellos afectaba a todas las Historias que volv\u00edan a compartir Reels y publicaciones en Instagram, lo que significaba que no se mostraban correctamente en las Historias de la gente, reduciendo significativamente el alcance. Este error afect\u00f3 a cuentas de todo el mundo, no solo a personas que intentaban publicar sobre lo que est\u00e1 ocurriendo en Israel y Gaza, y no ten\u00eda nada que ver con la tem\u00e1tica del contenido. Solucionamos este bug lo m\u00e1s pronto posible.\u00a0 Otro bug impidi\u00f3 a las personas hacer transmisiones en vivo en Facebook durante un breve periodo de tiempo. Tambi\u00e9n se trataba de un problema global que se solucion\u00f3 en pocas horas. Entendemos que la gente conf\u00eda en estas herramientas y sentimos el impacto de estos problemas.\u00a0 Configuraci\u00f3n de comentarios y perfiles:\u00a0 Como medida temporal para proteger a las personas de la regi\u00f3n de comentarios potencialmente no deseados, hemos:\u00a0 Cambiado la configuraci\u00f3n predeterminada para personas de la regi\u00f3n sobre qui\u00e9n puede comentar en las publicaciones p\u00fablicas de Facebook reci\u00e9n creadas, a Solo amigos y\/o seguidores establecidos. Los usuarios de todo el mundo pueden optar por utilizar esta configuraci\u00f3n y activarla o desactivarla en cualquier momento, y estamos notificando a las personas de la regi\u00f3n con instrucciones espec\u00edficas sobre c\u00f3mo cambiar esta configuraci\u00f3n.\u00a0 Hemos facilitado a los usuarios la eliminaci\u00f3n masiva de comentarios en sus publicaciones.\u00a0 Se ha desactivado la funci\u00f3n que normalmente muestra el primer comentario o los dos primeros debajo de las publicaciones.\u00a0 Recientemente hemos desplegado en la regi\u00f3n la herramienta Restringir tu perfil, que permite a los usuarios restringir su perfil de Facebook en un solo paso. Cuando el perfil de una persona est\u00e1 restringido, las personas que no son sus amigos no pueden descargar, ampliar o compartir su foto de perfil, ni pueden ver publicaciones u otras fotos en el perfil de una persona, independientemente de cu\u00e1ndo las haya publicado.\u00a0 Recaudaci\u00f3n de fondos en Facebook e Instagram:\u00a0 Desde el 7 de octubre, la gente ha recaudado m\u00e1s de 11.5 millones de d\u00f3lares para organizaciones sin fines de lucro en Facebook e Instagram para ayudar con los esfuerzos de asistencia en Israel y Palestina. Esto incluye m\u00e1s de 340,000 donaciones a 262 organizaciones de beneficencia que ofrecen ayuda en caso de cat\u00e1strofes, servicios de ambulancia y sangre, atenci\u00f3n m\u00e9dica y mucho m\u00e1s. Originalmente publicado el 13 de octubre de 2023: Como muchos, estamos conmocionados y horrorizados por los brutales atentados terroristas de Ham\u00e1s, y nuestros pensamientos est\u00e1n con los civiles que est\u00e1n sufriendo en Israel y Gaza conforme contin\u00faa la violencia. Desde los atentados terroristas de Ham\u00e1s contra Israel el s\u00e1bado y la respuesta de Israel en Gaza, especialistas de toda nuestra empresa han estado trabajando sin descanso para monitorear nuestras plataformas, protegiendo al mismo tiempo la capacidad de los usuarios para utilizar nuestras aplicaciones y tener acceso a informaci\u00f3n sobre los importantes acontecimientos que se est\u00e1n produciendo. Estas son algunas de las medidas concretas que hemos tomado: Acciones contra el contenido infractor R\u00e1pidamente establecimos un centro de operaciones especiales con expertos, entre ellos hablantes fluidos de hebreo y \u00e1rabe, para seguir de cerca y responder en tiempo real a esta situaci\u00f3n que evoluciona velozmente. Esto nos permite ser m\u00e1s eficientes al eliminar los contenidos que infringen nuestras Normas Comunitarias o Gu\u00edas de la Comunidad, y sirve como otra l\u00ednea de defensa contra la desinformaci\u00f3n. Seguimos aplicando nuestras pol\u00edticas sobre Personas y organizaciones peligrosas, Contenido violento y gr\u00e1fico, Lenguaje que incita al odio, Violencia e Incitaci\u00f3n, Bullying y Acoso, y Organizaci\u00f3n de actos da\u00f1inos. En los tres d\u00edas posteriores al 7 de octubre, eliminamos o marcamos como perturbadores m\u00e1s de 795,000 piezas de contenido por infringir estas pol\u00edticas en hebreo y \u00e1rabe. En comparaci\u00f3n con los dos meses anteriores, en los tres d\u00edas posteriores al 7 de octubre hemos eliminado siete veces m\u00e1s contenidos al d\u00eda por infringir nuestra pol\u00edtica de Organizaci\u00f3n de individuos Peligrosos, tan solo en hebreo y \u00e1rabe. Ham\u00e1s est\u00e1 designada por el gobierno estadounidense como Organizaci\u00f3n Terrorista Extranjera y Terrorista Global Especialmente Designada. Tambi\u00e9n, est\u00e1 incluida en la pol\u00edtica de Personas y Organizaciones Peligrosas de Meta. Esto significa que Ham\u00e1s est\u00e1 prohibida en nuestras plataformas, y eliminamos los elogios y el apoyo sustantivo a ellos cuando tenemos conocimiento de ello, sin dejar de permitir el discurso social y pol\u00edtico, como la informaci\u00f3n period\u00edstica, las cuestiones relacionadas con los derechos humanos, o la discusi\u00f3n acad\u00e9mica, neutral y condenatoria. Queremos reiterar que nuestras pol\u00edticas est\u00e1n dise\u00f1adas para dar voz a todo el mundo y mantener la seguridad en nuestras aplicaciones. Aplicamos estas pol\u00edticas independientemente de qui\u00e9n las publique o de sus creencias personales, y nunca es nuestra intenci\u00f3n suprimir una comunidad o un punto de vista concretos. Dado el aumento en el volumen de contenidos que nos denuncian, sabemos que contenidos que no infringen nuestras pol\u00edticas pueden ser eliminados por error. Para mitigar esta situaci\u00f3n, en el caso de algunas infracciones estamos eliminando temporalmente contenido sin que se produzcan faltas, lo que significa que esta eliminaci\u00f3n de contenidos no provocar\u00e1 la inhabilitaci\u00f3n de cuentas. Tambi\u00e9n, seguimos ofreciendo a los usuarios herramientas para apelar nuestras decisiones si creen que hemos cometido un error. Nuestros equipos est\u00e1n supervisando la situaci\u00f3n y, en algunos casos, est\u00e1n incluyendo temporalmente medidas limitadas, proporcionadas y sujetas a plazos para hacer frente a riesgos emergentes espec\u00edficos: Medidas m\u00e1s contundentes para evitar recomendar contenidos potencialmente infractores: Ya utilizamos tecnolog\u00eda para evitar recomendar contenidos potencialmente infractores en Facebook, Instagram y Threads. Estamos trabajando para reducir a\u00fan m\u00e1s la posibilidad de que esto ocurra mediante la reducci\u00f3n del umbral en el que nuestra tecnolog\u00eda toma medidas para evitar recomendar este tipo de contenido. Tambi\u00e9n, estamos tomando medidas para reducir la visibilidad de los comentarios potencialmente ofensivos en las publicaciones en Facebook. Violencia e incitaci\u00f3n: Con el fin de dar prioridad a la seguridad de los israel\u00edes secuestrados por Ham\u00e1s, estamos ampliando temporalmente nuestra pol\u00edtica de Violencia e Incitaci\u00f3n y eliminando contenidos que identifiquen claramente a los rehenes cuando tengamos conocimiento de ellos, incluso si se hace para condenar o generar conciencia sobre su situaci\u00f3n. Estamos permitiendo contenidos con im\u00e1genes borrosas de las v\u00edctimas, pero, en l\u00ednea con las normas establecidas por la Convenci\u00f3n de Ginebra, daremos prioridad a la seguridad y privacidad de las v\u00edctimas de secuestro si no estamos seguros o no podemos hacer una evaluaci\u00f3n clara. Bloqueo de hashtags: De acuerdo con nuestras normas, hemos restringido una serie de hashtags en Instagram despu\u00e9s de que nuestro equipo evaluar\u00e1 que el contenido asociado a esos hashtags infring\u00eda sistem\u00e1ticamente nuestras Normas Comunitarias. Esto significa que los hashtags no se pueden buscar, pero el contenido en s\u00ed no se eliminar\u00e1 a menos que infrinja nuestras pol\u00edticas. Facebook e Instagram Live: Reconocemos que la inmediatez de Live trae desaf\u00edos \u00fanicos por lo que tenemos restricciones en el uso de Live para las personas que han violado previamente ciertas pol\u00edticas. Estamos dando prioridad a los reportajes en directo relacionados con esta crisis, m\u00e1s all\u00e1 de nuestra actual priorizaci\u00f3n de los v\u00eddeos en directo. Tambi\u00e9n, somos conscientes de las amenazas de Ham\u00e1s de difundir im\u00e1genes de los rehenes y nos tomamos estas amenazas muy en serio. Nuestros equipos est\u00e1n vigilando de cerca este asunto y eliminar\u00e1n r\u00e1pidamente cualquier contenido de este tipo (y las cuentas que est\u00e9n detr\u00e1s), almacenando el contenido en nuestros sistemas para evitar que se vuelvan a compartir copias. Estamos recibiendo informaci\u00f3n de los socios locales sobre los riesgos emergentes y actuando con rapidez para abordarlos. Reconocemos que el contexto local y los conocimientos ling\u00fc\u00edsticos espec\u00edficos son esenciales para este trabajo, por lo que seguiremos en estrecha comunicaci\u00f3n con expertos, instituciones asociadas y organizaciones no gubernamentales. Seguridad y protecci\u00f3n Comportamiento Inaut\u00e9ntico Coordinado (CIB): Nuestros equipos han detectado y eliminado un grupo de actividades vinculadas a una operaci\u00f3n encubierta de influencia que eliminamos y atribuimos a Ham\u00e1s en 2021. Estas cuentas falsas intentaron restablecer su presencia en nuestras plataformas. Seguimos vigilando y tomando medidas contra los comportamientos adversos violentos en la regi\u00f3n. Conmemoraci\u00f3n: Conmemoramos las cuentas cuando recibimos una solicitud de un amigo o familiar de alguien que ha fallecido, para ofrecer un espacio en el que las personas puedan presentar sus respetos, compartir recuerdos y apoyarse mutuamente. Cuando las cuentas se convierten en conmemorativas, nadie (excepto los contactos del legado en Facebook) puede iniciar sesi\u00f3n ni realizar cambios en las publicaciones o la configuraci\u00f3n existentes. Tambi\u00e9n a\u00f1adimos la palabra \u201cRecordando\u201d junto al nombre de las personas y no recomendamos la cuenta a nuevas personas. Nuestras Normas Comunitarias se aplican a las cuentas conmemorativas y eliminamos los comentarios infractores que se dejan en las publicaciones de estas cuentas siempre que tenemos conocimientos de estos. Reducir la difusi\u00f3n de informaci\u00f3n falsa Trabajamos con terceros en la regi\u00f3n para desmentir afirmaciones falsas. Meta tiene la mayor red de verificaci\u00f3n de datos independiente de cualquier plataforma, con cobertura en \u00e1rabe y hebreo, a trav\u00e9s de AFP, Reuters y Fatabyyano. Cuando califican algo como falso, reducimos la visibilidad de ese contenido en el Feed. Sabemos cu\u00e1n importante es la rapidez en momentos como este, por lo que hemos facilitado a los verificadores de datos la b\u00fasqueda y calificaci\u00f3n de contenidos relacionados con la guerra, utilizando la detecci\u00f3n de palabras clave para agrupar el contenido relacionado en un solo lugar. Tambi\u00e9n, estamos dando a la gente m\u00e1s informaci\u00f3n para decidir qu\u00e9 leer, en qu\u00e9 confiar y qu\u00e9 compartir, a\u00f1adiendo etiquetas de advertencia en los contenidos calificados de falsos por verificadores de datos externos y aplicando etiquetas a los editores de medios de comunicaci\u00f3n controlados por el Estado. Tambi\u00e9n limitamos el reenv\u00edo de mensajes y etiquetamos los mensajes que no proceden del remitente para que la gente sepa que se trata de informaci\u00f3n de terceros. Controles de usuario Seguimos proporcionando herramientas para ayudar a los usuarios a controlar su experiencia en nuestras aplicaciones y protegerse de contenidos que no desean ver. Estas incluyen, pero no se limitan a: Palabras ocultas: Cuando est\u00e1 activada, Palabras ocultas filtra t\u00e9rminos y frases ofensivas de las solicitudes de DM y comentarios, para que la gente nunca tenga que verlos. Los usuarios pueden personalizar esta lista para asegurarse de que se ocultan los t\u00e9rminos que consideran ofensivos. L\u00edmites: Cuando est\u00e1 activada, la opci\u00f3n L\u00edmites oculta autom\u00e1ticamente las solicitudes de DM y los comentarios en Instagram de personas que no te siguen o que te siguen desde hace poco. Control de comentarios: Puedes controlar qui\u00e9n puede comentar tus publicaciones en Facebook e Instagram y elegir desactivar los comentarios por completo en cada publicaci\u00f3n. Mostrar m\u00e1s, mostrar menos: Ofrece a los usuarios un control directo sobre el contenido que ven en su Feed de Facebook. Si seleccionas \u201cMostrar m\u00e1s\u201d, aumentar\u00e1 temporalmente la puntuaci\u00f3n de clasificaci\u00f3n de esa publicaci\u00f3n y de otras similares. Si seleccionas \u201cMostrar menos\u201d, disminuir\u00e1 temporalmente su puntuaci\u00f3n de clasificaci\u00f3n. Reducir en Facebook: A trav\u00e9s de la configuraci\u00f3n de las preferencias del Feed de Facebook, los usuarios pueden aumentar el grado de calificaci\u00f3n de algunos contenidos para que los vean menos en su Feed. O, si lo prefieren, pueden desactivar por completo muchas de estas degradaciones. Tambi\u00e9n, pueden optar por mantener las clasificaciones actuales. Control de contenido sensible: El Control de contenido sensible de Instagram permite a las personas elegir cu\u00e1nto contenido sensible ven en los lugares donde recomendamos contenido, como Explotar, Buscar, Reels y recomendaciones en Feed. Intentamos no recomendar contenido sensible en estos lugares de forma predeterminada, pero las personas tambi\u00e9n pueden elegir ver menos para reducir a\u00fan m\u00e1s la posibilidad de ver este contenido de cuentas que no siguen.","protected":false},"author":164097140,"featured_media":0,"comment_status":"closed","ping_status":"closed","sticky":false,"template":"","format":"standard","meta":{"_jetpack_memberships_contains_paid_content":false,"footnotes":""},"categories":[243948155,243947992,243948083],"tags":[],"class_list":["post-24914","post","type-post","status-publish","format-standard","hentry","category-meta-2","category-politica-publica","category-seguridad-expresion"],"yoast_head":"<!-- This site is optimized with the Yoast SEO plugin v27.2 - https:\/\/yoast.com\/product\/yoast-seo-wordpress\/ -->\n<title>Esfuerzos continuos de Meta en relaci\u00f3n con la guerra entre Israel y Ham\u00e1s | Acerca de Meta<\/title>\n<meta name=\"robots\" content=\"index, follow, max-snippet:-1, max-image-preview:large, max-video-preview:-1\" \/>\n<link rel=\"canonical\" href=\"https:\/\/about.fb.com\/ltam\/news\/2023\/10\/esfuerzos-continuos-de-meta-en-relacion-con-la-guerra-entre-israel-y-hamas\/\" \/>\n<meta property=\"og:locale\" content=\"es_ES\" \/>\n<meta property=\"og:type\" content=\"article\" \/>\n<meta property=\"og:title\" content=\"Esfuerzos continuos de Meta en relaci\u00f3n con la guerra entre Israel y Ham\u00e1s | Acerca de Meta\" \/>\n<meta property=\"og:description\" content=\"Traducciones en hebreo y \u00e1rabe Actualizado el 18 de octubre de 2023: Tras el ataque terrorista de Ham\u00e1s contra Israel la semana pasada y la respuesta israel\u00ed en Gaza, nuestros equipos desplegaron una serie de medidas para hacer frente al aumento de contenidos nocivos y potencialmente da\u00f1inos difundidos en nuestras plataformas. Nuestras pol\u00edticas est\u00e1n dise\u00f1adas para mantener a las personas seguras en nuestras aplicaciones y, al mismo tiempo, darles voz a todos. Aplicamos estas pol\u00edticas por igual en todo el mundo y no es cierta la sugerencia de que estamos suprimiendo deliberadamente la libertad de expresi\u00f3n. Sin embargo, en nuestras plataformas no se permiten contenidos que glorifiquen a Ham\u00e1s, designada por Meta como Organizaci\u00f3n Peligrosa, ni contenidos violentos o gr\u00e1ficos. Podemos cometer errores y por eso ofrecemos un proceso de apelaci\u00f3n para que las personas puedan decirnos si creen que hemos tomado una decisi\u00f3n equivocada, y poder revisar el caso.\u00a0 Algunas actualizaciones y medidas adicionales que estamos tomando a medida que se desarrolla esta situaci\u00f3n:\u00a0 Arreglar bugs: La semana pasada identificamos y solucionamos algunos bugs.\u00a0 Uno de ellos afectaba a todas las Historias que volv\u00edan a compartir Reels y publicaciones en Instagram, lo que significaba que no se mostraban correctamente en las Historias de la gente, reduciendo significativamente el alcance. Este error afect\u00f3 a cuentas de todo el mundo, no solo a personas que intentaban publicar sobre lo que est\u00e1 ocurriendo en Israel y Gaza, y no ten\u00eda nada que ver con la tem\u00e1tica del contenido. Solucionamos este bug lo m\u00e1s pronto posible.\u00a0 Otro bug impidi\u00f3 a las personas hacer transmisiones en vivo en Facebook durante un breve periodo de tiempo. Tambi\u00e9n se trataba de un problema global que se solucion\u00f3 en pocas horas. Entendemos que la gente conf\u00eda en estas herramientas y sentimos el impacto de estos problemas.\u00a0 Configuraci\u00f3n de comentarios y perfiles:\u00a0 Como medida temporal para proteger a las personas de la regi\u00f3n de comentarios potencialmente no deseados, hemos:\u00a0 Cambiado la configuraci\u00f3n predeterminada para personas de la regi\u00f3n sobre qui\u00e9n puede comentar en las publicaciones p\u00fablicas de Facebook reci\u00e9n creadas, a Solo amigos y\/o seguidores establecidos. Los usuarios de todo el mundo pueden optar por utilizar esta configuraci\u00f3n y activarla o desactivarla en cualquier momento, y estamos notificando a las personas de la regi\u00f3n con instrucciones espec\u00edficas sobre c\u00f3mo cambiar esta configuraci\u00f3n.\u00a0 Hemos facilitado a los usuarios la eliminaci\u00f3n masiva de comentarios en sus publicaciones.\u00a0 Se ha desactivado la funci\u00f3n que normalmente muestra el primer comentario o los dos primeros debajo de las publicaciones.\u00a0 Recientemente hemos desplegado en la regi\u00f3n la herramienta Restringir tu perfil, que permite a los usuarios restringir su perfil de Facebook en un solo paso. Cuando el perfil de una persona est\u00e1 restringido, las personas que no son sus amigos no pueden descargar, ampliar o compartir su foto de perfil, ni pueden ver publicaciones u otras fotos en el perfil de una persona, independientemente de cu\u00e1ndo las haya publicado.\u00a0 Recaudaci\u00f3n de fondos en Facebook e Instagram:\u00a0 Desde el 7 de octubre, la gente ha recaudado m\u00e1s de 11.5 millones de d\u00f3lares para organizaciones sin fines de lucro en Facebook e Instagram para ayudar con los esfuerzos de asistencia en Israel y Palestina. Esto incluye m\u00e1s de 340,000 donaciones a 262 organizaciones de beneficencia que ofrecen ayuda en caso de cat\u00e1strofes, servicios de ambulancia y sangre, atenci\u00f3n m\u00e9dica y mucho m\u00e1s. Originalmente publicado el 13 de octubre de 2023: Como muchos, estamos conmocionados y horrorizados por los brutales atentados terroristas de Ham\u00e1s, y nuestros pensamientos est\u00e1n con los civiles que est\u00e1n sufriendo en Israel y Gaza conforme contin\u00faa la violencia. Desde los atentados terroristas de Ham\u00e1s contra Israel el s\u00e1bado y la respuesta de Israel en Gaza, especialistas de toda nuestra empresa han estado trabajando sin descanso para monitorear nuestras plataformas, protegiendo al mismo tiempo la capacidad de los usuarios para utilizar nuestras aplicaciones y tener acceso a informaci\u00f3n sobre los importantes acontecimientos que se est\u00e1n produciendo. Estas son algunas de las medidas concretas que hemos tomado: Acciones contra el contenido infractor R\u00e1pidamente establecimos un centro de operaciones especiales con expertos, entre ellos hablantes fluidos de hebreo y \u00e1rabe, para seguir de cerca y responder en tiempo real a esta situaci\u00f3n que evoluciona velozmente. Esto nos permite ser m\u00e1s eficientes al eliminar los contenidos que infringen nuestras Normas Comunitarias o Gu\u00edas de la Comunidad, y sirve como otra l\u00ednea de defensa contra la desinformaci\u00f3n. Seguimos aplicando nuestras pol\u00edticas sobre Personas y organizaciones peligrosas, Contenido violento y gr\u00e1fico, Lenguaje que incita al odio, Violencia e Incitaci\u00f3n, Bullying y Acoso, y Organizaci\u00f3n de actos da\u00f1inos. En los tres d\u00edas posteriores al 7 de octubre, eliminamos o marcamos como perturbadores m\u00e1s de 795,000 piezas de contenido por infringir estas pol\u00edticas en hebreo y \u00e1rabe. En comparaci\u00f3n con los dos meses anteriores, en los tres d\u00edas posteriores al 7 de octubre hemos eliminado siete veces m\u00e1s contenidos al d\u00eda por infringir nuestra pol\u00edtica de Organizaci\u00f3n de individuos Peligrosos, tan solo en hebreo y \u00e1rabe. Ham\u00e1s est\u00e1 designada por el gobierno estadounidense como Organizaci\u00f3n Terrorista Extranjera y Terrorista Global Especialmente Designada. Tambi\u00e9n, est\u00e1 incluida en la pol\u00edtica de Personas y Organizaciones Peligrosas de Meta. Esto significa que Ham\u00e1s est\u00e1 prohibida en nuestras plataformas, y eliminamos los elogios y el apoyo sustantivo a ellos cuando tenemos conocimiento de ello, sin dejar de permitir el discurso social y pol\u00edtico, como la informaci\u00f3n period\u00edstica, las cuestiones relacionadas con los derechos humanos, o la discusi\u00f3n acad\u00e9mica, neutral y condenatoria. Queremos reiterar que nuestras pol\u00edticas est\u00e1n dise\u00f1adas para dar voz a todo el mundo y mantener la seguridad en nuestras aplicaciones. Aplicamos estas pol\u00edticas independientemente de qui\u00e9n las publique o de sus creencias personales, y nunca es nuestra intenci\u00f3n suprimir una comunidad o un punto de vista concretos. Dado el aumento en el volumen de contenidos que nos denuncian, sabemos que contenidos que no infringen nuestras pol\u00edticas pueden ser eliminados por error. Para mitigar esta situaci\u00f3n, en el caso de algunas infracciones estamos eliminando temporalmente contenido sin que se produzcan faltas, lo que significa que esta eliminaci\u00f3n de contenidos no provocar\u00e1 la inhabilitaci\u00f3n de cuentas. Tambi\u00e9n, seguimos ofreciendo a los usuarios herramientas para apelar nuestras decisiones si creen que hemos cometido un error. Nuestros equipos est\u00e1n supervisando la situaci\u00f3n y, en algunos casos, est\u00e1n incluyendo temporalmente medidas limitadas, proporcionadas y sujetas a plazos para hacer frente a riesgos emergentes espec\u00edficos: Medidas m\u00e1s contundentes para evitar recomendar contenidos potencialmente infractores: Ya utilizamos tecnolog\u00eda para evitar recomendar contenidos potencialmente infractores en Facebook, Instagram y Threads. Estamos trabajando para reducir a\u00fan m\u00e1s la posibilidad de que esto ocurra mediante la reducci\u00f3n del umbral en el que nuestra tecnolog\u00eda toma medidas para evitar recomendar este tipo de contenido. Tambi\u00e9n, estamos tomando medidas para reducir la visibilidad de los comentarios potencialmente ofensivos en las publicaciones en Facebook. Violencia e incitaci\u00f3n: Con el fin de dar prioridad a la seguridad de los israel\u00edes secuestrados por Ham\u00e1s, estamos ampliando temporalmente nuestra pol\u00edtica de Violencia e Incitaci\u00f3n y eliminando contenidos que identifiquen claramente a los rehenes cuando tengamos conocimiento de ellos, incluso si se hace para condenar o generar conciencia sobre su situaci\u00f3n. Estamos permitiendo contenidos con im\u00e1genes borrosas de las v\u00edctimas, pero, en l\u00ednea con las normas establecidas por la Convenci\u00f3n de Ginebra, daremos prioridad a la seguridad y privacidad de las v\u00edctimas de secuestro si no estamos seguros o no podemos hacer una evaluaci\u00f3n clara. Bloqueo de hashtags: De acuerdo con nuestras normas, hemos restringido una serie de hashtags en Instagram despu\u00e9s de que nuestro equipo evaluar\u00e1 que el contenido asociado a esos hashtags infring\u00eda sistem\u00e1ticamente nuestras Normas Comunitarias. Esto significa que los hashtags no se pueden buscar, pero el contenido en s\u00ed no se eliminar\u00e1 a menos que infrinja nuestras pol\u00edticas. Facebook e Instagram Live: Reconocemos que la inmediatez de Live trae desaf\u00edos \u00fanicos por lo que tenemos restricciones en el uso de Live para las personas que han violado previamente ciertas pol\u00edticas. Estamos dando prioridad a los reportajes en directo relacionados con esta crisis, m\u00e1s all\u00e1 de nuestra actual priorizaci\u00f3n de los v\u00eddeos en directo. Tambi\u00e9n, somos conscientes de las amenazas de Ham\u00e1s de difundir im\u00e1genes de los rehenes y nos tomamos estas amenazas muy en serio. Nuestros equipos est\u00e1n vigilando de cerca este asunto y eliminar\u00e1n r\u00e1pidamente cualquier contenido de este tipo (y las cuentas que est\u00e9n detr\u00e1s), almacenando el contenido en nuestros sistemas para evitar que se vuelvan a compartir copias. Estamos recibiendo informaci\u00f3n de los socios locales sobre los riesgos emergentes y actuando con rapidez para abordarlos. Reconocemos que el contexto local y los conocimientos ling\u00fc\u00edsticos espec\u00edficos son esenciales para este trabajo, por lo que seguiremos en estrecha comunicaci\u00f3n con expertos, instituciones asociadas y organizaciones no gubernamentales. Seguridad y protecci\u00f3n Comportamiento Inaut\u00e9ntico Coordinado (CIB): Nuestros equipos han detectado y eliminado un grupo de actividades vinculadas a una operaci\u00f3n encubierta de influencia que eliminamos y atribuimos a Ham\u00e1s en 2021. Estas cuentas falsas intentaron restablecer su presencia en nuestras plataformas. Seguimos vigilando y tomando medidas contra los comportamientos adversos violentos en la regi\u00f3n. Conmemoraci\u00f3n: Conmemoramos las cuentas cuando recibimos una solicitud de un amigo o familiar de alguien que ha fallecido, para ofrecer un espacio en el que las personas puedan presentar sus respetos, compartir recuerdos y apoyarse mutuamente. Cuando las cuentas se convierten en conmemorativas, nadie (excepto los contactos del legado en Facebook) puede iniciar sesi\u00f3n ni realizar cambios en las publicaciones o la configuraci\u00f3n existentes. Tambi\u00e9n a\u00f1adimos la palabra \u201cRecordando\u201d junto al nombre de las personas y no recomendamos la cuenta a nuevas personas. Nuestras Normas Comunitarias se aplican a las cuentas conmemorativas y eliminamos los comentarios infractores que se dejan en las publicaciones de estas cuentas siempre que tenemos conocimientos de estos. Reducir la difusi\u00f3n de informaci\u00f3n falsa Trabajamos con terceros en la regi\u00f3n para desmentir afirmaciones falsas. Meta tiene la mayor red de verificaci\u00f3n de datos independiente de cualquier plataforma, con cobertura en \u00e1rabe y hebreo, a trav\u00e9s de AFP, Reuters y Fatabyyano. Cuando califican algo como falso, reducimos la visibilidad de ese contenido en el Feed. Sabemos cu\u00e1n importante es la rapidez en momentos como este, por lo que hemos facilitado a los verificadores de datos la b\u00fasqueda y calificaci\u00f3n de contenidos relacionados con la guerra, utilizando la detecci\u00f3n de palabras clave para agrupar el contenido relacionado en un solo lugar. Tambi\u00e9n, estamos dando a la gente m\u00e1s informaci\u00f3n para decidir qu\u00e9 leer, en qu\u00e9 confiar y qu\u00e9 compartir, a\u00f1adiendo etiquetas de advertencia en los contenidos calificados de falsos por verificadores de datos externos y aplicando etiquetas a los editores de medios de comunicaci\u00f3n controlados por el Estado. Tambi\u00e9n limitamos el reenv\u00edo de mensajes y etiquetamos los mensajes que no proceden del remitente para que la gente sepa que se trata de informaci\u00f3n de terceros. Controles de usuario Seguimos proporcionando herramientas para ayudar a los usuarios a controlar su experiencia en nuestras aplicaciones y protegerse de contenidos que no desean ver. Estas incluyen, pero no se limitan a: Palabras ocultas: Cuando est\u00e1 activada, Palabras ocultas filtra t\u00e9rminos y frases ofensivas de las solicitudes de DM y comentarios, para que la gente nunca tenga que verlos. Los usuarios pueden personalizar esta lista para asegurarse de que se ocultan los t\u00e9rminos que consideran ofensivos. L\u00edmites: Cuando est\u00e1 activada, la opci\u00f3n L\u00edmites oculta autom\u00e1ticamente las solicitudes de DM y los comentarios en Instagram de personas que no te siguen o que te siguen desde hace poco. Control de comentarios: Puedes controlar qui\u00e9n puede comentar tus publicaciones en Facebook e Instagram y elegir desactivar los comentarios por completo en cada publicaci\u00f3n. Mostrar m\u00e1s, mostrar menos: Ofrece a los usuarios un control directo sobre el contenido que ven en su Feed de Facebook. Si seleccionas \u201cMostrar m\u00e1s\u201d, aumentar\u00e1 temporalmente la puntuaci\u00f3n de clasificaci\u00f3n de esa publicaci\u00f3n y de otras similares. Si seleccionas \u201cMostrar menos\u201d, disminuir\u00e1 temporalmente su puntuaci\u00f3n de clasificaci\u00f3n. Reducir en Facebook: A trav\u00e9s de la configuraci\u00f3n de las preferencias del Feed de Facebook, los usuarios pueden aumentar el grado de calificaci\u00f3n de algunos contenidos para que los vean menos en su Feed. O, si lo prefieren, pueden desactivar por completo muchas de estas degradaciones. Tambi\u00e9n, pueden optar por mantener las clasificaciones actuales. Control de contenido sensible: El Control de contenido sensible de Instagram permite a las personas elegir cu\u00e1nto contenido sensible ven en los lugares donde recomendamos contenido, como Explotar, Buscar, Reels y recomendaciones en Feed. Intentamos no recomendar contenido sensible en estos lugares de forma predeterminada, pero las personas tambi\u00e9n pueden elegir ver menos para reducir a\u00fan m\u00e1s la posibilidad de ver este contenido de cuentas que no siguen.\" \/>\n<meta property=\"og:url\" content=\"https:\/\/about.fb.com\/ltam\/news\/2023\/10\/esfuerzos-continuos-de-meta-en-relacion-con-la-guerra-entre-israel-y-hamas\/\" \/>\n<meta property=\"og:site_name\" content=\"Acerca de Meta\" \/>\n<meta property=\"article:published_time\" content=\"2023-10-13T17:50:15+00:00\" \/>\n<meta property=\"article:modified_time\" content=\"2023-10-18T22:00:32+00:00\" \/>\n<meta property=\"og:image\" content=\"https:\/\/about.fb.com\/ltam\/wp-content\/uploads\/sites\/14\/2021\/10\/meta-social-16x9-1.jpg?resize=1024,576\" \/>\n\t<meta property=\"og:image:width\" content=\"1024\" \/>\n\t<meta property=\"og:image:height\" content=\"576\" \/>\n\t<meta property=\"og:image:type\" content=\"image\/jpeg\" \/>\n<meta name=\"author\" content=\"eortiz\" \/>\n<meta name=\"twitter:card\" content=\"summary_large_image\" \/>\n<meta name=\"twitter:label1\" content=\"Written by\" \/>\n\t<meta name=\"twitter:data1\" content=\"Meta\" \/>\n\t<meta name=\"twitter:label2\" content=\"Est. reading time\" \/>\n\t<meta name=\"twitter:data2\" content=\"10 minutos\" \/>\n<script type=\"application\/ld+json\" class=\"yoast-schema-graph\">{\"@context\":\"https:\/\/schema.org\",\"@graph\":[{\"@type\":\"Article\",\"@id\":\"https:\/\/about.fb.com\/ltam\/news\/2023\/10\/esfuerzos-continuos-de-meta-en-relacion-con-la-guerra-entre-israel-y-hamas\/#article\",\"isPartOf\":{\"@id\":\"https:\/\/about.fb.com\/ltam\/news\/2023\/10\/esfuerzos-continuos-de-meta-en-relacion-con-la-guerra-entre-israel-y-hamas\/\"},\"author\":\"Facebook company\",\"headline\":\"Esfuerzos continuos de Meta en relaci\u00f3n con la guerra entre Israel y Ham\u00e1s\",\"datePublished\":\"2023-10-13T17:50:15+00:00\",\"dateModified\":\"2023-10-18T22:00:32+00:00\",\"mainEntityOfPage\":{\"@id\":\"https:\/\/about.fb.com\/ltam\/news\/2023\/10\/esfuerzos-continuos-de-meta-en-relacion-con-la-guerra-entre-israel-y-hamas\/\"},\"wordCount\":2275,\"publisher\":{\"@id\":\"https:\/\/about.fb.com\/ltam\/#organization\"},\"articleSection\":[\"Meta\",\"Pol\u00edtica P\u00fablica\",\"Seguridad &amp; Expresi\u00f3n\"],\"inLanguage\":\"es\"},{\"@type\":\"WebPage\",\"@id\":\"https:\/\/about.fb.com\/ltam\/news\/2023\/10\/esfuerzos-continuos-de-meta-en-relacion-con-la-guerra-entre-israel-y-hamas\/\",\"url\":\"https:\/\/about.fb.com\/ltam\/news\/2023\/10\/esfuerzos-continuos-de-meta-en-relacion-con-la-guerra-entre-israel-y-hamas\/\",\"name\":\"Esfuerzos continuos de Meta en relaci\u00f3n con la guerra entre Israel y Ham\u00e1s | Acerca de Meta\",\"isPartOf\":{\"@id\":\"https:\/\/about.fb.com\/ltam\/#website\"},\"datePublished\":\"2023-10-13T17:50:15+00:00\",\"dateModified\":\"2023-10-18T22:00:32+00:00\",\"breadcrumb\":{\"@id\":\"https:\/\/about.fb.com\/ltam\/news\/2023\/10\/esfuerzos-continuos-de-meta-en-relacion-con-la-guerra-entre-israel-y-hamas\/#breadcrumb\"},\"inLanguage\":\"es\",\"potentialAction\":[{\"@type\":\"ReadAction\",\"target\":[\"https:\/\/about.fb.com\/ltam\/news\/2023\/10\/esfuerzos-continuos-de-meta-en-relacion-con-la-guerra-entre-israel-y-hamas\/\"]}],\"author\":\"Acerca de Meta\"},{\"@type\":\"BreadcrumbList\",\"@id\":\"https:\/\/about.fb.com\/ltam\/news\/2023\/10\/esfuerzos-continuos-de-meta-en-relacion-con-la-guerra-entre-israel-y-hamas\/#breadcrumb\",\"itemListElement\":[{\"@type\":\"ListItem\",\"position\":1,\"name\":\"Home\",\"item\":\"https:\/\/about.fb.com\/ltam\/\"},{\"@type\":\"ListItem\",\"position\":2,\"name\":\"Esfuerzos continuos de Meta en relaci\u00f3n con la guerra entre Israel y Ham\u00e1s\"}]},{\"@type\":\"WebSite\",\"@id\":\"https:\/\/about.fb.com\/ltam\/#website\",\"url\":\"https:\/\/about.fb.com\/news\/\",\"name\":\"Acerca de Meta\",\"description\":\"\",\"publisher\":{\"@id\":\"https:\/\/about.fb.com\/ltam\/#organization\"},\"potentialAction\":[{\"@type\":\"SearchAction\",\"target\":{\"@type\":\"EntryPoint\",\"urlTemplate\":\"https:\/\/about.fb.com\/ltam\/?s={search_term_string}\"},\"query-input\":{\"@type\":\"PropertyValueSpecification\",\"valueRequired\":true,\"valueName\":\"search_term_string\"}}],\"inLanguage\":\"es\",\"alternateName\":[\"Meta Newsroom\",\"Meta\"]},{\"@type\":\"Organization\",\"@id\":\"https:\/\/about.fb.com\/ltam\/#organization\",\"name\":\"Meta\",\"url\":\"https:\/\/about.fb.com\/ltam\/\",\"logo\":{\"@type\":\"ImageObject\",\"inLanguage\":\"es\",\"@id\":\"https:\/\/about.fb.com\/ltam\/#\/schema\/logo\/image\/\",\"url\":\"https:\/\/about.fb.com\/ltam\/wp-content\/uploads\/sites\/14\/2021\/10\/meta-social-16x9-1.jpg?fit=8000%2C4500\",\"contentUrl\":\"https:\/\/about.fb.com\/ltam\/wp-content\/uploads\/sites\/14\/2021\/10\/meta-social-16x9-1.jpg?fit=8000%2C4500\",\"width\":8000,\"height\":4500,\"caption\":\"Meta\"},\"image\":{\"@id\":\"https:\/\/about.fb.com\/ltam\/#\/schema\/logo\/image\/\"}}]}<\/script>\n<!-- \/ Yoast SEO plugin. -->","yoast_head_json":{"title":"Esfuerzos continuos de Meta en relaci\u00f3n con la guerra entre Israel y Ham\u00e1s | Acerca de Meta","robots":{"index":"index","follow":"follow","max-snippet":"max-snippet:-1","max-image-preview":"max-image-preview:large","max-video-preview":"max-video-preview:-1"},"canonical":"https:\/\/about.fb.com\/ltam\/news\/2023\/10\/esfuerzos-continuos-de-meta-en-relacion-con-la-guerra-entre-israel-y-hamas\/","og_locale":"es_ES","og_type":"article","og_title":"Esfuerzos continuos de Meta en relaci\u00f3n con la guerra entre Israel y Ham\u00e1s | Acerca de Meta","og_description":"Traducciones en hebreo y \u00e1rabe Actualizado el 18 de octubre de 2023: Tras el ataque terrorista de Ham\u00e1s contra Israel la semana pasada y la respuesta israel\u00ed en Gaza, nuestros equipos desplegaron una serie de medidas para hacer frente al aumento de contenidos nocivos y potencialmente da\u00f1inos difundidos en nuestras plataformas. Nuestras pol\u00edticas est\u00e1n dise\u00f1adas para mantener a las personas seguras en nuestras aplicaciones y, al mismo tiempo, darles voz a todos. Aplicamos estas pol\u00edticas por igual en todo el mundo y no es cierta la sugerencia de que estamos suprimiendo deliberadamente la libertad de expresi\u00f3n. Sin embargo, en nuestras plataformas no se permiten contenidos que glorifiquen a Ham\u00e1s, designada por Meta como Organizaci\u00f3n Peligrosa, ni contenidos violentos o gr\u00e1ficos. Podemos cometer errores y por eso ofrecemos un proceso de apelaci\u00f3n para que las personas puedan decirnos si creen que hemos tomado una decisi\u00f3n equivocada, y poder revisar el caso.\u00a0 Algunas actualizaciones y medidas adicionales que estamos tomando a medida que se desarrolla esta situaci\u00f3n:\u00a0 Arreglar bugs: La semana pasada identificamos y solucionamos algunos bugs.\u00a0 Uno de ellos afectaba a todas las Historias que volv\u00edan a compartir Reels y publicaciones en Instagram, lo que significaba que no se mostraban correctamente en las Historias de la gente, reduciendo significativamente el alcance. Este error afect\u00f3 a cuentas de todo el mundo, no solo a personas que intentaban publicar sobre lo que est\u00e1 ocurriendo en Israel y Gaza, y no ten\u00eda nada que ver con la tem\u00e1tica del contenido. Solucionamos este bug lo m\u00e1s pronto posible.\u00a0 Otro bug impidi\u00f3 a las personas hacer transmisiones en vivo en Facebook durante un breve periodo de tiempo. Tambi\u00e9n se trataba de un problema global que se solucion\u00f3 en pocas horas. Entendemos que la gente conf\u00eda en estas herramientas y sentimos el impacto de estos problemas.\u00a0 Configuraci\u00f3n de comentarios y perfiles:\u00a0 Como medida temporal para proteger a las personas de la regi\u00f3n de comentarios potencialmente no deseados, hemos:\u00a0 Cambiado la configuraci\u00f3n predeterminada para personas de la regi\u00f3n sobre qui\u00e9n puede comentar en las publicaciones p\u00fablicas de Facebook reci\u00e9n creadas, a Solo amigos y\/o seguidores establecidos. Los usuarios de todo el mundo pueden optar por utilizar esta configuraci\u00f3n y activarla o desactivarla en cualquier momento, y estamos notificando a las personas de la regi\u00f3n con instrucciones espec\u00edficas sobre c\u00f3mo cambiar esta configuraci\u00f3n.\u00a0 Hemos facilitado a los usuarios la eliminaci\u00f3n masiva de comentarios en sus publicaciones.\u00a0 Se ha desactivado la funci\u00f3n que normalmente muestra el primer comentario o los dos primeros debajo de las publicaciones.\u00a0 Recientemente hemos desplegado en la regi\u00f3n la herramienta Restringir tu perfil, que permite a los usuarios restringir su perfil de Facebook en un solo paso. Cuando el perfil de una persona est\u00e1 restringido, las personas que no son sus amigos no pueden descargar, ampliar o compartir su foto de perfil, ni pueden ver publicaciones u otras fotos en el perfil de una persona, independientemente de cu\u00e1ndo las haya publicado.\u00a0 Recaudaci\u00f3n de fondos en Facebook e Instagram:\u00a0 Desde el 7 de octubre, la gente ha recaudado m\u00e1s de 11.5 millones de d\u00f3lares para organizaciones sin fines de lucro en Facebook e Instagram para ayudar con los esfuerzos de asistencia en Israel y Palestina. Esto incluye m\u00e1s de 340,000 donaciones a 262 organizaciones de beneficencia que ofrecen ayuda en caso de cat\u00e1strofes, servicios de ambulancia y sangre, atenci\u00f3n m\u00e9dica y mucho m\u00e1s. Originalmente publicado el 13 de octubre de 2023: Como muchos, estamos conmocionados y horrorizados por los brutales atentados terroristas de Ham\u00e1s, y nuestros pensamientos est\u00e1n con los civiles que est\u00e1n sufriendo en Israel y Gaza conforme contin\u00faa la violencia. Desde los atentados terroristas de Ham\u00e1s contra Israel el s\u00e1bado y la respuesta de Israel en Gaza, especialistas de toda nuestra empresa han estado trabajando sin descanso para monitorear nuestras plataformas, protegiendo al mismo tiempo la capacidad de los usuarios para utilizar nuestras aplicaciones y tener acceso a informaci\u00f3n sobre los importantes acontecimientos que se est\u00e1n produciendo. Estas son algunas de las medidas concretas que hemos tomado: Acciones contra el contenido infractor R\u00e1pidamente establecimos un centro de operaciones especiales con expertos, entre ellos hablantes fluidos de hebreo y \u00e1rabe, para seguir de cerca y responder en tiempo real a esta situaci\u00f3n que evoluciona velozmente. Esto nos permite ser m\u00e1s eficientes al eliminar los contenidos que infringen nuestras Normas Comunitarias o Gu\u00edas de la Comunidad, y sirve como otra l\u00ednea de defensa contra la desinformaci\u00f3n. Seguimos aplicando nuestras pol\u00edticas sobre Personas y organizaciones peligrosas, Contenido violento y gr\u00e1fico, Lenguaje que incita al odio, Violencia e Incitaci\u00f3n, Bullying y Acoso, y Organizaci\u00f3n de actos da\u00f1inos. En los tres d\u00edas posteriores al 7 de octubre, eliminamos o marcamos como perturbadores m\u00e1s de 795,000 piezas de contenido por infringir estas pol\u00edticas en hebreo y \u00e1rabe. En comparaci\u00f3n con los dos meses anteriores, en los tres d\u00edas posteriores al 7 de octubre hemos eliminado siete veces m\u00e1s contenidos al d\u00eda por infringir nuestra pol\u00edtica de Organizaci\u00f3n de individuos Peligrosos, tan solo en hebreo y \u00e1rabe. Ham\u00e1s est\u00e1 designada por el gobierno estadounidense como Organizaci\u00f3n Terrorista Extranjera y Terrorista Global Especialmente Designada. Tambi\u00e9n, est\u00e1 incluida en la pol\u00edtica de Personas y Organizaciones Peligrosas de Meta. Esto significa que Ham\u00e1s est\u00e1 prohibida en nuestras plataformas, y eliminamos los elogios y el apoyo sustantivo a ellos cuando tenemos conocimiento de ello, sin dejar de permitir el discurso social y pol\u00edtico, como la informaci\u00f3n period\u00edstica, las cuestiones relacionadas con los derechos humanos, o la discusi\u00f3n acad\u00e9mica, neutral y condenatoria. Queremos reiterar que nuestras pol\u00edticas est\u00e1n dise\u00f1adas para dar voz a todo el mundo y mantener la seguridad en nuestras aplicaciones. Aplicamos estas pol\u00edticas independientemente de qui\u00e9n las publique o de sus creencias personales, y nunca es nuestra intenci\u00f3n suprimir una comunidad o un punto de vista concretos. Dado el aumento en el volumen de contenidos que nos denuncian, sabemos que contenidos que no infringen nuestras pol\u00edticas pueden ser eliminados por error. Para mitigar esta situaci\u00f3n, en el caso de algunas infracciones estamos eliminando temporalmente contenido sin que se produzcan faltas, lo que significa que esta eliminaci\u00f3n de contenidos no provocar\u00e1 la inhabilitaci\u00f3n de cuentas. Tambi\u00e9n, seguimos ofreciendo a los usuarios herramientas para apelar nuestras decisiones si creen que hemos cometido un error. Nuestros equipos est\u00e1n supervisando la situaci\u00f3n y, en algunos casos, est\u00e1n incluyendo temporalmente medidas limitadas, proporcionadas y sujetas a plazos para hacer frente a riesgos emergentes espec\u00edficos: Medidas m\u00e1s contundentes para evitar recomendar contenidos potencialmente infractores: Ya utilizamos tecnolog\u00eda para evitar recomendar contenidos potencialmente infractores en Facebook, Instagram y Threads. Estamos trabajando para reducir a\u00fan m\u00e1s la posibilidad de que esto ocurra mediante la reducci\u00f3n del umbral en el que nuestra tecnolog\u00eda toma medidas para evitar recomendar este tipo de contenido. Tambi\u00e9n, estamos tomando medidas para reducir la visibilidad de los comentarios potencialmente ofensivos en las publicaciones en Facebook. Violencia e incitaci\u00f3n: Con el fin de dar prioridad a la seguridad de los israel\u00edes secuestrados por Ham\u00e1s, estamos ampliando temporalmente nuestra pol\u00edtica de Violencia e Incitaci\u00f3n y eliminando contenidos que identifiquen claramente a los rehenes cuando tengamos conocimiento de ellos, incluso si se hace para condenar o generar conciencia sobre su situaci\u00f3n. Estamos permitiendo contenidos con im\u00e1genes borrosas de las v\u00edctimas, pero, en l\u00ednea con las normas establecidas por la Convenci\u00f3n de Ginebra, daremos prioridad a la seguridad y privacidad de las v\u00edctimas de secuestro si no estamos seguros o no podemos hacer una evaluaci\u00f3n clara. Bloqueo de hashtags: De acuerdo con nuestras normas, hemos restringido una serie de hashtags en Instagram despu\u00e9s de que nuestro equipo evaluar\u00e1 que el contenido asociado a esos hashtags infring\u00eda sistem\u00e1ticamente nuestras Normas Comunitarias. Esto significa que los hashtags no se pueden buscar, pero el contenido en s\u00ed no se eliminar\u00e1 a menos que infrinja nuestras pol\u00edticas. Facebook e Instagram Live: Reconocemos que la inmediatez de Live trae desaf\u00edos \u00fanicos por lo que tenemos restricciones en el uso de Live para las personas que han violado previamente ciertas pol\u00edticas. Estamos dando prioridad a los reportajes en directo relacionados con esta crisis, m\u00e1s all\u00e1 de nuestra actual priorizaci\u00f3n de los v\u00eddeos en directo. Tambi\u00e9n, somos conscientes de las amenazas de Ham\u00e1s de difundir im\u00e1genes de los rehenes y nos tomamos estas amenazas muy en serio. Nuestros equipos est\u00e1n vigilando de cerca este asunto y eliminar\u00e1n r\u00e1pidamente cualquier contenido de este tipo (y las cuentas que est\u00e9n detr\u00e1s), almacenando el contenido en nuestros sistemas para evitar que se vuelvan a compartir copias. Estamos recibiendo informaci\u00f3n de los socios locales sobre los riesgos emergentes y actuando con rapidez para abordarlos. Reconocemos que el contexto local y los conocimientos ling\u00fc\u00edsticos espec\u00edficos son esenciales para este trabajo, por lo que seguiremos en estrecha comunicaci\u00f3n con expertos, instituciones asociadas y organizaciones no gubernamentales. Seguridad y protecci\u00f3n Comportamiento Inaut\u00e9ntico Coordinado (CIB): Nuestros equipos han detectado y eliminado un grupo de actividades vinculadas a una operaci\u00f3n encubierta de influencia que eliminamos y atribuimos a Ham\u00e1s en 2021. Estas cuentas falsas intentaron restablecer su presencia en nuestras plataformas. Seguimos vigilando y tomando medidas contra los comportamientos adversos violentos en la regi\u00f3n. Conmemoraci\u00f3n: Conmemoramos las cuentas cuando recibimos una solicitud de un amigo o familiar de alguien que ha fallecido, para ofrecer un espacio en el que las personas puedan presentar sus respetos, compartir recuerdos y apoyarse mutuamente. Cuando las cuentas se convierten en conmemorativas, nadie (excepto los contactos del legado en Facebook) puede iniciar sesi\u00f3n ni realizar cambios en las publicaciones o la configuraci\u00f3n existentes. Tambi\u00e9n a\u00f1adimos la palabra \u201cRecordando\u201d junto al nombre de las personas y no recomendamos la cuenta a nuevas personas. Nuestras Normas Comunitarias se aplican a las cuentas conmemorativas y eliminamos los comentarios infractores que se dejan en las publicaciones de estas cuentas siempre que tenemos conocimientos de estos. Reducir la difusi\u00f3n de informaci\u00f3n falsa Trabajamos con terceros en la regi\u00f3n para desmentir afirmaciones falsas. Meta tiene la mayor red de verificaci\u00f3n de datos independiente de cualquier plataforma, con cobertura en \u00e1rabe y hebreo, a trav\u00e9s de AFP, Reuters y Fatabyyano. Cuando califican algo como falso, reducimos la visibilidad de ese contenido en el Feed. Sabemos cu\u00e1n importante es la rapidez en momentos como este, por lo que hemos facilitado a los verificadores de datos la b\u00fasqueda y calificaci\u00f3n de contenidos relacionados con la guerra, utilizando la detecci\u00f3n de palabras clave para agrupar el contenido relacionado en un solo lugar. Tambi\u00e9n, estamos dando a la gente m\u00e1s informaci\u00f3n para decidir qu\u00e9 leer, en qu\u00e9 confiar y qu\u00e9 compartir, a\u00f1adiendo etiquetas de advertencia en los contenidos calificados de falsos por verificadores de datos externos y aplicando etiquetas a los editores de medios de comunicaci\u00f3n controlados por el Estado. Tambi\u00e9n limitamos el reenv\u00edo de mensajes y etiquetamos los mensajes que no proceden del remitente para que la gente sepa que se trata de informaci\u00f3n de terceros. Controles de usuario Seguimos proporcionando herramientas para ayudar a los usuarios a controlar su experiencia en nuestras aplicaciones y protegerse de contenidos que no desean ver. Estas incluyen, pero no se limitan a: Palabras ocultas: Cuando est\u00e1 activada, Palabras ocultas filtra t\u00e9rminos y frases ofensivas de las solicitudes de DM y comentarios, para que la gente nunca tenga que verlos. Los usuarios pueden personalizar esta lista para asegurarse de que se ocultan los t\u00e9rminos que consideran ofensivos. L\u00edmites: Cuando est\u00e1 activada, la opci\u00f3n L\u00edmites oculta autom\u00e1ticamente las solicitudes de DM y los comentarios en Instagram de personas que no te siguen o que te siguen desde hace poco. Control de comentarios: Puedes controlar qui\u00e9n puede comentar tus publicaciones en Facebook e Instagram y elegir desactivar los comentarios por completo en cada publicaci\u00f3n. Mostrar m\u00e1s, mostrar menos: Ofrece a los usuarios un control directo sobre el contenido que ven en su Feed de Facebook. Si seleccionas \u201cMostrar m\u00e1s\u201d, aumentar\u00e1 temporalmente la puntuaci\u00f3n de clasificaci\u00f3n de esa publicaci\u00f3n y de otras similares. Si seleccionas \u201cMostrar menos\u201d, disminuir\u00e1 temporalmente su puntuaci\u00f3n de clasificaci\u00f3n. Reducir en Facebook: A trav\u00e9s de la configuraci\u00f3n de las preferencias del Feed de Facebook, los usuarios pueden aumentar el grado de calificaci\u00f3n de algunos contenidos para que los vean menos en su Feed. O, si lo prefieren, pueden desactivar por completo muchas de estas degradaciones. Tambi\u00e9n, pueden optar por mantener las clasificaciones actuales. Control de contenido sensible: El Control de contenido sensible de Instagram permite a las personas elegir cu\u00e1nto contenido sensible ven en los lugares donde recomendamos contenido, como Explotar, Buscar, Reels y recomendaciones en Feed. Intentamos no recomendar contenido sensible en estos lugares de forma predeterminada, pero las personas tambi\u00e9n pueden elegir ver menos para reducir a\u00fan m\u00e1s la posibilidad de ver este contenido de cuentas que no siguen.","og_url":"https:\/\/about.fb.com\/ltam\/news\/2023\/10\/esfuerzos-continuos-de-meta-en-relacion-con-la-guerra-entre-israel-y-hamas\/","og_site_name":"Acerca de Meta","article_published_time":"2023-10-13T17:50:15+00:00","article_modified_time":"2023-10-18T22:00:32+00:00","og_image":[{"width":1024,"height":576,"url":"https:\/\/about.fb.com\/ltam\/wp-content\/uploads\/sites\/14\/2021\/10\/meta-social-16x9-1.jpg?resize=1024,576","type":"image\/jpeg"}],"author":"eortiz","twitter_card":"summary_large_image","twitter_misc":{"Written by":"Meta","Est. reading time":"10 minutos"},"schema":{"@context":"https:\/\/schema.org","@graph":[{"@type":"Article","@id":"https:\/\/about.fb.com\/ltam\/news\/2023\/10\/esfuerzos-continuos-de-meta-en-relacion-con-la-guerra-entre-israel-y-hamas\/#article","isPartOf":{"@id":"https:\/\/about.fb.com\/ltam\/news\/2023\/10\/esfuerzos-continuos-de-meta-en-relacion-con-la-guerra-entre-israel-y-hamas\/"},"author":"Facebook company","headline":"Esfuerzos continuos de Meta en relaci\u00f3n con la guerra entre Israel y Ham\u00e1s","datePublished":"2023-10-13T17:50:15+00:00","dateModified":"2023-10-18T22:00:32+00:00","mainEntityOfPage":{"@id":"https:\/\/about.fb.com\/ltam\/news\/2023\/10\/esfuerzos-continuos-de-meta-en-relacion-con-la-guerra-entre-israel-y-hamas\/"},"wordCount":2275,"publisher":{"@id":"https:\/\/about.fb.com\/ltam\/#organization"},"articleSection":["Meta","Pol\u00edtica P\u00fablica","Seguridad &amp; Expresi\u00f3n"],"inLanguage":"es"},{"@type":"WebPage","@id":"https:\/\/about.fb.com\/ltam\/news\/2023\/10\/esfuerzos-continuos-de-meta-en-relacion-con-la-guerra-entre-israel-y-hamas\/","url":"https:\/\/about.fb.com\/ltam\/news\/2023\/10\/esfuerzos-continuos-de-meta-en-relacion-con-la-guerra-entre-israel-y-hamas\/","name":"Esfuerzos continuos de Meta en relaci\u00f3n con la guerra entre Israel y Ham\u00e1s | Acerca de Meta","isPartOf":{"@id":"https:\/\/about.fb.com\/ltam\/#website"},"datePublished":"2023-10-13T17:50:15+00:00","dateModified":"2023-10-18T22:00:32+00:00","breadcrumb":{"@id":"https:\/\/about.fb.com\/ltam\/news\/2023\/10\/esfuerzos-continuos-de-meta-en-relacion-con-la-guerra-entre-israel-y-hamas\/#breadcrumb"},"inLanguage":"es","potentialAction":[{"@type":"ReadAction","target":["https:\/\/about.fb.com\/ltam\/news\/2023\/10\/esfuerzos-continuos-de-meta-en-relacion-con-la-guerra-entre-israel-y-hamas\/"]}],"author":"Acerca de Meta"},{"@type":"BreadcrumbList","@id":"https:\/\/about.fb.com\/ltam\/news\/2023\/10\/esfuerzos-continuos-de-meta-en-relacion-con-la-guerra-entre-israel-y-hamas\/#breadcrumb","itemListElement":[{"@type":"ListItem","position":1,"name":"Home","item":"https:\/\/about.fb.com\/ltam\/"},{"@type":"ListItem","position":2,"name":"Esfuerzos continuos de Meta en relaci\u00f3n con la guerra entre Israel y Ham\u00e1s"}]},{"@type":"WebSite","@id":"https:\/\/about.fb.com\/ltam\/#website","url":"https:\/\/about.fb.com\/news\/","name":"Acerca de Meta","description":"","publisher":{"@id":"https:\/\/about.fb.com\/ltam\/#organization"},"potentialAction":[{"@type":"SearchAction","target":{"@type":"EntryPoint","urlTemplate":"https:\/\/about.fb.com\/ltam\/?s={search_term_string}"},"query-input":{"@type":"PropertyValueSpecification","valueRequired":true,"valueName":"search_term_string"}}],"inLanguage":"es","alternateName":["Meta Newsroom","Meta"]},{"@type":"Organization","@id":"https:\/\/about.fb.com\/ltam\/#organization","name":"Meta","url":"https:\/\/about.fb.com\/ltam\/","logo":{"@type":"ImageObject","inLanguage":"es","@id":"https:\/\/about.fb.com\/ltam\/#\/schema\/logo\/image\/","url":"https:\/\/about.fb.com\/ltam\/wp-content\/uploads\/sites\/14\/2021\/10\/meta-social-16x9-1.jpg?fit=8000%2C4500","contentUrl":"https:\/\/about.fb.com\/ltam\/wp-content\/uploads\/sites\/14\/2021\/10\/meta-social-16x9-1.jpg?fit=8000%2C4500","width":8000,"height":4500,"caption":"Meta"},"image":{"@id":"https:\/\/about.fb.com\/ltam\/#\/schema\/logo\/image\/"}}]}},"jetpack_featured_media_url":"","jetpack-related-posts":[],"jetpack_sharing_enabled":true,"amp_enabled":true,"_links":{"self":[{"href":"https:\/\/about.fb.com\/ltam\/wp-json\/wp\/v2\/posts\/24914","targetHints":{"allow":["GET"]}}],"collection":[{"href":"https:\/\/about.fb.com\/ltam\/wp-json\/wp\/v2\/posts"}],"about":[{"href":"https:\/\/about.fb.com\/ltam\/wp-json\/wp\/v2\/types\/post"}],"author":[{"embeddable":true,"href":"https:\/\/about.fb.com\/ltam\/wp-json\/wp\/v2\/users\/164097140"}],"replies":[{"embeddable":true,"href":"https:\/\/about.fb.com\/ltam\/wp-json\/wp\/v2\/comments?post=24914"}],"version-history":[{"count":4,"href":"https:\/\/about.fb.com\/ltam\/wp-json\/wp\/v2\/posts\/24914\/revisions"}],"predecessor-version":[{"id":24923,"href":"https:\/\/about.fb.com\/ltam\/wp-json\/wp\/v2\/posts\/24914\/revisions\/24923"}],"wp:attachment":[{"href":"https:\/\/about.fb.com\/ltam\/wp-json\/wp\/v2\/media?parent=24914"}],"wp:term":[{"taxonomy":"category","embeddable":true,"href":"https:\/\/about.fb.com\/ltam\/wp-json\/wp\/v2\/categories?post=24914"},{"taxonomy":"post_tag","embeddable":true,"href":"https:\/\/about.fb.com\/ltam\/wp-json\/wp\/v2\/tags?post=24914"}],"curies":[{"name":"wp","href":"https:\/\/api.w.org\/{rel}","templated":true}]}}