{"id":24817,"date":"2023-08-01T12:43:29","date_gmt":"2023-08-01T18:43:29","guid":{"rendered":"https:\/\/about.fb.com\/ltam\/?p=24817"},"modified":"2023-08-01T12:43:29","modified_gmt":"2023-08-01T18:43:29","slug":"save-the-date-meta-connect-27-y-28-de-septiembre","status":"publish","type":"post","link":"https:\/\/about.fb.com\/ltam\/news\/2023\/08\/save-the-date-meta-connect-27-y-28-de-septiembre\/","title":{"rendered":"Save the date: Meta Connect, 27 y 28 de septiembre"},"content":{"rendered":"<p><span style=\"font-weight: 400\">Han pasado casi dos meses desde que anunciamos la<\/span><a href=\"https:\/\/www.meta.com\/blog\/quest\/vr-hardware-news-quest-3-sneak-peek-price-drop\/\" target=\"_blank\" rel=\"noopener\"><span style=\"font-weight: 400\"> fecha de Meta Connect 2023: 27 de septiembre<\/span><\/a><span style=\"font-weight: 400\">. Hoy nos complace anunciar que decidimos regresar a nuestros or\u00edgenes con un evento de dos d\u00edas, el 27 y 28 de septiembre.<\/span><\/p>\n<p><span style=\"font-weight: 400\">Podr\u00e1s sintonizar Meta Connect 2023 en vivo a trav\u00e9s de varios canales sociales y no perderte ning\u00fan detalle de lo que pasar\u00e1 desde la sede de Meta en Menlo Park (California). <\/span><b>La agenda de dos d\u00edas incluir\u00e1: <\/b><span style=\"font-weight: 400\">una conferencia magistral de nuestro CEO, Mark Zuckerberg, una presentaci\u00f3n de Developer State of the Union y sesiones de trabajo sobre diversos temas relacionados con inteligencia artificial (IA) y la realidad virtual, mixta y aumentada.\u00a0<\/span><\/p>\n<p><span style=\"font-weight: 400\">Puedes unirte a nosotros virtualmente y conocer los nuevos productos de Meta (como el <\/span><a href=\"https:\/\/www.meta.com\/blog\/quest\/vr-hardware-news-quest-3-sneak-peek-price-drop\/\" target=\"_blank\" rel=\"noopener\"><span style=\"font-weight: 400\">Quest 3<\/span><\/a><span style=\"font-weight: 400\">), ver lo \u00faltimo en innovaci\u00f3n de IA y XR, explorar c\u00f3mo el metaverso est\u00e1 cobrando vida y escuchar a nuestra comunidad de desarrolladores y creadores.\u00a0<\/span><\/p>\n<p><span style=\"font-weight: 400\">Iremos compartiendo m\u00e1s detalles sobre este evento a medida que se acerque la fecha.\u00a0<\/span><\/p>\n","protected":false},"excerpt":{"rendered":"Connect regresa el 27 y 28 de septiembre de 2023. La agenda incluir\u00e1 una conferencia de nuestro CEO, Mark Zuckerberg, una presentaci\u00f3n de Developer State of the Union y sesiones de trabajo sobre inteligencia artificial (IA), realidad virtual, mixta y aumentada.\u00a0","protected":false},"author":155592861,"featured_media":24818,"comment_status":"closed","ping_status":"closed","sticky":false,"template":"","format":"standard","meta":{"_jetpack_memberships_contains_paid_content":false,"footnotes":""},"categories":[30660046],"tags":[],"class_list":["post-24817","post","type-post","status-publish","format-standard","has-post-thumbnail","hentry","category-noticias-de-la-empresa"],"yoast_head":"<!-- This site is optimized with the Yoast SEO plugin v27.2 - https:\/\/yoast.com\/product\/yoast-seo-wordpress\/ -->\n<title>Save the date: Meta Connect, 27 y 28 de septiembre | Acerca de Meta<\/title>\n<meta name=\"robots\" content=\"index, follow, max-snippet:-1, max-image-preview:large, max-video-preview:-1\" \/>\n<link rel=\"canonical\" href=\"https:\/\/about.fb.com\/ltam\/news\/2023\/08\/save-the-date-meta-connect-27-y-28-de-septiembre\/\" \/>\n<meta property=\"og:locale\" content=\"es_ES\" \/>\n<meta property=\"og:type\" content=\"article\" \/>\n<meta property=\"og:title\" content=\"Save the date: Meta Connect, 27 y 28 de septiembre | Acerca de Meta\" \/>\n<meta property=\"og:description\" content=\"Connect regresa el 27 y 28 de septiembre de 2023. La agenda incluir\u00e1 una conferencia de nuestro CEO, Mark Zuckerberg, una presentaci\u00f3n de Developer State of the Union y sesiones de trabajo sobre inteligencia artificial (IA), realidad virtual, mixta y aumentada.\u00a0\" \/>\n<meta property=\"og:url\" content=\"https:\/\/about.fb.com\/ltam\/news\/2023\/08\/save-the-date-meta-connect-27-y-28-de-septiembre\/\" \/>\n<meta property=\"og:site_name\" content=\"Acerca de Meta\" \/>\n<meta property=\"article:published_time\" content=\"2023-08-01T18:43:29+00:00\" \/>\n<meta property=\"og:image\" content=\"https:\/\/about.fb.com\/ltam\/wp-content\/uploads\/sites\/14\/2023\/08\/connect_2023.gif?fit=600%2C338\" \/>\n\t<meta property=\"og:image:width\" content=\"600\" \/>\n\t<meta property=\"og:image:height\" content=\"338\" \/>\n\t<meta property=\"og:image:type\" content=\"image\/gif\" \/>\n<meta name=\"author\" content=\"ceciliacartoceti\" \/>\n<meta name=\"twitter:card\" content=\"summary_large_image\" \/>\n<meta name=\"twitter:label1\" content=\"Written by\" \/>\n\t<meta name=\"twitter:data1\" content=\"Meta\" \/>\n\t<meta name=\"twitter:label2\" content=\"Est. reading time\" \/>\n\t<meta name=\"twitter:data2\" content=\"1 minuto\" \/>\n<script type=\"application\/ld+json\" class=\"yoast-schema-graph\">{\"@context\":\"https:\/\/schema.org\",\"@graph\":[{\"@type\":\"Article\",\"@id\":\"https:\/\/about.fb.com\/ltam\/news\/2023\/08\/save-the-date-meta-connect-27-y-28-de-septiembre\/#article\",\"isPartOf\":{\"@id\":\"https:\/\/about.fb.com\/ltam\/news\/2023\/08\/save-the-date-meta-connect-27-y-28-de-septiembre\/\"},\"author\":\"Facebook company\",\"headline\":\"Save the date: Meta Connect, 27 y 28 de septiembre\",\"datePublished\":\"2023-08-01T18:43:29+00:00\",\"mainEntityOfPage\":{\"@id\":\"https:\/\/about.fb.com\/ltam\/news\/2023\/08\/save-the-date-meta-connect-27-y-28-de-septiembre\/\"},\"wordCount\":178,\"publisher\":{\"@id\":\"https:\/\/about.fb.com\/ltam\/#organization\"},\"image\":{\"@id\":\"https:\/\/about.fb.com\/ltam\/news\/2023\/08\/save-the-date-meta-connect-27-y-28-de-septiembre\/#primaryimage\"},\"thumbnailUrl\":\"https:\/\/about.fb.com\/ltam\/wp-content\/uploads\/sites\/14\/2023\/08\/connect_2023.gif?fit=600%2C338\",\"articleSection\":[\"Noticias de la Empresa\"],\"inLanguage\":\"es\"},{\"@type\":\"WebPage\",\"@id\":\"https:\/\/about.fb.com\/ltam\/news\/2023\/08\/save-the-date-meta-connect-27-y-28-de-septiembre\/\",\"url\":\"https:\/\/about.fb.com\/ltam\/news\/2023\/08\/save-the-date-meta-connect-27-y-28-de-septiembre\/\",\"name\":\"Save the date: Meta Connect, 27 y 28 de septiembre | Acerca de Meta\",\"isPartOf\":{\"@id\":\"https:\/\/about.fb.com\/ltam\/#website\"},\"primaryImageOfPage\":{\"@id\":\"https:\/\/about.fb.com\/ltam\/news\/2023\/08\/save-the-date-meta-connect-27-y-28-de-septiembre\/#primaryimage\"},\"image\":{\"@id\":\"https:\/\/about.fb.com\/ltam\/news\/2023\/08\/save-the-date-meta-connect-27-y-28-de-septiembre\/#primaryimage\"},\"thumbnailUrl\":\"https:\/\/about.fb.com\/ltam\/wp-content\/uploads\/sites\/14\/2023\/08\/connect_2023.gif?fit=600%2C338\",\"datePublished\":\"2023-08-01T18:43:29+00:00\",\"breadcrumb\":{\"@id\":\"https:\/\/about.fb.com\/ltam\/news\/2023\/08\/save-the-date-meta-connect-27-y-28-de-septiembre\/#breadcrumb\"},\"inLanguage\":\"es\",\"potentialAction\":[{\"@type\":\"ReadAction\",\"target\":[\"https:\/\/about.fb.com\/ltam\/news\/2023\/08\/save-the-date-meta-connect-27-y-28-de-septiembre\/\"]}],\"author\":\"Acerca de Meta\"},{\"@type\":\"ImageObject\",\"inLanguage\":\"es\",\"@id\":\"https:\/\/about.fb.com\/ltam\/news\/2023\/08\/save-the-date-meta-connect-27-y-28-de-septiembre\/#primaryimage\",\"url\":\"https:\/\/about.fb.com\/ltam\/wp-content\/uploads\/sites\/14\/2023\/08\/connect_2023.gif?fit=600%2C338\",\"contentUrl\":\"https:\/\/about.fb.com\/ltam\/wp-content\/uploads\/sites\/14\/2023\/08\/connect_2023.gif?fit=600%2C338\",\"width\":600,\"height\":338},{\"@type\":\"BreadcrumbList\",\"@id\":\"https:\/\/about.fb.com\/ltam\/news\/2023\/08\/save-the-date-meta-connect-27-y-28-de-septiembre\/#breadcrumb\",\"itemListElement\":[{\"@type\":\"ListItem\",\"position\":1,\"name\":\"Home\",\"item\":\"https:\/\/about.fb.com\/ltam\/\"},{\"@type\":\"ListItem\",\"position\":2,\"name\":\"Save the date: Meta Connect, 27 y 28 de septiembre\"}]},{\"@type\":\"WebSite\",\"@id\":\"https:\/\/about.fb.com\/ltam\/#website\",\"url\":\"https:\/\/about.fb.com\/news\/\",\"name\":\"Acerca de Meta\",\"description\":\"\",\"publisher\":{\"@id\":\"https:\/\/about.fb.com\/ltam\/#organization\"},\"potentialAction\":[{\"@type\":\"SearchAction\",\"target\":{\"@type\":\"EntryPoint\",\"urlTemplate\":\"https:\/\/about.fb.com\/ltam\/?s={search_term_string}\"},\"query-input\":{\"@type\":\"PropertyValueSpecification\",\"valueRequired\":true,\"valueName\":\"search_term_string\"}}],\"inLanguage\":\"es\",\"alternateName\":[\"Meta Newsroom\",\"Meta\"]},{\"@type\":\"Organization\",\"@id\":\"https:\/\/about.fb.com\/ltam\/#organization\",\"name\":\"Meta\",\"url\":\"https:\/\/about.fb.com\/ltam\/\",\"logo\":{\"@type\":\"ImageObject\",\"inLanguage\":\"es\",\"@id\":\"https:\/\/about.fb.com\/ltam\/#\/schema\/logo\/image\/\",\"url\":\"https:\/\/about.fb.com\/ltam\/wp-content\/uploads\/sites\/14\/2021\/10\/meta-social-16x9-1.jpg?fit=8000%2C4500\",\"contentUrl\":\"https:\/\/about.fb.com\/ltam\/wp-content\/uploads\/sites\/14\/2021\/10\/meta-social-16x9-1.jpg?fit=8000%2C4500\",\"width\":8000,\"height\":4500,\"caption\":\"Meta\"},\"image\":{\"@id\":\"https:\/\/about.fb.com\/ltam\/#\/schema\/logo\/image\/\"}}]}<\/script>\n<!-- \/ Yoast SEO plugin. -->","yoast_head_json":{"title":"Save the date: Meta Connect, 27 y 28 de septiembre | Acerca de Meta","robots":{"index":"index","follow":"follow","max-snippet":"max-snippet:-1","max-image-preview":"max-image-preview:large","max-video-preview":"max-video-preview:-1"},"canonical":"https:\/\/about.fb.com\/ltam\/news\/2023\/08\/save-the-date-meta-connect-27-y-28-de-septiembre\/","og_locale":"es_ES","og_type":"article","og_title":"Save the date: Meta Connect, 27 y 28 de septiembre | Acerca de Meta","og_description":"Connect regresa el 27 y 28 de septiembre de 2023. La agenda incluir\u00e1 una conferencia de nuestro CEO, Mark Zuckerberg, una presentaci\u00f3n de Developer State of the Union y sesiones de trabajo sobre inteligencia artificial (IA), realidad virtual, mixta y aumentada.\u00a0","og_url":"https:\/\/about.fb.com\/ltam\/news\/2023\/08\/save-the-date-meta-connect-27-y-28-de-septiembre\/","og_site_name":"Acerca de Meta","article_published_time":"2023-08-01T18:43:29+00:00","og_image":[{"url":"https:\/\/about.fb.com\/ltam\/wp-content\/uploads\/sites\/14\/2023\/08\/connect_2023.gif?fit=600%2C338","width":600,"height":338,"type":"image\/gif"}],"author":"ceciliacartoceti","twitter_card":"summary_large_image","twitter_misc":{"Written by":"Meta","Est. reading time":"1 minuto"},"schema":{"@context":"https:\/\/schema.org","@graph":[{"@type":"Article","@id":"https:\/\/about.fb.com\/ltam\/news\/2023\/08\/save-the-date-meta-connect-27-y-28-de-septiembre\/#article","isPartOf":{"@id":"https:\/\/about.fb.com\/ltam\/news\/2023\/08\/save-the-date-meta-connect-27-y-28-de-septiembre\/"},"author":"Facebook company","headline":"Save the date: Meta Connect, 27 y 28 de septiembre","datePublished":"2023-08-01T18:43:29+00:00","mainEntityOfPage":{"@id":"https:\/\/about.fb.com\/ltam\/news\/2023\/08\/save-the-date-meta-connect-27-y-28-de-septiembre\/"},"wordCount":178,"publisher":{"@id":"https:\/\/about.fb.com\/ltam\/#organization"},"image":{"@id":"https:\/\/about.fb.com\/ltam\/news\/2023\/08\/save-the-date-meta-connect-27-y-28-de-septiembre\/#primaryimage"},"thumbnailUrl":"https:\/\/about.fb.com\/ltam\/wp-content\/uploads\/sites\/14\/2023\/08\/connect_2023.gif?fit=600%2C338","articleSection":["Noticias de la Empresa"],"inLanguage":"es"},{"@type":"WebPage","@id":"https:\/\/about.fb.com\/ltam\/news\/2023\/08\/save-the-date-meta-connect-27-y-28-de-septiembre\/","url":"https:\/\/about.fb.com\/ltam\/news\/2023\/08\/save-the-date-meta-connect-27-y-28-de-septiembre\/","name":"Save the date: Meta Connect, 27 y 28 de septiembre | Acerca de Meta","isPartOf":{"@id":"https:\/\/about.fb.com\/ltam\/#website"},"primaryImageOfPage":{"@id":"https:\/\/about.fb.com\/ltam\/news\/2023\/08\/save-the-date-meta-connect-27-y-28-de-septiembre\/#primaryimage"},"image":{"@id":"https:\/\/about.fb.com\/ltam\/news\/2023\/08\/save-the-date-meta-connect-27-y-28-de-septiembre\/#primaryimage"},"thumbnailUrl":"https:\/\/about.fb.com\/ltam\/wp-content\/uploads\/sites\/14\/2023\/08\/connect_2023.gif?fit=600%2C338","datePublished":"2023-08-01T18:43:29+00:00","breadcrumb":{"@id":"https:\/\/about.fb.com\/ltam\/news\/2023\/08\/save-the-date-meta-connect-27-y-28-de-septiembre\/#breadcrumb"},"inLanguage":"es","potentialAction":[{"@type":"ReadAction","target":["https:\/\/about.fb.com\/ltam\/news\/2023\/08\/save-the-date-meta-connect-27-y-28-de-septiembre\/"]}],"author":"Acerca de Meta"},{"@type":"ImageObject","inLanguage":"es","@id":"https:\/\/about.fb.com\/ltam\/news\/2023\/08\/save-the-date-meta-connect-27-y-28-de-septiembre\/#primaryimage","url":"https:\/\/about.fb.com\/ltam\/wp-content\/uploads\/sites\/14\/2023\/08\/connect_2023.gif?fit=600%2C338","contentUrl":"https:\/\/about.fb.com\/ltam\/wp-content\/uploads\/sites\/14\/2023\/08\/connect_2023.gif?fit=600%2C338","width":600,"height":338},{"@type":"BreadcrumbList","@id":"https:\/\/about.fb.com\/ltam\/news\/2023\/08\/save-the-date-meta-connect-27-y-28-de-septiembre\/#breadcrumb","itemListElement":[{"@type":"ListItem","position":1,"name":"Home","item":"https:\/\/about.fb.com\/ltam\/"},{"@type":"ListItem","position":2,"name":"Save the date: Meta Connect, 27 y 28 de septiembre"}]},{"@type":"WebSite","@id":"https:\/\/about.fb.com\/ltam\/#website","url":"https:\/\/about.fb.com\/news\/","name":"Acerca de Meta","description":"","publisher":{"@id":"https:\/\/about.fb.com\/ltam\/#organization"},"potentialAction":[{"@type":"SearchAction","target":{"@type":"EntryPoint","urlTemplate":"https:\/\/about.fb.com\/ltam\/?s={search_term_string}"},"query-input":{"@type":"PropertyValueSpecification","valueRequired":true,"valueName":"search_term_string"}}],"inLanguage":"es","alternateName":["Meta Newsroom","Meta"]},{"@type":"Organization","@id":"https:\/\/about.fb.com\/ltam\/#organization","name":"Meta","url":"https:\/\/about.fb.com\/ltam\/","logo":{"@type":"ImageObject","inLanguage":"es","@id":"https:\/\/about.fb.com\/ltam\/#\/schema\/logo\/image\/","url":"https:\/\/about.fb.com\/ltam\/wp-content\/uploads\/sites\/14\/2021\/10\/meta-social-16x9-1.jpg?fit=8000%2C4500","contentUrl":"https:\/\/about.fb.com\/ltam\/wp-content\/uploads\/sites\/14\/2021\/10\/meta-social-16x9-1.jpg?fit=8000%2C4500","width":8000,"height":4500,"caption":"Meta"},"image":{"@id":"https:\/\/about.fb.com\/ltam\/#\/schema\/logo\/image\/"}}]}},"jetpack_featured_media_url":"https:\/\/about.fb.com\/ltam\/wp-content\/uploads\/sites\/14\/2023\/08\/connect_2023.gif?fit=600%2C338","jetpack-related-posts":[],"jetpack_sharing_enabled":true,"amp_enabled":true,"_links":{"self":[{"href":"https:\/\/about.fb.com\/ltam\/wp-json\/wp\/v2\/posts\/24817","targetHints":{"allow":["GET"]}}],"collection":[{"href":"https:\/\/about.fb.com\/ltam\/wp-json\/wp\/v2\/posts"}],"about":[{"href":"https:\/\/about.fb.com\/ltam\/wp-json\/wp\/v2\/types\/post"}],"author":[{"embeddable":true,"href":"https:\/\/about.fb.com\/ltam\/wp-json\/wp\/v2\/users\/155592861"}],"replies":[{"embeddable":true,"href":"https:\/\/about.fb.com\/ltam\/wp-json\/wp\/v2\/comments?post=24817"}],"version-history":[{"count":1,"href":"https:\/\/about.fb.com\/ltam\/wp-json\/wp\/v2\/posts\/24817\/revisions"}],"predecessor-version":[{"id":24821,"href":"https:\/\/about.fb.com\/ltam\/wp-json\/wp\/v2\/posts\/24817\/revisions\/24821"}],"wp:featuredmedia":[{"embeddable":true,"href":"https:\/\/about.fb.com\/ltam\/wp-json\/wp\/v2\/media\/24818"}],"wp:attachment":[{"href":"https:\/\/about.fb.com\/ltam\/wp-json\/wp\/v2\/media?parent=24817"}],"wp:term":[{"taxonomy":"category","embeddable":true,"href":"https:\/\/about.fb.com\/ltam\/wp-json\/wp\/v2\/categories?post=24817"},{"taxonomy":"post_tag","embeddable":true,"href":"https:\/\/about.fb.com\/ltam\/wp-json\/wp\/v2\/tags?post=24817"}],"curies":[{"name":"wp","href":"https:\/\/api.w.org\/{rel}","templated":true}]}}