{"id":24655,"date":"2023-05-08T18:56:18","date_gmt":"2023-05-09T00:56:18","guid":{"rendered":"https:\/\/about.fb.com\/ltam\/?p=24655"},"modified":"2023-05-09T10:51:42","modified_gmt":"2023-05-09T16:51:42","slug":"lanzamos-experiencia-de-ar-en-el-museo-memoria-y-tolerancia-en-mexico","status":"publish","type":"post","link":"https:\/\/about.fb.com\/ltam\/news\/2023\/05\/lanzamos-experiencia-de-ar-en-el-museo-memoria-y-tolerancia-en-mexico\/","title":{"rendered":"Museo Memoria y Tolerancia en M\u00e9xico lanza experiencia de AR con el apoyo de Meta"},"content":{"rendered":"<p>El Museo Memoria y Tolerancia, con el apoyo de Meta, inaugur\u00f3 una serie de experiencias de realidad aumentada (AR) en su exposici\u00f3n permanente, incluyendo las dedicadas a la memoria del Holocausto y a los genocidios de Ruanda y Camboya.<\/p>\n<p>La iniciativa resalta la importancia de la tolerancia y la inclusi\u00f3n, permitiendo a los visitantes identificar y usar los efectos de AR a trav\u00e9s de la aplicaci\u00f3n \u201cAR-Museo MyT\u201d, disponible para <a href=\"https:\/\/play.google.com\/store\/apps\/details?id=com.Inmersys.MuseoMyT\"><span style=\"font-weight: 400\">Android<\/span><\/a><span style=\"font-weight: 400\"> e<\/span><a href=\"https:\/\/apps.apple.com\/app\/ar-museo-myt\/id6448299162\"> <span style=\"font-weight: 400\">iOS.<\/span><\/a><span style=\"font-weight: 400\"> A trav\u00e9s de esta tecnolog\u00eda buscamos ayudar a fortalecer las bases de la ense\u00f1anza y el aprendizaje, aumentar la motivaci\u00f3n de los estudiantes, estimular la interacci\u00f3n entre alumnos y profesores y fomentar el desarrollo creativo.<\/span><\/p>\n<p><span style=\"font-weight: 400\">La realidad aumentada es una de las tecnolog\u00edas que nos permitir\u00e1n dise\u00f1ar las experiencias inmersivas del futuro, como las del metaverso, y representa una oportunidad para ampliar las posibilidades educativas, econ\u00f3micas y culturales en M\u00e9xico. A trav\u00e9s de la colaboraci\u00f3n con el Museo Memoria y Tolerancia, hoy podemos extender los beneficios de esta tecnolog\u00eda para promover los derechos humanos, la diversidad y la inclusi\u00f3n.\u00a0<\/span><\/p>\n<blockquote><p><span style=\"font-weight: 400\">\u201cPor medio de esta tecnolog\u00eda podremos hacer que nuestro museo crezca y que los estudiantes reconozcan y reflexionen a\u00fan m\u00e1s sobre los actos insoslayables de la historia. La realidad aumentada nos permite sentir m\u00e1s, conocer m\u00e1s.\u201d Sharon Zaga, Presidenta del Museo Memoria y Tolerancia.\u00a0<\/span><\/p><\/blockquote>\n<p><span style=\"font-weight: 400\">El dise\u00f1o de estos efectos corri\u00f3 a cargo de Inmersys, empresa mexicana que desarrolla tecnolog\u00edas inmersivas, bajo la gu\u00eda de acad\u00e9micos del museo. Las experiencias estar\u00e1n disponibles al p\u00fablico general a partir del 9 de mayo, en los d\u00edas y horarios regulares del museo.<\/span><\/p>\n","protected":false},"excerpt":{"rendered":"El Museo Memoria y Tolerancia, con el apoyo de Meta, inaugur\u00f3 una serie de experiencias de realidad aumentada (AR) en su exposici\u00f3n permanente, incluyendo las dedicadas a la memoria del Holocausto y a los genocidios de Ruanda y Camboya. La iniciativa resalta la importancia de la tolerancia y la inclusi\u00f3n, permitiendo a los visitantes identificar y usar los efectos de AR a trav\u00e9s de la aplicaci\u00f3n \u201cAR-Museo MyT\u201d, disponible para Android e iOS. A trav\u00e9s de esta tecnolog\u00eda buscamos ayudar a fortalecer las bases de la ense\u00f1anza y el aprendizaje, aumentar la motivaci\u00f3n de los estudiantes, estimular la interacci\u00f3n entre alumnos y profesores y fomentar el desarrollo creativo. La realidad aumentada es una de las tecnolog\u00edas que nos permitir\u00e1n dise\u00f1ar las experiencias inmersivas del futuro, como las del metaverso, y representa una oportunidad para ampliar las posibilidades educativas, econ\u00f3micas y culturales en M\u00e9xico. A trav\u00e9s de la colaboraci\u00f3n con el Museo Memoria y Tolerancia, hoy podemos extender los beneficios de esta tecnolog\u00eda para promover los derechos humanos, la diversidad y la inclusi\u00f3n.\u00a0 \u201cPor medio de esta tecnolog\u00eda podremos hacer que nuestro museo crezca y que los estudiantes reconozcan y reflexionen a\u00fan m\u00e1s sobre los actos insoslayables de la historia. La realidad aumentada nos permite sentir m\u00e1s, conocer m\u00e1s.\u201d Sharon Zaga, Presidenta del Museo Memoria y Tolerancia.\u00a0 El dise\u00f1o de estos efectos corri\u00f3 a cargo de Inmersys, empresa mexicana que desarrolla tecnolog\u00edas inmersivas, bajo la gu\u00eda de acad\u00e9micos del museo. Las experiencias estar\u00e1n disponibles al p\u00fablico general a partir del 9 de mayo, en los d\u00edas y horarios regulares del museo.","protected":false},"author":164097140,"featured_media":24656,"comment_status":"closed","ping_status":"closed","sticky":false,"template":"","format":"standard","meta":{"_jetpack_memberships_contains_paid_content":false,"footnotes":""},"categories":[243948181,243947986,243948155,243948243],"tags":[],"class_list":["post-24655","post","type-post","status-publish","format-standard","has-post-thumbnail","hentry","category-diversidad-inclusion","category-innovacion","category-meta-2","category-realidad-aumentada"],"yoast_head":"<!-- This site is optimized with the Yoast SEO plugin v27.2 - https:\/\/yoast.com\/product\/yoast-seo-wordpress\/ -->\n<title>Museo Memoria y Tolerancia en M\u00e9xico lanza experiencia de AR con el apoyo de Meta | Acerca de Meta<\/title>\n<meta name=\"robots\" content=\"index, follow, max-snippet:-1, max-image-preview:large, max-video-preview:-1\" \/>\n<link rel=\"canonical\" href=\"https:\/\/about.fb.com\/ltam\/news\/2023\/05\/lanzamos-experiencia-de-ar-en-el-museo-memoria-y-tolerancia-en-mexico\/\" \/>\n<meta property=\"og:locale\" content=\"es_ES\" \/>\n<meta property=\"og:type\" content=\"article\" \/>\n<meta property=\"og:title\" content=\"Museo Memoria y Tolerancia en M\u00e9xico lanza experiencia de AR con el apoyo de Meta | Acerca de Meta\" \/>\n<meta property=\"og:description\" content=\"El Museo Memoria y Tolerancia, con el apoyo de Meta, inaugur\u00f3 una serie de experiencias de realidad aumentada (AR) en su exposici\u00f3n permanente, incluyendo las dedicadas a la memoria del Holocausto y a los genocidios de Ruanda y Camboya. La iniciativa resalta la importancia de la tolerancia y la inclusi\u00f3n, permitiendo a los visitantes identificar y usar los efectos de AR a trav\u00e9s de la aplicaci\u00f3n \u201cAR-Museo MyT\u201d, disponible para Android e iOS. A trav\u00e9s de esta tecnolog\u00eda buscamos ayudar a fortalecer las bases de la ense\u00f1anza y el aprendizaje, aumentar la motivaci\u00f3n de los estudiantes, estimular la interacci\u00f3n entre alumnos y profesores y fomentar el desarrollo creativo. La realidad aumentada es una de las tecnolog\u00edas que nos permitir\u00e1n dise\u00f1ar las experiencias inmersivas del futuro, como las del metaverso, y representa una oportunidad para ampliar las posibilidades educativas, econ\u00f3micas y culturales en M\u00e9xico. A trav\u00e9s de la colaboraci\u00f3n con el Museo Memoria y Tolerancia, hoy podemos extender los beneficios de esta tecnolog\u00eda para promover los derechos humanos, la diversidad y la inclusi\u00f3n.\u00a0 \u201cPor medio de esta tecnolog\u00eda podremos hacer que nuestro museo crezca y que los estudiantes reconozcan y reflexionen a\u00fan m\u00e1s sobre los actos insoslayables de la historia. La realidad aumentada nos permite sentir m\u00e1s, conocer m\u00e1s.\u201d Sharon Zaga, Presidenta del Museo Memoria y Tolerancia.\u00a0 El dise\u00f1o de estos efectos corri\u00f3 a cargo de Inmersys, empresa mexicana que desarrolla tecnolog\u00edas inmersivas, bajo la gu\u00eda de acad\u00e9micos del museo. Las experiencias estar\u00e1n disponibles al p\u00fablico general a partir del 9 de mayo, en los d\u00edas y horarios regulares del museo.\" \/>\n<meta property=\"og:url\" content=\"https:\/\/about.fb.com\/ltam\/news\/2023\/05\/lanzamos-experiencia-de-ar-en-el-museo-memoria-y-tolerancia-en-mexico\/\" \/>\n<meta property=\"og:site_name\" content=\"Acerca de Meta\" \/>\n<meta property=\"article:published_time\" content=\"2023-05-09T00:56:18+00:00\" \/>\n<meta property=\"article:modified_time\" content=\"2023-05-09T16:51:42+00:00\" \/>\n<meta property=\"og:image\" content=\"https:\/\/about.fb.com\/ltam\/wp-content\/uploads\/sites\/14\/2023\/05\/Seleccio\u0301nMuseoMYT-29.jpg?resize=1024,681\" \/>\n\t<meta property=\"og:image:width\" content=\"1024\" \/>\n\t<meta property=\"og:image:height\" content=\"681\" \/>\n\t<meta property=\"og:image:type\" content=\"image\/jpeg\" \/>\n<meta name=\"author\" content=\"eortiz\" \/>\n<meta name=\"twitter:card\" content=\"summary_large_image\" \/>\n<meta name=\"twitter:label1\" content=\"Written by\" \/>\n\t<meta name=\"twitter:data1\" content=\"Meta\" \/>\n\t<meta name=\"twitter:label2\" content=\"Est. reading time\" \/>\n\t<meta name=\"twitter:data2\" content=\"2 minutos\" \/>\n<script type=\"application\/ld+json\" class=\"yoast-schema-graph\">{\"@context\":\"https:\/\/schema.org\",\"@graph\":[{\"@type\":\"Article\",\"@id\":\"https:\/\/about.fb.com\/ltam\/news\/2023\/05\/lanzamos-experiencia-de-ar-en-el-museo-memoria-y-tolerancia-en-mexico\/#article\",\"isPartOf\":{\"@id\":\"https:\/\/about.fb.com\/ltam\/news\/2023\/05\/lanzamos-experiencia-de-ar-en-el-museo-memoria-y-tolerancia-en-mexico\/\"},\"author\":\"Facebook company\",\"headline\":\"Museo Memoria y Tolerancia en M\u00e9xico lanza experiencia de AR con el apoyo de Meta\",\"datePublished\":\"2023-05-09T00:56:18+00:00\",\"dateModified\":\"2023-05-09T16:51:42+00:00\",\"mainEntityOfPage\":{\"@id\":\"https:\/\/about.fb.com\/ltam\/news\/2023\/05\/lanzamos-experiencia-de-ar-en-el-museo-memoria-y-tolerancia-en-mexico\/\"},\"wordCount\":305,\"publisher\":{\"@id\":\"https:\/\/about.fb.com\/ltam\/#organization\"},\"image\":{\"@id\":\"https:\/\/about.fb.com\/ltam\/news\/2023\/05\/lanzamos-experiencia-de-ar-en-el-museo-memoria-y-tolerancia-en-mexico\/#primaryimage\"},\"thumbnailUrl\":\"https:\/\/about.fb.com\/ltam\/wp-content\/uploads\/sites\/14\/2023\/05\/Seleccio\u0301nMuseoMYT-29.jpg?fit=6048%2C4024\",\"articleSection\":[\"Diversidad &amp; Inclusi\u00f3n\",\"Innovaci\u00f3n\",\"Meta\",\"Realidad aumentada\"],\"inLanguage\":\"es\"},{\"@type\":\"WebPage\",\"@id\":\"https:\/\/about.fb.com\/ltam\/news\/2023\/05\/lanzamos-experiencia-de-ar-en-el-museo-memoria-y-tolerancia-en-mexico\/\",\"url\":\"https:\/\/about.fb.com\/ltam\/news\/2023\/05\/lanzamos-experiencia-de-ar-en-el-museo-memoria-y-tolerancia-en-mexico\/\",\"name\":\"Museo Memoria y Tolerancia en M\u00e9xico lanza experiencia de AR con el apoyo de Meta | Acerca de Meta\",\"isPartOf\":{\"@id\":\"https:\/\/about.fb.com\/ltam\/#website\"},\"primaryImageOfPage\":{\"@id\":\"https:\/\/about.fb.com\/ltam\/news\/2023\/05\/lanzamos-experiencia-de-ar-en-el-museo-memoria-y-tolerancia-en-mexico\/#primaryimage\"},\"image\":{\"@id\":\"https:\/\/about.fb.com\/ltam\/news\/2023\/05\/lanzamos-experiencia-de-ar-en-el-museo-memoria-y-tolerancia-en-mexico\/#primaryimage\"},\"thumbnailUrl\":\"https:\/\/about.fb.com\/ltam\/wp-content\/uploads\/sites\/14\/2023\/05\/Seleccio\u0301nMuseoMYT-29.jpg?fit=6048%2C4024\",\"datePublished\":\"2023-05-09T00:56:18+00:00\",\"dateModified\":\"2023-05-09T16:51:42+00:00\",\"breadcrumb\":{\"@id\":\"https:\/\/about.fb.com\/ltam\/news\/2023\/05\/lanzamos-experiencia-de-ar-en-el-museo-memoria-y-tolerancia-en-mexico\/#breadcrumb\"},\"inLanguage\":\"es\",\"potentialAction\":[{\"@type\":\"ReadAction\",\"target\":[\"https:\/\/about.fb.com\/ltam\/news\/2023\/05\/lanzamos-experiencia-de-ar-en-el-museo-memoria-y-tolerancia-en-mexico\/\"]}],\"author\":\"Acerca de Meta\"},{\"@type\":\"ImageObject\",\"inLanguage\":\"es\",\"@id\":\"https:\/\/about.fb.com\/ltam\/news\/2023\/05\/lanzamos-experiencia-de-ar-en-el-museo-memoria-y-tolerancia-en-mexico\/#primaryimage\",\"url\":\"https:\/\/about.fb.com\/ltam\/wp-content\/uploads\/sites\/14\/2023\/05\/Seleccio\u0301nMuseoMYT-29.jpg?fit=6048%2C4024\",\"contentUrl\":\"https:\/\/about.fb.com\/ltam\/wp-content\/uploads\/sites\/14\/2023\/05\/Seleccio\u0301nMuseoMYT-29.jpg?fit=6048%2C4024\",\"width\":6048,\"height\":4024},{\"@type\":\"BreadcrumbList\",\"@id\":\"https:\/\/about.fb.com\/ltam\/news\/2023\/05\/lanzamos-experiencia-de-ar-en-el-museo-memoria-y-tolerancia-en-mexico\/#breadcrumb\",\"itemListElement\":[{\"@type\":\"ListItem\",\"position\":1,\"name\":\"Home\",\"item\":\"https:\/\/about.fb.com\/ltam\/\"},{\"@type\":\"ListItem\",\"position\":2,\"name\":\"Museo Memoria y Tolerancia en M\u00e9xico lanza experiencia de AR con el apoyo de Meta\"}]},{\"@type\":\"WebSite\",\"@id\":\"https:\/\/about.fb.com\/ltam\/#website\",\"url\":\"https:\/\/about.fb.com\/news\/\",\"name\":\"Acerca de Meta\",\"description\":\"\",\"publisher\":{\"@id\":\"https:\/\/about.fb.com\/ltam\/#organization\"},\"potentialAction\":[{\"@type\":\"SearchAction\",\"target\":{\"@type\":\"EntryPoint\",\"urlTemplate\":\"https:\/\/about.fb.com\/ltam\/?s={search_term_string}\"},\"query-input\":{\"@type\":\"PropertyValueSpecification\",\"valueRequired\":true,\"valueName\":\"search_term_string\"}}],\"inLanguage\":\"es\",\"alternateName\":[\"Meta Newsroom\",\"Meta\"]},{\"@type\":\"Organization\",\"@id\":\"https:\/\/about.fb.com\/ltam\/#organization\",\"name\":\"Meta\",\"url\":\"https:\/\/about.fb.com\/ltam\/\",\"logo\":{\"@type\":\"ImageObject\",\"inLanguage\":\"es\",\"@id\":\"https:\/\/about.fb.com\/ltam\/#\/schema\/logo\/image\/\",\"url\":\"https:\/\/about.fb.com\/ltam\/wp-content\/uploads\/sites\/14\/2021\/10\/meta-social-16x9-1.jpg?fit=8000%2C4500\",\"contentUrl\":\"https:\/\/about.fb.com\/ltam\/wp-content\/uploads\/sites\/14\/2021\/10\/meta-social-16x9-1.jpg?fit=8000%2C4500\",\"width\":8000,\"height\":4500,\"caption\":\"Meta\"},\"image\":{\"@id\":\"https:\/\/about.fb.com\/ltam\/#\/schema\/logo\/image\/\"}}]}<\/script>\n<!-- \/ Yoast SEO plugin. -->","yoast_head_json":{"title":"Museo Memoria y Tolerancia en M\u00e9xico lanza experiencia de AR con el apoyo de Meta | Acerca de Meta","robots":{"index":"index","follow":"follow","max-snippet":"max-snippet:-1","max-image-preview":"max-image-preview:large","max-video-preview":"max-video-preview:-1"},"canonical":"https:\/\/about.fb.com\/ltam\/news\/2023\/05\/lanzamos-experiencia-de-ar-en-el-museo-memoria-y-tolerancia-en-mexico\/","og_locale":"es_ES","og_type":"article","og_title":"Museo Memoria y Tolerancia en M\u00e9xico lanza experiencia de AR con el apoyo de Meta | Acerca de Meta","og_description":"El Museo Memoria y Tolerancia, con el apoyo de Meta, inaugur\u00f3 una serie de experiencias de realidad aumentada (AR) en su exposici\u00f3n permanente, incluyendo las dedicadas a la memoria del Holocausto y a los genocidios de Ruanda y Camboya. La iniciativa resalta la importancia de la tolerancia y la inclusi\u00f3n, permitiendo a los visitantes identificar y usar los efectos de AR a trav\u00e9s de la aplicaci\u00f3n \u201cAR-Museo MyT\u201d, disponible para Android e iOS. A trav\u00e9s de esta tecnolog\u00eda buscamos ayudar a fortalecer las bases de la ense\u00f1anza y el aprendizaje, aumentar la motivaci\u00f3n de los estudiantes, estimular la interacci\u00f3n entre alumnos y profesores y fomentar el desarrollo creativo. La realidad aumentada es una de las tecnolog\u00edas que nos permitir\u00e1n dise\u00f1ar las experiencias inmersivas del futuro, como las del metaverso, y representa una oportunidad para ampliar las posibilidades educativas, econ\u00f3micas y culturales en M\u00e9xico. A trav\u00e9s de la colaboraci\u00f3n con el Museo Memoria y Tolerancia, hoy podemos extender los beneficios de esta tecnolog\u00eda para promover los derechos humanos, la diversidad y la inclusi\u00f3n.\u00a0 \u201cPor medio de esta tecnolog\u00eda podremos hacer que nuestro museo crezca y que los estudiantes reconozcan y reflexionen a\u00fan m\u00e1s sobre los actos insoslayables de la historia. La realidad aumentada nos permite sentir m\u00e1s, conocer m\u00e1s.\u201d Sharon Zaga, Presidenta del Museo Memoria y Tolerancia.\u00a0 El dise\u00f1o de estos efectos corri\u00f3 a cargo de Inmersys, empresa mexicana que desarrolla tecnolog\u00edas inmersivas, bajo la gu\u00eda de acad\u00e9micos del museo. Las experiencias estar\u00e1n disponibles al p\u00fablico general a partir del 9 de mayo, en los d\u00edas y horarios regulares del museo.","og_url":"https:\/\/about.fb.com\/ltam\/news\/2023\/05\/lanzamos-experiencia-de-ar-en-el-museo-memoria-y-tolerancia-en-mexico\/","og_site_name":"Acerca de Meta","article_published_time":"2023-05-09T00:56:18+00:00","article_modified_time":"2023-05-09T16:51:42+00:00","og_image":[{"width":1024,"height":681,"url":"https:\/\/about.fb.com\/ltam\/wp-content\/uploads\/sites\/14\/2023\/05\/Seleccio\u0301nMuseoMYT-29.jpg?resize=1024,681","type":"image\/jpeg"}],"author":"eortiz","twitter_card":"summary_large_image","twitter_misc":{"Written by":"Meta","Est. reading time":"2 minutos"},"schema":{"@context":"https:\/\/schema.org","@graph":[{"@type":"Article","@id":"https:\/\/about.fb.com\/ltam\/news\/2023\/05\/lanzamos-experiencia-de-ar-en-el-museo-memoria-y-tolerancia-en-mexico\/#article","isPartOf":{"@id":"https:\/\/about.fb.com\/ltam\/news\/2023\/05\/lanzamos-experiencia-de-ar-en-el-museo-memoria-y-tolerancia-en-mexico\/"},"author":"Facebook company","headline":"Museo Memoria y Tolerancia en M\u00e9xico lanza experiencia de AR con el apoyo de Meta","datePublished":"2023-05-09T00:56:18+00:00","dateModified":"2023-05-09T16:51:42+00:00","mainEntityOfPage":{"@id":"https:\/\/about.fb.com\/ltam\/news\/2023\/05\/lanzamos-experiencia-de-ar-en-el-museo-memoria-y-tolerancia-en-mexico\/"},"wordCount":305,"publisher":{"@id":"https:\/\/about.fb.com\/ltam\/#organization"},"image":{"@id":"https:\/\/about.fb.com\/ltam\/news\/2023\/05\/lanzamos-experiencia-de-ar-en-el-museo-memoria-y-tolerancia-en-mexico\/#primaryimage"},"thumbnailUrl":"https:\/\/about.fb.com\/ltam\/wp-content\/uploads\/sites\/14\/2023\/05\/Seleccio\u0301nMuseoMYT-29.jpg?fit=6048%2C4024","articleSection":["Diversidad &amp; Inclusi\u00f3n","Innovaci\u00f3n","Meta","Realidad aumentada"],"inLanguage":"es"},{"@type":"WebPage","@id":"https:\/\/about.fb.com\/ltam\/news\/2023\/05\/lanzamos-experiencia-de-ar-en-el-museo-memoria-y-tolerancia-en-mexico\/","url":"https:\/\/about.fb.com\/ltam\/news\/2023\/05\/lanzamos-experiencia-de-ar-en-el-museo-memoria-y-tolerancia-en-mexico\/","name":"Museo Memoria y Tolerancia en M\u00e9xico lanza experiencia de AR con el apoyo de Meta | Acerca de Meta","isPartOf":{"@id":"https:\/\/about.fb.com\/ltam\/#website"},"primaryImageOfPage":{"@id":"https:\/\/about.fb.com\/ltam\/news\/2023\/05\/lanzamos-experiencia-de-ar-en-el-museo-memoria-y-tolerancia-en-mexico\/#primaryimage"},"image":{"@id":"https:\/\/about.fb.com\/ltam\/news\/2023\/05\/lanzamos-experiencia-de-ar-en-el-museo-memoria-y-tolerancia-en-mexico\/#primaryimage"},"thumbnailUrl":"https:\/\/about.fb.com\/ltam\/wp-content\/uploads\/sites\/14\/2023\/05\/Seleccio\u0301nMuseoMYT-29.jpg?fit=6048%2C4024","datePublished":"2023-05-09T00:56:18+00:00","dateModified":"2023-05-09T16:51:42+00:00","breadcrumb":{"@id":"https:\/\/about.fb.com\/ltam\/news\/2023\/05\/lanzamos-experiencia-de-ar-en-el-museo-memoria-y-tolerancia-en-mexico\/#breadcrumb"},"inLanguage":"es","potentialAction":[{"@type":"ReadAction","target":["https:\/\/about.fb.com\/ltam\/news\/2023\/05\/lanzamos-experiencia-de-ar-en-el-museo-memoria-y-tolerancia-en-mexico\/"]}],"author":"Acerca de Meta"},{"@type":"ImageObject","inLanguage":"es","@id":"https:\/\/about.fb.com\/ltam\/news\/2023\/05\/lanzamos-experiencia-de-ar-en-el-museo-memoria-y-tolerancia-en-mexico\/#primaryimage","url":"https:\/\/about.fb.com\/ltam\/wp-content\/uploads\/sites\/14\/2023\/05\/Seleccio\u0301nMuseoMYT-29.jpg?fit=6048%2C4024","contentUrl":"https:\/\/about.fb.com\/ltam\/wp-content\/uploads\/sites\/14\/2023\/05\/Seleccio\u0301nMuseoMYT-29.jpg?fit=6048%2C4024","width":6048,"height":4024},{"@type":"BreadcrumbList","@id":"https:\/\/about.fb.com\/ltam\/news\/2023\/05\/lanzamos-experiencia-de-ar-en-el-museo-memoria-y-tolerancia-en-mexico\/#breadcrumb","itemListElement":[{"@type":"ListItem","position":1,"name":"Home","item":"https:\/\/about.fb.com\/ltam\/"},{"@type":"ListItem","position":2,"name":"Museo Memoria y Tolerancia en M\u00e9xico lanza experiencia de AR con el apoyo de Meta"}]},{"@type":"WebSite","@id":"https:\/\/about.fb.com\/ltam\/#website","url":"https:\/\/about.fb.com\/news\/","name":"Acerca de Meta","description":"","publisher":{"@id":"https:\/\/about.fb.com\/ltam\/#organization"},"potentialAction":[{"@type":"SearchAction","target":{"@type":"EntryPoint","urlTemplate":"https:\/\/about.fb.com\/ltam\/?s={search_term_string}"},"query-input":{"@type":"PropertyValueSpecification","valueRequired":true,"valueName":"search_term_string"}}],"inLanguage":"es","alternateName":["Meta Newsroom","Meta"]},{"@type":"Organization","@id":"https:\/\/about.fb.com\/ltam\/#organization","name":"Meta","url":"https:\/\/about.fb.com\/ltam\/","logo":{"@type":"ImageObject","inLanguage":"es","@id":"https:\/\/about.fb.com\/ltam\/#\/schema\/logo\/image\/","url":"https:\/\/about.fb.com\/ltam\/wp-content\/uploads\/sites\/14\/2021\/10\/meta-social-16x9-1.jpg?fit=8000%2C4500","contentUrl":"https:\/\/about.fb.com\/ltam\/wp-content\/uploads\/sites\/14\/2021\/10\/meta-social-16x9-1.jpg?fit=8000%2C4500","width":8000,"height":4500,"caption":"Meta"},"image":{"@id":"https:\/\/about.fb.com\/ltam\/#\/schema\/logo\/image\/"}}]}},"jetpack_featured_media_url":"https:\/\/about.fb.com\/ltam\/wp-content\/uploads\/sites\/14\/2023\/05\/Seleccio\u0301nMuseoMYT-29.jpg?fit=6048%2C4024","jetpack-related-posts":[],"jetpack_sharing_enabled":true,"amp_enabled":true,"_links":{"self":[{"href":"https:\/\/about.fb.com\/ltam\/wp-json\/wp\/v2\/posts\/24655","targetHints":{"allow":["GET"]}}],"collection":[{"href":"https:\/\/about.fb.com\/ltam\/wp-json\/wp\/v2\/posts"}],"about":[{"href":"https:\/\/about.fb.com\/ltam\/wp-json\/wp\/v2\/types\/post"}],"author":[{"embeddable":true,"href":"https:\/\/about.fb.com\/ltam\/wp-json\/wp\/v2\/users\/164097140"}],"replies":[{"embeddable":true,"href":"https:\/\/about.fb.com\/ltam\/wp-json\/wp\/v2\/comments?post=24655"}],"version-history":[{"count":6,"href":"https:\/\/about.fb.com\/ltam\/wp-json\/wp\/v2\/posts\/24655\/revisions"}],"predecessor-version":[{"id":24667,"href":"https:\/\/about.fb.com\/ltam\/wp-json\/wp\/v2\/posts\/24655\/revisions\/24667"}],"wp:featuredmedia":[{"embeddable":true,"href":"https:\/\/about.fb.com\/ltam\/wp-json\/wp\/v2\/media\/24656"}],"wp:attachment":[{"href":"https:\/\/about.fb.com\/ltam\/wp-json\/wp\/v2\/media?parent=24655"}],"wp:term":[{"taxonomy":"category","embeddable":true,"href":"https:\/\/about.fb.com\/ltam\/wp-json\/wp\/v2\/categories?post=24655"},{"taxonomy":"post_tag","embeddable":true,"href":"https:\/\/about.fb.com\/ltam\/wp-json\/wp\/v2\/tags?post=24655"}],"curies":[{"name":"wp","href":"https:\/\/api.w.org\/{rel}","templated":true}]}}