{"id":23466,"date":"2021-10-13T10:43:01","date_gmt":"2021-10-13T15:43:01","guid":{"rendered":"https:\/\/about.fb.com\/ltam\/?p=23466"},"modified":"2021-10-13T10:48:16","modified_gmt":"2021-10-13T15:48:16","slug":"ampliamos-nuestras-politicas-sobre-acoso-e-intimidacion-en-linea","status":"publish","type":"post","link":"https:\/\/about.fb.com\/ltam\/news\/2021\/10\/ampliamos-nuestras-politicas-sobre-acoso-e-intimidacion-en-linea\/","title":{"rendered":"Ampliamos nuestras pol\u00edticas sobre acoso e intimidaci\u00f3n en l\u00ednea"},"content":{"rendered":"<ul>\n<li><strong>Hoy anunciamos actualizaciones en nuestras pol\u00edticas de acoso e intimidaci\u00f3n para proteger mejor a las personas en nuestras plataformas<\/strong><\/li>\n<li style=\"font-weight: 400\"><strong>Presentamos una pol\u00edtica para ayudar a proteger a las personas del acoso masivo y de la intimidaci\u00f3n<\/strong><\/li>\n<li style=\"font-weight: 400\"><strong>Ahora, eliminaremos m\u00e1s contenido da\u00f1ino que ataque a las figuras p\u00fablicas y daremos m\u00e1s protecciones a las figuras p\u00fablicas que se han vuelto famosas involuntariamente, como los defensores de derechos humanos y periodistas<\/strong><\/li>\n<\/ul>\n<p><span style=\"font-weight: 400\">Es importante que todos se sientan seguros de conectar e interactuar con sus comunidades dentro de nuestras aplicaciones. No permitimos el acoso ni la intimidaci\u00f3n en nuestra plataforma, pero cuando sucede, actuamos. Eliminamos el contenido que infringe nuestras pol\u00edticas y desactivamos las cuentas de las personas que rompen nuestras reglas reiteradamente. Asimismo, continuamente ponemos a prueba estas pol\u00edticas con nuestros expertos de seguridad y hacemos los cambios necesarios.\u00a0<\/span><\/p>\n<p><span style=\"font-weight: 400\">En el D\u00eda nacional de la concientizaci\u00f3n y prevenci\u00f3n del acoso en Estados Unidos, estamos anunciando actualizaciones a <\/span><a href=\"https:\/\/transparency.fb.com\/policies\/community-standards\/bullying-harassment\/\"><span style=\"font-weight: 400\">nuestras pol\u00edticas de bullying y acoso<\/span><\/a><span style=\"font-weight: 400\"> para proteger mejor a los miembros de nuestra comunidad, en particular a aquellos que pueden ser vulnerables al abuso en l\u00ednea.\u00a0<\/span><\/p>\n<h3><span style=\"font-weight: 400\">Combatimos el acoso coordinado y dirigido<\/span><\/h3>\n<p><span style=\"font-weight: 400\">Lanzamos una nueva pol\u00edtica que ayuda a proteger a las personas del acoso masivo y de la intimidaci\u00f3n desde m\u00faltiples cuentas. A partir de ahora, eliminaremos los esfuerzos coordinados de acoso masivo dirigidos a personas que corren un mayor riesgo de sufrir da\u00f1os en el mundo real, como sobrevivientes de tragedias violentas o disidentes pol\u00edticos; incluso si el contenido en s\u00ed mismo no viola nuestras pol\u00edticas. Tambi\u00e9n eliminaremos el contenido objetable que sea considerado acoso masivo hacia cualquier individuo en espacios personales, como los mensajes directos o los comentarios en el perfil o en publicaciones personales. Para la aplicaci\u00f3n de esta nueva pol\u00edtica requeriremos de informaci\u00f3n adicional o contexto adicional.<\/span><\/p>\n<p><span style=\"font-weight: 400\">Adem\u00e1s, eliminaremos redes de cuentas conflictivas o vinculadas al Estado, P\u00e1ginas y Grupos que trabajan en conjunto para acosar o silenciar a las personas, como, por ejemplo, grupos privados patrocinados por un estado para coordinar publicaciones masivas en los perfiles de disidentes.\u00a0\u00a0<\/span><\/p>\n<h3><span style=\"font-weight: 400\">M\u00e1s protecciones para figuras p\u00fablicas<\/span><\/h3>\n<p><span style=\"font-weight: 400\">Las figuras p\u00fablicas, ya sean pol\u00edticos, periodistas, celebridades o creadores, usan Facebook e Instagram para llegar e interactuar con sus seguidores, por lo que siempre estamos tratando de encontrar el balance correcto entre protegerlas del abuso y permitir el di\u00e1logo abierto sobre ellas en nuestras plataformas. Nuestra pol\u00edtica de Bullying y acoso diferencia entre figuras p\u00fablicas e individuos privados para permitir la libertad de expresi\u00f3n y el discurso p\u00fablico leg\u00edtimo en torno a quienes est\u00e1n en la esfera p\u00fablica.\u00a0<\/span><\/p>\n<p><span style=\"font-weight: 400\">Las figuras p\u00fablicas no deber\u00edan ser objeto de ataques degradantes o sexualizados. Actualmente, <\/span><a href=\"https:\/\/transparency.fb.com\/policies\/community-standards\/bullying-harassment\/?from=https%3A%2F%2Fwww.facebook.com%2Fcommunitystandards%2Fbullying\"><span style=\"font-weight: 400\">eliminamos ataques a figuras p\u00fablicas<\/span><\/a><span style=\"font-weight: 400\"> en una amplia gama de da\u00f1os. Con base en la retroalimentaci\u00f3n de expertos internacionales, ahora tambi\u00e9n eliminaremos:<\/span><\/p>\n<ul>\n<li style=\"font-weight: 400\"><span style=\"font-weight: 400\">Contenido de sexualizaci\u00f3n severa<\/span><\/li>\n<li style=\"font-weight: 400\"><span style=\"font-weight: 400\">Perfiles, p\u00e1ginas, Grupos o eventos dedicados a sexualizar a la figura p\u00fablica<\/span><\/li>\n<li style=\"font-weight: 400\"><span style=\"font-weight: 400\">Im\u00e1genes y dibujos editados para ser sexualizados y derogatorios\u00a0<\/span><\/li>\n<li style=\"font-weight: 400\"><span style=\"font-weight: 400\">Ataques basados en descripciones f\u00edsicas negativas que etiquetan, mencionan o son publicados en la cuenta de la figura p\u00fablica<\/span><\/li>\n<li style=\"font-weight: 400\"><span style=\"font-weight: 400\">Contenido derogatorio que retrata necesidades biol\u00f3gicas de los individuos\u00a0<\/span><\/li>\n<\/ul>\n<p><span style=\"font-weight: 400\">Adem\u00e1s, eliminaremos comentarios sexualizantes no deseados y el contenido recurrente de acoso sexual. Como lo \u201cindeseado\u201d puede ser subjetivo, nos basaremos en el contexto adicional del individuo que est\u00e9 experimentando este tipo de abuso para tomar acciones. Hacemos estos cambios porque este tipo de ataques pueden ocasionar que la imagen de una figura p\u00fablica se convierta en un arma de forma innecesaria y a menudo no tiene relaci\u00f3n con el trabajo que esas figuras representan.\u00a0<\/span><\/p>\n<p><span style=\"font-weight: 400\">Tambi\u00e9n, reconocemos que convertirse en una figura p\u00fablica no siempre es una elecci\u00f3n, y que esta fama puede incrementar el riesgo de acoso e intimidaci\u00f3n, particularmente si la persona proviene de una comunidad subrepresentada, incluyendo mujeres, personas de la comunidad negra o LGBTIQ+. Consistentes con los compromisos hechos en nuestra <\/span><a href=\"https:\/\/about.fb.com\/ltam\/news\/2021\/03\/nuestro-compromiso-con-los-derechos-humanos\/\"><span style=\"font-weight: 400\">pol\u00edtica corporativa de derechos humanos<\/span><\/a><span style=\"font-weight: 400\">, ahora ofrecemos m\u00e1s protecciones a las figuras p\u00fablicas como periodistas y defensores de derechos humanos que se han hecho famosos involuntariamente o debido a su trabajo. Estos grupos ahora tendr\u00e1n nuevas protecciones contra contenido nocivo, como aquel que describe su apariencia f\u00edsica, como sucede con otras figuras p\u00fablicas involuntarias. La lista completa de estas protecciones est\u00e1n descritas en nuestras <\/span><a href=\"https:\/\/www.facebook.com\/communitystandards\/bullying\"><span style=\"font-weight: 400\">Normas Comunitarias<\/span><\/a><span style=\"font-weight: 400\">.<\/span><\/p>\n<h3><span style=\"font-weight: 400\">Consultamos a nuestra comunidad y a los l\u00edderes globales sobre estos cambios<\/span><\/h3>\n<p><span style=\"font-weight: 400\">Para la actualizaci\u00f3n de las pol\u00edticas consultamos a diversos l\u00edderes, incluyendo defensores de la libertad de expresi\u00f3n, expertos en derechos humanos, grupos de seguridad de mujeres y a nuestro <\/span><a href=\"https:\/\/www.facebook.com\/safety\/womenssafety\/partners\"><span style=\"font-weight: 400\">Grupo de especialistas en seguridad de las mujeres<\/span><\/a><span style=\"font-weight: 400\">, caricaturistas y sat\u00edricos, mujeres pol\u00edticas y periodistas, representantes de la comunidad LGBTIQ+, creadores de contenido y figuras p\u00fablicas. Seguiremos trabajando con expertos y escuchando a los miembros de nuestra comunidad para garantizar que nuestras plataformas sigan siendo espacios seguros.\u00a0<\/span><\/p>\n<p><span style=\"font-weight: 400\">Nuestras pol\u00edticas complementan las herramientas que hemos desarrollado en nuestras aplicaciones para prevenir, detener y reportar acoso e intimidaci\u00f3n en l\u00ednea. Estas herramientas permiten a las personas controlar interacciones no deseadas o abusivas, a trav\u00e9s de funciones como \u2018bloquear\u2019 o \u2018dejar de seguir\u2019 en Facebook e Instagram; y \u2018restringir\u2019, \u2018ocultar palabras\u2019 y \u2018limitar interacciones\u2019 en Instagram. Para conocer m\u00e1s sobre este trabajo y los recursos que hemos desarrollado junto con expertos para reducir este tipo de comportamiento en l\u00ednea, consulta nuestro <\/span><a href=\"https:\/\/www.facebook.com\/safety\/bullying\"><span style=\"font-weight: 400\">Centro de Prevenci\u00f3n del Bullying<\/span><\/a><span style=\"font-weight: 400\"> en nuestro Centro de Seguridad, desarrollado en colaboraci\u00f3n con el Centro de Inteligencia Emocional de Yale.<\/span><\/p>\n<p>Para conocer m\u00e1s sobre estos cambios en la pol\u00edtica, consulta nuestros Product Policy Forum Minutes:<\/p>\n<p><span style=\"font-weight: 400\">Product Policy Forum Minutes: <\/span><a href=\"https:\/\/about.fb.com\/wp-content\/uploads\/2021\/10\/Facebook_PolicyForum_Definition-of-Public-Figures.pdf\"><span style=\"font-weight: 400\">Definici\u00f3n de figuras p\u00fablicas\u00a0<\/span><\/a><\/p>\n<p><span style=\"font-weight: 400\">Product Policy Forum Minutes: <\/span><a href=\"https:\/\/about.fb.com\/wp-content\/uploads\/2021\/10\/Facebook_PolicyForum_-Attacks-on-Public-Figures.pdf\"><span style=\"font-weight: 400\">Ataques a figuras p\u00fablicas\u00a0<\/span><\/a><\/p>\n<p><span style=\"font-weight: 400\">Product Policy Forum Minutes: <\/span><a href=\"https:\/\/about.fb.com\/wp-content\/uploads\/2021\/10\/Facebook_PolicyForum-Recommendation_-Brigading-Mass-Harassment.pdf\"><span style=\"font-weight: 400\">Ataques coordinados y acoso masivo<\/span><\/a><\/p>\n","protected":false},"excerpt":{"rendered":"En el D\u00eda nacional de la concientizaci\u00f3n y prevenci\u00f3n del acoso en Estados Unidos, estamos anunciando actualizaciones a nuestras pol\u00edticas de bullying y acoso para proteger mejor a los miembros de nuestra comunidad, en particular a aquellos que pueden ser vulnerables al abuso en l\u00ednea.\u00a0","protected":false},"author":164097140,"featured_media":23467,"comment_status":"closed","ping_status":"closed","sticky":false,"template":"","format":"standard","meta":{"_jetpack_memberships_contains_paid_content":false,"footnotes":""},"categories":[243948037,243947992,243948083],"tags":[243947923,243930626],"class_list":["post-23466","post","type-post","status-publish","format-standard","has-post-thumbnail","hentry","category-meta","category-politica-publica","category-seguridad-expresion","tag-bienestar","tag-seguridad"],"yoast_head":"<!-- This site is optimized with the Yoast SEO plugin v27.2 - https:\/\/yoast.com\/product\/yoast-seo-wordpress\/ -->\n<title>Ampliamos nuestras pol\u00edticas sobre acoso e intimidaci\u00f3n en l\u00ednea | Acerca de Meta<\/title>\n<meta name=\"robots\" content=\"index, follow, max-snippet:-1, max-image-preview:large, max-video-preview:-1\" \/>\n<link rel=\"canonical\" href=\"https:\/\/about.fb.com\/ltam\/news\/2021\/10\/ampliamos-nuestras-politicas-sobre-acoso-e-intimidacion-en-linea\/\" \/>\n<meta property=\"og:locale\" content=\"es_ES\" \/>\n<meta property=\"og:type\" content=\"article\" \/>\n<meta property=\"og:title\" content=\"Ampliamos nuestras pol\u00edticas sobre acoso e intimidaci\u00f3n en l\u00ednea | Acerca de Meta\" \/>\n<meta property=\"og:description\" content=\"En el D\u00eda nacional de la concientizaci\u00f3n y prevenci\u00f3n del acoso en Estados Unidos, estamos anunciando actualizaciones a nuestras pol\u00edticas de bullying y acoso para proteger mejor a los miembros de nuestra comunidad, en particular a aquellos que pueden ser vulnerables al abuso en l\u00ednea.\u00a0\" \/>\n<meta property=\"og:url\" content=\"https:\/\/about.fb.com\/ltam\/news\/2021\/10\/ampliamos-nuestras-politicas-sobre-acoso-e-intimidacion-en-linea\/\" \/>\n<meta property=\"og:site_name\" content=\"Acerca de Meta\" \/>\n<meta property=\"article:published_time\" content=\"2021-10-13T15:43:01+00:00\" \/>\n<meta property=\"article:modified_time\" content=\"2021-10-13T15:48:16+00:00\" \/>\n<meta property=\"og:image\" content=\"https:\/\/about.fb.com\/ltam\/wp-content\/uploads\/sites\/14\/2021\/10\/Bullying-and-Harassment-Policy-Updates_Header.jpeg?resize=1024,576\" \/>\n\t<meta property=\"og:image:width\" content=\"1024\" \/>\n\t<meta property=\"og:image:height\" content=\"576\" \/>\n\t<meta property=\"og:image:type\" content=\"image\/jpeg\" \/>\n<meta name=\"author\" content=\"eortiz\" \/>\n<meta name=\"twitter:card\" content=\"summary_large_image\" \/>\n<meta name=\"twitter:label1\" content=\"Written by\" \/>\n\t<meta name=\"twitter:data1\" content=\"Meta\" \/>\n\t<meta name=\"twitter:label2\" content=\"Est. reading time\" \/>\n\t<meta name=\"twitter:data2\" content=\"5 minutos\" \/>\n<script type=\"application\/ld+json\" class=\"yoast-schema-graph\">{\"@context\":\"https:\/\/schema.org\",\"@graph\":[{\"@type\":\"Article\",\"@id\":\"https:\/\/about.fb.com\/ltam\/news\/2021\/10\/ampliamos-nuestras-politicas-sobre-acoso-e-intimidacion-en-linea\/#article\",\"isPartOf\":{\"@id\":\"https:\/\/about.fb.com\/ltam\/news\/2021\/10\/ampliamos-nuestras-politicas-sobre-acoso-e-intimidacion-en-linea\/\"},\"author\":\"Facebook company\",\"headline\":\"Ampliamos nuestras pol\u00edticas sobre acoso e intimidaci\u00f3n en l\u00ednea\",\"datePublished\":\"2021-10-13T15:43:01+00:00\",\"dateModified\":\"2021-10-13T15:48:16+00:00\",\"mainEntityOfPage\":{\"@id\":\"https:\/\/about.fb.com\/ltam\/news\/2021\/10\/ampliamos-nuestras-politicas-sobre-acoso-e-intimidacion-en-linea\/\"},\"wordCount\":1034,\"publisher\":{\"@id\":\"https:\/\/about.fb.com\/ltam\/#organization\"},\"image\":{\"@id\":\"https:\/\/about.fb.com\/ltam\/news\/2021\/10\/ampliamos-nuestras-politicas-sobre-acoso-e-intimidacion-en-linea\/#primaryimage\"},\"thumbnailUrl\":\"https:\/\/about.fb.com\/ltam\/wp-content\/uploads\/sites\/14\/2021\/10\/Bullying-and-Harassment-Policy-Updates_Header.jpeg?fit=1920%2C1080\",\"keywords\":[\"Bienestar\",\"Seguridad\"],\"articleSection\":[\"Meta\",\"Pol\u00edtica P\u00fablica\",\"Seguridad &amp; Expresi\u00f3n\"],\"inLanguage\":\"es\"},{\"@type\":\"WebPage\",\"@id\":\"https:\/\/about.fb.com\/ltam\/news\/2021\/10\/ampliamos-nuestras-politicas-sobre-acoso-e-intimidacion-en-linea\/\",\"url\":\"https:\/\/about.fb.com\/ltam\/news\/2021\/10\/ampliamos-nuestras-politicas-sobre-acoso-e-intimidacion-en-linea\/\",\"name\":\"Ampliamos nuestras pol\u00edticas sobre acoso e intimidaci\u00f3n en l\u00ednea | Acerca de Meta\",\"isPartOf\":{\"@id\":\"https:\/\/about.fb.com\/ltam\/#website\"},\"primaryImageOfPage\":{\"@id\":\"https:\/\/about.fb.com\/ltam\/news\/2021\/10\/ampliamos-nuestras-politicas-sobre-acoso-e-intimidacion-en-linea\/#primaryimage\"},\"image\":{\"@id\":\"https:\/\/about.fb.com\/ltam\/news\/2021\/10\/ampliamos-nuestras-politicas-sobre-acoso-e-intimidacion-en-linea\/#primaryimage\"},\"thumbnailUrl\":\"https:\/\/about.fb.com\/ltam\/wp-content\/uploads\/sites\/14\/2021\/10\/Bullying-and-Harassment-Policy-Updates_Header.jpeg?fit=1920%2C1080\",\"datePublished\":\"2021-10-13T15:43:01+00:00\",\"dateModified\":\"2021-10-13T15:48:16+00:00\",\"breadcrumb\":{\"@id\":\"https:\/\/about.fb.com\/ltam\/news\/2021\/10\/ampliamos-nuestras-politicas-sobre-acoso-e-intimidacion-en-linea\/#breadcrumb\"},\"inLanguage\":\"es\",\"potentialAction\":[{\"@type\":\"ReadAction\",\"target\":[\"https:\/\/about.fb.com\/ltam\/news\/2021\/10\/ampliamos-nuestras-politicas-sobre-acoso-e-intimidacion-en-linea\/\"]}],\"author\":\"Acerca de Meta\"},{\"@type\":\"ImageObject\",\"inLanguage\":\"es\",\"@id\":\"https:\/\/about.fb.com\/ltam\/news\/2021\/10\/ampliamos-nuestras-politicas-sobre-acoso-e-intimidacion-en-linea\/#primaryimage\",\"url\":\"https:\/\/about.fb.com\/ltam\/wp-content\/uploads\/sites\/14\/2021\/10\/Bullying-and-Harassment-Policy-Updates_Header.jpeg?fit=1920%2C1080\",\"contentUrl\":\"https:\/\/about.fb.com\/ltam\/wp-content\/uploads\/sites\/14\/2021\/10\/Bullying-and-Harassment-Policy-Updates_Header.jpeg?fit=1920%2C1080\",\"width\":1920,\"height\":1080},{\"@type\":\"BreadcrumbList\",\"@id\":\"https:\/\/about.fb.com\/ltam\/news\/2021\/10\/ampliamos-nuestras-politicas-sobre-acoso-e-intimidacion-en-linea\/#breadcrumb\",\"itemListElement\":[{\"@type\":\"ListItem\",\"position\":1,\"name\":\"Home\",\"item\":\"https:\/\/about.fb.com\/ltam\/\"},{\"@type\":\"ListItem\",\"position\":2,\"name\":\"Ampliamos nuestras pol\u00edticas sobre acoso e intimidaci\u00f3n en l\u00ednea\"}]},{\"@type\":\"WebSite\",\"@id\":\"https:\/\/about.fb.com\/ltam\/#website\",\"url\":\"https:\/\/about.fb.com\/news\/\",\"name\":\"Acerca de Meta\",\"description\":\"\",\"publisher\":{\"@id\":\"https:\/\/about.fb.com\/ltam\/#organization\"},\"potentialAction\":[{\"@type\":\"SearchAction\",\"target\":{\"@type\":\"EntryPoint\",\"urlTemplate\":\"https:\/\/about.fb.com\/ltam\/?s={search_term_string}\"},\"query-input\":{\"@type\":\"PropertyValueSpecification\",\"valueRequired\":true,\"valueName\":\"search_term_string\"}}],\"inLanguage\":\"es\",\"alternateName\":[\"Meta Newsroom\",\"Meta\"]},{\"@type\":\"Organization\",\"@id\":\"https:\/\/about.fb.com\/ltam\/#organization\",\"name\":\"Meta\",\"url\":\"https:\/\/about.fb.com\/ltam\/\",\"logo\":{\"@type\":\"ImageObject\",\"inLanguage\":\"es\",\"@id\":\"https:\/\/about.fb.com\/ltam\/#\/schema\/logo\/image\/\",\"url\":\"https:\/\/about.fb.com\/ltam\/wp-content\/uploads\/sites\/14\/2021\/10\/meta-social-16x9-1.jpg?fit=8000%2C4500\",\"contentUrl\":\"https:\/\/about.fb.com\/ltam\/wp-content\/uploads\/sites\/14\/2021\/10\/meta-social-16x9-1.jpg?fit=8000%2C4500\",\"width\":8000,\"height\":4500,\"caption\":\"Meta\"},\"image\":{\"@id\":\"https:\/\/about.fb.com\/ltam\/#\/schema\/logo\/image\/\"}}]}<\/script>\n<!-- \/ Yoast SEO plugin. -->","yoast_head_json":{"title":"Ampliamos nuestras pol\u00edticas sobre acoso e intimidaci\u00f3n en l\u00ednea | Acerca de Meta","robots":{"index":"index","follow":"follow","max-snippet":"max-snippet:-1","max-image-preview":"max-image-preview:large","max-video-preview":"max-video-preview:-1"},"canonical":"https:\/\/about.fb.com\/ltam\/news\/2021\/10\/ampliamos-nuestras-politicas-sobre-acoso-e-intimidacion-en-linea\/","og_locale":"es_ES","og_type":"article","og_title":"Ampliamos nuestras pol\u00edticas sobre acoso e intimidaci\u00f3n en l\u00ednea | Acerca de Meta","og_description":"En el D\u00eda nacional de la concientizaci\u00f3n y prevenci\u00f3n del acoso en Estados Unidos, estamos anunciando actualizaciones a nuestras pol\u00edticas de bullying y acoso para proteger mejor a los miembros de nuestra comunidad, en particular a aquellos que pueden ser vulnerables al abuso en l\u00ednea.\u00a0","og_url":"https:\/\/about.fb.com\/ltam\/news\/2021\/10\/ampliamos-nuestras-politicas-sobre-acoso-e-intimidacion-en-linea\/","og_site_name":"Acerca de Meta","article_published_time":"2021-10-13T15:43:01+00:00","article_modified_time":"2021-10-13T15:48:16+00:00","og_image":[{"width":1024,"height":576,"url":"https:\/\/about.fb.com\/ltam\/wp-content\/uploads\/sites\/14\/2021\/10\/Bullying-and-Harassment-Policy-Updates_Header.jpeg?resize=1024,576","type":"image\/jpeg"}],"author":"eortiz","twitter_card":"summary_large_image","twitter_misc":{"Written by":"Meta","Est. reading time":"5 minutos"},"schema":{"@context":"https:\/\/schema.org","@graph":[{"@type":"Article","@id":"https:\/\/about.fb.com\/ltam\/news\/2021\/10\/ampliamos-nuestras-politicas-sobre-acoso-e-intimidacion-en-linea\/#article","isPartOf":{"@id":"https:\/\/about.fb.com\/ltam\/news\/2021\/10\/ampliamos-nuestras-politicas-sobre-acoso-e-intimidacion-en-linea\/"},"author":"Facebook company","headline":"Ampliamos nuestras pol\u00edticas sobre acoso e intimidaci\u00f3n en l\u00ednea","datePublished":"2021-10-13T15:43:01+00:00","dateModified":"2021-10-13T15:48:16+00:00","mainEntityOfPage":{"@id":"https:\/\/about.fb.com\/ltam\/news\/2021\/10\/ampliamos-nuestras-politicas-sobre-acoso-e-intimidacion-en-linea\/"},"wordCount":1034,"publisher":{"@id":"https:\/\/about.fb.com\/ltam\/#organization"},"image":{"@id":"https:\/\/about.fb.com\/ltam\/news\/2021\/10\/ampliamos-nuestras-politicas-sobre-acoso-e-intimidacion-en-linea\/#primaryimage"},"thumbnailUrl":"https:\/\/about.fb.com\/ltam\/wp-content\/uploads\/sites\/14\/2021\/10\/Bullying-and-Harassment-Policy-Updates_Header.jpeg?fit=1920%2C1080","keywords":["Bienestar","Seguridad"],"articleSection":["Meta","Pol\u00edtica P\u00fablica","Seguridad &amp; Expresi\u00f3n"],"inLanguage":"es"},{"@type":"WebPage","@id":"https:\/\/about.fb.com\/ltam\/news\/2021\/10\/ampliamos-nuestras-politicas-sobre-acoso-e-intimidacion-en-linea\/","url":"https:\/\/about.fb.com\/ltam\/news\/2021\/10\/ampliamos-nuestras-politicas-sobre-acoso-e-intimidacion-en-linea\/","name":"Ampliamos nuestras pol\u00edticas sobre acoso e intimidaci\u00f3n en l\u00ednea | Acerca de Meta","isPartOf":{"@id":"https:\/\/about.fb.com\/ltam\/#website"},"primaryImageOfPage":{"@id":"https:\/\/about.fb.com\/ltam\/news\/2021\/10\/ampliamos-nuestras-politicas-sobre-acoso-e-intimidacion-en-linea\/#primaryimage"},"image":{"@id":"https:\/\/about.fb.com\/ltam\/news\/2021\/10\/ampliamos-nuestras-politicas-sobre-acoso-e-intimidacion-en-linea\/#primaryimage"},"thumbnailUrl":"https:\/\/about.fb.com\/ltam\/wp-content\/uploads\/sites\/14\/2021\/10\/Bullying-and-Harassment-Policy-Updates_Header.jpeg?fit=1920%2C1080","datePublished":"2021-10-13T15:43:01+00:00","dateModified":"2021-10-13T15:48:16+00:00","breadcrumb":{"@id":"https:\/\/about.fb.com\/ltam\/news\/2021\/10\/ampliamos-nuestras-politicas-sobre-acoso-e-intimidacion-en-linea\/#breadcrumb"},"inLanguage":"es","potentialAction":[{"@type":"ReadAction","target":["https:\/\/about.fb.com\/ltam\/news\/2021\/10\/ampliamos-nuestras-politicas-sobre-acoso-e-intimidacion-en-linea\/"]}],"author":"Acerca de Meta"},{"@type":"ImageObject","inLanguage":"es","@id":"https:\/\/about.fb.com\/ltam\/news\/2021\/10\/ampliamos-nuestras-politicas-sobre-acoso-e-intimidacion-en-linea\/#primaryimage","url":"https:\/\/about.fb.com\/ltam\/wp-content\/uploads\/sites\/14\/2021\/10\/Bullying-and-Harassment-Policy-Updates_Header.jpeg?fit=1920%2C1080","contentUrl":"https:\/\/about.fb.com\/ltam\/wp-content\/uploads\/sites\/14\/2021\/10\/Bullying-and-Harassment-Policy-Updates_Header.jpeg?fit=1920%2C1080","width":1920,"height":1080},{"@type":"BreadcrumbList","@id":"https:\/\/about.fb.com\/ltam\/news\/2021\/10\/ampliamos-nuestras-politicas-sobre-acoso-e-intimidacion-en-linea\/#breadcrumb","itemListElement":[{"@type":"ListItem","position":1,"name":"Home","item":"https:\/\/about.fb.com\/ltam\/"},{"@type":"ListItem","position":2,"name":"Ampliamos nuestras pol\u00edticas sobre acoso e intimidaci\u00f3n en l\u00ednea"}]},{"@type":"WebSite","@id":"https:\/\/about.fb.com\/ltam\/#website","url":"https:\/\/about.fb.com\/news\/","name":"Acerca de Meta","description":"","publisher":{"@id":"https:\/\/about.fb.com\/ltam\/#organization"},"potentialAction":[{"@type":"SearchAction","target":{"@type":"EntryPoint","urlTemplate":"https:\/\/about.fb.com\/ltam\/?s={search_term_string}"},"query-input":{"@type":"PropertyValueSpecification","valueRequired":true,"valueName":"search_term_string"}}],"inLanguage":"es","alternateName":["Meta Newsroom","Meta"]},{"@type":"Organization","@id":"https:\/\/about.fb.com\/ltam\/#organization","name":"Meta","url":"https:\/\/about.fb.com\/ltam\/","logo":{"@type":"ImageObject","inLanguage":"es","@id":"https:\/\/about.fb.com\/ltam\/#\/schema\/logo\/image\/","url":"https:\/\/about.fb.com\/ltam\/wp-content\/uploads\/sites\/14\/2021\/10\/meta-social-16x9-1.jpg?fit=8000%2C4500","contentUrl":"https:\/\/about.fb.com\/ltam\/wp-content\/uploads\/sites\/14\/2021\/10\/meta-social-16x9-1.jpg?fit=8000%2C4500","width":8000,"height":4500,"caption":"Meta"},"image":{"@id":"https:\/\/about.fb.com\/ltam\/#\/schema\/logo\/image\/"}}]}},"jetpack_featured_media_url":"https:\/\/about.fb.com\/ltam\/wp-content\/uploads\/sites\/14\/2021\/10\/Bullying-and-Harassment-Policy-Updates_Header.jpeg?fit=1920%2C1080","jetpack-related-posts":[],"jetpack_sharing_enabled":true,"amp_enabled":true,"_links":{"self":[{"href":"https:\/\/about.fb.com\/ltam\/wp-json\/wp\/v2\/posts\/23466","targetHints":{"allow":["GET"]}}],"collection":[{"href":"https:\/\/about.fb.com\/ltam\/wp-json\/wp\/v2\/posts"}],"about":[{"href":"https:\/\/about.fb.com\/ltam\/wp-json\/wp\/v2\/types\/post"}],"author":[{"embeddable":true,"href":"https:\/\/about.fb.com\/ltam\/wp-json\/wp\/v2\/users\/164097140"}],"replies":[{"embeddable":true,"href":"https:\/\/about.fb.com\/ltam\/wp-json\/wp\/v2\/comments?post=23466"}],"version-history":[{"count":2,"href":"https:\/\/about.fb.com\/ltam\/wp-json\/wp\/v2\/posts\/23466\/revisions"}],"predecessor-version":[{"id":23472,"href":"https:\/\/about.fb.com\/ltam\/wp-json\/wp\/v2\/posts\/23466\/revisions\/23472"}],"wp:featuredmedia":[{"embeddable":true,"href":"https:\/\/about.fb.com\/ltam\/wp-json\/wp\/v2\/media\/23467"}],"wp:attachment":[{"href":"https:\/\/about.fb.com\/ltam\/wp-json\/wp\/v2\/media?parent=23466"}],"wp:term":[{"taxonomy":"category","embeddable":true,"href":"https:\/\/about.fb.com\/ltam\/wp-json\/wp\/v2\/categories?post=23466"},{"taxonomy":"post_tag","embeddable":true,"href":"https:\/\/about.fb.com\/ltam\/wp-json\/wp\/v2\/tags?post=23466"}],"curies":[{"name":"wp","href":"https:\/\/api.w.org\/{rel}","templated":true}]}}