{"id":23432,"date":"2021-10-05T07:26:39","date_gmt":"2021-10-05T12:26:39","guid":{"rendered":"https:\/\/about.fb.com\/ltam\/?p=23432"},"modified":"2021-10-05T09:51:00","modified_gmt":"2021-10-05T14:51:00","slug":"actualizacion-sobre-la-interrupcion-del-4-de-octubre","status":"publish","type":"post","link":"https:\/\/about.fb.com\/ltam\/news\/2021\/10\/actualizacion-sobre-la-interrupcion-del-4-de-octubre\/","title":{"rendered":"Actualizaci\u00f3n sobre la interrupci\u00f3n del 4 de octubre"},"content":{"rendered":"<p><span style=\"font-weight: 400\">A todas las personas y empresas de todo el mundo que usan nuestros servicios, lamentamos las molestias causadas por la interrupci\u00f3n de hoy en nuestras plataformas. Hemos trabajado al m\u00e1ximo para restablecer el acceso, y nuestros sistemas ahora est\u00e1n funcionando nuevamente.\u00a0 La causa subyacente de esta interrupci\u00f3n tambi\u00e9n afect\u00f3 a muchas de las herramientas y sistemas internos que utilizamos en nuestras operaciones diarias, lo que complic\u00f3 nuestros intentos de diagnosticar y resolver r\u00e1pidamente el problema.<\/span><\/p>\n<p><span style=\"font-weight: 400\">Nuestros equipos de ingenier\u00eda han encontrado que los cambios de configuraci\u00f3n en los <\/span><i><span style=\"font-weight: 400\">routers<\/span><\/i><span style=\"font-weight: 400\"> troncales que coordinan el tr\u00e1fico de red entre nuestros centros de datos causaron problemas que interrumpieron esta comunicaci\u00f3n. Esta irrupci\u00f3n del tr\u00e1fico en la red tuvo un efecto en cascada en la forma en que se comunican nuestros centros de datos, lo que paraliz\u00f3 nuestros servicios.<\/span><\/p>\n<p><span style=\"font-weight: 400\">Nuestros servicios est\u00e1n nuevamente en l\u00ednea y estamos trabajando activamente para que regresen por completo a sus operaciones normales. Queremos dejar claro que este incidente no se debi\u00f3 a actividad maliciosa &#8211; la interrupci\u00f3n se origin\u00f3 por un cambio de configuraci\u00f3n defectuoso.\u00a0<\/span><span style=\"font-weight: 400\">No tenemos evidencia de que datos de usuarios se hayan visto comprometidos como resultado de este tiempo de inactividad.<\/span>\u00a0<em>(Texto actualizado el 5\/10\/2021 para reflejar las actualizaciones m\u00e1s recientes).\u00a0\u00a0<\/em><\/p>\n<p><span style=\"font-weight: 400\">Personas y empresas de todo el mundo conf\u00edan en nosotros todos los d\u00edas para mantenerse conectados. Entendemos el impacto que interrupciones como estas tienen en la vida de las personas y es nuestra responsabilidad mantenerlas informadas sobre interrupciones en nuestros servicios.\u00a0 Pedimos disculpas a todos los afectados y estamos trabajando para comprender m\u00e1s sobre lo que sucedi\u00f3 el 4 de octubre, y as\u00ed mejorar la resiliencia de nuestra infraestructura.<\/span><\/p>\n","protected":false},"excerpt":{"rendered":"Nuestros servicios est\u00e1n nuevamente en l\u00ednea y estamos trabajando activamente para que regresen por completo a sus operaciones normales. Queremos dejar claro que este incidente no se debi\u00f3 a actividad maliciosa &#8211; la interrupci\u00f3n se origin\u00f3 por un cambio de configuraci\u00f3n defectuoso.\u00a0No tenemos evidencia de que datos de usuarios se hayan visto comprometidos como resultado de este tiempo de inactividad.","protected":false},"author":155592861,"featured_media":0,"comment_status":"closed","ping_status":"closed","sticky":false,"template":"","format":"standard","meta":{"_jetpack_memberships_contains_paid_content":false,"footnotes":""},"categories":[30660046],"tags":[],"class_list":["post-23432","post","type-post","status-publish","format-standard","hentry","category-noticias-de-la-empresa"],"yoast_head":"<!-- This site is optimized with the Yoast SEO plugin v27.2 - https:\/\/yoast.com\/product\/yoast-seo-wordpress\/ -->\n<title>Actualizaci\u00f3n sobre la interrupci\u00f3n del 4 de octubre | Acerca de Meta<\/title>\n<meta name=\"robots\" content=\"index, follow, max-snippet:-1, max-image-preview:large, max-video-preview:-1\" \/>\n<link rel=\"canonical\" href=\"https:\/\/about.fb.com\/ltam\/news\/2021\/10\/actualizacion-sobre-la-interrupcion-del-4-de-octubre\/\" \/>\n<meta property=\"og:locale\" content=\"es_ES\" \/>\n<meta property=\"og:type\" content=\"article\" \/>\n<meta property=\"og:title\" content=\"Actualizaci\u00f3n sobre la interrupci\u00f3n del 4 de octubre | Acerca de Meta\" \/>\n<meta property=\"og:description\" content=\"Nuestros servicios est\u00e1n nuevamente en l\u00ednea y estamos trabajando activamente para que regresen por completo a sus operaciones normales. Queremos dejar claro que este incidente no se debi\u00f3 a actividad maliciosa - la interrupci\u00f3n se origin\u00f3 por un cambio de configuraci\u00f3n defectuoso.\u00a0No tenemos evidencia de que datos de usuarios se hayan visto comprometidos como resultado de este tiempo de inactividad.\" \/>\n<meta property=\"og:url\" content=\"https:\/\/about.fb.com\/ltam\/news\/2021\/10\/actualizacion-sobre-la-interrupcion-del-4-de-octubre\/\" \/>\n<meta property=\"og:site_name\" content=\"Acerca de Meta\" \/>\n<meta property=\"article:published_time\" content=\"2021-10-05T12:26:39+00:00\" \/>\n<meta property=\"article:modified_time\" content=\"2021-10-05T14:51:00+00:00\" \/>\n<meta property=\"og:image\" content=\"https:\/\/about.fb.com\/ltam\/wp-content\/uploads\/sites\/14\/2021\/10\/meta-social-16x9-1.jpg?resize=1024,576\" \/>\n\t<meta property=\"og:image:width\" content=\"1024\" \/>\n\t<meta property=\"og:image:height\" content=\"576\" \/>\n\t<meta property=\"og:image:type\" content=\"image\/jpeg\" \/>\n<meta name=\"author\" content=\"ceciliacartoceti\" \/>\n<meta name=\"twitter:card\" content=\"summary_large_image\" \/>\n<meta name=\"twitter:label1\" content=\"Written by\" \/>\n\t<meta name=\"twitter:data1\" content=\"Meta\" \/>\n\t<meta name=\"twitter:label2\" content=\"Est. reading time\" \/>\n\t<meta name=\"twitter:data2\" content=\"2 minutos\" \/>\n<script type=\"application\/ld+json\" class=\"yoast-schema-graph\">{\"@context\":\"https:\/\/schema.org\",\"@graph\":[{\"@type\":\"Article\",\"@id\":\"https:\/\/about.fb.com\/ltam\/news\/2021\/10\/actualizacion-sobre-la-interrupcion-del-4-de-octubre\/#article\",\"isPartOf\":{\"@id\":\"https:\/\/about.fb.com\/ltam\/news\/2021\/10\/actualizacion-sobre-la-interrupcion-del-4-de-octubre\/\"},\"author\":\"Facebook company\",\"headline\":\"Actualizaci\u00f3n sobre la interrupci\u00f3n del 4 de octubre\",\"datePublished\":\"2021-10-05T12:26:39+00:00\",\"dateModified\":\"2021-10-05T14:51:00+00:00\",\"mainEntityOfPage\":{\"@id\":\"https:\/\/about.fb.com\/ltam\/news\/2021\/10\/actualizacion-sobre-la-interrupcion-del-4-de-octubre\/\"},\"wordCount\":302,\"publisher\":{\"@id\":\"https:\/\/about.fb.com\/ltam\/#organization\"},\"articleSection\":[\"Noticias de la Empresa\"],\"inLanguage\":\"es\"},{\"@type\":\"WebPage\",\"@id\":\"https:\/\/about.fb.com\/ltam\/news\/2021\/10\/actualizacion-sobre-la-interrupcion-del-4-de-octubre\/\",\"url\":\"https:\/\/about.fb.com\/ltam\/news\/2021\/10\/actualizacion-sobre-la-interrupcion-del-4-de-octubre\/\",\"name\":\"Actualizaci\u00f3n sobre la interrupci\u00f3n del 4 de octubre | Acerca de Meta\",\"isPartOf\":{\"@id\":\"https:\/\/about.fb.com\/ltam\/#website\"},\"datePublished\":\"2021-10-05T12:26:39+00:00\",\"dateModified\":\"2021-10-05T14:51:00+00:00\",\"breadcrumb\":{\"@id\":\"https:\/\/about.fb.com\/ltam\/news\/2021\/10\/actualizacion-sobre-la-interrupcion-del-4-de-octubre\/#breadcrumb\"},\"inLanguage\":\"es\",\"potentialAction\":[{\"@type\":\"ReadAction\",\"target\":[\"https:\/\/about.fb.com\/ltam\/news\/2021\/10\/actualizacion-sobre-la-interrupcion-del-4-de-octubre\/\"]}],\"author\":\"Acerca de Meta\"},{\"@type\":\"BreadcrumbList\",\"@id\":\"https:\/\/about.fb.com\/ltam\/news\/2021\/10\/actualizacion-sobre-la-interrupcion-del-4-de-octubre\/#breadcrumb\",\"itemListElement\":[{\"@type\":\"ListItem\",\"position\":1,\"name\":\"Home\",\"item\":\"https:\/\/about.fb.com\/ltam\/\"},{\"@type\":\"ListItem\",\"position\":2,\"name\":\"Actualizaci\u00f3n sobre la interrupci\u00f3n del 4 de octubre\"}]},{\"@type\":\"WebSite\",\"@id\":\"https:\/\/about.fb.com\/ltam\/#website\",\"url\":\"https:\/\/about.fb.com\/news\/\",\"name\":\"Acerca de Meta\",\"description\":\"\",\"publisher\":{\"@id\":\"https:\/\/about.fb.com\/ltam\/#organization\"},\"potentialAction\":[{\"@type\":\"SearchAction\",\"target\":{\"@type\":\"EntryPoint\",\"urlTemplate\":\"https:\/\/about.fb.com\/ltam\/?s={search_term_string}\"},\"query-input\":{\"@type\":\"PropertyValueSpecification\",\"valueRequired\":true,\"valueName\":\"search_term_string\"}}],\"inLanguage\":\"es\",\"alternateName\":[\"Meta Newsroom\",\"Meta\"]},{\"@type\":\"Organization\",\"@id\":\"https:\/\/about.fb.com\/ltam\/#organization\",\"name\":\"Meta\",\"url\":\"https:\/\/about.fb.com\/ltam\/\",\"logo\":{\"@type\":\"ImageObject\",\"inLanguage\":\"es\",\"@id\":\"https:\/\/about.fb.com\/ltam\/#\/schema\/logo\/image\/\",\"url\":\"https:\/\/about.fb.com\/ltam\/wp-content\/uploads\/sites\/14\/2021\/10\/meta-social-16x9-1.jpg?fit=8000%2C4500\",\"contentUrl\":\"https:\/\/about.fb.com\/ltam\/wp-content\/uploads\/sites\/14\/2021\/10\/meta-social-16x9-1.jpg?fit=8000%2C4500\",\"width\":8000,\"height\":4500,\"caption\":\"Meta\"},\"image\":{\"@id\":\"https:\/\/about.fb.com\/ltam\/#\/schema\/logo\/image\/\"}}]}<\/script>\n<!-- \/ Yoast SEO plugin. -->","yoast_head_json":{"title":"Actualizaci\u00f3n sobre la interrupci\u00f3n del 4 de octubre | Acerca de Meta","robots":{"index":"index","follow":"follow","max-snippet":"max-snippet:-1","max-image-preview":"max-image-preview:large","max-video-preview":"max-video-preview:-1"},"canonical":"https:\/\/about.fb.com\/ltam\/news\/2021\/10\/actualizacion-sobre-la-interrupcion-del-4-de-octubre\/","og_locale":"es_ES","og_type":"article","og_title":"Actualizaci\u00f3n sobre la interrupci\u00f3n del 4 de octubre | Acerca de Meta","og_description":"Nuestros servicios est\u00e1n nuevamente en l\u00ednea y estamos trabajando activamente para que regresen por completo a sus operaciones normales. Queremos dejar claro que este incidente no se debi\u00f3 a actividad maliciosa - la interrupci\u00f3n se origin\u00f3 por un cambio de configuraci\u00f3n defectuoso.\u00a0No tenemos evidencia de que datos de usuarios se hayan visto comprometidos como resultado de este tiempo de inactividad.","og_url":"https:\/\/about.fb.com\/ltam\/news\/2021\/10\/actualizacion-sobre-la-interrupcion-del-4-de-octubre\/","og_site_name":"Acerca de Meta","article_published_time":"2021-10-05T12:26:39+00:00","article_modified_time":"2021-10-05T14:51:00+00:00","og_image":[{"width":1024,"height":576,"url":"https:\/\/about.fb.com\/ltam\/wp-content\/uploads\/sites\/14\/2021\/10\/meta-social-16x9-1.jpg?resize=1024,576","type":"image\/jpeg"}],"author":"ceciliacartoceti","twitter_card":"summary_large_image","twitter_misc":{"Written by":"Meta","Est. reading time":"2 minutos"},"schema":{"@context":"https:\/\/schema.org","@graph":[{"@type":"Article","@id":"https:\/\/about.fb.com\/ltam\/news\/2021\/10\/actualizacion-sobre-la-interrupcion-del-4-de-octubre\/#article","isPartOf":{"@id":"https:\/\/about.fb.com\/ltam\/news\/2021\/10\/actualizacion-sobre-la-interrupcion-del-4-de-octubre\/"},"author":"Facebook company","headline":"Actualizaci\u00f3n sobre la interrupci\u00f3n del 4 de octubre","datePublished":"2021-10-05T12:26:39+00:00","dateModified":"2021-10-05T14:51:00+00:00","mainEntityOfPage":{"@id":"https:\/\/about.fb.com\/ltam\/news\/2021\/10\/actualizacion-sobre-la-interrupcion-del-4-de-octubre\/"},"wordCount":302,"publisher":{"@id":"https:\/\/about.fb.com\/ltam\/#organization"},"articleSection":["Noticias de la Empresa"],"inLanguage":"es"},{"@type":"WebPage","@id":"https:\/\/about.fb.com\/ltam\/news\/2021\/10\/actualizacion-sobre-la-interrupcion-del-4-de-octubre\/","url":"https:\/\/about.fb.com\/ltam\/news\/2021\/10\/actualizacion-sobre-la-interrupcion-del-4-de-octubre\/","name":"Actualizaci\u00f3n sobre la interrupci\u00f3n del 4 de octubre | Acerca de Meta","isPartOf":{"@id":"https:\/\/about.fb.com\/ltam\/#website"},"datePublished":"2021-10-05T12:26:39+00:00","dateModified":"2021-10-05T14:51:00+00:00","breadcrumb":{"@id":"https:\/\/about.fb.com\/ltam\/news\/2021\/10\/actualizacion-sobre-la-interrupcion-del-4-de-octubre\/#breadcrumb"},"inLanguage":"es","potentialAction":[{"@type":"ReadAction","target":["https:\/\/about.fb.com\/ltam\/news\/2021\/10\/actualizacion-sobre-la-interrupcion-del-4-de-octubre\/"]}],"author":"Acerca de Meta"},{"@type":"BreadcrumbList","@id":"https:\/\/about.fb.com\/ltam\/news\/2021\/10\/actualizacion-sobre-la-interrupcion-del-4-de-octubre\/#breadcrumb","itemListElement":[{"@type":"ListItem","position":1,"name":"Home","item":"https:\/\/about.fb.com\/ltam\/"},{"@type":"ListItem","position":2,"name":"Actualizaci\u00f3n sobre la interrupci\u00f3n del 4 de octubre"}]},{"@type":"WebSite","@id":"https:\/\/about.fb.com\/ltam\/#website","url":"https:\/\/about.fb.com\/news\/","name":"Acerca de Meta","description":"","publisher":{"@id":"https:\/\/about.fb.com\/ltam\/#organization"},"potentialAction":[{"@type":"SearchAction","target":{"@type":"EntryPoint","urlTemplate":"https:\/\/about.fb.com\/ltam\/?s={search_term_string}"},"query-input":{"@type":"PropertyValueSpecification","valueRequired":true,"valueName":"search_term_string"}}],"inLanguage":"es","alternateName":["Meta Newsroom","Meta"]},{"@type":"Organization","@id":"https:\/\/about.fb.com\/ltam\/#organization","name":"Meta","url":"https:\/\/about.fb.com\/ltam\/","logo":{"@type":"ImageObject","inLanguage":"es","@id":"https:\/\/about.fb.com\/ltam\/#\/schema\/logo\/image\/","url":"https:\/\/about.fb.com\/ltam\/wp-content\/uploads\/sites\/14\/2021\/10\/meta-social-16x9-1.jpg?fit=8000%2C4500","contentUrl":"https:\/\/about.fb.com\/ltam\/wp-content\/uploads\/sites\/14\/2021\/10\/meta-social-16x9-1.jpg?fit=8000%2C4500","width":8000,"height":4500,"caption":"Meta"},"image":{"@id":"https:\/\/about.fb.com\/ltam\/#\/schema\/logo\/image\/"}}]}},"jetpack_featured_media_url":"","jetpack-related-posts":[],"jetpack_sharing_enabled":true,"amp_enabled":true,"_links":{"self":[{"href":"https:\/\/about.fb.com\/ltam\/wp-json\/wp\/v2\/posts\/23432","targetHints":{"allow":["GET"]}}],"collection":[{"href":"https:\/\/about.fb.com\/ltam\/wp-json\/wp\/v2\/posts"}],"about":[{"href":"https:\/\/about.fb.com\/ltam\/wp-json\/wp\/v2\/types\/post"}],"author":[{"embeddable":true,"href":"https:\/\/about.fb.com\/ltam\/wp-json\/wp\/v2\/users\/155592861"}],"replies":[{"embeddable":true,"href":"https:\/\/about.fb.com\/ltam\/wp-json\/wp\/v2\/comments?post=23432"}],"version-history":[{"count":5,"href":"https:\/\/about.fb.com\/ltam\/wp-json\/wp\/v2\/posts\/23432\/revisions"}],"predecessor-version":[{"id":23437,"href":"https:\/\/about.fb.com\/ltam\/wp-json\/wp\/v2\/posts\/23432\/revisions\/23437"}],"wp:attachment":[{"href":"https:\/\/about.fb.com\/ltam\/wp-json\/wp\/v2\/media?parent=23432"}],"wp:term":[{"taxonomy":"category","embeddable":true,"href":"https:\/\/about.fb.com\/ltam\/wp-json\/wp\/v2\/categories?post=23432"},{"taxonomy":"post_tag","embeddable":true,"href":"https:\/\/about.fb.com\/ltam\/wp-json\/wp\/v2\/tags?post=23432"}],"curies":[{"name":"wp","href":"https:\/\/api.w.org\/{rel}","templated":true}]}}