{"id":23032,"date":"2021-06-24T09:17:57","date_gmt":"2021-06-24T14:17:57","guid":{"rendered":"https:\/\/about.fb.com\/ltam\/?p=23032"},"modified":"2021-06-24T10:03:17","modified_gmt":"2021-06-24T15:03:17","slug":"pride-iniciativa-aliade-con-orgullo","status":"publish","type":"post","link":"https:\/\/about.fb.com\/ltam\/news\/2021\/06\/pride-iniciativa-aliade-con-orgullo\/","title":{"rendered":"It Gets Better y Facebook lanzan la iniciativa \u2018Aliade con Orgullo\u2019 con figuras p\u00fablicas"},"content":{"rendered":"<p><span style=\"font-weight: 400\">En el marco del Mes del Orgullo y para recordar la importancia de los aliados en la lucha por los derechos LGBTQ+ e invitar a m\u00e1s gente a sumarse a la causa, Facebook, en alianza con las filiales de <\/span><a href=\"https:\/\/itgetsbetter.org\/mexico\/acerca\/\"><span style=\"font-weight: 400\">It Gets Better<\/span><\/a><span style=\"font-weight: 400\"> en Argentina, Colombia y M\u00e9xico, lanzan la iniciativa #AliadeConOrgullo a trav\u00e9s de la voz de importantes figuras p\u00fablicas. Esta iniciativa incluye una <a href=\"https:\/\/www.facebook.com\/ItGetsBetterMx\/posts\/3796021543839792\">miniserie en Facebook Watch<\/a>, un set de stickers para Facebook e Instagram y un <\/span><a href=\"https:\/\/www.facebook.com\/profilepicframes\/?selected_overlay_id=563562681477692\"><span style=\"font-weight: 400\">marco temporal de foto de perfil<\/span><\/a><span style=\"font-weight: 400\">.\u00a0<\/span><\/p>\n<p><img data-recalc-dims=\"1\" loading=\"lazy\" decoding=\"async\" class=\"aligncenter wp-image-23036\" src=\"https:\/\/about.fb.com\/ltam\/wp-content\/uploads\/sites\/14\/2021\/06\/Facebook-AliadeConOrgullo-StickersMarco.png?w=890&#038;resize=724%2C408\" alt=\"\" width=\"724\" height=\"408\" srcset=\"https:\/\/about.fb.com\/ltam\/wp-content\/uploads\/sites\/14\/2021\/06\/Facebook-AliadeConOrgullo-StickersMarco.png?w=1920 1920w, https:\/\/about.fb.com\/ltam\/wp-content\/uploads\/sites\/14\/2021\/06\/Facebook-AliadeConOrgullo-StickersMarco.png?w=600 600w, https:\/\/about.fb.com\/ltam\/wp-content\/uploads\/sites\/14\/2021\/06\/Facebook-AliadeConOrgullo-StickersMarco.png?w=300 300w, https:\/\/about.fb.com\/ltam\/wp-content\/uploads\/sites\/14\/2021\/06\/Facebook-AliadeConOrgullo-StickersMarco.png?w=768 768w, https:\/\/about.fb.com\/ltam\/wp-content\/uploads\/sites\/14\/2021\/06\/Facebook-AliadeConOrgullo-StickersMarco.png?w=1024 1024w, https:\/\/about.fb.com\/ltam\/wp-content\/uploads\/sites\/14\/2021\/06\/Facebook-AliadeConOrgullo-StickersMarco.png?w=1536 1536w, https:\/\/about.fb.com\/ltam\/wp-content\/uploads\/sites\/14\/2021\/06\/Facebook-AliadeConOrgullo-StickersMarco.png?w=800 800w\" sizes=\"auto, (max-width: 724px) 100vw, 724px\" \/><\/p>\n<p><span style=\"font-weight: 400\">A partir del 24 de junio, se transmitir\u00e1 la miniserie #AliadeConOrgullo a trav\u00e9s de Facebook Watch en las P\u00e1gina de It Gets Better en <\/span><a href=\"https:\/\/www.facebook.com\/ItGetsBetterMx\/\"><span style=\"font-weight: 400\">M\u00e9xico<\/span><\/a><span style=\"font-weight: 400\">, <\/span><a href=\"https:\/\/www.facebook.com\/ItGetsBetterColombia\/\"><span style=\"font-weight: 400\">Colombia<\/span><\/a><span style=\"font-weight: 400\"> y <\/span><a href=\"https:\/\/www.facebook.com\/ItgetsBetterArgentina\/\"><span style=\"font-weight: 400\">Argentina<\/span><\/a><span style=\"font-weight: 400\"> \u2013ve el episodio 1 <a href=\"https:\/\/www.facebook.com\/ItGetsBetterMx\/posts\/3796021543839792\">aqu\u00ed<\/a>. Con un total de 7 episodios, cada uno incluye consejos para ser una persona aliada de la comunidad LGBTQ+ e incluye la participaci\u00f3n de celebridades como <\/span><a href=\"https:\/\/www.facebook.com\/alexrosaldooficial\"><span style=\"font-weight: 400\">Alessandra Rosaldo<\/span><\/a><span style=\"font-weight: 400\">, <\/span><a href=\"https:\/\/www.facebook.com\/DannaPaola\"><span style=\"font-weight: 400\">Danna Paola<\/span><\/a><span style=\"font-weight: 400\">, <\/span><a href=\"https:\/\/www.facebook.com\/darioyazb\"><span style=\"font-weight: 400\">Dar\u00edo Yazbek<\/span><\/a><span style=\"font-weight: 400\">, <\/span><a href=\"https:\/\/www.instagram.com\/erendiritas\/?hl=es-la\"><span style=\"font-weight: 400\">Er\u00e9ndira Ibarra<\/span><\/a><span style=\"font-weight: 400\"> y los creadores de contenido <\/span><a href=\"https:\/\/www.facebook.com\/MarioAguilarvideos\"><span style=\"font-weight: 400\">Mario Aguilar<\/span><\/a><span style=\"font-weight: 400\"> y <\/span><a href=\"https:\/\/www.facebook.com\/LaFatshionistaMX\"><span style=\"font-weight: 400\">Priscila Arias &#8216;La Fatshionista&#8217;<\/span><\/a><span style=\"font-weight: 400\">.\u00a0<\/span><\/p>\n<p><img data-recalc-dims=\"1\" loading=\"lazy\" decoding=\"async\" class=\"aligncenter wp-image-23037\" src=\"https:\/\/about.fb.com\/ltam\/wp-content\/uploads\/sites\/14\/2021\/06\/Facebook-AliadeConOrgullo-Episodios.png?w=890&#038;resize=734%2C413\" alt=\"\" width=\"734\" height=\"413\" srcset=\"https:\/\/about.fb.com\/ltam\/wp-content\/uploads\/sites\/14\/2021\/06\/Facebook-AliadeConOrgullo-Episodios.png?w=1920 1920w, https:\/\/about.fb.com\/ltam\/wp-content\/uploads\/sites\/14\/2021\/06\/Facebook-AliadeConOrgullo-Episodios.png?w=600 600w, https:\/\/about.fb.com\/ltam\/wp-content\/uploads\/sites\/14\/2021\/06\/Facebook-AliadeConOrgullo-Episodios.png?w=300 300w, https:\/\/about.fb.com\/ltam\/wp-content\/uploads\/sites\/14\/2021\/06\/Facebook-AliadeConOrgullo-Episodios.png?w=768 768w, https:\/\/about.fb.com\/ltam\/wp-content\/uploads\/sites\/14\/2021\/06\/Facebook-AliadeConOrgullo-Episodios.png?w=1024 1024w, https:\/\/about.fb.com\/ltam\/wp-content\/uploads\/sites\/14\/2021\/06\/Facebook-AliadeConOrgullo-Episodios.png?w=1536 1536w, https:\/\/about.fb.com\/ltam\/wp-content\/uploads\/sites\/14\/2021\/06\/Facebook-AliadeConOrgullo-Episodios.png?w=800 800w\" sizes=\"auto, (max-width: 734px) 100vw, 734px\" \/><\/p>\n<div class=\"fb-video\" data-allowfullscreen=\"true\" data-href=\"https:\/\/www.facebook.com\/ItGetsBetterMx\/videos\/854084795191419\" style=\"background-color: #fff; display: inline-block;\"><\/div>\n<p><span style=\"font-weight: 400\">\u201c<\/span><i><span style=\"font-weight: 400\">Facebook es un lugar donde la gente crea comunidad alrededor de temas que son de su inter\u00e9s lo que permite que conversaciones importantes se lleven a cabo. Esta alianza con la organizaci\u00f3n \u2018It Gets Better\u2019 es esencial para que todas las personas contin\u00faen sinti\u00e9ndose representadas y seguras en nuestras plataformas. Esto permite que aprendamos y ampliemos la discusi\u00f3n acerca de temas relevantes para la comunidad LGBTQ+.<\/span><\/i><span style=\"font-weight: 400\">\u201d explic\u00f3 Mary Carmen Albarran, Gerente de Alianzas de Entretenimiento para Facebook en Am\u00e9rica Latina de Habla Hispana. de Facebook.\u00a0<\/span><\/p>\n<p><span style=\"font-weight: 400\">Alex Oru\u00e9, Director Ejecutivo de It Gets Better M\u00e9xico coment\u00f3: <\/span><span style=\"font-weight: 400\">\u201c<\/span><i><span style=\"font-weight: 400\">Pese a que nos enfocamos a contar historias de personas LGBTQ+ a beneficio de j\u00f3venes LGBTQ+, no estamos en el \u201cnegocio\u201d de sacar a la gente LGBTQ+ del cl\u00f3set porque eso es un proceso muy personal y una decisi\u00f3n de cada quien si se siente con la seguridad f\u00edsica y econ\u00f3mica para hacerlo\u2026 Sin embargo, de quienes s\u00ed buscamos que salgan del cl\u00f3set es de las personas hetero-cis, nuestras amistades y familiares o colegas del trabajo. Su solidaridad no s\u00f3lo ayuda a crear m\u00e1s espacios seguros para nuestra comunidad, sino tambi\u00e9n salva vidas. Por eso nos enorgullece colaborar con Facebook en esta campa\u00f1a que busca que las personas aliadas sepan c\u00f3mo sumarse<\/span><\/i><span style=\"font-weight: 400\">\u201d.\u00a0<\/span><\/p>\n<p><img data-recalc-dims=\"1\" loading=\"lazy\" decoding=\"async\" class=\"aligncenter wp-image-23038\" src=\"https:\/\/about.fb.com\/ltam\/wp-content\/uploads\/sites\/14\/2021\/06\/Infografi\u0301aTiposAliado-MX.png?w=819&#038;resize=595%2C744\" alt=\"\" width=\"595\" height=\"744\" srcset=\"https:\/\/about.fb.com\/ltam\/wp-content\/uploads\/sites\/14\/2021\/06\/Infografi\u0301aTiposAliado-MX.png?w=1500 1500w, https:\/\/about.fb.com\/ltam\/wp-content\/uploads\/sites\/14\/2021\/06\/Infografi\u0301aTiposAliado-MX.png?w=320 320w, https:\/\/about.fb.com\/ltam\/wp-content\/uploads\/sites\/14\/2021\/06\/Infografi\u0301aTiposAliado-MX.png?w=240 240w, https:\/\/about.fb.com\/ltam\/wp-content\/uploads\/sites\/14\/2021\/06\/Infografi\u0301aTiposAliado-MX.png?w=768 768w, https:\/\/about.fb.com\/ltam\/wp-content\/uploads\/sites\/14\/2021\/06\/Infografi\u0301aTiposAliado-MX.png?w=819 819w, https:\/\/about.fb.com\/ltam\/wp-content\/uploads\/sites\/14\/2021\/06\/Infografi\u0301aTiposAliado-MX.png?w=1229 1229w, https:\/\/about.fb.com\/ltam\/wp-content\/uploads\/sites\/14\/2021\/06\/Infografi\u0301aTiposAliado-MX.png?w=864 864w, https:\/\/about.fb.com\/ltam\/wp-content\/uploads\/sites\/14\/2021\/06\/Infografi\u0301aTiposAliado-MX.png?w=480 480w\" sizes=\"auto, (max-width: 595px) 100vw, 595px\" \/><\/p>\n<p><span style=\"font-weight: 400\">\u00danete a la conversaci\u00f3n en Facebook e Instagram usando el hashtag #AliadeConOrgullo, no dejes de aprovechar el set de stickers para Facebook e Instagram o de usar el <\/span><a href=\"https:\/\/www.facebook.com\/profilepicframes\/?selected_overlay_id=563562681477692\"><span style=\"font-weight: 400\">marco temporal en tu foto de perfil<\/span><\/a><span style=\"font-weight: 400\"> de acuerdo al tipo de persona aliada que eres (encu\u00e9ntralos al buscar \u2018aliade\u2019).\u00a0<\/span><\/p>\n<p>&nbsp;<\/p>\n","protected":false},"excerpt":{"rendered":"En el marco del Mes del Orgullo nuestro objetivo es recordar la importancia de los aliados en la lucha por los derechos LGBTQ+. ","protected":false},"author":145013940,"featured_media":0,"comment_status":"closed","ping_status":"closed","sticky":false,"template":"","format":"standard","meta":{"_jetpack_memberships_contains_paid_content":false,"footnotes":""},"categories":[243947973,243948039,243948037],"tags":[1952,243948127,243947856,243948126,243947930],"class_list":["post-23032","post","type-post","status-publish","format-standard","hentry","category-facebook-watch","category-instagram","category-meta","tag-anuncios","tag-mes-del-orgullo","tag-noticias","tag-pride","tag-watch"],"yoast_head":"<!-- This site is optimized with the Yoast SEO plugin v27.2 - https:\/\/yoast.com\/product\/yoast-seo-wordpress\/ -->\n<title>It Gets Better y Facebook lanzan la iniciativa \u2018Aliade con Orgullo\u2019 con figuras p\u00fablicas | Acerca de Meta<\/title>\n<meta name=\"robots\" content=\"index, follow, max-snippet:-1, max-image-preview:large, max-video-preview:-1\" \/>\n<link rel=\"canonical\" href=\"https:\/\/about.fb.com\/ltam\/news\/2021\/06\/pride-iniciativa-aliade-con-orgullo\/\" \/>\n<meta property=\"og:locale\" content=\"es_ES\" \/>\n<meta property=\"og:type\" content=\"article\" \/>\n<meta property=\"og:title\" content=\"It Gets Better y Facebook lanzan la iniciativa \u2018Aliade con Orgullo\u2019 con figuras p\u00fablicas | Acerca de Meta\" \/>\n<meta property=\"og:description\" content=\"En el marco del Mes del Orgullo nuestro objetivo es recordar la importancia de los aliados en la lucha por los derechos LGBTQ+.\" \/>\n<meta property=\"og:url\" content=\"https:\/\/about.fb.com\/ltam\/news\/2021\/06\/pride-iniciativa-aliade-con-orgullo\/\" \/>\n<meta property=\"og:site_name\" content=\"Acerca de Meta\" \/>\n<meta property=\"article:published_time\" content=\"2021-06-24T14:17:57+00:00\" \/>\n<meta property=\"article:modified_time\" content=\"2021-06-24T15:03:17+00:00\" \/>\n<meta property=\"og:image\" content=\"https:\/\/about.fb.com\/ltam\/wp-content\/uploads\/sites\/14\/2021\/06\/Facebook-AliadeConOrgullo-StickersMarco.png?w=890\" \/>\n<meta name=\"twitter:card\" content=\"summary_large_image\" \/>\n<meta name=\"twitter:label1\" content=\"Written by\" \/>\n\t<meta name=\"twitter:data1\" content=\"Meta\" \/>\n\t<meta name=\"twitter:label2\" content=\"Est. reading time\" \/>\n\t<meta name=\"twitter:data2\" content=\"3 minutos\" \/>\n<script type=\"application\/ld+json\" class=\"yoast-schema-graph\">{\"@context\":\"https:\/\/schema.org\",\"@graph\":[{\"@type\":\"Article\",\"@id\":\"https:\/\/about.fb.com\/ltam\/news\/2021\/06\/pride-iniciativa-aliade-con-orgullo\/#article\",\"isPartOf\":{\"@id\":\"https:\/\/about.fb.com\/ltam\/news\/2021\/06\/pride-iniciativa-aliade-con-orgullo\/\"},\"author\":\"Facebook company\",\"headline\":\"It Gets Better y Facebook lanzan la iniciativa \u2018Aliade con Orgullo\u2019 con figuras p\u00fablicas\",\"datePublished\":\"2021-06-24T14:17:57+00:00\",\"dateModified\":\"2021-06-24T15:03:17+00:00\",\"mainEntityOfPage\":{\"@id\":\"https:\/\/about.fb.com\/ltam\/news\/2021\/06\/pride-iniciativa-aliade-con-orgullo\/\"},\"wordCount\":469,\"publisher\":{\"@id\":\"https:\/\/about.fb.com\/ltam\/#organization\"},\"image\":{\"@id\":\"https:\/\/about.fb.com\/ltam\/news\/2021\/06\/pride-iniciativa-aliade-con-orgullo\/#primaryimage\"},\"thumbnailUrl\":\"https:\/\/about.fb.com\/ltam\/wp-content\/uploads\/sites\/14\/2021\/06\/Facebook-AliadeConOrgullo-StickersMarco.png?w=890\",\"keywords\":[\"Anuncios\",\"mes del orgullo\",\"Noticias\",\"pride\",\"Watch\"],\"articleSection\":[\"Facebook Watch\",\"Instagram\",\"Meta\"],\"inLanguage\":\"es\"},{\"@type\":\"WebPage\",\"@id\":\"https:\/\/about.fb.com\/ltam\/news\/2021\/06\/pride-iniciativa-aliade-con-orgullo\/\",\"url\":\"https:\/\/about.fb.com\/ltam\/news\/2021\/06\/pride-iniciativa-aliade-con-orgullo\/\",\"name\":\"It Gets Better y Facebook lanzan la iniciativa \u2018Aliade con Orgullo\u2019 con figuras p\u00fablicas | Acerca de Meta\",\"isPartOf\":{\"@id\":\"https:\/\/about.fb.com\/ltam\/#website\"},\"primaryImageOfPage\":{\"@id\":\"https:\/\/about.fb.com\/ltam\/news\/2021\/06\/pride-iniciativa-aliade-con-orgullo\/#primaryimage\"},\"image\":{\"@id\":\"https:\/\/about.fb.com\/ltam\/news\/2021\/06\/pride-iniciativa-aliade-con-orgullo\/#primaryimage\"},\"thumbnailUrl\":\"https:\/\/about.fb.com\/ltam\/wp-content\/uploads\/sites\/14\/2021\/06\/Facebook-AliadeConOrgullo-StickersMarco.png?w=890\",\"datePublished\":\"2021-06-24T14:17:57+00:00\",\"dateModified\":\"2021-06-24T15:03:17+00:00\",\"breadcrumb\":{\"@id\":\"https:\/\/about.fb.com\/ltam\/news\/2021\/06\/pride-iniciativa-aliade-con-orgullo\/#breadcrumb\"},\"inLanguage\":\"es\",\"potentialAction\":[{\"@type\":\"ReadAction\",\"target\":[\"https:\/\/about.fb.com\/ltam\/news\/2021\/06\/pride-iniciativa-aliade-con-orgullo\/\"]}],\"author\":\"Acerca de Meta\"},{\"@type\":\"ImageObject\",\"inLanguage\":\"es\",\"@id\":\"https:\/\/about.fb.com\/ltam\/news\/2021\/06\/pride-iniciativa-aliade-con-orgullo\/#primaryimage\",\"url\":\"https:\/\/about.fb.com\/ltam\/wp-content\/uploads\/sites\/14\/2021\/06\/Facebook-AliadeConOrgullo-StickersMarco.png?w=890\",\"contentUrl\":\"https:\/\/about.fb.com\/ltam\/wp-content\/uploads\/sites\/14\/2021\/06\/Facebook-AliadeConOrgullo-StickersMarco.png?w=890\"},{\"@type\":\"BreadcrumbList\",\"@id\":\"https:\/\/about.fb.com\/ltam\/news\/2021\/06\/pride-iniciativa-aliade-con-orgullo\/#breadcrumb\",\"itemListElement\":[{\"@type\":\"ListItem\",\"position\":1,\"name\":\"Home\",\"item\":\"https:\/\/about.fb.com\/ltam\/\"},{\"@type\":\"ListItem\",\"position\":2,\"name\":\"It Gets Better y Facebook lanzan la iniciativa \u2018Aliade con Orgullo\u2019 con figuras p\u00fablicas\"}]},{\"@type\":\"WebSite\",\"@id\":\"https:\/\/about.fb.com\/ltam\/#website\",\"url\":\"https:\/\/about.fb.com\/news\/\",\"name\":\"Acerca de Meta\",\"description\":\"\",\"publisher\":{\"@id\":\"https:\/\/about.fb.com\/ltam\/#organization\"},\"potentialAction\":[{\"@type\":\"SearchAction\",\"target\":{\"@type\":\"EntryPoint\",\"urlTemplate\":\"https:\/\/about.fb.com\/ltam\/?s={search_term_string}\"},\"query-input\":{\"@type\":\"PropertyValueSpecification\",\"valueRequired\":true,\"valueName\":\"search_term_string\"}}],\"inLanguage\":\"es\",\"alternateName\":[\"Meta Newsroom\",\"Meta\"]},{\"@type\":\"Organization\",\"@id\":\"https:\/\/about.fb.com\/ltam\/#organization\",\"name\":\"Meta\",\"url\":\"https:\/\/about.fb.com\/ltam\/\",\"logo\":{\"@type\":\"ImageObject\",\"inLanguage\":\"es\",\"@id\":\"https:\/\/about.fb.com\/ltam\/#\/schema\/logo\/image\/\",\"url\":\"https:\/\/about.fb.com\/ltam\/wp-content\/uploads\/sites\/14\/2021\/10\/meta-social-16x9-1.jpg?fit=8000%2C4500\",\"contentUrl\":\"https:\/\/about.fb.com\/ltam\/wp-content\/uploads\/sites\/14\/2021\/10\/meta-social-16x9-1.jpg?fit=8000%2C4500\",\"width\":8000,\"height\":4500,\"caption\":\"Meta\"},\"image\":{\"@id\":\"https:\/\/about.fb.com\/ltam\/#\/schema\/logo\/image\/\"}}]}<\/script>\n<!-- \/ Yoast SEO plugin. -->","yoast_head_json":{"title":"It Gets Better y Facebook lanzan la iniciativa \u2018Aliade con Orgullo\u2019 con figuras p\u00fablicas | Acerca de Meta","robots":{"index":"index","follow":"follow","max-snippet":"max-snippet:-1","max-image-preview":"max-image-preview:large","max-video-preview":"max-video-preview:-1"},"canonical":"https:\/\/about.fb.com\/ltam\/news\/2021\/06\/pride-iniciativa-aliade-con-orgullo\/","og_locale":"es_ES","og_type":"article","og_title":"It Gets Better y Facebook lanzan la iniciativa \u2018Aliade con Orgullo\u2019 con figuras p\u00fablicas | Acerca de Meta","og_description":"En el marco del Mes del Orgullo nuestro objetivo es recordar la importancia de los aliados en la lucha por los derechos LGBTQ+.","og_url":"https:\/\/about.fb.com\/ltam\/news\/2021\/06\/pride-iniciativa-aliade-con-orgullo\/","og_site_name":"Acerca de Meta","article_published_time":"2021-06-24T14:17:57+00:00","article_modified_time":"2021-06-24T15:03:17+00:00","og_image":[{"url":"https:\/\/about.fb.com\/ltam\/wp-content\/uploads\/sites\/14\/2021\/06\/Facebook-AliadeConOrgullo-StickersMarco.png?w=890","type":"","width":"","height":""}],"twitter_card":"summary_large_image","twitter_misc":{"Written by":"Meta","Est. reading time":"3 minutos"},"schema":{"@context":"https:\/\/schema.org","@graph":[{"@type":"Article","@id":"https:\/\/about.fb.com\/ltam\/news\/2021\/06\/pride-iniciativa-aliade-con-orgullo\/#article","isPartOf":{"@id":"https:\/\/about.fb.com\/ltam\/news\/2021\/06\/pride-iniciativa-aliade-con-orgullo\/"},"author":"Facebook company","headline":"It Gets Better y Facebook lanzan la iniciativa \u2018Aliade con Orgullo\u2019 con figuras p\u00fablicas","datePublished":"2021-06-24T14:17:57+00:00","dateModified":"2021-06-24T15:03:17+00:00","mainEntityOfPage":{"@id":"https:\/\/about.fb.com\/ltam\/news\/2021\/06\/pride-iniciativa-aliade-con-orgullo\/"},"wordCount":469,"publisher":{"@id":"https:\/\/about.fb.com\/ltam\/#organization"},"image":{"@id":"https:\/\/about.fb.com\/ltam\/news\/2021\/06\/pride-iniciativa-aliade-con-orgullo\/#primaryimage"},"thumbnailUrl":"https:\/\/about.fb.com\/ltam\/wp-content\/uploads\/sites\/14\/2021\/06\/Facebook-AliadeConOrgullo-StickersMarco.png?w=890","keywords":["Anuncios","mes del orgullo","Noticias","pride","Watch"],"articleSection":["Facebook Watch","Instagram","Meta"],"inLanguage":"es"},{"@type":"WebPage","@id":"https:\/\/about.fb.com\/ltam\/news\/2021\/06\/pride-iniciativa-aliade-con-orgullo\/","url":"https:\/\/about.fb.com\/ltam\/news\/2021\/06\/pride-iniciativa-aliade-con-orgullo\/","name":"It Gets Better y Facebook lanzan la iniciativa \u2018Aliade con Orgullo\u2019 con figuras p\u00fablicas | Acerca de Meta","isPartOf":{"@id":"https:\/\/about.fb.com\/ltam\/#website"},"primaryImageOfPage":{"@id":"https:\/\/about.fb.com\/ltam\/news\/2021\/06\/pride-iniciativa-aliade-con-orgullo\/#primaryimage"},"image":{"@id":"https:\/\/about.fb.com\/ltam\/news\/2021\/06\/pride-iniciativa-aliade-con-orgullo\/#primaryimage"},"thumbnailUrl":"https:\/\/about.fb.com\/ltam\/wp-content\/uploads\/sites\/14\/2021\/06\/Facebook-AliadeConOrgullo-StickersMarco.png?w=890","datePublished":"2021-06-24T14:17:57+00:00","dateModified":"2021-06-24T15:03:17+00:00","breadcrumb":{"@id":"https:\/\/about.fb.com\/ltam\/news\/2021\/06\/pride-iniciativa-aliade-con-orgullo\/#breadcrumb"},"inLanguage":"es","potentialAction":[{"@type":"ReadAction","target":["https:\/\/about.fb.com\/ltam\/news\/2021\/06\/pride-iniciativa-aliade-con-orgullo\/"]}],"author":"Acerca de Meta"},{"@type":"ImageObject","inLanguage":"es","@id":"https:\/\/about.fb.com\/ltam\/news\/2021\/06\/pride-iniciativa-aliade-con-orgullo\/#primaryimage","url":"https:\/\/about.fb.com\/ltam\/wp-content\/uploads\/sites\/14\/2021\/06\/Facebook-AliadeConOrgullo-StickersMarco.png?w=890","contentUrl":"https:\/\/about.fb.com\/ltam\/wp-content\/uploads\/sites\/14\/2021\/06\/Facebook-AliadeConOrgullo-StickersMarco.png?w=890"},{"@type":"BreadcrumbList","@id":"https:\/\/about.fb.com\/ltam\/news\/2021\/06\/pride-iniciativa-aliade-con-orgullo\/#breadcrumb","itemListElement":[{"@type":"ListItem","position":1,"name":"Home","item":"https:\/\/about.fb.com\/ltam\/"},{"@type":"ListItem","position":2,"name":"It Gets Better y Facebook lanzan la iniciativa \u2018Aliade con Orgullo\u2019 con figuras p\u00fablicas"}]},{"@type":"WebSite","@id":"https:\/\/about.fb.com\/ltam\/#website","url":"https:\/\/about.fb.com\/news\/","name":"Acerca de Meta","description":"","publisher":{"@id":"https:\/\/about.fb.com\/ltam\/#organization"},"potentialAction":[{"@type":"SearchAction","target":{"@type":"EntryPoint","urlTemplate":"https:\/\/about.fb.com\/ltam\/?s={search_term_string}"},"query-input":{"@type":"PropertyValueSpecification","valueRequired":true,"valueName":"search_term_string"}}],"inLanguage":"es","alternateName":["Meta Newsroom","Meta"]},{"@type":"Organization","@id":"https:\/\/about.fb.com\/ltam\/#organization","name":"Meta","url":"https:\/\/about.fb.com\/ltam\/","logo":{"@type":"ImageObject","inLanguage":"es","@id":"https:\/\/about.fb.com\/ltam\/#\/schema\/logo\/image\/","url":"https:\/\/about.fb.com\/ltam\/wp-content\/uploads\/sites\/14\/2021\/10\/meta-social-16x9-1.jpg?fit=8000%2C4500","contentUrl":"https:\/\/about.fb.com\/ltam\/wp-content\/uploads\/sites\/14\/2021\/10\/meta-social-16x9-1.jpg?fit=8000%2C4500","width":8000,"height":4500,"caption":"Meta"},"image":{"@id":"https:\/\/about.fb.com\/ltam\/#\/schema\/logo\/image\/"}}]}},"jetpack_featured_media_url":"","jetpack-related-posts":[],"jetpack_sharing_enabled":true,"amp_enabled":true,"_links":{"self":[{"href":"https:\/\/about.fb.com\/ltam\/wp-json\/wp\/v2\/posts\/23032","targetHints":{"allow":["GET"]}}],"collection":[{"href":"https:\/\/about.fb.com\/ltam\/wp-json\/wp\/v2\/posts"}],"about":[{"href":"https:\/\/about.fb.com\/ltam\/wp-json\/wp\/v2\/types\/post"}],"author":[{"embeddable":true,"href":"https:\/\/about.fb.com\/ltam\/wp-json\/wp\/v2\/users\/145013940"}],"replies":[{"embeddable":true,"href":"https:\/\/about.fb.com\/ltam\/wp-json\/wp\/v2\/comments?post=23032"}],"version-history":[{"count":6,"href":"https:\/\/about.fb.com\/ltam\/wp-json\/wp\/v2\/posts\/23032\/revisions"}],"predecessor-version":[{"id":23042,"href":"https:\/\/about.fb.com\/ltam\/wp-json\/wp\/v2\/posts\/23032\/revisions\/23042"}],"wp:attachment":[{"href":"https:\/\/about.fb.com\/ltam\/wp-json\/wp\/v2\/media?parent=23032"}],"wp:term":[{"taxonomy":"category","embeddable":true,"href":"https:\/\/about.fb.com\/ltam\/wp-json\/wp\/v2\/categories?post=23032"},{"taxonomy":"post_tag","embeddable":true,"href":"https:\/\/about.fb.com\/ltam\/wp-json\/wp\/v2\/tags?post=23032"}],"curies":[{"name":"wp","href":"https:\/\/api.w.org\/{rel}","templated":true}]}}