{"id":22838,"date":"2021-05-04T11:07:53","date_gmt":"2021-05-04T16:07:53","guid":{"rendered":"https:\/\/about.fb.com\/ltam\/?p=22838"},"modified":"2021-05-04T13:07:59","modified_gmt":"2021-05-04T18:07:59","slug":"damos-prioridad-a-la-salud-mental-en-el-marco-del-mes-de-la-concientizacion-de-la-salud-mental","status":"publish","type":"post","link":"https:\/\/about.fb.com\/ltam\/news\/2021\/05\/damos-prioridad-a-la-salud-mental-en-el-marco-del-mes-de-la-concientizacion-de-la-salud-mental\/","title":{"rendered":"Damos prioridad a la salud mental en el mes de la concientizaci\u00f3n de la salud mental"},"content":{"rendered":"<p><span style=\"font-weight: 400\">De acuerdo a un estudio reciente de la Organizaci\u00f3n Mundial de la Salud, el <a href=\"https:\/\/www.who.int\/es\/news\/item\/05-10-2020-covid-19-disrupting-mental-health-services-in-most-countries-who-survey\">COVID-19 ha exacerbado los retos relacionados a la salud mental alrededor del mundo<\/a> y ha disrumpido o detenido los servicios de salud mental en <\/span><span style=\"font-weight: 400\">93% de los pa\u00edses<\/span><span style=\"font-weight: 400\">. A medida que la pandemia contin\u00faa teniendo un impacto sobre la salud emocional, colaboramos con l\u00edderes expertos alrededor del mundo para ofrecer apoyo y proveer nuevos recursos. Tambi\u00e9n, invitamos a las personas a cuidarse entre ellas a lo largo del mes y en los d\u00edas posteriores.\u00a0<\/span><\/p>\n<h3>Nuevos recursos y consejos:<\/h3>\n<ul>\n<li><b>Actualizaciones de salud emocional:<\/b><span style=\"font-weight: 400\"> Revisa nuestras nuevas gu\u00edas sobre <a href=\"https:\/\/www.facebook.com\/emotional_health\">Salud Emocional en Facebook,<\/a> en donde puedes encontrar nuevos recursos de organizaciones y defensores de la salud mental. <\/span><span style=\"font-weight: 400\">Prioriza tu salud emocional todos los d\u00edas e insp\u00edrate con todas las formas para tomar un <a href=\"https:\/\/www.facebook.com\/hashtag\/mentalhealthminute\">#MinutodeSaludMental<\/a>.<\/span><\/li>\n<\/ul>\n<p><img data-recalc-dims=\"1\" loading=\"lazy\" decoding=\"async\" class=\"size-full wp-image-22856 alignnone\" src=\"https:\/\/about.fb.com\/ltam\/wp-content\/uploads\/sites\/14\/2021\/05\/Captura-de-Pantalla-2021-05-04-a-las-13.07.37.png?resize=890%2C467\" alt=\"\" width=\"890\" height=\"467\" srcset=\"https:\/\/about.fb.com\/ltam\/wp-content\/uploads\/sites\/14\/2021\/05\/Captura-de-Pantalla-2021-05-04-a-las-13.07.37.png?w=2108 2108w, https:\/\/about.fb.com\/ltam\/wp-content\/uploads\/sites\/14\/2021\/05\/Captura-de-Pantalla-2021-05-04-a-las-13.07.37.png?w=600 600w, https:\/\/about.fb.com\/ltam\/wp-content\/uploads\/sites\/14\/2021\/05\/Captura-de-Pantalla-2021-05-04-a-las-13.07.37.png?w=300 300w, https:\/\/about.fb.com\/ltam\/wp-content\/uploads\/sites\/14\/2021\/05\/Captura-de-Pantalla-2021-05-04-a-las-13.07.37.png?w=768 768w, https:\/\/about.fb.com\/ltam\/wp-content\/uploads\/sites\/14\/2021\/05\/Captura-de-Pantalla-2021-05-04-a-las-13.07.37.png?w=1024 1024w, https:\/\/about.fb.com\/ltam\/wp-content\/uploads\/sites\/14\/2021\/05\/Captura-de-Pantalla-2021-05-04-a-las-13.07.37.png?w=1536 1536w, https:\/\/about.fb.com\/ltam\/wp-content\/uploads\/sites\/14\/2021\/05\/Captura-de-Pantalla-2021-05-04-a-las-13.07.37.png?w=2048 2048w, https:\/\/about.fb.com\/ltam\/wp-content\/uploads\/sites\/14\/2021\/05\/Captura-de-Pantalla-2021-05-04-a-las-13.07.37.png?w=1920 1920w, https:\/\/about.fb.com\/ltam\/wp-content\/uploads\/sites\/14\/2021\/05\/Captura-de-Pantalla-2021-05-04-a-las-13.07.37.png?w=800 800w\" sizes=\"auto, (max-width: 890px) 100vw, 890px\" \/><\/p>\n<ul>\n<li><b>Campa\u00f1a en Instagram Reels con la fundaci\u00f3n JED: <\/b><span style=\"font-weight: 400\">Sabemos que los j\u00f3venes pueden sentir presi\u00f3n por verse de cierta manera o al compararse con otros en redes sociales. En alianza con la <a href=\"https:\/\/www.instagram.com\/jedfoundation\/\">Fundaci\u00f3n JED<\/a><\/span><span style=\"font-weight: 400\">, estamos creando una serie de Instagram Reels con creadores para compartir consejos y maneras en las que los adolescentes pueden lidiar con las comparaciones sociales. Trabajamos con la Dra. Phillippa Diedrichs del Centro de Investigaci\u00f3n de las Apariencias y otras organizaciones mundiales de salud mental para dar orientaci\u00f3n en Reels. Los creadores que participan en la campa\u00f1a incluyen a <a href=\"https:\/\/www.instagram.com\/p\/COVz59Zn4de\/?utm_source=ig_web_copy_link\">@pinkmantaray<\/a>, <\/span><a href=\"https:\/\/www.instagram.com\/bunnymichael\/reels\/\"><span style=\"font-weight: 400\">@bunnymichael<\/span><\/a><span style=\"font-weight: 400\">, <a href=\"https:\/\/www.instagram.com\/p\/COYwpoUF3l8\/?utm_source=ig_web_copy_link\">@Ohhappydani<\/a>, <\/span><a href=\"https:\/\/www.instagram.com\/reel\/COQ5dj5DlAK\/\"><span style=\"font-weight: 400\">@afffirmations<\/span><\/a><span style=\"font-weight: 400\">, <\/span><a href=\"https:\/\/www.instagram.com\/reel\/COQ4LTzpvIX\/\"><span style=\"font-weight: 400\">@spencer.barbosa<\/span><\/a><span style=\"font-weight: 400\"> y <a href=\"https:\/\/www.instagram.com\/reel\/CORQPMRhoIW\/\">@jessiamusic<\/a>.\u00a0<\/span><\/li>\n<\/ul>\n<h3>Apoyo mutuo:<\/h3>\n<ul>\n<li><b>Un a\u00f1o despu\u00e9s<\/b><span style=\"font-weight: 400\">: Estamos amplificando, en nuestras aplicaciones, las voces de las personas que han sobrepasado los retos del a\u00f1o pasado. La pandemia ha afectado la salud mental y estar en comunicaci\u00f3n con alguien hace la diferencia. Puedes estar en contacto con tu familia, amigos o alguien que est\u00e9 pasando por un momento dif\u00edcil. Juntos, podemos recordarle a las personas que no est\u00e1n solas y que est\u00e1 bien si no se sienten bien.\u00a0<\/span><\/li>\n<li><b>Comun\u00edcate con un amigo: <\/b><span style=\"font-weight: 400\">Toma menos de un minuto demostrar tu preocupaci\u00f3n por alguien. El <a href=\"https:\/\/www.facebook.com\/stickers\/2353401344912532\">paquete de stickers \u201cHablemos\u201d<\/a>\u00a0en Messenger, desarrollado con la asesor\u00eda de la <a href=\"https:\/\/www.facebook.com\/WHO\">Organizaci\u00f3n Mundial de la Salud,<\/a> puede ayudar a iniciar una conversaci\u00f3n cuando es dif\u00edcil encontrar las palabras correctas. Tambi\u00e9n, podr\u00e1s encontrar recursos sobre salud mental y <a href=\"https:\/\/www.facebook.com\/help\/messenger-app\/1656511984378583\">recursos de nuestros aliados<\/a>.\u00a0<\/span><\/li>\n<li><b>Insp\u00edrate:<\/b><span style=\"font-weight: 400\"> Ve los nuevos episodios de la serie \u2018121live\u2019 de la <\/span><a href=\"https:\/\/www.instagram.com\/mentalhealthcoalition\/\"><span style=\"font-weight: 400\">Coalici\u00f3n de Salud Mental<\/span><\/a><span style=\"font-weight: 400\"> en <\/span><span style=\"font-weight: 400\">Instagram Live<\/span><span style=\"font-weight: 400\">, protagonizados por personalidades como Deepak Chopra, Carson Daly, Julianne Hough, Jewel, Ke$ha, Kevin Love, Michelle Williams, Whoopi Goldberg y m\u00e1s. Los nuevos episodios se transmitir\u00e1n durante todo el mes mostrando c\u00f3mo el manejo de la salud mental empieza con el cuidado personal y la procuraci\u00f3n de los otros.\u00a0\u00a0\u00a0<\/span><\/li>\n<\/ul>\n<p><span style=\"font-weight: 400\">Estos esfuerzos se unen a nuestra inversi\u00f3n continua por ayudar a las personas a estar seguras, informadas y <a style=\"font-family: -apple-system, BlinkMacSystemFont, 'Segoe UI', Roboto, Oxygen-Sans, Ubuntu, Cantarell, 'Helvetica Neue', sans-serif\" href=\"https:\/\/about.fb.com\/ltam\/news\/2020\/10\/conectamos-a-las-personas-alrededor-del-mundo-con-recursos-de-salud-mental\/\">conectadas con recursos de salud mental<\/a><span style=\"font-weight: 400\"> durante y despu\u00e9s de la pandemia.\u00a0<\/span><\/span><\/p>\n<p><span style=\"font-weight: 400\">Conforme lidiamos con los efectos que tuvieron el COVID-19 y otros eventos sobre la salud mental durante el a\u00f1o pasado, esperamos que las personas recuerden estar pendientes las unas de las otras y apoyarse en cada paso del camino. <\/span><\/p>\n","protected":false},"excerpt":{"rendered":"De acuerdo a un estudio reciente de la Organizaci\u00f3n Mundial de la Salud, el COVID-19 ha exacerbado los retos relacionados a la salud mental alrededor del mundo y ha disrumpido o detenido los servicios de salud mental en 93% de los pa\u00edses. A medida que la pandemia contin\u00faa teniendo un impacto sobre la salud emocional, colaboramos con l\u00edderes expertos alrededor del mundo para ofrecer apoyo y proveer nuevos recursos. Tambi\u00e9n, invitamos a las personas a cuidarse entre ellas a lo largo del mes y en los d\u00edas posteriores.\u00a0 Nuevos recursos y consejos: Actualizaciones de salud emocional: Revisa nuestras nuevas gu\u00edas sobre Salud Emocional en Facebook, en donde puedes encontrar nuevos recursos de organizaciones y defensores de la salud mental. Prioriza tu salud emocional todos los d\u00edas e insp\u00edrate con todas las formas para tomar un #MinutodeSaludMental. Campa\u00f1a en Instagram Reels con la fundaci\u00f3n JED: Sabemos que los j\u00f3venes pueden sentir presi\u00f3n por verse de cierta manera o al compararse con otros en redes sociales. En alianza con la Fundaci\u00f3n JED, estamos creando una serie de Instagram Reels con creadores para compartir consejos y maneras en las que los adolescentes pueden lidiar con las comparaciones sociales. Trabajamos con la Dra. Phillippa Diedrichs del Centro de Investigaci\u00f3n de las Apariencias y otras organizaciones mundiales de salud mental para dar orientaci\u00f3n en Reels. Los creadores que participan en la campa\u00f1a incluyen a @pinkmantaray, @bunnymichael, @Ohhappydani, @afffirmations, @spencer.barbosa y @jessiamusic.\u00a0 Apoyo mutuo: Un a\u00f1o despu\u00e9s: Estamos amplificando, en nuestras aplicaciones, las voces de las personas que han sobrepasado los retos del a\u00f1o pasado. La pandemia ha afectado la salud mental y estar en comunicaci\u00f3n con alguien hace la diferencia. Puedes estar en contacto con tu familia, amigos o alguien que est\u00e9 pasando por un momento dif\u00edcil. Juntos, podemos recordarle a las personas que no est\u00e1n solas y que est\u00e1 bien si no se sienten bien.\u00a0 Comun\u00edcate con un amigo: Toma menos de un minuto demostrar tu preocupaci\u00f3n por alguien. El paquete de stickers \u201cHablemos\u201d\u00a0en Messenger, desarrollado con la asesor\u00eda de la Organizaci\u00f3n Mundial de la Salud, puede ayudar a iniciar una conversaci\u00f3n cuando es dif\u00edcil encontrar las palabras correctas. Tambi\u00e9n, podr\u00e1s encontrar recursos sobre salud mental y recursos de nuestros aliados.\u00a0 Insp\u00edrate: Ve los nuevos episodios de la serie \u2018121live\u2019 de la Coalici\u00f3n de Salud Mental en Instagram Live, protagonizados por personalidades como Deepak Chopra, Carson Daly, Julianne Hough, Jewel, Ke$ha, Kevin Love, Michelle Williams, Whoopi Goldberg y m\u00e1s. Los nuevos episodios se transmitir\u00e1n durante todo el mes mostrando c\u00f3mo el manejo de la salud mental empieza con el cuidado personal y la procuraci\u00f3n de los otros.\u00a0\u00a0\u00a0 Estos esfuerzos se unen a nuestra inversi\u00f3n continua por ayudar a las personas a estar seguras, informadas y conectadas con recursos de salud mental durante y despu\u00e9s de la pandemia.\u00a0 Conforme lidiamos con los efectos que tuvieron el COVID-19 y otros eventos sobre la salud mental durante el a\u00f1o pasado, esperamos que las personas recuerden estar pendientes las unas de las otras y apoyarse en cada paso del camino.","protected":false},"author":164097140,"featured_media":22845,"comment_status":"closed","ping_status":"closed","sticky":false,"template":"","format":"standard","meta":{"_jetpack_memberships_contains_paid_content":false,"footnotes":""},"categories":[243948038,243948120,243948039,243948040,243948037,237720135,1],"tags":[243948109,243948013],"class_list":["post-22838","post","type-post","status-publish","format-standard","has-post-thumbnail","hentry","category-facebook-app","category-fortalecer-comunidades","category-instagram","category-messenger","category-meta","category-noticias-de-productos","category-uncategorized","tag-respuesta-ante-covid-19","tag-salud"],"yoast_head":"<!-- This site is optimized with the Yoast SEO plugin v27.2 - https:\/\/yoast.com\/product\/yoast-seo-wordpress\/ -->\n<title>Damos prioridad a la salud mental en el mes de la concientizaci\u00f3n de la salud mental | Acerca de Meta<\/title>\n<meta name=\"robots\" content=\"index, follow, max-snippet:-1, max-image-preview:large, max-video-preview:-1\" \/>\n<link rel=\"canonical\" href=\"https:\/\/about.fb.com\/ltam\/news\/2021\/05\/damos-prioridad-a-la-salud-mental-en-el-marco-del-mes-de-la-concientizacion-de-la-salud-mental\/\" \/>\n<meta property=\"og:locale\" content=\"es_ES\" \/>\n<meta property=\"og:type\" content=\"article\" \/>\n<meta property=\"og:title\" content=\"Damos prioridad a la salud mental en el mes de la concientizaci\u00f3n de la salud mental | Acerca de Meta\" \/>\n<meta property=\"og:description\" content=\"De acuerdo a un estudio reciente de la Organizaci\u00f3n Mundial de la Salud, el COVID-19 ha exacerbado los retos relacionados a la salud mental alrededor del mundo y ha disrumpido o detenido los servicios de salud mental en 93% de los pa\u00edses. A medida que la pandemia contin\u00faa teniendo un impacto sobre la salud emocional, colaboramos con l\u00edderes expertos alrededor del mundo para ofrecer apoyo y proveer nuevos recursos. Tambi\u00e9n, invitamos a las personas a cuidarse entre ellas a lo largo del mes y en los d\u00edas posteriores.\u00a0 Nuevos recursos y consejos: Actualizaciones de salud emocional: Revisa nuestras nuevas gu\u00edas sobre Salud Emocional en Facebook, en donde puedes encontrar nuevos recursos de organizaciones y defensores de la salud mental. Prioriza tu salud emocional todos los d\u00edas e insp\u00edrate con todas las formas para tomar un #MinutodeSaludMental. Campa\u00f1a en Instagram Reels con la fundaci\u00f3n JED: Sabemos que los j\u00f3venes pueden sentir presi\u00f3n por verse de cierta manera o al compararse con otros en redes sociales. En alianza con la Fundaci\u00f3n JED, estamos creando una serie de Instagram Reels con creadores para compartir consejos y maneras en las que los adolescentes pueden lidiar con las comparaciones sociales. Trabajamos con la Dra. Phillippa Diedrichs del Centro de Investigaci\u00f3n de las Apariencias y otras organizaciones mundiales de salud mental para dar orientaci\u00f3n en Reels. Los creadores que participan en la campa\u00f1a incluyen a @pinkmantaray, @bunnymichael, @Ohhappydani, @afffirmations, @spencer.barbosa y @jessiamusic.\u00a0 Apoyo mutuo: Un a\u00f1o despu\u00e9s: Estamos amplificando, en nuestras aplicaciones, las voces de las personas que han sobrepasado los retos del a\u00f1o pasado. La pandemia ha afectado la salud mental y estar en comunicaci\u00f3n con alguien hace la diferencia. Puedes estar en contacto con tu familia, amigos o alguien que est\u00e9 pasando por un momento dif\u00edcil. Juntos, podemos recordarle a las personas que no est\u00e1n solas y que est\u00e1 bien si no se sienten bien.\u00a0 Comun\u00edcate con un amigo: Toma menos de un minuto demostrar tu preocupaci\u00f3n por alguien. El paquete de stickers \u201cHablemos\u201d\u00a0en Messenger, desarrollado con la asesor\u00eda de la Organizaci\u00f3n Mundial de la Salud, puede ayudar a iniciar una conversaci\u00f3n cuando es dif\u00edcil encontrar las palabras correctas. Tambi\u00e9n, podr\u00e1s encontrar recursos sobre salud mental y recursos de nuestros aliados.\u00a0 Insp\u00edrate: Ve los nuevos episodios de la serie \u2018121live\u2019 de la Coalici\u00f3n de Salud Mental en Instagram Live, protagonizados por personalidades como Deepak Chopra, Carson Daly, Julianne Hough, Jewel, Ke$ha, Kevin Love, Michelle Williams, Whoopi Goldberg y m\u00e1s. Los nuevos episodios se transmitir\u00e1n durante todo el mes mostrando c\u00f3mo el manejo de la salud mental empieza con el cuidado personal y la procuraci\u00f3n de los otros.\u00a0\u00a0\u00a0 Estos esfuerzos se unen a nuestra inversi\u00f3n continua por ayudar a las personas a estar seguras, informadas y conectadas con recursos de salud mental durante y despu\u00e9s de la pandemia.\u00a0 Conforme lidiamos con los efectos que tuvieron el COVID-19 y otros eventos sobre la salud mental durante el a\u00f1o pasado, esperamos que las personas recuerden estar pendientes las unas de las otras y apoyarse en cada paso del camino.\" \/>\n<meta property=\"og:url\" content=\"https:\/\/about.fb.com\/ltam\/news\/2021\/05\/damos-prioridad-a-la-salud-mental-en-el-marco-del-mes-de-la-concientizacion-de-la-salud-mental\/\" \/>\n<meta property=\"og:site_name\" content=\"Acerca de Meta\" \/>\n<meta property=\"article:published_time\" content=\"2021-05-04T16:07:53+00:00\" \/>\n<meta property=\"article:modified_time\" content=\"2021-05-04T18:07:59+00:00\" \/>\n<meta property=\"og:image\" content=\"https:\/\/about.fb.com\/ltam\/wp-content\/uploads\/sites\/14\/2021\/05\/NRP_MHAM_Header.jpeg?resize=1024,576\" \/>\n\t<meta property=\"og:image:width\" content=\"1024\" \/>\n\t<meta property=\"og:image:height\" content=\"576\" \/>\n\t<meta property=\"og:image:type\" content=\"image\/jpeg\" \/>\n<meta name=\"author\" content=\"eortiz\" \/>\n<meta name=\"twitter:card\" content=\"summary_large_image\" \/>\n<meta name=\"twitter:label1\" content=\"Written by\" \/>\n\t<meta name=\"twitter:data1\" content=\"Meta\" \/>\n\t<meta name=\"twitter:label2\" content=\"Est. reading time\" \/>\n\t<meta name=\"twitter:data2\" content=\"3 minutos\" \/>\n<script type=\"application\/ld+json\" class=\"yoast-schema-graph\">{\"@context\":\"https:\/\/schema.org\",\"@graph\":[{\"@type\":\"Article\",\"@id\":\"https:\/\/about.fb.com\/ltam\/news\/2021\/05\/damos-prioridad-a-la-salud-mental-en-el-marco-del-mes-de-la-concientizacion-de-la-salud-mental\/#article\",\"isPartOf\":{\"@id\":\"https:\/\/about.fb.com\/ltam\/news\/2021\/05\/damos-prioridad-a-la-salud-mental-en-el-marco-del-mes-de-la-concientizacion-de-la-salud-mental\/\"},\"author\":\"Facebook company\",\"headline\":\"Damos prioridad a la salud mental en el mes de la concientizaci\u00f3n de la salud mental\",\"datePublished\":\"2021-05-04T16:07:53+00:00\",\"dateModified\":\"2021-05-04T18:07:59+00:00\",\"mainEntityOfPage\":{\"@id\":\"https:\/\/about.fb.com\/ltam\/news\/2021\/05\/damos-prioridad-a-la-salud-mental-en-el-marco-del-mes-de-la-concientizacion-de-la-salud-mental\/\"},\"wordCount\":561,\"publisher\":{\"@id\":\"https:\/\/about.fb.com\/ltam\/#organization\"},\"image\":{\"@id\":\"https:\/\/about.fb.com\/ltam\/news\/2021\/05\/damos-prioridad-a-la-salud-mental-en-el-marco-del-mes-de-la-concientizacion-de-la-salud-mental\/#primaryimage\"},\"thumbnailUrl\":\"https:\/\/about.fb.com\/ltam\/wp-content\/uploads\/sites\/14\/2021\/05\/NRP_MHAM_Header.jpeg?fit=1920%2C1080\",\"keywords\":[\"Respuesta ante COVID-19\",\"Salud\"],\"articleSection\":[\"Facebook\",\"Fortalecer comunidades\",\"Instagram\",\"Messenger\",\"Meta\",\"Noticias de Productos\",\"Uncategorized\"],\"inLanguage\":\"es\"},{\"@type\":\"WebPage\",\"@id\":\"https:\/\/about.fb.com\/ltam\/news\/2021\/05\/damos-prioridad-a-la-salud-mental-en-el-marco-del-mes-de-la-concientizacion-de-la-salud-mental\/\",\"url\":\"https:\/\/about.fb.com\/ltam\/news\/2021\/05\/damos-prioridad-a-la-salud-mental-en-el-marco-del-mes-de-la-concientizacion-de-la-salud-mental\/\",\"name\":\"Damos prioridad a la salud mental en el mes de la concientizaci\u00f3n de la salud mental | Acerca de Meta\",\"isPartOf\":{\"@id\":\"https:\/\/about.fb.com\/ltam\/#website\"},\"primaryImageOfPage\":{\"@id\":\"https:\/\/about.fb.com\/ltam\/news\/2021\/05\/damos-prioridad-a-la-salud-mental-en-el-marco-del-mes-de-la-concientizacion-de-la-salud-mental\/#primaryimage\"},\"image\":{\"@id\":\"https:\/\/about.fb.com\/ltam\/news\/2021\/05\/damos-prioridad-a-la-salud-mental-en-el-marco-del-mes-de-la-concientizacion-de-la-salud-mental\/#primaryimage\"},\"thumbnailUrl\":\"https:\/\/about.fb.com\/ltam\/wp-content\/uploads\/sites\/14\/2021\/05\/NRP_MHAM_Header.jpeg?fit=1920%2C1080\",\"datePublished\":\"2021-05-04T16:07:53+00:00\",\"dateModified\":\"2021-05-04T18:07:59+00:00\",\"breadcrumb\":{\"@id\":\"https:\/\/about.fb.com\/ltam\/news\/2021\/05\/damos-prioridad-a-la-salud-mental-en-el-marco-del-mes-de-la-concientizacion-de-la-salud-mental\/#breadcrumb\"},\"inLanguage\":\"es\",\"potentialAction\":[{\"@type\":\"ReadAction\",\"target\":[\"https:\/\/about.fb.com\/ltam\/news\/2021\/05\/damos-prioridad-a-la-salud-mental-en-el-marco-del-mes-de-la-concientizacion-de-la-salud-mental\/\"]}],\"author\":\"Acerca de Meta\"},{\"@type\":\"ImageObject\",\"inLanguage\":\"es\",\"@id\":\"https:\/\/about.fb.com\/ltam\/news\/2021\/05\/damos-prioridad-a-la-salud-mental-en-el-marco-del-mes-de-la-concientizacion-de-la-salud-mental\/#primaryimage\",\"url\":\"https:\/\/about.fb.com\/ltam\/wp-content\/uploads\/sites\/14\/2021\/05\/NRP_MHAM_Header.jpeg?fit=1920%2C1080\",\"contentUrl\":\"https:\/\/about.fb.com\/ltam\/wp-content\/uploads\/sites\/14\/2021\/05\/NRP_MHAM_Header.jpeg?fit=1920%2C1080\",\"width\":1920,\"height\":1080},{\"@type\":\"BreadcrumbList\",\"@id\":\"https:\/\/about.fb.com\/ltam\/news\/2021\/05\/damos-prioridad-a-la-salud-mental-en-el-marco-del-mes-de-la-concientizacion-de-la-salud-mental\/#breadcrumb\",\"itemListElement\":[{\"@type\":\"ListItem\",\"position\":1,\"name\":\"Home\",\"item\":\"https:\/\/about.fb.com\/ltam\/\"},{\"@type\":\"ListItem\",\"position\":2,\"name\":\"Damos prioridad a la salud mental en el mes de la concientizaci\u00f3n de la salud mental\"}]},{\"@type\":\"WebSite\",\"@id\":\"https:\/\/about.fb.com\/ltam\/#website\",\"url\":\"https:\/\/about.fb.com\/news\/\",\"name\":\"Acerca de Meta\",\"description\":\"\",\"publisher\":{\"@id\":\"https:\/\/about.fb.com\/ltam\/#organization\"},\"potentialAction\":[{\"@type\":\"SearchAction\",\"target\":{\"@type\":\"EntryPoint\",\"urlTemplate\":\"https:\/\/about.fb.com\/ltam\/?s={search_term_string}\"},\"query-input\":{\"@type\":\"PropertyValueSpecification\",\"valueRequired\":true,\"valueName\":\"search_term_string\"}}],\"inLanguage\":\"es\",\"alternateName\":[\"Meta Newsroom\",\"Meta\"]},{\"@type\":\"Organization\",\"@id\":\"https:\/\/about.fb.com\/ltam\/#organization\",\"name\":\"Meta\",\"url\":\"https:\/\/about.fb.com\/ltam\/\",\"logo\":{\"@type\":\"ImageObject\",\"inLanguage\":\"es\",\"@id\":\"https:\/\/about.fb.com\/ltam\/#\/schema\/logo\/image\/\",\"url\":\"https:\/\/about.fb.com\/ltam\/wp-content\/uploads\/sites\/14\/2021\/10\/meta-social-16x9-1.jpg?fit=8000%2C4500\",\"contentUrl\":\"https:\/\/about.fb.com\/ltam\/wp-content\/uploads\/sites\/14\/2021\/10\/meta-social-16x9-1.jpg?fit=8000%2C4500\",\"width\":8000,\"height\":4500,\"caption\":\"Meta\"},\"image\":{\"@id\":\"https:\/\/about.fb.com\/ltam\/#\/schema\/logo\/image\/\"}}]}<\/script>\n<!-- \/ Yoast SEO plugin. -->","yoast_head_json":{"title":"Damos prioridad a la salud mental en el mes de la concientizaci\u00f3n de la salud mental | Acerca de Meta","robots":{"index":"index","follow":"follow","max-snippet":"max-snippet:-1","max-image-preview":"max-image-preview:large","max-video-preview":"max-video-preview:-1"},"canonical":"https:\/\/about.fb.com\/ltam\/news\/2021\/05\/damos-prioridad-a-la-salud-mental-en-el-marco-del-mes-de-la-concientizacion-de-la-salud-mental\/","og_locale":"es_ES","og_type":"article","og_title":"Damos prioridad a la salud mental en el mes de la concientizaci\u00f3n de la salud mental | Acerca de Meta","og_description":"De acuerdo a un estudio reciente de la Organizaci\u00f3n Mundial de la Salud, el COVID-19 ha exacerbado los retos relacionados a la salud mental alrededor del mundo y ha disrumpido o detenido los servicios de salud mental en 93% de los pa\u00edses. A medida que la pandemia contin\u00faa teniendo un impacto sobre la salud emocional, colaboramos con l\u00edderes expertos alrededor del mundo para ofrecer apoyo y proveer nuevos recursos. Tambi\u00e9n, invitamos a las personas a cuidarse entre ellas a lo largo del mes y en los d\u00edas posteriores.\u00a0 Nuevos recursos y consejos: Actualizaciones de salud emocional: Revisa nuestras nuevas gu\u00edas sobre Salud Emocional en Facebook, en donde puedes encontrar nuevos recursos de organizaciones y defensores de la salud mental. Prioriza tu salud emocional todos los d\u00edas e insp\u00edrate con todas las formas para tomar un #MinutodeSaludMental. Campa\u00f1a en Instagram Reels con la fundaci\u00f3n JED: Sabemos que los j\u00f3venes pueden sentir presi\u00f3n por verse de cierta manera o al compararse con otros en redes sociales. En alianza con la Fundaci\u00f3n JED, estamos creando una serie de Instagram Reels con creadores para compartir consejos y maneras en las que los adolescentes pueden lidiar con las comparaciones sociales. Trabajamos con la Dra. Phillippa Diedrichs del Centro de Investigaci\u00f3n de las Apariencias y otras organizaciones mundiales de salud mental para dar orientaci\u00f3n en Reels. Los creadores que participan en la campa\u00f1a incluyen a @pinkmantaray, @bunnymichael, @Ohhappydani, @afffirmations, @spencer.barbosa y @jessiamusic.\u00a0 Apoyo mutuo: Un a\u00f1o despu\u00e9s: Estamos amplificando, en nuestras aplicaciones, las voces de las personas que han sobrepasado los retos del a\u00f1o pasado. La pandemia ha afectado la salud mental y estar en comunicaci\u00f3n con alguien hace la diferencia. Puedes estar en contacto con tu familia, amigos o alguien que est\u00e9 pasando por un momento dif\u00edcil. Juntos, podemos recordarle a las personas que no est\u00e1n solas y que est\u00e1 bien si no se sienten bien.\u00a0 Comun\u00edcate con un amigo: Toma menos de un minuto demostrar tu preocupaci\u00f3n por alguien. El paquete de stickers \u201cHablemos\u201d\u00a0en Messenger, desarrollado con la asesor\u00eda de la Organizaci\u00f3n Mundial de la Salud, puede ayudar a iniciar una conversaci\u00f3n cuando es dif\u00edcil encontrar las palabras correctas. Tambi\u00e9n, podr\u00e1s encontrar recursos sobre salud mental y recursos de nuestros aliados.\u00a0 Insp\u00edrate: Ve los nuevos episodios de la serie \u2018121live\u2019 de la Coalici\u00f3n de Salud Mental en Instagram Live, protagonizados por personalidades como Deepak Chopra, Carson Daly, Julianne Hough, Jewel, Ke$ha, Kevin Love, Michelle Williams, Whoopi Goldberg y m\u00e1s. Los nuevos episodios se transmitir\u00e1n durante todo el mes mostrando c\u00f3mo el manejo de la salud mental empieza con el cuidado personal y la procuraci\u00f3n de los otros.\u00a0\u00a0\u00a0 Estos esfuerzos se unen a nuestra inversi\u00f3n continua por ayudar a las personas a estar seguras, informadas y conectadas con recursos de salud mental durante y despu\u00e9s de la pandemia.\u00a0 Conforme lidiamos con los efectos que tuvieron el COVID-19 y otros eventos sobre la salud mental durante el a\u00f1o pasado, esperamos que las personas recuerden estar pendientes las unas de las otras y apoyarse en cada paso del camino.","og_url":"https:\/\/about.fb.com\/ltam\/news\/2021\/05\/damos-prioridad-a-la-salud-mental-en-el-marco-del-mes-de-la-concientizacion-de-la-salud-mental\/","og_site_name":"Acerca de Meta","article_published_time":"2021-05-04T16:07:53+00:00","article_modified_time":"2021-05-04T18:07:59+00:00","og_image":[{"width":1024,"height":576,"url":"https:\/\/about.fb.com\/ltam\/wp-content\/uploads\/sites\/14\/2021\/05\/NRP_MHAM_Header.jpeg?resize=1024,576","type":"image\/jpeg"}],"author":"eortiz","twitter_card":"summary_large_image","twitter_misc":{"Written by":"Meta","Est. reading time":"3 minutos"},"schema":{"@context":"https:\/\/schema.org","@graph":[{"@type":"Article","@id":"https:\/\/about.fb.com\/ltam\/news\/2021\/05\/damos-prioridad-a-la-salud-mental-en-el-marco-del-mes-de-la-concientizacion-de-la-salud-mental\/#article","isPartOf":{"@id":"https:\/\/about.fb.com\/ltam\/news\/2021\/05\/damos-prioridad-a-la-salud-mental-en-el-marco-del-mes-de-la-concientizacion-de-la-salud-mental\/"},"author":"Facebook company","headline":"Damos prioridad a la salud mental en el mes de la concientizaci\u00f3n de la salud mental","datePublished":"2021-05-04T16:07:53+00:00","dateModified":"2021-05-04T18:07:59+00:00","mainEntityOfPage":{"@id":"https:\/\/about.fb.com\/ltam\/news\/2021\/05\/damos-prioridad-a-la-salud-mental-en-el-marco-del-mes-de-la-concientizacion-de-la-salud-mental\/"},"wordCount":561,"publisher":{"@id":"https:\/\/about.fb.com\/ltam\/#organization"},"image":{"@id":"https:\/\/about.fb.com\/ltam\/news\/2021\/05\/damos-prioridad-a-la-salud-mental-en-el-marco-del-mes-de-la-concientizacion-de-la-salud-mental\/#primaryimage"},"thumbnailUrl":"https:\/\/about.fb.com\/ltam\/wp-content\/uploads\/sites\/14\/2021\/05\/NRP_MHAM_Header.jpeg?fit=1920%2C1080","keywords":["Respuesta ante COVID-19","Salud"],"articleSection":["Facebook","Fortalecer comunidades","Instagram","Messenger","Meta","Noticias de Productos","Uncategorized"],"inLanguage":"es"},{"@type":"WebPage","@id":"https:\/\/about.fb.com\/ltam\/news\/2021\/05\/damos-prioridad-a-la-salud-mental-en-el-marco-del-mes-de-la-concientizacion-de-la-salud-mental\/","url":"https:\/\/about.fb.com\/ltam\/news\/2021\/05\/damos-prioridad-a-la-salud-mental-en-el-marco-del-mes-de-la-concientizacion-de-la-salud-mental\/","name":"Damos prioridad a la salud mental en el mes de la concientizaci\u00f3n de la salud mental | Acerca de Meta","isPartOf":{"@id":"https:\/\/about.fb.com\/ltam\/#website"},"primaryImageOfPage":{"@id":"https:\/\/about.fb.com\/ltam\/news\/2021\/05\/damos-prioridad-a-la-salud-mental-en-el-marco-del-mes-de-la-concientizacion-de-la-salud-mental\/#primaryimage"},"image":{"@id":"https:\/\/about.fb.com\/ltam\/news\/2021\/05\/damos-prioridad-a-la-salud-mental-en-el-marco-del-mes-de-la-concientizacion-de-la-salud-mental\/#primaryimage"},"thumbnailUrl":"https:\/\/about.fb.com\/ltam\/wp-content\/uploads\/sites\/14\/2021\/05\/NRP_MHAM_Header.jpeg?fit=1920%2C1080","datePublished":"2021-05-04T16:07:53+00:00","dateModified":"2021-05-04T18:07:59+00:00","breadcrumb":{"@id":"https:\/\/about.fb.com\/ltam\/news\/2021\/05\/damos-prioridad-a-la-salud-mental-en-el-marco-del-mes-de-la-concientizacion-de-la-salud-mental\/#breadcrumb"},"inLanguage":"es","potentialAction":[{"@type":"ReadAction","target":["https:\/\/about.fb.com\/ltam\/news\/2021\/05\/damos-prioridad-a-la-salud-mental-en-el-marco-del-mes-de-la-concientizacion-de-la-salud-mental\/"]}],"author":"Acerca de Meta"},{"@type":"ImageObject","inLanguage":"es","@id":"https:\/\/about.fb.com\/ltam\/news\/2021\/05\/damos-prioridad-a-la-salud-mental-en-el-marco-del-mes-de-la-concientizacion-de-la-salud-mental\/#primaryimage","url":"https:\/\/about.fb.com\/ltam\/wp-content\/uploads\/sites\/14\/2021\/05\/NRP_MHAM_Header.jpeg?fit=1920%2C1080","contentUrl":"https:\/\/about.fb.com\/ltam\/wp-content\/uploads\/sites\/14\/2021\/05\/NRP_MHAM_Header.jpeg?fit=1920%2C1080","width":1920,"height":1080},{"@type":"BreadcrumbList","@id":"https:\/\/about.fb.com\/ltam\/news\/2021\/05\/damos-prioridad-a-la-salud-mental-en-el-marco-del-mes-de-la-concientizacion-de-la-salud-mental\/#breadcrumb","itemListElement":[{"@type":"ListItem","position":1,"name":"Home","item":"https:\/\/about.fb.com\/ltam\/"},{"@type":"ListItem","position":2,"name":"Damos prioridad a la salud mental en el mes de la concientizaci\u00f3n de la salud mental"}]},{"@type":"WebSite","@id":"https:\/\/about.fb.com\/ltam\/#website","url":"https:\/\/about.fb.com\/news\/","name":"Acerca de Meta","description":"","publisher":{"@id":"https:\/\/about.fb.com\/ltam\/#organization"},"potentialAction":[{"@type":"SearchAction","target":{"@type":"EntryPoint","urlTemplate":"https:\/\/about.fb.com\/ltam\/?s={search_term_string}"},"query-input":{"@type":"PropertyValueSpecification","valueRequired":true,"valueName":"search_term_string"}}],"inLanguage":"es","alternateName":["Meta Newsroom","Meta"]},{"@type":"Organization","@id":"https:\/\/about.fb.com\/ltam\/#organization","name":"Meta","url":"https:\/\/about.fb.com\/ltam\/","logo":{"@type":"ImageObject","inLanguage":"es","@id":"https:\/\/about.fb.com\/ltam\/#\/schema\/logo\/image\/","url":"https:\/\/about.fb.com\/ltam\/wp-content\/uploads\/sites\/14\/2021\/10\/meta-social-16x9-1.jpg?fit=8000%2C4500","contentUrl":"https:\/\/about.fb.com\/ltam\/wp-content\/uploads\/sites\/14\/2021\/10\/meta-social-16x9-1.jpg?fit=8000%2C4500","width":8000,"height":4500,"caption":"Meta"},"image":{"@id":"https:\/\/about.fb.com\/ltam\/#\/schema\/logo\/image\/"}}]}},"jetpack_featured_media_url":"https:\/\/about.fb.com\/ltam\/wp-content\/uploads\/sites\/14\/2021\/05\/NRP_MHAM_Header.jpeg?fit=1920%2C1080","jetpack-related-posts":[],"jetpack_sharing_enabled":true,"amp_enabled":true,"_links":{"self":[{"href":"https:\/\/about.fb.com\/ltam\/wp-json\/wp\/v2\/posts\/22838","targetHints":{"allow":["GET"]}}],"collection":[{"href":"https:\/\/about.fb.com\/ltam\/wp-json\/wp\/v2\/posts"}],"about":[{"href":"https:\/\/about.fb.com\/ltam\/wp-json\/wp\/v2\/types\/post"}],"author":[{"embeddable":true,"href":"https:\/\/about.fb.com\/ltam\/wp-json\/wp\/v2\/users\/164097140"}],"replies":[{"embeddable":true,"href":"https:\/\/about.fb.com\/ltam\/wp-json\/wp\/v2\/comments?post=22838"}],"version-history":[{"count":12,"href":"https:\/\/about.fb.com\/ltam\/wp-json\/wp\/v2\/posts\/22838\/revisions"}],"predecessor-version":[{"id":22857,"href":"https:\/\/about.fb.com\/ltam\/wp-json\/wp\/v2\/posts\/22838\/revisions\/22857"}],"wp:featuredmedia":[{"embeddable":true,"href":"https:\/\/about.fb.com\/ltam\/wp-json\/wp\/v2\/media\/22845"}],"wp:attachment":[{"href":"https:\/\/about.fb.com\/ltam\/wp-json\/wp\/v2\/media?parent=22838"}],"wp:term":[{"taxonomy":"category","embeddable":true,"href":"https:\/\/about.fb.com\/ltam\/wp-json\/wp\/v2\/categories?post=22838"},{"taxonomy":"post_tag","embeddable":true,"href":"https:\/\/about.fb.com\/ltam\/wp-json\/wp\/v2\/tags?post=22838"}],"curies":[{"name":"wp","href":"https:\/\/api.w.org\/{rel}","templated":true}]}}