{"id":22730,"date":"2021-03-31T07:12:34","date_gmt":"2021-03-31T13:12:34","guid":{"rendered":"https:\/\/about.fb.com\/ltam\/?p=22730"},"modified":"2021-03-31T07:12:34","modified_gmt":"2021-03-31T13:12:34","slug":"mas-control-y-contexto-en-el-news-feed","status":"publish","type":"post","link":"https:\/\/about.fb.com\/ltam\/news\/2021\/03\/mas-control-y-contexto-en-el-news-feed\/","title":{"rendered":"M\u00e1s Control y Contexto en el News Feed"},"content":{"rendered":"<p><span style=\"font-weight: 400\">Hoy, presentamos una nueva herramienta para brindar m\u00e1s control sobre lo que se comparte en el News Feed al permitir administrar qui\u00e9n puede comentar en las publicaciones marcadas c\u00f3mo p\u00fablicas. A partir de ahora, se puede <\/span><a href=\"https:\/\/www.facebook.com\/help\/1625371524453896\" target=\"_blank\" rel=\"noopener\"><span style=\"font-weight: 400\">controlar la audiencia de comentarios<\/span><\/a><span style=\"font-weight: 400\"> para una determinada publicaci\u00f3n, eligiendo entre un men\u00fa de opciones que va desde p\u00fablico (cualquier persona que vea la publicaci\u00f3n), hasta s\u00f3lo las personas y las P\u00e1ginas etiquetadas.<\/span><\/p>\n<p><span style=\"font-weight: 400\">El objetivo del News Feed es conectarte con lo que m\u00e1s te importa: las personas en tu vida, contenido que te resulta relevante y el mundo que te rodea. Los amigos que agregas, las P\u00e1ginas que te gustan, los grupos a los que te unes y las cosas con las que interact\u00faas <\/span><a href=\"https:\/\/about.fb.com\/news\/2021\/01\/how-does-news-feed-predict-what-you-want-to-see\/\" target=\"_blank\" rel=\"noopener\"><span style=\"font-weight: 400\">dan forma<\/span><\/a><span style=\"font-weight: 400\"> a la apariencia del News Feed todos los d\u00edas.<\/span><\/p>\n<p><img data-recalc-dims=\"1\" loading=\"lazy\" decoding=\"async\" class=\"aligncenter size-large wp-image-22731\" src=\"https:\/\/about.fb.com\/ltam\/wp-content\/uploads\/sites\/14\/2021\/03\/newsfeed1.jpeg?w=890&#038;resize=890%2C594\" alt=\"\" width=\"890\" height=\"594\" srcset=\"https:\/\/about.fb.com\/ltam\/wp-content\/uploads\/sites\/14\/2021\/03\/newsfeed1.jpeg?w=1600 1600w, https:\/\/about.fb.com\/ltam\/wp-content\/uploads\/sites\/14\/2021\/03\/newsfeed1.jpeg?w=600 600w, https:\/\/about.fb.com\/ltam\/wp-content\/uploads\/sites\/14\/2021\/03\/newsfeed1.jpeg?w=300 300w, https:\/\/about.fb.com\/ltam\/wp-content\/uploads\/sites\/14\/2021\/03\/newsfeed1.jpeg?w=768 768w, https:\/\/about.fb.com\/ltam\/wp-content\/uploads\/sites\/14\/2021\/03\/newsfeed1.jpeg?w=1024 1024w, https:\/\/about.fb.com\/ltam\/wp-content\/uploads\/sites\/14\/2021\/03\/newsfeed1.jpeg?w=1536 1536w, https:\/\/about.fb.com\/ltam\/wp-content\/uploads\/sites\/14\/2021\/03\/newsfeed1.jpeg?w=800 800w\" sizes=\"auto, (max-width: 890px) 100vw, 890px\" \/><span style=\"font-weight: 400\">Al ajustar la audiencia de comentarios, puedes controlar a\u00fan m\u00e1s c\u00f3mo deseas iniciar una conversaci\u00f3n en tus posts p\u00fablicos, y limitar interacciones potencialmente no deseadas. Y si eres una figura p\u00fablica, creador o creadora de contenido, o un negocio o marca, tambi\u00e9n puedes optar por limitar la audiencia de comentarios en tus posts p\u00fablicos para ayudar a que tengas una experiencia m\u00e1s segura y participes en conversaciones m\u00e1s significativas con tu comunidad.<\/span><\/p>\n<p><span style=\"font-weight: 400\">Esta nueva herramienta es el ejemplo m\u00e1s reciente de c\u00f3mo estamos facilitando que las personas puedan controlar y administrar su News Feed para reflejar mejor sus intereses y prioridades. Tambi\u00e9n seguimos ayudando a las personas a entender por qu\u00e9 ven el contenido que ven en el News Feed.<\/span><\/p>\n<p><b>Controla lo que ves<\/b><\/p>\n<p><span style=\"font-weight: 400\">Hicimos m\u00e1s f\u00e1cil clasificar y explorar los contenidos del News Feed, lo que brinda m\u00e1s control sobre lo que se ve. Recientemente, lanzamos <\/span><a href=\"https:\/\/www.facebook.com\/help\/1634545223376778\" target=\"_blank\" rel=\"noopener\"><span style=\"font-weight: 400\">Favoritos<\/span><\/a><span style=\"font-weight: 400\">, una herramienta que permite priorizar las publicaciones de los amigos y las P\u00e1ginas que m\u00e1s te interesan en el News Feed. Puedes incluir hasta 30 amigos y P\u00e1ginas en Favoritos; las publicaciones de tus personas y p\u00e1ginas favoritas aparecer\u00e1n m\u00e1s arriba en el News Feed, y tambi\u00e9n las puedes ver como un filtro separado. Las personas que usan Favoritos con frecuencia pueden acceder a \u00e9l desde la <\/span><span style=\"font-weight: 400\">barra de filtro de noticias<\/span><span style=\"font-weight: 400\">, un nuevo men\u00fa en la parte superior del News Feed.<\/span><\/p>\n<p><span style=\"font-weight: 400\">La <\/span><span style=\"font-weight: 400\">barra de filtro de noticias<\/span><span style=\"font-weight: 400\"> tambi\u00e9n ofrece un acceso m\u00e1s f\u00e1cil a la opci\u00f3n <\/span><a href=\"https:\/\/www.facebook.com\/help\/218728138156311\" target=\"_blank\" rel=\"noopener\"><span style=\"font-weight: 400\">M\u00e1s Reciente<\/span><\/a><span style=\"font-weight: 400\">, es decir, la posibilidad de pasar de un News Feed clasificado algor\u00edtmicamente, a uno ordenado cronol\u00f3gicamente (con las publicaciones m\u00e1s recientes primero). Los usuarios de Android podr\u00e1n acceder a <\/span><span style=\"font-weight: 400\">la barra de filtro de noticias<\/span><span style=\"font-weight: 400\"> cuando se desplacen hacia arriba en el News Feed. La misma funcionalidad estar\u00e1 disponible en la aplicaci\u00f3n de iOS en las pr\u00f3ximas semanas. Independientemente de la frecuencia con la que se use, se podr\u00e1n encontrar las funciones M\u00e1s Reciente y Favoritos en el men\u00fa de Accesos Directos.<\/span><\/p>\n<p><span style=\"font-weight: 400\">\u00c9stas son s\u00f3lo las \u00faltimas adiciones a nuestro conjunto de controles existente dise\u00f1ado para ayudar a las personas a <\/span><a href=\"https:\/\/www.facebook.com\/help\/964154640320617\/control-what-you-see-in-news-feed\" target=\"_blank\" rel=\"noopener\"><span style=\"font-weight: 400\">controlar lo que ven<\/span><\/a><span style=\"font-weight: 400\"> en el News Feed, incluidas herramientas como Ocultar Temporalmente (Snooze), donde se pueden ocultar temporalmente las publicaciones de una persona, P\u00e1gina o grupo, y la capacidad de <\/span><a href=\"https:\/\/www.facebook.com\/help\/247395082112892\/\" target=\"_blank\" rel=\"noopener\"><span style=\"font-weight: 400\">desactivar anuncios pol\u00edticos<\/span><\/a><span style=\"font-weight: 400\">.<\/span><\/p>\n<p><img data-recalc-dims=\"1\" loading=\"lazy\" decoding=\"async\" class=\"aligncenter size-large wp-image-22732\" src=\"https:\/\/about.fb.com\/ltam\/wp-content\/uploads\/sites\/14\/2021\/03\/newsfeed2.jpeg?w=890&#038;resize=890%2C594\" alt=\"\" width=\"890\" height=\"594\" srcset=\"https:\/\/about.fb.com\/ltam\/wp-content\/uploads\/sites\/14\/2021\/03\/newsfeed2.jpeg?w=1600 1600w, https:\/\/about.fb.com\/ltam\/wp-content\/uploads\/sites\/14\/2021\/03\/newsfeed2.jpeg?w=600 600w, https:\/\/about.fb.com\/ltam\/wp-content\/uploads\/sites\/14\/2021\/03\/newsfeed2.jpeg?w=300 300w, https:\/\/about.fb.com\/ltam\/wp-content\/uploads\/sites\/14\/2021\/03\/newsfeed2.jpeg?w=768 768w, https:\/\/about.fb.com\/ltam\/wp-content\/uploads\/sites\/14\/2021\/03\/newsfeed2.jpeg?w=1024 1024w, https:\/\/about.fb.com\/ltam\/wp-content\/uploads\/sites\/14\/2021\/03\/newsfeed2.jpeg?w=1536 1536w, https:\/\/about.fb.com\/ltam\/wp-content\/uploads\/sites\/14\/2021\/03\/newsfeed2.jpeg?w=800 800w\" sizes=\"auto, (max-width: 890px) 100vw, 890px\" \/><\/p>\n<p><b>Comprende por qu\u00e9 ves publicaciones sugeridas en el News Feed<\/b><\/p>\n<p><span style=\"font-weight: 400\">Para ayudar a las personas a descubrir contenido nuevo y relevante, les sugerimos publicaciones en su News Feed de P\u00e1ginas y grupos que a\u00fan no siguen, pero que creemos pueden resultarles interesantes. Estas sugerencias de publicaciones se basan principalmente en factores como la participaci\u00f3n en publicaciones, temas relacionados y ubicaci\u00f3n. Debido a que no han elegido seguir estas cuentas en Facebook, tenemos <\/span><a href=\"https:\/\/www.facebook.com\/help\/1257205004624246\" target=\"_blank\" rel=\"noopener\"><span style=\"font-weight: 400\">pautas<\/span><\/a><span style=\"font-weight: 400\"> claras sobre el contenido que recomendamos a las personas.<\/span><\/p>\n<p><span style=\"font-weight: 400\">Ahora, brindamos m\u00e1s contexto sobre el contenido que sugerimos en el News Feed al expandir la funci\u00f3n <\/span><a href=\"https:\/\/about.fb.com\/news\/2019\/03\/why-am-i-seeing-this\/\" target=\"_blank\" rel=\"noopener\"><span style=\"font-weight: 400\">\u201c\u00bfPor qu\u00e9 veo esto?\u201d<\/span><\/a><span style=\"font-weight: 400\">. Esto significa que las personas podr\u00e1n obtener m\u00e1s contexto sobre porqu\u00e9 ven las publicaciones de amigos, P\u00e1ginas y grupos que siguen en el News Feed, as\u00ed como tambi\u00e9n sobre aquellas publicaciones que les sugerimos.<\/span><\/p>\n<p><span style=\"font-weight: 400\">Hay varios factores que influyen en las publicaciones sugeridas en el News Feed, como:<\/span><\/p>\n<ul>\n<li><b>Participaci\u00f3n relacionada: <\/b><span style=\"font-weight: 400\">se puede sugerir una publicaci\u00f3n si otras personas que interactuaron con la publicaci\u00f3n en cuesti\u00f3n tambi\u00e9n interactuaron anteriormente con el mismo grupo, P\u00e1gina o publicaci\u00f3n que t\u00fa.<\/span><\/li>\n<li><b>Temas relacionados: <\/b><span style=\"font-weight: 400\">si recientemente te has involucrado con un tema determinado en Facebook, podemos sugerirte otras publicaciones que est\u00e9n relacionadas con ese tema. Por ejemplo, si recientemente a una persona le gust\u00f3 o coment\u00f3 una publicaci\u00f3n de una P\u00e1gina de baloncesto, podr\u00edamos sugerirle otras publicaciones sobre baloncesto.<\/span><\/li>\n<li><b>Ubicaci\u00f3n:<\/b><span style=\"font-weight: 400\"> es posible que veas una publicaci\u00f3n sugerida en funci\u00f3n de d\u00f3nde te encuentra y con qu\u00e9 personas cercanas est\u00e1n interactuando en Facebook.<\/span><\/li>\n<\/ul>\n<p><img data-recalc-dims=\"1\" loading=\"lazy\" decoding=\"async\" class=\"aligncenter size-large wp-image-22733\" src=\"https:\/\/about.fb.com\/ltam\/wp-content\/uploads\/sites\/14\/2021\/03\/newsfeed3.jpeg?w=890&#038;resize=890%2C594\" alt=\"\" width=\"890\" height=\"594\" srcset=\"https:\/\/about.fb.com\/ltam\/wp-content\/uploads\/sites\/14\/2021\/03\/newsfeed3.jpeg?w=1600 1600w, https:\/\/about.fb.com\/ltam\/wp-content\/uploads\/sites\/14\/2021\/03\/newsfeed3.jpeg?w=600 600w, https:\/\/about.fb.com\/ltam\/wp-content\/uploads\/sites\/14\/2021\/03\/newsfeed3.jpeg?w=300 300w, https:\/\/about.fb.com\/ltam\/wp-content\/uploads\/sites\/14\/2021\/03\/newsfeed3.jpeg?w=768 768w, https:\/\/about.fb.com\/ltam\/wp-content\/uploads\/sites\/14\/2021\/03\/newsfeed3.jpeg?w=1024 1024w, https:\/\/about.fb.com\/ltam\/wp-content\/uploads\/sites\/14\/2021\/03\/newsfeed3.jpeg?w=1536 1536w, https:\/\/about.fb.com\/ltam\/wp-content\/uploads\/sites\/14\/2021\/03\/newsfeed3.jpeg?w=800 800w\" sizes=\"auto, (max-width: 890px) 100vw, 890px\" \/><\/p>\n<p><span style=\"font-weight: 400\">Para actualizar lo que deseas ver y c\u00f3mo compartes contenido en el News Feed, puedes consultar las <\/span><a href=\"https:\/\/www.facebook.com\/help\/371675846332829\" target=\"_blank\" rel=\"noopener\"><span style=\"font-weight: 400\">preferencias del News Feed<\/span><\/a><span style=\"font-weight: 400\"> y la <\/span><a href=\"https:\/\/www.facebook.com\/settings?tab=privacy\" target=\"_blank\" rel=\"noopener\"><span style=\"font-weight: 400\">configuraci\u00f3n de privacidad<\/span><\/a><span style=\"font-weight: 400\"> en la aplicaci\u00f3n, y ajustarlas a gusto. Sabemos que ayudar a administrar mejor la experiencia en Facebook puede contribuir a tu bienestar, por lo que continuaremos invirtiendo en formas de brindarte m\u00e1s control y contexto.<\/span><\/p>\n","protected":false},"excerpt":{"rendered":"Hoy, presentamos una nueva herramienta para brindar m\u00e1s control sobre lo que se comparte en el News Feed al permitir administrar qui\u00e9n puede comentar en las publicaciones marcadas c\u00f3mo p\u00fablicas. A partir de ahora, se puede controlar la audiencia de comentarios para una determinada publicaci\u00f3n, eligiendo entre un men\u00fa de opciones que va desde p\u00fablico (cualquier persona que vea la publicaci\u00f3n), hasta s\u00f3lo las personas y las P\u00e1ginas etiquetadas. El objetivo del News Feed es conectarte con lo que m\u00e1s te importa: las personas en tu vida, contenido que te resulta relevante y el mundo que te rodea. Los amigos que agregas, las P\u00e1ginas que te gustan, los grupos a los que te unes y las cosas con las que interact\u00faas dan forma a la apariencia del News Feed todos los d\u00edas. Al ajustar la audiencia de comentarios, puedes controlar a\u00fan m\u00e1s c\u00f3mo deseas iniciar una conversaci\u00f3n en tus posts p\u00fablicos, y limitar interacciones potencialmente no deseadas. Y si eres una figura p\u00fablica, creador o creadora de contenido, o un negocio o marca, tambi\u00e9n puedes optar por limitar la audiencia de comentarios en tus posts p\u00fablicos para ayudar a que tengas una experiencia m\u00e1s segura y participes en conversaciones m\u00e1s significativas con tu comunidad. Esta nueva herramienta es el ejemplo m\u00e1s reciente de c\u00f3mo estamos facilitando que las personas puedan controlar y administrar su News Feed para reflejar mejor sus intereses y prioridades. Tambi\u00e9n seguimos ayudando a las personas a entender por qu\u00e9 ven el contenido que ven en el News Feed. Controla lo que ves Hicimos m\u00e1s f\u00e1cil clasificar y explorar los contenidos del News Feed, lo que brinda m\u00e1s control sobre lo que se ve. Recientemente, lanzamos Favoritos, una herramienta que permite priorizar las publicaciones de los amigos y las P\u00e1ginas que m\u00e1s te interesan en el News Feed. Puedes incluir hasta 30 amigos y P\u00e1ginas en Favoritos; las publicaciones de tus personas y p\u00e1ginas favoritas aparecer\u00e1n m\u00e1s arriba en el News Feed, y tambi\u00e9n las puedes ver como un filtro separado. Las personas que usan Favoritos con frecuencia pueden acceder a \u00e9l desde la barra de filtro de noticias, un nuevo men\u00fa en la parte superior del News Feed. La barra de filtro de noticias tambi\u00e9n ofrece un acceso m\u00e1s f\u00e1cil a la opci\u00f3n M\u00e1s Reciente, es decir, la posibilidad de pasar de un News Feed clasificado algor\u00edtmicamente, a uno ordenado cronol\u00f3gicamente (con las publicaciones m\u00e1s recientes primero). Los usuarios de Android podr\u00e1n acceder a la barra de filtro de noticias cuando se desplacen hacia arriba en el News Feed. La misma funcionalidad estar\u00e1 disponible en la aplicaci\u00f3n de iOS en las pr\u00f3ximas semanas. Independientemente de la frecuencia con la que se use, se podr\u00e1n encontrar las funciones M\u00e1s Reciente y Favoritos en el men\u00fa de Accesos Directos. \u00c9stas son s\u00f3lo las \u00faltimas adiciones a nuestro conjunto de controles existente dise\u00f1ado para ayudar a las personas a controlar lo que ven en el News Feed, incluidas herramientas como Ocultar Temporalmente (Snooze), donde se pueden ocultar temporalmente las publicaciones de una persona, P\u00e1gina o grupo, y la capacidad de desactivar anuncios pol\u00edticos. Comprende por qu\u00e9 ves publicaciones sugeridas en el News Feed Para ayudar a las personas a descubrir contenido nuevo y relevante, les sugerimos publicaciones en su News Feed de P\u00e1ginas y grupos que a\u00fan no siguen, pero que creemos pueden resultarles interesantes. Estas sugerencias de publicaciones se basan principalmente en factores como la participaci\u00f3n en publicaciones, temas relacionados y ubicaci\u00f3n. Debido a que no han elegido seguir estas cuentas en Facebook, tenemos pautas claras sobre el contenido que recomendamos a las personas. Ahora, brindamos m\u00e1s contexto sobre el contenido que sugerimos en el News Feed al expandir la funci\u00f3n \u201c\u00bfPor qu\u00e9 veo esto?\u201d. Esto significa que las personas podr\u00e1n obtener m\u00e1s contexto sobre porqu\u00e9 ven las publicaciones de amigos, P\u00e1ginas y grupos que siguen en el News Feed, as\u00ed como tambi\u00e9n sobre aquellas publicaciones que les sugerimos. Hay varios factores que influyen en las publicaciones sugeridas en el News Feed, como: Participaci\u00f3n relacionada: se puede sugerir una publicaci\u00f3n si otras personas que interactuaron con la publicaci\u00f3n en cuesti\u00f3n tambi\u00e9n interactuaron anteriormente con el mismo grupo, P\u00e1gina o publicaci\u00f3n que t\u00fa. Temas relacionados: si recientemente te has involucrado con un tema determinado en Facebook, podemos sugerirte otras publicaciones que est\u00e9n relacionadas con ese tema. Por ejemplo, si recientemente a una persona le gust\u00f3 o coment\u00f3 una publicaci\u00f3n de una P\u00e1gina de baloncesto, podr\u00edamos sugerirle otras publicaciones sobre baloncesto. Ubicaci\u00f3n: es posible que veas una publicaci\u00f3n sugerida en funci\u00f3n de d\u00f3nde te encuentra y con qu\u00e9 personas cercanas est\u00e1n interactuando en Facebook. Para actualizar lo que deseas ver y c\u00f3mo compartes contenido en el News Feed, puedes consultar las preferencias del News Feed y la configuraci\u00f3n de privacidad en la aplicaci\u00f3n, y ajustarlas a gusto. Sabemos que ayudar a administrar mejor la experiencia en Facebook puede contribuir a tu bienestar, por lo que continuaremos invirtiendo en formas de brindarte m\u00e1s control y contexto.","protected":false},"author":155592861,"featured_media":0,"comment_status":"closed","ping_status":"closed","sticky":false,"template":"","format":"standard","meta":{"_jetpack_memberships_contains_paid_content":false,"footnotes":""},"categories":[243948038,243948037,237720135],"tags":[],"class_list":["post-22730","post","type-post","status-publish","format-standard","hentry","category-facebook-app","category-meta","category-noticias-de-productos"],"yoast_head":"<!-- This site is optimized with the Yoast SEO plugin v27.2 - https:\/\/yoast.com\/product\/yoast-seo-wordpress\/ -->\n<title>M\u00e1s Control y Contexto en el News Feed | Acerca de Meta<\/title>\n<meta name=\"robots\" content=\"index, follow, max-snippet:-1, max-image-preview:large, max-video-preview:-1\" \/>\n<link rel=\"canonical\" href=\"https:\/\/about.fb.com\/ltam\/news\/2021\/03\/mas-control-y-contexto-en-el-news-feed\/\" \/>\n<meta property=\"og:locale\" content=\"es_ES\" \/>\n<meta property=\"og:type\" content=\"article\" \/>\n<meta property=\"og:title\" content=\"M\u00e1s Control y Contexto en el News Feed | Acerca de Meta\" \/>\n<meta property=\"og:description\" content=\"Hoy, presentamos una nueva herramienta para brindar m\u00e1s control sobre lo que se comparte en el News Feed al permitir administrar qui\u00e9n puede comentar en las publicaciones marcadas c\u00f3mo p\u00fablicas. A partir de ahora, se puede controlar la audiencia de comentarios para una determinada publicaci\u00f3n, eligiendo entre un men\u00fa de opciones que va desde p\u00fablico (cualquier persona que vea la publicaci\u00f3n), hasta s\u00f3lo las personas y las P\u00e1ginas etiquetadas. El objetivo del News Feed es conectarte con lo que m\u00e1s te importa: las personas en tu vida, contenido que te resulta relevante y el mundo que te rodea. Los amigos que agregas, las P\u00e1ginas que te gustan, los grupos a los que te unes y las cosas con las que interact\u00faas dan forma a la apariencia del News Feed todos los d\u00edas. Al ajustar la audiencia de comentarios, puedes controlar a\u00fan m\u00e1s c\u00f3mo deseas iniciar una conversaci\u00f3n en tus posts p\u00fablicos, y limitar interacciones potencialmente no deseadas. Y si eres una figura p\u00fablica, creador o creadora de contenido, o un negocio o marca, tambi\u00e9n puedes optar por limitar la audiencia de comentarios en tus posts p\u00fablicos para ayudar a que tengas una experiencia m\u00e1s segura y participes en conversaciones m\u00e1s significativas con tu comunidad. Esta nueva herramienta es el ejemplo m\u00e1s reciente de c\u00f3mo estamos facilitando que las personas puedan controlar y administrar su News Feed para reflejar mejor sus intereses y prioridades. Tambi\u00e9n seguimos ayudando a las personas a entender por qu\u00e9 ven el contenido que ven en el News Feed. Controla lo que ves Hicimos m\u00e1s f\u00e1cil clasificar y explorar los contenidos del News Feed, lo que brinda m\u00e1s control sobre lo que se ve. Recientemente, lanzamos Favoritos, una herramienta que permite priorizar las publicaciones de los amigos y las P\u00e1ginas que m\u00e1s te interesan en el News Feed. Puedes incluir hasta 30 amigos y P\u00e1ginas en Favoritos; las publicaciones de tus personas y p\u00e1ginas favoritas aparecer\u00e1n m\u00e1s arriba en el News Feed, y tambi\u00e9n las puedes ver como un filtro separado. Las personas que usan Favoritos con frecuencia pueden acceder a \u00e9l desde la barra de filtro de noticias, un nuevo men\u00fa en la parte superior del News Feed. La barra de filtro de noticias tambi\u00e9n ofrece un acceso m\u00e1s f\u00e1cil a la opci\u00f3n M\u00e1s Reciente, es decir, la posibilidad de pasar de un News Feed clasificado algor\u00edtmicamente, a uno ordenado cronol\u00f3gicamente (con las publicaciones m\u00e1s recientes primero). Los usuarios de Android podr\u00e1n acceder a la barra de filtro de noticias cuando se desplacen hacia arriba en el News Feed. La misma funcionalidad estar\u00e1 disponible en la aplicaci\u00f3n de iOS en las pr\u00f3ximas semanas. Independientemente de la frecuencia con la que se use, se podr\u00e1n encontrar las funciones M\u00e1s Reciente y Favoritos en el men\u00fa de Accesos Directos. \u00c9stas son s\u00f3lo las \u00faltimas adiciones a nuestro conjunto de controles existente dise\u00f1ado para ayudar a las personas a controlar lo que ven en el News Feed, incluidas herramientas como Ocultar Temporalmente (Snooze), donde se pueden ocultar temporalmente las publicaciones de una persona, P\u00e1gina o grupo, y la capacidad de desactivar anuncios pol\u00edticos. Comprende por qu\u00e9 ves publicaciones sugeridas en el News Feed Para ayudar a las personas a descubrir contenido nuevo y relevante, les sugerimos publicaciones en su News Feed de P\u00e1ginas y grupos que a\u00fan no siguen, pero que creemos pueden resultarles interesantes. Estas sugerencias de publicaciones se basan principalmente en factores como la participaci\u00f3n en publicaciones, temas relacionados y ubicaci\u00f3n. Debido a que no han elegido seguir estas cuentas en Facebook, tenemos pautas claras sobre el contenido que recomendamos a las personas. Ahora, brindamos m\u00e1s contexto sobre el contenido que sugerimos en el News Feed al expandir la funci\u00f3n \u201c\u00bfPor qu\u00e9 veo esto?\u201d. Esto significa que las personas podr\u00e1n obtener m\u00e1s contexto sobre porqu\u00e9 ven las publicaciones de amigos, P\u00e1ginas y grupos que siguen en el News Feed, as\u00ed como tambi\u00e9n sobre aquellas publicaciones que les sugerimos. Hay varios factores que influyen en las publicaciones sugeridas en el News Feed, como: Participaci\u00f3n relacionada: se puede sugerir una publicaci\u00f3n si otras personas que interactuaron con la publicaci\u00f3n en cuesti\u00f3n tambi\u00e9n interactuaron anteriormente con el mismo grupo, P\u00e1gina o publicaci\u00f3n que t\u00fa. Temas relacionados: si recientemente te has involucrado con un tema determinado en Facebook, podemos sugerirte otras publicaciones que est\u00e9n relacionadas con ese tema. Por ejemplo, si recientemente a una persona le gust\u00f3 o coment\u00f3 una publicaci\u00f3n de una P\u00e1gina de baloncesto, podr\u00edamos sugerirle otras publicaciones sobre baloncesto. Ubicaci\u00f3n: es posible que veas una publicaci\u00f3n sugerida en funci\u00f3n de d\u00f3nde te encuentra y con qu\u00e9 personas cercanas est\u00e1n interactuando en Facebook. Para actualizar lo que deseas ver y c\u00f3mo compartes contenido en el News Feed, puedes consultar las preferencias del News Feed y la configuraci\u00f3n de privacidad en la aplicaci\u00f3n, y ajustarlas a gusto. Sabemos que ayudar a administrar mejor la experiencia en Facebook puede contribuir a tu bienestar, por lo que continuaremos invirtiendo en formas de brindarte m\u00e1s control y contexto.\" \/>\n<meta property=\"og:url\" content=\"https:\/\/about.fb.com\/ltam\/news\/2021\/03\/mas-control-y-contexto-en-el-news-feed\/\" \/>\n<meta property=\"og:site_name\" content=\"Acerca de Meta\" \/>\n<meta property=\"article:published_time\" content=\"2021-03-31T13:12:34+00:00\" \/>\n<meta property=\"og:image\" content=\"https:\/\/about.fb.com\/ltam\/wp-content\/uploads\/sites\/14\/2021\/03\/newsfeed1.jpeg?w=890\" \/>\n<meta name=\"author\" content=\"ceciliacartoceti\" \/>\n<meta name=\"twitter:card\" content=\"summary_large_image\" \/>\n<meta name=\"twitter:label1\" content=\"Written by\" \/>\n\t<meta name=\"twitter:data1\" content=\"Meta\" \/>\n\t<meta name=\"twitter:label2\" content=\"Est. reading time\" \/>\n\t<meta name=\"twitter:data2\" content=\"5 minutos\" \/>\n<script type=\"application\/ld+json\" class=\"yoast-schema-graph\">{\"@context\":\"https:\/\/schema.org\",\"@graph\":[{\"@type\":\"Article\",\"@id\":\"https:\/\/about.fb.com\/ltam\/news\/2021\/03\/mas-control-y-contexto-en-el-news-feed\/#article\",\"isPartOf\":{\"@id\":\"https:\/\/about.fb.com\/ltam\/news\/2021\/03\/mas-control-y-contexto-en-el-news-feed\/\"},\"author\":\"Facebook company\",\"headline\":\"M\u00e1s Control y Contexto en el News Feed\",\"datePublished\":\"2021-03-31T13:12:34+00:00\",\"mainEntityOfPage\":{\"@id\":\"https:\/\/about.fb.com\/ltam\/news\/2021\/03\/mas-control-y-contexto-en-el-news-feed\/\"},\"wordCount\":916,\"publisher\":{\"@id\":\"https:\/\/about.fb.com\/ltam\/#organization\"},\"image\":{\"@id\":\"https:\/\/about.fb.com\/ltam\/news\/2021\/03\/mas-control-y-contexto-en-el-news-feed\/#primaryimage\"},\"thumbnailUrl\":\"https:\/\/about.fb.com\/ltam\/wp-content\/uploads\/sites\/14\/2021\/03\/newsfeed1.jpeg?w=890\",\"articleSection\":[\"Facebook\",\"Meta\",\"Noticias de Productos\"],\"inLanguage\":\"es\"},{\"@type\":\"WebPage\",\"@id\":\"https:\/\/about.fb.com\/ltam\/news\/2021\/03\/mas-control-y-contexto-en-el-news-feed\/\",\"url\":\"https:\/\/about.fb.com\/ltam\/news\/2021\/03\/mas-control-y-contexto-en-el-news-feed\/\",\"name\":\"M\u00e1s Control y Contexto en el News Feed | Acerca de Meta\",\"isPartOf\":{\"@id\":\"https:\/\/about.fb.com\/ltam\/#website\"},\"primaryImageOfPage\":{\"@id\":\"https:\/\/about.fb.com\/ltam\/news\/2021\/03\/mas-control-y-contexto-en-el-news-feed\/#primaryimage\"},\"image\":{\"@id\":\"https:\/\/about.fb.com\/ltam\/news\/2021\/03\/mas-control-y-contexto-en-el-news-feed\/#primaryimage\"},\"thumbnailUrl\":\"https:\/\/about.fb.com\/ltam\/wp-content\/uploads\/sites\/14\/2021\/03\/newsfeed1.jpeg?w=890\",\"datePublished\":\"2021-03-31T13:12:34+00:00\",\"breadcrumb\":{\"@id\":\"https:\/\/about.fb.com\/ltam\/news\/2021\/03\/mas-control-y-contexto-en-el-news-feed\/#breadcrumb\"},\"inLanguage\":\"es\",\"potentialAction\":[{\"@type\":\"ReadAction\",\"target\":[\"https:\/\/about.fb.com\/ltam\/news\/2021\/03\/mas-control-y-contexto-en-el-news-feed\/\"]}],\"author\":\"Acerca de Meta\"},{\"@type\":\"ImageObject\",\"inLanguage\":\"es\",\"@id\":\"https:\/\/about.fb.com\/ltam\/news\/2021\/03\/mas-control-y-contexto-en-el-news-feed\/#primaryimage\",\"url\":\"https:\/\/about.fb.com\/ltam\/wp-content\/uploads\/sites\/14\/2021\/03\/newsfeed1.jpeg?w=890\",\"contentUrl\":\"https:\/\/about.fb.com\/ltam\/wp-content\/uploads\/sites\/14\/2021\/03\/newsfeed1.jpeg?w=890\"},{\"@type\":\"BreadcrumbList\",\"@id\":\"https:\/\/about.fb.com\/ltam\/news\/2021\/03\/mas-control-y-contexto-en-el-news-feed\/#breadcrumb\",\"itemListElement\":[{\"@type\":\"ListItem\",\"position\":1,\"name\":\"Home\",\"item\":\"https:\/\/about.fb.com\/ltam\/\"},{\"@type\":\"ListItem\",\"position\":2,\"name\":\"M\u00e1s Control y Contexto en el News Feed\"}]},{\"@type\":\"WebSite\",\"@id\":\"https:\/\/about.fb.com\/ltam\/#website\",\"url\":\"https:\/\/about.fb.com\/news\/\",\"name\":\"Acerca de Meta\",\"description\":\"\",\"publisher\":{\"@id\":\"https:\/\/about.fb.com\/ltam\/#organization\"},\"potentialAction\":[{\"@type\":\"SearchAction\",\"target\":{\"@type\":\"EntryPoint\",\"urlTemplate\":\"https:\/\/about.fb.com\/ltam\/?s={search_term_string}\"},\"query-input\":{\"@type\":\"PropertyValueSpecification\",\"valueRequired\":true,\"valueName\":\"search_term_string\"}}],\"inLanguage\":\"es\",\"alternateName\":[\"Meta Newsroom\",\"Meta\"]},{\"@type\":\"Organization\",\"@id\":\"https:\/\/about.fb.com\/ltam\/#organization\",\"name\":\"Meta\",\"url\":\"https:\/\/about.fb.com\/ltam\/\",\"logo\":{\"@type\":\"ImageObject\",\"inLanguage\":\"es\",\"@id\":\"https:\/\/about.fb.com\/ltam\/#\/schema\/logo\/image\/\",\"url\":\"https:\/\/about.fb.com\/ltam\/wp-content\/uploads\/sites\/14\/2021\/10\/meta-social-16x9-1.jpg?fit=8000%2C4500\",\"contentUrl\":\"https:\/\/about.fb.com\/ltam\/wp-content\/uploads\/sites\/14\/2021\/10\/meta-social-16x9-1.jpg?fit=8000%2C4500\",\"width\":8000,\"height\":4500,\"caption\":\"Meta\"},\"image\":{\"@id\":\"https:\/\/about.fb.com\/ltam\/#\/schema\/logo\/image\/\"}}]}<\/script>\n<!-- \/ Yoast SEO plugin. -->","yoast_head_json":{"title":"M\u00e1s Control y Contexto en el News Feed | Acerca de Meta","robots":{"index":"index","follow":"follow","max-snippet":"max-snippet:-1","max-image-preview":"max-image-preview:large","max-video-preview":"max-video-preview:-1"},"canonical":"https:\/\/about.fb.com\/ltam\/news\/2021\/03\/mas-control-y-contexto-en-el-news-feed\/","og_locale":"es_ES","og_type":"article","og_title":"M\u00e1s Control y Contexto en el News Feed | Acerca de Meta","og_description":"Hoy, presentamos una nueva herramienta para brindar m\u00e1s control sobre lo que se comparte en el News Feed al permitir administrar qui\u00e9n puede comentar en las publicaciones marcadas c\u00f3mo p\u00fablicas. A partir de ahora, se puede controlar la audiencia de comentarios para una determinada publicaci\u00f3n, eligiendo entre un men\u00fa de opciones que va desde p\u00fablico (cualquier persona que vea la publicaci\u00f3n), hasta s\u00f3lo las personas y las P\u00e1ginas etiquetadas. El objetivo del News Feed es conectarte con lo que m\u00e1s te importa: las personas en tu vida, contenido que te resulta relevante y el mundo que te rodea. Los amigos que agregas, las P\u00e1ginas que te gustan, los grupos a los que te unes y las cosas con las que interact\u00faas dan forma a la apariencia del News Feed todos los d\u00edas. Al ajustar la audiencia de comentarios, puedes controlar a\u00fan m\u00e1s c\u00f3mo deseas iniciar una conversaci\u00f3n en tus posts p\u00fablicos, y limitar interacciones potencialmente no deseadas. Y si eres una figura p\u00fablica, creador o creadora de contenido, o un negocio o marca, tambi\u00e9n puedes optar por limitar la audiencia de comentarios en tus posts p\u00fablicos para ayudar a que tengas una experiencia m\u00e1s segura y participes en conversaciones m\u00e1s significativas con tu comunidad. Esta nueva herramienta es el ejemplo m\u00e1s reciente de c\u00f3mo estamos facilitando que las personas puedan controlar y administrar su News Feed para reflejar mejor sus intereses y prioridades. Tambi\u00e9n seguimos ayudando a las personas a entender por qu\u00e9 ven el contenido que ven en el News Feed. Controla lo que ves Hicimos m\u00e1s f\u00e1cil clasificar y explorar los contenidos del News Feed, lo que brinda m\u00e1s control sobre lo que se ve. Recientemente, lanzamos Favoritos, una herramienta que permite priorizar las publicaciones de los amigos y las P\u00e1ginas que m\u00e1s te interesan en el News Feed. Puedes incluir hasta 30 amigos y P\u00e1ginas en Favoritos; las publicaciones de tus personas y p\u00e1ginas favoritas aparecer\u00e1n m\u00e1s arriba en el News Feed, y tambi\u00e9n las puedes ver como un filtro separado. Las personas que usan Favoritos con frecuencia pueden acceder a \u00e9l desde la barra de filtro de noticias, un nuevo men\u00fa en la parte superior del News Feed. La barra de filtro de noticias tambi\u00e9n ofrece un acceso m\u00e1s f\u00e1cil a la opci\u00f3n M\u00e1s Reciente, es decir, la posibilidad de pasar de un News Feed clasificado algor\u00edtmicamente, a uno ordenado cronol\u00f3gicamente (con las publicaciones m\u00e1s recientes primero). Los usuarios de Android podr\u00e1n acceder a la barra de filtro de noticias cuando se desplacen hacia arriba en el News Feed. La misma funcionalidad estar\u00e1 disponible en la aplicaci\u00f3n de iOS en las pr\u00f3ximas semanas. Independientemente de la frecuencia con la que se use, se podr\u00e1n encontrar las funciones M\u00e1s Reciente y Favoritos en el men\u00fa de Accesos Directos. \u00c9stas son s\u00f3lo las \u00faltimas adiciones a nuestro conjunto de controles existente dise\u00f1ado para ayudar a las personas a controlar lo que ven en el News Feed, incluidas herramientas como Ocultar Temporalmente (Snooze), donde se pueden ocultar temporalmente las publicaciones de una persona, P\u00e1gina o grupo, y la capacidad de desactivar anuncios pol\u00edticos. Comprende por qu\u00e9 ves publicaciones sugeridas en el News Feed Para ayudar a las personas a descubrir contenido nuevo y relevante, les sugerimos publicaciones en su News Feed de P\u00e1ginas y grupos que a\u00fan no siguen, pero que creemos pueden resultarles interesantes. Estas sugerencias de publicaciones se basan principalmente en factores como la participaci\u00f3n en publicaciones, temas relacionados y ubicaci\u00f3n. Debido a que no han elegido seguir estas cuentas en Facebook, tenemos pautas claras sobre el contenido que recomendamos a las personas. Ahora, brindamos m\u00e1s contexto sobre el contenido que sugerimos en el News Feed al expandir la funci\u00f3n \u201c\u00bfPor qu\u00e9 veo esto?\u201d. Esto significa que las personas podr\u00e1n obtener m\u00e1s contexto sobre porqu\u00e9 ven las publicaciones de amigos, P\u00e1ginas y grupos que siguen en el News Feed, as\u00ed como tambi\u00e9n sobre aquellas publicaciones que les sugerimos. Hay varios factores que influyen en las publicaciones sugeridas en el News Feed, como: Participaci\u00f3n relacionada: se puede sugerir una publicaci\u00f3n si otras personas que interactuaron con la publicaci\u00f3n en cuesti\u00f3n tambi\u00e9n interactuaron anteriormente con el mismo grupo, P\u00e1gina o publicaci\u00f3n que t\u00fa. Temas relacionados: si recientemente te has involucrado con un tema determinado en Facebook, podemos sugerirte otras publicaciones que est\u00e9n relacionadas con ese tema. Por ejemplo, si recientemente a una persona le gust\u00f3 o coment\u00f3 una publicaci\u00f3n de una P\u00e1gina de baloncesto, podr\u00edamos sugerirle otras publicaciones sobre baloncesto. Ubicaci\u00f3n: es posible que veas una publicaci\u00f3n sugerida en funci\u00f3n de d\u00f3nde te encuentra y con qu\u00e9 personas cercanas est\u00e1n interactuando en Facebook. Para actualizar lo que deseas ver y c\u00f3mo compartes contenido en el News Feed, puedes consultar las preferencias del News Feed y la configuraci\u00f3n de privacidad en la aplicaci\u00f3n, y ajustarlas a gusto. Sabemos que ayudar a administrar mejor la experiencia en Facebook puede contribuir a tu bienestar, por lo que continuaremos invirtiendo en formas de brindarte m\u00e1s control y contexto.","og_url":"https:\/\/about.fb.com\/ltam\/news\/2021\/03\/mas-control-y-contexto-en-el-news-feed\/","og_site_name":"Acerca de Meta","article_published_time":"2021-03-31T13:12:34+00:00","og_image":[{"url":"https:\/\/about.fb.com\/ltam\/wp-content\/uploads\/sites\/14\/2021\/03\/newsfeed1.jpeg?w=890","type":"","width":"","height":""}],"author":"ceciliacartoceti","twitter_card":"summary_large_image","twitter_misc":{"Written by":"Meta","Est. reading time":"5 minutos"},"schema":{"@context":"https:\/\/schema.org","@graph":[{"@type":"Article","@id":"https:\/\/about.fb.com\/ltam\/news\/2021\/03\/mas-control-y-contexto-en-el-news-feed\/#article","isPartOf":{"@id":"https:\/\/about.fb.com\/ltam\/news\/2021\/03\/mas-control-y-contexto-en-el-news-feed\/"},"author":"Facebook company","headline":"M\u00e1s Control y Contexto en el News Feed","datePublished":"2021-03-31T13:12:34+00:00","mainEntityOfPage":{"@id":"https:\/\/about.fb.com\/ltam\/news\/2021\/03\/mas-control-y-contexto-en-el-news-feed\/"},"wordCount":916,"publisher":{"@id":"https:\/\/about.fb.com\/ltam\/#organization"},"image":{"@id":"https:\/\/about.fb.com\/ltam\/news\/2021\/03\/mas-control-y-contexto-en-el-news-feed\/#primaryimage"},"thumbnailUrl":"https:\/\/about.fb.com\/ltam\/wp-content\/uploads\/sites\/14\/2021\/03\/newsfeed1.jpeg?w=890","articleSection":["Facebook","Meta","Noticias de Productos"],"inLanguage":"es"},{"@type":"WebPage","@id":"https:\/\/about.fb.com\/ltam\/news\/2021\/03\/mas-control-y-contexto-en-el-news-feed\/","url":"https:\/\/about.fb.com\/ltam\/news\/2021\/03\/mas-control-y-contexto-en-el-news-feed\/","name":"M\u00e1s Control y Contexto en el News Feed | Acerca de Meta","isPartOf":{"@id":"https:\/\/about.fb.com\/ltam\/#website"},"primaryImageOfPage":{"@id":"https:\/\/about.fb.com\/ltam\/news\/2021\/03\/mas-control-y-contexto-en-el-news-feed\/#primaryimage"},"image":{"@id":"https:\/\/about.fb.com\/ltam\/news\/2021\/03\/mas-control-y-contexto-en-el-news-feed\/#primaryimage"},"thumbnailUrl":"https:\/\/about.fb.com\/ltam\/wp-content\/uploads\/sites\/14\/2021\/03\/newsfeed1.jpeg?w=890","datePublished":"2021-03-31T13:12:34+00:00","breadcrumb":{"@id":"https:\/\/about.fb.com\/ltam\/news\/2021\/03\/mas-control-y-contexto-en-el-news-feed\/#breadcrumb"},"inLanguage":"es","potentialAction":[{"@type":"ReadAction","target":["https:\/\/about.fb.com\/ltam\/news\/2021\/03\/mas-control-y-contexto-en-el-news-feed\/"]}],"author":"Acerca de Meta"},{"@type":"ImageObject","inLanguage":"es","@id":"https:\/\/about.fb.com\/ltam\/news\/2021\/03\/mas-control-y-contexto-en-el-news-feed\/#primaryimage","url":"https:\/\/about.fb.com\/ltam\/wp-content\/uploads\/sites\/14\/2021\/03\/newsfeed1.jpeg?w=890","contentUrl":"https:\/\/about.fb.com\/ltam\/wp-content\/uploads\/sites\/14\/2021\/03\/newsfeed1.jpeg?w=890"},{"@type":"BreadcrumbList","@id":"https:\/\/about.fb.com\/ltam\/news\/2021\/03\/mas-control-y-contexto-en-el-news-feed\/#breadcrumb","itemListElement":[{"@type":"ListItem","position":1,"name":"Home","item":"https:\/\/about.fb.com\/ltam\/"},{"@type":"ListItem","position":2,"name":"M\u00e1s Control y Contexto en el News Feed"}]},{"@type":"WebSite","@id":"https:\/\/about.fb.com\/ltam\/#website","url":"https:\/\/about.fb.com\/news\/","name":"Acerca de Meta","description":"","publisher":{"@id":"https:\/\/about.fb.com\/ltam\/#organization"},"potentialAction":[{"@type":"SearchAction","target":{"@type":"EntryPoint","urlTemplate":"https:\/\/about.fb.com\/ltam\/?s={search_term_string}"},"query-input":{"@type":"PropertyValueSpecification","valueRequired":true,"valueName":"search_term_string"}}],"inLanguage":"es","alternateName":["Meta Newsroom","Meta"]},{"@type":"Organization","@id":"https:\/\/about.fb.com\/ltam\/#organization","name":"Meta","url":"https:\/\/about.fb.com\/ltam\/","logo":{"@type":"ImageObject","inLanguage":"es","@id":"https:\/\/about.fb.com\/ltam\/#\/schema\/logo\/image\/","url":"https:\/\/about.fb.com\/ltam\/wp-content\/uploads\/sites\/14\/2021\/10\/meta-social-16x9-1.jpg?fit=8000%2C4500","contentUrl":"https:\/\/about.fb.com\/ltam\/wp-content\/uploads\/sites\/14\/2021\/10\/meta-social-16x9-1.jpg?fit=8000%2C4500","width":8000,"height":4500,"caption":"Meta"},"image":{"@id":"https:\/\/about.fb.com\/ltam\/#\/schema\/logo\/image\/"}}]}},"jetpack_featured_media_url":"","jetpack-related-posts":[],"jetpack_sharing_enabled":true,"amp_enabled":true,"_links":{"self":[{"href":"https:\/\/about.fb.com\/ltam\/wp-json\/wp\/v2\/posts\/22730","targetHints":{"allow":["GET"]}}],"collection":[{"href":"https:\/\/about.fb.com\/ltam\/wp-json\/wp\/v2\/posts"}],"about":[{"href":"https:\/\/about.fb.com\/ltam\/wp-json\/wp\/v2\/types\/post"}],"author":[{"embeddable":true,"href":"https:\/\/about.fb.com\/ltam\/wp-json\/wp\/v2\/users\/155592861"}],"replies":[{"embeddable":true,"href":"https:\/\/about.fb.com\/ltam\/wp-json\/wp\/v2\/comments?post=22730"}],"version-history":[{"count":1,"href":"https:\/\/about.fb.com\/ltam\/wp-json\/wp\/v2\/posts\/22730\/revisions"}],"predecessor-version":[{"id":22734,"href":"https:\/\/about.fb.com\/ltam\/wp-json\/wp\/v2\/posts\/22730\/revisions\/22734"}],"wp:attachment":[{"href":"https:\/\/about.fb.com\/ltam\/wp-json\/wp\/v2\/media?parent=22730"}],"wp:term":[{"taxonomy":"category","embeddable":true,"href":"https:\/\/about.fb.com\/ltam\/wp-json\/wp\/v2\/categories?post=22730"},{"taxonomy":"post_tag","embeddable":true,"href":"https:\/\/about.fb.com\/ltam\/wp-json\/wp\/v2\/tags?post=22730"}],"curies":[{"name":"wp","href":"https:\/\/api.w.org\/{rel}","templated":true}]}}