{"id":22407,"date":"2021-01-19T12:57:05","date_gmt":"2021-01-19T18:57:05","guid":{"rendered":"https:\/\/about.fb.com\/ltam\/?p=22407"},"modified":"2021-01-19T12:58:44","modified_gmt":"2021-01-19T18:58:44","slug":"como-nos-preparamos-para-las-elecciones-del-ecuador","status":"publish","type":"post","link":"https:\/\/about.fb.com\/ltam\/news\/2021\/01\/como-nos-preparamos-para-las-elecciones-del-ecuador\/","title":{"rendered":"C\u00f3mo nos preparamos para las elecciones del Ecuador"},"content":{"rendered":"<p><span style=\"font-weight: 400\">Proteger la autenticidad y la seguridad de las conversaciones que tienen lugar en nuestras plataformas es una prioridad para Facebook, y eso es especialmente relevante en per\u00edodos electorales.\u00a0<\/span><\/p>\n<p><span style=\"font-weight: 400\">Desde 2017, hemos trabajado en m\u00e1s de 200 elecciones en todo el mundo y desarrollado productos y pol\u00edticas que nos permitieron estar mejor preparados para cada nueva votaci\u00f3n. Triplicamos los equipos que trabajan en la seguridad de nuestros servicios y ahora contamos con m\u00e1s de 35.000 personas dedicadas a esa tarea, <\/span><span style=\"font-weight: 400\">ampliamos el uso de tecnolog\u00eda para detectar comportamientos abusivos y, apoyados en\u00a0 la inteligencia artificial eliminamos m\u00e1s del 99% de las cuentas falsas de la plataforma antes siquiera que sean denunciadas.<\/span><\/p>\n<p><span style=\"font-weight: 400\">Las elecciones en Ecuador son muy importantes para nosotros y para nuestra comunidad y eso que queremos compartir los esfuerzos que realizamos en Facebook para proteger la integridad de nuestros servicios durante ese proceso. A continuaci\u00f3n, algunas de nuestras iniciativas:<\/span><\/p>\n<p><b>Transparencia en la publicidad pol\u00edtica<\/b><\/p>\n<p><span style=\"font-weight: 400\">En agosto de 2020, lanzamos en el Ecuador la herramienta de transparencia para avisos pol\u00edticos y electorales, que permite a las personas saber qui\u00e9n est\u00e1 detr\u00e1s de los anuncios pol\u00edticos que ven en Facebook e Instagram. Desde entonces, la publicidad sobre pol\u00edtica o elecciones en Facebook e Instagram deben estar identificadas con la etiqueta \u00abPagado por\u00bb y todos los anunciantes deben pasar por un proceso de autorizaci\u00f3n para confirmar su identidad y que su residencia en el Ecuador.<\/span><\/p>\n<p style=\"text-align: left\"><span style=\"font-weight: 400\">Todos los anuncios pol\u00edticos y electorales se almacenar\u00e1n en una Biblioteca p\u00fablica de anuncios durante siete a\u00f1os. Con esa informaci\u00f3n, producimos el Reporte de Transparencia, que muestra el n\u00famero total de anuncios y gastos publicitarios en pol\u00edtica y elecciones en Facebook e Instagram, as\u00ed como tambi\u00e9n informaci\u00f3n detallada sobre qui\u00e9n pag\u00f3, cu\u00e1l fue la inversi\u00f3n aproximada y la audiencia alcanzada.<\/span><\/p>\n<p style=\"text-align: center\"><span style=\"font-weight: 400\"><img data-recalc-dims=\"1\" loading=\"lazy\" decoding=\"async\" class=\"wp-image-22408 alignnone\" src=\"https:\/\/about.fb.com\/ltam\/wp-content\/uploads\/sites\/14\/2021\/01\/pasted-image-0.png?w=300&#038;resize=173%2C307\" alt=\"\" width=\"173\" height=\"307\" srcset=\"https:\/\/about.fb.com\/ltam\/wp-content\/uploads\/sites\/14\/2021\/01\/pasted-image-0.png?w=300 300w, https:\/\/about.fb.com\/ltam\/wp-content\/uploads\/sites\/14\/2021\/01\/pasted-image-0.png?w=225 225w, https:\/\/about.fb.com\/ltam\/wp-content\/uploads\/sites\/14\/2021\/01\/pasted-image-0.png?w=169 169w\" sizes=\"auto, (max-width: 173px) 100vw, 173px\" \/>\u00a0 \u00a0<img data-recalc-dims=\"1\" loading=\"lazy\" decoding=\"async\" class=\"wp-image-22410 alignnone\" src=\"https:\/\/about.fb.com\/ltam\/wp-content\/uploads\/sites\/14\/2021\/01\/pasted-image-0-1-1.png?w=857&#038;resize=458%2C304\" alt=\"\" width=\"458\" height=\"304\" srcset=\"https:\/\/about.fb.com\/ltam\/wp-content\/uploads\/sites\/14\/2021\/01\/pasted-image-0-1-1.png?w=857 857w, https:\/\/about.fb.com\/ltam\/wp-content\/uploads\/sites\/14\/2021\/01\/pasted-image-0-1-1.png?w=600 600w, https:\/\/about.fb.com\/ltam\/wp-content\/uploads\/sites\/14\/2021\/01\/pasted-image-0-1-1.png?w=300 300w, https:\/\/about.fb.com\/ltam\/wp-content\/uploads\/sites\/14\/2021\/01\/pasted-image-0-1-1.png?w=768 768w, https:\/\/about.fb.com\/ltam\/wp-content\/uploads\/sites\/14\/2021\/01\/pasted-image-0-1-1.png?w=800 800w\" sizes=\"auto, (max-width: 458px) 100vw, 458px\" \/><\/span><\/p>\n<p><b>Un equipo de respuesta r\u00e1pida<\/b><\/p>\n<p><span style=\"font-weight: 400\">Contamos con un equipo de respuesta r\u00e1pida que coordina diferentes grupos internos de la compa\u00f1\u00eda dedicados a identificar posibles violaciones a nuestras pol\u00edticas. Integrado por especialistas de diferentes disciplinas, este equipo se apoya en procesos que combinan el uso de inteligencia artificial con revisi\u00f3n humana para responder en tiempo real a posibles incidentes que puedan registrarse en nuestras plataformas.<\/span><\/p>\n<p><b>Remoci\u00f3n de cuentas falsas<\/b><\/p>\n<p><span style=\"font-weight: 400\">Eliminamos perfiles de Facebook y de Instagram que evidenciaban un comportamiento inaut\u00e9ntico, buscando confundir a los usuarios. La autenticidad es uno de los pilares de nuestra comunidad y nuestras pol\u00edticas no permiten la creaci\u00f3n de perfiles que oculten su verdadera identidad. Como informamos en nuestro \u00faltimo reporte, en el tercer trimestre del 2020 <\/span><a href=\"https:\/\/transparency.facebook.com\/community-standards-enforcement#fake-accounts\"><span style=\"font-weight: 400\">eliminamos m\u00e1s del 99% de cuentas falsas<\/span><\/a><span style=\"font-weight: 400\"> antes de que fueran reportadas.<\/span><\/p>\n<p><b>Combatir la desinformaci\u00f3n<\/b><\/p>\n<p><span style=\"font-weight: 400\">Una de las maneras en las que luchamos contra la desinformaci\u00f3n en el Ecuador ha sido a trav\u00e9s de alianzas con verificadores de noticias, como Ecuador Chequea (Fundamedios) y Agence France-Presse (AFP) en Latinoam\u00e9rica, que\u00a0 hacen parte del programa de chequeo independiente de informaci\u00f3n de Facebook: una iniciativa que a nivel global re\u00fane a m\u00e1s de 75 organizaciones que verifican datos en m\u00e1s de 60 idiomas con el fin de combatir las noticias falsas y fortalecer la calidad de los contenidos que se consumen online.\u00a0<\/span><\/p>\n<p><span style=\"font-weight: 400\">Los socios verificadores independientes cuentan con la certificaci\u00f3n de la<\/span><a href=\"https:\/\/www.poynter.org\/ifcn\/\"> <span style=\"font-weight: 400\">International Fact-Checking Network<\/span><\/a><span style=\"font-weight: 400\">, del Instituto Poynter para Estudio de los Medios, y llevan a cabo monitoreos independientes para identificar informaci\u00f3n potencialmente falsa o enga\u00f1osa.<\/span><\/p>\n<p><span style=\"font-weight: 400\">Por su lado, Facebook, como lo contempla su programa de verificaci\u00f3n de informaci\u00f3n desde 2016, se encarga de reducir el alcance de las noticias que hayan sido marcadas como falsas, y env\u00eda una notificaci\u00f3n a los usuarios en caso de que vayan a compartirlas.\u00a0<\/span><\/p>\n<p><img data-recalc-dims=\"1\" loading=\"lazy\" decoding=\"async\" class=\"aligncenter  wp-image-22423\" src=\"https:\/\/about.fb.com\/ltam\/wp-content\/uploads\/sites\/14\/2021\/01\/BB.png?w=890&#038;resize=590%2C422\" alt=\"\" width=\"590\" height=\"422\" srcset=\"https:\/\/about.fb.com\/ltam\/wp-content\/uploads\/sites\/14\/2021\/01\/BB.png?w=1012 1012w, https:\/\/about.fb.com\/ltam\/wp-content\/uploads\/sites\/14\/2021\/01\/BB.png?w=558 558w, https:\/\/about.fb.com\/ltam\/wp-content\/uploads\/sites\/14\/2021\/01\/BB.png?w=300 300w, https:\/\/about.fb.com\/ltam\/wp-content\/uploads\/sites\/14\/2021\/01\/BB.png?w=768 768w, https:\/\/about.fb.com\/ltam\/wp-content\/uploads\/sites\/14\/2021\/01\/BB.png?w=800 800w\" sizes=\"auto, (max-width: 590px) 100vw, 590px\" \/><\/p>\n<p><span style=\"font-weight: 400\">De igual forma, para que las personas decidan en qu\u00e9 fuentes confiar, qu\u00e9 leer y qu\u00e9 informaci\u00f3n compartir, Facebook les muestra art\u00edculos redactados por los verificadores independientes que explican por qu\u00e9 el contenido es falso. Este ser\u00e1 visible debajo de la noticia que ha sido calificada, en <\/span><a href=\"https:\/\/ltam.newsroom.fb.com\/news\/2017\/04\/facebook-prueba-articulos-relacionados-en-news-feed\/\"><span style=\"font-weight: 400\">Art\u00edculos Relacionados<\/span><\/a><span style=\"font-weight: 400\">.\u00a0\u00a0<\/span><\/p>\n<p><img data-recalc-dims=\"1\" loading=\"lazy\" decoding=\"async\" class=\"aligncenter wp-image-22420\" src=\"https:\/\/about.fb.com\/ltam\/wp-content\/uploads\/sites\/14\/2021\/01\/Screen-Shot-2021-01-19-at-1.52.08-PM.png?w=424&#038;resize=235%2C405\" alt=\"\" width=\"235\" height=\"405\" srcset=\"https:\/\/about.fb.com\/ltam\/wp-content\/uploads\/sites\/14\/2021\/01\/Screen-Shot-2021-01-19-at-1.52.08-PM.png?w=424 424w, https:\/\/about.fb.com\/ltam\/wp-content\/uploads\/sites\/14\/2021\/01\/Screen-Shot-2021-01-19-at-1.52.08-PM.png?w=232 232w, https:\/\/about.fb.com\/ltam\/wp-content\/uploads\/sites\/14\/2021\/01\/Screen-Shot-2021-01-19-at-1.52.08-PM.png?w=174 174w, https:\/\/about.fb.com\/ltam\/wp-content\/uploads\/sites\/14\/2021\/01\/Screen-Shot-2021-01-19-at-1.52.08-PM.png?w=348 348w\" sizes=\"auto, (max-width: 235px) 100vw, 235px\" \/><\/p>\n<p><b>Informaci\u00f3n sobre c\u00f3mo votar<\/b><\/p>\n<p><span style=\"font-weight: 400\">Facebook lanzar\u00e1 una serie de herramientas para que las personas encuentren f\u00e1cilmente informaci\u00f3n confiable sobre la votaci\u00f3n. Esto incluye: un recordatorio del d\u00eda de votaci\u00f3n y un bot\u00f3n de voto informado, que permite acceder a m\u00e1s datos sobre el proceso electoral en el Ecuador y detalles \u00fatiles para asistir al lugar de votaci\u00f3n.<\/span><\/p>\n<p>&nbsp;<\/p>\n","protected":false},"excerpt":{"rendered":"Proteger la autenticidad y la seguridad de las conversaciones que tienen lugar en nuestras plataformas es una prioridad para Facebook, y eso es especialmente relevante en per\u00edodos electorales. ","protected":false},"author":164097083,"featured_media":0,"comment_status":"closed","ping_status":"closed","sticky":false,"template":"","format":"standard","meta":{"_jetpack_memberships_contains_paid_content":false,"footnotes":""},"categories":[243948105],"tags":[],"class_list":["post-22407","post","type-post","status-publish","format-standard","hentry","category-integridad-de-elecciones-integridad-y-seguridad"],"yoast_head":"<!-- This site is optimized with the Yoast SEO plugin v27.2 - https:\/\/yoast.com\/product\/yoast-seo-wordpress\/ -->\n<title>C\u00f3mo nos preparamos para las elecciones del Ecuador | Acerca de Meta<\/title>\n<meta name=\"robots\" content=\"index, follow, max-snippet:-1, max-image-preview:large, max-video-preview:-1\" \/>\n<link rel=\"canonical\" href=\"https:\/\/about.fb.com\/ltam\/news\/2021\/01\/como-nos-preparamos-para-las-elecciones-del-ecuador\/\" \/>\n<meta property=\"og:locale\" content=\"es_ES\" \/>\n<meta property=\"og:type\" content=\"article\" \/>\n<meta property=\"og:title\" content=\"C\u00f3mo nos preparamos para las elecciones del Ecuador | Acerca de Meta\" \/>\n<meta property=\"og:description\" content=\"Proteger la autenticidad y la seguridad de las conversaciones que tienen lugar en nuestras plataformas es una prioridad para Facebook, y eso es especialmente relevante en per\u00edodos electorales.\" \/>\n<meta property=\"og:url\" content=\"https:\/\/about.fb.com\/ltam\/news\/2021\/01\/como-nos-preparamos-para-las-elecciones-del-ecuador\/\" \/>\n<meta property=\"og:site_name\" content=\"Acerca de Meta\" \/>\n<meta property=\"article:published_time\" content=\"2021-01-19T18:57:05+00:00\" \/>\n<meta property=\"article:modified_time\" content=\"2021-01-19T18:58:44+00:00\" \/>\n<meta property=\"og:image\" content=\"https:\/\/about.fb.com\/ltam\/wp-content\/uploads\/sites\/14\/2021\/01\/pasted-image-0.png?w=300\" \/>\n<meta name=\"twitter:card\" content=\"summary_large_image\" \/>\n<meta name=\"twitter:label1\" content=\"Written by\" \/>\n\t<meta name=\"twitter:data1\" content=\"Meta\" \/>\n\t<meta name=\"twitter:label2\" content=\"Est. reading time\" \/>\n\t<meta name=\"twitter:data2\" content=\"4 minutos\" \/>\n<script type=\"application\/ld+json\" class=\"yoast-schema-graph\">{\"@context\":\"https:\/\/schema.org\",\"@graph\":[{\"@type\":\"Article\",\"@id\":\"https:\/\/about.fb.com\/ltam\/news\/2021\/01\/como-nos-preparamos-para-las-elecciones-del-ecuador\/#article\",\"isPartOf\":{\"@id\":\"https:\/\/about.fb.com\/ltam\/news\/2021\/01\/como-nos-preparamos-para-las-elecciones-del-ecuador\/\"},\"author\":\"Facebook company\",\"headline\":\"C\u00f3mo nos preparamos para las elecciones del Ecuador\",\"datePublished\":\"2021-01-19T18:57:05+00:00\",\"dateModified\":\"2021-01-19T18:58:44+00:00\",\"mainEntityOfPage\":{\"@id\":\"https:\/\/about.fb.com\/ltam\/news\/2021\/01\/como-nos-preparamos-para-las-elecciones-del-ecuador\/\"},\"wordCount\":763,\"publisher\":{\"@id\":\"https:\/\/about.fb.com\/ltam\/#organization\"},\"image\":{\"@id\":\"https:\/\/about.fb.com\/ltam\/news\/2021\/01\/como-nos-preparamos-para-las-elecciones-del-ecuador\/#primaryimage\"},\"thumbnailUrl\":\"https:\/\/about.fb.com\/ltam\/wp-content\/uploads\/sites\/14\/2021\/01\/pasted-image-0.png?w=300\",\"articleSection\":[\"Integridad de elecciones\"],\"inLanguage\":\"es\"},{\"@type\":\"WebPage\",\"@id\":\"https:\/\/about.fb.com\/ltam\/news\/2021\/01\/como-nos-preparamos-para-las-elecciones-del-ecuador\/\",\"url\":\"https:\/\/about.fb.com\/ltam\/news\/2021\/01\/como-nos-preparamos-para-las-elecciones-del-ecuador\/\",\"name\":\"C\u00f3mo nos preparamos para las elecciones del Ecuador | Acerca de Meta\",\"isPartOf\":{\"@id\":\"https:\/\/about.fb.com\/ltam\/#website\"},\"primaryImageOfPage\":{\"@id\":\"https:\/\/about.fb.com\/ltam\/news\/2021\/01\/como-nos-preparamos-para-las-elecciones-del-ecuador\/#primaryimage\"},\"image\":{\"@id\":\"https:\/\/about.fb.com\/ltam\/news\/2021\/01\/como-nos-preparamos-para-las-elecciones-del-ecuador\/#primaryimage\"},\"thumbnailUrl\":\"https:\/\/about.fb.com\/ltam\/wp-content\/uploads\/sites\/14\/2021\/01\/pasted-image-0.png?w=300\",\"datePublished\":\"2021-01-19T18:57:05+00:00\",\"dateModified\":\"2021-01-19T18:58:44+00:00\",\"breadcrumb\":{\"@id\":\"https:\/\/about.fb.com\/ltam\/news\/2021\/01\/como-nos-preparamos-para-las-elecciones-del-ecuador\/#breadcrumb\"},\"inLanguage\":\"es\",\"potentialAction\":[{\"@type\":\"ReadAction\",\"target\":[\"https:\/\/about.fb.com\/ltam\/news\/2021\/01\/como-nos-preparamos-para-las-elecciones-del-ecuador\/\"]}],\"author\":\"Acerca de Meta\"},{\"@type\":\"ImageObject\",\"inLanguage\":\"es\",\"@id\":\"https:\/\/about.fb.com\/ltam\/news\/2021\/01\/como-nos-preparamos-para-las-elecciones-del-ecuador\/#primaryimage\",\"url\":\"https:\/\/about.fb.com\/ltam\/wp-content\/uploads\/sites\/14\/2021\/01\/pasted-image-0.png?w=300\",\"contentUrl\":\"https:\/\/about.fb.com\/ltam\/wp-content\/uploads\/sites\/14\/2021\/01\/pasted-image-0.png?w=300\"},{\"@type\":\"BreadcrumbList\",\"@id\":\"https:\/\/about.fb.com\/ltam\/news\/2021\/01\/como-nos-preparamos-para-las-elecciones-del-ecuador\/#breadcrumb\",\"itemListElement\":[{\"@type\":\"ListItem\",\"position\":1,\"name\":\"Home\",\"item\":\"https:\/\/about.fb.com\/ltam\/\"},{\"@type\":\"ListItem\",\"position\":2,\"name\":\"C\u00f3mo nos preparamos para las elecciones del Ecuador\"}]},{\"@type\":\"WebSite\",\"@id\":\"https:\/\/about.fb.com\/ltam\/#website\",\"url\":\"https:\/\/about.fb.com\/news\/\",\"name\":\"Acerca de Meta\",\"description\":\"\",\"publisher\":{\"@id\":\"https:\/\/about.fb.com\/ltam\/#organization\"},\"potentialAction\":[{\"@type\":\"SearchAction\",\"target\":{\"@type\":\"EntryPoint\",\"urlTemplate\":\"https:\/\/about.fb.com\/ltam\/?s={search_term_string}\"},\"query-input\":{\"@type\":\"PropertyValueSpecification\",\"valueRequired\":true,\"valueName\":\"search_term_string\"}}],\"inLanguage\":\"es\",\"alternateName\":[\"Meta Newsroom\",\"Meta\"]},{\"@type\":\"Organization\",\"@id\":\"https:\/\/about.fb.com\/ltam\/#organization\",\"name\":\"Meta\",\"url\":\"https:\/\/about.fb.com\/ltam\/\",\"logo\":{\"@type\":\"ImageObject\",\"inLanguage\":\"es\",\"@id\":\"https:\/\/about.fb.com\/ltam\/#\/schema\/logo\/image\/\",\"url\":\"https:\/\/about.fb.com\/ltam\/wp-content\/uploads\/sites\/14\/2021\/10\/meta-social-16x9-1.jpg?fit=8000%2C4500\",\"contentUrl\":\"https:\/\/about.fb.com\/ltam\/wp-content\/uploads\/sites\/14\/2021\/10\/meta-social-16x9-1.jpg?fit=8000%2C4500\",\"width\":8000,\"height\":4500,\"caption\":\"Meta\"},\"image\":{\"@id\":\"https:\/\/about.fb.com\/ltam\/#\/schema\/logo\/image\/\"}}]}<\/script>\n<!-- \/ Yoast SEO plugin. -->","yoast_head_json":{"title":"C\u00f3mo nos preparamos para las elecciones del Ecuador | Acerca de Meta","robots":{"index":"index","follow":"follow","max-snippet":"max-snippet:-1","max-image-preview":"max-image-preview:large","max-video-preview":"max-video-preview:-1"},"canonical":"https:\/\/about.fb.com\/ltam\/news\/2021\/01\/como-nos-preparamos-para-las-elecciones-del-ecuador\/","og_locale":"es_ES","og_type":"article","og_title":"C\u00f3mo nos preparamos para las elecciones del Ecuador | Acerca de Meta","og_description":"Proteger la autenticidad y la seguridad de las conversaciones que tienen lugar en nuestras plataformas es una prioridad para Facebook, y eso es especialmente relevante en per\u00edodos electorales.","og_url":"https:\/\/about.fb.com\/ltam\/news\/2021\/01\/como-nos-preparamos-para-las-elecciones-del-ecuador\/","og_site_name":"Acerca de Meta","article_published_time":"2021-01-19T18:57:05+00:00","article_modified_time":"2021-01-19T18:58:44+00:00","og_image":[{"url":"https:\/\/about.fb.com\/ltam\/wp-content\/uploads\/sites\/14\/2021\/01\/pasted-image-0.png?w=300","type":"","width":"","height":""}],"twitter_card":"summary_large_image","twitter_misc":{"Written by":"Meta","Est. reading time":"4 minutos"},"schema":{"@context":"https:\/\/schema.org","@graph":[{"@type":"Article","@id":"https:\/\/about.fb.com\/ltam\/news\/2021\/01\/como-nos-preparamos-para-las-elecciones-del-ecuador\/#article","isPartOf":{"@id":"https:\/\/about.fb.com\/ltam\/news\/2021\/01\/como-nos-preparamos-para-las-elecciones-del-ecuador\/"},"author":"Facebook company","headline":"C\u00f3mo nos preparamos para las elecciones del Ecuador","datePublished":"2021-01-19T18:57:05+00:00","dateModified":"2021-01-19T18:58:44+00:00","mainEntityOfPage":{"@id":"https:\/\/about.fb.com\/ltam\/news\/2021\/01\/como-nos-preparamos-para-las-elecciones-del-ecuador\/"},"wordCount":763,"publisher":{"@id":"https:\/\/about.fb.com\/ltam\/#organization"},"image":{"@id":"https:\/\/about.fb.com\/ltam\/news\/2021\/01\/como-nos-preparamos-para-las-elecciones-del-ecuador\/#primaryimage"},"thumbnailUrl":"https:\/\/about.fb.com\/ltam\/wp-content\/uploads\/sites\/14\/2021\/01\/pasted-image-0.png?w=300","articleSection":["Integridad de elecciones"],"inLanguage":"es"},{"@type":"WebPage","@id":"https:\/\/about.fb.com\/ltam\/news\/2021\/01\/como-nos-preparamos-para-las-elecciones-del-ecuador\/","url":"https:\/\/about.fb.com\/ltam\/news\/2021\/01\/como-nos-preparamos-para-las-elecciones-del-ecuador\/","name":"C\u00f3mo nos preparamos para las elecciones del Ecuador | Acerca de Meta","isPartOf":{"@id":"https:\/\/about.fb.com\/ltam\/#website"},"primaryImageOfPage":{"@id":"https:\/\/about.fb.com\/ltam\/news\/2021\/01\/como-nos-preparamos-para-las-elecciones-del-ecuador\/#primaryimage"},"image":{"@id":"https:\/\/about.fb.com\/ltam\/news\/2021\/01\/como-nos-preparamos-para-las-elecciones-del-ecuador\/#primaryimage"},"thumbnailUrl":"https:\/\/about.fb.com\/ltam\/wp-content\/uploads\/sites\/14\/2021\/01\/pasted-image-0.png?w=300","datePublished":"2021-01-19T18:57:05+00:00","dateModified":"2021-01-19T18:58:44+00:00","breadcrumb":{"@id":"https:\/\/about.fb.com\/ltam\/news\/2021\/01\/como-nos-preparamos-para-las-elecciones-del-ecuador\/#breadcrumb"},"inLanguage":"es","potentialAction":[{"@type":"ReadAction","target":["https:\/\/about.fb.com\/ltam\/news\/2021\/01\/como-nos-preparamos-para-las-elecciones-del-ecuador\/"]}],"author":"Acerca de Meta"},{"@type":"ImageObject","inLanguage":"es","@id":"https:\/\/about.fb.com\/ltam\/news\/2021\/01\/como-nos-preparamos-para-las-elecciones-del-ecuador\/#primaryimage","url":"https:\/\/about.fb.com\/ltam\/wp-content\/uploads\/sites\/14\/2021\/01\/pasted-image-0.png?w=300","contentUrl":"https:\/\/about.fb.com\/ltam\/wp-content\/uploads\/sites\/14\/2021\/01\/pasted-image-0.png?w=300"},{"@type":"BreadcrumbList","@id":"https:\/\/about.fb.com\/ltam\/news\/2021\/01\/como-nos-preparamos-para-las-elecciones-del-ecuador\/#breadcrumb","itemListElement":[{"@type":"ListItem","position":1,"name":"Home","item":"https:\/\/about.fb.com\/ltam\/"},{"@type":"ListItem","position":2,"name":"C\u00f3mo nos preparamos para las elecciones del Ecuador"}]},{"@type":"WebSite","@id":"https:\/\/about.fb.com\/ltam\/#website","url":"https:\/\/about.fb.com\/news\/","name":"Acerca de Meta","description":"","publisher":{"@id":"https:\/\/about.fb.com\/ltam\/#organization"},"potentialAction":[{"@type":"SearchAction","target":{"@type":"EntryPoint","urlTemplate":"https:\/\/about.fb.com\/ltam\/?s={search_term_string}"},"query-input":{"@type":"PropertyValueSpecification","valueRequired":true,"valueName":"search_term_string"}}],"inLanguage":"es","alternateName":["Meta Newsroom","Meta"]},{"@type":"Organization","@id":"https:\/\/about.fb.com\/ltam\/#organization","name":"Meta","url":"https:\/\/about.fb.com\/ltam\/","logo":{"@type":"ImageObject","inLanguage":"es","@id":"https:\/\/about.fb.com\/ltam\/#\/schema\/logo\/image\/","url":"https:\/\/about.fb.com\/ltam\/wp-content\/uploads\/sites\/14\/2021\/10\/meta-social-16x9-1.jpg?fit=8000%2C4500","contentUrl":"https:\/\/about.fb.com\/ltam\/wp-content\/uploads\/sites\/14\/2021\/10\/meta-social-16x9-1.jpg?fit=8000%2C4500","width":8000,"height":4500,"caption":"Meta"},"image":{"@id":"https:\/\/about.fb.com\/ltam\/#\/schema\/logo\/image\/"}}]}},"jetpack_featured_media_url":"","jetpack-related-posts":[],"jetpack_sharing_enabled":true,"amp_enabled":true,"_links":{"self":[{"href":"https:\/\/about.fb.com\/ltam\/wp-json\/wp\/v2\/posts\/22407","targetHints":{"allow":["GET"]}}],"collection":[{"href":"https:\/\/about.fb.com\/ltam\/wp-json\/wp\/v2\/posts"}],"about":[{"href":"https:\/\/about.fb.com\/ltam\/wp-json\/wp\/v2\/types\/post"}],"author":[{"embeddable":true,"href":"https:\/\/about.fb.com\/ltam\/wp-json\/wp\/v2\/users\/164097083"}],"replies":[{"embeddable":true,"href":"https:\/\/about.fb.com\/ltam\/wp-json\/wp\/v2\/comments?post=22407"}],"version-history":[{"count":4,"href":"https:\/\/about.fb.com\/ltam\/wp-json\/wp\/v2\/posts\/22407\/revisions"}],"predecessor-version":[{"id":22424,"href":"https:\/\/about.fb.com\/ltam\/wp-json\/wp\/v2\/posts\/22407\/revisions\/22424"}],"wp:attachment":[{"href":"https:\/\/about.fb.com\/ltam\/wp-json\/wp\/v2\/media?parent=22407"}],"wp:term":[{"taxonomy":"category","embeddable":true,"href":"https:\/\/about.fb.com\/ltam\/wp-json\/wp\/v2\/categories?post=22407"},{"taxonomy":"post_tag","embeddable":true,"href":"https:\/\/about.fb.com\/ltam\/wp-json\/wp\/v2\/tags?post=22407"}],"curies":[{"name":"wp","href":"https:\/\/api.w.org\/{rel}","templated":true}]}}