{"id":22382,"date":"2021-01-12T13:48:30","date_gmt":"2021-01-12T19:48:30","guid":{"rendered":"https:\/\/about.fb.com\/ltam\/?p=22382"},"modified":"2021-09-30T10:50:34","modified_gmt":"2021-09-30T15:50:34","slug":"informe-de-comportamiento-inautentico-coordinado-de-america-latina-diciembre-de-2020","status":"publish","type":"post","link":"https:\/\/about.fb.com\/ltam\/news\/2021\/01\/informe-de-comportamiento-inautentico-coordinado-de-america-latina-diciembre-de-2020\/","title":{"rendered":"Informe de Comportamiento Inaut\u00e9ntico Coordinado de Am\u00e9rica Latina &#8211; Diciembre de 2020"},"content":{"rendered":"<p><span style=\"font-weight: 400\">En diciembre, removimos 17 redes de cuentas, P\u00e1ginas y Grupos a nivel global, incluyendo dos con actividad en Brasil y una en Argentina. En todos los casos, las personas que estaban detr\u00e1s de esta actividad se coordinaban y usaban cuentas falsas como parte central de sus operaciones para enga\u00f1ar a las personas acerca de su identidad y de sus acciones. Nuestras investigaciones, y la posterior remoci\u00f3n de estas operaciones, est\u00e1n basadas en ese tipo de comportamiento y no en el contenido que publican, sin importar qui\u00e9n las desarrolla, quien las gestiona, o si son de origen local o extranjero.\u00a0<\/span><\/p>\n<p><span style=\"font-weight: 400\">Durante los \u00faltimos tres a\u00f1os, hemos compartido nuestros descubrimientos sobre <\/span><span style=\"font-weight: 400\">m\u00e1s de 100 redes<\/span><span style=\"font-weight: 400\"> de <\/span><a href=\"https:\/\/about.fb.com\/ltam\/?s=Comportamiento+Inaut%C3%A9ntico+Coordinado\"><span style=\"font-weight: 400\">comportamiento inaut\u00e9ntico coordinado<\/span><\/a><span style=\"font-weight: 400\"> que detectamos y removimos de nuestras plataformas. Constantemente, trabajamos para detectar y frenar campa\u00f1as coordinadas que buscan manipular el debate p\u00fablico en nuestras aplicaciones. Puedes encontrar m\u00e1s informaci\u00f3n sobre nuestros esfuerzos previos <\/span><a href=\"https:\/\/about.fb.com\/ltam\/?s=Comportamiento+Inaut%C3%A9ntico+Coordinado\"><span style=\"font-weight: 400\">aqu\u00ed<\/span><\/a><span style=\"font-weight: 400\">.<\/span><\/p>\n<h3><span style=\"font-weight: 400\">\u00bfQu\u00e9 es Comportamiento Inaut\u00e9ntico Coordinado (CIB)?\u00a0<\/span><\/h3>\n<p><span style=\"font-weight: 400\">Vemos CIB como esfuerzos coordinados para manipular el debate p\u00fablico y lograr un objetivo estrat\u00e9gico, en donde las cuentas falsas son parte central de la operaci\u00f3n. Hay dos tipos de actividades que buscamos detener: 1) comportamiento inaut\u00e9ntico coordinado en el contexto de campa\u00f1as locales y no gubernamentales, y 2) comportamiento inaut\u00e9ntico coordinado a nombre de un actor extranjero o gubernamental.<\/span><\/p>\n<ol>\n<li style=\"font-weight: 400\"><span style=\"font-weight: 400\"><strong>Comportamiento Inaut\u00e9ntico Coordinado (CIB):<\/strong> Cuando detectamos campa\u00f1as locales no gubernamentales que involucran grupos de cuentas o P\u00e1ginas buscando enga\u00f1ar a la gente acerca de qui\u00e9nes son y qu\u00e9 hacen usando cuentas falsas, removemos tanto las cuentas inaut\u00e9nticas como las aut\u00e9nticas, as\u00ed como P\u00e1ginas y Grupos involucrados directamente en esta actividad.<\/span><\/li>\n<li style=\"font-weight: 400\"><span style=\"font-weight: 400\"><strong>Interferencia extranjera o gubernamental (FGI):<\/strong> Si detectamos alguna instancia de CIB operada a nombre de una entidad gubernamental o por un actor extranjero, aplicamos las medidas m\u00e1s extensas incluyendo la remoci\u00f3n de cualquier propiedad en nuestras plataformas relacionada con la operaci\u00f3n misma y con las personas y organizaciones detr\u00e1s de esta.\u00a0<\/span><\/li>\n<\/ol>\n<h3><span style=\"font-weight: 400\">Aplicaci\u00f3n continua de nuestras pol\u00edticas<\/span><\/h3>\n<p><span style=\"font-weight: 400\">Supervisamos los esfuerzos que hacen las redes que hemos eliminado anteriormente por restablecer su presencia en Facebook. Mediante la detecci\u00f3n autom\u00e1tica y manual, continuamente removemos cuentas y P\u00e1ginas conectadas a redes que eliminamos en el pasado.<\/span><\/p>\n<p><b>Detalles de las redes removidas en diciembre del 2020:\u00a0<\/b><\/p>\n<p><b>Argentina<\/b><\/p>\n<p><b style=\"font-family: -apple-system, BlinkMacSystemFont, 'Segoe UI', Roboto, Oxygen-Sans, Ubuntu, Cantarell, 'Helvetica Neue', sans-serif\">1. Removimos 663 cuentas de Facebook y 388 de Instagram por <\/b><a style=\"font-family: -apple-system, BlinkMacSystemFont, 'Segoe UI', Roboto, Oxygen-Sans, Ubuntu, Cantarell, 'Helvetica Neue', sans-serif\" href=\"https:\/\/newsroom.fb.com\/news\/2018\/12\/inside-feed-coordinated-inauthentic-behavior\/\"><b>comportamiento inaut\u00e9ntico coordinado<\/b><\/a><b style=\"font-family: -apple-system, BlinkMacSystemFont, 'Segoe UI', Roboto, Oxygen-Sans, Ubuntu, Cantarell, 'Helvetica Neue', sans-serif\">. Esta red se origin\u00f3 en Argentina y se enfoc\u00f3 en audiencias dom\u00e9sticas.\u00a0<\/b><\/p>\n<p><span style=\"font-weight: 400\">Las personas detr\u00e1s de esta actividad utilizaban cuentas falsas, algunas de las cuales ya hab\u00edan sido detectadas y removidas por nuestros sistemas automatizados, para crear elaborados perfiles ficticios a trav\u00e9s de fotos generadas por inteligencia artificial. Estos perfiles publicaban, daban me gusta y comentaban contenido para hacerlo parecer m\u00e1s popular de lo que realmente era. La red publicaba en espa\u00f1ol y su objetivo era amplificar de forma inaut\u00e9ntica publicaciones y noticias relacionadas con Sergio Berni, Ministro de Seguridad de la provincia de Buenos Aires. Estas cuentas daban me gusta y compart\u00edan las mismas publicaciones de la P\u00e1gina oficial del funcionario. Adem\u00e1s, realizaban posteos sobre hobbies, animales y cocina para parecer m\u00e1s aut\u00e9nticas.\u00a0\u00a0<\/span><\/p>\n<p><span style=\"font-weight: 400\">Encontramos esta red luego de analizar informaci\u00f3n sobre una peque\u00f1a parte de esta actividad compartida p\u00fablicamente por un <\/span><a href=\"https:\/\/twitter.com\/conspirator0\"><span style=\"font-weight: 400\">investigador<\/span><\/a><span style=\"font-weight: 400\"> de c\u00f3digo abierto. Nuestra investigaci\u00f3n tambi\u00e9n se benefici\u00f3 de los hallazgos que FireEye, una compa\u00f1\u00eda de ciberseguridad, comparti\u00f3 con nosotros.\u00a0<\/span><\/p>\n<ul>\n<li style=\"font-weight: 400\"><i><span style=\"font-weight: 400\">Presencia en Facebook e Instagram: <\/span><\/i><span style=\"font-weight: 400\">663<\/span> <span style=\"font-weight: 400\">cuentas en Facebook y 388 en Instagram. <\/span><\/li>\n<li style=\"font-weight: 400\"><i style=\"font-family: -apple-system, BlinkMacSystemFont, 'Segoe UI', Roboto, Oxygen-Sans, Ubuntu, Cantarell, 'Helvetica Neue', sans-serif\">Seguidores: <\/i><span style=\"font-weight: 400\">Alrededor de 10.000 cuentas segu\u00edan a una o m\u00e1s de esas cuentas de Instagram.<\/span><\/li>\n<\/ul>\n<p><span style=\"font-weight: 400\">A continuaci\u00f3n, un ejemplo del contenido publicado por algunas de estas P\u00e1ginas y cuentas:<\/span><\/p>\n<p><img data-recalc-dims=\"1\" loading=\"lazy\" decoding=\"async\" class=\"aligncenter wp-image-22383\" src=\"https:\/\/about.fb.com\/ltam\/wp-content\/uploads\/sites\/14\/2021\/01\/Captura-de-Pantalla-2021-01-12-a-las-13.39.16.png?resize=374%2C359\" alt=\"\" width=\"374\" height=\"359\" srcset=\"https:\/\/about.fb.com\/ltam\/wp-content\/uploads\/sites\/14\/2021\/01\/Captura-de-Pantalla-2021-01-12-a-las-13.39.16.png?w=662 662w, https:\/\/about.fb.com\/ltam\/wp-content\/uploads\/sites\/14\/2021\/01\/Captura-de-Pantalla-2021-01-12-a-las-13.39.16.png?w=416 416w, https:\/\/about.fb.com\/ltam\/wp-content\/uploads\/sites\/14\/2021\/01\/Captura-de-Pantalla-2021-01-12-a-las-13.39.16.png?w=300 300w, https:\/\/about.fb.com\/ltam\/wp-content\/uploads\/sites\/14\/2021\/01\/Captura-de-Pantalla-2021-01-12-a-las-13.39.16.png?w=625 625w\" sizes=\"auto, (max-width: 374px) 100vw, 374px\" \/><\/p>\n<p><img data-recalc-dims=\"1\" loading=\"lazy\" decoding=\"async\" class=\"aligncenter wp-image-22384\" src=\"https:\/\/about.fb.com\/ltam\/wp-content\/uploads\/sites\/14\/2021\/01\/Captura-de-Pantalla-2021-01-12-a-las-13.39.22.png?resize=377%2C530\" alt=\"\" width=\"377\" height=\"530\" srcset=\"https:\/\/about.fb.com\/ltam\/wp-content\/uploads\/sites\/14\/2021\/01\/Captura-de-Pantalla-2021-01-12-a-las-13.39.22.png?w=666 666w, https:\/\/about.fb.com\/ltam\/wp-content\/uploads\/sites\/14\/2021\/01\/Captura-de-Pantalla-2021-01-12-a-las-13.39.22.png?w=285 285w, https:\/\/about.fb.com\/ltam\/wp-content\/uploads\/sites\/14\/2021\/01\/Captura-de-Pantalla-2021-01-12-a-las-13.39.22.png?w=213 213w, https:\/\/about.fb.com\/ltam\/wp-content\/uploads\/sites\/14\/2021\/01\/Captura-de-Pantalla-2021-01-12-a-las-13.39.22.png?w=427 427w\" sizes=\"auto, (max-width: 377px) 100vw, 377px\" \/><\/p>\n<p><img data-recalc-dims=\"1\" loading=\"lazy\" decoding=\"async\" class=\"aligncenter wp-image-22385\" src=\"https:\/\/about.fb.com\/ltam\/wp-content\/uploads\/sites\/14\/2021\/01\/Captura-de-Pantalla-2021-01-12-a-las-13.39.29.png?resize=370%2C353\" alt=\"\" width=\"370\" height=\"353\" srcset=\"https:\/\/about.fb.com\/ltam\/wp-content\/uploads\/sites\/14\/2021\/01\/Captura-de-Pantalla-2021-01-12-a-las-13.39.29.png?w=658 658w, https:\/\/about.fb.com\/ltam\/wp-content\/uploads\/sites\/14\/2021\/01\/Captura-de-Pantalla-2021-01-12-a-las-13.39.29.png?w=419 419w, https:\/\/about.fb.com\/ltam\/wp-content\/uploads\/sites\/14\/2021\/01\/Captura-de-Pantalla-2021-01-12-a-las-13.39.29.png?w=300 300w, https:\/\/about.fb.com\/ltam\/wp-content\/uploads\/sites\/14\/2021\/01\/Captura-de-Pantalla-2021-01-12-a-las-13.39.29.png?w=629 629w\" sizes=\"auto, (max-width: 370px) 100vw, 370px\" \/><\/p>\n<p><img data-recalc-dims=\"1\" loading=\"lazy\" decoding=\"async\" class=\"aligncenter wp-image-22386\" src=\"https:\/\/about.fb.com\/ltam\/wp-content\/uploads\/sites\/14\/2021\/01\/Captura-de-Pantalla-2021-01-12-a-las-13.39.35.png?resize=367%2C294\" alt=\"\" width=\"367\" height=\"294\" srcset=\"https:\/\/about.fb.com\/ltam\/wp-content\/uploads\/sites\/14\/2021\/01\/Captura-de-Pantalla-2021-01-12-a-las-13.39.35.png?w=662 662w, https:\/\/about.fb.com\/ltam\/wp-content\/uploads\/sites\/14\/2021\/01\/Captura-de-Pantalla-2021-01-12-a-las-13.39.35.png?w=500 500w, https:\/\/about.fb.com\/ltam\/wp-content\/uploads\/sites\/14\/2021\/01\/Captura-de-Pantalla-2021-01-12-a-las-13.39.35.png?w=300 300w\" sizes=\"auto, (max-width: 367px) 100vw, 367px\" \/><\/p>\n<p><b style=\"font-family: -apple-system, BlinkMacSystemFont, 'Segoe UI', Roboto, Oxygen-Sans, Ubuntu, Cantarell, 'Helvetica Neue', sans-serif\">2. Removimos 25 cuentas de Facebook, tres P\u00e1ginas y 10 cuentas de Instagram por violar nuestras pol\u00edticas contra el <\/b><a style=\"font-family: -apple-system, BlinkMacSystemFont, 'Segoe UI', Roboto, Oxygen-Sans, Ubuntu, Cantarell, 'Helvetica Neue', sans-serif\" href=\"https:\/\/newsroom.fb.com\/news\/2018\/12\/inside-feed-coordinated-inauthentic-behavior\/\"><b>comportamiento inaut\u00e9ntico coordinado<\/b><\/a><b style=\"font-family: -apple-system, BlinkMacSystemFont, 'Segoe UI', Roboto, Oxygen-Sans, Ubuntu, Cantarell, 'Helvetica Neue', sans-serif\">. Esta red ten\u00eda foco dom\u00e9stico y se origin\u00f3 en el estado de Paran\u00e1 en Brasil. La red casi no ten\u00eda seguidores cuando la removimos.\u00a0<\/b><\/p>\n<p><span style=\"font-weight: 400\">Encontramos dos<\/span><i><span style=\"font-weight: 400\"> clusters<\/span><\/i><span style=\"font-weight: 400\"> que utilizaban cuentas falsas, <\/span><span style=\"font-weight: 400\">algunas de las cuales ya hab\u00edan sido detectadas y removidas por nuestros sistemas automatizados, para publicar y comentar contenido, y para administrar P\u00e1ginas. Una de esas P\u00e1ginas publicaba como una entidad period\u00edstica independiente. Estas redes se enfocaron en dos municipios del estado de Paran\u00e1, Almirante Tamandar\u00e9 y Colombo, y en las elecciones regionales de 2020. La mayor\u00eda de los me gusta y comentarios en las P\u00e1ginas de estas redes pertenec\u00edan a sus propias cuentas. Las personas detr\u00e1s de esta campa\u00f1a publicaban contenido en portugu\u00e9s sobre las elecciones municipales. Tambi\u00e9n compart\u00edan comentarios en apoyo del actual alcalde de Almirante Tamandar\u00e9 y del candidato municipal asociado al partido PSD en Colombo, adem\u00e1s de cr\u00edticas hacia los opositores de esos candidatos.<\/span><\/p>\n<p><span style=\"font-weight: 400\">Encontramos esta red como parte de nuestra investigaci\u00f3n interna sobre posibles conductas inaut\u00e9nticas y coordinadas en la regi\u00f3n. Aunque las personas detr\u00e1s de esto intentaron ocultar sus identidades y coordinaci\u00f3n, nuestra investigaci\u00f3n encontr\u00f3 v\u00ednculos con Continental, una agencia de relaciones p\u00fablicas con sede en Curitiba, y otras personas en el estado de Paran\u00e1.<\/span><\/p>\n<ul>\n<li style=\"font-weight: 400\"><i><span style=\"font-weight: 400\">Presencia en Facebook e Instagram:<\/span><\/i><span style=\"font-weight: 400\"> 25 cuentas en Facebook, 3 P\u00e1ginas, 10 cuentas en Instagram.<\/span><\/li>\n<li style=\"font-weight: 400\"><i><span style=\"font-weight: 400\">Seguidores: <\/span><\/i><span style=\"font-weight: 400\">Alrededor de 1.600 cuentas segu\u00edan a una o m\u00e1s de esas P\u00e1ginas, y alrededor de 2.300 personas segu\u00edan a una o m\u00e1s de esas cuentas de Instagram.<\/span><\/li>\n<li style=\"font-weight: 400\"><i><span style=\"font-weight: 400\">Publicidad:<\/span><\/i><span style=\"font-weight: 400\"> Alrededor de $160 d\u00f3lares en inversi\u00f3n publicitaria en Facebook e Instagram pagados en reales brasile\u00f1os.<\/span><\/li>\n<\/ul>\n<p><span style=\"font-weight: 400\">A continuaci\u00f3n, un ejemplo del contenido publicado por algunas de estas P\u00e1ginas y cuentas:<\/span><img data-recalc-dims=\"1\" loading=\"lazy\" decoding=\"async\" class=\"aligncenter wp-image-22388\" src=\"https:\/\/about.fb.com\/ltam\/wp-content\/uploads\/sites\/14\/2021\/01\/Captura-de-Pantalla-2021-01-12-a-las-13.43.35.png?resize=374%2C348\" alt=\"\" width=\"374\" height=\"348\" srcset=\"https:\/\/about.fb.com\/ltam\/wp-content\/uploads\/sites\/14\/2021\/01\/Captura-de-Pantalla-2021-01-12-a-las-13.43.35.png?w=748 748w, https:\/\/about.fb.com\/ltam\/wp-content\/uploads\/sites\/14\/2021\/01\/Captura-de-Pantalla-2021-01-12-a-las-13.43.35.png?w=430 430w, https:\/\/about.fb.com\/ltam\/wp-content\/uploads\/sites\/14\/2021\/01\/Captura-de-Pantalla-2021-01-12-a-las-13.43.35.png?w=300 300w, https:\/\/about.fb.com\/ltam\/wp-content\/uploads\/sites\/14\/2021\/01\/Captura-de-Pantalla-2021-01-12-a-las-13.43.35.png?w=645 645w\" sizes=\"auto, (max-width: 374px) 100vw, 374px\" \/><\/p>\n<p style=\"text-align: center\"><span style=\"color: #808080\">Traducci\u00f3n del texto: Salimos en primer lugar en medios \ud83d\udc4f. Basta de viejas mentiras, lleg\u00f3 el momento de #CambiaColombo55<\/span><\/p>\n<p><img data-recalc-dims=\"1\" loading=\"lazy\" decoding=\"async\" class=\"aligncenter wp-image-22389\" src=\"https:\/\/about.fb.com\/ltam\/wp-content\/uploads\/sites\/14\/2021\/01\/Captura-de-Pantalla-2021-01-12-a-las-13.43.43.png?resize=378%2C502\" alt=\"\" width=\"378\" height=\"502\" srcset=\"https:\/\/about.fb.com\/ltam\/wp-content\/uploads\/sites\/14\/2021\/01\/Captura-de-Pantalla-2021-01-12-a-las-13.43.43.png?w=756 756w, https:\/\/about.fb.com\/ltam\/wp-content\/uploads\/sites\/14\/2021\/01\/Captura-de-Pantalla-2021-01-12-a-las-13.43.43.png?w=301 301w, https:\/\/about.fb.com\/ltam\/wp-content\/uploads\/sites\/14\/2021\/01\/Captura-de-Pantalla-2021-01-12-a-las-13.43.43.png?w=226 226w, https:\/\/about.fb.com\/ltam\/wp-content\/uploads\/sites\/14\/2021\/01\/Captura-de-Pantalla-2021-01-12-a-las-13.43.43.png?w=452 452w\" sizes=\"auto, (max-width: 378px) 100vw, 378px\" \/><\/p>\n<p style=\"text-align: center\"><span style=\"color: #808080\">Traducci\u00f3n del texto: \u00a1Ven y participa en el desfile de autos por la victoria del candidato n\u00famero 15! No te lo pierdas y acomp\u00e1\u00f1anos en esta gran celebraci\u00f3n en defensa del Almirante Tamandar\u00e9. #Ag\u00e9ndalo #Sigue15 #AlmiranteTamandareHaciaAdelante<\/span><\/p>\n<p><img data-recalc-dims=\"1\" loading=\"lazy\" decoding=\"async\" class=\"aligncenter wp-image-22390\" src=\"https:\/\/about.fb.com\/ltam\/wp-content\/uploads\/sites\/14\/2021\/01\/Captura-de-Pantalla-2021-01-12-a-las-13.43.51.png?resize=375%2C319\" alt=\"\" width=\"375\" height=\"319\" srcset=\"https:\/\/about.fb.com\/ltam\/wp-content\/uploads\/sites\/14\/2021\/01\/Captura-de-Pantalla-2021-01-12-a-las-13.43.51.png?w=762 762w, https:\/\/about.fb.com\/ltam\/wp-content\/uploads\/sites\/14\/2021\/01\/Captura-de-Pantalla-2021-01-12-a-las-13.43.51.png?w=470 470w, https:\/\/about.fb.com\/ltam\/wp-content\/uploads\/sites\/14\/2021\/01\/Captura-de-Pantalla-2021-01-12-a-las-13.43.51.png?w=300 300w, https:\/\/about.fb.com\/ltam\/wp-content\/uploads\/sites\/14\/2021\/01\/Captura-de-Pantalla-2021-01-12-a-las-13.43.51.png?w=706 706w\" sizes=\"auto, (max-width: 375px) 100vw, 375px\" \/><\/p>\n<p style=\"text-align: center\"><span style=\"color: #808080\">Traducci\u00f3n del texto: Entrevista de Tamandar\u00e9 News con el precandidato a alcalde Gerson Colodel.\u00a0<\/span><\/p>\n<p><img data-recalc-dims=\"1\" loading=\"lazy\" decoding=\"async\" class=\"aligncenter wp-image-22391\" src=\"https:\/\/about.fb.com\/ltam\/wp-content\/uploads\/sites\/14\/2021\/01\/Captura-de-Pantalla-2021-01-12-a-las-13.44.14.png?resize=372%2C563\" alt=\"\" width=\"372\" height=\"563\" srcset=\"https:\/\/about.fb.com\/ltam\/wp-content\/uploads\/sites\/14\/2021\/01\/Captura-de-Pantalla-2021-01-12-a-las-13.44.14.png?w=752 752w, https:\/\/about.fb.com\/ltam\/wp-content\/uploads\/sites\/14\/2021\/01\/Captura-de-Pantalla-2021-01-12-a-las-13.44.14.png?w=264 264w, https:\/\/about.fb.com\/ltam\/wp-content\/uploads\/sites\/14\/2021\/01\/Captura-de-Pantalla-2021-01-12-a-las-13.44.14.png?w=198 198w, https:\/\/about.fb.com\/ltam\/wp-content\/uploads\/sites\/14\/2021\/01\/Captura-de-Pantalla-2021-01-12-a-las-13.44.14.png?w=675 675w, https:\/\/about.fb.com\/ltam\/wp-content\/uploads\/sites\/14\/2021\/01\/Captura-de-Pantalla-2021-01-12-a-las-13.44.14.png?w=712 712w, https:\/\/about.fb.com\/ltam\/wp-content\/uploads\/sites\/14\/2021\/01\/Captura-de-Pantalla-2021-01-12-a-las-13.44.14.png?w=396 396w\" sizes=\"auto, (max-width: 372px) 100vw, 372px\" \/><\/p>\n<p style=\"text-align: center\"><span style=\"color: #808080\">Traducci\u00f3n\u00a0<\/span><\/p>\n<p style=\"text-align: center\"><span style=\"color: #808080\">Texto en la imagen: \u00a1Helder confirma primer lugar! Encuesta registrada en la Corte Superior Electoral.<\/span><\/p>\n<p style=\"text-align: center\"><span style=\"color: #808080\">Texto: Estudio registrado en la Corte Superior Electoral confirma: Helder lidera con 55 en Colombo. Sali\u00f3 en medios \ud83d\udc49 Consulta el link.\u00a0<\/span><\/p>\n<p><b style=\"font-family: -apple-system, BlinkMacSystemFont, 'Segoe UI', Roboto, Oxygen-Sans, Ubuntu, Cantarell, 'Helvetica Neue', sans-serif\">3. Removimos 34 cuentas de Facebook y 18 cuentas de Instagram por violar nuestras pol\u00edticas contra el <\/b><a style=\"font-family: -apple-system, BlinkMacSystemFont, 'Segoe UI', Roboto, Oxygen-Sans, Ubuntu, Cantarell, 'Helvetica Neue', sans-serif\" href=\"https:\/\/newsroom.fb.com\/news\/2018\/12\/inside-feed-coordinated-inauthentic-behavior\/\"><b>comportamiento inaut\u00e9ntico coordinado<\/b><\/a><b style=\"font-family: -apple-system, BlinkMacSystemFont, 'Segoe UI', Roboto, Oxygen-Sans, Ubuntu, Cantarell, 'Helvetica Neue', sans-serif\">. Esta red ten\u00eda foco dom\u00e9stico, se origin\u00f3 en Brasil y casi no ten\u00eda seguidores cuando la removimos.\u00a0<\/b><\/p>\n<p><span style=\"font-weight: 400\">Esta red utilizaba cuentas falsas, algunas de las cuales ya hab\u00edan sido detectadas y removidas por nuestros sistemas automatizados, para hacerse pasar por habitantes del estado de Esp\u00edrito Santo, dar me gusta y comentar contenido relacionado con candidatos a las elecciones locales de 2020 en Brasil. Su objetivo era lograr que ese contenido pareciera m\u00e1s popular de lo que realmente era.\u00a0<\/span><\/p>\n<p><span style=\"font-weight: 400\">Esta actividad se enfocaba en tres municipios del estado de Esp\u00edrito Santo, Serra<\/span><span style=\"font-weight: 400\">, Vit\u00f3ria y Cariacica, y amplificaba las P\u00e1ginas y publicaciones relacionados con el candidato municipal de cada ciudad. En particular, las personas detr\u00e1s de esta campa\u00f1a compart\u00edan y comentaban en portugu\u00e9s las publicaciones sobre un candidato del Partido Democr\u00e1tico Laborista en Serra, un candidato del partido Cidadania en Vit\u00f3ria, y otro candidato del partido DEM en Cariacica.<\/span><\/p>\n<p><span style=\"font-weight: 400\">Encontramos esta red como parte de nuestra investigaci\u00f3n interna sobre posibles conductas inaut\u00e9nticas y coordinadas en la regi\u00f3n. Aunque las personas detr\u00e1s de esto intentaron ocultar sus identidades y coordinaci\u00f3n, nuestra investigaci\u00f3n encontr\u00f3 v\u00ednculos con <\/span><i><span style=\"font-weight: 400\">AP Exata Intelligence<\/span><\/i><span style=\"font-weight: 400\"> en <\/span><i><span style=\"font-weight: 400\">Digital Communications<\/span><\/i><span style=\"font-weight: 400\">, una firma de relaciones p\u00fablicas con oficinas en Bras\u00edlia, Vit\u00f3ria y Braga, Portugal.\u00a0<\/span><\/p>\n<ul>\n<li style=\"font-weight: 400\"><i><span style=\"font-weight: 400\">Presencia en Facebook e Instagram: <\/span><\/i><span style=\"font-weight: 400\">34 cuentas en Facebook y 18 cuentas en Instagram.<\/span><\/li>\n<li style=\"font-weight: 400\"><i><span style=\"font-weight: 400\">Seguidores: <\/span><\/i><span style=\"font-weight: 400\">Alrededor de 2.400 personas segu\u00edan una o m\u00e1s de esas cuentas en Instagram.<\/span><\/li>\n<li style=\"font-weight: 400\"><i><span style=\"font-weight: 400\">Publicidad:<\/span><\/i><span style=\"font-weight: 400\"> Alrededor de $11,500 d\u00f3lares en inversi\u00f3n publicitaria en Facebook e Instagram, pagados en reales brasile\u00f1os.<\/span><\/li>\n<\/ul>\n<p><span style=\"font-weight: 400\">A continuaci\u00f3n, un ejemplo del contenido publicado por algunas de estas P\u00e1ginas y cuentas:<\/span><\/p>\n<p><img data-recalc-dims=\"1\" loading=\"lazy\" decoding=\"async\" class=\"aligncenter wp-image-22392\" src=\"https:\/\/about.fb.com\/ltam\/wp-content\/uploads\/sites\/14\/2021\/01\/Captura-de-Pantalla-2021-01-12-a-las-13.45.45.png?resize=391%2C543\" alt=\"\" width=\"391\" height=\"543\" srcset=\"https:\/\/about.fb.com\/ltam\/wp-content\/uploads\/sites\/14\/2021\/01\/Captura-de-Pantalla-2021-01-12-a-las-13.45.45.png?w=748 748w, https:\/\/about.fb.com\/ltam\/wp-content\/uploads\/sites\/14\/2021\/01\/Captura-de-Pantalla-2021-01-12-a-las-13.45.45.png?w=288 288w, https:\/\/about.fb.com\/ltam\/wp-content\/uploads\/sites\/14\/2021\/01\/Captura-de-Pantalla-2021-01-12-a-las-13.45.45.png?w=216 216w, https:\/\/about.fb.com\/ltam\/wp-content\/uploads\/sites\/14\/2021\/01\/Captura-de-Pantalla-2021-01-12-a-las-13.45.45.png?w=738 738w, https:\/\/about.fb.com\/ltam\/wp-content\/uploads\/sites\/14\/2021\/01\/Captura-de-Pantalla-2021-01-12-a-las-13.45.45.png?w=432 432w\" sizes=\"auto, (max-width: 391px) 100vw, 391px\" \/><\/p>\n<p style=\"text-align: center\"><span style=\"color: #808080\">Traducci\u00f3n<\/span><\/p>\n<p style=\"text-align: center\"><span style=\"color: #808080\">Texto en la imagen: Ense\u00f1ar a emprender a los estudiantes de las escuelas p\u00fablicas municipales. El camino seguro para Serra. Alcalde Sergio Vidigal 12.<\/span><\/p>\n<p style=\"text-align: center\"><span style=\"color: #808080\">Texto: El futuro post-pandemia aumenta nuestra responsabilidad para crear oportunidades para los j\u00f3venes. Al ense\u00f1ar sobre emprendimiento en escuelas p\u00fablicas municipales, abrimos un nuevo mundo para nuestros estudiantes y les ense\u00f1amos que existen dificultades, pero pueden ser nuestras plataformas para el futuro.\u00a0<\/span><\/p>\n<p><img data-recalc-dims=\"1\" loading=\"lazy\" decoding=\"async\" class=\"aligncenter wp-image-22393\" src=\"https:\/\/about.fb.com\/ltam\/wp-content\/uploads\/sites\/14\/2021\/01\/Captura-de-Pantalla-2021-01-12-a-las-13.45.51.png?resize=392%2C420\" alt=\"\" width=\"392\" height=\"420\" srcset=\"https:\/\/about.fb.com\/ltam\/wp-content\/uploads\/sites\/14\/2021\/01\/Captura-de-Pantalla-2021-01-12-a-las-13.45.51.png?w=752 752w, https:\/\/about.fb.com\/ltam\/wp-content\/uploads\/sites\/14\/2021\/01\/Captura-de-Pantalla-2021-01-12-a-las-13.45.51.png?w=373 373w, https:\/\/about.fb.com\/ltam\/wp-content\/uploads\/sites\/14\/2021\/01\/Captura-de-Pantalla-2021-01-12-a-las-13.45.51.png?w=280 280w, https:\/\/about.fb.com\/ltam\/wp-content\/uploads\/sites\/14\/2021\/01\/Captura-de-Pantalla-2021-01-12-a-las-13.45.51.png?w=560 560w\" sizes=\"auto, (max-width: 392px) 100vw, 392px\" \/><\/p>\n<p style=\"text-align: center\"><span style=\"color: #808080\">Traducci\u00f3n<\/span><\/p>\n<p style=\"text-align: center\"><span style=\"color: #808080\">Texto en la imagen: Cariacica es 25 en la segunda ronda electoral.<\/span><\/p>\n<p style=\"text-align: center\"><span style=\"color: #808080\">Texto: La esperanza de mejores d\u00edas para Cariacica ser\u00e1 una realidad. Es 25.<\/span><\/p>\n<p><img data-recalc-dims=\"1\" loading=\"lazy\" decoding=\"async\" class=\"aligncenter wp-image-22394\" src=\"https:\/\/about.fb.com\/ltam\/wp-content\/uploads\/sites\/14\/2021\/01\/Captura-de-Pantalla-2021-01-12-a-las-13.45.59.png?resize=391%2C545\" alt=\"\" width=\"391\" height=\"545\" srcset=\"https:\/\/about.fb.com\/ltam\/wp-content\/uploads\/sites\/14\/2021\/01\/Captura-de-Pantalla-2021-01-12-a-las-13.45.59.png?w=746 746w, https:\/\/about.fb.com\/ltam\/wp-content\/uploads\/sites\/14\/2021\/01\/Captura-de-Pantalla-2021-01-12-a-las-13.45.59.png?w=286 286w, https:\/\/about.fb.com\/ltam\/wp-content\/uploads\/sites\/14\/2021\/01\/Captura-de-Pantalla-2021-01-12-a-las-13.45.59.png?w=215 215w, https:\/\/about.fb.com\/ltam\/wp-content\/uploads\/sites\/14\/2021\/01\/Captura-de-Pantalla-2021-01-12-a-las-13.45.59.png?w=733 733w, https:\/\/about.fb.com\/ltam\/wp-content\/uploads\/sites\/14\/2021\/01\/Captura-de-Pantalla-2021-01-12-a-las-13.45.59.png?w=430 430w\" sizes=\"auto, (max-width: 391px) 100vw, 391px\" \/><\/p>\n<p style=\"text-align: center\"><span style=\"color: #808080\">Traducci\u00f3n<\/span><\/p>\n<p style=\"text-align: center\"><span style=\"color: #808080\">Texto en la imagen: Platica con Gandini. 26 de octubre a las 19h10. Diario TV Vit\u00f3ria. Gandini 23.\u00a0<\/span><\/p>\n<p style=\"text-align: center\"><span style=\"color: #808080\">Texto: No te pierdas TV Vit\u00f3ria. Sigue\u00a0 mi entrevista en vivo con la periodista Andressa Missio y Luana Damasceno, hoy a partir de las 7:10pm. La entrevista estar\u00e1 disponible despu\u00e9s en el sitio web del peri\u00f3dico Folha Vit\u00f3ria.\u00a0<\/span><\/p>\n<p><img data-recalc-dims=\"1\" loading=\"lazy\" decoding=\"async\" class=\"aligncenter wp-image-22395\" src=\"https:\/\/about.fb.com\/ltam\/wp-content\/uploads\/sites\/14\/2021\/01\/Captura-de-Pantalla-2021-01-12-a-las-13.46.06.png?resize=390%2C537\" alt=\"\" width=\"390\" height=\"537\" srcset=\"https:\/\/about.fb.com\/ltam\/wp-content\/uploads\/sites\/14\/2021\/01\/Captura-de-Pantalla-2021-01-12-a-las-13.46.06.png?w=744 744w, https:\/\/about.fb.com\/ltam\/wp-content\/uploads\/sites\/14\/2021\/01\/Captura-de-Pantalla-2021-01-12-a-las-13.46.06.png?w=290 290w, https:\/\/about.fb.com\/ltam\/wp-content\/uploads\/sites\/14\/2021\/01\/Captura-de-Pantalla-2021-01-12-a-las-13.46.06.png?w=218 218w, https:\/\/about.fb.com\/ltam\/wp-content\/uploads\/sites\/14\/2021\/01\/Captura-de-Pantalla-2021-01-12-a-las-13.46.06.png?w=743 743w, https:\/\/about.fb.com\/ltam\/wp-content\/uploads\/sites\/14\/2021\/01\/Captura-de-Pantalla-2021-01-12-a-las-13.46.06.png?w=435 435w\" sizes=\"auto, (max-width: 390px) 100vw, 390px\" \/><\/p>\n<p style=\"text-align: center\"><span style=\"color: #808080\">Traducci\u00f3n<\/span><\/p>\n<p style=\"text-align: center\"><span style=\"color: #808080\">Texto en la imagen: Estudio de Ibope confirma que Sergio Vidigal ocupa el primer lugar. El camino seguro para Serra. Sergio Vidigal 12.\u00a0<\/span><\/p>\n<p style=\"text-align: center\"><span style=\"color: #808080\">Texto: Gracias, Serra, por el liderazgo en el estudio de Ibope. A\u00fan falta mucho para la elecci\u00f3n y cuento con el apoyo de todos ustedes. Haremos que este 46% crezca a\u00fan m\u00e1s.\u00a0<\/span><\/p>\n","protected":false},"excerpt":{"rendered":"En diciembre, removimos 17 redes de cuentas, P\u00e1ginas y Grupos a nivel global, incluyendo dos con actividad en Brasil y una en Argentina. En todos los casos, las personas que estaban detr\u00e1s de esta actividad se coordinaban y usaban cuentas falsas como parte central de sus operaciones para enga\u00f1ar a las personas acerca de su identidad y de sus acciones. Nuestras investigaciones, y la posterior remoci\u00f3n de estas operaciones, est\u00e1n basadas en ese tipo de comportamiento y no en el contenido que publican, sin importar qui\u00e9n las desarrolla, quien las gestiona, o si son de origen local o extranjero.\u00a0 Durante los \u00faltimos tres a\u00f1os, hemos compartido nuestros descubrimientos sobre m\u00e1s de 100 redes de comportamiento inaut\u00e9ntico coordinado que detectamos y removimos de nuestras plataformas. Constantemente, trabajamos para detectar y frenar campa\u00f1as coordinadas que buscan manipular el debate p\u00fablico en nuestras aplicaciones. Puedes encontrar m\u00e1s informaci\u00f3n sobre nuestros esfuerzos previos aqu\u00ed. \u00bfQu\u00e9 es Comportamiento Inaut\u00e9ntico Coordinado (CIB)?\u00a0 Vemos CIB como esfuerzos coordinados para manipular el debate p\u00fablico y lograr un objetivo estrat\u00e9gico, en donde las cuentas falsas son parte central de la operaci\u00f3n. Hay dos tipos de actividades que buscamos detener: 1) comportamiento inaut\u00e9ntico coordinado en el contexto de campa\u00f1as locales y no gubernamentales, y 2) comportamiento inaut\u00e9ntico coordinado a nombre de un actor extranjero o gubernamental. Comportamiento Inaut\u00e9ntico Coordinado (CIB): Cuando detectamos campa\u00f1as locales no gubernamentales que involucran grupos de cuentas o P\u00e1ginas buscando enga\u00f1ar a la gente acerca de qui\u00e9nes son y qu\u00e9 hacen usando cuentas falsas, removemos tanto las cuentas inaut\u00e9nticas como las aut\u00e9nticas, as\u00ed como P\u00e1ginas y Grupos involucrados directamente en esta actividad. Interferencia extranjera o gubernamental (FGI): Si detectamos alguna instancia de CIB operada a nombre de una entidad gubernamental o por un actor extranjero, aplicamos las medidas m\u00e1s extensas incluyendo la remoci\u00f3n de cualquier propiedad en nuestras plataformas relacionada con la operaci\u00f3n misma y con las personas y organizaciones detr\u00e1s de esta.\u00a0 Aplicaci\u00f3n continua de nuestras pol\u00edticas Supervisamos los esfuerzos que hacen las redes que hemos eliminado anteriormente por restablecer su presencia en Facebook. Mediante la detecci\u00f3n autom\u00e1tica y manual, continuamente removemos cuentas y P\u00e1ginas conectadas a redes que eliminamos en el pasado. Detalles de las redes removidas en diciembre del 2020:\u00a0 Argentina 1. Removimos 663 cuentas de Facebook y 388 de Instagram por comportamiento inaut\u00e9ntico coordinado. Esta red se origin\u00f3 en Argentina y se enfoc\u00f3 en audiencias dom\u00e9sticas.\u00a0 Las personas detr\u00e1s de esta actividad utilizaban cuentas falsas, algunas de las cuales ya hab\u00edan sido detectadas y removidas por nuestros sistemas automatizados, para crear elaborados perfiles ficticios a trav\u00e9s de fotos generadas por inteligencia artificial. Estos perfiles publicaban, daban me gusta y comentaban contenido para hacerlo parecer m\u00e1s popular de lo que realmente era. La red publicaba en espa\u00f1ol y su objetivo era amplificar de forma inaut\u00e9ntica publicaciones y noticias relacionadas con Sergio Berni, Ministro de Seguridad de la provincia de Buenos Aires. Estas cuentas daban me gusta y compart\u00edan las mismas publicaciones de la P\u00e1gina oficial del funcionario. Adem\u00e1s, realizaban posteos sobre hobbies, animales y cocina para parecer m\u00e1s aut\u00e9nticas.\u00a0\u00a0 Encontramos esta red luego de analizar informaci\u00f3n sobre una peque\u00f1a parte de esta actividad compartida p\u00fablicamente por un investigador de c\u00f3digo abierto. Nuestra investigaci\u00f3n tambi\u00e9n se benefici\u00f3 de los hallazgos que FireEye, una compa\u00f1\u00eda de ciberseguridad, comparti\u00f3 con nosotros.\u00a0 Presencia en Facebook e Instagram: 663 cuentas en Facebook y 388 en Instagram. Seguidores: Alrededor de 10.000 cuentas segu\u00edan a una o m\u00e1s de esas cuentas de Instagram. A continuaci\u00f3n, un ejemplo del contenido publicado por algunas de estas P\u00e1ginas y cuentas: 2. Removimos 25 cuentas de Facebook, tres P\u00e1ginas y 10 cuentas de Instagram por violar nuestras pol\u00edticas contra el comportamiento inaut\u00e9ntico coordinado. Esta red ten\u00eda foco dom\u00e9stico y se origin\u00f3 en el estado de Paran\u00e1 en Brasil. La red casi no ten\u00eda seguidores cuando la removimos.\u00a0 Encontramos dos clusters que utilizaban cuentas falsas, algunas de las cuales ya hab\u00edan sido detectadas y removidas por nuestros sistemas automatizados, para publicar y comentar contenido, y para administrar P\u00e1ginas. Una de esas P\u00e1ginas publicaba como una entidad period\u00edstica independiente. Estas redes se enfocaron en dos municipios del estado de Paran\u00e1, Almirante Tamandar\u00e9 y Colombo, y en las elecciones regionales de 2020. La mayor\u00eda de los me gusta y comentarios en las P\u00e1ginas de estas redes pertenec\u00edan a sus propias cuentas. Las personas detr\u00e1s de esta campa\u00f1a publicaban contenido en portugu\u00e9s sobre las elecciones municipales. Tambi\u00e9n compart\u00edan comentarios en apoyo del actual alcalde de Almirante Tamandar\u00e9 y del candidato municipal asociado al partido PSD en Colombo, adem\u00e1s de cr\u00edticas hacia los opositores de esos candidatos. Encontramos esta red como parte de nuestra investigaci\u00f3n interna sobre posibles conductas inaut\u00e9nticas y coordinadas en la regi\u00f3n. Aunque las personas detr\u00e1s de esto intentaron ocultar sus identidades y coordinaci\u00f3n, nuestra investigaci\u00f3n encontr\u00f3 v\u00ednculos con Continental, una agencia de relaciones p\u00fablicas con sede en Curitiba, y otras personas en el estado de Paran\u00e1. Presencia en Facebook e Instagram: 25 cuentas en Facebook, 3 P\u00e1ginas, 10 cuentas en Instagram. Seguidores: Alrededor de 1.600 cuentas segu\u00edan a una o m\u00e1s de esas P\u00e1ginas, y alrededor de 2.300 personas segu\u00edan a una o m\u00e1s de esas cuentas de Instagram. Publicidad: Alrededor de $160 d\u00f3lares en inversi\u00f3n publicitaria en Facebook e Instagram pagados en reales brasile\u00f1os. A continuaci\u00f3n, un ejemplo del contenido publicado por algunas de estas P\u00e1ginas y cuentas: Traducci\u00f3n del texto: Salimos en primer lugar en medios \ud83d\udc4f. Basta de viejas mentiras, lleg\u00f3 el momento de #CambiaColombo55 Traducci\u00f3n del texto: \u00a1Ven y participa en el desfile de autos por la victoria del candidato n\u00famero 15! No te lo pierdas y acomp\u00e1\u00f1anos en esta gran celebraci\u00f3n en defensa del Almirante Tamandar\u00e9. #Ag\u00e9ndalo #Sigue15 #AlmiranteTamandareHaciaAdelante Traducci\u00f3n del texto: Entrevista de Tamandar\u00e9 News con el precandidato a alcalde Gerson Colodel.\u00a0 Traducci\u00f3n\u00a0 Texto en la imagen: \u00a1Helder confirma primer lugar! Encuesta registrada en la Corte Superior Electoral. Texto: Estudio registrado en la Corte Superior Electoral confirma: Helder lidera con 55 en Colombo. Sali\u00f3 en medios \ud83d\udc49 Consulta el link.\u00a0 3. Removimos 34 cuentas de Facebook y 18 cuentas de Instagram por violar nuestras pol\u00edticas contra el comportamiento inaut\u00e9ntico coordinado. Esta red ten\u00eda foco dom\u00e9stico, se origin\u00f3 en Brasil y casi no ten\u00eda seguidores cuando la removimos.\u00a0 Esta red utilizaba cuentas falsas, algunas de las cuales ya hab\u00edan sido detectadas y removidas por nuestros sistemas automatizados, para hacerse pasar por habitantes del estado de Esp\u00edrito Santo, dar me gusta y comentar contenido relacionado con candidatos a las elecciones locales de 2020 en Brasil. Su objetivo era lograr que ese contenido pareciera m\u00e1s popular de lo que realmente era.\u00a0 Esta actividad se enfocaba en tres municipios del estado de Esp\u00edrito Santo, Serra, Vit\u00f3ria y Cariacica, y amplificaba las P\u00e1ginas y publicaciones relacionados con el candidato municipal de cada ciudad. En particular, las personas detr\u00e1s de esta campa\u00f1a compart\u00edan y comentaban en portugu\u00e9s las publicaciones sobre un candidato del Partido Democr\u00e1tico Laborista en Serra, un candidato del partido Cidadania en Vit\u00f3ria, y otro candidato del partido DEM en Cariacica. Encontramos esta red como parte de nuestra investigaci\u00f3n interna sobre posibles conductas inaut\u00e9nticas y coordinadas en la regi\u00f3n. Aunque las personas detr\u00e1s de esto intentaron ocultar sus identidades y coordinaci\u00f3n, nuestra investigaci\u00f3n encontr\u00f3 v\u00ednculos con AP Exata Intelligence en Digital Communications, una firma de relaciones p\u00fablicas con oficinas en Bras\u00edlia, Vit\u00f3ria y Braga, Portugal.\u00a0 Presencia en Facebook e Instagram: 34 cuentas en Facebook y 18 cuentas en Instagram. Seguidores: Alrededor de 2.400 personas segu\u00edan una o m\u00e1s de esas cuentas en Instagram. Publicidad: Alrededor de $11,500 d\u00f3lares en inversi\u00f3n publicitaria en Facebook e Instagram, pagados en reales brasile\u00f1os. A continuaci\u00f3n, un ejemplo del contenido publicado por algunas de estas P\u00e1ginas y cuentas: Traducci\u00f3n Texto en la imagen: Ense\u00f1ar a emprender a los estudiantes de las escuelas p\u00fablicas municipales. El camino seguro para Serra. Alcalde Sergio Vidigal 12. Texto: El futuro post-pandemia aumenta nuestra responsabilidad para crear oportunidades para los j\u00f3venes. Al ense\u00f1ar sobre emprendimiento en escuelas p\u00fablicas municipales, abrimos un nuevo mundo para nuestros estudiantes y les ense\u00f1amos que existen dificultades, pero pueden ser nuestras plataformas para el futuro.\u00a0 Traducci\u00f3n Texto en la imagen: Cariacica es 25 en la segunda ronda electoral. Texto: La esperanza de mejores d\u00edas para Cariacica ser\u00e1 una realidad. Es 25. Traducci\u00f3n Texto en la imagen: Platica con Gandini. 26 de octubre a las 19h10. Diario TV Vit\u00f3ria. Gandini 23.\u00a0 Texto: No te pierdas TV Vit\u00f3ria. Sigue\u00a0 mi entrevista en vivo con la periodista Andressa Missio y Luana Damasceno, hoy a partir de las 7:10pm. La entrevista estar\u00e1 disponible despu\u00e9s en el sitio web del peri\u00f3dico Folha Vit\u00f3ria.\u00a0 Traducci\u00f3n Texto en la imagen: Estudio de Ibope confirma que Sergio Vidigal ocupa el primer lugar. El camino seguro para Serra. Sergio Vidigal 12.\u00a0 Texto: Gracias, Serra, por el liderazgo en el estudio de Ibope. A\u00fan falta mucho para la elecci\u00f3n y cuento con el apoyo de todos ustedes. Haremos que este 46% crezca a\u00fan m\u00e1s.\u00a0","protected":false},"author":164097140,"featured_media":22397,"comment_status":"closed","ping_status":"closed","sticky":false,"template":"","format":"standard","meta":{"_jetpack_memberships_contains_paid_content":false,"footnotes":""},"categories":[243947987,243948037,243947992],"tags":[243948114],"class_list":["post-22382","post","type-post","status-publish","format-standard","has-post-thumbnail","hentry","category-integridad-y-seguridad","category-meta","category-politica-publica","tag-comportamiento-inautentico-coordinado"],"yoast_head":"<!-- This site is optimized with the Yoast SEO plugin v27.2 - https:\/\/yoast.com\/product\/yoast-seo-wordpress\/ -->\n<title>Informe de Comportamiento Inaut\u00e9ntico Coordinado de Am\u00e9rica Latina - Diciembre de 2020 | Acerca de Meta<\/title>\n<meta name=\"robots\" content=\"index, follow, max-snippet:-1, max-image-preview:large, max-video-preview:-1\" \/>\n<link rel=\"canonical\" href=\"https:\/\/about.fb.com\/ltam\/news\/2021\/01\/informe-de-comportamiento-inautentico-coordinado-de-america-latina-diciembre-de-2020\/\" \/>\n<meta property=\"og:locale\" content=\"es_ES\" \/>\n<meta property=\"og:type\" content=\"article\" \/>\n<meta property=\"og:title\" content=\"Informe de Comportamiento Inaut\u00e9ntico Coordinado de Am\u00e9rica Latina - Diciembre de 2020 | Acerca de Meta\" \/>\n<meta property=\"og:description\" content=\"En diciembre, removimos 17 redes de cuentas, P\u00e1ginas y Grupos a nivel global, incluyendo dos con actividad en Brasil y una en Argentina. En todos los casos, las personas que estaban detr\u00e1s de esta actividad se coordinaban y usaban cuentas falsas como parte central de sus operaciones para enga\u00f1ar a las personas acerca de su identidad y de sus acciones. Nuestras investigaciones, y la posterior remoci\u00f3n de estas operaciones, est\u00e1n basadas en ese tipo de comportamiento y no en el contenido que publican, sin importar qui\u00e9n las desarrolla, quien las gestiona, o si son de origen local o extranjero.\u00a0 Durante los \u00faltimos tres a\u00f1os, hemos compartido nuestros descubrimientos sobre m\u00e1s de 100 redes de comportamiento inaut\u00e9ntico coordinado que detectamos y removimos de nuestras plataformas. Constantemente, trabajamos para detectar y frenar campa\u00f1as coordinadas que buscan manipular el debate p\u00fablico en nuestras aplicaciones. Puedes encontrar m\u00e1s informaci\u00f3n sobre nuestros esfuerzos previos aqu\u00ed. \u00bfQu\u00e9 es Comportamiento Inaut\u00e9ntico Coordinado (CIB)?\u00a0 Vemos CIB como esfuerzos coordinados para manipular el debate p\u00fablico y lograr un objetivo estrat\u00e9gico, en donde las cuentas falsas son parte central de la operaci\u00f3n. Hay dos tipos de actividades que buscamos detener: 1) comportamiento inaut\u00e9ntico coordinado en el contexto de campa\u00f1as locales y no gubernamentales, y 2) comportamiento inaut\u00e9ntico coordinado a nombre de un actor extranjero o gubernamental. Comportamiento Inaut\u00e9ntico Coordinado (CIB): Cuando detectamos campa\u00f1as locales no gubernamentales que involucran grupos de cuentas o P\u00e1ginas buscando enga\u00f1ar a la gente acerca de qui\u00e9nes son y qu\u00e9 hacen usando cuentas falsas, removemos tanto las cuentas inaut\u00e9nticas como las aut\u00e9nticas, as\u00ed como P\u00e1ginas y Grupos involucrados directamente en esta actividad. Interferencia extranjera o gubernamental (FGI): Si detectamos alguna instancia de CIB operada a nombre de una entidad gubernamental o por un actor extranjero, aplicamos las medidas m\u00e1s extensas incluyendo la remoci\u00f3n de cualquier propiedad en nuestras plataformas relacionada con la operaci\u00f3n misma y con las personas y organizaciones detr\u00e1s de esta.\u00a0 Aplicaci\u00f3n continua de nuestras pol\u00edticas Supervisamos los esfuerzos que hacen las redes que hemos eliminado anteriormente por restablecer su presencia en Facebook. Mediante la detecci\u00f3n autom\u00e1tica y manual, continuamente removemos cuentas y P\u00e1ginas conectadas a redes que eliminamos en el pasado. Detalles de las redes removidas en diciembre del 2020:\u00a0 Argentina 1. Removimos 663 cuentas de Facebook y 388 de Instagram por comportamiento inaut\u00e9ntico coordinado. Esta red se origin\u00f3 en Argentina y se enfoc\u00f3 en audiencias dom\u00e9sticas.\u00a0 Las personas detr\u00e1s de esta actividad utilizaban cuentas falsas, algunas de las cuales ya hab\u00edan sido detectadas y removidas por nuestros sistemas automatizados, para crear elaborados perfiles ficticios a trav\u00e9s de fotos generadas por inteligencia artificial. Estos perfiles publicaban, daban me gusta y comentaban contenido para hacerlo parecer m\u00e1s popular de lo que realmente era. La red publicaba en espa\u00f1ol y su objetivo era amplificar de forma inaut\u00e9ntica publicaciones y noticias relacionadas con Sergio Berni, Ministro de Seguridad de la provincia de Buenos Aires. Estas cuentas daban me gusta y compart\u00edan las mismas publicaciones de la P\u00e1gina oficial del funcionario. Adem\u00e1s, realizaban posteos sobre hobbies, animales y cocina para parecer m\u00e1s aut\u00e9nticas.\u00a0\u00a0 Encontramos esta red luego de analizar informaci\u00f3n sobre una peque\u00f1a parte de esta actividad compartida p\u00fablicamente por un investigador de c\u00f3digo abierto. Nuestra investigaci\u00f3n tambi\u00e9n se benefici\u00f3 de los hallazgos que FireEye, una compa\u00f1\u00eda de ciberseguridad, comparti\u00f3 con nosotros.\u00a0 Presencia en Facebook e Instagram: 663 cuentas en Facebook y 388 en Instagram. Seguidores: Alrededor de 10.000 cuentas segu\u00edan a una o m\u00e1s de esas cuentas de Instagram. A continuaci\u00f3n, un ejemplo del contenido publicado por algunas de estas P\u00e1ginas y cuentas: 2. Removimos 25 cuentas de Facebook, tres P\u00e1ginas y 10 cuentas de Instagram por violar nuestras pol\u00edticas contra el comportamiento inaut\u00e9ntico coordinado. Esta red ten\u00eda foco dom\u00e9stico y se origin\u00f3 en el estado de Paran\u00e1 en Brasil. La red casi no ten\u00eda seguidores cuando la removimos.\u00a0 Encontramos dos clusters que utilizaban cuentas falsas, algunas de las cuales ya hab\u00edan sido detectadas y removidas por nuestros sistemas automatizados, para publicar y comentar contenido, y para administrar P\u00e1ginas. Una de esas P\u00e1ginas publicaba como una entidad period\u00edstica independiente. Estas redes se enfocaron en dos municipios del estado de Paran\u00e1, Almirante Tamandar\u00e9 y Colombo, y en las elecciones regionales de 2020. La mayor\u00eda de los me gusta y comentarios en las P\u00e1ginas de estas redes pertenec\u00edan a sus propias cuentas. Las personas detr\u00e1s de esta campa\u00f1a publicaban contenido en portugu\u00e9s sobre las elecciones municipales. Tambi\u00e9n compart\u00edan comentarios en apoyo del actual alcalde de Almirante Tamandar\u00e9 y del candidato municipal asociado al partido PSD en Colombo, adem\u00e1s de cr\u00edticas hacia los opositores de esos candidatos. Encontramos esta red como parte de nuestra investigaci\u00f3n interna sobre posibles conductas inaut\u00e9nticas y coordinadas en la regi\u00f3n. Aunque las personas detr\u00e1s de esto intentaron ocultar sus identidades y coordinaci\u00f3n, nuestra investigaci\u00f3n encontr\u00f3 v\u00ednculos con Continental, una agencia de relaciones p\u00fablicas con sede en Curitiba, y otras personas en el estado de Paran\u00e1. Presencia en Facebook e Instagram: 25 cuentas en Facebook, 3 P\u00e1ginas, 10 cuentas en Instagram. Seguidores: Alrededor de 1.600 cuentas segu\u00edan a una o m\u00e1s de esas P\u00e1ginas, y alrededor de 2.300 personas segu\u00edan a una o m\u00e1s de esas cuentas de Instagram. Publicidad: Alrededor de $160 d\u00f3lares en inversi\u00f3n publicitaria en Facebook e Instagram pagados en reales brasile\u00f1os. A continuaci\u00f3n, un ejemplo del contenido publicado por algunas de estas P\u00e1ginas y cuentas: Traducci\u00f3n del texto: Salimos en primer lugar en medios \ud83d\udc4f. Basta de viejas mentiras, lleg\u00f3 el momento de #CambiaColombo55 Traducci\u00f3n del texto: \u00a1Ven y participa en el desfile de autos por la victoria del candidato n\u00famero 15! No te lo pierdas y acomp\u00e1\u00f1anos en esta gran celebraci\u00f3n en defensa del Almirante Tamandar\u00e9. #Ag\u00e9ndalo #Sigue15 #AlmiranteTamandareHaciaAdelante Traducci\u00f3n del texto: Entrevista de Tamandar\u00e9 News con el precandidato a alcalde Gerson Colodel.\u00a0 Traducci\u00f3n\u00a0 Texto en la imagen: \u00a1Helder confirma primer lugar! Encuesta registrada en la Corte Superior Electoral. Texto: Estudio registrado en la Corte Superior Electoral confirma: Helder lidera con 55 en Colombo. Sali\u00f3 en medios \ud83d\udc49 Consulta el link.\u00a0 3. Removimos 34 cuentas de Facebook y 18 cuentas de Instagram por violar nuestras pol\u00edticas contra el comportamiento inaut\u00e9ntico coordinado. Esta red ten\u00eda foco dom\u00e9stico, se origin\u00f3 en Brasil y casi no ten\u00eda seguidores cuando la removimos.\u00a0 Esta red utilizaba cuentas falsas, algunas de las cuales ya hab\u00edan sido detectadas y removidas por nuestros sistemas automatizados, para hacerse pasar por habitantes del estado de Esp\u00edrito Santo, dar me gusta y comentar contenido relacionado con candidatos a las elecciones locales de 2020 en Brasil. Su objetivo era lograr que ese contenido pareciera m\u00e1s popular de lo que realmente era.\u00a0 Esta actividad se enfocaba en tres municipios del estado de Esp\u00edrito Santo, Serra, Vit\u00f3ria y Cariacica, y amplificaba las P\u00e1ginas y publicaciones relacionados con el candidato municipal de cada ciudad. En particular, las personas detr\u00e1s de esta campa\u00f1a compart\u00edan y comentaban en portugu\u00e9s las publicaciones sobre un candidato del Partido Democr\u00e1tico Laborista en Serra, un candidato del partido Cidadania en Vit\u00f3ria, y otro candidato del partido DEM en Cariacica. Encontramos esta red como parte de nuestra investigaci\u00f3n interna sobre posibles conductas inaut\u00e9nticas y coordinadas en la regi\u00f3n. Aunque las personas detr\u00e1s de esto intentaron ocultar sus identidades y coordinaci\u00f3n, nuestra investigaci\u00f3n encontr\u00f3 v\u00ednculos con AP Exata Intelligence en Digital Communications, una firma de relaciones p\u00fablicas con oficinas en Bras\u00edlia, Vit\u00f3ria y Braga, Portugal.\u00a0 Presencia en Facebook e Instagram: 34 cuentas en Facebook y 18 cuentas en Instagram. Seguidores: Alrededor de 2.400 personas segu\u00edan una o m\u00e1s de esas cuentas en Instagram. Publicidad: Alrededor de $11,500 d\u00f3lares en inversi\u00f3n publicitaria en Facebook e Instagram, pagados en reales brasile\u00f1os. A continuaci\u00f3n, un ejemplo del contenido publicado por algunas de estas P\u00e1ginas y cuentas: Traducci\u00f3n Texto en la imagen: Ense\u00f1ar a emprender a los estudiantes de las escuelas p\u00fablicas municipales. El camino seguro para Serra. Alcalde Sergio Vidigal 12. Texto: El futuro post-pandemia aumenta nuestra responsabilidad para crear oportunidades para los j\u00f3venes. Al ense\u00f1ar sobre emprendimiento en escuelas p\u00fablicas municipales, abrimos un nuevo mundo para nuestros estudiantes y les ense\u00f1amos que existen dificultades, pero pueden ser nuestras plataformas para el futuro.\u00a0 Traducci\u00f3n Texto en la imagen: Cariacica es 25 en la segunda ronda electoral. Texto: La esperanza de mejores d\u00edas para Cariacica ser\u00e1 una realidad. Es 25. Traducci\u00f3n Texto en la imagen: Platica con Gandini. 26 de octubre a las 19h10. Diario TV Vit\u00f3ria. Gandini 23.\u00a0 Texto: No te pierdas TV Vit\u00f3ria. Sigue\u00a0 mi entrevista en vivo con la periodista Andressa Missio y Luana Damasceno, hoy a partir de las 7:10pm. La entrevista estar\u00e1 disponible despu\u00e9s en el sitio web del peri\u00f3dico Folha Vit\u00f3ria.\u00a0 Traducci\u00f3n Texto en la imagen: Estudio de Ibope confirma que Sergio Vidigal ocupa el primer lugar. El camino seguro para Serra. Sergio Vidigal 12.\u00a0 Texto: Gracias, Serra, por el liderazgo en el estudio de Ibope. A\u00fan falta mucho para la elecci\u00f3n y cuento con el apoyo de todos ustedes. Haremos que este 46% crezca a\u00fan m\u00e1s.\u00a0\" \/>\n<meta property=\"og:url\" content=\"https:\/\/about.fb.com\/ltam\/news\/2021\/01\/informe-de-comportamiento-inautentico-coordinado-de-america-latina-diciembre-de-2020\/\" \/>\n<meta property=\"og:site_name\" content=\"Acerca de Meta\" \/>\n<meta property=\"article:published_time\" content=\"2021-01-12T19:48:30+00:00\" \/>\n<meta property=\"article:modified_time\" content=\"2021-09-30T15:50:34+00:00\" \/>\n<meta property=\"og:image\" content=\"https:\/\/about.fb.com\/ltam\/wp-content\/uploads\/sites\/14\/2021\/01\/Monthly-CIB.png?resize=1024,768\" \/>\n\t<meta property=\"og:image:width\" content=\"1024\" \/>\n\t<meta property=\"og:image:height\" content=\"768\" \/>\n\t<meta property=\"og:image:type\" content=\"image\/png\" \/>\n<meta name=\"author\" content=\"eortiz\" \/>\n<meta name=\"twitter:card\" content=\"summary_large_image\" \/>\n<meta name=\"twitter:label1\" content=\"Written by\" \/>\n\t<meta name=\"twitter:data1\" content=\"Meta\" \/>\n\t<meta name=\"twitter:label2\" content=\"Est. reading time\" \/>\n\t<meta name=\"twitter:data2\" content=\"8 minutos\" \/>\n<script type=\"application\/ld+json\" class=\"yoast-schema-graph\">{\"@context\":\"https:\/\/schema.org\",\"@graph\":[{\"@type\":\"Article\",\"@id\":\"https:\/\/about.fb.com\/ltam\/news\/2021\/01\/informe-de-comportamiento-inautentico-coordinado-de-america-latina-diciembre-de-2020\/#article\",\"isPartOf\":{\"@id\":\"https:\/\/about.fb.com\/ltam\/news\/2021\/01\/informe-de-comportamiento-inautentico-coordinado-de-america-latina-diciembre-de-2020\/\"},\"author\":\"Facebook company\",\"headline\":\"Informe de Comportamiento Inaut\u00e9ntico Coordinado de Am\u00e9rica Latina &#8211; Diciembre de 2020\",\"datePublished\":\"2021-01-12T19:48:30+00:00\",\"dateModified\":\"2021-09-30T15:50:34+00:00\",\"mainEntityOfPage\":{\"@id\":\"https:\/\/about.fb.com\/ltam\/news\/2021\/01\/informe-de-comportamiento-inautentico-coordinado-de-america-latina-diciembre-de-2020\/\"},\"wordCount\":1611,\"publisher\":{\"@id\":\"https:\/\/about.fb.com\/ltam\/#organization\"},\"image\":{\"@id\":\"https:\/\/about.fb.com\/ltam\/news\/2021\/01\/informe-de-comportamiento-inautentico-coordinado-de-america-latina-diciembre-de-2020\/#primaryimage\"},\"thumbnailUrl\":\"https:\/\/about.fb.com\/ltam\/wp-content\/uploads\/sites\/14\/2021\/01\/Monthly-CIB.png?fit=2200%2C1651\",\"keywords\":[\"Comportamiento Inaut\u00e9ntico Coordinado\"],\"articleSection\":[\"Integridad &amp; Seguridad\",\"Meta\",\"Pol\u00edtica P\u00fablica\"],\"inLanguage\":\"es\"},{\"@type\":\"WebPage\",\"@id\":\"https:\/\/about.fb.com\/ltam\/news\/2021\/01\/informe-de-comportamiento-inautentico-coordinado-de-america-latina-diciembre-de-2020\/\",\"url\":\"https:\/\/about.fb.com\/ltam\/news\/2021\/01\/informe-de-comportamiento-inautentico-coordinado-de-america-latina-diciembre-de-2020\/\",\"name\":\"Informe de Comportamiento Inaut\u00e9ntico Coordinado de Am\u00e9rica Latina - Diciembre de 2020 | Acerca de Meta\",\"isPartOf\":{\"@id\":\"https:\/\/about.fb.com\/ltam\/#website\"},\"primaryImageOfPage\":{\"@id\":\"https:\/\/about.fb.com\/ltam\/news\/2021\/01\/informe-de-comportamiento-inautentico-coordinado-de-america-latina-diciembre-de-2020\/#primaryimage\"},\"image\":{\"@id\":\"https:\/\/about.fb.com\/ltam\/news\/2021\/01\/informe-de-comportamiento-inautentico-coordinado-de-america-latina-diciembre-de-2020\/#primaryimage\"},\"thumbnailUrl\":\"https:\/\/about.fb.com\/ltam\/wp-content\/uploads\/sites\/14\/2021\/01\/Monthly-CIB.png?fit=2200%2C1651\",\"datePublished\":\"2021-01-12T19:48:30+00:00\",\"dateModified\":\"2021-09-30T15:50:34+00:00\",\"breadcrumb\":{\"@id\":\"https:\/\/about.fb.com\/ltam\/news\/2021\/01\/informe-de-comportamiento-inautentico-coordinado-de-america-latina-diciembre-de-2020\/#breadcrumb\"},\"inLanguage\":\"es\",\"potentialAction\":[{\"@type\":\"ReadAction\",\"target\":[\"https:\/\/about.fb.com\/ltam\/news\/2021\/01\/informe-de-comportamiento-inautentico-coordinado-de-america-latina-diciembre-de-2020\/\"]}],\"author\":\"Acerca de Meta\"},{\"@type\":\"ImageObject\",\"inLanguage\":\"es\",\"@id\":\"https:\/\/about.fb.com\/ltam\/news\/2021\/01\/informe-de-comportamiento-inautentico-coordinado-de-america-latina-diciembre-de-2020\/#primaryimage\",\"url\":\"https:\/\/about.fb.com\/ltam\/wp-content\/uploads\/sites\/14\/2021\/01\/Monthly-CIB.png?fit=2200%2C1651\",\"contentUrl\":\"https:\/\/about.fb.com\/ltam\/wp-content\/uploads\/sites\/14\/2021\/01\/Monthly-CIB.png?fit=2200%2C1651\",\"width\":2200,\"height\":1651},{\"@type\":\"BreadcrumbList\",\"@id\":\"https:\/\/about.fb.com\/ltam\/news\/2021\/01\/informe-de-comportamiento-inautentico-coordinado-de-america-latina-diciembre-de-2020\/#breadcrumb\",\"itemListElement\":[{\"@type\":\"ListItem\",\"position\":1,\"name\":\"Home\",\"item\":\"https:\/\/about.fb.com\/ltam\/\"},{\"@type\":\"ListItem\",\"position\":2,\"name\":\"Informe de Comportamiento Inaut\u00e9ntico Coordinado de Am\u00e9rica Latina &#8211; Diciembre de 2020\"}]},{\"@type\":\"WebSite\",\"@id\":\"https:\/\/about.fb.com\/ltam\/#website\",\"url\":\"https:\/\/about.fb.com\/news\/\",\"name\":\"Acerca de Meta\",\"description\":\"\",\"publisher\":{\"@id\":\"https:\/\/about.fb.com\/ltam\/#organization\"},\"potentialAction\":[{\"@type\":\"SearchAction\",\"target\":{\"@type\":\"EntryPoint\",\"urlTemplate\":\"https:\/\/about.fb.com\/ltam\/?s={search_term_string}\"},\"query-input\":{\"@type\":\"PropertyValueSpecification\",\"valueRequired\":true,\"valueName\":\"search_term_string\"}}],\"inLanguage\":\"es\",\"alternateName\":[\"Meta Newsroom\",\"Meta\"]},{\"@type\":\"Organization\",\"@id\":\"https:\/\/about.fb.com\/ltam\/#organization\",\"name\":\"Meta\",\"url\":\"https:\/\/about.fb.com\/ltam\/\",\"logo\":{\"@type\":\"ImageObject\",\"inLanguage\":\"es\",\"@id\":\"https:\/\/about.fb.com\/ltam\/#\/schema\/logo\/image\/\",\"url\":\"https:\/\/about.fb.com\/ltam\/wp-content\/uploads\/sites\/14\/2021\/10\/meta-social-16x9-1.jpg?fit=8000%2C4500\",\"contentUrl\":\"https:\/\/about.fb.com\/ltam\/wp-content\/uploads\/sites\/14\/2021\/10\/meta-social-16x9-1.jpg?fit=8000%2C4500\",\"width\":8000,\"height\":4500,\"caption\":\"Meta\"},\"image\":{\"@id\":\"https:\/\/about.fb.com\/ltam\/#\/schema\/logo\/image\/\"}}]}<\/script>\n<!-- \/ Yoast SEO plugin. -->","yoast_head_json":{"title":"Informe de Comportamiento Inaut\u00e9ntico Coordinado de Am\u00e9rica Latina - Diciembre de 2020 | Acerca de Meta","robots":{"index":"index","follow":"follow","max-snippet":"max-snippet:-1","max-image-preview":"max-image-preview:large","max-video-preview":"max-video-preview:-1"},"canonical":"https:\/\/about.fb.com\/ltam\/news\/2021\/01\/informe-de-comportamiento-inautentico-coordinado-de-america-latina-diciembre-de-2020\/","og_locale":"es_ES","og_type":"article","og_title":"Informe de Comportamiento Inaut\u00e9ntico Coordinado de Am\u00e9rica Latina - Diciembre de 2020 | Acerca de Meta","og_description":"En diciembre, removimos 17 redes de cuentas, P\u00e1ginas y Grupos a nivel global, incluyendo dos con actividad en Brasil y una en Argentina. En todos los casos, las personas que estaban detr\u00e1s de esta actividad se coordinaban y usaban cuentas falsas como parte central de sus operaciones para enga\u00f1ar a las personas acerca de su identidad y de sus acciones. Nuestras investigaciones, y la posterior remoci\u00f3n de estas operaciones, est\u00e1n basadas en ese tipo de comportamiento y no en el contenido que publican, sin importar qui\u00e9n las desarrolla, quien las gestiona, o si son de origen local o extranjero.\u00a0 Durante los \u00faltimos tres a\u00f1os, hemos compartido nuestros descubrimientos sobre m\u00e1s de 100 redes de comportamiento inaut\u00e9ntico coordinado que detectamos y removimos de nuestras plataformas. Constantemente, trabajamos para detectar y frenar campa\u00f1as coordinadas que buscan manipular el debate p\u00fablico en nuestras aplicaciones. Puedes encontrar m\u00e1s informaci\u00f3n sobre nuestros esfuerzos previos aqu\u00ed. \u00bfQu\u00e9 es Comportamiento Inaut\u00e9ntico Coordinado (CIB)?\u00a0 Vemos CIB como esfuerzos coordinados para manipular el debate p\u00fablico y lograr un objetivo estrat\u00e9gico, en donde las cuentas falsas son parte central de la operaci\u00f3n. Hay dos tipos de actividades que buscamos detener: 1) comportamiento inaut\u00e9ntico coordinado en el contexto de campa\u00f1as locales y no gubernamentales, y 2) comportamiento inaut\u00e9ntico coordinado a nombre de un actor extranjero o gubernamental. Comportamiento Inaut\u00e9ntico Coordinado (CIB): Cuando detectamos campa\u00f1as locales no gubernamentales que involucran grupos de cuentas o P\u00e1ginas buscando enga\u00f1ar a la gente acerca de qui\u00e9nes son y qu\u00e9 hacen usando cuentas falsas, removemos tanto las cuentas inaut\u00e9nticas como las aut\u00e9nticas, as\u00ed como P\u00e1ginas y Grupos involucrados directamente en esta actividad. Interferencia extranjera o gubernamental (FGI): Si detectamos alguna instancia de CIB operada a nombre de una entidad gubernamental o por un actor extranjero, aplicamos las medidas m\u00e1s extensas incluyendo la remoci\u00f3n de cualquier propiedad en nuestras plataformas relacionada con la operaci\u00f3n misma y con las personas y organizaciones detr\u00e1s de esta.\u00a0 Aplicaci\u00f3n continua de nuestras pol\u00edticas Supervisamos los esfuerzos que hacen las redes que hemos eliminado anteriormente por restablecer su presencia en Facebook. Mediante la detecci\u00f3n autom\u00e1tica y manual, continuamente removemos cuentas y P\u00e1ginas conectadas a redes que eliminamos en el pasado. Detalles de las redes removidas en diciembre del 2020:\u00a0 Argentina 1. Removimos 663 cuentas de Facebook y 388 de Instagram por comportamiento inaut\u00e9ntico coordinado. Esta red se origin\u00f3 en Argentina y se enfoc\u00f3 en audiencias dom\u00e9sticas.\u00a0 Las personas detr\u00e1s de esta actividad utilizaban cuentas falsas, algunas de las cuales ya hab\u00edan sido detectadas y removidas por nuestros sistemas automatizados, para crear elaborados perfiles ficticios a trav\u00e9s de fotos generadas por inteligencia artificial. Estos perfiles publicaban, daban me gusta y comentaban contenido para hacerlo parecer m\u00e1s popular de lo que realmente era. La red publicaba en espa\u00f1ol y su objetivo era amplificar de forma inaut\u00e9ntica publicaciones y noticias relacionadas con Sergio Berni, Ministro de Seguridad de la provincia de Buenos Aires. Estas cuentas daban me gusta y compart\u00edan las mismas publicaciones de la P\u00e1gina oficial del funcionario. Adem\u00e1s, realizaban posteos sobre hobbies, animales y cocina para parecer m\u00e1s aut\u00e9nticas.\u00a0\u00a0 Encontramos esta red luego de analizar informaci\u00f3n sobre una peque\u00f1a parte de esta actividad compartida p\u00fablicamente por un investigador de c\u00f3digo abierto. Nuestra investigaci\u00f3n tambi\u00e9n se benefici\u00f3 de los hallazgos que FireEye, una compa\u00f1\u00eda de ciberseguridad, comparti\u00f3 con nosotros.\u00a0 Presencia en Facebook e Instagram: 663 cuentas en Facebook y 388 en Instagram. Seguidores: Alrededor de 10.000 cuentas segu\u00edan a una o m\u00e1s de esas cuentas de Instagram. A continuaci\u00f3n, un ejemplo del contenido publicado por algunas de estas P\u00e1ginas y cuentas: 2. Removimos 25 cuentas de Facebook, tres P\u00e1ginas y 10 cuentas de Instagram por violar nuestras pol\u00edticas contra el comportamiento inaut\u00e9ntico coordinado. Esta red ten\u00eda foco dom\u00e9stico y se origin\u00f3 en el estado de Paran\u00e1 en Brasil. La red casi no ten\u00eda seguidores cuando la removimos.\u00a0 Encontramos dos clusters que utilizaban cuentas falsas, algunas de las cuales ya hab\u00edan sido detectadas y removidas por nuestros sistemas automatizados, para publicar y comentar contenido, y para administrar P\u00e1ginas. Una de esas P\u00e1ginas publicaba como una entidad period\u00edstica independiente. Estas redes se enfocaron en dos municipios del estado de Paran\u00e1, Almirante Tamandar\u00e9 y Colombo, y en las elecciones regionales de 2020. La mayor\u00eda de los me gusta y comentarios en las P\u00e1ginas de estas redes pertenec\u00edan a sus propias cuentas. Las personas detr\u00e1s de esta campa\u00f1a publicaban contenido en portugu\u00e9s sobre las elecciones municipales. Tambi\u00e9n compart\u00edan comentarios en apoyo del actual alcalde de Almirante Tamandar\u00e9 y del candidato municipal asociado al partido PSD en Colombo, adem\u00e1s de cr\u00edticas hacia los opositores de esos candidatos. Encontramos esta red como parte de nuestra investigaci\u00f3n interna sobre posibles conductas inaut\u00e9nticas y coordinadas en la regi\u00f3n. Aunque las personas detr\u00e1s de esto intentaron ocultar sus identidades y coordinaci\u00f3n, nuestra investigaci\u00f3n encontr\u00f3 v\u00ednculos con Continental, una agencia de relaciones p\u00fablicas con sede en Curitiba, y otras personas en el estado de Paran\u00e1. Presencia en Facebook e Instagram: 25 cuentas en Facebook, 3 P\u00e1ginas, 10 cuentas en Instagram. Seguidores: Alrededor de 1.600 cuentas segu\u00edan a una o m\u00e1s de esas P\u00e1ginas, y alrededor de 2.300 personas segu\u00edan a una o m\u00e1s de esas cuentas de Instagram. Publicidad: Alrededor de $160 d\u00f3lares en inversi\u00f3n publicitaria en Facebook e Instagram pagados en reales brasile\u00f1os. A continuaci\u00f3n, un ejemplo del contenido publicado por algunas de estas P\u00e1ginas y cuentas: Traducci\u00f3n del texto: Salimos en primer lugar en medios \ud83d\udc4f. Basta de viejas mentiras, lleg\u00f3 el momento de #CambiaColombo55 Traducci\u00f3n del texto: \u00a1Ven y participa en el desfile de autos por la victoria del candidato n\u00famero 15! No te lo pierdas y acomp\u00e1\u00f1anos en esta gran celebraci\u00f3n en defensa del Almirante Tamandar\u00e9. #Ag\u00e9ndalo #Sigue15 #AlmiranteTamandareHaciaAdelante Traducci\u00f3n del texto: Entrevista de Tamandar\u00e9 News con el precandidato a alcalde Gerson Colodel.\u00a0 Traducci\u00f3n\u00a0 Texto en la imagen: \u00a1Helder confirma primer lugar! Encuesta registrada en la Corte Superior Electoral. Texto: Estudio registrado en la Corte Superior Electoral confirma: Helder lidera con 55 en Colombo. Sali\u00f3 en medios \ud83d\udc49 Consulta el link.\u00a0 3. Removimos 34 cuentas de Facebook y 18 cuentas de Instagram por violar nuestras pol\u00edticas contra el comportamiento inaut\u00e9ntico coordinado. Esta red ten\u00eda foco dom\u00e9stico, se origin\u00f3 en Brasil y casi no ten\u00eda seguidores cuando la removimos.\u00a0 Esta red utilizaba cuentas falsas, algunas de las cuales ya hab\u00edan sido detectadas y removidas por nuestros sistemas automatizados, para hacerse pasar por habitantes del estado de Esp\u00edrito Santo, dar me gusta y comentar contenido relacionado con candidatos a las elecciones locales de 2020 en Brasil. Su objetivo era lograr que ese contenido pareciera m\u00e1s popular de lo que realmente era.\u00a0 Esta actividad se enfocaba en tres municipios del estado de Esp\u00edrito Santo, Serra, Vit\u00f3ria y Cariacica, y amplificaba las P\u00e1ginas y publicaciones relacionados con el candidato municipal de cada ciudad. En particular, las personas detr\u00e1s de esta campa\u00f1a compart\u00edan y comentaban en portugu\u00e9s las publicaciones sobre un candidato del Partido Democr\u00e1tico Laborista en Serra, un candidato del partido Cidadania en Vit\u00f3ria, y otro candidato del partido DEM en Cariacica. Encontramos esta red como parte de nuestra investigaci\u00f3n interna sobre posibles conductas inaut\u00e9nticas y coordinadas en la regi\u00f3n. Aunque las personas detr\u00e1s de esto intentaron ocultar sus identidades y coordinaci\u00f3n, nuestra investigaci\u00f3n encontr\u00f3 v\u00ednculos con AP Exata Intelligence en Digital Communications, una firma de relaciones p\u00fablicas con oficinas en Bras\u00edlia, Vit\u00f3ria y Braga, Portugal.\u00a0 Presencia en Facebook e Instagram: 34 cuentas en Facebook y 18 cuentas en Instagram. Seguidores: Alrededor de 2.400 personas segu\u00edan una o m\u00e1s de esas cuentas en Instagram. Publicidad: Alrededor de $11,500 d\u00f3lares en inversi\u00f3n publicitaria en Facebook e Instagram, pagados en reales brasile\u00f1os. A continuaci\u00f3n, un ejemplo del contenido publicado por algunas de estas P\u00e1ginas y cuentas: Traducci\u00f3n Texto en la imagen: Ense\u00f1ar a emprender a los estudiantes de las escuelas p\u00fablicas municipales. El camino seguro para Serra. Alcalde Sergio Vidigal 12. Texto: El futuro post-pandemia aumenta nuestra responsabilidad para crear oportunidades para los j\u00f3venes. Al ense\u00f1ar sobre emprendimiento en escuelas p\u00fablicas municipales, abrimos un nuevo mundo para nuestros estudiantes y les ense\u00f1amos que existen dificultades, pero pueden ser nuestras plataformas para el futuro.\u00a0 Traducci\u00f3n Texto en la imagen: Cariacica es 25 en la segunda ronda electoral. Texto: La esperanza de mejores d\u00edas para Cariacica ser\u00e1 una realidad. Es 25. Traducci\u00f3n Texto en la imagen: Platica con Gandini. 26 de octubre a las 19h10. Diario TV Vit\u00f3ria. Gandini 23.\u00a0 Texto: No te pierdas TV Vit\u00f3ria. Sigue\u00a0 mi entrevista en vivo con la periodista Andressa Missio y Luana Damasceno, hoy a partir de las 7:10pm. La entrevista estar\u00e1 disponible despu\u00e9s en el sitio web del peri\u00f3dico Folha Vit\u00f3ria.\u00a0 Traducci\u00f3n Texto en la imagen: Estudio de Ibope confirma que Sergio Vidigal ocupa el primer lugar. El camino seguro para Serra. Sergio Vidigal 12.\u00a0 Texto: Gracias, Serra, por el liderazgo en el estudio de Ibope. A\u00fan falta mucho para la elecci\u00f3n y cuento con el apoyo de todos ustedes. Haremos que este 46% crezca a\u00fan m\u00e1s.\u00a0","og_url":"https:\/\/about.fb.com\/ltam\/news\/2021\/01\/informe-de-comportamiento-inautentico-coordinado-de-america-latina-diciembre-de-2020\/","og_site_name":"Acerca de Meta","article_published_time":"2021-01-12T19:48:30+00:00","article_modified_time":"2021-09-30T15:50:34+00:00","og_image":[{"width":1024,"height":768,"url":"https:\/\/about.fb.com\/ltam\/wp-content\/uploads\/sites\/14\/2021\/01\/Monthly-CIB.png?resize=1024,768","type":"image\/png"}],"author":"eortiz","twitter_card":"summary_large_image","twitter_misc":{"Written by":"Meta","Est. reading time":"8 minutos"},"schema":{"@context":"https:\/\/schema.org","@graph":[{"@type":"Article","@id":"https:\/\/about.fb.com\/ltam\/news\/2021\/01\/informe-de-comportamiento-inautentico-coordinado-de-america-latina-diciembre-de-2020\/#article","isPartOf":{"@id":"https:\/\/about.fb.com\/ltam\/news\/2021\/01\/informe-de-comportamiento-inautentico-coordinado-de-america-latina-diciembre-de-2020\/"},"author":"Facebook company","headline":"Informe de Comportamiento Inaut\u00e9ntico Coordinado de Am\u00e9rica Latina &#8211; Diciembre de 2020","datePublished":"2021-01-12T19:48:30+00:00","dateModified":"2021-09-30T15:50:34+00:00","mainEntityOfPage":{"@id":"https:\/\/about.fb.com\/ltam\/news\/2021\/01\/informe-de-comportamiento-inautentico-coordinado-de-america-latina-diciembre-de-2020\/"},"wordCount":1611,"publisher":{"@id":"https:\/\/about.fb.com\/ltam\/#organization"},"image":{"@id":"https:\/\/about.fb.com\/ltam\/news\/2021\/01\/informe-de-comportamiento-inautentico-coordinado-de-america-latina-diciembre-de-2020\/#primaryimage"},"thumbnailUrl":"https:\/\/about.fb.com\/ltam\/wp-content\/uploads\/sites\/14\/2021\/01\/Monthly-CIB.png?fit=2200%2C1651","keywords":["Comportamiento Inaut\u00e9ntico Coordinado"],"articleSection":["Integridad &amp; Seguridad","Meta","Pol\u00edtica P\u00fablica"],"inLanguage":"es"},{"@type":"WebPage","@id":"https:\/\/about.fb.com\/ltam\/news\/2021\/01\/informe-de-comportamiento-inautentico-coordinado-de-america-latina-diciembre-de-2020\/","url":"https:\/\/about.fb.com\/ltam\/news\/2021\/01\/informe-de-comportamiento-inautentico-coordinado-de-america-latina-diciembre-de-2020\/","name":"Informe de Comportamiento Inaut\u00e9ntico Coordinado de Am\u00e9rica Latina - Diciembre de 2020 | Acerca de Meta","isPartOf":{"@id":"https:\/\/about.fb.com\/ltam\/#website"},"primaryImageOfPage":{"@id":"https:\/\/about.fb.com\/ltam\/news\/2021\/01\/informe-de-comportamiento-inautentico-coordinado-de-america-latina-diciembre-de-2020\/#primaryimage"},"image":{"@id":"https:\/\/about.fb.com\/ltam\/news\/2021\/01\/informe-de-comportamiento-inautentico-coordinado-de-america-latina-diciembre-de-2020\/#primaryimage"},"thumbnailUrl":"https:\/\/about.fb.com\/ltam\/wp-content\/uploads\/sites\/14\/2021\/01\/Monthly-CIB.png?fit=2200%2C1651","datePublished":"2021-01-12T19:48:30+00:00","dateModified":"2021-09-30T15:50:34+00:00","breadcrumb":{"@id":"https:\/\/about.fb.com\/ltam\/news\/2021\/01\/informe-de-comportamiento-inautentico-coordinado-de-america-latina-diciembre-de-2020\/#breadcrumb"},"inLanguage":"es","potentialAction":[{"@type":"ReadAction","target":["https:\/\/about.fb.com\/ltam\/news\/2021\/01\/informe-de-comportamiento-inautentico-coordinado-de-america-latina-diciembre-de-2020\/"]}],"author":"Acerca de Meta"},{"@type":"ImageObject","inLanguage":"es","@id":"https:\/\/about.fb.com\/ltam\/news\/2021\/01\/informe-de-comportamiento-inautentico-coordinado-de-america-latina-diciembre-de-2020\/#primaryimage","url":"https:\/\/about.fb.com\/ltam\/wp-content\/uploads\/sites\/14\/2021\/01\/Monthly-CIB.png?fit=2200%2C1651","contentUrl":"https:\/\/about.fb.com\/ltam\/wp-content\/uploads\/sites\/14\/2021\/01\/Monthly-CIB.png?fit=2200%2C1651","width":2200,"height":1651},{"@type":"BreadcrumbList","@id":"https:\/\/about.fb.com\/ltam\/news\/2021\/01\/informe-de-comportamiento-inautentico-coordinado-de-america-latina-diciembre-de-2020\/#breadcrumb","itemListElement":[{"@type":"ListItem","position":1,"name":"Home","item":"https:\/\/about.fb.com\/ltam\/"},{"@type":"ListItem","position":2,"name":"Informe de Comportamiento Inaut\u00e9ntico Coordinado de Am\u00e9rica Latina &#8211; Diciembre de 2020"}]},{"@type":"WebSite","@id":"https:\/\/about.fb.com\/ltam\/#website","url":"https:\/\/about.fb.com\/news\/","name":"Acerca de Meta","description":"","publisher":{"@id":"https:\/\/about.fb.com\/ltam\/#organization"},"potentialAction":[{"@type":"SearchAction","target":{"@type":"EntryPoint","urlTemplate":"https:\/\/about.fb.com\/ltam\/?s={search_term_string}"},"query-input":{"@type":"PropertyValueSpecification","valueRequired":true,"valueName":"search_term_string"}}],"inLanguage":"es","alternateName":["Meta Newsroom","Meta"]},{"@type":"Organization","@id":"https:\/\/about.fb.com\/ltam\/#organization","name":"Meta","url":"https:\/\/about.fb.com\/ltam\/","logo":{"@type":"ImageObject","inLanguage":"es","@id":"https:\/\/about.fb.com\/ltam\/#\/schema\/logo\/image\/","url":"https:\/\/about.fb.com\/ltam\/wp-content\/uploads\/sites\/14\/2021\/10\/meta-social-16x9-1.jpg?fit=8000%2C4500","contentUrl":"https:\/\/about.fb.com\/ltam\/wp-content\/uploads\/sites\/14\/2021\/10\/meta-social-16x9-1.jpg?fit=8000%2C4500","width":8000,"height":4500,"caption":"Meta"},"image":{"@id":"https:\/\/about.fb.com\/ltam\/#\/schema\/logo\/image\/"}}]}},"jetpack_featured_media_url":"https:\/\/about.fb.com\/ltam\/wp-content\/uploads\/sites\/14\/2021\/01\/Monthly-CIB.png?fit=2200%2C1651","jetpack-related-posts":[],"jetpack_sharing_enabled":true,"amp_enabled":true,"_links":{"self":[{"href":"https:\/\/about.fb.com\/ltam\/wp-json\/wp\/v2\/posts\/22382","targetHints":{"allow":["GET"]}}],"collection":[{"href":"https:\/\/about.fb.com\/ltam\/wp-json\/wp\/v2\/posts"}],"about":[{"href":"https:\/\/about.fb.com\/ltam\/wp-json\/wp\/v2\/types\/post"}],"author":[{"embeddable":true,"href":"https:\/\/about.fb.com\/ltam\/wp-json\/wp\/v2\/users\/164097140"}],"replies":[{"embeddable":true,"href":"https:\/\/about.fb.com\/ltam\/wp-json\/wp\/v2\/comments?post=22382"}],"version-history":[{"count":5,"href":"https:\/\/about.fb.com\/ltam\/wp-json\/wp\/v2\/posts\/22382\/revisions"}],"predecessor-version":[{"id":22401,"href":"https:\/\/about.fb.com\/ltam\/wp-json\/wp\/v2\/posts\/22382\/revisions\/22401"}],"wp:featuredmedia":[{"embeddable":true,"href":"https:\/\/about.fb.com\/ltam\/wp-json\/wp\/v2\/media\/22397"}],"wp:attachment":[{"href":"https:\/\/about.fb.com\/ltam\/wp-json\/wp\/v2\/media?parent=22382"}],"wp:term":[{"taxonomy":"category","embeddable":true,"href":"https:\/\/about.fb.com\/ltam\/wp-json\/wp\/v2\/categories?post=22382"},{"taxonomy":"post_tag","embeddable":true,"href":"https:\/\/about.fb.com\/ltam\/wp-json\/wp\/v2\/tags?post=22382"}],"curies":[{"name":"wp","href":"https:\/\/api.w.org\/{rel}","templated":true}]}}