{"id":22209,"date":"2020-12-01T09:29:22","date_gmt":"2020-12-01T15:29:22","guid":{"rendered":"https:\/\/about.fb.com\/ltam\/?p=22209"},"modified":"2020-12-04T19:04:40","modified_gmt":"2020-12-05T01:04:40","slug":"el-consejo-asesor-de-contenido-selecciona-sus-primeros-casos","status":"publish","type":"post","link":"https:\/\/about.fb.com\/ltam\/news\/2020\/12\/el-consejo-asesor-de-contenido-selecciona-sus-primeros-casos\/","title":{"rendered":"El Consejo Asesor de Contenido selecciona sus primeros casos\u00a0"},"content":{"rendered":"<p><strong>Actualizado el 4 de diciembre de 2020:\u00a0<\/strong><\/p>\n<p><span style=\"font-weight: 400\">Hoy, el Consejo Asesor de Contenido <\/span><a href=\"https:\/\/oversightboard.com\/news\/214935870069648-announcement-of-case-2020-007-fb-fbr\"><span style=\"font-weight: 400\">anunci\u00f3<\/span><\/a><span style=\"font-weight: 400\"> que un usuario elimin\u00f3 de Facebook el contenido relacionado al primer caso de nuestra lista original. Por lo tanto, ya no podr\u00e1 revisarlo. Es posible obtener m\u00e1s informaci\u00f3n sobre este caso en el <\/span><a href=\"https:\/\/oversightboard.com\/news\/214935870069648-announcement-of-case-2020-007-fb-fbr\"><span style=\"font-weight: 400\">comunicado del Consejo<\/span><\/a><span style=\"font-weight: 400\"> y en la <\/span><a href=\"https:\/\/about.fb.com\/ltam\/news\/h\/seleccion-de-caso-del-consejo-asesor-de-contenido-sobre-violencia-contra-el-pueblo-frances\/\"><span style=\"font-weight: 400\">publicaci\u00f3n correspondiente<\/span><\/a><span style=\"font-weight: 400\"> en el Centro de Prensa de Facebook.<\/span><span style=\"font-weight: 400\">\u00a0<\/span><\/p>\n<p><span style=\"font-weight: 400\">El Consejo tambi\u00e9n anunci\u00f3 que seleccion\u00f3 un caso m\u00e1s sobre una publicaci\u00f3n en un Grupo con una <a href=\"https:\/\/about.fb.com\/ltam\/news\/h\/seleccion-de-caso-del-consejo-asesor-de-contenido-sobre-una-amenaza-velada-basada-en-creencias-religiosas\/\">amenaza velada basada en creencias religiosas<\/a>.<\/span><\/p>\n<p><strong>Originalmente publicado el 1 de diciembre de 2020:\u00a0<\/strong><\/p>\n<p><span style=\"font-weight: 400\">Hoy, el Consejo Asesor de Contenido<\/span> <a href=\"https:\/\/oversightboard.com\/news\/719406882003532-announcing-the-oversight-board-s-first-cases-and-appointment-of-trustees\/\"><span style=\"font-weight: 400\">anunci\u00f3<\/span><\/a><span style=\"font-weight: 400\"> que seleccion\u00f3 los primeros seis casos que revisar\u00e1, incluyendo cinco apelaciones de usuarios y un caso remitido por Facebook.<\/span><\/p>\n<p><span style=\"font-weight: 400\">El Consejo Asesor de Contenido es un organismo independiente al que las personas pueden presentar sus apelaciones si disienten con las decisiones que tomamos sobre el contenido que publicaron en Facebook o Instagram. El Consejo <\/span><a href=\"https:\/\/oversightboard.com\/news\/833880990682078-the-oversight-board-is-now-accepting-cases\/\"><span style=\"font-weight: 400\">comenz\u00f3 a aceptar<\/span><\/a><span style=\"font-weight: 400\"> casos el mes pasado y continuar\u00e1 recibiendo apelaciones mientras analiza la primera tanda seleccionada. Desde Facebook, tambi\u00e9n seguiremos remitiendo los casos que consideremos <\/span><a href=\"https:\/\/about.fb.com\/ltam\/news\/2019\/09\/estructura-y-gobernanza-del-consejo-asesor-de-contenido\/\"><span style=\"font-weight: 400\">significativos y complejos<\/span><\/a><span style=\"font-weight: 400\">.\u00a0<\/span><\/p>\n<p><span style=\"font-weight: 400\">Este modelo de supervisi\u00f3n independiente representa un nuevo cap\u00edtulo en la gobernanza online. Por nuestra parte, nos hemos comprometido a implementar las decisiones del Consejo. Las primeras decisiones del Consejo ser\u00e1n comunicadas en los pr\u00f3ximos meses.<\/span><\/p>\n<p><span style=\"font-weight: 400\">El Consejo tambi\u00e9n anunci\u00f3 que su sistema de comentarios p\u00fablicos ya fue activado. Este proceso permitir\u00e1 que cualquier persona, tanto del p\u00fablico en general como expertos y organizaciones de la sociedad civil, env\u00eden sus impresiones y averiguaciones sobre los casos en revisi\u00f3n.<\/span><\/p>\n<h2><span style=\"font-weight: 400\">Actualizaciones de los procesos<\/span><\/h2>\n<p><span style=\"font-weight: 400\">Al igual que lo hicimos hoy, publicaremos informaci\u00f3n actualizada de cada caso revisado por el Consejo en: <a href=\"https:\/\/about.fb.com\/news\/tag\/oversight-board\/\">about.fb.com\/oversight<\/a>.<\/span><\/p>\n<ul>\n<li><span style=\"font-weight: 400\">Caso relacionado con <a href=\"https:\/\/about.fb.com\/ltam\/news\/h\/seleccion-de-caso-del-consejo-asesor-de-contenido-sobre-violencia-contra-el-pueblo-frances\/\">comentarios que realiz\u00f3 una figura p\u00fablica sobre la violencia ejercida contra el pueblo franc\u00e9s<\/a>.<\/span><\/li>\n<li><span style=\"font-weight: 400\">Caso relacionado con <a href=\"https:\/\/about.fb.com\/ltam\/news\/h\/seleccion-de-caso-del-consejo-asesor-de-contenido-sobre-musulmanes-uigures\/\">una foto de un ni\u00f1o fallecido y comentarios sobre el trato a los musulmanes uigures en China<\/a>.\u00a0<\/span><\/li>\n<li><span style=\"font-weight: 400\">Caso relacionado con <a href=\"https:\/\/about.fb.com\/ltam\/news\/h\/seleccion-de-caso-del-consejo-asesor-de-contenido-sobre-armenios-en-azerbaiyan\/\">fotos hist\u00f3ricas que supuestamente mostraban iglesias en Bak\u00fa y un ep\u00edgrafe que manifestaba desprecio por el pueblo azer\u00ed y apoyo a Armenia en la disputa sobre Nagorno Karabaj<\/a>.\u00a0<\/span><\/li>\n<li><span style=\"font-weight: 400\">Caso sobre <a href=\"https:\/\/about.fb.com\/ltam\/news\/h\/seleccion-de-caso-del-consejo-asesor-de-contenido-sobre-sintomas-del-cancer-de-mama-con-desnudos\/\">fotos de desnudos relacionadas con s\u00edntomas del c\u00e1ncer de mama<\/a>.\u00a0<\/span><\/li>\n<li><span style=\"font-weight: 400\">Caso relacionado con <a href=\"https:\/\/about.fb.com\/ltam\/news\/h\/seleccion-de-caso-del-consejo-asesor-de-contenido-sobre-una-cita-nazi\/\">una publicaci\u00f3n que inclu\u00eda una supuesta cita de Joseph Goebbels, el ministro de propaganda del Reich en la Alemania nazi<\/a>.\u00a0<\/span><\/li>\n<li><span style=\"font-weight: 400\">Caso relacionado con <a href=\"https:\/\/about.fb.com\/ltam\/news\/h\/seleccion-de-caso-del-consejo-asesor-de-contenido-sobre-hidroxicloroquina-azitromicina-y-covid-19\/\">una publicaci\u00f3n en un grupo que afirmaba que la hidroxicloroquina y la azitromicina son una \u00abcura\u00bb y criticaba la respuesta del gobierno franc\u00e9s al COVID-19<\/a>.\u00a0<\/span><\/li>\n<\/ul>\n<p><span style=\"font-weight: 400\">Una vez que el Consejo decida, actualizaremos cada publicaci\u00f3n para incluir los detalles de la decisi\u00f3n y c\u00f3mo ser\u00e1 implementada. Conforme a los <\/span><a href=\"https:\/\/about.fb.com\/ltam\/news\/2020\/01\/como-trabajara-el-consejo-asesor-de-contenido-de-facebook\/\"><span style=\"font-weight: 400\">estatutos<\/span><\/a><span style=\"font-weight: 400\">, si el Consejo da una recomendaci\u00f3n sobre nuestras pol\u00edticas, volveremos a actualizar la informaci\u00f3n con nuestra respuesta a esa propuesta.<\/span><\/p>\n<p><span style=\"font-weight: 400\">Quienes quieran consultar el estado de un caso que hayan presentado pueden iniciar sesi\u00f3n en el <a href=\"https:\/\/oversightboard.com\/\">sitio web<\/a>\u00a0del <\/span><span style=\"font-weight: 400\">Consejo Asesor de Contenido<\/span><span style=\"font-weight: 400\"> y conocer la informaci\u00f3n actualizada en cualquier momento.<\/span><\/p>\n<p><span style=\"font-weight: 400\">A medida que el Consejo revise m\u00e1s casos, proporcionaremos un archivo completo que permite hacer b\u00fasquedas de las decisiones de los casos y las medidas que adoptamos en consecuencia.\u00a0<\/span><\/p>\n<h2><span style=\"font-weight: 400\">Nuevos fiduciarios del Consejo Asesor de Contenido<\/span><\/h2>\n<p><span style=\"font-weight: 400\">Como parte del <\/span><a href=\"https:\/\/oversightboard.com\/news\/719406882003532-announcing-the-oversight-board-s-first-cases-and-appointment-of-trustees\/\"><span style=\"font-weight: 400\">anuncio de hoy<\/span><\/a><span style=\"font-weight: 400\">, se dio la bienvenida a cinco nuevos fiduciarios que formar\u00e1n parte del fideicomiso del Consejo Asesor de Contenido. Los fiduciarios trabajar\u00e1n junto con el presidente, Paul G. Haaga, Jr., para garantizar que el Consejo cumpla sus objetivos, supervisar y administrar las operaciones financieras, y nombrar miembros. Los fiduciarios no se involucrar\u00e1n en la revisi\u00f3n de casos ni en el dictamen de las decisiones independientes del Consejo sobre contenido.<\/span><\/p>\n<p><span style=\"font-weight: 400\">Los nuevos fiduciarios designados son: Kristina Arriaga, Cherine Chalaby, Wanda Felton, Kate O\u2019Regan y Robert Post. Queremos dar la bienvenida y agradecerles por su contribuci\u00f3n para los pr\u00f3ximos meses y a\u00f1os.<\/span><\/p>\n","protected":false},"excerpt":{"rendered":"Actualizado el 4 de diciembre de 2020:\u00a0 Hoy, el Consejo Asesor de Contenido anunci\u00f3 que un usuario elimin\u00f3 de Facebook el contenido relacionado al primer caso de nuestra lista original. Por lo tanto, ya no podr\u00e1 revisarlo. Es posible obtener m\u00e1s informaci\u00f3n sobre este caso en el comunicado del Consejo y en la publicaci\u00f3n correspondiente en el Centro de Prensa de Facebook.\u00a0 El Consejo tambi\u00e9n anunci\u00f3 que seleccion\u00f3 un caso m\u00e1s sobre una publicaci\u00f3n en un Grupo con una amenaza velada basada en creencias religiosas. Originalmente publicado el 1 de diciembre de 2020:\u00a0 Hoy, el Consejo Asesor de Contenido anunci\u00f3 que seleccion\u00f3 los primeros seis casos que revisar\u00e1, incluyendo cinco apelaciones de usuarios y un caso remitido por Facebook. El Consejo Asesor de Contenido es un organismo independiente al que las personas pueden presentar sus apelaciones si disienten con las decisiones que tomamos sobre el contenido que publicaron en Facebook o Instagram. El Consejo comenz\u00f3 a aceptar casos el mes pasado y continuar\u00e1 recibiendo apelaciones mientras analiza la primera tanda seleccionada. Desde Facebook, tambi\u00e9n seguiremos remitiendo los casos que consideremos significativos y complejos.\u00a0 Este modelo de supervisi\u00f3n independiente representa un nuevo cap\u00edtulo en la gobernanza online. Por nuestra parte, nos hemos comprometido a implementar las decisiones del Consejo. Las primeras decisiones del Consejo ser\u00e1n comunicadas en los pr\u00f3ximos meses. El Consejo tambi\u00e9n anunci\u00f3 que su sistema de comentarios p\u00fablicos ya fue activado. Este proceso permitir\u00e1 que cualquier persona, tanto del p\u00fablico en general como expertos y organizaciones de la sociedad civil, env\u00eden sus impresiones y averiguaciones sobre los casos en revisi\u00f3n. Actualizaciones de los procesos Al igual que lo hicimos hoy, publicaremos informaci\u00f3n actualizada de cada caso revisado por el Consejo en: about.fb.com\/oversight. Caso relacionado con comentarios que realiz\u00f3 una figura p\u00fablica sobre la violencia ejercida contra el pueblo franc\u00e9s. Caso relacionado con una foto de un ni\u00f1o fallecido y comentarios sobre el trato a los musulmanes uigures en China.\u00a0 Caso relacionado con fotos hist\u00f3ricas que supuestamente mostraban iglesias en Bak\u00fa y un ep\u00edgrafe que manifestaba desprecio por el pueblo azer\u00ed y apoyo a Armenia en la disputa sobre Nagorno Karabaj.\u00a0 Caso sobre fotos de desnudos relacionadas con s\u00edntomas del c\u00e1ncer de mama.\u00a0 Caso relacionado con una publicaci\u00f3n que inclu\u00eda una supuesta cita de Joseph Goebbels, el ministro de propaganda del Reich en la Alemania nazi.\u00a0 Caso relacionado con una publicaci\u00f3n en un grupo que afirmaba que la hidroxicloroquina y la azitromicina son una \u00abcura\u00bb y criticaba la respuesta del gobierno franc\u00e9s al COVID-19.\u00a0 Una vez que el Consejo decida, actualizaremos cada publicaci\u00f3n para incluir los detalles de la decisi\u00f3n y c\u00f3mo ser\u00e1 implementada. Conforme a los estatutos, si el Consejo da una recomendaci\u00f3n sobre nuestras pol\u00edticas, volveremos a actualizar la informaci\u00f3n con nuestra respuesta a esa propuesta. Quienes quieran consultar el estado de un caso que hayan presentado pueden iniciar sesi\u00f3n en el sitio web\u00a0del Consejo Asesor de Contenido y conocer la informaci\u00f3n actualizada en cualquier momento. A medida que el Consejo revise m\u00e1s casos, proporcionaremos un archivo completo que permite hacer b\u00fasquedas de las decisiones de los casos y las medidas que adoptamos en consecuencia.\u00a0 Nuevos fiduciarios del Consejo Asesor de Contenido Como parte del anuncio de hoy, se dio la bienvenida a cinco nuevos fiduciarios que formar\u00e1n parte del fideicomiso del Consejo Asesor de Contenido. Los fiduciarios trabajar\u00e1n junto con el presidente, Paul G. Haaga, Jr., para garantizar que el Consejo cumpla sus objetivos, supervisar y administrar las operaciones financieras, y nombrar miembros. Los fiduciarios no se involucrar\u00e1n en la revisi\u00f3n de casos ni en el dictamen de las decisiones independientes del Consejo sobre contenido. Los nuevos fiduciarios designados son: Kristina Arriaga, Cherine Chalaby, Wanda Felton, Kate O\u2019Regan y Robert Post. Queremos dar la bienvenida y agradecerles por su contribuci\u00f3n para los pr\u00f3ximos meses y a\u00f1os.","protected":false},"author":108706932,"featured_media":22213,"comment_status":"closed","ping_status":"closed","sticky":false,"template":"","format":"standard","meta":{"_jetpack_memberships_contains_paid_content":false,"footnotes":""},"categories":[243948106,243948037,243947992],"tags":[243948006],"class_list":["post-22209","post","type-post","status-publish","format-standard","has-post-thumbnail","hentry","category-el-consejo-asesor-de-contenido","category-meta","category-politica-publica","tag-consejo-asesor-de-contenido"],"yoast_head":"<!-- This site is optimized with the Yoast SEO plugin v27.2 - https:\/\/yoast.com\/product\/yoast-seo-wordpress\/ -->\n<title>El Consejo Asesor de Contenido selecciona sus primeros casos\u00a0 | Acerca de Meta<\/title>\n<meta name=\"robots\" content=\"index, follow, max-snippet:-1, max-image-preview:large, max-video-preview:-1\" \/>\n<link rel=\"canonical\" href=\"https:\/\/about.fb.com\/ltam\/news\/2020\/12\/el-consejo-asesor-de-contenido-selecciona-sus-primeros-casos\/\" \/>\n<meta property=\"og:locale\" content=\"es_ES\" \/>\n<meta property=\"og:type\" content=\"article\" \/>\n<meta property=\"og:title\" content=\"El Consejo Asesor de Contenido selecciona sus primeros casos\u00a0 | Acerca de Meta\" \/>\n<meta property=\"og:description\" content=\"Actualizado el 4 de diciembre de 2020:\u00a0 Hoy, el Consejo Asesor de Contenido anunci\u00f3 que un usuario elimin\u00f3 de Facebook el contenido relacionado al primer caso de nuestra lista original. Por lo tanto, ya no podr\u00e1 revisarlo. Es posible obtener m\u00e1s informaci\u00f3n sobre este caso en el comunicado del Consejo y en la publicaci\u00f3n correspondiente en el Centro de Prensa de Facebook.\u00a0 El Consejo tambi\u00e9n anunci\u00f3 que seleccion\u00f3 un caso m\u00e1s sobre una publicaci\u00f3n en un Grupo con una amenaza velada basada en creencias religiosas. Originalmente publicado el 1 de diciembre de 2020:\u00a0 Hoy, el Consejo Asesor de Contenido anunci\u00f3 que seleccion\u00f3 los primeros seis casos que revisar\u00e1, incluyendo cinco apelaciones de usuarios y un caso remitido por Facebook. El Consejo Asesor de Contenido es un organismo independiente al que las personas pueden presentar sus apelaciones si disienten con las decisiones que tomamos sobre el contenido que publicaron en Facebook o Instagram. El Consejo comenz\u00f3 a aceptar casos el mes pasado y continuar\u00e1 recibiendo apelaciones mientras analiza la primera tanda seleccionada. Desde Facebook, tambi\u00e9n seguiremos remitiendo los casos que consideremos significativos y complejos.\u00a0 Este modelo de supervisi\u00f3n independiente representa un nuevo cap\u00edtulo en la gobernanza online. Por nuestra parte, nos hemos comprometido a implementar las decisiones del Consejo. Las primeras decisiones del Consejo ser\u00e1n comunicadas en los pr\u00f3ximos meses. El Consejo tambi\u00e9n anunci\u00f3 que su sistema de comentarios p\u00fablicos ya fue activado. Este proceso permitir\u00e1 que cualquier persona, tanto del p\u00fablico en general como expertos y organizaciones de la sociedad civil, env\u00eden sus impresiones y averiguaciones sobre los casos en revisi\u00f3n. Actualizaciones de los procesos Al igual que lo hicimos hoy, publicaremos informaci\u00f3n actualizada de cada caso revisado por el Consejo en: about.fb.com\/oversight. Caso relacionado con comentarios que realiz\u00f3 una figura p\u00fablica sobre la violencia ejercida contra el pueblo franc\u00e9s. Caso relacionado con una foto de un ni\u00f1o fallecido y comentarios sobre el trato a los musulmanes uigures en China.\u00a0 Caso relacionado con fotos hist\u00f3ricas que supuestamente mostraban iglesias en Bak\u00fa y un ep\u00edgrafe que manifestaba desprecio por el pueblo azer\u00ed y apoyo a Armenia en la disputa sobre Nagorno Karabaj.\u00a0 Caso sobre fotos de desnudos relacionadas con s\u00edntomas del c\u00e1ncer de mama.\u00a0 Caso relacionado con una publicaci\u00f3n que inclu\u00eda una supuesta cita de Joseph Goebbels, el ministro de propaganda del Reich en la Alemania nazi.\u00a0 Caso relacionado con una publicaci\u00f3n en un grupo que afirmaba que la hidroxicloroquina y la azitromicina son una \u00abcura\u00bb y criticaba la respuesta del gobierno franc\u00e9s al COVID-19.\u00a0 Una vez que el Consejo decida, actualizaremos cada publicaci\u00f3n para incluir los detalles de la decisi\u00f3n y c\u00f3mo ser\u00e1 implementada. Conforme a los estatutos, si el Consejo da una recomendaci\u00f3n sobre nuestras pol\u00edticas, volveremos a actualizar la informaci\u00f3n con nuestra respuesta a esa propuesta. Quienes quieran consultar el estado de un caso que hayan presentado pueden iniciar sesi\u00f3n en el sitio web\u00a0del Consejo Asesor de Contenido y conocer la informaci\u00f3n actualizada en cualquier momento. A medida que el Consejo revise m\u00e1s casos, proporcionaremos un archivo completo que permite hacer b\u00fasquedas de las decisiones de los casos y las medidas que adoptamos en consecuencia.\u00a0 Nuevos fiduciarios del Consejo Asesor de Contenido Como parte del anuncio de hoy, se dio la bienvenida a cinco nuevos fiduciarios que formar\u00e1n parte del fideicomiso del Consejo Asesor de Contenido. Los fiduciarios trabajar\u00e1n junto con el presidente, Paul G. Haaga, Jr., para garantizar que el Consejo cumpla sus objetivos, supervisar y administrar las operaciones financieras, y nombrar miembros. Los fiduciarios no se involucrar\u00e1n en la revisi\u00f3n de casos ni en el dictamen de las decisiones independientes del Consejo sobre contenido. Los nuevos fiduciarios designados son: Kristina Arriaga, Cherine Chalaby, Wanda Felton, Kate O\u2019Regan y Robert Post. Queremos dar la bienvenida y agradecerles por su contribuci\u00f3n para los pr\u00f3ximos meses y a\u00f1os.\" \/>\n<meta property=\"og:url\" content=\"https:\/\/about.fb.com\/ltam\/news\/2020\/12\/el-consejo-asesor-de-contenido-selecciona-sus-primeros-casos\/\" \/>\n<meta property=\"og:site_name\" content=\"Acerca de Meta\" \/>\n<meta property=\"article:published_time\" content=\"2020-12-01T15:29:22+00:00\" \/>\n<meta property=\"article:modified_time\" content=\"2020-12-05T01:04:40+00:00\" \/>\n<meta property=\"og:image\" content=\"https:\/\/about.fb.com\/ltam\/wp-content\/uploads\/sites\/14\/2020\/12\/Oversight_Board_process_banner.jpg?resize=1024,576\" \/>\n\t<meta property=\"og:image:width\" content=\"1024\" \/>\n\t<meta property=\"og:image:height\" content=\"576\" \/>\n\t<meta property=\"og:image:type\" content=\"image\/jpeg\" \/>\n<meta name=\"author\" content=\"gigifb\" \/>\n<meta name=\"twitter:card\" content=\"summary_large_image\" \/>\n<meta name=\"twitter:label1\" content=\"Written by\" \/>\n\t<meta name=\"twitter:data1\" content=\"Meta\" \/>\n\t<meta name=\"twitter:label2\" content=\"Est. reading time\" \/>\n\t<meta name=\"twitter:data2\" content=\"3 minutos\" \/>\n<script type=\"application\/ld+json\" class=\"yoast-schema-graph\">{\"@context\":\"https:\/\/schema.org\",\"@graph\":[{\"@type\":\"Article\",\"@id\":\"https:\/\/about.fb.com\/ltam\/news\/2020\/12\/el-consejo-asesor-de-contenido-selecciona-sus-primeros-casos\/#article\",\"isPartOf\":{\"@id\":\"https:\/\/about.fb.com\/ltam\/news\/2020\/12\/el-consejo-asesor-de-contenido-selecciona-sus-primeros-casos\/\"},\"author\":\"Facebook company\",\"headline\":\"El Consejo Asesor de Contenido selecciona sus primeros casos\u00a0\",\"datePublished\":\"2020-12-01T15:29:22+00:00\",\"dateModified\":\"2020-12-05T01:04:40+00:00\",\"mainEntityOfPage\":{\"@id\":\"https:\/\/about.fb.com\/ltam\/news\/2020\/12\/el-consejo-asesor-de-contenido-selecciona-sus-primeros-casos\/\"},\"wordCount\":684,\"publisher\":{\"@id\":\"https:\/\/about.fb.com\/ltam\/#organization\"},\"image\":{\"@id\":\"https:\/\/about.fb.com\/ltam\/news\/2020\/12\/el-consejo-asesor-de-contenido-selecciona-sus-primeros-casos\/#primaryimage\"},\"thumbnailUrl\":\"https:\/\/about.fb.com\/ltam\/wp-content\/uploads\/sites\/14\/2020\/12\/Oversight_Board_process_banner.jpg?fit=1920%2C1080\",\"keywords\":[\"Consejo Asesor de Contenido\"],\"articleSection\":[\"El Consejo asesor de contenido\",\"Meta\",\"Pol\u00edtica P\u00fablica\"],\"inLanguage\":\"es\"},{\"@type\":\"WebPage\",\"@id\":\"https:\/\/about.fb.com\/ltam\/news\/2020\/12\/el-consejo-asesor-de-contenido-selecciona-sus-primeros-casos\/\",\"url\":\"https:\/\/about.fb.com\/ltam\/news\/2020\/12\/el-consejo-asesor-de-contenido-selecciona-sus-primeros-casos\/\",\"name\":\"El Consejo Asesor de Contenido selecciona sus primeros casos\u00a0 | Acerca de Meta\",\"isPartOf\":{\"@id\":\"https:\/\/about.fb.com\/ltam\/#website\"},\"primaryImageOfPage\":{\"@id\":\"https:\/\/about.fb.com\/ltam\/news\/2020\/12\/el-consejo-asesor-de-contenido-selecciona-sus-primeros-casos\/#primaryimage\"},\"image\":{\"@id\":\"https:\/\/about.fb.com\/ltam\/news\/2020\/12\/el-consejo-asesor-de-contenido-selecciona-sus-primeros-casos\/#primaryimage\"},\"thumbnailUrl\":\"https:\/\/about.fb.com\/ltam\/wp-content\/uploads\/sites\/14\/2020\/12\/Oversight_Board_process_banner.jpg?fit=1920%2C1080\",\"datePublished\":\"2020-12-01T15:29:22+00:00\",\"dateModified\":\"2020-12-05T01:04:40+00:00\",\"breadcrumb\":{\"@id\":\"https:\/\/about.fb.com\/ltam\/news\/2020\/12\/el-consejo-asesor-de-contenido-selecciona-sus-primeros-casos\/#breadcrumb\"},\"inLanguage\":\"es\",\"potentialAction\":[{\"@type\":\"ReadAction\",\"target\":[\"https:\/\/about.fb.com\/ltam\/news\/2020\/12\/el-consejo-asesor-de-contenido-selecciona-sus-primeros-casos\/\"]}],\"author\":\"Acerca de Meta\"},{\"@type\":\"ImageObject\",\"inLanguage\":\"es\",\"@id\":\"https:\/\/about.fb.com\/ltam\/news\/2020\/12\/el-consejo-asesor-de-contenido-selecciona-sus-primeros-casos\/#primaryimage\",\"url\":\"https:\/\/about.fb.com\/ltam\/wp-content\/uploads\/sites\/14\/2020\/12\/Oversight_Board_process_banner.jpg?fit=1920%2C1080\",\"contentUrl\":\"https:\/\/about.fb.com\/ltam\/wp-content\/uploads\/sites\/14\/2020\/12\/Oversight_Board_process_banner.jpg?fit=1920%2C1080\",\"width\":1920,\"height\":1080},{\"@type\":\"BreadcrumbList\",\"@id\":\"https:\/\/about.fb.com\/ltam\/news\/2020\/12\/el-consejo-asesor-de-contenido-selecciona-sus-primeros-casos\/#breadcrumb\",\"itemListElement\":[{\"@type\":\"ListItem\",\"position\":1,\"name\":\"Home\",\"item\":\"https:\/\/about.fb.com\/ltam\/\"},{\"@type\":\"ListItem\",\"position\":2,\"name\":\"El Consejo Asesor de Contenido selecciona sus primeros casos\u00a0\"}]},{\"@type\":\"WebSite\",\"@id\":\"https:\/\/about.fb.com\/ltam\/#website\",\"url\":\"https:\/\/about.fb.com\/news\/\",\"name\":\"Acerca de Meta\",\"description\":\"\",\"publisher\":{\"@id\":\"https:\/\/about.fb.com\/ltam\/#organization\"},\"potentialAction\":[{\"@type\":\"SearchAction\",\"target\":{\"@type\":\"EntryPoint\",\"urlTemplate\":\"https:\/\/about.fb.com\/ltam\/?s={search_term_string}\"},\"query-input\":{\"@type\":\"PropertyValueSpecification\",\"valueRequired\":true,\"valueName\":\"search_term_string\"}}],\"inLanguage\":\"es\",\"alternateName\":[\"Meta Newsroom\",\"Meta\"]},{\"@type\":\"Organization\",\"@id\":\"https:\/\/about.fb.com\/ltam\/#organization\",\"name\":\"Meta\",\"url\":\"https:\/\/about.fb.com\/ltam\/\",\"logo\":{\"@type\":\"ImageObject\",\"inLanguage\":\"es\",\"@id\":\"https:\/\/about.fb.com\/ltam\/#\/schema\/logo\/image\/\",\"url\":\"https:\/\/about.fb.com\/ltam\/wp-content\/uploads\/sites\/14\/2021\/10\/meta-social-16x9-1.jpg?fit=8000%2C4500\",\"contentUrl\":\"https:\/\/about.fb.com\/ltam\/wp-content\/uploads\/sites\/14\/2021\/10\/meta-social-16x9-1.jpg?fit=8000%2C4500\",\"width\":8000,\"height\":4500,\"caption\":\"Meta\"},\"image\":{\"@id\":\"https:\/\/about.fb.com\/ltam\/#\/schema\/logo\/image\/\"}}]}<\/script>\n<!-- \/ Yoast SEO plugin. -->","yoast_head_json":{"title":"El Consejo Asesor de Contenido selecciona sus primeros casos\u00a0 | Acerca de Meta","robots":{"index":"index","follow":"follow","max-snippet":"max-snippet:-1","max-image-preview":"max-image-preview:large","max-video-preview":"max-video-preview:-1"},"canonical":"https:\/\/about.fb.com\/ltam\/news\/2020\/12\/el-consejo-asesor-de-contenido-selecciona-sus-primeros-casos\/","og_locale":"es_ES","og_type":"article","og_title":"El Consejo Asesor de Contenido selecciona sus primeros casos\u00a0 | Acerca de Meta","og_description":"Actualizado el 4 de diciembre de 2020:\u00a0 Hoy, el Consejo Asesor de Contenido anunci\u00f3 que un usuario elimin\u00f3 de Facebook el contenido relacionado al primer caso de nuestra lista original. Por lo tanto, ya no podr\u00e1 revisarlo. Es posible obtener m\u00e1s informaci\u00f3n sobre este caso en el comunicado del Consejo y en la publicaci\u00f3n correspondiente en el Centro de Prensa de Facebook.\u00a0 El Consejo tambi\u00e9n anunci\u00f3 que seleccion\u00f3 un caso m\u00e1s sobre una publicaci\u00f3n en un Grupo con una amenaza velada basada en creencias religiosas. Originalmente publicado el 1 de diciembre de 2020:\u00a0 Hoy, el Consejo Asesor de Contenido anunci\u00f3 que seleccion\u00f3 los primeros seis casos que revisar\u00e1, incluyendo cinco apelaciones de usuarios y un caso remitido por Facebook. El Consejo Asesor de Contenido es un organismo independiente al que las personas pueden presentar sus apelaciones si disienten con las decisiones que tomamos sobre el contenido que publicaron en Facebook o Instagram. El Consejo comenz\u00f3 a aceptar casos el mes pasado y continuar\u00e1 recibiendo apelaciones mientras analiza la primera tanda seleccionada. Desde Facebook, tambi\u00e9n seguiremos remitiendo los casos que consideremos significativos y complejos.\u00a0 Este modelo de supervisi\u00f3n independiente representa un nuevo cap\u00edtulo en la gobernanza online. Por nuestra parte, nos hemos comprometido a implementar las decisiones del Consejo. Las primeras decisiones del Consejo ser\u00e1n comunicadas en los pr\u00f3ximos meses. El Consejo tambi\u00e9n anunci\u00f3 que su sistema de comentarios p\u00fablicos ya fue activado. Este proceso permitir\u00e1 que cualquier persona, tanto del p\u00fablico en general como expertos y organizaciones de la sociedad civil, env\u00eden sus impresiones y averiguaciones sobre los casos en revisi\u00f3n. Actualizaciones de los procesos Al igual que lo hicimos hoy, publicaremos informaci\u00f3n actualizada de cada caso revisado por el Consejo en: about.fb.com\/oversight. Caso relacionado con comentarios que realiz\u00f3 una figura p\u00fablica sobre la violencia ejercida contra el pueblo franc\u00e9s. Caso relacionado con una foto de un ni\u00f1o fallecido y comentarios sobre el trato a los musulmanes uigures en China.\u00a0 Caso relacionado con fotos hist\u00f3ricas que supuestamente mostraban iglesias en Bak\u00fa y un ep\u00edgrafe que manifestaba desprecio por el pueblo azer\u00ed y apoyo a Armenia en la disputa sobre Nagorno Karabaj.\u00a0 Caso sobre fotos de desnudos relacionadas con s\u00edntomas del c\u00e1ncer de mama.\u00a0 Caso relacionado con una publicaci\u00f3n que inclu\u00eda una supuesta cita de Joseph Goebbels, el ministro de propaganda del Reich en la Alemania nazi.\u00a0 Caso relacionado con una publicaci\u00f3n en un grupo que afirmaba que la hidroxicloroquina y la azitromicina son una \u00abcura\u00bb y criticaba la respuesta del gobierno franc\u00e9s al COVID-19.\u00a0 Una vez que el Consejo decida, actualizaremos cada publicaci\u00f3n para incluir los detalles de la decisi\u00f3n y c\u00f3mo ser\u00e1 implementada. Conforme a los estatutos, si el Consejo da una recomendaci\u00f3n sobre nuestras pol\u00edticas, volveremos a actualizar la informaci\u00f3n con nuestra respuesta a esa propuesta. Quienes quieran consultar el estado de un caso que hayan presentado pueden iniciar sesi\u00f3n en el sitio web\u00a0del Consejo Asesor de Contenido y conocer la informaci\u00f3n actualizada en cualquier momento. A medida que el Consejo revise m\u00e1s casos, proporcionaremos un archivo completo que permite hacer b\u00fasquedas de las decisiones de los casos y las medidas que adoptamos en consecuencia.\u00a0 Nuevos fiduciarios del Consejo Asesor de Contenido Como parte del anuncio de hoy, se dio la bienvenida a cinco nuevos fiduciarios que formar\u00e1n parte del fideicomiso del Consejo Asesor de Contenido. Los fiduciarios trabajar\u00e1n junto con el presidente, Paul G. Haaga, Jr., para garantizar que el Consejo cumpla sus objetivos, supervisar y administrar las operaciones financieras, y nombrar miembros. Los fiduciarios no se involucrar\u00e1n en la revisi\u00f3n de casos ni en el dictamen de las decisiones independientes del Consejo sobre contenido. Los nuevos fiduciarios designados son: Kristina Arriaga, Cherine Chalaby, Wanda Felton, Kate O\u2019Regan y Robert Post. Queremos dar la bienvenida y agradecerles por su contribuci\u00f3n para los pr\u00f3ximos meses y a\u00f1os.","og_url":"https:\/\/about.fb.com\/ltam\/news\/2020\/12\/el-consejo-asesor-de-contenido-selecciona-sus-primeros-casos\/","og_site_name":"Acerca de Meta","article_published_time":"2020-12-01T15:29:22+00:00","article_modified_time":"2020-12-05T01:04:40+00:00","og_image":[{"width":1024,"height":576,"url":"https:\/\/about.fb.com\/ltam\/wp-content\/uploads\/sites\/14\/2020\/12\/Oversight_Board_process_banner.jpg?resize=1024,576","type":"image\/jpeg"}],"author":"gigifb","twitter_card":"summary_large_image","twitter_misc":{"Written by":"Meta","Est. reading time":"3 minutos"},"schema":{"@context":"https:\/\/schema.org","@graph":[{"@type":"Article","@id":"https:\/\/about.fb.com\/ltam\/news\/2020\/12\/el-consejo-asesor-de-contenido-selecciona-sus-primeros-casos\/#article","isPartOf":{"@id":"https:\/\/about.fb.com\/ltam\/news\/2020\/12\/el-consejo-asesor-de-contenido-selecciona-sus-primeros-casos\/"},"author":"Facebook company","headline":"El Consejo Asesor de Contenido selecciona sus primeros casos\u00a0","datePublished":"2020-12-01T15:29:22+00:00","dateModified":"2020-12-05T01:04:40+00:00","mainEntityOfPage":{"@id":"https:\/\/about.fb.com\/ltam\/news\/2020\/12\/el-consejo-asesor-de-contenido-selecciona-sus-primeros-casos\/"},"wordCount":684,"publisher":{"@id":"https:\/\/about.fb.com\/ltam\/#organization"},"image":{"@id":"https:\/\/about.fb.com\/ltam\/news\/2020\/12\/el-consejo-asesor-de-contenido-selecciona-sus-primeros-casos\/#primaryimage"},"thumbnailUrl":"https:\/\/about.fb.com\/ltam\/wp-content\/uploads\/sites\/14\/2020\/12\/Oversight_Board_process_banner.jpg?fit=1920%2C1080","keywords":["Consejo Asesor de Contenido"],"articleSection":["El Consejo asesor de contenido","Meta","Pol\u00edtica P\u00fablica"],"inLanguage":"es"},{"@type":"WebPage","@id":"https:\/\/about.fb.com\/ltam\/news\/2020\/12\/el-consejo-asesor-de-contenido-selecciona-sus-primeros-casos\/","url":"https:\/\/about.fb.com\/ltam\/news\/2020\/12\/el-consejo-asesor-de-contenido-selecciona-sus-primeros-casos\/","name":"El Consejo Asesor de Contenido selecciona sus primeros casos\u00a0 | Acerca de Meta","isPartOf":{"@id":"https:\/\/about.fb.com\/ltam\/#website"},"primaryImageOfPage":{"@id":"https:\/\/about.fb.com\/ltam\/news\/2020\/12\/el-consejo-asesor-de-contenido-selecciona-sus-primeros-casos\/#primaryimage"},"image":{"@id":"https:\/\/about.fb.com\/ltam\/news\/2020\/12\/el-consejo-asesor-de-contenido-selecciona-sus-primeros-casos\/#primaryimage"},"thumbnailUrl":"https:\/\/about.fb.com\/ltam\/wp-content\/uploads\/sites\/14\/2020\/12\/Oversight_Board_process_banner.jpg?fit=1920%2C1080","datePublished":"2020-12-01T15:29:22+00:00","dateModified":"2020-12-05T01:04:40+00:00","breadcrumb":{"@id":"https:\/\/about.fb.com\/ltam\/news\/2020\/12\/el-consejo-asesor-de-contenido-selecciona-sus-primeros-casos\/#breadcrumb"},"inLanguage":"es","potentialAction":[{"@type":"ReadAction","target":["https:\/\/about.fb.com\/ltam\/news\/2020\/12\/el-consejo-asesor-de-contenido-selecciona-sus-primeros-casos\/"]}],"author":"Acerca de Meta"},{"@type":"ImageObject","inLanguage":"es","@id":"https:\/\/about.fb.com\/ltam\/news\/2020\/12\/el-consejo-asesor-de-contenido-selecciona-sus-primeros-casos\/#primaryimage","url":"https:\/\/about.fb.com\/ltam\/wp-content\/uploads\/sites\/14\/2020\/12\/Oversight_Board_process_banner.jpg?fit=1920%2C1080","contentUrl":"https:\/\/about.fb.com\/ltam\/wp-content\/uploads\/sites\/14\/2020\/12\/Oversight_Board_process_banner.jpg?fit=1920%2C1080","width":1920,"height":1080},{"@type":"BreadcrumbList","@id":"https:\/\/about.fb.com\/ltam\/news\/2020\/12\/el-consejo-asesor-de-contenido-selecciona-sus-primeros-casos\/#breadcrumb","itemListElement":[{"@type":"ListItem","position":1,"name":"Home","item":"https:\/\/about.fb.com\/ltam\/"},{"@type":"ListItem","position":2,"name":"El Consejo Asesor de Contenido selecciona sus primeros casos\u00a0"}]},{"@type":"WebSite","@id":"https:\/\/about.fb.com\/ltam\/#website","url":"https:\/\/about.fb.com\/news\/","name":"Acerca de Meta","description":"","publisher":{"@id":"https:\/\/about.fb.com\/ltam\/#organization"},"potentialAction":[{"@type":"SearchAction","target":{"@type":"EntryPoint","urlTemplate":"https:\/\/about.fb.com\/ltam\/?s={search_term_string}"},"query-input":{"@type":"PropertyValueSpecification","valueRequired":true,"valueName":"search_term_string"}}],"inLanguage":"es","alternateName":["Meta Newsroom","Meta"]},{"@type":"Organization","@id":"https:\/\/about.fb.com\/ltam\/#organization","name":"Meta","url":"https:\/\/about.fb.com\/ltam\/","logo":{"@type":"ImageObject","inLanguage":"es","@id":"https:\/\/about.fb.com\/ltam\/#\/schema\/logo\/image\/","url":"https:\/\/about.fb.com\/ltam\/wp-content\/uploads\/sites\/14\/2021\/10\/meta-social-16x9-1.jpg?fit=8000%2C4500","contentUrl":"https:\/\/about.fb.com\/ltam\/wp-content\/uploads\/sites\/14\/2021\/10\/meta-social-16x9-1.jpg?fit=8000%2C4500","width":8000,"height":4500,"caption":"Meta"},"image":{"@id":"https:\/\/about.fb.com\/ltam\/#\/schema\/logo\/image\/"}}]}},"jetpack_featured_media_url":"https:\/\/about.fb.com\/ltam\/wp-content\/uploads\/sites\/14\/2020\/12\/Oversight_Board_process_banner.jpg?fit=1920%2C1080","jetpack-related-posts":[],"jetpack_sharing_enabled":true,"amp_enabled":true,"_links":{"self":[{"href":"https:\/\/about.fb.com\/ltam\/wp-json\/wp\/v2\/posts\/22209","targetHints":{"allow":["GET"]}}],"collection":[{"href":"https:\/\/about.fb.com\/ltam\/wp-json\/wp\/v2\/posts"}],"about":[{"href":"https:\/\/about.fb.com\/ltam\/wp-json\/wp\/v2\/types\/post"}],"author":[{"embeddable":true,"href":"https:\/\/about.fb.com\/ltam\/wp-json\/wp\/v2\/users\/108706932"}],"replies":[{"embeddable":true,"href":"https:\/\/about.fb.com\/ltam\/wp-json\/wp\/v2\/comments?post=22209"}],"version-history":[{"count":18,"href":"https:\/\/about.fb.com\/ltam\/wp-json\/wp\/v2\/posts\/22209\/revisions"}],"predecessor-version":[{"id":22268,"href":"https:\/\/about.fb.com\/ltam\/wp-json\/wp\/v2\/posts\/22209\/revisions\/22268"}],"wp:featuredmedia":[{"embeddable":true,"href":"https:\/\/about.fb.com\/ltam\/wp-json\/wp\/v2\/media\/22213"}],"wp:attachment":[{"href":"https:\/\/about.fb.com\/ltam\/wp-json\/wp\/v2\/media?parent=22209"}],"wp:term":[{"taxonomy":"category","embeddable":true,"href":"https:\/\/about.fb.com\/ltam\/wp-json\/wp\/v2\/categories?post=22209"},{"taxonomy":"post_tag","embeddable":true,"href":"https:\/\/about.fb.com\/ltam\/wp-json\/wp\/v2\/tags?post=22209"}],"curies":[{"name":"wp","href":"https:\/\/api.w.org\/{rel}","templated":true}]}}