{"id":8021,"date":"2019-10-24T18:42:20","date_gmt":"2019-10-24T16:42:20","guid":{"rendered":"http:\/\/fr.newsroom.fb.com\/?p=8021"},"modified":"2020-02-25T06:55:42","modified_gmt":"2020-02-25T05:55:42","slug":"facebook-a-rennes-les-30-et-31-octobre-pour-levenement-boost-with-facebook","status":"publish","type":"post","link":"https:\/\/about.fb.com\/fr\/news\/2019\/10\/facebook-a-rennes-les-30-et-31-octobre-pour-levenement-boost-with-facebook\/","title":{"rendered":"Facebook \u00e0 Rennes les 30 et 31 octobre pour l\u2019\u00e9v\u00e9nement\u00a0 Boost With Facebook"},"content":{"rendered":"<p><span style=\"font-weight:400\">Dans la continuit\u00e9 de son engagement \u00e0 <\/span><a href=\"https:\/\/about.fb.com\/fr\/2018\/01\/facebook-sengage-a-former-65-000-personnes-aux-competences-digitales-en-france-dici-fin-2019\/\"><span style=\"font-weight:400\">former 65 000 Fran\u00e7ais aux comp\u00e9tences digitales<\/span><\/a><span style=\"font-weight:400\">, et du programme mondial \u201cFacebook Community Boost\u201d, Facebook d\u00e9barque \u00e0 Rennes les 30 et 31 octobre pour l\u2019\u00e9v\u00e9nement <\/span><i><span style=\"font-weight:400\">Boost with Facebook.<\/span><\/i><\/p>\n<p><span style=\"font-weight:400\">2 jours de formation num\u00e9rique gratuite \u00e0 destination des TPE-PME, des entrepreneurs, des personnes en recherche d\u2019emploi et de toute personne d\u00e9sireuse de d\u00e9velopper ses connaissances en mati\u00e8re de num\u00e9rique.<\/span><\/p>\n<p><b>Un \u00e9v\u00e9nement gratuit et accessible \u00e0 tous\u00a0<\/b><\/p>\n<p><span style=\"font-weight:400\">Facebook d\u00e9barque \u00e0 Rennes pour donner \u00e0 d\u00e9couvrir toutes les opportunit\u00e9s qu\u2019offre le num\u00e9rique. Les \u00e9quipes de Facebook et leurs partenaires (<\/span><i><span style=\"font-weight:400\">Ouest-France, Adopte le Digital, Simplon<\/span><\/i><span style=\"font-weight:400\"> et<\/span><i><span style=\"font-weight:400\"> Numate<\/span><\/i><span style=\"font-weight:400\">) animeront des conf\u00e9rences et ateliers gratuits et accessibles \u00e0 tous. Tous les publics &#8211; g\u00e9rants et salari\u00e9s de TPE-PME, entrepreneurs, startups, et plus globalement tout habitant de la r\u00e9gion curieux de se former au num\u00e9rique &#8211; pourront enrichir leurs comp\u00e9tences digitales afin de booster leur activit\u00e9 professionnelle ou donner une nouvelle impulsion \u00e0 leur carri\u00e8re.\u00a0<\/span><\/p>\n<p><span style=\"font-weight:400\">Il sera notamment possible de :<\/span><\/p>\n<ul>\n<li style=\"font-weight:400\"><span style=\"font-weight:400\">D\u00e9couvrir les retours d\u2019exp\u00e9rience inspirants de TPE-PME du Grand Ouest qui ont d\u00e9velopp\u00e9 leur activit\u00e9 gr\u00e2ce au num\u00e9rique ;<\/span><\/li>\n<li style=\"font-weight:400\"><span style=\"font-weight:400\">Recevoir un diagnostic num\u00e9rique personnalis\u00e9 et gratuit pour son entreprise ;\u00a0<\/span><\/li>\n<li style=\"font-weight:400\"><span style=\"font-weight:400\">B\u00e9n\u00e9ficier d\u2019une formation concr\u00e8te sur les r\u00e9seaux sociaux ;<\/span><\/li>\n<li style=\"font-weight:400\"><span style=\"font-weight:400\">\u00c9tablir sa pr\u00e9sence en ligne avec Facebook et cr\u00e9er des publications impactantes ;<\/span><\/li>\n<li style=\"font-weight:400\"><span style=\"font-weight:400\">Atteindre de nouveaux clients avec Instagram ;<\/span><\/li>\n<li style=\"font-weight:400\"><span style=\"font-weight:400\">Booster sa cr\u00e9ativit\u00e9, et bien plus encore.<\/span><\/li>\n<\/ul>\n<p><span style=\"font-weight:400\">Mercredi 30 octobre: D\u00e9veloppez votre entreprise gr\u00e2ce au digital<\/span><\/p>\n<ul>\n<li style=\"font-weight:400\"><span style=\"font-weight:400\">Ouverture, tables rondes, t\u00e9moignages de TPE\/PME locales, ateliers pour tous les niveaux\u2026\u00a0<\/span><\/li>\n<\/ul>\n<p><span style=\"font-weight:400\">Jeudi 31 octobre : Startups: comment booster votre croissance<\/span><\/p>\n<ul>\n<li style=\"font-weight:400\"><span style=\"font-weight:400\">Rencontres, tables rondes, t\u00e9moignages de startups locales, ateliers sur les r\u00e9seaux sociaux, le growth hacking, discussions autour de l\u2019emploi, de l\u2019innovation, et de la cybers\u00e9curit\u00e9<\/span><\/li>\n<\/ul>\n<p><span style=\"font-weight:400\">Anna\u00efg Le Meur, D\u00e9put\u00e9e du Finist\u00e8re, et <\/span><span style=\"font-weight:400\">Matthieu Laporte, Directeur TPE\/PME<\/span> <span style=\"font-weight:400\">de Facebook pour l&rsquo;E<\/span><span style=\"font-weight:400\">urope du Sud, l&rsquo;Afrique &amp; le Moyen-Orient <\/span><span style=\"font-weight:400\">inaugureront l\u2019\u00e9v\u00e9nement le mercredi 30 octobre \u00e0 9h.<\/span><\/p>\n<p><span style=\"font-weight:400\">Pour en savoir plus et s\u2019inscrire \u00e0 l\u2019\u00e9v\u00e9nement : <\/span><a href=\"https:\/\/boostwithfacebook.com\/rennes\"><span style=\"font-weight:400\">https:\/\/boostwithfacebook.com\/rennes<\/span><\/a><\/p>\n<p><img data-recalc-dims=\"1\" loading=\"lazy\" decoding=\"async\" class=\"aligncenter size-large wp-image-8024\" src=\"https:\/\/about.fb.com\/fr\/wp-content\/uploads\/sites\/5\/2019\/10\/bwf-rennes-1200x600-2.jpg?resize=960%2C540\" alt=\"\" width=\"960\" height=\"540\" \/><\/p>\n<p><b>Facebook soutient la transformation num\u00e9rique des TPE-PME fran\u00e7aises<\/b><\/p>\n<p><span style=\"font-weight:400\">Que ce soit pour d\u00e9velopper leur chiffre d\u2019affaires, atteindre de nouvelles audiences ou cr\u00e9er des emplois, le num\u00e9rique constitue un vivier de croissance majeur pour les TPE-PME fran\u00e7aises. Ma\u00eetriser les outils num\u00e9riques n\u00e9cessite de se former et d\u2019acqu\u00e9rir certaines comp\u00e9tences.\u00a0<\/span><\/p>\n<p><span style=\"font-weight:400\">C\u2019est pourquoi Facebook est impliqu\u00e9 depuis plusieurs ann\u00e9es pour la transformation digitale des territoires et des acteurs fran\u00e7ais. Par la voix de sa COO Sheryl Sandberg, Facebook s\u2019est ainsi engag\u00e9 \u00e0 soutenir la digitalisation des TPE-PME, des territoires et des individus, en<\/span><a href=\"https:\/\/about.fb.com\/fr\/2018\/01\/facebook-sengage-a-former-65-000-personnes-aux-competences-digitales-en-france-dici-fin-2019\/\"><span style=\"font-weight:400\"> formant 65 000 personnes en France d&rsquo;ici fin 2019<\/span><\/a><span style=\"font-weight:400\">. Facebook travaille avec les organisations locales pour fournir des comp\u00e9tences num\u00e9riques et de la formation aux personnes en recherche d\u2019emploi, pour conseiller les entrepreneurs sur la fa\u00e7on de se lancer et pour aider les entreprises locales et les organismes \u00e0 but non lucratif \u00e0 tirer le meilleur parti des outils num\u00e9riques.<\/span><\/p>\n","protected":false},"excerpt":{"rendered":"Dans la continuit\u00e9 de son engagement \u00e0 former 65 000 Fran\u00e7ais aux comp\u00e9tences digitales, et du programme mondial \u201cFacebook Community Boost\u201d, Facebook d\u00e9barque \u00e0 Rennes les 30 et 31 octobre pour l\u2019\u00e9v\u00e9nement Boost with Facebook. 2 jours de formation num\u00e9rique gratuite \u00e0 destination des TPE-PME, des entrepreneurs, des personnes en recherche d\u2019emploi et de toute personne d\u00e9sireuse de d\u00e9velopper ses connaissances en mati\u00e8re de num\u00e9rique. Un \u00e9v\u00e9nement gratuit et accessible \u00e0 tous\u00a0 Facebook d\u00e9barque \u00e0 Rennes pour donner \u00e0 d\u00e9couvrir toutes les opportunit\u00e9s qu\u2019offre le num\u00e9rique. Les \u00e9quipes de Facebook et leurs partenaires (Ouest-France, Adopte le Digital, Simplon et Numate) animeront des conf\u00e9rences et ateliers gratuits et accessibles \u00e0 tous. Tous les publics &#8211; g\u00e9rants et salari\u00e9s de TPE-PME, entrepreneurs, startups, et plus globalement tout habitant de la r\u00e9gion curieux de se former au num\u00e9rique &#8211; pourront enrichir leurs comp\u00e9tences digitales afin de booster leur activit\u00e9 professionnelle ou donner une nouvelle impulsion \u00e0 leur carri\u00e8re.\u00a0 Il sera notamment possible de : D\u00e9couvrir les retours d\u2019exp\u00e9rience inspirants de TPE-PME du Grand Ouest qui ont d\u00e9velopp\u00e9 leur activit\u00e9 gr\u00e2ce au num\u00e9rique ; Recevoir un diagnostic num\u00e9rique personnalis\u00e9 et gratuit pour son entreprise ;\u00a0 B\u00e9n\u00e9ficier d\u2019une formation concr\u00e8te sur les r\u00e9seaux sociaux ; \u00c9tablir sa pr\u00e9sence en ligne avec Facebook et cr\u00e9er des publications impactantes ; Atteindre de nouveaux clients avec Instagram ; Booster sa cr\u00e9ativit\u00e9, et bien plus encore. Mercredi 30 octobre: D\u00e9veloppez votre entreprise gr\u00e2ce au digital Ouverture, tables rondes, t\u00e9moignages de TPE\/PME locales, ateliers pour tous les niveaux\u2026\u00a0 Jeudi 31 octobre : Startups: comment booster votre croissance Rencontres, tables rondes, t\u00e9moignages de startups locales, ateliers sur les r\u00e9seaux sociaux, le growth hacking, discussions autour de l\u2019emploi, de l\u2019innovation, et de la cybers\u00e9curit\u00e9 Anna\u00efg Le Meur, D\u00e9put\u00e9e du Finist\u00e8re, et Matthieu Laporte, Directeur TPE\/PME de Facebook pour l&rsquo;Europe du Sud, l&rsquo;Afrique &amp; le Moyen-Orient inaugureront l\u2019\u00e9v\u00e9nement le mercredi 30 octobre \u00e0 9h. Pour en savoir plus et s\u2019inscrire \u00e0 l\u2019\u00e9v\u00e9nement : <a href=\"https:\/\/boostwithfacebook.com\/rennes\" rel=\"nofollow\">https:\/\/boostwithfacebook.com\/rennes<\/a> Facebook soutient la transformation num\u00e9rique des TPE-PME fran\u00e7aises Que ce soit pour d\u00e9velopper leur chiffre d\u2019affaires, atteindre de nouvelles audiences ou cr\u00e9er des emplois, le num\u00e9rique constitue un vivier de croissance majeur pour les TPE-PME fran\u00e7aises. Ma\u00eetriser les outils num\u00e9riques n\u00e9cessite de se former et d\u2019acqu\u00e9rir certaines comp\u00e9tences.\u00a0 C\u2019est pourquoi Facebook est impliqu\u00e9 depuis plusieurs ann\u00e9es pour la transformation digitale des territoires et des acteurs fran\u00e7ais. Par la voix de sa COO Sheryl Sandberg, Facebook s\u2019est ainsi engag\u00e9 \u00e0 soutenir la digitalisation des TPE-PME, des territoires et des individus, en formant 65 000 personnes en France d&rsquo;ici fin 2019. Facebook travaille avec les organisations locales pour fournir des comp\u00e9tences num\u00e9riques et de la formation aux personnes en recherche d\u2019emploi, pour conseiller les entrepreneurs sur la fa\u00e7on de se lancer et pour aider les entreprises locales et les organismes \u00e0 but non lucratif \u00e0 tirer le meilleur parti des outils num\u00e9riques.","protected":false},"author":150900173,"featured_media":0,"comment_status":"closed","ping_status":"closed","sticky":false,"template":"","format":"standard","meta":{"_jetpack_memberships_contains_paid_content":false,"footnotes":""},"categories":[243897990],"tags":[],"class_list":["post-8021","post","type-post","status-publish","format-standard","hentry","category-actualites"],"yoast_head":"<!-- This site is optimized with the Yoast SEO plugin v27.2 - https:\/\/yoast.com\/product\/yoast-seo-wordpress\/ -->\n<title>Facebook \u00e0 Rennes les 30 et 31 octobre pour l\u2019\u00e9v\u00e9nement\u00a0 Boost With Facebook | \u00c0 propos de Meta<\/title>\n<meta name=\"robots\" content=\"index, follow, max-snippet:-1, max-image-preview:large, max-video-preview:-1\" \/>\n<link rel=\"canonical\" href=\"https:\/\/about.fb.com\/fr\/news\/2019\/10\/facebook-a-rennes-les-30-et-31-octobre-pour-levenement-boost-with-facebook\/\" \/>\n<meta property=\"og:locale\" content=\"fr_FR\" \/>\n<meta property=\"og:type\" content=\"article\" \/>\n<meta property=\"og:title\" content=\"Facebook \u00e0 Rennes les 30 et 31 octobre pour l\u2019\u00e9v\u00e9nement\u00a0 Boost With Facebook | \u00c0 propos de Meta\" \/>\n<meta property=\"og:description\" content=\"Dans la continuit\u00e9 de son engagement \u00e0 former 65 000 Fran\u00e7ais aux comp\u00e9tences digitales, et du programme mondial \u201cFacebook Community Boost\u201d, Facebook d\u00e9barque \u00e0 Rennes les 30 et 31 octobre pour l\u2019\u00e9v\u00e9nement Boost with Facebook. 2 jours de formation num\u00e9rique gratuite \u00e0 destination des TPE-PME, des entrepreneurs, des personnes en recherche d\u2019emploi et de toute personne d\u00e9sireuse de d\u00e9velopper ses connaissances en mati\u00e8re de num\u00e9rique. Un \u00e9v\u00e9nement gratuit et accessible \u00e0 tous\u00a0 Facebook d\u00e9barque \u00e0 Rennes pour donner \u00e0 d\u00e9couvrir toutes les opportunit\u00e9s qu\u2019offre le num\u00e9rique. Les \u00e9quipes de Facebook et leurs partenaires (Ouest-France, Adopte le Digital, Simplon et Numate) animeront des conf\u00e9rences et ateliers gratuits et accessibles \u00e0 tous. Tous les publics &#8211; g\u00e9rants et salari\u00e9s de TPE-PME, entrepreneurs, startups, et plus globalement tout habitant de la r\u00e9gion curieux de se former au num\u00e9rique &#8211; pourront enrichir leurs comp\u00e9tences digitales afin de booster leur activit\u00e9 professionnelle ou donner une nouvelle impulsion \u00e0 leur carri\u00e8re.\u00a0 Il sera notamment possible de : D\u00e9couvrir les retours d\u2019exp\u00e9rience inspirants de TPE-PME du Grand Ouest qui ont d\u00e9velopp\u00e9 leur activit\u00e9 gr\u00e2ce au num\u00e9rique ; Recevoir un diagnostic num\u00e9rique personnalis\u00e9 et gratuit pour son entreprise ;\u00a0 B\u00e9n\u00e9ficier d\u2019une formation concr\u00e8te sur les r\u00e9seaux sociaux ; \u00c9tablir sa pr\u00e9sence en ligne avec Facebook et cr\u00e9er des publications impactantes ; Atteindre de nouveaux clients avec Instagram ; Booster sa cr\u00e9ativit\u00e9, et bien plus encore. Mercredi 30 octobre: D\u00e9veloppez votre entreprise gr\u00e2ce au digital Ouverture, tables rondes, t\u00e9moignages de TPE\/PME locales, ateliers pour tous les niveaux\u2026\u00a0 Jeudi 31 octobre : Startups: comment booster votre croissance Rencontres, tables rondes, t\u00e9moignages de startups locales, ateliers sur les r\u00e9seaux sociaux, le growth hacking, discussions autour de l\u2019emploi, de l\u2019innovation, et de la cybers\u00e9curit\u00e9 Anna\u00efg Le Meur, D\u00e9put\u00e9e du Finist\u00e8re, et Matthieu Laporte, Directeur TPE\/PME de Facebook pour l&rsquo;Europe du Sud, l&rsquo;Afrique &amp; le Moyen-Orient inaugureront l\u2019\u00e9v\u00e9nement le mercredi 30 octobre \u00e0 9h. Pour en savoir plus et s\u2019inscrire \u00e0 l\u2019\u00e9v\u00e9nement : https:\/\/boostwithfacebook.com\/rennes Facebook soutient la transformation num\u00e9rique des TPE-PME fran\u00e7aises Que ce soit pour d\u00e9velopper leur chiffre d\u2019affaires, atteindre de nouvelles audiences ou cr\u00e9er des emplois, le num\u00e9rique constitue un vivier de croissance majeur pour les TPE-PME fran\u00e7aises. Ma\u00eetriser les outils num\u00e9riques n\u00e9cessite de se former et d\u2019acqu\u00e9rir certaines comp\u00e9tences.\u00a0 C\u2019est pourquoi Facebook est impliqu\u00e9 depuis plusieurs ann\u00e9es pour la transformation digitale des territoires et des acteurs fran\u00e7ais. Par la voix de sa COO Sheryl Sandberg, Facebook s\u2019est ainsi engag\u00e9 \u00e0 soutenir la digitalisation des TPE-PME, des territoires et des individus, en formant 65 000 personnes en France d&rsquo;ici fin 2019. Facebook travaille avec les organisations locales pour fournir des comp\u00e9tences num\u00e9riques et de la formation aux personnes en recherche d\u2019emploi, pour conseiller les entrepreneurs sur la fa\u00e7on de se lancer et pour aider les entreprises locales et les organismes \u00e0 but non lucratif \u00e0 tirer le meilleur parti des outils num\u00e9riques.\" \/>\n<meta property=\"og:url\" content=\"https:\/\/about.fb.com\/fr\/news\/2019\/10\/facebook-a-rennes-les-30-et-31-octobre-pour-levenement-boost-with-facebook\/\" \/>\n<meta property=\"og:site_name\" content=\"\u00c0 propos de Meta\" \/>\n<meta property=\"article:published_time\" content=\"2019-10-24T16:42:20+00:00\" \/>\n<meta property=\"article:modified_time\" content=\"2020-02-25T05:55:42+00:00\" \/>\n<meta property=\"og:image\" content=\"https:\/\/about.fb.com\/fr\/wp-content\/uploads\/sites\/5\/2019\/10\/bwf-rennes-1200x600-2.jpg\" \/>\n<meta name=\"author\" content=\"louisonlerein\" \/>\n<meta name=\"twitter:card\" content=\"summary_large_image\" \/>\n<meta name=\"twitter:label1\" content=\"Written by\" \/>\n\t<meta name=\"twitter:data1\" content=\"Meta\" \/>\n\t<meta name=\"twitter:label2\" content=\"Est. reading time\" \/>\n\t<meta name=\"twitter:data2\" content=\"3 minutes\" \/>\n<script type=\"application\/ld+json\" class=\"yoast-schema-graph\">{\"@context\":\"https:\/\/schema.org\",\"@graph\":[{\"@type\":\"Article\",\"@id\":\"https:\/\/about.fb.com\/fr\/news\/2019\/10\/facebook-a-rennes-les-30-et-31-octobre-pour-levenement-boost-with-facebook\/#article\",\"isPartOf\":{\"@id\":\"https:\/\/about.fb.com\/fr\/news\/2019\/10\/facebook-a-rennes-les-30-et-31-octobre-pour-levenement-boost-with-facebook\/\"},\"author\":\"Facebook company\",\"headline\":\"Facebook \u00e0 Rennes les 30 et 31 octobre pour l\u2019\u00e9v\u00e9nement\u00a0 Boost With Facebook\",\"datePublished\":\"2019-10-24T16:42:20+00:00\",\"dateModified\":\"2020-02-25T05:55:42+00:00\",\"mainEntityOfPage\":{\"@id\":\"https:\/\/about.fb.com\/fr\/news\/2019\/10\/facebook-a-rennes-les-30-et-31-octobre-pour-levenement-boost-with-facebook\/\"},\"wordCount\":538,\"publisher\":{\"@id\":\"https:\/\/about.fb.com\/fr\/#organization\"},\"image\":{\"@id\":\"https:\/\/about.fb.com\/fr\/news\/2019\/10\/facebook-a-rennes-les-30-et-31-octobre-pour-levenement-boost-with-facebook\/#primaryimage\"},\"thumbnailUrl\":\"https:\/\/about.fb.com\/fr\/wp-content\/uploads\/sites\/5\/2019\/10\/bwf-rennes-1200x600-2.jpg\",\"articleSection\":[\"Actualit\u00e9s\"],\"inLanguage\":\"fr-FR\"},{\"@type\":\"WebPage\",\"@id\":\"https:\/\/about.fb.com\/fr\/news\/2019\/10\/facebook-a-rennes-les-30-et-31-octobre-pour-levenement-boost-with-facebook\/\",\"url\":\"https:\/\/about.fb.com\/fr\/news\/2019\/10\/facebook-a-rennes-les-30-et-31-octobre-pour-levenement-boost-with-facebook\/\",\"name\":\"Facebook \u00e0 Rennes les 30 et 31 octobre pour l\u2019\u00e9v\u00e9nement\u00a0 Boost With Facebook | \u00c0 propos de Meta\",\"isPartOf\":{\"@id\":\"https:\/\/about.fb.com\/fr\/#website\"},\"primaryImageOfPage\":{\"@id\":\"https:\/\/about.fb.com\/fr\/news\/2019\/10\/facebook-a-rennes-les-30-et-31-octobre-pour-levenement-boost-with-facebook\/#primaryimage\"},\"image\":{\"@id\":\"https:\/\/about.fb.com\/fr\/news\/2019\/10\/facebook-a-rennes-les-30-et-31-octobre-pour-levenement-boost-with-facebook\/#primaryimage\"},\"thumbnailUrl\":\"https:\/\/about.fb.com\/fr\/wp-content\/uploads\/sites\/5\/2019\/10\/bwf-rennes-1200x600-2.jpg\",\"datePublished\":\"2019-10-24T16:42:20+00:00\",\"dateModified\":\"2020-02-25T05:55:42+00:00\",\"breadcrumb\":{\"@id\":\"https:\/\/about.fb.com\/fr\/news\/2019\/10\/facebook-a-rennes-les-30-et-31-octobre-pour-levenement-boost-with-facebook\/#breadcrumb\"},\"inLanguage\":\"fr-FR\",\"potentialAction\":[{\"@type\":\"ReadAction\",\"target\":[\"https:\/\/about.fb.com\/fr\/news\/2019\/10\/facebook-a-rennes-les-30-et-31-octobre-pour-levenement-boost-with-facebook\/\"]}],\"author\":\"\u00c0 propos de Meta\"},{\"@type\":\"ImageObject\",\"inLanguage\":\"fr-FR\",\"@id\":\"https:\/\/about.fb.com\/fr\/news\/2019\/10\/facebook-a-rennes-les-30-et-31-octobre-pour-levenement-boost-with-facebook\/#primaryimage\",\"url\":\"https:\/\/about.fb.com\/fr\/wp-content\/uploads\/sites\/5\/2019\/10\/bwf-rennes-1200x600-2.jpg\",\"contentUrl\":\"https:\/\/about.fb.com\/fr\/wp-content\/uploads\/sites\/5\/2019\/10\/bwf-rennes-1200x600-2.jpg\"},{\"@type\":\"BreadcrumbList\",\"@id\":\"https:\/\/about.fb.com\/fr\/news\/2019\/10\/facebook-a-rennes-les-30-et-31-octobre-pour-levenement-boost-with-facebook\/#breadcrumb\",\"itemListElement\":[{\"@type\":\"ListItem\",\"position\":1,\"name\":\"Home\",\"item\":\"https:\/\/about.fb.com\/fr\/\"},{\"@type\":\"ListItem\",\"position\":2,\"name\":\"Facebook \u00e0 Rennes les 30 et 31 octobre pour l\u2019\u00e9v\u00e9nement\u00a0 Boost With Facebook\"}]},{\"@type\":\"WebSite\",\"@id\":\"https:\/\/about.fb.com\/fr\/#website\",\"url\":\"https:\/\/about.fb.com\/news\/\",\"name\":\"\u00c0 propos de Meta\",\"description\":\"\",\"publisher\":{\"@id\":\"https:\/\/about.fb.com\/fr\/#organization\"},\"potentialAction\":[{\"@type\":\"SearchAction\",\"target\":{\"@type\":\"EntryPoint\",\"urlTemplate\":\"https:\/\/about.fb.com\/fr\/?s={search_term_string}\"},\"query-input\":{\"@type\":\"PropertyValueSpecification\",\"valueRequired\":true,\"valueName\":\"search_term_string\"}}],\"inLanguage\":\"fr-FR\",\"alternateName\":[\"Meta Newsroom\",\"Meta\"]},{\"@type\":\"Organization\",\"@id\":\"https:\/\/about.fb.com\/fr\/#organization\",\"name\":\"Meta\",\"url\":\"https:\/\/about.fb.com\/fr\/\",\"logo\":{\"@type\":\"ImageObject\",\"inLanguage\":\"fr-FR\",\"@id\":\"https:\/\/about.fb.com\/fr\/#\/schema\/logo\/image\/\",\"url\":\"https:\/\/about.fb.com\/fr\/wp-content\/uploads\/sites\/12\/2021\/10\/meta-social-16x9-1.jpg?fit=8000%2C4500\",\"contentUrl\":\"https:\/\/about.fb.com\/fr\/wp-content\/uploads\/sites\/12\/2021\/10\/meta-social-16x9-1.jpg?fit=8000%2C4500\",\"width\":8000,\"height\":4500,\"caption\":\"Meta\"},\"image\":{\"@id\":\"https:\/\/about.fb.com\/fr\/#\/schema\/logo\/image\/\"}}]}<\/script>\n<!-- \/ Yoast SEO plugin. -->","yoast_head_json":{"title":"Facebook \u00e0 Rennes les 30 et 31 octobre pour l\u2019\u00e9v\u00e9nement\u00a0 Boost With Facebook | \u00c0 propos de Meta","robots":{"index":"index","follow":"follow","max-snippet":"max-snippet:-1","max-image-preview":"max-image-preview:large","max-video-preview":"max-video-preview:-1"},"canonical":"https:\/\/about.fb.com\/fr\/news\/2019\/10\/facebook-a-rennes-les-30-et-31-octobre-pour-levenement-boost-with-facebook\/","og_locale":"fr_FR","og_type":"article","og_title":"Facebook \u00e0 Rennes les 30 et 31 octobre pour l\u2019\u00e9v\u00e9nement\u00a0 Boost With Facebook | \u00c0 propos de Meta","og_description":"Dans la continuit\u00e9 de son engagement \u00e0 former 65 000 Fran\u00e7ais aux comp\u00e9tences digitales, et du programme mondial \u201cFacebook Community Boost\u201d, Facebook d\u00e9barque \u00e0 Rennes les 30 et 31 octobre pour l\u2019\u00e9v\u00e9nement Boost with Facebook. 2 jours de formation num\u00e9rique gratuite \u00e0 destination des TPE-PME, des entrepreneurs, des personnes en recherche d\u2019emploi et de toute personne d\u00e9sireuse de d\u00e9velopper ses connaissances en mati\u00e8re de num\u00e9rique. Un \u00e9v\u00e9nement gratuit et accessible \u00e0 tous\u00a0 Facebook d\u00e9barque \u00e0 Rennes pour donner \u00e0 d\u00e9couvrir toutes les opportunit\u00e9s qu\u2019offre le num\u00e9rique. Les \u00e9quipes de Facebook et leurs partenaires (Ouest-France, Adopte le Digital, Simplon et Numate) animeront des conf\u00e9rences et ateliers gratuits et accessibles \u00e0 tous. Tous les publics &#8211; g\u00e9rants et salari\u00e9s de TPE-PME, entrepreneurs, startups, et plus globalement tout habitant de la r\u00e9gion curieux de se former au num\u00e9rique &#8211; pourront enrichir leurs comp\u00e9tences digitales afin de booster leur activit\u00e9 professionnelle ou donner une nouvelle impulsion \u00e0 leur carri\u00e8re.\u00a0 Il sera notamment possible de : D\u00e9couvrir les retours d\u2019exp\u00e9rience inspirants de TPE-PME du Grand Ouest qui ont d\u00e9velopp\u00e9 leur activit\u00e9 gr\u00e2ce au num\u00e9rique ; Recevoir un diagnostic num\u00e9rique personnalis\u00e9 et gratuit pour son entreprise ;\u00a0 B\u00e9n\u00e9ficier d\u2019une formation concr\u00e8te sur les r\u00e9seaux sociaux ; \u00c9tablir sa pr\u00e9sence en ligne avec Facebook et cr\u00e9er des publications impactantes ; Atteindre de nouveaux clients avec Instagram ; Booster sa cr\u00e9ativit\u00e9, et bien plus encore. Mercredi 30 octobre: D\u00e9veloppez votre entreprise gr\u00e2ce au digital Ouverture, tables rondes, t\u00e9moignages de TPE\/PME locales, ateliers pour tous les niveaux\u2026\u00a0 Jeudi 31 octobre : Startups: comment booster votre croissance Rencontres, tables rondes, t\u00e9moignages de startups locales, ateliers sur les r\u00e9seaux sociaux, le growth hacking, discussions autour de l\u2019emploi, de l\u2019innovation, et de la cybers\u00e9curit\u00e9 Anna\u00efg Le Meur, D\u00e9put\u00e9e du Finist\u00e8re, et Matthieu Laporte, Directeur TPE\/PME de Facebook pour l&rsquo;Europe du Sud, l&rsquo;Afrique &amp; le Moyen-Orient inaugureront l\u2019\u00e9v\u00e9nement le mercredi 30 octobre \u00e0 9h. Pour en savoir plus et s\u2019inscrire \u00e0 l\u2019\u00e9v\u00e9nement : https:\/\/boostwithfacebook.com\/rennes Facebook soutient la transformation num\u00e9rique des TPE-PME fran\u00e7aises Que ce soit pour d\u00e9velopper leur chiffre d\u2019affaires, atteindre de nouvelles audiences ou cr\u00e9er des emplois, le num\u00e9rique constitue un vivier de croissance majeur pour les TPE-PME fran\u00e7aises. Ma\u00eetriser les outils num\u00e9riques n\u00e9cessite de se former et d\u2019acqu\u00e9rir certaines comp\u00e9tences.\u00a0 C\u2019est pourquoi Facebook est impliqu\u00e9 depuis plusieurs ann\u00e9es pour la transformation digitale des territoires et des acteurs fran\u00e7ais. Par la voix de sa COO Sheryl Sandberg, Facebook s\u2019est ainsi engag\u00e9 \u00e0 soutenir la digitalisation des TPE-PME, des territoires et des individus, en formant 65 000 personnes en France d&rsquo;ici fin 2019. Facebook travaille avec les organisations locales pour fournir des comp\u00e9tences num\u00e9riques et de la formation aux personnes en recherche d\u2019emploi, pour conseiller les entrepreneurs sur la fa\u00e7on de se lancer et pour aider les entreprises locales et les organismes \u00e0 but non lucratif \u00e0 tirer le meilleur parti des outils num\u00e9riques.","og_url":"https:\/\/about.fb.com\/fr\/news\/2019\/10\/facebook-a-rennes-les-30-et-31-octobre-pour-levenement-boost-with-facebook\/","og_site_name":"\u00c0 propos de Meta","article_published_time":"2019-10-24T16:42:20+00:00","article_modified_time":"2020-02-25T05:55:42+00:00","og_image":[{"url":"https:\/\/about.fb.com\/fr\/wp-content\/uploads\/sites\/5\/2019\/10\/bwf-rennes-1200x600-2.jpg","type":"","width":"","height":""}],"author":"louisonlerein","twitter_card":"summary_large_image","twitter_misc":{"Written by":"Meta","Est. reading time":"3 minutes"},"schema":{"@context":"https:\/\/schema.org","@graph":[{"@type":"Article","@id":"https:\/\/about.fb.com\/fr\/news\/2019\/10\/facebook-a-rennes-les-30-et-31-octobre-pour-levenement-boost-with-facebook\/#article","isPartOf":{"@id":"https:\/\/about.fb.com\/fr\/news\/2019\/10\/facebook-a-rennes-les-30-et-31-octobre-pour-levenement-boost-with-facebook\/"},"author":"Facebook company","headline":"Facebook \u00e0 Rennes les 30 et 31 octobre pour l\u2019\u00e9v\u00e9nement\u00a0 Boost With Facebook","datePublished":"2019-10-24T16:42:20+00:00","dateModified":"2020-02-25T05:55:42+00:00","mainEntityOfPage":{"@id":"https:\/\/about.fb.com\/fr\/news\/2019\/10\/facebook-a-rennes-les-30-et-31-octobre-pour-levenement-boost-with-facebook\/"},"wordCount":538,"publisher":{"@id":"https:\/\/about.fb.com\/fr\/#organization"},"image":{"@id":"https:\/\/about.fb.com\/fr\/news\/2019\/10\/facebook-a-rennes-les-30-et-31-octobre-pour-levenement-boost-with-facebook\/#primaryimage"},"thumbnailUrl":"https:\/\/about.fb.com\/fr\/wp-content\/uploads\/sites\/5\/2019\/10\/bwf-rennes-1200x600-2.jpg","articleSection":["Actualit\u00e9s"],"inLanguage":"fr-FR"},{"@type":"WebPage","@id":"https:\/\/about.fb.com\/fr\/news\/2019\/10\/facebook-a-rennes-les-30-et-31-octobre-pour-levenement-boost-with-facebook\/","url":"https:\/\/about.fb.com\/fr\/news\/2019\/10\/facebook-a-rennes-les-30-et-31-octobre-pour-levenement-boost-with-facebook\/","name":"Facebook \u00e0 Rennes les 30 et 31 octobre pour l\u2019\u00e9v\u00e9nement\u00a0 Boost With Facebook | \u00c0 propos de Meta","isPartOf":{"@id":"https:\/\/about.fb.com\/fr\/#website"},"primaryImageOfPage":{"@id":"https:\/\/about.fb.com\/fr\/news\/2019\/10\/facebook-a-rennes-les-30-et-31-octobre-pour-levenement-boost-with-facebook\/#primaryimage"},"image":{"@id":"https:\/\/about.fb.com\/fr\/news\/2019\/10\/facebook-a-rennes-les-30-et-31-octobre-pour-levenement-boost-with-facebook\/#primaryimage"},"thumbnailUrl":"https:\/\/about.fb.com\/fr\/wp-content\/uploads\/sites\/5\/2019\/10\/bwf-rennes-1200x600-2.jpg","datePublished":"2019-10-24T16:42:20+00:00","dateModified":"2020-02-25T05:55:42+00:00","breadcrumb":{"@id":"https:\/\/about.fb.com\/fr\/news\/2019\/10\/facebook-a-rennes-les-30-et-31-octobre-pour-levenement-boost-with-facebook\/#breadcrumb"},"inLanguage":"fr-FR","potentialAction":[{"@type":"ReadAction","target":["https:\/\/about.fb.com\/fr\/news\/2019\/10\/facebook-a-rennes-les-30-et-31-octobre-pour-levenement-boost-with-facebook\/"]}],"author":"\u00c0 propos de Meta"},{"@type":"ImageObject","inLanguage":"fr-FR","@id":"https:\/\/about.fb.com\/fr\/news\/2019\/10\/facebook-a-rennes-les-30-et-31-octobre-pour-levenement-boost-with-facebook\/#primaryimage","url":"https:\/\/about.fb.com\/fr\/wp-content\/uploads\/sites\/5\/2019\/10\/bwf-rennes-1200x600-2.jpg","contentUrl":"https:\/\/about.fb.com\/fr\/wp-content\/uploads\/sites\/5\/2019\/10\/bwf-rennes-1200x600-2.jpg"},{"@type":"BreadcrumbList","@id":"https:\/\/about.fb.com\/fr\/news\/2019\/10\/facebook-a-rennes-les-30-et-31-octobre-pour-levenement-boost-with-facebook\/#breadcrumb","itemListElement":[{"@type":"ListItem","position":1,"name":"Home","item":"https:\/\/about.fb.com\/fr\/"},{"@type":"ListItem","position":2,"name":"Facebook \u00e0 Rennes les 30 et 31 octobre pour l\u2019\u00e9v\u00e9nement\u00a0 Boost With Facebook"}]},{"@type":"WebSite","@id":"https:\/\/about.fb.com\/fr\/#website","url":"https:\/\/about.fb.com\/news\/","name":"\u00c0 propos de Meta","description":"","publisher":{"@id":"https:\/\/about.fb.com\/fr\/#organization"},"potentialAction":[{"@type":"SearchAction","target":{"@type":"EntryPoint","urlTemplate":"https:\/\/about.fb.com\/fr\/?s={search_term_string}"},"query-input":{"@type":"PropertyValueSpecification","valueRequired":true,"valueName":"search_term_string"}}],"inLanguage":"fr-FR","alternateName":["Meta Newsroom","Meta"]},{"@type":"Organization","@id":"https:\/\/about.fb.com\/fr\/#organization","name":"Meta","url":"https:\/\/about.fb.com\/fr\/","logo":{"@type":"ImageObject","inLanguage":"fr-FR","@id":"https:\/\/about.fb.com\/fr\/#\/schema\/logo\/image\/","url":"https:\/\/about.fb.com\/fr\/wp-content\/uploads\/sites\/12\/2021\/10\/meta-social-16x9-1.jpg?fit=8000%2C4500","contentUrl":"https:\/\/about.fb.com\/fr\/wp-content\/uploads\/sites\/12\/2021\/10\/meta-social-16x9-1.jpg?fit=8000%2C4500","width":8000,"height":4500,"caption":"Meta"},"image":{"@id":"https:\/\/about.fb.com\/fr\/#\/schema\/logo\/image\/"}}]}},"jetpack_featured_media_url":"","jetpack-related-posts":[],"jetpack_sharing_enabled":true,"amp_enabled":true,"_links":{"self":[{"href":"https:\/\/about.fb.com\/fr\/wp-json\/wp\/v2\/posts\/8021","targetHints":{"allow":["GET"]}}],"collection":[{"href":"https:\/\/about.fb.com\/fr\/wp-json\/wp\/v2\/posts"}],"about":[{"href":"https:\/\/about.fb.com\/fr\/wp-json\/wp\/v2\/types\/post"}],"author":[{"embeddable":true,"href":"https:\/\/about.fb.com\/fr\/wp-json\/wp\/v2\/users\/150900173"}],"replies":[{"embeddable":true,"href":"https:\/\/about.fb.com\/fr\/wp-json\/wp\/v2\/comments?post=8021"}],"version-history":[{"count":1,"href":"https:\/\/about.fb.com\/fr\/wp-json\/wp\/v2\/posts\/8021\/revisions"}],"predecessor-version":[{"id":8027,"href":"https:\/\/about.fb.com\/fr\/wp-json\/wp\/v2\/posts\/8021\/revisions\/8027"}],"wp:attachment":[{"href":"https:\/\/about.fb.com\/fr\/wp-json\/wp\/v2\/media?parent=8021"}],"wp:term":[{"taxonomy":"category","embeddable":true,"href":"https:\/\/about.fb.com\/fr\/wp-json\/wp\/v2\/categories?post=8021"},{"taxonomy":"post_tag","embeddable":true,"href":"https:\/\/about.fb.com\/fr\/wp-json\/wp\/v2\/tags?post=8021"}],"curies":[{"name":"wp","href":"https:\/\/api.w.org\/{rel}","templated":true}]}}