{"id":8013,"date":"2019-10-15T16:27:15","date_gmt":"2019-10-15T14:27:15","guid":{"rendered":"http:\/\/fr.newsroom.fb.com\/?p=8013"},"modified":"2020-02-25T06:55:43","modified_gmt":"2020-02-25T05:55:43","slug":"facebook-annonce-la-seconde-edition-du-fonds-pour-le-civisme-en-ligne-et-devoile-avec-lesj-lille-le-news-truck-le-premier-camion-regie-itinerant-de-lutte-contre-la-desinformation","status":"publish","type":"post","link":"https:\/\/about.fb.com\/fr\/news\/2019\/10\/facebook-annonce-la-seconde-edition-du-fonds-pour-le-civisme-en-ligne-et-devoile-avec-lesj-lille-le-news-truck-le-premier-camion-regie-itinerant-de-lutte-contre-la-desinformation\/","title":{"rendered":"Facebook annonce la seconde \u00e9dition du Fonds pour le Civisme en Ligne et d\u00e9voile avec l\u2019ESJ Lille le News-Truck, le premier camion-r\u00e9gie itin\u00e9rant de lutte contre la d\u00e9sinformation"},"content":{"rendered":"<p><b>Ce mardi 15 octobre, Facebook France organise une soir\u00e9e autour des laur\u00e9ats de son Fonds pour le Civisme en Ligne, en pr\u00e9sence de Gabriel Attal, Secr\u00e9taire d\u2019\u00c9tat aupr\u00e8s du Ministre de l\u2019\u00c9ducation et de la Jeunesse, Adrien Taquet, Secr\u00e9taire d\u2019\u00c9tat \u00e0 la Protection de l\u2019Enfance, et Laurent Solly, Vice-Pr\u00e9sident de Facebook en Europe du Sud. A cette occasion, Facebook annonce la 2\u00e8me \u00e9dition du Fonds et vous invite \u00e0 (re)d\u00e9couvrir les premiers projets laur\u00e9ats, dont le News-Truck, un camion-r\u00e9gie anim\u00e9 par des journalistes de l\u2019ESJ Lille pour sensibiliser les jeunes aux m\u00e9dias et \u00e0 la lutte contre la d\u00e9sinformation.<\/b><\/p>\n<p><span style=\"font-weight:400\">En novembre 2018, Facebook lan\u00e7ait en France le Fonds pour le Civisme en Ligne, une initiative dot\u00e9e d\u2019un million d\u2019euros destin\u00e9e \u00e0 soutenir les projets de lutte contre les discours de haine, contre le harc\u00e8lement et pour la promotion de l\u2019esprit critique.\u00a0<\/span><\/p>\n<p><span style=\"font-weight:400\">12 laur\u00e9ats ont \u00e9t\u00e9 r\u00e9compens\u00e9s en f\u00e9vrier dernier. Par exemple, l\u2019application App-Elles, destin\u00e9e aux femmes victimes de violences, laur\u00e9ate du Grand prix contre le harc\u00e8lement, YESS, le podcast d\u00e9di\u00e9 \u00e0 ceux qui d\u00e9fendent le droit des femmes et luttent contre le harc\u00e8lement sexiste ou encore e-Enfance, pour la r\u00e9alisation d\u2019un film en r\u00e9alit\u00e9 virtuelle de sensibilisation au harc\u00e8lement. Parmi ces laur\u00e9ats, un projet in\u00e9dit d\u00e9di\u00e9 au d\u00e9veloppement de l\u2019esprit critique et \u00e0 la lutte contre les fausses informations : le News-Truck de l\u2019ESJ Lille.<\/span><\/p>\n<p><b>Former 2 000 \u00e9l\u00e8ves aux m\u00e9dias et \u00e0 la lutte contre les fausses informations gr\u00e2ce au News-Truck\u00a0<\/b><\/p>\n<p><span style=\"font-weight:400\">Le News-Truck de l\u2019ESJ Lille, am\u00e9nag\u00e9 comme un v\u00e9ritable camion-r\u00e9gie de m\u00e9dia, propose une exp\u00e9rience immersive en offrant le mat\u00e9riel et les conditions d\u2019un studio t\u00e9l\u00e9, radio, d\u2019une r\u00e9gie son ou encore d\u2019une r\u00e9daction web. 2 000 jeunes et 100 professeurs seront ainsi form\u00e9s gr\u00e2ce au News-Truck \u00e0 la fabrique de l\u2019information et au d\u00e9veloppement de leur esprit critique, \u00e0 l\u2019occasion d\u2019ateliers de formation dispens\u00e9s par des journalistes.\u00a0<\/span><\/p>\n<p><span style=\"font-weight:400\">\u201c<\/span><i><span style=\"font-weight:400\">Avec le News-Truck, nous avons d\u00e9velopp\u00e9 un outil ludique et innovant pour r\u00e9concilier les jeunes avec l\u2019information. Le principe est simple : en leur faisant d\u00e9couvrir les rouages du m\u00e9tier de journaliste, on les aide \u00e0 comprendre, \u00e0 d\u00e9velopper leur esprit critique et \u00e0 mieux rep\u00e9rer les fausses informations.\u201d <\/span><\/i><span style=\"font-weight:400\">explique Yves Renard, directeur du d\u00e9veloppement de l\u2019ESJ Lille.<\/span><i><span style=\"font-weight:400\"> \u201cIl est essentiel que des acteurs comme Facebook s\u2019engagent sur cette th\u00e9matique \u00e0 travers des initiatives in\u00e9dites comme le Fonds pour le Civisme en Ligne, ce qui nous permet d\u2019amplifier nos efforts d\u2019\u00e9ducation aux m\u00e9dias.<\/span><\/i><span style=\"font-weight:400\">\u201d\u00a0<\/span><\/p>\n<p><span style=\"font-weight:400\">Depuis octobre, l\u2019Info-Truck de l\u2019ESJ Lille sillonne le territoire et travaille avec 50 \u00e9tablissements pour r\u00e9aliser au cours des prochains mois des sessions de sensibilisation avec 50 classes d\u2019environ 30 \u00e9l\u00e8ves. En parall\u00e8le, des projets d\u2019approfondissement seront men\u00e9s avec des groupes de 20 \u00e0 30 \u00e9l\u00e8ves afin de renforcer leur ma\u00eetrise de la production d\u2019information en travaillant sur la production de formats plus longs. Au total, cela permettra \u00e0 l\u2019ESJ Lille d\u2019atteindre son objectif de 3000 jeunes et 200 professeurs form\u00e9s via l\u2019ensemble de ses formations d\u2019\u00e9ducation aux m\u00e9dias.<\/span><\/p>\n<p><b>Ce mardi 15 octobre \u00e0 l\u2019occasion de la Soir\u00e9e du Civisme en Ligne, montez vous aussi \u00e0 bord de l\u2019Info-Truck\u00a0<\/b><\/p>\n<p><span style=\"font-weight:400\">Ce mardi 15 octobre \u00e0 la Ga\u00eet\u00e9 Lyrique, l\u2019Info-Truck accueille une classe de lyc\u00e9ens des Hauts-de-France pour un atelier de formation, et ces jeunes pourront ensuite s\u2019exercer au m\u00e9tier de journaliste en effectuant des interviews en direct des personnalit\u00e9s qui assisteront \u00e0 la soir\u00e9e, autour des th\u00e9matiques de la lutte contre les discours de haine, contre le harc\u00e8lement et le d\u00e9veloppement de l\u2019esprit critique.\u00a0<\/span><\/p>\n<p><span style=\"font-weight:400\">Seront \u00e9galement pr\u00e9sents tous les laur\u00e9ats du Fonds pour le Civisme en Ligne de Facebook, qui pourront partager les avanc\u00e9es concr\u00e8tes de leurs projets au cours des derniers mois dont YESS, le podcast de d\u00e9fense du droit des femmes et de lutte contre le harc\u00e8lement sexiste par Urban Prod, qui a produit 8 \u00e9pisodes pour une audience cumul\u00e9e d\u00e9passant les 275 000 \u00e9coutes, ou l\u2019association BSF (Biblioth\u00e8que sans fronti\u00e8res) qui a pu d\u00e9velopper un programme de formation \u00e0 la citoyennet\u00e9 num\u00e9rique et au civisme en ligne, sensibilisant plus de 5000 personnes via 469 ateliers r\u00e9alis\u00e9s partout en France.<\/span><\/p>\n<p><span style=\"font-weight:400\">Enfin, cette soir\u00e9e est l\u2019occasion pour Facebook d\u2019annoncer la poursuite du Fonds pour le Civisme en Ligne pour une seconde \u00e9dition. \u201c<\/span><i><span style=\"font-weight:400\">Nous avons con\u00e7u ce Fonds afin de promouvoir les comportements responsables sur Internet car il s\u2019agit d\u2019une priorit\u00e9 pour Facebook\u201d <\/span><\/i><span style=\"font-weight:400\">indique Laurent Solly, <\/span><span style=\"font-weight:400\">Vice-Pr\u00e9sident de Facebook en Europe du Sud.<\/span><i><span style=\"font-weight:400\"> \u201cAu cours de cette 1\u00e8re ann\u00e9e d\u2019existence du Fonds, la mobilisation de la soci\u00e9t\u00e9 civile a d\u00e9pass\u00e9 nos attentes et nous avons donc d\u00e9cid\u00e9 de renouveler l\u2019exp\u00e9rience afin de permettre \u00e0 davantage de projets de se d\u00e9velopper et d\u2019encourager le Civisme en Ligne\u201d.\u00a0<\/span><\/i><\/p>\n","protected":false},"excerpt":{"rendered":"Ce mardi 15 octobre, Facebook France organise une soir\u00e9e autour des laur\u00e9ats de son Fonds pour le Civisme en Ligne, en pr\u00e9sence de Gabriel Attal, Secr\u00e9taire d\u2019\u00c9tat aupr\u00e8s du Ministre de l\u2019\u00c9ducation et de la Jeunesse, Adrien Taquet, Secr\u00e9taire d\u2019\u00c9tat \u00e0 la Protection de l\u2019Enfance, et Laurent Solly, Vice-Pr\u00e9sident de Facebook en Europe du Sud. A cette occasion, Facebook annonce la 2\u00e8me \u00e9dition du Fonds et vous invite \u00e0 (re)d\u00e9couvrir les premiers projets laur\u00e9ats, dont le News-Truck, un camion-r\u00e9gie anim\u00e9 par des journalistes de l\u2019ESJ Lille pour sensibiliser les jeunes aux m\u00e9dias et \u00e0 la lutte contre la d\u00e9sinformation. En novembre 2018, Facebook lan\u00e7ait en France le Fonds pour le Civisme en Ligne, une initiative dot\u00e9e d\u2019un million d\u2019euros destin\u00e9e \u00e0 soutenir les projets de lutte contre les discours de haine, contre le harc\u00e8lement et pour la promotion de l\u2019esprit critique.\u00a0 12 laur\u00e9ats ont \u00e9t\u00e9 r\u00e9compens\u00e9s en f\u00e9vrier dernier. Par exemple, l\u2019application App-Elles, destin\u00e9e aux femmes victimes de violences, laur\u00e9ate du Grand prix contre le harc\u00e8lement, YESS, le podcast d\u00e9di\u00e9 \u00e0 ceux qui d\u00e9fendent le droit des femmes et luttent contre le harc\u00e8lement sexiste ou encore e-Enfance, pour la r\u00e9alisation d\u2019un film en r\u00e9alit\u00e9 virtuelle de sensibilisation au harc\u00e8lement. Parmi ces laur\u00e9ats, un projet in\u00e9dit d\u00e9di\u00e9 au d\u00e9veloppement de l\u2019esprit critique et \u00e0 la lutte contre les fausses informations : le News-Truck de l\u2019ESJ Lille. Former 2 000 \u00e9l\u00e8ves aux m\u00e9dias et \u00e0 la lutte contre les fausses informations gr\u00e2ce au News-Truck\u00a0 Le News-Truck de l\u2019ESJ Lille, am\u00e9nag\u00e9 comme un v\u00e9ritable camion-r\u00e9gie de m\u00e9dia, propose une exp\u00e9rience immersive en offrant le mat\u00e9riel et les conditions d\u2019un studio t\u00e9l\u00e9, radio, d\u2019une r\u00e9gie son ou encore d\u2019une r\u00e9daction web. 2 000 jeunes et 100 professeurs seront ainsi form\u00e9s gr\u00e2ce au News-Truck \u00e0 la fabrique de l\u2019information et au d\u00e9veloppement de leur esprit critique, \u00e0 l\u2019occasion d\u2019ateliers de formation dispens\u00e9s par des journalistes.\u00a0 \u201cAvec le News-Truck, nous avons d\u00e9velopp\u00e9 un outil ludique et innovant pour r\u00e9concilier les jeunes avec l\u2019information. Le principe est simple : en leur faisant d\u00e9couvrir les rouages du m\u00e9tier de journaliste, on les aide \u00e0 comprendre, \u00e0 d\u00e9velopper leur esprit critique et \u00e0 mieux rep\u00e9rer les fausses informations.\u201d explique Yves Renard, directeur du d\u00e9veloppement de l\u2019ESJ Lille. \u201cIl est essentiel que des acteurs comme Facebook s\u2019engagent sur cette th\u00e9matique \u00e0 travers des initiatives in\u00e9dites comme le Fonds pour le Civisme en Ligne, ce qui nous permet d\u2019amplifier nos efforts d\u2019\u00e9ducation aux m\u00e9dias.\u201d\u00a0 Depuis octobre, l\u2019Info-Truck de l\u2019ESJ Lille sillonne le territoire et travaille avec 50 \u00e9tablissements pour r\u00e9aliser au cours des prochains mois des sessions de sensibilisation avec 50 classes d\u2019environ 30 \u00e9l\u00e8ves. En parall\u00e8le, des projets d\u2019approfondissement seront men\u00e9s avec des groupes de 20 \u00e0 30 \u00e9l\u00e8ves afin de renforcer leur ma\u00eetrise de la production d\u2019information en travaillant sur la production de formats plus longs. Au total, cela permettra \u00e0 l\u2019ESJ Lille d\u2019atteindre son objectif de 3000 jeunes et 200 professeurs form\u00e9s via l\u2019ensemble de ses formations d\u2019\u00e9ducation aux m\u00e9dias. Ce mardi 15 octobre \u00e0 l\u2019occasion de la Soir\u00e9e du Civisme en Ligne, montez vous aussi \u00e0 bord de l\u2019Info-Truck\u00a0 Ce mardi 15 octobre \u00e0 la Ga\u00eet\u00e9 Lyrique, l\u2019Info-Truck accueille une classe de lyc\u00e9ens des Hauts-de-France pour un atelier de formation, et ces jeunes pourront ensuite s\u2019exercer au m\u00e9tier de journaliste en effectuant des interviews en direct des personnalit\u00e9s qui assisteront \u00e0 la soir\u00e9e, autour des th\u00e9matiques de la lutte contre les discours de haine, contre le harc\u00e8lement et le d\u00e9veloppement de l\u2019esprit critique.\u00a0 Seront \u00e9galement pr\u00e9sents tous les laur\u00e9ats du Fonds pour le Civisme en Ligne de Facebook, qui pourront partager les avanc\u00e9es concr\u00e8tes de leurs projets au cours des derniers mois dont YESS, le podcast de d\u00e9fense du droit des femmes et de lutte contre le harc\u00e8lement sexiste par Urban Prod, qui a produit 8 \u00e9pisodes pour une audience cumul\u00e9e d\u00e9passant les 275 000 \u00e9coutes, ou l\u2019association BSF (Biblioth\u00e8que sans fronti\u00e8res) qui a pu d\u00e9velopper un programme de formation \u00e0 la citoyennet\u00e9 num\u00e9rique et au civisme en ligne, sensibilisant plus de 5000 personnes via 469 ateliers r\u00e9alis\u00e9s partout en France. Enfin, cette soir\u00e9e est l\u2019occasion pour Facebook d\u2019annoncer la poursuite du Fonds pour le Civisme en Ligne pour une seconde \u00e9dition. \u201cNous avons con\u00e7u ce Fonds afin de promouvoir les comportements responsables sur Internet car il s\u2019agit d\u2019une priorit\u00e9 pour Facebook\u201d indique Laurent Solly, Vice-Pr\u00e9sident de Facebook en Europe du Sud. \u201cAu cours de cette 1\u00e8re ann\u00e9e d\u2019existence du Fonds, la mobilisation de la soci\u00e9t\u00e9 civile a d\u00e9pass\u00e9 nos attentes et nous avons donc d\u00e9cid\u00e9 de renouveler l\u2019exp\u00e9rience afin de permettre \u00e0 davantage de projets de se d\u00e9velopper et d\u2019encourager le Civisme en Ligne\u201d.\u00a0","protected":false},"author":150900173,"featured_media":0,"comment_status":"closed","ping_status":"closed","sticky":false,"template":"","format":"standard","meta":{"_jetpack_memberships_contains_paid_content":false,"footnotes":""},"categories":[243897990],"tags":[],"class_list":["post-8013","post","type-post","status-publish","format-standard","hentry","category-actualites"],"yoast_head":"<!-- This site is optimized with the Yoast SEO plugin v27.2 - https:\/\/yoast.com\/product\/yoast-seo-wordpress\/ -->\n<title>Facebook annonce la seconde \u00e9dition du Fonds pour le Civisme en Ligne et d\u00e9voile avec l\u2019ESJ Lille le News-Truck, le premier camion-r\u00e9gie itin\u00e9rant de lutte contre la d\u00e9sinformation | \u00c0 propos de Meta<\/title>\n<meta name=\"robots\" content=\"index, follow, max-snippet:-1, max-image-preview:large, max-video-preview:-1\" \/>\n<link rel=\"canonical\" href=\"https:\/\/about.fb.com\/fr\/news\/2019\/10\/facebook-annonce-la-seconde-edition-du-fonds-pour-le-civisme-en-ligne-et-devoile-avec-lesj-lille-le-news-truck-le-premier-camion-regie-itinerant-de-lutte-contre-la-desinformation\/\" \/>\n<meta property=\"og:locale\" content=\"fr_FR\" \/>\n<meta property=\"og:type\" content=\"article\" \/>\n<meta property=\"og:title\" content=\"Facebook annonce la seconde \u00e9dition du Fonds pour le Civisme en Ligne et d\u00e9voile avec l\u2019ESJ Lille le News-Truck, le premier camion-r\u00e9gie itin\u00e9rant de lutte contre la d\u00e9sinformation | \u00c0 propos de Meta\" \/>\n<meta property=\"og:description\" content=\"Ce mardi 15 octobre, Facebook France organise une soir\u00e9e autour des laur\u00e9ats de son Fonds pour le Civisme en Ligne, en pr\u00e9sence de Gabriel Attal, Secr\u00e9taire d\u2019\u00c9tat aupr\u00e8s du Ministre de l\u2019\u00c9ducation et de la Jeunesse, Adrien Taquet, Secr\u00e9taire d\u2019\u00c9tat \u00e0 la Protection de l\u2019Enfance, et Laurent Solly, Vice-Pr\u00e9sident de Facebook en Europe du Sud. A cette occasion, Facebook annonce la 2\u00e8me \u00e9dition du Fonds et vous invite \u00e0 (re)d\u00e9couvrir les premiers projets laur\u00e9ats, dont le News-Truck, un camion-r\u00e9gie anim\u00e9 par des journalistes de l\u2019ESJ Lille pour sensibiliser les jeunes aux m\u00e9dias et \u00e0 la lutte contre la d\u00e9sinformation. En novembre 2018, Facebook lan\u00e7ait en France le Fonds pour le Civisme en Ligne, une initiative dot\u00e9e d\u2019un million d\u2019euros destin\u00e9e \u00e0 soutenir les projets de lutte contre les discours de haine, contre le harc\u00e8lement et pour la promotion de l\u2019esprit critique.\u00a0 12 laur\u00e9ats ont \u00e9t\u00e9 r\u00e9compens\u00e9s en f\u00e9vrier dernier. Par exemple, l\u2019application App-Elles, destin\u00e9e aux femmes victimes de violences, laur\u00e9ate du Grand prix contre le harc\u00e8lement, YESS, le podcast d\u00e9di\u00e9 \u00e0 ceux qui d\u00e9fendent le droit des femmes et luttent contre le harc\u00e8lement sexiste ou encore e-Enfance, pour la r\u00e9alisation d\u2019un film en r\u00e9alit\u00e9 virtuelle de sensibilisation au harc\u00e8lement. Parmi ces laur\u00e9ats, un projet in\u00e9dit d\u00e9di\u00e9 au d\u00e9veloppement de l\u2019esprit critique et \u00e0 la lutte contre les fausses informations : le News-Truck de l\u2019ESJ Lille. Former 2 000 \u00e9l\u00e8ves aux m\u00e9dias et \u00e0 la lutte contre les fausses informations gr\u00e2ce au News-Truck\u00a0 Le News-Truck de l\u2019ESJ Lille, am\u00e9nag\u00e9 comme un v\u00e9ritable camion-r\u00e9gie de m\u00e9dia, propose une exp\u00e9rience immersive en offrant le mat\u00e9riel et les conditions d\u2019un studio t\u00e9l\u00e9, radio, d\u2019une r\u00e9gie son ou encore d\u2019une r\u00e9daction web. 2 000 jeunes et 100 professeurs seront ainsi form\u00e9s gr\u00e2ce au News-Truck \u00e0 la fabrique de l\u2019information et au d\u00e9veloppement de leur esprit critique, \u00e0 l\u2019occasion d\u2019ateliers de formation dispens\u00e9s par des journalistes.\u00a0 \u201cAvec le News-Truck, nous avons d\u00e9velopp\u00e9 un outil ludique et innovant pour r\u00e9concilier les jeunes avec l\u2019information. Le principe est simple : en leur faisant d\u00e9couvrir les rouages du m\u00e9tier de journaliste, on les aide \u00e0 comprendre, \u00e0 d\u00e9velopper leur esprit critique et \u00e0 mieux rep\u00e9rer les fausses informations.\u201d explique Yves Renard, directeur du d\u00e9veloppement de l\u2019ESJ Lille. \u201cIl est essentiel que des acteurs comme Facebook s\u2019engagent sur cette th\u00e9matique \u00e0 travers des initiatives in\u00e9dites comme le Fonds pour le Civisme en Ligne, ce qui nous permet d\u2019amplifier nos efforts d\u2019\u00e9ducation aux m\u00e9dias.\u201d\u00a0 Depuis octobre, l\u2019Info-Truck de l\u2019ESJ Lille sillonne le territoire et travaille avec 50 \u00e9tablissements pour r\u00e9aliser au cours des prochains mois des sessions de sensibilisation avec 50 classes d\u2019environ 30 \u00e9l\u00e8ves. En parall\u00e8le, des projets d\u2019approfondissement seront men\u00e9s avec des groupes de 20 \u00e0 30 \u00e9l\u00e8ves afin de renforcer leur ma\u00eetrise de la production d\u2019information en travaillant sur la production de formats plus longs. Au total, cela permettra \u00e0 l\u2019ESJ Lille d\u2019atteindre son objectif de 3000 jeunes et 200 professeurs form\u00e9s via l\u2019ensemble de ses formations d\u2019\u00e9ducation aux m\u00e9dias. Ce mardi 15 octobre \u00e0 l\u2019occasion de la Soir\u00e9e du Civisme en Ligne, montez vous aussi \u00e0 bord de l\u2019Info-Truck\u00a0 Ce mardi 15 octobre \u00e0 la Ga\u00eet\u00e9 Lyrique, l\u2019Info-Truck accueille une classe de lyc\u00e9ens des Hauts-de-France pour un atelier de formation, et ces jeunes pourront ensuite s\u2019exercer au m\u00e9tier de journaliste en effectuant des interviews en direct des personnalit\u00e9s qui assisteront \u00e0 la soir\u00e9e, autour des th\u00e9matiques de la lutte contre les discours de haine, contre le harc\u00e8lement et le d\u00e9veloppement de l\u2019esprit critique.\u00a0 Seront \u00e9galement pr\u00e9sents tous les laur\u00e9ats du Fonds pour le Civisme en Ligne de Facebook, qui pourront partager les avanc\u00e9es concr\u00e8tes de leurs projets au cours des derniers mois dont YESS, le podcast de d\u00e9fense du droit des femmes et de lutte contre le harc\u00e8lement sexiste par Urban Prod, qui a produit 8 \u00e9pisodes pour une audience cumul\u00e9e d\u00e9passant les 275 000 \u00e9coutes, ou l\u2019association BSF (Biblioth\u00e8que sans fronti\u00e8res) qui a pu d\u00e9velopper un programme de formation \u00e0 la citoyennet\u00e9 num\u00e9rique et au civisme en ligne, sensibilisant plus de 5000 personnes via 469 ateliers r\u00e9alis\u00e9s partout en France. Enfin, cette soir\u00e9e est l\u2019occasion pour Facebook d\u2019annoncer la poursuite du Fonds pour le Civisme en Ligne pour une seconde \u00e9dition. \u201cNous avons con\u00e7u ce Fonds afin de promouvoir les comportements responsables sur Internet car il s\u2019agit d\u2019une priorit\u00e9 pour Facebook\u201d indique Laurent Solly, Vice-Pr\u00e9sident de Facebook en Europe du Sud. \u201cAu cours de cette 1\u00e8re ann\u00e9e d\u2019existence du Fonds, la mobilisation de la soci\u00e9t\u00e9 civile a d\u00e9pass\u00e9 nos attentes et nous avons donc d\u00e9cid\u00e9 de renouveler l\u2019exp\u00e9rience afin de permettre \u00e0 davantage de projets de se d\u00e9velopper et d\u2019encourager le Civisme en Ligne\u201d.\u00a0\" \/>\n<meta property=\"og:url\" content=\"https:\/\/about.fb.com\/fr\/news\/2019\/10\/facebook-annonce-la-seconde-edition-du-fonds-pour-le-civisme-en-ligne-et-devoile-avec-lesj-lille-le-news-truck-le-premier-camion-regie-itinerant-de-lutte-contre-la-desinformation\/\" \/>\n<meta property=\"og:site_name\" content=\"\u00c0 propos de Meta\" \/>\n<meta property=\"article:published_time\" content=\"2019-10-15T14:27:15+00:00\" \/>\n<meta property=\"article:modified_time\" content=\"2020-02-25T05:55:43+00:00\" \/>\n<meta property=\"og:image\" content=\"https:\/\/about.fb.com\/fr\/wp-content\/uploads\/sites\/12\/2021\/10\/meta-social-16x9-1.jpg?resize=1024,576\" \/>\n\t<meta property=\"og:image:width\" content=\"1024\" \/>\n\t<meta property=\"og:image:height\" content=\"576\" \/>\n\t<meta property=\"og:image:type\" content=\"image\/jpeg\" \/>\n<meta name=\"author\" content=\"louisonlerein\" \/>\n<meta name=\"twitter:card\" content=\"summary_large_image\" \/>\n<meta name=\"twitter:label1\" content=\"Written by\" \/>\n\t<meta name=\"twitter:data1\" content=\"Meta\" \/>\n\t<meta name=\"twitter:label2\" content=\"Est. reading time\" \/>\n\t<meta name=\"twitter:data2\" content=\"4 minutes\" \/>\n<script type=\"application\/ld+json\" class=\"yoast-schema-graph\">{\"@context\":\"https:\/\/schema.org\",\"@graph\":[{\"@type\":\"Article\",\"@id\":\"https:\/\/about.fb.com\/fr\/news\/2019\/10\/facebook-annonce-la-seconde-edition-du-fonds-pour-le-civisme-en-ligne-et-devoile-avec-lesj-lille-le-news-truck-le-premier-camion-regie-itinerant-de-lutte-contre-la-desinformation\/#article\",\"isPartOf\":{\"@id\":\"https:\/\/about.fb.com\/fr\/news\/2019\/10\/facebook-annonce-la-seconde-edition-du-fonds-pour-le-civisme-en-ligne-et-devoile-avec-lesj-lille-le-news-truck-le-premier-camion-regie-itinerant-de-lutte-contre-la-desinformation\/\"},\"author\":\"Facebook company\",\"headline\":\"Facebook annonce la seconde \u00e9dition du Fonds pour le Civisme en Ligne et d\u00e9voile avec l\u2019ESJ Lille le News-Truck, le premier camion-r\u00e9gie itin\u00e9rant de lutte contre la d\u00e9sinformation\",\"datePublished\":\"2019-10-15T14:27:15+00:00\",\"dateModified\":\"2020-02-25T05:55:43+00:00\",\"mainEntityOfPage\":{\"@id\":\"https:\/\/about.fb.com\/fr\/news\/2019\/10\/facebook-annonce-la-seconde-edition-du-fonds-pour-le-civisme-en-ligne-et-devoile-avec-lesj-lille-le-news-truck-le-premier-camion-regie-itinerant-de-lutte-contre-la-desinformation\/\"},\"wordCount\":902,\"publisher\":{\"@id\":\"https:\/\/about.fb.com\/fr\/#organization\"},\"articleSection\":[\"Actualit\u00e9s\"],\"inLanguage\":\"fr-FR\"},{\"@type\":\"WebPage\",\"@id\":\"https:\/\/about.fb.com\/fr\/news\/2019\/10\/facebook-annonce-la-seconde-edition-du-fonds-pour-le-civisme-en-ligne-et-devoile-avec-lesj-lille-le-news-truck-le-premier-camion-regie-itinerant-de-lutte-contre-la-desinformation\/\",\"url\":\"https:\/\/about.fb.com\/fr\/news\/2019\/10\/facebook-annonce-la-seconde-edition-du-fonds-pour-le-civisme-en-ligne-et-devoile-avec-lesj-lille-le-news-truck-le-premier-camion-regie-itinerant-de-lutte-contre-la-desinformation\/\",\"name\":\"Facebook annonce la seconde \u00e9dition du Fonds pour le Civisme en Ligne et d\u00e9voile avec l\u2019ESJ Lille le News-Truck, le premier camion-r\u00e9gie itin\u00e9rant de lutte contre la d\u00e9sinformation | \u00c0 propos de Meta\",\"isPartOf\":{\"@id\":\"https:\/\/about.fb.com\/fr\/#website\"},\"datePublished\":\"2019-10-15T14:27:15+00:00\",\"dateModified\":\"2020-02-25T05:55:43+00:00\",\"breadcrumb\":{\"@id\":\"https:\/\/about.fb.com\/fr\/news\/2019\/10\/facebook-annonce-la-seconde-edition-du-fonds-pour-le-civisme-en-ligne-et-devoile-avec-lesj-lille-le-news-truck-le-premier-camion-regie-itinerant-de-lutte-contre-la-desinformation\/#breadcrumb\"},\"inLanguage\":\"fr-FR\",\"potentialAction\":[{\"@type\":\"ReadAction\",\"target\":[\"https:\/\/about.fb.com\/fr\/news\/2019\/10\/facebook-annonce-la-seconde-edition-du-fonds-pour-le-civisme-en-ligne-et-devoile-avec-lesj-lille-le-news-truck-le-premier-camion-regie-itinerant-de-lutte-contre-la-desinformation\/\"]}],\"author\":\"\u00c0 propos de Meta\"},{\"@type\":\"BreadcrumbList\",\"@id\":\"https:\/\/about.fb.com\/fr\/news\/2019\/10\/facebook-annonce-la-seconde-edition-du-fonds-pour-le-civisme-en-ligne-et-devoile-avec-lesj-lille-le-news-truck-le-premier-camion-regie-itinerant-de-lutte-contre-la-desinformation\/#breadcrumb\",\"itemListElement\":[{\"@type\":\"ListItem\",\"position\":1,\"name\":\"Home\",\"item\":\"https:\/\/about.fb.com\/fr\/\"},{\"@type\":\"ListItem\",\"position\":2,\"name\":\"Facebook annonce la seconde \u00e9dition du Fonds pour le Civisme en Ligne et d\u00e9voile avec l\u2019ESJ Lille le News-Truck, le premier camion-r\u00e9gie itin\u00e9rant de lutte contre la d\u00e9sinformation\"}]},{\"@type\":\"WebSite\",\"@id\":\"https:\/\/about.fb.com\/fr\/#website\",\"url\":\"https:\/\/about.fb.com\/news\/\",\"name\":\"\u00c0 propos de Meta\",\"description\":\"\",\"publisher\":{\"@id\":\"https:\/\/about.fb.com\/fr\/#organization\"},\"potentialAction\":[{\"@type\":\"SearchAction\",\"target\":{\"@type\":\"EntryPoint\",\"urlTemplate\":\"https:\/\/about.fb.com\/fr\/?s={search_term_string}\"},\"query-input\":{\"@type\":\"PropertyValueSpecification\",\"valueRequired\":true,\"valueName\":\"search_term_string\"}}],\"inLanguage\":\"fr-FR\",\"alternateName\":[\"Meta Newsroom\",\"Meta\"]},{\"@type\":\"Organization\",\"@id\":\"https:\/\/about.fb.com\/fr\/#organization\",\"name\":\"Meta\",\"url\":\"https:\/\/about.fb.com\/fr\/\",\"logo\":{\"@type\":\"ImageObject\",\"inLanguage\":\"fr-FR\",\"@id\":\"https:\/\/about.fb.com\/fr\/#\/schema\/logo\/image\/\",\"url\":\"https:\/\/about.fb.com\/fr\/wp-content\/uploads\/sites\/12\/2021\/10\/meta-social-16x9-1.jpg?fit=8000%2C4500\",\"contentUrl\":\"https:\/\/about.fb.com\/fr\/wp-content\/uploads\/sites\/12\/2021\/10\/meta-social-16x9-1.jpg?fit=8000%2C4500\",\"width\":8000,\"height\":4500,\"caption\":\"Meta\"},\"image\":{\"@id\":\"https:\/\/about.fb.com\/fr\/#\/schema\/logo\/image\/\"}}]}<\/script>\n<!-- \/ Yoast SEO plugin. -->","yoast_head_json":{"title":"Facebook annonce la seconde \u00e9dition du Fonds pour le Civisme en Ligne et d\u00e9voile avec l\u2019ESJ Lille le News-Truck, le premier camion-r\u00e9gie itin\u00e9rant de lutte contre la d\u00e9sinformation | \u00c0 propos de Meta","robots":{"index":"index","follow":"follow","max-snippet":"max-snippet:-1","max-image-preview":"max-image-preview:large","max-video-preview":"max-video-preview:-1"},"canonical":"https:\/\/about.fb.com\/fr\/news\/2019\/10\/facebook-annonce-la-seconde-edition-du-fonds-pour-le-civisme-en-ligne-et-devoile-avec-lesj-lille-le-news-truck-le-premier-camion-regie-itinerant-de-lutte-contre-la-desinformation\/","og_locale":"fr_FR","og_type":"article","og_title":"Facebook annonce la seconde \u00e9dition du Fonds pour le Civisme en Ligne et d\u00e9voile avec l\u2019ESJ Lille le News-Truck, le premier camion-r\u00e9gie itin\u00e9rant de lutte contre la d\u00e9sinformation | \u00c0 propos de Meta","og_description":"Ce mardi 15 octobre, Facebook France organise une soir\u00e9e autour des laur\u00e9ats de son Fonds pour le Civisme en Ligne, en pr\u00e9sence de Gabriel Attal, Secr\u00e9taire d\u2019\u00c9tat aupr\u00e8s du Ministre de l\u2019\u00c9ducation et de la Jeunesse, Adrien Taquet, Secr\u00e9taire d\u2019\u00c9tat \u00e0 la Protection de l\u2019Enfance, et Laurent Solly, Vice-Pr\u00e9sident de Facebook en Europe du Sud. A cette occasion, Facebook annonce la 2\u00e8me \u00e9dition du Fonds et vous invite \u00e0 (re)d\u00e9couvrir les premiers projets laur\u00e9ats, dont le News-Truck, un camion-r\u00e9gie anim\u00e9 par des journalistes de l\u2019ESJ Lille pour sensibiliser les jeunes aux m\u00e9dias et \u00e0 la lutte contre la d\u00e9sinformation. En novembre 2018, Facebook lan\u00e7ait en France le Fonds pour le Civisme en Ligne, une initiative dot\u00e9e d\u2019un million d\u2019euros destin\u00e9e \u00e0 soutenir les projets de lutte contre les discours de haine, contre le harc\u00e8lement et pour la promotion de l\u2019esprit critique.\u00a0 12 laur\u00e9ats ont \u00e9t\u00e9 r\u00e9compens\u00e9s en f\u00e9vrier dernier. Par exemple, l\u2019application App-Elles, destin\u00e9e aux femmes victimes de violences, laur\u00e9ate du Grand prix contre le harc\u00e8lement, YESS, le podcast d\u00e9di\u00e9 \u00e0 ceux qui d\u00e9fendent le droit des femmes et luttent contre le harc\u00e8lement sexiste ou encore e-Enfance, pour la r\u00e9alisation d\u2019un film en r\u00e9alit\u00e9 virtuelle de sensibilisation au harc\u00e8lement. Parmi ces laur\u00e9ats, un projet in\u00e9dit d\u00e9di\u00e9 au d\u00e9veloppement de l\u2019esprit critique et \u00e0 la lutte contre les fausses informations : le News-Truck de l\u2019ESJ Lille. Former 2 000 \u00e9l\u00e8ves aux m\u00e9dias et \u00e0 la lutte contre les fausses informations gr\u00e2ce au News-Truck\u00a0 Le News-Truck de l\u2019ESJ Lille, am\u00e9nag\u00e9 comme un v\u00e9ritable camion-r\u00e9gie de m\u00e9dia, propose une exp\u00e9rience immersive en offrant le mat\u00e9riel et les conditions d\u2019un studio t\u00e9l\u00e9, radio, d\u2019une r\u00e9gie son ou encore d\u2019une r\u00e9daction web. 2 000 jeunes et 100 professeurs seront ainsi form\u00e9s gr\u00e2ce au News-Truck \u00e0 la fabrique de l\u2019information et au d\u00e9veloppement de leur esprit critique, \u00e0 l\u2019occasion d\u2019ateliers de formation dispens\u00e9s par des journalistes.\u00a0 \u201cAvec le News-Truck, nous avons d\u00e9velopp\u00e9 un outil ludique et innovant pour r\u00e9concilier les jeunes avec l\u2019information. Le principe est simple : en leur faisant d\u00e9couvrir les rouages du m\u00e9tier de journaliste, on les aide \u00e0 comprendre, \u00e0 d\u00e9velopper leur esprit critique et \u00e0 mieux rep\u00e9rer les fausses informations.\u201d explique Yves Renard, directeur du d\u00e9veloppement de l\u2019ESJ Lille. \u201cIl est essentiel que des acteurs comme Facebook s\u2019engagent sur cette th\u00e9matique \u00e0 travers des initiatives in\u00e9dites comme le Fonds pour le Civisme en Ligne, ce qui nous permet d\u2019amplifier nos efforts d\u2019\u00e9ducation aux m\u00e9dias.\u201d\u00a0 Depuis octobre, l\u2019Info-Truck de l\u2019ESJ Lille sillonne le territoire et travaille avec 50 \u00e9tablissements pour r\u00e9aliser au cours des prochains mois des sessions de sensibilisation avec 50 classes d\u2019environ 30 \u00e9l\u00e8ves. En parall\u00e8le, des projets d\u2019approfondissement seront men\u00e9s avec des groupes de 20 \u00e0 30 \u00e9l\u00e8ves afin de renforcer leur ma\u00eetrise de la production d\u2019information en travaillant sur la production de formats plus longs. Au total, cela permettra \u00e0 l\u2019ESJ Lille d\u2019atteindre son objectif de 3000 jeunes et 200 professeurs form\u00e9s via l\u2019ensemble de ses formations d\u2019\u00e9ducation aux m\u00e9dias. Ce mardi 15 octobre \u00e0 l\u2019occasion de la Soir\u00e9e du Civisme en Ligne, montez vous aussi \u00e0 bord de l\u2019Info-Truck\u00a0 Ce mardi 15 octobre \u00e0 la Ga\u00eet\u00e9 Lyrique, l\u2019Info-Truck accueille une classe de lyc\u00e9ens des Hauts-de-France pour un atelier de formation, et ces jeunes pourront ensuite s\u2019exercer au m\u00e9tier de journaliste en effectuant des interviews en direct des personnalit\u00e9s qui assisteront \u00e0 la soir\u00e9e, autour des th\u00e9matiques de la lutte contre les discours de haine, contre le harc\u00e8lement et le d\u00e9veloppement de l\u2019esprit critique.\u00a0 Seront \u00e9galement pr\u00e9sents tous les laur\u00e9ats du Fonds pour le Civisme en Ligne de Facebook, qui pourront partager les avanc\u00e9es concr\u00e8tes de leurs projets au cours des derniers mois dont YESS, le podcast de d\u00e9fense du droit des femmes et de lutte contre le harc\u00e8lement sexiste par Urban Prod, qui a produit 8 \u00e9pisodes pour une audience cumul\u00e9e d\u00e9passant les 275 000 \u00e9coutes, ou l\u2019association BSF (Biblioth\u00e8que sans fronti\u00e8res) qui a pu d\u00e9velopper un programme de formation \u00e0 la citoyennet\u00e9 num\u00e9rique et au civisme en ligne, sensibilisant plus de 5000 personnes via 469 ateliers r\u00e9alis\u00e9s partout en France. Enfin, cette soir\u00e9e est l\u2019occasion pour Facebook d\u2019annoncer la poursuite du Fonds pour le Civisme en Ligne pour une seconde \u00e9dition. \u201cNous avons con\u00e7u ce Fonds afin de promouvoir les comportements responsables sur Internet car il s\u2019agit d\u2019une priorit\u00e9 pour Facebook\u201d indique Laurent Solly, Vice-Pr\u00e9sident de Facebook en Europe du Sud. \u201cAu cours de cette 1\u00e8re ann\u00e9e d\u2019existence du Fonds, la mobilisation de la soci\u00e9t\u00e9 civile a d\u00e9pass\u00e9 nos attentes et nous avons donc d\u00e9cid\u00e9 de renouveler l\u2019exp\u00e9rience afin de permettre \u00e0 davantage de projets de se d\u00e9velopper et d\u2019encourager le Civisme en Ligne\u201d.\u00a0","og_url":"https:\/\/about.fb.com\/fr\/news\/2019\/10\/facebook-annonce-la-seconde-edition-du-fonds-pour-le-civisme-en-ligne-et-devoile-avec-lesj-lille-le-news-truck-le-premier-camion-regie-itinerant-de-lutte-contre-la-desinformation\/","og_site_name":"\u00c0 propos de Meta","article_published_time":"2019-10-15T14:27:15+00:00","article_modified_time":"2020-02-25T05:55:43+00:00","og_image":[{"width":1024,"height":576,"url":"https:\/\/about.fb.com\/fr\/wp-content\/uploads\/sites\/12\/2021\/10\/meta-social-16x9-1.jpg?resize=1024,576","type":"image\/jpeg"}],"author":"louisonlerein","twitter_card":"summary_large_image","twitter_misc":{"Written by":"Meta","Est. reading time":"4 minutes"},"schema":{"@context":"https:\/\/schema.org","@graph":[{"@type":"Article","@id":"https:\/\/about.fb.com\/fr\/news\/2019\/10\/facebook-annonce-la-seconde-edition-du-fonds-pour-le-civisme-en-ligne-et-devoile-avec-lesj-lille-le-news-truck-le-premier-camion-regie-itinerant-de-lutte-contre-la-desinformation\/#article","isPartOf":{"@id":"https:\/\/about.fb.com\/fr\/news\/2019\/10\/facebook-annonce-la-seconde-edition-du-fonds-pour-le-civisme-en-ligne-et-devoile-avec-lesj-lille-le-news-truck-le-premier-camion-regie-itinerant-de-lutte-contre-la-desinformation\/"},"author":"Facebook company","headline":"Facebook annonce la seconde \u00e9dition du Fonds pour le Civisme en Ligne et d\u00e9voile avec l\u2019ESJ Lille le News-Truck, le premier camion-r\u00e9gie itin\u00e9rant de lutte contre la d\u00e9sinformation","datePublished":"2019-10-15T14:27:15+00:00","dateModified":"2020-02-25T05:55:43+00:00","mainEntityOfPage":{"@id":"https:\/\/about.fb.com\/fr\/news\/2019\/10\/facebook-annonce-la-seconde-edition-du-fonds-pour-le-civisme-en-ligne-et-devoile-avec-lesj-lille-le-news-truck-le-premier-camion-regie-itinerant-de-lutte-contre-la-desinformation\/"},"wordCount":902,"publisher":{"@id":"https:\/\/about.fb.com\/fr\/#organization"},"articleSection":["Actualit\u00e9s"],"inLanguage":"fr-FR"},{"@type":"WebPage","@id":"https:\/\/about.fb.com\/fr\/news\/2019\/10\/facebook-annonce-la-seconde-edition-du-fonds-pour-le-civisme-en-ligne-et-devoile-avec-lesj-lille-le-news-truck-le-premier-camion-regie-itinerant-de-lutte-contre-la-desinformation\/","url":"https:\/\/about.fb.com\/fr\/news\/2019\/10\/facebook-annonce-la-seconde-edition-du-fonds-pour-le-civisme-en-ligne-et-devoile-avec-lesj-lille-le-news-truck-le-premier-camion-regie-itinerant-de-lutte-contre-la-desinformation\/","name":"Facebook annonce la seconde \u00e9dition du Fonds pour le Civisme en Ligne et d\u00e9voile avec l\u2019ESJ Lille le News-Truck, le premier camion-r\u00e9gie itin\u00e9rant de lutte contre la d\u00e9sinformation | \u00c0 propos de Meta","isPartOf":{"@id":"https:\/\/about.fb.com\/fr\/#website"},"datePublished":"2019-10-15T14:27:15+00:00","dateModified":"2020-02-25T05:55:43+00:00","breadcrumb":{"@id":"https:\/\/about.fb.com\/fr\/news\/2019\/10\/facebook-annonce-la-seconde-edition-du-fonds-pour-le-civisme-en-ligne-et-devoile-avec-lesj-lille-le-news-truck-le-premier-camion-regie-itinerant-de-lutte-contre-la-desinformation\/#breadcrumb"},"inLanguage":"fr-FR","potentialAction":[{"@type":"ReadAction","target":["https:\/\/about.fb.com\/fr\/news\/2019\/10\/facebook-annonce-la-seconde-edition-du-fonds-pour-le-civisme-en-ligne-et-devoile-avec-lesj-lille-le-news-truck-le-premier-camion-regie-itinerant-de-lutte-contre-la-desinformation\/"]}],"author":"\u00c0 propos de Meta"},{"@type":"BreadcrumbList","@id":"https:\/\/about.fb.com\/fr\/news\/2019\/10\/facebook-annonce-la-seconde-edition-du-fonds-pour-le-civisme-en-ligne-et-devoile-avec-lesj-lille-le-news-truck-le-premier-camion-regie-itinerant-de-lutte-contre-la-desinformation\/#breadcrumb","itemListElement":[{"@type":"ListItem","position":1,"name":"Home","item":"https:\/\/about.fb.com\/fr\/"},{"@type":"ListItem","position":2,"name":"Facebook annonce la seconde \u00e9dition du Fonds pour le Civisme en Ligne et d\u00e9voile avec l\u2019ESJ Lille le News-Truck, le premier camion-r\u00e9gie itin\u00e9rant de lutte contre la d\u00e9sinformation"}]},{"@type":"WebSite","@id":"https:\/\/about.fb.com\/fr\/#website","url":"https:\/\/about.fb.com\/news\/","name":"\u00c0 propos de Meta","description":"","publisher":{"@id":"https:\/\/about.fb.com\/fr\/#organization"},"potentialAction":[{"@type":"SearchAction","target":{"@type":"EntryPoint","urlTemplate":"https:\/\/about.fb.com\/fr\/?s={search_term_string}"},"query-input":{"@type":"PropertyValueSpecification","valueRequired":true,"valueName":"search_term_string"}}],"inLanguage":"fr-FR","alternateName":["Meta Newsroom","Meta"]},{"@type":"Organization","@id":"https:\/\/about.fb.com\/fr\/#organization","name":"Meta","url":"https:\/\/about.fb.com\/fr\/","logo":{"@type":"ImageObject","inLanguage":"fr-FR","@id":"https:\/\/about.fb.com\/fr\/#\/schema\/logo\/image\/","url":"https:\/\/about.fb.com\/fr\/wp-content\/uploads\/sites\/12\/2021\/10\/meta-social-16x9-1.jpg?fit=8000%2C4500","contentUrl":"https:\/\/about.fb.com\/fr\/wp-content\/uploads\/sites\/12\/2021\/10\/meta-social-16x9-1.jpg?fit=8000%2C4500","width":8000,"height":4500,"caption":"Meta"},"image":{"@id":"https:\/\/about.fb.com\/fr\/#\/schema\/logo\/image\/"}}]}},"jetpack_featured_media_url":"","jetpack-related-posts":[],"jetpack_sharing_enabled":true,"amp_enabled":true,"_links":{"self":[{"href":"https:\/\/about.fb.com\/fr\/wp-json\/wp\/v2\/posts\/8013","targetHints":{"allow":["GET"]}}],"collection":[{"href":"https:\/\/about.fb.com\/fr\/wp-json\/wp\/v2\/posts"}],"about":[{"href":"https:\/\/about.fb.com\/fr\/wp-json\/wp\/v2\/types\/post"}],"author":[{"embeddable":true,"href":"https:\/\/about.fb.com\/fr\/wp-json\/wp\/v2\/users\/150900173"}],"replies":[{"embeddable":true,"href":"https:\/\/about.fb.com\/fr\/wp-json\/wp\/v2\/comments?post=8013"}],"version-history":[{"count":1,"href":"https:\/\/about.fb.com\/fr\/wp-json\/wp\/v2\/posts\/8013\/revisions"}],"predecessor-version":[{"id":21125,"href":"https:\/\/about.fb.com\/fr\/wp-json\/wp\/v2\/posts\/8013\/revisions\/21125"}],"wp:attachment":[{"href":"https:\/\/about.fb.com\/fr\/wp-json\/wp\/v2\/media?parent=8013"}],"wp:term":[{"taxonomy":"category","embeddable":true,"href":"https:\/\/about.fb.com\/fr\/wp-json\/wp\/v2\/categories?post=8013"},{"taxonomy":"post_tag","embeddable":true,"href":"https:\/\/about.fb.com\/fr\/wp-json\/wp\/v2\/tags?post=8013"}],"curies":[{"name":"wp","href":"https:\/\/api.w.org\/{rel}","templated":true}]}}