{"id":7895,"date":"2019-09-04T18:09:42","date_gmt":"2019-09-04T16:09:42","guid":{"rendered":"http:\/\/fr.newsroom.fb.com\/?p=7895"},"modified":"2020-02-25T06:58:04","modified_gmt":"2020-02-25T05:58:04","slug":"comment-tracer-la-voie-a-suivre-en-matiere-de-confidentialite-et-de-portabilite-des-donnees","status":"publish","type":"post","link":"https:\/\/about.fb.com\/fr\/news\/2019\/09\/comment-tracer-la-voie-a-suivre-en-matiere-de-confidentialite-et-de-portabilite-des-donnees\/","title":{"rendered":"Comment tracer la voie \u00e0 suivre en mati\u00e8re de confidentialit\u00e9 et de portabilit\u00e9 des donn\u00e9es"},"content":{"rendered":"<p><img data-recalc-dims=\"1\" loading=\"lazy\" decoding=\"async\" class=\"aligncenter size-large wp-image-7902\" src=\"https:\/\/about.fb.com\/fr\/wp-content\/uploads\/sites\/5\/2019\/09\/data_portabilityprivacy_banner_003-2.gif?resize=960%2C315\" alt=\"\" width=\"960\" height=\"315\" \/><\/p>\n<p><em>Par Erin Egan, Vice-Pr\u00e9sidente et responsable de la politique de confidentialit\u00e9<\/em><\/p>\n<p>Chez Facebook, nous avons la conviction que l\u2019Internet libre et ouvert signifie que les gens doivent pouvoir partager leurs donn\u00e9es avec les applications ou services qu\u2019ils pr\u00e9f\u00e8rent.<\/p>\n<p>Comme l\u2019a r\u00e9cemment d\u00e9clar\u00e9 notre PDG Mark Zuckerberg, vous devriez \u00eatre capable de transf\u00e9rer les donn\u00e9es partag\u00e9es d\u2019un service \u00e0 un autre. Cela donnerait \u00e0 chacun le contr\u00f4le et le choix, tout en encourageant l\u2019innovation. C\u2019est pourquoi nous soutenons le principe de la portabilit\u00e9 des donn\u00e9es.<\/p>\n<p>Depuis pr\u00e8s de dix ans, nous avons permis aux gens de <a href=\"https:\/\/www.facebook.com\/help\/1701730696756992?helpref=hc_global_nav\">t\u00e9l\u00e9charger leurs informations sur Facebook<\/a>, et nous avons r\u00e9cemment am\u00e9lior\u00e9 nos outils pour rendre plus facile le transfert de ces donn\u00e9es vers d\u2019autres services. Cependant, nous sommes convaincus que nous pouvons leur offrir encore plus de contr\u00f4le gr\u00e2ce \u00e0 une nouvelle g\u00e9n\u00e9ration d\u2019outils de portabilit\u00e9 qui prot\u00e8gent la confidentialit\u00e9 et encouragent l\u2019innovation. Pour cela, cependant, nous et d\u2019autres services en ligne devons d\u00e9montrer aux utilisateurs qu\u2019ils peuvent avoir confiance dans la protection de leurs donn\u00e9es dans le cadre de transfert vers des services diff\u00e9rents.<\/p>\n<p>Pour d\u00e9velopper des outils de portabilit\u00e9 dans lesquel les utilisateurs ont confiance et qu\u2019ils peuvent utiliser de mani\u00e8re efficace, les prestataires de services en ligne ont besoin de r\u00e8gles qui d\u00e9terminent clairement le type de donn\u00e9es consid\u00e9r\u00e9es comme portables, ainsi que la personne responsable de leur protection lorsqu\u2019elles sont transmises \u00e0 diff\u00e9rents services. Bien que plusieurs lois, dont le RGPD et la CCPA, garantissent d\u00e9j\u00e0 ce droit \u00e0 la portabilit\u00e9, nous estimons que les entreprises et les utilisateurs pourraient \u00eatre mieux inform\u00e9s sur ce que veulent concr\u00e8tement dire ces r\u00e8gles.<\/p>\n<h3><strong>R\u00e9fl\u00e9chir \u00e0 la portabilit\u00e9 des donn\u00e9es<\/strong><\/h3>\n<p>C\u2019est pourquoi aujourd\u2019hui nous publions <a href=\"https:\/\/about.fb.com\/fr\/wp-content\/uploads\/sites\/5\/2019\/09\/data-portability-privacy-white-paper.pdf\">un livre blanc<\/a> qui pose cinq questions cl\u00e9s sur la portabilit\u00e9 des donn\u00e9es et la confidentialit\u00e9 et qui, nous l\u2019esp\u00e9rons, contribuera \u00e0 la discussion globale sur ce sujet. Ce sont des <a href=\"https:\/\/newsroom.fb.com\/news\/2018\/07\/sharing-info-with-apps\/\">questions complexes<\/a> et nous esp\u00e9rons pouvoir contribuer \u00e0 la r\u00e9flexion et aux recherches des experts, des groupes et des r\u00e9gulateurs en mati\u00e8re de confidentialit\u00e9.<\/p>\n<p>Le livre blanc est t\u00e9l\u00e9chargeable <a href=\"https:\/\/about.fb.com\/fr\/wp-content\/uploads\/sites\/5\/2019\/09\/data-portability-privacy-white-paper.pdf\">ici<\/a>.<\/p>\n<p>Nous esp\u00e9rons que cela aidera \u00e0 identifier les principaux enjeux qui se posent pour am\u00e9liorer la mani\u00e8re dont la portabilit\u00e9 des donn\u00e9es fonctionne dans la pratique, et \u00e0 proposer des id\u00e9es permettant d\u2019y r\u00e9pondre.<\/p>\n<p>&nbsp;<\/p>\n<p><img data-recalc-dims=\"1\" loading=\"lazy\" decoding=\"async\" class=\"aligncenter size-large wp-image-7905\" src=\"https:\/\/about.fb.com\/fr\/wp-content\/uploads\/sites\/5\/2019\/09\/data_portabilityprivacy_infographic_french_000-2.gif?resize=960%2C906\" alt=\"\" width=\"960\" height=\"906\" \/><\/p>\n<ol>\n<li><strong>Qu\u2019est-ce que la portabilit\u00e9 des donn\u00e9es ?<\/strong> Bien que la \u00ab portabilit\u00e9 des donn\u00e9es \u00bb figure d\u00e9j\u00e0 dans certaines l\u00e9gislations, c\u2019est un concept qui ne veut pas encore dire la m\u00eame chose pour tout le monde. Nous nous effor\u00e7ons d\u2019\u00e9tablir une taxonomie qui permettrait de distinguer les diff\u00e9rents types de transferts de donn\u00e9es et de d\u00e9m\u00ealer en dernier lieu ce qui rel\u00e8ve ou non de la \u00ab portabilit\u00e9 des donn\u00e9es \u00bb.<\/li>\n<li><strong>Quelles donn\u00e9es devraient \u00eatre portables ?<\/strong> Nous envisageons diff\u00e9rentes approches de ce que veut dire pour un utilisateur de transf\u00e9rer les donn\u00e9es qu\u2019il a \u00ab fournies \u00bb \u00e0 un service, et les facteurs \u00e0 prendre en compte par les parties prenantes afin de d\u00e9finir l\u2019\u00e9tendue des donn\u00e9es concern\u00e9es.<\/li>\n<li><strong>\u00c0 qui doivent appartenir les donn\u00e9es soumises \u00e0 la portabilit\u00e9\u00a0?<\/strong> Dans le cadre des services num\u00e9riques, les donn\u00e9es sont souvent associ\u00e9es \u00e0 plus d\u2019une personne\u00a0: photos, vid\u00e9os, listes de contacts&#8230; Dans ce cas, les entreprises en charge de leur transfert devraient-elles restreindre la portabilit\u00e9 ? Comment les prestataires peuvent-ils s\u2019assurer que les droits de chaque individu sont respect\u00e9s\u00a0?<\/li>\n<li><strong>Comment doit-on prot\u00e9ger la confidentialit\u00e9 tout en permettant la portabilit\u00e9 ?<\/strong> Quelles responsabilit\u00e9s (s\u2019il devait y en avoir) les entreprises devraient-elles assumer \u00e0 l&rsquo;\u00e9gard des personnes qui demandent des transferts de donn\u00e9es ou re\u00e7oivent des donn\u00e9es transf\u00e9r\u00e9es et des personnes dont les int\u00e9r\u00eats peuvent \u00eatre mis en cause par un transfert ?<\/li>\n<li><strong>Une fois que le transfert de donn\u00e9es a eu lieu, qui est responsable en cas d\u2019utilisation d\u00e9tourn\u00e9e ou de protection insuffisante\u00a0?<\/strong> Quelles entreprises doivent \u00eatre tenues responsables\u00a0: celles qui transf\u00e8rent ou bien celles qui re\u00e7oivent les donn\u00e9es\u00a0? Les utilisateurs eux-m\u00eames doivent-ils \u00eatre tenus responsables en cas de probl\u00e8mes affectant leurs donn\u00e9es (ou celles de leurs amis)\u00a0?<\/li>\n<\/ol>\n<h3><strong>Et apr\u00e8s\u00a0?<\/strong><\/h3>\n<p>La portabilit\u00e9 des donn\u00e9es peut profiter \u00e0 tous\u00a0: utilisateurs, start-ups, et entreprises \u00e9tablies. Nous esp\u00e9rons que ce livre blanc ouvrira un dialogue avec les experts sur les enjeux de confidentialit\u00e9, les responsables politiques, les r\u00e9gulateurs et les autres entreprises du monde entier autour de la mani\u00e8re dont doit \u00eatre impl\u00e9ment\u00e9e la portabilit\u00e9 des donn\u00e9es pour b\u00e9n\u00e9ficier au plus grand nombre tout en limitant les risques<\/p>\n<p>Nous ne nous contentons pas de poser des questions. Si nous estimons indispensable de travailler collectivement pour d\u00e9velopper des r\u00e8gles de conduite communes, nous avons d\u00e9j\u00e0 pris un certain nombre de mesures :<\/p>\n<ol>\n<li><strong>Explorer les futurs outils de portabilit\u00e9.<\/strong> En 2018, nous avons am\u00e9lior\u00e9 notre outil de portabilit\u00e9 <a href=\"https:\/\/www.facebook.com\/help\/1701730696756992?helpref=hc_global_nav\">T\u00e9l\u00e9charger vos informations<\/a>. Nous travaillons d\u00e9sormais sur la mani\u00e8re de concevoir les prochaines g\u00e9n\u00e9rations d\u2019outils de portabilit\u00e9.<\/li>\n<li><strong>D\u00e9velopper de nouveaux standards dans le cadre du Data Transfer Project.<\/strong> En 2018, nous nous sommes associ\u00e9s \u00e0 Google, Microsoft et Twitter au sein du <a href=\"https:\/\/newsroom.fb.com\/news\/2018\/07\/data-transfer-project\/\">Data Transfer Project<\/a>, pour travailler sur une proc\u00e9dure commune de transfert d\u2019information d\u00e8s que l\u2019utilisateur le souhaite. Nous avons depuis \u00e9t\u00e9 rejoints par des entreprises comme Apple.<\/li>\n<li><strong>Organiser des discussions avec les experts et les responsables politiques du monde entier.<\/strong> Nous allons organiser et participer \u00e0 une s\u00e9rie de tables rondes et d\u2019ateliers regroupant experts et responsables politiques autour de la portabilit\u00e9 des donn\u00e9es, dans plusieurs endroits du monde (Washington DC, Singapour, Buenos Aires et Berlin), afin d\u2019avancer sur la question de la r\u00e9glementation. Dans le cadre de ces tables rondes et ateliers, nous utiliserons les conclusions de nos ateliers de d\u00e9veloppement \u00ab\u00a0Design Jams\u00a0\u00bb consacr\u00e9s <a href=\"https:\/\/www.ttclabs.net\/about\">\u00e0 la confiance, \u00e0 la transparence et au contr\u00f4le pour explorer de nouvelles solutions d\u2019outils de portabilit\u00e9 des donn\u00e9es<\/a>. Nous esp\u00e9rons que d\u2019autres acteurs se joindrons \u00e0 cette r\u00e9flexion.<\/li>\n<li><strong>Participer \u00e0 des projets innovants tels que le Data Mobility Sandbox Globally au Royaume-Uni.<\/strong> Dans le monde entier nous collaborons avec des experts, des ONG et des gouvernements concernant des initiatives visant \u00e0 apporter des \u00e9l\u00e9ments de r\u00e9ponse aux questions pos\u00e9es dans notre livre blanc.<\/li>\n<\/ol>\n","protected":false},"excerpt":{"rendered":"Par Erin Egan, Vice-Pr\u00e9sidente et responsable de la politique de confidentialit\u00e9 Chez Facebook, nous avons la conviction que l\u2019Internet libre et ouvert signifie que les gens doivent pouvoir partager leurs donn\u00e9es avec les applications ou services qu\u2019ils pr\u00e9f\u00e8rent. Comme l\u2019a r\u00e9cemment d\u00e9clar\u00e9 notre PDG Mark Zuckerberg, vous devriez \u00eatre capable de transf\u00e9rer les donn\u00e9es partag\u00e9es d\u2019un service \u00e0 un autre. Cela donnerait \u00e0 chacun le contr\u00f4le et le choix, tout en encourageant l\u2019innovation. C\u2019est pourquoi nous soutenons le principe de la portabilit\u00e9 des donn\u00e9es. Depuis pr\u00e8s de dix ans, nous avons permis aux gens de t\u00e9l\u00e9charger leurs informations sur Facebook, et nous avons r\u00e9cemment am\u00e9lior\u00e9 nos outils pour rendre plus facile le transfert de ces donn\u00e9es vers d\u2019autres services. Cependant, nous sommes convaincus que nous pouvons leur offrir encore plus de contr\u00f4le gr\u00e2ce \u00e0 une nouvelle g\u00e9n\u00e9ration d\u2019outils de portabilit\u00e9 qui prot\u00e8gent la confidentialit\u00e9 et encouragent l\u2019innovation. Pour cela, cependant, nous et d\u2019autres services en ligne devons d\u00e9montrer aux utilisateurs qu\u2019ils peuvent avoir confiance dans la protection de leurs donn\u00e9es dans le cadre de transfert vers des services diff\u00e9rents. Pour d\u00e9velopper des outils de portabilit\u00e9 dans lesquel les utilisateurs ont confiance et qu\u2019ils peuvent utiliser de mani\u00e8re efficace, les prestataires de services en ligne ont besoin de r\u00e8gles qui d\u00e9terminent clairement le type de donn\u00e9es consid\u00e9r\u00e9es comme portables, ainsi que la personne responsable de leur protection lorsqu\u2019elles sont transmises \u00e0 diff\u00e9rents services. Bien que plusieurs lois, dont le RGPD et la CCPA, garantissent d\u00e9j\u00e0 ce droit \u00e0 la portabilit\u00e9, nous estimons que les entreprises et les utilisateurs pourraient \u00eatre mieux inform\u00e9s sur ce que veulent concr\u00e8tement dire ces r\u00e8gles. R\u00e9fl\u00e9chir \u00e0 la portabilit\u00e9 des donn\u00e9es C\u2019est pourquoi aujourd\u2019hui nous publions un livre blanc qui pose cinq questions cl\u00e9s sur la portabilit\u00e9 des donn\u00e9es et la confidentialit\u00e9 et qui, nous l\u2019esp\u00e9rons, contribuera \u00e0 la discussion globale sur ce sujet. Ce sont des questions complexes et nous esp\u00e9rons pouvoir contribuer \u00e0 la r\u00e9flexion et aux recherches des experts, des groupes et des r\u00e9gulateurs en mati\u00e8re de confidentialit\u00e9. Le livre blanc est t\u00e9l\u00e9chargeable ici. Nous esp\u00e9rons que cela aidera \u00e0 identifier les principaux enjeux qui se posent pour am\u00e9liorer la mani\u00e8re dont la portabilit\u00e9 des donn\u00e9es fonctionne dans la pratique, et \u00e0 proposer des id\u00e9es permettant d\u2019y r\u00e9pondre. &nbsp; Qu\u2019est-ce que la portabilit\u00e9 des donn\u00e9es ? Bien que la \u00ab portabilit\u00e9 des donn\u00e9es \u00bb figure d\u00e9j\u00e0 dans certaines l\u00e9gislations, c\u2019est un concept qui ne veut pas encore dire la m\u00eame chose pour tout le monde. Nous nous effor\u00e7ons d\u2019\u00e9tablir une taxonomie qui permettrait de distinguer les diff\u00e9rents types de transferts de donn\u00e9es et de d\u00e9m\u00ealer en dernier lieu ce qui rel\u00e8ve ou non de la \u00ab portabilit\u00e9 des donn\u00e9es \u00bb. Quelles donn\u00e9es devraient \u00eatre portables ? Nous envisageons diff\u00e9rentes approches de ce que veut dire pour un utilisateur de transf\u00e9rer les donn\u00e9es qu\u2019il a \u00ab fournies \u00bb \u00e0 un service, et les facteurs \u00e0 prendre en compte par les parties prenantes afin de d\u00e9finir l\u2019\u00e9tendue des donn\u00e9es concern\u00e9es. \u00c0 qui doivent appartenir les donn\u00e9es soumises \u00e0 la portabilit\u00e9\u00a0? Dans le cadre des services num\u00e9riques, les donn\u00e9es sont souvent associ\u00e9es \u00e0 plus d\u2019une personne\u00a0: photos, vid\u00e9os, listes de contacts&#8230; Dans ce cas, les entreprises en charge de leur transfert devraient-elles restreindre la portabilit\u00e9 ? Comment les prestataires peuvent-ils s\u2019assurer que les droits de chaque individu sont respect\u00e9s\u00a0? Comment doit-on prot\u00e9ger la confidentialit\u00e9 tout en permettant la portabilit\u00e9 ? Quelles responsabilit\u00e9s (s\u2019il devait y en avoir) les entreprises devraient-elles assumer \u00e0 l&rsquo;\u00e9gard des personnes qui demandent des transferts de donn\u00e9es ou re\u00e7oivent des donn\u00e9es transf\u00e9r\u00e9es et des personnes dont les int\u00e9r\u00eats peuvent \u00eatre mis en cause par un transfert ? Une fois que le transfert de donn\u00e9es a eu lieu, qui est responsable en cas d\u2019utilisation d\u00e9tourn\u00e9e ou de protection insuffisante\u00a0? Quelles entreprises doivent \u00eatre tenues responsables\u00a0: celles qui transf\u00e8rent ou bien celles qui re\u00e7oivent les donn\u00e9es\u00a0? Les utilisateurs eux-m\u00eames doivent-ils \u00eatre tenus responsables en cas de probl\u00e8mes affectant leurs donn\u00e9es (ou celles de leurs amis)\u00a0? Et apr\u00e8s\u00a0? La portabilit\u00e9 des donn\u00e9es peut profiter \u00e0 tous\u00a0: utilisateurs, start-ups, et entreprises \u00e9tablies. Nous esp\u00e9rons que ce livre blanc ouvrira un dialogue avec les experts sur les enjeux de confidentialit\u00e9, les responsables politiques, les r\u00e9gulateurs et les autres entreprises du monde entier autour de la mani\u00e8re dont doit \u00eatre impl\u00e9ment\u00e9e la portabilit\u00e9 des donn\u00e9es pour b\u00e9n\u00e9ficier au plus grand nombre tout en limitant les risques Nous ne nous contentons pas de poser des questions. Si nous estimons indispensable de travailler collectivement pour d\u00e9velopper des r\u00e8gles de conduite communes, nous avons d\u00e9j\u00e0 pris un certain nombre de mesures : Explorer les futurs outils de portabilit\u00e9. En 2018, nous avons am\u00e9lior\u00e9 notre outil de portabilit\u00e9 T\u00e9l\u00e9charger vos informations. Nous travaillons d\u00e9sormais sur la mani\u00e8re de concevoir les prochaines g\u00e9n\u00e9rations d\u2019outils de portabilit\u00e9. D\u00e9velopper de nouveaux standards dans le cadre du Data Transfer Project. En 2018, nous nous sommes associ\u00e9s \u00e0 Google, Microsoft et Twitter au sein du Data Transfer Project, pour travailler sur une proc\u00e9dure commune de transfert d\u2019information d\u00e8s que l\u2019utilisateur le souhaite. Nous avons depuis \u00e9t\u00e9 rejoints par des entreprises comme Apple. Organiser des discussions avec les experts et les responsables politiques du monde entier. Nous allons organiser et participer \u00e0 une s\u00e9rie de tables rondes et d\u2019ateliers regroupant experts et responsables politiques autour de la portabilit\u00e9 des donn\u00e9es, dans plusieurs endroits du monde (Washington DC, Singapour, Buenos Aires et Berlin), afin d\u2019avancer sur la question de la r\u00e9glementation. Dans le cadre de ces tables rondes et ateliers, nous utiliserons les conclusions de nos ateliers de d\u00e9veloppement \u00ab\u00a0Design Jams\u00a0\u00bb consacr\u00e9s \u00e0 la confiance, \u00e0 la transparence et au contr\u00f4le pour explorer de nouvelles solutions d\u2019outils de portabilit\u00e9 des donn\u00e9es. Nous esp\u00e9rons que d\u2019autres acteurs se joindrons \u00e0 cette r\u00e9flexion. Participer \u00e0 des projets innovants tels que le Data Mobility Sandbox Globally au Royaume-Uni. Dans le monde entier nous collaborons avec des experts, des ONG et des gouvernements concernant des initiatives visant \u00e0 apporter des \u00e9l\u00e9ments de r\u00e9ponse aux questions pos\u00e9es dans notre livre blanc.","protected":false},"author":150900173,"featured_media":0,"comment_status":"closed","ping_status":"closed","sticky":false,"template":"","format":"standard","meta":{"_jetpack_memberships_contains_paid_content":false,"footnotes":""},"categories":[243897990],"tags":[],"class_list":["post-7895","post","type-post","status-publish","format-standard","hentry","category-actualites"],"yoast_head":"<!-- This site is optimized with the Yoast SEO plugin v27.2 - https:\/\/yoast.com\/product\/yoast-seo-wordpress\/ -->\n<title>Comment tracer la voie \u00e0 suivre en mati\u00e8re de confidentialit\u00e9 et de portabilit\u00e9 des donn\u00e9es | \u00c0 propos de Meta<\/title>\n<meta name=\"robots\" content=\"index, follow, max-snippet:-1, max-image-preview:large, max-video-preview:-1\" \/>\n<link rel=\"canonical\" href=\"https:\/\/about.fb.com\/fr\/news\/2019\/09\/comment-tracer-la-voie-a-suivre-en-matiere-de-confidentialite-et-de-portabilite-des-donnees\/\" \/>\n<meta property=\"og:locale\" content=\"fr_FR\" \/>\n<meta property=\"og:type\" content=\"article\" \/>\n<meta property=\"og:title\" content=\"Comment tracer la voie \u00e0 suivre en mati\u00e8re de confidentialit\u00e9 et de portabilit\u00e9 des donn\u00e9es | \u00c0 propos de Meta\" \/>\n<meta property=\"og:description\" content=\"Par Erin Egan, Vice-Pr\u00e9sidente et responsable de la politique de confidentialit\u00e9 Chez Facebook, nous avons la conviction que l\u2019Internet libre et ouvert signifie que les gens doivent pouvoir partager leurs donn\u00e9es avec les applications ou services qu\u2019ils pr\u00e9f\u00e8rent. Comme l\u2019a r\u00e9cemment d\u00e9clar\u00e9 notre PDG Mark Zuckerberg, vous devriez \u00eatre capable de transf\u00e9rer les donn\u00e9es partag\u00e9es d\u2019un service \u00e0 un autre. Cela donnerait \u00e0 chacun le contr\u00f4le et le choix, tout en encourageant l\u2019innovation. C\u2019est pourquoi nous soutenons le principe de la portabilit\u00e9 des donn\u00e9es. Depuis pr\u00e8s de dix ans, nous avons permis aux gens de t\u00e9l\u00e9charger leurs informations sur Facebook, et nous avons r\u00e9cemment am\u00e9lior\u00e9 nos outils pour rendre plus facile le transfert de ces donn\u00e9es vers d\u2019autres services. Cependant, nous sommes convaincus que nous pouvons leur offrir encore plus de contr\u00f4le gr\u00e2ce \u00e0 une nouvelle g\u00e9n\u00e9ration d\u2019outils de portabilit\u00e9 qui prot\u00e8gent la confidentialit\u00e9 et encouragent l\u2019innovation. Pour cela, cependant, nous et d\u2019autres services en ligne devons d\u00e9montrer aux utilisateurs qu\u2019ils peuvent avoir confiance dans la protection de leurs donn\u00e9es dans le cadre de transfert vers des services diff\u00e9rents. Pour d\u00e9velopper des outils de portabilit\u00e9 dans lesquel les utilisateurs ont confiance et qu\u2019ils peuvent utiliser de mani\u00e8re efficace, les prestataires de services en ligne ont besoin de r\u00e8gles qui d\u00e9terminent clairement le type de donn\u00e9es consid\u00e9r\u00e9es comme portables, ainsi que la personne responsable de leur protection lorsqu\u2019elles sont transmises \u00e0 diff\u00e9rents services. Bien que plusieurs lois, dont le RGPD et la CCPA, garantissent d\u00e9j\u00e0 ce droit \u00e0 la portabilit\u00e9, nous estimons que les entreprises et les utilisateurs pourraient \u00eatre mieux inform\u00e9s sur ce que veulent concr\u00e8tement dire ces r\u00e8gles. R\u00e9fl\u00e9chir \u00e0 la portabilit\u00e9 des donn\u00e9es C\u2019est pourquoi aujourd\u2019hui nous publions un livre blanc qui pose cinq questions cl\u00e9s sur la portabilit\u00e9 des donn\u00e9es et la confidentialit\u00e9 et qui, nous l\u2019esp\u00e9rons, contribuera \u00e0 la discussion globale sur ce sujet. Ce sont des questions complexes et nous esp\u00e9rons pouvoir contribuer \u00e0 la r\u00e9flexion et aux recherches des experts, des groupes et des r\u00e9gulateurs en mati\u00e8re de confidentialit\u00e9. Le livre blanc est t\u00e9l\u00e9chargeable ici. Nous esp\u00e9rons que cela aidera \u00e0 identifier les principaux enjeux qui se posent pour am\u00e9liorer la mani\u00e8re dont la portabilit\u00e9 des donn\u00e9es fonctionne dans la pratique, et \u00e0 proposer des id\u00e9es permettant d\u2019y r\u00e9pondre. &nbsp; Qu\u2019est-ce que la portabilit\u00e9 des donn\u00e9es ? Bien que la \u00ab portabilit\u00e9 des donn\u00e9es \u00bb figure d\u00e9j\u00e0 dans certaines l\u00e9gislations, c\u2019est un concept qui ne veut pas encore dire la m\u00eame chose pour tout le monde. Nous nous effor\u00e7ons d\u2019\u00e9tablir une taxonomie qui permettrait de distinguer les diff\u00e9rents types de transferts de donn\u00e9es et de d\u00e9m\u00ealer en dernier lieu ce qui rel\u00e8ve ou non de la \u00ab portabilit\u00e9 des donn\u00e9es \u00bb. Quelles donn\u00e9es devraient \u00eatre portables ? Nous envisageons diff\u00e9rentes approches de ce que veut dire pour un utilisateur de transf\u00e9rer les donn\u00e9es qu\u2019il a \u00ab fournies \u00bb \u00e0 un service, et les facteurs \u00e0 prendre en compte par les parties prenantes afin de d\u00e9finir l\u2019\u00e9tendue des donn\u00e9es concern\u00e9es. \u00c0 qui doivent appartenir les donn\u00e9es soumises \u00e0 la portabilit\u00e9\u00a0? Dans le cadre des services num\u00e9riques, les donn\u00e9es sont souvent associ\u00e9es \u00e0 plus d\u2019une personne\u00a0: photos, vid\u00e9os, listes de contacts&#8230; Dans ce cas, les entreprises en charge de leur transfert devraient-elles restreindre la portabilit\u00e9 ? Comment les prestataires peuvent-ils s\u2019assurer que les droits de chaque individu sont respect\u00e9s\u00a0? Comment doit-on prot\u00e9ger la confidentialit\u00e9 tout en permettant la portabilit\u00e9 ? Quelles responsabilit\u00e9s (s\u2019il devait y en avoir) les entreprises devraient-elles assumer \u00e0 l&rsquo;\u00e9gard des personnes qui demandent des transferts de donn\u00e9es ou re\u00e7oivent des donn\u00e9es transf\u00e9r\u00e9es et des personnes dont les int\u00e9r\u00eats peuvent \u00eatre mis en cause par un transfert ? Une fois que le transfert de donn\u00e9es a eu lieu, qui est responsable en cas d\u2019utilisation d\u00e9tourn\u00e9e ou de protection insuffisante\u00a0? Quelles entreprises doivent \u00eatre tenues responsables\u00a0: celles qui transf\u00e8rent ou bien celles qui re\u00e7oivent les donn\u00e9es\u00a0? Les utilisateurs eux-m\u00eames doivent-ils \u00eatre tenus responsables en cas de probl\u00e8mes affectant leurs donn\u00e9es (ou celles de leurs amis)\u00a0? Et apr\u00e8s\u00a0? La portabilit\u00e9 des donn\u00e9es peut profiter \u00e0 tous\u00a0: utilisateurs, start-ups, et entreprises \u00e9tablies. Nous esp\u00e9rons que ce livre blanc ouvrira un dialogue avec les experts sur les enjeux de confidentialit\u00e9, les responsables politiques, les r\u00e9gulateurs et les autres entreprises du monde entier autour de la mani\u00e8re dont doit \u00eatre impl\u00e9ment\u00e9e la portabilit\u00e9 des donn\u00e9es pour b\u00e9n\u00e9ficier au plus grand nombre tout en limitant les risques Nous ne nous contentons pas de poser des questions. Si nous estimons indispensable de travailler collectivement pour d\u00e9velopper des r\u00e8gles de conduite communes, nous avons d\u00e9j\u00e0 pris un certain nombre de mesures : Explorer les futurs outils de portabilit\u00e9. En 2018, nous avons am\u00e9lior\u00e9 notre outil de portabilit\u00e9 T\u00e9l\u00e9charger vos informations. Nous travaillons d\u00e9sormais sur la mani\u00e8re de concevoir les prochaines g\u00e9n\u00e9rations d\u2019outils de portabilit\u00e9. D\u00e9velopper de nouveaux standards dans le cadre du Data Transfer Project. En 2018, nous nous sommes associ\u00e9s \u00e0 Google, Microsoft et Twitter au sein du Data Transfer Project, pour travailler sur une proc\u00e9dure commune de transfert d\u2019information d\u00e8s que l\u2019utilisateur le souhaite. Nous avons depuis \u00e9t\u00e9 rejoints par des entreprises comme Apple. Organiser des discussions avec les experts et les responsables politiques du monde entier. Nous allons organiser et participer \u00e0 une s\u00e9rie de tables rondes et d\u2019ateliers regroupant experts et responsables politiques autour de la portabilit\u00e9 des donn\u00e9es, dans plusieurs endroits du monde (Washington DC, Singapour, Buenos Aires et Berlin), afin d\u2019avancer sur la question de la r\u00e9glementation. Dans le cadre de ces tables rondes et ateliers, nous utiliserons les conclusions de nos ateliers de d\u00e9veloppement \u00ab\u00a0Design Jams\u00a0\u00bb consacr\u00e9s \u00e0 la confiance, \u00e0 la transparence et au contr\u00f4le pour explorer de nouvelles solutions d\u2019outils de portabilit\u00e9 des donn\u00e9es. Nous esp\u00e9rons que d\u2019autres acteurs se joindrons \u00e0 cette r\u00e9flexion. Participer \u00e0 des projets innovants tels que le Data Mobility Sandbox Globally au Royaume-Uni. Dans le monde entier nous collaborons avec des experts, des ONG et des gouvernements concernant des initiatives visant \u00e0 apporter des \u00e9l\u00e9ments de r\u00e9ponse aux questions pos\u00e9es dans notre livre blanc.\" \/>\n<meta property=\"og:url\" content=\"https:\/\/about.fb.com\/fr\/news\/2019\/09\/comment-tracer-la-voie-a-suivre-en-matiere-de-confidentialite-et-de-portabilite-des-donnees\/\" \/>\n<meta property=\"og:site_name\" content=\"\u00c0 propos de Meta\" \/>\n<meta property=\"article:published_time\" content=\"2019-09-04T16:09:42+00:00\" \/>\n<meta property=\"article:modified_time\" content=\"2020-02-25T05:58:04+00:00\" \/>\n<meta property=\"og:image\" content=\"https:\/\/about.fb.com\/fr\/wp-content\/uploads\/sites\/5\/2019\/09\/data_portabilityprivacy_banner_003-2.gif\" \/>\n<meta name=\"author\" content=\"louisonlerein\" \/>\n<meta name=\"twitter:card\" content=\"summary_large_image\" \/>\n<meta name=\"twitter:label1\" content=\"Written by\" \/>\n\t<meta name=\"twitter:data1\" content=\"Meta\" \/>\n\t<meta name=\"twitter:label2\" content=\"Est. reading time\" \/>\n\t<meta name=\"twitter:data2\" content=\"6 minutes\" \/>\n<script type=\"application\/ld+json\" class=\"yoast-schema-graph\">{\"@context\":\"https:\/\/schema.org\",\"@graph\":[{\"@type\":\"Article\",\"@id\":\"https:\/\/about.fb.com\/fr\/news\/2019\/09\/comment-tracer-la-voie-a-suivre-en-matiere-de-confidentialite-et-de-portabilite-des-donnees\/#article\",\"isPartOf\":{\"@id\":\"https:\/\/about.fb.com\/fr\/news\/2019\/09\/comment-tracer-la-voie-a-suivre-en-matiere-de-confidentialite-et-de-portabilite-des-donnees\/\"},\"author\":\"Facebook company\",\"headline\":\"Comment tracer la voie \u00e0 suivre en mati\u00e8re de confidentialit\u00e9 et de portabilit\u00e9 des donn\u00e9es\",\"datePublished\":\"2019-09-04T16:09:42+00:00\",\"dateModified\":\"2020-02-25T05:58:04+00:00\",\"mainEntityOfPage\":{\"@id\":\"https:\/\/about.fb.com\/fr\/news\/2019\/09\/comment-tracer-la-voie-a-suivre-en-matiere-de-confidentialite-et-de-portabilite-des-donnees\/\"},\"wordCount\":1143,\"publisher\":{\"@id\":\"https:\/\/about.fb.com\/fr\/#organization\"},\"image\":{\"@id\":\"https:\/\/about.fb.com\/fr\/news\/2019\/09\/comment-tracer-la-voie-a-suivre-en-matiere-de-confidentialite-et-de-portabilite-des-donnees\/#primaryimage\"},\"thumbnailUrl\":\"https:\/\/about.fb.com\/fr\/wp-content\/uploads\/sites\/5\/2019\/09\/data_portabilityprivacy_banner_003-2.gif\",\"articleSection\":[\"Actualit\u00e9s\"],\"inLanguage\":\"fr-FR\"},{\"@type\":\"WebPage\",\"@id\":\"https:\/\/about.fb.com\/fr\/news\/2019\/09\/comment-tracer-la-voie-a-suivre-en-matiere-de-confidentialite-et-de-portabilite-des-donnees\/\",\"url\":\"https:\/\/about.fb.com\/fr\/news\/2019\/09\/comment-tracer-la-voie-a-suivre-en-matiere-de-confidentialite-et-de-portabilite-des-donnees\/\",\"name\":\"Comment tracer la voie \u00e0 suivre en mati\u00e8re de confidentialit\u00e9 et de portabilit\u00e9 des donn\u00e9es | \u00c0 propos de Meta\",\"isPartOf\":{\"@id\":\"https:\/\/about.fb.com\/fr\/#website\"},\"primaryImageOfPage\":{\"@id\":\"https:\/\/about.fb.com\/fr\/news\/2019\/09\/comment-tracer-la-voie-a-suivre-en-matiere-de-confidentialite-et-de-portabilite-des-donnees\/#primaryimage\"},\"image\":{\"@id\":\"https:\/\/about.fb.com\/fr\/news\/2019\/09\/comment-tracer-la-voie-a-suivre-en-matiere-de-confidentialite-et-de-portabilite-des-donnees\/#primaryimage\"},\"thumbnailUrl\":\"https:\/\/about.fb.com\/fr\/wp-content\/uploads\/sites\/5\/2019\/09\/data_portabilityprivacy_banner_003-2.gif\",\"datePublished\":\"2019-09-04T16:09:42+00:00\",\"dateModified\":\"2020-02-25T05:58:04+00:00\",\"breadcrumb\":{\"@id\":\"https:\/\/about.fb.com\/fr\/news\/2019\/09\/comment-tracer-la-voie-a-suivre-en-matiere-de-confidentialite-et-de-portabilite-des-donnees\/#breadcrumb\"},\"inLanguage\":\"fr-FR\",\"potentialAction\":[{\"@type\":\"ReadAction\",\"target\":[\"https:\/\/about.fb.com\/fr\/news\/2019\/09\/comment-tracer-la-voie-a-suivre-en-matiere-de-confidentialite-et-de-portabilite-des-donnees\/\"]}],\"author\":\"\u00c0 propos de Meta\"},{\"@type\":\"ImageObject\",\"inLanguage\":\"fr-FR\",\"@id\":\"https:\/\/about.fb.com\/fr\/news\/2019\/09\/comment-tracer-la-voie-a-suivre-en-matiere-de-confidentialite-et-de-portabilite-des-donnees\/#primaryimage\",\"url\":\"https:\/\/about.fb.com\/fr\/wp-content\/uploads\/sites\/5\/2019\/09\/data_portabilityprivacy_banner_003-2.gif\",\"contentUrl\":\"https:\/\/about.fb.com\/fr\/wp-content\/uploads\/sites\/5\/2019\/09\/data_portabilityprivacy_banner_003-2.gif\"},{\"@type\":\"BreadcrumbList\",\"@id\":\"https:\/\/about.fb.com\/fr\/news\/2019\/09\/comment-tracer-la-voie-a-suivre-en-matiere-de-confidentialite-et-de-portabilite-des-donnees\/#breadcrumb\",\"itemListElement\":[{\"@type\":\"ListItem\",\"position\":1,\"name\":\"Home\",\"item\":\"https:\/\/about.fb.com\/fr\/\"},{\"@type\":\"ListItem\",\"position\":2,\"name\":\"Comment tracer la voie \u00e0 suivre en mati\u00e8re de confidentialit\u00e9 et de portabilit\u00e9 des donn\u00e9es\"}]},{\"@type\":\"WebSite\",\"@id\":\"https:\/\/about.fb.com\/fr\/#website\",\"url\":\"https:\/\/about.fb.com\/news\/\",\"name\":\"\u00c0 propos de Meta\",\"description\":\"\",\"publisher\":{\"@id\":\"https:\/\/about.fb.com\/fr\/#organization\"},\"potentialAction\":[{\"@type\":\"SearchAction\",\"target\":{\"@type\":\"EntryPoint\",\"urlTemplate\":\"https:\/\/about.fb.com\/fr\/?s={search_term_string}\"},\"query-input\":{\"@type\":\"PropertyValueSpecification\",\"valueRequired\":true,\"valueName\":\"search_term_string\"}}],\"inLanguage\":\"fr-FR\",\"alternateName\":[\"Meta Newsroom\",\"Meta\"]},{\"@type\":\"Organization\",\"@id\":\"https:\/\/about.fb.com\/fr\/#organization\",\"name\":\"Meta\",\"url\":\"https:\/\/about.fb.com\/fr\/\",\"logo\":{\"@type\":\"ImageObject\",\"inLanguage\":\"fr-FR\",\"@id\":\"https:\/\/about.fb.com\/fr\/#\/schema\/logo\/image\/\",\"url\":\"https:\/\/about.fb.com\/fr\/wp-content\/uploads\/sites\/12\/2021\/10\/meta-social-16x9-1.jpg?fit=8000%2C4500\",\"contentUrl\":\"https:\/\/about.fb.com\/fr\/wp-content\/uploads\/sites\/12\/2021\/10\/meta-social-16x9-1.jpg?fit=8000%2C4500\",\"width\":8000,\"height\":4500,\"caption\":\"Meta\"},\"image\":{\"@id\":\"https:\/\/about.fb.com\/fr\/#\/schema\/logo\/image\/\"}}]}<\/script>\n<!-- \/ Yoast SEO plugin. -->","yoast_head_json":{"title":"Comment tracer la voie \u00e0 suivre en mati\u00e8re de confidentialit\u00e9 et de portabilit\u00e9 des donn\u00e9es | \u00c0 propos de Meta","robots":{"index":"index","follow":"follow","max-snippet":"max-snippet:-1","max-image-preview":"max-image-preview:large","max-video-preview":"max-video-preview:-1"},"canonical":"https:\/\/about.fb.com\/fr\/news\/2019\/09\/comment-tracer-la-voie-a-suivre-en-matiere-de-confidentialite-et-de-portabilite-des-donnees\/","og_locale":"fr_FR","og_type":"article","og_title":"Comment tracer la voie \u00e0 suivre en mati\u00e8re de confidentialit\u00e9 et de portabilit\u00e9 des donn\u00e9es | \u00c0 propos de Meta","og_description":"Par Erin Egan, Vice-Pr\u00e9sidente et responsable de la politique de confidentialit\u00e9 Chez Facebook, nous avons la conviction que l\u2019Internet libre et ouvert signifie que les gens doivent pouvoir partager leurs donn\u00e9es avec les applications ou services qu\u2019ils pr\u00e9f\u00e8rent. Comme l\u2019a r\u00e9cemment d\u00e9clar\u00e9 notre PDG Mark Zuckerberg, vous devriez \u00eatre capable de transf\u00e9rer les donn\u00e9es partag\u00e9es d\u2019un service \u00e0 un autre. Cela donnerait \u00e0 chacun le contr\u00f4le et le choix, tout en encourageant l\u2019innovation. C\u2019est pourquoi nous soutenons le principe de la portabilit\u00e9 des donn\u00e9es. Depuis pr\u00e8s de dix ans, nous avons permis aux gens de t\u00e9l\u00e9charger leurs informations sur Facebook, et nous avons r\u00e9cemment am\u00e9lior\u00e9 nos outils pour rendre plus facile le transfert de ces donn\u00e9es vers d\u2019autres services. Cependant, nous sommes convaincus que nous pouvons leur offrir encore plus de contr\u00f4le gr\u00e2ce \u00e0 une nouvelle g\u00e9n\u00e9ration d\u2019outils de portabilit\u00e9 qui prot\u00e8gent la confidentialit\u00e9 et encouragent l\u2019innovation. Pour cela, cependant, nous et d\u2019autres services en ligne devons d\u00e9montrer aux utilisateurs qu\u2019ils peuvent avoir confiance dans la protection de leurs donn\u00e9es dans le cadre de transfert vers des services diff\u00e9rents. Pour d\u00e9velopper des outils de portabilit\u00e9 dans lesquel les utilisateurs ont confiance et qu\u2019ils peuvent utiliser de mani\u00e8re efficace, les prestataires de services en ligne ont besoin de r\u00e8gles qui d\u00e9terminent clairement le type de donn\u00e9es consid\u00e9r\u00e9es comme portables, ainsi que la personne responsable de leur protection lorsqu\u2019elles sont transmises \u00e0 diff\u00e9rents services. Bien que plusieurs lois, dont le RGPD et la CCPA, garantissent d\u00e9j\u00e0 ce droit \u00e0 la portabilit\u00e9, nous estimons que les entreprises et les utilisateurs pourraient \u00eatre mieux inform\u00e9s sur ce que veulent concr\u00e8tement dire ces r\u00e8gles. R\u00e9fl\u00e9chir \u00e0 la portabilit\u00e9 des donn\u00e9es C\u2019est pourquoi aujourd\u2019hui nous publions un livre blanc qui pose cinq questions cl\u00e9s sur la portabilit\u00e9 des donn\u00e9es et la confidentialit\u00e9 et qui, nous l\u2019esp\u00e9rons, contribuera \u00e0 la discussion globale sur ce sujet. Ce sont des questions complexes et nous esp\u00e9rons pouvoir contribuer \u00e0 la r\u00e9flexion et aux recherches des experts, des groupes et des r\u00e9gulateurs en mati\u00e8re de confidentialit\u00e9. Le livre blanc est t\u00e9l\u00e9chargeable ici. Nous esp\u00e9rons que cela aidera \u00e0 identifier les principaux enjeux qui se posent pour am\u00e9liorer la mani\u00e8re dont la portabilit\u00e9 des donn\u00e9es fonctionne dans la pratique, et \u00e0 proposer des id\u00e9es permettant d\u2019y r\u00e9pondre. &nbsp; Qu\u2019est-ce que la portabilit\u00e9 des donn\u00e9es ? Bien que la \u00ab portabilit\u00e9 des donn\u00e9es \u00bb figure d\u00e9j\u00e0 dans certaines l\u00e9gislations, c\u2019est un concept qui ne veut pas encore dire la m\u00eame chose pour tout le monde. Nous nous effor\u00e7ons d\u2019\u00e9tablir une taxonomie qui permettrait de distinguer les diff\u00e9rents types de transferts de donn\u00e9es et de d\u00e9m\u00ealer en dernier lieu ce qui rel\u00e8ve ou non de la \u00ab portabilit\u00e9 des donn\u00e9es \u00bb. Quelles donn\u00e9es devraient \u00eatre portables ? Nous envisageons diff\u00e9rentes approches de ce que veut dire pour un utilisateur de transf\u00e9rer les donn\u00e9es qu\u2019il a \u00ab fournies \u00bb \u00e0 un service, et les facteurs \u00e0 prendre en compte par les parties prenantes afin de d\u00e9finir l\u2019\u00e9tendue des donn\u00e9es concern\u00e9es. \u00c0 qui doivent appartenir les donn\u00e9es soumises \u00e0 la portabilit\u00e9\u00a0? Dans le cadre des services num\u00e9riques, les donn\u00e9es sont souvent associ\u00e9es \u00e0 plus d\u2019une personne\u00a0: photos, vid\u00e9os, listes de contacts&#8230; Dans ce cas, les entreprises en charge de leur transfert devraient-elles restreindre la portabilit\u00e9 ? Comment les prestataires peuvent-ils s\u2019assurer que les droits de chaque individu sont respect\u00e9s\u00a0? Comment doit-on prot\u00e9ger la confidentialit\u00e9 tout en permettant la portabilit\u00e9 ? Quelles responsabilit\u00e9s (s\u2019il devait y en avoir) les entreprises devraient-elles assumer \u00e0 l&rsquo;\u00e9gard des personnes qui demandent des transferts de donn\u00e9es ou re\u00e7oivent des donn\u00e9es transf\u00e9r\u00e9es et des personnes dont les int\u00e9r\u00eats peuvent \u00eatre mis en cause par un transfert ? Une fois que le transfert de donn\u00e9es a eu lieu, qui est responsable en cas d\u2019utilisation d\u00e9tourn\u00e9e ou de protection insuffisante\u00a0? Quelles entreprises doivent \u00eatre tenues responsables\u00a0: celles qui transf\u00e8rent ou bien celles qui re\u00e7oivent les donn\u00e9es\u00a0? Les utilisateurs eux-m\u00eames doivent-ils \u00eatre tenus responsables en cas de probl\u00e8mes affectant leurs donn\u00e9es (ou celles de leurs amis)\u00a0? Et apr\u00e8s\u00a0? La portabilit\u00e9 des donn\u00e9es peut profiter \u00e0 tous\u00a0: utilisateurs, start-ups, et entreprises \u00e9tablies. Nous esp\u00e9rons que ce livre blanc ouvrira un dialogue avec les experts sur les enjeux de confidentialit\u00e9, les responsables politiques, les r\u00e9gulateurs et les autres entreprises du monde entier autour de la mani\u00e8re dont doit \u00eatre impl\u00e9ment\u00e9e la portabilit\u00e9 des donn\u00e9es pour b\u00e9n\u00e9ficier au plus grand nombre tout en limitant les risques Nous ne nous contentons pas de poser des questions. Si nous estimons indispensable de travailler collectivement pour d\u00e9velopper des r\u00e8gles de conduite communes, nous avons d\u00e9j\u00e0 pris un certain nombre de mesures : Explorer les futurs outils de portabilit\u00e9. En 2018, nous avons am\u00e9lior\u00e9 notre outil de portabilit\u00e9 T\u00e9l\u00e9charger vos informations. Nous travaillons d\u00e9sormais sur la mani\u00e8re de concevoir les prochaines g\u00e9n\u00e9rations d\u2019outils de portabilit\u00e9. D\u00e9velopper de nouveaux standards dans le cadre du Data Transfer Project. En 2018, nous nous sommes associ\u00e9s \u00e0 Google, Microsoft et Twitter au sein du Data Transfer Project, pour travailler sur une proc\u00e9dure commune de transfert d\u2019information d\u00e8s que l\u2019utilisateur le souhaite. Nous avons depuis \u00e9t\u00e9 rejoints par des entreprises comme Apple. Organiser des discussions avec les experts et les responsables politiques du monde entier. Nous allons organiser et participer \u00e0 une s\u00e9rie de tables rondes et d\u2019ateliers regroupant experts et responsables politiques autour de la portabilit\u00e9 des donn\u00e9es, dans plusieurs endroits du monde (Washington DC, Singapour, Buenos Aires et Berlin), afin d\u2019avancer sur la question de la r\u00e9glementation. Dans le cadre de ces tables rondes et ateliers, nous utiliserons les conclusions de nos ateliers de d\u00e9veloppement \u00ab\u00a0Design Jams\u00a0\u00bb consacr\u00e9s \u00e0 la confiance, \u00e0 la transparence et au contr\u00f4le pour explorer de nouvelles solutions d\u2019outils de portabilit\u00e9 des donn\u00e9es. Nous esp\u00e9rons que d\u2019autres acteurs se joindrons \u00e0 cette r\u00e9flexion. Participer \u00e0 des projets innovants tels que le Data Mobility Sandbox Globally au Royaume-Uni. Dans le monde entier nous collaborons avec des experts, des ONG et des gouvernements concernant des initiatives visant \u00e0 apporter des \u00e9l\u00e9ments de r\u00e9ponse aux questions pos\u00e9es dans notre livre blanc.","og_url":"https:\/\/about.fb.com\/fr\/news\/2019\/09\/comment-tracer-la-voie-a-suivre-en-matiere-de-confidentialite-et-de-portabilite-des-donnees\/","og_site_name":"\u00c0 propos de Meta","article_published_time":"2019-09-04T16:09:42+00:00","article_modified_time":"2020-02-25T05:58:04+00:00","og_image":[{"url":"https:\/\/about.fb.com\/fr\/wp-content\/uploads\/sites\/5\/2019\/09\/data_portabilityprivacy_banner_003-2.gif","type":"","width":"","height":""}],"author":"louisonlerein","twitter_card":"summary_large_image","twitter_misc":{"Written by":"Meta","Est. reading time":"6 minutes"},"schema":{"@context":"https:\/\/schema.org","@graph":[{"@type":"Article","@id":"https:\/\/about.fb.com\/fr\/news\/2019\/09\/comment-tracer-la-voie-a-suivre-en-matiere-de-confidentialite-et-de-portabilite-des-donnees\/#article","isPartOf":{"@id":"https:\/\/about.fb.com\/fr\/news\/2019\/09\/comment-tracer-la-voie-a-suivre-en-matiere-de-confidentialite-et-de-portabilite-des-donnees\/"},"author":"Facebook company","headline":"Comment tracer la voie \u00e0 suivre en mati\u00e8re de confidentialit\u00e9 et de portabilit\u00e9 des donn\u00e9es","datePublished":"2019-09-04T16:09:42+00:00","dateModified":"2020-02-25T05:58:04+00:00","mainEntityOfPage":{"@id":"https:\/\/about.fb.com\/fr\/news\/2019\/09\/comment-tracer-la-voie-a-suivre-en-matiere-de-confidentialite-et-de-portabilite-des-donnees\/"},"wordCount":1143,"publisher":{"@id":"https:\/\/about.fb.com\/fr\/#organization"},"image":{"@id":"https:\/\/about.fb.com\/fr\/news\/2019\/09\/comment-tracer-la-voie-a-suivre-en-matiere-de-confidentialite-et-de-portabilite-des-donnees\/#primaryimage"},"thumbnailUrl":"https:\/\/about.fb.com\/fr\/wp-content\/uploads\/sites\/5\/2019\/09\/data_portabilityprivacy_banner_003-2.gif","articleSection":["Actualit\u00e9s"],"inLanguage":"fr-FR"},{"@type":"WebPage","@id":"https:\/\/about.fb.com\/fr\/news\/2019\/09\/comment-tracer-la-voie-a-suivre-en-matiere-de-confidentialite-et-de-portabilite-des-donnees\/","url":"https:\/\/about.fb.com\/fr\/news\/2019\/09\/comment-tracer-la-voie-a-suivre-en-matiere-de-confidentialite-et-de-portabilite-des-donnees\/","name":"Comment tracer la voie \u00e0 suivre en mati\u00e8re de confidentialit\u00e9 et de portabilit\u00e9 des donn\u00e9es | \u00c0 propos de Meta","isPartOf":{"@id":"https:\/\/about.fb.com\/fr\/#website"},"primaryImageOfPage":{"@id":"https:\/\/about.fb.com\/fr\/news\/2019\/09\/comment-tracer-la-voie-a-suivre-en-matiere-de-confidentialite-et-de-portabilite-des-donnees\/#primaryimage"},"image":{"@id":"https:\/\/about.fb.com\/fr\/news\/2019\/09\/comment-tracer-la-voie-a-suivre-en-matiere-de-confidentialite-et-de-portabilite-des-donnees\/#primaryimage"},"thumbnailUrl":"https:\/\/about.fb.com\/fr\/wp-content\/uploads\/sites\/5\/2019\/09\/data_portabilityprivacy_banner_003-2.gif","datePublished":"2019-09-04T16:09:42+00:00","dateModified":"2020-02-25T05:58:04+00:00","breadcrumb":{"@id":"https:\/\/about.fb.com\/fr\/news\/2019\/09\/comment-tracer-la-voie-a-suivre-en-matiere-de-confidentialite-et-de-portabilite-des-donnees\/#breadcrumb"},"inLanguage":"fr-FR","potentialAction":[{"@type":"ReadAction","target":["https:\/\/about.fb.com\/fr\/news\/2019\/09\/comment-tracer-la-voie-a-suivre-en-matiere-de-confidentialite-et-de-portabilite-des-donnees\/"]}],"author":"\u00c0 propos de Meta"},{"@type":"ImageObject","inLanguage":"fr-FR","@id":"https:\/\/about.fb.com\/fr\/news\/2019\/09\/comment-tracer-la-voie-a-suivre-en-matiere-de-confidentialite-et-de-portabilite-des-donnees\/#primaryimage","url":"https:\/\/about.fb.com\/fr\/wp-content\/uploads\/sites\/5\/2019\/09\/data_portabilityprivacy_banner_003-2.gif","contentUrl":"https:\/\/about.fb.com\/fr\/wp-content\/uploads\/sites\/5\/2019\/09\/data_portabilityprivacy_banner_003-2.gif"},{"@type":"BreadcrumbList","@id":"https:\/\/about.fb.com\/fr\/news\/2019\/09\/comment-tracer-la-voie-a-suivre-en-matiere-de-confidentialite-et-de-portabilite-des-donnees\/#breadcrumb","itemListElement":[{"@type":"ListItem","position":1,"name":"Home","item":"https:\/\/about.fb.com\/fr\/"},{"@type":"ListItem","position":2,"name":"Comment tracer la voie \u00e0 suivre en mati\u00e8re de confidentialit\u00e9 et de portabilit\u00e9 des donn\u00e9es"}]},{"@type":"WebSite","@id":"https:\/\/about.fb.com\/fr\/#website","url":"https:\/\/about.fb.com\/news\/","name":"\u00c0 propos de Meta","description":"","publisher":{"@id":"https:\/\/about.fb.com\/fr\/#organization"},"potentialAction":[{"@type":"SearchAction","target":{"@type":"EntryPoint","urlTemplate":"https:\/\/about.fb.com\/fr\/?s={search_term_string}"},"query-input":{"@type":"PropertyValueSpecification","valueRequired":true,"valueName":"search_term_string"}}],"inLanguage":"fr-FR","alternateName":["Meta Newsroom","Meta"]},{"@type":"Organization","@id":"https:\/\/about.fb.com\/fr\/#organization","name":"Meta","url":"https:\/\/about.fb.com\/fr\/","logo":{"@type":"ImageObject","inLanguage":"fr-FR","@id":"https:\/\/about.fb.com\/fr\/#\/schema\/logo\/image\/","url":"https:\/\/about.fb.com\/fr\/wp-content\/uploads\/sites\/12\/2021\/10\/meta-social-16x9-1.jpg?fit=8000%2C4500","contentUrl":"https:\/\/about.fb.com\/fr\/wp-content\/uploads\/sites\/12\/2021\/10\/meta-social-16x9-1.jpg?fit=8000%2C4500","width":8000,"height":4500,"caption":"Meta"},"image":{"@id":"https:\/\/about.fb.com\/fr\/#\/schema\/logo\/image\/"}}]}},"jetpack_featured_media_url":"","jetpack-related-posts":[],"jetpack_sharing_enabled":true,"amp_enabled":true,"_links":{"self":[{"href":"https:\/\/about.fb.com\/fr\/wp-json\/wp\/v2\/posts\/7895","targetHints":{"allow":["GET"]}}],"collection":[{"href":"https:\/\/about.fb.com\/fr\/wp-json\/wp\/v2\/posts"}],"about":[{"href":"https:\/\/about.fb.com\/fr\/wp-json\/wp\/v2\/types\/post"}],"author":[{"embeddable":true,"href":"https:\/\/about.fb.com\/fr\/wp-json\/wp\/v2\/users\/150900173"}],"replies":[{"embeddable":true,"href":"https:\/\/about.fb.com\/fr\/wp-json\/wp\/v2\/comments?post=7895"}],"version-history":[{"count":1,"href":"https:\/\/about.fb.com\/fr\/wp-json\/wp\/v2\/posts\/7895\/revisions"}],"predecessor-version":[{"id":8048,"href":"https:\/\/about.fb.com\/fr\/wp-json\/wp\/v2\/posts\/7895\/revisions\/8048"}],"wp:attachment":[{"href":"https:\/\/about.fb.com\/fr\/wp-json\/wp\/v2\/media?parent=7895"}],"wp:term":[{"taxonomy":"category","embeddable":true,"href":"https:\/\/about.fb.com\/fr\/wp-json\/wp\/v2\/categories?post=7895"},{"taxonomy":"post_tag","embeddable":true,"href":"https:\/\/about.fb.com\/fr\/wp-json\/wp\/v2\/tags?post=7895"}],"curies":[{"name":"wp","href":"https:\/\/api.w.org\/{rel}","templated":true}]}}