{"id":7857,"date":"2019-07-03T14:42:27","date_gmt":"2019-07-03T12:42:27","guid":{"rendered":"http:\/\/fr.newsroom.fb.com\/?p=7857"},"modified":"2019-11-04T20:12:33","modified_gmt":"2019-11-04T19:12:33","slug":"facebook-devoile-sa-premiere-exposition-photo-les-visages-de-facebook-et-met-en-lumiere-les-groupes-qui-changent-le-quotidien-de-millions-de-francais","status":"publish","type":"post","link":"https:\/\/about.fb.com\/fr\/news\/2019\/07\/facebook-devoile-sa-premiere-exposition-photo-les-visages-de-facebook-et-met-en-lumiere-les-groupes-qui-changent-le-quotidien-de-millions-de-francais\/","title":{"rendered":"Facebook d\u00e9voile sa premi\u00e8re exposition photo  \u00ab Les Visages de Facebook \u00bb et met en lumi\u00e8re les Groupes qui changent le quotidien de millions de Fran\u00e7ais"},"content":{"rendered":"<p><strong>Pendant une semaine, <a href=\"https:\/\/www.instagram.com\/aliochaboi\/?hl=fr\">le photographe Aliocha Boi<\/a> est parti \u00e0 la rencontre des plus grands Groupes sur Facebook pour photographier leur impact positif sur le monde et mettre en image leur volont\u00e9 personnelle de changer le quotidien des 36 millions de Fran\u00e7ais sur Facebook.<\/strong><\/p>\n<p><img data-recalc-dims=\"1\" loading=\"lazy\" decoding=\"async\" class=\"alignnone  wp-image-7858\" src=\"https:\/\/about.fb.com\/fr\/wp-content\/uploads\/sites\/5\/2019\/07\/key_visual02-1.jpg?resize=252%2C142\" alt=\"Key_Visual02\" width=\"252\" height=\"142\" \/><\/p>\n<p><strong>\u00c0 LA RENCONTRE DES COMMUNAUT\u00c9S, de l\u2019\u00e9cran \u00e0 l\u2019humain <\/strong><\/p>\n<p>Du 19 juillet au 11 ao\u00fbt, Facebook &#8211; partenaire de \u201cl\u2019\u00c9t\u00e9 \u00e0 La Villette\u201d \u2013 exposera donc sans filtre l\u2019histoire de 8 Groupes sur Facebook. Entre solidarit\u00e9, engagement et passion, l\u2019exposition apporte un regard neuf et pr\u00e9sente l\u2019envers du d\u00e9cor de ces communaut\u00e9s, afin de sublimer l\u2019humain derri\u00e8re l\u2019\u00e9cran.<\/p>\n<p>C\u2019est le long de l\u2019all\u00e9e du Z\u00e9nith dans le parc de la Villette qu\u2019aura lieu l\u2019exposition photo en plein air. Aliocha Boi, photographe franco-canado-italien inspir\u00e9 par la ville et fascin\u00e9 par l\u2019humain, a souhait\u00e9 mettre en avant la spontan\u00e9it\u00e9 de leurs actions, dans leur environnement naturel.<\/p>\n<p>\u00ab\u00a0<em>J\u2019ai parcouru la France en l\u2019espace d\u2019une semaine et j\u2019ai d\u00e9couvert des communaut\u00e9s aux profils compl\u00e8tements diff\u00e9rents mais qui se compl\u00e9taient parfaitement. De vraies belles rencontres avec des passionn\u00e9s pr\u00eats et pr\u00eates \u00e0 d\u00e9fendre les valeurs de leurs groupes<\/em> !\u00a0\u00bb raconte le photographe.<\/p>\n<p>Dans cette exposition, diff\u00e9rentes th\u00e9matiques seront repr\u00e9sent\u00e9es : le bien-\u00eatre, la solidarit\u00e9, la passion des animaux, l\u2019\u00e9cologie et le sport, l&rsquo;\u00e9ducation et le handicap, le \u00ab\u00a0Body Positive\u00a0\u00bb et la diversit\u00e9.<\/p>\n<p>L\u2019exposition regroupera ainsi 8 communaut\u00e9s fran\u00e7aises, photographi\u00e9es dans des lieux qui leur sont chers :<\/p>\n<ul>\n<li><a href=\"https:\/\/www.facebook.com\/groups\/wantedcommunityparis\/\">Wanted Community<\/a>&#8211; un Groupe fond\u00e9 sur des valeurs de partage de bons plans et de conseils, et qui encourage la solidarit\u00e9 entre les membres.<\/li>\n<li><a href=\"https:\/\/www.facebook.com\/groups\/466204943566316\/\">Run Eco Team<\/a> \u2013 un Groupe de runners engag\u00e9s pour l\u2019environnement qui aide \u00e0 nettoyer la plan\u00e8te sur chaque parcours de jogging.<\/li>\n<li><a href=\"https:\/\/www.facebook.com\/groups\/thebrindilles\/\">Le Cocon des Brindilles<\/a> \u2013 un Groupe cr\u00e9\u00e9 en 2016 par Alexia, hospitalis\u00e9e \u00e0 l\u2019\u00e2ge de 12 ans, afin de partager son exp\u00e9rience est de cr\u00e9er une communaut\u00e9 d\u2019entraide, bas\u00e9e sur des valeurs de bien-\u00eatre et de soutien.<\/li>\n<li><a href=\"https:\/\/www.facebook.com\/search\/groups\/?q=donna%20mamma%20by%20sarhel&amp;epa=SERP_TAB\">Donna Mamma<\/a> &#8211; un Groupe fond\u00e9 en 2017 par Sarah Zerbib afin de rassurer et d\u2019apporter de l\u2019aide aux mamans et futures mamans.<\/li>\n<li><a href=\"https:\/\/www.facebook.com\/astucespourdys\/\">Astuces pour DYS<\/a> &#8211; un Groupe cr\u00e9\u00e9 en 2014 pour les parents dont les enfants sont atteints de dyslexie et de dysphasie, permettant l\u2019entraide et renfor\u00e7ant l\u2019appartenance \u00e0 une communaut\u00e9.<\/li>\n<li><a href=\"https:\/\/www.facebook.com\/groups\/GRandCo\/\">Golden Retriever &amp; Co<\/a> &#8211; un Groupe r\u00e9unissant la plus grosse communaut\u00e9 de passionn\u00e9s de Golden Retrievers en France, permettant de partager leurs exp\u00e9riences avec la communaut\u00e9.<\/li>\n<li><a href=\"https:\/\/www.facebook.com\/groups\/171185347067750\/\">The All Sizes Catwalk<\/a> &#8211; un Groupe cr\u00e9\u00e9 par Georgia Stein qui encourage le mouvement \u00ab\u00a0Body Positive\u00a0\u00bb. The All Sizes Catwalk organise des shootings, ainsi que des d\u00e9fil\u00e9s \u00ab\u00a0Body Positive\u00a0\u00bb sous forme de Happening.<\/li>\n<li><a href=\"https:\/\/www.facebook.com\/groups\/DragQueerParis\/\">Paris Queer and Drag Projects<\/a> &#8211; un Groupe LGBT qui r\u00e9unit des personnes int\u00e9ress\u00e9es par diff\u00e9rents divertissements queers, dont les \u00e9v\u00e9nements leur permettent d\u2019avoir un sentiment d\u2019appartenance et d\u2019\u00e9changer.<\/li>\n<\/ul>\n<p>L\u2019exposition sera pour tout public, gratuite et ouverte jour et nuit pendant toute la dur\u00e9e de l\u2019\u00e9v\u00e9nement.<\/p>\n<p><strong>MAIS QUE SONT CES COMMUNAUT\u00c9S OU GROUPES SUR FACEBOOK\u00a0?<\/strong><\/p>\n<p>Sur Facebook, il existe des millions de communaut\u00e9s pour des milliers de passions, de causes et de centres d\u2019int\u00e9r\u00eats diff\u00e9rents. Rien qu\u2019en France, les gens partagent, \u00e9changent, discutent sur 22 millions de Groupes Facebook, et chacun est unique ! Ce sont autant d\u2019occasions de se rencontrer, entreprendre, apprendre, s\u2019entraider\u2026 en un mot, cr\u00e9er des communaut\u00e9s qui ont un impact bien r\u00e9el dans la vie de tous les jours.<\/p>\n<p>Pour forger des liens et se r\u00e9unir autour d\u2019une passion ou d\u2019un int\u00e9r\u00eat commun, les Groupes Facebook pr\u00e9sentent une intense diversit\u00e9 qui refl\u00e8te, en ligne, celle de notre soci\u00e9t\u00e9.<\/p>\n<p>Chacun peut trouver un Groupe qui aura du sens pour lui, qu\u2019il soit petit ou grand, public ou priv\u00e9, \u00e0 l\u2019\u00e9chelle locale ou internationale. Cette exposition photos met \u00e0 l\u2019honneur des administrateurs et administratrices de Groupes Facebook qui, partout en France, animent des communaut\u00e9s.<\/p>\n<p><strong>PR\u00c8S DE 22 MILLIONS DE GROUPES SONT ACTIFS CHAQUE MOIS EN FRANCE*<\/strong><\/p>\n<p>Aujourd\u2019hui, 79% des membres de Groupes** en France sont d&rsquo;accord pour dire que Facebook leur permet de trouver des int\u00e9r\u00eats communs avec des personnes qu\u2019ils ne pourraient jamais conna\u00eetre autrement. Via cette exposition, Facebook souhaite pr\u00e9senter les histoires de ces personnes qui se battent au quotidien pour des causes qui leur tiennent \u00e0 c\u0153ur, et continuer de cultiver l\u2019esprit de solidarit\u00e9 propre aux Groupes Facebook. Ces Groupes permettent \u00e9galement de se rencontrer, d\u2019apprendre, d\u2019entreprendre ou s\u2019entraider, parmi une communaut\u00e9 de plus d\u2019un milliard de personnes. Gr\u00e2ce \u00e0 ces photos, Facebook souhaite donc montrer l\u2019impact fort cr\u00e9\u00e9 par ces communaut\u00e9s, \u00e0 travers l\u2019\u00e9change et le partage, o\u00f9 chacun peut trouver ce qui l\u2019inspire.<\/p>\n<p><strong>UNE EXPOSITION \u00c0 RETROUVER GRATUITEMENT DANS LE CADRE DU FACEBOOK SUMMER CAMP \u00c0 LA VILLETTE<\/strong><\/p>\n<p>Dans le cadre de son partenariat avec L&rsquo;\u00c9t\u00e9 \u00e0 La Villette, Facebook ouvre cet \u00e9t\u00e9 le premier \u201cSummer Camp\u201d, le premier camp d\u2019\u00e9t\u00e9 alliant apprentissage, festivit\u00e9 et solidarit\u00e9 pour petits et grands. Du 19 juillet au 11 ao\u00fbt, Facebook s\u2019installe sur la Prairie du Triangle et sur la Folie N7 pour proposer au grand public de venir revivre l\u2019exp\u00e9rience du campement d\u2019\u00e9t\u00e9. De nombreuses activit\u00e9s in\u00e9dites seront ainsi propos\u00e9es, autour des th\u00e8mes et des Groupes des communaut\u00e9s Facebook. Un \u00e9v\u00e9nement participatif, accessible du vendredi au dimanche.<\/p>\n<p><strong>POUR EN SAVOIR PLUS SUR ALIOCHA BOI<\/strong><\/p>\n<p>Photographe franco-canado-italien, Aliocha Boi s\u2019inspire quotidiennement de son environnement urbain. Son travail a une approche documentaire et s\u2019alimente de rencontres, d\u2019explorations et d\u2019une r\u00e9elle fascination pour \u00ab l\u2019humain \u00bb. Ses expositions sont souvent des s\u00e9quences narratives, avec l\u2019incorporation de textes sous la forme de r\u00e9cits. Ses derni\u00e8res cr\u00e9ations ont \u00e9t\u00e9 expos\u00e9es au Nikon Plaza (2018, \u201cRegard sur l&rsquo;Inde\u201d) et au BHV Marais (2017, Rencontre avec ArtPhotoLimited) \u00e0 Paris.<\/p>\n<p><strong>#FacebookSummerCamp<\/strong><\/p>\n<p>&nbsp;<\/p>\n<p><strong>Informations pratiques sur l\u2019exposition<\/strong><\/p>\n<p>Exposition Facebook \u00ab\u00a0Les Visages de Facebook \u00bb &#8211; All\u00e9e du Z\u00e9nith \u2013 La Villette<\/p>\n<p>Du 19 juillet au 11 ao\u00fbt \/ ouvert jour et nuit<\/p>\n<p>Gratuit et tout public<\/p>\n<p>&nbsp;<\/p>\n<p><strong>Informations pratiques sur le Facebook Summer Camp <\/strong><\/p>\n<p>Du 19 juillet au 11 ao\u00fbt &#8211; Gratuit et tout public<\/p>\n<p>Vendredi : 9h &#8211; 22h &#8211; Samedi &amp; Dimanche : 10h &#8211; 22h<\/p>\n<p><strong>\u00a0<\/strong><\/p>\n<p><em>* Chiffres recueillis par Facebook en 2019<\/em><\/p>\n<p><em>**<\/em><em> Cr\u00e9\u00e9s en 2010, les Groupes sont des espaces destin\u00e9s \u00e0 communiquer autour d\u2019int\u00e9r\u00eats partag\u00e9s avec d\u2019autres utilisateurs, dont les administrateurs g\u00e8rent les membres et les contenus.<\/em><\/p>\n<p>&nbsp;<\/p>\n<p><strong>Liens utiles<\/strong><\/p>\n<p>Lien de l\u2019\u00e9v\u00e8nement\u00a0: <a href=\"https:\/\/www.facebook.com\/events\/507553383316986\/\">https:\/\/www.facebook.com\/events\/507553383316986\/<\/a><\/p>\n<p>Page Facebook de Wanted : <a href=\"https:\/\/www.facebook.com\/groups\/wantedcommunityparis\/\">https:\/\/www.facebook.com\/groups\/wantedcommunityparis\/<\/a><\/p>\n<p>Lien vers les astuces pour cr\u00e9er un Groupe Facebook\u00a0: <a href=\"https:\/\/cityguides.fb.com\/guides\/lyon-french\/comment-creer-un-groupe\/\">https:\/\/cityguides.fb.com\/guides\/lyon-french\/comment-creer-un-groupe\/<\/a><\/p>\n","protected":false},"excerpt":{"rendered":"Pendant une semaine, le photographe Aliocha Boi est parti \u00e0 la rencontre des plus grands Groupes sur Facebook pour photographier leur impact positif sur le monde et mettre en image leur volont\u00e9 personnelle de changer le quotidien des 36 millions de Fran\u00e7ais sur Facebook. \u00c0 LA RENCONTRE DES COMMUNAUT\u00c9S, de l\u2019\u00e9cran \u00e0 l\u2019humain Du 19 juillet au 11 ao\u00fbt, Facebook &#8211; partenaire de \u201cl\u2019\u00c9t\u00e9 \u00e0 La Villette\u201d \u2013 exposera donc sans filtre l\u2019histoire de 8 Groupes sur Facebook. Entre solidarit\u00e9, engagement et passion, l\u2019exposition apporte un regard neuf et pr\u00e9sente l\u2019envers du d\u00e9cor de ces communaut\u00e9s, afin de sublimer l\u2019humain derri\u00e8re l\u2019\u00e9cran. C\u2019est le long de l\u2019all\u00e9e du Z\u00e9nith dans le parc de la Villette qu\u2019aura lieu l\u2019exposition photo en plein air. Aliocha Boi, photographe franco-canado-italien inspir\u00e9 par la ville et fascin\u00e9 par l\u2019humain, a souhait\u00e9 mettre en avant la spontan\u00e9it\u00e9 de leurs actions, dans leur environnement naturel. \u00ab\u00a0J\u2019ai parcouru la France en l\u2019espace d\u2019une semaine et j\u2019ai d\u00e9couvert des communaut\u00e9s aux profils compl\u00e8tements diff\u00e9rents mais qui se compl\u00e9taient parfaitement. De vraies belles rencontres avec des passionn\u00e9s pr\u00eats et pr\u00eates \u00e0 d\u00e9fendre les valeurs de leurs groupes !\u00a0\u00bb raconte le photographe. Dans cette exposition, diff\u00e9rentes th\u00e9matiques seront repr\u00e9sent\u00e9es : le bien-\u00eatre, la solidarit\u00e9, la passion des animaux, l\u2019\u00e9cologie et le sport, l&rsquo;\u00e9ducation et le handicap, le \u00ab\u00a0Body Positive\u00a0\u00bb et la diversit\u00e9. L\u2019exposition regroupera ainsi 8 communaut\u00e9s fran\u00e7aises, photographi\u00e9es dans des lieux qui leur sont chers : Wanted Community&#8211; un Groupe fond\u00e9 sur des valeurs de partage de bons plans et de conseils, et qui encourage la solidarit\u00e9 entre les membres. Run Eco Team \u2013 un Groupe de runners engag\u00e9s pour l\u2019environnement qui aide \u00e0 nettoyer la plan\u00e8te sur chaque parcours de jogging. Le Cocon des Brindilles \u2013 un Groupe cr\u00e9\u00e9 en 2016 par Alexia, hospitalis\u00e9e \u00e0 l\u2019\u00e2ge de 12 ans, afin de partager son exp\u00e9rience est de cr\u00e9er une communaut\u00e9 d\u2019entraide, bas\u00e9e sur des valeurs de bien-\u00eatre et de soutien. Donna Mamma &#8211; un Groupe fond\u00e9 en 2017 par Sarah Zerbib afin de rassurer et d\u2019apporter de l\u2019aide aux mamans et futures mamans. Astuces pour DYS &#8211; un Groupe cr\u00e9\u00e9 en 2014 pour les parents dont les enfants sont atteints de dyslexie et de dysphasie, permettant l\u2019entraide et renfor\u00e7ant l\u2019appartenance \u00e0 une communaut\u00e9. Golden Retriever &amp; Co &#8211; un Groupe r\u00e9unissant la plus grosse communaut\u00e9 de passionn\u00e9s de Golden Retrievers en France, permettant de partager leurs exp\u00e9riences avec la communaut\u00e9. The All Sizes Catwalk &#8211; un Groupe cr\u00e9\u00e9 par Georgia Stein qui encourage le mouvement \u00ab\u00a0Body Positive\u00a0\u00bb. The All Sizes Catwalk organise des shootings, ainsi que des d\u00e9fil\u00e9s \u00ab\u00a0Body Positive\u00a0\u00bb sous forme de Happening. Paris Queer and Drag Projects &#8211; un Groupe LGBT qui r\u00e9unit des personnes int\u00e9ress\u00e9es par diff\u00e9rents divertissements queers, dont les \u00e9v\u00e9nements leur permettent d\u2019avoir un sentiment d\u2019appartenance et d\u2019\u00e9changer. L\u2019exposition sera pour tout public, gratuite et ouverte jour et nuit pendant toute la dur\u00e9e de l\u2019\u00e9v\u00e9nement. MAIS QUE SONT CES COMMUNAUT\u00c9S OU GROUPES SUR FACEBOOK\u00a0? Sur Facebook, il existe des millions de communaut\u00e9s pour des milliers de passions, de causes et de centres d\u2019int\u00e9r\u00eats diff\u00e9rents. Rien qu\u2019en France, les gens partagent, \u00e9changent, discutent sur 22 millions de Groupes Facebook, et chacun est unique ! Ce sont autant d\u2019occasions de se rencontrer, entreprendre, apprendre, s\u2019entraider\u2026 en un mot, cr\u00e9er des communaut\u00e9s qui ont un impact bien r\u00e9el dans la vie de tous les jours. Pour forger des liens et se r\u00e9unir autour d\u2019une passion ou d\u2019un int\u00e9r\u00eat commun, les Groupes Facebook pr\u00e9sentent une intense diversit\u00e9 qui refl\u00e8te, en ligne, celle de notre soci\u00e9t\u00e9. Chacun peut trouver un Groupe qui aura du sens pour lui, qu\u2019il soit petit ou grand, public ou priv\u00e9, \u00e0 l\u2019\u00e9chelle locale ou internationale. Cette exposition photos met \u00e0 l\u2019honneur des administrateurs et administratrices de Groupes Facebook qui, partout en France, animent des communaut\u00e9s. PR\u00c8S DE 22 MILLIONS DE GROUPES SONT ACTIFS CHAQUE MOIS EN FRANCE* Aujourd\u2019hui, 79% des membres de Groupes** en France sont d&rsquo;accord pour dire que Facebook leur permet de trouver des int\u00e9r\u00eats communs avec des personnes qu\u2019ils ne pourraient jamais conna\u00eetre autrement. Via cette exposition, Facebook souhaite pr\u00e9senter les histoires de ces personnes qui se battent au quotidien pour des causes qui leur tiennent \u00e0 c\u0153ur, et continuer de cultiver l\u2019esprit de solidarit\u00e9 propre aux Groupes Facebook. Ces Groupes permettent \u00e9galement de se rencontrer, d\u2019apprendre, d\u2019entreprendre ou s\u2019entraider, parmi une communaut\u00e9 de plus d\u2019un milliard de personnes. Gr\u00e2ce \u00e0 ces photos, Facebook souhaite donc montrer l\u2019impact fort cr\u00e9\u00e9 par ces communaut\u00e9s, \u00e0 travers l\u2019\u00e9change et le partage, o\u00f9 chacun peut trouver ce qui l\u2019inspire. UNE EXPOSITION \u00c0 RETROUVER GRATUITEMENT DANS LE CADRE DU FACEBOOK SUMMER CAMP \u00c0 LA VILLETTE Dans le cadre de son partenariat avec L&rsquo;\u00c9t\u00e9 \u00e0 La Villette, Facebook ouvre cet \u00e9t\u00e9 le premier \u201cSummer Camp\u201d, le premier camp d\u2019\u00e9t\u00e9 alliant apprentissage, festivit\u00e9 et solidarit\u00e9 pour petits et grands. Du 19 juillet au 11 ao\u00fbt, Facebook s\u2019installe sur la Prairie du Triangle et sur la Folie N7 pour proposer au grand public de venir revivre l\u2019exp\u00e9rience du campement d\u2019\u00e9t\u00e9. De nombreuses activit\u00e9s in\u00e9dites seront ainsi propos\u00e9es, autour des th\u00e8mes et des Groupes des communaut\u00e9s Facebook. Un \u00e9v\u00e9nement participatif, accessible du vendredi au dimanche. POUR EN SAVOIR PLUS SUR ALIOCHA BOI Photographe franco-canado-italien, Aliocha Boi s\u2019inspire quotidiennement de son environnement urbain. Son travail a une approche documentaire et s\u2019alimente de rencontres, d\u2019explorations et d\u2019une r\u00e9elle fascination pour \u00ab l\u2019humain \u00bb. Ses expositions sont souvent des s\u00e9quences narratives, avec l\u2019incorporation de textes sous la forme de r\u00e9cits. Ses derni\u00e8res cr\u00e9ations ont \u00e9t\u00e9 expos\u00e9es au Nikon Plaza (2018, \u201cRegard sur l&rsquo;Inde\u201d) et au BHV Marais (2017, Rencontre avec ArtPhotoLimited) \u00e0 Paris. #FacebookSummerCamp &nbsp; Informations pratiques sur l\u2019exposition Exposition Facebook \u00ab\u00a0Les Visages de Facebook \u00bb &#8211; All\u00e9e du Z\u00e9nith \u2013 La Villette Du 19 juillet au 11 ao\u00fbt \/ ouvert jour et nuit Gratuit et tout public &nbsp; Informations pratiques sur le Facebook Summer Camp Du 19 juillet au 11 ao\u00fbt &#8211; Gratuit et tout public Vendredi : 9h &#8211; 22h &#8211; Samedi &amp; Dimanche : 10h &#8211; 22h \u00a0 * Chiffres recueillis par Facebook en 2019 ** Cr\u00e9\u00e9s en 2010, les Groupes sont des espaces destin\u00e9s \u00e0 communiquer autour d\u2019int\u00e9r\u00eats partag\u00e9s avec d\u2019autres utilisateurs, dont les administrateurs g\u00e8rent les membres et les contenus. &nbsp; Liens utiles Lien de l\u2019\u00e9v\u00e8nement\u00a0: <a href=\"https:\/\/www.facebook.com\/events\/507553383316986\/\" rel=\"nofollow\">https:\/\/www.facebook.com\/events\/507553383316986\/<\/a> Page Facebook de Wanted : <a href=\"https:\/\/www.facebook.com\/groups\/wantedcommunityparis\/\" rel=\"nofollow\">https:\/\/www.facebook.com\/groups\/wantedcommunityparis\/<\/a> Lien vers les astuces pour cr\u00e9er un Groupe Facebook\u00a0: <a href=\"https:\/\/cityguides.fb.com\/guides\/lyon-french\/comment-creer-un-groupe\/\" rel=\"nofollow\">https:\/\/cityguides.fb.com\/guides\/lyon-french\/comment-creer-un-groupe\/<\/a>","protected":false},"author":146327677,"featured_media":0,"comment_status":"closed","ping_status":"closed","sticky":false,"template":"","format":"standard","meta":{"_jetpack_memberships_contains_paid_content":false,"footnotes":""},"categories":[243897945,19698],"tags":[],"class_list":["post-7857","post","type-post","status-publish","format-standard","hentry","category-communautes","category-evenements"],"yoast_head":"<!-- This site is optimized with the Yoast SEO plugin v27.2 - https:\/\/yoast.com\/product\/yoast-seo-wordpress\/ -->\n<title>Facebook d\u00e9voile sa premi\u00e8re exposition photo \u00ab Les Visages de Facebook \u00bb et met en lumi\u00e8re les Groupes qui changent le quotidien de millions de Fran\u00e7ais | \u00c0 propos de Meta<\/title>\n<meta name=\"robots\" content=\"index, follow, max-snippet:-1, max-image-preview:large, max-video-preview:-1\" \/>\n<link rel=\"canonical\" href=\"https:\/\/about.fb.com\/fr\/news\/2019\/07\/facebook-devoile-sa-premiere-exposition-photo-les-visages-de-facebook-et-met-en-lumiere-les-groupes-qui-changent-le-quotidien-de-millions-de-francais\/\" \/>\n<meta property=\"og:locale\" content=\"fr_FR\" \/>\n<meta property=\"og:type\" content=\"article\" \/>\n<meta property=\"og:title\" content=\"Facebook d\u00e9voile sa premi\u00e8re exposition photo \u00ab Les Visages de Facebook \u00bb et met en lumi\u00e8re les Groupes qui changent le quotidien de millions de Fran\u00e7ais | \u00c0 propos de Meta\" \/>\n<meta property=\"og:description\" content=\"Pendant une semaine, le photographe Aliocha Boi est parti \u00e0 la rencontre des plus grands Groupes sur Facebook pour photographier leur impact positif sur le monde et mettre en image leur volont\u00e9 personnelle de changer le quotidien des 36 millions de Fran\u00e7ais sur Facebook. \u00c0 LA RENCONTRE DES COMMUNAUT\u00c9S, de l\u2019\u00e9cran \u00e0 l\u2019humain Du 19 juillet au 11 ao\u00fbt, Facebook &#8211; partenaire de \u201cl\u2019\u00c9t\u00e9 \u00e0 La Villette\u201d \u2013 exposera donc sans filtre l\u2019histoire de 8 Groupes sur Facebook. Entre solidarit\u00e9, engagement et passion, l\u2019exposition apporte un regard neuf et pr\u00e9sente l\u2019envers du d\u00e9cor de ces communaut\u00e9s, afin de sublimer l\u2019humain derri\u00e8re l\u2019\u00e9cran. C\u2019est le long de l\u2019all\u00e9e du Z\u00e9nith dans le parc de la Villette qu\u2019aura lieu l\u2019exposition photo en plein air. Aliocha Boi, photographe franco-canado-italien inspir\u00e9 par la ville et fascin\u00e9 par l\u2019humain, a souhait\u00e9 mettre en avant la spontan\u00e9it\u00e9 de leurs actions, dans leur environnement naturel. \u00ab\u00a0J\u2019ai parcouru la France en l\u2019espace d\u2019une semaine et j\u2019ai d\u00e9couvert des communaut\u00e9s aux profils compl\u00e8tements diff\u00e9rents mais qui se compl\u00e9taient parfaitement. De vraies belles rencontres avec des passionn\u00e9s pr\u00eats et pr\u00eates \u00e0 d\u00e9fendre les valeurs de leurs groupes !\u00a0\u00bb raconte le photographe. Dans cette exposition, diff\u00e9rentes th\u00e9matiques seront repr\u00e9sent\u00e9es : le bien-\u00eatre, la solidarit\u00e9, la passion des animaux, l\u2019\u00e9cologie et le sport, l&rsquo;\u00e9ducation et le handicap, le \u00ab\u00a0Body Positive\u00a0\u00bb et la diversit\u00e9. L\u2019exposition regroupera ainsi 8 communaut\u00e9s fran\u00e7aises, photographi\u00e9es dans des lieux qui leur sont chers : Wanted Community&#8211; un Groupe fond\u00e9 sur des valeurs de partage de bons plans et de conseils, et qui encourage la solidarit\u00e9 entre les membres. Run Eco Team \u2013 un Groupe de runners engag\u00e9s pour l\u2019environnement qui aide \u00e0 nettoyer la plan\u00e8te sur chaque parcours de jogging. Le Cocon des Brindilles \u2013 un Groupe cr\u00e9\u00e9 en 2016 par Alexia, hospitalis\u00e9e \u00e0 l\u2019\u00e2ge de 12 ans, afin de partager son exp\u00e9rience est de cr\u00e9er une communaut\u00e9 d\u2019entraide, bas\u00e9e sur des valeurs de bien-\u00eatre et de soutien. Donna Mamma &#8211; un Groupe fond\u00e9 en 2017 par Sarah Zerbib afin de rassurer et d\u2019apporter de l\u2019aide aux mamans et futures mamans. Astuces pour DYS &#8211; un Groupe cr\u00e9\u00e9 en 2014 pour les parents dont les enfants sont atteints de dyslexie et de dysphasie, permettant l\u2019entraide et renfor\u00e7ant l\u2019appartenance \u00e0 une communaut\u00e9. Golden Retriever &amp; Co &#8211; un Groupe r\u00e9unissant la plus grosse communaut\u00e9 de passionn\u00e9s de Golden Retrievers en France, permettant de partager leurs exp\u00e9riences avec la communaut\u00e9. The All Sizes Catwalk &#8211; un Groupe cr\u00e9\u00e9 par Georgia Stein qui encourage le mouvement \u00ab\u00a0Body Positive\u00a0\u00bb. The All Sizes Catwalk organise des shootings, ainsi que des d\u00e9fil\u00e9s \u00ab\u00a0Body Positive\u00a0\u00bb sous forme de Happening. Paris Queer and Drag Projects &#8211; un Groupe LGBT qui r\u00e9unit des personnes int\u00e9ress\u00e9es par diff\u00e9rents divertissements queers, dont les \u00e9v\u00e9nements leur permettent d\u2019avoir un sentiment d\u2019appartenance et d\u2019\u00e9changer. L\u2019exposition sera pour tout public, gratuite et ouverte jour et nuit pendant toute la dur\u00e9e de l\u2019\u00e9v\u00e9nement. MAIS QUE SONT CES COMMUNAUT\u00c9S OU GROUPES SUR FACEBOOK\u00a0? Sur Facebook, il existe des millions de communaut\u00e9s pour des milliers de passions, de causes et de centres d\u2019int\u00e9r\u00eats diff\u00e9rents. Rien qu\u2019en France, les gens partagent, \u00e9changent, discutent sur 22 millions de Groupes Facebook, et chacun est unique ! Ce sont autant d\u2019occasions de se rencontrer, entreprendre, apprendre, s\u2019entraider\u2026 en un mot, cr\u00e9er des communaut\u00e9s qui ont un impact bien r\u00e9el dans la vie de tous les jours. Pour forger des liens et se r\u00e9unir autour d\u2019une passion ou d\u2019un int\u00e9r\u00eat commun, les Groupes Facebook pr\u00e9sentent une intense diversit\u00e9 qui refl\u00e8te, en ligne, celle de notre soci\u00e9t\u00e9. Chacun peut trouver un Groupe qui aura du sens pour lui, qu\u2019il soit petit ou grand, public ou priv\u00e9, \u00e0 l\u2019\u00e9chelle locale ou internationale. Cette exposition photos met \u00e0 l\u2019honneur des administrateurs et administratrices de Groupes Facebook qui, partout en France, animent des communaut\u00e9s. PR\u00c8S DE 22 MILLIONS DE GROUPES SONT ACTIFS CHAQUE MOIS EN FRANCE* Aujourd\u2019hui, 79% des membres de Groupes** en France sont d&rsquo;accord pour dire que Facebook leur permet de trouver des int\u00e9r\u00eats communs avec des personnes qu\u2019ils ne pourraient jamais conna\u00eetre autrement. Via cette exposition, Facebook souhaite pr\u00e9senter les histoires de ces personnes qui se battent au quotidien pour des causes qui leur tiennent \u00e0 c\u0153ur, et continuer de cultiver l\u2019esprit de solidarit\u00e9 propre aux Groupes Facebook. Ces Groupes permettent \u00e9galement de se rencontrer, d\u2019apprendre, d\u2019entreprendre ou s\u2019entraider, parmi une communaut\u00e9 de plus d\u2019un milliard de personnes. Gr\u00e2ce \u00e0 ces photos, Facebook souhaite donc montrer l\u2019impact fort cr\u00e9\u00e9 par ces communaut\u00e9s, \u00e0 travers l\u2019\u00e9change et le partage, o\u00f9 chacun peut trouver ce qui l\u2019inspire. UNE EXPOSITION \u00c0 RETROUVER GRATUITEMENT DANS LE CADRE DU FACEBOOK SUMMER CAMP \u00c0 LA VILLETTE Dans le cadre de son partenariat avec L&rsquo;\u00c9t\u00e9 \u00e0 La Villette, Facebook ouvre cet \u00e9t\u00e9 le premier \u201cSummer Camp\u201d, le premier camp d\u2019\u00e9t\u00e9 alliant apprentissage, festivit\u00e9 et solidarit\u00e9 pour petits et grands. Du 19 juillet au 11 ao\u00fbt, Facebook s\u2019installe sur la Prairie du Triangle et sur la Folie N7 pour proposer au grand public de venir revivre l\u2019exp\u00e9rience du campement d\u2019\u00e9t\u00e9. De nombreuses activit\u00e9s in\u00e9dites seront ainsi propos\u00e9es, autour des th\u00e8mes et des Groupes des communaut\u00e9s Facebook. Un \u00e9v\u00e9nement participatif, accessible du vendredi au dimanche. POUR EN SAVOIR PLUS SUR ALIOCHA BOI Photographe franco-canado-italien, Aliocha Boi s\u2019inspire quotidiennement de son environnement urbain. Son travail a une approche documentaire et s\u2019alimente de rencontres, d\u2019explorations et d\u2019une r\u00e9elle fascination pour \u00ab l\u2019humain \u00bb. Ses expositions sont souvent des s\u00e9quences narratives, avec l\u2019incorporation de textes sous la forme de r\u00e9cits. Ses derni\u00e8res cr\u00e9ations ont \u00e9t\u00e9 expos\u00e9es au Nikon Plaza (2018, \u201cRegard sur l&rsquo;Inde\u201d) et au BHV Marais (2017, Rencontre avec ArtPhotoLimited) \u00e0 Paris. #FacebookSummerCamp &nbsp; Informations pratiques sur l\u2019exposition Exposition Facebook \u00ab\u00a0Les Visages de Facebook \u00bb &#8211; All\u00e9e du Z\u00e9nith \u2013 La Villette Du 19 juillet au 11 ao\u00fbt \/ ouvert jour et nuit Gratuit et tout public &nbsp; Informations pratiques sur le Facebook Summer Camp Du 19 juillet au 11 ao\u00fbt &#8211; Gratuit et tout public Vendredi : 9h &#8211; 22h &#8211; Samedi &amp; Dimanche : 10h &#8211; 22h \u00a0 * Chiffres recueillis par Facebook en 2019 ** Cr\u00e9\u00e9s en 2010, les Groupes sont des espaces destin\u00e9s \u00e0 communiquer autour d\u2019int\u00e9r\u00eats partag\u00e9s avec d\u2019autres utilisateurs, dont les administrateurs g\u00e8rent les membres et les contenus. &nbsp; Liens utiles Lien de l\u2019\u00e9v\u00e8nement\u00a0: https:\/\/www.facebook.com\/events\/507553383316986\/ Page Facebook de Wanted : https:\/\/www.facebook.com\/groups\/wantedcommunityparis\/ Lien vers les astuces pour cr\u00e9er un Groupe Facebook\u00a0: https:\/\/cityguides.fb.com\/guides\/lyon-french\/comment-creer-un-groupe\/\" \/>\n<meta property=\"og:url\" content=\"https:\/\/about.fb.com\/fr\/news\/2019\/07\/facebook-devoile-sa-premiere-exposition-photo-les-visages-de-facebook-et-met-en-lumiere-les-groupes-qui-changent-le-quotidien-de-millions-de-francais\/\" \/>\n<meta property=\"og:site_name\" content=\"\u00c0 propos de Meta\" \/>\n<meta property=\"article:published_time\" content=\"2019-07-03T12:42:27+00:00\" \/>\n<meta property=\"article:modified_time\" content=\"2019-11-04T19:12:33+00:00\" \/>\n<meta property=\"og:image\" content=\"https:\/\/about.fb.com\/fr\/wp-content\/uploads\/sites\/5\/2019\/07\/key_visual02-1.jpg\" \/>\n<meta name=\"author\" content=\"jessicacmb\" \/>\n<meta name=\"twitter:card\" content=\"summary_large_image\" \/>\n<meta name=\"twitter:label1\" content=\"Written by\" \/>\n\t<meta name=\"twitter:data1\" content=\"Meta\" \/>\n\t<meta name=\"twitter:label2\" content=\"Est. reading time\" \/>\n\t<meta name=\"twitter:data2\" content=\"6 minutes\" \/>\n<script type=\"application\/ld+json\" class=\"yoast-schema-graph\">{\"@context\":\"https:\/\/schema.org\",\"@graph\":[{\"@type\":\"Article\",\"@id\":\"https:\/\/about.fb.com\/fr\/news\/2019\/07\/facebook-devoile-sa-premiere-exposition-photo-les-visages-de-facebook-et-met-en-lumiere-les-groupes-qui-changent-le-quotidien-de-millions-de-francais\/#article\",\"isPartOf\":{\"@id\":\"https:\/\/about.fb.com\/fr\/news\/2019\/07\/facebook-devoile-sa-premiere-exposition-photo-les-visages-de-facebook-et-met-en-lumiere-les-groupes-qui-changent-le-quotidien-de-millions-de-francais\/\"},\"author\":\"Facebook company\",\"headline\":\"Facebook d\u00e9voile sa premi\u00e8re exposition photo \u00ab Les Visages de Facebook \u00bb et met en lumi\u00e8re les Groupes qui changent le quotidien de millions de Fran\u00e7ais\",\"datePublished\":\"2019-07-03T12:42:27+00:00\",\"dateModified\":\"2019-11-04T19:12:33+00:00\",\"mainEntityOfPage\":{\"@id\":\"https:\/\/about.fb.com\/fr\/news\/2019\/07\/facebook-devoile-sa-premiere-exposition-photo-les-visages-de-facebook-et-met-en-lumiere-les-groupes-qui-changent-le-quotidien-de-millions-de-francais\/\"},\"wordCount\":1204,\"publisher\":{\"@id\":\"https:\/\/about.fb.com\/fr\/#organization\"},\"image\":{\"@id\":\"https:\/\/about.fb.com\/fr\/news\/2019\/07\/facebook-devoile-sa-premiere-exposition-photo-les-visages-de-facebook-et-met-en-lumiere-les-groupes-qui-changent-le-quotidien-de-millions-de-francais\/#primaryimage\"},\"thumbnailUrl\":\"https:\/\/about.fb.com\/fr\/wp-content\/uploads\/sites\/5\/2019\/07\/key_visual02-1.jpg\",\"articleSection\":[\"Communaut\u00e9s\",\"\u00c9v\u00e8nements\"],\"inLanguage\":\"fr-FR\"},{\"@type\":\"WebPage\",\"@id\":\"https:\/\/about.fb.com\/fr\/news\/2019\/07\/facebook-devoile-sa-premiere-exposition-photo-les-visages-de-facebook-et-met-en-lumiere-les-groupes-qui-changent-le-quotidien-de-millions-de-francais\/\",\"url\":\"https:\/\/about.fb.com\/fr\/news\/2019\/07\/facebook-devoile-sa-premiere-exposition-photo-les-visages-de-facebook-et-met-en-lumiere-les-groupes-qui-changent-le-quotidien-de-millions-de-francais\/\",\"name\":\"Facebook d\u00e9voile sa premi\u00e8re exposition photo \u00ab Les Visages de Facebook \u00bb et met en lumi\u00e8re les Groupes qui changent le quotidien de millions de Fran\u00e7ais | \u00c0 propos de Meta\",\"isPartOf\":{\"@id\":\"https:\/\/about.fb.com\/fr\/#website\"},\"primaryImageOfPage\":{\"@id\":\"https:\/\/about.fb.com\/fr\/news\/2019\/07\/facebook-devoile-sa-premiere-exposition-photo-les-visages-de-facebook-et-met-en-lumiere-les-groupes-qui-changent-le-quotidien-de-millions-de-francais\/#primaryimage\"},\"image\":{\"@id\":\"https:\/\/about.fb.com\/fr\/news\/2019\/07\/facebook-devoile-sa-premiere-exposition-photo-les-visages-de-facebook-et-met-en-lumiere-les-groupes-qui-changent-le-quotidien-de-millions-de-francais\/#primaryimage\"},\"thumbnailUrl\":\"https:\/\/about.fb.com\/fr\/wp-content\/uploads\/sites\/5\/2019\/07\/key_visual02-1.jpg\",\"datePublished\":\"2019-07-03T12:42:27+00:00\",\"dateModified\":\"2019-11-04T19:12:33+00:00\",\"breadcrumb\":{\"@id\":\"https:\/\/about.fb.com\/fr\/news\/2019\/07\/facebook-devoile-sa-premiere-exposition-photo-les-visages-de-facebook-et-met-en-lumiere-les-groupes-qui-changent-le-quotidien-de-millions-de-francais\/#breadcrumb\"},\"inLanguage\":\"fr-FR\",\"potentialAction\":[{\"@type\":\"ReadAction\",\"target\":[\"https:\/\/about.fb.com\/fr\/news\/2019\/07\/facebook-devoile-sa-premiere-exposition-photo-les-visages-de-facebook-et-met-en-lumiere-les-groupes-qui-changent-le-quotidien-de-millions-de-francais\/\"]}],\"author\":\"\u00c0 propos de Meta\"},{\"@type\":\"ImageObject\",\"inLanguage\":\"fr-FR\",\"@id\":\"https:\/\/about.fb.com\/fr\/news\/2019\/07\/facebook-devoile-sa-premiere-exposition-photo-les-visages-de-facebook-et-met-en-lumiere-les-groupes-qui-changent-le-quotidien-de-millions-de-francais\/#primaryimage\",\"url\":\"https:\/\/about.fb.com\/fr\/wp-content\/uploads\/sites\/5\/2019\/07\/key_visual02-1.jpg\",\"contentUrl\":\"https:\/\/about.fb.com\/fr\/wp-content\/uploads\/sites\/5\/2019\/07\/key_visual02-1.jpg\"},{\"@type\":\"BreadcrumbList\",\"@id\":\"https:\/\/about.fb.com\/fr\/news\/2019\/07\/facebook-devoile-sa-premiere-exposition-photo-les-visages-de-facebook-et-met-en-lumiere-les-groupes-qui-changent-le-quotidien-de-millions-de-francais\/#breadcrumb\",\"itemListElement\":[{\"@type\":\"ListItem\",\"position\":1,\"name\":\"Home\",\"item\":\"https:\/\/about.fb.com\/fr\/\"},{\"@type\":\"ListItem\",\"position\":2,\"name\":\"Facebook d\u00e9voile sa premi\u00e8re exposition photo \u00ab Les Visages de Facebook \u00bb et met en lumi\u00e8re les Groupes qui changent le quotidien de millions de Fran\u00e7ais\"}]},{\"@type\":\"WebSite\",\"@id\":\"https:\/\/about.fb.com\/fr\/#website\",\"url\":\"https:\/\/about.fb.com\/news\/\",\"name\":\"\u00c0 propos de Meta\",\"description\":\"\",\"publisher\":{\"@id\":\"https:\/\/about.fb.com\/fr\/#organization\"},\"potentialAction\":[{\"@type\":\"SearchAction\",\"target\":{\"@type\":\"EntryPoint\",\"urlTemplate\":\"https:\/\/about.fb.com\/fr\/?s={search_term_string}\"},\"query-input\":{\"@type\":\"PropertyValueSpecification\",\"valueRequired\":true,\"valueName\":\"search_term_string\"}}],\"inLanguage\":\"fr-FR\",\"alternateName\":[\"Meta Newsroom\",\"Meta\"]},{\"@type\":\"Organization\",\"@id\":\"https:\/\/about.fb.com\/fr\/#organization\",\"name\":\"Meta\",\"url\":\"https:\/\/about.fb.com\/fr\/\",\"logo\":{\"@type\":\"ImageObject\",\"inLanguage\":\"fr-FR\",\"@id\":\"https:\/\/about.fb.com\/fr\/#\/schema\/logo\/image\/\",\"url\":\"https:\/\/about.fb.com\/fr\/wp-content\/uploads\/sites\/12\/2021\/10\/meta-social-16x9-1.jpg?fit=8000%2C4500\",\"contentUrl\":\"https:\/\/about.fb.com\/fr\/wp-content\/uploads\/sites\/12\/2021\/10\/meta-social-16x9-1.jpg?fit=8000%2C4500\",\"width\":8000,\"height\":4500,\"caption\":\"Meta\"},\"image\":{\"@id\":\"https:\/\/about.fb.com\/fr\/#\/schema\/logo\/image\/\"}}]}<\/script>\n<!-- \/ Yoast SEO plugin. -->","yoast_head_json":{"title":"Facebook d\u00e9voile sa premi\u00e8re exposition photo \u00ab Les Visages de Facebook \u00bb et met en lumi\u00e8re les Groupes qui changent le quotidien de millions de Fran\u00e7ais | \u00c0 propos de Meta","robots":{"index":"index","follow":"follow","max-snippet":"max-snippet:-1","max-image-preview":"max-image-preview:large","max-video-preview":"max-video-preview:-1"},"canonical":"https:\/\/about.fb.com\/fr\/news\/2019\/07\/facebook-devoile-sa-premiere-exposition-photo-les-visages-de-facebook-et-met-en-lumiere-les-groupes-qui-changent-le-quotidien-de-millions-de-francais\/","og_locale":"fr_FR","og_type":"article","og_title":"Facebook d\u00e9voile sa premi\u00e8re exposition photo \u00ab Les Visages de Facebook \u00bb et met en lumi\u00e8re les Groupes qui changent le quotidien de millions de Fran\u00e7ais | \u00c0 propos de Meta","og_description":"Pendant une semaine, le photographe Aliocha Boi est parti \u00e0 la rencontre des plus grands Groupes sur Facebook pour photographier leur impact positif sur le monde et mettre en image leur volont\u00e9 personnelle de changer le quotidien des 36 millions de Fran\u00e7ais sur Facebook. \u00c0 LA RENCONTRE DES COMMUNAUT\u00c9S, de l\u2019\u00e9cran \u00e0 l\u2019humain Du 19 juillet au 11 ao\u00fbt, Facebook &#8211; partenaire de \u201cl\u2019\u00c9t\u00e9 \u00e0 La Villette\u201d \u2013 exposera donc sans filtre l\u2019histoire de 8 Groupes sur Facebook. Entre solidarit\u00e9, engagement et passion, l\u2019exposition apporte un regard neuf et pr\u00e9sente l\u2019envers du d\u00e9cor de ces communaut\u00e9s, afin de sublimer l\u2019humain derri\u00e8re l\u2019\u00e9cran. C\u2019est le long de l\u2019all\u00e9e du Z\u00e9nith dans le parc de la Villette qu\u2019aura lieu l\u2019exposition photo en plein air. Aliocha Boi, photographe franco-canado-italien inspir\u00e9 par la ville et fascin\u00e9 par l\u2019humain, a souhait\u00e9 mettre en avant la spontan\u00e9it\u00e9 de leurs actions, dans leur environnement naturel. \u00ab\u00a0J\u2019ai parcouru la France en l\u2019espace d\u2019une semaine et j\u2019ai d\u00e9couvert des communaut\u00e9s aux profils compl\u00e8tements diff\u00e9rents mais qui se compl\u00e9taient parfaitement. De vraies belles rencontres avec des passionn\u00e9s pr\u00eats et pr\u00eates \u00e0 d\u00e9fendre les valeurs de leurs groupes !\u00a0\u00bb raconte le photographe. Dans cette exposition, diff\u00e9rentes th\u00e9matiques seront repr\u00e9sent\u00e9es : le bien-\u00eatre, la solidarit\u00e9, la passion des animaux, l\u2019\u00e9cologie et le sport, l&rsquo;\u00e9ducation et le handicap, le \u00ab\u00a0Body Positive\u00a0\u00bb et la diversit\u00e9. L\u2019exposition regroupera ainsi 8 communaut\u00e9s fran\u00e7aises, photographi\u00e9es dans des lieux qui leur sont chers : Wanted Community&#8211; un Groupe fond\u00e9 sur des valeurs de partage de bons plans et de conseils, et qui encourage la solidarit\u00e9 entre les membres. Run Eco Team \u2013 un Groupe de runners engag\u00e9s pour l\u2019environnement qui aide \u00e0 nettoyer la plan\u00e8te sur chaque parcours de jogging. Le Cocon des Brindilles \u2013 un Groupe cr\u00e9\u00e9 en 2016 par Alexia, hospitalis\u00e9e \u00e0 l\u2019\u00e2ge de 12 ans, afin de partager son exp\u00e9rience est de cr\u00e9er une communaut\u00e9 d\u2019entraide, bas\u00e9e sur des valeurs de bien-\u00eatre et de soutien. Donna Mamma &#8211; un Groupe fond\u00e9 en 2017 par Sarah Zerbib afin de rassurer et d\u2019apporter de l\u2019aide aux mamans et futures mamans. Astuces pour DYS &#8211; un Groupe cr\u00e9\u00e9 en 2014 pour les parents dont les enfants sont atteints de dyslexie et de dysphasie, permettant l\u2019entraide et renfor\u00e7ant l\u2019appartenance \u00e0 une communaut\u00e9. Golden Retriever &amp; Co &#8211; un Groupe r\u00e9unissant la plus grosse communaut\u00e9 de passionn\u00e9s de Golden Retrievers en France, permettant de partager leurs exp\u00e9riences avec la communaut\u00e9. The All Sizes Catwalk &#8211; un Groupe cr\u00e9\u00e9 par Georgia Stein qui encourage le mouvement \u00ab\u00a0Body Positive\u00a0\u00bb. The All Sizes Catwalk organise des shootings, ainsi que des d\u00e9fil\u00e9s \u00ab\u00a0Body Positive\u00a0\u00bb sous forme de Happening. Paris Queer and Drag Projects &#8211; un Groupe LGBT qui r\u00e9unit des personnes int\u00e9ress\u00e9es par diff\u00e9rents divertissements queers, dont les \u00e9v\u00e9nements leur permettent d\u2019avoir un sentiment d\u2019appartenance et d\u2019\u00e9changer. L\u2019exposition sera pour tout public, gratuite et ouverte jour et nuit pendant toute la dur\u00e9e de l\u2019\u00e9v\u00e9nement. MAIS QUE SONT CES COMMUNAUT\u00c9S OU GROUPES SUR FACEBOOK\u00a0? Sur Facebook, il existe des millions de communaut\u00e9s pour des milliers de passions, de causes et de centres d\u2019int\u00e9r\u00eats diff\u00e9rents. Rien qu\u2019en France, les gens partagent, \u00e9changent, discutent sur 22 millions de Groupes Facebook, et chacun est unique ! Ce sont autant d\u2019occasions de se rencontrer, entreprendre, apprendre, s\u2019entraider\u2026 en un mot, cr\u00e9er des communaut\u00e9s qui ont un impact bien r\u00e9el dans la vie de tous les jours. Pour forger des liens et se r\u00e9unir autour d\u2019une passion ou d\u2019un int\u00e9r\u00eat commun, les Groupes Facebook pr\u00e9sentent une intense diversit\u00e9 qui refl\u00e8te, en ligne, celle de notre soci\u00e9t\u00e9. Chacun peut trouver un Groupe qui aura du sens pour lui, qu\u2019il soit petit ou grand, public ou priv\u00e9, \u00e0 l\u2019\u00e9chelle locale ou internationale. Cette exposition photos met \u00e0 l\u2019honneur des administrateurs et administratrices de Groupes Facebook qui, partout en France, animent des communaut\u00e9s. PR\u00c8S DE 22 MILLIONS DE GROUPES SONT ACTIFS CHAQUE MOIS EN FRANCE* Aujourd\u2019hui, 79% des membres de Groupes** en France sont d&rsquo;accord pour dire que Facebook leur permet de trouver des int\u00e9r\u00eats communs avec des personnes qu\u2019ils ne pourraient jamais conna\u00eetre autrement. Via cette exposition, Facebook souhaite pr\u00e9senter les histoires de ces personnes qui se battent au quotidien pour des causes qui leur tiennent \u00e0 c\u0153ur, et continuer de cultiver l\u2019esprit de solidarit\u00e9 propre aux Groupes Facebook. Ces Groupes permettent \u00e9galement de se rencontrer, d\u2019apprendre, d\u2019entreprendre ou s\u2019entraider, parmi une communaut\u00e9 de plus d\u2019un milliard de personnes. Gr\u00e2ce \u00e0 ces photos, Facebook souhaite donc montrer l\u2019impact fort cr\u00e9\u00e9 par ces communaut\u00e9s, \u00e0 travers l\u2019\u00e9change et le partage, o\u00f9 chacun peut trouver ce qui l\u2019inspire. UNE EXPOSITION \u00c0 RETROUVER GRATUITEMENT DANS LE CADRE DU FACEBOOK SUMMER CAMP \u00c0 LA VILLETTE Dans le cadre de son partenariat avec L&rsquo;\u00c9t\u00e9 \u00e0 La Villette, Facebook ouvre cet \u00e9t\u00e9 le premier \u201cSummer Camp\u201d, le premier camp d\u2019\u00e9t\u00e9 alliant apprentissage, festivit\u00e9 et solidarit\u00e9 pour petits et grands. Du 19 juillet au 11 ao\u00fbt, Facebook s\u2019installe sur la Prairie du Triangle et sur la Folie N7 pour proposer au grand public de venir revivre l\u2019exp\u00e9rience du campement d\u2019\u00e9t\u00e9. De nombreuses activit\u00e9s in\u00e9dites seront ainsi propos\u00e9es, autour des th\u00e8mes et des Groupes des communaut\u00e9s Facebook. Un \u00e9v\u00e9nement participatif, accessible du vendredi au dimanche. POUR EN SAVOIR PLUS SUR ALIOCHA BOI Photographe franco-canado-italien, Aliocha Boi s\u2019inspire quotidiennement de son environnement urbain. Son travail a une approche documentaire et s\u2019alimente de rencontres, d\u2019explorations et d\u2019une r\u00e9elle fascination pour \u00ab l\u2019humain \u00bb. Ses expositions sont souvent des s\u00e9quences narratives, avec l\u2019incorporation de textes sous la forme de r\u00e9cits. Ses derni\u00e8res cr\u00e9ations ont \u00e9t\u00e9 expos\u00e9es au Nikon Plaza (2018, \u201cRegard sur l&rsquo;Inde\u201d) et au BHV Marais (2017, Rencontre avec ArtPhotoLimited) \u00e0 Paris. #FacebookSummerCamp &nbsp; Informations pratiques sur l\u2019exposition Exposition Facebook \u00ab\u00a0Les Visages de Facebook \u00bb &#8211; All\u00e9e du Z\u00e9nith \u2013 La Villette Du 19 juillet au 11 ao\u00fbt \/ ouvert jour et nuit Gratuit et tout public &nbsp; Informations pratiques sur le Facebook Summer Camp Du 19 juillet au 11 ao\u00fbt &#8211; Gratuit et tout public Vendredi : 9h &#8211; 22h &#8211; Samedi &amp; Dimanche : 10h &#8211; 22h \u00a0 * Chiffres recueillis par Facebook en 2019 ** Cr\u00e9\u00e9s en 2010, les Groupes sont des espaces destin\u00e9s \u00e0 communiquer autour d\u2019int\u00e9r\u00eats partag\u00e9s avec d\u2019autres utilisateurs, dont les administrateurs g\u00e8rent les membres et les contenus. &nbsp; Liens utiles Lien de l\u2019\u00e9v\u00e8nement\u00a0: https:\/\/www.facebook.com\/events\/507553383316986\/ Page Facebook de Wanted : https:\/\/www.facebook.com\/groups\/wantedcommunityparis\/ Lien vers les astuces pour cr\u00e9er un Groupe Facebook\u00a0: https:\/\/cityguides.fb.com\/guides\/lyon-french\/comment-creer-un-groupe\/","og_url":"https:\/\/about.fb.com\/fr\/news\/2019\/07\/facebook-devoile-sa-premiere-exposition-photo-les-visages-de-facebook-et-met-en-lumiere-les-groupes-qui-changent-le-quotidien-de-millions-de-francais\/","og_site_name":"\u00c0 propos de Meta","article_published_time":"2019-07-03T12:42:27+00:00","article_modified_time":"2019-11-04T19:12:33+00:00","og_image":[{"url":"https:\/\/about.fb.com\/fr\/wp-content\/uploads\/sites\/5\/2019\/07\/key_visual02-1.jpg","type":"","width":"","height":""}],"author":"jessicacmb","twitter_card":"summary_large_image","twitter_misc":{"Written by":"Meta","Est. reading time":"6 minutes"},"schema":{"@context":"https:\/\/schema.org","@graph":[{"@type":"Article","@id":"https:\/\/about.fb.com\/fr\/news\/2019\/07\/facebook-devoile-sa-premiere-exposition-photo-les-visages-de-facebook-et-met-en-lumiere-les-groupes-qui-changent-le-quotidien-de-millions-de-francais\/#article","isPartOf":{"@id":"https:\/\/about.fb.com\/fr\/news\/2019\/07\/facebook-devoile-sa-premiere-exposition-photo-les-visages-de-facebook-et-met-en-lumiere-les-groupes-qui-changent-le-quotidien-de-millions-de-francais\/"},"author":"Facebook company","headline":"Facebook d\u00e9voile sa premi\u00e8re exposition photo \u00ab Les Visages de Facebook \u00bb et met en lumi\u00e8re les Groupes qui changent le quotidien de millions de Fran\u00e7ais","datePublished":"2019-07-03T12:42:27+00:00","dateModified":"2019-11-04T19:12:33+00:00","mainEntityOfPage":{"@id":"https:\/\/about.fb.com\/fr\/news\/2019\/07\/facebook-devoile-sa-premiere-exposition-photo-les-visages-de-facebook-et-met-en-lumiere-les-groupes-qui-changent-le-quotidien-de-millions-de-francais\/"},"wordCount":1204,"publisher":{"@id":"https:\/\/about.fb.com\/fr\/#organization"},"image":{"@id":"https:\/\/about.fb.com\/fr\/news\/2019\/07\/facebook-devoile-sa-premiere-exposition-photo-les-visages-de-facebook-et-met-en-lumiere-les-groupes-qui-changent-le-quotidien-de-millions-de-francais\/#primaryimage"},"thumbnailUrl":"https:\/\/about.fb.com\/fr\/wp-content\/uploads\/sites\/5\/2019\/07\/key_visual02-1.jpg","articleSection":["Communaut\u00e9s","\u00c9v\u00e8nements"],"inLanguage":"fr-FR"},{"@type":"WebPage","@id":"https:\/\/about.fb.com\/fr\/news\/2019\/07\/facebook-devoile-sa-premiere-exposition-photo-les-visages-de-facebook-et-met-en-lumiere-les-groupes-qui-changent-le-quotidien-de-millions-de-francais\/","url":"https:\/\/about.fb.com\/fr\/news\/2019\/07\/facebook-devoile-sa-premiere-exposition-photo-les-visages-de-facebook-et-met-en-lumiere-les-groupes-qui-changent-le-quotidien-de-millions-de-francais\/","name":"Facebook d\u00e9voile sa premi\u00e8re exposition photo \u00ab Les Visages de Facebook \u00bb et met en lumi\u00e8re les Groupes qui changent le quotidien de millions de Fran\u00e7ais | \u00c0 propos de Meta","isPartOf":{"@id":"https:\/\/about.fb.com\/fr\/#website"},"primaryImageOfPage":{"@id":"https:\/\/about.fb.com\/fr\/news\/2019\/07\/facebook-devoile-sa-premiere-exposition-photo-les-visages-de-facebook-et-met-en-lumiere-les-groupes-qui-changent-le-quotidien-de-millions-de-francais\/#primaryimage"},"image":{"@id":"https:\/\/about.fb.com\/fr\/news\/2019\/07\/facebook-devoile-sa-premiere-exposition-photo-les-visages-de-facebook-et-met-en-lumiere-les-groupes-qui-changent-le-quotidien-de-millions-de-francais\/#primaryimage"},"thumbnailUrl":"https:\/\/about.fb.com\/fr\/wp-content\/uploads\/sites\/5\/2019\/07\/key_visual02-1.jpg","datePublished":"2019-07-03T12:42:27+00:00","dateModified":"2019-11-04T19:12:33+00:00","breadcrumb":{"@id":"https:\/\/about.fb.com\/fr\/news\/2019\/07\/facebook-devoile-sa-premiere-exposition-photo-les-visages-de-facebook-et-met-en-lumiere-les-groupes-qui-changent-le-quotidien-de-millions-de-francais\/#breadcrumb"},"inLanguage":"fr-FR","potentialAction":[{"@type":"ReadAction","target":["https:\/\/about.fb.com\/fr\/news\/2019\/07\/facebook-devoile-sa-premiere-exposition-photo-les-visages-de-facebook-et-met-en-lumiere-les-groupes-qui-changent-le-quotidien-de-millions-de-francais\/"]}],"author":"\u00c0 propos de Meta"},{"@type":"ImageObject","inLanguage":"fr-FR","@id":"https:\/\/about.fb.com\/fr\/news\/2019\/07\/facebook-devoile-sa-premiere-exposition-photo-les-visages-de-facebook-et-met-en-lumiere-les-groupes-qui-changent-le-quotidien-de-millions-de-francais\/#primaryimage","url":"https:\/\/about.fb.com\/fr\/wp-content\/uploads\/sites\/5\/2019\/07\/key_visual02-1.jpg","contentUrl":"https:\/\/about.fb.com\/fr\/wp-content\/uploads\/sites\/5\/2019\/07\/key_visual02-1.jpg"},{"@type":"BreadcrumbList","@id":"https:\/\/about.fb.com\/fr\/news\/2019\/07\/facebook-devoile-sa-premiere-exposition-photo-les-visages-de-facebook-et-met-en-lumiere-les-groupes-qui-changent-le-quotidien-de-millions-de-francais\/#breadcrumb","itemListElement":[{"@type":"ListItem","position":1,"name":"Home","item":"https:\/\/about.fb.com\/fr\/"},{"@type":"ListItem","position":2,"name":"Facebook d\u00e9voile sa premi\u00e8re exposition photo \u00ab Les Visages de Facebook \u00bb et met en lumi\u00e8re les Groupes qui changent le quotidien de millions de Fran\u00e7ais"}]},{"@type":"WebSite","@id":"https:\/\/about.fb.com\/fr\/#website","url":"https:\/\/about.fb.com\/news\/","name":"\u00c0 propos de Meta","description":"","publisher":{"@id":"https:\/\/about.fb.com\/fr\/#organization"},"potentialAction":[{"@type":"SearchAction","target":{"@type":"EntryPoint","urlTemplate":"https:\/\/about.fb.com\/fr\/?s={search_term_string}"},"query-input":{"@type":"PropertyValueSpecification","valueRequired":true,"valueName":"search_term_string"}}],"inLanguage":"fr-FR","alternateName":["Meta Newsroom","Meta"]},{"@type":"Organization","@id":"https:\/\/about.fb.com\/fr\/#organization","name":"Meta","url":"https:\/\/about.fb.com\/fr\/","logo":{"@type":"ImageObject","inLanguage":"fr-FR","@id":"https:\/\/about.fb.com\/fr\/#\/schema\/logo\/image\/","url":"https:\/\/about.fb.com\/fr\/wp-content\/uploads\/sites\/12\/2021\/10\/meta-social-16x9-1.jpg?fit=8000%2C4500","contentUrl":"https:\/\/about.fb.com\/fr\/wp-content\/uploads\/sites\/12\/2021\/10\/meta-social-16x9-1.jpg?fit=8000%2C4500","width":8000,"height":4500,"caption":"Meta"},"image":{"@id":"https:\/\/about.fb.com\/fr\/#\/schema\/logo\/image\/"}}]}},"jetpack_featured_media_url":"","jetpack-related-posts":[],"jetpack_sharing_enabled":true,"amp_enabled":true,"_links":{"self":[{"href":"https:\/\/about.fb.com\/fr\/wp-json\/wp\/v2\/posts\/7857","targetHints":{"allow":["GET"]}}],"collection":[{"href":"https:\/\/about.fb.com\/fr\/wp-json\/wp\/v2\/posts"}],"about":[{"href":"https:\/\/about.fb.com\/fr\/wp-json\/wp\/v2\/types\/post"}],"author":[{"embeddable":true,"href":"https:\/\/about.fb.com\/fr\/wp-json\/wp\/v2\/users\/146327677"}],"replies":[{"embeddable":true,"href":"https:\/\/about.fb.com\/fr\/wp-json\/wp\/v2\/comments?post=7857"}],"version-history":[{"count":2,"href":"https:\/\/about.fb.com\/fr\/wp-json\/wp\/v2\/posts\/7857\/revisions"}],"predecessor-version":[{"id":8058,"href":"https:\/\/about.fb.com\/fr\/wp-json\/wp\/v2\/posts\/7857\/revisions\/8058"}],"wp:attachment":[{"href":"https:\/\/about.fb.com\/fr\/wp-json\/wp\/v2\/media?parent=7857"}],"wp:term":[{"taxonomy":"category","embeddable":true,"href":"https:\/\/about.fb.com\/fr\/wp-json\/wp\/v2\/categories?post=7857"},{"taxonomy":"post_tag","embeddable":true,"href":"https:\/\/about.fb.com\/fr\/wp-json\/wp\/v2\/tags?post=7857"}],"curies":[{"name":"wp","href":"https:\/\/api.w.org\/{rel}","templated":true}]}}