{"id":7590,"date":"2019-02-14T14:11:55","date_gmt":"2019-02-14T13:11:55","guid":{"rendered":"http:\/\/fr.newsroom.fb.com\/?p=7590"},"modified":"2019-02-14T14:11:55","modified_gmt":"2019-02-14T13:11:55","slug":"des-nouveautes-pour-les-createurs-video-en-europe-au-moyen-orient-et-en-afrique","status":"publish","type":"post","link":"https:\/\/about.fb.com\/fr\/news\/2019\/02\/des-nouveautes-pour-les-createurs-video-en-europe-au-moyen-orient-et-en-afrique\/","title":{"rendered":"Des nouveaut\u00e9s pour les cr\u00e9ateurs vid\u00e9o en Europe, au Moyen-Orient et en Afrique"},"content":{"rendered":"<p><em>Par Patrick Walker, directeur des partenariats m\u00e9dias EMEA\u00a0(Europe, Moyen-Orient et Afrique) de Facebook<\/em><\/p>\n<p>Cette semaine, nous avons organis\u00e9 notre tout premier <i>Facebook Creator Day<\/i> dans la r\u00e9gion EMEA (Europe, Moyen-Orient et Afrique) pour les cr\u00e9ateurs vid\u00e9o de toute la r\u00e9gion &#8211; dont <a href=\"https:\/\/www.facebook.com\/Juliusmagic\/\">Julius Dein<\/a>, <a href=\"https:\/\/www.facebook.com\/khalidalameri\/\">Khaleed Al Ameri<\/a>, <a href=\"https:\/\/www.facebook.com\/LadBabyOfficial\/\">LadBaby<\/a> et <a href=\"https:\/\/www.facebook.com\/JayShettyIW\/\">Jay Shetty<\/a>, et avons particip\u00e9 \u00e0 la troisi\u00e8me \u00e9dition europ\u00e9enne de VidCon \u00e0 Londres.<\/p>\n<p>Notre communaut\u00e9 de cr\u00e9ateurs vid\u00e9o dans la r\u00e9gion EMEA continue de se d\u00e9velopper sur Facebook. Le soutien aux cr\u00e9ateurs de contenus reste au c\u0153ur notre mission. Ils partagent leurs passions en cr\u00e9ant des vid\u00e9os qui inspirent des millions de personnes et f\u00e9d\u00e8rent des communaut\u00e9s dans le monde entier.<\/p>\n<p>Aujourd&rsquo;hui, nous sommes heureux d&rsquo;annoncer que nous proposons d\u00e9sormais aux cr\u00e9ateurs vid\u00e9o de la r\u00e9gion EMEA deux nouvelles opportunit\u00e9s de mon\u00e9tiser leurs contenus sur Facebook :<\/p>\n<ul>\n<li><b>L&rsquo;ouverture \u00e0 l&rsquo;exp\u00e9rimentation de l&rsquo;abonnement de fans dans quatre pays d&rsquo;Europe.<\/b> L&rsquo;an dernier, aux \u00c9tats-Unis, nous avons annonc\u00e9 que nous commencions \u00e0 tester une nouvelle fonctionnalit\u00e9 appel\u00e9e <b>abonnement de fans<\/b>, qui permet au public de contribuer au financement des voix qu&rsquo;il appr\u00e9cie le plus. En retour, les fans ont acc\u00e8s \u00e0 des avantages sp\u00e9ciaux de la part des cr\u00e9ateurs. Encourag\u00e9s par les premiers r\u00e9sultats de cette exp\u00e9rience, nous l&rsquo;\u00e9tendons aujourd&rsquo;hui au<b> Royaume-Uni, l&rsquo;Espagne, l&rsquo;Allemagne et le Portugal.<\/b><\/li>\n<li><b>L&rsquo;acc\u00e8s au Gestionnaire de collaborations avec des marques pour les pays d&rsquo;Europe<\/b>, \u00e0 commencer par le Royaume-Uni et l&rsquo;Allemagne. Nous savons que les collaborations avec des marques constituent l&rsquo;un des principaux moyens pour les cr\u00e9ateurs de se r\u00e9mun\u00e9rer. Le <b>Gestionnaire de collaborations<\/b> est un nouvel outil qui permet aux annonceurs de trouver et de collaborer avec des cr\u00e9ateurs vid\u00e9o sur Facebook. Les cr\u00e9ateurs de contenus peuvent cr\u00e9er un profil pr\u00e9sentant leurs pr\u00e9c\u00e9dentes r\u00e9alisations et les caract\u00e9ristiques de leurs fans. Les marques peuvent ainsi trouver les cr\u00e9ateurs de contenus qui correspondent le mieux \u00e0 leur identit\u00e9 pour s&rsquo;engager dans des collaborations avec eux.<\/li>\n<\/ul>\n<p>Vous trouverez ci-dessous plus de d\u00e9tails sur notre strat\u00e9gie et les annonces d\u2019aujourd\u2019hui.<\/p>\n<p><b>DONNER LIBRE COURS \u00c0 SA CR\u00c9ATIVIT\u00c9<\/b><\/p>\n<p>Nous avons <a href=\"https:\/\/about.fb.com\/fr\/2018\/08\/facebook-lance-watch-en-france-et-dans-le-reste-du-monde\/\">lanc\u00e9 Facebook Watch dans le monde entier<\/a> en ao\u00fbt dernier. Plus de <a href=\"https:\/\/about.fb.com\/fr\/2018\/12\/facebook-watch-un-succes-confirme\/\" target=\"_blank\" rel=\"noopener noreferrer\"><b>400 millions de personnes par mois et 75 millions de personnes par jour<\/b><b> <\/b><\/a>passent d\u00e9j\u00e0 au moins une minute sur Facebook Watch. En moyenne, ces 75 millions de visiteurs quotidiens passent plus de 20 minutes sur Facebook Watch. Nous avons \u00e9galement constat\u00e9 que les gens aiment venir sur Watch, et regardent ainsi 5 fois plus longtemps des vid\u00e9os sur Watch que dans leur fil d\u2019actualit\u00e9.<\/p>\n<p>Nos nouveaux outils vid\u00e9o ont pour objectif de faciliter l&rsquo;interaction. Des fonctionnalit\u00e9s telles que nos outils de <a href=\"https:\/\/www.facebook.com\/facebookmedia\/blog\/making-video-more-interactive\">sondage et de jeu <\/a>permettent aux cr\u00e9ateurs de d\u00e9couvrir de nouvelles id\u00e9es aupr\u00e8s de leur fans et de cr\u00e9er des formats semblables aux magazines d&rsquo;information ou aux jeux t\u00e9l\u00e9vis\u00e9s.<\/p>\n<p>Les cr\u00e9ateurs ont toujours l&rsquo;opportunit\u00e9 d&rsquo;utiliser <b>Facebook<\/b> <b>Live<\/b>, un format id\u00e9al pour cr\u00e9er des interactions en temps r\u00e9el. De nombreux cr\u00e9ateurs de contenus ont \u00e9galement adopt\u00e9 <b>Live With <\/b>pour impliquer davantage leurs fans, ou leur faire profiter des <a href=\"https:\/\/www.facebook.com\/facebookmedia\/blog\/global-launch-of-premieres-polls-and-top-fans\">premi\u00e8res<\/a>, un format vid\u00e9o interactif qui permet de publier une vid\u00e9o pr\u00e9enregistr\u00e9e dans le cadre d\u2019un moment en direct et de promouvoir un contenu \u00e0 venir.<\/p>\n<p>De plus, nous constatons que les consommateurs se tournent de plus en plus vers <b>Stories<\/b>, aussi bien sur Facebook que sur Instagram. La puissance des stories r\u00e9side dans la capacit\u00e9 \u00e0 rendre l&rsquo;engagement avec une communaut\u00e9 simple : les cr\u00e9ateurs peuvent poster du contenu en direct sur Facebook Stories, poster des stories \u00e0 leur groupe, et utiliser des fonctionnalit\u00e9s cr\u00e9atives telles que Lip Sync Live, les filtres, et les sondages.<\/p>\n<p><b>MOBILISER SA COMMUNAUT\u00c9<\/b><\/p>\n<p>Nous savons que la vid\u00e9o g\u00e9n\u00e8re des discussions et valorisons l&rsquo;interaction au sein des communaut\u00e9s sur Facebook. C&rsquo;est pourquoi nous avons d\u00e9velopp\u00e9 une nouvelle suite de produits qui permet de poursuivre la conversation m\u00eame apr\u00e8s l&rsquo;arr\u00eat de la cam\u00e9ra, afin de cr\u00e9er un lien plus fort avec ses fans.<\/p>\n<p>\u00c0 la fin de l&rsquo;ann\u00e9e derni\u00e8re, nous avons \u00e9tendu <b>Watch Party<\/b> aux pages. Cela signifie que les cr\u00e9ateurs sur Facebook peuvent d\u00e9sormais inviter leur communaut\u00e9 de fans \u00e0 regarder des vid\u00e9os ensemble &#8211; en direct ou enregistr\u00e9es &#8211; et \u00e0 en discuter en temps r\u00e9el. C&rsquo;est un parfait exemple de comment nous souhaitons rendre l&rsquo;exp\u00e9rience vid\u00e9o sur Facebook toujours plus sociale. Nous constatons l&rsquo;essor de cette fonctionnalit\u00e9, avec plus de <u>12 millions de Watch Parties<\/u> depuis l&rsquo;ann\u00e9e derni\u00e8re.<\/p>\n<p>Les <b>Groupes <\/b>continuent de prosp\u00e9rer sur Facebook puisque plus de <u>200 millions de personnes<\/u> sont membres d&rsquo;un groupe Facebook qu&rsquo;ils consid\u00e8rent important pour eux. Cela inclut les groupes cr\u00e9\u00e9s par des cr\u00e9ateurs vid\u00e9o, qui leur permettent d&rsquo;entretenir leur engagement avec leur communaut\u00e9s de fans, et que ces derniers interagissent entre eux.<\/p>\n<p>Pour aller plus loin, nous avons lanc\u00e9 <b>Super Fans<\/b> l&rsquo;an dernier. Ce badge qui apparait \u00e0 c\u00f4t\u00e9 du nom du fan, permet aux cr\u00e9ateurs de reconna\u00eetre leurs plus grands fans et de s&rsquo;impliquer davantage aupr\u00e8s d&rsquo;eux (par exemple via des d\u00e9dicaces sp\u00e9ciales, ou encore en r\u00e9pondant en priorit\u00e9 \u00e0 leurs commentaires).<\/p>\n<p><b>G\u00c9N\u00c9RER DES REVENUS<\/b><\/p>\n<p>Nous savons combien il est important pour les cr\u00e9ateurs d&rsquo;\u00eatre en mesure de g\u00e9n\u00e9rer des revenus qui soutiennent leur capacit\u00e9 \u00e0 produire des contenus de qualit\u00e9. En mati\u00e8re de mon\u00e9tisation, il n&rsquo;existe pas une unique approche pour toute la communaut\u00e9 des cr\u00e9ateurs de contenus &#8211; c&rsquo;est une industrie diversifi\u00e9e, et chaque cr\u00e9ateur est unique en fonction du contenu qu&rsquo;il cr\u00e9e, des outils qu&rsquo;il utilise et des publics auxquels il s&rsquo;adresse.<\/p>\n<p>Pour les cr\u00e9ateurs qui ont un plus grand nombre de fans et qui cr\u00e9ent des contenus plus longs en lien direct avec les marques, les <b>pauses pub<\/b> sont un excellent levier de mon\u00e9tisation. Au cours des 5 derniers mois, depuis le lancement des pauses pub au niveau international, nous avons \u00e9tendu la fonctionnalit\u00e9 \u00e0 un plus grand nombre de pays et de langues. \u00c0 ce jour, les pauses pub sont disponibles dans <b>41 pays \u00e0 travers le monde.<\/b> Nous avons constat\u00e9 un grand int\u00e9r\u00eat pour la fonctionnalit\u00e9 \u00e0 l&rsquo;\u00e9chelle mondiale &#8211; le nombre de pages qui utilisent activement les pauses pub a plus que tripl\u00e9 depuis leur disponibilit\u00e9 en ao\u00fbt. Parmi les pages qui utilisent activement les pauses pub dans la r\u00e9gion EMEA, plus de 40 % des vid\u00e9os avec une pause pub sont en arabe, en fran\u00e7ais, en allemand, en italien ou en espagnol.<\/p>\n<p>Voici quelques-unes des fa\u00e7ons dont nous continuons \u00e0 travailler avec les cr\u00e9ateurs vid\u00e9o en Europe et partout dans le monde. En leur donnant les outils dont ils ont besoin pour b\u00e2tir leur communaut\u00e9 et g\u00e9n\u00e9rer des revenus, nous esp\u00e9rons continuer \u00e0 voir \u00e9merger des contenus toujours plus cr\u00e9atifs et engageants sur Facebook !<\/p>\n","protected":false},"excerpt":{"rendered":"Par Patrick Walker, directeur des partenariats m\u00e9dias EMEA\u00a0(Europe, Moyen-Orient et Afrique) de Facebook Cette semaine, nous avons organis\u00e9 notre tout premier Facebook Creator Day dans la r\u00e9gion EMEA (Europe, Moyen-Orient et Afrique) pour les cr\u00e9ateurs vid\u00e9o de toute la r\u00e9gion &#8211; dont Julius Dein, Khaleed Al Ameri, LadBaby et Jay Shetty, et avons particip\u00e9 \u00e0 la troisi\u00e8me \u00e9dition europ\u00e9enne de VidCon \u00e0 Londres. Notre communaut\u00e9 de cr\u00e9ateurs vid\u00e9o dans la r\u00e9gion EMEA continue de se d\u00e9velopper sur Facebook. Le soutien aux cr\u00e9ateurs de contenus reste au c\u0153ur notre mission. Ils partagent leurs passions en cr\u00e9ant des vid\u00e9os qui inspirent des millions de personnes et f\u00e9d\u00e8rent des communaut\u00e9s dans le monde entier. Aujourd&rsquo;hui, nous sommes heureux d&rsquo;annoncer que nous proposons d\u00e9sormais aux cr\u00e9ateurs vid\u00e9o de la r\u00e9gion EMEA deux nouvelles opportunit\u00e9s de mon\u00e9tiser leurs contenus sur Facebook : L&rsquo;ouverture \u00e0 l&rsquo;exp\u00e9rimentation de l&rsquo;abonnement de fans dans quatre pays d&rsquo;Europe. L&rsquo;an dernier, aux \u00c9tats-Unis, nous avons annonc\u00e9 que nous commencions \u00e0 tester une nouvelle fonctionnalit\u00e9 appel\u00e9e abonnement de fans, qui permet au public de contribuer au financement des voix qu&rsquo;il appr\u00e9cie le plus. En retour, les fans ont acc\u00e8s \u00e0 des avantages sp\u00e9ciaux de la part des cr\u00e9ateurs. Encourag\u00e9s par les premiers r\u00e9sultats de cette exp\u00e9rience, nous l&rsquo;\u00e9tendons aujourd&rsquo;hui au Royaume-Uni, l&rsquo;Espagne, l&rsquo;Allemagne et le Portugal. L&rsquo;acc\u00e8s au Gestionnaire de collaborations avec des marques pour les pays d&rsquo;Europe, \u00e0 commencer par le Royaume-Uni et l&rsquo;Allemagne. Nous savons que les collaborations avec des marques constituent l&rsquo;un des principaux moyens pour les cr\u00e9ateurs de se r\u00e9mun\u00e9rer. Le Gestionnaire de collaborations est un nouvel outil qui permet aux annonceurs de trouver et de collaborer avec des cr\u00e9ateurs vid\u00e9o sur Facebook. Les cr\u00e9ateurs de contenus peuvent cr\u00e9er un profil pr\u00e9sentant leurs pr\u00e9c\u00e9dentes r\u00e9alisations et les caract\u00e9ristiques de leurs fans. Les marques peuvent ainsi trouver les cr\u00e9ateurs de contenus qui correspondent le mieux \u00e0 leur identit\u00e9 pour s&rsquo;engager dans des collaborations avec eux. Vous trouverez ci-dessous plus de d\u00e9tails sur notre strat\u00e9gie et les annonces d\u2019aujourd\u2019hui. DONNER LIBRE COURS \u00c0 SA CR\u00c9ATIVIT\u00c9 Nous avons lanc\u00e9 Facebook Watch dans le monde entier en ao\u00fbt dernier. Plus de 400 millions de personnes par mois et 75 millions de personnes par jour passent d\u00e9j\u00e0 au moins une minute sur Facebook Watch. En moyenne, ces 75 millions de visiteurs quotidiens passent plus de 20 minutes sur Facebook Watch. Nous avons \u00e9galement constat\u00e9 que les gens aiment venir sur Watch, et regardent ainsi 5 fois plus longtemps des vid\u00e9os sur Watch que dans leur fil d\u2019actualit\u00e9. Nos nouveaux outils vid\u00e9o ont pour objectif de faciliter l&rsquo;interaction. Des fonctionnalit\u00e9s telles que nos outils de sondage et de jeu permettent aux cr\u00e9ateurs de d\u00e9couvrir de nouvelles id\u00e9es aupr\u00e8s de leur fans et de cr\u00e9er des formats semblables aux magazines d&rsquo;information ou aux jeux t\u00e9l\u00e9vis\u00e9s. Les cr\u00e9ateurs ont toujours l&rsquo;opportunit\u00e9 d&rsquo;utiliser Facebook Live, un format id\u00e9al pour cr\u00e9er des interactions en temps r\u00e9el. De nombreux cr\u00e9ateurs de contenus ont \u00e9galement adopt\u00e9 Live With pour impliquer davantage leurs fans, ou leur faire profiter des premi\u00e8res, un format vid\u00e9o interactif qui permet de publier une vid\u00e9o pr\u00e9enregistr\u00e9e dans le cadre d\u2019un moment en direct et de promouvoir un contenu \u00e0 venir. De plus, nous constatons que les consommateurs se tournent de plus en plus vers Stories, aussi bien sur Facebook que sur Instagram. La puissance des stories r\u00e9side dans la capacit\u00e9 \u00e0 rendre l&rsquo;engagement avec une communaut\u00e9 simple : les cr\u00e9ateurs peuvent poster du contenu en direct sur Facebook Stories, poster des stories \u00e0 leur groupe, et utiliser des fonctionnalit\u00e9s cr\u00e9atives telles que Lip Sync Live, les filtres, et les sondages. MOBILISER SA COMMUNAUT\u00c9 Nous savons que la vid\u00e9o g\u00e9n\u00e8re des discussions et valorisons l&rsquo;interaction au sein des communaut\u00e9s sur Facebook. C&rsquo;est pourquoi nous avons d\u00e9velopp\u00e9 une nouvelle suite de produits qui permet de poursuivre la conversation m\u00eame apr\u00e8s l&rsquo;arr\u00eat de la cam\u00e9ra, afin de cr\u00e9er un lien plus fort avec ses fans. \u00c0 la fin de l&rsquo;ann\u00e9e derni\u00e8re, nous avons \u00e9tendu Watch Party aux pages. Cela signifie que les cr\u00e9ateurs sur Facebook peuvent d\u00e9sormais inviter leur communaut\u00e9 de fans \u00e0 regarder des vid\u00e9os ensemble &#8211; en direct ou enregistr\u00e9es &#8211; et \u00e0 en discuter en temps r\u00e9el. C&rsquo;est un parfait exemple de comment nous souhaitons rendre l&rsquo;exp\u00e9rience vid\u00e9o sur Facebook toujours plus sociale. Nous constatons l&rsquo;essor de cette fonctionnalit\u00e9, avec plus de 12 millions de Watch Parties depuis l&rsquo;ann\u00e9e derni\u00e8re. Les Groupes continuent de prosp\u00e9rer sur Facebook puisque plus de 200 millions de personnes sont membres d&rsquo;un groupe Facebook qu&rsquo;ils consid\u00e8rent important pour eux. Cela inclut les groupes cr\u00e9\u00e9s par des cr\u00e9ateurs vid\u00e9o, qui leur permettent d&rsquo;entretenir leur engagement avec leur communaut\u00e9s de fans, et que ces derniers interagissent entre eux. Pour aller plus loin, nous avons lanc\u00e9 Super Fans l&rsquo;an dernier. Ce badge qui apparait \u00e0 c\u00f4t\u00e9 du nom du fan, permet aux cr\u00e9ateurs de reconna\u00eetre leurs plus grands fans et de s&rsquo;impliquer davantage aupr\u00e8s d&rsquo;eux (par exemple via des d\u00e9dicaces sp\u00e9ciales, ou encore en r\u00e9pondant en priorit\u00e9 \u00e0 leurs commentaires). G\u00c9N\u00c9RER DES REVENUS Nous savons combien il est important pour les cr\u00e9ateurs d&rsquo;\u00eatre en mesure de g\u00e9n\u00e9rer des revenus qui soutiennent leur capacit\u00e9 \u00e0 produire des contenus de qualit\u00e9. En mati\u00e8re de mon\u00e9tisation, il n&rsquo;existe pas une unique approche pour toute la communaut\u00e9 des cr\u00e9ateurs de contenus &#8211; c&rsquo;est une industrie diversifi\u00e9e, et chaque cr\u00e9ateur est unique en fonction du contenu qu&rsquo;il cr\u00e9e, des outils qu&rsquo;il utilise et des publics auxquels il s&rsquo;adresse. Pour les cr\u00e9ateurs qui ont un plus grand nombre de fans et qui cr\u00e9ent des contenus plus longs en lien direct avec les marques, les pauses pub sont un excellent levier de mon\u00e9tisation. Au cours des 5 derniers mois, depuis le lancement des pauses pub au niveau international, nous avons \u00e9tendu la fonctionnalit\u00e9 \u00e0 un plus grand nombre de pays et de langues. \u00c0 ce jour, les pauses pub sont disponibles dans 41 pays \u00e0 travers le monde. Nous avons constat\u00e9 un grand int\u00e9r\u00eat pour la fonctionnalit\u00e9 \u00e0 l&rsquo;\u00e9chelle mondiale &#8211; le nombre de pages qui utilisent activement les pauses pub a plus que tripl\u00e9 depuis leur disponibilit\u00e9 en ao\u00fbt. Parmi les pages qui utilisent activement les pauses pub dans la r\u00e9gion EMEA, plus de 40 % des vid\u00e9os avec une pause pub sont en arabe, en fran\u00e7ais, en allemand, en italien ou en espagnol. Voici quelques-unes des fa\u00e7ons dont nous continuons \u00e0 travailler avec les cr\u00e9ateurs vid\u00e9o en Europe et partout dans le monde. En leur donnant les outils dont ils ont besoin pour b\u00e2tir leur communaut\u00e9 et g\u00e9n\u00e9rer des revenus, nous esp\u00e9rons continuer \u00e0 voir \u00e9merger des contenus toujours plus cr\u00e9atifs et engageants sur Facebook !","protected":false},"author":150900173,"featured_media":0,"comment_status":"closed","ping_status":"closed","sticky":false,"template":"","format":"standard","meta":{"_jetpack_memberships_contains_paid_content":false,"footnotes":""},"categories":[243897945,19698,243897938],"tags":[],"class_list":["post-7590","post","type-post","status-publish","format-standard","hentry","category-communautes","category-evenements","category-publicite"],"yoast_head":"<!-- This site is optimized with the Yoast SEO plugin v27.2 - https:\/\/yoast.com\/product\/yoast-seo-wordpress\/ -->\n<title>Des nouveaut\u00e9s pour les cr\u00e9ateurs vid\u00e9o en Europe, au Moyen-Orient et en Afrique | \u00c0 propos de Meta<\/title>\n<meta name=\"robots\" content=\"index, follow, max-snippet:-1, max-image-preview:large, max-video-preview:-1\" \/>\n<link rel=\"canonical\" href=\"https:\/\/about.fb.com\/fr\/news\/2019\/02\/des-nouveautes-pour-les-createurs-video-en-europe-au-moyen-orient-et-en-afrique\/\" \/>\n<meta property=\"og:locale\" content=\"fr_FR\" \/>\n<meta property=\"og:type\" content=\"article\" \/>\n<meta property=\"og:title\" content=\"Des nouveaut\u00e9s pour les cr\u00e9ateurs vid\u00e9o en Europe, au Moyen-Orient et en Afrique | \u00c0 propos de Meta\" \/>\n<meta property=\"og:description\" content=\"Par Patrick Walker, directeur des partenariats m\u00e9dias EMEA\u00a0(Europe, Moyen-Orient et Afrique) de Facebook Cette semaine, nous avons organis\u00e9 notre tout premier Facebook Creator Day dans la r\u00e9gion EMEA (Europe, Moyen-Orient et Afrique) pour les cr\u00e9ateurs vid\u00e9o de toute la r\u00e9gion &#8211; dont Julius Dein, Khaleed Al Ameri, LadBaby et Jay Shetty, et avons particip\u00e9 \u00e0 la troisi\u00e8me \u00e9dition europ\u00e9enne de VidCon \u00e0 Londres. Notre communaut\u00e9 de cr\u00e9ateurs vid\u00e9o dans la r\u00e9gion EMEA continue de se d\u00e9velopper sur Facebook. Le soutien aux cr\u00e9ateurs de contenus reste au c\u0153ur notre mission. Ils partagent leurs passions en cr\u00e9ant des vid\u00e9os qui inspirent des millions de personnes et f\u00e9d\u00e8rent des communaut\u00e9s dans le monde entier. Aujourd&rsquo;hui, nous sommes heureux d&rsquo;annoncer que nous proposons d\u00e9sormais aux cr\u00e9ateurs vid\u00e9o de la r\u00e9gion EMEA deux nouvelles opportunit\u00e9s de mon\u00e9tiser leurs contenus sur Facebook : L&rsquo;ouverture \u00e0 l&rsquo;exp\u00e9rimentation de l&rsquo;abonnement de fans dans quatre pays d&rsquo;Europe. L&rsquo;an dernier, aux \u00c9tats-Unis, nous avons annonc\u00e9 que nous commencions \u00e0 tester une nouvelle fonctionnalit\u00e9 appel\u00e9e abonnement de fans, qui permet au public de contribuer au financement des voix qu&rsquo;il appr\u00e9cie le plus. En retour, les fans ont acc\u00e8s \u00e0 des avantages sp\u00e9ciaux de la part des cr\u00e9ateurs. Encourag\u00e9s par les premiers r\u00e9sultats de cette exp\u00e9rience, nous l&rsquo;\u00e9tendons aujourd&rsquo;hui au Royaume-Uni, l&rsquo;Espagne, l&rsquo;Allemagne et le Portugal. L&rsquo;acc\u00e8s au Gestionnaire de collaborations avec des marques pour les pays d&rsquo;Europe, \u00e0 commencer par le Royaume-Uni et l&rsquo;Allemagne. Nous savons que les collaborations avec des marques constituent l&rsquo;un des principaux moyens pour les cr\u00e9ateurs de se r\u00e9mun\u00e9rer. Le Gestionnaire de collaborations est un nouvel outil qui permet aux annonceurs de trouver et de collaborer avec des cr\u00e9ateurs vid\u00e9o sur Facebook. Les cr\u00e9ateurs de contenus peuvent cr\u00e9er un profil pr\u00e9sentant leurs pr\u00e9c\u00e9dentes r\u00e9alisations et les caract\u00e9ristiques de leurs fans. Les marques peuvent ainsi trouver les cr\u00e9ateurs de contenus qui correspondent le mieux \u00e0 leur identit\u00e9 pour s&rsquo;engager dans des collaborations avec eux. Vous trouverez ci-dessous plus de d\u00e9tails sur notre strat\u00e9gie et les annonces d\u2019aujourd\u2019hui. DONNER LIBRE COURS \u00c0 SA CR\u00c9ATIVIT\u00c9 Nous avons lanc\u00e9 Facebook Watch dans le monde entier en ao\u00fbt dernier. Plus de 400 millions de personnes par mois et 75 millions de personnes par jour passent d\u00e9j\u00e0 au moins une minute sur Facebook Watch. En moyenne, ces 75 millions de visiteurs quotidiens passent plus de 20 minutes sur Facebook Watch. Nous avons \u00e9galement constat\u00e9 que les gens aiment venir sur Watch, et regardent ainsi 5 fois plus longtemps des vid\u00e9os sur Watch que dans leur fil d\u2019actualit\u00e9. Nos nouveaux outils vid\u00e9o ont pour objectif de faciliter l&rsquo;interaction. Des fonctionnalit\u00e9s telles que nos outils de sondage et de jeu permettent aux cr\u00e9ateurs de d\u00e9couvrir de nouvelles id\u00e9es aupr\u00e8s de leur fans et de cr\u00e9er des formats semblables aux magazines d&rsquo;information ou aux jeux t\u00e9l\u00e9vis\u00e9s. Les cr\u00e9ateurs ont toujours l&rsquo;opportunit\u00e9 d&rsquo;utiliser Facebook Live, un format id\u00e9al pour cr\u00e9er des interactions en temps r\u00e9el. De nombreux cr\u00e9ateurs de contenus ont \u00e9galement adopt\u00e9 Live With pour impliquer davantage leurs fans, ou leur faire profiter des premi\u00e8res, un format vid\u00e9o interactif qui permet de publier une vid\u00e9o pr\u00e9enregistr\u00e9e dans le cadre d\u2019un moment en direct et de promouvoir un contenu \u00e0 venir. De plus, nous constatons que les consommateurs se tournent de plus en plus vers Stories, aussi bien sur Facebook que sur Instagram. La puissance des stories r\u00e9side dans la capacit\u00e9 \u00e0 rendre l&rsquo;engagement avec une communaut\u00e9 simple : les cr\u00e9ateurs peuvent poster du contenu en direct sur Facebook Stories, poster des stories \u00e0 leur groupe, et utiliser des fonctionnalit\u00e9s cr\u00e9atives telles que Lip Sync Live, les filtres, et les sondages. MOBILISER SA COMMUNAUT\u00c9 Nous savons que la vid\u00e9o g\u00e9n\u00e8re des discussions et valorisons l&rsquo;interaction au sein des communaut\u00e9s sur Facebook. C&rsquo;est pourquoi nous avons d\u00e9velopp\u00e9 une nouvelle suite de produits qui permet de poursuivre la conversation m\u00eame apr\u00e8s l&rsquo;arr\u00eat de la cam\u00e9ra, afin de cr\u00e9er un lien plus fort avec ses fans. \u00c0 la fin de l&rsquo;ann\u00e9e derni\u00e8re, nous avons \u00e9tendu Watch Party aux pages. Cela signifie que les cr\u00e9ateurs sur Facebook peuvent d\u00e9sormais inviter leur communaut\u00e9 de fans \u00e0 regarder des vid\u00e9os ensemble &#8211; en direct ou enregistr\u00e9es &#8211; et \u00e0 en discuter en temps r\u00e9el. C&rsquo;est un parfait exemple de comment nous souhaitons rendre l&rsquo;exp\u00e9rience vid\u00e9o sur Facebook toujours plus sociale. Nous constatons l&rsquo;essor de cette fonctionnalit\u00e9, avec plus de 12 millions de Watch Parties depuis l&rsquo;ann\u00e9e derni\u00e8re. Les Groupes continuent de prosp\u00e9rer sur Facebook puisque plus de 200 millions de personnes sont membres d&rsquo;un groupe Facebook qu&rsquo;ils consid\u00e8rent important pour eux. Cela inclut les groupes cr\u00e9\u00e9s par des cr\u00e9ateurs vid\u00e9o, qui leur permettent d&rsquo;entretenir leur engagement avec leur communaut\u00e9s de fans, et que ces derniers interagissent entre eux. Pour aller plus loin, nous avons lanc\u00e9 Super Fans l&rsquo;an dernier. Ce badge qui apparait \u00e0 c\u00f4t\u00e9 du nom du fan, permet aux cr\u00e9ateurs de reconna\u00eetre leurs plus grands fans et de s&rsquo;impliquer davantage aupr\u00e8s d&rsquo;eux (par exemple via des d\u00e9dicaces sp\u00e9ciales, ou encore en r\u00e9pondant en priorit\u00e9 \u00e0 leurs commentaires). G\u00c9N\u00c9RER DES REVENUS Nous savons combien il est important pour les cr\u00e9ateurs d&rsquo;\u00eatre en mesure de g\u00e9n\u00e9rer des revenus qui soutiennent leur capacit\u00e9 \u00e0 produire des contenus de qualit\u00e9. En mati\u00e8re de mon\u00e9tisation, il n&rsquo;existe pas une unique approche pour toute la communaut\u00e9 des cr\u00e9ateurs de contenus &#8211; c&rsquo;est une industrie diversifi\u00e9e, et chaque cr\u00e9ateur est unique en fonction du contenu qu&rsquo;il cr\u00e9e, des outils qu&rsquo;il utilise et des publics auxquels il s&rsquo;adresse. Pour les cr\u00e9ateurs qui ont un plus grand nombre de fans et qui cr\u00e9ent des contenus plus longs en lien direct avec les marques, les pauses pub sont un excellent levier de mon\u00e9tisation. Au cours des 5 derniers mois, depuis le lancement des pauses pub au niveau international, nous avons \u00e9tendu la fonctionnalit\u00e9 \u00e0 un plus grand nombre de pays et de langues. \u00c0 ce jour, les pauses pub sont disponibles dans 41 pays \u00e0 travers le monde. Nous avons constat\u00e9 un grand int\u00e9r\u00eat pour la fonctionnalit\u00e9 \u00e0 l&rsquo;\u00e9chelle mondiale &#8211; le nombre de pages qui utilisent activement les pauses pub a plus que tripl\u00e9 depuis leur disponibilit\u00e9 en ao\u00fbt. Parmi les pages qui utilisent activement les pauses pub dans la r\u00e9gion EMEA, plus de 40 % des vid\u00e9os avec une pause pub sont en arabe, en fran\u00e7ais, en allemand, en italien ou en espagnol. Voici quelques-unes des fa\u00e7ons dont nous continuons \u00e0 travailler avec les cr\u00e9ateurs vid\u00e9o en Europe et partout dans le monde. En leur donnant les outils dont ils ont besoin pour b\u00e2tir leur communaut\u00e9 et g\u00e9n\u00e9rer des revenus, nous esp\u00e9rons continuer \u00e0 voir \u00e9merger des contenus toujours plus cr\u00e9atifs et engageants sur Facebook !\" \/>\n<meta property=\"og:url\" content=\"https:\/\/about.fb.com\/fr\/news\/2019\/02\/des-nouveautes-pour-les-createurs-video-en-europe-au-moyen-orient-et-en-afrique\/\" \/>\n<meta property=\"og:site_name\" content=\"\u00c0 propos de Meta\" \/>\n<meta property=\"article:published_time\" content=\"2019-02-14T13:11:55+00:00\" \/>\n<meta property=\"og:image\" content=\"https:\/\/about.fb.com\/fr\/wp-content\/uploads\/sites\/12\/2021\/10\/meta-social-16x9-1.jpg?resize=1024,576\" \/>\n\t<meta property=\"og:image:width\" content=\"1024\" \/>\n\t<meta property=\"og:image:height\" content=\"576\" \/>\n\t<meta property=\"og:image:type\" content=\"image\/jpeg\" \/>\n<meta name=\"author\" content=\"louisonlerein\" \/>\n<meta name=\"twitter:card\" content=\"summary_large_image\" \/>\n<meta name=\"twitter:label1\" content=\"Written by\" \/>\n\t<meta name=\"twitter:data1\" content=\"Meta\" \/>\n\t<meta name=\"twitter:label2\" content=\"Est. reading time\" \/>\n\t<meta name=\"twitter:data2\" content=\"6 minutes\" \/>\n<script type=\"application\/ld+json\" class=\"yoast-schema-graph\">{\"@context\":\"https:\/\/schema.org\",\"@graph\":[{\"@type\":\"Article\",\"@id\":\"https:\/\/about.fb.com\/fr\/news\/2019\/02\/des-nouveautes-pour-les-createurs-video-en-europe-au-moyen-orient-et-en-afrique\/#article\",\"isPartOf\":{\"@id\":\"https:\/\/about.fb.com\/fr\/news\/2019\/02\/des-nouveautes-pour-les-createurs-video-en-europe-au-moyen-orient-et-en-afrique\/\"},\"author\":\"Facebook company\",\"headline\":\"Des nouveaut\u00e9s pour les cr\u00e9ateurs vid\u00e9o en Europe, au Moyen-Orient et en Afrique\",\"datePublished\":\"2019-02-14T13:11:55+00:00\",\"mainEntityOfPage\":{\"@id\":\"https:\/\/about.fb.com\/fr\/news\/2019\/02\/des-nouveautes-pour-les-createurs-video-en-europe-au-moyen-orient-et-en-afrique\/\"},\"wordCount\":1263,\"publisher\":{\"@id\":\"https:\/\/about.fb.com\/fr\/#organization\"},\"articleSection\":[\"Communaut\u00e9s\",\"\u00c9v\u00e8nements\",\"Publicit\u00e9\"],\"inLanguage\":\"fr-FR\"},{\"@type\":\"WebPage\",\"@id\":\"https:\/\/about.fb.com\/fr\/news\/2019\/02\/des-nouveautes-pour-les-createurs-video-en-europe-au-moyen-orient-et-en-afrique\/\",\"url\":\"https:\/\/about.fb.com\/fr\/news\/2019\/02\/des-nouveautes-pour-les-createurs-video-en-europe-au-moyen-orient-et-en-afrique\/\",\"name\":\"Des nouveaut\u00e9s pour les cr\u00e9ateurs vid\u00e9o en Europe, au Moyen-Orient et en Afrique | \u00c0 propos de Meta\",\"isPartOf\":{\"@id\":\"https:\/\/about.fb.com\/fr\/#website\"},\"datePublished\":\"2019-02-14T13:11:55+00:00\",\"breadcrumb\":{\"@id\":\"https:\/\/about.fb.com\/fr\/news\/2019\/02\/des-nouveautes-pour-les-createurs-video-en-europe-au-moyen-orient-et-en-afrique\/#breadcrumb\"},\"inLanguage\":\"fr-FR\",\"potentialAction\":[{\"@type\":\"ReadAction\",\"target\":[\"https:\/\/about.fb.com\/fr\/news\/2019\/02\/des-nouveautes-pour-les-createurs-video-en-europe-au-moyen-orient-et-en-afrique\/\"]}],\"author\":\"\u00c0 propos de Meta\"},{\"@type\":\"BreadcrumbList\",\"@id\":\"https:\/\/about.fb.com\/fr\/news\/2019\/02\/des-nouveautes-pour-les-createurs-video-en-europe-au-moyen-orient-et-en-afrique\/#breadcrumb\",\"itemListElement\":[{\"@type\":\"ListItem\",\"position\":1,\"name\":\"Home\",\"item\":\"https:\/\/about.fb.com\/fr\/\"},{\"@type\":\"ListItem\",\"position\":2,\"name\":\"Des nouveaut\u00e9s pour les cr\u00e9ateurs vid\u00e9o en Europe, au Moyen-Orient et en Afrique\"}]},{\"@type\":\"WebSite\",\"@id\":\"https:\/\/about.fb.com\/fr\/#website\",\"url\":\"https:\/\/about.fb.com\/news\/\",\"name\":\"\u00c0 propos de Meta\",\"description\":\"\",\"publisher\":{\"@id\":\"https:\/\/about.fb.com\/fr\/#organization\"},\"potentialAction\":[{\"@type\":\"SearchAction\",\"target\":{\"@type\":\"EntryPoint\",\"urlTemplate\":\"https:\/\/about.fb.com\/fr\/?s={search_term_string}\"},\"query-input\":{\"@type\":\"PropertyValueSpecification\",\"valueRequired\":true,\"valueName\":\"search_term_string\"}}],\"inLanguage\":\"fr-FR\",\"alternateName\":[\"Meta Newsroom\",\"Meta\"]},{\"@type\":\"Organization\",\"@id\":\"https:\/\/about.fb.com\/fr\/#organization\",\"name\":\"Meta\",\"url\":\"https:\/\/about.fb.com\/fr\/\",\"logo\":{\"@type\":\"ImageObject\",\"inLanguage\":\"fr-FR\",\"@id\":\"https:\/\/about.fb.com\/fr\/#\/schema\/logo\/image\/\",\"url\":\"https:\/\/about.fb.com\/fr\/wp-content\/uploads\/sites\/12\/2021\/10\/meta-social-16x9-1.jpg?fit=8000%2C4500\",\"contentUrl\":\"https:\/\/about.fb.com\/fr\/wp-content\/uploads\/sites\/12\/2021\/10\/meta-social-16x9-1.jpg?fit=8000%2C4500\",\"width\":8000,\"height\":4500,\"caption\":\"Meta\"},\"image\":{\"@id\":\"https:\/\/about.fb.com\/fr\/#\/schema\/logo\/image\/\"}}]}<\/script>\n<!-- \/ Yoast SEO plugin. -->","yoast_head_json":{"title":"Des nouveaut\u00e9s pour les cr\u00e9ateurs vid\u00e9o en Europe, au Moyen-Orient et en Afrique | \u00c0 propos de Meta","robots":{"index":"index","follow":"follow","max-snippet":"max-snippet:-1","max-image-preview":"max-image-preview:large","max-video-preview":"max-video-preview:-1"},"canonical":"https:\/\/about.fb.com\/fr\/news\/2019\/02\/des-nouveautes-pour-les-createurs-video-en-europe-au-moyen-orient-et-en-afrique\/","og_locale":"fr_FR","og_type":"article","og_title":"Des nouveaut\u00e9s pour les cr\u00e9ateurs vid\u00e9o en Europe, au Moyen-Orient et en Afrique | \u00c0 propos de Meta","og_description":"Par Patrick Walker, directeur des partenariats m\u00e9dias EMEA\u00a0(Europe, Moyen-Orient et Afrique) de Facebook Cette semaine, nous avons organis\u00e9 notre tout premier Facebook Creator Day dans la r\u00e9gion EMEA (Europe, Moyen-Orient et Afrique) pour les cr\u00e9ateurs vid\u00e9o de toute la r\u00e9gion &#8211; dont Julius Dein, Khaleed Al Ameri, LadBaby et Jay Shetty, et avons particip\u00e9 \u00e0 la troisi\u00e8me \u00e9dition europ\u00e9enne de VidCon \u00e0 Londres. Notre communaut\u00e9 de cr\u00e9ateurs vid\u00e9o dans la r\u00e9gion EMEA continue de se d\u00e9velopper sur Facebook. Le soutien aux cr\u00e9ateurs de contenus reste au c\u0153ur notre mission. Ils partagent leurs passions en cr\u00e9ant des vid\u00e9os qui inspirent des millions de personnes et f\u00e9d\u00e8rent des communaut\u00e9s dans le monde entier. Aujourd&rsquo;hui, nous sommes heureux d&rsquo;annoncer que nous proposons d\u00e9sormais aux cr\u00e9ateurs vid\u00e9o de la r\u00e9gion EMEA deux nouvelles opportunit\u00e9s de mon\u00e9tiser leurs contenus sur Facebook : L&rsquo;ouverture \u00e0 l&rsquo;exp\u00e9rimentation de l&rsquo;abonnement de fans dans quatre pays d&rsquo;Europe. L&rsquo;an dernier, aux \u00c9tats-Unis, nous avons annonc\u00e9 que nous commencions \u00e0 tester une nouvelle fonctionnalit\u00e9 appel\u00e9e abonnement de fans, qui permet au public de contribuer au financement des voix qu&rsquo;il appr\u00e9cie le plus. En retour, les fans ont acc\u00e8s \u00e0 des avantages sp\u00e9ciaux de la part des cr\u00e9ateurs. Encourag\u00e9s par les premiers r\u00e9sultats de cette exp\u00e9rience, nous l&rsquo;\u00e9tendons aujourd&rsquo;hui au Royaume-Uni, l&rsquo;Espagne, l&rsquo;Allemagne et le Portugal. L&rsquo;acc\u00e8s au Gestionnaire de collaborations avec des marques pour les pays d&rsquo;Europe, \u00e0 commencer par le Royaume-Uni et l&rsquo;Allemagne. Nous savons que les collaborations avec des marques constituent l&rsquo;un des principaux moyens pour les cr\u00e9ateurs de se r\u00e9mun\u00e9rer. Le Gestionnaire de collaborations est un nouvel outil qui permet aux annonceurs de trouver et de collaborer avec des cr\u00e9ateurs vid\u00e9o sur Facebook. Les cr\u00e9ateurs de contenus peuvent cr\u00e9er un profil pr\u00e9sentant leurs pr\u00e9c\u00e9dentes r\u00e9alisations et les caract\u00e9ristiques de leurs fans. Les marques peuvent ainsi trouver les cr\u00e9ateurs de contenus qui correspondent le mieux \u00e0 leur identit\u00e9 pour s&rsquo;engager dans des collaborations avec eux. Vous trouverez ci-dessous plus de d\u00e9tails sur notre strat\u00e9gie et les annonces d\u2019aujourd\u2019hui. DONNER LIBRE COURS \u00c0 SA CR\u00c9ATIVIT\u00c9 Nous avons lanc\u00e9 Facebook Watch dans le monde entier en ao\u00fbt dernier. Plus de 400 millions de personnes par mois et 75 millions de personnes par jour passent d\u00e9j\u00e0 au moins une minute sur Facebook Watch. En moyenne, ces 75 millions de visiteurs quotidiens passent plus de 20 minutes sur Facebook Watch. Nous avons \u00e9galement constat\u00e9 que les gens aiment venir sur Watch, et regardent ainsi 5 fois plus longtemps des vid\u00e9os sur Watch que dans leur fil d\u2019actualit\u00e9. Nos nouveaux outils vid\u00e9o ont pour objectif de faciliter l&rsquo;interaction. Des fonctionnalit\u00e9s telles que nos outils de sondage et de jeu permettent aux cr\u00e9ateurs de d\u00e9couvrir de nouvelles id\u00e9es aupr\u00e8s de leur fans et de cr\u00e9er des formats semblables aux magazines d&rsquo;information ou aux jeux t\u00e9l\u00e9vis\u00e9s. Les cr\u00e9ateurs ont toujours l&rsquo;opportunit\u00e9 d&rsquo;utiliser Facebook Live, un format id\u00e9al pour cr\u00e9er des interactions en temps r\u00e9el. De nombreux cr\u00e9ateurs de contenus ont \u00e9galement adopt\u00e9 Live With pour impliquer davantage leurs fans, ou leur faire profiter des premi\u00e8res, un format vid\u00e9o interactif qui permet de publier une vid\u00e9o pr\u00e9enregistr\u00e9e dans le cadre d\u2019un moment en direct et de promouvoir un contenu \u00e0 venir. De plus, nous constatons que les consommateurs se tournent de plus en plus vers Stories, aussi bien sur Facebook que sur Instagram. La puissance des stories r\u00e9side dans la capacit\u00e9 \u00e0 rendre l&rsquo;engagement avec une communaut\u00e9 simple : les cr\u00e9ateurs peuvent poster du contenu en direct sur Facebook Stories, poster des stories \u00e0 leur groupe, et utiliser des fonctionnalit\u00e9s cr\u00e9atives telles que Lip Sync Live, les filtres, et les sondages. MOBILISER SA COMMUNAUT\u00c9 Nous savons que la vid\u00e9o g\u00e9n\u00e8re des discussions et valorisons l&rsquo;interaction au sein des communaut\u00e9s sur Facebook. C&rsquo;est pourquoi nous avons d\u00e9velopp\u00e9 une nouvelle suite de produits qui permet de poursuivre la conversation m\u00eame apr\u00e8s l&rsquo;arr\u00eat de la cam\u00e9ra, afin de cr\u00e9er un lien plus fort avec ses fans. \u00c0 la fin de l&rsquo;ann\u00e9e derni\u00e8re, nous avons \u00e9tendu Watch Party aux pages. Cela signifie que les cr\u00e9ateurs sur Facebook peuvent d\u00e9sormais inviter leur communaut\u00e9 de fans \u00e0 regarder des vid\u00e9os ensemble &#8211; en direct ou enregistr\u00e9es &#8211; et \u00e0 en discuter en temps r\u00e9el. C&rsquo;est un parfait exemple de comment nous souhaitons rendre l&rsquo;exp\u00e9rience vid\u00e9o sur Facebook toujours plus sociale. Nous constatons l&rsquo;essor de cette fonctionnalit\u00e9, avec plus de 12 millions de Watch Parties depuis l&rsquo;ann\u00e9e derni\u00e8re. Les Groupes continuent de prosp\u00e9rer sur Facebook puisque plus de 200 millions de personnes sont membres d&rsquo;un groupe Facebook qu&rsquo;ils consid\u00e8rent important pour eux. Cela inclut les groupes cr\u00e9\u00e9s par des cr\u00e9ateurs vid\u00e9o, qui leur permettent d&rsquo;entretenir leur engagement avec leur communaut\u00e9s de fans, et que ces derniers interagissent entre eux. Pour aller plus loin, nous avons lanc\u00e9 Super Fans l&rsquo;an dernier. Ce badge qui apparait \u00e0 c\u00f4t\u00e9 du nom du fan, permet aux cr\u00e9ateurs de reconna\u00eetre leurs plus grands fans et de s&rsquo;impliquer davantage aupr\u00e8s d&rsquo;eux (par exemple via des d\u00e9dicaces sp\u00e9ciales, ou encore en r\u00e9pondant en priorit\u00e9 \u00e0 leurs commentaires). G\u00c9N\u00c9RER DES REVENUS Nous savons combien il est important pour les cr\u00e9ateurs d&rsquo;\u00eatre en mesure de g\u00e9n\u00e9rer des revenus qui soutiennent leur capacit\u00e9 \u00e0 produire des contenus de qualit\u00e9. En mati\u00e8re de mon\u00e9tisation, il n&rsquo;existe pas une unique approche pour toute la communaut\u00e9 des cr\u00e9ateurs de contenus &#8211; c&rsquo;est une industrie diversifi\u00e9e, et chaque cr\u00e9ateur est unique en fonction du contenu qu&rsquo;il cr\u00e9e, des outils qu&rsquo;il utilise et des publics auxquels il s&rsquo;adresse. Pour les cr\u00e9ateurs qui ont un plus grand nombre de fans et qui cr\u00e9ent des contenus plus longs en lien direct avec les marques, les pauses pub sont un excellent levier de mon\u00e9tisation. Au cours des 5 derniers mois, depuis le lancement des pauses pub au niveau international, nous avons \u00e9tendu la fonctionnalit\u00e9 \u00e0 un plus grand nombre de pays et de langues. \u00c0 ce jour, les pauses pub sont disponibles dans 41 pays \u00e0 travers le monde. Nous avons constat\u00e9 un grand int\u00e9r\u00eat pour la fonctionnalit\u00e9 \u00e0 l&rsquo;\u00e9chelle mondiale &#8211; le nombre de pages qui utilisent activement les pauses pub a plus que tripl\u00e9 depuis leur disponibilit\u00e9 en ao\u00fbt. Parmi les pages qui utilisent activement les pauses pub dans la r\u00e9gion EMEA, plus de 40 % des vid\u00e9os avec une pause pub sont en arabe, en fran\u00e7ais, en allemand, en italien ou en espagnol. Voici quelques-unes des fa\u00e7ons dont nous continuons \u00e0 travailler avec les cr\u00e9ateurs vid\u00e9o en Europe et partout dans le monde. En leur donnant les outils dont ils ont besoin pour b\u00e2tir leur communaut\u00e9 et g\u00e9n\u00e9rer des revenus, nous esp\u00e9rons continuer \u00e0 voir \u00e9merger des contenus toujours plus cr\u00e9atifs et engageants sur Facebook !","og_url":"https:\/\/about.fb.com\/fr\/news\/2019\/02\/des-nouveautes-pour-les-createurs-video-en-europe-au-moyen-orient-et-en-afrique\/","og_site_name":"\u00c0 propos de Meta","article_published_time":"2019-02-14T13:11:55+00:00","og_image":[{"width":1024,"height":576,"url":"https:\/\/about.fb.com\/fr\/wp-content\/uploads\/sites\/12\/2021\/10\/meta-social-16x9-1.jpg?resize=1024,576","type":"image\/jpeg"}],"author":"louisonlerein","twitter_card":"summary_large_image","twitter_misc":{"Written by":"Meta","Est. reading time":"6 minutes"},"schema":{"@context":"https:\/\/schema.org","@graph":[{"@type":"Article","@id":"https:\/\/about.fb.com\/fr\/news\/2019\/02\/des-nouveautes-pour-les-createurs-video-en-europe-au-moyen-orient-et-en-afrique\/#article","isPartOf":{"@id":"https:\/\/about.fb.com\/fr\/news\/2019\/02\/des-nouveautes-pour-les-createurs-video-en-europe-au-moyen-orient-et-en-afrique\/"},"author":"Facebook company","headline":"Des nouveaut\u00e9s pour les cr\u00e9ateurs vid\u00e9o en Europe, au Moyen-Orient et en Afrique","datePublished":"2019-02-14T13:11:55+00:00","mainEntityOfPage":{"@id":"https:\/\/about.fb.com\/fr\/news\/2019\/02\/des-nouveautes-pour-les-createurs-video-en-europe-au-moyen-orient-et-en-afrique\/"},"wordCount":1263,"publisher":{"@id":"https:\/\/about.fb.com\/fr\/#organization"},"articleSection":["Communaut\u00e9s","\u00c9v\u00e8nements","Publicit\u00e9"],"inLanguage":"fr-FR"},{"@type":"WebPage","@id":"https:\/\/about.fb.com\/fr\/news\/2019\/02\/des-nouveautes-pour-les-createurs-video-en-europe-au-moyen-orient-et-en-afrique\/","url":"https:\/\/about.fb.com\/fr\/news\/2019\/02\/des-nouveautes-pour-les-createurs-video-en-europe-au-moyen-orient-et-en-afrique\/","name":"Des nouveaut\u00e9s pour les cr\u00e9ateurs vid\u00e9o en Europe, au Moyen-Orient et en Afrique | \u00c0 propos de Meta","isPartOf":{"@id":"https:\/\/about.fb.com\/fr\/#website"},"datePublished":"2019-02-14T13:11:55+00:00","breadcrumb":{"@id":"https:\/\/about.fb.com\/fr\/news\/2019\/02\/des-nouveautes-pour-les-createurs-video-en-europe-au-moyen-orient-et-en-afrique\/#breadcrumb"},"inLanguage":"fr-FR","potentialAction":[{"@type":"ReadAction","target":["https:\/\/about.fb.com\/fr\/news\/2019\/02\/des-nouveautes-pour-les-createurs-video-en-europe-au-moyen-orient-et-en-afrique\/"]}],"author":"\u00c0 propos de Meta"},{"@type":"BreadcrumbList","@id":"https:\/\/about.fb.com\/fr\/news\/2019\/02\/des-nouveautes-pour-les-createurs-video-en-europe-au-moyen-orient-et-en-afrique\/#breadcrumb","itemListElement":[{"@type":"ListItem","position":1,"name":"Home","item":"https:\/\/about.fb.com\/fr\/"},{"@type":"ListItem","position":2,"name":"Des nouveaut\u00e9s pour les cr\u00e9ateurs vid\u00e9o en Europe, au Moyen-Orient et en Afrique"}]},{"@type":"WebSite","@id":"https:\/\/about.fb.com\/fr\/#website","url":"https:\/\/about.fb.com\/news\/","name":"\u00c0 propos de Meta","description":"","publisher":{"@id":"https:\/\/about.fb.com\/fr\/#organization"},"potentialAction":[{"@type":"SearchAction","target":{"@type":"EntryPoint","urlTemplate":"https:\/\/about.fb.com\/fr\/?s={search_term_string}"},"query-input":{"@type":"PropertyValueSpecification","valueRequired":true,"valueName":"search_term_string"}}],"inLanguage":"fr-FR","alternateName":["Meta Newsroom","Meta"]},{"@type":"Organization","@id":"https:\/\/about.fb.com\/fr\/#organization","name":"Meta","url":"https:\/\/about.fb.com\/fr\/","logo":{"@type":"ImageObject","inLanguage":"fr-FR","@id":"https:\/\/about.fb.com\/fr\/#\/schema\/logo\/image\/","url":"https:\/\/about.fb.com\/fr\/wp-content\/uploads\/sites\/12\/2021\/10\/meta-social-16x9-1.jpg?fit=8000%2C4500","contentUrl":"https:\/\/about.fb.com\/fr\/wp-content\/uploads\/sites\/12\/2021\/10\/meta-social-16x9-1.jpg?fit=8000%2C4500","width":8000,"height":4500,"caption":"Meta"},"image":{"@id":"https:\/\/about.fb.com\/fr\/#\/schema\/logo\/image\/"}}]}},"jetpack_featured_media_url":"","jetpack-related-posts":[],"jetpack_sharing_enabled":true,"amp_enabled":true,"_links":{"self":[{"href":"https:\/\/about.fb.com\/fr\/wp-json\/wp\/v2\/posts\/7590","targetHints":{"allow":["GET"]}}],"collection":[{"href":"https:\/\/about.fb.com\/fr\/wp-json\/wp\/v2\/posts"}],"about":[{"href":"https:\/\/about.fb.com\/fr\/wp-json\/wp\/v2\/types\/post"}],"author":[{"embeddable":true,"href":"https:\/\/about.fb.com\/fr\/wp-json\/wp\/v2\/users\/150900173"}],"replies":[{"embeddable":true,"href":"https:\/\/about.fb.com\/fr\/wp-json\/wp\/v2\/comments?post=7590"}],"version-history":[{"count":4,"href":"https:\/\/about.fb.com\/fr\/wp-json\/wp\/v2\/posts\/7590\/revisions"}],"predecessor-version":[{"id":7594,"href":"https:\/\/about.fb.com\/fr\/wp-json\/wp\/v2\/posts\/7590\/revisions\/7594"}],"wp:attachment":[{"href":"https:\/\/about.fb.com\/fr\/wp-json\/wp\/v2\/media?parent=7590"}],"wp:term":[{"taxonomy":"category","embeddable":true,"href":"https:\/\/about.fb.com\/fr\/wp-json\/wp\/v2\/categories?post=7590"},{"taxonomy":"post_tag","embeddable":true,"href":"https:\/\/about.fb.com\/fr\/wp-json\/wp\/v2\/tags?post=7590"}],"curies":[{"name":"wp","href":"https:\/\/api.w.org\/{rel}","templated":true}]}}