{"id":7359,"date":"2018-11-28T11:26:25","date_gmt":"2018-11-28T09:26:25","guid":{"rendered":"http:\/\/fr.newsroom.fb.com\/?p=7359"},"modified":"2019-11-04T20:14:00","modified_gmt":"2019-11-04T19:14:00","slug":"point-davancement-sur-laudit-mrc-de-facebook-au-sujet-des-integrations-tierces-pour-la-mesure-de-la-visibilite-publicitaire","status":"publish","type":"post","link":"https:\/\/about.fb.com\/fr\/news\/2018\/11\/point-davancement-sur-laudit-mrc-de-facebook-au-sujet-des-integrations-tierces-pour-la-mesure-de-la-visibilite-publicitaire\/","title":{"rendered":"Point d&rsquo;avancement sur l&rsquo;audit MRC de Facebook au sujet des int\u00e9grations tierces pour la mesure de la visibilit\u00e9 publicitaire"},"content":{"rendered":"<h4><b>En Avril 2018, Le M\u00e9dia Rating Coucil (MRC) a d\u00e9livr\u00e9 <\/b><a href=\"https:\/\/about.fb.com\/fr\/wp-content\/uploads\/sites\/5\/2018\/11\/04091820MRC20Accreditation20Status20Communication.pdf\" style=\"color:#3b5998 !important;\"><b>une premi\u00e8re accr\u00e9ditation \u00e0 Facebook pour ses impressions publicitaires<\/b><\/a>. <b>Le MRC annonce aujourd&rsquo;hui avoir compl\u00e9t\u00e9 avec succ\u00e8s une phase importante de l&rsquo;audit au sujet des int\u00e9grations tierces pour la mesure de la visibilit\u00e9 publicitaire. Le recueil, le traitement et le transfert des donn\u00e9es de Facebook aux entreprises tierces mesurant la visibilit\u00e9 ont \u00e9t\u00e9 jug\u00e9s conformes aux standards du MRC.<\/b><\/h4>\n<p>Cette nouvelle int\u00e9gration confirme donc que Facebook est conforme aux lignes directrices de l&rsquo;industrie. Facebook recevra l&rsquo;accr\u00e9ditation une fois que les partenaires tiers auront achev\u00e9 leurs audits respectifs avec succ\u00e8s, v\u00e9rifiant ainsi la conformit\u00e9 de bout en bout. A ce jour, Moat, Integral Ad Science et DoubleVerify ont accept\u00e9 d&rsquo;\u00eatre audit\u00e9s par le MRC.<\/p>\n<p>Bien que les publicit\u00e9s sur Facebook puissent d\u00e9j\u00e0 \u00eatre mesur\u00e9es par des partenaires ind\u00e9pendants accr\u00e9dit\u00e9s par le MRC, v\u00e9rifier l&rsquo;int\u00e9gration et les rapports du syst\u00e8me de fournisseurs tiers est une occasion pour la plateforme de faire progresser son engagement \u00e0 l\u2019exactitude.<\/p>\n<p>La responsabilit\u00e9 et la transparence sont primordiales pour Facebook et l&rsquo;entreprise s&rsquo;engage \u00e0 travailler avec des partenaires en qui les annonceurs peuvent avoir confiance pour mesurer et v\u00e9rifier les performances des publicit\u00e9s, sur l\u2019ensemble de ses plateformes.<\/p>\n<p><b>Mayssa Chehab, Directrice du d\u00e9partement Marketing Science chez Facebook France<\/b> d\u00e9clare : \u00ab <i>Il est tr\u00e8s important pour nous que les annonceurs soient s\u00fbrs de la v\u00e9rification, par une tierce partie, de leurs indicateurs de visibilit\u00e9 Facebook et cela peu importe o\u00f9 ils choisissent de les mesurer. Nous sommes tr\u00e8s heureux d\u2019avoir compl\u00e9t\u00e9 avec succ\u00e8s ce point d&rsquo;\u00e9tape de l&rsquo;audit MRC, qui vient une nouvelle fois confirmer notre volont\u00e9 de collaborer avec des organisations ind\u00e9pendantes &#8211; et cela dans une d\u00e9marche de responsabilit\u00e9 et de transparence envers tous<\/i> \u00bb.<\/p>\n<p>Facebook attend par ailleurs les conclusions d\u2019un audit suppl\u00e9mentaire portant sur l&rsquo;option d&rsquo;achat de vid\u00e9os vues \u00e0 deux secondes.<\/p>\n<p>Le Communiqu\u00e9 officiel du MRC est <a href=\"https:\/\/about.fb.com\/fr\/wp-content\/uploads\/sites\/5\/2018\/11\/11271820FB20Viewability20Pipeline20Update_Final.pdf\">\u00e0 retrouver ici<\/a>.<\/p>\n","protected":false},"excerpt":{"rendered":"En Avril 2018, Le M\u00e9dia Rating Coucil (MRC) a d\u00e9livr\u00e9 une premi\u00e8re accr\u00e9ditation \u00e0 Facebook pour ses impressions publicitaires. Le MRC annonce aujourd&rsquo;hui avoir compl\u00e9t\u00e9 avec succ\u00e8s une phase importante de l&rsquo;audit au sujet des int\u00e9grations tierces pour la mesure de la visibilit\u00e9 publicitaire. Le recueil, le traitement et le transfert des donn\u00e9es de Facebook aux entreprises tierces mesurant la visibilit\u00e9 ont \u00e9t\u00e9 jug\u00e9s conformes aux standards du MRC. Cette nouvelle int\u00e9gration confirme donc que Facebook est conforme aux lignes directrices de l&rsquo;industrie. Facebook recevra l&rsquo;accr\u00e9ditation une fois que les partenaires tiers auront achev\u00e9 leurs audits respectifs avec succ\u00e8s, v\u00e9rifiant ainsi la conformit\u00e9 de bout en bout. A ce jour, Moat, Integral Ad Science et DoubleVerify ont accept\u00e9 d&rsquo;\u00eatre audit\u00e9s par le MRC. Bien que les publicit\u00e9s sur Facebook puissent d\u00e9j\u00e0 \u00eatre mesur\u00e9es par des partenaires ind\u00e9pendants accr\u00e9dit\u00e9s par le MRC, v\u00e9rifier l&rsquo;int\u00e9gration et les rapports du syst\u00e8me de fournisseurs tiers est une occasion pour la plateforme de faire progresser son engagement \u00e0 l\u2019exactitude. La responsabilit\u00e9 et la transparence sont primordiales pour Facebook et l&rsquo;entreprise s&rsquo;engage \u00e0 travailler avec des partenaires en qui les annonceurs peuvent avoir confiance pour mesurer et v\u00e9rifier les performances des publicit\u00e9s, sur l\u2019ensemble de ses plateformes. Mayssa Chehab, Directrice du d\u00e9partement Marketing Science chez Facebook France d\u00e9clare : \u00ab Il est tr\u00e8s important pour nous que les annonceurs soient s\u00fbrs de la v\u00e9rification, par une tierce partie, de leurs indicateurs de visibilit\u00e9 Facebook et cela peu importe o\u00f9 ils choisissent de les mesurer. Nous sommes tr\u00e8s heureux d\u2019avoir compl\u00e9t\u00e9 avec succ\u00e8s ce point d&rsquo;\u00e9tape de l&rsquo;audit MRC, qui vient une nouvelle fois confirmer notre volont\u00e9 de collaborer avec des organisations ind\u00e9pendantes &#8211; et cela dans une d\u00e9marche de responsabilit\u00e9 et de transparence envers tous \u00bb. Facebook attend par ailleurs les conclusions d\u2019un audit suppl\u00e9mentaire portant sur l&rsquo;option d&rsquo;achat de vid\u00e9os vues \u00e0 deux secondes. Le Communiqu\u00e9 officiel du MRC est \u00e0 retrouver ici.","protected":false},"author":126384478,"featured_media":0,"comment_status":"closed","ping_status":"closed","sticky":false,"template":"","format":"standard","meta":{"_jetpack_memberships_contains_paid_content":false,"footnotes":""},"categories":[243897938],"tags":[],"class_list":["post-7359","post","type-post","status-publish","format-standard","hentry","category-publicite"],"yoast_head":"<!-- This site is optimized with the Yoast SEO plugin v27.2 - https:\/\/yoast.com\/product\/yoast-seo-wordpress\/ -->\n<title>Point d&#039;avancement sur l&#039;audit MRC de Facebook au sujet des int\u00e9grations tierces pour la mesure de la visibilit\u00e9 publicitaire | \u00c0 propos de Meta<\/title>\n<meta name=\"robots\" content=\"index, follow, max-snippet:-1, max-image-preview:large, max-video-preview:-1\" \/>\n<link rel=\"canonical\" href=\"https:\/\/about.fb.com\/fr\/news\/2018\/11\/point-davancement-sur-laudit-mrc-de-facebook-au-sujet-des-integrations-tierces-pour-la-mesure-de-la-visibilite-publicitaire\/\" \/>\n<meta property=\"og:locale\" content=\"fr_FR\" \/>\n<meta property=\"og:type\" content=\"article\" \/>\n<meta property=\"og:title\" content=\"Point d&#039;avancement sur l&#039;audit MRC de Facebook au sujet des int\u00e9grations tierces pour la mesure de la visibilit\u00e9 publicitaire | \u00c0 propos de Meta\" \/>\n<meta property=\"og:description\" content=\"En Avril 2018, Le M\u00e9dia Rating Coucil (MRC) a d\u00e9livr\u00e9 une premi\u00e8re accr\u00e9ditation \u00e0 Facebook pour ses impressions publicitaires. Le MRC annonce aujourd&rsquo;hui avoir compl\u00e9t\u00e9 avec succ\u00e8s une phase importante de l&rsquo;audit au sujet des int\u00e9grations tierces pour la mesure de la visibilit\u00e9 publicitaire. Le recueil, le traitement et le transfert des donn\u00e9es de Facebook aux entreprises tierces mesurant la visibilit\u00e9 ont \u00e9t\u00e9 jug\u00e9s conformes aux standards du MRC. Cette nouvelle int\u00e9gration confirme donc que Facebook est conforme aux lignes directrices de l&rsquo;industrie. Facebook recevra l&rsquo;accr\u00e9ditation une fois que les partenaires tiers auront achev\u00e9 leurs audits respectifs avec succ\u00e8s, v\u00e9rifiant ainsi la conformit\u00e9 de bout en bout. A ce jour, Moat, Integral Ad Science et DoubleVerify ont accept\u00e9 d&rsquo;\u00eatre audit\u00e9s par le MRC. Bien que les publicit\u00e9s sur Facebook puissent d\u00e9j\u00e0 \u00eatre mesur\u00e9es par des partenaires ind\u00e9pendants accr\u00e9dit\u00e9s par le MRC, v\u00e9rifier l&rsquo;int\u00e9gration et les rapports du syst\u00e8me de fournisseurs tiers est une occasion pour la plateforme de faire progresser son engagement \u00e0 l\u2019exactitude. La responsabilit\u00e9 et la transparence sont primordiales pour Facebook et l&rsquo;entreprise s&rsquo;engage \u00e0 travailler avec des partenaires en qui les annonceurs peuvent avoir confiance pour mesurer et v\u00e9rifier les performances des publicit\u00e9s, sur l\u2019ensemble de ses plateformes. Mayssa Chehab, Directrice du d\u00e9partement Marketing Science chez Facebook France d\u00e9clare : \u00ab Il est tr\u00e8s important pour nous que les annonceurs soient s\u00fbrs de la v\u00e9rification, par une tierce partie, de leurs indicateurs de visibilit\u00e9 Facebook et cela peu importe o\u00f9 ils choisissent de les mesurer. Nous sommes tr\u00e8s heureux d\u2019avoir compl\u00e9t\u00e9 avec succ\u00e8s ce point d&rsquo;\u00e9tape de l&rsquo;audit MRC, qui vient une nouvelle fois confirmer notre volont\u00e9 de collaborer avec des organisations ind\u00e9pendantes &#8211; et cela dans une d\u00e9marche de responsabilit\u00e9 et de transparence envers tous \u00bb. Facebook attend par ailleurs les conclusions d\u2019un audit suppl\u00e9mentaire portant sur l&rsquo;option d&rsquo;achat de vid\u00e9os vues \u00e0 deux secondes. Le Communiqu\u00e9 officiel du MRC est \u00e0 retrouver ici.\" \/>\n<meta property=\"og:url\" content=\"https:\/\/about.fb.com\/fr\/news\/2018\/11\/point-davancement-sur-laudit-mrc-de-facebook-au-sujet-des-integrations-tierces-pour-la-mesure-de-la-visibilite-publicitaire\/\" \/>\n<meta property=\"og:site_name\" content=\"\u00c0 propos de Meta\" \/>\n<meta property=\"article:published_time\" content=\"2018-11-28T09:26:25+00:00\" \/>\n<meta property=\"article:modified_time\" content=\"2019-11-04T19:14:00+00:00\" \/>\n<meta property=\"og:image\" content=\"https:\/\/about.fb.com\/fr\/wp-content\/uploads\/sites\/12\/2021\/10\/meta-social-16x9-1.jpg?resize=1024,576\" \/>\n\t<meta property=\"og:image:width\" content=\"1024\" \/>\n\t<meta property=\"og:image:height\" content=\"576\" \/>\n\t<meta property=\"og:image:type\" content=\"image\/jpeg\" \/>\n<meta name=\"author\" content=\"gabrielmatriochka\" \/>\n<meta name=\"twitter:card\" content=\"summary_large_image\" \/>\n<meta name=\"twitter:label1\" content=\"Written by\" \/>\n\t<meta name=\"twitter:data1\" content=\"Meta\" \/>\n\t<meta name=\"twitter:label2\" content=\"Est. reading time\" \/>\n\t<meta name=\"twitter:data2\" content=\"2 minutes\" \/>\n<script type=\"application\/ld+json\" class=\"yoast-schema-graph\">{\"@context\":\"https:\/\/schema.org\",\"@graph\":[{\"@type\":\"Article\",\"@id\":\"https:\/\/about.fb.com\/fr\/news\/2018\/11\/point-davancement-sur-laudit-mrc-de-facebook-au-sujet-des-integrations-tierces-pour-la-mesure-de-la-visibilite-publicitaire\/#article\",\"isPartOf\":{\"@id\":\"https:\/\/about.fb.com\/fr\/news\/2018\/11\/point-davancement-sur-laudit-mrc-de-facebook-au-sujet-des-integrations-tierces-pour-la-mesure-de-la-visibilite-publicitaire\/\"},\"author\":\"Facebook company\",\"headline\":\"Point d&rsquo;avancement sur l&rsquo;audit MRC de Facebook au sujet des int\u00e9grations tierces pour la mesure de la visibilit\u00e9 publicitaire\",\"datePublished\":\"2018-11-28T09:26:25+00:00\",\"dateModified\":\"2019-11-04T19:14:00+00:00\",\"mainEntityOfPage\":{\"@id\":\"https:\/\/about.fb.com\/fr\/news\/2018\/11\/point-davancement-sur-laudit-mrc-de-facebook-au-sujet-des-integrations-tierces-pour-la-mesure-de-la-visibilite-publicitaire\/\"},\"wordCount\":384,\"publisher\":{\"@id\":\"https:\/\/about.fb.com\/fr\/#organization\"},\"articleSection\":[\"Publicit\u00e9\"],\"inLanguage\":\"fr-FR\"},{\"@type\":\"WebPage\",\"@id\":\"https:\/\/about.fb.com\/fr\/news\/2018\/11\/point-davancement-sur-laudit-mrc-de-facebook-au-sujet-des-integrations-tierces-pour-la-mesure-de-la-visibilite-publicitaire\/\",\"url\":\"https:\/\/about.fb.com\/fr\/news\/2018\/11\/point-davancement-sur-laudit-mrc-de-facebook-au-sujet-des-integrations-tierces-pour-la-mesure-de-la-visibilite-publicitaire\/\",\"name\":\"Point d'avancement sur l'audit MRC de Facebook au sujet des int\u00e9grations tierces pour la mesure de la visibilit\u00e9 publicitaire | \u00c0 propos de Meta\",\"isPartOf\":{\"@id\":\"https:\/\/about.fb.com\/fr\/#website\"},\"datePublished\":\"2018-11-28T09:26:25+00:00\",\"dateModified\":\"2019-11-04T19:14:00+00:00\",\"breadcrumb\":{\"@id\":\"https:\/\/about.fb.com\/fr\/news\/2018\/11\/point-davancement-sur-laudit-mrc-de-facebook-au-sujet-des-integrations-tierces-pour-la-mesure-de-la-visibilite-publicitaire\/#breadcrumb\"},\"inLanguage\":\"fr-FR\",\"potentialAction\":[{\"@type\":\"ReadAction\",\"target\":[\"https:\/\/about.fb.com\/fr\/news\/2018\/11\/point-davancement-sur-laudit-mrc-de-facebook-au-sujet-des-integrations-tierces-pour-la-mesure-de-la-visibilite-publicitaire\/\"]}],\"author\":\"\u00c0 propos de Meta\"},{\"@type\":\"BreadcrumbList\",\"@id\":\"https:\/\/about.fb.com\/fr\/news\/2018\/11\/point-davancement-sur-laudit-mrc-de-facebook-au-sujet-des-integrations-tierces-pour-la-mesure-de-la-visibilite-publicitaire\/#breadcrumb\",\"itemListElement\":[{\"@type\":\"ListItem\",\"position\":1,\"name\":\"Home\",\"item\":\"https:\/\/about.fb.com\/fr\/\"},{\"@type\":\"ListItem\",\"position\":2,\"name\":\"Point d&rsquo;avancement sur l&rsquo;audit MRC de Facebook au sujet des int\u00e9grations tierces pour la mesure de la visibilit\u00e9 publicitaire\"}]},{\"@type\":\"WebSite\",\"@id\":\"https:\/\/about.fb.com\/fr\/#website\",\"url\":\"https:\/\/about.fb.com\/news\/\",\"name\":\"\u00c0 propos de Meta\",\"description\":\"\",\"publisher\":{\"@id\":\"https:\/\/about.fb.com\/fr\/#organization\"},\"potentialAction\":[{\"@type\":\"SearchAction\",\"target\":{\"@type\":\"EntryPoint\",\"urlTemplate\":\"https:\/\/about.fb.com\/fr\/?s={search_term_string}\"},\"query-input\":{\"@type\":\"PropertyValueSpecification\",\"valueRequired\":true,\"valueName\":\"search_term_string\"}}],\"inLanguage\":\"fr-FR\",\"alternateName\":[\"Meta Newsroom\",\"Meta\"]},{\"@type\":\"Organization\",\"@id\":\"https:\/\/about.fb.com\/fr\/#organization\",\"name\":\"Meta\",\"url\":\"https:\/\/about.fb.com\/fr\/\",\"logo\":{\"@type\":\"ImageObject\",\"inLanguage\":\"fr-FR\",\"@id\":\"https:\/\/about.fb.com\/fr\/#\/schema\/logo\/image\/\",\"url\":\"https:\/\/about.fb.com\/fr\/wp-content\/uploads\/sites\/12\/2021\/10\/meta-social-16x9-1.jpg?fit=8000%2C4500\",\"contentUrl\":\"https:\/\/about.fb.com\/fr\/wp-content\/uploads\/sites\/12\/2021\/10\/meta-social-16x9-1.jpg?fit=8000%2C4500\",\"width\":8000,\"height\":4500,\"caption\":\"Meta\"},\"image\":{\"@id\":\"https:\/\/about.fb.com\/fr\/#\/schema\/logo\/image\/\"}}]}<\/script>\n<!-- \/ Yoast SEO plugin. -->","yoast_head_json":{"title":"Point d'avancement sur l'audit MRC de Facebook au sujet des int\u00e9grations tierces pour la mesure de la visibilit\u00e9 publicitaire | \u00c0 propos de Meta","robots":{"index":"index","follow":"follow","max-snippet":"max-snippet:-1","max-image-preview":"max-image-preview:large","max-video-preview":"max-video-preview:-1"},"canonical":"https:\/\/about.fb.com\/fr\/news\/2018\/11\/point-davancement-sur-laudit-mrc-de-facebook-au-sujet-des-integrations-tierces-pour-la-mesure-de-la-visibilite-publicitaire\/","og_locale":"fr_FR","og_type":"article","og_title":"Point d'avancement sur l'audit MRC de Facebook au sujet des int\u00e9grations tierces pour la mesure de la visibilit\u00e9 publicitaire | \u00c0 propos de Meta","og_description":"En Avril 2018, Le M\u00e9dia Rating Coucil (MRC) a d\u00e9livr\u00e9 une premi\u00e8re accr\u00e9ditation \u00e0 Facebook pour ses impressions publicitaires. Le MRC annonce aujourd&rsquo;hui avoir compl\u00e9t\u00e9 avec succ\u00e8s une phase importante de l&rsquo;audit au sujet des int\u00e9grations tierces pour la mesure de la visibilit\u00e9 publicitaire. Le recueil, le traitement et le transfert des donn\u00e9es de Facebook aux entreprises tierces mesurant la visibilit\u00e9 ont \u00e9t\u00e9 jug\u00e9s conformes aux standards du MRC. Cette nouvelle int\u00e9gration confirme donc que Facebook est conforme aux lignes directrices de l&rsquo;industrie. Facebook recevra l&rsquo;accr\u00e9ditation une fois que les partenaires tiers auront achev\u00e9 leurs audits respectifs avec succ\u00e8s, v\u00e9rifiant ainsi la conformit\u00e9 de bout en bout. A ce jour, Moat, Integral Ad Science et DoubleVerify ont accept\u00e9 d&rsquo;\u00eatre audit\u00e9s par le MRC. Bien que les publicit\u00e9s sur Facebook puissent d\u00e9j\u00e0 \u00eatre mesur\u00e9es par des partenaires ind\u00e9pendants accr\u00e9dit\u00e9s par le MRC, v\u00e9rifier l&rsquo;int\u00e9gration et les rapports du syst\u00e8me de fournisseurs tiers est une occasion pour la plateforme de faire progresser son engagement \u00e0 l\u2019exactitude. La responsabilit\u00e9 et la transparence sont primordiales pour Facebook et l&rsquo;entreprise s&rsquo;engage \u00e0 travailler avec des partenaires en qui les annonceurs peuvent avoir confiance pour mesurer et v\u00e9rifier les performances des publicit\u00e9s, sur l\u2019ensemble de ses plateformes. Mayssa Chehab, Directrice du d\u00e9partement Marketing Science chez Facebook France d\u00e9clare : \u00ab Il est tr\u00e8s important pour nous que les annonceurs soient s\u00fbrs de la v\u00e9rification, par une tierce partie, de leurs indicateurs de visibilit\u00e9 Facebook et cela peu importe o\u00f9 ils choisissent de les mesurer. Nous sommes tr\u00e8s heureux d\u2019avoir compl\u00e9t\u00e9 avec succ\u00e8s ce point d&rsquo;\u00e9tape de l&rsquo;audit MRC, qui vient une nouvelle fois confirmer notre volont\u00e9 de collaborer avec des organisations ind\u00e9pendantes &#8211; et cela dans une d\u00e9marche de responsabilit\u00e9 et de transparence envers tous \u00bb. Facebook attend par ailleurs les conclusions d\u2019un audit suppl\u00e9mentaire portant sur l&rsquo;option d&rsquo;achat de vid\u00e9os vues \u00e0 deux secondes. Le Communiqu\u00e9 officiel du MRC est \u00e0 retrouver ici.","og_url":"https:\/\/about.fb.com\/fr\/news\/2018\/11\/point-davancement-sur-laudit-mrc-de-facebook-au-sujet-des-integrations-tierces-pour-la-mesure-de-la-visibilite-publicitaire\/","og_site_name":"\u00c0 propos de Meta","article_published_time":"2018-11-28T09:26:25+00:00","article_modified_time":"2019-11-04T19:14:00+00:00","og_image":[{"width":1024,"height":576,"url":"https:\/\/about.fb.com\/fr\/wp-content\/uploads\/sites\/12\/2021\/10\/meta-social-16x9-1.jpg?resize=1024,576","type":"image\/jpeg"}],"author":"gabrielmatriochka","twitter_card":"summary_large_image","twitter_misc":{"Written by":"Meta","Est. reading time":"2 minutes"},"schema":{"@context":"https:\/\/schema.org","@graph":[{"@type":"Article","@id":"https:\/\/about.fb.com\/fr\/news\/2018\/11\/point-davancement-sur-laudit-mrc-de-facebook-au-sujet-des-integrations-tierces-pour-la-mesure-de-la-visibilite-publicitaire\/#article","isPartOf":{"@id":"https:\/\/about.fb.com\/fr\/news\/2018\/11\/point-davancement-sur-laudit-mrc-de-facebook-au-sujet-des-integrations-tierces-pour-la-mesure-de-la-visibilite-publicitaire\/"},"author":"Facebook company","headline":"Point d&rsquo;avancement sur l&rsquo;audit MRC de Facebook au sujet des int\u00e9grations tierces pour la mesure de la visibilit\u00e9 publicitaire","datePublished":"2018-11-28T09:26:25+00:00","dateModified":"2019-11-04T19:14:00+00:00","mainEntityOfPage":{"@id":"https:\/\/about.fb.com\/fr\/news\/2018\/11\/point-davancement-sur-laudit-mrc-de-facebook-au-sujet-des-integrations-tierces-pour-la-mesure-de-la-visibilite-publicitaire\/"},"wordCount":384,"publisher":{"@id":"https:\/\/about.fb.com\/fr\/#organization"},"articleSection":["Publicit\u00e9"],"inLanguage":"fr-FR"},{"@type":"WebPage","@id":"https:\/\/about.fb.com\/fr\/news\/2018\/11\/point-davancement-sur-laudit-mrc-de-facebook-au-sujet-des-integrations-tierces-pour-la-mesure-de-la-visibilite-publicitaire\/","url":"https:\/\/about.fb.com\/fr\/news\/2018\/11\/point-davancement-sur-laudit-mrc-de-facebook-au-sujet-des-integrations-tierces-pour-la-mesure-de-la-visibilite-publicitaire\/","name":"Point d'avancement sur l'audit MRC de Facebook au sujet des int\u00e9grations tierces pour la mesure de la visibilit\u00e9 publicitaire | \u00c0 propos de Meta","isPartOf":{"@id":"https:\/\/about.fb.com\/fr\/#website"},"datePublished":"2018-11-28T09:26:25+00:00","dateModified":"2019-11-04T19:14:00+00:00","breadcrumb":{"@id":"https:\/\/about.fb.com\/fr\/news\/2018\/11\/point-davancement-sur-laudit-mrc-de-facebook-au-sujet-des-integrations-tierces-pour-la-mesure-de-la-visibilite-publicitaire\/#breadcrumb"},"inLanguage":"fr-FR","potentialAction":[{"@type":"ReadAction","target":["https:\/\/about.fb.com\/fr\/news\/2018\/11\/point-davancement-sur-laudit-mrc-de-facebook-au-sujet-des-integrations-tierces-pour-la-mesure-de-la-visibilite-publicitaire\/"]}],"author":"\u00c0 propos de Meta"},{"@type":"BreadcrumbList","@id":"https:\/\/about.fb.com\/fr\/news\/2018\/11\/point-davancement-sur-laudit-mrc-de-facebook-au-sujet-des-integrations-tierces-pour-la-mesure-de-la-visibilite-publicitaire\/#breadcrumb","itemListElement":[{"@type":"ListItem","position":1,"name":"Home","item":"https:\/\/about.fb.com\/fr\/"},{"@type":"ListItem","position":2,"name":"Point d&rsquo;avancement sur l&rsquo;audit MRC de Facebook au sujet des int\u00e9grations tierces pour la mesure de la visibilit\u00e9 publicitaire"}]},{"@type":"WebSite","@id":"https:\/\/about.fb.com\/fr\/#website","url":"https:\/\/about.fb.com\/news\/","name":"\u00c0 propos de Meta","description":"","publisher":{"@id":"https:\/\/about.fb.com\/fr\/#organization"},"potentialAction":[{"@type":"SearchAction","target":{"@type":"EntryPoint","urlTemplate":"https:\/\/about.fb.com\/fr\/?s={search_term_string}"},"query-input":{"@type":"PropertyValueSpecification","valueRequired":true,"valueName":"search_term_string"}}],"inLanguage":"fr-FR","alternateName":["Meta Newsroom","Meta"]},{"@type":"Organization","@id":"https:\/\/about.fb.com\/fr\/#organization","name":"Meta","url":"https:\/\/about.fb.com\/fr\/","logo":{"@type":"ImageObject","inLanguage":"fr-FR","@id":"https:\/\/about.fb.com\/fr\/#\/schema\/logo\/image\/","url":"https:\/\/about.fb.com\/fr\/wp-content\/uploads\/sites\/12\/2021\/10\/meta-social-16x9-1.jpg?fit=8000%2C4500","contentUrl":"https:\/\/about.fb.com\/fr\/wp-content\/uploads\/sites\/12\/2021\/10\/meta-social-16x9-1.jpg?fit=8000%2C4500","width":8000,"height":4500,"caption":"Meta"},"image":{"@id":"https:\/\/about.fb.com\/fr\/#\/schema\/logo\/image\/"}}]}},"jetpack_featured_media_url":"","jetpack-related-posts":[],"jetpack_sharing_enabled":true,"amp_enabled":true,"_links":{"self":[{"href":"https:\/\/about.fb.com\/fr\/wp-json\/wp\/v2\/posts\/7359","targetHints":{"allow":["GET"]}}],"collection":[{"href":"https:\/\/about.fb.com\/fr\/wp-json\/wp\/v2\/posts"}],"about":[{"href":"https:\/\/about.fb.com\/fr\/wp-json\/wp\/v2\/types\/post"}],"author":[{"embeddable":true,"href":"https:\/\/about.fb.com\/fr\/wp-json\/wp\/v2\/users\/126384478"}],"replies":[{"embeddable":true,"href":"https:\/\/about.fb.com\/fr\/wp-json\/wp\/v2\/comments?post=7359"}],"version-history":[{"count":6,"href":"https:\/\/about.fb.com\/fr\/wp-json\/wp\/v2\/posts\/7359\/revisions"}],"predecessor-version":[{"id":8117,"href":"https:\/\/about.fb.com\/fr\/wp-json\/wp\/v2\/posts\/7359\/revisions\/8117"}],"wp:attachment":[{"href":"https:\/\/about.fb.com\/fr\/wp-json\/wp\/v2\/media?parent=7359"}],"wp:term":[{"taxonomy":"category","embeddable":true,"href":"https:\/\/about.fb.com\/fr\/wp-json\/wp\/v2\/categories?post=7359"},{"taxonomy":"post_tag","embeddable":true,"href":"https:\/\/about.fb.com\/fr\/wp-json\/wp\/v2\/tags?post=7359"}],"curies":[{"name":"wp","href":"https:\/\/api.w.org\/{rel}","templated":true}]}}