{"id":7226,"date":"2018-10-09T20:30:22","date_gmt":"2018-10-09T18:30:22","guid":{"rendered":"http:\/\/fr.newsroom.fb.com\/?p=7226"},"modified":"2018-10-09T20:30:23","modified_gmt":"2018-10-09T18:30:23","slug":"workplace-by-facebook-devoile-sa-fonctionnalite-safety-check-et-ses-nouvelles-mises-a-jour-lors-de-sa-conference-annuelle-flow","status":"publish","type":"post","link":"https:\/\/about.fb.com\/fr\/news\/2018\/10\/workplace-by-facebook-devoile-sa-fonctionnalite-safety-check-et-ses-nouvelles-mises-a-jour-lors-de-sa-conference-annuelle-flow\/","title":{"rendered":"Workplace by Facebook d\u00e9voile sa fonctionnalit\u00e9 Safety Check et ses nouvelles mises \u00e0 jour lors de sa conf\u00e9rence annuelle Flow"},"content":{"rendered":"<h4>A l&rsquo;occasion de son tout premier sommet,\u00a0<a href=\"https:\/\/workplaceblog.fb.com\/news\/flow\/\">Flow<\/a>, Workplace by Facebook d\u00e9voile d&rsquo;importantes d&rsquo;importantes am\u00e9liorations apport\u00e9es \u00e0 sa plateforme de communication et de collaboration pour les entreprises.<\/h4>\n<p>Les am\u00e9liorations cl\u00e9s incluent :<\/p>\n<ul>\n<li style=\"list-style-type:none;\">\n<ul>\n<li><b>Une fonction Safety Check pour les entreprises <\/b>: une mise \u00e0 jour qui s\u2019assimile au Safety Check pour les particuliers, dont l\u2019objectif est, pendant des situations \u00e0 risques, de permettre aux employeurs de s\u2019assurer que leurs \u00e9quipes sont en s\u00e9curit\u00e9 via le chat de Workplace.<\/li>\n<li><b>Un grand nombre de mises \u00e0 jour importantes concernant la fonction chat, comprenant:<\/b>\n<ul style=\"margin-top:4px;\">\n<li><b>Le chat, la vid\u00e9o et les appels au sein des groupes inter-entreprises <\/b>: les membres d\u2019un groupement de plusieurs soci\u00e9t\u00e9s peuvent dor\u00e9navant d\u00e9marrer des conversations individuelles ou en groupe \u2013 qu\u2019elles soient dans la m\u00eame entreprise ou non \u2013 afin d\u2019am\u00e9liorer le travail d\u2019\u00e9quipe et de consolider la position de Workplace dans les moyens de communication de l\u2019entreprise.<\/li>\n<li><b>Epingler un message en t\u00eate du fil d&rsquo;actualit\u00e9 <\/b>: les utilisateurs peuvent d\u00e9sormais \u00e9pingler un message au sommet d\u2019un fil d\u2019actualit\u00e9 pour s\u2019assurer que les salari\u00e9s ne manqueront pas de mises \u00e0 jour importantes \u2013 ou ne perdront pas de temps en faisant d\u00e9filer tout leur fil d\u2019actualit\u00e9.<\/li>\n<li><b>R\u00e9ponses aux messages dans Workplace Chat <\/b>: les utilisateurs peuvent aussi d\u00e9sormais r\u00e9pondre directement \u00e0 des messages sp\u00e9cifiques dans une conversation de groupe (\u201cgroup chat\u201d), afin de permettre aux \u00e9quipes de bien suivre les \u00e9changes.<\/li>\n<li><b>Ne pas d\u00e9ranger <\/b>: les salari\u00e9s peuvent d\u00e9sormais \u00e9galement activer le statut \u00ab ne pas d\u00e9ranger \u00bb sur le chat de Workplace afin de maintenir leur flux de travail ou de prendre une pause \u2013 ils peuvent aussi utiliser l\u2019option \u00ab silencieux \u00bb sur leurs notifications et choisir des jours ou des heures sp\u00e9cifiques pour les recevoir.<\/li>\n<\/ul>\n<\/li>\n<li><b>Un marqueur d&rsquo;importance <\/b>: les publications sur les groupes peuvent maintenant \u00eatre \u00ab marqu\u00e9es comme importantes \u00bb pour signaler une priorit\u00e9 \u00e9lev\u00e9e, les membres du groupe pouvant les trouver plus facilement en haut de leur fil d\u2019actualit\u00e9.<\/li>\n<\/ul>\n<\/li>\n<\/ul>\n<p><a href=\"https:\/\/drive.google.com\/drive\/folders\/1OF1szxt0vq-hVmlHNluVDlzV0qN3PQXj?usp=sharing\">Cliquez ici<\/a> pour t\u00e9l\u00e9charger des visuels.<\/p>\n","protected":false},"excerpt":{"rendered":"A l&rsquo;occasion de son tout premier sommet,\u00a0Flow, Workplace by Facebook d\u00e9voile d&rsquo;importantes d&rsquo;importantes am\u00e9liorations apport\u00e9es \u00e0 sa plateforme de communication et de collaboration pour les entreprises. Les am\u00e9liorations cl\u00e9s incluent : Une fonction Safety Check pour les entreprises : une mise \u00e0 jour qui s\u2019assimile au Safety Check pour les particuliers, dont l\u2019objectif est, pendant des situations \u00e0 risques, de permettre aux employeurs de s\u2019assurer que leurs \u00e9quipes sont en s\u00e9curit\u00e9 via le chat de Workplace. Un grand nombre de mises \u00e0 jour importantes concernant la fonction chat, comprenant: Le chat, la vid\u00e9o et les appels au sein des groupes inter-entreprises : les membres d\u2019un groupement de plusieurs soci\u00e9t\u00e9s peuvent dor\u00e9navant d\u00e9marrer des conversations individuelles ou en groupe \u2013 qu\u2019elles soient dans la m\u00eame entreprise ou non \u2013 afin d\u2019am\u00e9liorer le travail d\u2019\u00e9quipe et de consolider la position de Workplace dans les moyens de communication de l\u2019entreprise. Epingler un message en t\u00eate du fil d&rsquo;actualit\u00e9 : les utilisateurs peuvent d\u00e9sormais \u00e9pingler un message au sommet d\u2019un fil d\u2019actualit\u00e9 pour s\u2019assurer que les salari\u00e9s ne manqueront pas de mises \u00e0 jour importantes \u2013 ou ne perdront pas de temps en faisant d\u00e9filer tout leur fil d\u2019actualit\u00e9. R\u00e9ponses aux messages dans Workplace Chat : les utilisateurs peuvent aussi d\u00e9sormais r\u00e9pondre directement \u00e0 des messages sp\u00e9cifiques dans une conversation de groupe (\u201cgroup chat\u201d), afin de permettre aux \u00e9quipes de bien suivre les \u00e9changes. Ne pas d\u00e9ranger : les salari\u00e9s peuvent d\u00e9sormais \u00e9galement activer le statut \u00ab ne pas d\u00e9ranger \u00bb sur le chat de Workplace afin de maintenir leur flux de travail ou de prendre une pause \u2013 ils peuvent aussi utiliser l\u2019option \u00ab silencieux \u00bb sur leurs notifications et choisir des jours ou des heures sp\u00e9cifiques pour les recevoir. Un marqueur d&rsquo;importance : les publications sur les groupes peuvent maintenant \u00eatre \u00ab marqu\u00e9es comme importantes \u00bb pour signaler une priorit\u00e9 \u00e9lev\u00e9e, les membres du groupe pouvant les trouver plus facilement en haut de leur fil d\u2019actualit\u00e9. Cliquez ici pour t\u00e9l\u00e9charger des visuels.","protected":false},"author":126384478,"featured_media":0,"comment_status":"closed","ping_status":"closed","sticky":false,"template":"","format":"standard","meta":{"_jetpack_memberships_contains_paid_content":false,"footnotes":""},"categories":[243897948],"tags":[],"class_list":["post-7226","post","type-post","status-publish","format-standard","hentry","category-workplace"],"yoast_head":"<!-- This site is optimized with the Yoast SEO plugin v27.2 - https:\/\/yoast.com\/product\/yoast-seo-wordpress\/ -->\n<title>Workplace by Facebook d\u00e9voile sa fonctionnalit\u00e9 Safety Check et ses nouvelles mises \u00e0 jour lors de sa conf\u00e9rence annuelle Flow | \u00c0 propos de Meta<\/title>\n<meta name=\"robots\" content=\"index, follow, max-snippet:-1, max-image-preview:large, max-video-preview:-1\" \/>\n<link rel=\"canonical\" href=\"https:\/\/about.fb.com\/fr\/news\/2018\/10\/workplace-by-facebook-devoile-sa-fonctionnalite-safety-check-et-ses-nouvelles-mises-a-jour-lors-de-sa-conference-annuelle-flow\/\" \/>\n<meta property=\"og:locale\" content=\"fr_FR\" \/>\n<meta property=\"og:type\" content=\"article\" \/>\n<meta property=\"og:title\" content=\"Workplace by Facebook d\u00e9voile sa fonctionnalit\u00e9 Safety Check et ses nouvelles mises \u00e0 jour lors de sa conf\u00e9rence annuelle Flow | \u00c0 propos de Meta\" \/>\n<meta property=\"og:description\" content=\"A l&rsquo;occasion de son tout premier sommet,\u00a0Flow, Workplace by Facebook d\u00e9voile d&rsquo;importantes d&rsquo;importantes am\u00e9liorations apport\u00e9es \u00e0 sa plateforme de communication et de collaboration pour les entreprises. Les am\u00e9liorations cl\u00e9s incluent : Une fonction Safety Check pour les entreprises : une mise \u00e0 jour qui s\u2019assimile au Safety Check pour les particuliers, dont l\u2019objectif est, pendant des situations \u00e0 risques, de permettre aux employeurs de s\u2019assurer que leurs \u00e9quipes sont en s\u00e9curit\u00e9 via le chat de Workplace. Un grand nombre de mises \u00e0 jour importantes concernant la fonction chat, comprenant: Le chat, la vid\u00e9o et les appels au sein des groupes inter-entreprises : les membres d\u2019un groupement de plusieurs soci\u00e9t\u00e9s peuvent dor\u00e9navant d\u00e9marrer des conversations individuelles ou en groupe \u2013 qu\u2019elles soient dans la m\u00eame entreprise ou non \u2013 afin d\u2019am\u00e9liorer le travail d\u2019\u00e9quipe et de consolider la position de Workplace dans les moyens de communication de l\u2019entreprise. Epingler un message en t\u00eate du fil d&rsquo;actualit\u00e9 : les utilisateurs peuvent d\u00e9sormais \u00e9pingler un message au sommet d\u2019un fil d\u2019actualit\u00e9 pour s\u2019assurer que les salari\u00e9s ne manqueront pas de mises \u00e0 jour importantes \u2013 ou ne perdront pas de temps en faisant d\u00e9filer tout leur fil d\u2019actualit\u00e9. R\u00e9ponses aux messages dans Workplace Chat : les utilisateurs peuvent aussi d\u00e9sormais r\u00e9pondre directement \u00e0 des messages sp\u00e9cifiques dans une conversation de groupe (\u201cgroup chat\u201d), afin de permettre aux \u00e9quipes de bien suivre les \u00e9changes. Ne pas d\u00e9ranger : les salari\u00e9s peuvent d\u00e9sormais \u00e9galement activer le statut \u00ab ne pas d\u00e9ranger \u00bb sur le chat de Workplace afin de maintenir leur flux de travail ou de prendre une pause \u2013 ils peuvent aussi utiliser l\u2019option \u00ab silencieux \u00bb sur leurs notifications et choisir des jours ou des heures sp\u00e9cifiques pour les recevoir. Un marqueur d&rsquo;importance : les publications sur les groupes peuvent maintenant \u00eatre \u00ab marqu\u00e9es comme importantes \u00bb pour signaler une priorit\u00e9 \u00e9lev\u00e9e, les membres du groupe pouvant les trouver plus facilement en haut de leur fil d\u2019actualit\u00e9. Cliquez ici pour t\u00e9l\u00e9charger des visuels.\" \/>\n<meta property=\"og:url\" content=\"https:\/\/about.fb.com\/fr\/news\/2018\/10\/workplace-by-facebook-devoile-sa-fonctionnalite-safety-check-et-ses-nouvelles-mises-a-jour-lors-de-sa-conference-annuelle-flow\/\" \/>\n<meta property=\"og:site_name\" content=\"\u00c0 propos de Meta\" \/>\n<meta property=\"article:published_time\" content=\"2018-10-09T18:30:22+00:00\" \/>\n<meta property=\"article:modified_time\" content=\"2018-10-09T18:30:23+00:00\" \/>\n<meta property=\"og:image\" content=\"https:\/\/about.fb.com\/fr\/wp-content\/uploads\/sites\/12\/2021\/10\/meta-social-16x9-1.jpg?resize=1024,576\" \/>\n\t<meta property=\"og:image:width\" content=\"1024\" \/>\n\t<meta property=\"og:image:height\" content=\"576\" \/>\n\t<meta property=\"og:image:type\" content=\"image\/jpeg\" \/>\n<meta name=\"author\" content=\"gabrielmatriochka\" \/>\n<meta name=\"twitter:card\" content=\"summary_large_image\" \/>\n<meta name=\"twitter:label1\" content=\"Written by\" \/>\n\t<meta name=\"twitter:data1\" content=\"Meta\" \/>\n\t<meta name=\"twitter:label2\" content=\"Est. reading time\" \/>\n\t<meta name=\"twitter:data2\" content=\"2 minutes\" \/>\n<script type=\"application\/ld+json\" class=\"yoast-schema-graph\">{\"@context\":\"https:\/\/schema.org\",\"@graph\":[{\"@type\":\"Article\",\"@id\":\"https:\/\/about.fb.com\/fr\/news\/2018\/10\/workplace-by-facebook-devoile-sa-fonctionnalite-safety-check-et-ses-nouvelles-mises-a-jour-lors-de-sa-conference-annuelle-flow\/#article\",\"isPartOf\":{\"@id\":\"https:\/\/about.fb.com\/fr\/news\/2018\/10\/workplace-by-facebook-devoile-sa-fonctionnalite-safety-check-et-ses-nouvelles-mises-a-jour-lors-de-sa-conference-annuelle-flow\/\"},\"author\":\"Facebook company\",\"headline\":\"Workplace by Facebook d\u00e9voile sa fonctionnalit\u00e9 Safety Check et ses nouvelles mises \u00e0 jour lors de sa conf\u00e9rence annuelle Flow\",\"datePublished\":\"2018-10-09T18:30:22+00:00\",\"dateModified\":\"2018-10-09T18:30:23+00:00\",\"mainEntityOfPage\":{\"@id\":\"https:\/\/about.fb.com\/fr\/news\/2018\/10\/workplace-by-facebook-devoile-sa-fonctionnalite-safety-check-et-ses-nouvelles-mises-a-jour-lors-de-sa-conference-annuelle-flow\/\"},\"wordCount\":378,\"publisher\":{\"@id\":\"https:\/\/about.fb.com\/fr\/#organization\"},\"articleSection\":[\"Workplace\"],\"inLanguage\":\"fr-FR\"},{\"@type\":\"WebPage\",\"@id\":\"https:\/\/about.fb.com\/fr\/news\/2018\/10\/workplace-by-facebook-devoile-sa-fonctionnalite-safety-check-et-ses-nouvelles-mises-a-jour-lors-de-sa-conference-annuelle-flow\/\",\"url\":\"https:\/\/about.fb.com\/fr\/news\/2018\/10\/workplace-by-facebook-devoile-sa-fonctionnalite-safety-check-et-ses-nouvelles-mises-a-jour-lors-de-sa-conference-annuelle-flow\/\",\"name\":\"Workplace by Facebook d\u00e9voile sa fonctionnalit\u00e9 Safety Check et ses nouvelles mises \u00e0 jour lors de sa conf\u00e9rence annuelle Flow | \u00c0 propos de Meta\",\"isPartOf\":{\"@id\":\"https:\/\/about.fb.com\/fr\/#website\"},\"datePublished\":\"2018-10-09T18:30:22+00:00\",\"dateModified\":\"2018-10-09T18:30:23+00:00\",\"breadcrumb\":{\"@id\":\"https:\/\/about.fb.com\/fr\/news\/2018\/10\/workplace-by-facebook-devoile-sa-fonctionnalite-safety-check-et-ses-nouvelles-mises-a-jour-lors-de-sa-conference-annuelle-flow\/#breadcrumb\"},\"inLanguage\":\"fr-FR\",\"potentialAction\":[{\"@type\":\"ReadAction\",\"target\":[\"https:\/\/about.fb.com\/fr\/news\/2018\/10\/workplace-by-facebook-devoile-sa-fonctionnalite-safety-check-et-ses-nouvelles-mises-a-jour-lors-de-sa-conference-annuelle-flow\/\"]}],\"author\":\"\u00c0 propos de Meta\"},{\"@type\":\"BreadcrumbList\",\"@id\":\"https:\/\/about.fb.com\/fr\/news\/2018\/10\/workplace-by-facebook-devoile-sa-fonctionnalite-safety-check-et-ses-nouvelles-mises-a-jour-lors-de-sa-conference-annuelle-flow\/#breadcrumb\",\"itemListElement\":[{\"@type\":\"ListItem\",\"position\":1,\"name\":\"Home\",\"item\":\"https:\/\/about.fb.com\/fr\/\"},{\"@type\":\"ListItem\",\"position\":2,\"name\":\"Workplace by Facebook d\u00e9voile sa fonctionnalit\u00e9 Safety Check et ses nouvelles mises \u00e0 jour lors de sa conf\u00e9rence annuelle Flow\"}]},{\"@type\":\"WebSite\",\"@id\":\"https:\/\/about.fb.com\/fr\/#website\",\"url\":\"https:\/\/about.fb.com\/news\/\",\"name\":\"\u00c0 propos de Meta\",\"description\":\"\",\"publisher\":{\"@id\":\"https:\/\/about.fb.com\/fr\/#organization\"},\"potentialAction\":[{\"@type\":\"SearchAction\",\"target\":{\"@type\":\"EntryPoint\",\"urlTemplate\":\"https:\/\/about.fb.com\/fr\/?s={search_term_string}\"},\"query-input\":{\"@type\":\"PropertyValueSpecification\",\"valueRequired\":true,\"valueName\":\"search_term_string\"}}],\"inLanguage\":\"fr-FR\",\"alternateName\":[\"Meta Newsroom\",\"Meta\"]},{\"@type\":\"Organization\",\"@id\":\"https:\/\/about.fb.com\/fr\/#organization\",\"name\":\"Meta\",\"url\":\"https:\/\/about.fb.com\/fr\/\",\"logo\":{\"@type\":\"ImageObject\",\"inLanguage\":\"fr-FR\",\"@id\":\"https:\/\/about.fb.com\/fr\/#\/schema\/logo\/image\/\",\"url\":\"https:\/\/about.fb.com\/fr\/wp-content\/uploads\/sites\/12\/2021\/10\/meta-social-16x9-1.jpg?fit=8000%2C4500\",\"contentUrl\":\"https:\/\/about.fb.com\/fr\/wp-content\/uploads\/sites\/12\/2021\/10\/meta-social-16x9-1.jpg?fit=8000%2C4500\",\"width\":8000,\"height\":4500,\"caption\":\"Meta\"},\"image\":{\"@id\":\"https:\/\/about.fb.com\/fr\/#\/schema\/logo\/image\/\"}}]}<\/script>\n<!-- \/ Yoast SEO plugin. -->","yoast_head_json":{"title":"Workplace by Facebook d\u00e9voile sa fonctionnalit\u00e9 Safety Check et ses nouvelles mises \u00e0 jour lors de sa conf\u00e9rence annuelle Flow | \u00c0 propos de Meta","robots":{"index":"index","follow":"follow","max-snippet":"max-snippet:-1","max-image-preview":"max-image-preview:large","max-video-preview":"max-video-preview:-1"},"canonical":"https:\/\/about.fb.com\/fr\/news\/2018\/10\/workplace-by-facebook-devoile-sa-fonctionnalite-safety-check-et-ses-nouvelles-mises-a-jour-lors-de-sa-conference-annuelle-flow\/","og_locale":"fr_FR","og_type":"article","og_title":"Workplace by Facebook d\u00e9voile sa fonctionnalit\u00e9 Safety Check et ses nouvelles mises \u00e0 jour lors de sa conf\u00e9rence annuelle Flow | \u00c0 propos de Meta","og_description":"A l&rsquo;occasion de son tout premier sommet,\u00a0Flow, Workplace by Facebook d\u00e9voile d&rsquo;importantes d&rsquo;importantes am\u00e9liorations apport\u00e9es \u00e0 sa plateforme de communication et de collaboration pour les entreprises. Les am\u00e9liorations cl\u00e9s incluent : Une fonction Safety Check pour les entreprises : une mise \u00e0 jour qui s\u2019assimile au Safety Check pour les particuliers, dont l\u2019objectif est, pendant des situations \u00e0 risques, de permettre aux employeurs de s\u2019assurer que leurs \u00e9quipes sont en s\u00e9curit\u00e9 via le chat de Workplace. Un grand nombre de mises \u00e0 jour importantes concernant la fonction chat, comprenant: Le chat, la vid\u00e9o et les appels au sein des groupes inter-entreprises : les membres d\u2019un groupement de plusieurs soci\u00e9t\u00e9s peuvent dor\u00e9navant d\u00e9marrer des conversations individuelles ou en groupe \u2013 qu\u2019elles soient dans la m\u00eame entreprise ou non \u2013 afin d\u2019am\u00e9liorer le travail d\u2019\u00e9quipe et de consolider la position de Workplace dans les moyens de communication de l\u2019entreprise. Epingler un message en t\u00eate du fil d&rsquo;actualit\u00e9 : les utilisateurs peuvent d\u00e9sormais \u00e9pingler un message au sommet d\u2019un fil d\u2019actualit\u00e9 pour s\u2019assurer que les salari\u00e9s ne manqueront pas de mises \u00e0 jour importantes \u2013 ou ne perdront pas de temps en faisant d\u00e9filer tout leur fil d\u2019actualit\u00e9. R\u00e9ponses aux messages dans Workplace Chat : les utilisateurs peuvent aussi d\u00e9sormais r\u00e9pondre directement \u00e0 des messages sp\u00e9cifiques dans une conversation de groupe (\u201cgroup chat\u201d), afin de permettre aux \u00e9quipes de bien suivre les \u00e9changes. Ne pas d\u00e9ranger : les salari\u00e9s peuvent d\u00e9sormais \u00e9galement activer le statut \u00ab ne pas d\u00e9ranger \u00bb sur le chat de Workplace afin de maintenir leur flux de travail ou de prendre une pause \u2013 ils peuvent aussi utiliser l\u2019option \u00ab silencieux \u00bb sur leurs notifications et choisir des jours ou des heures sp\u00e9cifiques pour les recevoir. Un marqueur d&rsquo;importance : les publications sur les groupes peuvent maintenant \u00eatre \u00ab marqu\u00e9es comme importantes \u00bb pour signaler une priorit\u00e9 \u00e9lev\u00e9e, les membres du groupe pouvant les trouver plus facilement en haut de leur fil d\u2019actualit\u00e9. Cliquez ici pour t\u00e9l\u00e9charger des visuels.","og_url":"https:\/\/about.fb.com\/fr\/news\/2018\/10\/workplace-by-facebook-devoile-sa-fonctionnalite-safety-check-et-ses-nouvelles-mises-a-jour-lors-de-sa-conference-annuelle-flow\/","og_site_name":"\u00c0 propos de Meta","article_published_time":"2018-10-09T18:30:22+00:00","article_modified_time":"2018-10-09T18:30:23+00:00","og_image":[{"width":1024,"height":576,"url":"https:\/\/about.fb.com\/fr\/wp-content\/uploads\/sites\/12\/2021\/10\/meta-social-16x9-1.jpg?resize=1024,576","type":"image\/jpeg"}],"author":"gabrielmatriochka","twitter_card":"summary_large_image","twitter_misc":{"Written by":"Meta","Est. reading time":"2 minutes"},"schema":{"@context":"https:\/\/schema.org","@graph":[{"@type":"Article","@id":"https:\/\/about.fb.com\/fr\/news\/2018\/10\/workplace-by-facebook-devoile-sa-fonctionnalite-safety-check-et-ses-nouvelles-mises-a-jour-lors-de-sa-conference-annuelle-flow\/#article","isPartOf":{"@id":"https:\/\/about.fb.com\/fr\/news\/2018\/10\/workplace-by-facebook-devoile-sa-fonctionnalite-safety-check-et-ses-nouvelles-mises-a-jour-lors-de-sa-conference-annuelle-flow\/"},"author":"Facebook company","headline":"Workplace by Facebook d\u00e9voile sa fonctionnalit\u00e9 Safety Check et ses nouvelles mises \u00e0 jour lors de sa conf\u00e9rence annuelle Flow","datePublished":"2018-10-09T18:30:22+00:00","dateModified":"2018-10-09T18:30:23+00:00","mainEntityOfPage":{"@id":"https:\/\/about.fb.com\/fr\/news\/2018\/10\/workplace-by-facebook-devoile-sa-fonctionnalite-safety-check-et-ses-nouvelles-mises-a-jour-lors-de-sa-conference-annuelle-flow\/"},"wordCount":378,"publisher":{"@id":"https:\/\/about.fb.com\/fr\/#organization"},"articleSection":["Workplace"],"inLanguage":"fr-FR"},{"@type":"WebPage","@id":"https:\/\/about.fb.com\/fr\/news\/2018\/10\/workplace-by-facebook-devoile-sa-fonctionnalite-safety-check-et-ses-nouvelles-mises-a-jour-lors-de-sa-conference-annuelle-flow\/","url":"https:\/\/about.fb.com\/fr\/news\/2018\/10\/workplace-by-facebook-devoile-sa-fonctionnalite-safety-check-et-ses-nouvelles-mises-a-jour-lors-de-sa-conference-annuelle-flow\/","name":"Workplace by Facebook d\u00e9voile sa fonctionnalit\u00e9 Safety Check et ses nouvelles mises \u00e0 jour lors de sa conf\u00e9rence annuelle Flow | \u00c0 propos de Meta","isPartOf":{"@id":"https:\/\/about.fb.com\/fr\/#website"},"datePublished":"2018-10-09T18:30:22+00:00","dateModified":"2018-10-09T18:30:23+00:00","breadcrumb":{"@id":"https:\/\/about.fb.com\/fr\/news\/2018\/10\/workplace-by-facebook-devoile-sa-fonctionnalite-safety-check-et-ses-nouvelles-mises-a-jour-lors-de-sa-conference-annuelle-flow\/#breadcrumb"},"inLanguage":"fr-FR","potentialAction":[{"@type":"ReadAction","target":["https:\/\/about.fb.com\/fr\/news\/2018\/10\/workplace-by-facebook-devoile-sa-fonctionnalite-safety-check-et-ses-nouvelles-mises-a-jour-lors-de-sa-conference-annuelle-flow\/"]}],"author":"\u00c0 propos de Meta"},{"@type":"BreadcrumbList","@id":"https:\/\/about.fb.com\/fr\/news\/2018\/10\/workplace-by-facebook-devoile-sa-fonctionnalite-safety-check-et-ses-nouvelles-mises-a-jour-lors-de-sa-conference-annuelle-flow\/#breadcrumb","itemListElement":[{"@type":"ListItem","position":1,"name":"Home","item":"https:\/\/about.fb.com\/fr\/"},{"@type":"ListItem","position":2,"name":"Workplace by Facebook d\u00e9voile sa fonctionnalit\u00e9 Safety Check et ses nouvelles mises \u00e0 jour lors de sa conf\u00e9rence annuelle Flow"}]},{"@type":"WebSite","@id":"https:\/\/about.fb.com\/fr\/#website","url":"https:\/\/about.fb.com\/news\/","name":"\u00c0 propos de Meta","description":"","publisher":{"@id":"https:\/\/about.fb.com\/fr\/#organization"},"potentialAction":[{"@type":"SearchAction","target":{"@type":"EntryPoint","urlTemplate":"https:\/\/about.fb.com\/fr\/?s={search_term_string}"},"query-input":{"@type":"PropertyValueSpecification","valueRequired":true,"valueName":"search_term_string"}}],"inLanguage":"fr-FR","alternateName":["Meta Newsroom","Meta"]},{"@type":"Organization","@id":"https:\/\/about.fb.com\/fr\/#organization","name":"Meta","url":"https:\/\/about.fb.com\/fr\/","logo":{"@type":"ImageObject","inLanguage":"fr-FR","@id":"https:\/\/about.fb.com\/fr\/#\/schema\/logo\/image\/","url":"https:\/\/about.fb.com\/fr\/wp-content\/uploads\/sites\/12\/2021\/10\/meta-social-16x9-1.jpg?fit=8000%2C4500","contentUrl":"https:\/\/about.fb.com\/fr\/wp-content\/uploads\/sites\/12\/2021\/10\/meta-social-16x9-1.jpg?fit=8000%2C4500","width":8000,"height":4500,"caption":"Meta"},"image":{"@id":"https:\/\/about.fb.com\/fr\/#\/schema\/logo\/image\/"}}]}},"jetpack_featured_media_url":"","jetpack-related-posts":[],"jetpack_sharing_enabled":true,"amp_enabled":false,"_links":{"self":[{"href":"https:\/\/about.fb.com\/fr\/wp-json\/wp\/v2\/posts\/7226","targetHints":{"allow":["GET"]}}],"collection":[{"href":"https:\/\/about.fb.com\/fr\/wp-json\/wp\/v2\/posts"}],"about":[{"href":"https:\/\/about.fb.com\/fr\/wp-json\/wp\/v2\/types\/post"}],"author":[{"embeddable":true,"href":"https:\/\/about.fb.com\/fr\/wp-json\/wp\/v2\/users\/126384478"}],"replies":[{"embeddable":true,"href":"https:\/\/about.fb.com\/fr\/wp-json\/wp\/v2\/comments?post=7226"}],"version-history":[{"count":3,"href":"https:\/\/about.fb.com\/fr\/wp-json\/wp\/v2\/posts\/7226\/revisions"}],"predecessor-version":[{"id":7229,"href":"https:\/\/about.fb.com\/fr\/wp-json\/wp\/v2\/posts\/7226\/revisions\/7229"}],"wp:attachment":[{"href":"https:\/\/about.fb.com\/fr\/wp-json\/wp\/v2\/media?parent=7226"}],"wp:term":[{"taxonomy":"category","embeddable":true,"href":"https:\/\/about.fb.com\/fr\/wp-json\/wp\/v2\/categories?post=7226"},{"taxonomy":"post_tag","embeddable":true,"href":"https:\/\/about.fb.com\/fr\/wp-json\/wp\/v2\/tags?post=7226"}],"curies":[{"name":"wp","href":"https:\/\/api.w.org\/{rel}","templated":true}]}}