{"id":7138,"date":"2018-09-24T10:37:23","date_gmt":"2018-09-24T08:37:23","guid":{"rendered":"http:\/\/fr.newsroom.fb.com\/?p=7138"},"modified":"2020-02-25T06:55:44","modified_gmt":"2020-02-25T05:55:44","slug":"facebook-la-communaute-francaise-wanted-et-beneficiera-dun-accompagnement-et-dun-financement-d1-million-de-dollars","status":"publish","type":"post","link":"https:\/\/about.fb.com\/fr\/news\/2018\/09\/facebook-la-communaute-francaise-wanted-et-beneficiera-dun-accompagnement-et-dun-financement-d1-million-de-dollars\/","title":{"rendered":"Facebook : la communaut\u00e9 fran\u00e7aise \u00ab\u00a0Wanted\u00a0\u00bb b\u00e9n\u00e9ficiera d&rsquo;un accompagnement et d&rsquo;un financement d&rsquo;1 million de dollars"},"content":{"rendered":"<h3 style=\"text-align:justify;\"><strong>3\u00a0autres\u00a0communaut\u00e9s fran\u00e7aises\u00a0sont laur\u00e9ates chacune\u00a0d&rsquo;une bourse de 50 000 dollars pour soutenir leurs activit\u00e9s<\/strong><\/h3>\n<p style=\"text-align:justify;\">La communaut\u00e9 fran\u00e7aise<strong>\u00a0<\/strong><a href=\"https:\/\/urldefense.proofpoint.com\/v2\/url?u=https-3A__www.facebook.com_groups_wantedcommunityparis_&amp;d=DwMF-g&amp;c=qwStF0e4-YFyvjCeML3ehA&amp;r=P4_bvGwp3_LZsaiU18E4dg&amp;m=uOIBG6HquTM0W7hjsrKJqPm7Tl7rIZSN4NrHHUHuDXs&amp;s=9JXWN2eAUgI3jId6zNa6OMTV0BMGLLNxLnyl1IWU0Uk&amp;e=\"><strong>Wanted Community<\/strong><\/a><strong>\u00a0<\/strong>a \u00e9t\u00e9 s\u00e9lectionn\u00e9e pour b\u00e9n\u00e9ficier d&rsquo;une r\u00e9sidence incluant un accompagnement, de la formation et un financement d&rsquo;1 million de dollars, dans le cadre\u00a0du\u00a0programme Facebook Community Leadership annonc\u00e9 en f\u00e9vrier dernier, au c\u00f4t\u00e9 de 4 autres communaut\u00e9s issues d&rsquo;autres r\u00e9gions du monde. Cette communaut\u00e9 d\u2019entraide, n\u00e9e sur Facebook, rassemble aujourd&rsquo;hui des centaines de milliers de personnes dans 82 groupes\u00a0\u00e0 travers toute\u00a0la France\u00a0autour de la solidarit\u00e9 et du vivre-ensemble. Les membres utilisent ces groupes pour avoir de l\u2019aide ou des solutions sur le sujet de leur choix, \u00e9changer des bons plans\u00a0ou encore proposer un contrat ou un stage.<\/p>\n<p style=\"text-align:justify;\">Par ailleurs, plus d&rsquo;une centaine de communaut\u00e9s dans le monde recevront chacune une bourse de 50 000 dollars, dont 2 communaut\u00e9s fran\u00e7aises :<\/p>\n<ul style=\"text-align:justify;\">\n<li><a href=\"https:\/\/urldefense.proofpoint.com\/v2\/url?u=https-3A__www.facebook.com_groups_466204943566316_&amp;d=DwMGaQ&amp;c=qwStF0e4-YFyvjCeML3ehA&amp;r=P4_bvGwp3_LZsaiU18E4dg&amp;m=hSdD0FBIzq-YrNbTXRk17wcAFI3Qp6yIPzIubvpa_-E&amp;s=ZB8npSjDQk6-n8nsYe0ff2ZmodrGhgcr7CURqJP6rTo&amp;e=\"><strong>Run Eco Team<\/strong><\/a><strong>,\u00a0<\/strong>une communaut\u00e9 \u00e9cologique et sportive mobilis\u00e9e autour du ramassage de d\u00e9chets lors des joggings<\/li>\n<li><a href=\"https:\/\/urldefense.proofpoint.com\/v2\/url?u=https-3A__www.facebook.com_groups_thebrindilles_&amp;d=DwMGaQ&amp;c=qwStF0e4-YFyvjCeML3ehA&amp;r=P4_bvGwp3_LZsaiU18E4dg&amp;m=hSdD0FBIzq-YrNbTXRk17wcAFI3Qp6yIPzIubvpa_-E&amp;s=2McddU0aPgwM7sjmCiu4CdHh0Wy54ZHTN4T-57V3dww&amp;e=\"><strong>Le Cocon des Brindilles<\/strong><\/a><strong>,<\/strong> un groupe de soutien qui accompagne des jeunes femmes fragilis\u00e9es en leur offrant des cl\u00e9s pour retrouver confiance en elles<\/li>\n<\/ul>\n<p style=\"text-align:justify;\">Enfin, \u00e0 noter parmi les 15 organisations\u00a0repr\u00e9sentant la jeunesse, 1 laur\u00e9at fran\u00e7ais :\u00a0Camille Souffron, fondateur du\u00a0<strong>Secondary Education European Observatory<\/strong>, qui vise \u00e0 cr\u00e9er une communaut\u00e9 d&rsquo;apprentissage \u00e0 travers l&rsquo;Europe.<\/p>\n<p><a href=\"https:\/\/about.fb.com\/fr\/wp-content\/uploads\/sites\/5\/2018\/09\/fclp-infographic-2.png\"><img data-recalc-dims=\"1\" loading=\"lazy\" decoding=\"async\" class=\"aligncenter size-large wp-image-7141\" src=\"https:\/\/about.fb.com\/fr\/wp-content\/uploads\/sites\/5\/2018\/09\/fclp-infographic-1.png?resize=960%2C1019\" alt=\"\" width=\"960\" height=\"1019\" \/><\/a><\/p>\n<h4 style=\"text-align:justify;\"><strong>115 communaut\u00e9s issues\u00a0de 46 pays,\u00a0pour\u00a0plus de 6 000 candidatures<\/strong><\/h4>\n<p style=\"text-align:justify;\">Les leaders de communaut\u00e9s sur Facebook jouent un r\u00f4le crucial dans la cr\u00e9ation de lien et le partage. Souvent, c&rsquo;est le manque de moyens qui les freine, et c&rsquo;est pour cela que nous avons cr\u00e9\u00e9 le Facebook Community Leadership Program. A\u00a0travers des financements, mais \u00e9galement un accompagnement et\u00a0des formations, ce programme a vocation \u00e0 aider ces leaders\u00a0qui b\u00e2tissent des communaut\u00e9s partout dans le monde \u00e0\u00a0accro\u00eetre leur impact.\u00a0Il comprend :<\/p>\n<ul style=\"text-align:justify;\">\n<li>Des programmes de r\u00e9sidence et de bourses de recherche qui offrent de la formation, du soutien et du financement<\/li>\n<li>Des cercles\u00a0qui rassemblent les leaders de\u00a0communaut\u00e9s locales pour cr\u00e9er des liens, apprendre et\u00a0collaborer. Nous avons r\u00e9cemment lanc\u00e9 le\u00a0Community Leadership Circle de Paris, g\u00e9r\u00e9 par des volontaires et des membres de l\u2019\u00e9quipe Facebook afin d&rsquo;encourager les interactions entre les leaders de communaut\u00e9s, notamment \u00e0 travers des \u00e9v\u00e9nements.<\/li>\n<li>Des groupes pour les\u00a0Facebook Power Admins, que nous g\u00e9rons actuellement avec plus de 10 000 administrateurs de groupes aux \u00c9tats-Unis et au Royaume-Uni, s&rsquo;\u00e9tendent \u00e0 un plus grand nombre de membres pour les aider \u00e0 partager leurs conseils entre eux et\u00a0\u00e0 \u00e9changer\u00a0avec notre \u00e9quipe pour tester de nouvelles fonctionnalit\u00e9s et partager leurs commentaires.<\/li>\n<\/ul>\n<hr \/>\n<p style=\"text-align:justify;\"><strong>Plus d\u2019informations\u00a0:<\/strong><\/p>\n<ul>\n<li style=\"text-align:justify;\">Sur le Facebook Community Leadership Program :\u00a0<a href=\"https:\/\/urldefense.proofpoint.com\/v2\/url?u=https-3A__communities.fb.com_&amp;d=DwMGaQ&amp;c=qwStF0e4-YFyvjCeML3ehA&amp;r=uLg3YyetnV78rc1V3JV-HRWEQLx64zjnSICOJDed8Xs&amp;m=XZE-a7R3O2Wxw6vGcjmn_pTECYpIRXULjcl0q1zbwbg&amp;s=EWFzaZ-882eEa39Fgw-WmL77cxDdQGaEY3DG8EoJTf4&amp;e=\">https:\/\/communities.fb.com\/<\/a><\/li>\n<li>Sur le\u00a0lancement du programme en f\u00e9vrier 2018 :\u00a0<a href=\"https:\/\/urldefense.proofpoint.com\/v2\/url?u=https-3A__newsroom.fb.com_news_2018_02_investment-2Din-2Dcommunity-2Dleaders_&amp;d=DwMGaQ&amp;c=qwStF0e4-YFyvjCeML3ehA&amp;r=uLg3YyetnV78rc1V3JV-HRWEQLx64zjnSICOJDed8Xs&amp;m=XZE-a7R3O2Wxw6vGcjmn_pTECYpIRXULjcl0q1zbwbg&amp;s=UMAZ1uFAVwZagUhzC0PkNX7CJAfXdvwBoobd3ZwTmlM&amp;e=\">A new investment in Community Leaders<\/a><\/li>\n<li>Annonce de l&rsquo;ensemble des laur\u00e9ats\u00a0: <a href=\"https:\/\/newsroom.fb.com\/news\/2018\/09\/introducing-the-facebook-community-leadership-program-participants\/\">https:\/\/newsroom.fb.com\/news\/2018\/09\/introducing-the-facebook-community-leadership-program-participants\/<\/a><\/li>\n<\/ul>\n","protected":false},"excerpt":{"rendered":"3\u00a0autres\u00a0communaut\u00e9s fran\u00e7aises\u00a0sont laur\u00e9ates chacune\u00a0d&rsquo;une bourse de 50 000 dollars pour soutenir leurs activit\u00e9s La communaut\u00e9 fran\u00e7aise\u00a0Wanted Community\u00a0a \u00e9t\u00e9 s\u00e9lectionn\u00e9e pour b\u00e9n\u00e9ficier d&rsquo;une r\u00e9sidence incluant un accompagnement, de la formation et un financement d&rsquo;1 million de dollars, dans le cadre\u00a0du\u00a0programme Facebook Community Leadership annonc\u00e9 en f\u00e9vrier dernier, au c\u00f4t\u00e9 de 4 autres communaut\u00e9s issues d&rsquo;autres r\u00e9gions du monde. Cette communaut\u00e9 d\u2019entraide, n\u00e9e sur Facebook, rassemble aujourd&rsquo;hui des centaines de milliers de personnes dans 82 groupes\u00a0\u00e0 travers toute\u00a0la France\u00a0autour de la solidarit\u00e9 et du vivre-ensemble. Les membres utilisent ces groupes pour avoir de l\u2019aide ou des solutions sur le sujet de leur choix, \u00e9changer des bons plans\u00a0ou encore proposer un contrat ou un stage. Par ailleurs, plus d&rsquo;une centaine de communaut\u00e9s dans le monde recevront chacune une bourse de 50 000 dollars, dont 2 communaut\u00e9s fran\u00e7aises : Run Eco Team,\u00a0une communaut\u00e9 \u00e9cologique et sportive mobilis\u00e9e autour du ramassage de d\u00e9chets lors des joggings Le Cocon des Brindilles, un groupe de soutien qui accompagne des jeunes femmes fragilis\u00e9es en leur offrant des cl\u00e9s pour retrouver confiance en elles Enfin, \u00e0 noter parmi les 15 organisations\u00a0repr\u00e9sentant la jeunesse, 1 laur\u00e9at fran\u00e7ais :\u00a0Camille Souffron, fondateur du\u00a0Secondary Education European Observatory, qui vise \u00e0 cr\u00e9er une communaut\u00e9 d&rsquo;apprentissage \u00e0 travers l&rsquo;Europe. 115 communaut\u00e9s issues\u00a0de 46 pays,\u00a0pour\u00a0plus de 6 000 candidatures Les leaders de communaut\u00e9s sur Facebook jouent un r\u00f4le crucial dans la cr\u00e9ation de lien et le partage. Souvent, c&rsquo;est le manque de moyens qui les freine, et c&rsquo;est pour cela que nous avons cr\u00e9\u00e9 le Facebook Community Leadership Program. A\u00a0travers des financements, mais \u00e9galement un accompagnement et\u00a0des formations, ce programme a vocation \u00e0 aider ces leaders\u00a0qui b\u00e2tissent des communaut\u00e9s partout dans le monde \u00e0\u00a0accro\u00eetre leur impact.\u00a0Il comprend : Des programmes de r\u00e9sidence et de bourses de recherche qui offrent de la formation, du soutien et du financement Des cercles\u00a0qui rassemblent les leaders de\u00a0communaut\u00e9s locales pour cr\u00e9er des liens, apprendre et\u00a0collaborer. Nous avons r\u00e9cemment lanc\u00e9 le\u00a0Community Leadership Circle de Paris, g\u00e9r\u00e9 par des volontaires et des membres de l\u2019\u00e9quipe Facebook afin d&rsquo;encourager les interactions entre les leaders de communaut\u00e9s, notamment \u00e0 travers des \u00e9v\u00e9nements. Des groupes pour les\u00a0Facebook Power Admins, que nous g\u00e9rons actuellement avec plus de 10 000 administrateurs de groupes aux \u00c9tats-Unis et au Royaume-Uni, s&rsquo;\u00e9tendent \u00e0 un plus grand nombre de membres pour les aider \u00e0 partager leurs conseils entre eux et\u00a0\u00e0 \u00e9changer\u00a0avec notre \u00e9quipe pour tester de nouvelles fonctionnalit\u00e9s et partager leurs commentaires. Plus d\u2019informations\u00a0: Sur le Facebook Community Leadership Program :\u00a0https:\/\/communities.fb.com\/ Sur le\u00a0lancement du programme en f\u00e9vrier 2018 :\u00a0A new investment in Community Leaders Annonce de l&rsquo;ensemble des laur\u00e9ats\u00a0: <a href=\"https:\/\/newsroom.fb.com\/news\/2018\/09\/introducing-the-facebook-community-leadership-program-participants\/\" rel=\"nofollow\">https:\/\/newsroom.fb.com\/news\/2018\/09\/introducing-the-facebook-community-leadership-program-participants\/<\/a>","protected":false},"author":112028226,"featured_media":7140,"comment_status":"closed","ping_status":"closed","sticky":false,"template":"","format":"standard","meta":{"_jetpack_memberships_contains_paid_content":false,"footnotes":""},"categories":[243897990,243897945],"tags":[],"class_list":["post-7138","post","type-post","status-publish","format-standard","has-post-thumbnail","hentry","category-actualites","category-communautes"],"yoast_head":"<!-- This site is optimized with the Yoast SEO plugin v27.2 - https:\/\/yoast.com\/product\/yoast-seo-wordpress\/ -->\n<title>Facebook : la communaut\u00e9 fran\u00e7aise &quot;Wanted&quot; b\u00e9n\u00e9ficiera d&#039;un accompagnement et d&#039;un financement d&#039;1 million de dollars | \u00c0 propos de Meta<\/title>\n<meta name=\"robots\" content=\"index, follow, max-snippet:-1, max-image-preview:large, max-video-preview:-1\" \/>\n<link rel=\"canonical\" href=\"https:\/\/about.fb.com\/fr\/news\/2018\/09\/facebook-la-communaute-francaise-wanted-et-beneficiera-dun-accompagnement-et-dun-financement-d1-million-de-dollars\/\" \/>\n<meta property=\"og:locale\" content=\"fr_FR\" \/>\n<meta property=\"og:type\" content=\"article\" \/>\n<meta property=\"og:title\" content=\"Facebook : la communaut\u00e9 fran\u00e7aise &quot;Wanted&quot; b\u00e9n\u00e9ficiera d&#039;un accompagnement et d&#039;un financement d&#039;1 million de dollars | \u00c0 propos de Meta\" \/>\n<meta property=\"og:description\" content=\"3\u00a0autres\u00a0communaut\u00e9s fran\u00e7aises\u00a0sont laur\u00e9ates chacune\u00a0d&rsquo;une bourse de 50 000 dollars pour soutenir leurs activit\u00e9s La communaut\u00e9 fran\u00e7aise\u00a0Wanted Community\u00a0a \u00e9t\u00e9 s\u00e9lectionn\u00e9e pour b\u00e9n\u00e9ficier d&rsquo;une r\u00e9sidence incluant un accompagnement, de la formation et un financement d&rsquo;1 million de dollars, dans le cadre\u00a0du\u00a0programme Facebook Community Leadership annonc\u00e9 en f\u00e9vrier dernier, au c\u00f4t\u00e9 de 4 autres communaut\u00e9s issues d&rsquo;autres r\u00e9gions du monde. Cette communaut\u00e9 d\u2019entraide, n\u00e9e sur Facebook, rassemble aujourd&rsquo;hui des centaines de milliers de personnes dans 82 groupes\u00a0\u00e0 travers toute\u00a0la France\u00a0autour de la solidarit\u00e9 et du vivre-ensemble. Les membres utilisent ces groupes pour avoir de l\u2019aide ou des solutions sur le sujet de leur choix, \u00e9changer des bons plans\u00a0ou encore proposer un contrat ou un stage. Par ailleurs, plus d&rsquo;une centaine de communaut\u00e9s dans le monde recevront chacune une bourse de 50 000 dollars, dont 2 communaut\u00e9s fran\u00e7aises : Run Eco Team,\u00a0une communaut\u00e9 \u00e9cologique et sportive mobilis\u00e9e autour du ramassage de d\u00e9chets lors des joggings Le Cocon des Brindilles, un groupe de soutien qui accompagne des jeunes femmes fragilis\u00e9es en leur offrant des cl\u00e9s pour retrouver confiance en elles Enfin, \u00e0 noter parmi les 15 organisations\u00a0repr\u00e9sentant la jeunesse, 1 laur\u00e9at fran\u00e7ais :\u00a0Camille Souffron, fondateur du\u00a0Secondary Education European Observatory, qui vise \u00e0 cr\u00e9er une communaut\u00e9 d&rsquo;apprentissage \u00e0 travers l&rsquo;Europe. 115 communaut\u00e9s issues\u00a0de 46 pays,\u00a0pour\u00a0plus de 6 000 candidatures Les leaders de communaut\u00e9s sur Facebook jouent un r\u00f4le crucial dans la cr\u00e9ation de lien et le partage. Souvent, c&rsquo;est le manque de moyens qui les freine, et c&rsquo;est pour cela que nous avons cr\u00e9\u00e9 le Facebook Community Leadership Program. A\u00a0travers des financements, mais \u00e9galement un accompagnement et\u00a0des formations, ce programme a vocation \u00e0 aider ces leaders\u00a0qui b\u00e2tissent des communaut\u00e9s partout dans le monde \u00e0\u00a0accro\u00eetre leur impact.\u00a0Il comprend : Des programmes de r\u00e9sidence et de bourses de recherche qui offrent de la formation, du soutien et du financement Des cercles\u00a0qui rassemblent les leaders de\u00a0communaut\u00e9s locales pour cr\u00e9er des liens, apprendre et\u00a0collaborer. Nous avons r\u00e9cemment lanc\u00e9 le\u00a0Community Leadership Circle de Paris, g\u00e9r\u00e9 par des volontaires et des membres de l\u2019\u00e9quipe Facebook afin d&rsquo;encourager les interactions entre les leaders de communaut\u00e9s, notamment \u00e0 travers des \u00e9v\u00e9nements. Des groupes pour les\u00a0Facebook Power Admins, que nous g\u00e9rons actuellement avec plus de 10 000 administrateurs de groupes aux \u00c9tats-Unis et au Royaume-Uni, s&rsquo;\u00e9tendent \u00e0 un plus grand nombre de membres pour les aider \u00e0 partager leurs conseils entre eux et\u00a0\u00e0 \u00e9changer\u00a0avec notre \u00e9quipe pour tester de nouvelles fonctionnalit\u00e9s et partager leurs commentaires. Plus d\u2019informations\u00a0: Sur le Facebook Community Leadership Program :\u00a0https:\/\/communities.fb.com\/ Sur le\u00a0lancement du programme en f\u00e9vrier 2018 :\u00a0A new investment in Community Leaders Annonce de l&rsquo;ensemble des laur\u00e9ats\u00a0: https:\/\/newsroom.fb.com\/news\/2018\/09\/introducing-the-facebook-community-leadership-program-participants\/\" \/>\n<meta property=\"og:url\" content=\"https:\/\/about.fb.com\/fr\/news\/2018\/09\/facebook-la-communaute-francaise-wanted-et-beneficiera-dun-accompagnement-et-dun-financement-d1-million-de-dollars\/\" \/>\n<meta property=\"og:site_name\" content=\"\u00c0 propos de Meta\" \/>\n<meta property=\"article:published_time\" content=\"2018-09-24T08:37:23+00:00\" \/>\n<meta property=\"article:modified_time\" content=\"2020-02-25T05:55:44+00:00\" \/>\n<meta property=\"og:image\" content=\"https:\/\/about.fb.com\/fr\/wp-content\/uploads\/sites\/12\/2018\/09\/homepage-carousel-opt2.png?resize=1024,691\" \/>\n\t<meta property=\"og:image:width\" content=\"1024\" \/>\n\t<meta property=\"og:image:height\" content=\"691\" \/>\n\t<meta property=\"og:image:type\" content=\"image\/png\" \/>\n<meta name=\"author\" content=\"prgrand\" \/>\n<meta name=\"twitter:card\" content=\"summary_large_image\" \/>\n<meta name=\"twitter:label1\" content=\"Written by\" \/>\n\t<meta name=\"twitter:data1\" content=\"Meta\" \/>\n\t<meta name=\"twitter:label2\" content=\"Est. reading time\" \/>\n\t<meta name=\"twitter:data2\" content=\"2 minutes\" \/>\n<script type=\"application\/ld+json\" class=\"yoast-schema-graph\">{\"@context\":\"https:\/\/schema.org\",\"@graph\":[{\"@type\":\"Article\",\"@id\":\"https:\/\/about.fb.com\/fr\/news\/2018\/09\/facebook-la-communaute-francaise-wanted-et-beneficiera-dun-accompagnement-et-dun-financement-d1-million-de-dollars\/#article\",\"isPartOf\":{\"@id\":\"https:\/\/about.fb.com\/fr\/news\/2018\/09\/facebook-la-communaute-francaise-wanted-et-beneficiera-dun-accompagnement-et-dun-financement-d1-million-de-dollars\/\"},\"author\":\"Facebook company\",\"headline\":\"Facebook : la communaut\u00e9 fran\u00e7aise \u00ab\u00a0Wanted\u00a0\u00bb b\u00e9n\u00e9ficiera d&rsquo;un accompagnement et d&rsquo;un financement d&rsquo;1 million de dollars\",\"datePublished\":\"2018-09-24T08:37:23+00:00\",\"dateModified\":\"2020-02-25T05:55:44+00:00\",\"mainEntityOfPage\":{\"@id\":\"https:\/\/about.fb.com\/fr\/news\/2018\/09\/facebook-la-communaute-francaise-wanted-et-beneficiera-dun-accompagnement-et-dun-financement-d1-million-de-dollars\/\"},\"wordCount\":518,\"publisher\":{\"@id\":\"https:\/\/about.fb.com\/fr\/#organization\"},\"image\":{\"@id\":\"https:\/\/about.fb.com\/fr\/news\/2018\/09\/facebook-la-communaute-francaise-wanted-et-beneficiera-dun-accompagnement-et-dun-financement-d1-million-de-dollars\/#primaryimage\"},\"thumbnailUrl\":\"https:\/\/about.fb.com\/fr\/wp-content\/uploads\/sites\/12\/2018\/09\/homepage-carousel-opt2.png?fit=1376%2C928\",\"articleSection\":[\"Actualit\u00e9s\",\"Communaut\u00e9s\"],\"inLanguage\":\"fr-FR\"},{\"@type\":\"WebPage\",\"@id\":\"https:\/\/about.fb.com\/fr\/news\/2018\/09\/facebook-la-communaute-francaise-wanted-et-beneficiera-dun-accompagnement-et-dun-financement-d1-million-de-dollars\/\",\"url\":\"https:\/\/about.fb.com\/fr\/news\/2018\/09\/facebook-la-communaute-francaise-wanted-et-beneficiera-dun-accompagnement-et-dun-financement-d1-million-de-dollars\/\",\"name\":\"Facebook : la communaut\u00e9 fran\u00e7aise \\\"Wanted\\\" b\u00e9n\u00e9ficiera d'un accompagnement et d'un financement d'1 million de dollars | \u00c0 propos de Meta\",\"isPartOf\":{\"@id\":\"https:\/\/about.fb.com\/fr\/#website\"},\"primaryImageOfPage\":{\"@id\":\"https:\/\/about.fb.com\/fr\/news\/2018\/09\/facebook-la-communaute-francaise-wanted-et-beneficiera-dun-accompagnement-et-dun-financement-d1-million-de-dollars\/#primaryimage\"},\"image\":{\"@id\":\"https:\/\/about.fb.com\/fr\/news\/2018\/09\/facebook-la-communaute-francaise-wanted-et-beneficiera-dun-accompagnement-et-dun-financement-d1-million-de-dollars\/#primaryimage\"},\"thumbnailUrl\":\"https:\/\/about.fb.com\/fr\/wp-content\/uploads\/sites\/12\/2018\/09\/homepage-carousel-opt2.png?fit=1376%2C928\",\"datePublished\":\"2018-09-24T08:37:23+00:00\",\"dateModified\":\"2020-02-25T05:55:44+00:00\",\"breadcrumb\":{\"@id\":\"https:\/\/about.fb.com\/fr\/news\/2018\/09\/facebook-la-communaute-francaise-wanted-et-beneficiera-dun-accompagnement-et-dun-financement-d1-million-de-dollars\/#breadcrumb\"},\"inLanguage\":\"fr-FR\",\"potentialAction\":[{\"@type\":\"ReadAction\",\"target\":[\"https:\/\/about.fb.com\/fr\/news\/2018\/09\/facebook-la-communaute-francaise-wanted-et-beneficiera-dun-accompagnement-et-dun-financement-d1-million-de-dollars\/\"]}],\"author\":\"\u00c0 propos de Meta\"},{\"@type\":\"ImageObject\",\"inLanguage\":\"fr-FR\",\"@id\":\"https:\/\/about.fb.com\/fr\/news\/2018\/09\/facebook-la-communaute-francaise-wanted-et-beneficiera-dun-accompagnement-et-dun-financement-d1-million-de-dollars\/#primaryimage\",\"url\":\"https:\/\/about.fb.com\/fr\/wp-content\/uploads\/sites\/12\/2018\/09\/homepage-carousel-opt2.png?fit=1376%2C928\",\"contentUrl\":\"https:\/\/about.fb.com\/fr\/wp-content\/uploads\/sites\/12\/2018\/09\/homepage-carousel-opt2.png?fit=1376%2C928\",\"width\":1376,\"height\":928},{\"@type\":\"BreadcrumbList\",\"@id\":\"https:\/\/about.fb.com\/fr\/news\/2018\/09\/facebook-la-communaute-francaise-wanted-et-beneficiera-dun-accompagnement-et-dun-financement-d1-million-de-dollars\/#breadcrumb\",\"itemListElement\":[{\"@type\":\"ListItem\",\"position\":1,\"name\":\"Home\",\"item\":\"https:\/\/about.fb.com\/fr\/\"},{\"@type\":\"ListItem\",\"position\":2,\"name\":\"Facebook : la communaut\u00e9 fran\u00e7aise \u00ab\u00a0Wanted\u00a0\u00bb b\u00e9n\u00e9ficiera d&rsquo;un accompagnement et d&rsquo;un financement d&rsquo;1 million de dollars\"}]},{\"@type\":\"WebSite\",\"@id\":\"https:\/\/about.fb.com\/fr\/#website\",\"url\":\"https:\/\/about.fb.com\/news\/\",\"name\":\"\u00c0 propos de Meta\",\"description\":\"\",\"publisher\":{\"@id\":\"https:\/\/about.fb.com\/fr\/#organization\"},\"potentialAction\":[{\"@type\":\"SearchAction\",\"target\":{\"@type\":\"EntryPoint\",\"urlTemplate\":\"https:\/\/about.fb.com\/fr\/?s={search_term_string}\"},\"query-input\":{\"@type\":\"PropertyValueSpecification\",\"valueRequired\":true,\"valueName\":\"search_term_string\"}}],\"inLanguage\":\"fr-FR\",\"alternateName\":[\"Meta Newsroom\",\"Meta\"]},{\"@type\":\"Organization\",\"@id\":\"https:\/\/about.fb.com\/fr\/#organization\",\"name\":\"Meta\",\"url\":\"https:\/\/about.fb.com\/fr\/\",\"logo\":{\"@type\":\"ImageObject\",\"inLanguage\":\"fr-FR\",\"@id\":\"https:\/\/about.fb.com\/fr\/#\/schema\/logo\/image\/\",\"url\":\"https:\/\/about.fb.com\/fr\/wp-content\/uploads\/sites\/12\/2021\/10\/meta-social-16x9-1.jpg?fit=8000%2C4500\",\"contentUrl\":\"https:\/\/about.fb.com\/fr\/wp-content\/uploads\/sites\/12\/2021\/10\/meta-social-16x9-1.jpg?fit=8000%2C4500\",\"width\":8000,\"height\":4500,\"caption\":\"Meta\"},\"image\":{\"@id\":\"https:\/\/about.fb.com\/fr\/#\/schema\/logo\/image\/\"}}]}<\/script>\n<!-- \/ Yoast SEO plugin. -->","yoast_head_json":{"title":"Facebook : la communaut\u00e9 fran\u00e7aise \"Wanted\" b\u00e9n\u00e9ficiera d'un accompagnement et d'un financement d'1 million de dollars | \u00c0 propos de Meta","robots":{"index":"index","follow":"follow","max-snippet":"max-snippet:-1","max-image-preview":"max-image-preview:large","max-video-preview":"max-video-preview:-1"},"canonical":"https:\/\/about.fb.com\/fr\/news\/2018\/09\/facebook-la-communaute-francaise-wanted-et-beneficiera-dun-accompagnement-et-dun-financement-d1-million-de-dollars\/","og_locale":"fr_FR","og_type":"article","og_title":"Facebook : la communaut\u00e9 fran\u00e7aise \"Wanted\" b\u00e9n\u00e9ficiera d'un accompagnement et d'un financement d'1 million de dollars | \u00c0 propos de Meta","og_description":"3\u00a0autres\u00a0communaut\u00e9s fran\u00e7aises\u00a0sont laur\u00e9ates chacune\u00a0d&rsquo;une bourse de 50 000 dollars pour soutenir leurs activit\u00e9s La communaut\u00e9 fran\u00e7aise\u00a0Wanted Community\u00a0a \u00e9t\u00e9 s\u00e9lectionn\u00e9e pour b\u00e9n\u00e9ficier d&rsquo;une r\u00e9sidence incluant un accompagnement, de la formation et un financement d&rsquo;1 million de dollars, dans le cadre\u00a0du\u00a0programme Facebook Community Leadership annonc\u00e9 en f\u00e9vrier dernier, au c\u00f4t\u00e9 de 4 autres communaut\u00e9s issues d&rsquo;autres r\u00e9gions du monde. Cette communaut\u00e9 d\u2019entraide, n\u00e9e sur Facebook, rassemble aujourd&rsquo;hui des centaines de milliers de personnes dans 82 groupes\u00a0\u00e0 travers toute\u00a0la France\u00a0autour de la solidarit\u00e9 et du vivre-ensemble. Les membres utilisent ces groupes pour avoir de l\u2019aide ou des solutions sur le sujet de leur choix, \u00e9changer des bons plans\u00a0ou encore proposer un contrat ou un stage. Par ailleurs, plus d&rsquo;une centaine de communaut\u00e9s dans le monde recevront chacune une bourse de 50 000 dollars, dont 2 communaut\u00e9s fran\u00e7aises : Run Eco Team,\u00a0une communaut\u00e9 \u00e9cologique et sportive mobilis\u00e9e autour du ramassage de d\u00e9chets lors des joggings Le Cocon des Brindilles, un groupe de soutien qui accompagne des jeunes femmes fragilis\u00e9es en leur offrant des cl\u00e9s pour retrouver confiance en elles Enfin, \u00e0 noter parmi les 15 organisations\u00a0repr\u00e9sentant la jeunesse, 1 laur\u00e9at fran\u00e7ais :\u00a0Camille Souffron, fondateur du\u00a0Secondary Education European Observatory, qui vise \u00e0 cr\u00e9er une communaut\u00e9 d&rsquo;apprentissage \u00e0 travers l&rsquo;Europe. 115 communaut\u00e9s issues\u00a0de 46 pays,\u00a0pour\u00a0plus de 6 000 candidatures Les leaders de communaut\u00e9s sur Facebook jouent un r\u00f4le crucial dans la cr\u00e9ation de lien et le partage. Souvent, c&rsquo;est le manque de moyens qui les freine, et c&rsquo;est pour cela que nous avons cr\u00e9\u00e9 le Facebook Community Leadership Program. A\u00a0travers des financements, mais \u00e9galement un accompagnement et\u00a0des formations, ce programme a vocation \u00e0 aider ces leaders\u00a0qui b\u00e2tissent des communaut\u00e9s partout dans le monde \u00e0\u00a0accro\u00eetre leur impact.\u00a0Il comprend : Des programmes de r\u00e9sidence et de bourses de recherche qui offrent de la formation, du soutien et du financement Des cercles\u00a0qui rassemblent les leaders de\u00a0communaut\u00e9s locales pour cr\u00e9er des liens, apprendre et\u00a0collaborer. Nous avons r\u00e9cemment lanc\u00e9 le\u00a0Community Leadership Circle de Paris, g\u00e9r\u00e9 par des volontaires et des membres de l\u2019\u00e9quipe Facebook afin d&rsquo;encourager les interactions entre les leaders de communaut\u00e9s, notamment \u00e0 travers des \u00e9v\u00e9nements. Des groupes pour les\u00a0Facebook Power Admins, que nous g\u00e9rons actuellement avec plus de 10 000 administrateurs de groupes aux \u00c9tats-Unis et au Royaume-Uni, s&rsquo;\u00e9tendent \u00e0 un plus grand nombre de membres pour les aider \u00e0 partager leurs conseils entre eux et\u00a0\u00e0 \u00e9changer\u00a0avec notre \u00e9quipe pour tester de nouvelles fonctionnalit\u00e9s et partager leurs commentaires. Plus d\u2019informations\u00a0: Sur le Facebook Community Leadership Program :\u00a0https:\/\/communities.fb.com\/ Sur le\u00a0lancement du programme en f\u00e9vrier 2018 :\u00a0A new investment in Community Leaders Annonce de l&rsquo;ensemble des laur\u00e9ats\u00a0: https:\/\/newsroom.fb.com\/news\/2018\/09\/introducing-the-facebook-community-leadership-program-participants\/","og_url":"https:\/\/about.fb.com\/fr\/news\/2018\/09\/facebook-la-communaute-francaise-wanted-et-beneficiera-dun-accompagnement-et-dun-financement-d1-million-de-dollars\/","og_site_name":"\u00c0 propos de Meta","article_published_time":"2018-09-24T08:37:23+00:00","article_modified_time":"2020-02-25T05:55:44+00:00","og_image":[{"width":1024,"height":691,"url":"https:\/\/about.fb.com\/fr\/wp-content\/uploads\/sites\/12\/2018\/09\/homepage-carousel-opt2.png?resize=1024,691","type":"image\/png"}],"author":"prgrand","twitter_card":"summary_large_image","twitter_misc":{"Written by":"Meta","Est. reading time":"2 minutes"},"schema":{"@context":"https:\/\/schema.org","@graph":[{"@type":"Article","@id":"https:\/\/about.fb.com\/fr\/news\/2018\/09\/facebook-la-communaute-francaise-wanted-et-beneficiera-dun-accompagnement-et-dun-financement-d1-million-de-dollars\/#article","isPartOf":{"@id":"https:\/\/about.fb.com\/fr\/news\/2018\/09\/facebook-la-communaute-francaise-wanted-et-beneficiera-dun-accompagnement-et-dun-financement-d1-million-de-dollars\/"},"author":"Facebook company","headline":"Facebook : la communaut\u00e9 fran\u00e7aise \u00ab\u00a0Wanted\u00a0\u00bb b\u00e9n\u00e9ficiera d&rsquo;un accompagnement et d&rsquo;un financement d&rsquo;1 million de dollars","datePublished":"2018-09-24T08:37:23+00:00","dateModified":"2020-02-25T05:55:44+00:00","mainEntityOfPage":{"@id":"https:\/\/about.fb.com\/fr\/news\/2018\/09\/facebook-la-communaute-francaise-wanted-et-beneficiera-dun-accompagnement-et-dun-financement-d1-million-de-dollars\/"},"wordCount":518,"publisher":{"@id":"https:\/\/about.fb.com\/fr\/#organization"},"image":{"@id":"https:\/\/about.fb.com\/fr\/news\/2018\/09\/facebook-la-communaute-francaise-wanted-et-beneficiera-dun-accompagnement-et-dun-financement-d1-million-de-dollars\/#primaryimage"},"thumbnailUrl":"https:\/\/about.fb.com\/fr\/wp-content\/uploads\/sites\/12\/2018\/09\/homepage-carousel-opt2.png?fit=1376%2C928","articleSection":["Actualit\u00e9s","Communaut\u00e9s"],"inLanguage":"fr-FR"},{"@type":"WebPage","@id":"https:\/\/about.fb.com\/fr\/news\/2018\/09\/facebook-la-communaute-francaise-wanted-et-beneficiera-dun-accompagnement-et-dun-financement-d1-million-de-dollars\/","url":"https:\/\/about.fb.com\/fr\/news\/2018\/09\/facebook-la-communaute-francaise-wanted-et-beneficiera-dun-accompagnement-et-dun-financement-d1-million-de-dollars\/","name":"Facebook : la communaut\u00e9 fran\u00e7aise \"Wanted\" b\u00e9n\u00e9ficiera d'un accompagnement et d'un financement d'1 million de dollars | \u00c0 propos de Meta","isPartOf":{"@id":"https:\/\/about.fb.com\/fr\/#website"},"primaryImageOfPage":{"@id":"https:\/\/about.fb.com\/fr\/news\/2018\/09\/facebook-la-communaute-francaise-wanted-et-beneficiera-dun-accompagnement-et-dun-financement-d1-million-de-dollars\/#primaryimage"},"image":{"@id":"https:\/\/about.fb.com\/fr\/news\/2018\/09\/facebook-la-communaute-francaise-wanted-et-beneficiera-dun-accompagnement-et-dun-financement-d1-million-de-dollars\/#primaryimage"},"thumbnailUrl":"https:\/\/about.fb.com\/fr\/wp-content\/uploads\/sites\/12\/2018\/09\/homepage-carousel-opt2.png?fit=1376%2C928","datePublished":"2018-09-24T08:37:23+00:00","dateModified":"2020-02-25T05:55:44+00:00","breadcrumb":{"@id":"https:\/\/about.fb.com\/fr\/news\/2018\/09\/facebook-la-communaute-francaise-wanted-et-beneficiera-dun-accompagnement-et-dun-financement-d1-million-de-dollars\/#breadcrumb"},"inLanguage":"fr-FR","potentialAction":[{"@type":"ReadAction","target":["https:\/\/about.fb.com\/fr\/news\/2018\/09\/facebook-la-communaute-francaise-wanted-et-beneficiera-dun-accompagnement-et-dun-financement-d1-million-de-dollars\/"]}],"author":"\u00c0 propos de Meta"},{"@type":"ImageObject","inLanguage":"fr-FR","@id":"https:\/\/about.fb.com\/fr\/news\/2018\/09\/facebook-la-communaute-francaise-wanted-et-beneficiera-dun-accompagnement-et-dun-financement-d1-million-de-dollars\/#primaryimage","url":"https:\/\/about.fb.com\/fr\/wp-content\/uploads\/sites\/12\/2018\/09\/homepage-carousel-opt2.png?fit=1376%2C928","contentUrl":"https:\/\/about.fb.com\/fr\/wp-content\/uploads\/sites\/12\/2018\/09\/homepage-carousel-opt2.png?fit=1376%2C928","width":1376,"height":928},{"@type":"BreadcrumbList","@id":"https:\/\/about.fb.com\/fr\/news\/2018\/09\/facebook-la-communaute-francaise-wanted-et-beneficiera-dun-accompagnement-et-dun-financement-d1-million-de-dollars\/#breadcrumb","itemListElement":[{"@type":"ListItem","position":1,"name":"Home","item":"https:\/\/about.fb.com\/fr\/"},{"@type":"ListItem","position":2,"name":"Facebook : la communaut\u00e9 fran\u00e7aise \u00ab\u00a0Wanted\u00a0\u00bb b\u00e9n\u00e9ficiera d&rsquo;un accompagnement et d&rsquo;un financement d&rsquo;1 million de dollars"}]},{"@type":"WebSite","@id":"https:\/\/about.fb.com\/fr\/#website","url":"https:\/\/about.fb.com\/news\/","name":"\u00c0 propos de Meta","description":"","publisher":{"@id":"https:\/\/about.fb.com\/fr\/#organization"},"potentialAction":[{"@type":"SearchAction","target":{"@type":"EntryPoint","urlTemplate":"https:\/\/about.fb.com\/fr\/?s={search_term_string}"},"query-input":{"@type":"PropertyValueSpecification","valueRequired":true,"valueName":"search_term_string"}}],"inLanguage":"fr-FR","alternateName":["Meta Newsroom","Meta"]},{"@type":"Organization","@id":"https:\/\/about.fb.com\/fr\/#organization","name":"Meta","url":"https:\/\/about.fb.com\/fr\/","logo":{"@type":"ImageObject","inLanguage":"fr-FR","@id":"https:\/\/about.fb.com\/fr\/#\/schema\/logo\/image\/","url":"https:\/\/about.fb.com\/fr\/wp-content\/uploads\/sites\/12\/2021\/10\/meta-social-16x9-1.jpg?fit=8000%2C4500","contentUrl":"https:\/\/about.fb.com\/fr\/wp-content\/uploads\/sites\/12\/2021\/10\/meta-social-16x9-1.jpg?fit=8000%2C4500","width":8000,"height":4500,"caption":"Meta"},"image":{"@id":"https:\/\/about.fb.com\/fr\/#\/schema\/logo\/image\/"}}]}},"jetpack_featured_media_url":"https:\/\/about.fb.com\/fr\/wp-content\/uploads\/sites\/12\/2018\/09\/homepage-carousel-opt2.png?fit=1376%2C928","jetpack-related-posts":[],"jetpack_sharing_enabled":true,"amp_enabled":true,"_links":{"self":[{"href":"https:\/\/about.fb.com\/fr\/wp-json\/wp\/v2\/posts\/7138","targetHints":{"allow":["GET"]}}],"collection":[{"href":"https:\/\/about.fb.com\/fr\/wp-json\/wp\/v2\/posts"}],"about":[{"href":"https:\/\/about.fb.com\/fr\/wp-json\/wp\/v2\/types\/post"}],"author":[{"embeddable":true,"href":"https:\/\/about.fb.com\/fr\/wp-json\/wp\/v2\/users\/112028226"}],"replies":[{"embeddable":true,"href":"https:\/\/about.fb.com\/fr\/wp-json\/wp\/v2\/comments?post=7138"}],"version-history":[{"count":8,"href":"https:\/\/about.fb.com\/fr\/wp-json\/wp\/v2\/posts\/7138\/revisions"}],"predecessor-version":[{"id":8141,"href":"https:\/\/about.fb.com\/fr\/wp-json\/wp\/v2\/posts\/7138\/revisions\/8141"}],"wp:featuredmedia":[{"embeddable":true,"href":"https:\/\/about.fb.com\/fr\/wp-json\/wp\/v2\/media\/7140"}],"wp:attachment":[{"href":"https:\/\/about.fb.com\/fr\/wp-json\/wp\/v2\/media?parent=7138"}],"wp:term":[{"taxonomy":"category","embeddable":true,"href":"https:\/\/about.fb.com\/fr\/wp-json\/wp\/v2\/categories?post=7138"},{"taxonomy":"post_tag","embeddable":true,"href":"https:\/\/about.fb.com\/fr\/wp-json\/wp\/v2\/tags?post=7138"}],"curies":[{"name":"wp","href":"https:\/\/api.w.org\/{rel}","templated":true}]}}