{"id":7119,"date":"2018-09-11T16:25:35","date_gmt":"2018-09-11T14:25:35","guid":{"rendered":"http:\/\/fr.newsroom.fb.com\/?p=7119"},"modified":"2020-02-25T06:55:44","modified_gmt":"2020-02-25T05:55:44","slug":"facebook-sengage-pour-la-region-sud-provence-alpes-cote-dazur-rendez-vous-les-18-et-19-septembre-a-marseille-pour-booster-vos-competences-digitales","status":"publish","type":"post","link":"https:\/\/about.fb.com\/fr\/news\/2018\/09\/facebook-sengage-pour-la-region-sud-provence-alpes-cote-dazur-rendez-vous-les-18-et-19-septembre-a-marseille-pour-booster-vos-competences-digitales\/","title":{"rendered":"Facebook s\u2019engage pour la r\u00e9gion SUD &#8211; Provence-Alpes-C\u00f4te d&rsquo;Azur :  Rendez-vous les 18 et 19 septembre \u00e0 Marseille pour booster vos comp\u00e9tences digitales !"},"content":{"rendered":"<ul>\n<li><strong>2 jours de formation num\u00e9rique gratuite pour tous : chefs d\u2019entreprise, associations, personnes en recherche d\u2019emploi et familles<\/strong><\/li>\n<li><strong>Renaud Muselie<\/strong><strong>r, <\/strong><strong>Pr\u00e9sident de la R\u00e9gion Provence-Alpes-C\u00f4te d\u2019Azur, D\u00e9put\u00e9 europ\u00e9en, et Matthieu Laporte, Directeur Europe du Sud, TPE-PME chez Facebook, inaugureront l\u2019\u00e9v\u00e9nement le mardi 18 septembre \u00e0 10h<\/strong><\/li>\n<li><strong>Le mardi 18 septembre sera d\u00e9di\u00e9 \u00e0 l\u2019entrepreneuriat, \u00e0 l\u2019innovation et aux comp\u00e9tences digitales, et le mercredi 19 septembre mettra l\u2019art, la culture et la cr\u00e9ativit\u00e9 \u00e0 l\u2019honneur <\/strong><\/li>\n<\/ul>\n<p>En collaboration avec la R\u00e9gion SUD \u2013 Provence-Alpes-C\u00f4te d\u2019Azur, le Boost Num\u00e9rique de Facebook s&rsquo;installe pendant 2 jours \u00e0 la Villa M\u00e9diterran\u00e9e \u00e0 Marseille, pour aider les TPE-PME, les habitants de la r\u00e9gion et l\u2019ensemble des acteurs locaux \u00e0 d\u00e9couvrir toutes les opportunit\u00e9s du num\u00e9rique. Pendant 2 jours, les \u00e9quipes de Facebook et leurs partenaires locaux organisent des conf\u00e9rences et ateliers gratuits et accessibles \u00e0 tous. Tous les publics pourront enrichir leurs comp\u00e9tences digitales afin d&rsquo;\u00e9tendre leur r\u00e9seau, faciliter leur recherche d\u2019emploi, d\u00e9velopper leur entreprise ou encore lib\u00e9rer leur cr\u00e9ativit\u00e9 lors d&rsquo;ateliers organis\u00e9s par niveau.<\/p>\n<p>Pour cette \u00e9dition marseillaise, l&rsquo;art et la culture sont \u00e0 l&rsquo;honneur : les participants pourront d\u00e9couvrir comment les outils digitaux sont de formidables outils pour s&rsquo;inspirer, s&rsquo;exprimer ou r\u00e9v\u00e9ler des talents.<\/p>\n<p><strong>Un \u00e9v\u00e9nement gratuit et accessible \u00e0 tous pendant 2 jours !<\/strong><\/p>\n<h4><strong>Mardi 18 septembre : Entrepreneuriat, Innovation et Comp\u00e9tences digitales &#8212;<\/strong><\/h4>\n<h5><strong>MATIN\u00c9E<\/strong><\/h5>\n<p><strong>9h15-9h30\u00a0: Ouverture du Boost Num\u00e9rique<\/strong><\/p>\n<ul>\n<li>Roland Gomez, Pr\u00e9sident de la CCI R\u00e9gion Sud<\/li>\n<li>Matthieu Laporte, Directeur Europe du Sud, TPE-PME chez Facebook<\/li>\n<\/ul>\n<p><strong>9h30-10h05\u00a0: T\u00e9moignages et table-ronde avec des <\/strong><strong>TPE-PME locales<\/strong><\/p>\n<ul>\n<li>Shanty Baehrel, Fondatrice <a href=\"https:\/\/urldefense.proofpoint.com\/v2\/url?u=https-3A__www.facebook.com_ShantyBiscuits_&amp;d=DwMGaQ&amp;c=qwStF0e4-YFyvjCeML3ehA&amp;r=zS-xHFxBYG6N51uS0rXw5HmsAVJOvuYz8L_duUiVB5o&amp;m=2UOtsNHPYmsOZJPU1DjVGTQGrCz3Ufqp4oNqg7MGlbU&amp;s=GevuxFuc4kzFeWPXoJDxNpbUCUh_g-Pce1xk6zlTKto&amp;e=\">Shanty Biscuits<\/a><\/li>\n<li>Cyril Coulard, Dirigeant de l&rsquo;herboristerie <a href=\"https:\/\/urldefense.proofpoint.com\/v2\/url?u=https-3A__www.facebook.com_herboristeriepereblaize_-3Fref-3Dbr-5Frs&amp;d=DwMGaQ&amp;c=qwStF0e4-YFyvjCeML3ehA&amp;r=zS-xHFxBYG6N51uS0rXw5HmsAVJOvuYz8L_duUiVB5o&amp;m=2UOtsNHPYmsOZJPU1DjVGTQGrCz3Ufqp4oNqg7MGlbU&amp;s=CHmyw1Lt5S2g3GmUSLM6GKDbhAPcFlU80KDXSTh6UH8&amp;e=\">Le P\u00e8re Blaize<\/a><\/li>\n<li>Thomas Pons, Dirigeant de <a href=\"https:\/\/www.facebook.com\/rollermamaice\/\">Roller Mama<\/a><\/li>\n<li>Nil Parra, Fondateur de <a href=\"https:\/\/www.facebook.com\/commeavantcosmetique\/\">Comme Avant<\/a><\/li>\n<\/ul>\n<p><strong>10h05-10h20\u00a0: Inauguration du Boost Num\u00e9rique par <\/strong><strong>Renaud Muselier, Pr\u00e9sident de la R\u00e9gion Provence-Alpes-C\u00f4te d\u2019Azur, D\u00e9put\u00e9 europ\u00e9en, et de Matthieu Laporte, Directeur Europe du Sud, TPE-PME chez Facebook<\/strong><\/p>\n<p><strong>10h20-10h45\u00a0: Table-ronde autour du digital en entreprise<\/strong><\/p>\n<ul>\n<li>Nicolas Farin, Responsable de Facebook Workplace<\/li>\n<li>Fr\u00e9d\u00e9rique Alverola, Directrice des Ressources Humaines de l\u2019Olympique de Marseille<\/li>\n<li>Fr\u00e9d\u00e9ric Cozic, Directeur Digital et M\u00e9dia de l\u2019Olympique de Marseille<\/li>\n<\/ul>\n<p><strong>11h00-12h30\u00a0: Ateliers pour trouver de nouveaux clients avec Facebook, se d\u00e9velopper \u00e0 l\u2019international, utiliser toutes les potentialit\u00e9s du mobile\u2026<\/strong><\/p>\n<h5><strong>APR\u00c8S-MIDI<\/strong><\/h5>\n<p><strong>13h45-14h00\u00a0: Ouverture<\/strong><\/p>\n<ul>\n<li>Matthieu Laporte, Directeur Europe du Sud, TPE-PME chez Facebook<\/li>\n<li>Sofiane Ammar, Directeur de l&rsquo;Acc\u00e9l\u00e9rateur <a href=\"https:\/\/urldefense.proofpoint.com\/v2\/url?u=https-3A__www.facebook.com_thecamp.provence_&amp;d=DwMGaQ&amp;c=qwStF0e4-YFyvjCeML3ehA&amp;r=zS-xHFxBYG6N51uS0rXw5HmsAVJOvuYz8L_duUiVB5o&amp;m=2UOtsNHPYmsOZJPU1DjVGTQGrCz3Ufqp4oNqg7MGlbU&amp;s=RIxiBkbpSbhsLjyeKII56qabZHs3cE-Rk64mpQ3DlEk&amp;e=\">thecamp<\/a><\/li>\n<\/ul>\n<p><strong>14h00-14h15\u00a0: Rencontre inspirante autour de <\/strong><strong>l&rsquo;intelligence artificielle\u00a0<\/strong><\/p>\n<ul>\n<li>Morgane Rivi\u00e8re, chercheur en intelligence artificielle au <a href=\"https:\/\/urldefense.proofpoint.com\/v2\/url?u=https-3A__research.fb.com_category_facebook-2Dai-2Dresearch_&amp;d=DwMGaQ&amp;c=qwStF0e4-YFyvjCeML3ehA&amp;r=zS-xHFxBYG6N51uS0rXw5HmsAVJOvuYz8L_duUiVB5o&amp;m=2UOtsNHPYmsOZJPU1DjVGTQGrCz3Ufqp4oNqg7MGlbU&amp;s=P2iQDKk8bbKmJdSiu3hsBBYRKcJDOmBjaOG_kIxpYGQ&amp;e=\">laboratoire d&rsquo;Intelligence Artificielle de Facebook \u00e0 Paris (FAIR)<\/a><\/li>\n<\/ul>\n<p><strong>14h15-14h45\u00a0: Table-ronde avec des acteurs locaux de l\u2019innovation<\/strong><\/p>\n<ul>\n<li>Olivier Guillaume, fondateur de 02Quant<\/li>\n<li>Sofiane Ammar, Directeur de The Camp<\/li>\n<li>St\u00e9phane Descombes, Directeur MSI de l\u2019Universit\u00e9 C\u00f4te d\u2019Azur<\/li>\n<\/ul>\n<p><strong>15h00-17h15\u00a0: Ateliers autour du recrutement de nouveaux clients, de la construction d\u2019une communaut\u00e9 sur Facebook, ou encore du d\u00e9veloppement de sa pr\u00e9sence sur Instagram <\/strong><\/p>\n<p><strong>18h00-21h00\u00a0: Happy Hour autour des communaut\u00e9s sur les r\u00e9seaux sociaux, avec Make Sense et Make It Marseille<\/strong><\/p>\n<h4><strong>Mercredi 19 septembre : Art, Culture et Cr\u00e9ativit\u00e9<\/strong><\/h4>\n<h5><strong>MATIN\u00c9E<\/strong><\/h5>\n<p><strong>9h15-9h45\u00a0: Ouverture<\/strong><\/p>\n<ul>\n<li>Xavier Rey, Directeur des Mus\u00e9es de la ville de Marseille<\/li>\n<li>Matthieu Laporte, Directeur Europe du Sud, TPE-PME chez Facebook<\/li>\n<\/ul>\n<p><strong>9h45-10h15\u00a0: Rencontre inspirante autour de la culture<\/strong><\/p>\n<ul>\n<li>Axelle Bena\u00efch, Fondatrice de l\u2019association culturelle <a href=\"https:\/\/urldefense.proofpoint.com\/v2\/url?u=https-3A__www.facebook.com_Fabulerie_&amp;d=DwMGaQ&amp;c=qwStF0e4-YFyvjCeML3ehA&amp;r=zS-xHFxBYG6N51uS0rXw5HmsAVJOvuYz8L_duUiVB5o&amp;m=2UOtsNHPYmsOZJPU1DjVGTQGrCz3Ufqp4oNqg7MGlbU&amp;s=rK_2qLEW_Hp8BrdLbD_c_rma-euM6D5KTr_O8e9V4tY&amp;e=\">La Fabulerie<\/a><\/li>\n<\/ul>\n<p><strong>10h15-10h45\u00a0: T\u00e9moignage sur la vid\u00e9o sur les r\u00e9seaux sociaux (sous r\u00e9serve de confirmation)<\/strong><\/p>\n<p><strong>11h00-12h30\u00a0: Ateliers pour trouver de nouveaux clients avec Facebook, se d\u00e9velopper \u00e0 l\u2019international, utiliser toutes les potentialit\u00e9s du mobile\u2026<\/strong><\/p>\n<h5><strong>APR\u00c8S-MIDI<\/strong><\/h5>\n<p><strong>13h45-14h15\u00a0: Ouverture<\/strong><\/p>\n<ul>\n<li>L&rsquo;artiste <a href=\"https:\/\/urldefense.proofpoint.com\/v2\/url?u=https-3A__www.facebook.com_johnhamonjohn-3Fref-3Dbr-5Frs&amp;d=DwMGaQ&amp;c=qwStF0e4-YFyvjCeML3ehA&amp;r=zS-xHFxBYG6N51uS0rXw5HmsAVJOvuYz8L_duUiVB5o&amp;m=2UOtsNHPYmsOZJPU1DjVGTQGrCz3Ufqp4oNqg7MGlbU&amp;s=SR-uk01dOvfs-bmM6JxXtx5SjFJGII3OC6RGfgcvvvk&amp;e=\">John Hamon<\/a><\/li>\n<\/ul>\n<p><strong>14h15-14h45\u00a0: Table-ronde autour de la musique \u00e0 l\u2019\u00e8re du num\u00e9rique<\/strong><\/p>\n<ul>\n<li>William Spleen, Fondateur de Hungry Music<\/li>\n<li>Derek Barbolla, Fondateur du <a href=\"https:\/\/urldefense.proofpoint.com\/v2\/url?u=https-3A__www.facebook.com_cerclemusic_&amp;d=DwMGaQ&amp;c=qwStF0e4-YFyvjCeML3ehA&amp;r=zS-xHFxBYG6N51uS0rXw5HmsAVJOvuYz8L_duUiVB5o&amp;m=2UOtsNHPYmsOZJPU1DjVGTQGrCz3Ufqp4oNqg7MGlbU&amp;s=XTXW0ry8nNefUCJRZAV0HkOOdv6Ol2aORUn700lAtq4&amp;e=\">Cercle<\/a><\/li>\n<\/ul>\n<p><strong>15h00-16h00\u00a0: Ateliers <\/strong><strong>autour de la cr\u00e9ativit\u00e9, de la vid\u00e9o et d\u2019Instagram <\/strong><\/p>\n<hr \/>\n<p><strong>Informations pratiques<\/strong><\/p>\n<ul>\n<li><strong>Date<\/strong> : 18 et 19 septembre 2018 de 9h30 \u00e0 18h<\/li>\n<li><strong>Lieu<\/strong> : Promenade Robert Laffont, 13002 Marseille<\/li>\n<li><strong>Acc\u00e8s\u00a0<\/strong>: BUS N\u00b0 49, 60, 82 &#8211; METRO station Vieux-Port ou Joliette &#8211; TRAMWAY T2 arr\u00eat R\u00e9publique Dames ou Joliette<\/li>\n<li><strong>Inscriptions<\/strong> : <a href=\"https:\/\/urldefense.proofpoint.com\/v2\/url?u=https-3A__fbboostnumeriquemarseille.splashthat.com_&amp;d=DwMFAw&amp;c=5VD0RTtNlTh3ycd41b3MUw&amp;r=juIQRnp47ox4cBaQOlQVXA&amp;m=w1i9pIR7MslJQO4rlA9iFrF1Iy8njyfhVSKP_hKJbfQ&amp;s=gptU34KZbb-OS4lhphVuw10XGjjRSNdTz_DxxjBB85k&amp;e=\">https:\/\/fbboostnumeriquemarseille.splashthat.com\/<\/a><\/li>\n<li><strong>Site web<\/strong> : <a href=\"https:\/\/urldefense.proofpoint.com\/v2\/url?u=https-3A__www.facebook.com_business_m_boostnumerique_marseille-3Fref-3Dalias&amp;d=DwMGaQ&amp;c=qwStF0e4-YFyvjCeML3ehA&amp;r=zS-xHFxBYG6N51uS0rXw5HmsAVJOvuYz8L_duUiVB5o&amp;m=2UOtsNHPYmsOZJPU1DjVGTQGrCz3Ufqp4oNqg7MGlbU&amp;s=dI_64WJpzByCYiIFeSaxICiqhRVA1gKyxaip1iKw7Bc&amp;e=\">https:\/\/www.facebook.com\/business\/m\/boostnumerique\/marseille?ref=alias<\/a><\/li>\n<\/ul>\n","protected":false},"excerpt":{"rendered":"2 jours de formation num\u00e9rique gratuite pour tous : chefs d\u2019entreprise, associations, personnes en recherche d\u2019emploi et familles Renaud Muselier, Pr\u00e9sident de la R\u00e9gion Provence-Alpes-C\u00f4te d\u2019Azur, D\u00e9put\u00e9 europ\u00e9en, et Matthieu Laporte, Directeur Europe du Sud, TPE-PME chez Facebook, inaugureront l\u2019\u00e9v\u00e9nement le mardi 18 septembre \u00e0 10h Le mardi 18 septembre sera d\u00e9di\u00e9 \u00e0 l\u2019entrepreneuriat, \u00e0 l\u2019innovation et aux comp\u00e9tences digitales, et le mercredi 19 septembre mettra l\u2019art, la culture et la cr\u00e9ativit\u00e9 \u00e0 l\u2019honneur En collaboration avec la R\u00e9gion SUD \u2013 Provence-Alpes-C\u00f4te d\u2019Azur, le Boost Num\u00e9rique de Facebook s&rsquo;installe pendant 2 jours \u00e0 la Villa M\u00e9diterran\u00e9e \u00e0 Marseille, pour aider les TPE-PME, les habitants de la r\u00e9gion et l\u2019ensemble des acteurs locaux \u00e0 d\u00e9couvrir toutes les opportunit\u00e9s du num\u00e9rique. Pendant 2 jours, les \u00e9quipes de Facebook et leurs partenaires locaux organisent des conf\u00e9rences et ateliers gratuits et accessibles \u00e0 tous. Tous les publics pourront enrichir leurs comp\u00e9tences digitales afin d&rsquo;\u00e9tendre leur r\u00e9seau, faciliter leur recherche d\u2019emploi, d\u00e9velopper leur entreprise ou encore lib\u00e9rer leur cr\u00e9ativit\u00e9 lors d&rsquo;ateliers organis\u00e9s par niveau. Pour cette \u00e9dition marseillaise, l&rsquo;art et la culture sont \u00e0 l&rsquo;honneur : les participants pourront d\u00e9couvrir comment les outils digitaux sont de formidables outils pour s&rsquo;inspirer, s&rsquo;exprimer ou r\u00e9v\u00e9ler des talents. Un \u00e9v\u00e9nement gratuit et accessible \u00e0 tous pendant 2 jours ! Mardi 18 septembre : Entrepreneuriat, Innovation et Comp\u00e9tences digitales &#8212; MATIN\u00c9E 9h15-9h30\u00a0: Ouverture du Boost Num\u00e9rique Roland Gomez, Pr\u00e9sident de la CCI R\u00e9gion Sud Matthieu Laporte, Directeur Europe du Sud, TPE-PME chez Facebook 9h30-10h05\u00a0: T\u00e9moignages et table-ronde avec des TPE-PME locales Shanty Baehrel, Fondatrice Shanty Biscuits Cyril Coulard, Dirigeant de l&rsquo;herboristerie Le P\u00e8re Blaize Thomas Pons, Dirigeant de Roller Mama Nil Parra, Fondateur de Comme Avant 10h05-10h20\u00a0: Inauguration du Boost Num\u00e9rique par Renaud Muselier, Pr\u00e9sident de la R\u00e9gion Provence-Alpes-C\u00f4te d\u2019Azur, D\u00e9put\u00e9 europ\u00e9en, et de Matthieu Laporte, Directeur Europe du Sud, TPE-PME chez Facebook 10h20-10h45\u00a0: Table-ronde autour du digital en entreprise Nicolas Farin, Responsable de Facebook Workplace Fr\u00e9d\u00e9rique Alverola, Directrice des Ressources Humaines de l\u2019Olympique de Marseille Fr\u00e9d\u00e9ric Cozic, Directeur Digital et M\u00e9dia de l\u2019Olympique de Marseille 11h00-12h30\u00a0: Ateliers pour trouver de nouveaux clients avec Facebook, se d\u00e9velopper \u00e0 l\u2019international, utiliser toutes les potentialit\u00e9s du mobile\u2026 APR\u00c8S-MIDI 13h45-14h00\u00a0: Ouverture Matthieu Laporte, Directeur Europe du Sud, TPE-PME chez Facebook Sofiane Ammar, Directeur de l&rsquo;Acc\u00e9l\u00e9rateur thecamp 14h00-14h15\u00a0: Rencontre inspirante autour de l&rsquo;intelligence artificielle\u00a0 Morgane Rivi\u00e8re, chercheur en intelligence artificielle au laboratoire d&rsquo;Intelligence Artificielle de Facebook \u00e0 Paris (FAIR) 14h15-14h45\u00a0: Table-ronde avec des acteurs locaux de l\u2019innovation Olivier Guillaume, fondateur de 02Quant Sofiane Ammar, Directeur de The Camp St\u00e9phane Descombes, Directeur MSI de l\u2019Universit\u00e9 C\u00f4te d\u2019Azur 15h00-17h15\u00a0: Ateliers autour du recrutement de nouveaux clients, de la construction d\u2019une communaut\u00e9 sur Facebook, ou encore du d\u00e9veloppement de sa pr\u00e9sence sur Instagram 18h00-21h00\u00a0: Happy Hour autour des communaut\u00e9s sur les r\u00e9seaux sociaux, avec Make Sense et Make It Marseille Mercredi 19 septembre : Art, Culture et Cr\u00e9ativit\u00e9 MATIN\u00c9E 9h15-9h45\u00a0: Ouverture Xavier Rey, Directeur des Mus\u00e9es de la ville de Marseille Matthieu Laporte, Directeur Europe du Sud, TPE-PME chez Facebook 9h45-10h15\u00a0: Rencontre inspirante autour de la culture Axelle Bena\u00efch, Fondatrice de l\u2019association culturelle La Fabulerie 10h15-10h45\u00a0: T\u00e9moignage sur la vid\u00e9o sur les r\u00e9seaux sociaux (sous r\u00e9serve de confirmation) 11h00-12h30\u00a0: Ateliers pour trouver de nouveaux clients avec Facebook, se d\u00e9velopper \u00e0 l\u2019international, utiliser toutes les potentialit\u00e9s du mobile\u2026 APR\u00c8S-MIDI 13h45-14h15\u00a0: Ouverture L&rsquo;artiste John Hamon 14h15-14h45\u00a0: Table-ronde autour de la musique \u00e0 l\u2019\u00e8re du num\u00e9rique William Spleen, Fondateur de Hungry Music Derek Barbolla, Fondateur du Cercle 15h00-16h00\u00a0: Ateliers autour de la cr\u00e9ativit\u00e9, de la vid\u00e9o et d\u2019Instagram Informations pratiques Date : 18 et 19 septembre 2018 de 9h30 \u00e0 18h Lieu : Promenade Robert Laffont, 13002 Marseille Acc\u00e8s\u00a0: BUS N\u00b0 49, 60, 82 &#8211; METRO station Vieux-Port ou Joliette &#8211; TRAMWAY T2 arr\u00eat R\u00e9publique Dames ou Joliette Inscriptions : <a href=\"https:\/\/fbboostnumeriquemarseille.splashthat.com\/\" rel=\"nofollow\">https:\/\/fbboostnumeriquemarseille.splashthat.com\/<\/a> Site web : <a href=\"https:\/\/www.facebook.com\/business\/m\/boostnumerique\/marseille?ref=alias\" rel=\"nofollow\">https:\/\/www.facebook.com\/business\/m\/boostnumerique\/marseille?ref=alias<\/a>","protected":false},"author":137019697,"featured_media":7126,"comment_status":"closed","ping_status":"closed","sticky":false,"template":"","format":"standard","meta":{"_jetpack_memberships_contains_paid_content":false,"footnotes":""},"categories":[243897990,19698,243897938],"tags":[],"class_list":["post-7119","post","type-post","status-publish","format-standard","has-post-thumbnail","hentry","category-actualites","category-evenements","category-publicite"],"yoast_head":"<!-- This site is optimized with the Yoast SEO plugin v27.2 - https:\/\/yoast.com\/product\/yoast-seo-wordpress\/ -->\n<title>Facebook s\u2019engage pour la r\u00e9gion SUD - Provence-Alpes-C\u00f4te d&#039;Azur : Rendez-vous les 18 et 19 septembre \u00e0 Marseille pour booster vos comp\u00e9tences digitales ! | \u00c0 propos de Meta<\/title>\n<meta name=\"robots\" content=\"index, follow, max-snippet:-1, max-image-preview:large, max-video-preview:-1\" \/>\n<link rel=\"canonical\" href=\"https:\/\/about.fb.com\/fr\/news\/2018\/09\/facebook-sengage-pour-la-region-sud-provence-alpes-cote-dazur-rendez-vous-les-18-et-19-septembre-a-marseille-pour-booster-vos-competences-digitales\/\" \/>\n<meta property=\"og:locale\" content=\"fr_FR\" \/>\n<meta property=\"og:type\" content=\"article\" \/>\n<meta property=\"og:title\" content=\"Facebook s\u2019engage pour la r\u00e9gion SUD - Provence-Alpes-C\u00f4te d&#039;Azur : Rendez-vous les 18 et 19 septembre \u00e0 Marseille pour booster vos comp\u00e9tences digitales ! | \u00c0 propos de Meta\" \/>\n<meta property=\"og:description\" content=\"2 jours de formation num\u00e9rique gratuite pour tous : chefs d\u2019entreprise, associations, personnes en recherche d\u2019emploi et familles Renaud Muselier, Pr\u00e9sident de la R\u00e9gion Provence-Alpes-C\u00f4te d\u2019Azur, D\u00e9put\u00e9 europ\u00e9en, et Matthieu Laporte, Directeur Europe du Sud, TPE-PME chez Facebook, inaugureront l\u2019\u00e9v\u00e9nement le mardi 18 septembre \u00e0 10h Le mardi 18 septembre sera d\u00e9di\u00e9 \u00e0 l\u2019entrepreneuriat, \u00e0 l\u2019innovation et aux comp\u00e9tences digitales, et le mercredi 19 septembre mettra l\u2019art, la culture et la cr\u00e9ativit\u00e9 \u00e0 l\u2019honneur En collaboration avec la R\u00e9gion SUD \u2013 Provence-Alpes-C\u00f4te d\u2019Azur, le Boost Num\u00e9rique de Facebook s&rsquo;installe pendant 2 jours \u00e0 la Villa M\u00e9diterran\u00e9e \u00e0 Marseille, pour aider les TPE-PME, les habitants de la r\u00e9gion et l\u2019ensemble des acteurs locaux \u00e0 d\u00e9couvrir toutes les opportunit\u00e9s du num\u00e9rique. Pendant 2 jours, les \u00e9quipes de Facebook et leurs partenaires locaux organisent des conf\u00e9rences et ateliers gratuits et accessibles \u00e0 tous. Tous les publics pourront enrichir leurs comp\u00e9tences digitales afin d&rsquo;\u00e9tendre leur r\u00e9seau, faciliter leur recherche d\u2019emploi, d\u00e9velopper leur entreprise ou encore lib\u00e9rer leur cr\u00e9ativit\u00e9 lors d&rsquo;ateliers organis\u00e9s par niveau. Pour cette \u00e9dition marseillaise, l&rsquo;art et la culture sont \u00e0 l&rsquo;honneur : les participants pourront d\u00e9couvrir comment les outils digitaux sont de formidables outils pour s&rsquo;inspirer, s&rsquo;exprimer ou r\u00e9v\u00e9ler des talents. Un \u00e9v\u00e9nement gratuit et accessible \u00e0 tous pendant 2 jours ! Mardi 18 septembre : Entrepreneuriat, Innovation et Comp\u00e9tences digitales &#8212; MATIN\u00c9E 9h15-9h30\u00a0: Ouverture du Boost Num\u00e9rique Roland Gomez, Pr\u00e9sident de la CCI R\u00e9gion Sud Matthieu Laporte, Directeur Europe du Sud, TPE-PME chez Facebook 9h30-10h05\u00a0: T\u00e9moignages et table-ronde avec des TPE-PME locales Shanty Baehrel, Fondatrice Shanty Biscuits Cyril Coulard, Dirigeant de l&rsquo;herboristerie Le P\u00e8re Blaize Thomas Pons, Dirigeant de Roller Mama Nil Parra, Fondateur de Comme Avant 10h05-10h20\u00a0: Inauguration du Boost Num\u00e9rique par Renaud Muselier, Pr\u00e9sident de la R\u00e9gion Provence-Alpes-C\u00f4te d\u2019Azur, D\u00e9put\u00e9 europ\u00e9en, et de Matthieu Laporte, Directeur Europe du Sud, TPE-PME chez Facebook 10h20-10h45\u00a0: Table-ronde autour du digital en entreprise Nicolas Farin, Responsable de Facebook Workplace Fr\u00e9d\u00e9rique Alverola, Directrice des Ressources Humaines de l\u2019Olympique de Marseille Fr\u00e9d\u00e9ric Cozic, Directeur Digital et M\u00e9dia de l\u2019Olympique de Marseille 11h00-12h30\u00a0: Ateliers pour trouver de nouveaux clients avec Facebook, se d\u00e9velopper \u00e0 l\u2019international, utiliser toutes les potentialit\u00e9s du mobile\u2026 APR\u00c8S-MIDI 13h45-14h00\u00a0: Ouverture Matthieu Laporte, Directeur Europe du Sud, TPE-PME chez Facebook Sofiane Ammar, Directeur de l&rsquo;Acc\u00e9l\u00e9rateur thecamp 14h00-14h15\u00a0: Rencontre inspirante autour de l&rsquo;intelligence artificielle\u00a0 Morgane Rivi\u00e8re, chercheur en intelligence artificielle au laboratoire d&rsquo;Intelligence Artificielle de Facebook \u00e0 Paris (FAIR) 14h15-14h45\u00a0: Table-ronde avec des acteurs locaux de l\u2019innovation Olivier Guillaume, fondateur de 02Quant Sofiane Ammar, Directeur de The Camp St\u00e9phane Descombes, Directeur MSI de l\u2019Universit\u00e9 C\u00f4te d\u2019Azur 15h00-17h15\u00a0: Ateliers autour du recrutement de nouveaux clients, de la construction d\u2019une communaut\u00e9 sur Facebook, ou encore du d\u00e9veloppement de sa pr\u00e9sence sur Instagram 18h00-21h00\u00a0: Happy Hour autour des communaut\u00e9s sur les r\u00e9seaux sociaux, avec Make Sense et Make It Marseille Mercredi 19 septembre : Art, Culture et Cr\u00e9ativit\u00e9 MATIN\u00c9E 9h15-9h45\u00a0: Ouverture Xavier Rey, Directeur des Mus\u00e9es de la ville de Marseille Matthieu Laporte, Directeur Europe du Sud, TPE-PME chez Facebook 9h45-10h15\u00a0: Rencontre inspirante autour de la culture Axelle Bena\u00efch, Fondatrice de l\u2019association culturelle La Fabulerie 10h15-10h45\u00a0: T\u00e9moignage sur la vid\u00e9o sur les r\u00e9seaux sociaux (sous r\u00e9serve de confirmation) 11h00-12h30\u00a0: Ateliers pour trouver de nouveaux clients avec Facebook, se d\u00e9velopper \u00e0 l\u2019international, utiliser toutes les potentialit\u00e9s du mobile\u2026 APR\u00c8S-MIDI 13h45-14h15\u00a0: Ouverture L&rsquo;artiste John Hamon 14h15-14h45\u00a0: Table-ronde autour de la musique \u00e0 l\u2019\u00e8re du num\u00e9rique William Spleen, Fondateur de Hungry Music Derek Barbolla, Fondateur du Cercle 15h00-16h00\u00a0: Ateliers autour de la cr\u00e9ativit\u00e9, de la vid\u00e9o et d\u2019Instagram Informations pratiques Date : 18 et 19 septembre 2018 de 9h30 \u00e0 18h Lieu : Promenade Robert Laffont, 13002 Marseille Acc\u00e8s\u00a0: BUS N\u00b0 49, 60, 82 &#8211; METRO station Vieux-Port ou Joliette &#8211; TRAMWAY T2 arr\u00eat R\u00e9publique Dames ou Joliette Inscriptions : https:\/\/fbboostnumeriquemarseille.splashthat.com\/ Site web : https:\/\/www.facebook.com\/business\/m\/boostnumerique\/marseille?ref=alias\" \/>\n<meta property=\"og:url\" content=\"https:\/\/about.fb.com\/fr\/news\/2018\/09\/facebook-sengage-pour-la-region-sud-provence-alpes-cote-dazur-rendez-vous-les-18-et-19-septembre-a-marseille-pour-booster-vos-competences-digitales\/\" \/>\n<meta property=\"og:site_name\" content=\"\u00c0 propos de Meta\" \/>\n<meta property=\"article:published_time\" content=\"2018-09-11T14:25:35+00:00\" \/>\n<meta property=\"article:modified_time\" content=\"2020-02-25T05:55:44+00:00\" \/>\n<meta property=\"og:image\" content=\"https:\/\/about.fb.com\/fr\/wp-content\/uploads\/sites\/12\/2018\/09\/capture.png?resize=1024,614\" \/>\n\t<meta property=\"og:image:width\" content=\"1024\" \/>\n\t<meta property=\"og:image:height\" content=\"614\" \/>\n\t<meta property=\"og:image:type\" content=\"image\/png\" \/>\n<meta name=\"author\" content=\"elodielarcis\" \/>\n<meta name=\"twitter:card\" content=\"summary_large_image\" \/>\n<meta name=\"twitter:label1\" content=\"Written by\" \/>\n\t<meta name=\"twitter:data1\" content=\"Meta\" \/>\n\t<meta name=\"twitter:label2\" content=\"Est. reading time\" \/>\n\t<meta name=\"twitter:data2\" content=\"4 minutes\" \/>\n<script type=\"application\/ld+json\" class=\"yoast-schema-graph\">{\"@context\":\"https:\/\/schema.org\",\"@graph\":[{\"@type\":\"Article\",\"@id\":\"https:\/\/about.fb.com\/fr\/news\/2018\/09\/facebook-sengage-pour-la-region-sud-provence-alpes-cote-dazur-rendez-vous-les-18-et-19-septembre-a-marseille-pour-booster-vos-competences-digitales\/#article\",\"isPartOf\":{\"@id\":\"https:\/\/about.fb.com\/fr\/news\/2018\/09\/facebook-sengage-pour-la-region-sud-provence-alpes-cote-dazur-rendez-vous-les-18-et-19-septembre-a-marseille-pour-booster-vos-competences-digitales\/\"},\"author\":\"Facebook company\",\"headline\":\"Facebook s\u2019engage pour la r\u00e9gion SUD &#8211; Provence-Alpes-C\u00f4te d&rsquo;Azur : Rendez-vous les 18 et 19 septembre \u00e0 Marseille pour booster vos comp\u00e9tences digitales !\",\"datePublished\":\"2018-09-11T14:25:35+00:00\",\"dateModified\":\"2020-02-25T05:55:44+00:00\",\"mainEntityOfPage\":{\"@id\":\"https:\/\/about.fb.com\/fr\/news\/2018\/09\/facebook-sengage-pour-la-region-sud-provence-alpes-cote-dazur-rendez-vous-les-18-et-19-septembre-a-marseille-pour-booster-vos-competences-digitales\/\"},\"wordCount\":768,\"publisher\":{\"@id\":\"https:\/\/about.fb.com\/fr\/#organization\"},\"image\":{\"@id\":\"https:\/\/about.fb.com\/fr\/news\/2018\/09\/facebook-sengage-pour-la-region-sud-provence-alpes-cote-dazur-rendez-vous-les-18-et-19-septembre-a-marseille-pour-booster-vos-competences-digitales\/#primaryimage\"},\"thumbnailUrl\":\"https:\/\/about.fb.com\/fr\/wp-content\/uploads\/sites\/12\/2018\/09\/capture.png?fit=1146%2C687\",\"articleSection\":[\"Actualit\u00e9s\",\"\u00c9v\u00e8nements\",\"Publicit\u00e9\"],\"inLanguage\":\"fr-FR\"},{\"@type\":\"WebPage\",\"@id\":\"https:\/\/about.fb.com\/fr\/news\/2018\/09\/facebook-sengage-pour-la-region-sud-provence-alpes-cote-dazur-rendez-vous-les-18-et-19-septembre-a-marseille-pour-booster-vos-competences-digitales\/\",\"url\":\"https:\/\/about.fb.com\/fr\/news\/2018\/09\/facebook-sengage-pour-la-region-sud-provence-alpes-cote-dazur-rendez-vous-les-18-et-19-septembre-a-marseille-pour-booster-vos-competences-digitales\/\",\"name\":\"Facebook s\u2019engage pour la r\u00e9gion SUD - Provence-Alpes-C\u00f4te d'Azur : Rendez-vous les 18 et 19 septembre \u00e0 Marseille pour booster vos comp\u00e9tences digitales ! | \u00c0 propos de Meta\",\"isPartOf\":{\"@id\":\"https:\/\/about.fb.com\/fr\/#website\"},\"primaryImageOfPage\":{\"@id\":\"https:\/\/about.fb.com\/fr\/news\/2018\/09\/facebook-sengage-pour-la-region-sud-provence-alpes-cote-dazur-rendez-vous-les-18-et-19-septembre-a-marseille-pour-booster-vos-competences-digitales\/#primaryimage\"},\"image\":{\"@id\":\"https:\/\/about.fb.com\/fr\/news\/2018\/09\/facebook-sengage-pour-la-region-sud-provence-alpes-cote-dazur-rendez-vous-les-18-et-19-septembre-a-marseille-pour-booster-vos-competences-digitales\/#primaryimage\"},\"thumbnailUrl\":\"https:\/\/about.fb.com\/fr\/wp-content\/uploads\/sites\/12\/2018\/09\/capture.png?fit=1146%2C687\",\"datePublished\":\"2018-09-11T14:25:35+00:00\",\"dateModified\":\"2020-02-25T05:55:44+00:00\",\"breadcrumb\":{\"@id\":\"https:\/\/about.fb.com\/fr\/news\/2018\/09\/facebook-sengage-pour-la-region-sud-provence-alpes-cote-dazur-rendez-vous-les-18-et-19-septembre-a-marseille-pour-booster-vos-competences-digitales\/#breadcrumb\"},\"inLanguage\":\"fr-FR\",\"potentialAction\":[{\"@type\":\"ReadAction\",\"target\":[\"https:\/\/about.fb.com\/fr\/news\/2018\/09\/facebook-sengage-pour-la-region-sud-provence-alpes-cote-dazur-rendez-vous-les-18-et-19-septembre-a-marseille-pour-booster-vos-competences-digitales\/\"]}],\"author\":\"\u00c0 propos de Meta\"},{\"@type\":\"ImageObject\",\"inLanguage\":\"fr-FR\",\"@id\":\"https:\/\/about.fb.com\/fr\/news\/2018\/09\/facebook-sengage-pour-la-region-sud-provence-alpes-cote-dazur-rendez-vous-les-18-et-19-septembre-a-marseille-pour-booster-vos-competences-digitales\/#primaryimage\",\"url\":\"https:\/\/about.fb.com\/fr\/wp-content\/uploads\/sites\/12\/2018\/09\/capture.png?fit=1146%2C687\",\"contentUrl\":\"https:\/\/about.fb.com\/fr\/wp-content\/uploads\/sites\/12\/2018\/09\/capture.png?fit=1146%2C687\",\"width\":1146,\"height\":687},{\"@type\":\"BreadcrumbList\",\"@id\":\"https:\/\/about.fb.com\/fr\/news\/2018\/09\/facebook-sengage-pour-la-region-sud-provence-alpes-cote-dazur-rendez-vous-les-18-et-19-septembre-a-marseille-pour-booster-vos-competences-digitales\/#breadcrumb\",\"itemListElement\":[{\"@type\":\"ListItem\",\"position\":1,\"name\":\"Home\",\"item\":\"https:\/\/about.fb.com\/fr\/\"},{\"@type\":\"ListItem\",\"position\":2,\"name\":\"Facebook s\u2019engage pour la r\u00e9gion SUD &#8211; Provence-Alpes-C\u00f4te d&rsquo;Azur : Rendez-vous les 18 et 19 septembre \u00e0 Marseille pour booster vos comp\u00e9tences digitales !\"}]},{\"@type\":\"WebSite\",\"@id\":\"https:\/\/about.fb.com\/fr\/#website\",\"url\":\"https:\/\/about.fb.com\/news\/\",\"name\":\"\u00c0 propos de Meta\",\"description\":\"\",\"publisher\":{\"@id\":\"https:\/\/about.fb.com\/fr\/#organization\"},\"potentialAction\":[{\"@type\":\"SearchAction\",\"target\":{\"@type\":\"EntryPoint\",\"urlTemplate\":\"https:\/\/about.fb.com\/fr\/?s={search_term_string}\"},\"query-input\":{\"@type\":\"PropertyValueSpecification\",\"valueRequired\":true,\"valueName\":\"search_term_string\"}}],\"inLanguage\":\"fr-FR\",\"alternateName\":[\"Meta Newsroom\",\"Meta\"]},{\"@type\":\"Organization\",\"@id\":\"https:\/\/about.fb.com\/fr\/#organization\",\"name\":\"Meta\",\"url\":\"https:\/\/about.fb.com\/fr\/\",\"logo\":{\"@type\":\"ImageObject\",\"inLanguage\":\"fr-FR\",\"@id\":\"https:\/\/about.fb.com\/fr\/#\/schema\/logo\/image\/\",\"url\":\"https:\/\/about.fb.com\/fr\/wp-content\/uploads\/sites\/12\/2021\/10\/meta-social-16x9-1.jpg?fit=8000%2C4500\",\"contentUrl\":\"https:\/\/about.fb.com\/fr\/wp-content\/uploads\/sites\/12\/2021\/10\/meta-social-16x9-1.jpg?fit=8000%2C4500\",\"width\":8000,\"height\":4500,\"caption\":\"Meta\"},\"image\":{\"@id\":\"https:\/\/about.fb.com\/fr\/#\/schema\/logo\/image\/\"}}]}<\/script>\n<!-- \/ Yoast SEO plugin. -->","yoast_head_json":{"title":"Facebook s\u2019engage pour la r\u00e9gion SUD - Provence-Alpes-C\u00f4te d'Azur : Rendez-vous les 18 et 19 septembre \u00e0 Marseille pour booster vos comp\u00e9tences digitales ! | \u00c0 propos de Meta","robots":{"index":"index","follow":"follow","max-snippet":"max-snippet:-1","max-image-preview":"max-image-preview:large","max-video-preview":"max-video-preview:-1"},"canonical":"https:\/\/about.fb.com\/fr\/news\/2018\/09\/facebook-sengage-pour-la-region-sud-provence-alpes-cote-dazur-rendez-vous-les-18-et-19-septembre-a-marseille-pour-booster-vos-competences-digitales\/","og_locale":"fr_FR","og_type":"article","og_title":"Facebook s\u2019engage pour la r\u00e9gion SUD - Provence-Alpes-C\u00f4te d'Azur : Rendez-vous les 18 et 19 septembre \u00e0 Marseille pour booster vos comp\u00e9tences digitales ! | \u00c0 propos de Meta","og_description":"2 jours de formation num\u00e9rique gratuite pour tous : chefs d\u2019entreprise, associations, personnes en recherche d\u2019emploi et familles Renaud Muselier, Pr\u00e9sident de la R\u00e9gion Provence-Alpes-C\u00f4te d\u2019Azur, D\u00e9put\u00e9 europ\u00e9en, et Matthieu Laporte, Directeur Europe du Sud, TPE-PME chez Facebook, inaugureront l\u2019\u00e9v\u00e9nement le mardi 18 septembre \u00e0 10h Le mardi 18 septembre sera d\u00e9di\u00e9 \u00e0 l\u2019entrepreneuriat, \u00e0 l\u2019innovation et aux comp\u00e9tences digitales, et le mercredi 19 septembre mettra l\u2019art, la culture et la cr\u00e9ativit\u00e9 \u00e0 l\u2019honneur En collaboration avec la R\u00e9gion SUD \u2013 Provence-Alpes-C\u00f4te d\u2019Azur, le Boost Num\u00e9rique de Facebook s&rsquo;installe pendant 2 jours \u00e0 la Villa M\u00e9diterran\u00e9e \u00e0 Marseille, pour aider les TPE-PME, les habitants de la r\u00e9gion et l\u2019ensemble des acteurs locaux \u00e0 d\u00e9couvrir toutes les opportunit\u00e9s du num\u00e9rique. Pendant 2 jours, les \u00e9quipes de Facebook et leurs partenaires locaux organisent des conf\u00e9rences et ateliers gratuits et accessibles \u00e0 tous. Tous les publics pourront enrichir leurs comp\u00e9tences digitales afin d&rsquo;\u00e9tendre leur r\u00e9seau, faciliter leur recherche d\u2019emploi, d\u00e9velopper leur entreprise ou encore lib\u00e9rer leur cr\u00e9ativit\u00e9 lors d&rsquo;ateliers organis\u00e9s par niveau. Pour cette \u00e9dition marseillaise, l&rsquo;art et la culture sont \u00e0 l&rsquo;honneur : les participants pourront d\u00e9couvrir comment les outils digitaux sont de formidables outils pour s&rsquo;inspirer, s&rsquo;exprimer ou r\u00e9v\u00e9ler des talents. Un \u00e9v\u00e9nement gratuit et accessible \u00e0 tous pendant 2 jours ! Mardi 18 septembre : Entrepreneuriat, Innovation et Comp\u00e9tences digitales &#8212; MATIN\u00c9E 9h15-9h30\u00a0: Ouverture du Boost Num\u00e9rique Roland Gomez, Pr\u00e9sident de la CCI R\u00e9gion Sud Matthieu Laporte, Directeur Europe du Sud, TPE-PME chez Facebook 9h30-10h05\u00a0: T\u00e9moignages et table-ronde avec des TPE-PME locales Shanty Baehrel, Fondatrice Shanty Biscuits Cyril Coulard, Dirigeant de l&rsquo;herboristerie Le P\u00e8re Blaize Thomas Pons, Dirigeant de Roller Mama Nil Parra, Fondateur de Comme Avant 10h05-10h20\u00a0: Inauguration du Boost Num\u00e9rique par Renaud Muselier, Pr\u00e9sident de la R\u00e9gion Provence-Alpes-C\u00f4te d\u2019Azur, D\u00e9put\u00e9 europ\u00e9en, et de Matthieu Laporte, Directeur Europe du Sud, TPE-PME chez Facebook 10h20-10h45\u00a0: Table-ronde autour du digital en entreprise Nicolas Farin, Responsable de Facebook Workplace Fr\u00e9d\u00e9rique Alverola, Directrice des Ressources Humaines de l\u2019Olympique de Marseille Fr\u00e9d\u00e9ric Cozic, Directeur Digital et M\u00e9dia de l\u2019Olympique de Marseille 11h00-12h30\u00a0: Ateliers pour trouver de nouveaux clients avec Facebook, se d\u00e9velopper \u00e0 l\u2019international, utiliser toutes les potentialit\u00e9s du mobile\u2026 APR\u00c8S-MIDI 13h45-14h00\u00a0: Ouverture Matthieu Laporte, Directeur Europe du Sud, TPE-PME chez Facebook Sofiane Ammar, Directeur de l&rsquo;Acc\u00e9l\u00e9rateur thecamp 14h00-14h15\u00a0: Rencontre inspirante autour de l&rsquo;intelligence artificielle\u00a0 Morgane Rivi\u00e8re, chercheur en intelligence artificielle au laboratoire d&rsquo;Intelligence Artificielle de Facebook \u00e0 Paris (FAIR) 14h15-14h45\u00a0: Table-ronde avec des acteurs locaux de l\u2019innovation Olivier Guillaume, fondateur de 02Quant Sofiane Ammar, Directeur de The Camp St\u00e9phane Descombes, Directeur MSI de l\u2019Universit\u00e9 C\u00f4te d\u2019Azur 15h00-17h15\u00a0: Ateliers autour du recrutement de nouveaux clients, de la construction d\u2019une communaut\u00e9 sur Facebook, ou encore du d\u00e9veloppement de sa pr\u00e9sence sur Instagram 18h00-21h00\u00a0: Happy Hour autour des communaut\u00e9s sur les r\u00e9seaux sociaux, avec Make Sense et Make It Marseille Mercredi 19 septembre : Art, Culture et Cr\u00e9ativit\u00e9 MATIN\u00c9E 9h15-9h45\u00a0: Ouverture Xavier Rey, Directeur des Mus\u00e9es de la ville de Marseille Matthieu Laporte, Directeur Europe du Sud, TPE-PME chez Facebook 9h45-10h15\u00a0: Rencontre inspirante autour de la culture Axelle Bena\u00efch, Fondatrice de l\u2019association culturelle La Fabulerie 10h15-10h45\u00a0: T\u00e9moignage sur la vid\u00e9o sur les r\u00e9seaux sociaux (sous r\u00e9serve de confirmation) 11h00-12h30\u00a0: Ateliers pour trouver de nouveaux clients avec Facebook, se d\u00e9velopper \u00e0 l\u2019international, utiliser toutes les potentialit\u00e9s du mobile\u2026 APR\u00c8S-MIDI 13h45-14h15\u00a0: Ouverture L&rsquo;artiste John Hamon 14h15-14h45\u00a0: Table-ronde autour de la musique \u00e0 l\u2019\u00e8re du num\u00e9rique William Spleen, Fondateur de Hungry Music Derek Barbolla, Fondateur du Cercle 15h00-16h00\u00a0: Ateliers autour de la cr\u00e9ativit\u00e9, de la vid\u00e9o et d\u2019Instagram Informations pratiques Date : 18 et 19 septembre 2018 de 9h30 \u00e0 18h Lieu : Promenade Robert Laffont, 13002 Marseille Acc\u00e8s\u00a0: BUS N\u00b0 49, 60, 82 &#8211; METRO station Vieux-Port ou Joliette &#8211; TRAMWAY T2 arr\u00eat R\u00e9publique Dames ou Joliette Inscriptions : https:\/\/fbboostnumeriquemarseille.splashthat.com\/ Site web : https:\/\/www.facebook.com\/business\/m\/boostnumerique\/marseille?ref=alias","og_url":"https:\/\/about.fb.com\/fr\/news\/2018\/09\/facebook-sengage-pour-la-region-sud-provence-alpes-cote-dazur-rendez-vous-les-18-et-19-septembre-a-marseille-pour-booster-vos-competences-digitales\/","og_site_name":"\u00c0 propos de Meta","article_published_time":"2018-09-11T14:25:35+00:00","article_modified_time":"2020-02-25T05:55:44+00:00","og_image":[{"width":1024,"height":614,"url":"https:\/\/about.fb.com\/fr\/wp-content\/uploads\/sites\/12\/2018\/09\/capture.png?resize=1024,614","type":"image\/png"}],"author":"elodielarcis","twitter_card":"summary_large_image","twitter_misc":{"Written by":"Meta","Est. reading time":"4 minutes"},"schema":{"@context":"https:\/\/schema.org","@graph":[{"@type":"Article","@id":"https:\/\/about.fb.com\/fr\/news\/2018\/09\/facebook-sengage-pour-la-region-sud-provence-alpes-cote-dazur-rendez-vous-les-18-et-19-septembre-a-marseille-pour-booster-vos-competences-digitales\/#article","isPartOf":{"@id":"https:\/\/about.fb.com\/fr\/news\/2018\/09\/facebook-sengage-pour-la-region-sud-provence-alpes-cote-dazur-rendez-vous-les-18-et-19-septembre-a-marseille-pour-booster-vos-competences-digitales\/"},"author":"Facebook company","headline":"Facebook s\u2019engage pour la r\u00e9gion SUD &#8211; Provence-Alpes-C\u00f4te d&rsquo;Azur : Rendez-vous les 18 et 19 septembre \u00e0 Marseille pour booster vos comp\u00e9tences digitales !","datePublished":"2018-09-11T14:25:35+00:00","dateModified":"2020-02-25T05:55:44+00:00","mainEntityOfPage":{"@id":"https:\/\/about.fb.com\/fr\/news\/2018\/09\/facebook-sengage-pour-la-region-sud-provence-alpes-cote-dazur-rendez-vous-les-18-et-19-septembre-a-marseille-pour-booster-vos-competences-digitales\/"},"wordCount":768,"publisher":{"@id":"https:\/\/about.fb.com\/fr\/#organization"},"image":{"@id":"https:\/\/about.fb.com\/fr\/news\/2018\/09\/facebook-sengage-pour-la-region-sud-provence-alpes-cote-dazur-rendez-vous-les-18-et-19-septembre-a-marseille-pour-booster-vos-competences-digitales\/#primaryimage"},"thumbnailUrl":"https:\/\/about.fb.com\/fr\/wp-content\/uploads\/sites\/12\/2018\/09\/capture.png?fit=1146%2C687","articleSection":["Actualit\u00e9s","\u00c9v\u00e8nements","Publicit\u00e9"],"inLanguage":"fr-FR"},{"@type":"WebPage","@id":"https:\/\/about.fb.com\/fr\/news\/2018\/09\/facebook-sengage-pour-la-region-sud-provence-alpes-cote-dazur-rendez-vous-les-18-et-19-septembre-a-marseille-pour-booster-vos-competences-digitales\/","url":"https:\/\/about.fb.com\/fr\/news\/2018\/09\/facebook-sengage-pour-la-region-sud-provence-alpes-cote-dazur-rendez-vous-les-18-et-19-septembre-a-marseille-pour-booster-vos-competences-digitales\/","name":"Facebook s\u2019engage pour la r\u00e9gion SUD - Provence-Alpes-C\u00f4te d'Azur : Rendez-vous les 18 et 19 septembre \u00e0 Marseille pour booster vos comp\u00e9tences digitales ! | \u00c0 propos de Meta","isPartOf":{"@id":"https:\/\/about.fb.com\/fr\/#website"},"primaryImageOfPage":{"@id":"https:\/\/about.fb.com\/fr\/news\/2018\/09\/facebook-sengage-pour-la-region-sud-provence-alpes-cote-dazur-rendez-vous-les-18-et-19-septembre-a-marseille-pour-booster-vos-competences-digitales\/#primaryimage"},"image":{"@id":"https:\/\/about.fb.com\/fr\/news\/2018\/09\/facebook-sengage-pour-la-region-sud-provence-alpes-cote-dazur-rendez-vous-les-18-et-19-septembre-a-marseille-pour-booster-vos-competences-digitales\/#primaryimage"},"thumbnailUrl":"https:\/\/about.fb.com\/fr\/wp-content\/uploads\/sites\/12\/2018\/09\/capture.png?fit=1146%2C687","datePublished":"2018-09-11T14:25:35+00:00","dateModified":"2020-02-25T05:55:44+00:00","breadcrumb":{"@id":"https:\/\/about.fb.com\/fr\/news\/2018\/09\/facebook-sengage-pour-la-region-sud-provence-alpes-cote-dazur-rendez-vous-les-18-et-19-septembre-a-marseille-pour-booster-vos-competences-digitales\/#breadcrumb"},"inLanguage":"fr-FR","potentialAction":[{"@type":"ReadAction","target":["https:\/\/about.fb.com\/fr\/news\/2018\/09\/facebook-sengage-pour-la-region-sud-provence-alpes-cote-dazur-rendez-vous-les-18-et-19-septembre-a-marseille-pour-booster-vos-competences-digitales\/"]}],"author":"\u00c0 propos de Meta"},{"@type":"ImageObject","inLanguage":"fr-FR","@id":"https:\/\/about.fb.com\/fr\/news\/2018\/09\/facebook-sengage-pour-la-region-sud-provence-alpes-cote-dazur-rendez-vous-les-18-et-19-septembre-a-marseille-pour-booster-vos-competences-digitales\/#primaryimage","url":"https:\/\/about.fb.com\/fr\/wp-content\/uploads\/sites\/12\/2018\/09\/capture.png?fit=1146%2C687","contentUrl":"https:\/\/about.fb.com\/fr\/wp-content\/uploads\/sites\/12\/2018\/09\/capture.png?fit=1146%2C687","width":1146,"height":687},{"@type":"BreadcrumbList","@id":"https:\/\/about.fb.com\/fr\/news\/2018\/09\/facebook-sengage-pour-la-region-sud-provence-alpes-cote-dazur-rendez-vous-les-18-et-19-septembre-a-marseille-pour-booster-vos-competences-digitales\/#breadcrumb","itemListElement":[{"@type":"ListItem","position":1,"name":"Home","item":"https:\/\/about.fb.com\/fr\/"},{"@type":"ListItem","position":2,"name":"Facebook s\u2019engage pour la r\u00e9gion SUD &#8211; Provence-Alpes-C\u00f4te d&rsquo;Azur : Rendez-vous les 18 et 19 septembre \u00e0 Marseille pour booster vos comp\u00e9tences digitales !"}]},{"@type":"WebSite","@id":"https:\/\/about.fb.com\/fr\/#website","url":"https:\/\/about.fb.com\/news\/","name":"\u00c0 propos de Meta","description":"","publisher":{"@id":"https:\/\/about.fb.com\/fr\/#organization"},"potentialAction":[{"@type":"SearchAction","target":{"@type":"EntryPoint","urlTemplate":"https:\/\/about.fb.com\/fr\/?s={search_term_string}"},"query-input":{"@type":"PropertyValueSpecification","valueRequired":true,"valueName":"search_term_string"}}],"inLanguage":"fr-FR","alternateName":["Meta Newsroom","Meta"]},{"@type":"Organization","@id":"https:\/\/about.fb.com\/fr\/#organization","name":"Meta","url":"https:\/\/about.fb.com\/fr\/","logo":{"@type":"ImageObject","inLanguage":"fr-FR","@id":"https:\/\/about.fb.com\/fr\/#\/schema\/logo\/image\/","url":"https:\/\/about.fb.com\/fr\/wp-content\/uploads\/sites\/12\/2021\/10\/meta-social-16x9-1.jpg?fit=8000%2C4500","contentUrl":"https:\/\/about.fb.com\/fr\/wp-content\/uploads\/sites\/12\/2021\/10\/meta-social-16x9-1.jpg?fit=8000%2C4500","width":8000,"height":4500,"caption":"Meta"},"image":{"@id":"https:\/\/about.fb.com\/fr\/#\/schema\/logo\/image\/"}}]}},"jetpack_featured_media_url":"https:\/\/about.fb.com\/fr\/wp-content\/uploads\/sites\/12\/2018\/09\/capture.png?fit=1146%2C687","jetpack-related-posts":[],"jetpack_sharing_enabled":true,"amp_enabled":true,"_links":{"self":[{"href":"https:\/\/about.fb.com\/fr\/wp-json\/wp\/v2\/posts\/7119","targetHints":{"allow":["GET"]}}],"collection":[{"href":"https:\/\/about.fb.com\/fr\/wp-json\/wp\/v2\/posts"}],"about":[{"href":"https:\/\/about.fb.com\/fr\/wp-json\/wp\/v2\/types\/post"}],"author":[{"embeddable":true,"href":"https:\/\/about.fb.com\/fr\/wp-json\/wp\/v2\/users\/137019697"}],"replies":[{"embeddable":true,"href":"https:\/\/about.fb.com\/fr\/wp-json\/wp\/v2\/comments?post=7119"}],"version-history":[{"count":7,"href":"https:\/\/about.fb.com\/fr\/wp-json\/wp\/v2\/posts\/7119\/revisions"}],"predecessor-version":[{"id":7131,"href":"https:\/\/about.fb.com\/fr\/wp-json\/wp\/v2\/posts\/7119\/revisions\/7131"}],"wp:featuredmedia":[{"embeddable":true,"href":"https:\/\/about.fb.com\/fr\/wp-json\/wp\/v2\/media\/7126"}],"wp:attachment":[{"href":"https:\/\/about.fb.com\/fr\/wp-json\/wp\/v2\/media?parent=7119"}],"wp:term":[{"taxonomy":"category","embeddable":true,"href":"https:\/\/about.fb.com\/fr\/wp-json\/wp\/v2\/categories?post=7119"},{"taxonomy":"post_tag","embeddable":true,"href":"https:\/\/about.fb.com\/fr\/wp-json\/wp\/v2\/tags?post=7119"}],"curies":[{"name":"wp","href":"https:\/\/api.w.org\/{rel}","templated":true}]}}