{"id":7078,"date":"2018-07-18T14:08:34","date_gmt":"2018-07-18T12:08:34","guid":{"rendered":"http:\/\/fr.newsroom.fb.com\/?p=7078"},"modified":"2018-08-14T17:27:40","modified_gmt":"2018-08-14T15:27:40","slug":"cest-les-grandes-vacances-facebook-vous-donne-rendez-vous-sur-les-plages-du-5-au-10-aout-avec-la-tournee-nrj-summer-tour","status":"publish","type":"post","link":"https:\/\/about.fb.com\/fr\/news\/2018\/07\/cest-les-grandes-vacances-facebook-vous-donne-rendez-vous-sur-les-plages-du-5-au-10-aout-avec-la-tournee-nrj-summer-tour\/","title":{"rendered":"Facebook vous donne rendez-vous sur les plages du 5 au 10 ao\u00fbt avec la tourn\u00e9e NRJ SUMMER TOUR !"},"content":{"rendered":"<p>A l&rsquo;occasion des grandes vacances en France, Facebook s&rsquo;associe \u00e0 la Tourn\u00e9e NRJ Summer Tour au mois d&rsquo;ao\u00fbt et part au bord de la mer \u00e0 la rencontre de sa communaut\u00e9.<\/p>\n<p>Pour la toute premi\u00e8re fois, l&rsquo;\u00e9quipe \u201cFacebook Lifeguard\u201d vient \u00e0 la rencontre des vacanciers et habitants de diff\u00e9rentes r\u00e9gions de France pour les aider \u00e0 devenir les commandants de bord de leur compte Facebook. <strong>Notre mission<\/strong> : donner aux gens toutes les cl\u00e9s pour bien prot\u00e9ger leur compte et maitriser les nouveaux produits Facebook. Parce que oui, se prot\u00e9ger sur Facebook c&rsquo;est aussi simple que de se prot\u00e9ger des coups de soleil !<\/p>\n<p>Facebook distribuera \u00e9galement sur les plages et d\u00e8s 14h30 au sein de son espace sur le Village NRJ Summer Tour, un guide regroupant 10 conseils pour devenir le commandant de bord de son compte Facebook et des astuces pour partager avec ses amis ses #FacebookSummerStories gr\u00e2ce aux diff\u00e9rentes fonctionnalit\u00e9s disponibles sur Facebook.<\/p>\n<p>Le guide est \u00e9galement disponible <a href=\"https:\/\/www.dropbox.com\/s\/of94seawirpbjt9\/Facebook%20Summer%20Guide.pdf?dl=0\">ici<\/a> en t\u00e9l\u00e9chargement.<\/p>\n<p>L\u2019\u00e9t\u00e9 est aussi l&rsquo;occasion de profiter, c&rsquo;est pourquoi l&rsquo;\u00e9quipe Facebook Lifeguard vient aussi partager ses trucs et astuces pour aider les vacanciers \u00e0 capturer leurs meilleurs souvenirs de vacances. Nos produits phares cet \u00e9t\u00e9 : <a href=\"https:\/\/about.fb.com\/fr\/2017\/03\/lancement-de-facebook-camera\/\">Facebook Cam\u00e9ra<\/a> et bien s\u00fbr les <a href=\"https:\/\/www.facebook.com\/help\/126560554619115?helpref=faq_content\">Facebook Stories<\/a> !<\/p>\n<p><strong><u>Ce qui vous attend cet \u00e9t\u00e9 avec l&rsquo;\u00e9quipe \u00ab\u00a0Facebook Lifeguard\u201d<\/u><\/strong><\/p>\n<ol>\n<li>Cr\u00e9ez votre carte postale de l&rsquo;\u00e9t\u00e9 avec Facebook Stories<\/li>\n<li>Immortalisez vos meilleurs selfies gr\u00e2ce \u00e0 Facebook Camera<\/li>\n<li>Apprenez \u00e0 bien prot\u00e9ger votre compte Facebook gr\u00e2ce \u00e0 des d\u00e9monstrations<\/li>\n<li>Participez \u00e0 des Quiz en famille ou entre amis pour remporter des cadeaux<\/li>\n<li>\u00c9changez avec les \u00e9quipes Facebook pour poser toutes vos questions<\/li>\n<\/ol>\n<p><strong><u>Cet \u00e9t\u00e9, 4 dates \u00e0 ne surtout pas manquer de 14h30 \u00e0 18h30\u00a0:<\/u><\/strong><\/p>\n<ul>\n<li>Le 5 ao\u00fbt \u00e0 CAPBRETON sur la plage Notre Dame<\/li>\n<li>Le 7 ao\u00fbt \u00e0 BISCAROSSE sur l&rsquo;esplanade de la plage<\/li>\n<li>Le 9 ao\u00fbt \u00c0 SAINT-JEAN-DE-MONTS sur la plage des oiseaux<\/li>\n<li>10 ao\u00fbt \u00e0 SAINT BREVIN LES PINS sur la Plage verte<\/li>\n<\/ul>\n<p><em>\u201cFacebook souhaite \u00eatre au plus pr\u00e8s de ses utilisateurs pour r\u00e9pondre \u00e0 leurs questions et leur apporter des conseils sur l&rsquo;utilisation de nos services. Nous sommes convaincus qu&rsquo;une exp\u00e9rience positive sur Facebook passe par une bonne compr\u00e9hension de nos produits. C&rsquo;est pourquoi nous allons \u00e0 la rencontre des estivants, des familles pour leur proposer des ateliers ludiques et p\u00e9dagogiques. Nous continuons ainsi nos efforts d&rsquo;\u00e9ducation\u00a0 tout en s&rsquo;amusant.\u201d <\/em>Michelle Gilbert, Directrice de la communication de Facebook France<\/p>\n<p><strong>Lien vers nos \u00e9v\u00e8nements Facebook dans chaque ville : <\/strong><\/p>\n<ul>\n<li><strong>CAPBRETON :<\/strong> <a href=\"https:\/\/www.facebook.com\/events\/257340671523489\/?acontext=%7B%22source%22%3A3%2C%22source_newsfeed_story_type%22%3A%22regular%22%2C%22action_history%22%3A%22%5B%7B%5C%22surface%5C%22%3A%5C%22newsfeed%5C%22%2C%5C%22mechanism%5C%22%3A%5C%22feed_story%5C%22%2C%5C%22extra_data%5C%22%3A%5B%5D%7D%5D%22%2C%22has_source%22%3Atrue%7D&amp;source=3&amp;source_newsfeed_story_type=regular&amp;action_history=%5B%7B%22surface%22%3A%22newsfeed%22%2C%22mechanism%22%3A%22feed_story%22%2C%22extra_data%22%3A%5B%5D%7D%5D&amp;has_source=1&amp;fref=mentions\">https:\/\/www.facebook.com\/events\/257340671523489\/<\/a><\/li>\n<li><strong>BISCARROSSE : <\/strong><a href=\"https:\/\/www.facebook.com\/events\/2145337462147547\/?acontext=%7B%22source%22%3A3%2C%22source_newsfeed_story_type%22%3A%22regular%22%2C%22action_history%22%3A%22%5B%7B%5C%22surface%5C%22%3A%5C%22newsfeed%5C%22%2C%5C%22mechanism%5C%22%3A%5C%22feed_story%5C%22%2C%5C%22extra_data%5C%22%3A%5B%5D%7D%5D%22%2C%22has_source%22%3Atrue%7D&amp;source=3&amp;source_newsfeed_story_type=regular&amp;action_history=%5B%7B%22surface%22%3A%22newsfeed%22%2C%22mechanism%22%3A%22feed_story%22%2C%22extra_data%22%3A%5B%5D%7D%5D&amp;has_source=1&amp;fref=mentions\">https:\/\/www.facebook.com\/events\/2145337462147547\/<\/a><\/li>\n<li><strong>SAINT-JEAN-DE-MONTS : <\/strong><a href=\"https:\/\/www.facebook.com\/events\/2164500553837858\/?acontext=%7B%22source%22%3A3%2C%22source_newsfeed_story_type%22%3A%22regular%22%2C%22action_history%22%3A%22%5B%7B%5C%22surface%5C%22%3A%5C%22newsfeed%5C%22%2C%5C%22mechanism%5C%22%3A%5C%22feed_story%5C%22%2C%5C%22extra_data%5C%22%3A%5B%5D%7D%5D%22%2C%22has_source%22%3Atrue%7D&amp;source=3&amp;source_newsfeed_story_type=regular&amp;action_history=%5B%7B%22surface%22%3A%22newsfeed%22%2C%22mechanism%22%3A%22feed_story%22%2C%22extra_data%22%3A%5B%5D%7D%5D&amp;has_source=1&amp;fref=mentions\">https:\/\/www.facebook.com\/events\/2164500553837858\/<\/a><\/li>\n<li><strong>SAINT-BREVIN-LES-PINS : <\/strong><a href=\"https:\/\/www.facebook.com\/events\/1120834911408490\/?acontext=%7B%22source%22%3A3%2C%22source_newsfeed_story_type%22%3A%22regular%22%2C%22action_history%22%3A%22%5B%7B%5C%22surface%5C%22%3A%5C%22newsfeed%5C%22%2C%5C%22mechanism%5C%22%3A%5C%22feed_story%5C%22%2C%5C%22extra_data%5C%22%3A%5B%5D%7D%5D%22%2C%22has_source%22%3Atrue%7D&amp;source=3&amp;source_newsfeed_story_type=regular&amp;action_history=%5B%7B%22surface%22%3A%22newsfeed%22%2C%22mechanism%22%3A%22feed_story%22%2C%22extra_data%22%3A%5B%5D%7D%5D&amp;has_source=1&amp;fref=mentions\">https:\/\/www.facebook.com\/events\/1120834911408490\/<\/a><\/li>\n<\/ul>\n<p>&nbsp;<\/p>\n<p><strong>Lien vers le Facebook Summer Guide :<\/strong> <a href=\"https:\/\/about.fb.com\/fr\/2018\/07\/facebook-lance-son-guide-de-lete-et-vous-aide-a-proteger-votre-compte-des-coups-de-soleil\/\">https:\/\/about.fb.com\/fr\/2018\/07\/facebook-lance-son-guide-de-lete-et-vous-aide-a-proteger-votre-compte-des-coups-de-soleil\/<\/a><\/p>\n<p><strong>Lien vers la Tourn\u00e9e NRJ Summer Tour :\u00a0<\/strong><u><a href=\"https:\/\/www.facebook.com\/nrjsummertour\/\">https:\/\/www.facebook.com\/nrjsummertour\/<\/a><\/u><\/p>\n","protected":false},"excerpt":{"rendered":"A l&rsquo;occasion des grandes vacances en France, Facebook s&rsquo;associe \u00e0 la Tourn\u00e9e NRJ Summer Tour au mois d&rsquo;ao\u00fbt et part au bord de la mer \u00e0 la rencontre de sa communaut\u00e9. Pour la toute premi\u00e8re fois, l&rsquo;\u00e9quipe \u201cFacebook Lifeguard\u201d vient \u00e0 la rencontre des vacanciers et habitants de diff\u00e9rentes r\u00e9gions de France pour les aider \u00e0 devenir les commandants de bord de leur compte Facebook. Notre mission : donner aux gens toutes les cl\u00e9s pour bien prot\u00e9ger leur compte et maitriser les nouveaux produits Facebook. Parce que oui, se prot\u00e9ger sur Facebook c&rsquo;est aussi simple que de se prot\u00e9ger des coups de soleil ! Facebook distribuera \u00e9galement sur les plages et d\u00e8s 14h30 au sein de son espace sur le Village NRJ Summer Tour, un guide regroupant 10 conseils pour devenir le commandant de bord de son compte Facebook et des astuces pour partager avec ses amis ses #FacebookSummerStories gr\u00e2ce aux diff\u00e9rentes fonctionnalit\u00e9s disponibles sur Facebook. Le guide est \u00e9galement disponible ici en t\u00e9l\u00e9chargement. L\u2019\u00e9t\u00e9 est aussi l&rsquo;occasion de profiter, c&rsquo;est pourquoi l&rsquo;\u00e9quipe Facebook Lifeguard vient aussi partager ses trucs et astuces pour aider les vacanciers \u00e0 capturer leurs meilleurs souvenirs de vacances. Nos produits phares cet \u00e9t\u00e9 : Facebook Cam\u00e9ra et bien s\u00fbr les Facebook Stories ! Ce qui vous attend cet \u00e9t\u00e9 avec l&rsquo;\u00e9quipe \u00ab\u00a0Facebook Lifeguard\u201d Cr\u00e9ez votre carte postale de l&rsquo;\u00e9t\u00e9 avec Facebook Stories Immortalisez vos meilleurs selfies gr\u00e2ce \u00e0 Facebook Camera Apprenez \u00e0 bien prot\u00e9ger votre compte Facebook gr\u00e2ce \u00e0 des d\u00e9monstrations Participez \u00e0 des Quiz en famille ou entre amis pour remporter des cadeaux \u00c9changez avec les \u00e9quipes Facebook pour poser toutes vos questions Cet \u00e9t\u00e9, 4 dates \u00e0 ne surtout pas manquer de 14h30 \u00e0 18h30\u00a0: Le 5 ao\u00fbt \u00e0 CAPBRETON sur la plage Notre Dame Le 7 ao\u00fbt \u00e0 BISCAROSSE sur l&rsquo;esplanade de la plage Le 9 ao\u00fbt \u00c0 SAINT-JEAN-DE-MONTS sur la plage des oiseaux 10 ao\u00fbt \u00e0 SAINT BREVIN LES PINS sur la Plage verte \u201cFacebook souhaite \u00eatre au plus pr\u00e8s de ses utilisateurs pour r\u00e9pondre \u00e0 leurs questions et leur apporter des conseils sur l&rsquo;utilisation de nos services. Nous sommes convaincus qu&rsquo;une exp\u00e9rience positive sur Facebook passe par une bonne compr\u00e9hension de nos produits. C&rsquo;est pourquoi nous allons \u00e0 la rencontre des estivants, des familles pour leur proposer des ateliers ludiques et p\u00e9dagogiques. Nous continuons ainsi nos efforts d&rsquo;\u00e9ducation\u00a0 tout en s&rsquo;amusant.\u201d Michelle Gilbert, Directrice de la communication de Facebook France Lien vers nos \u00e9v\u00e8nements Facebook dans chaque ville : CAPBRETON : <a href=\"https:\/\/www.facebook.com\/events\/257340671523489\/\" rel=\"nofollow\">https:\/\/www.facebook.com\/events\/257340671523489\/<\/a> BISCARROSSE : <a href=\"https:\/\/www.facebook.com\/events\/2145337462147547\/\" rel=\"nofollow\">https:\/\/www.facebook.com\/events\/2145337462147547\/<\/a> SAINT-JEAN-DE-MONTS : <a href=\"https:\/\/www.facebook.com\/events\/2164500553837858\/\" rel=\"nofollow\">https:\/\/www.facebook.com\/events\/2164500553837858\/<\/a> SAINT-BREVIN-LES-PINS : <a href=\"https:\/\/www.facebook.com\/events\/1120834911408490\/\" rel=\"nofollow\">https:\/\/www.facebook.com\/events\/1120834911408490\/<\/a> &nbsp; Lien vers le Facebook Summer Guide : <a href=\"https:\/\/about.fb.com\/fr\/2018\/07\/facebook-lance-son-guide-de-lete-et-vous-aide-a-proteger-votre-compte-des-coups-de-soleil\/\">https:\/\/about.fb.com\/fr\/2018\/07\/facebook-lance-son-guide-de-lete-et-vous-aide-a-proteger-votre-compte-des-coups-de-soleil\/<\/a> Lien vers la Tourn\u00e9e NRJ Summer Tour :\u00a0https:\/\/www.facebook.com\/nrjsummertour\/","protected":false},"author":137019697,"featured_media":7081,"comment_status":"closed","ping_status":"closed","sticky":false,"template":"","format":"standard","meta":{"_jetpack_memberships_contains_paid_content":false,"footnotes":""},"categories":[1],"tags":[],"class_list":["post-7078","post","type-post","status-publish","format-standard","has-post-thumbnail","hentry","category-uncategorized"],"yoast_head":"<!-- This site is optimized with the Yoast SEO plugin v27.2 - https:\/\/yoast.com\/product\/yoast-seo-wordpress\/ -->\n<title>Facebook vous donne rendez-vous sur les plages du 5 au 10 ao\u00fbt avec la tourn\u00e9e NRJ SUMMER TOUR ! | \u00c0 propos de Meta<\/title>\n<meta name=\"robots\" content=\"index, follow, max-snippet:-1, max-image-preview:large, max-video-preview:-1\" \/>\n<link rel=\"canonical\" href=\"https:\/\/about.fb.com\/fr\/news\/2018\/07\/cest-les-grandes-vacances-facebook-vous-donne-rendez-vous-sur-les-plages-du-5-au-10-aout-avec-la-tournee-nrj-summer-tour\/\" \/>\n<meta property=\"og:locale\" content=\"fr_FR\" \/>\n<meta property=\"og:type\" content=\"article\" \/>\n<meta property=\"og:title\" content=\"Facebook vous donne rendez-vous sur les plages du 5 au 10 ao\u00fbt avec la tourn\u00e9e NRJ SUMMER TOUR ! | \u00c0 propos de Meta\" \/>\n<meta property=\"og:description\" content=\"A l&rsquo;occasion des grandes vacances en France, Facebook s&rsquo;associe \u00e0 la Tourn\u00e9e NRJ Summer Tour au mois d&rsquo;ao\u00fbt et part au bord de la mer \u00e0 la rencontre de sa communaut\u00e9. Pour la toute premi\u00e8re fois, l&rsquo;\u00e9quipe \u201cFacebook Lifeguard\u201d vient \u00e0 la rencontre des vacanciers et habitants de diff\u00e9rentes r\u00e9gions de France pour les aider \u00e0 devenir les commandants de bord de leur compte Facebook. Notre mission : donner aux gens toutes les cl\u00e9s pour bien prot\u00e9ger leur compte et maitriser les nouveaux produits Facebook. Parce que oui, se prot\u00e9ger sur Facebook c&rsquo;est aussi simple que de se prot\u00e9ger des coups de soleil ! Facebook distribuera \u00e9galement sur les plages et d\u00e8s 14h30 au sein de son espace sur le Village NRJ Summer Tour, un guide regroupant 10 conseils pour devenir le commandant de bord de son compte Facebook et des astuces pour partager avec ses amis ses #FacebookSummerStories gr\u00e2ce aux diff\u00e9rentes fonctionnalit\u00e9s disponibles sur Facebook. Le guide est \u00e9galement disponible ici en t\u00e9l\u00e9chargement. L\u2019\u00e9t\u00e9 est aussi l&rsquo;occasion de profiter, c&rsquo;est pourquoi l&rsquo;\u00e9quipe Facebook Lifeguard vient aussi partager ses trucs et astuces pour aider les vacanciers \u00e0 capturer leurs meilleurs souvenirs de vacances. Nos produits phares cet \u00e9t\u00e9 : Facebook Cam\u00e9ra et bien s\u00fbr les Facebook Stories ! Ce qui vous attend cet \u00e9t\u00e9 avec l&rsquo;\u00e9quipe \u00ab\u00a0Facebook Lifeguard\u201d Cr\u00e9ez votre carte postale de l&rsquo;\u00e9t\u00e9 avec Facebook Stories Immortalisez vos meilleurs selfies gr\u00e2ce \u00e0 Facebook Camera Apprenez \u00e0 bien prot\u00e9ger votre compte Facebook gr\u00e2ce \u00e0 des d\u00e9monstrations Participez \u00e0 des Quiz en famille ou entre amis pour remporter des cadeaux \u00c9changez avec les \u00e9quipes Facebook pour poser toutes vos questions Cet \u00e9t\u00e9, 4 dates \u00e0 ne surtout pas manquer de 14h30 \u00e0 18h30\u00a0: Le 5 ao\u00fbt \u00e0 CAPBRETON sur la plage Notre Dame Le 7 ao\u00fbt \u00e0 BISCAROSSE sur l&rsquo;esplanade de la plage Le 9 ao\u00fbt \u00c0 SAINT-JEAN-DE-MONTS sur la plage des oiseaux 10 ao\u00fbt \u00e0 SAINT BREVIN LES PINS sur la Plage verte \u201cFacebook souhaite \u00eatre au plus pr\u00e8s de ses utilisateurs pour r\u00e9pondre \u00e0 leurs questions et leur apporter des conseils sur l&rsquo;utilisation de nos services. Nous sommes convaincus qu&rsquo;une exp\u00e9rience positive sur Facebook passe par une bonne compr\u00e9hension de nos produits. C&rsquo;est pourquoi nous allons \u00e0 la rencontre des estivants, des familles pour leur proposer des ateliers ludiques et p\u00e9dagogiques. Nous continuons ainsi nos efforts d&rsquo;\u00e9ducation\u00a0 tout en s&rsquo;amusant.\u201d Michelle Gilbert, Directrice de la communication de Facebook France Lien vers nos \u00e9v\u00e8nements Facebook dans chaque ville : CAPBRETON : https:\/\/www.facebook.com\/events\/257340671523489\/ BISCARROSSE : https:\/\/www.facebook.com\/events\/2145337462147547\/ SAINT-JEAN-DE-MONTS : https:\/\/www.facebook.com\/events\/2164500553837858\/ SAINT-BREVIN-LES-PINS : https:\/\/www.facebook.com\/events\/1120834911408490\/ &nbsp; Lien vers le Facebook Summer Guide : https:\/\/about.fb.com\/fr\/2018\/07\/facebook-lance-son-guide-de-lete-et-vous-aide-a-proteger-votre-compte-des-coups-de-soleil\/ Lien vers la Tourn\u00e9e NRJ Summer Tour :\u00a0https:\/\/www.facebook.com\/nrjsummertour\/\" \/>\n<meta property=\"og:url\" content=\"https:\/\/about.fb.com\/fr\/news\/2018\/07\/cest-les-grandes-vacances-facebook-vous-donne-rendez-vous-sur-les-plages-du-5-au-10-aout-avec-la-tournee-nrj-summer-tour\/\" \/>\n<meta property=\"og:site_name\" content=\"\u00c0 propos de Meta\" \/>\n<meta property=\"article:published_time\" content=\"2018-07-18T12:08:34+00:00\" \/>\n<meta property=\"article:modified_time\" content=\"2018-08-14T15:27:40+00:00\" \/>\n<meta property=\"og:image\" content=\"https:\/\/about.fb.com\/fr\/wp-content\/uploads\/sites\/12\/2018\/07\/00_postale-facebook-general.jpg?resize=1024,576\" \/>\n\t<meta property=\"og:image:width\" content=\"1024\" \/>\n\t<meta property=\"og:image:height\" content=\"576\" \/>\n\t<meta property=\"og:image:type\" content=\"image\/jpeg\" \/>\n<meta name=\"author\" content=\"elodielarcis\" \/>\n<meta name=\"twitter:card\" content=\"summary_large_image\" \/>\n<meta name=\"twitter:label1\" content=\"Written by\" \/>\n\t<meta name=\"twitter:data1\" content=\"Meta\" \/>\n\t<meta name=\"twitter:label2\" content=\"Est. reading time\" \/>\n\t<meta name=\"twitter:data2\" content=\"2 minutes\" \/>\n<script type=\"application\/ld+json\" class=\"yoast-schema-graph\">{\"@context\":\"https:\/\/schema.org\",\"@graph\":[{\"@type\":\"Article\",\"@id\":\"https:\/\/about.fb.com\/fr\/news\/2018\/07\/cest-les-grandes-vacances-facebook-vous-donne-rendez-vous-sur-les-plages-du-5-au-10-aout-avec-la-tournee-nrj-summer-tour\/#article\",\"isPartOf\":{\"@id\":\"https:\/\/about.fb.com\/fr\/news\/2018\/07\/cest-les-grandes-vacances-facebook-vous-donne-rendez-vous-sur-les-plages-du-5-au-10-aout-avec-la-tournee-nrj-summer-tour\/\"},\"author\":\"Facebook company\",\"headline\":\"Facebook vous donne rendez-vous sur les plages du 5 au 10 ao\u00fbt avec la tourn\u00e9e NRJ SUMMER TOUR !\",\"datePublished\":\"2018-07-18T12:08:34+00:00\",\"dateModified\":\"2018-08-14T15:27:40+00:00\",\"mainEntityOfPage\":{\"@id\":\"https:\/\/about.fb.com\/fr\/news\/2018\/07\/cest-les-grandes-vacances-facebook-vous-donne-rendez-vous-sur-les-plages-du-5-au-10-aout-avec-la-tournee-nrj-summer-tour\/\"},\"wordCount\":498,\"publisher\":{\"@id\":\"https:\/\/about.fb.com\/fr\/#organization\"},\"image\":{\"@id\":\"https:\/\/about.fb.com\/fr\/news\/2018\/07\/cest-les-grandes-vacances-facebook-vous-donne-rendez-vous-sur-les-plages-du-5-au-10-aout-avec-la-tournee-nrj-summer-tour\/#primaryimage\"},\"thumbnailUrl\":\"https:\/\/about.fb.com\/fr\/wp-content\/uploads\/sites\/12\/2018\/07\/00_postale-facebook-general.jpg?fit=1834%2C1031\",\"articleSection\":[\"Uncategorized\"],\"inLanguage\":\"fr-FR\"},{\"@type\":\"WebPage\",\"@id\":\"https:\/\/about.fb.com\/fr\/news\/2018\/07\/cest-les-grandes-vacances-facebook-vous-donne-rendez-vous-sur-les-plages-du-5-au-10-aout-avec-la-tournee-nrj-summer-tour\/\",\"url\":\"https:\/\/about.fb.com\/fr\/news\/2018\/07\/cest-les-grandes-vacances-facebook-vous-donne-rendez-vous-sur-les-plages-du-5-au-10-aout-avec-la-tournee-nrj-summer-tour\/\",\"name\":\"Facebook vous donne rendez-vous sur les plages du 5 au 10 ao\u00fbt avec la tourn\u00e9e NRJ SUMMER TOUR ! | \u00c0 propos de Meta\",\"isPartOf\":{\"@id\":\"https:\/\/about.fb.com\/fr\/#website\"},\"primaryImageOfPage\":{\"@id\":\"https:\/\/about.fb.com\/fr\/news\/2018\/07\/cest-les-grandes-vacances-facebook-vous-donne-rendez-vous-sur-les-plages-du-5-au-10-aout-avec-la-tournee-nrj-summer-tour\/#primaryimage\"},\"image\":{\"@id\":\"https:\/\/about.fb.com\/fr\/news\/2018\/07\/cest-les-grandes-vacances-facebook-vous-donne-rendez-vous-sur-les-plages-du-5-au-10-aout-avec-la-tournee-nrj-summer-tour\/#primaryimage\"},\"thumbnailUrl\":\"https:\/\/about.fb.com\/fr\/wp-content\/uploads\/sites\/12\/2018\/07\/00_postale-facebook-general.jpg?fit=1834%2C1031\",\"datePublished\":\"2018-07-18T12:08:34+00:00\",\"dateModified\":\"2018-08-14T15:27:40+00:00\",\"breadcrumb\":{\"@id\":\"https:\/\/about.fb.com\/fr\/news\/2018\/07\/cest-les-grandes-vacances-facebook-vous-donne-rendez-vous-sur-les-plages-du-5-au-10-aout-avec-la-tournee-nrj-summer-tour\/#breadcrumb\"},\"inLanguage\":\"fr-FR\",\"potentialAction\":[{\"@type\":\"ReadAction\",\"target\":[\"https:\/\/about.fb.com\/fr\/news\/2018\/07\/cest-les-grandes-vacances-facebook-vous-donne-rendez-vous-sur-les-plages-du-5-au-10-aout-avec-la-tournee-nrj-summer-tour\/\"]}],\"author\":\"\u00c0 propos de Meta\"},{\"@type\":\"ImageObject\",\"inLanguage\":\"fr-FR\",\"@id\":\"https:\/\/about.fb.com\/fr\/news\/2018\/07\/cest-les-grandes-vacances-facebook-vous-donne-rendez-vous-sur-les-plages-du-5-au-10-aout-avec-la-tournee-nrj-summer-tour\/#primaryimage\",\"url\":\"https:\/\/about.fb.com\/fr\/wp-content\/uploads\/sites\/12\/2018\/07\/00_postale-facebook-general.jpg?fit=1834%2C1031\",\"contentUrl\":\"https:\/\/about.fb.com\/fr\/wp-content\/uploads\/sites\/12\/2018\/07\/00_postale-facebook-general.jpg?fit=1834%2C1031\",\"width\":1834,\"height\":1031},{\"@type\":\"BreadcrumbList\",\"@id\":\"https:\/\/about.fb.com\/fr\/news\/2018\/07\/cest-les-grandes-vacances-facebook-vous-donne-rendez-vous-sur-les-plages-du-5-au-10-aout-avec-la-tournee-nrj-summer-tour\/#breadcrumb\",\"itemListElement\":[{\"@type\":\"ListItem\",\"position\":1,\"name\":\"Home\",\"item\":\"https:\/\/about.fb.com\/fr\/\"},{\"@type\":\"ListItem\",\"position\":2,\"name\":\"Facebook vous donne rendez-vous sur les plages du 5 au 10 ao\u00fbt avec la tourn\u00e9e NRJ SUMMER TOUR !\"}]},{\"@type\":\"WebSite\",\"@id\":\"https:\/\/about.fb.com\/fr\/#website\",\"url\":\"https:\/\/about.fb.com\/news\/\",\"name\":\"\u00c0 propos de Meta\",\"description\":\"\",\"publisher\":{\"@id\":\"https:\/\/about.fb.com\/fr\/#organization\"},\"potentialAction\":[{\"@type\":\"SearchAction\",\"target\":{\"@type\":\"EntryPoint\",\"urlTemplate\":\"https:\/\/about.fb.com\/fr\/?s={search_term_string}\"},\"query-input\":{\"@type\":\"PropertyValueSpecification\",\"valueRequired\":true,\"valueName\":\"search_term_string\"}}],\"inLanguage\":\"fr-FR\",\"alternateName\":[\"Meta Newsroom\",\"Meta\"]},{\"@type\":\"Organization\",\"@id\":\"https:\/\/about.fb.com\/fr\/#organization\",\"name\":\"Meta\",\"url\":\"https:\/\/about.fb.com\/fr\/\",\"logo\":{\"@type\":\"ImageObject\",\"inLanguage\":\"fr-FR\",\"@id\":\"https:\/\/about.fb.com\/fr\/#\/schema\/logo\/image\/\",\"url\":\"https:\/\/about.fb.com\/fr\/wp-content\/uploads\/sites\/12\/2021\/10\/meta-social-16x9-1.jpg?fit=8000%2C4500\",\"contentUrl\":\"https:\/\/about.fb.com\/fr\/wp-content\/uploads\/sites\/12\/2021\/10\/meta-social-16x9-1.jpg?fit=8000%2C4500\",\"width\":8000,\"height\":4500,\"caption\":\"Meta\"},\"image\":{\"@id\":\"https:\/\/about.fb.com\/fr\/#\/schema\/logo\/image\/\"}}]}<\/script>\n<!-- \/ Yoast SEO plugin. -->","yoast_head_json":{"title":"Facebook vous donne rendez-vous sur les plages du 5 au 10 ao\u00fbt avec la tourn\u00e9e NRJ SUMMER TOUR ! | \u00c0 propos de Meta","robots":{"index":"index","follow":"follow","max-snippet":"max-snippet:-1","max-image-preview":"max-image-preview:large","max-video-preview":"max-video-preview:-1"},"canonical":"https:\/\/about.fb.com\/fr\/news\/2018\/07\/cest-les-grandes-vacances-facebook-vous-donne-rendez-vous-sur-les-plages-du-5-au-10-aout-avec-la-tournee-nrj-summer-tour\/","og_locale":"fr_FR","og_type":"article","og_title":"Facebook vous donne rendez-vous sur les plages du 5 au 10 ao\u00fbt avec la tourn\u00e9e NRJ SUMMER TOUR ! | \u00c0 propos de Meta","og_description":"A l&rsquo;occasion des grandes vacances en France, Facebook s&rsquo;associe \u00e0 la Tourn\u00e9e NRJ Summer Tour au mois d&rsquo;ao\u00fbt et part au bord de la mer \u00e0 la rencontre de sa communaut\u00e9. Pour la toute premi\u00e8re fois, l&rsquo;\u00e9quipe \u201cFacebook Lifeguard\u201d vient \u00e0 la rencontre des vacanciers et habitants de diff\u00e9rentes r\u00e9gions de France pour les aider \u00e0 devenir les commandants de bord de leur compte Facebook. Notre mission : donner aux gens toutes les cl\u00e9s pour bien prot\u00e9ger leur compte et maitriser les nouveaux produits Facebook. Parce que oui, se prot\u00e9ger sur Facebook c&rsquo;est aussi simple que de se prot\u00e9ger des coups de soleil ! Facebook distribuera \u00e9galement sur les plages et d\u00e8s 14h30 au sein de son espace sur le Village NRJ Summer Tour, un guide regroupant 10 conseils pour devenir le commandant de bord de son compte Facebook et des astuces pour partager avec ses amis ses #FacebookSummerStories gr\u00e2ce aux diff\u00e9rentes fonctionnalit\u00e9s disponibles sur Facebook. Le guide est \u00e9galement disponible ici en t\u00e9l\u00e9chargement. L\u2019\u00e9t\u00e9 est aussi l&rsquo;occasion de profiter, c&rsquo;est pourquoi l&rsquo;\u00e9quipe Facebook Lifeguard vient aussi partager ses trucs et astuces pour aider les vacanciers \u00e0 capturer leurs meilleurs souvenirs de vacances. Nos produits phares cet \u00e9t\u00e9 : Facebook Cam\u00e9ra et bien s\u00fbr les Facebook Stories ! Ce qui vous attend cet \u00e9t\u00e9 avec l&rsquo;\u00e9quipe \u00ab\u00a0Facebook Lifeguard\u201d Cr\u00e9ez votre carte postale de l&rsquo;\u00e9t\u00e9 avec Facebook Stories Immortalisez vos meilleurs selfies gr\u00e2ce \u00e0 Facebook Camera Apprenez \u00e0 bien prot\u00e9ger votre compte Facebook gr\u00e2ce \u00e0 des d\u00e9monstrations Participez \u00e0 des Quiz en famille ou entre amis pour remporter des cadeaux \u00c9changez avec les \u00e9quipes Facebook pour poser toutes vos questions Cet \u00e9t\u00e9, 4 dates \u00e0 ne surtout pas manquer de 14h30 \u00e0 18h30\u00a0: Le 5 ao\u00fbt \u00e0 CAPBRETON sur la plage Notre Dame Le 7 ao\u00fbt \u00e0 BISCAROSSE sur l&rsquo;esplanade de la plage Le 9 ao\u00fbt \u00c0 SAINT-JEAN-DE-MONTS sur la plage des oiseaux 10 ao\u00fbt \u00e0 SAINT BREVIN LES PINS sur la Plage verte \u201cFacebook souhaite \u00eatre au plus pr\u00e8s de ses utilisateurs pour r\u00e9pondre \u00e0 leurs questions et leur apporter des conseils sur l&rsquo;utilisation de nos services. Nous sommes convaincus qu&rsquo;une exp\u00e9rience positive sur Facebook passe par une bonne compr\u00e9hension de nos produits. C&rsquo;est pourquoi nous allons \u00e0 la rencontre des estivants, des familles pour leur proposer des ateliers ludiques et p\u00e9dagogiques. Nous continuons ainsi nos efforts d&rsquo;\u00e9ducation\u00a0 tout en s&rsquo;amusant.\u201d Michelle Gilbert, Directrice de la communication de Facebook France Lien vers nos \u00e9v\u00e8nements Facebook dans chaque ville : CAPBRETON : https:\/\/www.facebook.com\/events\/257340671523489\/ BISCARROSSE : https:\/\/www.facebook.com\/events\/2145337462147547\/ SAINT-JEAN-DE-MONTS : https:\/\/www.facebook.com\/events\/2164500553837858\/ SAINT-BREVIN-LES-PINS : https:\/\/www.facebook.com\/events\/1120834911408490\/ &nbsp; Lien vers le Facebook Summer Guide : https:\/\/about.fb.com\/fr\/2018\/07\/facebook-lance-son-guide-de-lete-et-vous-aide-a-proteger-votre-compte-des-coups-de-soleil\/ Lien vers la Tourn\u00e9e NRJ Summer Tour :\u00a0https:\/\/www.facebook.com\/nrjsummertour\/","og_url":"https:\/\/about.fb.com\/fr\/news\/2018\/07\/cest-les-grandes-vacances-facebook-vous-donne-rendez-vous-sur-les-plages-du-5-au-10-aout-avec-la-tournee-nrj-summer-tour\/","og_site_name":"\u00c0 propos de Meta","article_published_time":"2018-07-18T12:08:34+00:00","article_modified_time":"2018-08-14T15:27:40+00:00","og_image":[{"width":1024,"height":576,"url":"https:\/\/about.fb.com\/fr\/wp-content\/uploads\/sites\/12\/2018\/07\/00_postale-facebook-general.jpg?resize=1024,576","type":"image\/jpeg"}],"author":"elodielarcis","twitter_card":"summary_large_image","twitter_misc":{"Written by":"Meta","Est. reading time":"2 minutes"},"schema":{"@context":"https:\/\/schema.org","@graph":[{"@type":"Article","@id":"https:\/\/about.fb.com\/fr\/news\/2018\/07\/cest-les-grandes-vacances-facebook-vous-donne-rendez-vous-sur-les-plages-du-5-au-10-aout-avec-la-tournee-nrj-summer-tour\/#article","isPartOf":{"@id":"https:\/\/about.fb.com\/fr\/news\/2018\/07\/cest-les-grandes-vacances-facebook-vous-donne-rendez-vous-sur-les-plages-du-5-au-10-aout-avec-la-tournee-nrj-summer-tour\/"},"author":"Facebook company","headline":"Facebook vous donne rendez-vous sur les plages du 5 au 10 ao\u00fbt avec la tourn\u00e9e NRJ SUMMER TOUR !","datePublished":"2018-07-18T12:08:34+00:00","dateModified":"2018-08-14T15:27:40+00:00","mainEntityOfPage":{"@id":"https:\/\/about.fb.com\/fr\/news\/2018\/07\/cest-les-grandes-vacances-facebook-vous-donne-rendez-vous-sur-les-plages-du-5-au-10-aout-avec-la-tournee-nrj-summer-tour\/"},"wordCount":498,"publisher":{"@id":"https:\/\/about.fb.com\/fr\/#organization"},"image":{"@id":"https:\/\/about.fb.com\/fr\/news\/2018\/07\/cest-les-grandes-vacances-facebook-vous-donne-rendez-vous-sur-les-plages-du-5-au-10-aout-avec-la-tournee-nrj-summer-tour\/#primaryimage"},"thumbnailUrl":"https:\/\/about.fb.com\/fr\/wp-content\/uploads\/sites\/12\/2018\/07\/00_postale-facebook-general.jpg?fit=1834%2C1031","articleSection":["Uncategorized"],"inLanguage":"fr-FR"},{"@type":"WebPage","@id":"https:\/\/about.fb.com\/fr\/news\/2018\/07\/cest-les-grandes-vacances-facebook-vous-donne-rendez-vous-sur-les-plages-du-5-au-10-aout-avec-la-tournee-nrj-summer-tour\/","url":"https:\/\/about.fb.com\/fr\/news\/2018\/07\/cest-les-grandes-vacances-facebook-vous-donne-rendez-vous-sur-les-plages-du-5-au-10-aout-avec-la-tournee-nrj-summer-tour\/","name":"Facebook vous donne rendez-vous sur les plages du 5 au 10 ao\u00fbt avec la tourn\u00e9e NRJ SUMMER TOUR ! | \u00c0 propos de Meta","isPartOf":{"@id":"https:\/\/about.fb.com\/fr\/#website"},"primaryImageOfPage":{"@id":"https:\/\/about.fb.com\/fr\/news\/2018\/07\/cest-les-grandes-vacances-facebook-vous-donne-rendez-vous-sur-les-plages-du-5-au-10-aout-avec-la-tournee-nrj-summer-tour\/#primaryimage"},"image":{"@id":"https:\/\/about.fb.com\/fr\/news\/2018\/07\/cest-les-grandes-vacances-facebook-vous-donne-rendez-vous-sur-les-plages-du-5-au-10-aout-avec-la-tournee-nrj-summer-tour\/#primaryimage"},"thumbnailUrl":"https:\/\/about.fb.com\/fr\/wp-content\/uploads\/sites\/12\/2018\/07\/00_postale-facebook-general.jpg?fit=1834%2C1031","datePublished":"2018-07-18T12:08:34+00:00","dateModified":"2018-08-14T15:27:40+00:00","breadcrumb":{"@id":"https:\/\/about.fb.com\/fr\/news\/2018\/07\/cest-les-grandes-vacances-facebook-vous-donne-rendez-vous-sur-les-plages-du-5-au-10-aout-avec-la-tournee-nrj-summer-tour\/#breadcrumb"},"inLanguage":"fr-FR","potentialAction":[{"@type":"ReadAction","target":["https:\/\/about.fb.com\/fr\/news\/2018\/07\/cest-les-grandes-vacances-facebook-vous-donne-rendez-vous-sur-les-plages-du-5-au-10-aout-avec-la-tournee-nrj-summer-tour\/"]}],"author":"\u00c0 propos de Meta"},{"@type":"ImageObject","inLanguage":"fr-FR","@id":"https:\/\/about.fb.com\/fr\/news\/2018\/07\/cest-les-grandes-vacances-facebook-vous-donne-rendez-vous-sur-les-plages-du-5-au-10-aout-avec-la-tournee-nrj-summer-tour\/#primaryimage","url":"https:\/\/about.fb.com\/fr\/wp-content\/uploads\/sites\/12\/2018\/07\/00_postale-facebook-general.jpg?fit=1834%2C1031","contentUrl":"https:\/\/about.fb.com\/fr\/wp-content\/uploads\/sites\/12\/2018\/07\/00_postale-facebook-general.jpg?fit=1834%2C1031","width":1834,"height":1031},{"@type":"BreadcrumbList","@id":"https:\/\/about.fb.com\/fr\/news\/2018\/07\/cest-les-grandes-vacances-facebook-vous-donne-rendez-vous-sur-les-plages-du-5-au-10-aout-avec-la-tournee-nrj-summer-tour\/#breadcrumb","itemListElement":[{"@type":"ListItem","position":1,"name":"Home","item":"https:\/\/about.fb.com\/fr\/"},{"@type":"ListItem","position":2,"name":"Facebook vous donne rendez-vous sur les plages du 5 au 10 ao\u00fbt avec la tourn\u00e9e NRJ SUMMER TOUR !"}]},{"@type":"WebSite","@id":"https:\/\/about.fb.com\/fr\/#website","url":"https:\/\/about.fb.com\/news\/","name":"\u00c0 propos de Meta","description":"","publisher":{"@id":"https:\/\/about.fb.com\/fr\/#organization"},"potentialAction":[{"@type":"SearchAction","target":{"@type":"EntryPoint","urlTemplate":"https:\/\/about.fb.com\/fr\/?s={search_term_string}"},"query-input":{"@type":"PropertyValueSpecification","valueRequired":true,"valueName":"search_term_string"}}],"inLanguage":"fr-FR","alternateName":["Meta Newsroom","Meta"]},{"@type":"Organization","@id":"https:\/\/about.fb.com\/fr\/#organization","name":"Meta","url":"https:\/\/about.fb.com\/fr\/","logo":{"@type":"ImageObject","inLanguage":"fr-FR","@id":"https:\/\/about.fb.com\/fr\/#\/schema\/logo\/image\/","url":"https:\/\/about.fb.com\/fr\/wp-content\/uploads\/sites\/12\/2021\/10\/meta-social-16x9-1.jpg?fit=8000%2C4500","contentUrl":"https:\/\/about.fb.com\/fr\/wp-content\/uploads\/sites\/12\/2021\/10\/meta-social-16x9-1.jpg?fit=8000%2C4500","width":8000,"height":4500,"caption":"Meta"},"image":{"@id":"https:\/\/about.fb.com\/fr\/#\/schema\/logo\/image\/"}}]}},"jetpack_featured_media_url":"https:\/\/about.fb.com\/fr\/wp-content\/uploads\/sites\/12\/2018\/07\/00_postale-facebook-general.jpg?fit=1834%2C1031","jetpack-related-posts":[],"jetpack_sharing_enabled":true,"amp_enabled":true,"_links":{"self":[{"href":"https:\/\/about.fb.com\/fr\/wp-json\/wp\/v2\/posts\/7078","targetHints":{"allow":["GET"]}}],"collection":[{"href":"https:\/\/about.fb.com\/fr\/wp-json\/wp\/v2\/posts"}],"about":[{"href":"https:\/\/about.fb.com\/fr\/wp-json\/wp\/v2\/types\/post"}],"author":[{"embeddable":true,"href":"https:\/\/about.fb.com\/fr\/wp-json\/wp\/v2\/users\/137019697"}],"replies":[{"embeddable":true,"href":"https:\/\/about.fb.com\/fr\/wp-json\/wp\/v2\/comments?post=7078"}],"version-history":[{"count":3,"href":"https:\/\/about.fb.com\/fr\/wp-json\/wp\/v2\/posts\/7078\/revisions"}],"predecessor-version":[{"id":7094,"href":"https:\/\/about.fb.com\/fr\/wp-json\/wp\/v2\/posts\/7078\/revisions\/7094"}],"wp:featuredmedia":[{"embeddable":true,"href":"https:\/\/about.fb.com\/fr\/wp-json\/wp\/v2\/media\/7081"}],"wp:attachment":[{"href":"https:\/\/about.fb.com\/fr\/wp-json\/wp\/v2\/media?parent=7078"}],"wp:term":[{"taxonomy":"category","embeddable":true,"href":"https:\/\/about.fb.com\/fr\/wp-json\/wp\/v2\/categories?post=7078"},{"taxonomy":"post_tag","embeddable":true,"href":"https:\/\/about.fb.com\/fr\/wp-json\/wp\/v2\/tags?post=7078"}],"curies":[{"name":"wp","href":"https:\/\/api.w.org\/{rel}","templated":true}]}}