{"id":7003,"date":"2018-06-12T14:22:37","date_gmt":"2018-06-12T12:22:37","guid":{"rendered":"http:\/\/fr.newsroom.fb.com\/?p=7003"},"modified":"2019-11-04T20:14:56","modified_gmt":"2019-11-04T19:14:56","slug":"tous-vos-souvenirs-reunis-au-seul-et-meme-endroit-sur-facebook","status":"publish","type":"post","link":"https:\/\/about.fb.com\/fr\/news\/2018\/06\/tous-vos-souvenirs-reunis-au-seul-et-meme-endroit-sur-facebook\/","title":{"rendered":"Tous vos souvenirs r\u00e9unis au seul et m\u00eame endroit sur Facebook"},"content":{"rendered":"<p>Nous lan\u00e7ons \u00ab\u00a0Souvenirs\u00a0\u00bb\u00a0: une page unique sur laquelle retrouver tous les moments que vous avez partag\u00e9s avec votre famille et vos amis sur Facebook tels que les messages, les photos, les nouvelles amiti\u00e9s ou encore les \u00e9v\u00e9nements les plus importants de votre vie.<\/p>\n<p>Chaque jour, plus de 90 millions de personnes utilisent la fonctionnalit\u00e9 \u00ab\u00a0Ce jour-l\u00e0\u00a0\u00bb pour se rem\u00e9morer les meilleurs moments qu&rsquo;ils ont v\u00e9cus et partag\u00e9s sur Facebook. Des \u00e9tudes montrent que revoir les meilleurs moments de sa vie a un impact positif sur l\u2019humeur et le bien-\u00eatre des gens, et c\u2019est d\u2019ailleurs pourquoi nous avons d\u00e9cid\u00e9 de r\u00e9inventer cette exp\u00e9rience. Nous voulons permettre \u00e0 tous nos utilisateurs de retrouver leurs souvenirs plus rapidement, et ce \u00e0 travers une seule et m\u00eame page appel\u00e9e \u00ab\u00a0Souvenir\u00a0\u00bb.<\/p>\n<p><img data-recalc-dims=\"1\" loading=\"lazy\" decoding=\"async\" class=\"aligncenter size-full wp-image-7007\" src=\"https:\/\/about.fb.com\/fr\/wp-content\/uploads\/sites\/5\/2018\/06\/memorieshome_newsroom-1.png?resize=960%2C660\" alt=\"\" width=\"960\" height=\"660\" \/><\/p>\n<ul>\n<li><strong>Ce jour-l\u00e0 :<\/strong>\u00a0Le contenu que vous aimez sera toujours disponible dans cette section, mettant en avant les messages et les \u00e9v\u00e9nements du pass\u00e9 qui ont un impact majeur dans votre vie \u00e0 cette date-l\u00e0.<\/li>\n<li><strong>Les nouvelles amiti\u00e9s nou\u00e9es ce jour-l\u00e0 :<\/strong>\u00a0Cette section permettra de retrouver la liste de tous les amis que vous vous \u00eates faits \u00e0 cette date-l\u00e0 et de c\u00e9l\u00e9brer vos ami-versaires gr\u00e2ce \u00e0 des vid\u00e9os ou des collages.<\/li>\n<li><strong>Le r\u00e9capitulatif de souvenirs :<\/strong>\u00a0Cette section permettra de regrouper tous vos souvenirs par saison ou par mois par le biais de messages ou de vid\u00e9os.<\/li>\n<li><strong>Les souvenirs que vous avez peut-\u00eatre manqu\u00e9s :<\/strong>\u00a0Si vous n\u2019avez pas consult\u00e9 vos souvenirs depuis un petit moment, cette section vous montrera les publications souvenirs que vous auriez pu manquer la semaine pr\u00e9c\u00e9dente.<\/li>\n<\/ul>\n<p>&nbsp;<\/p>\n<p>Pour acc\u00e9dez \u00e0 tous\u00a0vos souvenirs :\u00a0<a href=\"https:\/\/urldefense.proofpoint.com\/v2\/url?u=https-3A__www.facebook.com_memories&amp;d=DwMF-g&amp;c=qwStF0e4-YFyvjCeML3ehA&amp;r=P4_bvGwp3_LZsaiU18E4dg&amp;m=GiYiiurBFmyJwsTM6tqSgHVon5O1WBBf494mLkAFw7I&amp;s=Gwcgit9OqKcLvxbygiOoo_F76Fs-35RFgn3tCRqx2Ac&amp;e=\">facebook.com\/memories<\/a><\/p>\n","protected":false},"excerpt":{"rendered":"Nous lan\u00e7ons \u00ab\u00a0Souvenirs\u00a0\u00bb\u00a0: une page unique sur laquelle retrouver tous les moments que vous avez partag\u00e9s avec votre famille et vos amis sur Facebook tels que les messages, les photos, les nouvelles amiti\u00e9s ou encore les \u00e9v\u00e9nements les plus importants de votre vie. Chaque jour, plus de 90 millions de personnes utilisent la fonctionnalit\u00e9 \u00ab\u00a0Ce jour-l\u00e0\u00a0\u00bb pour se rem\u00e9morer les meilleurs moments qu&rsquo;ils ont v\u00e9cus et partag\u00e9s sur Facebook. Des \u00e9tudes montrent que revoir les meilleurs moments de sa vie a un impact positif sur l\u2019humeur et le bien-\u00eatre des gens, et c\u2019est d\u2019ailleurs pourquoi nous avons d\u00e9cid\u00e9 de r\u00e9inventer cette exp\u00e9rience. Nous voulons permettre \u00e0 tous nos utilisateurs de retrouver leurs souvenirs plus rapidement, et ce \u00e0 travers une seule et m\u00eame page appel\u00e9e \u00ab\u00a0Souvenir\u00a0\u00bb. Ce jour-l\u00e0 :\u00a0Le contenu que vous aimez sera toujours disponible dans cette section, mettant en avant les messages et les \u00e9v\u00e9nements du pass\u00e9 qui ont un impact majeur dans votre vie \u00e0 cette date-l\u00e0. Les nouvelles amiti\u00e9s nou\u00e9es ce jour-l\u00e0 :\u00a0Cette section permettra de retrouver la liste de tous les amis que vous vous \u00eates faits \u00e0 cette date-l\u00e0 et de c\u00e9l\u00e9brer vos ami-versaires gr\u00e2ce \u00e0 des vid\u00e9os ou des collages. Le r\u00e9capitulatif de souvenirs :\u00a0Cette section permettra de regrouper tous vos souvenirs par saison ou par mois par le biais de messages ou de vid\u00e9os. Les souvenirs que vous avez peut-\u00eatre manqu\u00e9s :\u00a0Si vous n\u2019avez pas consult\u00e9 vos souvenirs depuis un petit moment, cette section vous montrera les publications souvenirs que vous auriez pu manquer la semaine pr\u00e9c\u00e9dente. &nbsp; Pour acc\u00e9dez \u00e0 tous\u00a0vos souvenirs :\u00a0facebook.com\/memories","protected":false},"author":137019697,"featured_media":0,"comment_status":"closed","ping_status":"closed","sticky":false,"template":"","format":"standard","meta":{"_jetpack_memberships_contains_paid_content":false,"footnotes":""},"categories":[1],"tags":[],"class_list":["post-7003","post","type-post","status-publish","format-standard","hentry","category-uncategorized"],"yoast_head":"<!-- This site is optimized with the Yoast SEO plugin v27.2 - https:\/\/yoast.com\/product\/yoast-seo-wordpress\/ -->\n<title>Tous vos souvenirs r\u00e9unis au seul et m\u00eame endroit sur Facebook | \u00c0 propos de Meta<\/title>\n<meta name=\"robots\" content=\"index, follow, max-snippet:-1, max-image-preview:large, max-video-preview:-1\" \/>\n<link rel=\"canonical\" href=\"https:\/\/about.fb.com\/fr\/news\/2018\/06\/tous-vos-souvenirs-reunis-au-seul-et-meme-endroit-sur-facebook\/\" \/>\n<meta property=\"og:locale\" content=\"fr_FR\" \/>\n<meta property=\"og:type\" content=\"article\" \/>\n<meta property=\"og:title\" content=\"Tous vos souvenirs r\u00e9unis au seul et m\u00eame endroit sur Facebook | \u00c0 propos de Meta\" \/>\n<meta property=\"og:description\" content=\"Nous lan\u00e7ons \u00ab\u00a0Souvenirs\u00a0\u00bb\u00a0: une page unique sur laquelle retrouver tous les moments que vous avez partag\u00e9s avec votre famille et vos amis sur Facebook tels que les messages, les photos, les nouvelles amiti\u00e9s ou encore les \u00e9v\u00e9nements les plus importants de votre vie. Chaque jour, plus de 90 millions de personnes utilisent la fonctionnalit\u00e9 \u00ab\u00a0Ce jour-l\u00e0\u00a0\u00bb pour se rem\u00e9morer les meilleurs moments qu&rsquo;ils ont v\u00e9cus et partag\u00e9s sur Facebook. Des \u00e9tudes montrent que revoir les meilleurs moments de sa vie a un impact positif sur l\u2019humeur et le bien-\u00eatre des gens, et c\u2019est d\u2019ailleurs pourquoi nous avons d\u00e9cid\u00e9 de r\u00e9inventer cette exp\u00e9rience. Nous voulons permettre \u00e0 tous nos utilisateurs de retrouver leurs souvenirs plus rapidement, et ce \u00e0 travers une seule et m\u00eame page appel\u00e9e \u00ab\u00a0Souvenir\u00a0\u00bb. Ce jour-l\u00e0 :\u00a0Le contenu que vous aimez sera toujours disponible dans cette section, mettant en avant les messages et les \u00e9v\u00e9nements du pass\u00e9 qui ont un impact majeur dans votre vie \u00e0 cette date-l\u00e0. Les nouvelles amiti\u00e9s nou\u00e9es ce jour-l\u00e0 :\u00a0Cette section permettra de retrouver la liste de tous les amis que vous vous \u00eates faits \u00e0 cette date-l\u00e0 et de c\u00e9l\u00e9brer vos ami-versaires gr\u00e2ce \u00e0 des vid\u00e9os ou des collages. Le r\u00e9capitulatif de souvenirs :\u00a0Cette section permettra de regrouper tous vos souvenirs par saison ou par mois par le biais de messages ou de vid\u00e9os. Les souvenirs que vous avez peut-\u00eatre manqu\u00e9s :\u00a0Si vous n\u2019avez pas consult\u00e9 vos souvenirs depuis un petit moment, cette section vous montrera les publications souvenirs que vous auriez pu manquer la semaine pr\u00e9c\u00e9dente. &nbsp; Pour acc\u00e9dez \u00e0 tous\u00a0vos souvenirs :\u00a0facebook.com\/memories\" \/>\n<meta property=\"og:url\" content=\"https:\/\/about.fb.com\/fr\/news\/2018\/06\/tous-vos-souvenirs-reunis-au-seul-et-meme-endroit-sur-facebook\/\" \/>\n<meta property=\"og:site_name\" content=\"\u00c0 propos de Meta\" \/>\n<meta property=\"article:published_time\" content=\"2018-06-12T12:22:37+00:00\" \/>\n<meta property=\"article:modified_time\" content=\"2019-11-04T19:14:56+00:00\" \/>\n<meta property=\"og:image\" content=\"https:\/\/about.fb.com\/fr\/wp-content\/uploads\/sites\/5\/2018\/06\/memorieshome_newsroom-1.png\" \/>\n<meta name=\"author\" content=\"elodielarcis\" \/>\n<meta name=\"twitter:card\" content=\"summary_large_image\" \/>\n<meta name=\"twitter:label1\" content=\"Written by\" \/>\n\t<meta name=\"twitter:data1\" content=\"Meta\" \/>\n\t<meta name=\"twitter:label2\" content=\"Est. reading time\" \/>\n\t<meta name=\"twitter:data2\" content=\"1 minute\" \/>\n<script type=\"application\/ld+json\" class=\"yoast-schema-graph\">{\"@context\":\"https:\/\/schema.org\",\"@graph\":[{\"@type\":\"Article\",\"@id\":\"https:\/\/about.fb.com\/fr\/news\/2018\/06\/tous-vos-souvenirs-reunis-au-seul-et-meme-endroit-sur-facebook\/#article\",\"isPartOf\":{\"@id\":\"https:\/\/about.fb.com\/fr\/news\/2018\/06\/tous-vos-souvenirs-reunis-au-seul-et-meme-endroit-sur-facebook\/\"},\"author\":\"Facebook company\",\"headline\":\"Tous vos souvenirs r\u00e9unis au seul et m\u00eame endroit sur Facebook\",\"datePublished\":\"2018-06-12T12:22:37+00:00\",\"dateModified\":\"2019-11-04T19:14:56+00:00\",\"mainEntityOfPage\":{\"@id\":\"https:\/\/about.fb.com\/fr\/news\/2018\/06\/tous-vos-souvenirs-reunis-au-seul-et-meme-endroit-sur-facebook\/\"},\"wordCount\":303,\"publisher\":{\"@id\":\"https:\/\/about.fb.com\/fr\/#organization\"},\"image\":{\"@id\":\"https:\/\/about.fb.com\/fr\/news\/2018\/06\/tous-vos-souvenirs-reunis-au-seul-et-meme-endroit-sur-facebook\/#primaryimage\"},\"thumbnailUrl\":\"https:\/\/about.fb.com\/fr\/wp-content\/uploads\/sites\/5\/2018\/06\/memorieshome_newsroom-1.png\",\"articleSection\":[\"Uncategorized\"],\"inLanguage\":\"fr-FR\"},{\"@type\":\"WebPage\",\"@id\":\"https:\/\/about.fb.com\/fr\/news\/2018\/06\/tous-vos-souvenirs-reunis-au-seul-et-meme-endroit-sur-facebook\/\",\"url\":\"https:\/\/about.fb.com\/fr\/news\/2018\/06\/tous-vos-souvenirs-reunis-au-seul-et-meme-endroit-sur-facebook\/\",\"name\":\"Tous vos souvenirs r\u00e9unis au seul et m\u00eame endroit sur Facebook | \u00c0 propos de Meta\",\"isPartOf\":{\"@id\":\"https:\/\/about.fb.com\/fr\/#website\"},\"primaryImageOfPage\":{\"@id\":\"https:\/\/about.fb.com\/fr\/news\/2018\/06\/tous-vos-souvenirs-reunis-au-seul-et-meme-endroit-sur-facebook\/#primaryimage\"},\"image\":{\"@id\":\"https:\/\/about.fb.com\/fr\/news\/2018\/06\/tous-vos-souvenirs-reunis-au-seul-et-meme-endroit-sur-facebook\/#primaryimage\"},\"thumbnailUrl\":\"https:\/\/about.fb.com\/fr\/wp-content\/uploads\/sites\/5\/2018\/06\/memorieshome_newsroom-1.png\",\"datePublished\":\"2018-06-12T12:22:37+00:00\",\"dateModified\":\"2019-11-04T19:14:56+00:00\",\"breadcrumb\":{\"@id\":\"https:\/\/about.fb.com\/fr\/news\/2018\/06\/tous-vos-souvenirs-reunis-au-seul-et-meme-endroit-sur-facebook\/#breadcrumb\"},\"inLanguage\":\"fr-FR\",\"potentialAction\":[{\"@type\":\"ReadAction\",\"target\":[\"https:\/\/about.fb.com\/fr\/news\/2018\/06\/tous-vos-souvenirs-reunis-au-seul-et-meme-endroit-sur-facebook\/\"]}],\"author\":\"\u00c0 propos de Meta\"},{\"@type\":\"ImageObject\",\"inLanguage\":\"fr-FR\",\"@id\":\"https:\/\/about.fb.com\/fr\/news\/2018\/06\/tous-vos-souvenirs-reunis-au-seul-et-meme-endroit-sur-facebook\/#primaryimage\",\"url\":\"https:\/\/about.fb.com\/fr\/wp-content\/uploads\/sites\/5\/2018\/06\/memorieshome_newsroom-1.png\",\"contentUrl\":\"https:\/\/about.fb.com\/fr\/wp-content\/uploads\/sites\/5\/2018\/06\/memorieshome_newsroom-1.png\"},{\"@type\":\"BreadcrumbList\",\"@id\":\"https:\/\/about.fb.com\/fr\/news\/2018\/06\/tous-vos-souvenirs-reunis-au-seul-et-meme-endroit-sur-facebook\/#breadcrumb\",\"itemListElement\":[{\"@type\":\"ListItem\",\"position\":1,\"name\":\"Home\",\"item\":\"https:\/\/about.fb.com\/fr\/\"},{\"@type\":\"ListItem\",\"position\":2,\"name\":\"Tous vos souvenirs r\u00e9unis au seul et m\u00eame endroit sur Facebook\"}]},{\"@type\":\"WebSite\",\"@id\":\"https:\/\/about.fb.com\/fr\/#website\",\"url\":\"https:\/\/about.fb.com\/news\/\",\"name\":\"\u00c0 propos de Meta\",\"description\":\"\",\"publisher\":{\"@id\":\"https:\/\/about.fb.com\/fr\/#organization\"},\"potentialAction\":[{\"@type\":\"SearchAction\",\"target\":{\"@type\":\"EntryPoint\",\"urlTemplate\":\"https:\/\/about.fb.com\/fr\/?s={search_term_string}\"},\"query-input\":{\"@type\":\"PropertyValueSpecification\",\"valueRequired\":true,\"valueName\":\"search_term_string\"}}],\"inLanguage\":\"fr-FR\",\"alternateName\":[\"Meta Newsroom\",\"Meta\"]},{\"@type\":\"Organization\",\"@id\":\"https:\/\/about.fb.com\/fr\/#organization\",\"name\":\"Meta\",\"url\":\"https:\/\/about.fb.com\/fr\/\",\"logo\":{\"@type\":\"ImageObject\",\"inLanguage\":\"fr-FR\",\"@id\":\"https:\/\/about.fb.com\/fr\/#\/schema\/logo\/image\/\",\"url\":\"https:\/\/about.fb.com\/fr\/wp-content\/uploads\/sites\/12\/2021\/10\/meta-social-16x9-1.jpg?fit=8000%2C4500\",\"contentUrl\":\"https:\/\/about.fb.com\/fr\/wp-content\/uploads\/sites\/12\/2021\/10\/meta-social-16x9-1.jpg?fit=8000%2C4500\",\"width\":8000,\"height\":4500,\"caption\":\"Meta\"},\"image\":{\"@id\":\"https:\/\/about.fb.com\/fr\/#\/schema\/logo\/image\/\"}}]}<\/script>\n<!-- \/ Yoast SEO plugin. -->","yoast_head_json":{"title":"Tous vos souvenirs r\u00e9unis au seul et m\u00eame endroit sur Facebook | \u00c0 propos de Meta","robots":{"index":"index","follow":"follow","max-snippet":"max-snippet:-1","max-image-preview":"max-image-preview:large","max-video-preview":"max-video-preview:-1"},"canonical":"https:\/\/about.fb.com\/fr\/news\/2018\/06\/tous-vos-souvenirs-reunis-au-seul-et-meme-endroit-sur-facebook\/","og_locale":"fr_FR","og_type":"article","og_title":"Tous vos souvenirs r\u00e9unis au seul et m\u00eame endroit sur Facebook | \u00c0 propos de Meta","og_description":"Nous lan\u00e7ons \u00ab\u00a0Souvenirs\u00a0\u00bb\u00a0: une page unique sur laquelle retrouver tous les moments que vous avez partag\u00e9s avec votre famille et vos amis sur Facebook tels que les messages, les photos, les nouvelles amiti\u00e9s ou encore les \u00e9v\u00e9nements les plus importants de votre vie. Chaque jour, plus de 90 millions de personnes utilisent la fonctionnalit\u00e9 \u00ab\u00a0Ce jour-l\u00e0\u00a0\u00bb pour se rem\u00e9morer les meilleurs moments qu&rsquo;ils ont v\u00e9cus et partag\u00e9s sur Facebook. Des \u00e9tudes montrent que revoir les meilleurs moments de sa vie a un impact positif sur l\u2019humeur et le bien-\u00eatre des gens, et c\u2019est d\u2019ailleurs pourquoi nous avons d\u00e9cid\u00e9 de r\u00e9inventer cette exp\u00e9rience. Nous voulons permettre \u00e0 tous nos utilisateurs de retrouver leurs souvenirs plus rapidement, et ce \u00e0 travers une seule et m\u00eame page appel\u00e9e \u00ab\u00a0Souvenir\u00a0\u00bb. Ce jour-l\u00e0 :\u00a0Le contenu que vous aimez sera toujours disponible dans cette section, mettant en avant les messages et les \u00e9v\u00e9nements du pass\u00e9 qui ont un impact majeur dans votre vie \u00e0 cette date-l\u00e0. Les nouvelles amiti\u00e9s nou\u00e9es ce jour-l\u00e0 :\u00a0Cette section permettra de retrouver la liste de tous les amis que vous vous \u00eates faits \u00e0 cette date-l\u00e0 et de c\u00e9l\u00e9brer vos ami-versaires gr\u00e2ce \u00e0 des vid\u00e9os ou des collages. Le r\u00e9capitulatif de souvenirs :\u00a0Cette section permettra de regrouper tous vos souvenirs par saison ou par mois par le biais de messages ou de vid\u00e9os. Les souvenirs que vous avez peut-\u00eatre manqu\u00e9s :\u00a0Si vous n\u2019avez pas consult\u00e9 vos souvenirs depuis un petit moment, cette section vous montrera les publications souvenirs que vous auriez pu manquer la semaine pr\u00e9c\u00e9dente. &nbsp; Pour acc\u00e9dez \u00e0 tous\u00a0vos souvenirs :\u00a0facebook.com\/memories","og_url":"https:\/\/about.fb.com\/fr\/news\/2018\/06\/tous-vos-souvenirs-reunis-au-seul-et-meme-endroit-sur-facebook\/","og_site_name":"\u00c0 propos de Meta","article_published_time":"2018-06-12T12:22:37+00:00","article_modified_time":"2019-11-04T19:14:56+00:00","og_image":[{"url":"https:\/\/about.fb.com\/fr\/wp-content\/uploads\/sites\/5\/2018\/06\/memorieshome_newsroom-1.png","type":"","width":"","height":""}],"author":"elodielarcis","twitter_card":"summary_large_image","twitter_misc":{"Written by":"Meta","Est. reading time":"1 minute"},"schema":{"@context":"https:\/\/schema.org","@graph":[{"@type":"Article","@id":"https:\/\/about.fb.com\/fr\/news\/2018\/06\/tous-vos-souvenirs-reunis-au-seul-et-meme-endroit-sur-facebook\/#article","isPartOf":{"@id":"https:\/\/about.fb.com\/fr\/news\/2018\/06\/tous-vos-souvenirs-reunis-au-seul-et-meme-endroit-sur-facebook\/"},"author":"Facebook company","headline":"Tous vos souvenirs r\u00e9unis au seul et m\u00eame endroit sur Facebook","datePublished":"2018-06-12T12:22:37+00:00","dateModified":"2019-11-04T19:14:56+00:00","mainEntityOfPage":{"@id":"https:\/\/about.fb.com\/fr\/news\/2018\/06\/tous-vos-souvenirs-reunis-au-seul-et-meme-endroit-sur-facebook\/"},"wordCount":303,"publisher":{"@id":"https:\/\/about.fb.com\/fr\/#organization"},"image":{"@id":"https:\/\/about.fb.com\/fr\/news\/2018\/06\/tous-vos-souvenirs-reunis-au-seul-et-meme-endroit-sur-facebook\/#primaryimage"},"thumbnailUrl":"https:\/\/about.fb.com\/fr\/wp-content\/uploads\/sites\/5\/2018\/06\/memorieshome_newsroom-1.png","articleSection":["Uncategorized"],"inLanguage":"fr-FR"},{"@type":"WebPage","@id":"https:\/\/about.fb.com\/fr\/news\/2018\/06\/tous-vos-souvenirs-reunis-au-seul-et-meme-endroit-sur-facebook\/","url":"https:\/\/about.fb.com\/fr\/news\/2018\/06\/tous-vos-souvenirs-reunis-au-seul-et-meme-endroit-sur-facebook\/","name":"Tous vos souvenirs r\u00e9unis au seul et m\u00eame endroit sur Facebook | \u00c0 propos de Meta","isPartOf":{"@id":"https:\/\/about.fb.com\/fr\/#website"},"primaryImageOfPage":{"@id":"https:\/\/about.fb.com\/fr\/news\/2018\/06\/tous-vos-souvenirs-reunis-au-seul-et-meme-endroit-sur-facebook\/#primaryimage"},"image":{"@id":"https:\/\/about.fb.com\/fr\/news\/2018\/06\/tous-vos-souvenirs-reunis-au-seul-et-meme-endroit-sur-facebook\/#primaryimage"},"thumbnailUrl":"https:\/\/about.fb.com\/fr\/wp-content\/uploads\/sites\/5\/2018\/06\/memorieshome_newsroom-1.png","datePublished":"2018-06-12T12:22:37+00:00","dateModified":"2019-11-04T19:14:56+00:00","breadcrumb":{"@id":"https:\/\/about.fb.com\/fr\/news\/2018\/06\/tous-vos-souvenirs-reunis-au-seul-et-meme-endroit-sur-facebook\/#breadcrumb"},"inLanguage":"fr-FR","potentialAction":[{"@type":"ReadAction","target":["https:\/\/about.fb.com\/fr\/news\/2018\/06\/tous-vos-souvenirs-reunis-au-seul-et-meme-endroit-sur-facebook\/"]}],"author":"\u00c0 propos de Meta"},{"@type":"ImageObject","inLanguage":"fr-FR","@id":"https:\/\/about.fb.com\/fr\/news\/2018\/06\/tous-vos-souvenirs-reunis-au-seul-et-meme-endroit-sur-facebook\/#primaryimage","url":"https:\/\/about.fb.com\/fr\/wp-content\/uploads\/sites\/5\/2018\/06\/memorieshome_newsroom-1.png","contentUrl":"https:\/\/about.fb.com\/fr\/wp-content\/uploads\/sites\/5\/2018\/06\/memorieshome_newsroom-1.png"},{"@type":"BreadcrumbList","@id":"https:\/\/about.fb.com\/fr\/news\/2018\/06\/tous-vos-souvenirs-reunis-au-seul-et-meme-endroit-sur-facebook\/#breadcrumb","itemListElement":[{"@type":"ListItem","position":1,"name":"Home","item":"https:\/\/about.fb.com\/fr\/"},{"@type":"ListItem","position":2,"name":"Tous vos souvenirs r\u00e9unis au seul et m\u00eame endroit sur Facebook"}]},{"@type":"WebSite","@id":"https:\/\/about.fb.com\/fr\/#website","url":"https:\/\/about.fb.com\/news\/","name":"\u00c0 propos de Meta","description":"","publisher":{"@id":"https:\/\/about.fb.com\/fr\/#organization"},"potentialAction":[{"@type":"SearchAction","target":{"@type":"EntryPoint","urlTemplate":"https:\/\/about.fb.com\/fr\/?s={search_term_string}"},"query-input":{"@type":"PropertyValueSpecification","valueRequired":true,"valueName":"search_term_string"}}],"inLanguage":"fr-FR","alternateName":["Meta Newsroom","Meta"]},{"@type":"Organization","@id":"https:\/\/about.fb.com\/fr\/#organization","name":"Meta","url":"https:\/\/about.fb.com\/fr\/","logo":{"@type":"ImageObject","inLanguage":"fr-FR","@id":"https:\/\/about.fb.com\/fr\/#\/schema\/logo\/image\/","url":"https:\/\/about.fb.com\/fr\/wp-content\/uploads\/sites\/12\/2021\/10\/meta-social-16x9-1.jpg?fit=8000%2C4500","contentUrl":"https:\/\/about.fb.com\/fr\/wp-content\/uploads\/sites\/12\/2021\/10\/meta-social-16x9-1.jpg?fit=8000%2C4500","width":8000,"height":4500,"caption":"Meta"},"image":{"@id":"https:\/\/about.fb.com\/fr\/#\/schema\/logo\/image\/"}}]}},"jetpack_featured_media_url":"","jetpack-related-posts":[],"jetpack_sharing_enabled":true,"amp_enabled":true,"_links":{"self":[{"href":"https:\/\/about.fb.com\/fr\/wp-json\/wp\/v2\/posts\/7003","targetHints":{"allow":["GET"]}}],"collection":[{"href":"https:\/\/about.fb.com\/fr\/wp-json\/wp\/v2\/posts"}],"about":[{"href":"https:\/\/about.fb.com\/fr\/wp-json\/wp\/v2\/types\/post"}],"author":[{"embeddable":true,"href":"https:\/\/about.fb.com\/fr\/wp-json\/wp\/v2\/users\/137019697"}],"replies":[{"embeddable":true,"href":"https:\/\/about.fb.com\/fr\/wp-json\/wp\/v2\/comments?post=7003"}],"version-history":[{"count":3,"href":"https:\/\/about.fb.com\/fr\/wp-json\/wp\/v2\/posts\/7003\/revisions"}],"predecessor-version":[{"id":8156,"href":"https:\/\/about.fb.com\/fr\/wp-json\/wp\/v2\/posts\/7003\/revisions\/8156"}],"wp:attachment":[{"href":"https:\/\/about.fb.com\/fr\/wp-json\/wp\/v2\/media?parent=7003"}],"wp:term":[{"taxonomy":"category","embeddable":true,"href":"https:\/\/about.fb.com\/fr\/wp-json\/wp\/v2\/categories?post=7003"},{"taxonomy":"post_tag","embeddable":true,"href":"https:\/\/about.fb.com\/fr\/wp-json\/wp\/v2\/tags?post=7003"}],"curies":[{"name":"wp","href":"https:\/\/api.w.org\/{rel}","templated":true}]}}