{"id":6955,"date":"2018-06-05T15:15:21","date_gmt":"2018-06-05T13:15:21","guid":{"rendered":"http:\/\/fr.newsroom.fb.com\/?p=6955"},"modified":"2019-11-04T20:15:13","modified_gmt":"2019-11-04T19:15:13","slug":"facebook-fete-le-mois-de-la-fierte-et-lance-de-nouvelles-fonctionnalites-pour-exprimer-son-soutien-a-la-communaute-lgbtq-tout-au-long-de-lannee","status":"publish","type":"post","link":"https:\/\/about.fb.com\/fr\/news\/2018\/06\/facebook-fete-le-mois-de-la-fierte-et-lance-de-nouvelles-fonctionnalites-pour-exprimer-son-soutien-a-la-communaute-lgbtq-tout-au-long-de-lannee\/","title":{"rendered":"Facebook f\u00eate le Mois de la Fiert\u00e9 et lance de nouvelles fonctionnalit\u00e9s pour exprimer son soutien \u00e0 la communaut\u00e9 LGBTQ tout au long de l\u2019ann\u00e9e"},"content":{"rendered":"<p>Aux \u00c9tats-Unis, le mois de juin est d\u00e9sign\u00e9 comme le \u00ab\u00a0Pride month\u00a0\u00bb\u00a0: le Mois de la Fiert\u00e9. En France, c\u2019est \u00e9galement au cours de ce mois que de nombreuses Marches des fiert\u00e9s, plus connues sous le nom de \u00ab\u00a0Gay pride\u00a0\u00bb, ont lieu dans plusieurs villes.<\/p>\n<p>La communaut\u00e9 LGBTQ a toujours \u00e9t\u00e9 tr\u00e8s importante pour Facebook, et nous savons qu\u2019en tant que communaut\u00e9, il est important de se sentir repr\u00e9sent\u00e9 et soutenu. Les groupes Facebook sont d\u2019ailleurs devenus un moyen pour la communaut\u00e9 LGBTQ de trouver un appui gr\u00e2ce \u00e0 de nombreux r\u00e9seaux de soutien.<\/p>\n<p><strong>De nouvelles fonctionnalit\u00e9s pour c\u00e9l\u00e9brer la fiert\u00e9 sur Facebook, Messenger et Instagram, en France et partout dans le monde<\/strong><\/p>\n<p>Cette ann\u00e9e, pour c\u00e9l\u00e9brer le Mois de la Fiert\u00e9 et mais aussi toutes les Marches des Fiert\u00e9s qui auront lieu en France, Facebook lance de nouvelles fa\u00e7ons de s\u2019exprimer et de montrer sa fiert\u00e9 gr\u00e2ce \u00e0 de nouvelles fonctionnalit\u00e9s qui seront disponibles sur Facebook, Messenger et Instagram tout au long de l\u2019ann\u00e9e.<\/p>\n<p>Nous savons que les membres de la communaut\u00e9 LGBTQ se soutiennent les uns les autres \u00e0 l&rsquo;\u00e9chelle mondiale et tout au long de l&rsquo;ann\u00e9e, c\u2019est pourquoi Facebook rend toutes ces fonctionnalit\u00e9s disponibles tout au long de l&rsquo;ann\u00e9e :<\/p>\n<ul>\n<li>Les d\u00e9cors sur les photos de profils sont de retour : les tr\u00e8s populaires \u00ab\u00a0Pride Profile Frames\u00a0\u00bb, c\u2019est-\u00e0-dire les d\u00e9cors sur les photos de profils aux couleurs arc-en-ciel, reviennent sur Facebook. Pour les trouver, consultez facebook.com\/profilepicframes et recherchez \u00ab\u00a0fbpride\u00a0\u00bb. Choisissez le d\u00e9cor que vous aimez, repositionnez-le et d\u00e9finissez la dur\u00e9e pendant laquelle vous voulez le garder sur votre photo profil. Ensuite, cliquez sur \u00ab\u00a0Utiliser comme image de profil\u00a0\u00bb pour publier.<\/li>\n<\/ul>\n<p><img data-recalc-dims=\"1\" loading=\"lazy\" decoding=\"async\" class=\"aligncenter size-full wp-image-6956\" src=\"https:\/\/about.fb.com\/fr\/wp-content\/uploads\/sites\/5\/2018\/06\/1-1.jpg?resize=358%2C283\" alt=\"\" width=\"358\" height=\"283\" \/><\/p>\n<ul>\n<li>Exprimez votre fiert\u00e9 sur votre fil d\u2019actualit\u00e9 et dans vos Stories : sur Facebook, il est possible de partager et communiquer sa fiert\u00e9 en personnalisant ses publications, ses photos et ses vid\u00e9os, \u00e0 la fois en Stories ou sur le fil d\u2019actualit\u00e9. Des fonds de texte sur le th\u00e8me de la fiert\u00e9 sont disponibles, ainsi que des masques, des effets, des d\u00e9cors et des autocollants. Pour les trouver, il suffit de glisser \u00e0 gauche du fil d&rsquo;actualit\u00e9.<\/li>\n<\/ul>\n<p><img data-recalc-dims=\"1\" loading=\"lazy\" decoding=\"async\" class=\"aligncenter size-full wp-image-6957\" src=\"https:\/\/about.fb.com\/fr\/wp-content\/uploads\/sites\/5\/2018\/06\/2-1.jpg?resize=587%2C299\" alt=\"\" width=\"587\" height=\"299\" \/><\/p>\n<p><img data-recalc-dims=\"1\" loading=\"lazy\" decoding=\"async\" class=\"aligncenter size-full wp-image-6958\" src=\"https:\/\/about.fb.com\/fr\/wp-content\/uploads\/sites\/5\/2018\/06\/3-1.jpg?resize=563%2C274\" alt=\"\" width=\"563\" height=\"274\" \/><\/p>\n<ul>\n<li>Partagez votre soutien et votre fiert\u00e9 avec Messenger : Pendant le Mois de la Fiert\u00e9, vous pourrez ajouter un peu d&rsquo;amour dans vos conversations gr\u00e2ce \u00e0 des filtres, des d\u00e9cors et des autocollants directement ins\u00e9r\u00e9s dans la cam\u00e9ra Messenger. L\u2019id\u00e9e est d\u2019utiliser l&rsquo;appareil photo pour prendre une photo ou une vid\u00e9o, la personnaliser, puis l&rsquo;envoyer \u00e0 un ami ou \u00e0 une discussion de groupe.<\/li>\n<\/ul>\n<p><img data-recalc-dims=\"1\" loading=\"lazy\" decoding=\"async\" class=\"aligncenter size-full wp-image-6959\" src=\"https:\/\/about.fb.com\/fr\/wp-content\/uploads\/sites\/5\/2018\/06\/4-1.jpg?resize=511%2C360\" alt=\"\" width=\"511\" height=\"360\" \/><\/p>\n<ul>\n<li>Inspirez-vous gr\u00e2ce \u00e0 Instagram : Mentionnez votre #rolemodel dans vos Stories Instagram et racontez la fa\u00e7on dont ils vont inspirent au quotidien. Vous pouvez \u00e9galement c\u00e9l\u00e9brer la fiert\u00e9 gr\u00e2ce \u00e0 des \u00e9mojis arcs-en-ciel en mode, des autocollants et des hashtags d\u00e9di\u00e9s.<\/li>\n<\/ul>\n<p>Enfin, vous pouvez consulter la page LGBTQ@Facebook sur laquelle de belles histoires \u00e0 propos de notre communaut\u00e9 LGBTQ sont racont\u00e9es. Tout long du mois de juin, des conseils seront disponibles pour savoir o\u00f9 trouver et comment utiliser toutes les diff\u00e9rentes fa\u00e7ons de c\u00e9l\u00e9brer et d\u2019exprimer sa fiert\u00e9 sur Facebook et tous nos produits.<\/p>\n","protected":false},"excerpt":{"rendered":"Aux \u00c9tats-Unis, le mois de juin est d\u00e9sign\u00e9 comme le \u00ab\u00a0Pride month\u00a0\u00bb\u00a0: le Mois de la Fiert\u00e9. En France, c\u2019est \u00e9galement au cours de ce mois que de nombreuses Marches des fiert\u00e9s, plus connues sous le nom de \u00ab\u00a0Gay pride\u00a0\u00bb, ont lieu dans plusieurs villes. La communaut\u00e9 LGBTQ a toujours \u00e9t\u00e9 tr\u00e8s importante pour Facebook, et nous savons qu\u2019en tant que communaut\u00e9, il est important de se sentir repr\u00e9sent\u00e9 et soutenu. Les groupes Facebook sont d\u2019ailleurs devenus un moyen pour la communaut\u00e9 LGBTQ de trouver un appui gr\u00e2ce \u00e0 de nombreux r\u00e9seaux de soutien. De nouvelles fonctionnalit\u00e9s pour c\u00e9l\u00e9brer la fiert\u00e9 sur Facebook, Messenger et Instagram, en France et partout dans le monde Cette ann\u00e9e, pour c\u00e9l\u00e9brer le Mois de la Fiert\u00e9 et mais aussi toutes les Marches des Fiert\u00e9s qui auront lieu en France, Facebook lance de nouvelles fa\u00e7ons de s\u2019exprimer et de montrer sa fiert\u00e9 gr\u00e2ce \u00e0 de nouvelles fonctionnalit\u00e9s qui seront disponibles sur Facebook, Messenger et Instagram tout au long de l\u2019ann\u00e9e. Nous savons que les membres de la communaut\u00e9 LGBTQ se soutiennent les uns les autres \u00e0 l&rsquo;\u00e9chelle mondiale et tout au long de l&rsquo;ann\u00e9e, c\u2019est pourquoi Facebook rend toutes ces fonctionnalit\u00e9s disponibles tout au long de l&rsquo;ann\u00e9e : Les d\u00e9cors sur les photos de profils sont de retour : les tr\u00e8s populaires \u00ab\u00a0Pride Profile Frames\u00a0\u00bb, c\u2019est-\u00e0-dire les d\u00e9cors sur les photos de profils aux couleurs arc-en-ciel, reviennent sur Facebook. Pour les trouver, consultez facebook.com\/profilepicframes et recherchez \u00ab\u00a0fbpride\u00a0\u00bb. Choisissez le d\u00e9cor que vous aimez, repositionnez-le et d\u00e9finissez la dur\u00e9e pendant laquelle vous voulez le garder sur votre photo profil. Ensuite, cliquez sur \u00ab\u00a0Utiliser comme image de profil\u00a0\u00bb pour publier. Exprimez votre fiert\u00e9 sur votre fil d\u2019actualit\u00e9 et dans vos Stories : sur Facebook, il est possible de partager et communiquer sa fiert\u00e9 en personnalisant ses publications, ses photos et ses vid\u00e9os, \u00e0 la fois en Stories ou sur le fil d\u2019actualit\u00e9. Des fonds de texte sur le th\u00e8me de la fiert\u00e9 sont disponibles, ainsi que des masques, des effets, des d\u00e9cors et des autocollants. Pour les trouver, il suffit de glisser \u00e0 gauche du fil d&rsquo;actualit\u00e9. Partagez votre soutien et votre fiert\u00e9 avec Messenger : Pendant le Mois de la Fiert\u00e9, vous pourrez ajouter un peu d&rsquo;amour dans vos conversations gr\u00e2ce \u00e0 des filtres, des d\u00e9cors et des autocollants directement ins\u00e9r\u00e9s dans la cam\u00e9ra Messenger. L\u2019id\u00e9e est d\u2019utiliser l&rsquo;appareil photo pour prendre une photo ou une vid\u00e9o, la personnaliser, puis l&rsquo;envoyer \u00e0 un ami ou \u00e0 une discussion de groupe. Inspirez-vous gr\u00e2ce \u00e0 Instagram : Mentionnez votre #rolemodel dans vos Stories Instagram et racontez la fa\u00e7on dont ils vont inspirent au quotidien. Vous pouvez \u00e9galement c\u00e9l\u00e9brer la fiert\u00e9 gr\u00e2ce \u00e0 des \u00e9mojis arcs-en-ciel en mode, des autocollants et des hashtags d\u00e9di\u00e9s. Enfin, vous pouvez consulter la page LGBTQ@Facebook sur laquelle de belles histoires \u00e0 propos de notre communaut\u00e9 LGBTQ sont racont\u00e9es. Tout long du mois de juin, des conseils seront disponibles pour savoir o\u00f9 trouver et comment utiliser toutes les diff\u00e9rentes fa\u00e7ons de c\u00e9l\u00e9brer et d\u2019exprimer sa fiert\u00e9 sur Facebook et tous nos produits.","protected":false},"author":137019697,"featured_media":0,"comment_status":"closed","ping_status":"closed","sticky":false,"template":"","format":"standard","meta":{"_jetpack_memberships_contains_paid_content":false,"footnotes":""},"categories":[1],"tags":[],"class_list":["post-6955","post","type-post","status-publish","format-standard","hentry","category-uncategorized"],"yoast_head":"<!-- This site is optimized with the Yoast SEO plugin v27.2 - https:\/\/yoast.com\/product\/yoast-seo-wordpress\/ -->\n<title>Facebook f\u00eate le Mois de la Fiert\u00e9 et lance de nouvelles fonctionnalit\u00e9s pour exprimer son soutien \u00e0 la communaut\u00e9 LGBTQ tout au long de l\u2019ann\u00e9e | \u00c0 propos de Meta<\/title>\n<meta name=\"robots\" content=\"index, follow, max-snippet:-1, max-image-preview:large, max-video-preview:-1\" \/>\n<link rel=\"canonical\" href=\"https:\/\/about.fb.com\/fr\/news\/2018\/06\/facebook-fete-le-mois-de-la-fierte-et-lance-de-nouvelles-fonctionnalites-pour-exprimer-son-soutien-a-la-communaute-lgbtq-tout-au-long-de-lannee\/\" \/>\n<meta property=\"og:locale\" content=\"fr_FR\" \/>\n<meta property=\"og:type\" content=\"article\" \/>\n<meta property=\"og:title\" content=\"Facebook f\u00eate le Mois de la Fiert\u00e9 et lance de nouvelles fonctionnalit\u00e9s pour exprimer son soutien \u00e0 la communaut\u00e9 LGBTQ tout au long de l\u2019ann\u00e9e | \u00c0 propos de Meta\" \/>\n<meta property=\"og:description\" content=\"Aux \u00c9tats-Unis, le mois de juin est d\u00e9sign\u00e9 comme le \u00ab\u00a0Pride month\u00a0\u00bb\u00a0: le Mois de la Fiert\u00e9. En France, c\u2019est \u00e9galement au cours de ce mois que de nombreuses Marches des fiert\u00e9s, plus connues sous le nom de \u00ab\u00a0Gay pride\u00a0\u00bb, ont lieu dans plusieurs villes. La communaut\u00e9 LGBTQ a toujours \u00e9t\u00e9 tr\u00e8s importante pour Facebook, et nous savons qu\u2019en tant que communaut\u00e9, il est important de se sentir repr\u00e9sent\u00e9 et soutenu. Les groupes Facebook sont d\u2019ailleurs devenus un moyen pour la communaut\u00e9 LGBTQ de trouver un appui gr\u00e2ce \u00e0 de nombreux r\u00e9seaux de soutien. De nouvelles fonctionnalit\u00e9s pour c\u00e9l\u00e9brer la fiert\u00e9 sur Facebook, Messenger et Instagram, en France et partout dans le monde Cette ann\u00e9e, pour c\u00e9l\u00e9brer le Mois de la Fiert\u00e9 et mais aussi toutes les Marches des Fiert\u00e9s qui auront lieu en France, Facebook lance de nouvelles fa\u00e7ons de s\u2019exprimer et de montrer sa fiert\u00e9 gr\u00e2ce \u00e0 de nouvelles fonctionnalit\u00e9s qui seront disponibles sur Facebook, Messenger et Instagram tout au long de l\u2019ann\u00e9e. Nous savons que les membres de la communaut\u00e9 LGBTQ se soutiennent les uns les autres \u00e0 l&rsquo;\u00e9chelle mondiale et tout au long de l&rsquo;ann\u00e9e, c\u2019est pourquoi Facebook rend toutes ces fonctionnalit\u00e9s disponibles tout au long de l&rsquo;ann\u00e9e : Les d\u00e9cors sur les photos de profils sont de retour : les tr\u00e8s populaires \u00ab\u00a0Pride Profile Frames\u00a0\u00bb, c\u2019est-\u00e0-dire les d\u00e9cors sur les photos de profils aux couleurs arc-en-ciel, reviennent sur Facebook. Pour les trouver, consultez facebook.com\/profilepicframes et recherchez \u00ab\u00a0fbpride\u00a0\u00bb. Choisissez le d\u00e9cor que vous aimez, repositionnez-le et d\u00e9finissez la dur\u00e9e pendant laquelle vous voulez le garder sur votre photo profil. Ensuite, cliquez sur \u00ab\u00a0Utiliser comme image de profil\u00a0\u00bb pour publier. Exprimez votre fiert\u00e9 sur votre fil d\u2019actualit\u00e9 et dans vos Stories : sur Facebook, il est possible de partager et communiquer sa fiert\u00e9 en personnalisant ses publications, ses photos et ses vid\u00e9os, \u00e0 la fois en Stories ou sur le fil d\u2019actualit\u00e9. Des fonds de texte sur le th\u00e8me de la fiert\u00e9 sont disponibles, ainsi que des masques, des effets, des d\u00e9cors et des autocollants. Pour les trouver, il suffit de glisser \u00e0 gauche du fil d&rsquo;actualit\u00e9. Partagez votre soutien et votre fiert\u00e9 avec Messenger : Pendant le Mois de la Fiert\u00e9, vous pourrez ajouter un peu d&rsquo;amour dans vos conversations gr\u00e2ce \u00e0 des filtres, des d\u00e9cors et des autocollants directement ins\u00e9r\u00e9s dans la cam\u00e9ra Messenger. L\u2019id\u00e9e est d\u2019utiliser l&rsquo;appareil photo pour prendre une photo ou une vid\u00e9o, la personnaliser, puis l&rsquo;envoyer \u00e0 un ami ou \u00e0 une discussion de groupe. Inspirez-vous gr\u00e2ce \u00e0 Instagram : Mentionnez votre #rolemodel dans vos Stories Instagram et racontez la fa\u00e7on dont ils vont inspirent au quotidien. Vous pouvez \u00e9galement c\u00e9l\u00e9brer la fiert\u00e9 gr\u00e2ce \u00e0 des \u00e9mojis arcs-en-ciel en mode, des autocollants et des hashtags d\u00e9di\u00e9s. Enfin, vous pouvez consulter la page LGBTQ@Facebook sur laquelle de belles histoires \u00e0 propos de notre communaut\u00e9 LGBTQ sont racont\u00e9es. Tout long du mois de juin, des conseils seront disponibles pour savoir o\u00f9 trouver et comment utiliser toutes les diff\u00e9rentes fa\u00e7ons de c\u00e9l\u00e9brer et d\u2019exprimer sa fiert\u00e9 sur Facebook et tous nos produits.\" \/>\n<meta property=\"og:url\" content=\"https:\/\/about.fb.com\/fr\/news\/2018\/06\/facebook-fete-le-mois-de-la-fierte-et-lance-de-nouvelles-fonctionnalites-pour-exprimer-son-soutien-a-la-communaute-lgbtq-tout-au-long-de-lannee\/\" \/>\n<meta property=\"og:site_name\" content=\"\u00c0 propos de Meta\" \/>\n<meta property=\"article:published_time\" content=\"2018-06-05T13:15:21+00:00\" \/>\n<meta property=\"article:modified_time\" content=\"2019-11-04T19:15:13+00:00\" \/>\n<meta property=\"og:image\" content=\"https:\/\/about.fb.com\/fr\/wp-content\/uploads\/sites\/5\/2018\/06\/1-1.jpg\" \/>\n<meta name=\"author\" content=\"elodielarcis\" \/>\n<meta name=\"twitter:card\" content=\"summary_large_image\" \/>\n<meta name=\"twitter:label1\" content=\"Written by\" \/>\n\t<meta name=\"twitter:data1\" content=\"Meta\" \/>\n\t<meta name=\"twitter:label2\" content=\"Est. reading time\" \/>\n\t<meta name=\"twitter:data2\" content=\"3 minutes\" \/>\n<script type=\"application\/ld+json\" class=\"yoast-schema-graph\">{\"@context\":\"https:\/\/schema.org\",\"@graph\":[{\"@type\":\"Article\",\"@id\":\"https:\/\/about.fb.com\/fr\/news\/2018\/06\/facebook-fete-le-mois-de-la-fierte-et-lance-de-nouvelles-fonctionnalites-pour-exprimer-son-soutien-a-la-communaute-lgbtq-tout-au-long-de-lannee\/#article\",\"isPartOf\":{\"@id\":\"https:\/\/about.fb.com\/fr\/news\/2018\/06\/facebook-fete-le-mois-de-la-fierte-et-lance-de-nouvelles-fonctionnalites-pour-exprimer-son-soutien-a-la-communaute-lgbtq-tout-au-long-de-lannee\/\"},\"author\":\"Facebook company\",\"headline\":\"Facebook f\u00eate le Mois de la Fiert\u00e9 et lance de nouvelles fonctionnalit\u00e9s pour exprimer son soutien \u00e0 la communaut\u00e9 LGBTQ tout au long de l\u2019ann\u00e9e\",\"datePublished\":\"2018-06-05T13:15:21+00:00\",\"dateModified\":\"2019-11-04T19:15:13+00:00\",\"mainEntityOfPage\":{\"@id\":\"https:\/\/about.fb.com\/fr\/news\/2018\/06\/facebook-fete-le-mois-de-la-fierte-et-lance-de-nouvelles-fonctionnalites-pour-exprimer-son-soutien-a-la-communaute-lgbtq-tout-au-long-de-lannee\/\"},\"wordCount\":591,\"publisher\":{\"@id\":\"https:\/\/about.fb.com\/fr\/#organization\"},\"image\":{\"@id\":\"https:\/\/about.fb.com\/fr\/news\/2018\/06\/facebook-fete-le-mois-de-la-fierte-et-lance-de-nouvelles-fonctionnalites-pour-exprimer-son-soutien-a-la-communaute-lgbtq-tout-au-long-de-lannee\/#primaryimage\"},\"thumbnailUrl\":\"https:\/\/about.fb.com\/fr\/wp-content\/uploads\/sites\/5\/2018\/06\/1-1.jpg\",\"articleSection\":[\"Uncategorized\"],\"inLanguage\":\"fr-FR\"},{\"@type\":\"WebPage\",\"@id\":\"https:\/\/about.fb.com\/fr\/news\/2018\/06\/facebook-fete-le-mois-de-la-fierte-et-lance-de-nouvelles-fonctionnalites-pour-exprimer-son-soutien-a-la-communaute-lgbtq-tout-au-long-de-lannee\/\",\"url\":\"https:\/\/about.fb.com\/fr\/news\/2018\/06\/facebook-fete-le-mois-de-la-fierte-et-lance-de-nouvelles-fonctionnalites-pour-exprimer-son-soutien-a-la-communaute-lgbtq-tout-au-long-de-lannee\/\",\"name\":\"Facebook f\u00eate le Mois de la Fiert\u00e9 et lance de nouvelles fonctionnalit\u00e9s pour exprimer son soutien \u00e0 la communaut\u00e9 LGBTQ tout au long de l\u2019ann\u00e9e | \u00c0 propos de Meta\",\"isPartOf\":{\"@id\":\"https:\/\/about.fb.com\/fr\/#website\"},\"primaryImageOfPage\":{\"@id\":\"https:\/\/about.fb.com\/fr\/news\/2018\/06\/facebook-fete-le-mois-de-la-fierte-et-lance-de-nouvelles-fonctionnalites-pour-exprimer-son-soutien-a-la-communaute-lgbtq-tout-au-long-de-lannee\/#primaryimage\"},\"image\":{\"@id\":\"https:\/\/about.fb.com\/fr\/news\/2018\/06\/facebook-fete-le-mois-de-la-fierte-et-lance-de-nouvelles-fonctionnalites-pour-exprimer-son-soutien-a-la-communaute-lgbtq-tout-au-long-de-lannee\/#primaryimage\"},\"thumbnailUrl\":\"https:\/\/about.fb.com\/fr\/wp-content\/uploads\/sites\/5\/2018\/06\/1-1.jpg\",\"datePublished\":\"2018-06-05T13:15:21+00:00\",\"dateModified\":\"2019-11-04T19:15:13+00:00\",\"breadcrumb\":{\"@id\":\"https:\/\/about.fb.com\/fr\/news\/2018\/06\/facebook-fete-le-mois-de-la-fierte-et-lance-de-nouvelles-fonctionnalites-pour-exprimer-son-soutien-a-la-communaute-lgbtq-tout-au-long-de-lannee\/#breadcrumb\"},\"inLanguage\":\"fr-FR\",\"potentialAction\":[{\"@type\":\"ReadAction\",\"target\":[\"https:\/\/about.fb.com\/fr\/news\/2018\/06\/facebook-fete-le-mois-de-la-fierte-et-lance-de-nouvelles-fonctionnalites-pour-exprimer-son-soutien-a-la-communaute-lgbtq-tout-au-long-de-lannee\/\"]}],\"author\":\"\u00c0 propos de Meta\"},{\"@type\":\"ImageObject\",\"inLanguage\":\"fr-FR\",\"@id\":\"https:\/\/about.fb.com\/fr\/news\/2018\/06\/facebook-fete-le-mois-de-la-fierte-et-lance-de-nouvelles-fonctionnalites-pour-exprimer-son-soutien-a-la-communaute-lgbtq-tout-au-long-de-lannee\/#primaryimage\",\"url\":\"https:\/\/about.fb.com\/fr\/wp-content\/uploads\/sites\/5\/2018\/06\/1-1.jpg\",\"contentUrl\":\"https:\/\/about.fb.com\/fr\/wp-content\/uploads\/sites\/5\/2018\/06\/1-1.jpg\"},{\"@type\":\"BreadcrumbList\",\"@id\":\"https:\/\/about.fb.com\/fr\/news\/2018\/06\/facebook-fete-le-mois-de-la-fierte-et-lance-de-nouvelles-fonctionnalites-pour-exprimer-son-soutien-a-la-communaute-lgbtq-tout-au-long-de-lannee\/#breadcrumb\",\"itemListElement\":[{\"@type\":\"ListItem\",\"position\":1,\"name\":\"Home\",\"item\":\"https:\/\/about.fb.com\/fr\/\"},{\"@type\":\"ListItem\",\"position\":2,\"name\":\"Facebook f\u00eate le Mois de la Fiert\u00e9 et lance de nouvelles fonctionnalit\u00e9s pour exprimer son soutien \u00e0 la communaut\u00e9 LGBTQ tout au long de l\u2019ann\u00e9e\"}]},{\"@type\":\"WebSite\",\"@id\":\"https:\/\/about.fb.com\/fr\/#website\",\"url\":\"https:\/\/about.fb.com\/news\/\",\"name\":\"\u00c0 propos de Meta\",\"description\":\"\",\"publisher\":{\"@id\":\"https:\/\/about.fb.com\/fr\/#organization\"},\"potentialAction\":[{\"@type\":\"SearchAction\",\"target\":{\"@type\":\"EntryPoint\",\"urlTemplate\":\"https:\/\/about.fb.com\/fr\/?s={search_term_string}\"},\"query-input\":{\"@type\":\"PropertyValueSpecification\",\"valueRequired\":true,\"valueName\":\"search_term_string\"}}],\"inLanguage\":\"fr-FR\",\"alternateName\":[\"Meta Newsroom\",\"Meta\"]},{\"@type\":\"Organization\",\"@id\":\"https:\/\/about.fb.com\/fr\/#organization\",\"name\":\"Meta\",\"url\":\"https:\/\/about.fb.com\/fr\/\",\"logo\":{\"@type\":\"ImageObject\",\"inLanguage\":\"fr-FR\",\"@id\":\"https:\/\/about.fb.com\/fr\/#\/schema\/logo\/image\/\",\"url\":\"https:\/\/about.fb.com\/fr\/wp-content\/uploads\/sites\/12\/2021\/10\/meta-social-16x9-1.jpg?fit=8000%2C4500\",\"contentUrl\":\"https:\/\/about.fb.com\/fr\/wp-content\/uploads\/sites\/12\/2021\/10\/meta-social-16x9-1.jpg?fit=8000%2C4500\",\"width\":8000,\"height\":4500,\"caption\":\"Meta\"},\"image\":{\"@id\":\"https:\/\/about.fb.com\/fr\/#\/schema\/logo\/image\/\"}}]}<\/script>\n<!-- \/ Yoast SEO plugin. -->","yoast_head_json":{"title":"Facebook f\u00eate le Mois de la Fiert\u00e9 et lance de nouvelles fonctionnalit\u00e9s pour exprimer son soutien \u00e0 la communaut\u00e9 LGBTQ tout au long de l\u2019ann\u00e9e | \u00c0 propos de Meta","robots":{"index":"index","follow":"follow","max-snippet":"max-snippet:-1","max-image-preview":"max-image-preview:large","max-video-preview":"max-video-preview:-1"},"canonical":"https:\/\/about.fb.com\/fr\/news\/2018\/06\/facebook-fete-le-mois-de-la-fierte-et-lance-de-nouvelles-fonctionnalites-pour-exprimer-son-soutien-a-la-communaute-lgbtq-tout-au-long-de-lannee\/","og_locale":"fr_FR","og_type":"article","og_title":"Facebook f\u00eate le Mois de la Fiert\u00e9 et lance de nouvelles fonctionnalit\u00e9s pour exprimer son soutien \u00e0 la communaut\u00e9 LGBTQ tout au long de l\u2019ann\u00e9e | \u00c0 propos de Meta","og_description":"Aux \u00c9tats-Unis, le mois de juin est d\u00e9sign\u00e9 comme le \u00ab\u00a0Pride month\u00a0\u00bb\u00a0: le Mois de la Fiert\u00e9. En France, c\u2019est \u00e9galement au cours de ce mois que de nombreuses Marches des fiert\u00e9s, plus connues sous le nom de \u00ab\u00a0Gay pride\u00a0\u00bb, ont lieu dans plusieurs villes. La communaut\u00e9 LGBTQ a toujours \u00e9t\u00e9 tr\u00e8s importante pour Facebook, et nous savons qu\u2019en tant que communaut\u00e9, il est important de se sentir repr\u00e9sent\u00e9 et soutenu. Les groupes Facebook sont d\u2019ailleurs devenus un moyen pour la communaut\u00e9 LGBTQ de trouver un appui gr\u00e2ce \u00e0 de nombreux r\u00e9seaux de soutien. De nouvelles fonctionnalit\u00e9s pour c\u00e9l\u00e9brer la fiert\u00e9 sur Facebook, Messenger et Instagram, en France et partout dans le monde Cette ann\u00e9e, pour c\u00e9l\u00e9brer le Mois de la Fiert\u00e9 et mais aussi toutes les Marches des Fiert\u00e9s qui auront lieu en France, Facebook lance de nouvelles fa\u00e7ons de s\u2019exprimer et de montrer sa fiert\u00e9 gr\u00e2ce \u00e0 de nouvelles fonctionnalit\u00e9s qui seront disponibles sur Facebook, Messenger et Instagram tout au long de l\u2019ann\u00e9e. Nous savons que les membres de la communaut\u00e9 LGBTQ se soutiennent les uns les autres \u00e0 l&rsquo;\u00e9chelle mondiale et tout au long de l&rsquo;ann\u00e9e, c\u2019est pourquoi Facebook rend toutes ces fonctionnalit\u00e9s disponibles tout au long de l&rsquo;ann\u00e9e : Les d\u00e9cors sur les photos de profils sont de retour : les tr\u00e8s populaires \u00ab\u00a0Pride Profile Frames\u00a0\u00bb, c\u2019est-\u00e0-dire les d\u00e9cors sur les photos de profils aux couleurs arc-en-ciel, reviennent sur Facebook. Pour les trouver, consultez facebook.com\/profilepicframes et recherchez \u00ab\u00a0fbpride\u00a0\u00bb. Choisissez le d\u00e9cor que vous aimez, repositionnez-le et d\u00e9finissez la dur\u00e9e pendant laquelle vous voulez le garder sur votre photo profil. Ensuite, cliquez sur \u00ab\u00a0Utiliser comme image de profil\u00a0\u00bb pour publier. Exprimez votre fiert\u00e9 sur votre fil d\u2019actualit\u00e9 et dans vos Stories : sur Facebook, il est possible de partager et communiquer sa fiert\u00e9 en personnalisant ses publications, ses photos et ses vid\u00e9os, \u00e0 la fois en Stories ou sur le fil d\u2019actualit\u00e9. Des fonds de texte sur le th\u00e8me de la fiert\u00e9 sont disponibles, ainsi que des masques, des effets, des d\u00e9cors et des autocollants. Pour les trouver, il suffit de glisser \u00e0 gauche du fil d&rsquo;actualit\u00e9. Partagez votre soutien et votre fiert\u00e9 avec Messenger : Pendant le Mois de la Fiert\u00e9, vous pourrez ajouter un peu d&rsquo;amour dans vos conversations gr\u00e2ce \u00e0 des filtres, des d\u00e9cors et des autocollants directement ins\u00e9r\u00e9s dans la cam\u00e9ra Messenger. L\u2019id\u00e9e est d\u2019utiliser l&rsquo;appareil photo pour prendre une photo ou une vid\u00e9o, la personnaliser, puis l&rsquo;envoyer \u00e0 un ami ou \u00e0 une discussion de groupe. Inspirez-vous gr\u00e2ce \u00e0 Instagram : Mentionnez votre #rolemodel dans vos Stories Instagram et racontez la fa\u00e7on dont ils vont inspirent au quotidien. Vous pouvez \u00e9galement c\u00e9l\u00e9brer la fiert\u00e9 gr\u00e2ce \u00e0 des \u00e9mojis arcs-en-ciel en mode, des autocollants et des hashtags d\u00e9di\u00e9s. Enfin, vous pouvez consulter la page LGBTQ@Facebook sur laquelle de belles histoires \u00e0 propos de notre communaut\u00e9 LGBTQ sont racont\u00e9es. Tout long du mois de juin, des conseils seront disponibles pour savoir o\u00f9 trouver et comment utiliser toutes les diff\u00e9rentes fa\u00e7ons de c\u00e9l\u00e9brer et d\u2019exprimer sa fiert\u00e9 sur Facebook et tous nos produits.","og_url":"https:\/\/about.fb.com\/fr\/news\/2018\/06\/facebook-fete-le-mois-de-la-fierte-et-lance-de-nouvelles-fonctionnalites-pour-exprimer-son-soutien-a-la-communaute-lgbtq-tout-au-long-de-lannee\/","og_site_name":"\u00c0 propos de Meta","article_published_time":"2018-06-05T13:15:21+00:00","article_modified_time":"2019-11-04T19:15:13+00:00","og_image":[{"url":"https:\/\/about.fb.com\/fr\/wp-content\/uploads\/sites\/5\/2018\/06\/1-1.jpg","type":"","width":"","height":""}],"author":"elodielarcis","twitter_card":"summary_large_image","twitter_misc":{"Written by":"Meta","Est. reading time":"3 minutes"},"schema":{"@context":"https:\/\/schema.org","@graph":[{"@type":"Article","@id":"https:\/\/about.fb.com\/fr\/news\/2018\/06\/facebook-fete-le-mois-de-la-fierte-et-lance-de-nouvelles-fonctionnalites-pour-exprimer-son-soutien-a-la-communaute-lgbtq-tout-au-long-de-lannee\/#article","isPartOf":{"@id":"https:\/\/about.fb.com\/fr\/news\/2018\/06\/facebook-fete-le-mois-de-la-fierte-et-lance-de-nouvelles-fonctionnalites-pour-exprimer-son-soutien-a-la-communaute-lgbtq-tout-au-long-de-lannee\/"},"author":"Facebook company","headline":"Facebook f\u00eate le Mois de la Fiert\u00e9 et lance de nouvelles fonctionnalit\u00e9s pour exprimer son soutien \u00e0 la communaut\u00e9 LGBTQ tout au long de l\u2019ann\u00e9e","datePublished":"2018-06-05T13:15:21+00:00","dateModified":"2019-11-04T19:15:13+00:00","mainEntityOfPage":{"@id":"https:\/\/about.fb.com\/fr\/news\/2018\/06\/facebook-fete-le-mois-de-la-fierte-et-lance-de-nouvelles-fonctionnalites-pour-exprimer-son-soutien-a-la-communaute-lgbtq-tout-au-long-de-lannee\/"},"wordCount":591,"publisher":{"@id":"https:\/\/about.fb.com\/fr\/#organization"},"image":{"@id":"https:\/\/about.fb.com\/fr\/news\/2018\/06\/facebook-fete-le-mois-de-la-fierte-et-lance-de-nouvelles-fonctionnalites-pour-exprimer-son-soutien-a-la-communaute-lgbtq-tout-au-long-de-lannee\/#primaryimage"},"thumbnailUrl":"https:\/\/about.fb.com\/fr\/wp-content\/uploads\/sites\/5\/2018\/06\/1-1.jpg","articleSection":["Uncategorized"],"inLanguage":"fr-FR"},{"@type":"WebPage","@id":"https:\/\/about.fb.com\/fr\/news\/2018\/06\/facebook-fete-le-mois-de-la-fierte-et-lance-de-nouvelles-fonctionnalites-pour-exprimer-son-soutien-a-la-communaute-lgbtq-tout-au-long-de-lannee\/","url":"https:\/\/about.fb.com\/fr\/news\/2018\/06\/facebook-fete-le-mois-de-la-fierte-et-lance-de-nouvelles-fonctionnalites-pour-exprimer-son-soutien-a-la-communaute-lgbtq-tout-au-long-de-lannee\/","name":"Facebook f\u00eate le Mois de la Fiert\u00e9 et lance de nouvelles fonctionnalit\u00e9s pour exprimer son soutien \u00e0 la communaut\u00e9 LGBTQ tout au long de l\u2019ann\u00e9e | \u00c0 propos de Meta","isPartOf":{"@id":"https:\/\/about.fb.com\/fr\/#website"},"primaryImageOfPage":{"@id":"https:\/\/about.fb.com\/fr\/news\/2018\/06\/facebook-fete-le-mois-de-la-fierte-et-lance-de-nouvelles-fonctionnalites-pour-exprimer-son-soutien-a-la-communaute-lgbtq-tout-au-long-de-lannee\/#primaryimage"},"image":{"@id":"https:\/\/about.fb.com\/fr\/news\/2018\/06\/facebook-fete-le-mois-de-la-fierte-et-lance-de-nouvelles-fonctionnalites-pour-exprimer-son-soutien-a-la-communaute-lgbtq-tout-au-long-de-lannee\/#primaryimage"},"thumbnailUrl":"https:\/\/about.fb.com\/fr\/wp-content\/uploads\/sites\/5\/2018\/06\/1-1.jpg","datePublished":"2018-06-05T13:15:21+00:00","dateModified":"2019-11-04T19:15:13+00:00","breadcrumb":{"@id":"https:\/\/about.fb.com\/fr\/news\/2018\/06\/facebook-fete-le-mois-de-la-fierte-et-lance-de-nouvelles-fonctionnalites-pour-exprimer-son-soutien-a-la-communaute-lgbtq-tout-au-long-de-lannee\/#breadcrumb"},"inLanguage":"fr-FR","potentialAction":[{"@type":"ReadAction","target":["https:\/\/about.fb.com\/fr\/news\/2018\/06\/facebook-fete-le-mois-de-la-fierte-et-lance-de-nouvelles-fonctionnalites-pour-exprimer-son-soutien-a-la-communaute-lgbtq-tout-au-long-de-lannee\/"]}],"author":"\u00c0 propos de Meta"},{"@type":"ImageObject","inLanguage":"fr-FR","@id":"https:\/\/about.fb.com\/fr\/news\/2018\/06\/facebook-fete-le-mois-de-la-fierte-et-lance-de-nouvelles-fonctionnalites-pour-exprimer-son-soutien-a-la-communaute-lgbtq-tout-au-long-de-lannee\/#primaryimage","url":"https:\/\/about.fb.com\/fr\/wp-content\/uploads\/sites\/5\/2018\/06\/1-1.jpg","contentUrl":"https:\/\/about.fb.com\/fr\/wp-content\/uploads\/sites\/5\/2018\/06\/1-1.jpg"},{"@type":"BreadcrumbList","@id":"https:\/\/about.fb.com\/fr\/news\/2018\/06\/facebook-fete-le-mois-de-la-fierte-et-lance-de-nouvelles-fonctionnalites-pour-exprimer-son-soutien-a-la-communaute-lgbtq-tout-au-long-de-lannee\/#breadcrumb","itemListElement":[{"@type":"ListItem","position":1,"name":"Home","item":"https:\/\/about.fb.com\/fr\/"},{"@type":"ListItem","position":2,"name":"Facebook f\u00eate le Mois de la Fiert\u00e9 et lance de nouvelles fonctionnalit\u00e9s pour exprimer son soutien \u00e0 la communaut\u00e9 LGBTQ tout au long de l\u2019ann\u00e9e"}]},{"@type":"WebSite","@id":"https:\/\/about.fb.com\/fr\/#website","url":"https:\/\/about.fb.com\/news\/","name":"\u00c0 propos de Meta","description":"","publisher":{"@id":"https:\/\/about.fb.com\/fr\/#organization"},"potentialAction":[{"@type":"SearchAction","target":{"@type":"EntryPoint","urlTemplate":"https:\/\/about.fb.com\/fr\/?s={search_term_string}"},"query-input":{"@type":"PropertyValueSpecification","valueRequired":true,"valueName":"search_term_string"}}],"inLanguage":"fr-FR","alternateName":["Meta Newsroom","Meta"]},{"@type":"Organization","@id":"https:\/\/about.fb.com\/fr\/#organization","name":"Meta","url":"https:\/\/about.fb.com\/fr\/","logo":{"@type":"ImageObject","inLanguage":"fr-FR","@id":"https:\/\/about.fb.com\/fr\/#\/schema\/logo\/image\/","url":"https:\/\/about.fb.com\/fr\/wp-content\/uploads\/sites\/12\/2021\/10\/meta-social-16x9-1.jpg?fit=8000%2C4500","contentUrl":"https:\/\/about.fb.com\/fr\/wp-content\/uploads\/sites\/12\/2021\/10\/meta-social-16x9-1.jpg?fit=8000%2C4500","width":8000,"height":4500,"caption":"Meta"},"image":{"@id":"https:\/\/about.fb.com\/fr\/#\/schema\/logo\/image\/"}}]}},"jetpack_featured_media_url":"","jetpack-related-posts":[],"jetpack_sharing_enabled":true,"amp_enabled":true,"_links":{"self":[{"href":"https:\/\/about.fb.com\/fr\/wp-json\/wp\/v2\/posts\/6955","targetHints":{"allow":["GET"]}}],"collection":[{"href":"https:\/\/about.fb.com\/fr\/wp-json\/wp\/v2\/posts"}],"about":[{"href":"https:\/\/about.fb.com\/fr\/wp-json\/wp\/v2\/types\/post"}],"author":[{"embeddable":true,"href":"https:\/\/about.fb.com\/fr\/wp-json\/wp\/v2\/users\/137019697"}],"replies":[{"embeddable":true,"href":"https:\/\/about.fb.com\/fr\/wp-json\/wp\/v2\/comments?post=6955"}],"version-history":[{"count":2,"href":"https:\/\/about.fb.com\/fr\/wp-json\/wp\/v2\/posts\/6955\/revisions"}],"predecessor-version":[{"id":8169,"href":"https:\/\/about.fb.com\/fr\/wp-json\/wp\/v2\/posts\/6955\/revisions\/8169"}],"wp:attachment":[{"href":"https:\/\/about.fb.com\/fr\/wp-json\/wp\/v2\/media?parent=6955"}],"wp:term":[{"taxonomy":"category","embeddable":true,"href":"https:\/\/about.fb.com\/fr\/wp-json\/wp\/v2\/categories?post=6955"},{"taxonomy":"post_tag","embeddable":true,"href":"https:\/\/about.fb.com\/fr\/wp-json\/wp\/v2\/tags?post=6955"}],"curies":[{"name":"wp","href":"https:\/\/api.w.org\/{rel}","templated":true}]}}