{"id":6183,"date":"2017-06-27T10:03:04","date_gmt":"2017-06-27T08:03:04","guid":{"rendered":"http:\/\/fr.newsroom.fb.com\/?p=6183"},"modified":"2020-02-25T06:58:06","modified_gmt":"2020-02-25T05:58:06","slug":"facebook-lance-un-outil-pour-identifier-et-suivre-ses-elus","status":"publish","type":"post","link":"https:\/\/about.fb.com\/fr\/news\/2017\/06\/facebook-lance-un-outil-pour-identifier-et-suivre-ses-elus\/","title":{"rendered":"Facebook lance un outil pour identifier et suivre ses \u00e9lus"},"content":{"rendered":"<p>Apr\u00e8s avoir lanc\u00e9 Perspectives, un outil qui facilite l&rsquo;acc\u00e8s aux programmes des candidats \u00e0 la pr\u00e9sidentielle, Facebook permet d\u00e9sormais, avec l&rsquo;aide de <a href=\"https:\/\/www.mysociety.org\/\">MySociety<\/a> [1], d&rsquo;identifier et de suivre ses \u00e9lus sur Facebook.<\/p>\n<p>Une notification appara\u00eetra le mardi 27 juin, elle permettra aux utilisateurs en France \/ langue fran\u00e7aise d&rsquo;acc\u00e9der \u00e0 une page pour identifier leurs \u00e9lus au niveau local, r\u00e9gional, national et europ\u00e9en.<\/p>\n<p>Le fonctionnement est le suivant :<\/p>\n<ul>\n<li>Les utilisateurs seront invit\u00e9s, \u00e0 travers une notification, \u00e0 utiliser l&rsquo;outil<\/li>\n<li>Les utilisateurs seront invit\u00e9s \u00e0 indiquer leur adresse pour avoir acc\u00e8s \u00e0 la liste de leurs \u00e9lus, par ordre g\u00e9ographique (maire, d\u00e9put\u00e9(e), s\u00e9nateurs \/ s\u00e9natrices, pr\u00e9sident(e) de r\u00e9gion, premier ministre, pr\u00e9sident et d\u00e9put\u00e9s europ\u00e9ens)<\/li>\n<li>Le nom, le parti et (le cas \u00e9ch\u00e9ant) la page Facebook de tous les \u00e9lus correspondant \u00e0 cette adresse seront pr\u00e9sent\u00e9s. Les utilisateurs se verront offrir la possibilit\u00e9 de suivre leurs \u00e9lus, ainsi que les questions qui les int\u00e9ressent<\/li>\n<li>L&rsquo;identification des \u00e9lus et de leur page Facebook a \u00e9t\u00e9 effectu\u00e9e par MySociety. Les utilisateurs seront en outre invit\u00e9s \u00e0 sugg\u00e9rer \u00e0 MySociety le lien vers les pages Facebook manquantes<\/li>\n<li>L\u2019utilisateur aura la possibilit\u00e9 de modifier ou supprimer son adresse directement sur la page de pr\u00e9sentation des \u00e9lus<\/li>\n<\/ul>\n<hr \/>\n<p>[1] MySociety est une entreprises britannique \u00e0 but non lucratif qui op\u00e8re dans plus de 40 pays. MySociety construit et partage des technologies qui permettent aux gens \u00e0 travers le monde de changer les choses, en travaillant sur les questions de d\u00e9mocratie, de l&rsquo;acc\u00e8s \u00e0 l&rsquo;information et &lsquo;l&rsquo;am\u00e9lioration des villes&rsquo;.<\/p>\n","protected":false},"excerpt":{"rendered":"Apr\u00e8s avoir lanc\u00e9 Perspectives, un outil qui facilite l&rsquo;acc\u00e8s aux programmes des candidats \u00e0 la pr\u00e9sidentielle, Facebook permet d\u00e9sormais, avec l&rsquo;aide de MySociety [1], d&rsquo;identifier et de suivre ses \u00e9lus sur Facebook. Une notification appara\u00eetra le mardi 27 juin, elle permettra aux utilisateurs en France \/ langue fran\u00e7aise d&rsquo;acc\u00e9der \u00e0 une page pour identifier leurs \u00e9lus au niveau local, r\u00e9gional, national et europ\u00e9en. Le fonctionnement est le suivant : Les utilisateurs seront invit\u00e9s, \u00e0 travers une notification, \u00e0 utiliser l&rsquo;outil Les utilisateurs seront invit\u00e9s \u00e0 indiquer leur adresse pour avoir acc\u00e8s \u00e0 la liste de leurs \u00e9lus, par ordre g\u00e9ographique (maire, d\u00e9put\u00e9(e), s\u00e9nateurs \/ s\u00e9natrices, pr\u00e9sident(e) de r\u00e9gion, premier ministre, pr\u00e9sident et d\u00e9put\u00e9s europ\u00e9ens) Le nom, le parti et (le cas \u00e9ch\u00e9ant) la page Facebook de tous les \u00e9lus correspondant \u00e0 cette adresse seront pr\u00e9sent\u00e9s. Les utilisateurs se verront offrir la possibilit\u00e9 de suivre leurs \u00e9lus, ainsi que les questions qui les int\u00e9ressent L&rsquo;identification des \u00e9lus et de leur page Facebook a \u00e9t\u00e9 effectu\u00e9e par MySociety. Les utilisateurs seront en outre invit\u00e9s \u00e0 sugg\u00e9rer \u00e0 MySociety le lien vers les pages Facebook manquantes L\u2019utilisateur aura la possibilit\u00e9 de modifier ou supprimer son adresse directement sur la page de pr\u00e9sentation des \u00e9lus [1] MySociety est une entreprises britannique \u00e0 but non lucratif qui op\u00e8re dans plus de 40 pays. MySociety construit et partage des technologies qui permettent aux gens \u00e0 travers le monde de changer les choses, en travaillant sur les questions de d\u00e9mocratie, de l&rsquo;acc\u00e8s \u00e0 l&rsquo;information et &lsquo;l&rsquo;am\u00e9lioration des villes&rsquo;.","protected":false},"author":112028226,"featured_media":0,"comment_status":"closed","ping_status":"closed","sticky":false,"template":"","format":"standard","meta":{"_jetpack_memberships_contains_paid_content":false,"footnotes":""},"categories":[243897990],"tags":[],"class_list":["post-6183","post","type-post","status-publish","format-standard","hentry","category-actualites"],"yoast_head":"<!-- This site is optimized with the Yoast SEO plugin v27.2 - https:\/\/yoast.com\/product\/yoast-seo-wordpress\/ -->\n<title>Facebook lance un outil pour identifier et suivre ses \u00e9lus | \u00c0 propos de Meta<\/title>\n<meta name=\"robots\" content=\"index, follow, max-snippet:-1, max-image-preview:large, max-video-preview:-1\" \/>\n<link rel=\"canonical\" href=\"https:\/\/about.fb.com\/fr\/news\/2017\/06\/facebook-lance-un-outil-pour-identifier-et-suivre-ses-elus\/\" \/>\n<meta property=\"og:locale\" content=\"fr_FR\" \/>\n<meta property=\"og:type\" content=\"article\" \/>\n<meta property=\"og:title\" content=\"Facebook lance un outil pour identifier et suivre ses \u00e9lus | \u00c0 propos de Meta\" \/>\n<meta property=\"og:description\" content=\"Apr\u00e8s avoir lanc\u00e9 Perspectives, un outil qui facilite l&rsquo;acc\u00e8s aux programmes des candidats \u00e0 la pr\u00e9sidentielle, Facebook permet d\u00e9sormais, avec l&rsquo;aide de MySociety [1], d&rsquo;identifier et de suivre ses \u00e9lus sur Facebook. Une notification appara\u00eetra le mardi 27 juin, elle permettra aux utilisateurs en France \/ langue fran\u00e7aise d&rsquo;acc\u00e9der \u00e0 une page pour identifier leurs \u00e9lus au niveau local, r\u00e9gional, national et europ\u00e9en. Le fonctionnement est le suivant : Les utilisateurs seront invit\u00e9s, \u00e0 travers une notification, \u00e0 utiliser l&rsquo;outil Les utilisateurs seront invit\u00e9s \u00e0 indiquer leur adresse pour avoir acc\u00e8s \u00e0 la liste de leurs \u00e9lus, par ordre g\u00e9ographique (maire, d\u00e9put\u00e9(e), s\u00e9nateurs \/ s\u00e9natrices, pr\u00e9sident(e) de r\u00e9gion, premier ministre, pr\u00e9sident et d\u00e9put\u00e9s europ\u00e9ens) Le nom, le parti et (le cas \u00e9ch\u00e9ant) la page Facebook de tous les \u00e9lus correspondant \u00e0 cette adresse seront pr\u00e9sent\u00e9s. Les utilisateurs se verront offrir la possibilit\u00e9 de suivre leurs \u00e9lus, ainsi que les questions qui les int\u00e9ressent L&rsquo;identification des \u00e9lus et de leur page Facebook a \u00e9t\u00e9 effectu\u00e9e par MySociety. Les utilisateurs seront en outre invit\u00e9s \u00e0 sugg\u00e9rer \u00e0 MySociety le lien vers les pages Facebook manquantes L\u2019utilisateur aura la possibilit\u00e9 de modifier ou supprimer son adresse directement sur la page de pr\u00e9sentation des \u00e9lus [1] MySociety est une entreprises britannique \u00e0 but non lucratif qui op\u00e8re dans plus de 40 pays. MySociety construit et partage des technologies qui permettent aux gens \u00e0 travers le monde de changer les choses, en travaillant sur les questions de d\u00e9mocratie, de l&rsquo;acc\u00e8s \u00e0 l&rsquo;information et &lsquo;l&rsquo;am\u00e9lioration des villes&rsquo;.\" \/>\n<meta property=\"og:url\" content=\"https:\/\/about.fb.com\/fr\/news\/2017\/06\/facebook-lance-un-outil-pour-identifier-et-suivre-ses-elus\/\" \/>\n<meta property=\"og:site_name\" content=\"\u00c0 propos de Meta\" \/>\n<meta property=\"article:published_time\" content=\"2017-06-27T08:03:04+00:00\" \/>\n<meta property=\"article:modified_time\" content=\"2020-02-25T05:58:06+00:00\" \/>\n<meta property=\"og:image\" content=\"https:\/\/about.fb.com\/fr\/wp-content\/uploads\/sites\/12\/2021\/10\/meta-social-16x9-1.jpg?resize=1024,576\" \/>\n\t<meta property=\"og:image:width\" content=\"1024\" \/>\n\t<meta property=\"og:image:height\" content=\"576\" \/>\n\t<meta property=\"og:image:type\" content=\"image\/jpeg\" \/>\n<meta name=\"author\" content=\"prgrand\" \/>\n<meta name=\"twitter:card\" content=\"summary_large_image\" \/>\n<meta name=\"twitter:label1\" content=\"Written by\" \/>\n\t<meta name=\"twitter:data1\" content=\"Meta\" \/>\n\t<meta name=\"twitter:label2\" content=\"Est. reading time\" \/>\n\t<meta name=\"twitter:data2\" content=\"1 minute\" \/>\n<script type=\"application\/ld+json\" class=\"yoast-schema-graph\">{\"@context\":\"https:\/\/schema.org\",\"@graph\":[{\"@type\":\"Article\",\"@id\":\"https:\/\/about.fb.com\/fr\/news\/2017\/06\/facebook-lance-un-outil-pour-identifier-et-suivre-ses-elus\/#article\",\"isPartOf\":{\"@id\":\"https:\/\/about.fb.com\/fr\/news\/2017\/06\/facebook-lance-un-outil-pour-identifier-et-suivre-ses-elus\/\"},\"author\":\"Facebook company\",\"headline\":\"Facebook lance un outil pour identifier et suivre ses \u00e9lus\",\"datePublished\":\"2017-06-27T08:03:04+00:00\",\"dateModified\":\"2020-02-25T05:58:06+00:00\",\"mainEntityOfPage\":{\"@id\":\"https:\/\/about.fb.com\/fr\/news\/2017\/06\/facebook-lance-un-outil-pour-identifier-et-suivre-ses-elus\/\"},\"wordCount\":288,\"publisher\":{\"@id\":\"https:\/\/about.fb.com\/fr\/#organization\"},\"articleSection\":[\"Actualit\u00e9s\"],\"inLanguage\":\"fr-FR\"},{\"@type\":\"WebPage\",\"@id\":\"https:\/\/about.fb.com\/fr\/news\/2017\/06\/facebook-lance-un-outil-pour-identifier-et-suivre-ses-elus\/\",\"url\":\"https:\/\/about.fb.com\/fr\/news\/2017\/06\/facebook-lance-un-outil-pour-identifier-et-suivre-ses-elus\/\",\"name\":\"Facebook lance un outil pour identifier et suivre ses \u00e9lus | \u00c0 propos de Meta\",\"isPartOf\":{\"@id\":\"https:\/\/about.fb.com\/fr\/#website\"},\"datePublished\":\"2017-06-27T08:03:04+00:00\",\"dateModified\":\"2020-02-25T05:58:06+00:00\",\"breadcrumb\":{\"@id\":\"https:\/\/about.fb.com\/fr\/news\/2017\/06\/facebook-lance-un-outil-pour-identifier-et-suivre-ses-elus\/#breadcrumb\"},\"inLanguage\":\"fr-FR\",\"potentialAction\":[{\"@type\":\"ReadAction\",\"target\":[\"https:\/\/about.fb.com\/fr\/news\/2017\/06\/facebook-lance-un-outil-pour-identifier-et-suivre-ses-elus\/\"]}],\"author\":\"\u00c0 propos de Meta\"},{\"@type\":\"BreadcrumbList\",\"@id\":\"https:\/\/about.fb.com\/fr\/news\/2017\/06\/facebook-lance-un-outil-pour-identifier-et-suivre-ses-elus\/#breadcrumb\",\"itemListElement\":[{\"@type\":\"ListItem\",\"position\":1,\"name\":\"Home\",\"item\":\"https:\/\/about.fb.com\/fr\/\"},{\"@type\":\"ListItem\",\"position\":2,\"name\":\"Facebook lance un outil pour identifier et suivre ses \u00e9lus\"}]},{\"@type\":\"WebSite\",\"@id\":\"https:\/\/about.fb.com\/fr\/#website\",\"url\":\"https:\/\/about.fb.com\/news\/\",\"name\":\"\u00c0 propos de Meta\",\"description\":\"\",\"publisher\":{\"@id\":\"https:\/\/about.fb.com\/fr\/#organization\"},\"potentialAction\":[{\"@type\":\"SearchAction\",\"target\":{\"@type\":\"EntryPoint\",\"urlTemplate\":\"https:\/\/about.fb.com\/fr\/?s={search_term_string}\"},\"query-input\":{\"@type\":\"PropertyValueSpecification\",\"valueRequired\":true,\"valueName\":\"search_term_string\"}}],\"inLanguage\":\"fr-FR\",\"alternateName\":[\"Meta Newsroom\",\"Meta\"]},{\"@type\":\"Organization\",\"@id\":\"https:\/\/about.fb.com\/fr\/#organization\",\"name\":\"Meta\",\"url\":\"https:\/\/about.fb.com\/fr\/\",\"logo\":{\"@type\":\"ImageObject\",\"inLanguage\":\"fr-FR\",\"@id\":\"https:\/\/about.fb.com\/fr\/#\/schema\/logo\/image\/\",\"url\":\"https:\/\/about.fb.com\/fr\/wp-content\/uploads\/sites\/12\/2021\/10\/meta-social-16x9-1.jpg?fit=8000%2C4500\",\"contentUrl\":\"https:\/\/about.fb.com\/fr\/wp-content\/uploads\/sites\/12\/2021\/10\/meta-social-16x9-1.jpg?fit=8000%2C4500\",\"width\":8000,\"height\":4500,\"caption\":\"Meta\"},\"image\":{\"@id\":\"https:\/\/about.fb.com\/fr\/#\/schema\/logo\/image\/\"}}]}<\/script>\n<!-- \/ Yoast SEO plugin. -->","yoast_head_json":{"title":"Facebook lance un outil pour identifier et suivre ses \u00e9lus | \u00c0 propos de Meta","robots":{"index":"index","follow":"follow","max-snippet":"max-snippet:-1","max-image-preview":"max-image-preview:large","max-video-preview":"max-video-preview:-1"},"canonical":"https:\/\/about.fb.com\/fr\/news\/2017\/06\/facebook-lance-un-outil-pour-identifier-et-suivre-ses-elus\/","og_locale":"fr_FR","og_type":"article","og_title":"Facebook lance un outil pour identifier et suivre ses \u00e9lus | \u00c0 propos de Meta","og_description":"Apr\u00e8s avoir lanc\u00e9 Perspectives, un outil qui facilite l&rsquo;acc\u00e8s aux programmes des candidats \u00e0 la pr\u00e9sidentielle, Facebook permet d\u00e9sormais, avec l&rsquo;aide de MySociety [1], d&rsquo;identifier et de suivre ses \u00e9lus sur Facebook. Une notification appara\u00eetra le mardi 27 juin, elle permettra aux utilisateurs en France \/ langue fran\u00e7aise d&rsquo;acc\u00e9der \u00e0 une page pour identifier leurs \u00e9lus au niveau local, r\u00e9gional, national et europ\u00e9en. Le fonctionnement est le suivant : Les utilisateurs seront invit\u00e9s, \u00e0 travers une notification, \u00e0 utiliser l&rsquo;outil Les utilisateurs seront invit\u00e9s \u00e0 indiquer leur adresse pour avoir acc\u00e8s \u00e0 la liste de leurs \u00e9lus, par ordre g\u00e9ographique (maire, d\u00e9put\u00e9(e), s\u00e9nateurs \/ s\u00e9natrices, pr\u00e9sident(e) de r\u00e9gion, premier ministre, pr\u00e9sident et d\u00e9put\u00e9s europ\u00e9ens) Le nom, le parti et (le cas \u00e9ch\u00e9ant) la page Facebook de tous les \u00e9lus correspondant \u00e0 cette adresse seront pr\u00e9sent\u00e9s. Les utilisateurs se verront offrir la possibilit\u00e9 de suivre leurs \u00e9lus, ainsi que les questions qui les int\u00e9ressent L&rsquo;identification des \u00e9lus et de leur page Facebook a \u00e9t\u00e9 effectu\u00e9e par MySociety. Les utilisateurs seront en outre invit\u00e9s \u00e0 sugg\u00e9rer \u00e0 MySociety le lien vers les pages Facebook manquantes L\u2019utilisateur aura la possibilit\u00e9 de modifier ou supprimer son adresse directement sur la page de pr\u00e9sentation des \u00e9lus [1] MySociety est une entreprises britannique \u00e0 but non lucratif qui op\u00e8re dans plus de 40 pays. MySociety construit et partage des technologies qui permettent aux gens \u00e0 travers le monde de changer les choses, en travaillant sur les questions de d\u00e9mocratie, de l&rsquo;acc\u00e8s \u00e0 l&rsquo;information et &lsquo;l&rsquo;am\u00e9lioration des villes&rsquo;.","og_url":"https:\/\/about.fb.com\/fr\/news\/2017\/06\/facebook-lance-un-outil-pour-identifier-et-suivre-ses-elus\/","og_site_name":"\u00c0 propos de Meta","article_published_time":"2017-06-27T08:03:04+00:00","article_modified_time":"2020-02-25T05:58:06+00:00","og_image":[{"width":1024,"height":576,"url":"https:\/\/about.fb.com\/fr\/wp-content\/uploads\/sites\/12\/2021\/10\/meta-social-16x9-1.jpg?resize=1024,576","type":"image\/jpeg"}],"author":"prgrand","twitter_card":"summary_large_image","twitter_misc":{"Written by":"Meta","Est. reading time":"1 minute"},"schema":{"@context":"https:\/\/schema.org","@graph":[{"@type":"Article","@id":"https:\/\/about.fb.com\/fr\/news\/2017\/06\/facebook-lance-un-outil-pour-identifier-et-suivre-ses-elus\/#article","isPartOf":{"@id":"https:\/\/about.fb.com\/fr\/news\/2017\/06\/facebook-lance-un-outil-pour-identifier-et-suivre-ses-elus\/"},"author":"Facebook company","headline":"Facebook lance un outil pour identifier et suivre ses \u00e9lus","datePublished":"2017-06-27T08:03:04+00:00","dateModified":"2020-02-25T05:58:06+00:00","mainEntityOfPage":{"@id":"https:\/\/about.fb.com\/fr\/news\/2017\/06\/facebook-lance-un-outil-pour-identifier-et-suivre-ses-elus\/"},"wordCount":288,"publisher":{"@id":"https:\/\/about.fb.com\/fr\/#organization"},"articleSection":["Actualit\u00e9s"],"inLanguage":"fr-FR"},{"@type":"WebPage","@id":"https:\/\/about.fb.com\/fr\/news\/2017\/06\/facebook-lance-un-outil-pour-identifier-et-suivre-ses-elus\/","url":"https:\/\/about.fb.com\/fr\/news\/2017\/06\/facebook-lance-un-outil-pour-identifier-et-suivre-ses-elus\/","name":"Facebook lance un outil pour identifier et suivre ses \u00e9lus | \u00c0 propos de Meta","isPartOf":{"@id":"https:\/\/about.fb.com\/fr\/#website"},"datePublished":"2017-06-27T08:03:04+00:00","dateModified":"2020-02-25T05:58:06+00:00","breadcrumb":{"@id":"https:\/\/about.fb.com\/fr\/news\/2017\/06\/facebook-lance-un-outil-pour-identifier-et-suivre-ses-elus\/#breadcrumb"},"inLanguage":"fr-FR","potentialAction":[{"@type":"ReadAction","target":["https:\/\/about.fb.com\/fr\/news\/2017\/06\/facebook-lance-un-outil-pour-identifier-et-suivre-ses-elus\/"]}],"author":"\u00c0 propos de Meta"},{"@type":"BreadcrumbList","@id":"https:\/\/about.fb.com\/fr\/news\/2017\/06\/facebook-lance-un-outil-pour-identifier-et-suivre-ses-elus\/#breadcrumb","itemListElement":[{"@type":"ListItem","position":1,"name":"Home","item":"https:\/\/about.fb.com\/fr\/"},{"@type":"ListItem","position":2,"name":"Facebook lance un outil pour identifier et suivre ses \u00e9lus"}]},{"@type":"WebSite","@id":"https:\/\/about.fb.com\/fr\/#website","url":"https:\/\/about.fb.com\/news\/","name":"\u00c0 propos de Meta","description":"","publisher":{"@id":"https:\/\/about.fb.com\/fr\/#organization"},"potentialAction":[{"@type":"SearchAction","target":{"@type":"EntryPoint","urlTemplate":"https:\/\/about.fb.com\/fr\/?s={search_term_string}"},"query-input":{"@type":"PropertyValueSpecification","valueRequired":true,"valueName":"search_term_string"}}],"inLanguage":"fr-FR","alternateName":["Meta Newsroom","Meta"]},{"@type":"Organization","@id":"https:\/\/about.fb.com\/fr\/#organization","name":"Meta","url":"https:\/\/about.fb.com\/fr\/","logo":{"@type":"ImageObject","inLanguage":"fr-FR","@id":"https:\/\/about.fb.com\/fr\/#\/schema\/logo\/image\/","url":"https:\/\/about.fb.com\/fr\/wp-content\/uploads\/sites\/12\/2021\/10\/meta-social-16x9-1.jpg?fit=8000%2C4500","contentUrl":"https:\/\/about.fb.com\/fr\/wp-content\/uploads\/sites\/12\/2021\/10\/meta-social-16x9-1.jpg?fit=8000%2C4500","width":8000,"height":4500,"caption":"Meta"},"image":{"@id":"https:\/\/about.fb.com\/fr\/#\/schema\/logo\/image\/"}}]}},"jetpack_featured_media_url":"","jetpack-related-posts":[],"jetpack_sharing_enabled":true,"amp_enabled":true,"_links":{"self":[{"href":"https:\/\/about.fb.com\/fr\/wp-json\/wp\/v2\/posts\/6183","targetHints":{"allow":["GET"]}}],"collection":[{"href":"https:\/\/about.fb.com\/fr\/wp-json\/wp\/v2\/posts"}],"about":[{"href":"https:\/\/about.fb.com\/fr\/wp-json\/wp\/v2\/types\/post"}],"author":[{"embeddable":true,"href":"https:\/\/about.fb.com\/fr\/wp-json\/wp\/v2\/users\/112028226"}],"replies":[{"embeddable":true,"href":"https:\/\/about.fb.com\/fr\/wp-json\/wp\/v2\/comments?post=6183"}],"version-history":[{"count":3,"href":"https:\/\/about.fb.com\/fr\/wp-json\/wp\/v2\/posts\/6183\/revisions"}],"predecessor-version":[{"id":6186,"href":"https:\/\/about.fb.com\/fr\/wp-json\/wp\/v2\/posts\/6183\/revisions\/6186"}],"wp:attachment":[{"href":"https:\/\/about.fb.com\/fr\/wp-json\/wp\/v2\/media?parent=6183"}],"wp:term":[{"taxonomy":"category","embeddable":true,"href":"https:\/\/about.fb.com\/fr\/wp-json\/wp\/v2\/categories?post=6183"},{"taxonomy":"post_tag","embeddable":true,"href":"https:\/\/about.fb.com\/fr\/wp-json\/wp\/v2\/tags?post=6183"}],"curies":[{"name":"wp","href":"https:\/\/api.w.org\/{rel}","templated":true}]}}