{"id":6157,"date":"2017-06-15T19:15:38","date_gmt":"2017-06-15T17:15:38","guid":{"rendered":"http:\/\/fr.newsroom.fb.com\/?p=6157"},"modified":"2020-02-25T06:58:06","modified_gmt":"2020-02-25T05:58:06","slug":"facebook-renforce-sa-lutte-contre-les-contenus-extremistes-et-terroristes-sur-sa-plateforme","status":"publish","type":"post","link":"https:\/\/about.fb.com\/fr\/news\/2017\/06\/facebook-renforce-sa-lutte-contre-les-contenus-extremistes-et-terroristes-sur-sa-plateforme\/","title":{"rendered":"Facebook renforce sa lutte contre les contenus extr\u00e9mistes et terroristes sur sa plateforme"},"content":{"rendered":"<p>Chez Facebook, la s\u00fbret\u00e9 des utilisateurs est au c\u0153ur de tout ce que nous faisons, et le terrorisme n\u2019a pas sa place sur notre plateforme.<\/p>\n<p>Conscients que le combat contre le terrorisme pose aujourd\u2019hui un d\u00e9fi majeur, aussi bien sur Internet que dans le quotidien de nos soci\u00e9t\u00e9s, nous annon\u00e7ons aujourd\u2019hui le renforcement de notre lutte contre les contenus extr\u00e9mistes et terroristes, sur 3 fronts\u00a0:<\/p>\n<ul>\n<li><strong>Le d\u00e9veloppement de l\u2019intelligence artificielle,<\/strong> pour identifier plus rapidement et de mani\u00e8re plus efficace de potentiels contenus faisant la promotion ou l\u2019apologie du terrorisme<\/li>\n<li><strong>Le d\u00e9veloppement de nos \u00e9quipes d\u2019experts en Terrorisme et en S\u00fbret\u00e9<\/strong>, en int\u00e9grant des experts universitaires et d\u2019anciens agents de terrain sp\u00e9cialistes de la lutte contre le terrorisme, et en renfor\u00e7ant de 3 000 personnes dans les prochains mois nos \u00e9quipes en charge de la gestion des contenus<\/li>\n<li><strong>Le renforcement de nos partenariats<\/strong> avec les entreprises, les gouvernements et les associations, afin de partager les bonnes pratiques de lutte contre le terrorisme et encourager l\u2019\u00e9mergence d\u2019un contre-discours face aux discours extr\u00e9mistes<\/li>\n<\/ul>\n<p><strong>Nous souhaitons que Facebook soit un environnement hostile pour les terroristes<\/strong>. Nous restons r\u00e9solument et fermement d\u00e9termin\u00e9s \u00e0 maintenir les terroristes hors de notre plateforme, et poursuivrons activement notre engagement dans ce sens.<\/p>\n<hr \/>\n<p>Pour plus d\u2019informations sur cette annonce : <a href=\"https:\/\/newsroom.fb.com\/news\/2017\/06\/how-we-counter-terrorism\/\">https:\/\/newsroom.fb.com\/news\/2017\/06\/how-we-counter-terrorism\/<\/a><\/p>\n","protected":false},"excerpt":{"rendered":"Chez Facebook, la s\u00fbret\u00e9 des utilisateurs est au c\u0153ur de tout ce que nous faisons, et le terrorisme n\u2019a pas sa place sur notre plateforme. Conscients que le combat contre le terrorisme pose aujourd\u2019hui un d\u00e9fi majeur, aussi bien sur Internet que dans le quotidien de nos soci\u00e9t\u00e9s, nous annon\u00e7ons aujourd\u2019hui le renforcement de notre lutte contre les contenus extr\u00e9mistes et terroristes, sur 3 fronts\u00a0: Le d\u00e9veloppement de l\u2019intelligence artificielle, pour identifier plus rapidement et de mani\u00e8re plus efficace de potentiels contenus faisant la promotion ou l\u2019apologie du terrorisme Le d\u00e9veloppement de nos \u00e9quipes d\u2019experts en Terrorisme et en S\u00fbret\u00e9, en int\u00e9grant des experts universitaires et d\u2019anciens agents de terrain sp\u00e9cialistes de la lutte contre le terrorisme, et en renfor\u00e7ant de 3 000 personnes dans les prochains mois nos \u00e9quipes en charge de la gestion des contenus Le renforcement de nos partenariats avec les entreprises, les gouvernements et les associations, afin de partager les bonnes pratiques de lutte contre le terrorisme et encourager l\u2019\u00e9mergence d\u2019un contre-discours face aux discours extr\u00e9mistes Nous souhaitons que Facebook soit un environnement hostile pour les terroristes. Nous restons r\u00e9solument et fermement d\u00e9termin\u00e9s \u00e0 maintenir les terroristes hors de notre plateforme, et poursuivrons activement notre engagement dans ce sens. Pour plus d\u2019informations sur cette annonce : <a href=\"https:\/\/newsroom.fb.com\/news\/2017\/06\/how-we-counter-terrorism\/\" rel=\"nofollow\">https:\/\/newsroom.fb.com\/news\/2017\/06\/how-we-counter-terrorism\/<\/a>","protected":false},"author":112028226,"featured_media":0,"comment_status":"closed","ping_status":"closed","sticky":false,"template":"","format":"standard","meta":{"_jetpack_memberships_contains_paid_content":false,"footnotes":""},"categories":[243897990],"tags":[],"class_list":["post-6157","post","type-post","status-publish","format-standard","hentry","category-actualites"],"yoast_head":"<!-- This site is optimized with the Yoast SEO plugin v27.2 - https:\/\/yoast.com\/product\/yoast-seo-wordpress\/ -->\n<title>Facebook renforce sa lutte contre les contenus extr\u00e9mistes et terroristes sur sa plateforme | \u00c0 propos de Meta<\/title>\n<meta name=\"robots\" content=\"index, follow, max-snippet:-1, max-image-preview:large, max-video-preview:-1\" \/>\n<link rel=\"canonical\" href=\"https:\/\/about.fb.com\/fr\/news\/2017\/06\/facebook-renforce-sa-lutte-contre-les-contenus-extremistes-et-terroristes-sur-sa-plateforme\/\" \/>\n<meta property=\"og:locale\" content=\"fr_FR\" \/>\n<meta property=\"og:type\" content=\"article\" \/>\n<meta property=\"og:title\" content=\"Facebook renforce sa lutte contre les contenus extr\u00e9mistes et terroristes sur sa plateforme | \u00c0 propos de Meta\" \/>\n<meta property=\"og:description\" content=\"Chez Facebook, la s\u00fbret\u00e9 des utilisateurs est au c\u0153ur de tout ce que nous faisons, et le terrorisme n\u2019a pas sa place sur notre plateforme. Conscients que le combat contre le terrorisme pose aujourd\u2019hui un d\u00e9fi majeur, aussi bien sur Internet que dans le quotidien de nos soci\u00e9t\u00e9s, nous annon\u00e7ons aujourd\u2019hui le renforcement de notre lutte contre les contenus extr\u00e9mistes et terroristes, sur 3 fronts\u00a0: Le d\u00e9veloppement de l\u2019intelligence artificielle, pour identifier plus rapidement et de mani\u00e8re plus efficace de potentiels contenus faisant la promotion ou l\u2019apologie du terrorisme Le d\u00e9veloppement de nos \u00e9quipes d\u2019experts en Terrorisme et en S\u00fbret\u00e9, en int\u00e9grant des experts universitaires et d\u2019anciens agents de terrain sp\u00e9cialistes de la lutte contre le terrorisme, et en renfor\u00e7ant de 3 000 personnes dans les prochains mois nos \u00e9quipes en charge de la gestion des contenus Le renforcement de nos partenariats avec les entreprises, les gouvernements et les associations, afin de partager les bonnes pratiques de lutte contre le terrorisme et encourager l\u2019\u00e9mergence d\u2019un contre-discours face aux discours extr\u00e9mistes Nous souhaitons que Facebook soit un environnement hostile pour les terroristes. Nous restons r\u00e9solument et fermement d\u00e9termin\u00e9s \u00e0 maintenir les terroristes hors de notre plateforme, et poursuivrons activement notre engagement dans ce sens. Pour plus d\u2019informations sur cette annonce : https:\/\/newsroom.fb.com\/news\/2017\/06\/how-we-counter-terrorism\/\" \/>\n<meta property=\"og:url\" content=\"https:\/\/about.fb.com\/fr\/news\/2017\/06\/facebook-renforce-sa-lutte-contre-les-contenus-extremistes-et-terroristes-sur-sa-plateforme\/\" \/>\n<meta property=\"og:site_name\" content=\"\u00c0 propos de Meta\" \/>\n<meta property=\"article:published_time\" content=\"2017-06-15T17:15:38+00:00\" \/>\n<meta property=\"article:modified_time\" content=\"2020-02-25T05:58:06+00:00\" \/>\n<meta property=\"og:image\" content=\"https:\/\/about.fb.com\/fr\/wp-content\/uploads\/sites\/12\/2021\/10\/meta-social-16x9-1.jpg?resize=1024,576\" \/>\n\t<meta property=\"og:image:width\" content=\"1024\" \/>\n\t<meta property=\"og:image:height\" content=\"576\" \/>\n\t<meta property=\"og:image:type\" content=\"image\/jpeg\" \/>\n<meta name=\"author\" content=\"prgrand\" \/>\n<meta name=\"twitter:card\" content=\"summary_large_image\" \/>\n<meta name=\"twitter:label1\" content=\"Written by\" \/>\n\t<meta name=\"twitter:data1\" content=\"Meta\" \/>\n\t<meta name=\"twitter:label2\" content=\"Est. reading time\" \/>\n\t<meta name=\"twitter:data2\" content=\"1 minute\" \/>\n<script type=\"application\/ld+json\" class=\"yoast-schema-graph\">{\"@context\":\"https:\/\/schema.org\",\"@graph\":[{\"@type\":\"Article\",\"@id\":\"https:\/\/about.fb.com\/fr\/news\/2017\/06\/facebook-renforce-sa-lutte-contre-les-contenus-extremistes-et-terroristes-sur-sa-plateforme\/#article\",\"isPartOf\":{\"@id\":\"https:\/\/about.fb.com\/fr\/news\/2017\/06\/facebook-renforce-sa-lutte-contre-les-contenus-extremistes-et-terroristes-sur-sa-plateforme\/\"},\"author\":\"Facebook company\",\"headline\":\"Facebook renforce sa lutte contre les contenus extr\u00e9mistes et terroristes sur sa plateforme\",\"datePublished\":\"2017-06-15T17:15:38+00:00\",\"dateModified\":\"2020-02-25T05:58:06+00:00\",\"mainEntityOfPage\":{\"@id\":\"https:\/\/about.fb.com\/fr\/news\/2017\/06\/facebook-renforce-sa-lutte-contre-les-contenus-extremistes-et-terroristes-sur-sa-plateforme\/\"},\"wordCount\":253,\"publisher\":{\"@id\":\"https:\/\/about.fb.com\/fr\/#organization\"},\"articleSection\":[\"Actualit\u00e9s\"],\"inLanguage\":\"fr-FR\"},{\"@type\":\"WebPage\",\"@id\":\"https:\/\/about.fb.com\/fr\/news\/2017\/06\/facebook-renforce-sa-lutte-contre-les-contenus-extremistes-et-terroristes-sur-sa-plateforme\/\",\"url\":\"https:\/\/about.fb.com\/fr\/news\/2017\/06\/facebook-renforce-sa-lutte-contre-les-contenus-extremistes-et-terroristes-sur-sa-plateforme\/\",\"name\":\"Facebook renforce sa lutte contre les contenus extr\u00e9mistes et terroristes sur sa plateforme | \u00c0 propos de Meta\",\"isPartOf\":{\"@id\":\"https:\/\/about.fb.com\/fr\/#website\"},\"datePublished\":\"2017-06-15T17:15:38+00:00\",\"dateModified\":\"2020-02-25T05:58:06+00:00\",\"breadcrumb\":{\"@id\":\"https:\/\/about.fb.com\/fr\/news\/2017\/06\/facebook-renforce-sa-lutte-contre-les-contenus-extremistes-et-terroristes-sur-sa-plateforme\/#breadcrumb\"},\"inLanguage\":\"fr-FR\",\"potentialAction\":[{\"@type\":\"ReadAction\",\"target\":[\"https:\/\/about.fb.com\/fr\/news\/2017\/06\/facebook-renforce-sa-lutte-contre-les-contenus-extremistes-et-terroristes-sur-sa-plateforme\/\"]}],\"author\":\"\u00c0 propos de Meta\"},{\"@type\":\"BreadcrumbList\",\"@id\":\"https:\/\/about.fb.com\/fr\/news\/2017\/06\/facebook-renforce-sa-lutte-contre-les-contenus-extremistes-et-terroristes-sur-sa-plateforme\/#breadcrumb\",\"itemListElement\":[{\"@type\":\"ListItem\",\"position\":1,\"name\":\"Home\",\"item\":\"https:\/\/about.fb.com\/fr\/\"},{\"@type\":\"ListItem\",\"position\":2,\"name\":\"Facebook renforce sa lutte contre les contenus extr\u00e9mistes et terroristes sur sa plateforme\"}]},{\"@type\":\"WebSite\",\"@id\":\"https:\/\/about.fb.com\/fr\/#website\",\"url\":\"https:\/\/about.fb.com\/news\/\",\"name\":\"\u00c0 propos de Meta\",\"description\":\"\",\"publisher\":{\"@id\":\"https:\/\/about.fb.com\/fr\/#organization\"},\"potentialAction\":[{\"@type\":\"SearchAction\",\"target\":{\"@type\":\"EntryPoint\",\"urlTemplate\":\"https:\/\/about.fb.com\/fr\/?s={search_term_string}\"},\"query-input\":{\"@type\":\"PropertyValueSpecification\",\"valueRequired\":true,\"valueName\":\"search_term_string\"}}],\"inLanguage\":\"fr-FR\",\"alternateName\":[\"Meta Newsroom\",\"Meta\"]},{\"@type\":\"Organization\",\"@id\":\"https:\/\/about.fb.com\/fr\/#organization\",\"name\":\"Meta\",\"url\":\"https:\/\/about.fb.com\/fr\/\",\"logo\":{\"@type\":\"ImageObject\",\"inLanguage\":\"fr-FR\",\"@id\":\"https:\/\/about.fb.com\/fr\/#\/schema\/logo\/image\/\",\"url\":\"https:\/\/about.fb.com\/fr\/wp-content\/uploads\/sites\/12\/2021\/10\/meta-social-16x9-1.jpg?fit=8000%2C4500\",\"contentUrl\":\"https:\/\/about.fb.com\/fr\/wp-content\/uploads\/sites\/12\/2021\/10\/meta-social-16x9-1.jpg?fit=8000%2C4500\",\"width\":8000,\"height\":4500,\"caption\":\"Meta\"},\"image\":{\"@id\":\"https:\/\/about.fb.com\/fr\/#\/schema\/logo\/image\/\"}}]}<\/script>\n<!-- \/ Yoast SEO plugin. -->","yoast_head_json":{"title":"Facebook renforce sa lutte contre les contenus extr\u00e9mistes et terroristes sur sa plateforme | \u00c0 propos de Meta","robots":{"index":"index","follow":"follow","max-snippet":"max-snippet:-1","max-image-preview":"max-image-preview:large","max-video-preview":"max-video-preview:-1"},"canonical":"https:\/\/about.fb.com\/fr\/news\/2017\/06\/facebook-renforce-sa-lutte-contre-les-contenus-extremistes-et-terroristes-sur-sa-plateforme\/","og_locale":"fr_FR","og_type":"article","og_title":"Facebook renforce sa lutte contre les contenus extr\u00e9mistes et terroristes sur sa plateforme | \u00c0 propos de Meta","og_description":"Chez Facebook, la s\u00fbret\u00e9 des utilisateurs est au c\u0153ur de tout ce que nous faisons, et le terrorisme n\u2019a pas sa place sur notre plateforme. Conscients que le combat contre le terrorisme pose aujourd\u2019hui un d\u00e9fi majeur, aussi bien sur Internet que dans le quotidien de nos soci\u00e9t\u00e9s, nous annon\u00e7ons aujourd\u2019hui le renforcement de notre lutte contre les contenus extr\u00e9mistes et terroristes, sur 3 fronts\u00a0: Le d\u00e9veloppement de l\u2019intelligence artificielle, pour identifier plus rapidement et de mani\u00e8re plus efficace de potentiels contenus faisant la promotion ou l\u2019apologie du terrorisme Le d\u00e9veloppement de nos \u00e9quipes d\u2019experts en Terrorisme et en S\u00fbret\u00e9, en int\u00e9grant des experts universitaires et d\u2019anciens agents de terrain sp\u00e9cialistes de la lutte contre le terrorisme, et en renfor\u00e7ant de 3 000 personnes dans les prochains mois nos \u00e9quipes en charge de la gestion des contenus Le renforcement de nos partenariats avec les entreprises, les gouvernements et les associations, afin de partager les bonnes pratiques de lutte contre le terrorisme et encourager l\u2019\u00e9mergence d\u2019un contre-discours face aux discours extr\u00e9mistes Nous souhaitons que Facebook soit un environnement hostile pour les terroristes. Nous restons r\u00e9solument et fermement d\u00e9termin\u00e9s \u00e0 maintenir les terroristes hors de notre plateforme, et poursuivrons activement notre engagement dans ce sens. Pour plus d\u2019informations sur cette annonce : https:\/\/newsroom.fb.com\/news\/2017\/06\/how-we-counter-terrorism\/","og_url":"https:\/\/about.fb.com\/fr\/news\/2017\/06\/facebook-renforce-sa-lutte-contre-les-contenus-extremistes-et-terroristes-sur-sa-plateforme\/","og_site_name":"\u00c0 propos de Meta","article_published_time":"2017-06-15T17:15:38+00:00","article_modified_time":"2020-02-25T05:58:06+00:00","og_image":[{"width":1024,"height":576,"url":"https:\/\/about.fb.com\/fr\/wp-content\/uploads\/sites\/12\/2021\/10\/meta-social-16x9-1.jpg?resize=1024,576","type":"image\/jpeg"}],"author":"prgrand","twitter_card":"summary_large_image","twitter_misc":{"Written by":"Meta","Est. reading time":"1 minute"},"schema":{"@context":"https:\/\/schema.org","@graph":[{"@type":"Article","@id":"https:\/\/about.fb.com\/fr\/news\/2017\/06\/facebook-renforce-sa-lutte-contre-les-contenus-extremistes-et-terroristes-sur-sa-plateforme\/#article","isPartOf":{"@id":"https:\/\/about.fb.com\/fr\/news\/2017\/06\/facebook-renforce-sa-lutte-contre-les-contenus-extremistes-et-terroristes-sur-sa-plateforme\/"},"author":"Facebook company","headline":"Facebook renforce sa lutte contre les contenus extr\u00e9mistes et terroristes sur sa plateforme","datePublished":"2017-06-15T17:15:38+00:00","dateModified":"2020-02-25T05:58:06+00:00","mainEntityOfPage":{"@id":"https:\/\/about.fb.com\/fr\/news\/2017\/06\/facebook-renforce-sa-lutte-contre-les-contenus-extremistes-et-terroristes-sur-sa-plateforme\/"},"wordCount":253,"publisher":{"@id":"https:\/\/about.fb.com\/fr\/#organization"},"articleSection":["Actualit\u00e9s"],"inLanguage":"fr-FR"},{"@type":"WebPage","@id":"https:\/\/about.fb.com\/fr\/news\/2017\/06\/facebook-renforce-sa-lutte-contre-les-contenus-extremistes-et-terroristes-sur-sa-plateforme\/","url":"https:\/\/about.fb.com\/fr\/news\/2017\/06\/facebook-renforce-sa-lutte-contre-les-contenus-extremistes-et-terroristes-sur-sa-plateforme\/","name":"Facebook renforce sa lutte contre les contenus extr\u00e9mistes et terroristes sur sa plateforme | \u00c0 propos de Meta","isPartOf":{"@id":"https:\/\/about.fb.com\/fr\/#website"},"datePublished":"2017-06-15T17:15:38+00:00","dateModified":"2020-02-25T05:58:06+00:00","breadcrumb":{"@id":"https:\/\/about.fb.com\/fr\/news\/2017\/06\/facebook-renforce-sa-lutte-contre-les-contenus-extremistes-et-terroristes-sur-sa-plateforme\/#breadcrumb"},"inLanguage":"fr-FR","potentialAction":[{"@type":"ReadAction","target":["https:\/\/about.fb.com\/fr\/news\/2017\/06\/facebook-renforce-sa-lutte-contre-les-contenus-extremistes-et-terroristes-sur-sa-plateforme\/"]}],"author":"\u00c0 propos de Meta"},{"@type":"BreadcrumbList","@id":"https:\/\/about.fb.com\/fr\/news\/2017\/06\/facebook-renforce-sa-lutte-contre-les-contenus-extremistes-et-terroristes-sur-sa-plateforme\/#breadcrumb","itemListElement":[{"@type":"ListItem","position":1,"name":"Home","item":"https:\/\/about.fb.com\/fr\/"},{"@type":"ListItem","position":2,"name":"Facebook renforce sa lutte contre les contenus extr\u00e9mistes et terroristes sur sa plateforme"}]},{"@type":"WebSite","@id":"https:\/\/about.fb.com\/fr\/#website","url":"https:\/\/about.fb.com\/news\/","name":"\u00c0 propos de Meta","description":"","publisher":{"@id":"https:\/\/about.fb.com\/fr\/#organization"},"potentialAction":[{"@type":"SearchAction","target":{"@type":"EntryPoint","urlTemplate":"https:\/\/about.fb.com\/fr\/?s={search_term_string}"},"query-input":{"@type":"PropertyValueSpecification","valueRequired":true,"valueName":"search_term_string"}}],"inLanguage":"fr-FR","alternateName":["Meta Newsroom","Meta"]},{"@type":"Organization","@id":"https:\/\/about.fb.com\/fr\/#organization","name":"Meta","url":"https:\/\/about.fb.com\/fr\/","logo":{"@type":"ImageObject","inLanguage":"fr-FR","@id":"https:\/\/about.fb.com\/fr\/#\/schema\/logo\/image\/","url":"https:\/\/about.fb.com\/fr\/wp-content\/uploads\/sites\/12\/2021\/10\/meta-social-16x9-1.jpg?fit=8000%2C4500","contentUrl":"https:\/\/about.fb.com\/fr\/wp-content\/uploads\/sites\/12\/2021\/10\/meta-social-16x9-1.jpg?fit=8000%2C4500","width":8000,"height":4500,"caption":"Meta"},"image":{"@id":"https:\/\/about.fb.com\/fr\/#\/schema\/logo\/image\/"}}]}},"jetpack_featured_media_url":"","jetpack-related-posts":[],"jetpack_sharing_enabled":true,"amp_enabled":true,"_links":{"self":[{"href":"https:\/\/about.fb.com\/fr\/wp-json\/wp\/v2\/posts\/6157","targetHints":{"allow":["GET"]}}],"collection":[{"href":"https:\/\/about.fb.com\/fr\/wp-json\/wp\/v2\/posts"}],"about":[{"href":"https:\/\/about.fb.com\/fr\/wp-json\/wp\/v2\/types\/post"}],"author":[{"embeddable":true,"href":"https:\/\/about.fb.com\/fr\/wp-json\/wp\/v2\/users\/112028226"}],"replies":[{"embeddable":true,"href":"https:\/\/about.fb.com\/fr\/wp-json\/wp\/v2\/comments?post=6157"}],"version-history":[{"count":1,"href":"https:\/\/about.fb.com\/fr\/wp-json\/wp\/v2\/posts\/6157\/revisions"}],"predecessor-version":[{"id":6158,"href":"https:\/\/about.fb.com\/fr\/wp-json\/wp\/v2\/posts\/6157\/revisions\/6158"}],"wp:attachment":[{"href":"https:\/\/about.fb.com\/fr\/wp-json\/wp\/v2\/media?parent=6157"}],"wp:term":[{"taxonomy":"category","embeddable":true,"href":"https:\/\/about.fb.com\/fr\/wp-json\/wp\/v2\/categories?post=6157"},{"taxonomy":"post_tag","embeddable":true,"href":"https:\/\/about.fb.com\/fr\/wp-json\/wp\/v2\/tags?post=6157"}],"curies":[{"name":"wp","href":"https:\/\/api.w.org\/{rel}","templated":true}]}}