{"id":6136,"date":"2017-05-17T11:53:40","date_gmt":"2017-05-17T09:53:40","guid":{"rendered":"http:\/\/fr.newsroom.fb.com\/?p=6136"},"modified":"2018-02-13T19:36:54","modified_gmt":"2018-02-13T17:36:54","slug":"facebook-lance-le-forum-des-tpe-pme-en-france","status":"publish","type":"post","link":"https:\/\/about.fb.com\/fr\/news\/2017\/05\/facebook-lance-le-forum-des-tpe-pme-en-france\/","title":{"rendered":"Facebook lance le \u2018Forum des TPE-PME\u2019 en France"},"content":{"rendered":"<h4 style=\"text-align:justify;\"><strong>Une \u00e9tude r\u00e9v\u00e8le l\u2019importance des \u00e9changes entre TPE-PME pour s\u2019initier aux nouveaux outils <\/strong><\/h4>\n<p style=\"text-align:justify;\">Facebook annonce le lancement du \u2018Forum des TPE-PME\u2019 qui r\u00e9unit douze TPE-PME fran\u00e7aises pour apprendre et \u00e9changer sur leurs enjeux communs. Ces TPE-PME, r\u00e9parties sur tout le territoire fran\u00e7ais, de tailles vari\u00e9es et de secteurs diff\u00e9rents, ont toutes l\u2019ambition de vouloir acc\u00e9l\u00e9rer leur transition digitale.<\/p>\n<p style=\"text-align:justify;\">Le Forum se r\u00e9unira deux fois par an et abordera les probl\u00e9matiques sp\u00e9cifiques aux TPE-PME, telles que l\u2019augmentation de la visibilit\u00e9, la relation client, l\u2019augmentation des ventes, le d\u00e9veloppement \u00e0 l\u2019export ou le recrutement de nouveaux collaborateurs.<\/p>\n<p style=\"text-align:justify;\">Le r\u00e9cent barom\u00e8tre OCDE \/ Banque Mondiale \/ Facebook, \u00ab\u00a0Future of Business\u00a0\u00bb (mai 2017), souligne que les TPE-PME privil\u00e9gient les rencontres et les \u00e9changes pour s\u2019initier aux nouveaux outils disponibles.<\/p>\n<h5 style=\"text-align:justify;\"><strong>R\u00e9sultats du barom\u00e8tre \u00ab\u00a0Future of Business\u00a0\u00bb &#8211; mai 2017<\/strong><\/h5>\n<p style=\"text-align:justify;\">La derni\u00e8re \u00e9dition du barom\u00e8tre \u00ab\u00a0Future of Business\u00a0\u00bb fait ressortir les points suivants\u00a0:<\/p>\n<ul style=\"text-align:justify;\">\n<li>Presque un tiers des entreprises fran\u00e7aises interrog\u00e9es (31 %) d\u00e9clarent qu\u2019elles apprennent les unes des autres.<\/li>\n<li>Presque la moiti\u00e9 (41 %) des entreprises souhaiterait b\u00e9n\u00e9ficier de conseils dans les domaines du marketing (comment trouver de nouveaux clients, comment les cibler, etc) et de la publicit\u00e9 (quels sont les contenus qui cr\u00e9ent de l\u2019engagement, etc).<\/li>\n<li>Plus d\u2019un tiers (36 %) souhaiterait b\u00e9n\u00e9ficier de conseils en marketing digital.<\/li>\n<\/ul>\n<h5 style=\"text-align:justify;\"><strong>Les membres du Forum TPE-PME<\/strong><\/h5>\n<p>Voici la liste des premiers membres \u00e0 rejoindre le Forum ainsi que leur secteur d\u2019activit\u00e9 et leur r\u00e9gion d\u2019origine: \u00a0<strong><a href=\"https:\/\/urldefense.proofpoint.com\/v2\/url?u=https-3A__www.facebook.com_PerusShoes_&amp;d=DwMF-g&amp;c=qwStF0e4-YFyvjCeML3ehA&amp;r=P4_bvGwp3_LZsaiU18E4dg&amp;m=bE-XNr-o6u92825PKZPMRqH0R3nHD-jR5h4BXpWTsiY&amp;s=-ybDhadtyCXZwhp4GTR7coyjWNMwalaUq5K-p1G6Mnc&amp;e=\">Perus\u00a0<\/a><\/strong>(chaussures, Paris),\u00a0<strong><a href=\"https:\/\/urldefense.proofpoint.com\/v2\/url?u=https-3A__www.facebook.com_CuisineShop_&amp;d=DwMF-g&amp;c=qwStF0e4-YFyvjCeML3ehA&amp;r=P4_bvGwp3_LZsaiU18E4dg&amp;m=bE-XNr-o6u92825PKZPMRqH0R3nHD-jR5h4BXpWTsiY&amp;s=mkWeX-2a7MdpxBdOWKprszzwfMN7fFcZ1A8GoAFOtJg&amp;e=\">Cuisine shop<\/a>\u00a0<\/strong>(ustensiles de cuisine, Paris),\u00a0<strong><a href=\"https:\/\/urldefense.proofpoint.com\/v2\/url?u=https-3A__www.facebook.com_Epopia&amp;d=DwMF-g&amp;c=qwStF0e4-YFyvjCeML3ehA&amp;r=P4_bvGwp3_LZsaiU18E4dg&amp;m=bE-XNr-o6u92825PKZPMRqH0R3nHD-jR5h4BXpWTsiY&amp;s=2M5VuL1PmUxPTRtDuZABlm4Mj28hYx-5-X6DKr620Ug&amp;e=\">Epopia\u00a0<\/a><\/strong>(initiation \u00e0 la lecture et \u00e0 l\u2019\u00e9criture pour les enfants, Strasbourg),\u00a0<strong><a href=\"https:\/\/urldefense.proofpoint.com\/v2\/url?u=https-3A__www.facebook.com_iskn.co_-3Fref-3Dbr-5Frs&amp;d=DwMF-g&amp;c=qwStF0e4-YFyvjCeML3ehA&amp;r=P4_bvGwp3_LZsaiU18E4dg&amp;m=bE-XNr-o6u92825PKZPMRqH0R3nHD-jR5h4BXpWTsiY&amp;s=qc7pmqvy1ouCWRxhIfN4A8Gas65xo22ZH0wvRElCWxU&amp;e=\">ISKN\u00a0<\/a><\/strong>(ardoise num\u00e9rique, Grenoble),\u00a0<strong><a href=\"https:\/\/urldefense.proofpoint.com\/v2\/url?u=https-3A__www.facebook.com_soapeolille_&amp;d=DwMF-g&amp;c=qwStF0e4-YFyvjCeML3ehA&amp;r=P4_bvGwp3_LZsaiU18E4dg&amp;m=bE-XNr-o6u92825PKZPMRqH0R3nHD-jR5h4BXpWTsiY&amp;s=Cu_vFX3wVfLZJWRhreAqYMTeiQn7VuHJzEsI0GbYeQM&amp;e=\">Soapeo\u00a0<\/a><\/strong>(cosm\u00e9tiques, Lille),\u00a0<strong><a href=\"https:\/\/urldefense.proofpoint.com\/v2\/url?u=https-3A__www.facebook.com_tammyandbenjamin_&amp;d=DwMF-g&amp;c=qwStF0e4-YFyvjCeML3ehA&amp;r=P4_bvGwp3_LZsaiU18E4dg&amp;m=bE-XNr-o6u92825PKZPMRqH0R3nHD-jR5h4BXpWTsiY&amp;s=O8RrIkrVp52DgTuKi6EFdnyJETbnXPHAxs95bBuhcdI&amp;e=\">Tammy &amp; Benjamin\u00a0<\/a><\/strong>(maroquinerie, Paris),\u00a0<strong><a href=\"https:\/\/urldefense.proofpoint.com\/v2\/url?u=https-3A__www.facebook.com_TeaHeritage_&amp;d=DwMF-g&amp;c=qwStF0e4-YFyvjCeML3ehA&amp;r=P4_bvGwp3_LZsaiU18E4dg&amp;m=bE-XNr-o6u92825PKZPMRqH0R3nHD-jR5h4BXpWTsiY&amp;s=kIod9zdM71SnTTUPiE_RmYQ4W_SJ8mxLgnwRusnGJBg&amp;e=\">Tea Heritage\u00a0<\/a><\/strong>(cr\u00e9ations de sachets de th\u00e9, Lyon),\u00a0<strong><a href=\"https:\/\/urldefense.proofpoint.com\/v2\/url?u=https-3A__www.facebook.com_pierrot.coquillages_&amp;d=DwMF-g&amp;c=qwStF0e4-YFyvjCeML3ehA&amp;r=P4_bvGwp3_LZsaiU18E4dg&amp;m=bE-XNr-o6u92825PKZPMRqH0R3nHD-jR5h4BXpWTsiY&amp;s=znSgp61YkhKdRZxRKeKZRBNeptJMcRWkgZiMK3iZL_E&amp;e=\">Pierrot Coquillage<\/a>\u00a0<\/strong>(restaurant de fruits de mer, Marseille),\u00a0<strong><a href=\"https:\/\/urldefense.proofpoint.com\/v2\/url?u=https-3A__www.facebook.com_gaultierlequartierdelhomme&amp;d=DwMF-g&amp;c=qwStF0e4-YFyvjCeML3ehA&amp;r=P4_bvGwp3_LZsaiU18E4dg&amp;m=bE-XNr-o6u92825PKZPMRqH0R3nHD-jR5h4BXpWTsiY&amp;s=PJB7oiwlnTZxCh_VWhk2pTLE-YBymwnoie8VLYMXVVw&amp;e=\">Studio Gaultier<\/a>\u00a0<\/strong>(coiffeur \/ barbier, Angers),\u00a0<strong><a href=\"https:\/\/urldefense.proofpoint.com\/v2\/url?u=https-3A__www.facebook.com_lagourmandisemaisonthomas_&amp;d=DwMF-g&amp;c=qwStF0e4-YFyvjCeML3ehA&amp;r=P4_bvGwp3_LZsaiU18E4dg&amp;m=bE-XNr-o6u92825PKZPMRqH0R3nHD-jR5h4BXpWTsiY&amp;s=9vNv2OM8rqpQQlGq8KbshhlQm_mdWTetfk1lnODp5RY&amp;e=\">La Gourmandise Maison Thomas\u00a0<\/a><\/strong>(boulangerie, Bourg-la-Reine),\u00a0<strong><a href=\"https:\/\/urldefense.proofpoint.com\/v2\/url?u=https-3A__www.facebook.com_Boucherie-2DAlbert-2D1er-2D434993306705319_&amp;d=DwMF-g&amp;c=qwStF0e4-YFyvjCeML3ehA&amp;r=P4_bvGwp3_LZsaiU18E4dg&amp;m=bE-XNr-o6u92825PKZPMRqH0R3nHD-jR5h4BXpWTsiY&amp;s=u7V8sxlwL7x-iFo3QlgteujXYDkKPgDfwFA9Kr8g-vc&amp;e=\">Boucherie Albert Ier\u00a0<\/a><\/strong>(boucherie, Vannes),\u00a0<strong><a href=\"https:\/\/urldefense.proofpoint.com\/v2\/url?u=https-3A__www.facebook.com_golfathome_&amp;d=DwMF-g&amp;c=qwStF0e4-YFyvjCeML3ehA&amp;r=P4_bvGwp3_LZsaiU18E4dg&amp;m=bE-XNr-o6u92825PKZPMRqH0R3nHD-jR5h4BXpWTsiY&amp;s=Lal04Yiei7QBseCKxCcg2DLXKtMG1cDG1oQ-3yLLMXs&amp;e=\">Golf at home<\/a><\/strong>\u00a0(mat\u00e9riel de golf, Lille).<\/p>\n<p style=\"text-align:justify;\">Pour retrouver les portraits des TPE-PME et acc\u00e9der aux nombreux outils Facebook qui leur sont d\u00e9di\u00e9s, consultez <a href=\"https:\/\/www.facebook.com\/business\/e\/boostez-votre-business\">le site internet d\u00e9di\u00e9 aux TPE-PME<\/a>.<\/p>\n<p style=\"text-align:justify;\"><strong>Matthieu Laporte, Responsable d\u00e9partement TPE-PME France et Benelux de Facebook <\/strong>d\u00e9clare\u00a0: \u00ab\u00a0Ce Forum vise \u00e0 r\u00e9pondre aux attentes des TPE-PME. En instaurant un dialogue r\u00e9gulier avec elles, nous pourrons mieux comprendre leurs besoins et leur faire d\u00e9couvrir tout le potentiel des outils num\u00e9riques. Facebook, en tant que plateforme accessible, gratuite et ouverte \u00e0 tous, est devenu un partenaire cl\u00e9 dans la transition digitale et mobile des TPE-PME.\u00a0\u00bb<\/p>\n<h5 style=\"text-align:justify;\"><strong>Facebook et les TPE-PME en France<\/strong><\/h5>\n<ul style=\"text-align:justify;\">\n<li>Plus d\u20191 million d\u2019entreprises en France disposent d\u2019une page Facebook.<\/li>\n<li>Plus d\u20191 utilisateur fran\u00e7ais sur 3 (75%) est connect\u00e9 \u00e0 la page d\u2019une TPE\/PME.<\/li>\n<li>En France, 65 % des gens sur Facebook aiment au moins une Page d\u2019entreprise en dehors de l\u2019hexagone.<\/li>\n<\/ul>\n<h5 style=\"text-align:justify;\"><strong>Facebook et les TPE-PME dans le monde\u00a0 <\/strong><\/h5>\n<ul style=\"text-align:justify;\">\n<li>Plus de 70 millions d\u2019entreprises disposent d\u2019une page Facebook dans le monde et 8 millions ont un profil business sur Instagram car ces outils sont gratuits, faciles \u00e0 utiliser et parfaitement adapt\u00e9s au format mobile.<\/li>\n<li>Pr\u00e8s de 85% des Pages d\u2019entreprises actives utilisent le mobile et 40% des annonceurs actifs ont cr\u00e9\u00e9 une publicit\u00e9 Facebook sur mobile.<\/li>\n<li>Sur Instagram, 80% des personnes suivent une marque ou une entreprise.<\/li>\n<li>En octobre 2016, pr\u00e8s de 3 millions de TPE-PME ont post\u00e9 une vid\u00e9o (post organique et publicit\u00e9) sur Facebook.<\/li>\n<\/ul>\n<h5 style=\"text-align:justify;\"><strong>Les TPE-PME dans l\u2019\u00e9conomie fran\u00e7aise <\/strong><\/h5>\n<ul>\n<li style=\"text-align:justify;\">La France compte plus de 3 millions de TPE-PME (source\u00a0: Rapport Monitor Deloitte janvier 2017)<\/li>\n<li style=\"text-align:justify;\">Plus de 99% des entreprises fran\u00e7aises sont des PME (source\u00a0:\u00a0INSEE)<\/li>\n<li style=\"text-align:justify;\">7 Fran\u00e7ais sur 10 ach\u00e8tent et paient en ligne, alors qu\u20191 TPE-PME fran\u00e7aise sur 8 vend sur Internet (source\u00a0: Rapport Monitor Deloitte janvier 2017)<\/li>\n<li style=\"text-align:justify;\">Les exportations des PME avec une pr\u00e9sence digitale sont 3 fois plus \u00e9lev\u00e9es que celles des PME non digitalis\u00e9es (source\u00a0: Rapport Monitor Deloitte janvier 2017)<\/li>\n<li style=\"text-align:justify;\">Entre 2010 et 2014, les TPE-PME ont \u00e9t\u00e9 \u00e0 l\u2019origine de la cr\u00e9ation d&rsquo;un nouvel emploi sur 3 en France (source\u00a0: Rapport Monitor Deloitte janvier 2017)<\/li>\n<li style=\"text-align:justify;\">1 salari\u00e9 sur 2 travaille dans une TPE-PME en France, soit 7 millions de personnes sur 14 millions, en \u00e9quivalent temps plein (sources\u00a0: INSEE, Les Entreprises en France 2014 (donn\u00e9es 2011) et Etude Ipsos pour Randstad (donn\u00e9es 2016)<\/li>\n<\/ul>\n","protected":false},"excerpt":{"rendered":"Une \u00e9tude r\u00e9v\u00e8le l\u2019importance des \u00e9changes entre TPE-PME pour s\u2019initier aux nouveaux outils Facebook annonce le lancement du \u2018Forum des TPE-PME\u2019 qui r\u00e9unit douze TPE-PME fran\u00e7aises pour apprendre et \u00e9changer sur leurs enjeux communs. Ces TPE-PME, r\u00e9parties sur tout le territoire fran\u00e7ais, de tailles vari\u00e9es et de secteurs diff\u00e9rents, ont toutes l\u2019ambition de vouloir acc\u00e9l\u00e9rer leur transition digitale. Le Forum se r\u00e9unira deux fois par an et abordera les probl\u00e9matiques sp\u00e9cifiques aux TPE-PME, telles que l\u2019augmentation de la visibilit\u00e9, la relation client, l\u2019augmentation des ventes, le d\u00e9veloppement \u00e0 l\u2019export ou le recrutement de nouveaux collaborateurs. Le r\u00e9cent barom\u00e8tre OCDE \/ Banque Mondiale \/ Facebook, \u00ab\u00a0Future of Business\u00a0\u00bb (mai 2017), souligne que les TPE-PME privil\u00e9gient les rencontres et les \u00e9changes pour s\u2019initier aux nouveaux outils disponibles. R\u00e9sultats du barom\u00e8tre \u00ab\u00a0Future of Business\u00a0\u00bb &#8211; mai 2017 La derni\u00e8re \u00e9dition du barom\u00e8tre \u00ab\u00a0Future of Business\u00a0\u00bb fait ressortir les points suivants\u00a0: Presque un tiers des entreprises fran\u00e7aises interrog\u00e9es (31 %) d\u00e9clarent qu\u2019elles apprennent les unes des autres. Presque la moiti\u00e9 (41 %) des entreprises souhaiterait b\u00e9n\u00e9ficier de conseils dans les domaines du marketing (comment trouver de nouveaux clients, comment les cibler, etc) et de la publicit\u00e9 (quels sont les contenus qui cr\u00e9ent de l\u2019engagement, etc). Plus d\u2019un tiers (36 %) souhaiterait b\u00e9n\u00e9ficier de conseils en marketing digital. Les membres du Forum TPE-PME Voici la liste des premiers membres \u00e0 rejoindre le Forum ainsi que leur secteur d\u2019activit\u00e9 et leur r\u00e9gion d\u2019origine: \u00a0Perus\u00a0(chaussures, Paris),\u00a0Cuisine shop\u00a0(ustensiles de cuisine, Paris),\u00a0Epopia\u00a0(initiation \u00e0 la lecture et \u00e0 l\u2019\u00e9criture pour les enfants, Strasbourg),\u00a0ISKN\u00a0(ardoise num\u00e9rique, Grenoble),\u00a0Soapeo\u00a0(cosm\u00e9tiques, Lille),\u00a0Tammy &amp; Benjamin\u00a0(maroquinerie, Paris),\u00a0Tea Heritage\u00a0(cr\u00e9ations de sachets de th\u00e9, Lyon),\u00a0Pierrot Coquillage\u00a0(restaurant de fruits de mer, Marseille),\u00a0Studio Gaultier\u00a0(coiffeur \/ barbier, Angers),\u00a0La Gourmandise Maison Thomas\u00a0(boulangerie, Bourg-la-Reine),\u00a0Boucherie Albert Ier\u00a0(boucherie, Vannes),\u00a0Golf at home\u00a0(mat\u00e9riel de golf, Lille). Pour retrouver les portraits des TPE-PME et acc\u00e9der aux nombreux outils Facebook qui leur sont d\u00e9di\u00e9s, consultez le site internet d\u00e9di\u00e9 aux TPE-PME. Matthieu Laporte, Responsable d\u00e9partement TPE-PME France et Benelux de Facebook d\u00e9clare\u00a0: \u00ab\u00a0Ce Forum vise \u00e0 r\u00e9pondre aux attentes des TPE-PME. En instaurant un dialogue r\u00e9gulier avec elles, nous pourrons mieux comprendre leurs besoins et leur faire d\u00e9couvrir tout le potentiel des outils num\u00e9riques. Facebook, en tant que plateforme accessible, gratuite et ouverte \u00e0 tous, est devenu un partenaire cl\u00e9 dans la transition digitale et mobile des TPE-PME.\u00a0\u00bb Facebook et les TPE-PME en France Plus d\u20191 million d\u2019entreprises en France disposent d\u2019une page Facebook. Plus d\u20191 utilisateur fran\u00e7ais sur 3 (75%) est connect\u00e9 \u00e0 la page d\u2019une TPE\/PME. En France, 65 % des gens sur Facebook aiment au moins une Page d\u2019entreprise en dehors de l\u2019hexagone. Facebook et les TPE-PME dans le monde\u00a0 Plus de 70 millions d\u2019entreprises disposent d\u2019une page Facebook dans le monde et 8 millions ont un profil business sur Instagram car ces outils sont gratuits, faciles \u00e0 utiliser et parfaitement adapt\u00e9s au format mobile. Pr\u00e8s de 85% des Pages d\u2019entreprises actives utilisent le mobile et 40% des annonceurs actifs ont cr\u00e9\u00e9 une publicit\u00e9 Facebook sur mobile. Sur Instagram, 80% des personnes suivent une marque ou une entreprise. En octobre 2016, pr\u00e8s de 3 millions de TPE-PME ont post\u00e9 une vid\u00e9o (post organique et publicit\u00e9) sur Facebook. Les TPE-PME dans l\u2019\u00e9conomie fran\u00e7aise La France compte plus de 3 millions de TPE-PME (source\u00a0: Rapport Monitor Deloitte janvier 2017) Plus de 99% des entreprises fran\u00e7aises sont des PME (source\u00a0:\u00a0INSEE) 7 Fran\u00e7ais sur 10 ach\u00e8tent et paient en ligne, alors qu\u20191 TPE-PME fran\u00e7aise sur 8 vend sur Internet (source\u00a0: Rapport Monitor Deloitte janvier 2017) Les exportations des PME avec une pr\u00e9sence digitale sont 3 fois plus \u00e9lev\u00e9es que celles des PME non digitalis\u00e9es (source\u00a0: Rapport Monitor Deloitte janvier 2017) Entre 2010 et 2014, les TPE-PME ont \u00e9t\u00e9 \u00e0 l\u2019origine de la cr\u00e9ation d&rsquo;un nouvel emploi sur 3 en France (source\u00a0: Rapport Monitor Deloitte janvier 2017) 1 salari\u00e9 sur 2 travaille dans une TPE-PME en France, soit 7 millions de personnes sur 14 millions, en \u00e9quivalent temps plein (sources\u00a0: INSEE, Les Entreprises en France 2014 (donn\u00e9es 2011) et Etude Ipsos pour Randstad (donn\u00e9es 2016)","protected":false},"author":112028226,"featured_media":6140,"comment_status":"closed","ping_status":"closed","sticky":false,"template":"","format":"standard","meta":{"_jetpack_memberships_contains_paid_content":false,"footnotes":""},"categories":[19698,243897938],"tags":[],"class_list":["post-6136","post","type-post","status-publish","format-standard","has-post-thumbnail","hentry","category-evenements","category-publicite"],"yoast_head":"<!-- This site is optimized with the Yoast SEO plugin v27.2 - https:\/\/yoast.com\/product\/yoast-seo-wordpress\/ -->\n<title>Facebook lance le \u2018Forum des TPE-PME\u2019 en France | \u00c0 propos de Meta<\/title>\n<meta name=\"robots\" content=\"index, follow, max-snippet:-1, max-image-preview:large, max-video-preview:-1\" \/>\n<link rel=\"canonical\" href=\"https:\/\/about.fb.com\/fr\/news\/2017\/05\/facebook-lance-le-forum-des-tpe-pme-en-france\/\" \/>\n<meta property=\"og:locale\" content=\"fr_FR\" \/>\n<meta property=\"og:type\" content=\"article\" \/>\n<meta property=\"og:title\" content=\"Facebook lance le \u2018Forum des TPE-PME\u2019 en France | \u00c0 propos de Meta\" \/>\n<meta property=\"og:description\" content=\"Une \u00e9tude r\u00e9v\u00e8le l\u2019importance des \u00e9changes entre TPE-PME pour s\u2019initier aux nouveaux outils Facebook annonce le lancement du \u2018Forum des TPE-PME\u2019 qui r\u00e9unit douze TPE-PME fran\u00e7aises pour apprendre et \u00e9changer sur leurs enjeux communs. Ces TPE-PME, r\u00e9parties sur tout le territoire fran\u00e7ais, de tailles vari\u00e9es et de secteurs diff\u00e9rents, ont toutes l\u2019ambition de vouloir acc\u00e9l\u00e9rer leur transition digitale. Le Forum se r\u00e9unira deux fois par an et abordera les probl\u00e9matiques sp\u00e9cifiques aux TPE-PME, telles que l\u2019augmentation de la visibilit\u00e9, la relation client, l\u2019augmentation des ventes, le d\u00e9veloppement \u00e0 l\u2019export ou le recrutement de nouveaux collaborateurs. Le r\u00e9cent barom\u00e8tre OCDE \/ Banque Mondiale \/ Facebook, \u00ab\u00a0Future of Business\u00a0\u00bb (mai 2017), souligne que les TPE-PME privil\u00e9gient les rencontres et les \u00e9changes pour s\u2019initier aux nouveaux outils disponibles. R\u00e9sultats du barom\u00e8tre \u00ab\u00a0Future of Business\u00a0\u00bb &#8211; mai 2017 La derni\u00e8re \u00e9dition du barom\u00e8tre \u00ab\u00a0Future of Business\u00a0\u00bb fait ressortir les points suivants\u00a0: Presque un tiers des entreprises fran\u00e7aises interrog\u00e9es (31 %) d\u00e9clarent qu\u2019elles apprennent les unes des autres. Presque la moiti\u00e9 (41 %) des entreprises souhaiterait b\u00e9n\u00e9ficier de conseils dans les domaines du marketing (comment trouver de nouveaux clients, comment les cibler, etc) et de la publicit\u00e9 (quels sont les contenus qui cr\u00e9ent de l\u2019engagement, etc). Plus d\u2019un tiers (36 %) souhaiterait b\u00e9n\u00e9ficier de conseils en marketing digital. Les membres du Forum TPE-PME Voici la liste des premiers membres \u00e0 rejoindre le Forum ainsi que leur secteur d\u2019activit\u00e9 et leur r\u00e9gion d\u2019origine: \u00a0Perus\u00a0(chaussures, Paris),\u00a0Cuisine shop\u00a0(ustensiles de cuisine, Paris),\u00a0Epopia\u00a0(initiation \u00e0 la lecture et \u00e0 l\u2019\u00e9criture pour les enfants, Strasbourg),\u00a0ISKN\u00a0(ardoise num\u00e9rique, Grenoble),\u00a0Soapeo\u00a0(cosm\u00e9tiques, Lille),\u00a0Tammy &amp; Benjamin\u00a0(maroquinerie, Paris),\u00a0Tea Heritage\u00a0(cr\u00e9ations de sachets de th\u00e9, Lyon),\u00a0Pierrot Coquillage\u00a0(restaurant de fruits de mer, Marseille),\u00a0Studio Gaultier\u00a0(coiffeur \/ barbier, Angers),\u00a0La Gourmandise Maison Thomas\u00a0(boulangerie, Bourg-la-Reine),\u00a0Boucherie Albert Ier\u00a0(boucherie, Vannes),\u00a0Golf at home\u00a0(mat\u00e9riel de golf, Lille). Pour retrouver les portraits des TPE-PME et acc\u00e9der aux nombreux outils Facebook qui leur sont d\u00e9di\u00e9s, consultez le site internet d\u00e9di\u00e9 aux TPE-PME. Matthieu Laporte, Responsable d\u00e9partement TPE-PME France et Benelux de Facebook d\u00e9clare\u00a0: \u00ab\u00a0Ce Forum vise \u00e0 r\u00e9pondre aux attentes des TPE-PME. En instaurant un dialogue r\u00e9gulier avec elles, nous pourrons mieux comprendre leurs besoins et leur faire d\u00e9couvrir tout le potentiel des outils num\u00e9riques. Facebook, en tant que plateforme accessible, gratuite et ouverte \u00e0 tous, est devenu un partenaire cl\u00e9 dans la transition digitale et mobile des TPE-PME.\u00a0\u00bb Facebook et les TPE-PME en France Plus d\u20191 million d\u2019entreprises en France disposent d\u2019une page Facebook. Plus d\u20191 utilisateur fran\u00e7ais sur 3 (75%) est connect\u00e9 \u00e0 la page d\u2019une TPE\/PME. En France, 65 % des gens sur Facebook aiment au moins une Page d\u2019entreprise en dehors de l\u2019hexagone. Facebook et les TPE-PME dans le monde\u00a0 Plus de 70 millions d\u2019entreprises disposent d\u2019une page Facebook dans le monde et 8 millions ont un profil business sur Instagram car ces outils sont gratuits, faciles \u00e0 utiliser et parfaitement adapt\u00e9s au format mobile. Pr\u00e8s de 85% des Pages d\u2019entreprises actives utilisent le mobile et 40% des annonceurs actifs ont cr\u00e9\u00e9 une publicit\u00e9 Facebook sur mobile. Sur Instagram, 80% des personnes suivent une marque ou une entreprise. En octobre 2016, pr\u00e8s de 3 millions de TPE-PME ont post\u00e9 une vid\u00e9o (post organique et publicit\u00e9) sur Facebook. Les TPE-PME dans l\u2019\u00e9conomie fran\u00e7aise La France compte plus de 3 millions de TPE-PME (source\u00a0: Rapport Monitor Deloitte janvier 2017) Plus de 99% des entreprises fran\u00e7aises sont des PME (source\u00a0:\u00a0INSEE) 7 Fran\u00e7ais sur 10 ach\u00e8tent et paient en ligne, alors qu\u20191 TPE-PME fran\u00e7aise sur 8 vend sur Internet (source\u00a0: Rapport Monitor Deloitte janvier 2017) Les exportations des PME avec une pr\u00e9sence digitale sont 3 fois plus \u00e9lev\u00e9es que celles des PME non digitalis\u00e9es (source\u00a0: Rapport Monitor Deloitte janvier 2017) Entre 2010 et 2014, les TPE-PME ont \u00e9t\u00e9 \u00e0 l\u2019origine de la cr\u00e9ation d&rsquo;un nouvel emploi sur 3 en France (source\u00a0: Rapport Monitor Deloitte janvier 2017) 1 salari\u00e9 sur 2 travaille dans une TPE-PME en France, soit 7 millions de personnes sur 14 millions, en \u00e9quivalent temps plein (sources\u00a0: INSEE, Les Entreprises en France 2014 (donn\u00e9es 2011) et Etude Ipsos pour Randstad (donn\u00e9es 2016)\" \/>\n<meta property=\"og:url\" content=\"https:\/\/about.fb.com\/fr\/news\/2017\/05\/facebook-lance-le-forum-des-tpe-pme-en-france\/\" \/>\n<meta property=\"og:site_name\" content=\"\u00c0 propos de Meta\" \/>\n<meta property=\"article:published_time\" content=\"2017-05-17T09:53:40+00:00\" \/>\n<meta property=\"article:modified_time\" content=\"2018-02-13T17:36:54+00:00\" \/>\n<meta property=\"og:image\" content=\"https:\/\/about.fb.com\/fr\/wp-content\/uploads\/sites\/12\/2017\/05\/forum1-e1495014758165.jpg?resize=1024,683\" \/>\n\t<meta property=\"og:image:width\" content=\"1024\" \/>\n\t<meta property=\"og:image:height\" content=\"683\" \/>\n\t<meta property=\"og:image:type\" content=\"image\/jpeg\" \/>\n<meta name=\"author\" content=\"prgrand\" \/>\n<meta name=\"twitter:card\" content=\"summary_large_image\" \/>\n<meta name=\"twitter:label1\" content=\"Written by\" \/>\n\t<meta name=\"twitter:data1\" content=\"Meta\" \/>\n\t<meta name=\"twitter:label2\" content=\"Est. reading time\" \/>\n\t<meta name=\"twitter:data2\" content=\"4 minutes\" \/>\n<script type=\"application\/ld+json\" class=\"yoast-schema-graph\">{\"@context\":\"https:\/\/schema.org\",\"@graph\":[{\"@type\":\"Article\",\"@id\":\"https:\/\/about.fb.com\/fr\/news\/2017\/05\/facebook-lance-le-forum-des-tpe-pme-en-france\/#article\",\"isPartOf\":{\"@id\":\"https:\/\/about.fb.com\/fr\/news\/2017\/05\/facebook-lance-le-forum-des-tpe-pme-en-france\/\"},\"author\":\"Facebook company\",\"headline\":\"Facebook lance le \u2018Forum des TPE-PME\u2019 en France\",\"datePublished\":\"2017-05-17T09:53:40+00:00\",\"dateModified\":\"2018-02-13T17:36:54+00:00\",\"mainEntityOfPage\":{\"@id\":\"https:\/\/about.fb.com\/fr\/news\/2017\/05\/facebook-lance-le-forum-des-tpe-pme-en-france\/\"},\"wordCount\":728,\"publisher\":{\"@id\":\"https:\/\/about.fb.com\/fr\/#organization\"},\"image\":{\"@id\":\"https:\/\/about.fb.com\/fr\/news\/2017\/05\/facebook-lance-le-forum-des-tpe-pme-en-france\/#primaryimage\"},\"thumbnailUrl\":\"https:\/\/about.fb.com\/fr\/wp-content\/uploads\/sites\/12\/2017\/05\/forum1-e1495014758165.jpg?fit=4032%2C2691\",\"articleSection\":[\"\u00c9v\u00e8nements\",\"Publicit\u00e9\"],\"inLanguage\":\"fr-FR\"},{\"@type\":\"WebPage\",\"@id\":\"https:\/\/about.fb.com\/fr\/news\/2017\/05\/facebook-lance-le-forum-des-tpe-pme-en-france\/\",\"url\":\"https:\/\/about.fb.com\/fr\/news\/2017\/05\/facebook-lance-le-forum-des-tpe-pme-en-france\/\",\"name\":\"Facebook lance le \u2018Forum des TPE-PME\u2019 en France | \u00c0 propos de Meta\",\"isPartOf\":{\"@id\":\"https:\/\/about.fb.com\/fr\/#website\"},\"primaryImageOfPage\":{\"@id\":\"https:\/\/about.fb.com\/fr\/news\/2017\/05\/facebook-lance-le-forum-des-tpe-pme-en-france\/#primaryimage\"},\"image\":{\"@id\":\"https:\/\/about.fb.com\/fr\/news\/2017\/05\/facebook-lance-le-forum-des-tpe-pme-en-france\/#primaryimage\"},\"thumbnailUrl\":\"https:\/\/about.fb.com\/fr\/wp-content\/uploads\/sites\/12\/2017\/05\/forum1-e1495014758165.jpg?fit=4032%2C2691\",\"datePublished\":\"2017-05-17T09:53:40+00:00\",\"dateModified\":\"2018-02-13T17:36:54+00:00\",\"breadcrumb\":{\"@id\":\"https:\/\/about.fb.com\/fr\/news\/2017\/05\/facebook-lance-le-forum-des-tpe-pme-en-france\/#breadcrumb\"},\"inLanguage\":\"fr-FR\",\"potentialAction\":[{\"@type\":\"ReadAction\",\"target\":[\"https:\/\/about.fb.com\/fr\/news\/2017\/05\/facebook-lance-le-forum-des-tpe-pme-en-france\/\"]}],\"author\":\"\u00c0 propos de Meta\"},{\"@type\":\"ImageObject\",\"inLanguage\":\"fr-FR\",\"@id\":\"https:\/\/about.fb.com\/fr\/news\/2017\/05\/facebook-lance-le-forum-des-tpe-pme-en-france\/#primaryimage\",\"url\":\"https:\/\/about.fb.com\/fr\/wp-content\/uploads\/sites\/12\/2017\/05\/forum1-e1495014758165.jpg?fit=4032%2C2691\",\"contentUrl\":\"https:\/\/about.fb.com\/fr\/wp-content\/uploads\/sites\/12\/2017\/05\/forum1-e1495014758165.jpg?fit=4032%2C2691\",\"width\":4032,\"height\":2691},{\"@type\":\"BreadcrumbList\",\"@id\":\"https:\/\/about.fb.com\/fr\/news\/2017\/05\/facebook-lance-le-forum-des-tpe-pme-en-france\/#breadcrumb\",\"itemListElement\":[{\"@type\":\"ListItem\",\"position\":1,\"name\":\"Home\",\"item\":\"https:\/\/about.fb.com\/fr\/\"},{\"@type\":\"ListItem\",\"position\":2,\"name\":\"Facebook lance le \u2018Forum des TPE-PME\u2019 en France\"}]},{\"@type\":\"WebSite\",\"@id\":\"https:\/\/about.fb.com\/fr\/#website\",\"url\":\"https:\/\/about.fb.com\/news\/\",\"name\":\"\u00c0 propos de Meta\",\"description\":\"\",\"publisher\":{\"@id\":\"https:\/\/about.fb.com\/fr\/#organization\"},\"potentialAction\":[{\"@type\":\"SearchAction\",\"target\":{\"@type\":\"EntryPoint\",\"urlTemplate\":\"https:\/\/about.fb.com\/fr\/?s={search_term_string}\"},\"query-input\":{\"@type\":\"PropertyValueSpecification\",\"valueRequired\":true,\"valueName\":\"search_term_string\"}}],\"inLanguage\":\"fr-FR\",\"alternateName\":[\"Meta Newsroom\",\"Meta\"]},{\"@type\":\"Organization\",\"@id\":\"https:\/\/about.fb.com\/fr\/#organization\",\"name\":\"Meta\",\"url\":\"https:\/\/about.fb.com\/fr\/\",\"logo\":{\"@type\":\"ImageObject\",\"inLanguage\":\"fr-FR\",\"@id\":\"https:\/\/about.fb.com\/fr\/#\/schema\/logo\/image\/\",\"url\":\"https:\/\/about.fb.com\/fr\/wp-content\/uploads\/sites\/12\/2021\/10\/meta-social-16x9-1.jpg?fit=8000%2C4500\",\"contentUrl\":\"https:\/\/about.fb.com\/fr\/wp-content\/uploads\/sites\/12\/2021\/10\/meta-social-16x9-1.jpg?fit=8000%2C4500\",\"width\":8000,\"height\":4500,\"caption\":\"Meta\"},\"image\":{\"@id\":\"https:\/\/about.fb.com\/fr\/#\/schema\/logo\/image\/\"}}]}<\/script>\n<!-- \/ Yoast SEO plugin. -->","yoast_head_json":{"title":"Facebook lance le \u2018Forum des TPE-PME\u2019 en France | \u00c0 propos de Meta","robots":{"index":"index","follow":"follow","max-snippet":"max-snippet:-1","max-image-preview":"max-image-preview:large","max-video-preview":"max-video-preview:-1"},"canonical":"https:\/\/about.fb.com\/fr\/news\/2017\/05\/facebook-lance-le-forum-des-tpe-pme-en-france\/","og_locale":"fr_FR","og_type":"article","og_title":"Facebook lance le \u2018Forum des TPE-PME\u2019 en France | \u00c0 propos de Meta","og_description":"Une \u00e9tude r\u00e9v\u00e8le l\u2019importance des \u00e9changes entre TPE-PME pour s\u2019initier aux nouveaux outils Facebook annonce le lancement du \u2018Forum des TPE-PME\u2019 qui r\u00e9unit douze TPE-PME fran\u00e7aises pour apprendre et \u00e9changer sur leurs enjeux communs. Ces TPE-PME, r\u00e9parties sur tout le territoire fran\u00e7ais, de tailles vari\u00e9es et de secteurs diff\u00e9rents, ont toutes l\u2019ambition de vouloir acc\u00e9l\u00e9rer leur transition digitale. Le Forum se r\u00e9unira deux fois par an et abordera les probl\u00e9matiques sp\u00e9cifiques aux TPE-PME, telles que l\u2019augmentation de la visibilit\u00e9, la relation client, l\u2019augmentation des ventes, le d\u00e9veloppement \u00e0 l\u2019export ou le recrutement de nouveaux collaborateurs. Le r\u00e9cent barom\u00e8tre OCDE \/ Banque Mondiale \/ Facebook, \u00ab\u00a0Future of Business\u00a0\u00bb (mai 2017), souligne que les TPE-PME privil\u00e9gient les rencontres et les \u00e9changes pour s\u2019initier aux nouveaux outils disponibles. R\u00e9sultats du barom\u00e8tre \u00ab\u00a0Future of Business\u00a0\u00bb &#8211; mai 2017 La derni\u00e8re \u00e9dition du barom\u00e8tre \u00ab\u00a0Future of Business\u00a0\u00bb fait ressortir les points suivants\u00a0: Presque un tiers des entreprises fran\u00e7aises interrog\u00e9es (31 %) d\u00e9clarent qu\u2019elles apprennent les unes des autres. Presque la moiti\u00e9 (41 %) des entreprises souhaiterait b\u00e9n\u00e9ficier de conseils dans les domaines du marketing (comment trouver de nouveaux clients, comment les cibler, etc) et de la publicit\u00e9 (quels sont les contenus qui cr\u00e9ent de l\u2019engagement, etc). Plus d\u2019un tiers (36 %) souhaiterait b\u00e9n\u00e9ficier de conseils en marketing digital. Les membres du Forum TPE-PME Voici la liste des premiers membres \u00e0 rejoindre le Forum ainsi que leur secteur d\u2019activit\u00e9 et leur r\u00e9gion d\u2019origine: \u00a0Perus\u00a0(chaussures, Paris),\u00a0Cuisine shop\u00a0(ustensiles de cuisine, Paris),\u00a0Epopia\u00a0(initiation \u00e0 la lecture et \u00e0 l\u2019\u00e9criture pour les enfants, Strasbourg),\u00a0ISKN\u00a0(ardoise num\u00e9rique, Grenoble),\u00a0Soapeo\u00a0(cosm\u00e9tiques, Lille),\u00a0Tammy &amp; Benjamin\u00a0(maroquinerie, Paris),\u00a0Tea Heritage\u00a0(cr\u00e9ations de sachets de th\u00e9, Lyon),\u00a0Pierrot Coquillage\u00a0(restaurant de fruits de mer, Marseille),\u00a0Studio Gaultier\u00a0(coiffeur \/ barbier, Angers),\u00a0La Gourmandise Maison Thomas\u00a0(boulangerie, Bourg-la-Reine),\u00a0Boucherie Albert Ier\u00a0(boucherie, Vannes),\u00a0Golf at home\u00a0(mat\u00e9riel de golf, Lille). Pour retrouver les portraits des TPE-PME et acc\u00e9der aux nombreux outils Facebook qui leur sont d\u00e9di\u00e9s, consultez le site internet d\u00e9di\u00e9 aux TPE-PME. Matthieu Laporte, Responsable d\u00e9partement TPE-PME France et Benelux de Facebook d\u00e9clare\u00a0: \u00ab\u00a0Ce Forum vise \u00e0 r\u00e9pondre aux attentes des TPE-PME. En instaurant un dialogue r\u00e9gulier avec elles, nous pourrons mieux comprendre leurs besoins et leur faire d\u00e9couvrir tout le potentiel des outils num\u00e9riques. Facebook, en tant que plateforme accessible, gratuite et ouverte \u00e0 tous, est devenu un partenaire cl\u00e9 dans la transition digitale et mobile des TPE-PME.\u00a0\u00bb Facebook et les TPE-PME en France Plus d\u20191 million d\u2019entreprises en France disposent d\u2019une page Facebook. Plus d\u20191 utilisateur fran\u00e7ais sur 3 (75%) est connect\u00e9 \u00e0 la page d\u2019une TPE\/PME. En France, 65 % des gens sur Facebook aiment au moins une Page d\u2019entreprise en dehors de l\u2019hexagone. Facebook et les TPE-PME dans le monde\u00a0 Plus de 70 millions d\u2019entreprises disposent d\u2019une page Facebook dans le monde et 8 millions ont un profil business sur Instagram car ces outils sont gratuits, faciles \u00e0 utiliser et parfaitement adapt\u00e9s au format mobile. Pr\u00e8s de 85% des Pages d\u2019entreprises actives utilisent le mobile et 40% des annonceurs actifs ont cr\u00e9\u00e9 une publicit\u00e9 Facebook sur mobile. Sur Instagram, 80% des personnes suivent une marque ou une entreprise. En octobre 2016, pr\u00e8s de 3 millions de TPE-PME ont post\u00e9 une vid\u00e9o (post organique et publicit\u00e9) sur Facebook. Les TPE-PME dans l\u2019\u00e9conomie fran\u00e7aise La France compte plus de 3 millions de TPE-PME (source\u00a0: Rapport Monitor Deloitte janvier 2017) Plus de 99% des entreprises fran\u00e7aises sont des PME (source\u00a0:\u00a0INSEE) 7 Fran\u00e7ais sur 10 ach\u00e8tent et paient en ligne, alors qu\u20191 TPE-PME fran\u00e7aise sur 8 vend sur Internet (source\u00a0: Rapport Monitor Deloitte janvier 2017) Les exportations des PME avec une pr\u00e9sence digitale sont 3 fois plus \u00e9lev\u00e9es que celles des PME non digitalis\u00e9es (source\u00a0: Rapport Monitor Deloitte janvier 2017) Entre 2010 et 2014, les TPE-PME ont \u00e9t\u00e9 \u00e0 l\u2019origine de la cr\u00e9ation d&rsquo;un nouvel emploi sur 3 en France (source\u00a0: Rapport Monitor Deloitte janvier 2017) 1 salari\u00e9 sur 2 travaille dans une TPE-PME en France, soit 7 millions de personnes sur 14 millions, en \u00e9quivalent temps plein (sources\u00a0: INSEE, Les Entreprises en France 2014 (donn\u00e9es 2011) et Etude Ipsos pour Randstad (donn\u00e9es 2016)","og_url":"https:\/\/about.fb.com\/fr\/news\/2017\/05\/facebook-lance-le-forum-des-tpe-pme-en-france\/","og_site_name":"\u00c0 propos de Meta","article_published_time":"2017-05-17T09:53:40+00:00","article_modified_time":"2018-02-13T17:36:54+00:00","og_image":[{"width":1024,"height":683,"url":"https:\/\/about.fb.com\/fr\/wp-content\/uploads\/sites\/12\/2017\/05\/forum1-e1495014758165.jpg?resize=1024,683","type":"image\/jpeg"}],"author":"prgrand","twitter_card":"summary_large_image","twitter_misc":{"Written by":"Meta","Est. reading time":"4 minutes"},"schema":{"@context":"https:\/\/schema.org","@graph":[{"@type":"Article","@id":"https:\/\/about.fb.com\/fr\/news\/2017\/05\/facebook-lance-le-forum-des-tpe-pme-en-france\/#article","isPartOf":{"@id":"https:\/\/about.fb.com\/fr\/news\/2017\/05\/facebook-lance-le-forum-des-tpe-pme-en-france\/"},"author":"Facebook company","headline":"Facebook lance le \u2018Forum des TPE-PME\u2019 en France","datePublished":"2017-05-17T09:53:40+00:00","dateModified":"2018-02-13T17:36:54+00:00","mainEntityOfPage":{"@id":"https:\/\/about.fb.com\/fr\/news\/2017\/05\/facebook-lance-le-forum-des-tpe-pme-en-france\/"},"wordCount":728,"publisher":{"@id":"https:\/\/about.fb.com\/fr\/#organization"},"image":{"@id":"https:\/\/about.fb.com\/fr\/news\/2017\/05\/facebook-lance-le-forum-des-tpe-pme-en-france\/#primaryimage"},"thumbnailUrl":"https:\/\/about.fb.com\/fr\/wp-content\/uploads\/sites\/12\/2017\/05\/forum1-e1495014758165.jpg?fit=4032%2C2691","articleSection":["\u00c9v\u00e8nements","Publicit\u00e9"],"inLanguage":"fr-FR"},{"@type":"WebPage","@id":"https:\/\/about.fb.com\/fr\/news\/2017\/05\/facebook-lance-le-forum-des-tpe-pme-en-france\/","url":"https:\/\/about.fb.com\/fr\/news\/2017\/05\/facebook-lance-le-forum-des-tpe-pme-en-france\/","name":"Facebook lance le \u2018Forum des TPE-PME\u2019 en France | \u00c0 propos de Meta","isPartOf":{"@id":"https:\/\/about.fb.com\/fr\/#website"},"primaryImageOfPage":{"@id":"https:\/\/about.fb.com\/fr\/news\/2017\/05\/facebook-lance-le-forum-des-tpe-pme-en-france\/#primaryimage"},"image":{"@id":"https:\/\/about.fb.com\/fr\/news\/2017\/05\/facebook-lance-le-forum-des-tpe-pme-en-france\/#primaryimage"},"thumbnailUrl":"https:\/\/about.fb.com\/fr\/wp-content\/uploads\/sites\/12\/2017\/05\/forum1-e1495014758165.jpg?fit=4032%2C2691","datePublished":"2017-05-17T09:53:40+00:00","dateModified":"2018-02-13T17:36:54+00:00","breadcrumb":{"@id":"https:\/\/about.fb.com\/fr\/news\/2017\/05\/facebook-lance-le-forum-des-tpe-pme-en-france\/#breadcrumb"},"inLanguage":"fr-FR","potentialAction":[{"@type":"ReadAction","target":["https:\/\/about.fb.com\/fr\/news\/2017\/05\/facebook-lance-le-forum-des-tpe-pme-en-france\/"]}],"author":"\u00c0 propos de Meta"},{"@type":"ImageObject","inLanguage":"fr-FR","@id":"https:\/\/about.fb.com\/fr\/news\/2017\/05\/facebook-lance-le-forum-des-tpe-pme-en-france\/#primaryimage","url":"https:\/\/about.fb.com\/fr\/wp-content\/uploads\/sites\/12\/2017\/05\/forum1-e1495014758165.jpg?fit=4032%2C2691","contentUrl":"https:\/\/about.fb.com\/fr\/wp-content\/uploads\/sites\/12\/2017\/05\/forum1-e1495014758165.jpg?fit=4032%2C2691","width":4032,"height":2691},{"@type":"BreadcrumbList","@id":"https:\/\/about.fb.com\/fr\/news\/2017\/05\/facebook-lance-le-forum-des-tpe-pme-en-france\/#breadcrumb","itemListElement":[{"@type":"ListItem","position":1,"name":"Home","item":"https:\/\/about.fb.com\/fr\/"},{"@type":"ListItem","position":2,"name":"Facebook lance le \u2018Forum des TPE-PME\u2019 en France"}]},{"@type":"WebSite","@id":"https:\/\/about.fb.com\/fr\/#website","url":"https:\/\/about.fb.com\/news\/","name":"\u00c0 propos de Meta","description":"","publisher":{"@id":"https:\/\/about.fb.com\/fr\/#organization"},"potentialAction":[{"@type":"SearchAction","target":{"@type":"EntryPoint","urlTemplate":"https:\/\/about.fb.com\/fr\/?s={search_term_string}"},"query-input":{"@type":"PropertyValueSpecification","valueRequired":true,"valueName":"search_term_string"}}],"inLanguage":"fr-FR","alternateName":["Meta Newsroom","Meta"]},{"@type":"Organization","@id":"https:\/\/about.fb.com\/fr\/#organization","name":"Meta","url":"https:\/\/about.fb.com\/fr\/","logo":{"@type":"ImageObject","inLanguage":"fr-FR","@id":"https:\/\/about.fb.com\/fr\/#\/schema\/logo\/image\/","url":"https:\/\/about.fb.com\/fr\/wp-content\/uploads\/sites\/12\/2021\/10\/meta-social-16x9-1.jpg?fit=8000%2C4500","contentUrl":"https:\/\/about.fb.com\/fr\/wp-content\/uploads\/sites\/12\/2021\/10\/meta-social-16x9-1.jpg?fit=8000%2C4500","width":8000,"height":4500,"caption":"Meta"},"image":{"@id":"https:\/\/about.fb.com\/fr\/#\/schema\/logo\/image\/"}}]}},"jetpack_featured_media_url":"https:\/\/about.fb.com\/fr\/wp-content\/uploads\/sites\/12\/2017\/05\/forum1-e1495014758165.jpg?fit=4032%2C2691","jetpack-related-posts":[],"jetpack_sharing_enabled":true,"amp_enabled":true,"_links":{"self":[{"href":"https:\/\/about.fb.com\/fr\/wp-json\/wp\/v2\/posts\/6136","targetHints":{"allow":["GET"]}}],"collection":[{"href":"https:\/\/about.fb.com\/fr\/wp-json\/wp\/v2\/posts"}],"about":[{"href":"https:\/\/about.fb.com\/fr\/wp-json\/wp\/v2\/types\/post"}],"author":[{"embeddable":true,"href":"https:\/\/about.fb.com\/fr\/wp-json\/wp\/v2\/users\/112028226"}],"replies":[{"embeddable":true,"href":"https:\/\/about.fb.com\/fr\/wp-json\/wp\/v2\/comments?post=6136"}],"version-history":[{"count":7,"href":"https:\/\/about.fb.com\/fr\/wp-json\/wp\/v2\/posts\/6136\/revisions"}],"predecessor-version":[{"id":6145,"href":"https:\/\/about.fb.com\/fr\/wp-json\/wp\/v2\/posts\/6136\/revisions\/6145"}],"wp:featuredmedia":[{"embeddable":true,"href":"https:\/\/about.fb.com\/fr\/wp-json\/wp\/v2\/media\/6140"}],"wp:attachment":[{"href":"https:\/\/about.fb.com\/fr\/wp-json\/wp\/v2\/media?parent=6136"}],"wp:term":[{"taxonomy":"category","embeddable":true,"href":"https:\/\/about.fb.com\/fr\/wp-json\/wp\/v2\/categories?post=6136"},{"taxonomy":"post_tag","embeddable":true,"href":"https:\/\/about.fb.com\/fr\/wp-json\/wp\/v2\/tags?post=6136"}],"curies":[{"name":"wp","href":"https:\/\/api.w.org\/{rel}","templated":true}]}}