{"id":6108,"date":"2017-04-19T21:45:19","date_gmt":"2017-04-19T19:45:19","guid":{"rendered":"http:\/\/fr.newsroom.fb.com\/?p=6108"},"modified":"2020-02-25T06:58:06","modified_gmt":"2020-02-25T05:58:06","slug":"recapitulatif-de-la-2eme-journee-du-f8-2","status":"publish","type":"post","link":"https:\/\/about.fb.com\/fr\/news\/2017\/04\/recapitulatif-de-la-2eme-journee-du-f8-2\/","title":{"rendered":"R\u00e9capitulatif de la 2\u00e8me journ\u00e9e du F8"},"content":{"rendered":"<p style=\"text-align:justify;\">F8 2017, notre grand \u00e9v\u00e9nement annuel r\u00e9unissant d\u00e9veloppeurs et entreprises autour du futur de la technologie, touche \u00e0 sa fin.<\/p>\n<p style=\"text-align:justify;\">Lors de la keynote d\u2019ouverture aujourd\u2019hui, Mike Schroepfer, CTO chez Facebook, a pr\u00e9sent\u00e9 l\u2019objectif que Facebook s\u2019est fix\u00e9 : d\u00e9velopper des technologies donnant les moyens de construire une communaut\u00e9 globale. Pour atteindre ce but, Facebook va se concentrer au cours des 10 prochaines ann\u00e9es sur 3 grands piliers : la connectivit\u00e9, l\u2019intelligence artificielle et la r\u00e9alit\u00e9 virtuelle.<\/p>\n<p style=\"text-align:justify;\"><img data-recalc-dims=\"1\" loading=\"lazy\" decoding=\"async\" class=\"aligncenter size-full wp-image-6114\" src=\"https:\/\/about.fb.com\/fr\/wp-content\/uploads\/sites\/5\/2017\/04\/c26t0174-1-1.jpg?resize=960%2C394\" alt=\"\" width=\"960\" height=\"394\" \/><\/p>\n<p style=\"text-align:justify;\">Voici les points importants \u00e0 retenir de cette journ\u00e9e :<\/p>\n<h5 style=\"text-align:justify;\"><strong>Connectivit\u00e9<\/strong><\/h5>\n<p style=\"text-align:justify;\"><img data-recalc-dims=\"1\" loading=\"lazy\" decoding=\"async\" class=\"aligncenter size-full wp-image-6115\" src=\"https:\/\/about.fb.com\/fr\/wp-content\/uploads\/sites\/5\/2017\/04\/c26t0174-2.jpg?resize=960%2C640\" alt=\"\" width=\"960\" height=\"640\" \/><\/p>\n<p style=\"text-align:justify;\">Plut\u00f4t que de chercher une solution unique de connectivit\u00e9, Facebook investit dans une strat\u00e9gie diversifi\u00e9e. Il s\u2019agit de cr\u00e9er des technologies adapt\u00e9es \u00e0 des situations diff\u00e9rentes qui seront ensuite utilis\u00e9es conjointement de fa\u00e7on \u00e0 cr\u00e9er des r\u00e9seaux flexibles et extensibles. Aujourd\u2019hui, nous avons franchi plusieurs nouvelles \u00e9tapes pour connecter ceux qui n\u2019ont pas encore acc\u00e8s \u00e0 internet et am\u00e9liorer les performances de connexion pour ceux qui y ont acc\u00e8s.<\/p>\n<div class=\"fb-video\" data-allowfullscreen=\"true\" data-href=\"https:\/\/www.facebook.com\/Engineering\/videos\/10155146399822200\/\" style=\"background-color: #fff; display: inline-block;\"><\/div>\n<h5 style=\"text-align:justify;\"><strong>Intelligence artificielle<\/strong><\/h5>\n<p style=\"text-align:justify;\">L\u2019intelligence artificielle est un outil puissant que Facebook utilise pour cr\u00e9er d\u2019incroyables exp\u00e9riences visuelles pour ses utilisateurs.<\/p>\n<p style=\"text-align:justify;\"><img data-recalc-dims=\"1\" loading=\"lazy\" decoding=\"async\" class=\"aligncenter size-full wp-image-6116\" src=\"https:\/\/about.fb.com\/fr\/wp-content\/uploads\/sites\/5\/2017\/04\/joaquin-quincc83onero-candela-f8-2017-1.jpg?resize=960%2C640\" alt=\"\" width=\"960\" height=\"640\" \/><\/p>\n<p style=\"text-align:justify;\">L\u2019IA a r\u00e9volutionn\u00e9 la capacit\u00e9 des ordinateurs \u00e0 traiter et \u00e0 comprendre les images et les vid\u00e9os. On oublie facilement qu\u2019il y a seulement 5 ans, les ordinateurs voyaient les images comme des suites de chiffres, sans signification particuli\u00e8re. Les ordinateurs sont aujourd\u2019hui en mesure de comprendre chacun des pixels qui composent une image. Ces avanc\u00e9es permettent de d\u00e9velopper de nouvelles exp\u00e9riences. Nous travaillons par exemple sur des fa\u00e7ons d\u2019utiliser l\u2019IA pour aider les utilisateurs \u00e0 d\u00e9couvrir les vid\u00e9os qui comptent pour eux.<\/p>\n<p style=\"text-align:justify;\">Nous croyons que l\u2019intelligence artificielle appartient \u00e0 tout le monde. C\u2019est pourquoi nous avons annonc\u00e9 aujourd\u2019hui que nous donnons acc\u00e8s en open-source \u00e0 Caffe2 (un framework permettant de d\u00e9velopper et d\u2019ex\u00e9cuter des algorithmes d\u2019IA sur un t\u00e9l\u00e9phone) et que nous d\u00e9veloppons des partenariats avec Amazon, Intel, Microsoft, NVIDIA, Qualcomm et d\u2019autres.<\/p>\n<p style=\"text-align:justify;\">Une autre fa\u00e7on pour nous d\u2019utiliser cette technologie passe par le d\u00e9veloppement d\u2019appareils photo int\u00e9grant l\u2019IA, sur Facebook, Instagram et Messenger. Gr\u00e2ce \u00e0 l\u2019IA, cet appareil photo est aujourd\u2019hui capable de reconna\u00eetre votre environnement, des personnes, des lieux et des objets. Il peut annoter sur les photos et les vid\u00e9os et les am\u00e9liorer. La nouvelle Camera Effects Platform donne aux d\u00e9veloppeurs des nouveaux outils d\u2019expression.<\/p>\n<h5 style=\"text-align:justify;\"><strong>R\u00e9alit\u00e9 Virtuelle <\/strong><\/h5>\n<p style=\"text-align:justify;\">Facebook investit dans la r\u00e9alit\u00e9 virtuelle sur mobile, sur PC, dans les logiciels et les contenus \u2013 d\u2019Oculus Rift et Gear VR \u00e0 <a href=\"https:\/\/newsroom.fb.com\/news\/2017\/04\/facebook-spaces\/\">Facebook Spaces<\/a>.<\/p>\n<p style=\"text-align:justify;\">Les nouveaux mod\u00e8les de la cam\u00e9ra Surround 360 permettent de faire des vid\u00e9os de haute qualit\u00e9 en r\u00e9alit\u00e9 virtuelle. La nouvelle technologie int\u00e9gr\u00e9e dans cette cam\u00e9ra permet aux utilisateurs de se d\u00e9placer et d\u2019exp\u00e9rimenter diff\u00e9rentes prises de vue. Ce qui signifie que l\u2019utilisateur peut bouger sa t\u00eate et voir la sc\u00e8ne sous diff\u00e9rents angles, procurant un sentiment d\u2019immersion et de profondeur in\u00e9gal\u00e9.<\/p>\n<p style=\"text-align:justify;\"><img data-recalc-dims=\"1\" loading=\"lazy\" decoding=\"async\" class=\"aligncenter size-full wp-image-6117\" src=\"https:\/\/about.fb.com\/fr\/wp-content\/uploads\/sites\/5\/2017\/04\/x24_x6_009_b-1.png?resize=960%2C600\" alt=\"\" width=\"960\" height=\"600\" \/><\/p>\n<h5 style=\"text-align:justify;\"><strong>R\u00e9alit\u00e9 Augment\u00e9e<\/strong><\/h5>\n<p style=\"text-align:justify;\">Au premier jour de F8, Mark Zuckerberg a \u00e9voqu\u00e9 l\u2019appareil photo comme la premi\u00e8re plateforme de r\u00e9alit\u00e9 augment\u00e9e. Michael Abrash, Chief Scientist chez Oculus Research a partag\u00e9 aujourd\u2019hui sa vision d\u2019une r\u00e9alit\u00e9 augment\u00e9e totale \u2013 une r\u00e9alit\u00e9 augment\u00e9e qui am\u00e9liore notre vision et notre audition en la rendant plus l\u00e9g\u00e8re et confortable.<\/p>\n<p style=\"text-align:justify;\">Il a \u00e9galement mentionn\u00e9 le d\u00e9veloppement de l\u2019informatique virtuelle, qui englobe \u00e0 la fois la r\u00e9alit\u00e9 virtuelle et la r\u00e9alit\u00e9 augment\u00e9e, comme la prochaine innovation apr\u00e8s l\u2019informatique personnelle. L\u2019informatique virtuelle commence tout juste \u00e0 se d\u00e9velopper, mais elle nous permettra de transcender le temps et l\u2019espace pour nous permettre de nous connecter les uns avec les autres d\u2019une nouvelle mani\u00e8re.<\/p>\n<p style=\"text-align:justify;\"><img data-recalc-dims=\"1\" loading=\"lazy\" decoding=\"async\" class=\"aligncenter size-full wp-image-6118\" src=\"https:\/\/about.fb.com\/fr\/wp-content\/uploads\/sites\/5\/2017\/04\/michael-abrash-f8-2017-1.jpg?resize=960%2C640\" alt=\"\" width=\"960\" height=\"640\" \/><\/p>\n<p style=\"text-align:justify;\">Afin de rendre l\u2019informatique virtuelle aussi accessible \u00e0 notre vie quotidienne que le sont les smartphones aujourd\u2019hui, nous aurons besoin de la r\u00e9alit\u00e9 augment\u00e9e. Celle-ci se mat\u00e9rialisera probablement \u00e0 travers des lunettes transparentes qui pourront afficher des images superpos\u00e9es sur le monde r\u00e9el.<\/p>\n<p style=\"text-align:justify;\">Les technologies n\u00e9cessaires pour une r\u00e9alit\u00e9 augment\u00e9e totale n\u2019existent pas encore. Il s\u2019agit d\u2019un travail sur le long terme et cela requiert des progr\u00e8s majeurs dans diff\u00e9rents domaines tels que les sciences et le graphisme. A terme, la r\u00e9alit\u00e9 augment\u00e9e aura le potentiel d\u2019am\u00e9liorer presque tous les aspects de notre vie quotidienne, r\u00e9volutionnant notre mani\u00e8re de travailler, de jouer et d\u2019interagir avec les autres.<\/p>\n<h5 style=\"text-align:justify;\"><strong>Building 8<\/strong><\/h5>\n<p><img data-recalc-dims=\"1\" loading=\"lazy\" decoding=\"async\" class=\"aligncenter size-full wp-image-6119\" src=\"https:\/\/about.fb.com\/fr\/wp-content\/uploads\/sites\/5\/2017\/04\/regina-dugan-f8-2017-1.jpg?resize=960%2C640\" alt=\"\" width=\"960\" height=\"640\" \/><\/p>\n<p style=\"text-align:justify;\">Building 8 est l\u2019\u00e9quipe de recherche et d\u00e9veloppement de Facebook qui se concentre sur la conception de nouveaux produits r\u00e9pondant \u00e0 la mission de Facebook.<\/p>\n<p style=\"text-align:justify;\">A F8, nous avons \u00e9galement annonc\u00e9 deux projets techniques destin\u00e9s \u00e0 d\u00e9velopper de nouvelles plateformes de communications innovantes.<\/p>\n<p style=\"text-align:justify;\"><img data-recalc-dims=\"1\" loading=\"lazy\" decoding=\"async\" class=\"aligncenter size-full wp-image-6120\" src=\"https:\/\/about.fb.com\/fr\/wp-content\/uploads\/sites\/5\/2017\/04\/regina-dugan-f8-2017-2-1.jpg?resize=960%2C640\" alt=\"\" width=\"960\" height=\"640\" \/><\/p>\n<p style=\"text-align:justify;\">Nous travaillons actuellement sur un syst\u00e8me qui permettra aux utilisateurs de taper sur le clavier gr\u00e2ce \u00e0 leur cerveau. Plus pr\u00e9cis\u00e9ment, nous avons pour objectif de cr\u00e9er un syst\u00e8me de discours silencieux capable de taper 100 mots par minute et directement command\u00e9 par le cerveau. C\u2019est cinq fois plus rapide que ce que vous tapez aujourd\u2019hui sur votre smartphone. Il ne s\u2019agit pas de d\u00e9coder les pens\u00e9es des utilisateurs. Prenez le plut\u00f4t comme ceci\u00a0: vous prenez beaucoup de photos et choisissez de ne partager que certaines d\u2019entre elles. De m\u00eame que vous choisissez de ne pas partager toutes vos pens\u00e9es. Il s\u2019agit de d\u00e9crypter les mots que vous avez d\u00e9cid\u00e9 de partager en les envoyant \u00e0 votre cerveau.<\/p>\n<h5 style=\"text-align:justify;\">Regarder la keynote du 2\u00e8me jour<\/h5>\n<div class=\"fb-video\" data-allowfullscreen=\"true\" data-href=\"https:\/\/www.facebook.com\/FacebookforDevelopers\/videos\/10154616829398553\/\" style=\"background-color: #fff; display: inline-block;\"><\/div>\n<hr \/>\n<p style=\"text-align:justify;\">Pour plus de d\u00e9tails sur les annonces, vous pouvez consulter\u00a0le\u00a0<a href=\"https:\/\/urldefense.proofpoint.com\/v2\/url?u=https-3A__developers.facebook.com_blog_post_2016_04_12_f8-2D2016-2Ddeveloper-2Droundup_-3F-5F-5Fmref-3Dmessage-5Fbubble&amp;d=DwMF-g&amp;c=qwStF0e4-YFyvjCeML3ehA&amp;r=zS-xHFxBYG6N51uS0rXw5HmsAVJOvuYz8L_duUiVB5o&amp;m=pmmY2f9NM5mWYteVF9kulK7rFLbiOY883xZnejbDEnM&amp;s=6z3Vv9SsBOaJi-SoHCGaRffWLxpvcCSD-PKxu2bDDfY&amp;e=\">Developer Blog<\/a>, le\u00a0<a href=\"https:\/\/urldefense.proofpoint.com\/v2\/url?u=http-3A__media.fb.com_blog_&amp;d=DwMF-g&amp;c=qwStF0e4-YFyvjCeML3ehA&amp;r=zS-xHFxBYG6N51uS0rXw5HmsAVJOvuYz8L_duUiVB5o&amp;m=pmmY2f9NM5mWYteVF9kulK7rFLbiOY883xZnejbDEnM&amp;s=_TzwUobwfkT9EyojltTGFqNCNf0MiYilVsr2li9cKUc&amp;e=\">Media Blog<\/a>\u00a0et l\u2019<a href=\"https:\/\/urldefense.proofpoint.com\/v2\/url?u=https-3A__code.facebook.com_&amp;d=DwMF-g&amp;c=qwStF0e4-YFyvjCeML3ehA&amp;r=zS-xHFxBYG6N51uS0rXw5HmsAVJOvuYz8L_duUiVB5o&amp;m=pmmY2f9NM5mWYteVF9kulK7rFLbiOY883xZnejbDEnM&amp;s=UWV_-TqJ0LCqYPidImYpw-LjXiYrkjAbiyXQD2U1ioQ&amp;e=\">Engineering Blog<\/a>. Vous pouvez \u00e9galement\u00a0regarder toutes les keynotes de la journ\u00e9e sur la\u00a0<a href=\"https:\/\/urldefense.proofpoint.com\/v2\/url?u=https-3A__www.facebook.com_FacebookforDevelopers_&amp;d=DwMF-g&amp;c=qwStF0e4-YFyvjCeML3ehA&amp;r=zS-xHFxBYG6N51uS0rXw5HmsAVJOvuYz8L_duUiVB5o&amp;m=pmmY2f9NM5mWYteVF9kulK7rFLbiOY883xZnejbDEnM&amp;s=sAr40ggzjOcaPDGPnXx9EKkNymhuGKFbLyivcACwlhg&amp;e=\">page Facebook for Developers<\/a> et trouver des informations compl\u00e9mentaires et des visuels sur notre Page\u00a0<a href=\"https:\/\/urldefense.proofpoint.com\/v2\/url?u=https-3A__developers.facebook.com_press&amp;d=DwMF-g&amp;c=qwStF0e4-YFyvjCeML3ehA&amp;r=zS-xHFxBYG6N51uS0rXw5HmsAVJOvuYz8L_duUiVB5o&amp;m=pmmY2f9NM5mWYteVF9kulK7rFLbiOY883xZnejbDEnM&amp;s=ZE_BSrC3sX3PIzJDIWL0u2WoxSM0_r2JaIrgQAJqoZU&amp;e=\">F8 Press<\/a>.<\/p>\n","protected":false},"excerpt":{"rendered":"F8 2017, notre grand \u00e9v\u00e9nement annuel r\u00e9unissant d\u00e9veloppeurs et entreprises autour du futur de la technologie, touche \u00e0 sa fin. Lors de la keynote d\u2019ouverture aujourd\u2019hui, Mike Schroepfer, CTO chez Facebook, a pr\u00e9sent\u00e9 l\u2019objectif que Facebook s\u2019est fix\u00e9 : d\u00e9velopper des technologies donnant les moyens de construire une communaut\u00e9 globale. Pour atteindre ce but, Facebook va se concentrer au cours des 10 prochaines ann\u00e9es sur 3 grands piliers : la connectivit\u00e9, l\u2019intelligence artificielle et la r\u00e9alit\u00e9 virtuelle. Voici les points importants \u00e0 retenir de cette journ\u00e9e : Connectivit\u00e9 Plut\u00f4t que de chercher une solution unique de connectivit\u00e9, Facebook investit dans une strat\u00e9gie diversifi\u00e9e. Il s\u2019agit de cr\u00e9er des technologies adapt\u00e9es \u00e0 des situations diff\u00e9rentes qui seront ensuite utilis\u00e9es conjointement de fa\u00e7on \u00e0 cr\u00e9er des r\u00e9seaux flexibles et extensibles. Aujourd\u2019hui, nous avons franchi plusieurs nouvelles \u00e9tapes pour connecter ceux qui n\u2019ont pas encore acc\u00e8s \u00e0 internet et am\u00e9liorer les performances de connexion pour ceux qui y ont acc\u00e8s. Intelligence artificielle L\u2019intelligence artificielle est un outil puissant que Facebook utilise pour cr\u00e9er d\u2019incroyables exp\u00e9riences visuelles pour ses utilisateurs. L\u2019IA a r\u00e9volutionn\u00e9 la capacit\u00e9 des ordinateurs \u00e0 traiter et \u00e0 comprendre les images et les vid\u00e9os. On oublie facilement qu\u2019il y a seulement 5 ans, les ordinateurs voyaient les images comme des suites de chiffres, sans signification particuli\u00e8re. Les ordinateurs sont aujourd\u2019hui en mesure de comprendre chacun des pixels qui composent une image. Ces avanc\u00e9es permettent de d\u00e9velopper de nouvelles exp\u00e9riences. Nous travaillons par exemple sur des fa\u00e7ons d\u2019utiliser l\u2019IA pour aider les utilisateurs \u00e0 d\u00e9couvrir les vid\u00e9os qui comptent pour eux. Nous croyons que l\u2019intelligence artificielle appartient \u00e0 tout le monde. C\u2019est pourquoi nous avons annonc\u00e9 aujourd\u2019hui que nous donnons acc\u00e8s en open-source \u00e0 Caffe2 (un framework permettant de d\u00e9velopper et d\u2019ex\u00e9cuter des algorithmes d\u2019IA sur un t\u00e9l\u00e9phone) et que nous d\u00e9veloppons des partenariats avec Amazon, Intel, Microsoft, NVIDIA, Qualcomm et d\u2019autres. Une autre fa\u00e7on pour nous d\u2019utiliser cette technologie passe par le d\u00e9veloppement d\u2019appareils photo int\u00e9grant l\u2019IA, sur Facebook, Instagram et Messenger. Gr\u00e2ce \u00e0 l\u2019IA, cet appareil photo est aujourd\u2019hui capable de reconna\u00eetre votre environnement, des personnes, des lieux et des objets. Il peut annoter sur les photos et les vid\u00e9os et les am\u00e9liorer. La nouvelle Camera Effects Platform donne aux d\u00e9veloppeurs des nouveaux outils d\u2019expression. R\u00e9alit\u00e9 Virtuelle Facebook investit dans la r\u00e9alit\u00e9 virtuelle sur mobile, sur PC, dans les logiciels et les contenus \u2013 d\u2019Oculus Rift et Gear VR \u00e0 Facebook Spaces. Les nouveaux mod\u00e8les de la cam\u00e9ra Surround 360 permettent de faire des vid\u00e9os de haute qualit\u00e9 en r\u00e9alit\u00e9 virtuelle. La nouvelle technologie int\u00e9gr\u00e9e dans cette cam\u00e9ra permet aux utilisateurs de se d\u00e9placer et d\u2019exp\u00e9rimenter diff\u00e9rentes prises de vue. Ce qui signifie que l\u2019utilisateur peut bouger sa t\u00eate et voir la sc\u00e8ne sous diff\u00e9rents angles, procurant un sentiment d\u2019immersion et de profondeur in\u00e9gal\u00e9. R\u00e9alit\u00e9 Augment\u00e9e Au premier jour de F8, Mark Zuckerberg a \u00e9voqu\u00e9 l\u2019appareil photo comme la premi\u00e8re plateforme de r\u00e9alit\u00e9 augment\u00e9e. Michael Abrash, Chief Scientist chez Oculus Research a partag\u00e9 aujourd\u2019hui sa vision d\u2019une r\u00e9alit\u00e9 augment\u00e9e totale \u2013 une r\u00e9alit\u00e9 augment\u00e9e qui am\u00e9liore notre vision et notre audition en la rendant plus l\u00e9g\u00e8re et confortable. Il a \u00e9galement mentionn\u00e9 le d\u00e9veloppement de l\u2019informatique virtuelle, qui englobe \u00e0 la fois la r\u00e9alit\u00e9 virtuelle et la r\u00e9alit\u00e9 augment\u00e9e, comme la prochaine innovation apr\u00e8s l\u2019informatique personnelle. L\u2019informatique virtuelle commence tout juste \u00e0 se d\u00e9velopper, mais elle nous permettra de transcender le temps et l\u2019espace pour nous permettre de nous connecter les uns avec les autres d\u2019une nouvelle mani\u00e8re. Afin de rendre l\u2019informatique virtuelle aussi accessible \u00e0 notre vie quotidienne que le sont les smartphones aujourd\u2019hui, nous aurons besoin de la r\u00e9alit\u00e9 augment\u00e9e. Celle-ci se mat\u00e9rialisera probablement \u00e0 travers des lunettes transparentes qui pourront afficher des images superpos\u00e9es sur le monde r\u00e9el. Les technologies n\u00e9cessaires pour une r\u00e9alit\u00e9 augment\u00e9e totale n\u2019existent pas encore. Il s\u2019agit d\u2019un travail sur le long terme et cela requiert des progr\u00e8s majeurs dans diff\u00e9rents domaines tels que les sciences et le graphisme. A terme, la r\u00e9alit\u00e9 augment\u00e9e aura le potentiel d\u2019am\u00e9liorer presque tous les aspects de notre vie quotidienne, r\u00e9volutionnant notre mani\u00e8re de travailler, de jouer et d\u2019interagir avec les autres. Building 8 Building 8 est l\u2019\u00e9quipe de recherche et d\u00e9veloppement de Facebook qui se concentre sur la conception de nouveaux produits r\u00e9pondant \u00e0 la mission de Facebook. A F8, nous avons \u00e9galement annonc\u00e9 deux projets techniques destin\u00e9s \u00e0 d\u00e9velopper de nouvelles plateformes de communications innovantes. Nous travaillons actuellement sur un syst\u00e8me qui permettra aux utilisateurs de taper sur le clavier gr\u00e2ce \u00e0 leur cerveau. Plus pr\u00e9cis\u00e9ment, nous avons pour objectif de cr\u00e9er un syst\u00e8me de discours silencieux capable de taper 100 mots par minute et directement command\u00e9 par le cerveau. C\u2019est cinq fois plus rapide que ce que vous tapez aujourd\u2019hui sur votre smartphone. Il ne s\u2019agit pas de d\u00e9coder les pens\u00e9es des utilisateurs. Prenez le plut\u00f4t comme ceci\u00a0: vous prenez beaucoup de photos et choisissez de ne partager que certaines d\u2019entre elles. De m\u00eame que vous choisissez de ne pas partager toutes vos pens\u00e9es. Il s\u2019agit de d\u00e9crypter les mots que vous avez d\u00e9cid\u00e9 de partager en les envoyant \u00e0 votre cerveau. Regarder la keynote du 2\u00e8me jour Pour plus de d\u00e9tails sur les annonces, vous pouvez consulter\u00a0le\u00a0Developer Blog, le\u00a0Media Blog\u00a0et l\u2019Engineering Blog. Vous pouvez \u00e9galement\u00a0regarder toutes les keynotes de la journ\u00e9e sur la\u00a0page Facebook for Developers et trouver des informations compl\u00e9mentaires et des visuels sur notre Page\u00a0F8 Press.","protected":false},"author":112028226,"featured_media":6113,"comment_status":"closed","ping_status":"closed","sticky":false,"template":"","format":"standard","meta":{"_jetpack_memberships_contains_paid_content":false,"footnotes":""},"categories":[243897990,19698],"tags":[],"class_list":["post-6108","post","type-post","status-publish","format-standard","has-post-thumbnail","hentry","category-actualites","category-evenements"],"yoast_head":"<!-- This site is optimized with the Yoast SEO plugin v27.2 - https:\/\/yoast.com\/product\/yoast-seo-wordpress\/ -->\n<title>R\u00e9capitulatif de la 2\u00e8me journ\u00e9e du F8 | \u00c0 propos de Meta<\/title>\n<meta name=\"robots\" content=\"index, follow, max-snippet:-1, max-image-preview:large, max-video-preview:-1\" \/>\n<link rel=\"canonical\" href=\"https:\/\/about.fb.com\/fr\/news\/2017\/04\/recapitulatif-de-la-2eme-journee-du-f8-2\/\" \/>\n<meta property=\"og:locale\" content=\"fr_FR\" \/>\n<meta property=\"og:type\" content=\"article\" \/>\n<meta property=\"og:title\" content=\"R\u00e9capitulatif de la 2\u00e8me journ\u00e9e du F8 | \u00c0 propos de Meta\" \/>\n<meta property=\"og:description\" content=\"F8 2017, notre grand \u00e9v\u00e9nement annuel r\u00e9unissant d\u00e9veloppeurs et entreprises autour du futur de la technologie, touche \u00e0 sa fin. Lors de la keynote d\u2019ouverture aujourd\u2019hui, Mike Schroepfer, CTO chez Facebook, a pr\u00e9sent\u00e9 l\u2019objectif que Facebook s\u2019est fix\u00e9 : d\u00e9velopper des technologies donnant les moyens de construire une communaut\u00e9 globale. Pour atteindre ce but, Facebook va se concentrer au cours des 10 prochaines ann\u00e9es sur 3 grands piliers : la connectivit\u00e9, l\u2019intelligence artificielle et la r\u00e9alit\u00e9 virtuelle. Voici les points importants \u00e0 retenir de cette journ\u00e9e : Connectivit\u00e9 Plut\u00f4t que de chercher une solution unique de connectivit\u00e9, Facebook investit dans une strat\u00e9gie diversifi\u00e9e. Il s\u2019agit de cr\u00e9er des technologies adapt\u00e9es \u00e0 des situations diff\u00e9rentes qui seront ensuite utilis\u00e9es conjointement de fa\u00e7on \u00e0 cr\u00e9er des r\u00e9seaux flexibles et extensibles. Aujourd\u2019hui, nous avons franchi plusieurs nouvelles \u00e9tapes pour connecter ceux qui n\u2019ont pas encore acc\u00e8s \u00e0 internet et am\u00e9liorer les performances de connexion pour ceux qui y ont acc\u00e8s. Intelligence artificielle L\u2019intelligence artificielle est un outil puissant que Facebook utilise pour cr\u00e9er d\u2019incroyables exp\u00e9riences visuelles pour ses utilisateurs. L\u2019IA a r\u00e9volutionn\u00e9 la capacit\u00e9 des ordinateurs \u00e0 traiter et \u00e0 comprendre les images et les vid\u00e9os. On oublie facilement qu\u2019il y a seulement 5 ans, les ordinateurs voyaient les images comme des suites de chiffres, sans signification particuli\u00e8re. Les ordinateurs sont aujourd\u2019hui en mesure de comprendre chacun des pixels qui composent une image. Ces avanc\u00e9es permettent de d\u00e9velopper de nouvelles exp\u00e9riences. Nous travaillons par exemple sur des fa\u00e7ons d\u2019utiliser l\u2019IA pour aider les utilisateurs \u00e0 d\u00e9couvrir les vid\u00e9os qui comptent pour eux. Nous croyons que l\u2019intelligence artificielle appartient \u00e0 tout le monde. C\u2019est pourquoi nous avons annonc\u00e9 aujourd\u2019hui que nous donnons acc\u00e8s en open-source \u00e0 Caffe2 (un framework permettant de d\u00e9velopper et d\u2019ex\u00e9cuter des algorithmes d\u2019IA sur un t\u00e9l\u00e9phone) et que nous d\u00e9veloppons des partenariats avec Amazon, Intel, Microsoft, NVIDIA, Qualcomm et d\u2019autres. Une autre fa\u00e7on pour nous d\u2019utiliser cette technologie passe par le d\u00e9veloppement d\u2019appareils photo int\u00e9grant l\u2019IA, sur Facebook, Instagram et Messenger. Gr\u00e2ce \u00e0 l\u2019IA, cet appareil photo est aujourd\u2019hui capable de reconna\u00eetre votre environnement, des personnes, des lieux et des objets. Il peut annoter sur les photos et les vid\u00e9os et les am\u00e9liorer. La nouvelle Camera Effects Platform donne aux d\u00e9veloppeurs des nouveaux outils d\u2019expression. R\u00e9alit\u00e9 Virtuelle Facebook investit dans la r\u00e9alit\u00e9 virtuelle sur mobile, sur PC, dans les logiciels et les contenus \u2013 d\u2019Oculus Rift et Gear VR \u00e0 Facebook Spaces. Les nouveaux mod\u00e8les de la cam\u00e9ra Surround 360 permettent de faire des vid\u00e9os de haute qualit\u00e9 en r\u00e9alit\u00e9 virtuelle. La nouvelle technologie int\u00e9gr\u00e9e dans cette cam\u00e9ra permet aux utilisateurs de se d\u00e9placer et d\u2019exp\u00e9rimenter diff\u00e9rentes prises de vue. Ce qui signifie que l\u2019utilisateur peut bouger sa t\u00eate et voir la sc\u00e8ne sous diff\u00e9rents angles, procurant un sentiment d\u2019immersion et de profondeur in\u00e9gal\u00e9. R\u00e9alit\u00e9 Augment\u00e9e Au premier jour de F8, Mark Zuckerberg a \u00e9voqu\u00e9 l\u2019appareil photo comme la premi\u00e8re plateforme de r\u00e9alit\u00e9 augment\u00e9e. Michael Abrash, Chief Scientist chez Oculus Research a partag\u00e9 aujourd\u2019hui sa vision d\u2019une r\u00e9alit\u00e9 augment\u00e9e totale \u2013 une r\u00e9alit\u00e9 augment\u00e9e qui am\u00e9liore notre vision et notre audition en la rendant plus l\u00e9g\u00e8re et confortable. Il a \u00e9galement mentionn\u00e9 le d\u00e9veloppement de l\u2019informatique virtuelle, qui englobe \u00e0 la fois la r\u00e9alit\u00e9 virtuelle et la r\u00e9alit\u00e9 augment\u00e9e, comme la prochaine innovation apr\u00e8s l\u2019informatique personnelle. L\u2019informatique virtuelle commence tout juste \u00e0 se d\u00e9velopper, mais elle nous permettra de transcender le temps et l\u2019espace pour nous permettre de nous connecter les uns avec les autres d\u2019une nouvelle mani\u00e8re. Afin de rendre l\u2019informatique virtuelle aussi accessible \u00e0 notre vie quotidienne que le sont les smartphones aujourd\u2019hui, nous aurons besoin de la r\u00e9alit\u00e9 augment\u00e9e. Celle-ci se mat\u00e9rialisera probablement \u00e0 travers des lunettes transparentes qui pourront afficher des images superpos\u00e9es sur le monde r\u00e9el. Les technologies n\u00e9cessaires pour une r\u00e9alit\u00e9 augment\u00e9e totale n\u2019existent pas encore. Il s\u2019agit d\u2019un travail sur le long terme et cela requiert des progr\u00e8s majeurs dans diff\u00e9rents domaines tels que les sciences et le graphisme. A terme, la r\u00e9alit\u00e9 augment\u00e9e aura le potentiel d\u2019am\u00e9liorer presque tous les aspects de notre vie quotidienne, r\u00e9volutionnant notre mani\u00e8re de travailler, de jouer et d\u2019interagir avec les autres. Building 8 Building 8 est l\u2019\u00e9quipe de recherche et d\u00e9veloppement de Facebook qui se concentre sur la conception de nouveaux produits r\u00e9pondant \u00e0 la mission de Facebook. A F8, nous avons \u00e9galement annonc\u00e9 deux projets techniques destin\u00e9s \u00e0 d\u00e9velopper de nouvelles plateformes de communications innovantes. Nous travaillons actuellement sur un syst\u00e8me qui permettra aux utilisateurs de taper sur le clavier gr\u00e2ce \u00e0 leur cerveau. Plus pr\u00e9cis\u00e9ment, nous avons pour objectif de cr\u00e9er un syst\u00e8me de discours silencieux capable de taper 100 mots par minute et directement command\u00e9 par le cerveau. C\u2019est cinq fois plus rapide que ce que vous tapez aujourd\u2019hui sur votre smartphone. Il ne s\u2019agit pas de d\u00e9coder les pens\u00e9es des utilisateurs. Prenez le plut\u00f4t comme ceci\u00a0: vous prenez beaucoup de photos et choisissez de ne partager que certaines d\u2019entre elles. De m\u00eame que vous choisissez de ne pas partager toutes vos pens\u00e9es. Il s\u2019agit de d\u00e9crypter les mots que vous avez d\u00e9cid\u00e9 de partager en les envoyant \u00e0 votre cerveau. Regarder la keynote du 2\u00e8me jour Pour plus de d\u00e9tails sur les annonces, vous pouvez consulter\u00a0le\u00a0Developer Blog, le\u00a0Media Blog\u00a0et l\u2019Engineering Blog. Vous pouvez \u00e9galement\u00a0regarder toutes les keynotes de la journ\u00e9e sur la\u00a0page Facebook for Developers et trouver des informations compl\u00e9mentaires et des visuels sur notre Page\u00a0F8 Press.\" \/>\n<meta property=\"og:url\" content=\"https:\/\/about.fb.com\/fr\/news\/2017\/04\/recapitulatif-de-la-2eme-journee-du-f8-2\/\" \/>\n<meta property=\"og:site_name\" content=\"\u00c0 propos de Meta\" \/>\n<meta property=\"article:published_time\" content=\"2017-04-19T19:45:19+00:00\" \/>\n<meta property=\"article:modified_time\" content=\"2020-02-25T05:58:06+00:00\" \/>\n<meta property=\"og:image\" content=\"https:\/\/about.fb.com\/fr\/wp-content\/uploads\/sites\/12\/2017\/04\/mike-shroepfer-f8-2018-day-21.jpg?fit=960%2C640\" \/>\n\t<meta property=\"og:image:width\" content=\"960\" \/>\n\t<meta property=\"og:image:height\" content=\"640\" \/>\n\t<meta property=\"og:image:type\" content=\"image\/jpeg\" \/>\n<meta name=\"author\" content=\"prgrand\" \/>\n<meta name=\"twitter:card\" content=\"summary_large_image\" \/>\n<meta name=\"twitter:label1\" content=\"Written by\" \/>\n\t<meta name=\"twitter:data1\" content=\"Meta\" \/>\n\t<meta name=\"twitter:label2\" content=\"Est. reading time\" \/>\n\t<meta name=\"twitter:data2\" content=\"5 minutes\" \/>\n<script type=\"application\/ld+json\" class=\"yoast-schema-graph\">{\"@context\":\"https:\/\/schema.org\",\"@graph\":[{\"@type\":\"Article\",\"@id\":\"https:\/\/about.fb.com\/fr\/news\/2017\/04\/recapitulatif-de-la-2eme-journee-du-f8-2\/#article\",\"isPartOf\":{\"@id\":\"https:\/\/about.fb.com\/fr\/news\/2017\/04\/recapitulatif-de-la-2eme-journee-du-f8-2\/\"},\"author\":\"Facebook company\",\"headline\":\"R\u00e9capitulatif de la 2\u00e8me journ\u00e9e du F8\",\"datePublished\":\"2017-04-19T19:45:19+00:00\",\"dateModified\":\"2020-02-25T05:58:06+00:00\",\"mainEntityOfPage\":{\"@id\":\"https:\/\/about.fb.com\/fr\/news\/2017\/04\/recapitulatif-de-la-2eme-journee-du-f8-2\/\"},\"wordCount\":1063,\"publisher\":{\"@id\":\"https:\/\/about.fb.com\/fr\/#organization\"},\"image\":{\"@id\":\"https:\/\/about.fb.com\/fr\/news\/2017\/04\/recapitulatif-de-la-2eme-journee-du-f8-2\/#primaryimage\"},\"thumbnailUrl\":\"https:\/\/about.fb.com\/fr\/wp-content\/uploads\/sites\/12\/2017\/04\/mike-shroepfer-f8-2018-day-21.jpg?fit=960%2C640\",\"articleSection\":[\"Actualit\u00e9s\",\"\u00c9v\u00e8nements\"],\"inLanguage\":\"fr-FR\"},{\"@type\":\"WebPage\",\"@id\":\"https:\/\/about.fb.com\/fr\/news\/2017\/04\/recapitulatif-de-la-2eme-journee-du-f8-2\/\",\"url\":\"https:\/\/about.fb.com\/fr\/news\/2017\/04\/recapitulatif-de-la-2eme-journee-du-f8-2\/\",\"name\":\"R\u00e9capitulatif de la 2\u00e8me journ\u00e9e du F8 | \u00c0 propos de Meta\",\"isPartOf\":{\"@id\":\"https:\/\/about.fb.com\/fr\/#website\"},\"primaryImageOfPage\":{\"@id\":\"https:\/\/about.fb.com\/fr\/news\/2017\/04\/recapitulatif-de-la-2eme-journee-du-f8-2\/#primaryimage\"},\"image\":{\"@id\":\"https:\/\/about.fb.com\/fr\/news\/2017\/04\/recapitulatif-de-la-2eme-journee-du-f8-2\/#primaryimage\"},\"thumbnailUrl\":\"https:\/\/about.fb.com\/fr\/wp-content\/uploads\/sites\/12\/2017\/04\/mike-shroepfer-f8-2018-day-21.jpg?fit=960%2C640\",\"datePublished\":\"2017-04-19T19:45:19+00:00\",\"dateModified\":\"2020-02-25T05:58:06+00:00\",\"breadcrumb\":{\"@id\":\"https:\/\/about.fb.com\/fr\/news\/2017\/04\/recapitulatif-de-la-2eme-journee-du-f8-2\/#breadcrumb\"},\"inLanguage\":\"fr-FR\",\"potentialAction\":[{\"@type\":\"ReadAction\",\"target\":[\"https:\/\/about.fb.com\/fr\/news\/2017\/04\/recapitulatif-de-la-2eme-journee-du-f8-2\/\"]}],\"author\":\"\u00c0 propos de Meta\"},{\"@type\":\"ImageObject\",\"inLanguage\":\"fr-FR\",\"@id\":\"https:\/\/about.fb.com\/fr\/news\/2017\/04\/recapitulatif-de-la-2eme-journee-du-f8-2\/#primaryimage\",\"url\":\"https:\/\/about.fb.com\/fr\/wp-content\/uploads\/sites\/12\/2017\/04\/mike-shroepfer-f8-2018-day-21.jpg?fit=960%2C640\",\"contentUrl\":\"https:\/\/about.fb.com\/fr\/wp-content\/uploads\/sites\/12\/2017\/04\/mike-shroepfer-f8-2018-day-21.jpg?fit=960%2C640\",\"width\":960,\"height\":640},{\"@type\":\"BreadcrumbList\",\"@id\":\"https:\/\/about.fb.com\/fr\/news\/2017\/04\/recapitulatif-de-la-2eme-journee-du-f8-2\/#breadcrumb\",\"itemListElement\":[{\"@type\":\"ListItem\",\"position\":1,\"name\":\"Home\",\"item\":\"https:\/\/about.fb.com\/fr\/\"},{\"@type\":\"ListItem\",\"position\":2,\"name\":\"R\u00e9capitulatif de la 2\u00e8me journ\u00e9e du F8\"}]},{\"@type\":\"WebSite\",\"@id\":\"https:\/\/about.fb.com\/fr\/#website\",\"url\":\"https:\/\/about.fb.com\/news\/\",\"name\":\"\u00c0 propos de Meta\",\"description\":\"\",\"publisher\":{\"@id\":\"https:\/\/about.fb.com\/fr\/#organization\"},\"potentialAction\":[{\"@type\":\"SearchAction\",\"target\":{\"@type\":\"EntryPoint\",\"urlTemplate\":\"https:\/\/about.fb.com\/fr\/?s={search_term_string}\"},\"query-input\":{\"@type\":\"PropertyValueSpecification\",\"valueRequired\":true,\"valueName\":\"search_term_string\"}}],\"inLanguage\":\"fr-FR\",\"alternateName\":[\"Meta Newsroom\",\"Meta\"]},{\"@type\":\"Organization\",\"@id\":\"https:\/\/about.fb.com\/fr\/#organization\",\"name\":\"Meta\",\"url\":\"https:\/\/about.fb.com\/fr\/\",\"logo\":{\"@type\":\"ImageObject\",\"inLanguage\":\"fr-FR\",\"@id\":\"https:\/\/about.fb.com\/fr\/#\/schema\/logo\/image\/\",\"url\":\"https:\/\/about.fb.com\/fr\/wp-content\/uploads\/sites\/12\/2021\/10\/meta-social-16x9-1.jpg?fit=8000%2C4500\",\"contentUrl\":\"https:\/\/about.fb.com\/fr\/wp-content\/uploads\/sites\/12\/2021\/10\/meta-social-16x9-1.jpg?fit=8000%2C4500\",\"width\":8000,\"height\":4500,\"caption\":\"Meta\"},\"image\":{\"@id\":\"https:\/\/about.fb.com\/fr\/#\/schema\/logo\/image\/\"}}]}<\/script>\n<!-- \/ Yoast SEO plugin. -->","yoast_head_json":{"title":"R\u00e9capitulatif de la 2\u00e8me journ\u00e9e du F8 | \u00c0 propos de Meta","robots":{"index":"index","follow":"follow","max-snippet":"max-snippet:-1","max-image-preview":"max-image-preview:large","max-video-preview":"max-video-preview:-1"},"canonical":"https:\/\/about.fb.com\/fr\/news\/2017\/04\/recapitulatif-de-la-2eme-journee-du-f8-2\/","og_locale":"fr_FR","og_type":"article","og_title":"R\u00e9capitulatif de la 2\u00e8me journ\u00e9e du F8 | \u00c0 propos de Meta","og_description":"F8 2017, notre grand \u00e9v\u00e9nement annuel r\u00e9unissant d\u00e9veloppeurs et entreprises autour du futur de la technologie, touche \u00e0 sa fin. Lors de la keynote d\u2019ouverture aujourd\u2019hui, Mike Schroepfer, CTO chez Facebook, a pr\u00e9sent\u00e9 l\u2019objectif que Facebook s\u2019est fix\u00e9 : d\u00e9velopper des technologies donnant les moyens de construire une communaut\u00e9 globale. Pour atteindre ce but, Facebook va se concentrer au cours des 10 prochaines ann\u00e9es sur 3 grands piliers : la connectivit\u00e9, l\u2019intelligence artificielle et la r\u00e9alit\u00e9 virtuelle. Voici les points importants \u00e0 retenir de cette journ\u00e9e : Connectivit\u00e9 Plut\u00f4t que de chercher une solution unique de connectivit\u00e9, Facebook investit dans une strat\u00e9gie diversifi\u00e9e. Il s\u2019agit de cr\u00e9er des technologies adapt\u00e9es \u00e0 des situations diff\u00e9rentes qui seront ensuite utilis\u00e9es conjointement de fa\u00e7on \u00e0 cr\u00e9er des r\u00e9seaux flexibles et extensibles. Aujourd\u2019hui, nous avons franchi plusieurs nouvelles \u00e9tapes pour connecter ceux qui n\u2019ont pas encore acc\u00e8s \u00e0 internet et am\u00e9liorer les performances de connexion pour ceux qui y ont acc\u00e8s. Intelligence artificielle L\u2019intelligence artificielle est un outil puissant que Facebook utilise pour cr\u00e9er d\u2019incroyables exp\u00e9riences visuelles pour ses utilisateurs. L\u2019IA a r\u00e9volutionn\u00e9 la capacit\u00e9 des ordinateurs \u00e0 traiter et \u00e0 comprendre les images et les vid\u00e9os. On oublie facilement qu\u2019il y a seulement 5 ans, les ordinateurs voyaient les images comme des suites de chiffres, sans signification particuli\u00e8re. Les ordinateurs sont aujourd\u2019hui en mesure de comprendre chacun des pixels qui composent une image. Ces avanc\u00e9es permettent de d\u00e9velopper de nouvelles exp\u00e9riences. Nous travaillons par exemple sur des fa\u00e7ons d\u2019utiliser l\u2019IA pour aider les utilisateurs \u00e0 d\u00e9couvrir les vid\u00e9os qui comptent pour eux. Nous croyons que l\u2019intelligence artificielle appartient \u00e0 tout le monde. C\u2019est pourquoi nous avons annonc\u00e9 aujourd\u2019hui que nous donnons acc\u00e8s en open-source \u00e0 Caffe2 (un framework permettant de d\u00e9velopper et d\u2019ex\u00e9cuter des algorithmes d\u2019IA sur un t\u00e9l\u00e9phone) et que nous d\u00e9veloppons des partenariats avec Amazon, Intel, Microsoft, NVIDIA, Qualcomm et d\u2019autres. Une autre fa\u00e7on pour nous d\u2019utiliser cette technologie passe par le d\u00e9veloppement d\u2019appareils photo int\u00e9grant l\u2019IA, sur Facebook, Instagram et Messenger. Gr\u00e2ce \u00e0 l\u2019IA, cet appareil photo est aujourd\u2019hui capable de reconna\u00eetre votre environnement, des personnes, des lieux et des objets. Il peut annoter sur les photos et les vid\u00e9os et les am\u00e9liorer. La nouvelle Camera Effects Platform donne aux d\u00e9veloppeurs des nouveaux outils d\u2019expression. R\u00e9alit\u00e9 Virtuelle Facebook investit dans la r\u00e9alit\u00e9 virtuelle sur mobile, sur PC, dans les logiciels et les contenus \u2013 d\u2019Oculus Rift et Gear VR \u00e0 Facebook Spaces. Les nouveaux mod\u00e8les de la cam\u00e9ra Surround 360 permettent de faire des vid\u00e9os de haute qualit\u00e9 en r\u00e9alit\u00e9 virtuelle. La nouvelle technologie int\u00e9gr\u00e9e dans cette cam\u00e9ra permet aux utilisateurs de se d\u00e9placer et d\u2019exp\u00e9rimenter diff\u00e9rentes prises de vue. Ce qui signifie que l\u2019utilisateur peut bouger sa t\u00eate et voir la sc\u00e8ne sous diff\u00e9rents angles, procurant un sentiment d\u2019immersion et de profondeur in\u00e9gal\u00e9. R\u00e9alit\u00e9 Augment\u00e9e Au premier jour de F8, Mark Zuckerberg a \u00e9voqu\u00e9 l\u2019appareil photo comme la premi\u00e8re plateforme de r\u00e9alit\u00e9 augment\u00e9e. Michael Abrash, Chief Scientist chez Oculus Research a partag\u00e9 aujourd\u2019hui sa vision d\u2019une r\u00e9alit\u00e9 augment\u00e9e totale \u2013 une r\u00e9alit\u00e9 augment\u00e9e qui am\u00e9liore notre vision et notre audition en la rendant plus l\u00e9g\u00e8re et confortable. Il a \u00e9galement mentionn\u00e9 le d\u00e9veloppement de l\u2019informatique virtuelle, qui englobe \u00e0 la fois la r\u00e9alit\u00e9 virtuelle et la r\u00e9alit\u00e9 augment\u00e9e, comme la prochaine innovation apr\u00e8s l\u2019informatique personnelle. L\u2019informatique virtuelle commence tout juste \u00e0 se d\u00e9velopper, mais elle nous permettra de transcender le temps et l\u2019espace pour nous permettre de nous connecter les uns avec les autres d\u2019une nouvelle mani\u00e8re. Afin de rendre l\u2019informatique virtuelle aussi accessible \u00e0 notre vie quotidienne que le sont les smartphones aujourd\u2019hui, nous aurons besoin de la r\u00e9alit\u00e9 augment\u00e9e. Celle-ci se mat\u00e9rialisera probablement \u00e0 travers des lunettes transparentes qui pourront afficher des images superpos\u00e9es sur le monde r\u00e9el. Les technologies n\u00e9cessaires pour une r\u00e9alit\u00e9 augment\u00e9e totale n\u2019existent pas encore. Il s\u2019agit d\u2019un travail sur le long terme et cela requiert des progr\u00e8s majeurs dans diff\u00e9rents domaines tels que les sciences et le graphisme. A terme, la r\u00e9alit\u00e9 augment\u00e9e aura le potentiel d\u2019am\u00e9liorer presque tous les aspects de notre vie quotidienne, r\u00e9volutionnant notre mani\u00e8re de travailler, de jouer et d\u2019interagir avec les autres. Building 8 Building 8 est l\u2019\u00e9quipe de recherche et d\u00e9veloppement de Facebook qui se concentre sur la conception de nouveaux produits r\u00e9pondant \u00e0 la mission de Facebook. A F8, nous avons \u00e9galement annonc\u00e9 deux projets techniques destin\u00e9s \u00e0 d\u00e9velopper de nouvelles plateformes de communications innovantes. Nous travaillons actuellement sur un syst\u00e8me qui permettra aux utilisateurs de taper sur le clavier gr\u00e2ce \u00e0 leur cerveau. Plus pr\u00e9cis\u00e9ment, nous avons pour objectif de cr\u00e9er un syst\u00e8me de discours silencieux capable de taper 100 mots par minute et directement command\u00e9 par le cerveau. C\u2019est cinq fois plus rapide que ce que vous tapez aujourd\u2019hui sur votre smartphone. Il ne s\u2019agit pas de d\u00e9coder les pens\u00e9es des utilisateurs. Prenez le plut\u00f4t comme ceci\u00a0: vous prenez beaucoup de photos et choisissez de ne partager que certaines d\u2019entre elles. De m\u00eame que vous choisissez de ne pas partager toutes vos pens\u00e9es. Il s\u2019agit de d\u00e9crypter les mots que vous avez d\u00e9cid\u00e9 de partager en les envoyant \u00e0 votre cerveau. Regarder la keynote du 2\u00e8me jour Pour plus de d\u00e9tails sur les annonces, vous pouvez consulter\u00a0le\u00a0Developer Blog, le\u00a0Media Blog\u00a0et l\u2019Engineering Blog. Vous pouvez \u00e9galement\u00a0regarder toutes les keynotes de la journ\u00e9e sur la\u00a0page Facebook for Developers et trouver des informations compl\u00e9mentaires et des visuels sur notre Page\u00a0F8 Press.","og_url":"https:\/\/about.fb.com\/fr\/news\/2017\/04\/recapitulatif-de-la-2eme-journee-du-f8-2\/","og_site_name":"\u00c0 propos de Meta","article_published_time":"2017-04-19T19:45:19+00:00","article_modified_time":"2020-02-25T05:58:06+00:00","og_image":[{"url":"https:\/\/about.fb.com\/fr\/wp-content\/uploads\/sites\/12\/2017\/04\/mike-shroepfer-f8-2018-day-21.jpg?fit=960%2C640","width":960,"height":640,"type":"image\/jpeg"}],"author":"prgrand","twitter_card":"summary_large_image","twitter_misc":{"Written by":"Meta","Est. reading time":"5 minutes"},"schema":{"@context":"https:\/\/schema.org","@graph":[{"@type":"Article","@id":"https:\/\/about.fb.com\/fr\/news\/2017\/04\/recapitulatif-de-la-2eme-journee-du-f8-2\/#article","isPartOf":{"@id":"https:\/\/about.fb.com\/fr\/news\/2017\/04\/recapitulatif-de-la-2eme-journee-du-f8-2\/"},"author":"Facebook company","headline":"R\u00e9capitulatif de la 2\u00e8me journ\u00e9e du F8","datePublished":"2017-04-19T19:45:19+00:00","dateModified":"2020-02-25T05:58:06+00:00","mainEntityOfPage":{"@id":"https:\/\/about.fb.com\/fr\/news\/2017\/04\/recapitulatif-de-la-2eme-journee-du-f8-2\/"},"wordCount":1063,"publisher":{"@id":"https:\/\/about.fb.com\/fr\/#organization"},"image":{"@id":"https:\/\/about.fb.com\/fr\/news\/2017\/04\/recapitulatif-de-la-2eme-journee-du-f8-2\/#primaryimage"},"thumbnailUrl":"https:\/\/about.fb.com\/fr\/wp-content\/uploads\/sites\/12\/2017\/04\/mike-shroepfer-f8-2018-day-21.jpg?fit=960%2C640","articleSection":["Actualit\u00e9s","\u00c9v\u00e8nements"],"inLanguage":"fr-FR"},{"@type":"WebPage","@id":"https:\/\/about.fb.com\/fr\/news\/2017\/04\/recapitulatif-de-la-2eme-journee-du-f8-2\/","url":"https:\/\/about.fb.com\/fr\/news\/2017\/04\/recapitulatif-de-la-2eme-journee-du-f8-2\/","name":"R\u00e9capitulatif de la 2\u00e8me journ\u00e9e du F8 | \u00c0 propos de Meta","isPartOf":{"@id":"https:\/\/about.fb.com\/fr\/#website"},"primaryImageOfPage":{"@id":"https:\/\/about.fb.com\/fr\/news\/2017\/04\/recapitulatif-de-la-2eme-journee-du-f8-2\/#primaryimage"},"image":{"@id":"https:\/\/about.fb.com\/fr\/news\/2017\/04\/recapitulatif-de-la-2eme-journee-du-f8-2\/#primaryimage"},"thumbnailUrl":"https:\/\/about.fb.com\/fr\/wp-content\/uploads\/sites\/12\/2017\/04\/mike-shroepfer-f8-2018-day-21.jpg?fit=960%2C640","datePublished":"2017-04-19T19:45:19+00:00","dateModified":"2020-02-25T05:58:06+00:00","breadcrumb":{"@id":"https:\/\/about.fb.com\/fr\/news\/2017\/04\/recapitulatif-de-la-2eme-journee-du-f8-2\/#breadcrumb"},"inLanguage":"fr-FR","potentialAction":[{"@type":"ReadAction","target":["https:\/\/about.fb.com\/fr\/news\/2017\/04\/recapitulatif-de-la-2eme-journee-du-f8-2\/"]}],"author":"\u00c0 propos de Meta"},{"@type":"ImageObject","inLanguage":"fr-FR","@id":"https:\/\/about.fb.com\/fr\/news\/2017\/04\/recapitulatif-de-la-2eme-journee-du-f8-2\/#primaryimage","url":"https:\/\/about.fb.com\/fr\/wp-content\/uploads\/sites\/12\/2017\/04\/mike-shroepfer-f8-2018-day-21.jpg?fit=960%2C640","contentUrl":"https:\/\/about.fb.com\/fr\/wp-content\/uploads\/sites\/12\/2017\/04\/mike-shroepfer-f8-2018-day-21.jpg?fit=960%2C640","width":960,"height":640},{"@type":"BreadcrumbList","@id":"https:\/\/about.fb.com\/fr\/news\/2017\/04\/recapitulatif-de-la-2eme-journee-du-f8-2\/#breadcrumb","itemListElement":[{"@type":"ListItem","position":1,"name":"Home","item":"https:\/\/about.fb.com\/fr\/"},{"@type":"ListItem","position":2,"name":"R\u00e9capitulatif de la 2\u00e8me journ\u00e9e du F8"}]},{"@type":"WebSite","@id":"https:\/\/about.fb.com\/fr\/#website","url":"https:\/\/about.fb.com\/news\/","name":"\u00c0 propos de Meta","description":"","publisher":{"@id":"https:\/\/about.fb.com\/fr\/#organization"},"potentialAction":[{"@type":"SearchAction","target":{"@type":"EntryPoint","urlTemplate":"https:\/\/about.fb.com\/fr\/?s={search_term_string}"},"query-input":{"@type":"PropertyValueSpecification","valueRequired":true,"valueName":"search_term_string"}}],"inLanguage":"fr-FR","alternateName":["Meta Newsroom","Meta"]},{"@type":"Organization","@id":"https:\/\/about.fb.com\/fr\/#organization","name":"Meta","url":"https:\/\/about.fb.com\/fr\/","logo":{"@type":"ImageObject","inLanguage":"fr-FR","@id":"https:\/\/about.fb.com\/fr\/#\/schema\/logo\/image\/","url":"https:\/\/about.fb.com\/fr\/wp-content\/uploads\/sites\/12\/2021\/10\/meta-social-16x9-1.jpg?fit=8000%2C4500","contentUrl":"https:\/\/about.fb.com\/fr\/wp-content\/uploads\/sites\/12\/2021\/10\/meta-social-16x9-1.jpg?fit=8000%2C4500","width":8000,"height":4500,"caption":"Meta"},"image":{"@id":"https:\/\/about.fb.com\/fr\/#\/schema\/logo\/image\/"}}]}},"jetpack_featured_media_url":"https:\/\/about.fb.com\/fr\/wp-content\/uploads\/sites\/12\/2017\/04\/mike-shroepfer-f8-2018-day-21.jpg?fit=960%2C640","jetpack-related-posts":[],"jetpack_sharing_enabled":true,"amp_enabled":true,"_links":{"self":[{"href":"https:\/\/about.fb.com\/fr\/wp-json\/wp\/v2\/posts\/6108","targetHints":{"allow":["GET"]}}],"collection":[{"href":"https:\/\/about.fb.com\/fr\/wp-json\/wp\/v2\/posts"}],"about":[{"href":"https:\/\/about.fb.com\/fr\/wp-json\/wp\/v2\/types\/post"}],"author":[{"embeddable":true,"href":"https:\/\/about.fb.com\/fr\/wp-json\/wp\/v2\/users\/112028226"}],"replies":[{"embeddable":true,"href":"https:\/\/about.fb.com\/fr\/wp-json\/wp\/v2\/comments?post=6108"}],"version-history":[{"count":5,"href":"https:\/\/about.fb.com\/fr\/wp-json\/wp\/v2\/posts\/6108\/revisions"}],"predecessor-version":[{"id":8279,"href":"https:\/\/about.fb.com\/fr\/wp-json\/wp\/v2\/posts\/6108\/revisions\/8279"}],"wp:featuredmedia":[{"embeddable":true,"href":"https:\/\/about.fb.com\/fr\/wp-json\/wp\/v2\/media\/6113"}],"wp:attachment":[{"href":"https:\/\/about.fb.com\/fr\/wp-json\/wp\/v2\/media?parent=6108"}],"wp:term":[{"taxonomy":"category","embeddable":true,"href":"https:\/\/about.fb.com\/fr\/wp-json\/wp\/v2\/categories?post=6108"},{"taxonomy":"post_tag","embeddable":true,"href":"https:\/\/about.fb.com\/fr\/wp-json\/wp\/v2\/tags?post=6108"}],"curies":[{"name":"wp","href":"https:\/\/api.w.org\/{rel}","templated":true}]}}