{"id":6060,"date":"2017-04-11T00:01:40","date_gmt":"2017-04-11T00:01:40","guid":{"rendered":"http:\/\/fr.newsroom.fb.com\/?p=6060"},"modified":"2020-02-25T06:58:12","modified_gmt":"2020-02-25T05:58:12","slug":"facebook-lance-un-outil-pour-faciliter-lacces-aux-programmes-des-candidats-a-la-presidentielle","status":"publish","type":"post","link":"https:\/\/about.fb.com\/fr\/news\/2017\/04\/facebook-lance-un-outil-pour-faciliter-lacces-aux-programmes-des-candidats-a-la-presidentielle\/","title":{"rendered":"Facebook lance un outil pour faciliter l&rsquo;acc\u00e8s aux programmes des candidats \u00e0 la pr\u00e9sidentielle"},"content":{"rendered":"<p>Pour faciliter l&rsquo;acc\u00e8s aux programmes des candidats \u00e0 l\u2019\u00e9lection pr\u00e9sidentielle, Facebook lance Perspectives, un outil qui permet aux utilisateurs de prendre connaissance de leurs propositions.<\/p>\n<p>L&rsquo;outil appara\u00eet dans le fil d&rsquo;actualit\u00e9 des utilisateurs de Facebook en langue fran\u00e7aise. Il s&rsquo;affiche\u00a0\u00e0 la lecture d&rsquo;un article politique post\u00e9 sur le fil d&rsquo;actualit\u00e9, quelle que soit la personne qui poste ou lit l&rsquo;article en question.<\/p>\n<p>Son fonctionnement est simple :<\/p>\n<ul>\n<li>Lorsque quelqu&rsquo;un lit un article en lien avec une actualit\u00e9 politique, il voit appara\u00eetre un module proposant d&rsquo;acc\u00e9der aux propositions des candidats \u00e0 la pr\u00e9sidentielle<\/li>\n<li>Lorsqu&rsquo;il clique sur ce module, l&rsquo;utilisateur est renvoy\u00e9 vers une page regroupant les propositions des candidats<\/li>\n<li>Les propositions des candidats, qui y sont organis\u00e9es par th\u00e8mes, sont tir\u00e9es de l&rsquo;onglet \u201cPropositions\u201c pr\u00e9sent sur la page des candidats<\/li>\n<li>L&rsquo;outil apparaitra syst\u00e9matiquement dans le fil d&rsquo;actualit\u00e9 apr\u00e8s lecture d&rsquo;un article et appara\u00eetra directement en dessous de la publication\/article concern\u00e9 et dans la limite de 3 fois par jour<\/li>\n<\/ul>\n<p style=\"text-align:center;\"><img data-recalc-dims=\"1\" loading=\"lazy\" decoding=\"async\" class=\"aligncenter wp-image-6079\" src=\"https:\/\/about.fb.com\/fr\/wp-content\/uploads\/sites\/5\/2017\/04\/02_wphone-1.png?resize=400%2C822\" alt=\"\" width=\"400\" height=\"822\" \/><\/p>\n<p>L&rsquo;outil, int\u00e9gralement aliment\u00e9 par les candidats et leurs \u00e9quipes, est organis\u00e9 par th\u00e8mes. Cette cat\u00e9gorisation a \u00e9t\u00e9 \u00e9tablie en partenariat avec le Centre de recherche politique de Sciences Po (CEVIPOF). Les propositions qui ont d&rsquo;ores et d\u00e9j\u00e0 \u00e9t\u00e9 renseign\u00e9es par les candidats sont pr\u00e9sent\u00e9es de fa\u00e7on al\u00e9atoire, dans un ordre d&rsquo;affichage qui change \u00e0 chaque visite.<\/p>\n","protected":false},"excerpt":{"rendered":"Pour faciliter l&rsquo;acc\u00e8s aux programmes des candidats \u00e0 l\u2019\u00e9lection pr\u00e9sidentielle, Facebook lance Perspectives, un outil qui permet aux utilisateurs de prendre connaissance de leurs propositions. L&rsquo;outil appara\u00eet dans le fil d&rsquo;actualit\u00e9 des utilisateurs de Facebook en langue fran\u00e7aise. Il s&rsquo;affiche\u00a0\u00e0 la lecture d&rsquo;un article politique post\u00e9 sur le fil d&rsquo;actualit\u00e9, quelle que soit la personne qui poste ou lit l&rsquo;article en question. Son fonctionnement est simple : Lorsque quelqu&rsquo;un lit un article en lien avec une actualit\u00e9 politique, il voit appara\u00eetre un module proposant d&rsquo;acc\u00e9der aux propositions des candidats \u00e0 la pr\u00e9sidentielle Lorsqu&rsquo;il clique sur ce module, l&rsquo;utilisateur est renvoy\u00e9 vers une page regroupant les propositions des candidats Les propositions des candidats, qui y sont organis\u00e9es par th\u00e8mes, sont tir\u00e9es de l&rsquo;onglet \u201cPropositions\u201c pr\u00e9sent sur la page des candidats L&rsquo;outil apparaitra syst\u00e9matiquement dans le fil d&rsquo;actualit\u00e9 apr\u00e8s lecture d&rsquo;un article et appara\u00eetra directement en dessous de la publication\/article concern\u00e9 et dans la limite de 3 fois par jour L&rsquo;outil, int\u00e9gralement aliment\u00e9 par les candidats et leurs \u00e9quipes, est organis\u00e9 par th\u00e8mes. Cette cat\u00e9gorisation a \u00e9t\u00e9 \u00e9tablie en partenariat avec le Centre de recherche politique de Sciences Po (CEVIPOF). Les propositions qui ont d&rsquo;ores et d\u00e9j\u00e0 \u00e9t\u00e9 renseign\u00e9es par les candidats sont pr\u00e9sent\u00e9es de fa\u00e7on al\u00e9atoire, dans un ordre d&rsquo;affichage qui change \u00e0 chaque visite.","protected":false},"author":112028226,"featured_media":6061,"comment_status":"closed","ping_status":"closed","sticky":false,"template":"","format":"standard","meta":{"_jetpack_memberships_contains_paid_content":false,"footnotes":""},"categories":[243897990],"tags":[],"class_list":["post-6060","post","type-post","status-publish","format-standard","has-post-thumbnail","hentry","category-actualites"],"yoast_head":"<!-- This site is optimized with the Yoast SEO plugin v27.2 - https:\/\/yoast.com\/product\/yoast-seo-wordpress\/ -->\n<title>Facebook lance un outil pour faciliter l&#039;acc\u00e8s aux programmes des candidats \u00e0 la pr\u00e9sidentielle | \u00c0 propos de Meta<\/title>\n<meta name=\"robots\" content=\"index, follow, max-snippet:-1, max-image-preview:large, max-video-preview:-1\" \/>\n<link rel=\"canonical\" href=\"https:\/\/about.fb.com\/fr\/news\/2017\/04\/facebook-lance-un-outil-pour-faciliter-lacces-aux-programmes-des-candidats-a-la-presidentielle\/\" \/>\n<meta property=\"og:locale\" content=\"fr_FR\" \/>\n<meta property=\"og:type\" content=\"article\" \/>\n<meta property=\"og:title\" content=\"Facebook lance un outil pour faciliter l&#039;acc\u00e8s aux programmes des candidats \u00e0 la pr\u00e9sidentielle | \u00c0 propos de Meta\" \/>\n<meta property=\"og:description\" content=\"Pour faciliter l&rsquo;acc\u00e8s aux programmes des candidats \u00e0 l\u2019\u00e9lection pr\u00e9sidentielle, Facebook lance Perspectives, un outil qui permet aux utilisateurs de prendre connaissance de leurs propositions. L&rsquo;outil appara\u00eet dans le fil d&rsquo;actualit\u00e9 des utilisateurs de Facebook en langue fran\u00e7aise. Il s&rsquo;affiche\u00a0\u00e0 la lecture d&rsquo;un article politique post\u00e9 sur le fil d&rsquo;actualit\u00e9, quelle que soit la personne qui poste ou lit l&rsquo;article en question. Son fonctionnement est simple : Lorsque quelqu&rsquo;un lit un article en lien avec une actualit\u00e9 politique, il voit appara\u00eetre un module proposant d&rsquo;acc\u00e9der aux propositions des candidats \u00e0 la pr\u00e9sidentielle Lorsqu&rsquo;il clique sur ce module, l&rsquo;utilisateur est renvoy\u00e9 vers une page regroupant les propositions des candidats Les propositions des candidats, qui y sont organis\u00e9es par th\u00e8mes, sont tir\u00e9es de l&rsquo;onglet \u201cPropositions\u201c pr\u00e9sent sur la page des candidats L&rsquo;outil apparaitra syst\u00e9matiquement dans le fil d&rsquo;actualit\u00e9 apr\u00e8s lecture d&rsquo;un article et appara\u00eetra directement en dessous de la publication\/article concern\u00e9 et dans la limite de 3 fois par jour L&rsquo;outil, int\u00e9gralement aliment\u00e9 par les candidats et leurs \u00e9quipes, est organis\u00e9 par th\u00e8mes. Cette cat\u00e9gorisation a \u00e9t\u00e9 \u00e9tablie en partenariat avec le Centre de recherche politique de Sciences Po (CEVIPOF). Les propositions qui ont d&rsquo;ores et d\u00e9j\u00e0 \u00e9t\u00e9 renseign\u00e9es par les candidats sont pr\u00e9sent\u00e9es de fa\u00e7on al\u00e9atoire, dans un ordre d&rsquo;affichage qui change \u00e0 chaque visite.\" \/>\n<meta property=\"og:url\" content=\"https:\/\/about.fb.com\/fr\/news\/2017\/04\/facebook-lance-un-outil-pour-faciliter-lacces-aux-programmes-des-candidats-a-la-presidentielle\/\" \/>\n<meta property=\"og:site_name\" content=\"\u00c0 propos de Meta\" \/>\n<meta property=\"article:published_time\" content=\"2017-04-11T00:01:40+00:00\" \/>\n<meta property=\"article:modified_time\" content=\"2020-02-25T05:58:12+00:00\" \/>\n<meta property=\"og:image\" content=\"https:\/\/about.fb.com\/fr\/wp-content\/uploads\/sites\/12\/2017\/04\/022-e1491840328263.png?fit=750%2C493\" \/>\n\t<meta property=\"og:image:width\" content=\"750\" \/>\n\t<meta property=\"og:image:height\" content=\"493\" \/>\n\t<meta property=\"og:image:type\" content=\"image\/png\" \/>\n<meta name=\"author\" content=\"prgrand\" \/>\n<meta name=\"twitter:card\" content=\"summary_large_image\" \/>\n<meta name=\"twitter:label1\" content=\"Written by\" \/>\n\t<meta name=\"twitter:data1\" content=\"Meta\" \/>\n\t<meta name=\"twitter:label2\" content=\"Est. reading time\" \/>\n\t<meta name=\"twitter:data2\" content=\"1 minute\" \/>\n<script type=\"application\/ld+json\" class=\"yoast-schema-graph\">{\"@context\":\"https:\/\/schema.org\",\"@graph\":[{\"@type\":\"Article\",\"@id\":\"https:\/\/about.fb.com\/fr\/news\/2017\/04\/facebook-lance-un-outil-pour-faciliter-lacces-aux-programmes-des-candidats-a-la-presidentielle\/#article\",\"isPartOf\":{\"@id\":\"https:\/\/about.fb.com\/fr\/news\/2017\/04\/facebook-lance-un-outil-pour-faciliter-lacces-aux-programmes-des-candidats-a-la-presidentielle\/\"},\"author\":\"Facebook company\",\"headline\":\"Facebook lance un outil pour faciliter l&rsquo;acc\u00e8s aux programmes des candidats \u00e0 la pr\u00e9sidentielle\",\"datePublished\":\"2017-04-11T00:01:40+00:00\",\"dateModified\":\"2020-02-25T05:58:12+00:00\",\"mainEntityOfPage\":{\"@id\":\"https:\/\/about.fb.com\/fr\/news\/2017\/04\/facebook-lance-un-outil-pour-faciliter-lacces-aux-programmes-des-candidats-a-la-presidentielle\/\"},\"wordCount\":268,\"publisher\":{\"@id\":\"https:\/\/about.fb.com\/fr\/#organization\"},\"image\":{\"@id\":\"https:\/\/about.fb.com\/fr\/news\/2017\/04\/facebook-lance-un-outil-pour-faciliter-lacces-aux-programmes-des-candidats-a-la-presidentielle\/#primaryimage\"},\"thumbnailUrl\":\"https:\/\/about.fb.com\/fr\/wp-content\/uploads\/sites\/12\/2017\/04\/022-e1491840328263.png?fit=750%2C493\",\"articleSection\":[\"Actualit\u00e9s\"],\"inLanguage\":\"fr-FR\"},{\"@type\":\"WebPage\",\"@id\":\"https:\/\/about.fb.com\/fr\/news\/2017\/04\/facebook-lance-un-outil-pour-faciliter-lacces-aux-programmes-des-candidats-a-la-presidentielle\/\",\"url\":\"https:\/\/about.fb.com\/fr\/news\/2017\/04\/facebook-lance-un-outil-pour-faciliter-lacces-aux-programmes-des-candidats-a-la-presidentielle\/\",\"name\":\"Facebook lance un outil pour faciliter l'acc\u00e8s aux programmes des candidats \u00e0 la pr\u00e9sidentielle | \u00c0 propos de Meta\",\"isPartOf\":{\"@id\":\"https:\/\/about.fb.com\/fr\/#website\"},\"primaryImageOfPage\":{\"@id\":\"https:\/\/about.fb.com\/fr\/news\/2017\/04\/facebook-lance-un-outil-pour-faciliter-lacces-aux-programmes-des-candidats-a-la-presidentielle\/#primaryimage\"},\"image\":{\"@id\":\"https:\/\/about.fb.com\/fr\/news\/2017\/04\/facebook-lance-un-outil-pour-faciliter-lacces-aux-programmes-des-candidats-a-la-presidentielle\/#primaryimage\"},\"thumbnailUrl\":\"https:\/\/about.fb.com\/fr\/wp-content\/uploads\/sites\/12\/2017\/04\/022-e1491840328263.png?fit=750%2C493\",\"datePublished\":\"2017-04-11T00:01:40+00:00\",\"dateModified\":\"2020-02-25T05:58:12+00:00\",\"breadcrumb\":{\"@id\":\"https:\/\/about.fb.com\/fr\/news\/2017\/04\/facebook-lance-un-outil-pour-faciliter-lacces-aux-programmes-des-candidats-a-la-presidentielle\/#breadcrumb\"},\"inLanguage\":\"fr-FR\",\"potentialAction\":[{\"@type\":\"ReadAction\",\"target\":[\"https:\/\/about.fb.com\/fr\/news\/2017\/04\/facebook-lance-un-outil-pour-faciliter-lacces-aux-programmes-des-candidats-a-la-presidentielle\/\"]}],\"author\":\"\u00c0 propos de Meta\"},{\"@type\":\"ImageObject\",\"inLanguage\":\"fr-FR\",\"@id\":\"https:\/\/about.fb.com\/fr\/news\/2017\/04\/facebook-lance-un-outil-pour-faciliter-lacces-aux-programmes-des-candidats-a-la-presidentielle\/#primaryimage\",\"url\":\"https:\/\/about.fb.com\/fr\/wp-content\/uploads\/sites\/12\/2017\/04\/022-e1491840328263.png?fit=750%2C493\",\"contentUrl\":\"https:\/\/about.fb.com\/fr\/wp-content\/uploads\/sites\/12\/2017\/04\/022-e1491840328263.png?fit=750%2C493\",\"width\":750,\"height\":493},{\"@type\":\"BreadcrumbList\",\"@id\":\"https:\/\/about.fb.com\/fr\/news\/2017\/04\/facebook-lance-un-outil-pour-faciliter-lacces-aux-programmes-des-candidats-a-la-presidentielle\/#breadcrumb\",\"itemListElement\":[{\"@type\":\"ListItem\",\"position\":1,\"name\":\"Home\",\"item\":\"https:\/\/about.fb.com\/fr\/\"},{\"@type\":\"ListItem\",\"position\":2,\"name\":\"Facebook lance un outil pour faciliter l&rsquo;acc\u00e8s aux programmes des candidats \u00e0 la pr\u00e9sidentielle\"}]},{\"@type\":\"WebSite\",\"@id\":\"https:\/\/about.fb.com\/fr\/#website\",\"url\":\"https:\/\/about.fb.com\/news\/\",\"name\":\"\u00c0 propos de Meta\",\"description\":\"\",\"publisher\":{\"@id\":\"https:\/\/about.fb.com\/fr\/#organization\"},\"potentialAction\":[{\"@type\":\"SearchAction\",\"target\":{\"@type\":\"EntryPoint\",\"urlTemplate\":\"https:\/\/about.fb.com\/fr\/?s={search_term_string}\"},\"query-input\":{\"@type\":\"PropertyValueSpecification\",\"valueRequired\":true,\"valueName\":\"search_term_string\"}}],\"inLanguage\":\"fr-FR\",\"alternateName\":[\"Meta Newsroom\",\"Meta\"]},{\"@type\":\"Organization\",\"@id\":\"https:\/\/about.fb.com\/fr\/#organization\",\"name\":\"Meta\",\"url\":\"https:\/\/about.fb.com\/fr\/\",\"logo\":{\"@type\":\"ImageObject\",\"inLanguage\":\"fr-FR\",\"@id\":\"https:\/\/about.fb.com\/fr\/#\/schema\/logo\/image\/\",\"url\":\"https:\/\/about.fb.com\/fr\/wp-content\/uploads\/sites\/12\/2021\/10\/meta-social-16x9-1.jpg?fit=8000%2C4500\",\"contentUrl\":\"https:\/\/about.fb.com\/fr\/wp-content\/uploads\/sites\/12\/2021\/10\/meta-social-16x9-1.jpg?fit=8000%2C4500\",\"width\":8000,\"height\":4500,\"caption\":\"Meta\"},\"image\":{\"@id\":\"https:\/\/about.fb.com\/fr\/#\/schema\/logo\/image\/\"}}]}<\/script>\n<!-- \/ Yoast SEO plugin. -->","yoast_head_json":{"title":"Facebook lance un outil pour faciliter l'acc\u00e8s aux programmes des candidats \u00e0 la pr\u00e9sidentielle | \u00c0 propos de Meta","robots":{"index":"index","follow":"follow","max-snippet":"max-snippet:-1","max-image-preview":"max-image-preview:large","max-video-preview":"max-video-preview:-1"},"canonical":"https:\/\/about.fb.com\/fr\/news\/2017\/04\/facebook-lance-un-outil-pour-faciliter-lacces-aux-programmes-des-candidats-a-la-presidentielle\/","og_locale":"fr_FR","og_type":"article","og_title":"Facebook lance un outil pour faciliter l'acc\u00e8s aux programmes des candidats \u00e0 la pr\u00e9sidentielle | \u00c0 propos de Meta","og_description":"Pour faciliter l&rsquo;acc\u00e8s aux programmes des candidats \u00e0 l\u2019\u00e9lection pr\u00e9sidentielle, Facebook lance Perspectives, un outil qui permet aux utilisateurs de prendre connaissance de leurs propositions. L&rsquo;outil appara\u00eet dans le fil d&rsquo;actualit\u00e9 des utilisateurs de Facebook en langue fran\u00e7aise. Il s&rsquo;affiche\u00a0\u00e0 la lecture d&rsquo;un article politique post\u00e9 sur le fil d&rsquo;actualit\u00e9, quelle que soit la personne qui poste ou lit l&rsquo;article en question. Son fonctionnement est simple : Lorsque quelqu&rsquo;un lit un article en lien avec une actualit\u00e9 politique, il voit appara\u00eetre un module proposant d&rsquo;acc\u00e9der aux propositions des candidats \u00e0 la pr\u00e9sidentielle Lorsqu&rsquo;il clique sur ce module, l&rsquo;utilisateur est renvoy\u00e9 vers une page regroupant les propositions des candidats Les propositions des candidats, qui y sont organis\u00e9es par th\u00e8mes, sont tir\u00e9es de l&rsquo;onglet \u201cPropositions\u201c pr\u00e9sent sur la page des candidats L&rsquo;outil apparaitra syst\u00e9matiquement dans le fil d&rsquo;actualit\u00e9 apr\u00e8s lecture d&rsquo;un article et appara\u00eetra directement en dessous de la publication\/article concern\u00e9 et dans la limite de 3 fois par jour L&rsquo;outil, int\u00e9gralement aliment\u00e9 par les candidats et leurs \u00e9quipes, est organis\u00e9 par th\u00e8mes. Cette cat\u00e9gorisation a \u00e9t\u00e9 \u00e9tablie en partenariat avec le Centre de recherche politique de Sciences Po (CEVIPOF). Les propositions qui ont d&rsquo;ores et d\u00e9j\u00e0 \u00e9t\u00e9 renseign\u00e9es par les candidats sont pr\u00e9sent\u00e9es de fa\u00e7on al\u00e9atoire, dans un ordre d&rsquo;affichage qui change \u00e0 chaque visite.","og_url":"https:\/\/about.fb.com\/fr\/news\/2017\/04\/facebook-lance-un-outil-pour-faciliter-lacces-aux-programmes-des-candidats-a-la-presidentielle\/","og_site_name":"\u00c0 propos de Meta","article_published_time":"2017-04-11T00:01:40+00:00","article_modified_time":"2020-02-25T05:58:12+00:00","og_image":[{"url":"https:\/\/about.fb.com\/fr\/wp-content\/uploads\/sites\/12\/2017\/04\/022-e1491840328263.png?fit=750%2C493","width":750,"height":493,"type":"image\/png"}],"author":"prgrand","twitter_card":"summary_large_image","twitter_misc":{"Written by":"Meta","Est. reading time":"1 minute"},"schema":{"@context":"https:\/\/schema.org","@graph":[{"@type":"Article","@id":"https:\/\/about.fb.com\/fr\/news\/2017\/04\/facebook-lance-un-outil-pour-faciliter-lacces-aux-programmes-des-candidats-a-la-presidentielle\/#article","isPartOf":{"@id":"https:\/\/about.fb.com\/fr\/news\/2017\/04\/facebook-lance-un-outil-pour-faciliter-lacces-aux-programmes-des-candidats-a-la-presidentielle\/"},"author":"Facebook company","headline":"Facebook lance un outil pour faciliter l&rsquo;acc\u00e8s aux programmes des candidats \u00e0 la pr\u00e9sidentielle","datePublished":"2017-04-11T00:01:40+00:00","dateModified":"2020-02-25T05:58:12+00:00","mainEntityOfPage":{"@id":"https:\/\/about.fb.com\/fr\/news\/2017\/04\/facebook-lance-un-outil-pour-faciliter-lacces-aux-programmes-des-candidats-a-la-presidentielle\/"},"wordCount":268,"publisher":{"@id":"https:\/\/about.fb.com\/fr\/#organization"},"image":{"@id":"https:\/\/about.fb.com\/fr\/news\/2017\/04\/facebook-lance-un-outil-pour-faciliter-lacces-aux-programmes-des-candidats-a-la-presidentielle\/#primaryimage"},"thumbnailUrl":"https:\/\/about.fb.com\/fr\/wp-content\/uploads\/sites\/12\/2017\/04\/022-e1491840328263.png?fit=750%2C493","articleSection":["Actualit\u00e9s"],"inLanguage":"fr-FR"},{"@type":"WebPage","@id":"https:\/\/about.fb.com\/fr\/news\/2017\/04\/facebook-lance-un-outil-pour-faciliter-lacces-aux-programmes-des-candidats-a-la-presidentielle\/","url":"https:\/\/about.fb.com\/fr\/news\/2017\/04\/facebook-lance-un-outil-pour-faciliter-lacces-aux-programmes-des-candidats-a-la-presidentielle\/","name":"Facebook lance un outil pour faciliter l'acc\u00e8s aux programmes des candidats \u00e0 la pr\u00e9sidentielle | \u00c0 propos de Meta","isPartOf":{"@id":"https:\/\/about.fb.com\/fr\/#website"},"primaryImageOfPage":{"@id":"https:\/\/about.fb.com\/fr\/news\/2017\/04\/facebook-lance-un-outil-pour-faciliter-lacces-aux-programmes-des-candidats-a-la-presidentielle\/#primaryimage"},"image":{"@id":"https:\/\/about.fb.com\/fr\/news\/2017\/04\/facebook-lance-un-outil-pour-faciliter-lacces-aux-programmes-des-candidats-a-la-presidentielle\/#primaryimage"},"thumbnailUrl":"https:\/\/about.fb.com\/fr\/wp-content\/uploads\/sites\/12\/2017\/04\/022-e1491840328263.png?fit=750%2C493","datePublished":"2017-04-11T00:01:40+00:00","dateModified":"2020-02-25T05:58:12+00:00","breadcrumb":{"@id":"https:\/\/about.fb.com\/fr\/news\/2017\/04\/facebook-lance-un-outil-pour-faciliter-lacces-aux-programmes-des-candidats-a-la-presidentielle\/#breadcrumb"},"inLanguage":"fr-FR","potentialAction":[{"@type":"ReadAction","target":["https:\/\/about.fb.com\/fr\/news\/2017\/04\/facebook-lance-un-outil-pour-faciliter-lacces-aux-programmes-des-candidats-a-la-presidentielle\/"]}],"author":"\u00c0 propos de Meta"},{"@type":"ImageObject","inLanguage":"fr-FR","@id":"https:\/\/about.fb.com\/fr\/news\/2017\/04\/facebook-lance-un-outil-pour-faciliter-lacces-aux-programmes-des-candidats-a-la-presidentielle\/#primaryimage","url":"https:\/\/about.fb.com\/fr\/wp-content\/uploads\/sites\/12\/2017\/04\/022-e1491840328263.png?fit=750%2C493","contentUrl":"https:\/\/about.fb.com\/fr\/wp-content\/uploads\/sites\/12\/2017\/04\/022-e1491840328263.png?fit=750%2C493","width":750,"height":493},{"@type":"BreadcrumbList","@id":"https:\/\/about.fb.com\/fr\/news\/2017\/04\/facebook-lance-un-outil-pour-faciliter-lacces-aux-programmes-des-candidats-a-la-presidentielle\/#breadcrumb","itemListElement":[{"@type":"ListItem","position":1,"name":"Home","item":"https:\/\/about.fb.com\/fr\/"},{"@type":"ListItem","position":2,"name":"Facebook lance un outil pour faciliter l&rsquo;acc\u00e8s aux programmes des candidats \u00e0 la pr\u00e9sidentielle"}]},{"@type":"WebSite","@id":"https:\/\/about.fb.com\/fr\/#website","url":"https:\/\/about.fb.com\/news\/","name":"\u00c0 propos de Meta","description":"","publisher":{"@id":"https:\/\/about.fb.com\/fr\/#organization"},"potentialAction":[{"@type":"SearchAction","target":{"@type":"EntryPoint","urlTemplate":"https:\/\/about.fb.com\/fr\/?s={search_term_string}"},"query-input":{"@type":"PropertyValueSpecification","valueRequired":true,"valueName":"search_term_string"}}],"inLanguage":"fr-FR","alternateName":["Meta Newsroom","Meta"]},{"@type":"Organization","@id":"https:\/\/about.fb.com\/fr\/#organization","name":"Meta","url":"https:\/\/about.fb.com\/fr\/","logo":{"@type":"ImageObject","inLanguage":"fr-FR","@id":"https:\/\/about.fb.com\/fr\/#\/schema\/logo\/image\/","url":"https:\/\/about.fb.com\/fr\/wp-content\/uploads\/sites\/12\/2021\/10\/meta-social-16x9-1.jpg?fit=8000%2C4500","contentUrl":"https:\/\/about.fb.com\/fr\/wp-content\/uploads\/sites\/12\/2021\/10\/meta-social-16x9-1.jpg?fit=8000%2C4500","width":8000,"height":4500,"caption":"Meta"},"image":{"@id":"https:\/\/about.fb.com\/fr\/#\/schema\/logo\/image\/"}}]}},"jetpack_featured_media_url":"https:\/\/about.fb.com\/fr\/wp-content\/uploads\/sites\/12\/2017\/04\/022-e1491840328263.png?fit=750%2C493","jetpack-related-posts":[],"jetpack_sharing_enabled":true,"amp_enabled":true,"_links":{"self":[{"href":"https:\/\/about.fb.com\/fr\/wp-json\/wp\/v2\/posts\/6060","targetHints":{"allow":["GET"]}}],"collection":[{"href":"https:\/\/about.fb.com\/fr\/wp-json\/wp\/v2\/posts"}],"about":[{"href":"https:\/\/about.fb.com\/fr\/wp-json\/wp\/v2\/types\/post"}],"author":[{"embeddable":true,"href":"https:\/\/about.fb.com\/fr\/wp-json\/wp\/v2\/users\/112028226"}],"replies":[{"embeddable":true,"href":"https:\/\/about.fb.com\/fr\/wp-json\/wp\/v2\/comments?post=6060"}],"version-history":[{"count":12,"href":"https:\/\/about.fb.com\/fr\/wp-json\/wp\/v2\/posts\/6060\/revisions"}],"predecessor-version":[{"id":8281,"href":"https:\/\/about.fb.com\/fr\/wp-json\/wp\/v2\/posts\/6060\/revisions\/8281"}],"wp:featuredmedia":[{"embeddable":true,"href":"https:\/\/about.fb.com\/fr\/wp-json\/wp\/v2\/media\/6061"}],"wp:attachment":[{"href":"https:\/\/about.fb.com\/fr\/wp-json\/wp\/v2\/media?parent=6060"}],"wp:term":[{"taxonomy":"category","embeddable":true,"href":"https:\/\/about.fb.com\/fr\/wp-json\/wp\/v2\/categories?post=6060"},{"taxonomy":"post_tag","embeddable":true,"href":"https:\/\/about.fb.com\/fr\/wp-json\/wp\/v2\/tags?post=6060"}],"curies":[{"name":"wp","href":"https:\/\/api.w.org\/{rel}","templated":true}]}}