{"id":5992,"date":"2017-03-07T13:38:27","date_gmt":"2017-03-07T13:38:27","guid":{"rendered":"http:\/\/fr.newsroom.fb.com\/?p=5992"},"modified":"2020-02-25T06:55:53","modified_gmt":"2020-02-25T05:55:53","slug":"facebook-celebre-les-femmes-entrepreneurs-du-monde-entier-a-travers-une-serie-de-live-exceptionnels-pendant-24h-shemeansbusiness","status":"publish","type":"post","link":"https:\/\/about.fb.com\/fr\/news\/2017\/03\/facebook-celebre-les-femmes-entrepreneurs-du-monde-entier-a-travers-une-serie-de-live-exceptionnels-pendant-24h-shemeansbusiness\/","title":{"rendered":"Facebook c\u00e9l\u00e8bre les femmes entrepreneurs du monde entier \u00e0 travers une s\u00e9rie de Live exceptionnels pendant 24h #shemeansbusiness"},"content":{"rendered":"<p>A l\u2019occasion de la Journ\u00e9e Internationale des Femmes, le 8 mars, Facebook c\u00e9l\u00e8bre les femmes entrepreneurs du monde entier \u00e0 travers une s\u00e9rie de <strong>Live exceptionnels pendant 24h<\/strong> <strong>non-stop<\/strong>, \u00e0 suivre sur le site\u00a0<a href=\"https:\/\/urldefense.proofpoint.com\/v2\/url?u=https-3A__shemeansbusiness.fb.com_&amp;d=DwMF-g&amp;c=qwStF0e4-YFyvjCeML3ehA&amp;r=zS-xHFxBYG6N51uS0rXw5HmsAVJOvuYz8L_duUiVB5o&amp;m=gaJqbDQiGjd_077Pl3mQO0tveDFyQ5b8Iz3HApxONnc&amp;s=E1XGuuBz1iqbsgju1vXl9hpdMX7y3O1YcTfUSt0mZYw&amp;e=\">SheMeansBusiness<\/a>.<\/p>\n<p>Gr\u00e2ce \u00e0 une carte du monde interactive, toute la communaut\u00e9 Facebook pourra visionner les live inspirants de femmes entrepreneurs, repr\u00e9sentantes d\u2019ONG, chefs d\u2019entreprises, personnalit\u00e9s publiques.<\/p>\n<p>En France,\u00a0<strong>Fleur Pellerin, <\/strong>fondatrice et pr\u00e9sidente de Korelya Capital et ancienne ministre de la Culture et de la Communication et <strong>Alice Zagury, <\/strong>codirigeante de l\u2019acc\u00e9l\u00e9rateur de start-ups TheFamily, partageront leur vision de l\u2019entreprenariat et donneront leurs pr\u00e9cieux conseils aux femmes entrepreneurs.<strong> Le live anim\u00e9 par Fleur Pellerin et Alice Zagury sera \u00e0 suivre de 16h00 \u00e0 16h30.<\/strong><\/p>\n<p>Pour suivre les lives<strong>\u00a0<\/strong>#shemeansbusiness, rendez-vous sur le site <a href=\"https:\/\/urldefense.proofpoint.com\/v2\/url?u=https-3A__shemeansbusiness.fb.com_&amp;d=DwMF-g&amp;c=qwStF0e4-YFyvjCeML3ehA&amp;r=zS-xHFxBYG6N51uS0rXw5HmsAVJOvuYz8L_duUiVB5o&amp;m=gaJqbDQiGjd_077Pl3mQO0tveDFyQ5b8Iz3HApxONnc&amp;s=E1XGuuBz1iqbsgju1vXl9hpdMX7y3O1YcTfUSt0mZYw&amp;e=\">SheMeansBusiness<\/a>\u00a0le 8 mars : un programme complet des live y sera disponible ainsi qu\u2019une carte permettant de les visualiser en direct partout dans le monde. \u00a0Chacun pourra aussi participer \u00e0 la conversation en faisant son propre Live avec une femme entrepreneur ou en publiant un post en mentionnant #shemeansbusiness.<\/p>\n<h5><strong>Facebook soutient les femmes entrepreneurs <\/strong><\/h5>\n<p>SheMeansBusiness est une initiative de Facebook lanc\u00e9e il y a un an pour soutenir, c\u00e9l\u00e9brer et mettre en valeur les femmes entrepreneurs et les entreprises appartenant \u00e0 des femmes.<\/p>\n<ul>\n<li>Plus de <strong>15 pays<\/strong> ont lanc\u00e9 l\u2019initiative SheMeansBusiness.<\/li>\n<li>\u00c0 ce jour, le programme a form\u00e9 plus de <strong>8 000 femmes entrepreneurs<\/strong> via plus de 50 000 \u00e9v\u00e9nements et collabor\u00e9 avec <strong>40 ONG<\/strong> et plus de <strong>40 d\u00e9cideurs politiques<\/strong>.<\/li>\n<li><strong>Dans le monde<\/strong>, 40% des Pages sur Facebook appartiennent \u00e0 des femmes, ce qui repr\u00e9sente une augmentation de 60% par rapport \u00e0 l\u2019ann\u00e9e derni\u00e8re.<\/li>\n<li><strong>En France, <\/strong>le nombre de Pages Facebook de TPE-PME appartenant \u00e0 des femmes a augment\u00e9 de 52% entre 2015 et 2016 et a plus que tripl\u00e9 depuis 2012.<\/li>\n<\/ul>\n","protected":false},"excerpt":{"rendered":"A l\u2019occasion de la Journ\u00e9e Internationale des Femmes, le 8 mars, Facebook c\u00e9l\u00e8bre les femmes entrepreneurs du monde entier \u00e0 travers une s\u00e9rie de Live exceptionnels pendant 24h non-stop, \u00e0 suivre sur le site\u00a0SheMeansBusiness. Gr\u00e2ce \u00e0 une carte du monde interactive, toute la communaut\u00e9 Facebook pourra visionner les live inspirants de femmes entrepreneurs, repr\u00e9sentantes d\u2019ONG, chefs d\u2019entreprises, personnalit\u00e9s publiques. En France,\u00a0Fleur Pellerin, fondatrice et pr\u00e9sidente de Korelya Capital et ancienne ministre de la Culture et de la Communication et Alice Zagury, codirigeante de l\u2019acc\u00e9l\u00e9rateur de start-ups TheFamily, partageront leur vision de l\u2019entreprenariat et donneront leurs pr\u00e9cieux conseils aux femmes entrepreneurs. Le live anim\u00e9 par Fleur Pellerin et Alice Zagury sera \u00e0 suivre de 16h00 \u00e0 16h30. Pour suivre les lives\u00a0#shemeansbusiness, rendez-vous sur le site SheMeansBusiness\u00a0le 8 mars : un programme complet des live y sera disponible ainsi qu\u2019une carte permettant de les visualiser en direct partout dans le monde. \u00a0Chacun pourra aussi participer \u00e0 la conversation en faisant son propre Live avec une femme entrepreneur ou en publiant un post en mentionnant #shemeansbusiness. Facebook soutient les femmes entrepreneurs SheMeansBusiness est une initiative de Facebook lanc\u00e9e il y a un an pour soutenir, c\u00e9l\u00e9brer et mettre en valeur les femmes entrepreneurs et les entreprises appartenant \u00e0 des femmes. Plus de 15 pays ont lanc\u00e9 l\u2019initiative SheMeansBusiness. \u00c0 ce jour, le programme a form\u00e9 plus de 8 000 femmes entrepreneurs via plus de 50 000 \u00e9v\u00e9nements et collabor\u00e9 avec 40 ONG et plus de 40 d\u00e9cideurs politiques. Dans le monde, 40% des Pages sur Facebook appartiennent \u00e0 des femmes, ce qui repr\u00e9sente une augmentation de 60% par rapport \u00e0 l\u2019ann\u00e9e derni\u00e8re. En France, le nombre de Pages Facebook de TPE-PME appartenant \u00e0 des femmes a augment\u00e9 de 52% entre 2015 et 2016 et a plus que tripl\u00e9 depuis 2012.","protected":false},"author":112028226,"featured_media":5995,"comment_status":"closed","ping_status":"closed","sticky":false,"template":"","format":"standard","meta":{"_jetpack_memberships_contains_paid_content":false,"footnotes":""},"categories":[243897990],"tags":[],"class_list":["post-5992","post","type-post","status-publish","format-standard","has-post-thumbnail","hentry","category-actualites"],"yoast_head":"<!-- This site is optimized with the Yoast SEO plugin v27.2 - https:\/\/yoast.com\/product\/yoast-seo-wordpress\/ -->\n<title>Facebook c\u00e9l\u00e8bre les femmes entrepreneurs du monde entier \u00e0 travers une s\u00e9rie de Live exceptionnels pendant 24h #shemeansbusiness | \u00c0 propos de Meta<\/title>\n<meta name=\"robots\" content=\"index, follow, max-snippet:-1, max-image-preview:large, max-video-preview:-1\" \/>\n<link rel=\"canonical\" href=\"https:\/\/about.fb.com\/fr\/news\/2017\/03\/facebook-celebre-les-femmes-entrepreneurs-du-monde-entier-a-travers-une-serie-de-live-exceptionnels-pendant-24h-shemeansbusiness\/\" \/>\n<meta property=\"og:locale\" content=\"fr_FR\" \/>\n<meta property=\"og:type\" content=\"article\" \/>\n<meta property=\"og:title\" content=\"Facebook c\u00e9l\u00e8bre les femmes entrepreneurs du monde entier \u00e0 travers une s\u00e9rie de Live exceptionnels pendant 24h #shemeansbusiness | \u00c0 propos de Meta\" \/>\n<meta property=\"og:description\" content=\"A l\u2019occasion de la Journ\u00e9e Internationale des Femmes, le 8 mars, Facebook c\u00e9l\u00e8bre les femmes entrepreneurs du monde entier \u00e0 travers une s\u00e9rie de Live exceptionnels pendant 24h non-stop, \u00e0 suivre sur le site\u00a0SheMeansBusiness. Gr\u00e2ce \u00e0 une carte du monde interactive, toute la communaut\u00e9 Facebook pourra visionner les live inspirants de femmes entrepreneurs, repr\u00e9sentantes d\u2019ONG, chefs d\u2019entreprises, personnalit\u00e9s publiques. En France,\u00a0Fleur Pellerin, fondatrice et pr\u00e9sidente de Korelya Capital et ancienne ministre de la Culture et de la Communication et Alice Zagury, codirigeante de l\u2019acc\u00e9l\u00e9rateur de start-ups TheFamily, partageront leur vision de l\u2019entreprenariat et donneront leurs pr\u00e9cieux conseils aux femmes entrepreneurs. Le live anim\u00e9 par Fleur Pellerin et Alice Zagury sera \u00e0 suivre de 16h00 \u00e0 16h30. Pour suivre les lives\u00a0#shemeansbusiness, rendez-vous sur le site SheMeansBusiness\u00a0le 8 mars : un programme complet des live y sera disponible ainsi qu\u2019une carte permettant de les visualiser en direct partout dans le monde. \u00a0Chacun pourra aussi participer \u00e0 la conversation en faisant son propre Live avec une femme entrepreneur ou en publiant un post en mentionnant #shemeansbusiness. Facebook soutient les femmes entrepreneurs SheMeansBusiness est une initiative de Facebook lanc\u00e9e il y a un an pour soutenir, c\u00e9l\u00e9brer et mettre en valeur les femmes entrepreneurs et les entreprises appartenant \u00e0 des femmes. Plus de 15 pays ont lanc\u00e9 l\u2019initiative SheMeansBusiness. \u00c0 ce jour, le programme a form\u00e9 plus de 8 000 femmes entrepreneurs via plus de 50 000 \u00e9v\u00e9nements et collabor\u00e9 avec 40 ONG et plus de 40 d\u00e9cideurs politiques. Dans le monde, 40% des Pages sur Facebook appartiennent \u00e0 des femmes, ce qui repr\u00e9sente une augmentation de 60% par rapport \u00e0 l\u2019ann\u00e9e derni\u00e8re. En France, le nombre de Pages Facebook de TPE-PME appartenant \u00e0 des femmes a augment\u00e9 de 52% entre 2015 et 2016 et a plus que tripl\u00e9 depuis 2012.\" \/>\n<meta property=\"og:url\" content=\"https:\/\/about.fb.com\/fr\/news\/2017\/03\/facebook-celebre-les-femmes-entrepreneurs-du-monde-entier-a-travers-une-serie-de-live-exceptionnels-pendant-24h-shemeansbusiness\/\" \/>\n<meta property=\"og:site_name\" content=\"\u00c0 propos de Meta\" \/>\n<meta property=\"article:published_time\" content=\"2017-03-07T13:38:27+00:00\" \/>\n<meta property=\"article:modified_time\" content=\"2020-02-25T05:55:53+00:00\" \/>\n<meta property=\"og:image\" content=\"https:\/\/about.fb.com\/fr\/wp-content\/uploads\/sites\/12\/2017\/03\/smb_fblive_fbb_post-en-e1488893884577.png?resize=1024,691\" \/>\n\t<meta property=\"og:image:width\" content=\"1024\" \/>\n\t<meta property=\"og:image:height\" content=\"691\" \/>\n\t<meta property=\"og:image:type\" content=\"image\/png\" \/>\n<meta name=\"author\" content=\"prgrand\" \/>\n<meta name=\"twitter:card\" content=\"summary_large_image\" \/>\n<meta name=\"twitter:label1\" content=\"Written by\" \/>\n\t<meta name=\"twitter:data1\" content=\"Meta\" \/>\n\t<meta name=\"twitter:label2\" content=\"Est. reading time\" \/>\n\t<meta name=\"twitter:data2\" content=\"2 minutes\" \/>\n<script type=\"application\/ld+json\" class=\"yoast-schema-graph\">{\"@context\":\"https:\/\/schema.org\",\"@graph\":[{\"@type\":\"Article\",\"@id\":\"https:\/\/about.fb.com\/fr\/news\/2017\/03\/facebook-celebre-les-femmes-entrepreneurs-du-monde-entier-a-travers-une-serie-de-live-exceptionnels-pendant-24h-shemeansbusiness\/#article\",\"isPartOf\":{\"@id\":\"https:\/\/about.fb.com\/fr\/news\/2017\/03\/facebook-celebre-les-femmes-entrepreneurs-du-monde-entier-a-travers-une-serie-de-live-exceptionnels-pendant-24h-shemeansbusiness\/\"},\"author\":\"Facebook company\",\"headline\":\"Facebook c\u00e9l\u00e8bre les femmes entrepreneurs du monde entier \u00e0 travers une s\u00e9rie de Live exceptionnels pendant 24h #shemeansbusiness\",\"datePublished\":\"2017-03-07T13:38:27+00:00\",\"dateModified\":\"2020-02-25T05:55:53+00:00\",\"mainEntityOfPage\":{\"@id\":\"https:\/\/about.fb.com\/fr\/news\/2017\/03\/facebook-celebre-les-femmes-entrepreneurs-du-monde-entier-a-travers-une-serie-de-live-exceptionnels-pendant-24h-shemeansbusiness\/\"},\"wordCount\":321,\"publisher\":{\"@id\":\"https:\/\/about.fb.com\/fr\/#organization\"},\"image\":{\"@id\":\"https:\/\/about.fb.com\/fr\/news\/2017\/03\/facebook-celebre-les-femmes-entrepreneurs-du-monde-entier-a-travers-une-serie-de-live-exceptionnels-pendant-24h-shemeansbusiness\/#primaryimage\"},\"thumbnailUrl\":\"https:\/\/about.fb.com\/fr\/wp-content\/uploads\/sites\/12\/2017\/03\/smb_fblive_fbb_post-en-e1488893884577.png?fit=1098%2C741\",\"articleSection\":[\"Actualit\u00e9s\"],\"inLanguage\":\"fr-FR\"},{\"@type\":\"WebPage\",\"@id\":\"https:\/\/about.fb.com\/fr\/news\/2017\/03\/facebook-celebre-les-femmes-entrepreneurs-du-monde-entier-a-travers-une-serie-de-live-exceptionnels-pendant-24h-shemeansbusiness\/\",\"url\":\"https:\/\/about.fb.com\/fr\/news\/2017\/03\/facebook-celebre-les-femmes-entrepreneurs-du-monde-entier-a-travers-une-serie-de-live-exceptionnels-pendant-24h-shemeansbusiness\/\",\"name\":\"Facebook c\u00e9l\u00e8bre les femmes entrepreneurs du monde entier \u00e0 travers une s\u00e9rie de Live exceptionnels pendant 24h #shemeansbusiness | \u00c0 propos de Meta\",\"isPartOf\":{\"@id\":\"https:\/\/about.fb.com\/fr\/#website\"},\"primaryImageOfPage\":{\"@id\":\"https:\/\/about.fb.com\/fr\/news\/2017\/03\/facebook-celebre-les-femmes-entrepreneurs-du-monde-entier-a-travers-une-serie-de-live-exceptionnels-pendant-24h-shemeansbusiness\/#primaryimage\"},\"image\":{\"@id\":\"https:\/\/about.fb.com\/fr\/news\/2017\/03\/facebook-celebre-les-femmes-entrepreneurs-du-monde-entier-a-travers-une-serie-de-live-exceptionnels-pendant-24h-shemeansbusiness\/#primaryimage\"},\"thumbnailUrl\":\"https:\/\/about.fb.com\/fr\/wp-content\/uploads\/sites\/12\/2017\/03\/smb_fblive_fbb_post-en-e1488893884577.png?fit=1098%2C741\",\"datePublished\":\"2017-03-07T13:38:27+00:00\",\"dateModified\":\"2020-02-25T05:55:53+00:00\",\"breadcrumb\":{\"@id\":\"https:\/\/about.fb.com\/fr\/news\/2017\/03\/facebook-celebre-les-femmes-entrepreneurs-du-monde-entier-a-travers-une-serie-de-live-exceptionnels-pendant-24h-shemeansbusiness\/#breadcrumb\"},\"inLanguage\":\"fr-FR\",\"potentialAction\":[{\"@type\":\"ReadAction\",\"target\":[\"https:\/\/about.fb.com\/fr\/news\/2017\/03\/facebook-celebre-les-femmes-entrepreneurs-du-monde-entier-a-travers-une-serie-de-live-exceptionnels-pendant-24h-shemeansbusiness\/\"]}],\"author\":\"\u00c0 propos de Meta\"},{\"@type\":\"ImageObject\",\"inLanguage\":\"fr-FR\",\"@id\":\"https:\/\/about.fb.com\/fr\/news\/2017\/03\/facebook-celebre-les-femmes-entrepreneurs-du-monde-entier-a-travers-une-serie-de-live-exceptionnels-pendant-24h-shemeansbusiness\/#primaryimage\",\"url\":\"https:\/\/about.fb.com\/fr\/wp-content\/uploads\/sites\/12\/2017\/03\/smb_fblive_fbb_post-en-e1488893884577.png?fit=1098%2C741\",\"contentUrl\":\"https:\/\/about.fb.com\/fr\/wp-content\/uploads\/sites\/12\/2017\/03\/smb_fblive_fbb_post-en-e1488893884577.png?fit=1098%2C741\",\"width\":1098,\"height\":741},{\"@type\":\"BreadcrumbList\",\"@id\":\"https:\/\/about.fb.com\/fr\/news\/2017\/03\/facebook-celebre-les-femmes-entrepreneurs-du-monde-entier-a-travers-une-serie-de-live-exceptionnels-pendant-24h-shemeansbusiness\/#breadcrumb\",\"itemListElement\":[{\"@type\":\"ListItem\",\"position\":1,\"name\":\"Home\",\"item\":\"https:\/\/about.fb.com\/fr\/\"},{\"@type\":\"ListItem\",\"position\":2,\"name\":\"Facebook c\u00e9l\u00e8bre les femmes entrepreneurs du monde entier \u00e0 travers une s\u00e9rie de Live exceptionnels pendant 24h #shemeansbusiness\"}]},{\"@type\":\"WebSite\",\"@id\":\"https:\/\/about.fb.com\/fr\/#website\",\"url\":\"https:\/\/about.fb.com\/news\/\",\"name\":\"\u00c0 propos de Meta\",\"description\":\"\",\"publisher\":{\"@id\":\"https:\/\/about.fb.com\/fr\/#organization\"},\"potentialAction\":[{\"@type\":\"SearchAction\",\"target\":{\"@type\":\"EntryPoint\",\"urlTemplate\":\"https:\/\/about.fb.com\/fr\/?s={search_term_string}\"},\"query-input\":{\"@type\":\"PropertyValueSpecification\",\"valueRequired\":true,\"valueName\":\"search_term_string\"}}],\"inLanguage\":\"fr-FR\",\"alternateName\":[\"Meta Newsroom\",\"Meta\"]},{\"@type\":\"Organization\",\"@id\":\"https:\/\/about.fb.com\/fr\/#organization\",\"name\":\"Meta\",\"url\":\"https:\/\/about.fb.com\/fr\/\",\"logo\":{\"@type\":\"ImageObject\",\"inLanguage\":\"fr-FR\",\"@id\":\"https:\/\/about.fb.com\/fr\/#\/schema\/logo\/image\/\",\"url\":\"https:\/\/about.fb.com\/fr\/wp-content\/uploads\/sites\/12\/2021\/10\/meta-social-16x9-1.jpg?fit=8000%2C4500\",\"contentUrl\":\"https:\/\/about.fb.com\/fr\/wp-content\/uploads\/sites\/12\/2021\/10\/meta-social-16x9-1.jpg?fit=8000%2C4500\",\"width\":8000,\"height\":4500,\"caption\":\"Meta\"},\"image\":{\"@id\":\"https:\/\/about.fb.com\/fr\/#\/schema\/logo\/image\/\"}}]}<\/script>\n<!-- \/ Yoast SEO plugin. -->","yoast_head_json":{"title":"Facebook c\u00e9l\u00e8bre les femmes entrepreneurs du monde entier \u00e0 travers une s\u00e9rie de Live exceptionnels pendant 24h #shemeansbusiness | \u00c0 propos de Meta","robots":{"index":"index","follow":"follow","max-snippet":"max-snippet:-1","max-image-preview":"max-image-preview:large","max-video-preview":"max-video-preview:-1"},"canonical":"https:\/\/about.fb.com\/fr\/news\/2017\/03\/facebook-celebre-les-femmes-entrepreneurs-du-monde-entier-a-travers-une-serie-de-live-exceptionnels-pendant-24h-shemeansbusiness\/","og_locale":"fr_FR","og_type":"article","og_title":"Facebook c\u00e9l\u00e8bre les femmes entrepreneurs du monde entier \u00e0 travers une s\u00e9rie de Live exceptionnels pendant 24h #shemeansbusiness | \u00c0 propos de Meta","og_description":"A l\u2019occasion de la Journ\u00e9e Internationale des Femmes, le 8 mars, Facebook c\u00e9l\u00e8bre les femmes entrepreneurs du monde entier \u00e0 travers une s\u00e9rie de Live exceptionnels pendant 24h non-stop, \u00e0 suivre sur le site\u00a0SheMeansBusiness. Gr\u00e2ce \u00e0 une carte du monde interactive, toute la communaut\u00e9 Facebook pourra visionner les live inspirants de femmes entrepreneurs, repr\u00e9sentantes d\u2019ONG, chefs d\u2019entreprises, personnalit\u00e9s publiques. En France,\u00a0Fleur Pellerin, fondatrice et pr\u00e9sidente de Korelya Capital et ancienne ministre de la Culture et de la Communication et Alice Zagury, codirigeante de l\u2019acc\u00e9l\u00e9rateur de start-ups TheFamily, partageront leur vision de l\u2019entreprenariat et donneront leurs pr\u00e9cieux conseils aux femmes entrepreneurs. Le live anim\u00e9 par Fleur Pellerin et Alice Zagury sera \u00e0 suivre de 16h00 \u00e0 16h30. Pour suivre les lives\u00a0#shemeansbusiness, rendez-vous sur le site SheMeansBusiness\u00a0le 8 mars : un programme complet des live y sera disponible ainsi qu\u2019une carte permettant de les visualiser en direct partout dans le monde. \u00a0Chacun pourra aussi participer \u00e0 la conversation en faisant son propre Live avec une femme entrepreneur ou en publiant un post en mentionnant #shemeansbusiness. Facebook soutient les femmes entrepreneurs SheMeansBusiness est une initiative de Facebook lanc\u00e9e il y a un an pour soutenir, c\u00e9l\u00e9brer et mettre en valeur les femmes entrepreneurs et les entreprises appartenant \u00e0 des femmes. Plus de 15 pays ont lanc\u00e9 l\u2019initiative SheMeansBusiness. \u00c0 ce jour, le programme a form\u00e9 plus de 8 000 femmes entrepreneurs via plus de 50 000 \u00e9v\u00e9nements et collabor\u00e9 avec 40 ONG et plus de 40 d\u00e9cideurs politiques. Dans le monde, 40% des Pages sur Facebook appartiennent \u00e0 des femmes, ce qui repr\u00e9sente une augmentation de 60% par rapport \u00e0 l\u2019ann\u00e9e derni\u00e8re. En France, le nombre de Pages Facebook de TPE-PME appartenant \u00e0 des femmes a augment\u00e9 de 52% entre 2015 et 2016 et a plus que tripl\u00e9 depuis 2012.","og_url":"https:\/\/about.fb.com\/fr\/news\/2017\/03\/facebook-celebre-les-femmes-entrepreneurs-du-monde-entier-a-travers-une-serie-de-live-exceptionnels-pendant-24h-shemeansbusiness\/","og_site_name":"\u00c0 propos de Meta","article_published_time":"2017-03-07T13:38:27+00:00","article_modified_time":"2020-02-25T05:55:53+00:00","og_image":[{"width":1024,"height":691,"url":"https:\/\/about.fb.com\/fr\/wp-content\/uploads\/sites\/12\/2017\/03\/smb_fblive_fbb_post-en-e1488893884577.png?resize=1024,691","type":"image\/png"}],"author":"prgrand","twitter_card":"summary_large_image","twitter_misc":{"Written by":"Meta","Est. reading time":"2 minutes"},"schema":{"@context":"https:\/\/schema.org","@graph":[{"@type":"Article","@id":"https:\/\/about.fb.com\/fr\/news\/2017\/03\/facebook-celebre-les-femmes-entrepreneurs-du-monde-entier-a-travers-une-serie-de-live-exceptionnels-pendant-24h-shemeansbusiness\/#article","isPartOf":{"@id":"https:\/\/about.fb.com\/fr\/news\/2017\/03\/facebook-celebre-les-femmes-entrepreneurs-du-monde-entier-a-travers-une-serie-de-live-exceptionnels-pendant-24h-shemeansbusiness\/"},"author":"Facebook company","headline":"Facebook c\u00e9l\u00e8bre les femmes entrepreneurs du monde entier \u00e0 travers une s\u00e9rie de Live exceptionnels pendant 24h #shemeansbusiness","datePublished":"2017-03-07T13:38:27+00:00","dateModified":"2020-02-25T05:55:53+00:00","mainEntityOfPage":{"@id":"https:\/\/about.fb.com\/fr\/news\/2017\/03\/facebook-celebre-les-femmes-entrepreneurs-du-monde-entier-a-travers-une-serie-de-live-exceptionnels-pendant-24h-shemeansbusiness\/"},"wordCount":321,"publisher":{"@id":"https:\/\/about.fb.com\/fr\/#organization"},"image":{"@id":"https:\/\/about.fb.com\/fr\/news\/2017\/03\/facebook-celebre-les-femmes-entrepreneurs-du-monde-entier-a-travers-une-serie-de-live-exceptionnels-pendant-24h-shemeansbusiness\/#primaryimage"},"thumbnailUrl":"https:\/\/about.fb.com\/fr\/wp-content\/uploads\/sites\/12\/2017\/03\/smb_fblive_fbb_post-en-e1488893884577.png?fit=1098%2C741","articleSection":["Actualit\u00e9s"],"inLanguage":"fr-FR"},{"@type":"WebPage","@id":"https:\/\/about.fb.com\/fr\/news\/2017\/03\/facebook-celebre-les-femmes-entrepreneurs-du-monde-entier-a-travers-une-serie-de-live-exceptionnels-pendant-24h-shemeansbusiness\/","url":"https:\/\/about.fb.com\/fr\/news\/2017\/03\/facebook-celebre-les-femmes-entrepreneurs-du-monde-entier-a-travers-une-serie-de-live-exceptionnels-pendant-24h-shemeansbusiness\/","name":"Facebook c\u00e9l\u00e8bre les femmes entrepreneurs du monde entier \u00e0 travers une s\u00e9rie de Live exceptionnels pendant 24h #shemeansbusiness | \u00c0 propos de Meta","isPartOf":{"@id":"https:\/\/about.fb.com\/fr\/#website"},"primaryImageOfPage":{"@id":"https:\/\/about.fb.com\/fr\/news\/2017\/03\/facebook-celebre-les-femmes-entrepreneurs-du-monde-entier-a-travers-une-serie-de-live-exceptionnels-pendant-24h-shemeansbusiness\/#primaryimage"},"image":{"@id":"https:\/\/about.fb.com\/fr\/news\/2017\/03\/facebook-celebre-les-femmes-entrepreneurs-du-monde-entier-a-travers-une-serie-de-live-exceptionnels-pendant-24h-shemeansbusiness\/#primaryimage"},"thumbnailUrl":"https:\/\/about.fb.com\/fr\/wp-content\/uploads\/sites\/12\/2017\/03\/smb_fblive_fbb_post-en-e1488893884577.png?fit=1098%2C741","datePublished":"2017-03-07T13:38:27+00:00","dateModified":"2020-02-25T05:55:53+00:00","breadcrumb":{"@id":"https:\/\/about.fb.com\/fr\/news\/2017\/03\/facebook-celebre-les-femmes-entrepreneurs-du-monde-entier-a-travers-une-serie-de-live-exceptionnels-pendant-24h-shemeansbusiness\/#breadcrumb"},"inLanguage":"fr-FR","potentialAction":[{"@type":"ReadAction","target":["https:\/\/about.fb.com\/fr\/news\/2017\/03\/facebook-celebre-les-femmes-entrepreneurs-du-monde-entier-a-travers-une-serie-de-live-exceptionnels-pendant-24h-shemeansbusiness\/"]}],"author":"\u00c0 propos de Meta"},{"@type":"ImageObject","inLanguage":"fr-FR","@id":"https:\/\/about.fb.com\/fr\/news\/2017\/03\/facebook-celebre-les-femmes-entrepreneurs-du-monde-entier-a-travers-une-serie-de-live-exceptionnels-pendant-24h-shemeansbusiness\/#primaryimage","url":"https:\/\/about.fb.com\/fr\/wp-content\/uploads\/sites\/12\/2017\/03\/smb_fblive_fbb_post-en-e1488893884577.png?fit=1098%2C741","contentUrl":"https:\/\/about.fb.com\/fr\/wp-content\/uploads\/sites\/12\/2017\/03\/smb_fblive_fbb_post-en-e1488893884577.png?fit=1098%2C741","width":1098,"height":741},{"@type":"BreadcrumbList","@id":"https:\/\/about.fb.com\/fr\/news\/2017\/03\/facebook-celebre-les-femmes-entrepreneurs-du-monde-entier-a-travers-une-serie-de-live-exceptionnels-pendant-24h-shemeansbusiness\/#breadcrumb","itemListElement":[{"@type":"ListItem","position":1,"name":"Home","item":"https:\/\/about.fb.com\/fr\/"},{"@type":"ListItem","position":2,"name":"Facebook c\u00e9l\u00e8bre les femmes entrepreneurs du monde entier \u00e0 travers une s\u00e9rie de Live exceptionnels pendant 24h #shemeansbusiness"}]},{"@type":"WebSite","@id":"https:\/\/about.fb.com\/fr\/#website","url":"https:\/\/about.fb.com\/news\/","name":"\u00c0 propos de Meta","description":"","publisher":{"@id":"https:\/\/about.fb.com\/fr\/#organization"},"potentialAction":[{"@type":"SearchAction","target":{"@type":"EntryPoint","urlTemplate":"https:\/\/about.fb.com\/fr\/?s={search_term_string}"},"query-input":{"@type":"PropertyValueSpecification","valueRequired":true,"valueName":"search_term_string"}}],"inLanguage":"fr-FR","alternateName":["Meta Newsroom","Meta"]},{"@type":"Organization","@id":"https:\/\/about.fb.com\/fr\/#organization","name":"Meta","url":"https:\/\/about.fb.com\/fr\/","logo":{"@type":"ImageObject","inLanguage":"fr-FR","@id":"https:\/\/about.fb.com\/fr\/#\/schema\/logo\/image\/","url":"https:\/\/about.fb.com\/fr\/wp-content\/uploads\/sites\/12\/2021\/10\/meta-social-16x9-1.jpg?fit=8000%2C4500","contentUrl":"https:\/\/about.fb.com\/fr\/wp-content\/uploads\/sites\/12\/2021\/10\/meta-social-16x9-1.jpg?fit=8000%2C4500","width":8000,"height":4500,"caption":"Meta"},"image":{"@id":"https:\/\/about.fb.com\/fr\/#\/schema\/logo\/image\/"}}]}},"jetpack_featured_media_url":"https:\/\/about.fb.com\/fr\/wp-content\/uploads\/sites\/12\/2017\/03\/smb_fblive_fbb_post-en-e1488893884577.png?fit=1098%2C741","jetpack-related-posts":[],"jetpack_sharing_enabled":true,"amp_enabled":true,"_links":{"self":[{"href":"https:\/\/about.fb.com\/fr\/wp-json\/wp\/v2\/posts\/5992","targetHints":{"allow":["GET"]}}],"collection":[{"href":"https:\/\/about.fb.com\/fr\/wp-json\/wp\/v2\/posts"}],"about":[{"href":"https:\/\/about.fb.com\/fr\/wp-json\/wp\/v2\/types\/post"}],"author":[{"embeddable":true,"href":"https:\/\/about.fb.com\/fr\/wp-json\/wp\/v2\/users\/112028226"}],"replies":[{"embeddable":true,"href":"https:\/\/about.fb.com\/fr\/wp-json\/wp\/v2\/comments?post=5992"}],"version-history":[{"count":3,"href":"https:\/\/about.fb.com\/fr\/wp-json\/wp\/v2\/posts\/5992\/revisions"}],"predecessor-version":[{"id":5998,"href":"https:\/\/about.fb.com\/fr\/wp-json\/wp\/v2\/posts\/5992\/revisions\/5998"}],"wp:featuredmedia":[{"embeddable":true,"href":"https:\/\/about.fb.com\/fr\/wp-json\/wp\/v2\/media\/5995"}],"wp:attachment":[{"href":"https:\/\/about.fb.com\/fr\/wp-json\/wp\/v2\/media?parent=5992"}],"wp:term":[{"taxonomy":"category","embeddable":true,"href":"https:\/\/about.fb.com\/fr\/wp-json\/wp\/v2\/categories?post=5992"},{"taxonomy":"post_tag","embeddable":true,"href":"https:\/\/about.fb.com\/fr\/wp-json\/wp\/v2\/tags?post=5992"}],"curies":[{"name":"wp","href":"https:\/\/api.w.org\/{rel}","templated":true}]}}