{"id":5575,"date":"2016-04-13T19:25:07","date_gmt":"2016-04-13T19:25:07","guid":{"rendered":"http:\/\/fr.newsroom.fb.com\/?p=5575"},"modified":"2019-11-04T20:19:00","modified_gmt":"2019-11-04T19:19:00","slug":"recapitulatif-de-la-2eme-journee-du-f8","status":"publish","type":"post","link":"https:\/\/about.fb.com\/fr\/news\/2016\/04\/recapitulatif-de-la-2eme-journee-du-f8\/","title":{"rendered":"R\u00e9capitulatif de la 2\u00e8me journ\u00e9e du F8"},"content":{"rendered":"<p>Ca y est, le F8 2016 touche \u00e0 sa fin. Plusieurs milliers de personnes \u00e9taient pr\u00e9sentes \u00e0 l&rsquo;\u00e9v\u00e9nement, et plus d&rsquo;un million ont regard\u00e9 les vid\u00e9os en ligne. Lors de la pr\u00e9sentation d&rsquo;ouverture aujourd&rsquo;hui, Mike Schroepfer, CTO chez Facebook, a \u00e9voqu\u00e9 son optimisme quant au fait de rendre Internet accessible \u00e0 chacun ainsi que les nouvelles opportunit\u00e9s que repr\u00e9sentent l&rsquo;Intelligence Artificielle et la R\u00e9alit\u00e9 Augment\u00e9e.<\/p>\n<p>Voici les points importants \u00e0 retenir.<\/p>\n<p><img data-recalc-dims=\"1\" loading=\"lazy\" decoding=\"async\" class=\"alignnone size-full wp-image-5568\" src=\"https:\/\/about.fb.com\/fr\/wp-content\/uploads\/sites\/5\/2016\/04\/roadmap_final-1.jpeg?resize=960%2C408\" alt=\"roadmap_final\" width=\"960\" height=\"408\" \/><br \/>\n<b>Le Facebook Connectivity Lab<\/b><\/p>\n<p>Le r\u00f4le de cette \u00e9quipe est d&rsquo;aider \u00e0 connecter les gens qui n&rsquo;ont pas encore acc\u00e8s \u00e0 Internet. Nous annon\u00e7ons aujourd&rsquo;hui 2 nouveaux syst\u00e8mes d&rsquo;acc\u00e8s \u00e0 Internet, qui ont pour mission d&rsquo;am\u00e9liorer la vitesse, l&rsquo;efficacit\u00e9 et la qualit\u00e9 de la connexion Internet partout dans le monde : Terragraph, pour les zones urbaines \u00e0 forte densit\u00e9 de population et ARIES, qui permet d&rsquo;accentuer les signaux dans les zones \u00e0 faible densit\u00e9.<\/p>\n<p><b>Le social VR<\/b><\/p>\n<p>La r\u00e9alit\u00e9 virtuelle a un fort potentiel en termes d&rsquo;interactions sociales.\u00a0C&rsquo;est pourquoi nous avons cr\u00e9\u00e9 une \u00e9quipe d\u00e9di\u00e9e au Social VR, qui explore les moyens d&rsquo;utiliser la r\u00e9alit\u00e9 virtuelle pour aider les gens \u00e0 \u00e9changer et partager de nouvelles exp\u00e9riences.<\/p>\n<ul>\n<li>Nous avons diffus\u00e9 une d\u00e9monstration de Toybox, une de nos premi\u00e8res avanc\u00e9es en termes de social VR, qui fonctionne avec Oculus, et permet notamment aux utilisateurs d&rsquo;interagir avec l&rsquo;environnement.<\/li>\n<li>Nous avons \u00e9galement montr\u00e9 en avant-premi\u00e8re Sequencer, qui permet de communiquer avec votre corps, en plus de votre voie. Imaginez une soir\u00e9e dansante en R\u00e9alit\u00e9 Virtuelle !<\/li>\n<\/ul>\n<p>[vimeo 162707492 w=500 h=281]<\/p>\n<p><b>L&rsquo;open Source<\/b><\/p>\n<p>Au cours des derniers mois, la plateforme React Native a boulevers\u00e9 la mani\u00e8re dont les d\u00e9veloppeurs produisent des applications sur iOS. Ce soir, nous avons annonc\u00e9 de nouvelles fonctionnalit\u00e9s au sein de l&rsquo;\u00e9cosyst\u00e8me React Native : React Native pour Windows, React Native pour Tizen (OS pour la plupart des SmartTVs Samsung) et le SDK Facebook pour React Native, qui permettra aux d\u00e9veloppeurs de mettre en place plus facilement les fonctionnalit\u00e9s telles que le Facebook Login, le partage, etc&#8230;<\/p>\n<p>Un levier\u00a0majeur dans notre volont\u00e9 d&rsquo;apporter des exp\u00e9riences de qualit\u00e9 sur mobile consiste \u00e0 d\u00e9velopper des outils internes. C&rsquo;est pourquoi nous partageons en Open Source de plus en plus de projets pour aider les d\u00e9veloppeurs \u00e0 am\u00e9liorer les performances de leurs applications.<\/p>\n<ul>\n<li>ReDex permet de r\u00e9duire le point d&rsquo;une application Android et g\u00e9n\u00e8re des temps d&rsquo;ouverture plus rapides.<\/li>\n<li>Remodel est un outil permettant de dupliquer du code automatiquement et de construire ainsi des infrastructures complexes sur IOs.<\/li>\n<li>Le \u00ab\u00a0iOS memory management bundle\u00a0\u00bb\u00a0s&rsquo;attaque \u00e0 des probl\u00e8mes de m\u00e9moire d&rsquo;applications, qui permet d&rsquo;am\u00e9liorer les performances d&rsquo;une application.<\/li>\n<\/ul>\n<p>Pour en savoir plus :\u00a0https:\/\/code.facebook.com\/<\/p>\n","protected":false},"excerpt":{"rendered":"Ca y est, le F8 2016 touche \u00e0 sa fin. Plusieurs milliers de personnes \u00e9taient pr\u00e9sentes \u00e0 l&rsquo;\u00e9v\u00e9nement, et plus d&rsquo;un million ont regard\u00e9 les vid\u00e9os en ligne. Lors de la pr\u00e9sentation d&rsquo;ouverture aujourd&rsquo;hui, Mike Schroepfer, CTO chez Facebook, a \u00e9voqu\u00e9 son optimisme quant au fait de rendre Internet accessible \u00e0 chacun ainsi que les nouvelles opportunit\u00e9s que repr\u00e9sentent l&rsquo;Intelligence Artificielle et la R\u00e9alit\u00e9 Augment\u00e9e. Voici les points importants \u00e0 retenir. Le Facebook Connectivity Lab Le r\u00f4le de cette \u00e9quipe est d&rsquo;aider \u00e0 connecter les gens qui n&rsquo;ont pas encore acc\u00e8s \u00e0 Internet. Nous annon\u00e7ons aujourd&rsquo;hui 2 nouveaux syst\u00e8mes d&rsquo;acc\u00e8s \u00e0 Internet, qui ont pour mission d&rsquo;am\u00e9liorer la vitesse, l&rsquo;efficacit\u00e9 et la qualit\u00e9 de la connexion Internet partout dans le monde : Terragraph, pour les zones urbaines \u00e0 forte densit\u00e9 de population et ARIES, qui permet d&rsquo;accentuer les signaux dans les zones \u00e0 faible densit\u00e9. Le social VR La r\u00e9alit\u00e9 virtuelle a un fort potentiel en termes d&rsquo;interactions sociales.\u00a0C&rsquo;est pourquoi nous avons cr\u00e9\u00e9 une \u00e9quipe d\u00e9di\u00e9e au Social VR, qui explore les moyens d&rsquo;utiliser la r\u00e9alit\u00e9 virtuelle pour aider les gens \u00e0 \u00e9changer et partager de nouvelles exp\u00e9riences. Nous avons diffus\u00e9 une d\u00e9monstration de Toybox, une de nos premi\u00e8res avanc\u00e9es en termes de social VR, qui fonctionne avec Oculus, et permet notamment aux utilisateurs d&rsquo;interagir avec l&rsquo;environnement. Nous avons \u00e9galement montr\u00e9 en avant-premi\u00e8re Sequencer, qui permet de communiquer avec votre corps, en plus de votre voie. Imaginez une soir\u00e9e dansante en R\u00e9alit\u00e9 Virtuelle ! [vimeo 162707492 w=500 h=281] L&rsquo;open Source Au cours des derniers mois, la plateforme React Native a boulevers\u00e9 la mani\u00e8re dont les d\u00e9veloppeurs produisent des applications sur iOS. Ce soir, nous avons annonc\u00e9 de nouvelles fonctionnalit\u00e9s au sein de l&rsquo;\u00e9cosyst\u00e8me React Native : React Native pour Windows, React Native pour Tizen (OS pour la plupart des SmartTVs Samsung) et le SDK Facebook pour React Native, qui permettra aux d\u00e9veloppeurs de mettre en place plus facilement les fonctionnalit\u00e9s telles que le Facebook Login, le partage, etc&#8230; Un levier\u00a0majeur dans notre volont\u00e9 d&rsquo;apporter des exp\u00e9riences de qualit\u00e9 sur mobile consiste \u00e0 d\u00e9velopper des outils internes. C&rsquo;est pourquoi nous partageons en Open Source de plus en plus de projets pour aider les d\u00e9veloppeurs \u00e0 am\u00e9liorer les performances de leurs applications. ReDex permet de r\u00e9duire le point d&rsquo;une application Android et g\u00e9n\u00e8re des temps d&rsquo;ouverture plus rapides. Remodel est un outil permettant de dupliquer du code automatiquement et de construire ainsi des infrastructures complexes sur IOs. Le \u00ab\u00a0iOS memory management bundle\u00a0\u00bb\u00a0s&rsquo;attaque \u00e0 des probl\u00e8mes de m\u00e9moire d&rsquo;applications, qui permet d&rsquo;am\u00e9liorer les performances d&rsquo;une application. Pour en savoir plus :\u00a0https:\/\/code.facebook.com\/","protected":false},"author":99582019,"featured_media":5630,"comment_status":"closed","ping_status":"closed","sticky":false,"template":"","format":"standard","meta":{"_jetpack_memberships_contains_paid_content":false,"footnotes":""},"categories":[1],"tags":[],"class_list":["post-5575","post","type-post","status-publish","format-standard","has-post-thumbnail","hentry","category-uncategorized"],"yoast_head":"<!-- This site is optimized with the Yoast SEO plugin v27.2 - https:\/\/yoast.com\/product\/yoast-seo-wordpress\/ -->\n<title>R\u00e9capitulatif de la 2\u00e8me journ\u00e9e du F8 | \u00c0 propos de Meta<\/title>\n<meta name=\"robots\" content=\"index, follow, max-snippet:-1, max-image-preview:large, max-video-preview:-1\" \/>\n<link rel=\"canonical\" href=\"https:\/\/about.fb.com\/fr\/news\/2016\/04\/recapitulatif-de-la-2eme-journee-du-f8\/\" \/>\n<meta property=\"og:locale\" content=\"fr_FR\" \/>\n<meta property=\"og:type\" content=\"article\" \/>\n<meta property=\"og:title\" content=\"R\u00e9capitulatif de la 2\u00e8me journ\u00e9e du F8 | \u00c0 propos de Meta\" \/>\n<meta property=\"og:description\" content=\"Ca y est, le F8 2016 touche \u00e0 sa fin. Plusieurs milliers de personnes \u00e9taient pr\u00e9sentes \u00e0 l&rsquo;\u00e9v\u00e9nement, et plus d&rsquo;un million ont regard\u00e9 les vid\u00e9os en ligne. Lors de la pr\u00e9sentation d&rsquo;ouverture aujourd&rsquo;hui, Mike Schroepfer, CTO chez Facebook, a \u00e9voqu\u00e9 son optimisme quant au fait de rendre Internet accessible \u00e0 chacun ainsi que les nouvelles opportunit\u00e9s que repr\u00e9sentent l&rsquo;Intelligence Artificielle et la R\u00e9alit\u00e9 Augment\u00e9e. Voici les points importants \u00e0 retenir. Le Facebook Connectivity Lab Le r\u00f4le de cette \u00e9quipe est d&rsquo;aider \u00e0 connecter les gens qui n&rsquo;ont pas encore acc\u00e8s \u00e0 Internet. Nous annon\u00e7ons aujourd&rsquo;hui 2 nouveaux syst\u00e8mes d&rsquo;acc\u00e8s \u00e0 Internet, qui ont pour mission d&rsquo;am\u00e9liorer la vitesse, l&rsquo;efficacit\u00e9 et la qualit\u00e9 de la connexion Internet partout dans le monde : Terragraph, pour les zones urbaines \u00e0 forte densit\u00e9 de population et ARIES, qui permet d&rsquo;accentuer les signaux dans les zones \u00e0 faible densit\u00e9. Le social VR La r\u00e9alit\u00e9 virtuelle a un fort potentiel en termes d&rsquo;interactions sociales.\u00a0C&rsquo;est pourquoi nous avons cr\u00e9\u00e9 une \u00e9quipe d\u00e9di\u00e9e au Social VR, qui explore les moyens d&rsquo;utiliser la r\u00e9alit\u00e9 virtuelle pour aider les gens \u00e0 \u00e9changer et partager de nouvelles exp\u00e9riences. Nous avons diffus\u00e9 une d\u00e9monstration de Toybox, une de nos premi\u00e8res avanc\u00e9es en termes de social VR, qui fonctionne avec Oculus, et permet notamment aux utilisateurs d&rsquo;interagir avec l&rsquo;environnement. Nous avons \u00e9galement montr\u00e9 en avant-premi\u00e8re Sequencer, qui permet de communiquer avec votre corps, en plus de votre voie. Imaginez une soir\u00e9e dansante en R\u00e9alit\u00e9 Virtuelle ! [vimeo 162707492 w=500 h=281] L&rsquo;open Source Au cours des derniers mois, la plateforme React Native a boulevers\u00e9 la mani\u00e8re dont les d\u00e9veloppeurs produisent des applications sur iOS. Ce soir, nous avons annonc\u00e9 de nouvelles fonctionnalit\u00e9s au sein de l&rsquo;\u00e9cosyst\u00e8me React Native : React Native pour Windows, React Native pour Tizen (OS pour la plupart des SmartTVs Samsung) et le SDK Facebook pour React Native, qui permettra aux d\u00e9veloppeurs de mettre en place plus facilement les fonctionnalit\u00e9s telles que le Facebook Login, le partage, etc&#8230; Un levier\u00a0majeur dans notre volont\u00e9 d&rsquo;apporter des exp\u00e9riences de qualit\u00e9 sur mobile consiste \u00e0 d\u00e9velopper des outils internes. C&rsquo;est pourquoi nous partageons en Open Source de plus en plus de projets pour aider les d\u00e9veloppeurs \u00e0 am\u00e9liorer les performances de leurs applications. ReDex permet de r\u00e9duire le point d&rsquo;une application Android et g\u00e9n\u00e8re des temps d&rsquo;ouverture plus rapides. Remodel est un outil permettant de dupliquer du code automatiquement et de construire ainsi des infrastructures complexes sur IOs. Le \u00ab\u00a0iOS memory management bundle\u00a0\u00bb\u00a0s&rsquo;attaque \u00e0 des probl\u00e8mes de m\u00e9moire d&rsquo;applications, qui permet d&rsquo;am\u00e9liorer les performances d&rsquo;une application. Pour en savoir plus :\u00a0https:\/\/code.facebook.com\/\" \/>\n<meta property=\"og:url\" content=\"https:\/\/about.fb.com\/fr\/news\/2016\/04\/recapitulatif-de-la-2eme-journee-du-f8\/\" \/>\n<meta property=\"og:site_name\" content=\"\u00c0 propos de Meta\" \/>\n<meta property=\"article:published_time\" content=\"2016-04-13T19:25:07+00:00\" \/>\n<meta property=\"article:modified_time\" content=\"2019-11-04T19:19:00+00:00\" \/>\n<meta property=\"og:image\" content=\"https:\/\/about.fb.com\/fr\/wp-content\/uploads\/sites\/12\/2016\/04\/1.jpg?resize=1024,683\" \/>\n\t<meta property=\"og:image:width\" content=\"1024\" \/>\n\t<meta property=\"og:image:height\" content=\"683\" \/>\n\t<meta property=\"og:image:type\" content=\"image\/jpeg\" \/>\n<meta name=\"author\" content=\"Pierre Gayno\" \/>\n<meta name=\"twitter:card\" content=\"summary_large_image\" \/>\n<meta name=\"twitter:label1\" content=\"Written by\" \/>\n\t<meta name=\"twitter:data1\" content=\"Meta\" \/>\n\t<meta name=\"twitter:label2\" content=\"Est. reading time\" \/>\n\t<meta name=\"twitter:data2\" content=\"2 minutes\" \/>\n<script type=\"application\/ld+json\" class=\"yoast-schema-graph\">{\"@context\":\"https:\/\/schema.org\",\"@graph\":[{\"@type\":\"Article\",\"@id\":\"https:\/\/about.fb.com\/fr\/news\/2016\/04\/recapitulatif-de-la-2eme-journee-du-f8\/#article\",\"isPartOf\":{\"@id\":\"https:\/\/about.fb.com\/fr\/news\/2016\/04\/recapitulatif-de-la-2eme-journee-du-f8\/\"},\"author\":\"Facebook company\",\"headline\":\"R\u00e9capitulatif de la 2\u00e8me journ\u00e9e du F8\",\"datePublished\":\"2016-04-13T19:25:07+00:00\",\"dateModified\":\"2019-11-04T19:19:00+00:00\",\"mainEntityOfPage\":{\"@id\":\"https:\/\/about.fb.com\/fr\/news\/2016\/04\/recapitulatif-de-la-2eme-journee-du-f8\/\"},\"wordCount\":492,\"publisher\":{\"@id\":\"https:\/\/about.fb.com\/fr\/#organization\"},\"image\":{\"@id\":\"https:\/\/about.fb.com\/fr\/news\/2016\/04\/recapitulatif-de-la-2eme-journee-du-f8\/#primaryimage\"},\"thumbnailUrl\":\"https:\/\/about.fb.com\/fr\/wp-content\/uploads\/sites\/12\/2016\/04\/1.jpg?fit=1444%2C963\",\"articleSection\":[\"Uncategorized\"],\"inLanguage\":\"fr-FR\"},{\"@type\":\"WebPage\",\"@id\":\"https:\/\/about.fb.com\/fr\/news\/2016\/04\/recapitulatif-de-la-2eme-journee-du-f8\/\",\"url\":\"https:\/\/about.fb.com\/fr\/news\/2016\/04\/recapitulatif-de-la-2eme-journee-du-f8\/\",\"name\":\"R\u00e9capitulatif de la 2\u00e8me journ\u00e9e du F8 | \u00c0 propos de Meta\",\"isPartOf\":{\"@id\":\"https:\/\/about.fb.com\/fr\/#website\"},\"primaryImageOfPage\":{\"@id\":\"https:\/\/about.fb.com\/fr\/news\/2016\/04\/recapitulatif-de-la-2eme-journee-du-f8\/#primaryimage\"},\"image\":{\"@id\":\"https:\/\/about.fb.com\/fr\/news\/2016\/04\/recapitulatif-de-la-2eme-journee-du-f8\/#primaryimage\"},\"thumbnailUrl\":\"https:\/\/about.fb.com\/fr\/wp-content\/uploads\/sites\/12\/2016\/04\/1.jpg?fit=1444%2C963\",\"datePublished\":\"2016-04-13T19:25:07+00:00\",\"dateModified\":\"2019-11-04T19:19:00+00:00\",\"breadcrumb\":{\"@id\":\"https:\/\/about.fb.com\/fr\/news\/2016\/04\/recapitulatif-de-la-2eme-journee-du-f8\/#breadcrumb\"},\"inLanguage\":\"fr-FR\",\"potentialAction\":[{\"@type\":\"ReadAction\",\"target\":[\"https:\/\/about.fb.com\/fr\/news\/2016\/04\/recapitulatif-de-la-2eme-journee-du-f8\/\"]}],\"author\":\"\u00c0 propos de Meta\"},{\"@type\":\"ImageObject\",\"inLanguage\":\"fr-FR\",\"@id\":\"https:\/\/about.fb.com\/fr\/news\/2016\/04\/recapitulatif-de-la-2eme-journee-du-f8\/#primaryimage\",\"url\":\"https:\/\/about.fb.com\/fr\/wp-content\/uploads\/sites\/12\/2016\/04\/1.jpg?fit=1444%2C963\",\"contentUrl\":\"https:\/\/about.fb.com\/fr\/wp-content\/uploads\/sites\/12\/2016\/04\/1.jpg?fit=1444%2C963\",\"width\":1444,\"height\":963},{\"@type\":\"BreadcrumbList\",\"@id\":\"https:\/\/about.fb.com\/fr\/news\/2016\/04\/recapitulatif-de-la-2eme-journee-du-f8\/#breadcrumb\",\"itemListElement\":[{\"@type\":\"ListItem\",\"position\":1,\"name\":\"Home\",\"item\":\"https:\/\/about.fb.com\/fr\/\"},{\"@type\":\"ListItem\",\"position\":2,\"name\":\"R\u00e9capitulatif de la 2\u00e8me journ\u00e9e du F8\"}]},{\"@type\":\"WebSite\",\"@id\":\"https:\/\/about.fb.com\/fr\/#website\",\"url\":\"https:\/\/about.fb.com\/news\/\",\"name\":\"\u00c0 propos de Meta\",\"description\":\"\",\"publisher\":{\"@id\":\"https:\/\/about.fb.com\/fr\/#organization\"},\"potentialAction\":[{\"@type\":\"SearchAction\",\"target\":{\"@type\":\"EntryPoint\",\"urlTemplate\":\"https:\/\/about.fb.com\/fr\/?s={search_term_string}\"},\"query-input\":{\"@type\":\"PropertyValueSpecification\",\"valueRequired\":true,\"valueName\":\"search_term_string\"}}],\"inLanguage\":\"fr-FR\",\"alternateName\":[\"Meta Newsroom\",\"Meta\"]},{\"@type\":\"Organization\",\"@id\":\"https:\/\/about.fb.com\/fr\/#organization\",\"name\":\"Meta\",\"url\":\"https:\/\/about.fb.com\/fr\/\",\"logo\":{\"@type\":\"ImageObject\",\"inLanguage\":\"fr-FR\",\"@id\":\"https:\/\/about.fb.com\/fr\/#\/schema\/logo\/image\/\",\"url\":\"https:\/\/about.fb.com\/fr\/wp-content\/uploads\/sites\/12\/2021\/10\/meta-social-16x9-1.jpg?fit=8000%2C4500\",\"contentUrl\":\"https:\/\/about.fb.com\/fr\/wp-content\/uploads\/sites\/12\/2021\/10\/meta-social-16x9-1.jpg?fit=8000%2C4500\",\"width\":8000,\"height\":4500,\"caption\":\"Meta\"},\"image\":{\"@id\":\"https:\/\/about.fb.com\/fr\/#\/schema\/logo\/image\/\"}}]}<\/script>\n<!-- \/ Yoast SEO plugin. -->","yoast_head_json":{"title":"R\u00e9capitulatif de la 2\u00e8me journ\u00e9e du F8 | \u00c0 propos de Meta","robots":{"index":"index","follow":"follow","max-snippet":"max-snippet:-1","max-image-preview":"max-image-preview:large","max-video-preview":"max-video-preview:-1"},"canonical":"https:\/\/about.fb.com\/fr\/news\/2016\/04\/recapitulatif-de-la-2eme-journee-du-f8\/","og_locale":"fr_FR","og_type":"article","og_title":"R\u00e9capitulatif de la 2\u00e8me journ\u00e9e du F8 | \u00c0 propos de Meta","og_description":"Ca y est, le F8 2016 touche \u00e0 sa fin. Plusieurs milliers de personnes \u00e9taient pr\u00e9sentes \u00e0 l&rsquo;\u00e9v\u00e9nement, et plus d&rsquo;un million ont regard\u00e9 les vid\u00e9os en ligne. Lors de la pr\u00e9sentation d&rsquo;ouverture aujourd&rsquo;hui, Mike Schroepfer, CTO chez Facebook, a \u00e9voqu\u00e9 son optimisme quant au fait de rendre Internet accessible \u00e0 chacun ainsi que les nouvelles opportunit\u00e9s que repr\u00e9sentent l&rsquo;Intelligence Artificielle et la R\u00e9alit\u00e9 Augment\u00e9e. Voici les points importants \u00e0 retenir. Le Facebook Connectivity Lab Le r\u00f4le de cette \u00e9quipe est d&rsquo;aider \u00e0 connecter les gens qui n&rsquo;ont pas encore acc\u00e8s \u00e0 Internet. Nous annon\u00e7ons aujourd&rsquo;hui 2 nouveaux syst\u00e8mes d&rsquo;acc\u00e8s \u00e0 Internet, qui ont pour mission d&rsquo;am\u00e9liorer la vitesse, l&rsquo;efficacit\u00e9 et la qualit\u00e9 de la connexion Internet partout dans le monde : Terragraph, pour les zones urbaines \u00e0 forte densit\u00e9 de population et ARIES, qui permet d&rsquo;accentuer les signaux dans les zones \u00e0 faible densit\u00e9. Le social VR La r\u00e9alit\u00e9 virtuelle a un fort potentiel en termes d&rsquo;interactions sociales.\u00a0C&rsquo;est pourquoi nous avons cr\u00e9\u00e9 une \u00e9quipe d\u00e9di\u00e9e au Social VR, qui explore les moyens d&rsquo;utiliser la r\u00e9alit\u00e9 virtuelle pour aider les gens \u00e0 \u00e9changer et partager de nouvelles exp\u00e9riences. Nous avons diffus\u00e9 une d\u00e9monstration de Toybox, une de nos premi\u00e8res avanc\u00e9es en termes de social VR, qui fonctionne avec Oculus, et permet notamment aux utilisateurs d&rsquo;interagir avec l&rsquo;environnement. Nous avons \u00e9galement montr\u00e9 en avant-premi\u00e8re Sequencer, qui permet de communiquer avec votre corps, en plus de votre voie. Imaginez une soir\u00e9e dansante en R\u00e9alit\u00e9 Virtuelle ! [vimeo 162707492 w=500 h=281] L&rsquo;open Source Au cours des derniers mois, la plateforme React Native a boulevers\u00e9 la mani\u00e8re dont les d\u00e9veloppeurs produisent des applications sur iOS. Ce soir, nous avons annonc\u00e9 de nouvelles fonctionnalit\u00e9s au sein de l&rsquo;\u00e9cosyst\u00e8me React Native : React Native pour Windows, React Native pour Tizen (OS pour la plupart des SmartTVs Samsung) et le SDK Facebook pour React Native, qui permettra aux d\u00e9veloppeurs de mettre en place plus facilement les fonctionnalit\u00e9s telles que le Facebook Login, le partage, etc&#8230; Un levier\u00a0majeur dans notre volont\u00e9 d&rsquo;apporter des exp\u00e9riences de qualit\u00e9 sur mobile consiste \u00e0 d\u00e9velopper des outils internes. C&rsquo;est pourquoi nous partageons en Open Source de plus en plus de projets pour aider les d\u00e9veloppeurs \u00e0 am\u00e9liorer les performances de leurs applications. ReDex permet de r\u00e9duire le point d&rsquo;une application Android et g\u00e9n\u00e8re des temps d&rsquo;ouverture plus rapides. Remodel est un outil permettant de dupliquer du code automatiquement et de construire ainsi des infrastructures complexes sur IOs. Le \u00ab\u00a0iOS memory management bundle\u00a0\u00bb\u00a0s&rsquo;attaque \u00e0 des probl\u00e8mes de m\u00e9moire d&rsquo;applications, qui permet d&rsquo;am\u00e9liorer les performances d&rsquo;une application. Pour en savoir plus :\u00a0https:\/\/code.facebook.com\/","og_url":"https:\/\/about.fb.com\/fr\/news\/2016\/04\/recapitulatif-de-la-2eme-journee-du-f8\/","og_site_name":"\u00c0 propos de Meta","article_published_time":"2016-04-13T19:25:07+00:00","article_modified_time":"2019-11-04T19:19:00+00:00","og_image":[{"width":1024,"height":683,"url":"https:\/\/about.fb.com\/fr\/wp-content\/uploads\/sites\/12\/2016\/04\/1.jpg?resize=1024,683","type":"image\/jpeg"}],"author":"Pierre Gayno","twitter_card":"summary_large_image","twitter_misc":{"Written by":"Meta","Est. reading time":"2 minutes"},"schema":{"@context":"https:\/\/schema.org","@graph":[{"@type":"Article","@id":"https:\/\/about.fb.com\/fr\/news\/2016\/04\/recapitulatif-de-la-2eme-journee-du-f8\/#article","isPartOf":{"@id":"https:\/\/about.fb.com\/fr\/news\/2016\/04\/recapitulatif-de-la-2eme-journee-du-f8\/"},"author":"Facebook company","headline":"R\u00e9capitulatif de la 2\u00e8me journ\u00e9e du F8","datePublished":"2016-04-13T19:25:07+00:00","dateModified":"2019-11-04T19:19:00+00:00","mainEntityOfPage":{"@id":"https:\/\/about.fb.com\/fr\/news\/2016\/04\/recapitulatif-de-la-2eme-journee-du-f8\/"},"wordCount":492,"publisher":{"@id":"https:\/\/about.fb.com\/fr\/#organization"},"image":{"@id":"https:\/\/about.fb.com\/fr\/news\/2016\/04\/recapitulatif-de-la-2eme-journee-du-f8\/#primaryimage"},"thumbnailUrl":"https:\/\/about.fb.com\/fr\/wp-content\/uploads\/sites\/12\/2016\/04\/1.jpg?fit=1444%2C963","articleSection":["Uncategorized"],"inLanguage":"fr-FR"},{"@type":"WebPage","@id":"https:\/\/about.fb.com\/fr\/news\/2016\/04\/recapitulatif-de-la-2eme-journee-du-f8\/","url":"https:\/\/about.fb.com\/fr\/news\/2016\/04\/recapitulatif-de-la-2eme-journee-du-f8\/","name":"R\u00e9capitulatif de la 2\u00e8me journ\u00e9e du F8 | \u00c0 propos de Meta","isPartOf":{"@id":"https:\/\/about.fb.com\/fr\/#website"},"primaryImageOfPage":{"@id":"https:\/\/about.fb.com\/fr\/news\/2016\/04\/recapitulatif-de-la-2eme-journee-du-f8\/#primaryimage"},"image":{"@id":"https:\/\/about.fb.com\/fr\/news\/2016\/04\/recapitulatif-de-la-2eme-journee-du-f8\/#primaryimage"},"thumbnailUrl":"https:\/\/about.fb.com\/fr\/wp-content\/uploads\/sites\/12\/2016\/04\/1.jpg?fit=1444%2C963","datePublished":"2016-04-13T19:25:07+00:00","dateModified":"2019-11-04T19:19:00+00:00","breadcrumb":{"@id":"https:\/\/about.fb.com\/fr\/news\/2016\/04\/recapitulatif-de-la-2eme-journee-du-f8\/#breadcrumb"},"inLanguage":"fr-FR","potentialAction":[{"@type":"ReadAction","target":["https:\/\/about.fb.com\/fr\/news\/2016\/04\/recapitulatif-de-la-2eme-journee-du-f8\/"]}],"author":"\u00c0 propos de Meta"},{"@type":"ImageObject","inLanguage":"fr-FR","@id":"https:\/\/about.fb.com\/fr\/news\/2016\/04\/recapitulatif-de-la-2eme-journee-du-f8\/#primaryimage","url":"https:\/\/about.fb.com\/fr\/wp-content\/uploads\/sites\/12\/2016\/04\/1.jpg?fit=1444%2C963","contentUrl":"https:\/\/about.fb.com\/fr\/wp-content\/uploads\/sites\/12\/2016\/04\/1.jpg?fit=1444%2C963","width":1444,"height":963},{"@type":"BreadcrumbList","@id":"https:\/\/about.fb.com\/fr\/news\/2016\/04\/recapitulatif-de-la-2eme-journee-du-f8\/#breadcrumb","itemListElement":[{"@type":"ListItem","position":1,"name":"Home","item":"https:\/\/about.fb.com\/fr\/"},{"@type":"ListItem","position":2,"name":"R\u00e9capitulatif de la 2\u00e8me journ\u00e9e du F8"}]},{"@type":"WebSite","@id":"https:\/\/about.fb.com\/fr\/#website","url":"https:\/\/about.fb.com\/news\/","name":"\u00c0 propos de Meta","description":"","publisher":{"@id":"https:\/\/about.fb.com\/fr\/#organization"},"potentialAction":[{"@type":"SearchAction","target":{"@type":"EntryPoint","urlTemplate":"https:\/\/about.fb.com\/fr\/?s={search_term_string}"},"query-input":{"@type":"PropertyValueSpecification","valueRequired":true,"valueName":"search_term_string"}}],"inLanguage":"fr-FR","alternateName":["Meta Newsroom","Meta"]},{"@type":"Organization","@id":"https:\/\/about.fb.com\/fr\/#organization","name":"Meta","url":"https:\/\/about.fb.com\/fr\/","logo":{"@type":"ImageObject","inLanguage":"fr-FR","@id":"https:\/\/about.fb.com\/fr\/#\/schema\/logo\/image\/","url":"https:\/\/about.fb.com\/fr\/wp-content\/uploads\/sites\/12\/2021\/10\/meta-social-16x9-1.jpg?fit=8000%2C4500","contentUrl":"https:\/\/about.fb.com\/fr\/wp-content\/uploads\/sites\/12\/2021\/10\/meta-social-16x9-1.jpg?fit=8000%2C4500","width":8000,"height":4500,"caption":"Meta"},"image":{"@id":"https:\/\/about.fb.com\/fr\/#\/schema\/logo\/image\/"}}]}},"jetpack_featured_media_url":"https:\/\/about.fb.com\/fr\/wp-content\/uploads\/sites\/12\/2016\/04\/1.jpg?fit=1444%2C963","jetpack-related-posts":[],"jetpack_sharing_enabled":true,"amp_enabled":true,"_links":{"self":[{"href":"https:\/\/about.fb.com\/fr\/wp-json\/wp\/v2\/posts\/5575","targetHints":{"allow":["GET"]}}],"collection":[{"href":"https:\/\/about.fb.com\/fr\/wp-json\/wp\/v2\/posts"}],"about":[{"href":"https:\/\/about.fb.com\/fr\/wp-json\/wp\/v2\/types\/post"}],"author":[{"embeddable":true,"href":"https:\/\/about.fb.com\/fr\/wp-json\/wp\/v2\/users\/99582019"}],"replies":[{"embeddable":true,"href":"https:\/\/about.fb.com\/fr\/wp-json\/wp\/v2\/comments?post=5575"}],"version-history":[{"count":58,"href":"https:\/\/about.fb.com\/fr\/wp-json\/wp\/v2\/posts\/5575\/revisions"}],"predecessor-version":[{"id":8322,"href":"https:\/\/about.fb.com\/fr\/wp-json\/wp\/v2\/posts\/5575\/revisions\/8322"}],"wp:featuredmedia":[{"embeddable":true,"href":"https:\/\/about.fb.com\/fr\/wp-json\/wp\/v2\/media\/5630"}],"wp:attachment":[{"href":"https:\/\/about.fb.com\/fr\/wp-json\/wp\/v2\/media?parent=5575"}],"wp:term":[{"taxonomy":"category","embeddable":true,"href":"https:\/\/about.fb.com\/fr\/wp-json\/wp\/v2\/categories?post=5575"},{"taxonomy":"post_tag","embeddable":true,"href":"https:\/\/about.fb.com\/fr\/wp-json\/wp\/v2\/tags?post=5575"}],"curies":[{"name":"wp","href":"https:\/\/api.w.org\/{rel}","templated":true}]}}