{"id":5256,"date":"2015-10-20T13:53:34","date_gmt":"2015-10-20T13:53:34","guid":{"rendered":"http:\/\/fr.newsroom.fb.com\/?p=5256"},"modified":"2020-02-25T06:56:01","modified_gmt":"2020-02-25T05:56:01","slug":"groupama-et-facebook-france-sassocient-pour-promouvoir-le-defi-francais-groupama-team-france-a-la-prochaine-coupe-de-lamerica","status":"publish","type":"post","link":"https:\/\/about.fb.com\/fr\/news\/2015\/10\/groupama-et-facebook-france-sassocient-pour-promouvoir-le-defi-francais-groupama-team-france-a-la-prochaine-coupe-de-lamerica\/","title":{"rendered":"Groupama et Facebook France s&rsquo;associent pour promouvoir le d\u00e9fi fran\u00e7ais Groupama Team France \u00e0 la prochaine Coupe de l&rsquo;America"},"content":{"rendered":"<h4><strong>Groupama et Facebook France s&rsquo;associent pour promouvoir, aupr\u00e8s des fran\u00e7ais et sur le plus grand r\u00e9seau social au monde, le d\u00e9fi tricolore Groupama Team France, emmen\u00e9 par Franck Cammas, Michel Desjoyeaux et Olivier de Kersauson, pour la prochaine Coupe de l&rsquo;America en 2017. Ce partenariat permettra de suivre de mani\u00e8re innovante l&rsquo;\u00e9quipe fran\u00e7aise dans son projet sportif mais aussi collectif, technologique et \u00e9conomique d&rsquo;ici \u00e0 2017 et contribuera \u00e0 cr\u00e9er une forte mobilisation nationale autour de nos marins d&rsquo;exception.<\/strong><\/h4>\n<p>Facebook et Instagram s\u2019associent \u00e0 la coupe de l\u2019America pour que les fran\u00e7ais puissent suivre l\u2019\u00e9v\u00e9nement depuis la pr\u00e9paration des \u00e9quipes jusqu\u2019\u00e0 la comp\u00e9tition. A travers ce partenariat avec Groupama, l\u2019objectif est d\u2019offrir aux fran\u00e7ais une immersion exclusive au sein de Groupama Team France et de les int\u00e9resser au projet sur des aspects sportifs, humains et technologiques.<\/p>\n<p>Groupama entend s\u2019appuyer sur les 30 millions d\u2019utilisateurs de Facebook et sur la communaut\u00e9 Instagram en France, afin de rassembler et communiquer autour de cet \u00e9v\u00e9nement, des contenus pens\u00e9s d\u00e8s le d\u00e9part pour le mobile, en particulier la vid\u00e9o, en forte progression sur ces plateformes. Ainsi, Groupama b\u00e9n\u00e9ficiera de ressources d\u00e9di\u00e9es de Facebook qui mobilisera fortement ses \u00e9quipes\u00a0 marketing, commerciales et cr\u00e9atives. Le groupe aura aussi un acc\u00e8s privil\u00e9gi\u00e9 aux derni\u00e8res innovations en termes de produits et formats de communication de Facebook. Le Creative Shop de Facebook accompagnera les \u00e9quipes de Groupama pour f\u00e9d\u00e9rer les Fran\u00e7ais derri\u00e8re Groupama Team France gr\u00e2ce \u00e0 un contenu original et attractif.<\/p>\n<p>Pour Sylvain Burel, Directeur de la Communication du Groupe Groupama : \u00ab <em>Ce partenariat avec Facebook, qui choisi de s\u2019associer pour la premi\u00e8re fois en France \u00e0 un \u00e9v\u00e8nement sportif, s\u2019inscrit dans la d\u00e9marche d\u2019innovation et de communication engag\u00e9e par notre groupe. Facebook et Instagram seront des outils puissants pour f\u00e9d\u00e9rer et mobiliser nos publics autour de notre marque, et du d\u00e9fi Groupama Team France<\/em> \u00bb.<\/p>\n<p>\u00ab <em>Nous sommes ravis d\u2019\u00eatre associ\u00e9s \u00e0 un \u00e9v\u00e8nement aussi prestigieux et de permettre aux 30 millions de Fran\u00e7ais pr\u00e9sents sur Facebook ainsi que la communaut\u00e9 Instagram de vivre en direct et de partager des moments forts autour du Groupama Team France<\/em> \u00bb<\/p>\n<p>\u00ab <em>Au c\u0153ur de ce partenariat, les \u00e9quipes Facebook et Instagram se mobilisent pour faire de cette op\u00e9ration un succ\u00e8s. Ce dispositif unique marque notre volont\u00e9 de mettre l\u2019ensemble des outils et expertises de Facebook \u00e0 la disposition de Groupama. Notre objectif commun : rendre accessible La Coupe de l\u2019America et faire vivre ce grand \u00e9v\u00e9nement au plus grand nombre<\/em> \u00bb explique Laurent Solly, Directeur G\u00e9n\u00e9ral de Facebook France.<\/p>\n<p>Soutenez Groupama Team France via <a href=\"https:\/\/www.facebook.com\/groupama?fref=ts\" target=\"_blank\" rel=\"noopener noreferrer\">Facebook Groupama <\/a>!<\/p>\n<h4><img data-recalc-dims=\"1\" loading=\"lazy\" decoding=\"async\" class=\"wp-image-5257 alignleft\" src=\"https:\/\/about.fb.com\/fr\/wp-content\/uploads\/sites\/5\/2015\/10\/image001-1.png?resize=100%2C100\" alt=\"Logo Groupama\" width=\"100\" height=\"100\" \/><\/h4>\n<h4><img data-recalc-dims=\"1\" loading=\"lazy\" decoding=\"async\" class=\"alignright wp-image-5258\" src=\"https:\/\/about.fb.com\/fr\/wp-content\/uploads\/sites\/5\/2015\/10\/image003-1.png?resize=100%2C100\" alt=\"Logo groupama team france\" width=\"100\" height=\"100\" \/><\/h4>\n<p>&nbsp;<\/p>\n<p>&nbsp;<\/p>\n<p>&nbsp;<\/p>\n<p>&nbsp;<\/p>\n<p><span style=\"text-decoration:underline;\">A propos du groupe Groupama<\/span><br \/>\n<em>Fort de ses trois marques \u2013 Groupama, Gan, Amaguiz, le groupe Groupama, l\u2019un des premiers groupes d\u2019assurance mutualistes en France, d\u00e9veloppe ses activit\u00e9s d\u2019assurance, de banque et de services dans onze pays. Le groupe compte 13 millions de clients et 34 000 collaborateurs \u00e0 travers le monde, avec un chiffre d\u2019affaires de 13,6 milliards d\u2019euros. Retrouvez toute l\u2019actualit\u00e9 du groupe Groupama sur son site internet (<a href=\"http:\/\/www.groupama.com\" target=\"_blank\" rel=\"noopener noreferrer\">www.groupama.com<\/a>) et sur son compte Twitter (@GroupeGroupama).<\/em><\/p>\n<p>&nbsp;<\/p>\n<p>&nbsp;<\/p>\n<p>&nbsp;<\/p>\n","protected":false},"excerpt":{"rendered":"Groupama et Facebook France s&rsquo;associent pour promouvoir, aupr\u00e8s des fran\u00e7ais et sur le plus grand r\u00e9seau social au monde, le d\u00e9fi tricolore Groupama Team France, emmen\u00e9 par Franck Cammas, Michel Desjoyeaux et Olivier de Kersauson, pour la prochaine Coupe de l&rsquo;America en 2017. Ce partenariat permettra de suivre de mani\u00e8re innovante l&rsquo;\u00e9quipe fran\u00e7aise dans son projet sportif mais aussi collectif, technologique et \u00e9conomique d&rsquo;ici \u00e0 2017 et contribuera \u00e0 cr\u00e9er une forte mobilisation nationale autour de nos marins d&rsquo;exception. Facebook et Instagram s\u2019associent \u00e0 la coupe de l\u2019America pour que les fran\u00e7ais puissent suivre l\u2019\u00e9v\u00e9nement depuis la pr\u00e9paration des \u00e9quipes jusqu\u2019\u00e0 la comp\u00e9tition. A travers ce partenariat avec Groupama, l\u2019objectif est d\u2019offrir aux fran\u00e7ais une immersion exclusive au sein de Groupama Team France et de les int\u00e9resser au projet sur des aspects sportifs, humains et technologiques. Groupama entend s\u2019appuyer sur les 30 millions d\u2019utilisateurs de Facebook et sur la communaut\u00e9 Instagram en France, afin de rassembler et communiquer autour de cet \u00e9v\u00e9nement, des contenus pens\u00e9s d\u00e8s le d\u00e9part pour le mobile, en particulier la vid\u00e9o, en forte progression sur ces plateformes. Ainsi, Groupama b\u00e9n\u00e9ficiera de ressources d\u00e9di\u00e9es de Facebook qui mobilisera fortement ses \u00e9quipes\u00a0 marketing, commerciales et cr\u00e9atives. Le groupe aura aussi un acc\u00e8s privil\u00e9gi\u00e9 aux derni\u00e8res innovations en termes de produits et formats de communication de Facebook. Le Creative Shop de Facebook accompagnera les \u00e9quipes de Groupama pour f\u00e9d\u00e9rer les Fran\u00e7ais derri\u00e8re Groupama Team France gr\u00e2ce \u00e0 un contenu original et attractif. Pour Sylvain Burel, Directeur de la Communication du Groupe Groupama : \u00ab Ce partenariat avec Facebook, qui choisi de s\u2019associer pour la premi\u00e8re fois en France \u00e0 un \u00e9v\u00e8nement sportif, s\u2019inscrit dans la d\u00e9marche d\u2019innovation et de communication engag\u00e9e par notre groupe. Facebook et Instagram seront des outils puissants pour f\u00e9d\u00e9rer et mobiliser nos publics autour de notre marque, et du d\u00e9fi Groupama Team France \u00bb. \u00ab Nous sommes ravis d\u2019\u00eatre associ\u00e9s \u00e0 un \u00e9v\u00e8nement aussi prestigieux et de permettre aux 30 millions de Fran\u00e7ais pr\u00e9sents sur Facebook ainsi que la communaut\u00e9 Instagram de vivre en direct et de partager des moments forts autour du Groupama Team France \u00bb \u00ab Au c\u0153ur de ce partenariat, les \u00e9quipes Facebook et Instagram se mobilisent pour faire de cette op\u00e9ration un succ\u00e8s. Ce dispositif unique marque notre volont\u00e9 de mettre l\u2019ensemble des outils et expertises de Facebook \u00e0 la disposition de Groupama. Notre objectif commun : rendre accessible La Coupe de l\u2019America et faire vivre ce grand \u00e9v\u00e9nement au plus grand nombre \u00bb explique Laurent Solly, Directeur G\u00e9n\u00e9ral de Facebook France. Soutenez Groupama Team France via Facebook Groupama ! &nbsp; &nbsp; &nbsp; &nbsp; A propos du groupe Groupama Fort de ses trois marques \u2013 Groupama, Gan, Amaguiz, le groupe Groupama, l\u2019un des premiers groupes d\u2019assurance mutualistes en France, d\u00e9veloppe ses activit\u00e9s d\u2019assurance, de banque et de services dans onze pays. Le groupe compte 13 millions de clients et 34 000 collaborateurs \u00e0 travers le monde, avec un chiffre d\u2019affaires de 13,6 milliards d\u2019euros. Retrouvez toute l\u2019actualit\u00e9 du groupe Groupama sur son site internet (www.groupama.com) et sur son compte Twitter (@GroupeGroupama). &nbsp; &nbsp; &nbsp;","protected":false},"author":108706932,"featured_media":0,"comment_status":"closed","ping_status":"closed","sticky":false,"template":"","format":"standard","meta":{"_jetpack_memberships_contains_paid_content":false,"footnotes":""},"categories":[243897990],"tags":[7241325,4864897,636740],"class_list":["post-5256","post","type-post","status-publish","format-standard","hentry","category-actualites","tag-coupe-de-lamerica","tag-groupama","tag-partenariat"],"yoast_head":"<!-- This site is optimized with the Yoast SEO plugin v27.2 - https:\/\/yoast.com\/product\/yoast-seo-wordpress\/ -->\n<title>Groupama et Facebook France s&#039;associent pour promouvoir le d\u00e9fi fran\u00e7ais Groupama Team France \u00e0 la prochaine Coupe de l&#039;America | \u00c0 propos de Meta<\/title>\n<meta name=\"robots\" content=\"index, follow, max-snippet:-1, max-image-preview:large, max-video-preview:-1\" \/>\n<link rel=\"canonical\" href=\"https:\/\/about.fb.com\/fr\/news\/2015\/10\/groupama-et-facebook-france-sassocient-pour-promouvoir-le-defi-francais-groupama-team-france-a-la-prochaine-coupe-de-lamerica\/\" \/>\n<meta property=\"og:locale\" content=\"fr_FR\" \/>\n<meta property=\"og:type\" content=\"article\" \/>\n<meta property=\"og:title\" content=\"Groupama et Facebook France s&#039;associent pour promouvoir le d\u00e9fi fran\u00e7ais Groupama Team France \u00e0 la prochaine Coupe de l&#039;America | \u00c0 propos de Meta\" \/>\n<meta property=\"og:description\" content=\"Groupama et Facebook France s&rsquo;associent pour promouvoir, aupr\u00e8s des fran\u00e7ais et sur le plus grand r\u00e9seau social au monde, le d\u00e9fi tricolore Groupama Team France, emmen\u00e9 par Franck Cammas, Michel Desjoyeaux et Olivier de Kersauson, pour la prochaine Coupe de l&rsquo;America en 2017. Ce partenariat permettra de suivre de mani\u00e8re innovante l&rsquo;\u00e9quipe fran\u00e7aise dans son projet sportif mais aussi collectif, technologique et \u00e9conomique d&rsquo;ici \u00e0 2017 et contribuera \u00e0 cr\u00e9er une forte mobilisation nationale autour de nos marins d&rsquo;exception. Facebook et Instagram s\u2019associent \u00e0 la coupe de l\u2019America pour que les fran\u00e7ais puissent suivre l\u2019\u00e9v\u00e9nement depuis la pr\u00e9paration des \u00e9quipes jusqu\u2019\u00e0 la comp\u00e9tition. A travers ce partenariat avec Groupama, l\u2019objectif est d\u2019offrir aux fran\u00e7ais une immersion exclusive au sein de Groupama Team France et de les int\u00e9resser au projet sur des aspects sportifs, humains et technologiques. Groupama entend s\u2019appuyer sur les 30 millions d\u2019utilisateurs de Facebook et sur la communaut\u00e9 Instagram en France, afin de rassembler et communiquer autour de cet \u00e9v\u00e9nement, des contenus pens\u00e9s d\u00e8s le d\u00e9part pour le mobile, en particulier la vid\u00e9o, en forte progression sur ces plateformes. Ainsi, Groupama b\u00e9n\u00e9ficiera de ressources d\u00e9di\u00e9es de Facebook qui mobilisera fortement ses \u00e9quipes\u00a0 marketing, commerciales et cr\u00e9atives. Le groupe aura aussi un acc\u00e8s privil\u00e9gi\u00e9 aux derni\u00e8res innovations en termes de produits et formats de communication de Facebook. Le Creative Shop de Facebook accompagnera les \u00e9quipes de Groupama pour f\u00e9d\u00e9rer les Fran\u00e7ais derri\u00e8re Groupama Team France gr\u00e2ce \u00e0 un contenu original et attractif. Pour Sylvain Burel, Directeur de la Communication du Groupe Groupama : \u00ab Ce partenariat avec Facebook, qui choisi de s\u2019associer pour la premi\u00e8re fois en France \u00e0 un \u00e9v\u00e8nement sportif, s\u2019inscrit dans la d\u00e9marche d\u2019innovation et de communication engag\u00e9e par notre groupe. Facebook et Instagram seront des outils puissants pour f\u00e9d\u00e9rer et mobiliser nos publics autour de notre marque, et du d\u00e9fi Groupama Team France \u00bb. \u00ab Nous sommes ravis d\u2019\u00eatre associ\u00e9s \u00e0 un \u00e9v\u00e8nement aussi prestigieux et de permettre aux 30 millions de Fran\u00e7ais pr\u00e9sents sur Facebook ainsi que la communaut\u00e9 Instagram de vivre en direct et de partager des moments forts autour du Groupama Team France \u00bb \u00ab Au c\u0153ur de ce partenariat, les \u00e9quipes Facebook et Instagram se mobilisent pour faire de cette op\u00e9ration un succ\u00e8s. Ce dispositif unique marque notre volont\u00e9 de mettre l\u2019ensemble des outils et expertises de Facebook \u00e0 la disposition de Groupama. Notre objectif commun : rendre accessible La Coupe de l\u2019America et faire vivre ce grand \u00e9v\u00e9nement au plus grand nombre \u00bb explique Laurent Solly, Directeur G\u00e9n\u00e9ral de Facebook France. Soutenez Groupama Team France via Facebook Groupama ! &nbsp; &nbsp; &nbsp; &nbsp; A propos du groupe Groupama Fort de ses trois marques \u2013 Groupama, Gan, Amaguiz, le groupe Groupama, l\u2019un des premiers groupes d\u2019assurance mutualistes en France, d\u00e9veloppe ses activit\u00e9s d\u2019assurance, de banque et de services dans onze pays. Le groupe compte 13 millions de clients et 34 000 collaborateurs \u00e0 travers le monde, avec un chiffre d\u2019affaires de 13,6 milliards d\u2019euros. Retrouvez toute l\u2019actualit\u00e9 du groupe Groupama sur son site internet (www.groupama.com) et sur son compte Twitter (@GroupeGroupama). &nbsp; &nbsp; &nbsp;\" \/>\n<meta property=\"og:url\" content=\"https:\/\/about.fb.com\/fr\/news\/2015\/10\/groupama-et-facebook-france-sassocient-pour-promouvoir-le-defi-francais-groupama-team-france-a-la-prochaine-coupe-de-lamerica\/\" \/>\n<meta property=\"og:site_name\" content=\"\u00c0 propos de Meta\" \/>\n<meta property=\"article:published_time\" content=\"2015-10-20T13:53:34+00:00\" \/>\n<meta property=\"article:modified_time\" content=\"2020-02-25T05:56:01+00:00\" \/>\n<meta property=\"og:image\" content=\"https:\/\/about.fb.com\/fr\/wp-content\/uploads\/sites\/5\/2015\/10\/image001-1.png\" \/>\n<meta name=\"author\" content=\"gigifb\" \/>\n<meta name=\"twitter:card\" content=\"summary_large_image\" \/>\n<meta name=\"twitter:label1\" content=\"Written by\" \/>\n\t<meta name=\"twitter:data1\" content=\"Meta\" \/>\n\t<meta name=\"twitter:label2\" content=\"Est. reading time\" \/>\n\t<meta name=\"twitter:data2\" content=\"3 minutes\" \/>\n<script type=\"application\/ld+json\" class=\"yoast-schema-graph\">{\"@context\":\"https:\/\/schema.org\",\"@graph\":[{\"@type\":\"Article\",\"@id\":\"https:\/\/about.fb.com\/fr\/news\/2015\/10\/groupama-et-facebook-france-sassocient-pour-promouvoir-le-defi-francais-groupama-team-france-a-la-prochaine-coupe-de-lamerica\/#article\",\"isPartOf\":{\"@id\":\"https:\/\/about.fb.com\/fr\/news\/2015\/10\/groupama-et-facebook-france-sassocient-pour-promouvoir-le-defi-francais-groupama-team-france-a-la-prochaine-coupe-de-lamerica\/\"},\"author\":\"Facebook company\",\"headline\":\"Groupama et Facebook France s&rsquo;associent pour promouvoir le d\u00e9fi fran\u00e7ais Groupama Team France \u00e0 la prochaine Coupe de l&rsquo;America\",\"datePublished\":\"2015-10-20T13:53:34+00:00\",\"dateModified\":\"2020-02-25T05:56:01+00:00\",\"mainEntityOfPage\":{\"@id\":\"https:\/\/about.fb.com\/fr\/news\/2015\/10\/groupama-et-facebook-france-sassocient-pour-promouvoir-le-defi-francais-groupama-team-france-a-la-prochaine-coupe-de-lamerica\/\"},\"wordCount\":585,\"publisher\":{\"@id\":\"https:\/\/about.fb.com\/fr\/#organization\"},\"image\":{\"@id\":\"https:\/\/about.fb.com\/fr\/news\/2015\/10\/groupama-et-facebook-france-sassocient-pour-promouvoir-le-defi-francais-groupama-team-france-a-la-prochaine-coupe-de-lamerica\/#primaryimage\"},\"thumbnailUrl\":\"https:\/\/about.fb.com\/fr\/wp-content\/uploads\/sites\/5\/2015\/10\/image001-1.png\",\"keywords\":[\"Coupe de l'America\",\"Groupama\",\"partenariat\"],\"articleSection\":[\"Actualit\u00e9s\"],\"inLanguage\":\"fr-FR\"},{\"@type\":\"WebPage\",\"@id\":\"https:\/\/about.fb.com\/fr\/news\/2015\/10\/groupama-et-facebook-france-sassocient-pour-promouvoir-le-defi-francais-groupama-team-france-a-la-prochaine-coupe-de-lamerica\/\",\"url\":\"https:\/\/about.fb.com\/fr\/news\/2015\/10\/groupama-et-facebook-france-sassocient-pour-promouvoir-le-defi-francais-groupama-team-france-a-la-prochaine-coupe-de-lamerica\/\",\"name\":\"Groupama et Facebook France s'associent pour promouvoir le d\u00e9fi fran\u00e7ais Groupama Team France \u00e0 la prochaine Coupe de l'America | \u00c0 propos de Meta\",\"isPartOf\":{\"@id\":\"https:\/\/about.fb.com\/fr\/#website\"},\"primaryImageOfPage\":{\"@id\":\"https:\/\/about.fb.com\/fr\/news\/2015\/10\/groupama-et-facebook-france-sassocient-pour-promouvoir-le-defi-francais-groupama-team-france-a-la-prochaine-coupe-de-lamerica\/#primaryimage\"},\"image\":{\"@id\":\"https:\/\/about.fb.com\/fr\/news\/2015\/10\/groupama-et-facebook-france-sassocient-pour-promouvoir-le-defi-francais-groupama-team-france-a-la-prochaine-coupe-de-lamerica\/#primaryimage\"},\"thumbnailUrl\":\"https:\/\/about.fb.com\/fr\/wp-content\/uploads\/sites\/5\/2015\/10\/image001-1.png\",\"datePublished\":\"2015-10-20T13:53:34+00:00\",\"dateModified\":\"2020-02-25T05:56:01+00:00\",\"breadcrumb\":{\"@id\":\"https:\/\/about.fb.com\/fr\/news\/2015\/10\/groupama-et-facebook-france-sassocient-pour-promouvoir-le-defi-francais-groupama-team-france-a-la-prochaine-coupe-de-lamerica\/#breadcrumb\"},\"inLanguage\":\"fr-FR\",\"potentialAction\":[{\"@type\":\"ReadAction\",\"target\":[\"https:\/\/about.fb.com\/fr\/news\/2015\/10\/groupama-et-facebook-france-sassocient-pour-promouvoir-le-defi-francais-groupama-team-france-a-la-prochaine-coupe-de-lamerica\/\"]}],\"author\":\"\u00c0 propos de Meta\"},{\"@type\":\"ImageObject\",\"inLanguage\":\"fr-FR\",\"@id\":\"https:\/\/about.fb.com\/fr\/news\/2015\/10\/groupama-et-facebook-france-sassocient-pour-promouvoir-le-defi-francais-groupama-team-france-a-la-prochaine-coupe-de-lamerica\/#primaryimage\",\"url\":\"https:\/\/about.fb.com\/fr\/wp-content\/uploads\/sites\/5\/2015\/10\/image001-1.png\",\"contentUrl\":\"https:\/\/about.fb.com\/fr\/wp-content\/uploads\/sites\/5\/2015\/10\/image001-1.png\"},{\"@type\":\"BreadcrumbList\",\"@id\":\"https:\/\/about.fb.com\/fr\/news\/2015\/10\/groupama-et-facebook-france-sassocient-pour-promouvoir-le-defi-francais-groupama-team-france-a-la-prochaine-coupe-de-lamerica\/#breadcrumb\",\"itemListElement\":[{\"@type\":\"ListItem\",\"position\":1,\"name\":\"Home\",\"item\":\"https:\/\/about.fb.com\/fr\/\"},{\"@type\":\"ListItem\",\"position\":2,\"name\":\"Groupama et Facebook France s&rsquo;associent pour promouvoir le d\u00e9fi fran\u00e7ais Groupama Team France \u00e0 la prochaine Coupe de l&rsquo;America\"}]},{\"@type\":\"WebSite\",\"@id\":\"https:\/\/about.fb.com\/fr\/#website\",\"url\":\"https:\/\/about.fb.com\/news\/\",\"name\":\"\u00c0 propos de Meta\",\"description\":\"\",\"publisher\":{\"@id\":\"https:\/\/about.fb.com\/fr\/#organization\"},\"potentialAction\":[{\"@type\":\"SearchAction\",\"target\":{\"@type\":\"EntryPoint\",\"urlTemplate\":\"https:\/\/about.fb.com\/fr\/?s={search_term_string}\"},\"query-input\":{\"@type\":\"PropertyValueSpecification\",\"valueRequired\":true,\"valueName\":\"search_term_string\"}}],\"inLanguage\":\"fr-FR\",\"alternateName\":[\"Meta Newsroom\",\"Meta\"]},{\"@type\":\"Organization\",\"@id\":\"https:\/\/about.fb.com\/fr\/#organization\",\"name\":\"Meta\",\"url\":\"https:\/\/about.fb.com\/fr\/\",\"logo\":{\"@type\":\"ImageObject\",\"inLanguage\":\"fr-FR\",\"@id\":\"https:\/\/about.fb.com\/fr\/#\/schema\/logo\/image\/\",\"url\":\"https:\/\/about.fb.com\/fr\/wp-content\/uploads\/sites\/12\/2021\/10\/meta-social-16x9-1.jpg?fit=8000%2C4500\",\"contentUrl\":\"https:\/\/about.fb.com\/fr\/wp-content\/uploads\/sites\/12\/2021\/10\/meta-social-16x9-1.jpg?fit=8000%2C4500\",\"width\":8000,\"height\":4500,\"caption\":\"Meta\"},\"image\":{\"@id\":\"https:\/\/about.fb.com\/fr\/#\/schema\/logo\/image\/\"}}]}<\/script>\n<!-- \/ Yoast SEO plugin. -->","yoast_head_json":{"title":"Groupama et Facebook France s'associent pour promouvoir le d\u00e9fi fran\u00e7ais Groupama Team France \u00e0 la prochaine Coupe de l'America | \u00c0 propos de Meta","robots":{"index":"index","follow":"follow","max-snippet":"max-snippet:-1","max-image-preview":"max-image-preview:large","max-video-preview":"max-video-preview:-1"},"canonical":"https:\/\/about.fb.com\/fr\/news\/2015\/10\/groupama-et-facebook-france-sassocient-pour-promouvoir-le-defi-francais-groupama-team-france-a-la-prochaine-coupe-de-lamerica\/","og_locale":"fr_FR","og_type":"article","og_title":"Groupama et Facebook France s'associent pour promouvoir le d\u00e9fi fran\u00e7ais Groupama Team France \u00e0 la prochaine Coupe de l'America | \u00c0 propos de Meta","og_description":"Groupama et Facebook France s&rsquo;associent pour promouvoir, aupr\u00e8s des fran\u00e7ais et sur le plus grand r\u00e9seau social au monde, le d\u00e9fi tricolore Groupama Team France, emmen\u00e9 par Franck Cammas, Michel Desjoyeaux et Olivier de Kersauson, pour la prochaine Coupe de l&rsquo;America en 2017. Ce partenariat permettra de suivre de mani\u00e8re innovante l&rsquo;\u00e9quipe fran\u00e7aise dans son projet sportif mais aussi collectif, technologique et \u00e9conomique d&rsquo;ici \u00e0 2017 et contribuera \u00e0 cr\u00e9er une forte mobilisation nationale autour de nos marins d&rsquo;exception. Facebook et Instagram s\u2019associent \u00e0 la coupe de l\u2019America pour que les fran\u00e7ais puissent suivre l\u2019\u00e9v\u00e9nement depuis la pr\u00e9paration des \u00e9quipes jusqu\u2019\u00e0 la comp\u00e9tition. A travers ce partenariat avec Groupama, l\u2019objectif est d\u2019offrir aux fran\u00e7ais une immersion exclusive au sein de Groupama Team France et de les int\u00e9resser au projet sur des aspects sportifs, humains et technologiques. Groupama entend s\u2019appuyer sur les 30 millions d\u2019utilisateurs de Facebook et sur la communaut\u00e9 Instagram en France, afin de rassembler et communiquer autour de cet \u00e9v\u00e9nement, des contenus pens\u00e9s d\u00e8s le d\u00e9part pour le mobile, en particulier la vid\u00e9o, en forte progression sur ces plateformes. Ainsi, Groupama b\u00e9n\u00e9ficiera de ressources d\u00e9di\u00e9es de Facebook qui mobilisera fortement ses \u00e9quipes\u00a0 marketing, commerciales et cr\u00e9atives. Le groupe aura aussi un acc\u00e8s privil\u00e9gi\u00e9 aux derni\u00e8res innovations en termes de produits et formats de communication de Facebook. Le Creative Shop de Facebook accompagnera les \u00e9quipes de Groupama pour f\u00e9d\u00e9rer les Fran\u00e7ais derri\u00e8re Groupama Team France gr\u00e2ce \u00e0 un contenu original et attractif. Pour Sylvain Burel, Directeur de la Communication du Groupe Groupama : \u00ab Ce partenariat avec Facebook, qui choisi de s\u2019associer pour la premi\u00e8re fois en France \u00e0 un \u00e9v\u00e8nement sportif, s\u2019inscrit dans la d\u00e9marche d\u2019innovation et de communication engag\u00e9e par notre groupe. Facebook et Instagram seront des outils puissants pour f\u00e9d\u00e9rer et mobiliser nos publics autour de notre marque, et du d\u00e9fi Groupama Team France \u00bb. \u00ab Nous sommes ravis d\u2019\u00eatre associ\u00e9s \u00e0 un \u00e9v\u00e8nement aussi prestigieux et de permettre aux 30 millions de Fran\u00e7ais pr\u00e9sents sur Facebook ainsi que la communaut\u00e9 Instagram de vivre en direct et de partager des moments forts autour du Groupama Team France \u00bb \u00ab Au c\u0153ur de ce partenariat, les \u00e9quipes Facebook et Instagram se mobilisent pour faire de cette op\u00e9ration un succ\u00e8s. Ce dispositif unique marque notre volont\u00e9 de mettre l\u2019ensemble des outils et expertises de Facebook \u00e0 la disposition de Groupama. Notre objectif commun : rendre accessible La Coupe de l\u2019America et faire vivre ce grand \u00e9v\u00e9nement au plus grand nombre \u00bb explique Laurent Solly, Directeur G\u00e9n\u00e9ral de Facebook France. Soutenez Groupama Team France via Facebook Groupama ! &nbsp; &nbsp; &nbsp; &nbsp; A propos du groupe Groupama Fort de ses trois marques \u2013 Groupama, Gan, Amaguiz, le groupe Groupama, l\u2019un des premiers groupes d\u2019assurance mutualistes en France, d\u00e9veloppe ses activit\u00e9s d\u2019assurance, de banque et de services dans onze pays. Le groupe compte 13 millions de clients et 34 000 collaborateurs \u00e0 travers le monde, avec un chiffre d\u2019affaires de 13,6 milliards d\u2019euros. Retrouvez toute l\u2019actualit\u00e9 du groupe Groupama sur son site internet (www.groupama.com) et sur son compte Twitter (@GroupeGroupama). &nbsp; &nbsp; &nbsp;","og_url":"https:\/\/about.fb.com\/fr\/news\/2015\/10\/groupama-et-facebook-france-sassocient-pour-promouvoir-le-defi-francais-groupama-team-france-a-la-prochaine-coupe-de-lamerica\/","og_site_name":"\u00c0 propos de Meta","article_published_time":"2015-10-20T13:53:34+00:00","article_modified_time":"2020-02-25T05:56:01+00:00","og_image":[{"url":"https:\/\/about.fb.com\/fr\/wp-content\/uploads\/sites\/5\/2015\/10\/image001-1.png","type":"","width":"","height":""}],"author":"gigifb","twitter_card":"summary_large_image","twitter_misc":{"Written by":"Meta","Est. reading time":"3 minutes"},"schema":{"@context":"https:\/\/schema.org","@graph":[{"@type":"Article","@id":"https:\/\/about.fb.com\/fr\/news\/2015\/10\/groupama-et-facebook-france-sassocient-pour-promouvoir-le-defi-francais-groupama-team-france-a-la-prochaine-coupe-de-lamerica\/#article","isPartOf":{"@id":"https:\/\/about.fb.com\/fr\/news\/2015\/10\/groupama-et-facebook-france-sassocient-pour-promouvoir-le-defi-francais-groupama-team-france-a-la-prochaine-coupe-de-lamerica\/"},"author":"Facebook company","headline":"Groupama et Facebook France s&rsquo;associent pour promouvoir le d\u00e9fi fran\u00e7ais Groupama Team France \u00e0 la prochaine Coupe de l&rsquo;America","datePublished":"2015-10-20T13:53:34+00:00","dateModified":"2020-02-25T05:56:01+00:00","mainEntityOfPage":{"@id":"https:\/\/about.fb.com\/fr\/news\/2015\/10\/groupama-et-facebook-france-sassocient-pour-promouvoir-le-defi-francais-groupama-team-france-a-la-prochaine-coupe-de-lamerica\/"},"wordCount":585,"publisher":{"@id":"https:\/\/about.fb.com\/fr\/#organization"},"image":{"@id":"https:\/\/about.fb.com\/fr\/news\/2015\/10\/groupama-et-facebook-france-sassocient-pour-promouvoir-le-defi-francais-groupama-team-france-a-la-prochaine-coupe-de-lamerica\/#primaryimage"},"thumbnailUrl":"https:\/\/about.fb.com\/fr\/wp-content\/uploads\/sites\/5\/2015\/10\/image001-1.png","keywords":["Coupe de l'America","Groupama","partenariat"],"articleSection":["Actualit\u00e9s"],"inLanguage":"fr-FR"},{"@type":"WebPage","@id":"https:\/\/about.fb.com\/fr\/news\/2015\/10\/groupama-et-facebook-france-sassocient-pour-promouvoir-le-defi-francais-groupama-team-france-a-la-prochaine-coupe-de-lamerica\/","url":"https:\/\/about.fb.com\/fr\/news\/2015\/10\/groupama-et-facebook-france-sassocient-pour-promouvoir-le-defi-francais-groupama-team-france-a-la-prochaine-coupe-de-lamerica\/","name":"Groupama et Facebook France s'associent pour promouvoir le d\u00e9fi fran\u00e7ais Groupama Team France \u00e0 la prochaine Coupe de l'America | \u00c0 propos de Meta","isPartOf":{"@id":"https:\/\/about.fb.com\/fr\/#website"},"primaryImageOfPage":{"@id":"https:\/\/about.fb.com\/fr\/news\/2015\/10\/groupama-et-facebook-france-sassocient-pour-promouvoir-le-defi-francais-groupama-team-france-a-la-prochaine-coupe-de-lamerica\/#primaryimage"},"image":{"@id":"https:\/\/about.fb.com\/fr\/news\/2015\/10\/groupama-et-facebook-france-sassocient-pour-promouvoir-le-defi-francais-groupama-team-france-a-la-prochaine-coupe-de-lamerica\/#primaryimage"},"thumbnailUrl":"https:\/\/about.fb.com\/fr\/wp-content\/uploads\/sites\/5\/2015\/10\/image001-1.png","datePublished":"2015-10-20T13:53:34+00:00","dateModified":"2020-02-25T05:56:01+00:00","breadcrumb":{"@id":"https:\/\/about.fb.com\/fr\/news\/2015\/10\/groupama-et-facebook-france-sassocient-pour-promouvoir-le-defi-francais-groupama-team-france-a-la-prochaine-coupe-de-lamerica\/#breadcrumb"},"inLanguage":"fr-FR","potentialAction":[{"@type":"ReadAction","target":["https:\/\/about.fb.com\/fr\/news\/2015\/10\/groupama-et-facebook-france-sassocient-pour-promouvoir-le-defi-francais-groupama-team-france-a-la-prochaine-coupe-de-lamerica\/"]}],"author":"\u00c0 propos de Meta"},{"@type":"ImageObject","inLanguage":"fr-FR","@id":"https:\/\/about.fb.com\/fr\/news\/2015\/10\/groupama-et-facebook-france-sassocient-pour-promouvoir-le-defi-francais-groupama-team-france-a-la-prochaine-coupe-de-lamerica\/#primaryimage","url":"https:\/\/about.fb.com\/fr\/wp-content\/uploads\/sites\/5\/2015\/10\/image001-1.png","contentUrl":"https:\/\/about.fb.com\/fr\/wp-content\/uploads\/sites\/5\/2015\/10\/image001-1.png"},{"@type":"BreadcrumbList","@id":"https:\/\/about.fb.com\/fr\/news\/2015\/10\/groupama-et-facebook-france-sassocient-pour-promouvoir-le-defi-francais-groupama-team-france-a-la-prochaine-coupe-de-lamerica\/#breadcrumb","itemListElement":[{"@type":"ListItem","position":1,"name":"Home","item":"https:\/\/about.fb.com\/fr\/"},{"@type":"ListItem","position":2,"name":"Groupama et Facebook France s&rsquo;associent pour promouvoir le d\u00e9fi fran\u00e7ais Groupama Team France \u00e0 la prochaine Coupe de l&rsquo;America"}]},{"@type":"WebSite","@id":"https:\/\/about.fb.com\/fr\/#website","url":"https:\/\/about.fb.com\/news\/","name":"\u00c0 propos de Meta","description":"","publisher":{"@id":"https:\/\/about.fb.com\/fr\/#organization"},"potentialAction":[{"@type":"SearchAction","target":{"@type":"EntryPoint","urlTemplate":"https:\/\/about.fb.com\/fr\/?s={search_term_string}"},"query-input":{"@type":"PropertyValueSpecification","valueRequired":true,"valueName":"search_term_string"}}],"inLanguage":"fr-FR","alternateName":["Meta Newsroom","Meta"]},{"@type":"Organization","@id":"https:\/\/about.fb.com\/fr\/#organization","name":"Meta","url":"https:\/\/about.fb.com\/fr\/","logo":{"@type":"ImageObject","inLanguage":"fr-FR","@id":"https:\/\/about.fb.com\/fr\/#\/schema\/logo\/image\/","url":"https:\/\/about.fb.com\/fr\/wp-content\/uploads\/sites\/12\/2021\/10\/meta-social-16x9-1.jpg?fit=8000%2C4500","contentUrl":"https:\/\/about.fb.com\/fr\/wp-content\/uploads\/sites\/12\/2021\/10\/meta-social-16x9-1.jpg?fit=8000%2C4500","width":8000,"height":4500,"caption":"Meta"},"image":{"@id":"https:\/\/about.fb.com\/fr\/#\/schema\/logo\/image\/"}}]}},"jetpack_featured_media_url":"","jetpack-related-posts":[],"jetpack_sharing_enabled":true,"amp_enabled":true,"_links":{"self":[{"href":"https:\/\/about.fb.com\/fr\/wp-json\/wp\/v2\/posts\/5256","targetHints":{"allow":["GET"]}}],"collection":[{"href":"https:\/\/about.fb.com\/fr\/wp-json\/wp\/v2\/posts"}],"about":[{"href":"https:\/\/about.fb.com\/fr\/wp-json\/wp\/v2\/types\/post"}],"author":[{"embeddable":true,"href":"https:\/\/about.fb.com\/fr\/wp-json\/wp\/v2\/users\/108706932"}],"replies":[{"embeddable":true,"href":"https:\/\/about.fb.com\/fr\/wp-json\/wp\/v2\/comments?post=5256"}],"version-history":[{"count":5,"href":"https:\/\/about.fb.com\/fr\/wp-json\/wp\/v2\/posts\/5256\/revisions"}],"predecessor-version":[{"id":8335,"href":"https:\/\/about.fb.com\/fr\/wp-json\/wp\/v2\/posts\/5256\/revisions\/8335"}],"wp:attachment":[{"href":"https:\/\/about.fb.com\/fr\/wp-json\/wp\/v2\/media?parent=5256"}],"wp:term":[{"taxonomy":"category","embeddable":true,"href":"https:\/\/about.fb.com\/fr\/wp-json\/wp\/v2\/categories?post=5256"},{"taxonomy":"post_tag","embeddable":true,"href":"https:\/\/about.fb.com\/fr\/wp-json\/wp\/v2\/tags?post=5256"}],"curies":[{"name":"wp","href":"https:\/\/api.w.org\/{rel}","templated":true}]}}