{"id":5211,"date":"2015-05-01T08:21:08","date_gmt":"2015-05-01T08:21:08","guid":{"rendered":"http:\/\/fr.newsroom.fb.com\/?p=5211"},"modified":"2020-02-25T06:56:02","modified_gmt":"2020-02-25T05:56:02","slug":"facebook-allie-des-pme","status":"publish","type":"post","link":"https:\/\/about.fb.com\/fr\/news\/2015\/05\/facebook-allie-des-pme\/","title":{"rendered":"Facebook, alli\u00e9 des PME !"},"content":{"rendered":"<h3>Facebook annonce aujourd&rsquo;hui que 40 millions de PME dans le monde ont d\u00e9sormais une page Facebook.<\/h3>\n<p>La<strong> page Facebook<\/strong> permet aux entreprises de disposer <strong>gratuitement d\u2019une \u00ab vitrine \u00bb sur le web<\/strong> et de <strong>communiquer avec leurs clients<\/strong> existants et potentiels. Gr\u00e2ce \u00e0 la recommandation sociale \u00e0 travers les Pages, les fans deviennent de v\u00e9ritables ambassadeurs aupr\u00e8s de leurs propres communaut\u00e9s.<\/p>\n<ul>\n<li>69% des utilisateurs fran\u00e7ais sont connect\u00e9s \u00e0 une page d\u2019une TPE\/PME fran\u00e7aise<\/li>\n<li>314 millions de connections en France entre les utilisateurs de Facebook et les TPE\/PME<\/li>\n<\/ul>\n<p>Le d\u00e9veloppement \u00e9conomique des TPE et PME, colonne vert\u00e9brale de l&rsquo;\u00e9conomie, est une v\u00e9ritable priorit\u00e9 pour Facebook.<\/p>\n<p>Prochaine illustration, Facebook organise le 4 mai prochain \u00e0 Bordeaux en partenariat avec la Mairie de Bordeaux, <a href=\"https:\/\/www.facebook.com\/APACOM\" target=\"_blank\" rel=\"noopener noreferrer\">APACOM <\/a>et Aquinum le Bordeaux Business Booster. A cette occasion les \u00e9quipes de Facebook en charge du d\u00e9veloppement de l\u2019activit\u00e9 \u00e9conomique des PME seront pr\u00e9sentes pour proposer aux entreprises bordelaises des solutions concr\u00e8tes pour d\u00e9velopper leur activit\u00e9. L\u2019\u00e9v\u00e9nement sera \u00e9galement l\u2019occasion d\u2019\u00e9couter les t\u00e9moignages d\u2019entreprises, d\u00e9veloppeurs et agences de la r\u00e9gion.<\/p>\n<p>Facebook souhaite aider chaque entreprise \u00e0 atteindre ses objectifs et investit en ce sens pour leur proposer les bons outils. Derni\u00e8rement, Facebook a lanc\u00e9 <a href=\"https:\/\/www.facebook.com\/business\/news\/De-nouveaux-outils-pour-les-annonceurs\" target=\"_blank\" rel=\"noopener noreferrer\">Suivez le guide<\/a>, un centre d\u2019apprentissage en ligne gratuit qui aide les entreprises de toutes tailles \u00e0 tirer le meilleur profit des Pages et des Publicit\u00e9s Facebook, l&rsquo;application <a href=\"https:\/\/www.facebook.com\/business\/news\/ads-manager-app\" target=\"_blank\" rel=\"noopener noreferrer\">Ads Manager<\/a> qui permet de g\u00e9rer ses campagnes de publicit\u00e9 depuis un mobile et des <a href=\"https:\/\/www.facebook.com\/business\/a\/creative-tools\" target=\"_blank\" rel=\"noopener noreferrer\">outils cr\u00e9atifs<\/a>.<\/p>\n<p>Par ailleurs, Facebook a lanc\u00e9 en janvier 2014 avec la CGPME et Work4 l\u2019initiative \u00ab <a href=\"https:\/\/www.facebook.com\/LesPMErecrutent\" target=\"_blank\" rel=\"noopener noreferrer\">les PME recrutent<\/a> \u00bb qui permet aux TPE et PME de partager facilement et gratuitement leurs offres d\u2019emplois sur Facebook. Le p\u00f4le emploi s&rsquo;est associ\u00e9 par la suite \u00e0 l&rsquo;initiative.<\/p>\n","protected":false},"excerpt":{"rendered":"Facebook annonce aujourd&rsquo;hui que 40 millions de PME dans le monde ont d\u00e9sormais une page Facebook. La page Facebook permet aux entreprises de disposer gratuitement d\u2019une \u00ab vitrine \u00bb sur le web et de communiquer avec leurs clients existants et potentiels. Gr\u00e2ce \u00e0 la recommandation sociale \u00e0 travers les Pages, les fans deviennent de v\u00e9ritables ambassadeurs aupr\u00e8s de leurs propres communaut\u00e9s. 69% des utilisateurs fran\u00e7ais sont connect\u00e9s \u00e0 une page d\u2019une TPE\/PME fran\u00e7aise 314 millions de connections en France entre les utilisateurs de Facebook et les TPE\/PME Le d\u00e9veloppement \u00e9conomique des TPE et PME, colonne vert\u00e9brale de l&rsquo;\u00e9conomie, est une v\u00e9ritable priorit\u00e9 pour Facebook. Prochaine illustration, Facebook organise le 4 mai prochain \u00e0 Bordeaux en partenariat avec la Mairie de Bordeaux, APACOM et Aquinum le Bordeaux Business Booster. A cette occasion les \u00e9quipes de Facebook en charge du d\u00e9veloppement de l\u2019activit\u00e9 \u00e9conomique des PME seront pr\u00e9sentes pour proposer aux entreprises bordelaises des solutions concr\u00e8tes pour d\u00e9velopper leur activit\u00e9. L\u2019\u00e9v\u00e9nement sera \u00e9galement l\u2019occasion d\u2019\u00e9couter les t\u00e9moignages d\u2019entreprises, d\u00e9veloppeurs et agences de la r\u00e9gion. Facebook souhaite aider chaque entreprise \u00e0 atteindre ses objectifs et investit en ce sens pour leur proposer les bons outils. Derni\u00e8rement, Facebook a lanc\u00e9 Suivez le guide, un centre d\u2019apprentissage en ligne gratuit qui aide les entreprises de toutes tailles \u00e0 tirer le meilleur profit des Pages et des Publicit\u00e9s Facebook, l&rsquo;application Ads Manager qui permet de g\u00e9rer ses campagnes de publicit\u00e9 depuis un mobile et des outils cr\u00e9atifs. Par ailleurs, Facebook a lanc\u00e9 en janvier 2014 avec la CGPME et Work4 l\u2019initiative \u00ab les PME recrutent \u00bb qui permet aux TPE et PME de partager facilement et gratuitement leurs offres d\u2019emplois sur Facebook. Le p\u00f4le emploi s&rsquo;est associ\u00e9 par la suite \u00e0 l&rsquo;initiative.","protected":false},"author":108706932,"featured_media":0,"comment_status":"closed","ping_status":"closed","sticky":false,"template":"","format":"standard","meta":{"_jetpack_memberships_contains_paid_content":false,"footnotes":""},"categories":[243897990],"tags":[11886,254555,131488],"class_list":["post-5211","post","type-post","status-publish","format-standard","hentry","category-actualites","tag-outils","tag-pme","tag-tpe"],"yoast_head":"<!-- This site is optimized with the Yoast SEO plugin v27.2 - https:\/\/yoast.com\/product\/yoast-seo-wordpress\/ -->\n<title>Facebook, alli\u00e9 des PME ! | \u00c0 propos de Meta<\/title>\n<meta name=\"robots\" content=\"index, follow, max-snippet:-1, max-image-preview:large, max-video-preview:-1\" \/>\n<link rel=\"canonical\" href=\"https:\/\/about.fb.com\/fr\/news\/2015\/05\/facebook-allie-des-pme\/\" \/>\n<meta property=\"og:locale\" content=\"fr_FR\" \/>\n<meta property=\"og:type\" content=\"article\" \/>\n<meta property=\"og:title\" content=\"Facebook, alli\u00e9 des PME ! | \u00c0 propos de Meta\" \/>\n<meta property=\"og:description\" content=\"Facebook annonce aujourd&rsquo;hui que 40 millions de PME dans le monde ont d\u00e9sormais une page Facebook. La page Facebook permet aux entreprises de disposer gratuitement d\u2019une \u00ab vitrine \u00bb sur le web et de communiquer avec leurs clients existants et potentiels. Gr\u00e2ce \u00e0 la recommandation sociale \u00e0 travers les Pages, les fans deviennent de v\u00e9ritables ambassadeurs aupr\u00e8s de leurs propres communaut\u00e9s. 69% des utilisateurs fran\u00e7ais sont connect\u00e9s \u00e0 une page d\u2019une TPE\/PME fran\u00e7aise 314 millions de connections en France entre les utilisateurs de Facebook et les TPE\/PME Le d\u00e9veloppement \u00e9conomique des TPE et PME, colonne vert\u00e9brale de l&rsquo;\u00e9conomie, est une v\u00e9ritable priorit\u00e9 pour Facebook. Prochaine illustration, Facebook organise le 4 mai prochain \u00e0 Bordeaux en partenariat avec la Mairie de Bordeaux, APACOM et Aquinum le Bordeaux Business Booster. A cette occasion les \u00e9quipes de Facebook en charge du d\u00e9veloppement de l\u2019activit\u00e9 \u00e9conomique des PME seront pr\u00e9sentes pour proposer aux entreprises bordelaises des solutions concr\u00e8tes pour d\u00e9velopper leur activit\u00e9. L\u2019\u00e9v\u00e9nement sera \u00e9galement l\u2019occasion d\u2019\u00e9couter les t\u00e9moignages d\u2019entreprises, d\u00e9veloppeurs et agences de la r\u00e9gion. Facebook souhaite aider chaque entreprise \u00e0 atteindre ses objectifs et investit en ce sens pour leur proposer les bons outils. Derni\u00e8rement, Facebook a lanc\u00e9 Suivez le guide, un centre d\u2019apprentissage en ligne gratuit qui aide les entreprises de toutes tailles \u00e0 tirer le meilleur profit des Pages et des Publicit\u00e9s Facebook, l&rsquo;application Ads Manager qui permet de g\u00e9rer ses campagnes de publicit\u00e9 depuis un mobile et des outils cr\u00e9atifs. Par ailleurs, Facebook a lanc\u00e9 en janvier 2014 avec la CGPME et Work4 l\u2019initiative \u00ab les PME recrutent \u00bb qui permet aux TPE et PME de partager facilement et gratuitement leurs offres d\u2019emplois sur Facebook. Le p\u00f4le emploi s&rsquo;est associ\u00e9 par la suite \u00e0 l&rsquo;initiative.\" \/>\n<meta property=\"og:url\" content=\"https:\/\/about.fb.com\/fr\/news\/2015\/05\/facebook-allie-des-pme\/\" \/>\n<meta property=\"og:site_name\" content=\"\u00c0 propos de Meta\" \/>\n<meta property=\"article:published_time\" content=\"2015-05-01T08:21:08+00:00\" \/>\n<meta property=\"article:modified_time\" content=\"2020-02-25T05:56:02+00:00\" \/>\n<meta property=\"og:image\" content=\"https:\/\/about.fb.com\/fr\/wp-content\/uploads\/sites\/12\/2021\/10\/meta-social-16x9-1.jpg?resize=1024,576\" \/>\n\t<meta property=\"og:image:width\" content=\"1024\" \/>\n\t<meta property=\"og:image:height\" content=\"576\" \/>\n\t<meta property=\"og:image:type\" content=\"image\/jpeg\" \/>\n<meta name=\"author\" content=\"gigifb\" \/>\n<meta name=\"twitter:card\" content=\"summary_large_image\" \/>\n<meta name=\"twitter:label1\" content=\"Written by\" \/>\n\t<meta name=\"twitter:data1\" content=\"Meta\" \/>\n\t<meta name=\"twitter:label2\" content=\"Est. reading time\" \/>\n\t<meta name=\"twitter:data2\" content=\"2 minutes\" \/>\n<script type=\"application\/ld+json\" class=\"yoast-schema-graph\">{\"@context\":\"https:\/\/schema.org\",\"@graph\":[{\"@type\":\"Article\",\"@id\":\"https:\/\/about.fb.com\/fr\/news\/2015\/05\/facebook-allie-des-pme\/#article\",\"isPartOf\":{\"@id\":\"https:\/\/about.fb.com\/fr\/news\/2015\/05\/facebook-allie-des-pme\/\"},\"author\":\"Facebook company\",\"headline\":\"Facebook, alli\u00e9 des PME !\",\"datePublished\":\"2015-05-01T08:21:08+00:00\",\"dateModified\":\"2020-02-25T05:56:02+00:00\",\"mainEntityOfPage\":{\"@id\":\"https:\/\/about.fb.com\/fr\/news\/2015\/05\/facebook-allie-des-pme\/\"},\"wordCount\":315,\"publisher\":{\"@id\":\"https:\/\/about.fb.com\/fr\/#organization\"},\"keywords\":[\"outils\",\"PME\",\"TPE\"],\"articleSection\":[\"Actualit\u00e9s\"],\"inLanguage\":\"fr-FR\"},{\"@type\":\"WebPage\",\"@id\":\"https:\/\/about.fb.com\/fr\/news\/2015\/05\/facebook-allie-des-pme\/\",\"url\":\"https:\/\/about.fb.com\/fr\/news\/2015\/05\/facebook-allie-des-pme\/\",\"name\":\"Facebook, alli\u00e9 des PME ! | \u00c0 propos de Meta\",\"isPartOf\":{\"@id\":\"https:\/\/about.fb.com\/fr\/#website\"},\"datePublished\":\"2015-05-01T08:21:08+00:00\",\"dateModified\":\"2020-02-25T05:56:02+00:00\",\"breadcrumb\":{\"@id\":\"https:\/\/about.fb.com\/fr\/news\/2015\/05\/facebook-allie-des-pme\/#breadcrumb\"},\"inLanguage\":\"fr-FR\",\"potentialAction\":[{\"@type\":\"ReadAction\",\"target\":[\"https:\/\/about.fb.com\/fr\/news\/2015\/05\/facebook-allie-des-pme\/\"]}],\"author\":\"\u00c0 propos de Meta\"},{\"@type\":\"BreadcrumbList\",\"@id\":\"https:\/\/about.fb.com\/fr\/news\/2015\/05\/facebook-allie-des-pme\/#breadcrumb\",\"itemListElement\":[{\"@type\":\"ListItem\",\"position\":1,\"name\":\"Home\",\"item\":\"https:\/\/about.fb.com\/fr\/\"},{\"@type\":\"ListItem\",\"position\":2,\"name\":\"Facebook, alli\u00e9 des PME !\"}]},{\"@type\":\"WebSite\",\"@id\":\"https:\/\/about.fb.com\/fr\/#website\",\"url\":\"https:\/\/about.fb.com\/news\/\",\"name\":\"\u00c0 propos de Meta\",\"description\":\"\",\"publisher\":{\"@id\":\"https:\/\/about.fb.com\/fr\/#organization\"},\"potentialAction\":[{\"@type\":\"SearchAction\",\"target\":{\"@type\":\"EntryPoint\",\"urlTemplate\":\"https:\/\/about.fb.com\/fr\/?s={search_term_string}\"},\"query-input\":{\"@type\":\"PropertyValueSpecification\",\"valueRequired\":true,\"valueName\":\"search_term_string\"}}],\"inLanguage\":\"fr-FR\",\"alternateName\":[\"Meta Newsroom\",\"Meta\"]},{\"@type\":\"Organization\",\"@id\":\"https:\/\/about.fb.com\/fr\/#organization\",\"name\":\"Meta\",\"url\":\"https:\/\/about.fb.com\/fr\/\",\"logo\":{\"@type\":\"ImageObject\",\"inLanguage\":\"fr-FR\",\"@id\":\"https:\/\/about.fb.com\/fr\/#\/schema\/logo\/image\/\",\"url\":\"https:\/\/about.fb.com\/fr\/wp-content\/uploads\/sites\/12\/2021\/10\/meta-social-16x9-1.jpg?fit=8000%2C4500\",\"contentUrl\":\"https:\/\/about.fb.com\/fr\/wp-content\/uploads\/sites\/12\/2021\/10\/meta-social-16x9-1.jpg?fit=8000%2C4500\",\"width\":8000,\"height\":4500,\"caption\":\"Meta\"},\"image\":{\"@id\":\"https:\/\/about.fb.com\/fr\/#\/schema\/logo\/image\/\"}}]}<\/script>\n<!-- \/ Yoast SEO plugin. -->","yoast_head_json":{"title":"Facebook, alli\u00e9 des PME ! | \u00c0 propos de Meta","robots":{"index":"index","follow":"follow","max-snippet":"max-snippet:-1","max-image-preview":"max-image-preview:large","max-video-preview":"max-video-preview:-1"},"canonical":"https:\/\/about.fb.com\/fr\/news\/2015\/05\/facebook-allie-des-pme\/","og_locale":"fr_FR","og_type":"article","og_title":"Facebook, alli\u00e9 des PME ! | \u00c0 propos de Meta","og_description":"Facebook annonce aujourd&rsquo;hui que 40 millions de PME dans le monde ont d\u00e9sormais une page Facebook. La page Facebook permet aux entreprises de disposer gratuitement d\u2019une \u00ab vitrine \u00bb sur le web et de communiquer avec leurs clients existants et potentiels. Gr\u00e2ce \u00e0 la recommandation sociale \u00e0 travers les Pages, les fans deviennent de v\u00e9ritables ambassadeurs aupr\u00e8s de leurs propres communaut\u00e9s. 69% des utilisateurs fran\u00e7ais sont connect\u00e9s \u00e0 une page d\u2019une TPE\/PME fran\u00e7aise 314 millions de connections en France entre les utilisateurs de Facebook et les TPE\/PME Le d\u00e9veloppement \u00e9conomique des TPE et PME, colonne vert\u00e9brale de l&rsquo;\u00e9conomie, est une v\u00e9ritable priorit\u00e9 pour Facebook. Prochaine illustration, Facebook organise le 4 mai prochain \u00e0 Bordeaux en partenariat avec la Mairie de Bordeaux, APACOM et Aquinum le Bordeaux Business Booster. A cette occasion les \u00e9quipes de Facebook en charge du d\u00e9veloppement de l\u2019activit\u00e9 \u00e9conomique des PME seront pr\u00e9sentes pour proposer aux entreprises bordelaises des solutions concr\u00e8tes pour d\u00e9velopper leur activit\u00e9. L\u2019\u00e9v\u00e9nement sera \u00e9galement l\u2019occasion d\u2019\u00e9couter les t\u00e9moignages d\u2019entreprises, d\u00e9veloppeurs et agences de la r\u00e9gion. Facebook souhaite aider chaque entreprise \u00e0 atteindre ses objectifs et investit en ce sens pour leur proposer les bons outils. Derni\u00e8rement, Facebook a lanc\u00e9 Suivez le guide, un centre d\u2019apprentissage en ligne gratuit qui aide les entreprises de toutes tailles \u00e0 tirer le meilleur profit des Pages et des Publicit\u00e9s Facebook, l&rsquo;application Ads Manager qui permet de g\u00e9rer ses campagnes de publicit\u00e9 depuis un mobile et des outils cr\u00e9atifs. Par ailleurs, Facebook a lanc\u00e9 en janvier 2014 avec la CGPME et Work4 l\u2019initiative \u00ab les PME recrutent \u00bb qui permet aux TPE et PME de partager facilement et gratuitement leurs offres d\u2019emplois sur Facebook. Le p\u00f4le emploi s&rsquo;est associ\u00e9 par la suite \u00e0 l&rsquo;initiative.","og_url":"https:\/\/about.fb.com\/fr\/news\/2015\/05\/facebook-allie-des-pme\/","og_site_name":"\u00c0 propos de Meta","article_published_time":"2015-05-01T08:21:08+00:00","article_modified_time":"2020-02-25T05:56:02+00:00","og_image":[{"width":1024,"height":576,"url":"https:\/\/about.fb.com\/fr\/wp-content\/uploads\/sites\/12\/2021\/10\/meta-social-16x9-1.jpg?resize=1024,576","type":"image\/jpeg"}],"author":"gigifb","twitter_card":"summary_large_image","twitter_misc":{"Written by":"Meta","Est. reading time":"2 minutes"},"schema":{"@context":"https:\/\/schema.org","@graph":[{"@type":"Article","@id":"https:\/\/about.fb.com\/fr\/news\/2015\/05\/facebook-allie-des-pme\/#article","isPartOf":{"@id":"https:\/\/about.fb.com\/fr\/news\/2015\/05\/facebook-allie-des-pme\/"},"author":"Facebook company","headline":"Facebook, alli\u00e9 des PME !","datePublished":"2015-05-01T08:21:08+00:00","dateModified":"2020-02-25T05:56:02+00:00","mainEntityOfPage":{"@id":"https:\/\/about.fb.com\/fr\/news\/2015\/05\/facebook-allie-des-pme\/"},"wordCount":315,"publisher":{"@id":"https:\/\/about.fb.com\/fr\/#organization"},"keywords":["outils","PME","TPE"],"articleSection":["Actualit\u00e9s"],"inLanguage":"fr-FR"},{"@type":"WebPage","@id":"https:\/\/about.fb.com\/fr\/news\/2015\/05\/facebook-allie-des-pme\/","url":"https:\/\/about.fb.com\/fr\/news\/2015\/05\/facebook-allie-des-pme\/","name":"Facebook, alli\u00e9 des PME ! | \u00c0 propos de Meta","isPartOf":{"@id":"https:\/\/about.fb.com\/fr\/#website"},"datePublished":"2015-05-01T08:21:08+00:00","dateModified":"2020-02-25T05:56:02+00:00","breadcrumb":{"@id":"https:\/\/about.fb.com\/fr\/news\/2015\/05\/facebook-allie-des-pme\/#breadcrumb"},"inLanguage":"fr-FR","potentialAction":[{"@type":"ReadAction","target":["https:\/\/about.fb.com\/fr\/news\/2015\/05\/facebook-allie-des-pme\/"]}],"author":"\u00c0 propos de Meta"},{"@type":"BreadcrumbList","@id":"https:\/\/about.fb.com\/fr\/news\/2015\/05\/facebook-allie-des-pme\/#breadcrumb","itemListElement":[{"@type":"ListItem","position":1,"name":"Home","item":"https:\/\/about.fb.com\/fr\/"},{"@type":"ListItem","position":2,"name":"Facebook, alli\u00e9 des PME !"}]},{"@type":"WebSite","@id":"https:\/\/about.fb.com\/fr\/#website","url":"https:\/\/about.fb.com\/news\/","name":"\u00c0 propos de Meta","description":"","publisher":{"@id":"https:\/\/about.fb.com\/fr\/#organization"},"potentialAction":[{"@type":"SearchAction","target":{"@type":"EntryPoint","urlTemplate":"https:\/\/about.fb.com\/fr\/?s={search_term_string}"},"query-input":{"@type":"PropertyValueSpecification","valueRequired":true,"valueName":"search_term_string"}}],"inLanguage":"fr-FR","alternateName":["Meta Newsroom","Meta"]},{"@type":"Organization","@id":"https:\/\/about.fb.com\/fr\/#organization","name":"Meta","url":"https:\/\/about.fb.com\/fr\/","logo":{"@type":"ImageObject","inLanguage":"fr-FR","@id":"https:\/\/about.fb.com\/fr\/#\/schema\/logo\/image\/","url":"https:\/\/about.fb.com\/fr\/wp-content\/uploads\/sites\/12\/2021\/10\/meta-social-16x9-1.jpg?fit=8000%2C4500","contentUrl":"https:\/\/about.fb.com\/fr\/wp-content\/uploads\/sites\/12\/2021\/10\/meta-social-16x9-1.jpg?fit=8000%2C4500","width":8000,"height":4500,"caption":"Meta"},"image":{"@id":"https:\/\/about.fb.com\/fr\/#\/schema\/logo\/image\/"}}]}},"jetpack_featured_media_url":"","jetpack-related-posts":[],"jetpack_sharing_enabled":true,"amp_enabled":true,"_links":{"self":[{"href":"https:\/\/about.fb.com\/fr\/wp-json\/wp\/v2\/posts\/5211","targetHints":{"allow":["GET"]}}],"collection":[{"href":"https:\/\/about.fb.com\/fr\/wp-json\/wp\/v2\/posts"}],"about":[{"href":"https:\/\/about.fb.com\/fr\/wp-json\/wp\/v2\/types\/post"}],"author":[{"embeddable":true,"href":"https:\/\/about.fb.com\/fr\/wp-json\/wp\/v2\/users\/108706932"}],"replies":[{"embeddable":true,"href":"https:\/\/about.fb.com\/fr\/wp-json\/wp\/v2\/comments?post=5211"}],"version-history":[{"count":2,"href":"https:\/\/about.fb.com\/fr\/wp-json\/wp\/v2\/posts\/5211\/revisions"}],"predecessor-version":[{"id":21141,"href":"https:\/\/about.fb.com\/fr\/wp-json\/wp\/v2\/posts\/5211\/revisions\/21141"}],"wp:attachment":[{"href":"https:\/\/about.fb.com\/fr\/wp-json\/wp\/v2\/media?parent=5211"}],"wp:term":[{"taxonomy":"category","embeddable":true,"href":"https:\/\/about.fb.com\/fr\/wp-json\/wp\/v2\/categories?post=5211"},{"taxonomy":"post_tag","embeddable":true,"href":"https:\/\/about.fb.com\/fr\/wp-json\/wp\/v2\/tags?post=5211"}],"curies":[{"name":"wp","href":"https:\/\/api.w.org\/{rel}","templated":true}]}}