{"id":5127,"date":"2015-07-31T15:48:51","date_gmt":"2015-07-31T15:48:51","guid":{"rendered":"http:\/\/fr.newsroom.fb.com\/?p=5127"},"modified":"2020-02-25T06:56:01","modified_gmt":"2020-02-25T05:56:01","slug":"de-nombreuses-annonces-lors-du-connectivity-lab","status":"publish","type":"post","link":"https:\/\/about.fb.com\/fr\/news\/2015\/07\/de-nombreuses-annonces-lors-du-connectivity-lab\/","title":{"rendered":"De nombreuses annonces lors du Connectivity Lab"},"content":{"rendered":"<p>Beaucoup d&rsquo;annonces hier soir au sein du Connectivity Lab (la structure qui, au sein de Facebook, travaille \u00e0 acc\u00e9l\u00e9rer le d\u00e9veloppement de technologies pour le d\u00e9ploiement de l&rsquo;acc\u00e8s \u00e0 Internet via diff\u00e9rentes approches : satellites, drones, solutions terrestres&#8230;).<\/p>\n<p>Facebook a annonc\u00e9 des avanc\u00e9es majeures dans son projet visant \u00e0 apporter un acc\u00e8s \u00e0 Internet dans des zones en \u00e9tant encore d\u00e9pourvues (Aquila, les lasers&#8230;).<\/p>\n<div class=\"fb-video\" data-allowfullscreen=\"true\" data-href=\"https:\/\/www.facebook.com\/Engineering\/videos\/10153414335177200\/\" style=\"background-color: #fff; display: inline-block;\"><\/div>\n<p><a href=\"http:\/\/newsroom.fb.com\/news\/2015\/07\/new-milestones-in-connectivity-labs-aircraft-and-laser-programs\/\" target=\"_blank\" rel=\"noopener noreferrer\">Plus d&rsquo;infos <\/a><\/p>\n","protected":false},"excerpt":{"rendered":"Beaucoup d&rsquo;annonces hier soir au sein du Connectivity Lab (la structure qui, au sein de Facebook, travaille \u00e0 acc\u00e9l\u00e9rer le d\u00e9veloppement de technologies pour le d\u00e9ploiement de l&rsquo;acc\u00e8s \u00e0 Internet via diff\u00e9rentes approches : satellites, drones, solutions terrestres&#8230;). Facebook a annonc\u00e9 des avanc\u00e9es majeures dans son projet visant \u00e0 apporter un acc\u00e8s \u00e0 Internet dans des zones en \u00e9tant encore d\u00e9pourvues (Aquila, les lasers&#8230;). Plus d&rsquo;infos","protected":false},"author":108706932,"featured_media":5176,"comment_status":"closed","ping_status":"closed","sticky":false,"template":"","format":"standard","meta":{"_jetpack_memberships_contains_paid_content":false,"footnotes":""},"categories":[243897990],"tags":[195776359],"class_list":["post-5127","post","type-post","status-publish","format-standard","has-post-thumbnail","hentry","category-actualites","tag-connectivity-lab"],"yoast_head":"<!-- This site is optimized with the Yoast SEO plugin v27.2 - https:\/\/yoast.com\/product\/yoast-seo-wordpress\/ -->\n<title>De nombreuses annonces lors du Connectivity Lab | \u00c0 propos de Meta<\/title>\n<meta name=\"robots\" content=\"index, follow, max-snippet:-1, max-image-preview:large, max-video-preview:-1\" \/>\n<link rel=\"canonical\" href=\"https:\/\/about.fb.com\/fr\/news\/2015\/07\/de-nombreuses-annonces-lors-du-connectivity-lab\/\" \/>\n<meta property=\"og:locale\" content=\"fr_FR\" \/>\n<meta property=\"og:type\" content=\"article\" \/>\n<meta property=\"og:title\" content=\"De nombreuses annonces lors du Connectivity Lab | \u00c0 propos de Meta\" \/>\n<meta property=\"og:description\" content=\"Beaucoup d&rsquo;annonces hier soir au sein du Connectivity Lab (la structure qui, au sein de Facebook, travaille \u00e0 acc\u00e9l\u00e9rer le d\u00e9veloppement de technologies pour le d\u00e9ploiement de l&rsquo;acc\u00e8s \u00e0 Internet via diff\u00e9rentes approches : satellites, drones, solutions terrestres&#8230;). Facebook a annonc\u00e9 des avanc\u00e9es majeures dans son projet visant \u00e0 apporter un acc\u00e8s \u00e0 Internet dans des zones en \u00e9tant encore d\u00e9pourvues (Aquila, les lasers&#8230;). Plus d&rsquo;infos\" \/>\n<meta property=\"og:url\" content=\"https:\/\/about.fb.com\/fr\/news\/2015\/07\/de-nombreuses-annonces-lors-du-connectivity-lab\/\" \/>\n<meta property=\"og:site_name\" content=\"\u00c0 propos de Meta\" \/>\n<meta property=\"article:published_time\" content=\"2015-07-31T15:48:51+00:00\" \/>\n<meta property=\"article:modified_time\" content=\"2020-02-25T05:56:01+00:00\" \/>\n<meta property=\"og:image\" content=\"https:\/\/about.fb.com\/fr\/wp-content\/uploads\/sites\/12\/2015\/07\/aquila_line-jpeg.png?fit=960%2C416\" \/>\n\t<meta property=\"og:image:width\" content=\"960\" \/>\n\t<meta property=\"og:image:height\" content=\"416\" \/>\n\t<meta property=\"og:image:type\" content=\"image\/png\" \/>\n<meta name=\"author\" content=\"gigifb\" \/>\n<meta name=\"twitter:card\" content=\"summary_large_image\" \/>\n<meta name=\"twitter:label1\" content=\"Written by\" \/>\n\t<meta name=\"twitter:data1\" content=\"Meta\" \/>\n<script type=\"application\/ld+json\" class=\"yoast-schema-graph\">{\"@context\":\"https:\/\/schema.org\",\"@graph\":[{\"@type\":\"Article\",\"@id\":\"https:\/\/about.fb.com\/fr\/news\/2015\/07\/de-nombreuses-annonces-lors-du-connectivity-lab\/#article\",\"isPartOf\":{\"@id\":\"https:\/\/about.fb.com\/fr\/news\/2015\/07\/de-nombreuses-annonces-lors-du-connectivity-lab\/\"},\"author\":\"Facebook company\",\"headline\":\"De nombreuses annonces lors du Connectivity Lab\",\"datePublished\":\"2015-07-31T15:48:51+00:00\",\"dateModified\":\"2020-02-25T05:56:01+00:00\",\"mainEntityOfPage\":{\"@id\":\"https:\/\/about.fb.com\/fr\/news\/2015\/07\/de-nombreuses-annonces-lors-du-connectivity-lab\/\"},\"wordCount\":88,\"publisher\":{\"@id\":\"https:\/\/about.fb.com\/fr\/#organization\"},\"image\":{\"@id\":\"https:\/\/about.fb.com\/fr\/news\/2015\/07\/de-nombreuses-annonces-lors-du-connectivity-lab\/#primaryimage\"},\"thumbnailUrl\":\"https:\/\/about.fb.com\/fr\/wp-content\/uploads\/sites\/12\/2015\/07\/aquila_line-jpeg.png?fit=960%2C416\",\"keywords\":[\"Connectivity Lab\"],\"articleSection\":[\"Actualit\u00e9s\"],\"inLanguage\":\"fr-FR\"},{\"@type\":\"WebPage\",\"@id\":\"https:\/\/about.fb.com\/fr\/news\/2015\/07\/de-nombreuses-annonces-lors-du-connectivity-lab\/\",\"url\":\"https:\/\/about.fb.com\/fr\/news\/2015\/07\/de-nombreuses-annonces-lors-du-connectivity-lab\/\",\"name\":\"De nombreuses annonces lors du Connectivity Lab | \u00c0 propos de Meta\",\"isPartOf\":{\"@id\":\"https:\/\/about.fb.com\/fr\/#website\"},\"primaryImageOfPage\":{\"@id\":\"https:\/\/about.fb.com\/fr\/news\/2015\/07\/de-nombreuses-annonces-lors-du-connectivity-lab\/#primaryimage\"},\"image\":{\"@id\":\"https:\/\/about.fb.com\/fr\/news\/2015\/07\/de-nombreuses-annonces-lors-du-connectivity-lab\/#primaryimage\"},\"thumbnailUrl\":\"https:\/\/about.fb.com\/fr\/wp-content\/uploads\/sites\/12\/2015\/07\/aquila_line-jpeg.png?fit=960%2C416\",\"datePublished\":\"2015-07-31T15:48:51+00:00\",\"dateModified\":\"2020-02-25T05:56:01+00:00\",\"breadcrumb\":{\"@id\":\"https:\/\/about.fb.com\/fr\/news\/2015\/07\/de-nombreuses-annonces-lors-du-connectivity-lab\/#breadcrumb\"},\"inLanguage\":\"fr-FR\",\"potentialAction\":[{\"@type\":\"ReadAction\",\"target\":[\"https:\/\/about.fb.com\/fr\/news\/2015\/07\/de-nombreuses-annonces-lors-du-connectivity-lab\/\"]}],\"author\":\"\u00c0 propos de Meta\"},{\"@type\":\"ImageObject\",\"inLanguage\":\"fr-FR\",\"@id\":\"https:\/\/about.fb.com\/fr\/news\/2015\/07\/de-nombreuses-annonces-lors-du-connectivity-lab\/#primaryimage\",\"url\":\"https:\/\/about.fb.com\/fr\/wp-content\/uploads\/sites\/12\/2015\/07\/aquila_line-jpeg.png?fit=960%2C416\",\"contentUrl\":\"https:\/\/about.fb.com\/fr\/wp-content\/uploads\/sites\/12\/2015\/07\/aquila_line-jpeg.png?fit=960%2C416\",\"width\":960,\"height\":416},{\"@type\":\"BreadcrumbList\",\"@id\":\"https:\/\/about.fb.com\/fr\/news\/2015\/07\/de-nombreuses-annonces-lors-du-connectivity-lab\/#breadcrumb\",\"itemListElement\":[{\"@type\":\"ListItem\",\"position\":1,\"name\":\"Home\",\"item\":\"https:\/\/about.fb.com\/fr\/\"},{\"@type\":\"ListItem\",\"position\":2,\"name\":\"De nombreuses annonces lors du Connectivity Lab\"}]},{\"@type\":\"WebSite\",\"@id\":\"https:\/\/about.fb.com\/fr\/#website\",\"url\":\"https:\/\/about.fb.com\/news\/\",\"name\":\"\u00c0 propos de Meta\",\"description\":\"\",\"publisher\":{\"@id\":\"https:\/\/about.fb.com\/fr\/#organization\"},\"potentialAction\":[{\"@type\":\"SearchAction\",\"target\":{\"@type\":\"EntryPoint\",\"urlTemplate\":\"https:\/\/about.fb.com\/fr\/?s={search_term_string}\"},\"query-input\":{\"@type\":\"PropertyValueSpecification\",\"valueRequired\":true,\"valueName\":\"search_term_string\"}}],\"inLanguage\":\"fr-FR\",\"alternateName\":[\"Meta Newsroom\",\"Meta\"]},{\"@type\":\"Organization\",\"@id\":\"https:\/\/about.fb.com\/fr\/#organization\",\"name\":\"Meta\",\"url\":\"https:\/\/about.fb.com\/fr\/\",\"logo\":{\"@type\":\"ImageObject\",\"inLanguage\":\"fr-FR\",\"@id\":\"https:\/\/about.fb.com\/fr\/#\/schema\/logo\/image\/\",\"url\":\"https:\/\/about.fb.com\/fr\/wp-content\/uploads\/sites\/12\/2021\/10\/meta-social-16x9-1.jpg?fit=8000%2C4500\",\"contentUrl\":\"https:\/\/about.fb.com\/fr\/wp-content\/uploads\/sites\/12\/2021\/10\/meta-social-16x9-1.jpg?fit=8000%2C4500\",\"width\":8000,\"height\":4500,\"caption\":\"Meta\"},\"image\":{\"@id\":\"https:\/\/about.fb.com\/fr\/#\/schema\/logo\/image\/\"}}]}<\/script>\n<!-- \/ Yoast SEO plugin. -->","yoast_head_json":{"title":"De nombreuses annonces lors du Connectivity Lab | \u00c0 propos de Meta","robots":{"index":"index","follow":"follow","max-snippet":"max-snippet:-1","max-image-preview":"max-image-preview:large","max-video-preview":"max-video-preview:-1"},"canonical":"https:\/\/about.fb.com\/fr\/news\/2015\/07\/de-nombreuses-annonces-lors-du-connectivity-lab\/","og_locale":"fr_FR","og_type":"article","og_title":"De nombreuses annonces lors du Connectivity Lab | \u00c0 propos de Meta","og_description":"Beaucoup d&rsquo;annonces hier soir au sein du Connectivity Lab (la structure qui, au sein de Facebook, travaille \u00e0 acc\u00e9l\u00e9rer le d\u00e9veloppement de technologies pour le d\u00e9ploiement de l&rsquo;acc\u00e8s \u00e0 Internet via diff\u00e9rentes approches : satellites, drones, solutions terrestres&#8230;). Facebook a annonc\u00e9 des avanc\u00e9es majeures dans son projet visant \u00e0 apporter un acc\u00e8s \u00e0 Internet dans des zones en \u00e9tant encore d\u00e9pourvues (Aquila, les lasers&#8230;). Plus d&rsquo;infos","og_url":"https:\/\/about.fb.com\/fr\/news\/2015\/07\/de-nombreuses-annonces-lors-du-connectivity-lab\/","og_site_name":"\u00c0 propos de Meta","article_published_time":"2015-07-31T15:48:51+00:00","article_modified_time":"2020-02-25T05:56:01+00:00","og_image":[{"url":"https:\/\/about.fb.com\/fr\/wp-content\/uploads\/sites\/12\/2015\/07\/aquila_line-jpeg.png?fit=960%2C416","width":960,"height":416,"type":"image\/png"}],"author":"gigifb","twitter_card":"summary_large_image","twitter_misc":{"Written by":"Meta"},"schema":{"@context":"https:\/\/schema.org","@graph":[{"@type":"Article","@id":"https:\/\/about.fb.com\/fr\/news\/2015\/07\/de-nombreuses-annonces-lors-du-connectivity-lab\/#article","isPartOf":{"@id":"https:\/\/about.fb.com\/fr\/news\/2015\/07\/de-nombreuses-annonces-lors-du-connectivity-lab\/"},"author":"Facebook company","headline":"De nombreuses annonces lors du Connectivity Lab","datePublished":"2015-07-31T15:48:51+00:00","dateModified":"2020-02-25T05:56:01+00:00","mainEntityOfPage":{"@id":"https:\/\/about.fb.com\/fr\/news\/2015\/07\/de-nombreuses-annonces-lors-du-connectivity-lab\/"},"wordCount":88,"publisher":{"@id":"https:\/\/about.fb.com\/fr\/#organization"},"image":{"@id":"https:\/\/about.fb.com\/fr\/news\/2015\/07\/de-nombreuses-annonces-lors-du-connectivity-lab\/#primaryimage"},"thumbnailUrl":"https:\/\/about.fb.com\/fr\/wp-content\/uploads\/sites\/12\/2015\/07\/aquila_line-jpeg.png?fit=960%2C416","keywords":["Connectivity Lab"],"articleSection":["Actualit\u00e9s"],"inLanguage":"fr-FR"},{"@type":"WebPage","@id":"https:\/\/about.fb.com\/fr\/news\/2015\/07\/de-nombreuses-annonces-lors-du-connectivity-lab\/","url":"https:\/\/about.fb.com\/fr\/news\/2015\/07\/de-nombreuses-annonces-lors-du-connectivity-lab\/","name":"De nombreuses annonces lors du Connectivity Lab | \u00c0 propos de Meta","isPartOf":{"@id":"https:\/\/about.fb.com\/fr\/#website"},"primaryImageOfPage":{"@id":"https:\/\/about.fb.com\/fr\/news\/2015\/07\/de-nombreuses-annonces-lors-du-connectivity-lab\/#primaryimage"},"image":{"@id":"https:\/\/about.fb.com\/fr\/news\/2015\/07\/de-nombreuses-annonces-lors-du-connectivity-lab\/#primaryimage"},"thumbnailUrl":"https:\/\/about.fb.com\/fr\/wp-content\/uploads\/sites\/12\/2015\/07\/aquila_line-jpeg.png?fit=960%2C416","datePublished":"2015-07-31T15:48:51+00:00","dateModified":"2020-02-25T05:56:01+00:00","breadcrumb":{"@id":"https:\/\/about.fb.com\/fr\/news\/2015\/07\/de-nombreuses-annonces-lors-du-connectivity-lab\/#breadcrumb"},"inLanguage":"fr-FR","potentialAction":[{"@type":"ReadAction","target":["https:\/\/about.fb.com\/fr\/news\/2015\/07\/de-nombreuses-annonces-lors-du-connectivity-lab\/"]}],"author":"\u00c0 propos de Meta"},{"@type":"ImageObject","inLanguage":"fr-FR","@id":"https:\/\/about.fb.com\/fr\/news\/2015\/07\/de-nombreuses-annonces-lors-du-connectivity-lab\/#primaryimage","url":"https:\/\/about.fb.com\/fr\/wp-content\/uploads\/sites\/12\/2015\/07\/aquila_line-jpeg.png?fit=960%2C416","contentUrl":"https:\/\/about.fb.com\/fr\/wp-content\/uploads\/sites\/12\/2015\/07\/aquila_line-jpeg.png?fit=960%2C416","width":960,"height":416},{"@type":"BreadcrumbList","@id":"https:\/\/about.fb.com\/fr\/news\/2015\/07\/de-nombreuses-annonces-lors-du-connectivity-lab\/#breadcrumb","itemListElement":[{"@type":"ListItem","position":1,"name":"Home","item":"https:\/\/about.fb.com\/fr\/"},{"@type":"ListItem","position":2,"name":"De nombreuses annonces lors du Connectivity Lab"}]},{"@type":"WebSite","@id":"https:\/\/about.fb.com\/fr\/#website","url":"https:\/\/about.fb.com\/news\/","name":"\u00c0 propos de Meta","description":"","publisher":{"@id":"https:\/\/about.fb.com\/fr\/#organization"},"potentialAction":[{"@type":"SearchAction","target":{"@type":"EntryPoint","urlTemplate":"https:\/\/about.fb.com\/fr\/?s={search_term_string}"},"query-input":{"@type":"PropertyValueSpecification","valueRequired":true,"valueName":"search_term_string"}}],"inLanguage":"fr-FR","alternateName":["Meta Newsroom","Meta"]},{"@type":"Organization","@id":"https:\/\/about.fb.com\/fr\/#organization","name":"Meta","url":"https:\/\/about.fb.com\/fr\/","logo":{"@type":"ImageObject","inLanguage":"fr-FR","@id":"https:\/\/about.fb.com\/fr\/#\/schema\/logo\/image\/","url":"https:\/\/about.fb.com\/fr\/wp-content\/uploads\/sites\/12\/2021\/10\/meta-social-16x9-1.jpg?fit=8000%2C4500","contentUrl":"https:\/\/about.fb.com\/fr\/wp-content\/uploads\/sites\/12\/2021\/10\/meta-social-16x9-1.jpg?fit=8000%2C4500","width":8000,"height":4500,"caption":"Meta"},"image":{"@id":"https:\/\/about.fb.com\/fr\/#\/schema\/logo\/image\/"}}]}},"jetpack_featured_media_url":"https:\/\/about.fb.com\/fr\/wp-content\/uploads\/sites\/12\/2015\/07\/aquila_line-jpeg.png?fit=960%2C416","jetpack-related-posts":[],"jetpack_sharing_enabled":true,"amp_enabled":true,"_links":{"self":[{"href":"https:\/\/about.fb.com\/fr\/wp-json\/wp\/v2\/posts\/5127","targetHints":{"allow":["GET"]}}],"collection":[{"href":"https:\/\/about.fb.com\/fr\/wp-json\/wp\/v2\/posts"}],"about":[{"href":"https:\/\/about.fb.com\/fr\/wp-json\/wp\/v2\/types\/post"}],"author":[{"embeddable":true,"href":"https:\/\/about.fb.com\/fr\/wp-json\/wp\/v2\/users\/108706932"}],"replies":[{"embeddable":true,"href":"https:\/\/about.fb.com\/fr\/wp-json\/wp\/v2\/comments?post=5127"}],"version-history":[{"count":3,"href":"https:\/\/about.fb.com\/fr\/wp-json\/wp\/v2\/posts\/5127\/revisions"}],"predecessor-version":[{"id":21137,"href":"https:\/\/about.fb.com\/fr\/wp-json\/wp\/v2\/posts\/5127\/revisions\/21137"}],"wp:featuredmedia":[{"embeddable":true,"href":"https:\/\/about.fb.com\/fr\/wp-json\/wp\/v2\/media\/5176"}],"wp:attachment":[{"href":"https:\/\/about.fb.com\/fr\/wp-json\/wp\/v2\/media?parent=5127"}],"wp:term":[{"taxonomy":"category","embeddable":true,"href":"https:\/\/about.fb.com\/fr\/wp-json\/wp\/v2\/categories?post=5127"},{"taxonomy":"post_tag","embeddable":true,"href":"https:\/\/about.fb.com\/fr\/wp-json\/wp\/v2\/tags?post=5127"}],"curies":[{"name":"wp","href":"https:\/\/api.w.org\/{rel}","templated":true}]}}