{"id":3130,"date":"2014-11-07T20:52:45","date_gmt":"2014-11-07T20:52:45","guid":{"rendered":"http:\/\/fr.newsroom.fb.com\/?p=3130"},"modified":"2020-02-25T06:58:14","modified_gmt":"2020-02-25T05:58:14","slug":"encore-plus-de-controle-sur-votre-fil-dactualite","status":"publish","type":"post","link":"https:\/\/about.fb.com\/fr\/news\/2014\/11\/encore-plus-de-controle-sur-votre-fil-dactualite\/","title":{"rendered":"encore plus de contr\u00f4le sur votre fil d\u2019actualit\u00e9"},"content":{"rendered":"<p><em>Par <\/em><a href=\"https:\/\/www.facebook.com\/gregmarra?fref=ts\"><em>Greg Marra<\/em><\/a><em>, chef de produit<\/em><\/p>\n<p>Dans le fil d\u2019actualit\u00e9 vous prenez connaissance de ce que font vos amis et consultez les contenus qui vous int\u00e9ressent.<\/p>\n<p>Ce que vous faites dans le fil d\u2019actualit\u00e9 d\u00e9termine ce que vous y voyez. Vous d\u00e9cidez avec qui vous souhaitez \u00eatre en contact, et \u00e0 quelles Pages et personnalit\u00e9s vous souhaitez vous abonner.<\/p>\n<p>\u00c0 partir d\u2019aujourd\u2019hui, vous aurez plus de moyens de contr\u00f4ler votre fil d\u2019actualit\u00e9 et de donner votre avis sur ce dernier.<\/p>\n<p><strong>Abonnez-vous ou d\u00e9sabonnez-vous rapidement des utilisateurs, Pages et groupes<\/strong><\/p>\n<p>Les param\u00e8tres du fil d\u2019actualit\u00e9 pr\u00e9senteront d\u00e9sormais une liste des principaux utilisateurs, Pages et groupes affich\u00e9s dans votre fil d\u2019actualit\u00e9 la semaine pass\u00e9e. Vous pouvez choisir de trier les publications par utilisateur, Page ou groupe, ou voir un r\u00e9capitulatif g\u00e9n\u00e9ral. D\u00e9sabonnez-vous d\u2019ami, d\u2019une Page ou d\u2019un groupe si vous ne souhaitez plus voir ses actualit\u00e9s dans votre fil d\u2019actualit\u00e9. Une liste des personnes, Pages ou groupes auxquels vous n\u2019\u00eates plus abonn\u00e9(e) est \u00e9galement pr\u00e9sent\u00e9e, et vous pouvez d\u00e9cider de vous r\u00e9abonner \u00e0 tout moment.<\/p>\n<p><img data-recalc-dims=\"1\" loading=\"lazy\" decoding=\"async\" class=\"aligncenter  wp-image-3131\" src=\"https:\/\/about.fb.com\/fr\/wp-content\/uploads\/sites\/5\/2014\/11\/newsfeedcontrols11.png?resize=281%2C557\" alt=\"newsfeedcontrols11\" width=\"281\" height=\"557\" \/><\/p>\n<p><strong>De nouvelles fa\u00e7ons de donner votre avis sur votre fil d\u2019actualit\u00e9<\/strong><\/p>\n<p>Si vous voyez une actualit\u00e9 qui ne vous int\u00e9resse pas ou que vous ne voulez pas voir, vous pouvez appuyer sur la fl\u00e8che en haut \u00e0 droite de cette actualit\u00e9 pour la masquer. \u00c0 partir d\u2019aujourd\u2019hui, lorsque vous masquez une actualit\u00e9 vous aurez la possibilit\u00e9 de demander \u00e0 voir moins de publications \u00e9manant de cette personne ou de cette Page.<\/p>\n<p><img data-recalc-dims=\"1\" loading=\"lazy\" decoding=\"async\" class=\"aligncenter size-full wp-image-3132\" src=\"https:\/\/about.fb.com\/fr\/wp-content\/uploads\/sites\/5\/2014\/11\/newsfeedcontrols21.png?resize=279%2C553\" alt=\"newsfeedcontrols21\" width=\"279\" height=\"553\" \/><\/p>\n<p>Si vous choisissez de voir moins de publications, l\u2019option de d\u00e9sabonnement vous est propos\u00e9e dans le cas o\u00f9 vous ne souhaiteriez plus voir aucune actualit\u00e9 de leur part. Vous avez toujours la possibilit\u00e9 d\u2019acc\u00e9der aux param\u00e8tres de votre fil d\u2019actualit\u00e9 pour voir tous vos d\u00e9sabonnements et vous r\u00e9abonner.<\/p>\n<p><img data-recalc-dims=\"1\" loading=\"lazy\" decoding=\"async\" class=\"aligncenter size-full wp-image-3133\" src=\"https:\/\/about.fb.com\/fr\/wp-content\/uploads\/sites\/5\/2014\/11\/newsfeedcontrols31.png?resize=579%2C557\" alt=\"newsfeedcontrols31\" width=\"579\" height=\"557\" \/><\/p>\n<p>Les param\u00e8tres du fil d\u2019actualit\u00e9 sont mis \u00e0 disposition d\u00e8s aujourd\u2019hui sur ordinateur et appareil mobile. Les nouvelles options permettant de donner votre avis sur votre fil d\u2019actualit\u00e9 sont propos\u00e9es \u00e0 partir d\u2019aujourd\u2019hui sur ordinateur, et dans les prochaines semaines sur appareil mobile. Pour en savoir plus, consultez nos <a href=\"https:\/\/www.facebook.com\/help\/335291769884272\/\">pages d\u2019aide<\/a>.<\/p>\n","protected":false},"excerpt":{"rendered":"\u00c0 partir d\u2019aujourd\u2019hui, vous aurez plus de moyens de contr\u00f4ler votre fil d\u2019actualit\u00e9 et de donner votre avis sur ce dernier.","protected":false},"author":60068712,"featured_media":0,"comment_status":"closed","ping_status":"closed","sticky":false,"template":"","format":"standard","meta":{"_jetpack_memberships_contains_paid_content":false,"footnotes":""},"categories":[243897990],"tags":[],"class_list":["post-3130","post","type-post","status-publish","format-standard","hentry","category-actualites"],"yoast_head":"<!-- This site is optimized with the Yoast SEO plugin v27.2 - https:\/\/yoast.com\/product\/yoast-seo-wordpress\/ -->\n<title>encore plus de contr\u00f4le sur votre fil d\u2019actualit\u00e9 | \u00c0 propos de Meta<\/title>\n<meta name=\"robots\" content=\"index, follow, max-snippet:-1, max-image-preview:large, max-video-preview:-1\" \/>\n<link rel=\"canonical\" href=\"https:\/\/about.fb.com\/fr\/news\/2014\/11\/encore-plus-de-controle-sur-votre-fil-dactualite\/\" \/>\n<meta property=\"og:locale\" content=\"fr_FR\" \/>\n<meta property=\"og:type\" content=\"article\" \/>\n<meta property=\"og:title\" content=\"encore plus de contr\u00f4le sur votre fil d\u2019actualit\u00e9 | \u00c0 propos de Meta\" \/>\n<meta property=\"og:description\" content=\"\u00c0 partir d\u2019aujourd\u2019hui, vous aurez plus de moyens de contr\u00f4ler votre fil d\u2019actualit\u00e9 et de donner votre avis sur ce dernier.\" \/>\n<meta property=\"og:url\" content=\"https:\/\/about.fb.com\/fr\/news\/2014\/11\/encore-plus-de-controle-sur-votre-fil-dactualite\/\" \/>\n<meta property=\"og:site_name\" content=\"\u00c0 propos de Meta\" \/>\n<meta property=\"article:published_time\" content=\"2014-11-07T20:52:45+00:00\" \/>\n<meta property=\"article:modified_time\" content=\"2020-02-25T05:58:14+00:00\" \/>\n<meta property=\"og:image\" content=\"https:\/\/about.fb.com\/fr\/wp-content\/uploads\/sites\/5\/2014\/11\/newsfeedcontrols11.png\" \/>\n<meta name=\"twitter:card\" content=\"summary_large_image\" \/>\n<meta name=\"twitter:label1\" content=\"Written by\" \/>\n\t<meta name=\"twitter:data1\" content=\"Meta\" \/>\n\t<meta name=\"twitter:label2\" content=\"Est. reading time\" \/>\n\t<meta name=\"twitter:data2\" content=\"2 minutes\" \/>\n<script type=\"application\/ld+json\" class=\"yoast-schema-graph\">{\"@context\":\"https:\/\/schema.org\",\"@graph\":[{\"@type\":\"Article\",\"@id\":\"https:\/\/about.fb.com\/fr\/news\/2014\/11\/encore-plus-de-controle-sur-votre-fil-dactualite\/#article\",\"isPartOf\":{\"@id\":\"https:\/\/about.fb.com\/fr\/news\/2014\/11\/encore-plus-de-controle-sur-votre-fil-dactualite\/\"},\"author\":\"Facebook company\",\"headline\":\"encore plus de contr\u00f4le sur votre fil d\u2019actualit\u00e9\",\"datePublished\":\"2014-11-07T20:52:45+00:00\",\"dateModified\":\"2020-02-25T05:58:14+00:00\",\"mainEntityOfPage\":{\"@id\":\"https:\/\/about.fb.com\/fr\/news\/2014\/11\/encore-plus-de-controle-sur-votre-fil-dactualite\/\"},\"wordCount\":402,\"publisher\":{\"@id\":\"https:\/\/about.fb.com\/fr\/#organization\"},\"image\":{\"@id\":\"https:\/\/about.fb.com\/fr\/news\/2014\/11\/encore-plus-de-controle-sur-votre-fil-dactualite\/#primaryimage\"},\"thumbnailUrl\":\"https:\/\/about.fb.com\/fr\/wp-content\/uploads\/sites\/5\/2014\/11\/newsfeedcontrols11.png\",\"articleSection\":[\"Actualit\u00e9s\"],\"inLanguage\":\"fr-FR\"},{\"@type\":\"WebPage\",\"@id\":\"https:\/\/about.fb.com\/fr\/news\/2014\/11\/encore-plus-de-controle-sur-votre-fil-dactualite\/\",\"url\":\"https:\/\/about.fb.com\/fr\/news\/2014\/11\/encore-plus-de-controle-sur-votre-fil-dactualite\/\",\"name\":\"encore plus de contr\u00f4le sur votre fil d\u2019actualit\u00e9 | \u00c0 propos de Meta\",\"isPartOf\":{\"@id\":\"https:\/\/about.fb.com\/fr\/#website\"},\"primaryImageOfPage\":{\"@id\":\"https:\/\/about.fb.com\/fr\/news\/2014\/11\/encore-plus-de-controle-sur-votre-fil-dactualite\/#primaryimage\"},\"image\":{\"@id\":\"https:\/\/about.fb.com\/fr\/news\/2014\/11\/encore-plus-de-controle-sur-votre-fil-dactualite\/#primaryimage\"},\"thumbnailUrl\":\"https:\/\/about.fb.com\/fr\/wp-content\/uploads\/sites\/5\/2014\/11\/newsfeedcontrols11.png\",\"datePublished\":\"2014-11-07T20:52:45+00:00\",\"dateModified\":\"2020-02-25T05:58:14+00:00\",\"breadcrumb\":{\"@id\":\"https:\/\/about.fb.com\/fr\/news\/2014\/11\/encore-plus-de-controle-sur-votre-fil-dactualite\/#breadcrumb\"},\"inLanguage\":\"fr-FR\",\"potentialAction\":[{\"@type\":\"ReadAction\",\"target\":[\"https:\/\/about.fb.com\/fr\/news\/2014\/11\/encore-plus-de-controle-sur-votre-fil-dactualite\/\"]}],\"author\":\"\u00c0 propos de Meta\"},{\"@type\":\"ImageObject\",\"inLanguage\":\"fr-FR\",\"@id\":\"https:\/\/about.fb.com\/fr\/news\/2014\/11\/encore-plus-de-controle-sur-votre-fil-dactualite\/#primaryimage\",\"url\":\"https:\/\/about.fb.com\/fr\/wp-content\/uploads\/sites\/5\/2014\/11\/newsfeedcontrols11.png\",\"contentUrl\":\"https:\/\/about.fb.com\/fr\/wp-content\/uploads\/sites\/5\/2014\/11\/newsfeedcontrols11.png\"},{\"@type\":\"BreadcrumbList\",\"@id\":\"https:\/\/about.fb.com\/fr\/news\/2014\/11\/encore-plus-de-controle-sur-votre-fil-dactualite\/#breadcrumb\",\"itemListElement\":[{\"@type\":\"ListItem\",\"position\":1,\"name\":\"Home\",\"item\":\"https:\/\/about.fb.com\/fr\/\"},{\"@type\":\"ListItem\",\"position\":2,\"name\":\"encore plus de contr\u00f4le sur votre fil d\u2019actualit\u00e9\"}]},{\"@type\":\"WebSite\",\"@id\":\"https:\/\/about.fb.com\/fr\/#website\",\"url\":\"https:\/\/about.fb.com\/news\/\",\"name\":\"\u00c0 propos de Meta\",\"description\":\"\",\"publisher\":{\"@id\":\"https:\/\/about.fb.com\/fr\/#organization\"},\"potentialAction\":[{\"@type\":\"SearchAction\",\"target\":{\"@type\":\"EntryPoint\",\"urlTemplate\":\"https:\/\/about.fb.com\/fr\/?s={search_term_string}\"},\"query-input\":{\"@type\":\"PropertyValueSpecification\",\"valueRequired\":true,\"valueName\":\"search_term_string\"}}],\"inLanguage\":\"fr-FR\",\"alternateName\":[\"Meta Newsroom\",\"Meta\"]},{\"@type\":\"Organization\",\"@id\":\"https:\/\/about.fb.com\/fr\/#organization\",\"name\":\"Meta\",\"url\":\"https:\/\/about.fb.com\/fr\/\",\"logo\":{\"@type\":\"ImageObject\",\"inLanguage\":\"fr-FR\",\"@id\":\"https:\/\/about.fb.com\/fr\/#\/schema\/logo\/image\/\",\"url\":\"https:\/\/about.fb.com\/fr\/wp-content\/uploads\/sites\/12\/2021\/10\/meta-social-16x9-1.jpg?fit=8000%2C4500\",\"contentUrl\":\"https:\/\/about.fb.com\/fr\/wp-content\/uploads\/sites\/12\/2021\/10\/meta-social-16x9-1.jpg?fit=8000%2C4500\",\"width\":8000,\"height\":4500,\"caption\":\"Meta\"},\"image\":{\"@id\":\"https:\/\/about.fb.com\/fr\/#\/schema\/logo\/image\/\"}}]}<\/script>\n<!-- \/ Yoast SEO plugin. -->","yoast_head_json":{"title":"encore plus de contr\u00f4le sur votre fil d\u2019actualit\u00e9 | \u00c0 propos de Meta","robots":{"index":"index","follow":"follow","max-snippet":"max-snippet:-1","max-image-preview":"max-image-preview:large","max-video-preview":"max-video-preview:-1"},"canonical":"https:\/\/about.fb.com\/fr\/news\/2014\/11\/encore-plus-de-controle-sur-votre-fil-dactualite\/","og_locale":"fr_FR","og_type":"article","og_title":"encore plus de contr\u00f4le sur votre fil d\u2019actualit\u00e9 | \u00c0 propos de Meta","og_description":"\u00c0 partir d\u2019aujourd\u2019hui, vous aurez plus de moyens de contr\u00f4ler votre fil d\u2019actualit\u00e9 et de donner votre avis sur ce dernier.","og_url":"https:\/\/about.fb.com\/fr\/news\/2014\/11\/encore-plus-de-controle-sur-votre-fil-dactualite\/","og_site_name":"\u00c0 propos de Meta","article_published_time":"2014-11-07T20:52:45+00:00","article_modified_time":"2020-02-25T05:58:14+00:00","og_image":[{"url":"https:\/\/about.fb.com\/fr\/wp-content\/uploads\/sites\/5\/2014\/11\/newsfeedcontrols11.png","type":"","width":"","height":""}],"twitter_card":"summary_large_image","twitter_misc":{"Written by":"Meta","Est. reading time":"2 minutes"},"schema":{"@context":"https:\/\/schema.org","@graph":[{"@type":"Article","@id":"https:\/\/about.fb.com\/fr\/news\/2014\/11\/encore-plus-de-controle-sur-votre-fil-dactualite\/#article","isPartOf":{"@id":"https:\/\/about.fb.com\/fr\/news\/2014\/11\/encore-plus-de-controle-sur-votre-fil-dactualite\/"},"author":"Facebook company","headline":"encore plus de contr\u00f4le sur votre fil d\u2019actualit\u00e9","datePublished":"2014-11-07T20:52:45+00:00","dateModified":"2020-02-25T05:58:14+00:00","mainEntityOfPage":{"@id":"https:\/\/about.fb.com\/fr\/news\/2014\/11\/encore-plus-de-controle-sur-votre-fil-dactualite\/"},"wordCount":402,"publisher":{"@id":"https:\/\/about.fb.com\/fr\/#organization"},"image":{"@id":"https:\/\/about.fb.com\/fr\/news\/2014\/11\/encore-plus-de-controle-sur-votre-fil-dactualite\/#primaryimage"},"thumbnailUrl":"https:\/\/about.fb.com\/fr\/wp-content\/uploads\/sites\/5\/2014\/11\/newsfeedcontrols11.png","articleSection":["Actualit\u00e9s"],"inLanguage":"fr-FR"},{"@type":"WebPage","@id":"https:\/\/about.fb.com\/fr\/news\/2014\/11\/encore-plus-de-controle-sur-votre-fil-dactualite\/","url":"https:\/\/about.fb.com\/fr\/news\/2014\/11\/encore-plus-de-controle-sur-votre-fil-dactualite\/","name":"encore plus de contr\u00f4le sur votre fil d\u2019actualit\u00e9 | \u00c0 propos de Meta","isPartOf":{"@id":"https:\/\/about.fb.com\/fr\/#website"},"primaryImageOfPage":{"@id":"https:\/\/about.fb.com\/fr\/news\/2014\/11\/encore-plus-de-controle-sur-votre-fil-dactualite\/#primaryimage"},"image":{"@id":"https:\/\/about.fb.com\/fr\/news\/2014\/11\/encore-plus-de-controle-sur-votre-fil-dactualite\/#primaryimage"},"thumbnailUrl":"https:\/\/about.fb.com\/fr\/wp-content\/uploads\/sites\/5\/2014\/11\/newsfeedcontrols11.png","datePublished":"2014-11-07T20:52:45+00:00","dateModified":"2020-02-25T05:58:14+00:00","breadcrumb":{"@id":"https:\/\/about.fb.com\/fr\/news\/2014\/11\/encore-plus-de-controle-sur-votre-fil-dactualite\/#breadcrumb"},"inLanguage":"fr-FR","potentialAction":[{"@type":"ReadAction","target":["https:\/\/about.fb.com\/fr\/news\/2014\/11\/encore-plus-de-controle-sur-votre-fil-dactualite\/"]}],"author":"\u00c0 propos de Meta"},{"@type":"ImageObject","inLanguage":"fr-FR","@id":"https:\/\/about.fb.com\/fr\/news\/2014\/11\/encore-plus-de-controle-sur-votre-fil-dactualite\/#primaryimage","url":"https:\/\/about.fb.com\/fr\/wp-content\/uploads\/sites\/5\/2014\/11\/newsfeedcontrols11.png","contentUrl":"https:\/\/about.fb.com\/fr\/wp-content\/uploads\/sites\/5\/2014\/11\/newsfeedcontrols11.png"},{"@type":"BreadcrumbList","@id":"https:\/\/about.fb.com\/fr\/news\/2014\/11\/encore-plus-de-controle-sur-votre-fil-dactualite\/#breadcrumb","itemListElement":[{"@type":"ListItem","position":1,"name":"Home","item":"https:\/\/about.fb.com\/fr\/"},{"@type":"ListItem","position":2,"name":"encore plus de contr\u00f4le sur votre fil d\u2019actualit\u00e9"}]},{"@type":"WebSite","@id":"https:\/\/about.fb.com\/fr\/#website","url":"https:\/\/about.fb.com\/news\/","name":"\u00c0 propos de Meta","description":"","publisher":{"@id":"https:\/\/about.fb.com\/fr\/#organization"},"potentialAction":[{"@type":"SearchAction","target":{"@type":"EntryPoint","urlTemplate":"https:\/\/about.fb.com\/fr\/?s={search_term_string}"},"query-input":{"@type":"PropertyValueSpecification","valueRequired":true,"valueName":"search_term_string"}}],"inLanguage":"fr-FR","alternateName":["Meta Newsroom","Meta"]},{"@type":"Organization","@id":"https:\/\/about.fb.com\/fr\/#organization","name":"Meta","url":"https:\/\/about.fb.com\/fr\/","logo":{"@type":"ImageObject","inLanguage":"fr-FR","@id":"https:\/\/about.fb.com\/fr\/#\/schema\/logo\/image\/","url":"https:\/\/about.fb.com\/fr\/wp-content\/uploads\/sites\/12\/2021\/10\/meta-social-16x9-1.jpg?fit=8000%2C4500","contentUrl":"https:\/\/about.fb.com\/fr\/wp-content\/uploads\/sites\/12\/2021\/10\/meta-social-16x9-1.jpg?fit=8000%2C4500","width":8000,"height":4500,"caption":"Meta"},"image":{"@id":"https:\/\/about.fb.com\/fr\/#\/schema\/logo\/image\/"}}]}},"jetpack_featured_media_url":"","jetpack-related-posts":[],"jetpack_sharing_enabled":true,"amp_enabled":true,"_links":{"self":[{"href":"https:\/\/about.fb.com\/fr\/wp-json\/wp\/v2\/posts\/3130","targetHints":{"allow":["GET"]}}],"collection":[{"href":"https:\/\/about.fb.com\/fr\/wp-json\/wp\/v2\/posts"}],"about":[{"href":"https:\/\/about.fb.com\/fr\/wp-json\/wp\/v2\/types\/post"}],"author":[{"embeddable":true,"href":"https:\/\/about.fb.com\/fr\/wp-json\/wp\/v2\/users\/60068712"}],"replies":[{"embeddable":true,"href":"https:\/\/about.fb.com\/fr\/wp-json\/wp\/v2\/comments?post=3130"}],"version-history":[{"count":2,"href":"https:\/\/about.fb.com\/fr\/wp-json\/wp\/v2\/posts\/3130\/revisions"}],"predecessor-version":[{"id":8377,"href":"https:\/\/about.fb.com\/fr\/wp-json\/wp\/v2\/posts\/3130\/revisions\/8377"}],"wp:attachment":[{"href":"https:\/\/about.fb.com\/fr\/wp-json\/wp\/v2\/media?parent=3130"}],"wp:term":[{"taxonomy":"category","embeddable":true,"href":"https:\/\/about.fb.com\/fr\/wp-json\/wp\/v2\/categories?post=3130"},{"taxonomy":"post_tag","embeddable":true,"href":"https:\/\/about.fb.com\/fr\/wp-json\/wp\/v2\/tags?post=3130"}],"curies":[{"name":"wp","href":"https:\/\/api.w.org\/{rel}","templated":true}]}}