{"id":3112,"date":"2014-09-07T19:57:48","date_gmt":"2014-09-07T19:57:48","guid":{"rendered":"http:\/\/fr.newsroom.fb.com\/?p=3112"},"modified":"2020-02-25T06:58:15","modified_gmt":"2020-02-25T05:58:15","slug":"les-dernieres-nouveautes-concernant-facebook-video","status":"publish","type":"post","link":"https:\/\/about.fb.com\/fr\/news\/2014\/09\/les-dernieres-nouveautes-concernant-facebook-video\/","title":{"rendered":"les derni\u00e8res nouveaut\u00e9s concernant Facebook Vid\u00e9o"},"content":{"rendered":"<p><em>Par <\/em><a href=\"https:\/\/www.facebook.com\/fidji.simo?fref=ts\"><em>Fidji Simo,<\/em><\/a><em> directeur de la gestion des produits vid\u00e9o<\/em><\/p>\n<p>La vid\u00e9o est l\u2019un des moyens les plus engageants de raconter quelque chose. Qu\u2019il s\u2019agisse d\u2019une actualit\u00e9 de derni\u00e8re minute, des premiers pas d\u2019un b\u00e9b\u00e9 ou d\u2019un <a href=\"https:\/\/newsroom.fb.com\/news\/2014\/08\/the-ice-bucket-challenge-on-facebook\/\">d\u00e9fi \u00e0 but caritatif<\/a>, la vid\u00e9o est un formidable support. Les vid\u00e9os t\u00e9l\u00e9charg\u00e9es directement sur Facebook sont de plus en plus nombreuses dans le fil d\u2019actualit\u00e9, et de plus en plus d\u2019utilisateurs partagent des vid\u00e9os et interagissent avec.<\/p>\n<p>Les visionnages de vid\u00e9os ont augment\u00e9 de plus de 50\u00a0% entre mai et juillet cette ann\u00e9e, et depuis le mois de juin, plus d\u2019un milliard de visionnages de vid\u00e9os ont lieu sur Facebook en moyenne chaque jour. L\u2019application vid\u00e9o sur Facebook a \u00e9t\u00e9 con\u00e7ue en priorit\u00e9 pour les appareils mobiles<strong>, <\/strong>et actuellement plus de 65\u00a0% des visionnages de vid\u00e9o se font sur un appareil mobile. Et ce n\u2019est qu\u2019un d\u00e9but.<\/p>\n<p>L\u2019ann\u00e9e pass\u00e9e nous avons apport\u00e9 plusieurs am\u00e9liorations \u00e0 l\u2019application pour faciliter la d\u00e9couverte et le partage de vid\u00e9os sur Facebook. Avec la nouvelle mise \u00e0 jour d\u00e9ploy\u00e9e cette semaine, les utilisateurs seront en mesure de voir combien de fois une vid\u00e9o a \u00e9t\u00e9 visionn\u00e9e sur Facebook. <a href=\"https:\/\/www.facebook.com\/help\/203759166332864\">Le nombre de visionnages sera indiqu\u00e9<\/a> pour les vid\u00e9os publiques diffus\u00e9es par des particuliers et des Pages, afin d\u2019aider les utilisateurs \u00e0 d\u00e9couvrir les nouvelles vid\u00e9os populaires.<\/p>\n<p><img data-recalc-dims=\"1\" loading=\"lazy\" decoding=\"async\" class=\"aligncenter size-full wp-image-3113\" src=\"https:\/\/about.fb.com\/fr\/wp-content\/uploads\/sites\/5\/2014\/09\/view-count.png?resize=368%2C722\" alt=\"view-count\" width=\"368\" height=\"722\" \/><\/p>\n<p>L\u2019ann\u00e9e derni\u00e8re, <a href=\"https:\/\/newsroom.fb.com\/news\/2013\/09\/an-easier-way-to-watch-video\/\">les vid\u00e9os ont commenc\u00e9 \u00e0 \u00e9merger<\/a> dans le fil d\u2019actualit\u00e9 avec la fonction de lecture automatique. Cette fonctionnalit\u00e9 a \u00e9t\u00e9 d\u00e9ploy\u00e9e lentement de sorte que nous avons pu prendre en compte les commentaires des utilisateurs et faire des ajustements en cons\u00e9quence. Aujourd\u2019hui, les utilisateurs aux \u00c9tats-Unis et dans de nombreux autres pays regardent des vid\u00e9os en lecture automatique dans leur fil d\u2019actualit\u00e9. Les param\u00e8tres de lecture automatique sont <a href=\"https:\/\/www.facebook.com\/help\/633446180035470\">facilement personnalisables<\/a> sur les appareils mobiles comme sur le web.<\/p>\n<p><a href=\"https:\/\/newsroom.fb.com\/news\/2014\/06\/news-feed-fyi-showing-better-videos\/\">Le classement des vid\u00e9os dans le fil d\u2019actualit\u00e9<\/a> a \u00e9t\u00e9 am\u00e9lior\u00e9 en juin, afin de pr\u00e9senter aux utilisateurs des vid\u00e9os plus susceptibles de les int\u00e9resser. Une autre fonctionnalit\u00e9 en cours de test sur les appareils mobiles vise \u00e0 permettre aux utilisateurs de d\u00e9couvrir de nouvelles vid\u00e9os\u00a0: d\u00e9sormais, lorsque quelqu\u2019un termine de regarder une vid\u00e9o, plusieurs vid\u00e9os suppl\u00e9mentaires sur le m\u00eame th\u00e8me lui sont \u00e9ventuellement propos\u00e9es.<\/p>\n<p><img data-recalc-dims=\"1\" loading=\"lazy\" decoding=\"async\" class=\"aligncenter size-full wp-image-3114\" src=\"https:\/\/about.fb.com\/fr\/wp-content\/uploads\/sites\/5\/2014\/09\/related.png?resize=340%2C667\" alt=\"related\" width=\"340\" height=\"667\" \/><\/p>\n<p>\u00c9diteurs et personnalit\u00e9s diffusent \u00e9galement de plus en plus de vid\u00e9os sur Facebook, qu\u2019il s\u2019agisse de reportages sur le terrain r\u00e9alis\u00e9s par les m\u00e9dias ou de vid\u00e9os exclusives tourn\u00e9es en coulisse par des c\u00e9l\u00e9brit\u00e9s. Les \u00e9diteurs disposent d\u00e9sormais de davantage de <a href=\"https:\/\/www.facebook.com\/business\/news\/Coming-Soon-Video-Metrics\">m\u00e9triques d\u00e9taill\u00e9es<\/a> et de meilleurs outils pour les aider \u00e0 atteindre leurs audiences sur Facebook. <a href=\"https:\/\/www.facebook.com\/help\/1496002820644748\">L\u2019appel \u00e0 l\u2019action<\/a> est l\u2019un de ces outils\u00a0; il permet aux cr\u00e9ateurs de contenus d\u2019inviter les utilisateurs \u00e0 consulter par exemple un autre site web \u00e0 la fin de la vid\u00e9o, pour en savoir plus ou effectuer un achat.<\/p>\n<p>L\u2019objectif du fil d\u2019actualit\u00e9 est de pr\u00e9senter les bons contenus aux bonnes personnes et au bon moment, sur des sujets ou des personnes qui vous int\u00e9ressent. En outre, de plus en plus d\u2019utilisateurs regardent, partagent et cr\u00e9ent des vid\u00e9os sur Facebook. Notre but est de faire de Facebook le meilleur site pour partager, d\u00e9couvrir et regarder des vid\u00e9os, et nous continuerons de prendre en compte les commentaires des utilisateurs pour am\u00e9liorer la fonctionnalit\u00e9 vid\u00e9o.<\/p>\n","protected":false},"excerpt":{"rendered":"Les visionnages de vid\u00e9os ont augment\u00e9 de plus de 50 % entre mai et juillet cette ann\u00e9e, et depuis le mois de juin, plus d\u2019un milliard de visionnages de vid\u00e9os ont lieu sur Facebook en moyenne chaque jour.","protected":false},"author":60068712,"featured_media":0,"comment_status":"closed","ping_status":"closed","sticky":false,"template":"","format":"standard","meta":{"_jetpack_memberships_contains_paid_content":false,"footnotes":""},"categories":[243897990],"tags":[],"class_list":["post-3112","post","type-post","status-publish","format-standard","hentry","category-actualites"],"yoast_head":"<!-- This site is optimized with the Yoast SEO plugin v27.2 - https:\/\/yoast.com\/product\/yoast-seo-wordpress\/ -->\n<title>les derni\u00e8res nouveaut\u00e9s concernant Facebook Vid\u00e9o | \u00c0 propos de Meta<\/title>\n<meta name=\"robots\" content=\"index, follow, max-snippet:-1, max-image-preview:large, max-video-preview:-1\" \/>\n<link rel=\"canonical\" href=\"https:\/\/about.fb.com\/fr\/news\/2014\/09\/les-dernieres-nouveautes-concernant-facebook-video\/\" \/>\n<meta property=\"og:locale\" content=\"fr_FR\" \/>\n<meta property=\"og:type\" content=\"article\" \/>\n<meta property=\"og:title\" content=\"les derni\u00e8res nouveaut\u00e9s concernant Facebook Vid\u00e9o | \u00c0 propos de Meta\" \/>\n<meta property=\"og:description\" content=\"Les visionnages de vid\u00e9os ont augment\u00e9 de plus de 50 % entre mai et juillet cette ann\u00e9e, et depuis le mois de juin, plus d\u2019un milliard de visionnages de vid\u00e9os ont lieu sur Facebook en moyenne chaque jour.\" \/>\n<meta property=\"og:url\" content=\"https:\/\/about.fb.com\/fr\/news\/2014\/09\/les-dernieres-nouveautes-concernant-facebook-video\/\" \/>\n<meta property=\"og:site_name\" content=\"\u00c0 propos de Meta\" \/>\n<meta property=\"article:published_time\" content=\"2014-09-07T19:57:48+00:00\" \/>\n<meta property=\"article:modified_time\" content=\"2020-02-25T05:58:15+00:00\" \/>\n<meta property=\"og:image\" content=\"https:\/\/about.fb.com\/fr\/wp-content\/uploads\/sites\/5\/2014\/09\/view-count.png\" \/>\n<meta name=\"twitter:card\" content=\"summary_large_image\" \/>\n<meta name=\"twitter:label1\" content=\"Written by\" \/>\n\t<meta name=\"twitter:data1\" content=\"Meta\" \/>\n\t<meta name=\"twitter:label2\" content=\"Est. reading time\" \/>\n\t<meta name=\"twitter:data2\" content=\"3 minutes\" \/>\n<script type=\"application\/ld+json\" class=\"yoast-schema-graph\">{\"@context\":\"https:\/\/schema.org\",\"@graph\":[{\"@type\":\"Article\",\"@id\":\"https:\/\/about.fb.com\/fr\/news\/2014\/09\/les-dernieres-nouveautes-concernant-facebook-video\/#article\",\"isPartOf\":{\"@id\":\"https:\/\/about.fb.com\/fr\/news\/2014\/09\/les-dernieres-nouveautes-concernant-facebook-video\/\"},\"author\":\"Facebook company\",\"headline\":\"les derni\u00e8res nouveaut\u00e9s concernant Facebook Vid\u00e9o\",\"datePublished\":\"2014-09-07T19:57:48+00:00\",\"dateModified\":\"2020-02-25T05:58:15+00:00\",\"mainEntityOfPage\":{\"@id\":\"https:\/\/about.fb.com\/fr\/news\/2014\/09\/les-dernieres-nouveautes-concernant-facebook-video\/\"},\"wordCount\":636,\"publisher\":{\"@id\":\"https:\/\/about.fb.com\/fr\/#organization\"},\"image\":{\"@id\":\"https:\/\/about.fb.com\/fr\/news\/2014\/09\/les-dernieres-nouveautes-concernant-facebook-video\/#primaryimage\"},\"thumbnailUrl\":\"https:\/\/about.fb.com\/fr\/wp-content\/uploads\/sites\/5\/2014\/09\/view-count.png\",\"articleSection\":[\"Actualit\u00e9s\"],\"inLanguage\":\"fr-FR\"},{\"@type\":\"WebPage\",\"@id\":\"https:\/\/about.fb.com\/fr\/news\/2014\/09\/les-dernieres-nouveautes-concernant-facebook-video\/\",\"url\":\"https:\/\/about.fb.com\/fr\/news\/2014\/09\/les-dernieres-nouveautes-concernant-facebook-video\/\",\"name\":\"les derni\u00e8res nouveaut\u00e9s concernant Facebook Vid\u00e9o | \u00c0 propos de Meta\",\"isPartOf\":{\"@id\":\"https:\/\/about.fb.com\/fr\/#website\"},\"primaryImageOfPage\":{\"@id\":\"https:\/\/about.fb.com\/fr\/news\/2014\/09\/les-dernieres-nouveautes-concernant-facebook-video\/#primaryimage\"},\"image\":{\"@id\":\"https:\/\/about.fb.com\/fr\/news\/2014\/09\/les-dernieres-nouveautes-concernant-facebook-video\/#primaryimage\"},\"thumbnailUrl\":\"https:\/\/about.fb.com\/fr\/wp-content\/uploads\/sites\/5\/2014\/09\/view-count.png\",\"datePublished\":\"2014-09-07T19:57:48+00:00\",\"dateModified\":\"2020-02-25T05:58:15+00:00\",\"breadcrumb\":{\"@id\":\"https:\/\/about.fb.com\/fr\/news\/2014\/09\/les-dernieres-nouveautes-concernant-facebook-video\/#breadcrumb\"},\"inLanguage\":\"fr-FR\",\"potentialAction\":[{\"@type\":\"ReadAction\",\"target\":[\"https:\/\/about.fb.com\/fr\/news\/2014\/09\/les-dernieres-nouveautes-concernant-facebook-video\/\"]}],\"author\":\"\u00c0 propos de Meta\"},{\"@type\":\"ImageObject\",\"inLanguage\":\"fr-FR\",\"@id\":\"https:\/\/about.fb.com\/fr\/news\/2014\/09\/les-dernieres-nouveautes-concernant-facebook-video\/#primaryimage\",\"url\":\"https:\/\/about.fb.com\/fr\/wp-content\/uploads\/sites\/5\/2014\/09\/view-count.png\",\"contentUrl\":\"https:\/\/about.fb.com\/fr\/wp-content\/uploads\/sites\/5\/2014\/09\/view-count.png\"},{\"@type\":\"BreadcrumbList\",\"@id\":\"https:\/\/about.fb.com\/fr\/news\/2014\/09\/les-dernieres-nouveautes-concernant-facebook-video\/#breadcrumb\",\"itemListElement\":[{\"@type\":\"ListItem\",\"position\":1,\"name\":\"Home\",\"item\":\"https:\/\/about.fb.com\/fr\/\"},{\"@type\":\"ListItem\",\"position\":2,\"name\":\"les derni\u00e8res nouveaut\u00e9s concernant Facebook Vid\u00e9o\"}]},{\"@type\":\"WebSite\",\"@id\":\"https:\/\/about.fb.com\/fr\/#website\",\"url\":\"https:\/\/about.fb.com\/news\/\",\"name\":\"\u00c0 propos de Meta\",\"description\":\"\",\"publisher\":{\"@id\":\"https:\/\/about.fb.com\/fr\/#organization\"},\"potentialAction\":[{\"@type\":\"SearchAction\",\"target\":{\"@type\":\"EntryPoint\",\"urlTemplate\":\"https:\/\/about.fb.com\/fr\/?s={search_term_string}\"},\"query-input\":{\"@type\":\"PropertyValueSpecification\",\"valueRequired\":true,\"valueName\":\"search_term_string\"}}],\"inLanguage\":\"fr-FR\",\"alternateName\":[\"Meta Newsroom\",\"Meta\"]},{\"@type\":\"Organization\",\"@id\":\"https:\/\/about.fb.com\/fr\/#organization\",\"name\":\"Meta\",\"url\":\"https:\/\/about.fb.com\/fr\/\",\"logo\":{\"@type\":\"ImageObject\",\"inLanguage\":\"fr-FR\",\"@id\":\"https:\/\/about.fb.com\/fr\/#\/schema\/logo\/image\/\",\"url\":\"https:\/\/about.fb.com\/fr\/wp-content\/uploads\/sites\/12\/2021\/10\/meta-social-16x9-1.jpg?fit=8000%2C4500\",\"contentUrl\":\"https:\/\/about.fb.com\/fr\/wp-content\/uploads\/sites\/12\/2021\/10\/meta-social-16x9-1.jpg?fit=8000%2C4500\",\"width\":8000,\"height\":4500,\"caption\":\"Meta\"},\"image\":{\"@id\":\"https:\/\/about.fb.com\/fr\/#\/schema\/logo\/image\/\"}}]}<\/script>\n<!-- \/ Yoast SEO plugin. -->","yoast_head_json":{"title":"les derni\u00e8res nouveaut\u00e9s concernant Facebook Vid\u00e9o | \u00c0 propos de Meta","robots":{"index":"index","follow":"follow","max-snippet":"max-snippet:-1","max-image-preview":"max-image-preview:large","max-video-preview":"max-video-preview:-1"},"canonical":"https:\/\/about.fb.com\/fr\/news\/2014\/09\/les-dernieres-nouveautes-concernant-facebook-video\/","og_locale":"fr_FR","og_type":"article","og_title":"les derni\u00e8res nouveaut\u00e9s concernant Facebook Vid\u00e9o | \u00c0 propos de Meta","og_description":"Les visionnages de vid\u00e9os ont augment\u00e9 de plus de 50 % entre mai et juillet cette ann\u00e9e, et depuis le mois de juin, plus d\u2019un milliard de visionnages de vid\u00e9os ont lieu sur Facebook en moyenne chaque jour.","og_url":"https:\/\/about.fb.com\/fr\/news\/2014\/09\/les-dernieres-nouveautes-concernant-facebook-video\/","og_site_name":"\u00c0 propos de Meta","article_published_time":"2014-09-07T19:57:48+00:00","article_modified_time":"2020-02-25T05:58:15+00:00","og_image":[{"url":"https:\/\/about.fb.com\/fr\/wp-content\/uploads\/sites\/5\/2014\/09\/view-count.png","type":"","width":"","height":""}],"twitter_card":"summary_large_image","twitter_misc":{"Written by":"Meta","Est. reading time":"3 minutes"},"schema":{"@context":"https:\/\/schema.org","@graph":[{"@type":"Article","@id":"https:\/\/about.fb.com\/fr\/news\/2014\/09\/les-dernieres-nouveautes-concernant-facebook-video\/#article","isPartOf":{"@id":"https:\/\/about.fb.com\/fr\/news\/2014\/09\/les-dernieres-nouveautes-concernant-facebook-video\/"},"author":"Facebook company","headline":"les derni\u00e8res nouveaut\u00e9s concernant Facebook Vid\u00e9o","datePublished":"2014-09-07T19:57:48+00:00","dateModified":"2020-02-25T05:58:15+00:00","mainEntityOfPage":{"@id":"https:\/\/about.fb.com\/fr\/news\/2014\/09\/les-dernieres-nouveautes-concernant-facebook-video\/"},"wordCount":636,"publisher":{"@id":"https:\/\/about.fb.com\/fr\/#organization"},"image":{"@id":"https:\/\/about.fb.com\/fr\/news\/2014\/09\/les-dernieres-nouveautes-concernant-facebook-video\/#primaryimage"},"thumbnailUrl":"https:\/\/about.fb.com\/fr\/wp-content\/uploads\/sites\/5\/2014\/09\/view-count.png","articleSection":["Actualit\u00e9s"],"inLanguage":"fr-FR"},{"@type":"WebPage","@id":"https:\/\/about.fb.com\/fr\/news\/2014\/09\/les-dernieres-nouveautes-concernant-facebook-video\/","url":"https:\/\/about.fb.com\/fr\/news\/2014\/09\/les-dernieres-nouveautes-concernant-facebook-video\/","name":"les derni\u00e8res nouveaut\u00e9s concernant Facebook Vid\u00e9o | \u00c0 propos de Meta","isPartOf":{"@id":"https:\/\/about.fb.com\/fr\/#website"},"primaryImageOfPage":{"@id":"https:\/\/about.fb.com\/fr\/news\/2014\/09\/les-dernieres-nouveautes-concernant-facebook-video\/#primaryimage"},"image":{"@id":"https:\/\/about.fb.com\/fr\/news\/2014\/09\/les-dernieres-nouveautes-concernant-facebook-video\/#primaryimage"},"thumbnailUrl":"https:\/\/about.fb.com\/fr\/wp-content\/uploads\/sites\/5\/2014\/09\/view-count.png","datePublished":"2014-09-07T19:57:48+00:00","dateModified":"2020-02-25T05:58:15+00:00","breadcrumb":{"@id":"https:\/\/about.fb.com\/fr\/news\/2014\/09\/les-dernieres-nouveautes-concernant-facebook-video\/#breadcrumb"},"inLanguage":"fr-FR","potentialAction":[{"@type":"ReadAction","target":["https:\/\/about.fb.com\/fr\/news\/2014\/09\/les-dernieres-nouveautes-concernant-facebook-video\/"]}],"author":"\u00c0 propos de Meta"},{"@type":"ImageObject","inLanguage":"fr-FR","@id":"https:\/\/about.fb.com\/fr\/news\/2014\/09\/les-dernieres-nouveautes-concernant-facebook-video\/#primaryimage","url":"https:\/\/about.fb.com\/fr\/wp-content\/uploads\/sites\/5\/2014\/09\/view-count.png","contentUrl":"https:\/\/about.fb.com\/fr\/wp-content\/uploads\/sites\/5\/2014\/09\/view-count.png"},{"@type":"BreadcrumbList","@id":"https:\/\/about.fb.com\/fr\/news\/2014\/09\/les-dernieres-nouveautes-concernant-facebook-video\/#breadcrumb","itemListElement":[{"@type":"ListItem","position":1,"name":"Home","item":"https:\/\/about.fb.com\/fr\/"},{"@type":"ListItem","position":2,"name":"les derni\u00e8res nouveaut\u00e9s concernant Facebook Vid\u00e9o"}]},{"@type":"WebSite","@id":"https:\/\/about.fb.com\/fr\/#website","url":"https:\/\/about.fb.com\/news\/","name":"\u00c0 propos de Meta","description":"","publisher":{"@id":"https:\/\/about.fb.com\/fr\/#organization"},"potentialAction":[{"@type":"SearchAction","target":{"@type":"EntryPoint","urlTemplate":"https:\/\/about.fb.com\/fr\/?s={search_term_string}"},"query-input":{"@type":"PropertyValueSpecification","valueRequired":true,"valueName":"search_term_string"}}],"inLanguage":"fr-FR","alternateName":["Meta Newsroom","Meta"]},{"@type":"Organization","@id":"https:\/\/about.fb.com\/fr\/#organization","name":"Meta","url":"https:\/\/about.fb.com\/fr\/","logo":{"@type":"ImageObject","inLanguage":"fr-FR","@id":"https:\/\/about.fb.com\/fr\/#\/schema\/logo\/image\/","url":"https:\/\/about.fb.com\/fr\/wp-content\/uploads\/sites\/12\/2021\/10\/meta-social-16x9-1.jpg?fit=8000%2C4500","contentUrl":"https:\/\/about.fb.com\/fr\/wp-content\/uploads\/sites\/12\/2021\/10\/meta-social-16x9-1.jpg?fit=8000%2C4500","width":8000,"height":4500,"caption":"Meta"},"image":{"@id":"https:\/\/about.fb.com\/fr\/#\/schema\/logo\/image\/"}}]}},"jetpack_featured_media_url":"","jetpack-related-posts":[],"jetpack_sharing_enabled":true,"amp_enabled":true,"_links":{"self":[{"href":"https:\/\/about.fb.com\/fr\/wp-json\/wp\/v2\/posts\/3112","targetHints":{"allow":["GET"]}}],"collection":[{"href":"https:\/\/about.fb.com\/fr\/wp-json\/wp\/v2\/posts"}],"about":[{"href":"https:\/\/about.fb.com\/fr\/wp-json\/wp\/v2\/types\/post"}],"author":[{"embeddable":true,"href":"https:\/\/about.fb.com\/fr\/wp-json\/wp\/v2\/users\/60068712"}],"replies":[{"embeddable":true,"href":"https:\/\/about.fb.com\/fr\/wp-json\/wp\/v2\/comments?post=3112"}],"version-history":[{"count":2,"href":"https:\/\/about.fb.com\/fr\/wp-json\/wp\/v2\/posts\/3112\/revisions"}],"predecessor-version":[{"id":8386,"href":"https:\/\/about.fb.com\/fr\/wp-json\/wp\/v2\/posts\/3112\/revisions\/8386"}],"wp:attachment":[{"href":"https:\/\/about.fb.com\/fr\/wp-json\/wp\/v2\/media?parent=3112"}],"wp:term":[{"taxonomy":"category","embeddable":true,"href":"https:\/\/about.fb.com\/fr\/wp-json\/wp\/v2\/categories?post=3112"},{"taxonomy":"post_tag","embeddable":true,"href":"https:\/\/about.fb.com\/fr\/wp-json\/wp\/v2\/tags?post=3112"}],"curies":[{"name":"wp","href":"https:\/\/api.w.org\/{rel}","templated":true}]}}